{"id":173008,"date":"2026-05-29T18:23:15","date_gmt":"2026-05-29T16:23:15","guid":{"rendered":"https:\/\/exaudi.org\/?p=173008"},"modified":"2026-05-29T18:23:15","modified_gmt":"2026-05-29T16:23:15","slug":"un-tripode-di-fede-nato-nelle-baraccopoli-che-ha-conquistato-il-mondo","status":"publish","type":"post","link":"https:\/\/exaudi.org\/it\/un-tripode-di-fede-nato-nelle-baraccopoli-che-ha-conquistato-il-mondo\/","title":{"rendered":"Un tripode di fede nato nelle baraccopoli che ha conquistato il mondo"},"content":{"rendered":"<div class=\"nt_content\">\n<p id=\"p-rc_8a04902db47cc638-19\" data-path-to-node=\"4\"><span data-path-to-node=\"4,0\"><span class=\"citation-41\"><span dir=\"auto\" style=\"vertical-align: inherit\"><span dir=\"auto\" style=\"vertical-align: inherit\">Sabato prossimo, 30 maggio, alle ore 20:00, la Cattedrale di Santa Mar\u00eda la Real de la Almudena sar\u00e0 addobbata per<\/span><\/span><\/span><\/span><span data-path-to-node=\"4,2\"><span dir=\"auto\" style=\"vertical-align: inherit\"><span dir=\"auto\" style=\"vertical-align: inherit\"> una solenne celebrazione eucaristica .\u00a0 <\/span><\/span><\/span><span data-path-to-node=\"4,4\"><span class=\"citation-40\"><span dir=\"auto\" style=\"vertical-align: inherit\"><span dir=\"auto\" style=\"vertical-align: inherit\">Il Cardinale Jos\u00e9 Cobo Cano, Arcivescovo di Madrid, presieder\u00e0 la Messa \u2013 concelebrata da diversi vescovi e oltre 100 sacerdoti \u2013 per commemorare il 60\u00b0 anniversario del Cammino Neocatecumenale<\/span><\/span><\/span><\/span><span data-path-to-node=\"4,6\"><span dir=\"auto\" style=\"vertical-align: inherit\"><span dir=\"auto\" style=\"vertical-align: inherit\"> .\u00a0 <\/span><\/span><\/span><span data-path-to-node=\"4,8\"><span class=\"citation-39\"><span dir=\"auto\" style=\"vertical-align: inherit\"><span dir=\"auto\" style=\"vertical-align: inherit\">Quello che \u00e8 iniziato come una piccola scintilla di fede in una delle zone pi\u00f9 emarginate della capitale spagnola \u00e8 diventato oggi un percorso di iniziazione cristiana presente in oltre 6.250 parrocchie in circa 1.400 diocesi in tutto il mondo<\/span><\/span><\/span><\/span><span data-path-to-node=\"4,10\"><span dir=\"auto\" style=\"vertical-align: inherit\"><span dir=\"auto\" style=\"vertical-align: inherit\"> .<\/span><\/span><\/span><\/p>\n<h3 data-path-to-node=\"5\"><strong><span dir=\"auto\" style=\"vertical-align: inherit\"><span dir=\"auto\" style=\"vertical-align: inherit\">Da Palomeras Altas fino ai confini della Terra<\/span><\/span><\/strong><\/h3>\n<p id=\"p-rc_8a04902db47cc638-20\" data-path-to-node=\"6\"><span data-path-to-node=\"6,1\"><span class=\"citation-38\"><span dir=\"auto\" style=\"vertical-align: inherit\"><span dir=\"auto\" style=\"vertical-align: inherit\">La storia di questa realt\u00e0 ecclesiale risale alla met\u00e0 degli anni Sessanta, nelle baraccopoli di Palomeras Altas, a Madrid<\/span><\/span><\/span><\/span><span data-path-to-node=\"6,3\"><span dir=\"auto\" style=\"vertical-align: inherit\"><span dir=\"auto\" style=\"vertical-align: inherit\"> .\u00a0 <\/span><\/span><\/span><span data-path-to-node=\"6,5\"><span class=\"citation-37\"><span dir=\"auto\" style=\"vertical-align: inherit\"><span dir=\"auto\" style=\"vertical-align: inherit\">L\u00ec, un giovane pittore di nome Kiko Arg\u00fcello, commosso dalla sofferenza degli innocenti e seguendo le orme di San Charles de Foucauld, decise di abbandonare la sua carriera per vivere tra i pi\u00f9 poveri<\/span><\/span><\/span><\/span><span data-path-to-node=\"6,7\"><span dir=\"auto\" style=\"vertical-align: inherit\"><span dir=\"auto\" style=\"vertical-align: inherit\"> .\u00a0 <\/span><\/span><\/span><span data-path-to-node=\"6,9\"><span class=\"citation-36\"><span dir=\"auto\" style=\"vertical-align: inherit\"><span dir=\"auto\" style=\"vertical-align: inherit\">In una modesta baracca, pregando, suonando la chitarra e leggendo la Bibbia, inizi\u00f2 a radunare rom, piccoli criminali e persone emarginate attorno alla proclamazione del\u00a0 <\/span><\/span><\/span><i data-path-to-node=\"6,9\" data-index-in-node=\"151\"><span class=\"citation-36\"><span dir=\"auto\" style=\"vertical-align: inherit\"><span dir=\"auto\" style=\"vertical-align: inherit\">kerygma<\/span><\/span><\/span><\/i><\/span><span data-path-to-node=\"6,11\"><span dir=\"auto\" style=\"vertical-align: inherit\"><span dir=\"auto\" style=\"vertical-align: inherit\"> .<\/span><\/span><\/span><\/p>\n<p id=\"p-rc_8a04902db47cc638-21\" data-path-to-node=\"7\"><span data-path-to-node=\"7,1\"><span class=\"citation-35\"><span dir=\"auto\" style=\"vertical-align: inherit\"><span dir=\"auto\" style=\"vertical-align: inherit\">Carmen Hern\u00e1ndez si un\u00ec a questa missione<\/span><\/span><\/span><\/span><span data-path-to-node=\"7,3\"><span dir=\"auto\" style=\"vertical-align: inherit\"><span dir=\"auto\" style=\"vertical-align: inherit\"> .\u00a0 <\/span><\/span><\/span><span data-path-to-node=\"7,5\"><span class=\"citation-34\"><span dir=\"auto\" style=\"vertical-align: inherit\"><span dir=\"auto\" style=\"vertical-align: inherit\">Nell&#8217;agosto del 1965, quando la Guardia Civil tent\u00f2 di demolire le baracche, l&#8217;intervento dell&#8217;allora arcivescovo, monsignor Casimiro Morcillo, non solo ferm\u00f2 i bulldozer, ma diede anche un sostegno decisivo alla nascente comunit\u00e0, profondamente commossa dalla loro fede<\/span><\/span><\/span><\/span><span data-path-to-node=\"7,7\"><span dir=\"auto\" style=\"vertical-align: inherit\"><span dir=\"auto\" style=\"vertical-align: inherit\"> .\u00a0 <\/span><\/span><\/span><span data-path-to-node=\"7,9\"><span class=\"citation-33\"><span dir=\"auto\" style=\"vertical-align: inherit\"><span dir=\"auto\" style=\"vertical-align: inherit\">Fu lo stesso Morcillo a incoraggiarli a portare nelle parrocchie un programma basato sui tre pilastri di &#8220;Parola, Liturgia e Comunit\u00e0<\/span><\/span><\/span><\/span><span data-path-to-node=\"7,11\"><span dir=\"auto\" style=\"vertical-align: inherit\"><span dir=\"auto\" style=\"vertical-align: inherit\"> &#8221; .<\/span><\/span><\/span><\/p>\n<p id=\"p-rc_8a04902db47cc638-22\" data-path-to-node=\"8\"><span data-path-to-node=\"8,1\"><span class=\"citation-32\"><span dir=\"auto\" style=\"vertical-align: inherit\"><span dir=\"auto\" style=\"vertical-align: inherit\">Sessant&#8217;anni dopo, quell&#8217;esperienza della caserma si \u00e8 diffusa in 138 nazioni di cinque continenti, coinvolgendo oltre 20.350 comunit\u00e0<\/span><\/span><\/span><\/span><span data-path-to-node=\"8,3\"><span dir=\"auto\" style=\"vertical-align: inherit\"><span dir=\"auto\" style=\"vertical-align: inherit\"> .\u00a0 <\/span><\/span><\/span><span data-path-to-node=\"8,5\"><span class=\"citation-31\"><span dir=\"auto\" style=\"vertical-align: inherit\"><span dir=\"auto\" style=\"vertical-align: inherit\">I \u200b\u200bfrutti di questo carisma, i cui Statuti sono stati definitivamente approvati dalla Santa Sede nel 2008<\/span><\/span><\/span><\/span><span data-path-to-node=\"8,7\"><span dir=\"auto\" style=\"vertical-align: inherit\"><span dir=\"auto\" style=\"vertical-align: inherit\"> , includono:<\/span><\/span><\/span><\/p>\n<ul>\n<li id=\"p-rc_8a04902db47cc638-23\" data-path-to-node=\"9,0,1\"><span data-path-to-node=\"9,0,1,0\"><b data-path-to-node=\"9,0,1,0\" data-index-in-node=\"0\"><span class=\"citation-30\"><span dir=\"auto\" style=\"vertical-align: inherit\"><span dir=\"auto\" style=\"vertical-align: inherit\">Famiglie in missione:<\/span><\/span><\/span><\/b><span class=\"citation-30\"><span dir=\"auto\" style=\"vertical-align: inherit\"><span dir=\"auto\" style=\"vertical-align: inherit\"> \u00a0circa 2.000 famiglie operano come catechisti itineranti o missionari nelle aree pi\u00f9 scristianizzate del pianeta<\/span><\/span><\/span><\/span><span data-path-to-node=\"9,0,1,2\"><span dir=\"auto\" style=\"vertical-align: inherit\"><span dir=\"auto\" style=\"vertical-align: inherit\"> .<\/span><\/span><\/span><\/li>\n<li id=\"p-rc_8a04902db47cc638-24\" data-path-to-node=\"9,1,1\"><span data-path-to-node=\"9,1,1,0\"><b data-path-to-node=\"9,1,1,0\" data-index-in-node=\"0\"><span class=\"citation-29\"><span dir=\"auto\" style=\"vertical-align: inherit\"><span dir=\"auto\" style=\"vertical-align: inherit\">Vocazioni:<\/span><\/span><\/span><\/b><span class=\"citation-29\"><span dir=\"auto\" style=\"vertical-align: inherit\"><span dir=\"auto\" style=\"vertical-align: inherit\"> 116 \u00a0seminari missionari diocesani\u00a0 <\/span><\/span><\/span><i data-path-to-node=\"9,1,1,0\" data-index-in-node=\"49\"><span class=\"citation-29\"><span dir=\"auto\" style=\"vertical-align: inherit\"><span dir=\"auto\" style=\"vertical-align: inherit\">Redemptoris Mater<\/span><\/span><\/span><\/i><span class=\"citation-29\"><span dir=\"auto\" style=\"vertical-align: inherit\"><span dir=\"auto\" style=\"vertical-align: inherit\"> , dove sono stati formati pi\u00f9 di 3.400 sacerdoti\u00a0 <\/span><\/span><\/span><\/span><span data-path-to-node=\"9,1,1,3\"><span class=\"citation-28\"><span dir=\"auto\" style=\"vertical-align: inherit\"><span dir=\"auto\" style=\"vertical-align: inherit\">, oltre a centinaia di monache di clausura e missionari celibi<\/span><\/span><\/span><\/span><span data-path-to-node=\"9,1,1,5\"><span dir=\"auto\" style=\"vertical-align: inherit\"><span dir=\"auto\" style=\"vertical-align: inherit\"> .<\/span><\/span><\/span><\/li>\n<\/ul>\n<h3 data-path-to-node=\"10\"><strong><span dir=\"auto\" style=\"vertical-align: inherit\"><span dir=\"auto\" style=\"vertical-align: inherit\">Un passo decisivo verso la santit\u00e0 per Carmen Hern\u00e1ndez<\/span><\/span><\/strong><\/h3>\n<p id=\"p-rc_8a04902db47cc638-25\" data-path-to-node=\"11\"><span data-path-to-node=\"11,1\"><span class=\"citation-27\"><span dir=\"auto\" style=\"vertical-align: inherit\"><span dir=\"auto\" style=\"vertical-align: inherit\">L&#8217;omaggio a questi 60 anni di storia condivisa avr\u00e0 il suo gran finale pochi giorni dopo<\/span><\/span><\/span><\/span><span data-path-to-node=\"11,3\"><span dir=\"auto\" style=\"vertical-align: inherit\"><span dir=\"auto\" style=\"vertical-align: inherit\"> .\u00a0 <\/span><\/span><\/span><span data-path-to-node=\"11,5\"><span class=\"citation-26\"><span dir=\"auto\" style=\"vertical-align: inherit\"><span dir=\"auto\" style=\"vertical-align: inherit\">Marted\u00ec 2 giugno, sempre alle ore 20:00, il\u00a0 Seminario <\/span><\/span><\/span><i data-path-to-node=\"11,5\" data-index-in-node=\"62\"><span class=\"citation-26\"><span dir=\"auto\" style=\"vertical-align: inherit\"><span dir=\"auto\" style=\"vertical-align: inherit\">Redemptoris Mater<\/span><\/span><\/span><\/i><span class=\"citation-26\"><span dir=\"auto\" style=\"vertical-align: inherit\"><span dir=\"auto\" style=\"vertical-align: inherit\"> \u00a0di Madrid ospiter\u00e0 la cerimonia di chiusura della fase diocesana del processo di beatificazione e canonizzazione della Serva di Dio Carmen Hern\u00e1ndez Barrera<\/span><\/span><\/span><\/span><span data-path-to-node=\"11,7\"><span dir=\"auto\" style=\"vertical-align: inherit\"><span dir=\"auto\" style=\"vertical-align: inherit\"> .<\/span><\/span><\/span><\/p>\n<p id=\"p-rc_8a04902db47cc638-26\" data-path-to-node=\"12\"><span data-path-to-node=\"12,1\"><span class=\"citation-25\"><span dir=\"auto\" style=\"vertical-align: inherit\"><span dir=\"auto\" style=\"vertical-align: inherit\">L&#8217;evento, presieduto anche dal cardinale Cobo Cano, comprender\u00e0 gli interventi del postulatore Carlos Metola e dello stesso Kiko Arg\u00fcello, che ha collaborato a stretto contatto con Carmen per oltre mezzo secolo nell&#8217;opera di evangelizzazione<\/span><\/span><\/span><\/span><span data-path-to-node=\"12,3\"><span dir=\"auto\" style=\"vertical-align: inherit\"><span dir=\"auto\" style=\"vertical-align: inherit\"> .<\/span><\/span><\/span><\/p>\n<p id=\"p-rc_8a04902db47cc638-27\" data-path-to-node=\"13\"><span data-path-to-node=\"13,1\"><span class=\"citation-24 interactive-span-hovered\"><span dir=\"auto\" style=\"vertical-align: inherit\"><span dir=\"auto\" style=\"vertical-align: inherit\">Carmen, scomparsa il 19 luglio 2016 dopo una vita di incondizionata dedizione al Vangelo\u00a0 <\/span><\/span><\/span><\/span><span data-path-to-node=\"13,4\"><span class=\"citation-23\"><span dir=\"auto\" style=\"vertical-align: inherit\"><span dir=\"auto\" style=\"vertical-align: inherit\">, ha fornito al Cammino Neocatecumenale un pilastro fondamentale grazie ai suoi studi sul rinnovamento del Concilio Vaticano II, sulla liturgia, sulle fonti patristiche e sul rapporto con la Parola di Dio<\/span><\/span><\/span><\/span><span data-path-to-node=\"13,6\"><span dir=\"auto\" style=\"vertical-align: inherit\"><span dir=\"auto\" style=\"vertical-align: inherit\"> .\u00a0 <\/span><\/span><\/span><span data-path-to-node=\"13,8\"><span class=\"citation-22\"><span dir=\"auto\" style=\"vertical-align: inherit\"><span dir=\"auto\" style=\"vertical-align: inherit\">A quasi dieci anni dalla sua morte, la sua tomba \u00e8 stata visitata da oltre 118.000 persone che testimoniano di aver ricevuto grazie per sua intercessione<\/span><\/span><\/span><\/span><span data-path-to-node=\"13,10\"><span dir=\"auto\" style=\"vertical-align: inherit\"><span dir=\"auto\" style=\"vertical-align: inherit\"> .\u00a0 <\/span><\/span><\/span><span data-path-to-node=\"13,12\"><span class=\"citation-21\"><span dir=\"auto\" style=\"vertical-align: inherit\"><span dir=\"auto\" style=\"vertical-align: inherit\">Con la chiusura di questa fase, i documenti ufficiali saranno inviati al Dicastero per le Cause dei Santi in Vaticano, dando formalmente inizio alla tanto attesa &#8220;fase romana&#8221; del suo processo di canonizzazione.<\/span><\/span><\/span><\/span><\/p>\n<\/div>\n<div class=\"author_bio \">\n<div class=\"ab_right\">\n<div class=\"social_autor_links\"><\/div>\n<\/div>\n<\/div>\n","protected":false},"excerpt":{"rendered":"<p>Il Cammino Neocatecumenale celebra 60 anni di evangelizzazione globale, mentre Madrid conclude la fase diocesana per la beatificazione del suo co-fondatore, Carmen Hern\u00e1ndez<\/p>\n","protected":false},"author":17,"featured_media":172901,"comment_status":"closed","ping_status":"closed","sticky":false,"template":"","format":"standard","meta":{"_acf_changed":false,"inline_featured_image":false,"_wpcom_ai_launchpad_first_post":false,"footnotes":"","jetpack_post_was_ever_published":false},"categories":[73],"tags":[78980,2038,89702,6923,114661,114662,32121,64850,114663,76979,89710,13347,114664,41561,114665,64787],"class_list":["post-173008","post","type-post","status-publish","format-standard","has-post-thumbnail","hentry","category-chiesa-e-mondo","tag-60-anniversario","tag-beatificazione","tag-cammino-neocatecumenale","tag-canonizzazione","tag-cardinale-jose-cobo-cano","tag-carmen-hernandez-2","tag-cattedrale-dellalmudena","tag-chiesa-cattolica-it","tag-fase-diocesana-2","tag-iniziazione-cristiana","tag-kiko-arguello-3","tag-madrid-3","tag-palomeras-altas-2","tag-processo-di-beatificazione","tag-redemptoris-mater-2","tag-trending-it-236"],"acf":[],"yoast_head":"<!-- This site is optimized with the Yoast SEO plugin v28.4 - https:\/\/yoast.com\/product\/yoast-seo-wordpress\/ -->\n<title>Un tripode di fede nato nelle baraccopoli che ha conquistato il mondo &#8211; Exaudi<\/title>\n<meta name=\"robots\" content=\"index, follow, max-snippet:-1, max-image-preview:large, max-video-preview:-1\" \/>\n<link rel=\"canonical\" href=\"https:\/\/exaudi.org\/it\/un-tripode-di-fede-nato-nelle-baraccopoli-che-ha-conquistato-il-mondo\/\" \/>\n<meta property=\"og:locale\" content=\"it_IT\" \/>\n<meta property=\"og:type\" content=\"article\" \/>\n<meta property=\"og:title\" content=\"Un tripode di fede nato nelle baraccopoli che ha conquistato il mondo &#8211; Exaudi\" \/>\n<meta property=\"og:description\" content=\"Il Cammino Neocatecumenale celebra 60 anni di evangelizzazione globale, mentre Madrid conclude la fase diocesana per la beatificazione del suo co-fondatore, Carmen Hern\u00e1ndez\" \/>\n<meta property=\"og:url\" content=\"https:\/\/exaudi.org\/it\/un-tripode-di-fede-nato-nelle-baraccopoli-che-ha-conquistato-il-mondo\/\" \/>\n<meta property=\"og:site_name\" content=\"Exaudi\" \/>\n<meta property=\"article:publisher\" content=\"https:\/\/www.facebook.com\/ExaudiNews\" \/>\n<meta property=\"article:author\" content=\"https:\/\/www.facebook.com\/ExaudiNotizie\/\" \/>\n<meta property=\"article:published_time\" content=\"2026-05-29T16:23:15+00:00\" \/>\n<meta property=\"og:image\" content=\"https:\/\/exaudi.org\/wp-content\/uploads\/2026\/05\/cq5dam.thumbnail.cropped.750.422-13.jpeg\" \/>\n\t<meta property=\"og:image:width\" content=\"750\" \/>\n\t<meta property=\"og:image:height\" content=\"422\" \/>\n\t<meta property=\"og:image:type\" content=\"image\/jpeg\" \/>\n<meta name=\"author\" content=\"Exaudi Redazione\" \/>\n<meta name=\"twitter:card\" content=\"summary_large_image\" \/>\n<meta name=\"twitter:creator\" content=\"@Exaudi_Notizie\" \/>\n<meta name=\"twitter:site\" content=\"@Exaudi_News\" \/>\n<meta name=\"twitter:label1\" content=\"Scritto da\" \/>\n\t<meta name=\"twitter:data1\" content=\"Exaudi Redazione\" \/>\n\t<meta name=\"twitter:label2\" content=\"Tempo di lettura stimato\" \/>\n\t<meta name=\"twitter:data2\" content=\"3 minuti\" \/>\n<script type=\"application\/ld+json\" class=\"yoast-schema-graph\">{\"@context\":\"https:\\\/\\\/schema.org\",\"@graph\":[{\"@type\":\"Article\",\"@id\":\"https:\\\/\\\/exaudi.org\\\/it\\\/un-tripode-di-fede-nato-nelle-baraccopoli-che-ha-conquistato-il-mondo\\\/#article\",\"isPartOf\":{\"@id\":\"https:\\\/\\\/exaudi.org\\\/it\\\/un-tripode-di-fede-nato-nelle-baraccopoli-che-ha-conquistato-il-mondo\\\/\"},\"author\":{\"name\":\"Exaudi Redazione\",\"@id\":\"https:\\\/\\\/exaudi.org\\\/#\\\/schema\\\/person\\\/e1ab6ed07c01774724dd96f925f3a5f0\"},\"headline\":\"Un tripode di fede nato nelle baraccopoli che ha conquistato il mondo\",\"datePublished\":\"2026-05-29T16:23:15+00:00\",\"mainEntityOfPage\":{\"@id\":\"https:\\\/\\\/exaudi.org\\\/it\\\/un-tripode-di-fede-nato-nelle-baraccopoli-che-ha-conquistato-il-mondo\\\/\"},\"wordCount\":522,\"image\":{\"@id\":\"https:\\\/\\\/exaudi.org\\\/it\\\/un-tripode-di-fede-nato-nelle-baraccopoli-che-ha-conquistato-il-mondo\\\/#primaryimage\"},\"thumbnailUrl\":\"https:\\\/\\\/i0.wp.com\\\/exaudi.org\\\/wp-content\\\/uploads\\\/2026\\\/05\\\/cq5dam.thumbnail.cropped.750.422-13.jpeg?fit=750%2C422&ssl=1\",\"keywords\":[\"60\u00b0 anniversario\",\"beatificazione\",\"Cammino Neocatecumenale\",\"Canonizzazione\",\"Cardinale Jos\u00e9 Cobo Cano\",\"Carmen Hern\u00e1ndez\",\"Cattedrale dell'Almudena\",\"CHIESA CATTOLICA\",\"Fase diocesana\",\"Iniziazione cristiana\",\"Kiko Arg\u00fcello\",\"MADRID\",\"Palomeras Altas\",\"processo di beatificazione\",\"Redemptoris Mater\",\"Trending\"],\"articleSection\":[\"Chiesa e Mondo\"],\"inLanguage\":\"it-IT\"},{\"@type\":\"WebPage\",\"@id\":\"https:\\\/\\\/exaudi.org\\\/it\\\/un-tripode-di-fede-nato-nelle-baraccopoli-che-ha-conquistato-il-mondo\\\/\",\"url\":\"https:\\\/\\\/exaudi.org\\\/it\\\/un-tripode-di-fede-nato-nelle-baraccopoli-che-ha-conquistato-il-mondo\\\/\",\"name\":\"Un tripode di fede nato nelle baraccopoli che ha conquistato il mondo &#8211; Exaudi\",\"isPartOf\":{\"@id\":\"https:\\\/\\\/exaudi.org\\\/#website\"},\"primaryImageOfPage\":{\"@id\":\"https:\\\/\\\/exaudi.org\\\/it\\\/un-tripode-di-fede-nato-nelle-baraccopoli-che-ha-conquistato-il-mondo\\\/#primaryimage\"},\"image\":{\"@id\":\"https:\\\/\\\/exaudi.org\\\/it\\\/un-tripode-di-fede-nato-nelle-baraccopoli-che-ha-conquistato-il-mondo\\\/#primaryimage\"},\"thumbnailUrl\":\"https:\\\/\\\/i0.wp.com\\\/exaudi.org\\\/wp-content\\\/uploads\\\/2026\\\/05\\\/cq5dam.thumbnail.cropped.750.422-13.jpeg?fit=750%2C422&ssl=1\",\"datePublished\":\"2026-05-29T16:23:15+00:00\",\"author\":{\"@id\":\"https:\\\/\\\/exaudi.org\\\/#\\\/schema\\\/person\\\/e1ab6ed07c01774724dd96f925f3a5f0\"},\"breadcrumb\":{\"@id\":\"https:\\\/\\\/exaudi.org\\\/it\\\/un-tripode-di-fede-nato-nelle-baraccopoli-che-ha-conquistato-il-mondo\\\/#breadcrumb\"},\"inLanguage\":\"it-IT\",\"potentialAction\":[{\"@type\":\"ReadAction\",\"target\":[\"https:\\\/\\\/exaudi.org\\\/it\\\/un-tripode-di-fede-nato-nelle-baraccopoli-che-ha-conquistato-il-mondo\\\/\"]}]},{\"@type\":\"ImageObject\",\"inLanguage\":\"it-IT\",\"@id\":\"https:\\\/\\\/exaudi.org\\\/it\\\/un-tripode-di-fede-nato-nelle-baraccopoli-che-ha-conquistato-il-mondo\\\/#primaryimage\",\"url\":\"https:\\\/\\\/i0.wp.com\\\/exaudi.org\\\/wp-content\\\/uploads\\\/2026\\\/05\\\/cq5dam.thumbnail.cropped.750.422-13.jpeg?fit=750%2C422&ssl=1\",\"contentUrl\":\"https:\\\/\\\/i0.wp.com\\\/exaudi.org\\\/wp-content\\\/uploads\\\/2026\\\/05\\\/cq5dam.thumbnail.cropped.750.422-13.jpeg?fit=750%2C422&ssl=1\",\"width\":750,\"height\":422},{\"@type\":\"BreadcrumbList\",\"@id\":\"https:\\\/\\\/exaudi.org\\\/it\\\/un-tripode-di-fede-nato-nelle-baraccopoli-che-ha-conquistato-il-mondo\\\/#breadcrumb\",\"itemListElement\":[{\"@type\":\"ListItem\",\"position\":1,\"name\":\"Portada\",\"item\":\"https:\\\/\\\/exaudi.org\\\/it\\\/\"},{\"@type\":\"ListItem\",\"position\":2,\"name\":\"Un tripode di fede nato nelle baraccopoli che ha conquistato il mondo\"}]},{\"@type\":\"WebSite\",\"@id\":\"https:\\\/\\\/exaudi.org\\\/#website\",\"url\":\"https:\\\/\\\/exaudi.org\\\/\",\"name\":\"Exaudi\",\"description\":\"News\",\"potentialAction\":[{\"@type\":\"SearchAction\",\"target\":{\"@type\":\"EntryPoint\",\"urlTemplate\":\"https:\\\/\\\/exaudi.org\\\/?s={search_term_string}\"},\"query-input\":{\"@type\":\"PropertyValueSpecification\",\"valueRequired\":true,\"valueName\":\"search_term_string\"}}],\"inLanguage\":\"it-IT\"},{\"@type\":\"Person\",\"@id\":\"https:\\\/\\\/exaudi.org\\\/#\\\/schema\\\/person\\\/e1ab6ed07c01774724dd96f925f3a5f0\",\"name\":\"Exaudi Redazione\",\"image\":{\"@type\":\"ImageObject\",\"inLanguage\":\"it-IT\",\"@id\":\"https:\\\/\\\/secure.gravatar.com\\\/avatar\\\/ad6774b3ada023bf5b939d64f45c94b3adf91502dd883507d469b4308a943bb3?s=96&d=mm&r=g\",\"url\":\"https:\\\/\\\/secure.gravatar.com\\\/avatar\\\/ad6774b3ada023bf5b939d64f45c94b3adf91502dd883507d469b4308a943bb3?s=96&d=mm&r=g\",\"contentUrl\":\"https:\\\/\\\/secure.gravatar.com\\\/avatar\\\/ad6774b3ada023bf5b939d64f45c94b3adf91502dd883507d469b4308a943bb3?s=96&d=mm&r=g\",\"caption\":\"Exaudi Redazione\"},\"description\":\"Che cosa \u00e8 Exaudi News? Exaudi News \u00e8 un agenzia cattolica internazionale che informa, istruisce e trasforma quotidianamente in spagnolo, inglese e italiano. Attraverso notizie, articoli di analisi e trasmissioni in diretta degli eventi del Papa, Exaudi cerca di rafforzare l'unit\u00e0 dei cristiani e di contribuire all'evangelizzazione del mondo, sempre guidato dalla dottrina sociale della Chiesa. Lavoriamo per portare la verit\u00e0 e i valori cristiani in ogni angolo del pianeta. Aiutaci a trasformare il mondo con Exaudi! Noi di Exaudi crediamo che l'evangelizzazione e l'informazione di qualit\u00e0 possano cambiare la vita. Per continuare la nostra missione ed espandere la nostra portata, abbiamo bisogno del tuo aiuto. Stiamo anche cercando persone motivate che vogliano unirsi al nostro team. Grazie al vostro sostegno raggiungeremo pi\u00f9 persone, diffonderemo il messaggio di Cristo e rafforzeremo l'unit\u00e0 dei cristiani. Vuoi unirti alla nostra missione? Per maggiori informazioni su come contribuire, visita Exaudi.org\\\/it o contattaci direttamente: info@exaudi.org Exaudi: informa, forma e trasforma.\",\"sameAs\":[\"https:\\\/\\\/www.facebook.com\\\/ExaudiNotizie\\\/\",\"https:\\\/\\\/www.instagram.com\\\/Exaudi_notizie\\\/\",\"https:\\\/\\\/x.com\\\/Exaudi_Notizie\",\"https:\\\/\\\/www.youtube.com\\\/@exaudicatholicnews\"],\"url\":\"https:\\\/\\\/exaudi.org\\\/it\\\/author\\\/dlvedi-org\\\/\"}]}<\/script>\n<!-- \/ Yoast SEO plugin. -->","yoast_head_json":{"title":"Un tripode di fede nato nelle baraccopoli che ha conquistato il mondo &#8211; Exaudi","robots":{"index":"index","follow":"follow","max-snippet":"max-snippet:-1","max-image-preview":"max-image-preview:large","max-video-preview":"max-video-preview:-1"},"canonical":"https:\/\/exaudi.org\/it\/un-tripode-di-fede-nato-nelle-baraccopoli-che-ha-conquistato-il-mondo\/","og_locale":"it_IT","og_type":"article","og_title":"Un tripode di fede nato nelle baraccopoli che ha conquistato il mondo &#8211; Exaudi","og_description":"Il Cammino Neocatecumenale celebra 60 anni di evangelizzazione globale, mentre Madrid conclude la fase diocesana per la beatificazione del suo co-fondatore, Carmen Hern\u00e1ndez","og_url":"https:\/\/exaudi.org\/it\/un-tripode-di-fede-nato-nelle-baraccopoli-che-ha-conquistato-il-mondo\/","og_site_name":"Exaudi","article_publisher":"https:\/\/www.facebook.com\/ExaudiNews","article_author":"https:\/\/www.facebook.com\/ExaudiNotizie\/","article_published_time":"2026-05-29T16:23:15+00:00","og_image":[{"width":750,"height":422,"url":"https:\/\/exaudi.org\/wp-content\/uploads\/2026\/05\/cq5dam.thumbnail.cropped.750.422-13.jpeg","type":"image\/jpeg"}],"author":"Exaudi Redazione","twitter_card":"summary_large_image","twitter_creator":"@Exaudi_Notizie","twitter_site":"@Exaudi_News","twitter_misc":{"Scritto da":"Exaudi Redazione","Tempo di lettura stimato":"3 minuti"},"schema":{"@context":"https:\/\/schema.org","@graph":[{"@type":"Article","@id":"https:\/\/exaudi.org\/it\/un-tripode-di-fede-nato-nelle-baraccopoli-che-ha-conquistato-il-mondo\/#article","isPartOf":{"@id":"https:\/\/exaudi.org\/it\/un-tripode-di-fede-nato-nelle-baraccopoli-che-ha-conquistato-il-mondo\/"},"author":{"name":"Exaudi Redazione","@id":"https:\/\/exaudi.org\/#\/schema\/person\/e1ab6ed07c01774724dd96f925f3a5f0"},"headline":"Un tripode di fede nato nelle baraccopoli che ha conquistato il mondo","datePublished":"2026-05-29T16:23:15+00:00","mainEntityOfPage":{"@id":"https:\/\/exaudi.org\/it\/un-tripode-di-fede-nato-nelle-baraccopoli-che-ha-conquistato-il-mondo\/"},"wordCount":522,"image":{"@id":"https:\/\/exaudi.org\/it\/un-tripode-di-fede-nato-nelle-baraccopoli-che-ha-conquistato-il-mondo\/#primaryimage"},"thumbnailUrl":"https:\/\/i0.wp.com\/exaudi.org\/wp-content\/uploads\/2026\/05\/cq5dam.thumbnail.cropped.750.422-13.jpeg?fit=750%2C422&ssl=1","keywords":["60\u00b0 anniversario","beatificazione","Cammino Neocatecumenale","Canonizzazione","Cardinale Jos\u00e9 Cobo Cano","Carmen Hern\u00e1ndez","Cattedrale dell'Almudena","CHIESA CATTOLICA","Fase diocesana","Iniziazione cristiana","Kiko Arg\u00fcello","MADRID","Palomeras Altas","processo di beatificazione","Redemptoris Mater","Trending"],"articleSection":["Chiesa e Mondo"],"inLanguage":"it-IT"},{"@type":"WebPage","@id":"https:\/\/exaudi.org\/it\/un-tripode-di-fede-nato-nelle-baraccopoli-che-ha-conquistato-il-mondo\/","url":"https:\/\/exaudi.org\/it\/un-tripode-di-fede-nato-nelle-baraccopoli-che-ha-conquistato-il-mondo\/","name":"Un tripode di fede nato nelle baraccopoli che ha conquistato il mondo &#8211; Exaudi","isPartOf":{"@id":"https:\/\/exaudi.org\/#website"},"primaryImageOfPage":{"@id":"https:\/\/exaudi.org\/it\/un-tripode-di-fede-nato-nelle-baraccopoli-che-ha-conquistato-il-mondo\/#primaryimage"},"image":{"@id":"https:\/\/exaudi.org\/it\/un-tripode-di-fede-nato-nelle-baraccopoli-che-ha-conquistato-il-mondo\/#primaryimage"},"thumbnailUrl":"https:\/\/i0.wp.com\/exaudi.org\/wp-content\/uploads\/2026\/05\/cq5dam.thumbnail.cropped.750.422-13.jpeg?fit=750%2C422&ssl=1","datePublished":"2026-05-29T16:23:15+00:00","author":{"@id":"https:\/\/exaudi.org\/#\/schema\/person\/e1ab6ed07c01774724dd96f925f3a5f0"},"breadcrumb":{"@id":"https:\/\/exaudi.org\/it\/un-tripode-di-fede-nato-nelle-baraccopoli-che-ha-conquistato-il-mondo\/#breadcrumb"},"inLanguage":"it-IT","potentialAction":[{"@type":"ReadAction","target":["https:\/\/exaudi.org\/it\/un-tripode-di-fede-nato-nelle-baraccopoli-che-ha-conquistato-il-mondo\/"]}]},{"@type":"ImageObject","inLanguage":"it-IT","@id":"https:\/\/exaudi.org\/it\/un-tripode-di-fede-nato-nelle-baraccopoli-che-ha-conquistato-il-mondo\/#primaryimage","url":"https:\/\/i0.wp.com\/exaudi.org\/wp-content\/uploads\/2026\/05\/cq5dam.thumbnail.cropped.750.422-13.jpeg?fit=750%2C422&ssl=1","contentUrl":"https:\/\/i0.wp.com\/exaudi.org\/wp-content\/uploads\/2026\/05\/cq5dam.thumbnail.cropped.750.422-13.jpeg?fit=750%2C422&ssl=1","width":750,"height":422},{"@type":"BreadcrumbList","@id":"https:\/\/exaudi.org\/it\/un-tripode-di-fede-nato-nelle-baraccopoli-che-ha-conquistato-il-mondo\/#breadcrumb","itemListElement":[{"@type":"ListItem","position":1,"name":"Portada","item":"https:\/\/exaudi.org\/it\/"},{"@type":"ListItem","position":2,"name":"Un tripode di fede nato nelle baraccopoli che ha conquistato il mondo"}]},{"@type":"WebSite","@id":"https:\/\/exaudi.org\/#website","url":"https:\/\/exaudi.org\/","name":"Exaudi","description":"News","potentialAction":[{"@type":"SearchAction","target":{"@type":"EntryPoint","urlTemplate":"https:\/\/exaudi.org\/?s={search_term_string}"},"query-input":{"@type":"PropertyValueSpecification","valueRequired":true,"valueName":"search_term_string"}}],"inLanguage":"it-IT"},{"@type":"Person","@id":"https:\/\/exaudi.org\/#\/schema\/person\/e1ab6ed07c01774724dd96f925f3a5f0","name":"Exaudi Redazione","image":{"@type":"ImageObject","inLanguage":"it-IT","@id":"https:\/\/secure.gravatar.com\/avatar\/ad6774b3ada023bf5b939d64f45c94b3adf91502dd883507d469b4308a943bb3?s=96&d=mm&r=g","url":"https:\/\/secure.gravatar.com\/avatar\/ad6774b3ada023bf5b939d64f45c94b3adf91502dd883507d469b4308a943bb3?s=96&d=mm&r=g","contentUrl":"https:\/\/secure.gravatar.com\/avatar\/ad6774b3ada023bf5b939d64f45c94b3adf91502dd883507d469b4308a943bb3?s=96&d=mm&r=g","caption":"Exaudi Redazione"},"description":"Che cosa \u00e8 Exaudi News? Exaudi News \u00e8 un agenzia cattolica internazionale che informa, istruisce e trasforma quotidianamente in spagnolo, inglese e italiano. Attraverso notizie, articoli di analisi e trasmissioni in diretta degli eventi del Papa, Exaudi cerca di rafforzare l'unit\u00e0 dei cristiani e di contribuire all'evangelizzazione del mondo, sempre guidato dalla dottrina sociale della Chiesa. Lavoriamo per portare la verit\u00e0 e i valori cristiani in ogni angolo del pianeta. Aiutaci a trasformare il mondo con Exaudi! Noi di Exaudi crediamo che l'evangelizzazione e l'informazione di qualit\u00e0 possano cambiare la vita. Per continuare la nostra missione ed espandere la nostra portata, abbiamo bisogno del tuo aiuto. Stiamo anche cercando persone motivate che vogliano unirsi al nostro team. Grazie al vostro sostegno raggiungeremo pi\u00f9 persone, diffonderemo il messaggio di Cristo e rafforzeremo l'unit\u00e0 dei cristiani. Vuoi unirti alla nostra missione? Per maggiori informazioni su come contribuire, visita Exaudi.org\/it o contattaci direttamente: info@exaudi.org Exaudi: informa, forma e trasforma.","sameAs":["https:\/\/www.facebook.com\/ExaudiNotizie\/","https:\/\/www.instagram.com\/Exaudi_notizie\/","https:\/\/x.com\/Exaudi_Notizie","https:\/\/www.youtube.com\/@exaudicatholicnews"],"url":"https:\/\/exaudi.org\/it\/author\/dlvedi-org\/"}]}},"jetpack_shortlink":"https:\/\/wp.me\/pgKjF2-J0s","jetpack_featured_media_url":"https:\/\/i0.wp.com\/exaudi.org\/wp-content\/uploads\/2026\/05\/cq5dam.thumbnail.cropped.750.422-13.jpeg?fit=750%2C422&ssl=1","_links":{"self":[{"href":"https:\/\/exaudi.org\/it\/wp-json\/wp\/v2\/posts\/173008","targetHints":{"allow":["GET"]}}],"collection":[{"href":"https:\/\/exaudi.org\/it\/wp-json\/wp\/v2\/posts"}],"about":[{"href":"https:\/\/exaudi.org\/it\/wp-json\/wp\/v2\/types\/post"}],"author":[{"embeddable":true,"href":"https:\/\/exaudi.org\/it\/wp-json\/wp\/v2\/users\/17"}],"replies":[{"embeddable":true,"href":"https:\/\/exaudi.org\/it\/wp-json\/wp\/v2\/comments?post=173008"}],"version-history":[{"count":3,"href":"https:\/\/exaudi.org\/it\/wp-json\/wp\/v2\/posts\/173008\/revisions"}],"predecessor-version":[{"id":173011,"href":"https:\/\/exaudi.org\/it\/wp-json\/wp\/v2\/posts\/173008\/revisions\/173011"}],"wp:featuredmedia":[{"embeddable":true,"href":"https:\/\/exaudi.org\/it\/wp-json\/wp\/v2\/media\/172901"}],"wp:attachment":[{"href":"https:\/\/exaudi.org\/it\/wp-json\/wp\/v2\/media?parent=173008"}],"wp:term":[{"taxonomy":"category","embeddable":true,"href":"https:\/\/exaudi.org\/it\/wp-json\/wp\/v2\/categories?post=173008"},{"taxonomy":"post_tag","embeddable":true,"href":"https:\/\/exaudi.org\/it\/wp-json\/wp\/v2\/tags?post=173008"}],"curies":[{"name":"wp","href":"https:\/\/api.w.org\/{rel}","templated":true}]}}