{"id":17148,"date":"2021-05-16T17:22:56","date_gmt":"2021-05-16T15:22:56","guid":{"rendered":"https:\/\/exaudi.org\/?p=17148"},"modified":"2021-05-16T17:22:56","modified_gmt":"2021-05-16T15:22:56","slug":"la-preghiera-di-francesco-per-il-myanmar","status":"publish","type":"post","link":"https:\/\/exaudi.org\/it\/la-preghiera-di-francesco-per-il-myanmar\/","title":{"rendered":"La preghiera di Francesco per il Myanmar"},"content":{"rendered":"<p>Dopo i ripetuti appelli per chiedere la fine della repressione in Myanmar, il Santo Padre ha celebrato la Messa in San Pietro per la comunit\u00e0 birmana in Italia. Le proteste per chiedere democrazia in Myanmar non si fermano cos\u00ec come le <a href=\"https:\/\/exaudi.org\/it\/myanmar-cosi-mi-inginocchiai-davanti-ai-poliziotti\/\">violenze da parte del regime militare<\/a>. Di seguito l\u2019omelia pronunciata dal Papa:<\/p>\n<p>Nelle ultime ore della sua vita, Ges\u00f9 prega. Nel momento doloroso del congedo dai suoi discepoli e da questo mondo, Ges\u00f9 prega per i suoi amici. Mentre nel suo cuore e nella sua carne sta portando tutto il peccato del mondo, Ges\u00f9 continua ad amarci e prega per noi. Dalla preghiera di Ges\u00f9 impariamo anche noi ad attraversare i momenti drammatici e dolorosi della vita. Fermiamoci in particolare su un verbo con cui Ges\u00f9 prega il Padre: custodire.<\/p>\n<h4>Custodire la fede<\/h4>\n<p>Cari fratelli e sorelle, mentre il vostro amato Paese, il Myanmar, \u00e8 segnato dalla violenza, dal conflitto, dalla repressione, ci domandiamo: cosa siamo chiamati a custodire? In primo luogo, custodire la fede. Dobbiamo custodire la fede per non soccombere al dolore e non precipitare nella rassegnazione di chi non vede pi\u00f9 una via d\u2019uscita. Prima delle parole, infatti, il Vangelo ci fa contemplare un atteggiamento di Ges\u00f9: l\u2019Evangelista dice che pregava \u00abalzati gli occhi al cielo\u00bb (Gv 17,1). Sono le ore finali della sua vita, sente il peso dell\u2019angoscia per la passione che si avvicina, avverte l\u2019oscurit\u00e0 della notte che sta per abbattersi su di Lui, si sente tradito e abbandonato; ma proprio in quel momento, anche in quel momento, Ges\u00f9 alza gli occhi al cielo. Alza lo sguardo verso Dio.<\/p>\n<h4>Lo sguardo al cielo<\/h4>\n<p>Non abbassa la testa davanti al male, non si lascia schiacciare dal dolore, non si ripiega nell\u2019amarezza di chi \u00e8 sconfitto e deluso, ma guarda in alto. Lo aveva raccomandato anche ai suoi: quando Gerusalemme sar\u00e0 invasa dagli eserciti e i popoli saranno in ansia e fuggiranno e ci saranno paura e devastazione, proprio allora \u00abalzatevi e levate il capo, perch\u00e9 la vostra liberazione \u00e8 vicina\u00bb (Lc 21,28). Custodire la fede \u00e8 tenere lo sguardo alto verso il cielo mentre sulla terra si combatte e si sparge il sangue innocente. \u00c8 non cedere alla logica dell\u2019odio e della vendetta, ma restare con lo sguardo rivolto a quel Dio dell\u2019amore che ci chiama ad essere fratelli tra di noi.<\/p>\n<p>La preghiera ci apre alla fiducia in Dio anche nei momenti difficili, ci aiuta a sperare contro tutte le evidenze, ci sostiene nella battaglia quotidiana. Non \u00e8 una fuga, un modo per scappare dai problemi. Al contrario, \u00e8 l\u2019unica arma che abbiamo per custodire l\u2019amore e la speranza in mezzo a tante armi che seminano morte. Non \u00e8 facile alzare lo sguardo quando siamo nel dolore, ma la fede ci aiuta a vincere la tentazione di ripiegarci su noi stessi!<\/p>\n<h4>Il Signore asciuga le lacrime<\/h4>\n<p>Forse vorremmo protestare, gridare la nostra sofferenza anche a Dio: non dobbiamo avere paura, anche questa \u00e8 preghiera. Diceva un\u2019anziana ai suoi nipoti: \u201cAnche arrabbiarsi con Dio pu\u00f2 essere una preghiera\u201d; la saggezza dei giusti e dei semplici, che sanno alzare gli occhi nei momenti difficili\u2026 In certi momenti, \u00e8 una preghiera che Dio accoglie pi\u00f9 delle altre perch\u00e9 nasce da un cuore ferito, e il Signore sempre ascolta il grido del suo popolo e asciuga le sue lacrime. Cari fratelli e sorelle, non smettete di guardare in alto. Custodite la fede!<\/p>\n<h4>Custodire l\u2019unit\u00e0<\/h4>\n<p>Un secondo aspetto del custodire: custodire l\u2019unit\u00e0. Ges\u00f9 prega il Padre perch\u00e9 custodisca i suoi nell\u2019unit\u00e0. Perch\u00e9 siano \u00abuna sola cosa\u00bb (Gv 17,21), una sola famiglia dove regnano l\u2019amore e la fraternit\u00e0. Egli conosceva il cuore dei suoi discepoli; a volte li aveva visti discutere su chi dovesse essere il pi\u00f9 grande, chi dovesse comandare. Questa \u00e8 una malattia mortale: la divisione. La sperimentiamo nel nostro cuore, perch\u00e9 spesso siamo divisi anche in noi stessi; la sperimentiamo nelle famiglie, nelle comunit\u00e0, tra i popoli, perfino nella Chiesa.<\/p>\n<p>Sono tanti i peccati contro l\u2019unit\u00e0: le invidie, le gelosie, la ricerca di interessi personali invece che del bene di tutti, i giudizi contro gli altri. E questi piccoli conflitti che ci sono tra di noi si riflettono poi nei grandi conflitti, come quello che vive in questi giorni il vostro Paese. Quando gli interessi di parte, la sete di profitto e di potere prendono il sopravvento, scoppiano sempre scontri e divisioni. L\u2019ultima raccomandazione che Ges\u00f9 fa prima della sua Pasqua \u00e8 l\u2019unit\u00e0. Perch\u00e9 la divisione viene dal diavolo che \u00e8 il divisore, il grande bugiardo che sempre divide. Siamo chiamati a custodire l\u2019unit\u00e0, a prendere sul serio questa accorata supplica di Ges\u00f9 al Padre: essere una cosa sola, formare una famiglia, avere il coraggio di vivere legami di amicizia, di amore, di fratellanza.<\/p>\n<h4>Impegno personale<\/h4>\n<p>Quanto bisogno c\u2019\u00e8, soprattutto oggi, di fraternit\u00e0! So che alcune situazioni politiche e sociali sono pi\u00f9 grandi di voi, ma l\u2019impegno per la pace e la fraternit\u00e0 nasce sempre dal basso: ciascuno, nel piccolo, pu\u00f2 fare la sua parte. Ciascuno pu\u00f2 impegnarsi a essere, nel piccolo, un costruttore di fraternit\u00e0, a essere seminatore di fraternit\u00e0, a lavorare per ricostruire ci\u00f2 che si \u00e8 spezzato invece che alimentare la violenza. Siamo chiamati a farlo, anche come Chiesa: promuoviamo il dialogo, il rispetto per l\u2019altro, la custodia del fratello, la comunione! E non lasciamo entrare nella Chiesa la logica dei partiti, la logica che divide, la logica che mette al centro ognuno di noi, scartando gli altri. Questo distrugge: distrugge la famiglia, distrugge la Chiesa, distrugge la societ\u00e0, distrugge noi stessi.<\/p>\n<h4>Custodire la verit\u00e0<\/h4>\n<p>Infine, la terza cosa, custodire la verit\u00e0. Ges\u00f9 chiede al Padre di consacrare nella verit\u00e0 i suoi discepoli, che sono mandati per il mondo a proseguire la sua missione. Custodire la verit\u00e0 non significa difendere delle idee, diventare guardiani di un sistema di dottrine e di dogmi, ma restare legati a Cristo ed essere consacrati al suo Vangelo. La verit\u00e0, nel linguaggio dell\u2019apostolo Giovanni, \u00e8 Cristo stesso, rivelazione dell\u2019amore del Padre. Ges\u00f9 prega perch\u00e9, vivendo nel mondo, i discepoli non seguano i criteri di questo mondo. Che non si lascino affascinare dagli idoli, ma custodiscano l\u2019amicizia con Lui; che non pieghino il Vangelo alle logiche umane e mondane, ma custodiscano integro il suo messaggio. Custodire la verit\u00e0 significa essere profeti in tutte le situazioni della vita, essere cio\u00e8 consacrati al Vangelo e diventarne testimoni anche quando questo costa il prezzo di andare controcorrente.<\/p>\n<p>A volte, noi cristiani cerchiamo il compromesso, ma il Vangelo ci chiede di essere nella verit\u00e0 e per la verit\u00e0, donando la vita per gli altri. E dove c\u2019\u00e8 guerra, violenza, odio, essere fedeli al Vangelo e artigiani di pace significa impegnarsi, anche attraverso le scelte sociali e politiche, rischiando la vita. Solo cos\u00ec le cose possono cambiare. Il Signore non ha bisogno di gente tiepida: ci vuole consacrati nella verit\u00e0 e nella bellezza del Vangelo, perch\u00e9 possiamo testimoniare la gioia del Regno di Dio anche nella notte buia del dolore e quando il male sembra pi\u00f9 forte.<\/p>\n<h4>Non perdete la speranza<\/h4>\n<p>Carissimi fratelli e sorelle, oggi voglio portare sull\u2019altare del Signore le sofferenze del vostro popolo e pregare con voi perch\u00e9 Dio converta i cuori di tutti alla pace. La preghiera di Ges\u00f9 ci aiuti a custodire la fede anche nei momenti difficili, a essere costruttori di unit\u00e0, a rischiare la vita per la verit\u00e0 del Vangelo. Per favore non perdete la speranza: Ges\u00f9 ancora oggi prega il Padre, fa vedere il Padre nella sua preghiera. Nelle piaghe con le quali ha pagato la nostra salvezza, con questa preghiera Ges\u00f9 prega e intercede per tutti noi, perch\u00e9 ci custodisca dal maligno e ci liberi dal potere del male.<\/p>\n<h4>Le proteste in Myanmar<\/h4>\n<p>Le proteste in Myanmar sono iniziate subito dopo il colpo di stato di febbraio e hanno gi\u00e0 causato decine di morti e feriti. Anche il <a href=\"https:\/\/exaudi.org\/it\/intervista-esclusiva-cardinal-bo-il-popolo-del-myanmar-ha-parlato-con-le-lacrime-e-col-sangue\/\">cardinale Bo,<\/a> arcivescovo di Yangon, capitale del Myanmar, e presidente dei vescovi dell&#8217;Asia aveva lanciato diversi inviti alla calma e a far cessare la violenza ma purtroppo finora la voce della Chiesa \u00e8 rimasta inascoltata. Papa Francesco aveva visitato il Myanmar nel 2017, <a href=\"https:\/\/www.vaticannews.va\/it\/papa\/news\/2017-11\/viaggio-myanmar0.html\">incontrando il capo dei servizi di difesa<\/a> del Paese e dando anche grande impulso al dialogo interreligioso.<\/p>\n","protected":false},"excerpt":{"rendered":"<p>&#8220;Gli interessi di parte generano scontri e divisioni. Come Chiesa promuoviamo il dialogo e il rispetto&#8221;<\/p>\n","protected":false},"author":17,"featured_media":17117,"comment_status":"closed","ping_status":"closed","sticky":false,"template":"","format":"standard","meta":{"_acf_changed":false,"_crdt_document":"","inline_featured_image":false,"footnotes":""},"categories":[67,2157,297],"tags":[851,251],"class_list":["post-17148","post","type-post","status-publish","format-standard","has-post-thumbnail","hentry","category-leone-xiv","category-top-ultime-notizie","category-ultime-notizie","tag-myanmar-it","tag-papa-francesco"],"acf":[],"yoast_head":"<!-- This site is optimized with the Yoast SEO plugin v27.5 - https:\/\/yoast.com\/product\/yoast-seo-wordpress\/ -->\n<title>La preghiera di Francesco per il Myanmar &#8211; Exaudi<\/title>\n<meta name=\"description\" content=\"Il Papa ha celebrato la Messa a San Pietro per la comunit\u00e0 birmana pregando per la pacificazione del Myanmar: &quot;Non perdete la speranza&quot;\" \/>\n<meta name=\"robots\" content=\"index, follow, max-snippet:-1, max-image-preview:large, max-video-preview:-1\" \/>\n<link rel=\"canonical\" href=\"https:\/\/exaudi.org\/it\/la-preghiera-di-francesco-per-il-myanmar\/\" \/>\n<meta property=\"og:locale\" content=\"it_IT\" \/>\n<meta property=\"og:type\" content=\"article\" \/>\n<meta property=\"og:title\" content=\"La preghiera di Francesco per il Myanmar &#8211; Exaudi\" \/>\n<meta property=\"og:description\" content=\"Il Papa ha celebrato la Messa a San Pietro per la comunit\u00e0 birmana pregando per la pacificazione del Myanmar: &quot;Non perdete la speranza&quot;\" \/>\n<meta property=\"og:url\" content=\"https:\/\/exaudi.org\/it\/la-preghiera-di-francesco-per-il-myanmar\/\" \/>\n<meta property=\"og:site_name\" content=\"Exaudi\" \/>\n<meta property=\"article:publisher\" content=\"https:\/\/www.facebook.com\/ExaudiNews\" \/>\n<meta property=\"article:author\" content=\"https:\/\/www.facebook.com\/ExaudiNotizie\/\" \/>\n<meta property=\"article:published_time\" content=\"2021-05-16T15:22:56+00:00\" \/>\n<meta property=\"og:image\" content=\"https:\/\/exaudi.org\/wp-content\/uploads\/2021\/05\/cq5dam.thumbnail.cropped.750.422-7.jpeg\" \/>\n\t<meta property=\"og:image:width\" content=\"750\" \/>\n\t<meta property=\"og:image:height\" content=\"422\" \/>\n\t<meta property=\"og:image:type\" content=\"image\/jpeg\" \/>\n<meta name=\"author\" content=\"Exaudi Redazione\" \/>\n<meta name=\"twitter:card\" content=\"summary_large_image\" \/>\n<meta name=\"twitter:creator\" content=\"@Exaudi_Notizie\" \/>\n<meta name=\"twitter:site\" content=\"@Exaudi_News\" \/>\n<meta name=\"twitter:label1\" content=\"Scritto da\" \/>\n\t<meta name=\"twitter:data1\" content=\"Exaudi Redazione\" \/>\n\t<meta name=\"twitter:label2\" content=\"Tempo di lettura stimato\" \/>\n\t<meta name=\"twitter:data2\" content=\"6 minuti\" \/>\n<script type=\"application\/ld+json\" class=\"yoast-schema-graph\">{\"@context\":\"https:\\\/\\\/schema.org\",\"@graph\":[{\"@type\":\"Article\",\"@id\":\"https:\\\/\\\/exaudi.org\\\/it\\\/la-preghiera-di-francesco-per-il-myanmar\\\/#article\",\"isPartOf\":{\"@id\":\"https:\\\/\\\/exaudi.org\\\/it\\\/la-preghiera-di-francesco-per-il-myanmar\\\/\"},\"author\":{\"name\":\"Exaudi Redazione\",\"@id\":\"https:\\\/\\\/exaudi.org\\\/#\\\/schema\\\/person\\\/e1ab6ed07c01774724dd96f925f3a5f0\"},\"headline\":\"La preghiera di Francesco per il Myanmar\",\"datePublished\":\"2021-05-16T15:22:56+00:00\",\"mainEntityOfPage\":{\"@id\":\"https:\\\/\\\/exaudi.org\\\/it\\\/la-preghiera-di-francesco-per-il-myanmar\\\/\"},\"wordCount\":1375,\"image\":{\"@id\":\"https:\\\/\\\/exaudi.org\\\/it\\\/la-preghiera-di-francesco-per-il-myanmar\\\/#primaryimage\"},\"thumbnailUrl\":\"https:\\\/\\\/exaudi.org\\\/wp-content\\\/uploads\\\/2021\\\/05\\\/cq5dam.thumbnail.cropped.750.422-7.jpeg\",\"keywords\":[\"myanmar\",\"Papa Francesco\"],\"articleSection\":[\"Leone XIV\",\"Top Ultime Notizie\",\"Ultime Notizie\"],\"inLanguage\":\"it-IT\"},{\"@type\":\"WebPage\",\"@id\":\"https:\\\/\\\/exaudi.org\\\/it\\\/la-preghiera-di-francesco-per-il-myanmar\\\/\",\"url\":\"https:\\\/\\\/exaudi.org\\\/it\\\/la-preghiera-di-francesco-per-il-myanmar\\\/\",\"name\":\"La preghiera di Francesco per il Myanmar &#8211; Exaudi\",\"isPartOf\":{\"@id\":\"https:\\\/\\\/exaudi.org\\\/#website\"},\"primaryImageOfPage\":{\"@id\":\"https:\\\/\\\/exaudi.org\\\/it\\\/la-preghiera-di-francesco-per-il-myanmar\\\/#primaryimage\"},\"image\":{\"@id\":\"https:\\\/\\\/exaudi.org\\\/it\\\/la-preghiera-di-francesco-per-il-myanmar\\\/#primaryimage\"},\"thumbnailUrl\":\"https:\\\/\\\/exaudi.org\\\/wp-content\\\/uploads\\\/2021\\\/05\\\/cq5dam.thumbnail.cropped.750.422-7.jpeg\",\"datePublished\":\"2021-05-16T15:22:56+00:00\",\"author\":{\"@id\":\"https:\\\/\\\/exaudi.org\\\/#\\\/schema\\\/person\\\/e1ab6ed07c01774724dd96f925f3a5f0\"},\"description\":\"Il Papa ha celebrato la Messa a San Pietro per la comunit\u00e0 birmana pregando per la pacificazione del Myanmar: \\\"Non perdete la speranza\\\"\",\"breadcrumb\":{\"@id\":\"https:\\\/\\\/exaudi.org\\\/it\\\/la-preghiera-di-francesco-per-il-myanmar\\\/#breadcrumb\"},\"inLanguage\":\"it-IT\",\"potentialAction\":[{\"@type\":\"ReadAction\",\"target\":[\"https:\\\/\\\/exaudi.org\\\/it\\\/la-preghiera-di-francesco-per-il-myanmar\\\/\"]}]},{\"@type\":\"ImageObject\",\"inLanguage\":\"it-IT\",\"@id\":\"https:\\\/\\\/exaudi.org\\\/it\\\/la-preghiera-di-francesco-per-il-myanmar\\\/#primaryimage\",\"url\":\"https:\\\/\\\/exaudi.org\\\/wp-content\\\/uploads\\\/2021\\\/05\\\/cq5dam.thumbnail.cropped.750.422-7.jpeg\",\"contentUrl\":\"https:\\\/\\\/exaudi.org\\\/wp-content\\\/uploads\\\/2021\\\/05\\\/cq5dam.thumbnail.cropped.750.422-7.jpeg\",\"width\":750,\"height\":422,\"caption\":\"La messa del Papa per il Myanmar \u00a9 Vatican Media\"},{\"@type\":\"BreadcrumbList\",\"@id\":\"https:\\\/\\\/exaudi.org\\\/it\\\/la-preghiera-di-francesco-per-il-myanmar\\\/#breadcrumb\",\"itemListElement\":[{\"@type\":\"ListItem\",\"position\":1,\"name\":\"Portada\",\"item\":\"https:\\\/\\\/exaudi.org\\\/it\\\/\"},{\"@type\":\"ListItem\",\"position\":2,\"name\":\"La preghiera di Francesco per il Myanmar\"}]},{\"@type\":\"WebSite\",\"@id\":\"https:\\\/\\\/exaudi.org\\\/#website\",\"url\":\"https:\\\/\\\/exaudi.org\\\/\",\"name\":\"Exaudi\",\"description\":\"News\",\"potentialAction\":[{\"@type\":\"SearchAction\",\"target\":{\"@type\":\"EntryPoint\",\"urlTemplate\":\"https:\\\/\\\/exaudi.org\\\/?s={search_term_string}\"},\"query-input\":{\"@type\":\"PropertyValueSpecification\",\"valueRequired\":true,\"valueName\":\"search_term_string\"}}],\"inLanguage\":\"it-IT\"},{\"@type\":\"Person\",\"@id\":\"https:\\\/\\\/exaudi.org\\\/#\\\/schema\\\/person\\\/e1ab6ed07c01774724dd96f925f3a5f0\",\"name\":\"Exaudi Redazione\",\"image\":{\"@type\":\"ImageObject\",\"inLanguage\":\"it-IT\",\"@id\":\"https:\\\/\\\/secure.gravatar.com\\\/avatar\\\/ad6774b3ada023bf5b939d64f45c94b3adf91502dd883507d469b4308a943bb3?s=96&d=mm&r=g\",\"url\":\"https:\\\/\\\/secure.gravatar.com\\\/avatar\\\/ad6774b3ada023bf5b939d64f45c94b3adf91502dd883507d469b4308a943bb3?s=96&d=mm&r=g\",\"contentUrl\":\"https:\\\/\\\/secure.gravatar.com\\\/avatar\\\/ad6774b3ada023bf5b939d64f45c94b3adf91502dd883507d469b4308a943bb3?s=96&d=mm&r=g\",\"caption\":\"Exaudi Redazione\"},\"description\":\"Che cosa \u00e8 Exaudi News? Exaudi News \u00e8 un agenzia cattolica internazionale che informa, istruisce e trasforma quotidianamente in spagnolo, inglese e italiano. Attraverso notizie, articoli di analisi e trasmissioni in diretta degli eventi del Papa, Exaudi cerca di rafforzare l'unit\u00e0 dei cristiani e di contribuire all'evangelizzazione del mondo, sempre guidato dalla dottrina sociale della Chiesa. Lavoriamo per portare la verit\u00e0 e i valori cristiani in ogni angolo del pianeta. Aiutaci a trasformare il mondo con Exaudi! Noi di Exaudi crediamo che l'evangelizzazione e l'informazione di qualit\u00e0 possano cambiare la vita. Per continuare la nostra missione ed espandere la nostra portata, abbiamo bisogno del tuo aiuto. Stiamo anche cercando persone motivate che vogliano unirsi al nostro team. Grazie al vostro sostegno raggiungeremo pi\u00f9 persone, diffonderemo il messaggio di Cristo e rafforzeremo l'unit\u00e0 dei cristiani. Vuoi unirti alla nostra missione? Per maggiori informazioni su come contribuire, visita Exaudi.org\\\/it o contattaci direttamente: info@exaudi.org Exaudi: informa, forma e trasforma.\",\"sameAs\":[\"https:\\\/\\\/www.facebook.com\\\/ExaudiNotizie\\\/\",\"https:\\\/\\\/www.instagram.com\\\/Exaudi_notizie\\\/\",\"https:\\\/\\\/x.com\\\/Exaudi_Notizie\",\"https:\\\/\\\/www.youtube.com\\\/@exaudicatholicnews\"],\"url\":\"https:\\\/\\\/exaudi.org\\\/it\\\/author\\\/dlvedi-org\\\/\"}]}<\/script>\n<!-- \/ Yoast SEO plugin. -->","yoast_head_json":{"title":"La preghiera di Francesco per il Myanmar &#8211; Exaudi","description":"Il Papa ha celebrato la Messa a San Pietro per la comunit\u00e0 birmana pregando per la pacificazione del Myanmar: \"Non perdete la speranza\"","robots":{"index":"index","follow":"follow","max-snippet":"max-snippet:-1","max-image-preview":"max-image-preview:large","max-video-preview":"max-video-preview:-1"},"canonical":"https:\/\/exaudi.org\/it\/la-preghiera-di-francesco-per-il-myanmar\/","og_locale":"it_IT","og_type":"article","og_title":"La preghiera di Francesco per il Myanmar &#8211; Exaudi","og_description":"Il Papa ha celebrato la Messa a San Pietro per la comunit\u00e0 birmana pregando per la pacificazione del Myanmar: \"Non perdete la speranza\"","og_url":"https:\/\/exaudi.org\/it\/la-preghiera-di-francesco-per-il-myanmar\/","og_site_name":"Exaudi","article_publisher":"https:\/\/www.facebook.com\/ExaudiNews","article_author":"https:\/\/www.facebook.com\/ExaudiNotizie\/","article_published_time":"2021-05-16T15:22:56+00:00","og_image":[{"width":750,"height":422,"url":"https:\/\/exaudi.org\/wp-content\/uploads\/2021\/05\/cq5dam.thumbnail.cropped.750.422-7.jpeg","type":"image\/jpeg"}],"author":"Exaudi Redazione","twitter_card":"summary_large_image","twitter_creator":"@Exaudi_Notizie","twitter_site":"@Exaudi_News","twitter_misc":{"Scritto da":"Exaudi Redazione","Tempo di lettura stimato":"6 minuti"},"schema":{"@context":"https:\/\/schema.org","@graph":[{"@type":"Article","@id":"https:\/\/exaudi.org\/it\/la-preghiera-di-francesco-per-il-myanmar\/#article","isPartOf":{"@id":"https:\/\/exaudi.org\/it\/la-preghiera-di-francesco-per-il-myanmar\/"},"author":{"name":"Exaudi Redazione","@id":"https:\/\/exaudi.org\/#\/schema\/person\/e1ab6ed07c01774724dd96f925f3a5f0"},"headline":"La preghiera di Francesco per il Myanmar","datePublished":"2021-05-16T15:22:56+00:00","mainEntityOfPage":{"@id":"https:\/\/exaudi.org\/it\/la-preghiera-di-francesco-per-il-myanmar\/"},"wordCount":1375,"image":{"@id":"https:\/\/exaudi.org\/it\/la-preghiera-di-francesco-per-il-myanmar\/#primaryimage"},"thumbnailUrl":"https:\/\/exaudi.org\/wp-content\/uploads\/2021\/05\/cq5dam.thumbnail.cropped.750.422-7.jpeg","keywords":["myanmar","Papa Francesco"],"articleSection":["Leone XIV","Top Ultime Notizie","Ultime Notizie"],"inLanguage":"it-IT"},{"@type":"WebPage","@id":"https:\/\/exaudi.org\/it\/la-preghiera-di-francesco-per-il-myanmar\/","url":"https:\/\/exaudi.org\/it\/la-preghiera-di-francesco-per-il-myanmar\/","name":"La preghiera di Francesco per il Myanmar &#8211; Exaudi","isPartOf":{"@id":"https:\/\/exaudi.org\/#website"},"primaryImageOfPage":{"@id":"https:\/\/exaudi.org\/it\/la-preghiera-di-francesco-per-il-myanmar\/#primaryimage"},"image":{"@id":"https:\/\/exaudi.org\/it\/la-preghiera-di-francesco-per-il-myanmar\/#primaryimage"},"thumbnailUrl":"https:\/\/exaudi.org\/wp-content\/uploads\/2021\/05\/cq5dam.thumbnail.cropped.750.422-7.jpeg","datePublished":"2021-05-16T15:22:56+00:00","author":{"@id":"https:\/\/exaudi.org\/#\/schema\/person\/e1ab6ed07c01774724dd96f925f3a5f0"},"description":"Il Papa ha celebrato la Messa a San Pietro per la comunit\u00e0 birmana pregando per la pacificazione del Myanmar: \"Non perdete la speranza\"","breadcrumb":{"@id":"https:\/\/exaudi.org\/it\/la-preghiera-di-francesco-per-il-myanmar\/#breadcrumb"},"inLanguage":"it-IT","potentialAction":[{"@type":"ReadAction","target":["https:\/\/exaudi.org\/it\/la-preghiera-di-francesco-per-il-myanmar\/"]}]},{"@type":"ImageObject","inLanguage":"it-IT","@id":"https:\/\/exaudi.org\/it\/la-preghiera-di-francesco-per-il-myanmar\/#primaryimage","url":"https:\/\/exaudi.org\/wp-content\/uploads\/2021\/05\/cq5dam.thumbnail.cropped.750.422-7.jpeg","contentUrl":"https:\/\/exaudi.org\/wp-content\/uploads\/2021\/05\/cq5dam.thumbnail.cropped.750.422-7.jpeg","width":750,"height":422,"caption":"La messa del Papa per il Myanmar \u00a9 Vatican Media"},{"@type":"BreadcrumbList","@id":"https:\/\/exaudi.org\/it\/la-preghiera-di-francesco-per-il-myanmar\/#breadcrumb","itemListElement":[{"@type":"ListItem","position":1,"name":"Portada","item":"https:\/\/exaudi.org\/it\/"},{"@type":"ListItem","position":2,"name":"La preghiera di Francesco per il Myanmar"}]},{"@type":"WebSite","@id":"https:\/\/exaudi.org\/#website","url":"https:\/\/exaudi.org\/","name":"Exaudi","description":"News","potentialAction":[{"@type":"SearchAction","target":{"@type":"EntryPoint","urlTemplate":"https:\/\/exaudi.org\/?s={search_term_string}"},"query-input":{"@type":"PropertyValueSpecification","valueRequired":true,"valueName":"search_term_string"}}],"inLanguage":"it-IT"},{"@type":"Person","@id":"https:\/\/exaudi.org\/#\/schema\/person\/e1ab6ed07c01774724dd96f925f3a5f0","name":"Exaudi Redazione","image":{"@type":"ImageObject","inLanguage":"it-IT","@id":"https:\/\/secure.gravatar.com\/avatar\/ad6774b3ada023bf5b939d64f45c94b3adf91502dd883507d469b4308a943bb3?s=96&d=mm&r=g","url":"https:\/\/secure.gravatar.com\/avatar\/ad6774b3ada023bf5b939d64f45c94b3adf91502dd883507d469b4308a943bb3?s=96&d=mm&r=g","contentUrl":"https:\/\/secure.gravatar.com\/avatar\/ad6774b3ada023bf5b939d64f45c94b3adf91502dd883507d469b4308a943bb3?s=96&d=mm&r=g","caption":"Exaudi Redazione"},"description":"Che cosa \u00e8 Exaudi News? Exaudi News \u00e8 un agenzia cattolica internazionale che informa, istruisce e trasforma quotidianamente in spagnolo, inglese e italiano. Attraverso notizie, articoli di analisi e trasmissioni in diretta degli eventi del Papa, Exaudi cerca di rafforzare l'unit\u00e0 dei cristiani e di contribuire all'evangelizzazione del mondo, sempre guidato dalla dottrina sociale della Chiesa. Lavoriamo per portare la verit\u00e0 e i valori cristiani in ogni angolo del pianeta. Aiutaci a trasformare il mondo con Exaudi! Noi di Exaudi crediamo che l'evangelizzazione e l'informazione di qualit\u00e0 possano cambiare la vita. Per continuare la nostra missione ed espandere la nostra portata, abbiamo bisogno del tuo aiuto. Stiamo anche cercando persone motivate che vogliano unirsi al nostro team. Grazie al vostro sostegno raggiungeremo pi\u00f9 persone, diffonderemo il messaggio di Cristo e rafforzeremo l'unit\u00e0 dei cristiani. Vuoi unirti alla nostra missione? Per maggiori informazioni su come contribuire, visita Exaudi.org\/it o contattaci direttamente: info@exaudi.org Exaudi: informa, forma e trasforma.","sameAs":["https:\/\/www.facebook.com\/ExaudiNotizie\/","https:\/\/www.instagram.com\/Exaudi_notizie\/","https:\/\/x.com\/Exaudi_Notizie","https:\/\/www.youtube.com\/@exaudicatholicnews"],"url":"https:\/\/exaudi.org\/it\/author\/dlvedi-org\/"}]}},"jetpack_featured_media_url":"https:\/\/exaudi.org\/wp-content\/uploads\/2021\/05\/cq5dam.thumbnail.cropped.750.422-7.jpeg","jetpack_shortlink":"https:\/\/wp.me\/pgKjF2-4sA","_links":{"self":[{"href":"https:\/\/exaudi.org\/it\/wp-json\/wp\/v2\/posts\/17148","targetHints":{"allow":["GET"]}}],"collection":[{"href":"https:\/\/exaudi.org\/it\/wp-json\/wp\/v2\/posts"}],"about":[{"href":"https:\/\/exaudi.org\/it\/wp-json\/wp\/v2\/types\/post"}],"author":[{"embeddable":true,"href":"https:\/\/exaudi.org\/it\/wp-json\/wp\/v2\/users\/17"}],"replies":[{"embeddable":true,"href":"https:\/\/exaudi.org\/it\/wp-json\/wp\/v2\/comments?post=17148"}],"version-history":[{"count":0,"href":"https:\/\/exaudi.org\/it\/wp-json\/wp\/v2\/posts\/17148\/revisions"}],"wp:featuredmedia":[{"embeddable":true,"href":"https:\/\/exaudi.org\/it\/wp-json\/wp\/v2\/media\/17117"}],"wp:attachment":[{"href":"https:\/\/exaudi.org\/it\/wp-json\/wp\/v2\/media?parent=17148"}],"wp:term":[{"taxonomy":"category","embeddable":true,"href":"https:\/\/exaudi.org\/it\/wp-json\/wp\/v2\/categories?post=17148"},{"taxonomy":"post_tag","embeddable":true,"href":"https:\/\/exaudi.org\/it\/wp-json\/wp\/v2\/tags?post=17148"}],"curies":[{"name":"wp","href":"https:\/\/api.w.org\/{rel}","templated":true}]}}