{"id":169018,"date":"2026-04-30T18:54:48","date_gmt":"2026-04-30T16:54:48","guid":{"rendered":"https:\/\/exaudi.org\/?p=169018"},"modified":"2026-04-30T18:54:48","modified_gmt":"2026-04-30T16:54:48","slug":"come-parlare-di-dio-a-chi-pensa-di-non-mancare-di-nulla","status":"publish","type":"post","link":"https:\/\/exaudi.org\/it\/come-parlare-di-dio-a-chi-pensa-di-non-mancare-di-nulla\/","title":{"rendered":"Come parlare di Dio a chi pensa di non mancare di nulla"},"content":{"rendered":"<p data-path-to-node=\"3\"><span dir=\"auto\" style=\"vertical-align: inherit\"><span dir=\"auto\" style=\"vertical-align: inherit\">Spesso, nella mensa universitaria o tra le email in ufficio, si sente l&#8217;osservazione tagliente: &#8220;Dio non esiste; \u00e8 una perdita di tempo&#8221;. Per un cattolico, quel momento \u00e8 come attraversare un campo minato. Tuttavia, fonti autorevoli come l&#8217;Evangelii Gaudium di Francesco o le Riflessioni sulla ragione di Benedetto XVI ci insegnano che la fede non si impone, ma si offre attraverso l&#8217;attrazione.<\/span><\/span><\/p>\n<p data-path-to-node=\"4\"><span dir=\"auto\" style=\"vertical-align: inherit\"><span dir=\"auto\" style=\"vertical-align: inherit\">Ecco una tabella di marcia analitica e costruttiva per trasformare quel muro in una porta.<\/span><\/span><\/p>\n<h3 data-path-to-node=\"6\"><strong><span dir=\"auto\" style=\"vertical-align: inherit\"><span dir=\"auto\" style=\"vertical-align: inherit\">1. L&#8217;Apologetica della bellezza (Via Pulchritudinis)<\/span><\/span><\/strong><\/h3>\n<p data-path-to-node=\"7\"><span dir=\"auto\" style=\"vertical-align: inherit\"><span dir=\"auto\" style=\"vertical-align: inherit\">Quando qualcuno ti dice che stai perdendo tempo, non cercare subito di vincere una discussione intellettuale. La Chiesa insegna che la bellezza \u00e8 la freccia che trafigge il cuore prima della ragione.<\/span><\/span><\/p>\n<p data-path-to-node=\"8\"><span dir=\"auto\" style=\"vertical-align: inherit\"><span dir=\"auto\" style=\"vertical-align: inherit\">In pratica, questo significa che il tuo lavoro \u00e8 svolto al meglio delle tue capacit\u00e0, la tua gioia \u00e8 autentica e la tua pace in mezzo al caos \u00e8 inspiegabile. Il messaggio implicito \u00e8 potente: non parli costantemente di Dio, ma gli altri percepiscono che qualcosa di superiore ti motiva. Come ci ha ricordato San Francesco d&#8217;Assisi, si tratta di predicare il Vangelo in ogni momento e, solo se necessario, di usare le parole.<\/span><\/span><\/p>\n<h3 data-path-to-node=\"9\"><strong><span dir=\"auto\" style=\"vertical-align: inherit\"><span dir=\"auto\" style=\"vertical-align: inherit\">2. Sfatare i pregiudizi: la fede \u00e8 una &#8220;perdita di tempo&#8221;?<\/span><\/span><\/strong><\/h3>\n<p data-path-to-node=\"10\"><span dir=\"auto\" style=\"vertical-align: inherit\"><span dir=\"auto\" style=\"vertical-align: inherit\">Viviamo in una societ\u00e0 utilitaristica in cui solo ci\u00f2 che produce un beneficio immediato sembra avere valore. Il Catechismo e l&#8217;enciclica Fides et Ratio spiegano che la fede non \u00e8 una rinuncia all&#8217;intelligenza, ma il suo compimento.<\/span><\/span><\/p>\n<p data-path-to-node=\"11\"><span dir=\"auto\" style=\"vertical-align: inherit\"><span dir=\"auto\" style=\"vertical-align: inherit\">La tua risposta analitica potrebbe essere semplice: amore, amicizia e musica potrebbero essere considerati una perdita di tempo anche da una prospettiva puramente biologica o economica. Tuttavia, sono proprio queste cose che danno un senso alla vita. Investire tempo in Dio significa, in realt\u00e0, investire nella fonte stessa della propria umanit\u00e0. Se la fede ti rende un partner migliore e pi\u00f9 resiliente, allora il tempo speso \u00e8 pi\u00f9 che ben investito.<\/span><\/span><\/p>\n<h3 data-path-to-node=\"12\"><strong><span dir=\"auto\" style=\"vertical-align: inherit\"><span dir=\"auto\" style=\"vertical-align: inherit\">3. Il metodo Emmaus: la pedagogia dell&#8217;ascolto<\/span><\/span><\/strong><\/h3>\n<p data-path-to-node=\"13\"><span dir=\"auto\" style=\"vertical-align: inherit\"><span dir=\"auto\" style=\"vertical-align: inherit\">Ges\u00f9, sulla via di Emmaus, non inizi\u00f2 impartendo una lezione di teologia; prima chiese: &#8220;Di cosa state parlando?&#8221;. Spesso, l&#8217;ateismo aggressivo deriva da una ferita, da un cattivo esempio religioso ricevuto nell&#8217;infanzia o da un vuoto esistenziale mal gestito.<\/span><\/span><\/p>\n<p data-path-to-node=\"14\"><span dir=\"auto\" style=\"vertical-align: inherit\"><span dir=\"auto\" style=\"vertical-align: inherit\">Anzich\u00e9 assumere un atteggiamento difensivo, adotta il metodo didattico dell&#8217;accompagnamento. Chiedi con sincero interesse cosa disturba maggiormente l&#8217;altra persona riguardo all&#8217;idea di Dio. L&#8217;ascolto \u00e8 il primo atto di carit\u00e0 e quello che solitamente disarma l&#8217;ostilit\u00e0.<\/span><\/span><\/p>\n<h3 data-path-to-node=\"15\"><strong><span dir=\"auto\" style=\"vertical-align: inherit\"><span dir=\"auto\" style=\"vertical-align: inherit\">4. Essere segni di contraddizione senza essere conflittuali<\/span><\/span><\/strong><\/h3>\n<p data-path-to-node=\"16\"><span dir=\"auto\" style=\"vertical-align: inherit\"><span dir=\"auto\" style=\"vertical-align: inherit\">A scuola o all&#8217;universit\u00e0, la pressione dei pari \u00e8 enorme. La Chiesa ci invita ad essere luce, non fiamme. A scuola, di fronte al ridicolo, la risposta \u00e8 naturale: spiegare che la preghiera ci aiuta ad amare meglio gli altri. All&#8217;universit\u00e0, di fronte al mito che la scienza neghi la fede, si pu\u00f2 proporre che la scienza spiega il &#8220;come&#8221; mentre la fede spiega il &#8220;perch\u00e9&#8221;. Sul lavoro, di fronte allo scetticismo, l&#8217;integrit\u00e0 assoluta e l&#8217;aiuto a coloro che nessun altro vuole aiutare sono gli argomenti migliori.<\/span><\/span><\/p>\n<h3 data-path-to-node=\"18\"><strong><span dir=\"auto\" style=\"vertical-align: inherit\"><span dir=\"auto\" style=\"vertical-align: inherit\">Il testimone \u00e8 una calamita, non un martello.<\/span><\/span><\/strong><\/h3>\n<p data-path-to-node=\"19\"><span dir=\"auto\" style=\"vertical-align: inherit\"><span dir=\"auto\" style=\"vertical-align: inherit\">Spiegare la fede a chi non vuole ascoltarla non significa vincere una discussione, ma risvegliare in lui la sete di essa. Se la tua vita \u00e8 coerente, profonda e piena di speranza, prima o poi qualcuno ti chieder\u00e0 da dove trai la tua forza. Quel giorno, non avrai sprecato il tuo tempo; avrai compiuto la tua missione. Non si tratta di difendere Dio, ma di permettergli di vivere attraverso di te. Come disse san Giovanni Paolo II: &#8220;La fede si rafforza donandola&#8221;.<\/span><\/span><\/p>\n","protected":false},"excerpt":{"rendered":"<p>L&#8217;arte di illuminare le stelle in pieno giorno<\/p>\n","protected":false},"author":172,"featured_media":168634,"comment_status":"closed","ping_status":"closed","sticky":false,"template":"","format":"standard","meta":{"_acf_changed":false,"_crdt_document":"","inline_featured_image":false,"footnotes":""},"categories":[129],"tags":[111107,61335,1722,28183,11257,76591,60917,11104,1092,109124,34369,14287,21637,64788,10333,64903,111109,111108,23147,64787,111110],"class_list":["post-169018","post","type-post","status-publish","format-standard","has-post-thumbnail","hentry","category-voci","tag-apologetica-moderna-2","tag-ateismo-e-fede","tag-benedetto-xvi","tag-cattolicesimo","tag-coerenza-di-vita","tag-dialogo-tra-fede-e-cultura","tag-difesa-della-fede","tag-evangelii-gaudium-2","tag-evangelizzazione","tag-evangelizzazione-giovanile","tag-fede-e-ragione","tag-fides-et-ratio-2","tag-formazione-cattolica","tag-papa-francesco-it-5","tag-san-giovanni-paolo-ii","tag-speranza-cristiana-it","tag-spiegare-la-fede","tag-spiritualita-alluniversita","tag-testimonianza-cristiana","tag-trending-it-236","tag-vita-cristiana-al-lavoro"],"acf":[],"yoast_head":"<!-- This site is optimized with the Yoast SEO plugin v27.5 - https:\/\/yoast.com\/product\/yoast-seo-wordpress\/ -->\n<title>Come parlare di Dio a chi pensa di non mancare di nulla &#8211; Exaudi<\/title>\n<meta name=\"robots\" content=\"index, follow, max-snippet:-1, max-image-preview:large, max-video-preview:-1\" \/>\n<link rel=\"canonical\" href=\"https:\/\/exaudi.org\/it\/come-parlare-di-dio-a-chi-pensa-di-non-mancare-di-nulla\/\" \/>\n<meta property=\"og:locale\" content=\"it_IT\" \/>\n<meta property=\"og:type\" content=\"article\" \/>\n<meta property=\"og:title\" content=\"Come parlare di Dio a chi pensa di non mancare di nulla &#8211; Exaudi\" \/>\n<meta property=\"og:description\" content=\"L&#039;arte di illuminare le stelle in pieno giorno\" \/>\n<meta property=\"og:url\" content=\"https:\/\/exaudi.org\/it\/come-parlare-di-dio-a-chi-pensa-di-non-mancare-di-nulla\/\" \/>\n<meta property=\"og:site_name\" content=\"Exaudi\" \/>\n<meta property=\"article:publisher\" content=\"https:\/\/www.facebook.com\/ExaudiNews\" \/>\n<meta property=\"article:published_time\" content=\"2026-04-30T16:54:48+00:00\" \/>\n<meta property=\"og:image\" content=\"https:\/\/exaudi.org\/wp-content\/uploads\/2026\/04\/Gemini_Generated_Image_bkjxsebkjxsebkjx.jpg\" \/>\n\t<meta property=\"og:image:width\" content=\"1376\" \/>\n\t<meta property=\"og:image:height\" content=\"768\" \/>\n\t<meta property=\"og:image:type\" content=\"image\/jpeg\" \/>\n<meta name=\"author\" content=\"Miguel Morales Gabriel\" \/>\n<meta name=\"twitter:card\" content=\"summary_large_image\" \/>\n<meta name=\"twitter:creator\" content=\"@Exaudi_News\" \/>\n<meta name=\"twitter:site\" content=\"@Exaudi_News\" \/>\n<meta name=\"twitter:label1\" content=\"Scritto da\" \/>\n\t<meta name=\"twitter:data1\" content=\"Miguel Morales Gabriel\" \/>\n\t<meta name=\"twitter:label2\" content=\"Tempo di lettura stimato\" \/>\n\t<meta name=\"twitter:data2\" content=\"3 minuti\" \/>\n<script type=\"application\/ld+json\" class=\"yoast-schema-graph\">{\"@context\":\"https:\\\/\\\/schema.org\",\"@graph\":[{\"@type\":\"Article\",\"@id\":\"https:\\\/\\\/exaudi.org\\\/it\\\/come-parlare-di-dio-a-chi-pensa-di-non-mancare-di-nulla\\\/#article\",\"isPartOf\":{\"@id\":\"https:\\\/\\\/exaudi.org\\\/it\\\/come-parlare-di-dio-a-chi-pensa-di-non-mancare-di-nulla\\\/\"},\"author\":{\"name\":\"Miguel Morales Gabriel\",\"@id\":\"https:\\\/\\\/exaudi.org\\\/#\\\/schema\\\/person\\\/e3aa4e56ecee909fa93b86ab62788ea5\"},\"headline\":\"Come parlare di Dio a chi pensa di non mancare di nulla\",\"datePublished\":\"2026-04-30T16:54:48+00:00\",\"mainEntityOfPage\":{\"@id\":\"https:\\\/\\\/exaudi.org\\\/it\\\/come-parlare-di-dio-a-chi-pensa-di-non-mancare-di-nulla\\\/\"},\"wordCount\":587,\"image\":{\"@id\":\"https:\\\/\\\/exaudi.org\\\/it\\\/come-parlare-di-dio-a-chi-pensa-di-non-mancare-di-nulla\\\/#primaryimage\"},\"thumbnailUrl\":\"https:\\\/\\\/exaudi.org\\\/wp-content\\\/uploads\\\/2026\\\/04\\\/Gemini_Generated_Image_bkjxsebkjxsebkjx.jpg\",\"keywords\":[\"Apologetica moderna\",\"Ateismo e fede\",\"Benedetto XVI\",\"Cattolicesimo\",\"COERENZA DI VITA\",\"Dialogo tra fede e cultura\",\"Difesa della fede\",\"Evangelii Gaudium\",\"evangelizzazione\",\"evangelizzazione giovanile\",\"Fede e Ragione\",\"FIDES ET RATIO\",\"FORMAZIONE CATTOLICA\",\"Papa Francesco\",\"SAN GIOVANNI PAOLO II\",\"speranza cristiana\",\"Spiegare la fede\",\"Spiritualit\u00e0 all'universit\u00e0\",\"testimonianza cristiana\",\"Trending\",\"Vita cristiana al lavoro\"],\"articleSection\":[\"Voci\"],\"inLanguage\":\"it-IT\"},{\"@type\":\"WebPage\",\"@id\":\"https:\\\/\\\/exaudi.org\\\/it\\\/come-parlare-di-dio-a-chi-pensa-di-non-mancare-di-nulla\\\/\",\"url\":\"https:\\\/\\\/exaudi.org\\\/it\\\/come-parlare-di-dio-a-chi-pensa-di-non-mancare-di-nulla\\\/\",\"name\":\"Come parlare di Dio a chi pensa di non mancare di nulla &#8211; Exaudi\",\"isPartOf\":{\"@id\":\"https:\\\/\\\/exaudi.org\\\/#website\"},\"primaryImageOfPage\":{\"@id\":\"https:\\\/\\\/exaudi.org\\\/it\\\/come-parlare-di-dio-a-chi-pensa-di-non-mancare-di-nulla\\\/#primaryimage\"},\"image\":{\"@id\":\"https:\\\/\\\/exaudi.org\\\/it\\\/come-parlare-di-dio-a-chi-pensa-di-non-mancare-di-nulla\\\/#primaryimage\"},\"thumbnailUrl\":\"https:\\\/\\\/exaudi.org\\\/wp-content\\\/uploads\\\/2026\\\/04\\\/Gemini_Generated_Image_bkjxsebkjxsebkjx.jpg\",\"datePublished\":\"2026-04-30T16:54:48+00:00\",\"author\":{\"@id\":\"https:\\\/\\\/exaudi.org\\\/#\\\/schema\\\/person\\\/e3aa4e56ecee909fa93b86ab62788ea5\"},\"breadcrumb\":{\"@id\":\"https:\\\/\\\/exaudi.org\\\/it\\\/come-parlare-di-dio-a-chi-pensa-di-non-mancare-di-nulla\\\/#breadcrumb\"},\"inLanguage\":\"it-IT\",\"potentialAction\":[{\"@type\":\"ReadAction\",\"target\":[\"https:\\\/\\\/exaudi.org\\\/it\\\/come-parlare-di-dio-a-chi-pensa-di-non-mancare-di-nulla\\\/\"]}]},{\"@type\":\"ImageObject\",\"inLanguage\":\"it-IT\",\"@id\":\"https:\\\/\\\/exaudi.org\\\/it\\\/come-parlare-di-dio-a-chi-pensa-di-non-mancare-di-nulla\\\/#primaryimage\",\"url\":\"https:\\\/\\\/exaudi.org\\\/wp-content\\\/uploads\\\/2026\\\/04\\\/Gemini_Generated_Image_bkjxsebkjxsebkjx.jpg\",\"contentUrl\":\"https:\\\/\\\/exaudi.org\\\/wp-content\\\/uploads\\\/2026\\\/04\\\/Gemini_Generated_Image_bkjxsebkjxsebkjx.jpg\",\"width\":1376,\"height\":768},{\"@type\":\"BreadcrumbList\",\"@id\":\"https:\\\/\\\/exaudi.org\\\/it\\\/come-parlare-di-dio-a-chi-pensa-di-non-mancare-di-nulla\\\/#breadcrumb\",\"itemListElement\":[{\"@type\":\"ListItem\",\"position\":1,\"name\":\"Portada\",\"item\":\"https:\\\/\\\/exaudi.org\\\/it\\\/\"},{\"@type\":\"ListItem\",\"position\":2,\"name\":\"Come parlare di Dio a chi pensa di non mancare di nulla\"}]},{\"@type\":\"WebSite\",\"@id\":\"https:\\\/\\\/exaudi.org\\\/#website\",\"url\":\"https:\\\/\\\/exaudi.org\\\/\",\"name\":\"Exaudi\",\"description\":\"News\",\"potentialAction\":[{\"@type\":\"SearchAction\",\"target\":{\"@type\":\"EntryPoint\",\"urlTemplate\":\"https:\\\/\\\/exaudi.org\\\/?s={search_term_string}\"},\"query-input\":{\"@type\":\"PropertyValueSpecification\",\"valueRequired\":true,\"valueName\":\"search_term_string\"}}],\"inLanguage\":\"it-IT\"},{\"@type\":\"Person\",\"@id\":\"https:\\\/\\\/exaudi.org\\\/#\\\/schema\\\/person\\\/e3aa4e56ecee909fa93b86ab62788ea5\",\"name\":\"Miguel Morales Gabriel\",\"image\":{\"@type\":\"ImageObject\",\"inLanguage\":\"it-IT\",\"@id\":\"https:\\\/\\\/secure.gravatar.com\\\/avatar\\\/ebf41cf87d1ad0ad22bb9835362c20595e2ea28aef545333e7b96251378f3aae?s=96&d=mm&r=g\",\"url\":\"https:\\\/\\\/secure.gravatar.com\\\/avatar\\\/ebf41cf87d1ad0ad22bb9835362c20595e2ea28aef545333e7b96251378f3aae?s=96&d=mm&r=g\",\"contentUrl\":\"https:\\\/\\\/secure.gravatar.com\\\/avatar\\\/ebf41cf87d1ad0ad22bb9835362c20595e2ea28aef545333e7b96251378f3aae?s=96&d=mm&r=g\",\"caption\":\"Miguel Morales Gabriel\"},\"description\":\"Soy un jubilado empresario cat\u00f3lico, esposo devoto, padre esforzado, abuelo cari\u00f1oso y amigo leal; fundador de su empresa familiar donde lider\u00f3 con integridad durante d\u00e9cadas generando empleo y desarrollo local, siempre guiado por su fe, la solidaridad comunitaria y el amor incondicional a su esposa, hijos y nietos, viviendo con el lema de servir con humildad.\",\"url\":\"https:\\\/\\\/exaudi.org\\\/it\\\/author\\\/miguel-morales-gabriel\\\/\"}]}<\/script>\n<!-- \/ Yoast SEO plugin. -->","yoast_head_json":{"title":"Come parlare di Dio a chi pensa di non mancare di nulla &#8211; Exaudi","robots":{"index":"index","follow":"follow","max-snippet":"max-snippet:-1","max-image-preview":"max-image-preview:large","max-video-preview":"max-video-preview:-1"},"canonical":"https:\/\/exaudi.org\/it\/come-parlare-di-dio-a-chi-pensa-di-non-mancare-di-nulla\/","og_locale":"it_IT","og_type":"article","og_title":"Come parlare di Dio a chi pensa di non mancare di nulla &#8211; Exaudi","og_description":"L'arte di illuminare le stelle in pieno giorno","og_url":"https:\/\/exaudi.org\/it\/come-parlare-di-dio-a-chi-pensa-di-non-mancare-di-nulla\/","og_site_name":"Exaudi","article_publisher":"https:\/\/www.facebook.com\/ExaudiNews","article_published_time":"2026-04-30T16:54:48+00:00","og_image":[{"width":1376,"height":768,"url":"https:\/\/exaudi.org\/wp-content\/uploads\/2026\/04\/Gemini_Generated_Image_bkjxsebkjxsebkjx.jpg","type":"image\/jpeg"}],"author":"Miguel Morales Gabriel","twitter_card":"summary_large_image","twitter_creator":"@Exaudi_News","twitter_site":"@Exaudi_News","twitter_misc":{"Scritto da":"Miguel Morales Gabriel","Tempo di lettura stimato":"3 minuti"},"schema":{"@context":"https:\/\/schema.org","@graph":[{"@type":"Article","@id":"https:\/\/exaudi.org\/it\/come-parlare-di-dio-a-chi-pensa-di-non-mancare-di-nulla\/#article","isPartOf":{"@id":"https:\/\/exaudi.org\/it\/come-parlare-di-dio-a-chi-pensa-di-non-mancare-di-nulla\/"},"author":{"name":"Miguel Morales Gabriel","@id":"https:\/\/exaudi.org\/#\/schema\/person\/e3aa4e56ecee909fa93b86ab62788ea5"},"headline":"Come parlare di Dio a chi pensa di non mancare di nulla","datePublished":"2026-04-30T16:54:48+00:00","mainEntityOfPage":{"@id":"https:\/\/exaudi.org\/it\/come-parlare-di-dio-a-chi-pensa-di-non-mancare-di-nulla\/"},"wordCount":587,"image":{"@id":"https:\/\/exaudi.org\/it\/come-parlare-di-dio-a-chi-pensa-di-non-mancare-di-nulla\/#primaryimage"},"thumbnailUrl":"https:\/\/exaudi.org\/wp-content\/uploads\/2026\/04\/Gemini_Generated_Image_bkjxsebkjxsebkjx.jpg","keywords":["Apologetica moderna","Ateismo e fede","Benedetto XVI","Cattolicesimo","COERENZA DI VITA","Dialogo tra fede e cultura","Difesa della fede","Evangelii Gaudium","evangelizzazione","evangelizzazione giovanile","Fede e Ragione","FIDES ET RATIO","FORMAZIONE CATTOLICA","Papa Francesco","SAN GIOVANNI PAOLO II","speranza cristiana","Spiegare la fede","Spiritualit\u00e0 all'universit\u00e0","testimonianza cristiana","Trending","Vita cristiana al lavoro"],"articleSection":["Voci"],"inLanguage":"it-IT"},{"@type":"WebPage","@id":"https:\/\/exaudi.org\/it\/come-parlare-di-dio-a-chi-pensa-di-non-mancare-di-nulla\/","url":"https:\/\/exaudi.org\/it\/come-parlare-di-dio-a-chi-pensa-di-non-mancare-di-nulla\/","name":"Come parlare di Dio a chi pensa di non mancare di nulla &#8211; Exaudi","isPartOf":{"@id":"https:\/\/exaudi.org\/#website"},"primaryImageOfPage":{"@id":"https:\/\/exaudi.org\/it\/come-parlare-di-dio-a-chi-pensa-di-non-mancare-di-nulla\/#primaryimage"},"image":{"@id":"https:\/\/exaudi.org\/it\/come-parlare-di-dio-a-chi-pensa-di-non-mancare-di-nulla\/#primaryimage"},"thumbnailUrl":"https:\/\/exaudi.org\/wp-content\/uploads\/2026\/04\/Gemini_Generated_Image_bkjxsebkjxsebkjx.jpg","datePublished":"2026-04-30T16:54:48+00:00","author":{"@id":"https:\/\/exaudi.org\/#\/schema\/person\/e3aa4e56ecee909fa93b86ab62788ea5"},"breadcrumb":{"@id":"https:\/\/exaudi.org\/it\/come-parlare-di-dio-a-chi-pensa-di-non-mancare-di-nulla\/#breadcrumb"},"inLanguage":"it-IT","potentialAction":[{"@type":"ReadAction","target":["https:\/\/exaudi.org\/it\/come-parlare-di-dio-a-chi-pensa-di-non-mancare-di-nulla\/"]}]},{"@type":"ImageObject","inLanguage":"it-IT","@id":"https:\/\/exaudi.org\/it\/come-parlare-di-dio-a-chi-pensa-di-non-mancare-di-nulla\/#primaryimage","url":"https:\/\/exaudi.org\/wp-content\/uploads\/2026\/04\/Gemini_Generated_Image_bkjxsebkjxsebkjx.jpg","contentUrl":"https:\/\/exaudi.org\/wp-content\/uploads\/2026\/04\/Gemini_Generated_Image_bkjxsebkjxsebkjx.jpg","width":1376,"height":768},{"@type":"BreadcrumbList","@id":"https:\/\/exaudi.org\/it\/come-parlare-di-dio-a-chi-pensa-di-non-mancare-di-nulla\/#breadcrumb","itemListElement":[{"@type":"ListItem","position":1,"name":"Portada","item":"https:\/\/exaudi.org\/it\/"},{"@type":"ListItem","position":2,"name":"Come parlare di Dio a chi pensa di non mancare di nulla"}]},{"@type":"WebSite","@id":"https:\/\/exaudi.org\/#website","url":"https:\/\/exaudi.org\/","name":"Exaudi","description":"News","potentialAction":[{"@type":"SearchAction","target":{"@type":"EntryPoint","urlTemplate":"https:\/\/exaudi.org\/?s={search_term_string}"},"query-input":{"@type":"PropertyValueSpecification","valueRequired":true,"valueName":"search_term_string"}}],"inLanguage":"it-IT"},{"@type":"Person","@id":"https:\/\/exaudi.org\/#\/schema\/person\/e3aa4e56ecee909fa93b86ab62788ea5","name":"Miguel Morales Gabriel","image":{"@type":"ImageObject","inLanguage":"it-IT","@id":"https:\/\/secure.gravatar.com\/avatar\/ebf41cf87d1ad0ad22bb9835362c20595e2ea28aef545333e7b96251378f3aae?s=96&d=mm&r=g","url":"https:\/\/secure.gravatar.com\/avatar\/ebf41cf87d1ad0ad22bb9835362c20595e2ea28aef545333e7b96251378f3aae?s=96&d=mm&r=g","contentUrl":"https:\/\/secure.gravatar.com\/avatar\/ebf41cf87d1ad0ad22bb9835362c20595e2ea28aef545333e7b96251378f3aae?s=96&d=mm&r=g","caption":"Miguel Morales Gabriel"},"description":"Soy un jubilado empresario cat\u00f3lico, esposo devoto, padre esforzado, abuelo cari\u00f1oso y amigo leal; fundador de su empresa familiar donde lider\u00f3 con integridad durante d\u00e9cadas generando empleo y desarrollo local, siempre guiado por su fe, la solidaridad comunitaria y el amor incondicional a su esposa, hijos y nietos, viviendo con el lema de servir con humildad.","url":"https:\/\/exaudi.org\/it\/author\/miguel-morales-gabriel\/"}]}},"jetpack_featured_media_url":"https:\/\/exaudi.org\/wp-content\/uploads\/2026\/04\/Gemini_Generated_Image_bkjxsebkjxsebkjx.jpg","jetpack_shortlink":"https:\/\/wp.me\/pgKjF2-HY6","_links":{"self":[{"href":"https:\/\/exaudi.org\/it\/wp-json\/wp\/v2\/posts\/169018","targetHints":{"allow":["GET"]}}],"collection":[{"href":"https:\/\/exaudi.org\/it\/wp-json\/wp\/v2\/posts"}],"about":[{"href":"https:\/\/exaudi.org\/it\/wp-json\/wp\/v2\/types\/post"}],"author":[{"embeddable":true,"href":"https:\/\/exaudi.org\/it\/wp-json\/wp\/v2\/users\/172"}],"replies":[{"embeddable":true,"href":"https:\/\/exaudi.org\/it\/wp-json\/wp\/v2\/comments?post=169018"}],"version-history":[{"count":3,"href":"https:\/\/exaudi.org\/it\/wp-json\/wp\/v2\/posts\/169018\/revisions"}],"predecessor-version":[{"id":169021,"href":"https:\/\/exaudi.org\/it\/wp-json\/wp\/v2\/posts\/169018\/revisions\/169021"}],"wp:featuredmedia":[{"embeddable":true,"href":"https:\/\/exaudi.org\/it\/wp-json\/wp\/v2\/media\/168634"}],"wp:attachment":[{"href":"https:\/\/exaudi.org\/it\/wp-json\/wp\/v2\/media?parent=169018"}],"wp:term":[{"taxonomy":"category","embeddable":true,"href":"https:\/\/exaudi.org\/it\/wp-json\/wp\/v2\/categories?post=169018"},{"taxonomy":"post_tag","embeddable":true,"href":"https:\/\/exaudi.org\/it\/wp-json\/wp\/v2\/tags?post=169018"}],"curies":[{"name":"wp","href":"https:\/\/api.w.org\/{rel}","templated":true}]}}