{"id":169010,"date":"2026-04-30T18:38:37","date_gmt":"2026-04-30T16:38:37","guid":{"rendered":"https:\/\/exaudi.org\/?p=169010"},"modified":"2026-04-30T18:38:37","modified_gmt":"2026-04-30T16:38:37","slug":"la-soglia-del-cielo-sulla-terra-il-si-che-ha-cambiato-leternita","status":"publish","type":"post","link":"https:\/\/exaudi.org\/it\/la-soglia-del-cielo-sulla-terra-il-si-che-ha-cambiato-leternita\/","title":{"rendered":"La soglia del Cielo sulla Terra: il S\u00ec che ha cambiato l&#8217;eternit\u00e0"},"content":{"rendered":"<p data-path-to-node=\"5\"><span dir=\"auto\" style=\"vertical-align: inherit\"><span dir=\"auto\" style=\"vertical-align: inherit\">Nel silenzio mistico del XV secolo, un frate domenicano di nome Guido di Pietro, che la storia avrebbe ricordato come\u00a0 <\/span><\/span><b data-path-to-node=\"5\" data-index-in-node=\"117\"><span dir=\"auto\" style=\"vertical-align: inherit\"><span dir=\"auto\" style=\"vertical-align: inherit\">Fra Angelico<\/span><\/span><\/b><span dir=\"auto\" style=\"vertical-align: inherit\"><span dir=\"auto\" style=\"vertical-align: inherit\"> , immerse il suo pennello nella luce stessa per narrare l&#8217;evento pi\u00f9 epocale della storia umana. La sua\u00a0 <\/span><\/span><i data-path-to-node=\"5\" data-index-in-node=\"230\"><span dir=\"auto\" style=\"vertical-align: inherit\"><span dir=\"auto\" style=\"vertical-align: inherit\">Annunciazione<\/span><\/span><\/i><span dir=\"auto\" style=\"vertical-align: inherit\"><span dir=\"auto\" style=\"vertical-align: inherit\"> , gioiello assoluto del Museo del Prado, non \u00e8 semplicemente una tavola policroma; \u00e8 una finestra aperta sul mistero dell&#8217;Incarnazione, uno spazio in cui la tecnica rinascimentale cede il passo alle profondit\u00e0 della fede cattolica.<\/span><\/span><\/p>\n<p data-path-to-node=\"6\"><span dir=\"auto\" style=\"vertical-align: inherit\"><span dir=\"auto\" style=\"vertical-align: inherit\">Per lo spettatore contemporaneo, spesso sopraffatto dall&#8217;immediatezza del mondo digitale, accostarsi a quest&#8217;opera richiede una certa disposizione d&#8217;animo. Non stiamo semplicemente osservando un&#8217;illustrazione biblica, ma una &#8220;teologia visiva&#8221;. Fra Angelico, beatificato dalla Chiesa e patrono degli artisti, non dipinse per la gloria degli uomini, ma come atto di predicazione. Ogni pennellata \u00e8 una preghiera; ogni pigmento, un inno di lode.<\/span><\/span><\/p>\n<h3 data-path-to-node=\"7\"><strong><span dir=\"auto\" style=\"vertical-align: inherit\"><span dir=\"auto\" style=\"vertical-align: inherit\">L&#8217;architettura dell&#8217;umilt\u00e0<\/span><\/span><\/strong><\/h3>\n<p data-path-to-node=\"8\"><span dir=\"auto\" style=\"vertical-align: inherit\"><span dir=\"auto\" style=\"vertical-align: inherit\">La scena si svolge sotto un portico rinascimentale di una purezza strutturale mozzafiato. Le colonne corinzie, quasi eucaristiche nel loro candore, dividono lo spazio con una precisione geometrica che vuole riflettere l&#8217;ordine divino. Tuttavia, ci\u00f2 che rende quest&#8217;opera trascendente non \u00e8 solo la sua maestria nella prospettiva \u2013 un&#8217;innovazione radicale per l&#8217;epoca \u2013 ma il modo in cui tale prospettiva conduce lo spettatore al cuore del mistero: il dialogo tra la creatura e il Creatore.<\/span><\/span><\/p>\n<p data-path-to-node=\"9\"><span dir=\"auto\" style=\"vertical-align: inherit\"><span dir=\"auto\" style=\"vertical-align: inherit\">Maria, seduta in un interno austero che prefigura la semplicit\u00e0 dei monasteri domenicani, si inchina con un&#8217;eleganza che non nasce dall&#8217;etichetta, ma dall&#8217;adorazione. Il suo manto blu intenso, colore della trascendenza e della purezza, contrasta con l&#8217;oro che emana dall&#8217;angelo. Ella \u00e8 la &#8220;Terra Santa&#8221; che si prepara a ricevere il Seme Divino. La sua postura, con le braccia incrociate sul petto, non \u00e8 di passivit\u00e0, ma di accettazione attiva e coraggiosa: il\u00a0 <\/span><\/span><i data-path-to-node=\"9\" data-index-in-node=\"475\"><span dir=\"auto\" style=\"vertical-align: inherit\"><span dir=\"auto\" style=\"vertical-align: inherit\">Fiat<\/span><\/span><\/i><span dir=\"auto\" style=\"vertical-align: inherit\"><span dir=\"auto\" style=\"vertical-align: inherit\"> \u00a0che scioglie il nodo dell&#8217;antica disobbedienza.<\/span><\/span><\/p>\n<p data-path-to-node=\"10,0\"><i data-path-to-node=\"10,0\" data-index-in-node=\"0\"><span dir=\"auto\" style=\"vertical-align: inherit\"><span dir=\"auto\" style=\"vertical-align: inherit\">\u00abFra Angelico non dipingeva su commissione per gli uomini, ma per obbedienza alla Verit\u00e0. Si dice che non prendesse mai in mano il pennello senza prima pregare, e che la piet\u00e0 aleggi in ogni centimetro d&#8217;oro delle ali di Gabriele.\u00bb<\/span><\/span><\/i><\/p>\n<h3 data-path-to-node=\"11\"><span dir=\"auto\" style=\"vertical-align: inherit\"><span dir=\"auto\" style=\"vertical-align: inherit\">Gabriele: il messaggero della luce increata<\/span><\/span><\/h3>\n<p data-path-to-node=\"12\"><span dir=\"auto\" style=\"vertical-align: inherit\"><span dir=\"auto\" style=\"vertical-align: inherit\">L&#8217;angelo Gabriele \u00e8 un&#8217;esplosione di colore e di movimento contenuto. Le sue vesti rosa, cosparse di ricami dorati, sembrano vibrare all&#8217;eco del saluto angelico. La posizione delle sue mani, incrociate sul petto in un gesto di reciproca riverenza, ci ricorda che Dio stesso si inchina alla libert\u00e0 umana. Non c&#8217;\u00e8 imposizione, solo un invito luminoso incorniciato dalla bellezza.<\/span><\/span><\/p>\n<p data-path-to-node=\"13\"><span dir=\"auto\" style=\"vertical-align: inherit\"><span dir=\"auto\" style=\"vertical-align: inherit\">\u00c8 affascinante osservare il raggio di luce che discende dalla mano di Dio Padre nell&#8217;angolo in alto a sinistra. Non si tratta di una luce fisica, bens\u00ec dello Spirito Santo, rappresentato dalla colomba, che percorre un sentiero invisibile per posarsi nel grembo della Vergine. Fra Angelico riesce a materializzare l&#8217;immateriale, permettendo ai fedeli di percepire il sacro peso di quel momento in cui il Verbo si \u00e8 fatto carne.<\/span><\/span><\/p>\n<h3 data-path-to-node=\"14\"><span dir=\"auto\" style=\"vertical-align: inherit\"><span dir=\"auto\" style=\"vertical-align: inherit\">Paradiso perduto e il giardino riconquistato<\/span><\/span><\/h3>\n<p data-path-to-node=\"15\"><span dir=\"auto\" style=\"vertical-align: inherit\"><span dir=\"auto\" style=\"vertical-align: inherit\">A sinistra della scena principale, l&#8217;artista inserisce un dettaglio teologico fondamentale che conferisce all&#8217;opera il suo carattere universale: la cacciata di Adamo ed Eva dal Paradiso. Mentre l&#8217;arcangelo conduce la prima coppia fuori dall&#8217;Eden lungo un sentiero di spine, il contrasto con il primo piano \u00e8 rivelatore. Coloro che dissero &#8220;No&#8221; a Dio per orgoglio appaiono sullo sfondo, mentre alla luce del portico, la &#8220;Nuova Eva&#8221; dice &#8220;S\u00ec&#8221; per umilt\u00e0.<\/span><\/span><\/p>\n<p data-path-to-node=\"16\"><span dir=\"auto\" style=\"vertical-align: inherit\"><span dir=\"auto\" style=\"vertical-align: inherit\">Il giardino che circonda il portico \u00e8 ricco di dettagli botanici quasi miracolosi. Ogni fiore ha un significato: le rose bianche simboleggiano la purezza di Maria, mentre il giardino racchiuso ( <\/span><\/span><i data-path-to-node=\"16\" data-index-in-node=\"197\"><span dir=\"auto\" style=\"vertical-align: inherit\"><span dir=\"auto\" style=\"vertical-align: inherit\">Hortus Conclusus<\/span><\/span><\/i><span dir=\"auto\" style=\"vertical-align: inherit\"><span dir=\"auto\" style=\"vertical-align: inherit\"> ) rappresenta la sua verginit\u00e0. Collegando la Caduta di Adamo all&#8217;Annunciazione, Fra Angelico ci offre una visione completa della storia della salvezza: dove abbondava il peccato, sovrabbondava la grazia.<\/span><\/span><\/p>\n<h3 data-path-to-node=\"17\"><strong><span dir=\"auto\" style=\"vertical-align: inherit\"><span dir=\"auto\" style=\"vertical-align: inherit\">Una bellezza che salva<\/span><\/span><\/strong><\/h3>\n<p data-path-to-node=\"18\"><span dir=\"auto\" style=\"vertical-align: inherit\"><span dir=\"auto\" style=\"vertical-align: inherit\">Per il cristiano del XXI secolo, quest&#8217;opera \u00e8 un invito alla &#8220;contemplazione attiva&#8221;. In un mondo saturo di immagini fugaci e rumorose, l&#8217;\u00a0 <\/span><\/span><i data-path-to-node=\"18\" data-index-in-node=\"144\"><span dir=\"auto\" style=\"vertical-align: inherit\"><span dir=\"auto\" style=\"vertical-align: inherit\">Annunciazione<\/span><\/span><\/i><span dir=\"auto\" style=\"vertical-align: inherit\"><span dir=\"auto\" style=\"vertical-align: inherit\"> \u00a0ci invita a fermarci. Ci insegna che Dio si manifesta nell&#8217;armonia e, soprattutto, nel silenzio. L&#8217;opera non cerca di impressionare con la sua forza bruta, ma di commuoverci con la sua divina dolcezza.<\/span><\/span><\/p>\n<p data-path-to-node=\"19\"><span dir=\"auto\" style=\"vertical-align: inherit\"><span dir=\"auto\" style=\"vertical-align: inherit\">Fra Angelico ci ricorda che anche le nostre vite sono una porta attraverso la quale Dio invia costantemente i suoi messaggeri. Ogni volta che apriamo il Vangelo o ci accostiamo all&#8217;Eucaristia, ci troviamo su quella stessa soglia dove l&#8217;eterno incontra il temporale. L&#8217;invito di questo dipinto \u00e8 chiaro: essere, come Maria, uno spazio accogliente per la Parola, lasciando che la luce della Verit\u00e0 trasfiguri la nostra stessa realt\u00e0.<\/span><\/span><\/p>\n","protected":false},"excerpt":{"rendered":"<p>Un viaggio nel cuore della Luce e della Fede nell'&#8221;Annunciazione&#8221; di Fra Angelico<\/p>\n","protected":false},"author":179,"featured_media":168644,"comment_status":"closed","ping_status":"closed","sticky":false,"template":"","format":"standard","meta":{"_acf_changed":false,"_crdt_document":"","inline_featured_image":false,"footnotes":""},"categories":[71],"tags":[111090,28312,111091,111098,111092,1953,69005,54571,15069,111093,60970,111094,52618,111095,111096,65719,111097,110583,106671,20612,20295,64787,32903],"class_list":["post-169010","post","type-post","status-publish","format-standard","has-post-thumbnail","hentry","category-analisi","tag-analisi-teologica-dellarte","tag-annunciazione","tag-arcangelo-gabriele","tag-arte-della-vergine-maria","tag-arte-ed-evangelizzazione","tag-arte-sacra","tag-bellezza-e-fede","tag-contemplazione-cristiana","tag-fede-e-cultura","tag-fra-angelico-2","tag-incarnazione-di-cristo","tag-meditazione-visiva","tag-museo-del-prado-2","tag-patrimonio-cristiano-2","tag-pittura-domenicana","tag-pittura-religiosa","tag-rinascimento-italiano","tag-simbolismo-mariano","tag-sonia-clara-del-campo-2","tag-spiritualita-cattolica","tag-storia-della-salvezza","tag-trending-it-236","tag-via-pulchritudinis"],"acf":[],"yoast_head":"<!-- This site is optimized with the Yoast SEO plugin v27.5 - https:\/\/yoast.com\/product\/yoast-seo-wordpress\/ -->\n<title>La soglia del Cielo sulla Terra: il S\u00ec che ha cambiato l&#039;eternit\u00e0 &#8211; Exaudi<\/title>\n<meta name=\"robots\" content=\"index, follow, max-snippet:-1, max-image-preview:large, max-video-preview:-1\" \/>\n<link rel=\"canonical\" href=\"https:\/\/exaudi.org\/it\/la-soglia-del-cielo-sulla-terra-il-si-che-ha-cambiato-leternita\/\" \/>\n<meta property=\"og:locale\" content=\"it_IT\" \/>\n<meta property=\"og:type\" content=\"article\" \/>\n<meta property=\"og:title\" content=\"La soglia del Cielo sulla Terra: il S\u00ec che ha cambiato l&#039;eternit\u00e0 &#8211; Exaudi\" \/>\n<meta property=\"og:description\" content=\"Un viaggio nel cuore della Luce e della Fede nell&#039;&quot;Annunciazione&quot; di Fra Angelico\" \/>\n<meta property=\"og:url\" content=\"https:\/\/exaudi.org\/it\/la-soglia-del-cielo-sulla-terra-il-si-che-ha-cambiato-leternita\/\" \/>\n<meta property=\"og:site_name\" content=\"Exaudi\" \/>\n<meta property=\"article:publisher\" content=\"https:\/\/www.facebook.com\/ExaudiNews\" \/>\n<meta property=\"article:published_time\" content=\"2026-04-30T16:38:37+00:00\" \/>\n<meta property=\"og:image\" content=\"https:\/\/exaudi.org\/wp-content\/uploads\/2026\/04\/La-Anunciacion-1024x862.jpg\" \/>\n\t<meta property=\"og:image:width\" content=\"1024\" \/>\n\t<meta property=\"og:image:height\" content=\"862\" \/>\n\t<meta property=\"og:image:type\" content=\"image\/jpeg\" \/>\n<meta name=\"author\" content=\"Sonia Clara del Campo\" \/>\n<meta name=\"twitter:card\" content=\"summary_large_image\" \/>\n<meta name=\"twitter:creator\" content=\"@Exaudi_News\" \/>\n<meta name=\"twitter:site\" content=\"@Exaudi_News\" \/>\n<meta name=\"twitter:label1\" content=\"Scritto da\" \/>\n\t<meta name=\"twitter:data1\" content=\"Sonia Clara del Campo\" \/>\n\t<meta name=\"twitter:label2\" content=\"Tempo di lettura stimato\" \/>\n\t<meta name=\"twitter:data2\" content=\"4 minuti\" \/>\n<script type=\"application\/ld+json\" class=\"yoast-schema-graph\">{\"@context\":\"https:\\\/\\\/schema.org\",\"@graph\":[{\"@type\":\"Article\",\"@id\":\"https:\\\/\\\/exaudi.org\\\/it\\\/la-soglia-del-cielo-sulla-terra-il-si-che-ha-cambiato-leternita\\\/#article\",\"isPartOf\":{\"@id\":\"https:\\\/\\\/exaudi.org\\\/it\\\/la-soglia-del-cielo-sulla-terra-il-si-che-ha-cambiato-leternita\\\/\"},\"author\":{\"name\":\"Sonia Clara del Campo\",\"@id\":\"https:\\\/\\\/exaudi.org\\\/#\\\/schema\\\/person\\\/9c612b7129b856dad9c2f9aca1d69f8e\"},\"headline\":\"La soglia del Cielo sulla Terra: il S\u00ec che ha cambiato l&#8217;eternit\u00e0\",\"datePublished\":\"2026-04-30T16:38:37+00:00\",\"mainEntityOfPage\":{\"@id\":\"https:\\\/\\\/exaudi.org\\\/it\\\/la-soglia-del-cielo-sulla-terra-il-si-che-ha-cambiato-leternita\\\/\"},\"wordCount\":762,\"image\":{\"@id\":\"https:\\\/\\\/exaudi.org\\\/it\\\/la-soglia-del-cielo-sulla-terra-il-si-che-ha-cambiato-leternita\\\/#primaryimage\"},\"thumbnailUrl\":\"https:\\\/\\\/exaudi.org\\\/wp-content\\\/uploads\\\/2026\\\/04\\\/La-Anunciacion.jpg\",\"keywords\":[\"Analisi teologica dell'arte\",\"Annunciazione\",\"Arcangelo Gabriele\",\"Arte della Vergine Maria\",\"Arte ed Evangelizzazione\",\"arte sacra\",\"Bellezza e fede\",\"Contemplazione cristiana\",\"FEDE E CULTURA\",\"Fra Angelico\",\"Incarnazione di Cristo\",\"Meditazione Visiva\",\"Museo del Prado\",\"Patrimonio Cristiano\",\"Pittura Domenicana\",\"Pittura religiosa\",\"Rinascimento Italiano\",\"Simbolismo mariano\",\"Sonia Clara del Campo\",\"SPIRITUALIT\u00c0 CATTOLICA\",\"STORIA DELLA SALVEZZA\",\"Trending\",\"Via pulchritudinis\"],\"articleSection\":[\"Analisi\"],\"inLanguage\":\"it-IT\"},{\"@type\":\"WebPage\",\"@id\":\"https:\\\/\\\/exaudi.org\\\/it\\\/la-soglia-del-cielo-sulla-terra-il-si-che-ha-cambiato-leternita\\\/\",\"url\":\"https:\\\/\\\/exaudi.org\\\/it\\\/la-soglia-del-cielo-sulla-terra-il-si-che-ha-cambiato-leternita\\\/\",\"name\":\"La soglia del Cielo sulla Terra: il S\u00ec che ha cambiato l'eternit\u00e0 &#8211; Exaudi\",\"isPartOf\":{\"@id\":\"https:\\\/\\\/exaudi.org\\\/#website\"},\"primaryImageOfPage\":{\"@id\":\"https:\\\/\\\/exaudi.org\\\/it\\\/la-soglia-del-cielo-sulla-terra-il-si-che-ha-cambiato-leternita\\\/#primaryimage\"},\"image\":{\"@id\":\"https:\\\/\\\/exaudi.org\\\/it\\\/la-soglia-del-cielo-sulla-terra-il-si-che-ha-cambiato-leternita\\\/#primaryimage\"},\"thumbnailUrl\":\"https:\\\/\\\/exaudi.org\\\/wp-content\\\/uploads\\\/2026\\\/04\\\/La-Anunciacion.jpg\",\"datePublished\":\"2026-04-30T16:38:37+00:00\",\"author\":{\"@id\":\"https:\\\/\\\/exaudi.org\\\/#\\\/schema\\\/person\\\/9c612b7129b856dad9c2f9aca1d69f8e\"},\"breadcrumb\":{\"@id\":\"https:\\\/\\\/exaudi.org\\\/it\\\/la-soglia-del-cielo-sulla-terra-il-si-che-ha-cambiato-leternita\\\/#breadcrumb\"},\"inLanguage\":\"it-IT\",\"potentialAction\":[{\"@type\":\"ReadAction\",\"target\":[\"https:\\\/\\\/exaudi.org\\\/it\\\/la-soglia-del-cielo-sulla-terra-il-si-che-ha-cambiato-leternita\\\/\"]}]},{\"@type\":\"ImageObject\",\"inLanguage\":\"it-IT\",\"@id\":\"https:\\\/\\\/exaudi.org\\\/it\\\/la-soglia-del-cielo-sulla-terra-il-si-che-ha-cambiato-leternita\\\/#primaryimage\",\"url\":\"https:\\\/\\\/exaudi.org\\\/wp-content\\\/uploads\\\/2026\\\/04\\\/La-Anunciacion.jpg\",\"contentUrl\":\"https:\\\/\\\/exaudi.org\\\/wp-content\\\/uploads\\\/2026\\\/04\\\/La-Anunciacion.jpg\",\"width\":1920,\"height\":1617,\"caption\":\"\\\"Annunciazione\\\" di Fra Angelico, Museo del Prado\"},{\"@type\":\"BreadcrumbList\",\"@id\":\"https:\\\/\\\/exaudi.org\\\/it\\\/la-soglia-del-cielo-sulla-terra-il-si-che-ha-cambiato-leternita\\\/#breadcrumb\",\"itemListElement\":[{\"@type\":\"ListItem\",\"position\":1,\"name\":\"Portada\",\"item\":\"https:\\\/\\\/exaudi.org\\\/it\\\/\"},{\"@type\":\"ListItem\",\"position\":2,\"name\":\"La soglia del Cielo sulla Terra: il S\u00ec che ha cambiato l&#8217;eternit\u00e0\"}]},{\"@type\":\"WebSite\",\"@id\":\"https:\\\/\\\/exaudi.org\\\/#website\",\"url\":\"https:\\\/\\\/exaudi.org\\\/\",\"name\":\"Exaudi\",\"description\":\"News\",\"potentialAction\":[{\"@type\":\"SearchAction\",\"target\":{\"@type\":\"EntryPoint\",\"urlTemplate\":\"https:\\\/\\\/exaudi.org\\\/?s={search_term_string}\"},\"query-input\":{\"@type\":\"PropertyValueSpecification\",\"valueRequired\":true,\"valueName\":\"search_term_string\"}}],\"inLanguage\":\"it-IT\"},{\"@type\":\"Person\",\"@id\":\"https:\\\/\\\/exaudi.org\\\/#\\\/schema\\\/person\\\/9c612b7129b856dad9c2f9aca1d69f8e\",\"name\":\"Sonia Clara del Campo\",\"image\":{\"@type\":\"ImageObject\",\"inLanguage\":\"it-IT\",\"@id\":\"https:\\\/\\\/secure.gravatar.com\\\/avatar\\\/ce0229a69d9f3385234a47a959940c8437023df4a527b6779c05478dfe6606e1?s=96&d=mm&r=g\",\"url\":\"https:\\\/\\\/secure.gravatar.com\\\/avatar\\\/ce0229a69d9f3385234a47a959940c8437023df4a527b6779c05478dfe6606e1?s=96&d=mm&r=g\",\"contentUrl\":\"https:\\\/\\\/secure.gravatar.com\\\/avatar\\\/ce0229a69d9f3385234a47a959940c8437023df4a527b6779c05478dfe6606e1?s=96&d=mm&r=g\",\"caption\":\"Sonia Clara del Campo\"},\"description\":\"Sonia Clara del Campo es historiadora del arte y te\u00f3loga. Se ha dedicado al estudio de la belleza como v\u00eda privilegiada de encuentro con Dios. Apasionada de la m\u00fasica sacra y el arte religioso, escribe desde la convicci\u00f3n de que la Iglesia ha sido la mayor protectora y promotora de las artes en la historia de la humanidad, y que hoy m\u00e1s que nunca necesitamos redescubrir ese tesoro espiritual y cultural.\",\"url\":\"https:\\\/\\\/exaudi.org\\\/it\\\/author\\\/sonia-clara-del-campo\\\/\"}]}<\/script>\n<!-- \/ Yoast SEO plugin. -->","yoast_head_json":{"title":"La soglia del Cielo sulla Terra: il S\u00ec che ha cambiato l'eternit\u00e0 &#8211; Exaudi","robots":{"index":"index","follow":"follow","max-snippet":"max-snippet:-1","max-image-preview":"max-image-preview:large","max-video-preview":"max-video-preview:-1"},"canonical":"https:\/\/exaudi.org\/it\/la-soglia-del-cielo-sulla-terra-il-si-che-ha-cambiato-leternita\/","og_locale":"it_IT","og_type":"article","og_title":"La soglia del Cielo sulla Terra: il S\u00ec che ha cambiato l'eternit\u00e0 &#8211; Exaudi","og_description":"Un viaggio nel cuore della Luce e della Fede nell'\"Annunciazione\" di Fra Angelico","og_url":"https:\/\/exaudi.org\/it\/la-soglia-del-cielo-sulla-terra-il-si-che-ha-cambiato-leternita\/","og_site_name":"Exaudi","article_publisher":"https:\/\/www.facebook.com\/ExaudiNews","article_published_time":"2026-04-30T16:38:37+00:00","og_image":[{"width":1024,"height":862,"url":"https:\/\/exaudi.org\/wp-content\/uploads\/2026\/04\/La-Anunciacion-1024x862.jpg","type":"image\/jpeg"}],"author":"Sonia Clara del Campo","twitter_card":"summary_large_image","twitter_creator":"@Exaudi_News","twitter_site":"@Exaudi_News","twitter_misc":{"Scritto da":"Sonia Clara del Campo","Tempo di lettura stimato":"4 minuti"},"schema":{"@context":"https:\/\/schema.org","@graph":[{"@type":"Article","@id":"https:\/\/exaudi.org\/it\/la-soglia-del-cielo-sulla-terra-il-si-che-ha-cambiato-leternita\/#article","isPartOf":{"@id":"https:\/\/exaudi.org\/it\/la-soglia-del-cielo-sulla-terra-il-si-che-ha-cambiato-leternita\/"},"author":{"name":"Sonia Clara del Campo","@id":"https:\/\/exaudi.org\/#\/schema\/person\/9c612b7129b856dad9c2f9aca1d69f8e"},"headline":"La soglia del Cielo sulla Terra: il S\u00ec che ha cambiato l&#8217;eternit\u00e0","datePublished":"2026-04-30T16:38:37+00:00","mainEntityOfPage":{"@id":"https:\/\/exaudi.org\/it\/la-soglia-del-cielo-sulla-terra-il-si-che-ha-cambiato-leternita\/"},"wordCount":762,"image":{"@id":"https:\/\/exaudi.org\/it\/la-soglia-del-cielo-sulla-terra-il-si-che-ha-cambiato-leternita\/#primaryimage"},"thumbnailUrl":"https:\/\/exaudi.org\/wp-content\/uploads\/2026\/04\/La-Anunciacion.jpg","keywords":["Analisi teologica dell'arte","Annunciazione","Arcangelo Gabriele","Arte della Vergine Maria","Arte ed Evangelizzazione","arte sacra","Bellezza e fede","Contemplazione cristiana","FEDE E CULTURA","Fra Angelico","Incarnazione di Cristo","Meditazione Visiva","Museo del Prado","Patrimonio Cristiano","Pittura Domenicana","Pittura religiosa","Rinascimento Italiano","Simbolismo mariano","Sonia Clara del Campo","SPIRITUALIT\u00c0 CATTOLICA","STORIA DELLA SALVEZZA","Trending","Via pulchritudinis"],"articleSection":["Analisi"],"inLanguage":"it-IT"},{"@type":"WebPage","@id":"https:\/\/exaudi.org\/it\/la-soglia-del-cielo-sulla-terra-il-si-che-ha-cambiato-leternita\/","url":"https:\/\/exaudi.org\/it\/la-soglia-del-cielo-sulla-terra-il-si-che-ha-cambiato-leternita\/","name":"La soglia del Cielo sulla Terra: il S\u00ec che ha cambiato l'eternit\u00e0 &#8211; Exaudi","isPartOf":{"@id":"https:\/\/exaudi.org\/#website"},"primaryImageOfPage":{"@id":"https:\/\/exaudi.org\/it\/la-soglia-del-cielo-sulla-terra-il-si-che-ha-cambiato-leternita\/#primaryimage"},"image":{"@id":"https:\/\/exaudi.org\/it\/la-soglia-del-cielo-sulla-terra-il-si-che-ha-cambiato-leternita\/#primaryimage"},"thumbnailUrl":"https:\/\/exaudi.org\/wp-content\/uploads\/2026\/04\/La-Anunciacion.jpg","datePublished":"2026-04-30T16:38:37+00:00","author":{"@id":"https:\/\/exaudi.org\/#\/schema\/person\/9c612b7129b856dad9c2f9aca1d69f8e"},"breadcrumb":{"@id":"https:\/\/exaudi.org\/it\/la-soglia-del-cielo-sulla-terra-il-si-che-ha-cambiato-leternita\/#breadcrumb"},"inLanguage":"it-IT","potentialAction":[{"@type":"ReadAction","target":["https:\/\/exaudi.org\/it\/la-soglia-del-cielo-sulla-terra-il-si-che-ha-cambiato-leternita\/"]}]},{"@type":"ImageObject","inLanguage":"it-IT","@id":"https:\/\/exaudi.org\/it\/la-soglia-del-cielo-sulla-terra-il-si-che-ha-cambiato-leternita\/#primaryimage","url":"https:\/\/exaudi.org\/wp-content\/uploads\/2026\/04\/La-Anunciacion.jpg","contentUrl":"https:\/\/exaudi.org\/wp-content\/uploads\/2026\/04\/La-Anunciacion.jpg","width":1920,"height":1617,"caption":"\"Annunciazione\" di Fra Angelico, Museo del Prado"},{"@type":"BreadcrumbList","@id":"https:\/\/exaudi.org\/it\/la-soglia-del-cielo-sulla-terra-il-si-che-ha-cambiato-leternita\/#breadcrumb","itemListElement":[{"@type":"ListItem","position":1,"name":"Portada","item":"https:\/\/exaudi.org\/it\/"},{"@type":"ListItem","position":2,"name":"La soglia del Cielo sulla Terra: il S\u00ec che ha cambiato l&#8217;eternit\u00e0"}]},{"@type":"WebSite","@id":"https:\/\/exaudi.org\/#website","url":"https:\/\/exaudi.org\/","name":"Exaudi","description":"News","potentialAction":[{"@type":"SearchAction","target":{"@type":"EntryPoint","urlTemplate":"https:\/\/exaudi.org\/?s={search_term_string}"},"query-input":{"@type":"PropertyValueSpecification","valueRequired":true,"valueName":"search_term_string"}}],"inLanguage":"it-IT"},{"@type":"Person","@id":"https:\/\/exaudi.org\/#\/schema\/person\/9c612b7129b856dad9c2f9aca1d69f8e","name":"Sonia Clara del Campo","image":{"@type":"ImageObject","inLanguage":"it-IT","@id":"https:\/\/secure.gravatar.com\/avatar\/ce0229a69d9f3385234a47a959940c8437023df4a527b6779c05478dfe6606e1?s=96&d=mm&r=g","url":"https:\/\/secure.gravatar.com\/avatar\/ce0229a69d9f3385234a47a959940c8437023df4a527b6779c05478dfe6606e1?s=96&d=mm&r=g","contentUrl":"https:\/\/secure.gravatar.com\/avatar\/ce0229a69d9f3385234a47a959940c8437023df4a527b6779c05478dfe6606e1?s=96&d=mm&r=g","caption":"Sonia Clara del Campo"},"description":"Sonia Clara del Campo es historiadora del arte y te\u00f3loga. Se ha dedicado al estudio de la belleza como v\u00eda privilegiada de encuentro con Dios. Apasionada de la m\u00fasica sacra y el arte religioso, escribe desde la convicci\u00f3n de que la Iglesia ha sido la mayor protectora y promotora de las artes en la historia de la humanidad, y que hoy m\u00e1s que nunca necesitamos redescubrir ese tesoro espiritual y cultural.","url":"https:\/\/exaudi.org\/it\/author\/sonia-clara-del-campo\/"}]}},"jetpack_featured_media_url":"https:\/\/exaudi.org\/wp-content\/uploads\/2026\/04\/La-Anunciacion.jpg","jetpack_shortlink":"https:\/\/wp.me\/pgKjF2-HXY","_links":{"self":[{"href":"https:\/\/exaudi.org\/it\/wp-json\/wp\/v2\/posts\/169010","targetHints":{"allow":["GET"]}}],"collection":[{"href":"https:\/\/exaudi.org\/it\/wp-json\/wp\/v2\/posts"}],"about":[{"href":"https:\/\/exaudi.org\/it\/wp-json\/wp\/v2\/types\/post"}],"author":[{"embeddable":true,"href":"https:\/\/exaudi.org\/it\/wp-json\/wp\/v2\/users\/179"}],"replies":[{"embeddable":true,"href":"https:\/\/exaudi.org\/it\/wp-json\/wp\/v2\/comments?post=169010"}],"version-history":[{"count":3,"href":"https:\/\/exaudi.org\/it\/wp-json\/wp\/v2\/posts\/169010\/revisions"}],"predecessor-version":[{"id":169013,"href":"https:\/\/exaudi.org\/it\/wp-json\/wp\/v2\/posts\/169010\/revisions\/169013"}],"wp:featuredmedia":[{"embeddable":true,"href":"https:\/\/exaudi.org\/it\/wp-json\/wp\/v2\/media\/168644"}],"wp:attachment":[{"href":"https:\/\/exaudi.org\/it\/wp-json\/wp\/v2\/media?parent=169010"}],"wp:term":[{"taxonomy":"category","embeddable":true,"href":"https:\/\/exaudi.org\/it\/wp-json\/wp\/v2\/categories?post=169010"},{"taxonomy":"post_tag","embeddable":true,"href":"https:\/\/exaudi.org\/it\/wp-json\/wp\/v2\/tags?post=169010"}],"curies":[{"name":"wp","href":"https:\/\/api.w.org\/{rel}","templated":true}]}}