{"id":168724,"date":"2026-04-28T19:32:41","date_gmt":"2026-04-28T17:32:41","guid":{"rendered":"https:\/\/exaudi.org\/?p=168724"},"modified":"2026-04-28T19:32:41","modified_gmt":"2026-04-28T17:32:41","slug":"architetti-di-pace-nellombra","status":"publish","type":"post","link":"https:\/\/exaudi.org\/it\/architetti-di-pace-nellombra\/","title":{"rendered":"&#8220;Architetti di Pace nell&#8217;Ombra&#8221;"},"content":{"rendered":"<p data-path-to-node=\"5\"><span dir=\"auto\" style=\"vertical-align: inherit\"><span dir=\"auto\" style=\"vertical-align: inherit\">Papa\u00a0 <\/span><\/span><b data-path-to-node=\"5\" data-index-in-node=\"83\"><span dir=\"auto\" style=\"vertical-align: inherit\"><span dir=\"auto\" style=\"vertical-align: inherit\">Leone XIV<\/span><\/span><\/b><span dir=\"auto\" style=\"vertical-align: inherit\"><span dir=\"auto\" style=\"vertical-align: inherit\"> \u00a0ha definito chiaramente i pilastri della diplomazia vaticana durante il suo incontro con la Pontificia Accademia Ecclesiastica. In un discorso che ha segnato l&#8217;inizio del suo approccio diplomatico, il Pontefice ha chiarito che la Santa Sede non cerca l&#8217;influenza politica, ma piuttosto di essere la forza trainante di una pace fondata sulla verit\u00e0 e sulla giustizia.<\/span><\/span><\/p>\n<h3 data-path-to-node=\"6\"><strong><span dir=\"auto\" style=\"vertical-align: inherit\"><span dir=\"auto\" style=\"vertical-align: inherit\">Un mandato di giustizia e verit\u00e0<\/span><\/span><\/strong><\/h3>\n<p data-path-to-node=\"7\"><span dir=\"auto\" style=\"vertical-align: inherit\"><span dir=\"auto\" style=\"vertical-align: inherit\">Leone XIV esort\u00f2 i futuri diplomatici ad abbandonare la tiepidezza. Per il nuovo Papa, il servizio diplomatico \u00e8 un&#8217;estensione della missione evangelica: il nunzio deve essere un &#8220;promotore di giustizia&#8221;. In un panorama internazionale frammentato, il Pontefice ha sottolineato che la diplomazia papale deve essere la voce di chi non ha voce, agendo con un&#8217;onest\u00e0 intellettuale che rompa con la cultura del conflitto.<\/span><\/span><\/p>\n<p data-path-to-node=\"7\"><img loading=\"lazy\" decoding=\"async\" class=\"size-full wp-image-168614 alignnone\" src=\"https:\/\/exaudi.org\/wp-content\/uploads\/2026\/04\/cq5dam.thumbnail.cropped.1000.563-2-1.jpeg\" alt=\"\" width=\"1000\" height=\"563\" srcset=\"https:\/\/exaudi.org\/wp-content\/uploads\/2026\/04\/cq5dam.thumbnail.cropped.1000.563-2-1.jpeg 1000w, https:\/\/exaudi.org\/wp-content\/uploads\/2026\/04\/cq5dam.thumbnail.cropped.1000.563-2-1-300x169.jpeg 300w, https:\/\/exaudi.org\/wp-content\/uploads\/2026\/04\/cq5dam.thumbnail.cropped.1000.563-2-1-770x434.jpeg 770w, https:\/\/exaudi.org\/wp-content\/uploads\/2026\/04\/cq5dam.thumbnail.cropped.1000.563-2-1-500x282.jpeg 500w\" sizes=\"auto, (max-width: 1000px) 100vw, 1000px\" \/><\/p>\n<h3 data-path-to-node=\"8\"><strong><span dir=\"auto\" style=\"vertical-align: inherit\"><span dir=\"auto\" style=\"vertical-align: inherit\">L&#8217;eredit\u00e0 dell&#8217;Accademia e il nuovo orizzonte<\/span><\/span><\/strong><\/h3>\n<p data-path-to-node=\"9\"><span dir=\"auto\" style=\"vertical-align: inherit\"><span dir=\"auto\" style=\"vertical-align: inherit\">Durante l&#8217;incontro, che serv\u00ec anche a commemorare la storia e lo scopo di questa istituzione secolare, Leone XIV sottoline\u00f2 che la formazione dei diplomatici deve essere completa. La padronanza delle lingue o del diritto internazionale non \u00e8 sufficiente; \u00e8 necessaria una profonda sensibilit\u00e0 spirituale per individuare le ferite dell&#8217;umanit\u00e0.<\/span><\/span><\/p>\n<p data-path-to-node=\"10,0\"><i data-path-to-node=\"10,0\" data-index-in-node=\"0\"><span dir=\"auto\" style=\"vertical-align: inherit\"><span dir=\"auto\" style=\"vertical-align: inherit\">\u00abLa diplomazia della Santa Sede non \u00e8 un esercizio di equilibrismo, ma un impegno per la verit\u00e0. La nostra unica forza \u00e8 l&#8217;autorit\u00e0 morale del messaggio di pace.\u00bb<\/span><\/span><\/i><\/p>\n<h3 data-path-to-node=\"11\"><strong><span dir=\"auto\" style=\"vertical-align: inherit\"><span dir=\"auto\" style=\"vertical-align: inherit\">Ponti in tempi di divisione<\/span><\/span><\/strong><\/h3>\n<p data-path-to-node=\"12\"><span dir=\"auto\" style=\"vertical-align: inherit\"><span dir=\"auto\" style=\"vertical-align: inherit\">Papa Leone XIV individu\u00f2\u00a0 <\/span><\/span><b data-path-to-node=\"12\" data-index-in-node=\"32\"><span dir=\"auto\" style=\"vertical-align: inherit\"><span dir=\"auto\" style=\"vertical-align: inherit\">nel dialogo<\/span><\/span><\/b><span dir=\"auto\" style=\"vertical-align: inherit\"><span dir=\"auto\" style=\"vertical-align: inherit\"> \u00a0l&#8217;unico antidoto valido alla guerra. Nelle sue direttive all&#8217;Accademia, sottoline\u00f2 che il rappresentante pontificio ha la responsabilit\u00e0 di costruire ponti, facilitando gli incontri tra le nazioni anche quando il dialogo sembra essersi esaurito.<\/span><\/span><\/p>\n<p data-path-to-node=\"13\"><span dir=\"auto\" style=\"vertical-align: inherit\"><span dir=\"auto\" style=\"vertical-align: inherit\">Questo discorso delinea la tabella di marcia per l&#8217;attuale pontificato: una diplomazia attiva, coraggiosa e profondamente pastorale, che metta la struttura della Santa Sede al servizio della pace globale e della dignit\u00e0 umana.<\/span><\/span><\/p>\n<p data-path-to-node=\"13\"><em><strong><span dir=\"auto\" style=\"vertical-align: inherit\"><span dir=\"auto\" style=\"vertical-align: inherit\">Testo integrale del discorso:<\/span><\/span><\/strong><\/em><\/p>\n<div class=\"abstract text parbase vaticanrichtext\">\n<p><span class=\"color-text\">VISITA ALLA\u00a0PONTIFICIA ACCADEMIA ECCLESIASTICA<\/span><\/p>\n<p><span class=\"title-1-color\"><b><i>DISCORSO DEL SANTO PADRE LEONE XIV<br \/>\nALLA COMUNIT\u00c0 DELLA PONTIFICIA ACCADEMIA ECCLESIASTICA<br \/>\nNEL 325\u00b0 ANNIVERSARIO DI FONDAZIONE<\/i><\/b><\/span><\/p>\n<p><i><span class=\"color-text\">Pontificia Accademia Ecclesiastica<br \/>\nLuned\u00ec, 27 aprile 2026<\/span><\/i><\/p>\n<p>&nbsp;<\/p>\n<p>________________________<\/p>\n<div class=\"clearfix\"><\/div>\n<\/div>\n<div class=\"text parbase vaticanrichtext\">\n<p><i>Eminenza,<br \/>\nEccellenze,<br \/>\ncarissimi Superiori e Alunni della Pontificia Accademia Ecclesiastica,<\/i><\/p>\n<p>sono lieto di compiere la mia prima visita come Romano Pontefice presso questa antica e nobile Istituzione, in occasione del giubileo per il suo 325\u00b0 anniversario di fondazione. Gi\u00e0 quando qualche anno fa, nel quadro degli incontri proposti agli Alunni, venni qui a dare la mia testimonianza in qualit\u00e0 di Prefetto del\u00a0<a href=\"https:\/\/www.vatican.va\/content\/romancuria\/it\/dicasteri\/dicastero-vescovi.index.html#dicasteri\">Dicastero per i Vescovi<\/a>, ebbi modo di riflettere sulla missione essenziale che svolge l\u2019<i>Alma mater<\/i>\u00a0dei Diplomatici pontifici. Oggi, a quasi un anno dall\u2019inizio del mio Ministero petrino, accompagnato dal solerte impegno della Segreteria di Stato e delle Rappresentanze Pontificie, quei sentimenti hanno trovato conferma. Guardo perci\u00f2 con profonda gratitudine alla storia di dedizione e di servizio che questa gioiosa ricorrenza celebra.<\/p>\n<p>Tale storia \u2014 radicata nella cattolicit\u00e0 stessa della Chiesa \u2014 nel corso dei secoli ha visto una catena ininterrotta di sacerdoti, provenienti da varie parti del mondo, contribuire con le proprie umili forze alla costruzione di quella unit\u00e0 in Cristo che, nella diversit\u00e0 delle origini, fa della comunione una caratteristica fondamentale del\u00a0servizio diplomatico della Santa Sede. I passaggi di riforma \u2014 di cui l\u2019ultimo in ordine di tempo voluto dal mio immediato Predecessore, di venerata memoria \u2014 hanno sempre mirato a custodire questa nota distintiva e costitutiva dell\u2019azione della nostra diplomazia, chiamata ogni giorno a pregare e lavorare \u00ab<i>ut unum sint<\/i>\u00bb (<i>Gv<\/i>\u00a017, 21).<\/p>\n<p>In particolare, i recenti mutamenti relativi a diversi aspetti della formazione accademica e intellettuale, hanno dato all\u2019Istituzione l\u2019autonomia necessaria per rinnovare l\u2019impianto di studio delle discipline giuridiche, storiche, politologiche ed economiche, insieme a quello delle lingue in uso nelle relazioni internazionali. Mi preme tuttavia ribadire che la riforma pi\u00f9 importante richiesta a chi varca la soglia di questa Comunit\u00e0, \u00e8 quella di un costante esercizio di conversione, volto a coltivare \u00abla prossimit\u00e0, l\u2019ascolto attento, la testimonianza, l\u2019approccio fraterno e il dialogo [\u2026] coniugate con l\u2019umilt\u00e0 e la mitezza\u00bb (Francesco, Chirografo\u00a0<i><a href=\"https:\/\/www.vatican.va\/content\/francesco\/it\/letters\/2025\/documents\/20250325-chirografo-pont-acc-ecclesiatica.html\">Il ministero petrino<\/a><\/i>, 25 marzo 2025): virt\u00f9 che devono permeare tutto il vostro ministero sacerdotale.<\/p>\n<p>L\u2019incontro di oggi, in questa Casa che ha contribuito alla crescita intellettuale, umana e spirituale di vari Santi e Beati \u2014 tra cui alcuni miei illustri Predecessori \u2014, \u00e8 per me l\u2019occasione per delineare con voi alcuni tratti del Sacerdote diplomatico pontificio che, partecipando del ministero del Successore di Pietro, accoglie e coltiva una vocazione speciale a servizio della pace, della verit\u00e0 e della giustizia.<\/p>\n<p>Egli deve essere, prima di tutto, un messaggero dell\u2019annuncio pasquale: \u00abPace a voi!\u00bb (<i>Gv<\/i>\u00a020,19). Anche quando le speranze di dialogo e riconciliazione sembrano svanire e la pace \u201ccome la d\u00e0 il mondo\u201d viene calpestata e messa a dura prova, voi siete chiamati a continuare a portare a tutti la parola di Cristo Risorto: \u00abVi lascio la pace, vi do la mia pace\u00bb (<i>Gv<\/i>\u00a014,27). E prima ancora di tentare di costruirla con le nostre povere forze, davanti a quanti non la ricercano come dono di Dio, la vostra missione vi chiama ad esserne \u201cponti\u201d e \u201ccanali\u201d, perch\u00e9 la grazia che viene dal cielo possa farsi strada tra le pieghe della storia.<\/p>\n<p>Il Diplomatico pontificio poi, \u2014 operando nei pi\u00f9 diversi contesti culturali e negli Organismi Internazionali \u2014 \u00e8 particolarmente inviato a testimoniare la Verit\u00e0 che \u00e8 Cristo, portandone il messaggio nel consesso delle Nazioni, e facendosi segno del Suo amore per quella porzione di umanit\u00e0, che \u00e8 affidata alla sua missione di pastore, prima ancora che di diplomatico. Come ho avuto modo di indicare all\u2019inizio di quest\u2019anno al Corpo Diplomatico accreditato presso la Santa Sede, oggi \u00e8 fortemente necessario che \u00able parole tornino ad esprimere in modo inequivoco realt\u00e0 certe\u00bb, perch\u00e9 \u00absolo cos\u00ec pu\u00f2 riprendere un dialogo autentico e senza fraintendimenti\u00bb (<i><a href=\"https:\/\/www.vatican.va\/content\/leo-xiv\/it\/speeches\/2026\/january\/documents\/20260109-corpo-diplomatico.html\">Discorso al Corpo Diplomatico accreditato presso la Santa Sede<\/a><\/i>, 9 gennaio 2026). Anche per questo \u00e8 importante che portiate al mondo il Verbo della Vita, che si \u00e8 rivelato non con l\u2019affermazione di principi e idee astratti, ma facendosi carne.<\/p>\n<p>Infine, voi vi preparate a svolgere un peculiare ministero, che non si declina solo nella tutela del bene della comunit\u00e0 cattolica, ma di tutta la famiglia umana che abita una determinata Nazione o che partecipa delle istanze dei diversi Organismi internazionali. Ci\u00f2 vi vuole promotori di tutte le forme di giustizia che aiutano a riconoscere, ricostruire e proteggere l\u2019immagine di Dio impressa in ogni persona. Nella difesa dei diritti umani \u2014 tra cui spiccano quelli alla libert\u00e0 religiosa e alla vita \u2014, vi raccomando perci\u00f2 di continuare a indicare la strada, non della contrapposizione e della rivendicazione, ma della tutela per la dignit\u00e0 della persona, dello sviluppo per i popoli e per le comunit\u00e0 e della promozione della cooperazione internazionale. Sono questi i soli strumenti che consentono di avviare autentici cammini di pace.<\/p>\n<p>Cari Superiori e Alunni, in un mondo segnato da tensioni, che sembra fare dei conflitti l\u2019unico modo per affrontare bisogni e istanze, le nostre capacit\u00e0 di spenderci per il dialogo, l\u2019ascolto e la riconciliazione possono sembrare insufficienti, a volte perfino inutili. Questo non ci deve scoraggiare! Continuiamo ad invocare con fiducia il dono della pace di Cristo, senza timore. E siate certi che il vostro generoso ministero, in qualsiasi tempo e in qualsiasi<b>\u00a0<\/b>luogo, sar\u00e0 sempre strumento per promuovere e custodire la dignit\u00e0 di ogni uomo e donna, creati a immagine e somiglianza di Dio, e per incrementare il bene comune.<\/p>\n<p>Con questi auspici e con paterna benevolenza, invoco su ciascuno di voi e sul futuro cammino della Pontificia Accademia Ecclesiastica, per intercessione della Beata Vergine Maria e di Sant\u2019Antonio Abate, vostro Patrono, la Benedizione Apostolica.<\/p>\n<\/div>\n","protected":false},"excerpt":{"rendered":"<p>Il nuovo Papa traccia la rotta per la Pontificia Accademia Ecclesiastica, esigendo rappresentanti che siano &#8220;pastori di giustizia&#8221; e non semplici gestori di protocollo<\/p>\n","protected":false},"author":17,"featured_media":168610,"comment_status":"closed","ping_status":"closed","sticky":false,"template":"","format":"standard","meta":{"_acf_changed":false,"_crdt_document":"","inline_featured_image":false,"footnotes":""},"categories":[67],"tags":[99551,40122,54349,1890,64851,110760,110737,62656,110761,80877,54351,21507,110762,58164,110763,54352,110764,6252,110765],"class_list":["post-168724","post","type-post","status-publish","format-standard","has-post-thumbnail","hentry","category-leone-xiv","tag-2026-3","tag-diplomazia-della-speranza","tag-diplomazia-vaticana","tag-dottrina-sociale","tag-featured-it-2","tag-formazione-ecclesiastica","tag-geopolitica-vaticana-2","tag-giustizia-e-verita","tag-mediazione-di-pace","tag-notizie-vaticane","tag-nunzi-apostolici","tag-nunziatura-apostolica","tag-pace-mondiale","tag-papa-leone-xiv","tag-politica-internazionale-del-vaticano","tag-pontificia-accademia-ecclesiastica","tag-relazioni-diplomatiche-della-chiesa","tag-santa-sede-it","tag-servizio-pontificio"],"acf":[],"yoast_head":"<!-- This site is optimized with the Yoast SEO plugin v27.5 - https:\/\/yoast.com\/product\/yoast-seo-wordpress\/ -->\n<title>&quot;Architetti di Pace nell&#039;Ombra&quot; &#8211; Exaudi<\/title>\n<meta name=\"robots\" content=\"index, follow, max-snippet:-1, max-image-preview:large, max-video-preview:-1\" \/>\n<link rel=\"canonical\" href=\"https:\/\/exaudi.org\/it\/architetti-di-pace-nellombra\/\" \/>\n<meta property=\"og:locale\" content=\"it_IT\" \/>\n<meta property=\"og:type\" content=\"article\" \/>\n<meta property=\"og:title\" content=\"&quot;Architetti di Pace nell&#039;Ombra&quot; &#8211; Exaudi\" \/>\n<meta property=\"og:description\" content=\"Il nuovo Papa traccia la rotta per la Pontificia Accademia Ecclesiastica, esigendo rappresentanti che siano &quot;pastori di giustizia&quot; e non semplici gestori di protocollo\" \/>\n<meta property=\"og:url\" content=\"https:\/\/exaudi.org\/it\/architetti-di-pace-nellombra\/\" \/>\n<meta property=\"og:site_name\" content=\"Exaudi\" \/>\n<meta property=\"article:publisher\" content=\"https:\/\/www.facebook.com\/ExaudiNews\" \/>\n<meta property=\"article:author\" content=\"https:\/\/www.facebook.com\/ExaudiNotizie\/\" \/>\n<meta property=\"article:published_time\" content=\"2026-04-28T17:32:41+00:00\" \/>\n<meta property=\"og:image\" content=\"https:\/\/exaudi.org\/wp-content\/uploads\/2026\/04\/cq5dam.thumbnail.cropped.1000.5635.jpg\" \/>\n\t<meta property=\"og:image:width\" content=\"1360\" \/>\n\t<meta property=\"og:image:height\" content=\"768\" \/>\n\t<meta property=\"og:image:type\" content=\"image\/jpeg\" \/>\n<meta name=\"author\" content=\"Exaudi Redazione\" \/>\n<meta name=\"twitter:card\" content=\"summary_large_image\" \/>\n<meta name=\"twitter:creator\" content=\"@Exaudi_Notizie\" \/>\n<meta name=\"twitter:site\" content=\"@Exaudi_News\" \/>\n<meta name=\"twitter:label1\" content=\"Scritto da\" \/>\n\t<meta name=\"twitter:data1\" content=\"Exaudi Redazione\" \/>\n\t<meta name=\"twitter:label2\" content=\"Tempo di lettura stimato\" \/>\n\t<meta name=\"twitter:data2\" content=\"6 minuti\" \/>\n<script type=\"application\/ld+json\" class=\"yoast-schema-graph\">{\"@context\":\"https:\\\/\\\/schema.org\",\"@graph\":[{\"@type\":\"Article\",\"@id\":\"https:\\\/\\\/exaudi.org\\\/it\\\/architetti-di-pace-nellombra\\\/#article\",\"isPartOf\":{\"@id\":\"https:\\\/\\\/exaudi.org\\\/it\\\/architetti-di-pace-nellombra\\\/\"},\"author\":{\"name\":\"Exaudi Redazione\",\"@id\":\"https:\\\/\\\/exaudi.org\\\/#\\\/schema\\\/person\\\/e1ab6ed07c01774724dd96f925f3a5f0\"},\"headline\":\"&#8220;Architetti di Pace nell&#8217;Ombra&#8221;\",\"datePublished\":\"2026-04-28T17:32:41+00:00\",\"mainEntityOfPage\":{\"@id\":\"https:\\\/\\\/exaudi.org\\\/it\\\/architetti-di-pace-nellombra\\\/\"},\"wordCount\":1243,\"image\":{\"@id\":\"https:\\\/\\\/exaudi.org\\\/it\\\/architetti-di-pace-nellombra\\\/#primaryimage\"},\"thumbnailUrl\":\"https:\\\/\\\/exaudi.org\\\/wp-content\\\/uploads\\\/2026\\\/04\\\/cq5dam.thumbnail.cropped.1000.5635.jpg\",\"keywords\":[\"2026\",\"diplomazia della speranza\",\"Diplomazia vaticana\",\"dottrina sociale\",\"Featured\",\"Formazione Ecclesiastica\",\"Geopolitica vaticana\",\"giustizia e verit\u00e0\",\"Mediazione di Pace\",\"Notizie Vaticane\",\"nunzi apostolici\",\"NUNZIATURA APOSTOLICA\",\"Pace Mondiale\",\"Papa Leone XIV\",\"Politica Internazionale del Vaticano\",\"Pontificia Accademia Ecclesiastica\",\"Relazioni Diplomatiche della Chiesa\",\"Santa Sede\",\"Servizio Pontificio\"],\"articleSection\":[\"Leone XIV\"],\"inLanguage\":\"it-IT\"},{\"@type\":\"WebPage\",\"@id\":\"https:\\\/\\\/exaudi.org\\\/it\\\/architetti-di-pace-nellombra\\\/\",\"url\":\"https:\\\/\\\/exaudi.org\\\/it\\\/architetti-di-pace-nellombra\\\/\",\"name\":\"\\\"Architetti di Pace nell'Ombra\\\" &#8211; Exaudi\",\"isPartOf\":{\"@id\":\"https:\\\/\\\/exaudi.org\\\/#website\"},\"primaryImageOfPage\":{\"@id\":\"https:\\\/\\\/exaudi.org\\\/it\\\/architetti-di-pace-nellombra\\\/#primaryimage\"},\"image\":{\"@id\":\"https:\\\/\\\/exaudi.org\\\/it\\\/architetti-di-pace-nellombra\\\/#primaryimage\"},\"thumbnailUrl\":\"https:\\\/\\\/exaudi.org\\\/wp-content\\\/uploads\\\/2026\\\/04\\\/cq5dam.thumbnail.cropped.1000.5635.jpg\",\"datePublished\":\"2026-04-28T17:32:41+00:00\",\"author\":{\"@id\":\"https:\\\/\\\/exaudi.org\\\/#\\\/schema\\\/person\\\/e1ab6ed07c01774724dd96f925f3a5f0\"},\"breadcrumb\":{\"@id\":\"https:\\\/\\\/exaudi.org\\\/it\\\/architetti-di-pace-nellombra\\\/#breadcrumb\"},\"inLanguage\":\"it-IT\",\"potentialAction\":[{\"@type\":\"ReadAction\",\"target\":[\"https:\\\/\\\/exaudi.org\\\/it\\\/architetti-di-pace-nellombra\\\/\"]}]},{\"@type\":\"ImageObject\",\"inLanguage\":\"it-IT\",\"@id\":\"https:\\\/\\\/exaudi.org\\\/it\\\/architetti-di-pace-nellombra\\\/#primaryimage\",\"url\":\"https:\\\/\\\/exaudi.org\\\/wp-content\\\/uploads\\\/2026\\\/04\\\/cq5dam.thumbnail.cropped.1000.5635.jpg\",\"contentUrl\":\"https:\\\/\\\/exaudi.org\\\/wp-content\\\/uploads\\\/2026\\\/04\\\/cq5dam.thumbnail.cropped.1000.5635.jpg\",\"width\":1360,\"height\":768},{\"@type\":\"BreadcrumbList\",\"@id\":\"https:\\\/\\\/exaudi.org\\\/it\\\/architetti-di-pace-nellombra\\\/#breadcrumb\",\"itemListElement\":[{\"@type\":\"ListItem\",\"position\":1,\"name\":\"Portada\",\"item\":\"https:\\\/\\\/exaudi.org\\\/it\\\/\"},{\"@type\":\"ListItem\",\"position\":2,\"name\":\"\u00abArchitetti di Pace nell&#8217;Ombra\u00bb\"}]},{\"@type\":\"WebSite\",\"@id\":\"https:\\\/\\\/exaudi.org\\\/#website\",\"url\":\"https:\\\/\\\/exaudi.org\\\/\",\"name\":\"Exaudi\",\"description\":\"News\",\"potentialAction\":[{\"@type\":\"SearchAction\",\"target\":{\"@type\":\"EntryPoint\",\"urlTemplate\":\"https:\\\/\\\/exaudi.org\\\/?s={search_term_string}\"},\"query-input\":{\"@type\":\"PropertyValueSpecification\",\"valueRequired\":true,\"valueName\":\"search_term_string\"}}],\"inLanguage\":\"it-IT\"},{\"@type\":\"Person\",\"@id\":\"https:\\\/\\\/exaudi.org\\\/#\\\/schema\\\/person\\\/e1ab6ed07c01774724dd96f925f3a5f0\",\"name\":\"Exaudi Redazione\",\"image\":{\"@type\":\"ImageObject\",\"inLanguage\":\"it-IT\",\"@id\":\"https:\\\/\\\/secure.gravatar.com\\\/avatar\\\/ad6774b3ada023bf5b939d64f45c94b3adf91502dd883507d469b4308a943bb3?s=96&d=mm&r=g\",\"url\":\"https:\\\/\\\/secure.gravatar.com\\\/avatar\\\/ad6774b3ada023bf5b939d64f45c94b3adf91502dd883507d469b4308a943bb3?s=96&d=mm&r=g\",\"contentUrl\":\"https:\\\/\\\/secure.gravatar.com\\\/avatar\\\/ad6774b3ada023bf5b939d64f45c94b3adf91502dd883507d469b4308a943bb3?s=96&d=mm&r=g\",\"caption\":\"Exaudi Redazione\"},\"description\":\"Che cosa \u00e8 Exaudi News? Exaudi News \u00e8 un agenzia cattolica internazionale che informa, istruisce e trasforma quotidianamente in spagnolo, inglese e italiano. Attraverso notizie, articoli di analisi e trasmissioni in diretta degli eventi del Papa, Exaudi cerca di rafforzare l'unit\u00e0 dei cristiani e di contribuire all'evangelizzazione del mondo, sempre guidato dalla dottrina sociale della Chiesa. Lavoriamo per portare la verit\u00e0 e i valori cristiani in ogni angolo del pianeta. Aiutaci a trasformare il mondo con Exaudi! Noi di Exaudi crediamo che l'evangelizzazione e l'informazione di qualit\u00e0 possano cambiare la vita. Per continuare la nostra missione ed espandere la nostra portata, abbiamo bisogno del tuo aiuto. Stiamo anche cercando persone motivate che vogliano unirsi al nostro team. Grazie al vostro sostegno raggiungeremo pi\u00f9 persone, diffonderemo il messaggio di Cristo e rafforzeremo l'unit\u00e0 dei cristiani. Vuoi unirti alla nostra missione? Per maggiori informazioni su come contribuire, visita Exaudi.org\\\/it o contattaci direttamente: info@exaudi.org Exaudi: informa, forma e trasforma.\",\"sameAs\":[\"https:\\\/\\\/www.facebook.com\\\/ExaudiNotizie\\\/\",\"https:\\\/\\\/www.instagram.com\\\/Exaudi_notizie\\\/\",\"https:\\\/\\\/x.com\\\/Exaudi_Notizie\",\"https:\\\/\\\/www.youtube.com\\\/@exaudicatholicnews\"],\"url\":\"https:\\\/\\\/exaudi.org\\\/it\\\/author\\\/dlvedi-org\\\/\"}]}<\/script>\n<!-- \/ Yoast SEO plugin. -->","yoast_head_json":{"title":"\"Architetti di Pace nell'Ombra\" &#8211; Exaudi","robots":{"index":"index","follow":"follow","max-snippet":"max-snippet:-1","max-image-preview":"max-image-preview:large","max-video-preview":"max-video-preview:-1"},"canonical":"https:\/\/exaudi.org\/it\/architetti-di-pace-nellombra\/","og_locale":"it_IT","og_type":"article","og_title":"\"Architetti di Pace nell'Ombra\" &#8211; Exaudi","og_description":"Il nuovo Papa traccia la rotta per la Pontificia Accademia Ecclesiastica, esigendo rappresentanti che siano \"pastori di giustizia\" e non semplici gestori di protocollo","og_url":"https:\/\/exaudi.org\/it\/architetti-di-pace-nellombra\/","og_site_name":"Exaudi","article_publisher":"https:\/\/www.facebook.com\/ExaudiNews","article_author":"https:\/\/www.facebook.com\/ExaudiNotizie\/","article_published_time":"2026-04-28T17:32:41+00:00","og_image":[{"width":1360,"height":768,"url":"https:\/\/exaudi.org\/wp-content\/uploads\/2026\/04\/cq5dam.thumbnail.cropped.1000.5635.jpg","type":"image\/jpeg"}],"author":"Exaudi Redazione","twitter_card":"summary_large_image","twitter_creator":"@Exaudi_Notizie","twitter_site":"@Exaudi_News","twitter_misc":{"Scritto da":"Exaudi Redazione","Tempo di lettura stimato":"6 minuti"},"schema":{"@context":"https:\/\/schema.org","@graph":[{"@type":"Article","@id":"https:\/\/exaudi.org\/it\/architetti-di-pace-nellombra\/#article","isPartOf":{"@id":"https:\/\/exaudi.org\/it\/architetti-di-pace-nellombra\/"},"author":{"name":"Exaudi Redazione","@id":"https:\/\/exaudi.org\/#\/schema\/person\/e1ab6ed07c01774724dd96f925f3a5f0"},"headline":"&#8220;Architetti di Pace nell&#8217;Ombra&#8221;","datePublished":"2026-04-28T17:32:41+00:00","mainEntityOfPage":{"@id":"https:\/\/exaudi.org\/it\/architetti-di-pace-nellombra\/"},"wordCount":1243,"image":{"@id":"https:\/\/exaudi.org\/it\/architetti-di-pace-nellombra\/#primaryimage"},"thumbnailUrl":"https:\/\/exaudi.org\/wp-content\/uploads\/2026\/04\/cq5dam.thumbnail.cropped.1000.5635.jpg","keywords":["2026","diplomazia della speranza","Diplomazia vaticana","dottrina sociale","Featured","Formazione Ecclesiastica","Geopolitica vaticana","giustizia e verit\u00e0","Mediazione di Pace","Notizie Vaticane","nunzi apostolici","NUNZIATURA APOSTOLICA","Pace Mondiale","Papa Leone XIV","Politica Internazionale del Vaticano","Pontificia Accademia Ecclesiastica","Relazioni Diplomatiche della Chiesa","Santa Sede","Servizio Pontificio"],"articleSection":["Leone XIV"],"inLanguage":"it-IT"},{"@type":"WebPage","@id":"https:\/\/exaudi.org\/it\/architetti-di-pace-nellombra\/","url":"https:\/\/exaudi.org\/it\/architetti-di-pace-nellombra\/","name":"\"Architetti di Pace nell'Ombra\" &#8211; Exaudi","isPartOf":{"@id":"https:\/\/exaudi.org\/#website"},"primaryImageOfPage":{"@id":"https:\/\/exaudi.org\/it\/architetti-di-pace-nellombra\/#primaryimage"},"image":{"@id":"https:\/\/exaudi.org\/it\/architetti-di-pace-nellombra\/#primaryimage"},"thumbnailUrl":"https:\/\/exaudi.org\/wp-content\/uploads\/2026\/04\/cq5dam.thumbnail.cropped.1000.5635.jpg","datePublished":"2026-04-28T17:32:41+00:00","author":{"@id":"https:\/\/exaudi.org\/#\/schema\/person\/e1ab6ed07c01774724dd96f925f3a5f0"},"breadcrumb":{"@id":"https:\/\/exaudi.org\/it\/architetti-di-pace-nellombra\/#breadcrumb"},"inLanguage":"it-IT","potentialAction":[{"@type":"ReadAction","target":["https:\/\/exaudi.org\/it\/architetti-di-pace-nellombra\/"]}]},{"@type":"ImageObject","inLanguage":"it-IT","@id":"https:\/\/exaudi.org\/it\/architetti-di-pace-nellombra\/#primaryimage","url":"https:\/\/exaudi.org\/wp-content\/uploads\/2026\/04\/cq5dam.thumbnail.cropped.1000.5635.jpg","contentUrl":"https:\/\/exaudi.org\/wp-content\/uploads\/2026\/04\/cq5dam.thumbnail.cropped.1000.5635.jpg","width":1360,"height":768},{"@type":"BreadcrumbList","@id":"https:\/\/exaudi.org\/it\/architetti-di-pace-nellombra\/#breadcrumb","itemListElement":[{"@type":"ListItem","position":1,"name":"Portada","item":"https:\/\/exaudi.org\/it\/"},{"@type":"ListItem","position":2,"name":"\u00abArchitetti di Pace nell&#8217;Ombra\u00bb"}]},{"@type":"WebSite","@id":"https:\/\/exaudi.org\/#website","url":"https:\/\/exaudi.org\/","name":"Exaudi","description":"News","potentialAction":[{"@type":"SearchAction","target":{"@type":"EntryPoint","urlTemplate":"https:\/\/exaudi.org\/?s={search_term_string}"},"query-input":{"@type":"PropertyValueSpecification","valueRequired":true,"valueName":"search_term_string"}}],"inLanguage":"it-IT"},{"@type":"Person","@id":"https:\/\/exaudi.org\/#\/schema\/person\/e1ab6ed07c01774724dd96f925f3a5f0","name":"Exaudi Redazione","image":{"@type":"ImageObject","inLanguage":"it-IT","@id":"https:\/\/secure.gravatar.com\/avatar\/ad6774b3ada023bf5b939d64f45c94b3adf91502dd883507d469b4308a943bb3?s=96&d=mm&r=g","url":"https:\/\/secure.gravatar.com\/avatar\/ad6774b3ada023bf5b939d64f45c94b3adf91502dd883507d469b4308a943bb3?s=96&d=mm&r=g","contentUrl":"https:\/\/secure.gravatar.com\/avatar\/ad6774b3ada023bf5b939d64f45c94b3adf91502dd883507d469b4308a943bb3?s=96&d=mm&r=g","caption":"Exaudi Redazione"},"description":"Che cosa \u00e8 Exaudi News? Exaudi News \u00e8 un agenzia cattolica internazionale che informa, istruisce e trasforma quotidianamente in spagnolo, inglese e italiano. Attraverso notizie, articoli di analisi e trasmissioni in diretta degli eventi del Papa, Exaudi cerca di rafforzare l'unit\u00e0 dei cristiani e di contribuire all'evangelizzazione del mondo, sempre guidato dalla dottrina sociale della Chiesa. Lavoriamo per portare la verit\u00e0 e i valori cristiani in ogni angolo del pianeta. Aiutaci a trasformare il mondo con Exaudi! Noi di Exaudi crediamo che l'evangelizzazione e l'informazione di qualit\u00e0 possano cambiare la vita. Per continuare la nostra missione ed espandere la nostra portata, abbiamo bisogno del tuo aiuto. Stiamo anche cercando persone motivate che vogliano unirsi al nostro team. Grazie al vostro sostegno raggiungeremo pi\u00f9 persone, diffonderemo il messaggio di Cristo e rafforzeremo l'unit\u00e0 dei cristiani. Vuoi unirti alla nostra missione? Per maggiori informazioni su come contribuire, visita Exaudi.org\/it o contattaci direttamente: info@exaudi.org Exaudi: informa, forma e trasforma.","sameAs":["https:\/\/www.facebook.com\/ExaudiNotizie\/","https:\/\/www.instagram.com\/Exaudi_notizie\/","https:\/\/x.com\/Exaudi_Notizie","https:\/\/www.youtube.com\/@exaudicatholicnews"],"url":"https:\/\/exaudi.org\/it\/author\/dlvedi-org\/"}]}},"jetpack_featured_media_url":"https:\/\/exaudi.org\/wp-content\/uploads\/2026\/04\/cq5dam.thumbnail.cropped.1000.5635.jpg","jetpack_shortlink":"https:\/\/wp.me\/pgKjF2-HTm","_links":{"self":[{"href":"https:\/\/exaudi.org\/it\/wp-json\/wp\/v2\/posts\/168724","targetHints":{"allow":["GET"]}}],"collection":[{"href":"https:\/\/exaudi.org\/it\/wp-json\/wp\/v2\/posts"}],"about":[{"href":"https:\/\/exaudi.org\/it\/wp-json\/wp\/v2\/types\/post"}],"author":[{"embeddable":true,"href":"https:\/\/exaudi.org\/it\/wp-json\/wp\/v2\/users\/17"}],"replies":[{"embeddable":true,"href":"https:\/\/exaudi.org\/it\/wp-json\/wp\/v2\/comments?post=168724"}],"version-history":[{"count":3,"href":"https:\/\/exaudi.org\/it\/wp-json\/wp\/v2\/posts\/168724\/revisions"}],"predecessor-version":[{"id":168727,"href":"https:\/\/exaudi.org\/it\/wp-json\/wp\/v2\/posts\/168724\/revisions\/168727"}],"wp:featuredmedia":[{"embeddable":true,"href":"https:\/\/exaudi.org\/it\/wp-json\/wp\/v2\/media\/168610"}],"wp:attachment":[{"href":"https:\/\/exaudi.org\/it\/wp-json\/wp\/v2\/media?parent=168724"}],"wp:term":[{"taxonomy":"category","embeddable":true,"href":"https:\/\/exaudi.org\/it\/wp-json\/wp\/v2\/categories?post=168724"},{"taxonomy":"post_tag","embeddable":true,"href":"https:\/\/exaudi.org\/it\/wp-json\/wp\/v2\/tags?post=168724"}],"curies":[{"name":"wp","href":"https:\/\/api.w.org\/{rel}","templated":true}]}}