{"id":168676,"date":"2026-04-28T15:58:44","date_gmt":"2026-04-28T13:58:44","guid":{"rendered":"https:\/\/exaudi.org\/?p=168676"},"modified":"2026-04-28T15:58:44","modified_gmt":"2026-04-28T13:58:44","slug":"il-papa-alle-coppie-omosessuali-papa-francesco-ha-gia-posto-il-limite","status":"publish","type":"post","link":"https:\/\/exaudi.org\/it\/il-papa-alle-coppie-omosessuali-papa-francesco-ha-gia-posto-il-limite\/","title":{"rendered":"Il Papa alle coppie omosessuali: Papa Francesco ha gi\u00e0 posto il limite"},"content":{"rendered":"<p data-path-to-node=\"5\"><span dir=\"auto\" style=\"vertical-align: inherit\"><span dir=\"auto\" style=\"vertical-align: inherit\">Il ritorno di Papa Leone XIV dal suo terzo viaggio internazionale in Africa non \u00e8 stato una mera formalit\u00e0. Stanco per 18 voli e 25 discorsi, il Pontefice si \u00e8 seduto con la stampa sul volo di ritorno a Roma per aprire, con insolita trasparenza, la &#8220;scatola nera&#8221; della diplomazia vaticana e illustrare la sua posizione sulle questioni pi\u00f9 scottanti dell&#8217;agenda globale: dalle dittature africane alla crisi migratoria nelle Isole Canarie.<\/span><\/span><\/p>\n<h3 data-path-to-node=\"6\"><strong><span dir=\"auto\" style=\"vertical-align: inherit\"><span dir=\"auto\" style=\"vertical-align: inherit\">Diplomazia faccia a faccia: come si esprime il Papa?<\/span><\/span><\/strong><\/h3>\n<p data-path-to-node=\"7\"><span dir=\"auto\" style=\"vertical-align: inherit\"><span dir=\"auto\" style=\"vertical-align: inherit\">Uno dei maggiori interrogativi di questo viaggio era la convivenza di Leone XIV con leader al potere da decenni, sotto regimi dalla dubbia qualit\u00e0 democratica. Come si concilia il messaggio del Vangelo con una fotografia ufficiale accanto a un dittatore?<\/span><\/span><\/p>\n<p data-path-to-node=\"8\"><span dir=\"auto\" style=\"vertical-align: inherit\"><span dir=\"auto\" style=\"vertical-align: inherit\">Il Papa \u00e8 stato chiaro: il suo viaggio \u00e8\u00a0 <\/span><\/span><b data-path-to-node=\"8\" data-index-in-node=\"31\"><span dir=\"auto\" style=\"vertical-align: inherit\"><span dir=\"auto\" style=\"vertical-align: inherit\">pastorale<\/span><\/span><\/b><span dir=\"auto\" style=\"vertical-align: inherit\"><span dir=\"auto\" style=\"vertical-align: inherit\"> , ma il suo messaggio \u00e8\u00a0 <\/span><\/span><b data-path-to-node=\"8\" data-index-in-node=\"60\"><span dir=\"auto\" style=\"vertical-align: inherit\"><span dir=\"auto\" style=\"vertical-align: inherit\">politico<\/span><\/span><\/b><span dir=\"auto\" style=\"vertical-align: inherit\"><span dir=\"auto\" style=\"vertical-align: inherit\"> . Come ha spiegato, ci sono due strade. In pubblico, i suoi discorsi mantengono un tono diplomatico, pur colpendo sempre nel segno. Ma \u00e8 negli incontri privati \u200b\u200bche si svolge il vero lavoro: un confronto faccia a faccia, senza telecamere, in cui il Papa risveglia le coscienze. &#8220;Questo non funziona&#8221;, dice loro direttamente quando parla della povert\u00e0 o della mancanza di assistenza sanitaria tra il suo popolo. Questo \u00e8 il prezzo che la Chiesa paga: permettere l'&#8221;occasione fotografica&#8221; del leader in cambio di un impegno, nella privacy delle stanze del potere, per il futuro dei pi\u00f9 vulnerabili.<\/span><\/span><\/p>\n<h3 data-path-to-node=\"9\"><strong><span dir=\"auto\" style=\"vertical-align: inherit\"><span dir=\"auto\" style=\"vertical-align: inherit\">Migrazione: &#8220;A volte li trattiamo peggio degli animali&#8221;<\/span><\/span><\/strong><\/h3>\n<p data-path-to-node=\"10\"><span dir=\"auto\" style=\"vertical-align: inherit\"><span dir=\"auto\" style=\"vertical-align: inherit\">Con lo sguardo rivolto al suo imminente viaggio in\u00a0 <\/span><\/span><b data-path-to-node=\"10\" data-index-in-node=\"42\"><span dir=\"auto\" style=\"vertical-align: inherit\"><span dir=\"auto\" style=\"vertical-align: inherit\">Spagna<\/span><\/span><\/b><span dir=\"auto\" style=\"vertical-align: inherit\"><span dir=\"auto\" style=\"vertical-align: inherit\"> \u00a0(Madrid, Barcellona e Isole Canarie), il Papa non si \u00e8 sottratto alla polarizzazione che circonda la migrazione. Pur riconoscendo il diritto degli Stati di regolamentare i propri confini, ha posto una domanda scomoda al Nord del mondo:\u00a0 <\/span><\/span><b data-path-to-node=\"10\" data-index-in-node=\"264\"><span dir=\"auto\" style=\"vertical-align: inherit\"><span dir=\"auto\" style=\"vertical-align: inherit\">&#8220;Cosa stiamo facendo noi, i Paesi ricchi, per cambiare la situazione nelle terre ricche dell&#8217;Africa che altri stanno saccheggiando?<\/span><\/span><\/b><span dir=\"auto\" style=\"vertical-align: inherit\"><span dir=\"auto\" style=\"vertical-align: inherit\"> &#8220;.<\/span><\/span><\/p>\n<p data-path-to-node=\"11\"><span dir=\"auto\" style=\"vertical-align: inherit\"><span dir=\"auto\" style=\"vertical-align: inherit\">Leone XIV denunci\u00f2 l&#8217;ipocrisia delle multinazionali che estraggono minerali dal Sud del mondo ma chiudono le porte ai suoi giovani. La sua dichiarazione pi\u00f9 incisiva fu un appello alla dignit\u00e0 umana fondamentale: lament\u00f2 che, a volte, i migranti vengano trattati con meno rispetto e cura degli animali domestici, ricordando a tutti che, al di l\u00e0 delle leggi di confine, prevale la condizione umana.<\/span><\/span><\/p>\n<h3 data-path-to-node=\"12\"><strong><span dir=\"auto\" style=\"vertical-align: inherit\"><span dir=\"auto\" style=\"vertical-align: inherit\">Benedizioni e controversie: il limite dell&#8217;unit\u00e0<\/span><\/span><\/strong><\/h3>\n<p data-path-to-node=\"13\"><span dir=\"auto\" style=\"vertical-align: inherit\"><span dir=\"auto\" style=\"vertical-align: inherit\">Il volo serv\u00ec anche ad allontanare il Papa dall&#8217;ala pi\u00f9 progressista della Chiesa tedesca. Interrogato sulla decisione del cardinale Marx di benedire formalmente le coppie dello stesso sesso, il Papa rimase fermo nella sua adesione alla posizione della Santa Sede.<\/span><\/span><\/p>\n<p data-path-to-node=\"14\"><span dir=\"auto\" style=\"vertical-align: inherit\"><span dir=\"auto\" style=\"vertical-align: inherit\">Sebbene abbia sottolineato che\u00a0 <\/span><\/span><b data-path-to-node=\"14\" data-index-in-node=\"19\"><span dir=\"auto\" style=\"vertical-align: inherit\"><span dir=\"auto\" style=\"vertical-align: inherit\">&#8220;ognuno ha diritto a una benedizione&#8221;<\/span><\/span><\/b><span dir=\"auto\" style=\"vertical-align: inherit\"><span dir=\"auto\" style=\"vertical-align: inherit\"> \u00a0individuale \u2013 richiamando il celebre &#8220;ognuno, ognuno, ognuno&#8221; del suo predecessore \u2013 ha avvertito che formalizzare queste benedizioni per le coppie creerebbe una pericolosa divisione all&#8217;interno della Chiesa. Si tratta di un delicato equilibrio: piena accettazione dell&#8217;individuo, ma rispetto per la dottrina per evitare una spaccatura con episcopati pi\u00f9 conservatori, come quelli in Africa.<\/span><\/span><\/p>\n<h3 data-path-to-node=\"15\"><strong><span dir=\"auto\" style=\"vertical-align: inherit\"><span dir=\"auto\" style=\"vertical-align: inherit\">Il futuro: l&#8217;America Latina all&#8217;orizzonte<\/span><\/span><\/strong><\/h3>\n<p data-path-to-node=\"16\"><span dir=\"auto\" style=\"vertical-align: inherit\"><span dir=\"auto\" style=\"vertical-align: inherit\">Qual \u00e8 il prossimo passo per Leone XIV? Sebbene la Spagna sia la meta immediata, il cuore del Papa sembra volgersi verso l&#8217;America Latina. Ha confermato il suo interesse a visitare\u00a0 <\/span><\/span><b data-path-to-node=\"16\" data-index-in-node=\"152\"><span dir=\"auto\" style=\"vertical-align: inherit\"><span dir=\"auto\" style=\"vertical-align: inherit\">Per\u00f9, Argentina e Uruguay<\/span><\/span><\/b><span dir=\"auto\" style=\"vertical-align: inherit\"><span dir=\"auto\" style=\"vertical-align: inherit\"> , un desiderio che Francesco non ha ancora soddisfatto. Inoltre, ha lasciato aperta la possibilit\u00e0 di una tappa in\u00a0 <\/span><\/span><b data-path-to-node=\"16\" data-index-in-node=\"276\"><span dir=\"auto\" style=\"vertical-align: inherit\"><span dir=\"auto\" style=\"vertical-align: inherit\">Messico<\/span><\/span><\/b><span dir=\"auto\" style=\"vertical-align: inherit\"><span dir=\"auto\" style=\"vertical-align: inherit\"> \u00a0per visitare la Vergine di Guadalupe durante un eventuale viaggio negli Stati Uniti a settembre.<\/span><\/span><\/p>\n<p data-path-to-node=\"17\"><span dir=\"auto\" style=\"vertical-align: inherit\"><span dir=\"auto\" style=\"vertical-align: inherit\">Per ora non ci sono date confermate, ma il messaggio del Papa \u00e8 chiaro: non rester\u00e0 a Roma a guardare il mondo frammentarsi. La sua diplomazia, a volte discreta e a volte decisa, continua a tendere la mano alle periferie.<\/span><\/span><\/p>\n","protected":false},"excerpt":{"rendered":"<p>Dopo 18 voli e quattro paesi, Leone XIV svela i segreti della sua diplomazia &#8220;sotterranea&#8221; e lancia un messaggio incendiario sulla crisi migratoria in Spagna<\/p>\n","protected":false},"author":176,"featured_media":168395,"comment_status":"closed","ping_status":"closed","sticky":false,"template":"","format":"standard","meta":{"_acf_changed":false,"_crdt_document":"","inline_featured_image":false,"footnotes":""},"categories":[129],"tags":[3294,110736,2792,110739,64538,92275,1466,110737,64540,98603,1809,1300,110740,110741,58164,58164,58164,110742,640,110738,64787,14234],"class_list":{"0":"post-168676","1":"post","2":"type-post","3":"status-publish","4":"format-standard","5":"has-post-thumbnail","6":"hentry","7":"category-voci","8":"tag-argentina-it","9":"tag-benedizioni-per-le-coppie-omosessuali","10":"tag-cardinale-marx","11":"tag-chiesa-in-germania","12":"tag-dignita-umana-it-3","13":"tag-diplomazia-della-santa-sede","14":"tag-diritti-umani","15":"tag-geopolitica-vaticana-2","16":"tag-giustizia-sociale-it","17":"tag-isole-canarie","18":"tag-liberta-religiosa","19":"tag-messico","20":"tag-migrazione-in-spagna","21":"tag-pace-internazionale","22":"tag-papa-leone-xiv","25":"tag-prossimo-viaggio-papale","26":"tag-rifugiati","27":"tag-tour-in-africa","28":"tag-trending-it-236","29":"tag-visita-pastorale"},"acf":[],"yoast_head":"<!-- This site is optimized with the Yoast SEO plugin v27.5 - https:\/\/yoast.com\/product\/yoast-seo-wordpress\/ -->\n<title>Il Papa alle coppie omosessuali: Papa Francesco ha gi\u00e0 posto il limite &#8211; Exaudi<\/title>\n<meta name=\"robots\" content=\"index, follow, max-snippet:-1, max-image-preview:large, max-video-preview:-1\" \/>\n<link rel=\"canonical\" href=\"https:\/\/exaudi.org\/it\/il-papa-alle-coppie-omosessuali-papa-francesco-ha-gia-posto-il-limite\/\" \/>\n<meta property=\"og:locale\" content=\"it_IT\" \/>\n<meta property=\"og:type\" content=\"article\" \/>\n<meta property=\"og:title\" content=\"Il Papa alle coppie omosessuali: Papa Francesco ha gi\u00e0 posto il limite &#8211; Exaudi\" \/>\n<meta property=\"og:description\" content=\"Dopo 18 voli e quattro paesi, Leone XIV svela i segreti della sua diplomazia &quot;sotterranea&quot; e lancia un messaggio incendiario sulla crisi migratoria in Spagna\" \/>\n<meta property=\"og:url\" content=\"https:\/\/exaudi.org\/it\/il-papa-alle-coppie-omosessuali-papa-francesco-ha-gia-posto-il-limite\/\" \/>\n<meta property=\"og:site_name\" content=\"Exaudi\" \/>\n<meta property=\"article:publisher\" content=\"https:\/\/www.facebook.com\/ExaudiNews\" \/>\n<meta property=\"article:author\" content=\"https:\/\/www.facebook.com\/valentina.alazraki.mexico\/\" \/>\n<meta property=\"article:published_time\" content=\"2026-04-28T13:58:44+00:00\" \/>\n<meta property=\"og:image\" content=\"https:\/\/exaudi.org\/wp-content\/uploads\/2026\/04\/1777277433388-scaled.jpg\" \/>\n\t<meta property=\"og:image:width\" content=\"2560\" \/>\n\t<meta property=\"og:image:height\" content=\"1429\" \/>\n\t<meta property=\"og:image:type\" content=\"image\/jpeg\" \/>\n<meta name=\"author\" content=\"Valentina Alazraki\" \/>\n<meta name=\"twitter:card\" content=\"summary_large_image\" \/>\n<meta name=\"twitter:creator\" content=\"@valealazraki\" \/>\n<meta name=\"twitter:site\" content=\"@Exaudi_News\" \/>\n<meta name=\"twitter:label1\" content=\"Scritto da\" \/>\n\t<meta name=\"twitter:data1\" content=\"Valentina Alazraki\" \/>\n\t<meta name=\"twitter:label2\" content=\"Tempo di lettura stimato\" \/>\n\t<meta name=\"twitter:data2\" content=\"3 minuti\" \/>\n<script type=\"application\/ld+json\" class=\"yoast-schema-graph\">{\"@context\":\"https:\\\/\\\/schema.org\",\"@graph\":[{\"@type\":\"Article\",\"@id\":\"https:\\\/\\\/exaudi.org\\\/it\\\/il-papa-alle-coppie-omosessuali-papa-francesco-ha-gia-posto-il-limite\\\/#article\",\"isPartOf\":{\"@id\":\"https:\\\/\\\/exaudi.org\\\/it\\\/il-papa-alle-coppie-omosessuali-papa-francesco-ha-gia-posto-il-limite\\\/\"},\"author\":{\"name\":\"Valentina Alazraki\",\"@id\":\"https:\\\/\\\/exaudi.org\\\/#\\\/schema\\\/person\\\/9939d30cf0367d753632ec95a86ea63b\"},\"headline\":\"Il Papa alle coppie omosessuali: Papa Francesco ha gi\u00e0 posto il limite\",\"datePublished\":\"2026-04-28T13:58:44+00:00\",\"mainEntityOfPage\":{\"@id\":\"https:\\\/\\\/exaudi.org\\\/it\\\/il-papa-alle-coppie-omosessuali-papa-francesco-ha-gia-posto-il-limite\\\/\"},\"wordCount\":602,\"image\":{\"@id\":\"https:\\\/\\\/exaudi.org\\\/it\\\/il-papa-alle-coppie-omosessuali-papa-francesco-ha-gia-posto-il-limite\\\/#primaryimage\"},\"thumbnailUrl\":\"https:\\\/\\\/exaudi.org\\\/wp-content\\\/uploads\\\/2026\\\/04\\\/1777277433388-scaled.jpg\",\"keywords\":[\"Argentina\",\"benedizioni per le coppie omosessuali\",\"cardinale Marx\",\"Chiesa in Germania\",\"Dignit\u00e0 umana\",\"Diplomazia della Santa Sede\",\"diritti umani\",\"Geopolitica vaticana\",\"giustizia sociale\",\"Isole Canarie\",\"libert\u00e0 religiosa\",\"Messico\",\"migrazione in Spagna\",\"pace internazionale\",\"Papa Leone XIV\",\"Papa Leone XIV\",\"Papa Leone XIV\",\"prossimo viaggio papale\",\"rifugiati\",\"Tour in Africa\",\"Trending\",\"VISITA PASTORALE\"],\"articleSection\":[\"Voci\"],\"inLanguage\":\"it-IT\"},{\"@type\":\"WebPage\",\"@id\":\"https:\\\/\\\/exaudi.org\\\/it\\\/il-papa-alle-coppie-omosessuali-papa-francesco-ha-gia-posto-il-limite\\\/\",\"url\":\"https:\\\/\\\/exaudi.org\\\/it\\\/il-papa-alle-coppie-omosessuali-papa-francesco-ha-gia-posto-il-limite\\\/\",\"name\":\"Il Papa alle coppie omosessuali: Papa Francesco ha gi\u00e0 posto il limite &#8211; Exaudi\",\"isPartOf\":{\"@id\":\"https:\\\/\\\/exaudi.org\\\/#website\"},\"primaryImageOfPage\":{\"@id\":\"https:\\\/\\\/exaudi.org\\\/it\\\/il-papa-alle-coppie-omosessuali-papa-francesco-ha-gia-posto-il-limite\\\/#primaryimage\"},\"image\":{\"@id\":\"https:\\\/\\\/exaudi.org\\\/it\\\/il-papa-alle-coppie-omosessuali-papa-francesco-ha-gia-posto-il-limite\\\/#primaryimage\"},\"thumbnailUrl\":\"https:\\\/\\\/exaudi.org\\\/wp-content\\\/uploads\\\/2026\\\/04\\\/1777277433388-scaled.jpg\",\"datePublished\":\"2026-04-28T13:58:44+00:00\",\"author\":{\"@id\":\"https:\\\/\\\/exaudi.org\\\/#\\\/schema\\\/person\\\/9939d30cf0367d753632ec95a86ea63b\"},\"breadcrumb\":{\"@id\":\"https:\\\/\\\/exaudi.org\\\/it\\\/il-papa-alle-coppie-omosessuali-papa-francesco-ha-gia-posto-il-limite\\\/#breadcrumb\"},\"inLanguage\":\"it-IT\",\"potentialAction\":[{\"@type\":\"ReadAction\",\"target\":[\"https:\\\/\\\/exaudi.org\\\/it\\\/il-papa-alle-coppie-omosessuali-papa-francesco-ha-gia-posto-il-limite\\\/\"]}]},{\"@type\":\"ImageObject\",\"inLanguage\":\"it-IT\",\"@id\":\"https:\\\/\\\/exaudi.org\\\/it\\\/il-papa-alle-coppie-omosessuali-papa-francesco-ha-gia-posto-il-limite\\\/#primaryimage\",\"url\":\"https:\\\/\\\/exaudi.org\\\/wp-content\\\/uploads\\\/2026\\\/04\\\/1777277433388-scaled.jpg\",\"contentUrl\":\"https:\\\/\\\/exaudi.org\\\/wp-content\\\/uploads\\\/2026\\\/04\\\/1777277433388-scaled.jpg\",\"width\":2560,\"height\":1429},{\"@type\":\"BreadcrumbList\",\"@id\":\"https:\\\/\\\/exaudi.org\\\/it\\\/il-papa-alle-coppie-omosessuali-papa-francesco-ha-gia-posto-il-limite\\\/#breadcrumb\",\"itemListElement\":[{\"@type\":\"ListItem\",\"position\":1,\"name\":\"Portada\",\"item\":\"https:\\\/\\\/exaudi.org\\\/it\\\/\"},{\"@type\":\"ListItem\",\"position\":2,\"name\":\"Il Papa alle coppie omosessuali: Papa Francesco ha gi\u00e0 posto il limite\"}]},{\"@type\":\"WebSite\",\"@id\":\"https:\\\/\\\/exaudi.org\\\/#website\",\"url\":\"https:\\\/\\\/exaudi.org\\\/\",\"name\":\"Exaudi\",\"description\":\"News\",\"potentialAction\":[{\"@type\":\"SearchAction\",\"target\":{\"@type\":\"EntryPoint\",\"urlTemplate\":\"https:\\\/\\\/exaudi.org\\\/?s={search_term_string}\"},\"query-input\":{\"@type\":\"PropertyValueSpecification\",\"valueRequired\":true,\"valueName\":\"search_term_string\"}}],\"inLanguage\":\"it-IT\"},{\"@type\":\"Person\",\"@id\":\"https:\\\/\\\/exaudi.org\\\/#\\\/schema\\\/person\\\/9939d30cf0367d753632ec95a86ea63b\",\"name\":\"Valentina Alazraki\",\"image\":{\"@type\":\"ImageObject\",\"inLanguage\":\"it-IT\",\"@id\":\"https:\\\/\\\/secure.gravatar.com\\\/avatar\\\/aaefba6efc65855cbc84faacd73503190554e9d572733426dcc7399133d4cebc?s=96&d=mm&r=g\",\"url\":\"https:\\\/\\\/secure.gravatar.com\\\/avatar\\\/aaefba6efc65855cbc84faacd73503190554e9d572733426dcc7399133d4cebc?s=96&d=mm&r=g\",\"contentUrl\":\"https:\\\/\\\/secure.gravatar.com\\\/avatar\\\/aaefba6efc65855cbc84faacd73503190554e9d572733426dcc7399133d4cebc?s=96&d=mm&r=g\",\"caption\":\"Valentina Alazraki\"},\"description\":\"Corresponsal de N+ en El Vaticano e Italia desde 1974. A lo largo de estos 50 a\u00f1os me ha tocado vivir experiencias, vivencias, an\u00e9cdotas impresionantes, que compartir\u00e9 en este canal. Tambi\u00e9n me gustar\u00eda de que me siguieran en mi vida diaria, para ver como vive una corresponsal fuera de M\u00e9xico y puesto que yo vivo en Roma les compartir\u00e9 los lugares m\u00e1s bonitos y tambi\u00e9n los menos conocidos de esa maravillosa ciudad, como si fuera su gu\u00eda. Adem\u00e1s, para los m\u00e1s golosos y los que se divierten en la cocina, me vendr\u00e1n en mi calidad de cocinera que compartir\u00e9 recetas t\u00edpicas italianas.\",\"sameAs\":[\"https:\\\/\\\/www.facebook.com\\\/valentina.alazraki.mexico\\\/\",\"https:\\\/\\\/www.instagram.com\\\/valealazraki\\\/\",\"https:\\\/\\\/x.com\\\/valealazraki\",\"@valentina_alazraki\"],\"url\":\"https:\\\/\\\/exaudi.org\\\/it\\\/author\\\/valentina-alazraki\\\/\"}]}<\/script>\n<!-- \/ Yoast SEO plugin. -->","yoast_head_json":{"title":"Il Papa alle coppie omosessuali: Papa Francesco ha gi\u00e0 posto il limite &#8211; Exaudi","robots":{"index":"index","follow":"follow","max-snippet":"max-snippet:-1","max-image-preview":"max-image-preview:large","max-video-preview":"max-video-preview:-1"},"canonical":"https:\/\/exaudi.org\/it\/il-papa-alle-coppie-omosessuali-papa-francesco-ha-gia-posto-il-limite\/","og_locale":"it_IT","og_type":"article","og_title":"Il Papa alle coppie omosessuali: Papa Francesco ha gi\u00e0 posto il limite &#8211; Exaudi","og_description":"Dopo 18 voli e quattro paesi, Leone XIV svela i segreti della sua diplomazia \"sotterranea\" e lancia un messaggio incendiario sulla crisi migratoria in Spagna","og_url":"https:\/\/exaudi.org\/it\/il-papa-alle-coppie-omosessuali-papa-francesco-ha-gia-posto-il-limite\/","og_site_name":"Exaudi","article_publisher":"https:\/\/www.facebook.com\/ExaudiNews","article_author":"https:\/\/www.facebook.com\/valentina.alazraki.mexico\/","article_published_time":"2026-04-28T13:58:44+00:00","og_image":[{"width":2560,"height":1429,"url":"https:\/\/exaudi.org\/wp-content\/uploads\/2026\/04\/1777277433388-scaled.jpg","type":"image\/jpeg"}],"author":"Valentina Alazraki","twitter_card":"summary_large_image","twitter_creator":"@valealazraki","twitter_site":"@Exaudi_News","twitter_misc":{"Scritto da":"Valentina Alazraki","Tempo di lettura stimato":"3 minuti"},"schema":{"@context":"https:\/\/schema.org","@graph":[{"@type":"Article","@id":"https:\/\/exaudi.org\/it\/il-papa-alle-coppie-omosessuali-papa-francesco-ha-gia-posto-il-limite\/#article","isPartOf":{"@id":"https:\/\/exaudi.org\/it\/il-papa-alle-coppie-omosessuali-papa-francesco-ha-gia-posto-il-limite\/"},"author":{"name":"Valentina Alazraki","@id":"https:\/\/exaudi.org\/#\/schema\/person\/9939d30cf0367d753632ec95a86ea63b"},"headline":"Il Papa alle coppie omosessuali: Papa Francesco ha gi\u00e0 posto il limite","datePublished":"2026-04-28T13:58:44+00:00","mainEntityOfPage":{"@id":"https:\/\/exaudi.org\/it\/il-papa-alle-coppie-omosessuali-papa-francesco-ha-gia-posto-il-limite\/"},"wordCount":602,"image":{"@id":"https:\/\/exaudi.org\/it\/il-papa-alle-coppie-omosessuali-papa-francesco-ha-gia-posto-il-limite\/#primaryimage"},"thumbnailUrl":"https:\/\/exaudi.org\/wp-content\/uploads\/2026\/04\/1777277433388-scaled.jpg","keywords":["Argentina","benedizioni per le coppie omosessuali","cardinale Marx","Chiesa in Germania","Dignit\u00e0 umana","Diplomazia della Santa Sede","diritti umani","Geopolitica vaticana","giustizia sociale","Isole Canarie","libert\u00e0 religiosa","Messico","migrazione in Spagna","pace internazionale","Papa Leone XIV","Papa Leone XIV","Papa Leone XIV","prossimo viaggio papale","rifugiati","Tour in Africa","Trending","VISITA PASTORALE"],"articleSection":["Voci"],"inLanguage":"it-IT"},{"@type":"WebPage","@id":"https:\/\/exaudi.org\/it\/il-papa-alle-coppie-omosessuali-papa-francesco-ha-gia-posto-il-limite\/","url":"https:\/\/exaudi.org\/it\/il-papa-alle-coppie-omosessuali-papa-francesco-ha-gia-posto-il-limite\/","name":"Il Papa alle coppie omosessuali: Papa Francesco ha gi\u00e0 posto il limite &#8211; Exaudi","isPartOf":{"@id":"https:\/\/exaudi.org\/#website"},"primaryImageOfPage":{"@id":"https:\/\/exaudi.org\/it\/il-papa-alle-coppie-omosessuali-papa-francesco-ha-gia-posto-il-limite\/#primaryimage"},"image":{"@id":"https:\/\/exaudi.org\/it\/il-papa-alle-coppie-omosessuali-papa-francesco-ha-gia-posto-il-limite\/#primaryimage"},"thumbnailUrl":"https:\/\/exaudi.org\/wp-content\/uploads\/2026\/04\/1777277433388-scaled.jpg","datePublished":"2026-04-28T13:58:44+00:00","author":{"@id":"https:\/\/exaudi.org\/#\/schema\/person\/9939d30cf0367d753632ec95a86ea63b"},"breadcrumb":{"@id":"https:\/\/exaudi.org\/it\/il-papa-alle-coppie-omosessuali-papa-francesco-ha-gia-posto-il-limite\/#breadcrumb"},"inLanguage":"it-IT","potentialAction":[{"@type":"ReadAction","target":["https:\/\/exaudi.org\/it\/il-papa-alle-coppie-omosessuali-papa-francesco-ha-gia-posto-il-limite\/"]}]},{"@type":"ImageObject","inLanguage":"it-IT","@id":"https:\/\/exaudi.org\/it\/il-papa-alle-coppie-omosessuali-papa-francesco-ha-gia-posto-il-limite\/#primaryimage","url":"https:\/\/exaudi.org\/wp-content\/uploads\/2026\/04\/1777277433388-scaled.jpg","contentUrl":"https:\/\/exaudi.org\/wp-content\/uploads\/2026\/04\/1777277433388-scaled.jpg","width":2560,"height":1429},{"@type":"BreadcrumbList","@id":"https:\/\/exaudi.org\/it\/il-papa-alle-coppie-omosessuali-papa-francesco-ha-gia-posto-il-limite\/#breadcrumb","itemListElement":[{"@type":"ListItem","position":1,"name":"Portada","item":"https:\/\/exaudi.org\/it\/"},{"@type":"ListItem","position":2,"name":"Il Papa alle coppie omosessuali: Papa Francesco ha gi\u00e0 posto il limite"}]},{"@type":"WebSite","@id":"https:\/\/exaudi.org\/#website","url":"https:\/\/exaudi.org\/","name":"Exaudi","description":"News","potentialAction":[{"@type":"SearchAction","target":{"@type":"EntryPoint","urlTemplate":"https:\/\/exaudi.org\/?s={search_term_string}"},"query-input":{"@type":"PropertyValueSpecification","valueRequired":true,"valueName":"search_term_string"}}],"inLanguage":"it-IT"},{"@type":"Person","@id":"https:\/\/exaudi.org\/#\/schema\/person\/9939d30cf0367d753632ec95a86ea63b","name":"Valentina Alazraki","image":{"@type":"ImageObject","inLanguage":"it-IT","@id":"https:\/\/secure.gravatar.com\/avatar\/aaefba6efc65855cbc84faacd73503190554e9d572733426dcc7399133d4cebc?s=96&d=mm&r=g","url":"https:\/\/secure.gravatar.com\/avatar\/aaefba6efc65855cbc84faacd73503190554e9d572733426dcc7399133d4cebc?s=96&d=mm&r=g","contentUrl":"https:\/\/secure.gravatar.com\/avatar\/aaefba6efc65855cbc84faacd73503190554e9d572733426dcc7399133d4cebc?s=96&d=mm&r=g","caption":"Valentina Alazraki"},"description":"Corresponsal de N+ en El Vaticano e Italia desde 1974. A lo largo de estos 50 a\u00f1os me ha tocado vivir experiencias, vivencias, an\u00e9cdotas impresionantes, que compartir\u00e9 en este canal. Tambi\u00e9n me gustar\u00eda de que me siguieran en mi vida diaria, para ver como vive una corresponsal fuera de M\u00e9xico y puesto que yo vivo en Roma les compartir\u00e9 los lugares m\u00e1s bonitos y tambi\u00e9n los menos conocidos de esa maravillosa ciudad, como si fuera su gu\u00eda. Adem\u00e1s, para los m\u00e1s golosos y los que se divierten en la cocina, me vendr\u00e1n en mi calidad de cocinera que compartir\u00e9 recetas t\u00edpicas italianas.","sameAs":["https:\/\/www.facebook.com\/valentina.alazraki.mexico\/","https:\/\/www.instagram.com\/valealazraki\/","https:\/\/x.com\/valealazraki","@valentina_alazraki"],"url":"https:\/\/exaudi.org\/it\/author\/valentina-alazraki\/"}]}},"jetpack_featured_media_url":"https:\/\/exaudi.org\/wp-content\/uploads\/2026\/04\/1777277433388-scaled.jpg","jetpack_shortlink":"https:\/\/wp.me\/pgKjF2-HSA","_links":{"self":[{"href":"https:\/\/exaudi.org\/it\/wp-json\/wp\/v2\/posts\/168676","targetHints":{"allow":["GET"]}}],"collection":[{"href":"https:\/\/exaudi.org\/it\/wp-json\/wp\/v2\/posts"}],"about":[{"href":"https:\/\/exaudi.org\/it\/wp-json\/wp\/v2\/types\/post"}],"author":[{"embeddable":true,"href":"https:\/\/exaudi.org\/it\/wp-json\/wp\/v2\/users\/176"}],"replies":[{"embeddable":true,"href":"https:\/\/exaudi.org\/it\/wp-json\/wp\/v2\/comments?post=168676"}],"version-history":[{"count":3,"href":"https:\/\/exaudi.org\/it\/wp-json\/wp\/v2\/posts\/168676\/revisions"}],"predecessor-version":[{"id":168679,"href":"https:\/\/exaudi.org\/it\/wp-json\/wp\/v2\/posts\/168676\/revisions\/168679"}],"wp:featuredmedia":[{"embeddable":true,"href":"https:\/\/exaudi.org\/it\/wp-json\/wp\/v2\/media\/168395"}],"wp:attachment":[{"href":"https:\/\/exaudi.org\/it\/wp-json\/wp\/v2\/media?parent=168676"}],"wp:term":[{"taxonomy":"category","embeddable":true,"href":"https:\/\/exaudi.org\/it\/wp-json\/wp\/v2\/categories?post=168676"},{"taxonomy":"post_tag","embeddable":true,"href":"https:\/\/exaudi.org\/it\/wp-json\/wp\/v2\/tags?post=168676"}],"curies":[{"name":"wp","href":"https:\/\/api.w.org\/{rel}","templated":true}]}}