{"id":168598,"date":"2026-04-27T19:55:56","date_gmt":"2026-04-27T17:55:56","guid":{"rendered":"https:\/\/exaudi.org\/?p=168598"},"modified":"2026-04-27T19:55:56","modified_gmt":"2026-04-27T17:55:56","slug":"il-duplice-gesto-storico-di-leone-xiv-il-nuovo-volto-della-carita-e-la-riunione-ecumenica","status":"publish","type":"post","link":"https:\/\/exaudi.org\/it\/il-duplice-gesto-storico-di-leone-xiv-il-nuovo-volto-della-carita-e-la-riunione-ecumenica\/","title":{"rendered":"Il duplice gesto storico di Leone XIV: il nuovo volto della carit\u00e0 e la riunione ecumenica"},"content":{"rendered":"<p data-path-to-node=\"7\"><span dir=\"auto\" style=\"vertical-align: inherit\"><span dir=\"auto\" style=\"vertical-align: inherit\">In una giornata caratterizzata da profonda spiritualit\u00e0 e diplomazia ecclesiastica, Papa Leone XIV ha ribadito i pilastri del suo pontificato: la carit\u00e0 concreta e l&#8217;unit\u00e0 dei cristiani. Le mura vaticane sono state teatro di due eventi che, pur distinti nella forma, convergono nella stessa missione di servizio e riconciliazione.<\/span><\/span><\/p>\n<h3 data-path-to-node=\"8\"><strong><span dir=\"auto\" style=\"vertical-align: inherit\"><span dir=\"auto\" style=\"vertical-align: inherit\">Una pietra viva per il &#8220;Cuore di Francesco&#8221;<\/span><\/span><\/strong><\/h3>\n<p data-path-to-node=\"9\"><span dir=\"auto\" style=\"vertical-align: inherit\"><span dir=\"auto\" style=\"vertical-align: inherit\">Questa mattina presto, in una cerimonia ricca di simbolismo, il Papa ha benedetto la prima pietra del nuovo\u00a0 <\/span><\/span><b data-path-to-node=\"9\" data-index-in-node=\"138\"><span dir=\"auto\" style=\"vertical-align: inherit\"><span dir=\"auto\" style=\"vertical-align: inherit\">Centro &#8220;Cuore di Papa Francesco&#8221;<\/span><\/span><\/b><span dir=\"auto\" style=\"vertical-align: inherit\"><span dir=\"auto\" style=\"vertical-align: inherit\"> . Questo progetto, concepito come rifugio di speranza, non si erge solo come edificio di assistenza, ma anche come monito permanente della predilezione della Chiesa per gli emarginati della societ\u00e0.<\/span><\/span><\/p>\n<p data-path-to-node=\"10\"><span dir=\"auto\" style=\"vertical-align: inherit\"><span dir=\"auto\" style=\"vertical-align: inherit\">Durante la cerimonia, Leone XIV ha sottolineato che questo centro si propone di essere un faro di carit\u00e0 in mezzo alle difficolt\u00e0 del mondo moderno. La benedizione di questa prima pietra simboleggia l&#8217;impegno della Santa Sede verso un approccio pastorale che va oltre le semplici parole, concretizzandosi in strutture capaci di lenire le ferite e restituire dignit\u00e0 a coloro che hanno perso tutto.<\/span><\/span><\/p>\n<p data-path-to-node=\"10\"><img loading=\"lazy\" decoding=\"async\" class=\"size-full wp-image-168501 alignnone\" src=\"https:\/\/exaudi.org\/wp-content\/uploads\/2026\/04\/cq5dam.thumbnail.cropped.750.422-5-4.jpeg\" alt=\"\" width=\"750\" height=\"422\" srcset=\"https:\/\/exaudi.org\/wp-content\/uploads\/2026\/04\/cq5dam.thumbnail.cropped.750.422-5-4.jpeg 750w, https:\/\/exaudi.org\/wp-content\/uploads\/2026\/04\/cq5dam.thumbnail.cropped.750.422-5-4-300x169.jpeg 300w, https:\/\/exaudi.org\/wp-content\/uploads\/2026\/04\/cq5dam.thumbnail.cropped.750.422-5-4-500x281.jpeg 500w\" sizes=\"auto, (max-width: 750px) 100vw, 750px\" \/><\/p>\n<h3 data-path-to-node=\"11\"><strong><span dir=\"auto\" style=\"vertical-align: inherit\"><span dir=\"auto\" style=\"vertical-align: inherit\">Ponti sul Tevere: incontro con l&#8217;Arcivescovo di Canterbury<\/span><\/span><\/strong><\/h3>\n<p data-path-to-node=\"12\"><span dir=\"auto\" style=\"vertical-align: inherit\"><span dir=\"auto\" style=\"vertical-align: inherit\">In seguito, l&#8217;agenda papale si \u00e8 concentrata sul dialogo ecumenico. In un&#8217;atmosfera di fraternit\u00e0 pasquale, Papa Leone XIV ricevette in udienza privata l&#8217;\u00a0 <\/span><\/span><b data-path-to-node=\"12\" data-index-in-node=\"167\"><span dir=\"auto\" style=\"vertical-align: inherit\"><span dir=\"auto\" style=\"vertical-align: inherit\">Arcivescovo di Canterbury<\/span><\/span><\/b><span dir=\"auto\" style=\"vertical-align: inherit\"><span dir=\"auto\" style=\"vertical-align: inherit\"> . Questo incontro, avvenuto il Luned\u00ec di Pasqua, ha sottolineato il desiderio condiviso di progredire verso una pi\u00f9 piena comunione tra la Chiesa cattolica e la Comunione anglicana.<\/span><\/span><\/p>\n<p data-path-to-node=\"13\"><span dir=\"auto\" style=\"vertical-align: inherit\"><span dir=\"auto\" style=\"vertical-align: inherit\">L&#8217;incontro non \u00e8 stato una mera formalit\u00e0; ha offerto un&#8217;opportunit\u00e0 di riflessione sulle sfide comuni che i cristiani affrontano nel XXI secolo. Entrambi i leader si sono confrontati sulla pace mondiale, sulla crisi climatica e sull&#8217;urgente necessit\u00e0 di una testimonianza cristiana unita in un mondo frammentato. La presenza della pi\u00f9 alta autorit\u00e0 anglicana in Vaticano rafforza i legami di amicizia e di reciproco rispetto che si sono consolidati negli ultimi anni.<\/span><\/span><\/p>\n<p data-path-to-node=\"13\"><img loading=\"lazy\" decoding=\"async\" class=\"alignleft size-full wp-image-168504\" src=\"https:\/\/exaudi.org\/wp-content\/uploads\/2026\/04\/cq5dam.thumbnail.cropped.750.422-3-2.jpeg\" alt=\"\" width=\"750\" height=\"422\" srcset=\"https:\/\/exaudi.org\/wp-content\/uploads\/2026\/04\/cq5dam.thumbnail.cropped.750.422-3-2.jpeg 750w, https:\/\/exaudi.org\/wp-content\/uploads\/2026\/04\/cq5dam.thumbnail.cropped.750.422-3-2-300x169.jpeg 300w, https:\/\/exaudi.org\/wp-content\/uploads\/2026\/04\/cq5dam.thumbnail.cropped.750.422-3-2-500x281.jpeg 500w\" sizes=\"auto, (max-width: 750px) 100vw, 750px\" \/><\/p>\n","protected":false},"excerpt":{"rendered":"<p>Dal conforto ai pi\u00f9 vulnerabili allo storico incontro con la Chiesa d&#8217;Inghilterra<\/p>\n","protected":false},"author":17,"featured_media":168497,"comment_status":"closed","ping_status":"closed","sticky":false,"template":"","format":"standard","meta":{"_acf_changed":false,"_crdt_document":"","inline_featured_image":false,"footnotes":""},"categories":[67],"tags":[104402,25248,110674,12415,64850,110673,665,2749,64851,110676,110675,58164,103607,510,27688,266],"class_list":["post-168598","post","type-post","status-publish","format-standard","has-post-thumbnail","hentry","category-leone-xiv","tag-arcivescovo-di-canterbury","tag-assistenza-sociale","tag-centro-cardiologico-papa-francesco","tag-chiesa-anglicana","tag-chiesa-cattolica-it","tag-christian-charity-2","tag-dialogo-interreligioso","tag-ecumenismo-it","tag-featured-it-2","tag-holy-see-news","tag-ministero-petrino","tag-papa-leone-xiv","tag-pasqua-2026","tag-solidarieta","tag-unita-cristiana","tag-vaticano"],"acf":[],"yoast_head":"<!-- This site is optimized with the Yoast SEO plugin v27.5 - https:\/\/yoast.com\/product\/yoast-seo-wordpress\/ -->\n<title>Il duplice gesto storico di Leone XIV: il nuovo volto della carit\u00e0 e la riunione ecumenica &#8211; Exaudi<\/title>\n<meta name=\"robots\" content=\"index, follow, max-snippet:-1, max-image-preview:large, max-video-preview:-1\" \/>\n<link rel=\"canonical\" href=\"https:\/\/exaudi.org\/it\/il-duplice-gesto-storico-di-leone-xiv-il-nuovo-volto-della-carita-e-la-riunione-ecumenica\/\" \/>\n<meta property=\"og:locale\" content=\"it_IT\" \/>\n<meta property=\"og:type\" content=\"article\" \/>\n<meta property=\"og:title\" content=\"Il duplice gesto storico di Leone XIV: il nuovo volto della carit\u00e0 e la riunione ecumenica &#8211; Exaudi\" \/>\n<meta property=\"og:description\" content=\"Dal conforto ai pi\u00f9 vulnerabili allo storico incontro con la Chiesa d&#039;Inghilterra\" \/>\n<meta property=\"og:url\" content=\"https:\/\/exaudi.org\/it\/il-duplice-gesto-storico-di-leone-xiv-il-nuovo-volto-della-carita-e-la-riunione-ecumenica\/\" \/>\n<meta property=\"og:site_name\" content=\"Exaudi\" \/>\n<meta property=\"article:publisher\" content=\"https:\/\/www.facebook.com\/ExaudiNews\" \/>\n<meta property=\"article:author\" content=\"https:\/\/www.facebook.com\/ExaudiNotizie\/\" \/>\n<meta property=\"article:published_time\" content=\"2026-04-27T17:55:56+00:00\" \/>\n<meta property=\"og:image\" content=\"https:\/\/exaudi.org\/wp-content\/uploads\/2026\/04\/cq5dam.thumbnail.cropped.750.422-1-6.jpeg\" \/>\n\t<meta property=\"og:image:width\" content=\"750\" \/>\n\t<meta property=\"og:image:height\" content=\"422\" \/>\n\t<meta property=\"og:image:type\" content=\"image\/jpeg\" \/>\n<meta name=\"author\" content=\"Exaudi Redazione\" \/>\n<meta name=\"twitter:card\" content=\"summary_large_image\" \/>\n<meta name=\"twitter:creator\" content=\"@Exaudi_Notizie\" \/>\n<meta name=\"twitter:site\" content=\"@Exaudi_News\" \/>\n<meta name=\"twitter:label1\" content=\"Scritto da\" \/>\n\t<meta name=\"twitter:data1\" content=\"Exaudi Redazione\" \/>\n\t<meta name=\"twitter:label2\" content=\"Tempo di lettura stimato\" \/>\n\t<meta name=\"twitter:data2\" content=\"2 minuti\" \/>\n<script type=\"application\/ld+json\" class=\"yoast-schema-graph\">{\"@context\":\"https:\\\/\\\/schema.org\",\"@graph\":[{\"@type\":\"Article\",\"@id\":\"https:\\\/\\\/exaudi.org\\\/it\\\/il-duplice-gesto-storico-di-leone-xiv-il-nuovo-volto-della-carita-e-la-riunione-ecumenica\\\/#article\",\"isPartOf\":{\"@id\":\"https:\\\/\\\/exaudi.org\\\/it\\\/il-duplice-gesto-storico-di-leone-xiv-il-nuovo-volto-della-carita-e-la-riunione-ecumenica\\\/\"},\"author\":{\"name\":\"Exaudi Redazione\",\"@id\":\"https:\\\/\\\/exaudi.org\\\/#\\\/schema\\\/person\\\/e1ab6ed07c01774724dd96f925f3a5f0\"},\"headline\":\"Il duplice gesto storico di Leone XIV: il nuovo volto della carit\u00e0 e la riunione ecumenica\",\"datePublished\":\"2026-04-27T17:55:56+00:00\",\"mainEntityOfPage\":{\"@id\":\"https:\\\/\\\/exaudi.org\\\/it\\\/il-duplice-gesto-storico-di-leone-xiv-il-nuovo-volto-della-carita-e-la-riunione-ecumenica\\\/\"},\"wordCount\":326,\"image\":{\"@id\":\"https:\\\/\\\/exaudi.org\\\/it\\\/il-duplice-gesto-storico-di-leone-xiv-il-nuovo-volto-della-carita-e-la-riunione-ecumenica\\\/#primaryimage\"},\"thumbnailUrl\":\"https:\\\/\\\/exaudi.org\\\/wp-content\\\/uploads\\\/2026\\\/04\\\/cq5dam.thumbnail.cropped.750.422-1-6.jpeg\",\"keywords\":[\"Arcivescovo di Canterbury\",\"assistenza sociale\",\"Centro Cardiologico Papa Francesco\",\"CHIESA ANGLICANA\",\"CHIESA CATTOLICA\",\"Christian Charity\",\"dialogo interreligioso\",\"Ecumenismo\",\"Featured\",\"Holy See News\",\"Ministero petrino\",\"Papa Leone XIV\",\"Pasqua 2026\",\"solidariet\u00e0\",\"unit\u00e0 cristiana\",\"Vaticano\"],\"articleSection\":[\"Leone XIV\"],\"inLanguage\":\"it-IT\"},{\"@type\":\"WebPage\",\"@id\":\"https:\\\/\\\/exaudi.org\\\/it\\\/il-duplice-gesto-storico-di-leone-xiv-il-nuovo-volto-della-carita-e-la-riunione-ecumenica\\\/\",\"url\":\"https:\\\/\\\/exaudi.org\\\/it\\\/il-duplice-gesto-storico-di-leone-xiv-il-nuovo-volto-della-carita-e-la-riunione-ecumenica\\\/\",\"name\":\"Il duplice gesto storico di Leone XIV: il nuovo volto della carit\u00e0 e la riunione ecumenica &#8211; Exaudi\",\"isPartOf\":{\"@id\":\"https:\\\/\\\/exaudi.org\\\/#website\"},\"primaryImageOfPage\":{\"@id\":\"https:\\\/\\\/exaudi.org\\\/it\\\/il-duplice-gesto-storico-di-leone-xiv-il-nuovo-volto-della-carita-e-la-riunione-ecumenica\\\/#primaryimage\"},\"image\":{\"@id\":\"https:\\\/\\\/exaudi.org\\\/it\\\/il-duplice-gesto-storico-di-leone-xiv-il-nuovo-volto-della-carita-e-la-riunione-ecumenica\\\/#primaryimage\"},\"thumbnailUrl\":\"https:\\\/\\\/exaudi.org\\\/wp-content\\\/uploads\\\/2026\\\/04\\\/cq5dam.thumbnail.cropped.750.422-1-6.jpeg\",\"datePublished\":\"2026-04-27T17:55:56+00:00\",\"author\":{\"@id\":\"https:\\\/\\\/exaudi.org\\\/#\\\/schema\\\/person\\\/e1ab6ed07c01774724dd96f925f3a5f0\"},\"breadcrumb\":{\"@id\":\"https:\\\/\\\/exaudi.org\\\/it\\\/il-duplice-gesto-storico-di-leone-xiv-il-nuovo-volto-della-carita-e-la-riunione-ecumenica\\\/#breadcrumb\"},\"inLanguage\":\"it-IT\",\"potentialAction\":[{\"@type\":\"ReadAction\",\"target\":[\"https:\\\/\\\/exaudi.org\\\/it\\\/il-duplice-gesto-storico-di-leone-xiv-il-nuovo-volto-della-carita-e-la-riunione-ecumenica\\\/\"]}]},{\"@type\":\"ImageObject\",\"inLanguage\":\"it-IT\",\"@id\":\"https:\\\/\\\/exaudi.org\\\/it\\\/il-duplice-gesto-storico-di-leone-xiv-il-nuovo-volto-della-carita-e-la-riunione-ecumenica\\\/#primaryimage\",\"url\":\"https:\\\/\\\/exaudi.org\\\/wp-content\\\/uploads\\\/2026\\\/04\\\/cq5dam.thumbnail.cropped.750.422-1-6.jpeg\",\"contentUrl\":\"https:\\\/\\\/exaudi.org\\\/wp-content\\\/uploads\\\/2026\\\/04\\\/cq5dam.thumbnail.cropped.750.422-1-6.jpeg\",\"width\":750,\"height\":422},{\"@type\":\"BreadcrumbList\",\"@id\":\"https:\\\/\\\/exaudi.org\\\/it\\\/il-duplice-gesto-storico-di-leone-xiv-il-nuovo-volto-della-carita-e-la-riunione-ecumenica\\\/#breadcrumb\",\"itemListElement\":[{\"@type\":\"ListItem\",\"position\":1,\"name\":\"Portada\",\"item\":\"https:\\\/\\\/exaudi.org\\\/it\\\/\"},{\"@type\":\"ListItem\",\"position\":2,\"name\":\"Il duplice gesto storico di Leone XIV: il nuovo volto della carit\u00e0 e la riunione ecumenica\"}]},{\"@type\":\"WebSite\",\"@id\":\"https:\\\/\\\/exaudi.org\\\/#website\",\"url\":\"https:\\\/\\\/exaudi.org\\\/\",\"name\":\"Exaudi\",\"description\":\"News\",\"potentialAction\":[{\"@type\":\"SearchAction\",\"target\":{\"@type\":\"EntryPoint\",\"urlTemplate\":\"https:\\\/\\\/exaudi.org\\\/?s={search_term_string}\"},\"query-input\":{\"@type\":\"PropertyValueSpecification\",\"valueRequired\":true,\"valueName\":\"search_term_string\"}}],\"inLanguage\":\"it-IT\"},{\"@type\":\"Person\",\"@id\":\"https:\\\/\\\/exaudi.org\\\/#\\\/schema\\\/person\\\/e1ab6ed07c01774724dd96f925f3a5f0\",\"name\":\"Exaudi Redazione\",\"image\":{\"@type\":\"ImageObject\",\"inLanguage\":\"it-IT\",\"@id\":\"https:\\\/\\\/secure.gravatar.com\\\/avatar\\\/ad6774b3ada023bf5b939d64f45c94b3adf91502dd883507d469b4308a943bb3?s=96&d=mm&r=g\",\"url\":\"https:\\\/\\\/secure.gravatar.com\\\/avatar\\\/ad6774b3ada023bf5b939d64f45c94b3adf91502dd883507d469b4308a943bb3?s=96&d=mm&r=g\",\"contentUrl\":\"https:\\\/\\\/secure.gravatar.com\\\/avatar\\\/ad6774b3ada023bf5b939d64f45c94b3adf91502dd883507d469b4308a943bb3?s=96&d=mm&r=g\",\"caption\":\"Exaudi Redazione\"},\"description\":\"Che cosa \u00e8 Exaudi News? Exaudi News \u00e8 un agenzia cattolica internazionale che informa, istruisce e trasforma quotidianamente in spagnolo, inglese e italiano. Attraverso notizie, articoli di analisi e trasmissioni in diretta degli eventi del Papa, Exaudi cerca di rafforzare l'unit\u00e0 dei cristiani e di contribuire all'evangelizzazione del mondo, sempre guidato dalla dottrina sociale della Chiesa. Lavoriamo per portare la verit\u00e0 e i valori cristiani in ogni angolo del pianeta. Aiutaci a trasformare il mondo con Exaudi! Noi di Exaudi crediamo che l'evangelizzazione e l'informazione di qualit\u00e0 possano cambiare la vita. Per continuare la nostra missione ed espandere la nostra portata, abbiamo bisogno del tuo aiuto. Stiamo anche cercando persone motivate che vogliano unirsi al nostro team. Grazie al vostro sostegno raggiungeremo pi\u00f9 persone, diffonderemo il messaggio di Cristo e rafforzeremo l'unit\u00e0 dei cristiani. Vuoi unirti alla nostra missione? Per maggiori informazioni su come contribuire, visita Exaudi.org\\\/it o contattaci direttamente: info@exaudi.org Exaudi: informa, forma e trasforma.\",\"sameAs\":[\"https:\\\/\\\/www.facebook.com\\\/ExaudiNotizie\\\/\",\"https:\\\/\\\/www.instagram.com\\\/Exaudi_notizie\\\/\",\"https:\\\/\\\/x.com\\\/Exaudi_Notizie\",\"https:\\\/\\\/www.youtube.com\\\/@exaudicatholicnews\"],\"url\":\"https:\\\/\\\/exaudi.org\\\/it\\\/author\\\/dlvedi-org\\\/\"}]}<\/script>\n<!-- \/ Yoast SEO plugin. -->","yoast_head_json":{"title":"Il duplice gesto storico di Leone XIV: il nuovo volto della carit\u00e0 e la riunione ecumenica &#8211; Exaudi","robots":{"index":"index","follow":"follow","max-snippet":"max-snippet:-1","max-image-preview":"max-image-preview:large","max-video-preview":"max-video-preview:-1"},"canonical":"https:\/\/exaudi.org\/it\/il-duplice-gesto-storico-di-leone-xiv-il-nuovo-volto-della-carita-e-la-riunione-ecumenica\/","og_locale":"it_IT","og_type":"article","og_title":"Il duplice gesto storico di Leone XIV: il nuovo volto della carit\u00e0 e la riunione ecumenica &#8211; Exaudi","og_description":"Dal conforto ai pi\u00f9 vulnerabili allo storico incontro con la Chiesa d'Inghilterra","og_url":"https:\/\/exaudi.org\/it\/il-duplice-gesto-storico-di-leone-xiv-il-nuovo-volto-della-carita-e-la-riunione-ecumenica\/","og_site_name":"Exaudi","article_publisher":"https:\/\/www.facebook.com\/ExaudiNews","article_author":"https:\/\/www.facebook.com\/ExaudiNotizie\/","article_published_time":"2026-04-27T17:55:56+00:00","og_image":[{"width":750,"height":422,"url":"https:\/\/exaudi.org\/wp-content\/uploads\/2026\/04\/cq5dam.thumbnail.cropped.750.422-1-6.jpeg","type":"image\/jpeg"}],"author":"Exaudi Redazione","twitter_card":"summary_large_image","twitter_creator":"@Exaudi_Notizie","twitter_site":"@Exaudi_News","twitter_misc":{"Scritto da":"Exaudi Redazione","Tempo di lettura stimato":"2 minuti"},"schema":{"@context":"https:\/\/schema.org","@graph":[{"@type":"Article","@id":"https:\/\/exaudi.org\/it\/il-duplice-gesto-storico-di-leone-xiv-il-nuovo-volto-della-carita-e-la-riunione-ecumenica\/#article","isPartOf":{"@id":"https:\/\/exaudi.org\/it\/il-duplice-gesto-storico-di-leone-xiv-il-nuovo-volto-della-carita-e-la-riunione-ecumenica\/"},"author":{"name":"Exaudi Redazione","@id":"https:\/\/exaudi.org\/#\/schema\/person\/e1ab6ed07c01774724dd96f925f3a5f0"},"headline":"Il duplice gesto storico di Leone XIV: il nuovo volto della carit\u00e0 e la riunione ecumenica","datePublished":"2026-04-27T17:55:56+00:00","mainEntityOfPage":{"@id":"https:\/\/exaudi.org\/it\/il-duplice-gesto-storico-di-leone-xiv-il-nuovo-volto-della-carita-e-la-riunione-ecumenica\/"},"wordCount":326,"image":{"@id":"https:\/\/exaudi.org\/it\/il-duplice-gesto-storico-di-leone-xiv-il-nuovo-volto-della-carita-e-la-riunione-ecumenica\/#primaryimage"},"thumbnailUrl":"https:\/\/exaudi.org\/wp-content\/uploads\/2026\/04\/cq5dam.thumbnail.cropped.750.422-1-6.jpeg","keywords":["Arcivescovo di Canterbury","assistenza sociale","Centro Cardiologico Papa Francesco","CHIESA ANGLICANA","CHIESA CATTOLICA","Christian Charity","dialogo interreligioso","Ecumenismo","Featured","Holy See News","Ministero petrino","Papa Leone XIV","Pasqua 2026","solidariet\u00e0","unit\u00e0 cristiana","Vaticano"],"articleSection":["Leone XIV"],"inLanguage":"it-IT"},{"@type":"WebPage","@id":"https:\/\/exaudi.org\/it\/il-duplice-gesto-storico-di-leone-xiv-il-nuovo-volto-della-carita-e-la-riunione-ecumenica\/","url":"https:\/\/exaudi.org\/it\/il-duplice-gesto-storico-di-leone-xiv-il-nuovo-volto-della-carita-e-la-riunione-ecumenica\/","name":"Il duplice gesto storico di Leone XIV: il nuovo volto della carit\u00e0 e la riunione ecumenica &#8211; Exaudi","isPartOf":{"@id":"https:\/\/exaudi.org\/#website"},"primaryImageOfPage":{"@id":"https:\/\/exaudi.org\/it\/il-duplice-gesto-storico-di-leone-xiv-il-nuovo-volto-della-carita-e-la-riunione-ecumenica\/#primaryimage"},"image":{"@id":"https:\/\/exaudi.org\/it\/il-duplice-gesto-storico-di-leone-xiv-il-nuovo-volto-della-carita-e-la-riunione-ecumenica\/#primaryimage"},"thumbnailUrl":"https:\/\/exaudi.org\/wp-content\/uploads\/2026\/04\/cq5dam.thumbnail.cropped.750.422-1-6.jpeg","datePublished":"2026-04-27T17:55:56+00:00","author":{"@id":"https:\/\/exaudi.org\/#\/schema\/person\/e1ab6ed07c01774724dd96f925f3a5f0"},"breadcrumb":{"@id":"https:\/\/exaudi.org\/it\/il-duplice-gesto-storico-di-leone-xiv-il-nuovo-volto-della-carita-e-la-riunione-ecumenica\/#breadcrumb"},"inLanguage":"it-IT","potentialAction":[{"@type":"ReadAction","target":["https:\/\/exaudi.org\/it\/il-duplice-gesto-storico-di-leone-xiv-il-nuovo-volto-della-carita-e-la-riunione-ecumenica\/"]}]},{"@type":"ImageObject","inLanguage":"it-IT","@id":"https:\/\/exaudi.org\/it\/il-duplice-gesto-storico-di-leone-xiv-il-nuovo-volto-della-carita-e-la-riunione-ecumenica\/#primaryimage","url":"https:\/\/exaudi.org\/wp-content\/uploads\/2026\/04\/cq5dam.thumbnail.cropped.750.422-1-6.jpeg","contentUrl":"https:\/\/exaudi.org\/wp-content\/uploads\/2026\/04\/cq5dam.thumbnail.cropped.750.422-1-6.jpeg","width":750,"height":422},{"@type":"BreadcrumbList","@id":"https:\/\/exaudi.org\/it\/il-duplice-gesto-storico-di-leone-xiv-il-nuovo-volto-della-carita-e-la-riunione-ecumenica\/#breadcrumb","itemListElement":[{"@type":"ListItem","position":1,"name":"Portada","item":"https:\/\/exaudi.org\/it\/"},{"@type":"ListItem","position":2,"name":"Il duplice gesto storico di Leone XIV: il nuovo volto della carit\u00e0 e la riunione ecumenica"}]},{"@type":"WebSite","@id":"https:\/\/exaudi.org\/#website","url":"https:\/\/exaudi.org\/","name":"Exaudi","description":"News","potentialAction":[{"@type":"SearchAction","target":{"@type":"EntryPoint","urlTemplate":"https:\/\/exaudi.org\/?s={search_term_string}"},"query-input":{"@type":"PropertyValueSpecification","valueRequired":true,"valueName":"search_term_string"}}],"inLanguage":"it-IT"},{"@type":"Person","@id":"https:\/\/exaudi.org\/#\/schema\/person\/e1ab6ed07c01774724dd96f925f3a5f0","name":"Exaudi Redazione","image":{"@type":"ImageObject","inLanguage":"it-IT","@id":"https:\/\/secure.gravatar.com\/avatar\/ad6774b3ada023bf5b939d64f45c94b3adf91502dd883507d469b4308a943bb3?s=96&d=mm&r=g","url":"https:\/\/secure.gravatar.com\/avatar\/ad6774b3ada023bf5b939d64f45c94b3adf91502dd883507d469b4308a943bb3?s=96&d=mm&r=g","contentUrl":"https:\/\/secure.gravatar.com\/avatar\/ad6774b3ada023bf5b939d64f45c94b3adf91502dd883507d469b4308a943bb3?s=96&d=mm&r=g","caption":"Exaudi Redazione"},"description":"Che cosa \u00e8 Exaudi News? Exaudi News \u00e8 un agenzia cattolica internazionale che informa, istruisce e trasforma quotidianamente in spagnolo, inglese e italiano. Attraverso notizie, articoli di analisi e trasmissioni in diretta degli eventi del Papa, Exaudi cerca di rafforzare l'unit\u00e0 dei cristiani e di contribuire all'evangelizzazione del mondo, sempre guidato dalla dottrina sociale della Chiesa. Lavoriamo per portare la verit\u00e0 e i valori cristiani in ogni angolo del pianeta. Aiutaci a trasformare il mondo con Exaudi! Noi di Exaudi crediamo che l'evangelizzazione e l'informazione di qualit\u00e0 possano cambiare la vita. Per continuare la nostra missione ed espandere la nostra portata, abbiamo bisogno del tuo aiuto. Stiamo anche cercando persone motivate che vogliano unirsi al nostro team. Grazie al vostro sostegno raggiungeremo pi\u00f9 persone, diffonderemo il messaggio di Cristo e rafforzeremo l'unit\u00e0 dei cristiani. Vuoi unirti alla nostra missione? Per maggiori informazioni su come contribuire, visita Exaudi.org\/it o contattaci direttamente: info@exaudi.org Exaudi: informa, forma e trasforma.","sameAs":["https:\/\/www.facebook.com\/ExaudiNotizie\/","https:\/\/www.instagram.com\/Exaudi_notizie\/","https:\/\/x.com\/Exaudi_Notizie","https:\/\/www.youtube.com\/@exaudicatholicnews"],"url":"https:\/\/exaudi.org\/it\/author\/dlvedi-org\/"}]}},"jetpack_featured_media_url":"https:\/\/exaudi.org\/wp-content\/uploads\/2026\/04\/cq5dam.thumbnail.cropped.750.422-1-6.jpeg","jetpack_shortlink":"https:\/\/wp.me\/pgKjF2-HRk","_links":{"self":[{"href":"https:\/\/exaudi.org\/it\/wp-json\/wp\/v2\/posts\/168598","targetHints":{"allow":["GET"]}}],"collection":[{"href":"https:\/\/exaudi.org\/it\/wp-json\/wp\/v2\/posts"}],"about":[{"href":"https:\/\/exaudi.org\/it\/wp-json\/wp\/v2\/types\/post"}],"author":[{"embeddable":true,"href":"https:\/\/exaudi.org\/it\/wp-json\/wp\/v2\/users\/17"}],"replies":[{"embeddable":true,"href":"https:\/\/exaudi.org\/it\/wp-json\/wp\/v2\/comments?post=168598"}],"version-history":[{"count":3,"href":"https:\/\/exaudi.org\/it\/wp-json\/wp\/v2\/posts\/168598\/revisions"}],"predecessor-version":[{"id":168601,"href":"https:\/\/exaudi.org\/it\/wp-json\/wp\/v2\/posts\/168598\/revisions\/168601"}],"wp:featuredmedia":[{"embeddable":true,"href":"https:\/\/exaudi.org\/it\/wp-json\/wp\/v2\/media\/168497"}],"wp:attachment":[{"href":"https:\/\/exaudi.org\/it\/wp-json\/wp\/v2\/media?parent=168598"}],"wp:term":[{"taxonomy":"category","embeddable":true,"href":"https:\/\/exaudi.org\/it\/wp-json\/wp\/v2\/categories?post=168598"},{"taxonomy":"post_tag","embeddable":true,"href":"https:\/\/exaudi.org\/it\/wp-json\/wp\/v2\/tags?post=168598"}],"curies":[{"name":"wp","href":"https:\/\/api.w.org\/{rel}","templated":true}]}}