{"id":168575,"date":"2026-04-27T19:12:17","date_gmt":"2026-04-27T17:12:17","guid":{"rendered":"https:\/\/exaudi.org\/?p=168575"},"modified":"2026-04-27T19:12:17","modified_gmt":"2026-04-27T17:12:17","slug":"quando-cambi-prospettiva-il-mondo-cambia","status":"publish","type":"post","link":"https:\/\/exaudi.org\/it\/quando-cambi-prospettiva-il-mondo-cambia\/","title":{"rendered":"Quando cambi prospettiva&#8230; il mondo cambia"},"content":{"rendered":"<p data-section-id=\"1dan4gn\" data-start=\"309\" data-end=\"323\"><strong><img decoding=\"async\" class=\"emoji\" role=\"img\" src=\"https:\/\/s.w.org\/images\/core\/emoji\/17.0.2\/svg\/1f3ac.svg\" alt=\"\ud83c\udfac\" \/><span dir=\"auto\" style=\"vertical-align: inherit\"><span dir=\"auto\" style=\"vertical-align: inherit\">\u00a0Sinossi<\/span><\/span><\/strong><\/p>\n<p data-start=\"325\" data-end=\"362\"><span class=\"hover:entity-accent entity-underline inline cursor-pointer align-baseline\"><span class=\"whitespace-normal\"><span dir=\"auto\" style=\"vertical-align: inherit\"><span dir=\"auto\" style=\"vertical-align: inherit\">Monsters &amp; Co.<\/span><\/span><\/span><\/span><\/p>\n<p data-start=\"364\" data-end=\"512\"><span dir=\"auto\" style=\"vertical-align: inherit\"><span dir=\"auto\" style=\"vertical-align: inherit\">A Monstropolis, una citt\u00e0 abitata da mostri, l&#8217;energia che alimenta l&#8217;intero sistema viene ricavata dalle urla dei bambini umani.<\/span><\/span><\/p>\n<p data-start=\"514\" data-end=\"608\"><span dir=\"auto\" style=\"vertical-align: inherit\"><span dir=\"auto\" style=\"vertical-align: inherit\">Convinti che i bambini siano pericolosi, i mostri agiscono spaventandoli di notte.<\/span><\/span><\/p>\n<p data-start=\"610\" data-end=\"787\"><span dir=\"auto\" style=\"vertical-align: inherit\"><span dir=\"auto\" style=\"vertical-align: inherit\">Tutto cambia quando una bambina, Boo, entra accidentalmente nel loro mondo. <\/span><\/span><br data-start=\"678\" data-end=\"681\" \/><span dir=\"auto\" style=\"vertical-align: inherit\"><span dir=\"auto\" style=\"vertical-align: inherit\">Quella che sembrava una minaccia si trasforma in qualcosa di inaspettato: vicinanza, tenerezza&#8230; e un nuovo modo di vedere le cose.<\/span><\/span><\/p>\n<p data-start=\"789\" data-end=\"897\"><span dir=\"auto\" style=\"vertical-align: inherit\"><span dir=\"auto\" style=\"vertical-align: inherit\">Da quel momento in poi, Sulley e Mike dovranno affrontare una domanda che non avevano mai preso in considerazione prima:<\/span><\/span><\/p>\n<p data-start=\"899\" data-end=\"946\"><img decoding=\"async\" class=\"emoji\" role=\"img\" src=\"https:\/\/s.w.org\/images\/core\/emoji\/17.0.2\/svg\/1f449.svg\" alt=\"\ud83d\udc49\" \/><span dir=\"auto\" style=\"vertical-align: inherit\"><span dir=\"auto\" style=\"vertical-align: inherit\">\u00a0E se tutto ci\u00f2 in cui crediamo sia vero&#8230; non lo fosse?<\/span><\/span><\/p>\n<h3 data-section-id=\"17nqzpf\" data-start=\"953\" data-end=\"969\"><strong><img decoding=\"async\" class=\"emoji\" role=\"img\" src=\"https:\/\/s.w.org\/images\/core\/emoji\/17.0.2\/svg\/1f9ed.svg\" alt=\"\ud83e\udded\" \/><span dir=\"auto\" style=\"vertical-align: inherit\"><span dir=\"auto\" style=\"vertical-align: inherit\">\u00a0Quando diamo per scontato ci\u00f2 che non abbiamo mai messo in discussione<\/span><\/span><\/strong><\/h3>\n<p data-start=\"1030\" data-end=\"1058\"><span dir=\"auto\" style=\"vertical-align: inherit\"><span dir=\"auto\" style=\"vertical-align: inherit\">Ci sono idee di cui non parliamo.<\/span><\/span><\/p>\n<p data-start=\"1060\" data-end=\"1094\"><span dir=\"auto\" style=\"vertical-align: inherit\"><span dir=\"auto\" style=\"vertical-align: inherit\">Semplicemente li accettiamo come validi.<\/span><\/span><\/p>\n<ul>\n<li><span dir=\"auto\" style=\"vertical-align: inherit\"><span dir=\"auto\" style=\"vertical-align: inherit\">perch\u00e9 sono sempre stati l\u00ec<\/span><\/span><\/li>\n<li><span dir=\"auto\" style=\"vertical-align: inherit\"><span dir=\"auto\" style=\"vertical-align: inherit\">perch\u00e9 tutti li accettano<\/span><\/span><\/li>\n<li><span dir=\"auto\" style=\"vertical-align: inherit\"><span dir=\"auto\" style=\"vertical-align: inherit\">perch\u00e9 non abbiamo mai avuto motivo di dubitare<\/span><\/span><\/li>\n<\/ul>\n<p data-start=\"1215\" data-end=\"1286\"><span dir=\"auto\" style=\"vertical-align: inherit\"><span dir=\"auto\" style=\"vertical-align: inherit\">In\u00a0 <\/span><\/span><em data-start=\"1218\" data-end=\"1234\"><span dir=\"auto\" style=\"vertical-align: inherit\"><span dir=\"auto\" style=\"vertical-align: inherit\">Monsters &amp; Co.<\/span><\/span><\/em><span dir=\"auto\" style=\"vertical-align: inherit\"><span dir=\"auto\" style=\"vertical-align: inherit\"> , i mostri vivono convinti di una cosa ben precisa:<\/span><\/span><\/p>\n<p data-start=\"1288\" data-end=\"1317\"><img decoding=\"async\" class=\"emoji\" role=\"img\" src=\"https:\/\/s.w.org\/images\/core\/emoji\/17.0.2\/svg\/1f449.svg\" alt=\"\ud83d\udc49\" \/><span dir=\"auto\" style=\"vertical-align: inherit\"><span dir=\"auto\" style=\"vertical-align: inherit\">\u00a0I bambini sono pericolosi<\/span><\/span><\/p>\n<p data-start=\"1319\" data-end=\"1370\"><span dir=\"auto\" style=\"vertical-align: inherit\"><span dir=\"auto\" style=\"vertical-align: inherit\">E da quell&#8217;idea, hanno costruito un intero sistema.<\/span><\/span><\/p>\n<h3 data-section-id=\"qcmyv4\" data-start=\"1377\" data-end=\"1416\"><strong><span dir=\"auto\" style=\"vertical-align: inherit\"><span dir=\"auto\" style=\"vertical-align: inherit\">La paura come base di ci\u00f2 che facciamo<\/span><\/span><\/strong><\/h3>\n<p data-start=\"1418\" data-end=\"1461\"><span dir=\"auto\" style=\"vertical-align: inherit\"><span dir=\"auto\" style=\"vertical-align: inherit\">Non pensano solo che i bambini siano pericolosi.<\/span><\/span><\/p>\n<p data-start=\"1463\" data-end=\"1503\"><span dir=\"auto\" style=\"vertical-align: inherit\"><span dir=\"auto\" style=\"vertical-align: inherit\">Organizzano il loro mondo attorno a quella paura.<\/span><\/span><\/p>\n<p data-start=\"1505\" data-end=\"1578\"><span dir=\"auto\" style=\"vertical-align: inherit\"><span dir=\"auto\" style=\"vertical-align: inherit\">Ci lavorano. <\/span><\/span><br data-start=\"1523\" data-end=\"1526\" \/><span dir=\"auto\" style=\"vertical-align: inherit\"><span dir=\"auto\" style=\"vertical-align: inherit\">Ci si relazionano. <\/span><\/span><br data-start=\"1549\" data-end=\"1552\" \/><span dir=\"auto\" style=\"vertical-align: inherit\"><span dir=\"auto\" style=\"vertical-align: inherit\">Prendono decisioni basandosi su di esso.<\/span><\/span><\/p>\n<p data-start=\"1580\" data-end=\"1617\"><span dir=\"auto\" style=\"vertical-align: inherit\"><span dir=\"auto\" style=\"vertical-align: inherit\">E questo non \u00e8 poi cos\u00ec lontano dalla vita reale.<\/span><\/span><\/p>\n<p data-start=\"1619\" data-end=\"1652\"><span dir=\"auto\" style=\"vertical-align: inherit\"><span dir=\"auto\" style=\"vertical-align: inherit\">Quante cose facciamo per paura?<\/span><\/span><\/p>\n<ul>\n<li><span dir=\"auto\" style=\"vertical-align: inherit\"><span dir=\"auto\" style=\"vertical-align: inherit\">Evitare<\/span><\/span><\/li>\n<li><span dir=\"auto\" style=\"vertical-align: inherit\"><span dir=\"auto\" style=\"vertical-align: inherit\">diffidenza<\/span><\/span><\/li>\n<li><span dir=\"auto\" style=\"vertical-align: inherit\"><span dir=\"auto\" style=\"vertical-align: inherit\">distanza tra noi<\/span><\/span><\/li>\n<li><span dir=\"auto\" style=\"vertical-align: inherit\"><span dir=\"auto\" style=\"vertical-align: inherit\">iperprotezione<\/span><\/span><\/li>\n<\/ul>\n<p data-start=\"1721\" data-end=\"1757\"><span dir=\"auto\" style=\"vertical-align: inherit\"><span dir=\"auto\" style=\"vertical-align: inherit\">A volte, il problema non \u00e8 la paura.<\/span><\/span><\/p>\n<p data-start=\"1759\" data-end=\"1793\"><img decoding=\"async\" class=\"emoji\" role=\"img\" src=\"https:\/\/s.w.org\/images\/core\/emoji\/17.0.2\/svg\/1f449.svg\" alt=\"\ud83d\udc49\" \/><span dir=\"auto\" style=\"vertical-align: inherit\"><span dir=\"auto\" style=\"vertical-align: inherit\">\u00a0Non si tratta di mettere in discussione la sua provenienza.<\/span><\/span><\/p>\n<h3 data-section-id=\"4suz3\" data-start=\"1800\" data-end=\"1842\"><strong><span dir=\"auto\" style=\"vertical-align: inherit\"><span dir=\"auto\" style=\"vertical-align: inherit\">Da ci\u00f2 in cui crediamo\u2026 a ci\u00f2 che scopriamo<\/span><\/span><\/strong><\/h3>\n<p data-start=\"1844\" data-end=\"1961\"><span dir=\"auto\" style=\"vertical-align: inherit\"><span dir=\"auto\" style=\"vertical-align: inherit\">In\u00a0 <\/span><\/span><a href=\"https:\/\/exaudi.org\/es\/no-solo-importa-quien-eres-tambien-el-mundo-en-el-que-creces\/\" target=\"_blank\" rel=\"noopener\"><span class=\"hover:entity-accent entity-underline inline cursor-pointer align-baseline\"><span class=\"whitespace-normal\"><span dir=\"auto\" style=\"vertical-align: inherit\"><span dir=\"auto\" style=\"vertical-align: inherit\">Zootropolis<\/span><\/span><\/span><\/span>\u00a0<\/a><span dir=\"auto\" style=\"vertical-align: inherit\"><span dir=\"auto\" style=\"vertical-align: inherit\"> abbiamo visto come i pregiudizi condizionino il modo in cui guardiamo gli altri.<\/span><\/span><\/p>\n<p data-start=\"1963\" data-end=\"2013\"><span dir=\"auto\" style=\"vertical-align: inherit\"><span dir=\"auto\" style=\"vertical-align: inherit\">In\u00a0 <\/span><\/span><em data-start=\"1966\" data-end=\"1982\"><span dir=\"auto\" style=\"vertical-align: inherit\"><span dir=\"auto\" style=\"vertical-align: inherit\">Monsters &amp; Co.<\/span><\/span><\/em><span dir=\"auto\" style=\"vertical-align: inherit\"><span dir=\"auto\" style=\"vertical-align: inherit\"> , quel pregiudizio fa un ulteriore passo avanti:<\/span><\/span><\/p>\n<p data-start=\"2015\" data-end=\"2043\"><img decoding=\"async\" class=\"emoji\" role=\"img\" src=\"https:\/\/s.w.org\/images\/core\/emoji\/17.0.2\/svg\/1f449.svg\" alt=\"\ud83d\udc49\" \/><span dir=\"auto\" style=\"vertical-align: inherit\"><span dir=\"auto\" style=\"vertical-align: inherit\">\u00a0diventa un sistema<\/span><\/span><\/p>\n<p data-start=\"2045\" data-end=\"2106\"><span dir=\"auto\" style=\"vertical-align: inherit\"><span dir=\"auto\" style=\"vertical-align: inherit\">Ma basta un solo incontro reale per iniziare a cambiare tutto.<\/span><\/span><\/p>\n<p data-start=\"2108\" data-end=\"2145\"><span dir=\"auto\" style=\"vertical-align: inherit\"><span dir=\"auto\" style=\"vertical-align: inherit\">Boo non corrisponde all&#8217;idea che avevano in mente.<\/span><\/span><\/p>\n<p data-start=\"2147\" data-end=\"2180\"><span dir=\"auto\" style=\"vertical-align: inherit\"><span dir=\"auto\" style=\"vertical-align: inherit\">E questo ci costringe a ripensare tutto.<\/span><\/span><\/p>\n<h3 data-section-id=\"9ihtw\" data-start=\"2187\" data-end=\"2225\"><strong><span dir=\"auto\" style=\"vertical-align: inherit\"><span dir=\"auto\" style=\"vertical-align: inherit\">Quando l&#8217;altro cessa di essere un&#8217;idea<\/span><\/span><\/strong><\/h3>\n<p data-start=\"2227\" data-end=\"2262\"><span dir=\"auto\" style=\"vertical-align: inherit\"><span dir=\"auto\" style=\"vertical-align: inherit\">Il cambiamento non avviene per via di una teoria.<\/span><\/span><\/p>\n<p data-start=\"2264\" data-end=\"2288\"><span dir=\"auto\" style=\"vertical-align: inherit\"><span dir=\"auto\" style=\"vertical-align: inherit\">Accade a causa di una relazione.<\/span><\/span><\/p>\n<p data-start=\"2290\" data-end=\"2358\"><span dir=\"auto\" style=\"vertical-align: inherit\"><span dir=\"auto\" style=\"vertical-align: inherit\">Sulley non cambia perch\u00e9 qualcuno lo convince. <\/span><\/span><br data-start=\"2334\" data-end=\"2337\" \/><span dir=\"auto\" style=\"vertical-align: inherit\"><span dir=\"auto\" style=\"vertical-align: inherit\">Cambia perch\u00e9 sa.<\/span><\/span><\/p>\n<p data-start=\"2360\" data-end=\"2400\"><span dir=\"auto\" style=\"vertical-align: inherit\"><span dir=\"auto\" style=\"vertical-align: inherit\">Perch\u00e9 fa esperienze. <\/span><\/span><br data-start=\"2379\" data-end=\"2382\" \/><span dir=\"auto\" style=\"vertical-align: inherit\"><span dir=\"auto\" style=\"vertical-align: inherit\">Perch\u00e9 crea connessioni.<\/span><\/span><\/p>\n<p data-start=\"2402\" data-end=\"2438\"><span dir=\"auto\" style=\"vertical-align: inherit\"><span dir=\"auto\" style=\"vertical-align: inherit\">Ed \u00e8 qui che entra in gioco una chiave molto potente:<\/span><\/span><\/p>\n<p data-start=\"2440\" data-end=\"2528\"><img decoding=\"async\" class=\"emoji\" role=\"img\" src=\"https:\/\/s.w.org\/images\/core\/emoji\/17.0.2\/svg\/1f449.svg\" alt=\"\ud83d\udc49\" \/><span dir=\"auto\" style=\"vertical-align: inherit\"><span dir=\"auto\" style=\"vertical-align: inherit\">\u00a0Il pregiudizio prospera a distanza; <\/span><\/span><br data-start=\"2483\" data-end=\"2486\" \/><img decoding=\"async\" class=\"emoji\" role=\"img\" src=\"https:\/\/s.w.org\/images\/core\/emoji\/17.0.2\/svg\/1f449.svg\" alt=\"\ud83d\udc49\" \/><span dir=\"auto\" style=\"vertical-align: inherit\"><span dir=\"auto\" style=\"vertical-align: inherit\">\u00a0la comprensione nasce dalla vicinanza.<\/span><\/span><\/p>\n<h3 data-section-id=\"1s5rkgr\" data-start=\"2535\" data-end=\"2567\"><strong><span dir=\"auto\" style=\"vertical-align: inherit\"><span dir=\"auto\" style=\"vertical-align: inherit\">Cambiare prospettiva non \u00e8 facile.<\/span><\/span><\/strong><\/h3>\n<p data-start=\"2569\" data-end=\"2615\"><span dir=\"auto\" style=\"vertical-align: inherit\"><span dir=\"auto\" style=\"vertical-align: inherit\">Scoprire di aver sbagliato non \u00e8 piacevole.<\/span><\/span><\/p>\n<p data-start=\"2617\" data-end=\"2625\"><span dir=\"auto\" style=\"vertical-align: inherit\"><span dir=\"auto\" style=\"vertical-align: inherit\">Ci\u00f2 implica:<\/span><\/span><\/p>\n<ul data-start=\"2627\" data-end=\"2717\">\n<li data-section-id=\"kifaly\" data-start=\"2627\" data-end=\"2643\"><span dir=\"auto\" style=\"vertical-align: inherit\"><span dir=\"auto\" style=\"vertical-align: inherit\">interrogare<\/span><\/span><\/li>\n<li data-section-id=\"wrdoeq\" data-start=\"2644\" data-end=\"2663\"><span dir=\"auto\" style=\"vertical-align: inherit\"><span dir=\"auto\" style=\"vertical-align: inherit\">lasciar andare le certezze<\/span><\/span><\/li>\n<li data-section-id=\"17bdj04\" data-start=\"2664\" data-end=\"2717\"><span dir=\"auto\" style=\"vertical-align: inherit\"><span dir=\"auto\" style=\"vertical-align: inherit\">presumere che ci\u00f2 che stavi facendo non fosse del tutto giusto<\/span><\/span><\/li>\n<\/ul>\n<p data-start=\"2719\" data-end=\"2748\"><span dir=\"auto\" style=\"vertical-align: inherit\"><span dir=\"auto\" style=\"vertical-align: inherit\">Ma apre anche una porta:<\/span><\/span><\/p>\n<p data-start=\"2750\" data-end=\"2803\"><img decoding=\"async\" class=\"emoji\" role=\"img\" src=\"https:\/\/s.w.org\/images\/core\/emoji\/17.0.2\/svg\/1f449.svg\" alt=\"\ud83d\udc49\" \/><span dir=\"auto\" style=\"vertical-align: inherit\"><span dir=\"auto\" style=\"vertical-align: inherit\">\u00a0la possibilit\u00e0 di fare le cose in modo diverso<\/span><\/span><\/p>\n<h3 data-section-id=\"gwscdt\" data-start=\"2810\" data-end=\"2874\"><strong><span dir=\"auto\" style=\"vertical-align: inherit\"><span dir=\"auto\" style=\"vertical-align: inherit\">Da un sistema basato sulla paura\u2026 a uno basato sulla cura<\/span><\/span><\/strong><\/h3>\n<p data-start=\"2876\" data-end=\"2915\"><span dir=\"auto\" style=\"vertical-align: inherit\"><span dir=\"auto\" style=\"vertical-align: inherit\">Il film propone un cambiamento profondo:<\/span><\/span><\/p>\n<p data-start=\"2917\" data-end=\"2980\"><span dir=\"auto\" style=\"vertical-align: inherit\"><span dir=\"auto\" style=\"vertical-align: inherit\">passare da un modello basato sulla paura <\/span><\/span><br data-start=\"2954\" data-end=\"2957\" \/><span dir=\"auto\" style=\"vertical-align: inherit\"><span dir=\"auto\" style=\"vertical-align: inherit\">a uno basato sulla risata<\/span><\/span><\/p>\n<p data-start=\"2982\" data-end=\"3016\"><span dir=\"auto\" style=\"vertical-align: inherit\"><span dir=\"auto\" style=\"vertical-align: inherit\">E non si tratta solo di un dettaglio narrativo.<\/span><\/span><\/p>\n<p data-start=\"3018\" data-end=\"3035\"><span dir=\"auto\" style=\"vertical-align: inherit\"><span dir=\"auto\" style=\"vertical-align: inherit\">Si tratta di una proposta.<\/span><\/span><\/p>\n<p data-start=\"3037\" data-end=\"3133\"><img decoding=\"async\" class=\"emoji\" role=\"img\" src=\"https:\/\/s.w.org\/images\/core\/emoji\/17.0.2\/svg\/1f449.svg\" alt=\"\ud83d\udc49\" \/><span dir=\"auto\" style=\"vertical-align: inherit\"><span dir=\"auto\" style=\"vertical-align: inherit\">\u00a0Da dove traiamo ispirazione per ci\u00f2 che facciamo? <\/span><\/span><br data-start=\"3089\" data-end=\"3092\" \/><img decoding=\"async\" class=\"emoji\" role=\"img\" src=\"https:\/\/s.w.org\/images\/core\/emoji\/17.0.2\/svg\/1f449.svg\" alt=\"\ud83d\udc49\" \/><span dir=\"auto\" style=\"vertical-align: inherit\"><span dir=\"auto\" style=\"vertical-align: inherit\">\u00a0Dalla paura&#8230; o dalla cura?<\/span><\/span><\/p>\n<h3 data-section-id=\"1h5f6yw\" data-start=\"3140\" data-end=\"3174\"><strong><span dir=\"auto\" style=\"vertical-align: inherit\"><span dir=\"auto\" style=\"vertical-align: inherit\">Cosa ci insegna questa storia<\/span><\/span><\/strong><\/h3>\n<p data-start=\"3176\" data-end=\"3227\"><em data-start=\"3176\" data-end=\"3192\"><span dir=\"auto\" style=\"vertical-align: inherit\"><span dir=\"auto\" style=\"vertical-align: inherit\">Monsters &amp; Co.<\/span><\/span><\/em><span dir=\"auto\" style=\"vertical-align: inherit\"><span dir=\"auto\" style=\"vertical-align: inherit\"> \u00a0non \u00e8 solo una storia divertente.<\/span><\/span><\/p>\n<p data-start=\"3229\" data-end=\"3288\"><span dir=\"auto\" style=\"vertical-align: inherit\"><span dir=\"auto\" style=\"vertical-align: inherit\">\u00c8 una riflessione su qualcosa di molto presente nelle nostre vite:<\/span><\/span><\/p>\n<p data-start=\"3290\" data-end=\"3345\"><img decoding=\"async\" class=\"emoji\" role=\"img\" src=\"https:\/\/s.w.org\/images\/core\/emoji\/17.0.2\/svg\/1f449.svg\" alt=\"\ud83d\udc49\" \/><span dir=\"auto\" style=\"vertical-align: inherit\"><span dir=\"auto\" style=\"vertical-align: inherit\">\u00a0Molte delle nostre convinzioni non sono state messe in discussione<\/span><\/span><\/p>\n<p data-start=\"3347\" data-end=\"3395\"><span dir=\"auto\" style=\"vertical-align: inherit\"><span dir=\"auto\" style=\"vertical-align: inherit\">E senza rendersene conto, potrebbero influenzarci:<\/span><\/span><\/p>\n<ul data-start=\"3397\" data-end=\"3467\">\n<li data-section-id=\"eupql3\" data-start=\"3397\" data-end=\"3423\"><span dir=\"auto\" style=\"vertical-align: inherit\"><span dir=\"auto\" style=\"vertical-align: inherit\">come vediamo gli altri<\/span><\/span><\/li>\n<li data-section-id=\"6j7j55\" data-start=\"3424\" data-end=\"3441\"><span dir=\"auto\" style=\"vertical-align: inherit\"><span dir=\"auto\" style=\"vertical-align: inherit\">come agiamo<\/span><\/span><\/li>\n<li data-section-id=\"c80q09\" data-start=\"3442\" data-end=\"3467\"><span dir=\"auto\" style=\"vertical-align: inherit\"><span dir=\"auto\" style=\"vertical-align: inherit\">come ci relazioniamo<\/span><\/span><\/li>\n<\/ul>\n<h3 data-section-id=\"1k4mkbx\" data-start=\"3474\" data-end=\"3512\"><strong><span dir=\"auto\" style=\"vertical-align: inherit\"><span dir=\"auto\" style=\"vertical-align: inherit\">Per i giovani, le famiglie e gli educatori<\/span><\/span><\/strong><\/h3>\n<p data-start=\"3514\" data-end=\"3601\"><span dir=\"auto\" style=\"vertical-align: inherit\"><span dir=\"auto\" style=\"vertical-align: inherit\">Per i giovani, solleva un concetto fondamentale: <\/span><\/span><br data-start=\"3555\" data-end=\"3558\" \/><span dir=\"auto\" style=\"vertical-align: inherit\"><span dir=\"auto\" style=\"vertical-align: inherit\">non tutto ci\u00f2 che si impara \u00e8 definitivo.<\/span><\/span><\/p>\n<p data-start=\"3603\" data-end=\"3670\"><span dir=\"auto\" style=\"vertical-align: inherit\"><span dir=\"auto\" style=\"vertical-align: inherit\">Per le famiglie, rappresenta un invito a riconsiderare le convinzioni che diamo per scontate.<\/span><\/span><\/p>\n<p data-start=\"3672\" data-end=\"3794\"><span dir=\"auto\" style=\"vertical-align: inherit\"><span dir=\"auto\" style=\"vertical-align: inherit\">E per gli educatori, ci\u00f2 introduce un&#8217;importante responsabilit\u00e0: <\/span><\/span><br data-start=\"3732\" data-end=\"3735\" \/><span dir=\"auto\" style=\"vertical-align: inherit\"><span dir=\"auto\" style=\"vertical-align: inherit\">non trasmettere certezze inconfutabili, ma insegnare a porsi delle domande.<\/span><\/span><\/p>\n<h3 data-section-id=\"dhz7f5\" data-start=\"3801\" data-end=\"3828\"><strong><span dir=\"auto\" style=\"vertical-align: inherit\"><span dir=\"auto\" style=\"vertical-align: inherit\">La domanda che rimane<\/span><\/span><\/strong><\/h3>\n<p data-start=\"3830\" data-end=\"3886\"><span dir=\"auto\" style=\"vertical-align: inherit\"><span dir=\"auto\" style=\"vertical-align: inherit\">Se molte delle cose che fai derivano da ci\u00f2 in cui credi\u2026<\/span><\/span><\/p>\n<p data-start=\"3888\" data-end=\"3971\"><strong data-start=\"3888\" data-end=\"3971\"><span dir=\"auto\" style=\"vertical-align: inherit\"><span dir=\"auto\" style=\"vertical-align: inherit\">Cosa succederebbe se cominciassi a mettere in discussione ci\u00f2 che hai sempre dato per scontato?<\/span><\/span><\/strong><\/p>\n<p data-start=\"3888\" data-end=\"3971\"><em><strong><a href=\"https:\/\/www.linkedin.com\/in\/jos%C3%A9mar%C3%ADas%C3%A1nchezvilla\/\" target=\"_blank\" rel=\"noopener\"><span dir=\"auto\" style=\"vertical-align: inherit\"><span dir=\"auto\" style=\"vertical-align: inherit\">Villa Jos\u00e9 Mar\u00eda S\u00e1nchez<\/span><\/span><\/a><\/strong><\/em><\/p>\n","protected":false},"excerpt":{"rendered":"<p>Monsters &amp; Co.<\/p>\n","protected":false},"author":157,"featured_media":167797,"comment_status":"closed","ping_status":"closed","sticky":false,"template":"","format":"standard","meta":{"_acf_changed":false,"_crdt_document":"","inline_featured_image":false,"footnotes":""},"categories":[71],"tags":[110604,110605,110606,45986,110607,110609,21565,17281,110610,35959,68752,110608,110611,110612,89792,110613,110614,110615,110616,110617,64787],"class_list":["post-168575","post","type-post","status-publish","format-standard","has-post-thumbnail","hentry","category-analisi","tag-analisi-del-film","tag-buu","tag-cambiamento-di-prospettiva","tag-cinema-e-riflessione","tag-credenze-limitanti","tag-educatori-e-famiglie","tag-educazione-ai-valori","tag-empatia-2","tag-gestire-la-paura","tag-intelligenza-emotiva","tag-jose-maria-sanchez-villa-2","tag-mettere-in-discussione-la-realta","tag-mike-wazowski-2","tag-monsters-co","tag-pixar-2","tag-pregiudizio","tag-relazione-e-intimita","tag-sistema-basato-sulla-paura","tag-sulley-2","tag-superare-la-paur","tag-trending-it-236"],"acf":[],"yoast_head":"<!-- This site is optimized with the Yoast SEO plugin v27.5 - https:\/\/yoast.com\/product\/yoast-seo-wordpress\/ -->\n<title>Quando cambi prospettiva... il mondo cambia &#8211; Exaudi<\/title>\n<meta name=\"robots\" content=\"index, follow, max-snippet:-1, max-image-preview:large, max-video-preview:-1\" \/>\n<link rel=\"canonical\" href=\"https:\/\/exaudi.org\/it\/quando-cambi-prospettiva-il-mondo-cambia\/\" \/>\n<meta property=\"og:locale\" content=\"it_IT\" \/>\n<meta property=\"og:type\" content=\"article\" \/>\n<meta property=\"og:title\" content=\"Quando cambi prospettiva... il mondo cambia &#8211; Exaudi\" \/>\n<meta property=\"og:description\" content=\"Monsters &amp; Co.\" \/>\n<meta property=\"og:url\" content=\"https:\/\/exaudi.org\/it\/quando-cambi-prospettiva-il-mondo-cambia\/\" \/>\n<meta property=\"og:site_name\" content=\"Exaudi\" \/>\n<meta property=\"article:publisher\" content=\"https:\/\/www.facebook.com\/ExaudiNews\" \/>\n<meta property=\"article:author\" content=\"https:\/\/marketingyservicios.com\/\" \/>\n<meta property=\"article:published_time\" content=\"2026-04-27T17:12:17+00:00\" \/>\n<meta property=\"og:image\" content=\"https:\/\/exaudi.org\/wp-content\/uploads\/2026\/04\/untitled-20.jpg\" \/>\n\t<meta property=\"og:image:width\" content=\"1600\" \/>\n\t<meta property=\"og:image:height\" content=\"861\" \/>\n\t<meta property=\"og:image:type\" content=\"image\/jpeg\" \/>\n<meta name=\"author\" content=\"Marketing y Servicios\" \/>\n<meta name=\"twitter:card\" content=\"summary_large_image\" \/>\n<meta name=\"twitter:creator\" content=\"@mentoring_sev\" \/>\n<meta name=\"twitter:site\" content=\"@Exaudi_News\" \/>\n<meta name=\"twitter:label1\" content=\"Scritto da\" \/>\n\t<meta name=\"twitter:data1\" content=\"Marketing y Servicios\" \/>\n\t<meta name=\"twitter:label2\" content=\"Tempo di lettura stimato\" \/>\n\t<meta name=\"twitter:data2\" content=\"3 minuti\" \/>\n<script type=\"application\/ld+json\" class=\"yoast-schema-graph\">{\"@context\":\"https:\\\/\\\/schema.org\",\"@graph\":[{\"@type\":\"Article\",\"@id\":\"https:\\\/\\\/exaudi.org\\\/it\\\/quando-cambi-prospettiva-il-mondo-cambia\\\/#article\",\"isPartOf\":{\"@id\":\"https:\\\/\\\/exaudi.org\\\/it\\\/quando-cambi-prospettiva-il-mondo-cambia\\\/\"},\"author\":{\"name\":\"Marketing y Servicios\",\"@id\":\"https:\\\/\\\/exaudi.org\\\/#\\\/schema\\\/person\\\/0ec39b1037553be7468a8044044a7283\"},\"headline\":\"Quando cambi prospettiva&#8230; il mondo cambia\",\"datePublished\":\"2026-04-27T17:12:17+00:00\",\"mainEntityOfPage\":{\"@id\":\"https:\\\/\\\/exaudi.org\\\/it\\\/quando-cambi-prospettiva-il-mondo-cambia\\\/\"},\"wordCount\":608,\"image\":{\"@id\":\"https:\\\/\\\/exaudi.org\\\/it\\\/quando-cambi-prospettiva-il-mondo-cambia\\\/#primaryimage\"},\"thumbnailUrl\":\"https:\\\/\\\/exaudi.org\\\/wp-content\\\/uploads\\\/2026\\\/04\\\/untitled-20.jpg\",\"keywords\":[\"analisi del film\",\"buu\",\"cambiamento di prospettiva\",\"cinema e riflessione\",\"credenze limitanti\",\"educatori e famiglie\",\"EDUCAZIONE AI VALORI\",\"EMPATIA\",\"gestire la paura\",\"intelligenza emotiva\",\"Jos\u00e9 Mar\u00eda S\u00e1nchez Villa\",\"mettere in discussione la realt\u00e0\",\"Mike Wazowski\",\"Monsters &amp; Co.\",\"Pixar\",\"pregiudizio\",\"relazione e intimit\u00e0\",\"sistema basato sulla paura\",\"Sulley\",\"superare la paur\",\"Trending\"],\"articleSection\":[\"Analisi\"],\"inLanguage\":\"it-IT\"},{\"@type\":\"WebPage\",\"@id\":\"https:\\\/\\\/exaudi.org\\\/it\\\/quando-cambi-prospettiva-il-mondo-cambia\\\/\",\"url\":\"https:\\\/\\\/exaudi.org\\\/it\\\/quando-cambi-prospettiva-il-mondo-cambia\\\/\",\"name\":\"Quando cambi prospettiva... il mondo cambia &#8211; Exaudi\",\"isPartOf\":{\"@id\":\"https:\\\/\\\/exaudi.org\\\/#website\"},\"primaryImageOfPage\":{\"@id\":\"https:\\\/\\\/exaudi.org\\\/it\\\/quando-cambi-prospettiva-il-mondo-cambia\\\/#primaryimage\"},\"image\":{\"@id\":\"https:\\\/\\\/exaudi.org\\\/it\\\/quando-cambi-prospettiva-il-mondo-cambia\\\/#primaryimage\"},\"thumbnailUrl\":\"https:\\\/\\\/exaudi.org\\\/wp-content\\\/uploads\\\/2026\\\/04\\\/untitled-20.jpg\",\"datePublished\":\"2026-04-27T17:12:17+00:00\",\"author\":{\"@id\":\"https:\\\/\\\/exaudi.org\\\/#\\\/schema\\\/person\\\/0ec39b1037553be7468a8044044a7283\"},\"breadcrumb\":{\"@id\":\"https:\\\/\\\/exaudi.org\\\/it\\\/quando-cambi-prospettiva-il-mondo-cambia\\\/#breadcrumb\"},\"inLanguage\":\"it-IT\",\"potentialAction\":[{\"@type\":\"ReadAction\",\"target\":[\"https:\\\/\\\/exaudi.org\\\/it\\\/quando-cambi-prospettiva-il-mondo-cambia\\\/\"]}]},{\"@type\":\"ImageObject\",\"inLanguage\":\"it-IT\",\"@id\":\"https:\\\/\\\/exaudi.org\\\/it\\\/quando-cambi-prospettiva-il-mondo-cambia\\\/#primaryimage\",\"url\":\"https:\\\/\\\/exaudi.org\\\/wp-content\\\/uploads\\\/2026\\\/04\\\/untitled-20.jpg\",\"contentUrl\":\"https:\\\/\\\/exaudi.org\\\/wp-content\\\/uploads\\\/2026\\\/04\\\/untitled-20.jpg\",\"width\":1600,\"height\":861},{\"@type\":\"BreadcrumbList\",\"@id\":\"https:\\\/\\\/exaudi.org\\\/it\\\/quando-cambi-prospettiva-il-mondo-cambia\\\/#breadcrumb\",\"itemListElement\":[{\"@type\":\"ListItem\",\"position\":1,\"name\":\"Portada\",\"item\":\"https:\\\/\\\/exaudi.org\\\/it\\\/\"},{\"@type\":\"ListItem\",\"position\":2,\"name\":\"Quando cambi prospettiva&#8230; il mondo cambia\"}]},{\"@type\":\"WebSite\",\"@id\":\"https:\\\/\\\/exaudi.org\\\/#website\",\"url\":\"https:\\\/\\\/exaudi.org\\\/\",\"name\":\"Exaudi\",\"description\":\"News\",\"potentialAction\":[{\"@type\":\"SearchAction\",\"target\":{\"@type\":\"EntryPoint\",\"urlTemplate\":\"https:\\\/\\\/exaudi.org\\\/?s={search_term_string}\"},\"query-input\":{\"@type\":\"PropertyValueSpecification\",\"valueRequired\":true,\"valueName\":\"search_term_string\"}}],\"inLanguage\":\"it-IT\"},{\"@type\":\"Person\",\"@id\":\"https:\\\/\\\/exaudi.org\\\/#\\\/schema\\\/person\\\/0ec39b1037553be7468a8044044a7283\",\"name\":\"Marketing y Servicios\",\"image\":{\"@type\":\"ImageObject\",\"inLanguage\":\"it-IT\",\"@id\":\"https:\\\/\\\/secure.gravatar.com\\\/avatar\\\/887d69b0afc81051391a1aa8022a59db22c5ad6f2eecb945ce1b0d0613c61b5f?s=96&d=mm&r=g\",\"url\":\"https:\\\/\\\/secure.gravatar.com\\\/avatar\\\/887d69b0afc81051391a1aa8022a59db22c5ad6f2eecb945ce1b0d0613c61b5f?s=96&d=mm&r=g\",\"contentUrl\":\"https:\\\/\\\/secure.gravatar.com\\\/avatar\\\/887d69b0afc81051391a1aa8022a59db22c5ad6f2eecb945ce1b0d0613c61b5f?s=96&d=mm&r=g\",\"caption\":\"Marketing y Servicios\"},\"description\":\"Ideas para mejorar el mundo . Director: Jos\u00e9 Miguel Ponce . Profesor universitario e investigador en Marketing y Gesti\u00f3n de Servicios, con experiencia en cinco universidades p\u00fablicas y privadas. Sevillano de origen, ha vivido en varias ciudades de Espa\u00f1a y actualmente reside en Sevilla. Apasionado por la educaci\u00f3n, la comunicaci\u00f3n y las relaciones humanas, considera la amistad y la empat\u00eda clave en su vida y ense\u00f1anza. Ha publicado investigaciones sobre Marketing, Calidad de Servicio y organizaciones sin \u00e1nimo de lucro. Humanista y optimista, promueve el agradecimiento y la coherencia como valores fundamentales.\",\"sameAs\":[\"https:\\\/\\\/marketingyservicios.com\\\/\",\"https:\\\/\\\/www.instagram.com\\\/mentoringsevilla\\\/\",\"https:\\\/\\\/www.linkedin.com\\\/company\\\/marketing-y-servicios\\\/\",\"https:\\\/\\\/x.com\\\/mentoring_sev\",\"https:\\\/\\\/www.youtube.com\\\/@marketingyservicios649\"],\"url\":\"https:\\\/\\\/exaudi.org\\\/it\\\/author\\\/jose-miguel-ponce\\\/\"}]}<\/script>\n<!-- \/ Yoast SEO plugin. -->","yoast_head_json":{"title":"Quando cambi prospettiva... il mondo cambia &#8211; Exaudi","robots":{"index":"index","follow":"follow","max-snippet":"max-snippet:-1","max-image-preview":"max-image-preview:large","max-video-preview":"max-video-preview:-1"},"canonical":"https:\/\/exaudi.org\/it\/quando-cambi-prospettiva-il-mondo-cambia\/","og_locale":"it_IT","og_type":"article","og_title":"Quando cambi prospettiva... il mondo cambia &#8211; Exaudi","og_description":"Monsters &amp; Co.","og_url":"https:\/\/exaudi.org\/it\/quando-cambi-prospettiva-il-mondo-cambia\/","og_site_name":"Exaudi","article_publisher":"https:\/\/www.facebook.com\/ExaudiNews","article_author":"https:\/\/marketingyservicios.com\/","article_published_time":"2026-04-27T17:12:17+00:00","og_image":[{"width":1600,"height":861,"url":"https:\/\/exaudi.org\/wp-content\/uploads\/2026\/04\/untitled-20.jpg","type":"image\/jpeg"}],"author":"Marketing y Servicios","twitter_card":"summary_large_image","twitter_creator":"@mentoring_sev","twitter_site":"@Exaudi_News","twitter_misc":{"Scritto da":"Marketing y Servicios","Tempo di lettura stimato":"3 minuti"},"schema":{"@context":"https:\/\/schema.org","@graph":[{"@type":"Article","@id":"https:\/\/exaudi.org\/it\/quando-cambi-prospettiva-il-mondo-cambia\/#article","isPartOf":{"@id":"https:\/\/exaudi.org\/it\/quando-cambi-prospettiva-il-mondo-cambia\/"},"author":{"name":"Marketing y Servicios","@id":"https:\/\/exaudi.org\/#\/schema\/person\/0ec39b1037553be7468a8044044a7283"},"headline":"Quando cambi prospettiva&#8230; il mondo cambia","datePublished":"2026-04-27T17:12:17+00:00","mainEntityOfPage":{"@id":"https:\/\/exaudi.org\/it\/quando-cambi-prospettiva-il-mondo-cambia\/"},"wordCount":608,"image":{"@id":"https:\/\/exaudi.org\/it\/quando-cambi-prospettiva-il-mondo-cambia\/#primaryimage"},"thumbnailUrl":"https:\/\/exaudi.org\/wp-content\/uploads\/2026\/04\/untitled-20.jpg","keywords":["analisi del film","buu","cambiamento di prospettiva","cinema e riflessione","credenze limitanti","educatori e famiglie","EDUCAZIONE AI VALORI","EMPATIA","gestire la paura","intelligenza emotiva","Jos\u00e9 Mar\u00eda S\u00e1nchez Villa","mettere in discussione la realt\u00e0","Mike Wazowski","Monsters &amp; Co.","Pixar","pregiudizio","relazione e intimit\u00e0","sistema basato sulla paura","Sulley","superare la paur","Trending"],"articleSection":["Analisi"],"inLanguage":"it-IT"},{"@type":"WebPage","@id":"https:\/\/exaudi.org\/it\/quando-cambi-prospettiva-il-mondo-cambia\/","url":"https:\/\/exaudi.org\/it\/quando-cambi-prospettiva-il-mondo-cambia\/","name":"Quando cambi prospettiva... il mondo cambia &#8211; Exaudi","isPartOf":{"@id":"https:\/\/exaudi.org\/#website"},"primaryImageOfPage":{"@id":"https:\/\/exaudi.org\/it\/quando-cambi-prospettiva-il-mondo-cambia\/#primaryimage"},"image":{"@id":"https:\/\/exaudi.org\/it\/quando-cambi-prospettiva-il-mondo-cambia\/#primaryimage"},"thumbnailUrl":"https:\/\/exaudi.org\/wp-content\/uploads\/2026\/04\/untitled-20.jpg","datePublished":"2026-04-27T17:12:17+00:00","author":{"@id":"https:\/\/exaudi.org\/#\/schema\/person\/0ec39b1037553be7468a8044044a7283"},"breadcrumb":{"@id":"https:\/\/exaudi.org\/it\/quando-cambi-prospettiva-il-mondo-cambia\/#breadcrumb"},"inLanguage":"it-IT","potentialAction":[{"@type":"ReadAction","target":["https:\/\/exaudi.org\/it\/quando-cambi-prospettiva-il-mondo-cambia\/"]}]},{"@type":"ImageObject","inLanguage":"it-IT","@id":"https:\/\/exaudi.org\/it\/quando-cambi-prospettiva-il-mondo-cambia\/#primaryimage","url":"https:\/\/exaudi.org\/wp-content\/uploads\/2026\/04\/untitled-20.jpg","contentUrl":"https:\/\/exaudi.org\/wp-content\/uploads\/2026\/04\/untitled-20.jpg","width":1600,"height":861},{"@type":"BreadcrumbList","@id":"https:\/\/exaudi.org\/it\/quando-cambi-prospettiva-il-mondo-cambia\/#breadcrumb","itemListElement":[{"@type":"ListItem","position":1,"name":"Portada","item":"https:\/\/exaudi.org\/it\/"},{"@type":"ListItem","position":2,"name":"Quando cambi prospettiva&#8230; il mondo cambia"}]},{"@type":"WebSite","@id":"https:\/\/exaudi.org\/#website","url":"https:\/\/exaudi.org\/","name":"Exaudi","description":"News","potentialAction":[{"@type":"SearchAction","target":{"@type":"EntryPoint","urlTemplate":"https:\/\/exaudi.org\/?s={search_term_string}"},"query-input":{"@type":"PropertyValueSpecification","valueRequired":true,"valueName":"search_term_string"}}],"inLanguage":"it-IT"},{"@type":"Person","@id":"https:\/\/exaudi.org\/#\/schema\/person\/0ec39b1037553be7468a8044044a7283","name":"Marketing y Servicios","image":{"@type":"ImageObject","inLanguage":"it-IT","@id":"https:\/\/secure.gravatar.com\/avatar\/887d69b0afc81051391a1aa8022a59db22c5ad6f2eecb945ce1b0d0613c61b5f?s=96&d=mm&r=g","url":"https:\/\/secure.gravatar.com\/avatar\/887d69b0afc81051391a1aa8022a59db22c5ad6f2eecb945ce1b0d0613c61b5f?s=96&d=mm&r=g","contentUrl":"https:\/\/secure.gravatar.com\/avatar\/887d69b0afc81051391a1aa8022a59db22c5ad6f2eecb945ce1b0d0613c61b5f?s=96&d=mm&r=g","caption":"Marketing y Servicios"},"description":"Ideas para mejorar el mundo . Director: Jos\u00e9 Miguel Ponce . Profesor universitario e investigador en Marketing y Gesti\u00f3n de Servicios, con experiencia en cinco universidades p\u00fablicas y privadas. Sevillano de origen, ha vivido en varias ciudades de Espa\u00f1a y actualmente reside en Sevilla. Apasionado por la educaci\u00f3n, la comunicaci\u00f3n y las relaciones humanas, considera la amistad y la empat\u00eda clave en su vida y ense\u00f1anza. Ha publicado investigaciones sobre Marketing, Calidad de Servicio y organizaciones sin \u00e1nimo de lucro. Humanista y optimista, promueve el agradecimiento y la coherencia como valores fundamentales.","sameAs":["https:\/\/marketingyservicios.com\/","https:\/\/www.instagram.com\/mentoringsevilla\/","https:\/\/www.linkedin.com\/company\/marketing-y-servicios\/","https:\/\/x.com\/mentoring_sev","https:\/\/www.youtube.com\/@marketingyservicios649"],"url":"https:\/\/exaudi.org\/it\/author\/jose-miguel-ponce\/"}]}},"jetpack_featured_media_url":"https:\/\/exaudi.org\/wp-content\/uploads\/2026\/04\/untitled-20.jpg","jetpack_shortlink":"https:\/\/wp.me\/pgKjF2-HQX","_links":{"self":[{"href":"https:\/\/exaudi.org\/it\/wp-json\/wp\/v2\/posts\/168575","targetHints":{"allow":["GET"]}}],"collection":[{"href":"https:\/\/exaudi.org\/it\/wp-json\/wp\/v2\/posts"}],"about":[{"href":"https:\/\/exaudi.org\/it\/wp-json\/wp\/v2\/types\/post"}],"author":[{"embeddable":true,"href":"https:\/\/exaudi.org\/it\/wp-json\/wp\/v2\/users\/157"}],"replies":[{"embeddable":true,"href":"https:\/\/exaudi.org\/it\/wp-json\/wp\/v2\/comments?post=168575"}],"version-history":[{"count":2,"href":"https:\/\/exaudi.org\/it\/wp-json\/wp\/v2\/posts\/168575\/revisions"}],"predecessor-version":[{"id":168577,"href":"https:\/\/exaudi.org\/it\/wp-json\/wp\/v2\/posts\/168575\/revisions\/168577"}],"wp:featuredmedia":[{"embeddable":true,"href":"https:\/\/exaudi.org\/it\/wp-json\/wp\/v2\/media\/167797"}],"wp:attachment":[{"href":"https:\/\/exaudi.org\/it\/wp-json\/wp\/v2\/media?parent=168575"}],"wp:term":[{"taxonomy":"category","embeddable":true,"href":"https:\/\/exaudi.org\/it\/wp-json\/wp\/v2\/categories?post=168575"},{"taxonomy":"post_tag","embeddable":true,"href":"https:\/\/exaudi.org\/it\/wp-json\/wp\/v2\/tags?post=168575"}],"curies":[{"name":"wp","href":"https:\/\/api.w.org\/{rel}","templated":true}]}}