{"id":168567,"date":"2026-04-27T19:01:47","date_gmt":"2026-04-27T17:01:47","guid":{"rendered":"https:\/\/exaudi.org\/?p=168567"},"modified":"2026-04-27T19:01:47","modified_gmt":"2026-04-27T17:01:47","slug":"nostra-signora-di-montserrat-la-moreneta-il-cuore-di-pietra-che-batte-per-il-mondo","status":"publish","type":"post","link":"https:\/\/exaudi.org\/it\/nostra-signora-di-montserrat-la-moreneta-il-cuore-di-pietra-che-batte-per-il-mondo\/","title":{"rendered":"Nostra Signora di Montserrat. La Moreneta: Il Cuore di Pietra che Batte per il Mondo"},"content":{"rendered":"<p data-path-to-node=\"4\"><span dir=\"auto\" style=\"vertical-align: inherit\"><span dir=\"auto\" style=\"vertical-align: inherit\">Tra le aspre vette della Catalogna, dove la geologia sembra scolpita da mano divina, risiede una figura che ha sfidato guerre, crisi e l&#8217;inesorabile scorrere del tempo.\u00a0 <\/span><\/span><span class=\"citation-3\"><span dir=\"auto\" style=\"vertical-align: inherit\"><span dir=\"auto\" style=\"vertical-align: inherit\">La\u00a0 <\/span><\/span><\/span><b data-path-to-node=\"4\" data-index-in-node=\"187\"><span class=\"citation-3\"><span dir=\"auto\" style=\"vertical-align: inherit\"><span dir=\"auto\" style=\"vertical-align: inherit\">Vergine di Montserrat<\/span><\/span><\/span><\/b><span class=\"citation-3 citation-end-3\"><span dir=\"auto\" style=\"vertical-align: inherit\"><span dir=\"auto\" style=\"vertical-align: inherit\"> , affettuosamente chiamata &#8220;La Moreneta&#8221;, non \u00e8 una reliquia del passato; \u00e8 un&#8217;entit\u00e0 vivente, un epicentro di spiritualit\u00e0 che oggi, pi\u00f9 che mai, offre risposte all&#8217;uomo moderno nella sua ricerca di significato.<\/span><\/span><\/span><\/p>\n<h3 data-path-to-node=\"5\"><strong><span dir=\"auto\" style=\"vertical-align: inherit\"><span dir=\"auto\" style=\"vertical-align: inherit\">Il mistero di un&#8217;immagine: oltre il colore<\/span><\/span><\/strong><\/h3>\n<p data-path-to-node=\"6\"><span dir=\"auto\" style=\"vertical-align: inherit\"><span dir=\"auto\" style=\"vertical-align: inherit\">La statua che veneriamo oggi \u00e8 un gioiello dell&#8217;arte romanica del XII secolo. Seduta sul suo trono con serena eleganza, Maria tiene in grembo il Bambino Ges\u00f9. Ma ci\u00f2 che affascina il pellegrino \u00e8 il suo colore. Sebbene la leggenda e la devozione popolare l&#8217;abbiano associata a una natura mistica fin dalla sua scoperta nell&#8217;880, la scienza e la storia dell&#8217;arte spiegano che la sua tonalit\u00e0 scura \u00e8 il risultato dell&#8217;ossidazione delle vernici e del fumo di migliaia di candele che, per secoli, hanno ardeto ai suoi piedi come silenziose preghiere.<\/span><\/span><\/p>\n<p data-path-to-node=\"7\"><span dir=\"auto\" style=\"vertical-align: inherit\"><span dir=\"auto\" style=\"vertical-align: inherit\">Questo colore nero non \u00e8 una macchia; \u00e8 un simbolo di\u00a0 <\/span><\/span><b data-path-to-node=\"7\" data-index-in-node=\"52\"><span dir=\"auto\" style=\"vertical-align: inherit\"><span dir=\"auto\" style=\"vertical-align: inherit\">resilienza<\/span><\/span><\/b><span dir=\"auto\" style=\"vertical-align: inherit\"><span dir=\"auto\" style=\"vertical-align: inherit\"> . Rappresenta una Madre che si \u00e8 lasciata &#8220;bruciare&#8221; dalle suppliche dei suoi figli, trasformando la fuliggine della storia nella luce della devozione.<\/span><\/span><\/p>\n<h3 data-path-to-node=\"8\"><strong><span dir=\"auto\" style=\"vertical-align: inherit\"><span dir=\"auto\" style=\"vertical-align: inherit\">La geometria della salvezza: sfera, ananas e benedizione<\/span><\/span><\/strong><\/h3>\n<p data-path-to-node=\"9\"><span dir=\"auto\" style=\"vertical-align: inherit\"><span dir=\"auto\" style=\"vertical-align: inherit\">Analizzando l&#8217;immagine secondo fonti provenienti dall&#8217;abbazia ed esperti come\u00a0 <\/span><\/span><i data-path-to-node=\"9\" data-index-in-node=\"69\"><span dir=\"auto\" style=\"vertical-align: inherit\"><span dir=\"auto\" style=\"vertical-align: inherit\">Barber Embroidery<\/span><\/span><\/i><span dir=\"auto\" style=\"vertical-align: inherit\"><span dir=\"auto\" style=\"vertical-align: inherit\"> , scopriamo nelle sue mani una catechesi visiva:<\/span><\/span><\/p>\n<ol>\n<li data-path-to-node=\"10,0,0\"><b data-path-to-node=\"10,0,0\" data-index-in-node=\"0\"><span dir=\"auto\" style=\"vertical-align: inherit\"><span dir=\"auto\" style=\"vertical-align: inherit\">La Sfera (la mano destra della Vergine):<\/span><\/span><\/b><span dir=\"auto\" style=\"vertical-align: inherit\"><span dir=\"auto\" style=\"vertical-align: inherit\"> \u00a0Rappresenta il mondo, il cosmo. Maria non solo ci offre suo Figlio, ma tiene anche il mondo intero davanti allo sguardo di Dio. \u00c8 un promemoria del fatto che nulla di ci\u00f2 che accade sul pianeta \u00e8 al di fuori della sua cura materna.<\/span><\/span><\/li>\n<li data-path-to-node=\"10,1,0\"><b data-path-to-node=\"10,1,0\" data-index-in-node=\"0\"><span dir=\"auto\" style=\"vertical-align: inherit\"><span dir=\"auto\" style=\"vertical-align: inherit\">La pigna (mano sinistra del bambino):<\/span><\/span><\/b><span dir=\"auto\" style=\"vertical-align: inherit\"><span dir=\"auto\" style=\"vertical-align: inherit\"> \u00a0tenuta da Ges\u00f9, la pigna \u00e8 un antico simbolo di unit\u00e0, fertilit\u00e0 e vita eterna. Ci insegna che la fede deve portare frutto e che, proprio come i pinoli sono protetti all&#8217;interno della pigna, noi siamo al sicuro nelle mani di Cristo.<\/span><\/span><\/li>\n<li data-path-to-node=\"10,2,0\"><b data-path-to-node=\"10,2,0\" data-index-in-node=\"0\"><span dir=\"auto\" style=\"vertical-align: inherit\"><span dir=\"auto\" style=\"vertical-align: inherit\">Il gesto della benedizione:<\/span><\/span><\/b><span dir=\"auto\" style=\"vertical-align: inherit\"><span dir=\"auto\" style=\"vertical-align: inherit\"> \u00a0con la mano destra, il Bambino benedice i fedeli. Non \u00e8 un giudice, ma un Salvatore che accoglie coloro che salgono la montagna con il cuore spezzato o con una speranza rinnovata.<\/span><\/span><\/li>\n<\/ol>\n<h3 data-path-to-node=\"11\"><strong><span dir=\"auto\" style=\"vertical-align: inherit\"><span dir=\"auto\" style=\"vertical-align: inherit\">Una tradizione che si rinnova: la scuola corale e l&#8217;inaugurazione<\/span><\/span><\/strong><\/h3>\n<p data-path-to-node=\"12\"><span dir=\"auto\" style=\"vertical-align: inherit\"><span dir=\"auto\" style=\"vertical-align: inherit\">Montserrat \u00e8 oggi un punto di riferimento per\u00a0 <\/span><\/span><b data-path-to-node=\"12\" data-index-in-node=\"34\"><span dir=\"auto\" style=\"vertical-align: inherit\"><span dir=\"auto\" style=\"vertical-align: inherit\">l&#8217;innovazione spirituale<\/span><\/span><\/b><span dir=\"auto\" style=\"vertical-align: inherit\"><span dir=\"auto\" style=\"vertical-align: inherit\"> . L&#8217;Escolania, una delle pi\u00f9 antiche istituzioni musicali d&#8217;Europa, continua a cantare i\u00a0 <\/span><\/span><i data-path-to-node=\"12\" data-index-in-node=\"148\"><span dir=\"auto\" style=\"vertical-align: inherit\"><span dir=\"auto\" style=\"vertical-align: inherit\">Virolai<\/span><\/span><\/i><span dir=\"auto\" style=\"vertical-align: inherit\"><span dir=\"auto\" style=\"vertical-align: inherit\"> \u00a0ogni mezzogiorno, unendo in modo sublime arte e liturgia.<\/span><\/span><\/p>\n<p data-path-to-node=\"13\"><span dir=\"auto\" style=\"vertical-align: inherit\"><span dir=\"auto\" style=\"vertical-align: inherit\">Con un gesto che sa &#8220;leggere i segni dei tempi&#8221;, la recente creazione della\u00a0 <\/span><\/span><i data-path-to-node=\"13\" data-index-in-node=\"82\"><span dir=\"auto\" style=\"vertical-align: inherit\"><span dir=\"auto\" style=\"vertical-align: inherit\">Schola Cantorum<\/span><\/span><\/i><span dir=\"auto\" style=\"vertical-align: inherit\"><span dir=\"auto\" style=\"vertical-align: inherit\"> \u00a0(coro misto) dimostra che il Santuario sa integrare la tradizione benedettina con le realt\u00e0 del XXI secolo. Si tratta di una pedagogia dell&#8217;accoglienza: a Montserrat, come prescrive la Regola di San Benedetto, &#8220;ognuno \u00e8 accolto come se fosse Cristo stesso&#8221;.<\/span><\/span><\/p>\n<h3 data-path-to-node=\"14\"><strong><span dir=\"auto\" style=\"vertical-align: inherit\"><span dir=\"auto\" style=\"vertical-align: inherit\">Il &#8220;peso&#8221; della divinit\u00e0<\/span><\/span><\/strong><\/h3>\n<p data-path-to-node=\"15\"><span class=\"citation-2\"><span dir=\"auto\" style=\"vertical-align: inherit\"><span dir=\"auto\" style=\"vertical-align: inherit\">La storia narra che, dopo il suo ritrovamento nella\u00a0 <\/span><\/span><\/span><b data-path-to-node=\"15\" data-index-in-node=\"50\"><span class=\"citation-2\"><span dir=\"auto\" style=\"vertical-align: inherit\"><span dir=\"auto\" style=\"vertical-align: inherit\">Sacra Grotta<\/span><\/span><\/span><\/b><span class=\"citation-2 citation-end-2\"><span dir=\"auto\" style=\"vertical-align: inherit\"><span dir=\"auto\" style=\"vertical-align: inherit\"> , si tent\u00f2 di trasferire l&#8217;immagine a Manresa, ma la scultura divenne cos\u00ec pesante da rendere impossibile il trasporto.<\/span><\/span><\/span><span dir=\"auto\" style=\"vertical-align: inherit\"><span dir=\"auto\" style=\"vertical-align: inherit\"> \u00a0Questo evento, al di l\u00e0 del suo carattere miracoloso, racchiude una profonda verit\u00e0:\u00a0 <\/span><\/span><b data-path-to-node=\"15\" data-index-in-node=\"234\"><span dir=\"auto\" style=\"vertical-align: inherit\"><span dir=\"auto\" style=\"vertical-align: inherit\">la Vergine sceglie dove dimorare<\/span><\/span><\/b><span dir=\"auto\" style=\"vertical-align: inherit\"><span dir=\"auto\" style=\"vertical-align: inherit\"> . Decise che la sua casa sarebbe stata la montagna impervia, insegnandoci che la fede non \u00e8 sempre un cammino agevole, ma un&#8217;ascesa che richiede impegno, ma che offre sempre una vetta di pace.<\/span><\/span><\/p>\n<h3 data-path-to-node=\"16\"><strong><span dir=\"auto\" style=\"vertical-align: inherit\"><span dir=\"auto\" style=\"vertical-align: inherit\">Perch\u00e9 visitare la Moreneta oggi?<\/span><\/span><\/strong><\/h3>\n<p data-path-to-node=\"17\"><span dir=\"auto\" style=\"vertical-align: inherit\"><span dir=\"auto\" style=\"vertical-align: inherit\">Visitare Montserrat oggi \u00e8 un atto di ribellione contro il rumore e la fretta. Significa entrare in uno spazio dove il tempo si ferma e la pietra parla. La Vergine di Montserrat ci offre una &#8220;speranza costruttiva&#8221;: ci ricorda che, per quanto &#8220;aspra&#8221; o difficile possa essere la nostra vita, c&#8217;\u00e8 sempre un luogo solido in cui riposare.<\/span><\/span><\/p>\n<p data-path-to-node=\"18\"><span dir=\"auto\" style=\"vertical-align: inherit\"><span dir=\"auto\" style=\"vertical-align: inherit\">Oggi, la Moreneta ci guarda con i suoi occhi limpidi sul volto scuro, ricordandoci che la vera bellezza nasce dalla fedelt\u00e0 e che, nel momento pi\u00f9 difficile, c&#8217;\u00e8 sempre una Madre che sorregge il mondo per noi.<\/span><\/span><\/p>\n<p data-path-to-node=\"20\"><b data-path-to-node=\"20\" data-index-in-node=\"0\"><span dir=\"auto\" style=\"vertical-align: inherit\"><span dir=\"auto\" style=\"vertical-align: inherit\">\u00abRosa d&#8217;abril, Morena de la serra, de Montserrat estel\u2026\u00bb<\/span><\/span><\/b><span dir=\"auto\" style=\"vertical-align: inherit\"><span dir=\"auto\" style=\"vertical-align: inherit\"> \u00a0(\u201c <\/span><\/span><em><span dir=\"auto\" style=\"vertical-align: inherit\"><span dir=\"auto\" style=\"vertical-align: inherit\">Rosa de abril, Morena de la sierra, de Montserrat estrella\u2026<\/span><\/span><\/em><span dir=\"auto\" style=\"vertical-align: inherit\"><span dir=\"auto\" style=\"vertical-align: inherit\"> \u00ab) \u2013 Un invito a ricordare, ogni volta che si alza lo sguardo, che c&#8217;\u00e8 una luce che non si spegne mai sulla montagna sacra.<\/span><\/span><\/p>\n","protected":false},"excerpt":{"rendered":"<p>Faro di Speranza nel XXI secolo<\/p>\n","protected":false},"author":17,"featured_media":168352,"comment_status":"closed","ping_status":"closed","sticky":false,"template":"","format":"standard","meta":{"_acf_changed":false,"_crdt_document":"","inline_featured_image":false,"footnotes":""},"categories":[73,91],"tags":[110573,110574,110575,42179,15069,75974,80708,75973,110578,110580,110579,110581,110582,110576,110583,20612,110577,64787,110584,110585,110586],"class_list":["post-168567","post","type-post","status-publish","format-standard","has-post-thumbnail","hentry","category-chiesa-e-mondo","category-santita","tag-abbazia-di-montserrat","tag-arte-romanica-sacra","tag-cammino-di-santiago-in-catalogna","tag-devozioni-mariane","tag-fede-e-cultura","tag-la-moreneta","tag-madonna-nera","tag-monastero-benedettino","tag-montagna-sacra-di-montserrat","tag-patrona-della-catalogna","tag-preghiera-a-nostra-signora-di-montserrat","tag-santa-cova-2","tag-santuario-di-montserrat","tag-scuola-corale-di-montserrat","tag-simbolismo-mariano","tag-spiritualita-cattolica","tag-storia-di-la-moreneta","tag-trending-it-236","tag-turismo-religioso-in-spagna","tag-vergine-di-montserrat","tag-virolai-2"],"acf":[],"yoast_head":"<!-- This site is optimized with the Yoast SEO plugin v27.5 - https:\/\/yoast.com\/product\/yoast-seo-wordpress\/ -->\n<title>Nostra Signora di Montserrat. La Moreneta: Il Cuore di Pietra che Batte per il Mondo &#8211; Exaudi<\/title>\n<meta name=\"robots\" content=\"index, follow, max-snippet:-1, max-image-preview:large, max-video-preview:-1\" \/>\n<link rel=\"canonical\" href=\"https:\/\/exaudi.org\/it\/nostra-signora-di-montserrat-la-moreneta-il-cuore-di-pietra-che-batte-per-il-mondo\/\" \/>\n<meta property=\"og:locale\" content=\"it_IT\" \/>\n<meta property=\"og:type\" content=\"article\" \/>\n<meta property=\"og:title\" content=\"Nostra Signora di Montserrat. La Moreneta: Il Cuore di Pietra che Batte per il Mondo &#8211; Exaudi\" \/>\n<meta property=\"og:description\" content=\"Faro di Speranza nel XXI secolo\" \/>\n<meta property=\"og:url\" content=\"https:\/\/exaudi.org\/it\/nostra-signora-di-montserrat-la-moreneta-il-cuore-di-pietra-che-batte-per-il-mondo\/\" \/>\n<meta property=\"og:site_name\" content=\"Exaudi\" \/>\n<meta property=\"article:publisher\" content=\"https:\/\/www.facebook.com\/ExaudiNews\" \/>\n<meta property=\"article:author\" content=\"https:\/\/www.facebook.com\/ExaudiNotizie\/\" \/>\n<meta property=\"article:published_time\" content=\"2026-04-27T17:01:47+00:00\" \/>\n<meta property=\"og:image\" content=\"https:\/\/exaudi.org\/wp-content\/uploads\/2026\/04\/Moreneta.png\" \/>\n\t<meta property=\"og:image:width\" content=\"688\" \/>\n\t<meta property=\"og:image:height\" content=\"300\" \/>\n\t<meta property=\"og:image:type\" content=\"image\/png\" \/>\n<meta name=\"author\" content=\"Exaudi Redazione\" \/>\n<meta name=\"twitter:card\" content=\"summary_large_image\" \/>\n<meta name=\"twitter:creator\" content=\"@Exaudi_Notizie\" \/>\n<meta name=\"twitter:site\" content=\"@Exaudi_News\" \/>\n<meta name=\"twitter:label1\" content=\"Scritto da\" \/>\n\t<meta name=\"twitter:data1\" content=\"Exaudi Redazione\" \/>\n\t<meta name=\"twitter:label2\" content=\"Tempo di lettura stimato\" \/>\n\t<meta name=\"twitter:data2\" content=\"3 minuti\" \/>\n<script type=\"application\/ld+json\" class=\"yoast-schema-graph\">{\"@context\":\"https:\\\/\\\/schema.org\",\"@graph\":[{\"@type\":\"Article\",\"@id\":\"https:\\\/\\\/exaudi.org\\\/it\\\/nostra-signora-di-montserrat-la-moreneta-il-cuore-di-pietra-che-batte-per-il-mondo\\\/#article\",\"isPartOf\":{\"@id\":\"https:\\\/\\\/exaudi.org\\\/it\\\/nostra-signora-di-montserrat-la-moreneta-il-cuore-di-pietra-che-batte-per-il-mondo\\\/\"},\"author\":{\"name\":\"Exaudi Redazione\",\"@id\":\"https:\\\/\\\/exaudi.org\\\/#\\\/schema\\\/person\\\/e1ab6ed07c01774724dd96f925f3a5f0\"},\"headline\":\"Nostra Signora di Montserrat. La Moreneta: Il Cuore di Pietra che Batte per il Mondo\",\"datePublished\":\"2026-04-27T17:01:47+00:00\",\"mainEntityOfPage\":{\"@id\":\"https:\\\/\\\/exaudi.org\\\/it\\\/nostra-signora-di-montserrat-la-moreneta-il-cuore-di-pietra-che-batte-per-il-mondo\\\/\"},\"wordCount\":697,\"image\":{\"@id\":\"https:\\\/\\\/exaudi.org\\\/it\\\/nostra-signora-di-montserrat-la-moreneta-il-cuore-di-pietra-che-batte-per-il-mondo\\\/#primaryimage\"},\"thumbnailUrl\":\"https:\\\/\\\/exaudi.org\\\/wp-content\\\/uploads\\\/2026\\\/04\\\/Moreneta.png\",\"keywords\":[\"Abbazia di Montserrat\",\"Arte romanica sacra\",\"Cammino di Santiago in Catalogna\",\"Devozioni mariane\",\"FEDE E CULTURA\",\"la moreneta\",\"Madonna Nera\",\"monastero benedettino\",\"Montagna Sacra di Montserrat\",\"Patrona della Catalogna\",\"Preghiera a Nostra Signora di Montserrat\",\"Santa Cova\",\"Santuario di Montserrat\",\"Scuola Corale di Montserrat\",\"Simbolismo mariano\",\"SPIRITUALIT\u00c0 CATTOLICA\",\"Storia di La Moreneta\",\"Trending\",\"Turismo religioso in Spagna\",\"Vergine di Montserrat\",\"Virolai\"],\"articleSection\":[\"Chiesa e Mondo\",\"Santit\u00e0\"],\"inLanguage\":\"it-IT\"},{\"@type\":\"WebPage\",\"@id\":\"https:\\\/\\\/exaudi.org\\\/it\\\/nostra-signora-di-montserrat-la-moreneta-il-cuore-di-pietra-che-batte-per-il-mondo\\\/\",\"url\":\"https:\\\/\\\/exaudi.org\\\/it\\\/nostra-signora-di-montserrat-la-moreneta-il-cuore-di-pietra-che-batte-per-il-mondo\\\/\",\"name\":\"Nostra Signora di Montserrat. La Moreneta: Il Cuore di Pietra che Batte per il Mondo &#8211; Exaudi\",\"isPartOf\":{\"@id\":\"https:\\\/\\\/exaudi.org\\\/#website\"},\"primaryImageOfPage\":{\"@id\":\"https:\\\/\\\/exaudi.org\\\/it\\\/nostra-signora-di-montserrat-la-moreneta-il-cuore-di-pietra-che-batte-per-il-mondo\\\/#primaryimage\"},\"image\":{\"@id\":\"https:\\\/\\\/exaudi.org\\\/it\\\/nostra-signora-di-montserrat-la-moreneta-il-cuore-di-pietra-che-batte-per-il-mondo\\\/#primaryimage\"},\"thumbnailUrl\":\"https:\\\/\\\/exaudi.org\\\/wp-content\\\/uploads\\\/2026\\\/04\\\/Moreneta.png\",\"datePublished\":\"2026-04-27T17:01:47+00:00\",\"author\":{\"@id\":\"https:\\\/\\\/exaudi.org\\\/#\\\/schema\\\/person\\\/e1ab6ed07c01774724dd96f925f3a5f0\"},\"breadcrumb\":{\"@id\":\"https:\\\/\\\/exaudi.org\\\/it\\\/nostra-signora-di-montserrat-la-moreneta-il-cuore-di-pietra-che-batte-per-il-mondo\\\/#breadcrumb\"},\"inLanguage\":\"it-IT\",\"potentialAction\":[{\"@type\":\"ReadAction\",\"target\":[\"https:\\\/\\\/exaudi.org\\\/it\\\/nostra-signora-di-montserrat-la-moreneta-il-cuore-di-pietra-che-batte-per-il-mondo\\\/\"]}]},{\"@type\":\"ImageObject\",\"inLanguage\":\"it-IT\",\"@id\":\"https:\\\/\\\/exaudi.org\\\/it\\\/nostra-signora-di-montserrat-la-moreneta-il-cuore-di-pietra-che-batte-per-il-mondo\\\/#primaryimage\",\"url\":\"https:\\\/\\\/exaudi.org\\\/wp-content\\\/uploads\\\/2026\\\/04\\\/Moreneta.png\",\"contentUrl\":\"https:\\\/\\\/exaudi.org\\\/wp-content\\\/uploads\\\/2026\\\/04\\\/Moreneta.png\",\"width\":688,\"height\":300},{\"@type\":\"BreadcrumbList\",\"@id\":\"https:\\\/\\\/exaudi.org\\\/it\\\/nostra-signora-di-montserrat-la-moreneta-il-cuore-di-pietra-che-batte-per-il-mondo\\\/#breadcrumb\",\"itemListElement\":[{\"@type\":\"ListItem\",\"position\":1,\"name\":\"Portada\",\"item\":\"https:\\\/\\\/exaudi.org\\\/it\\\/\"},{\"@type\":\"ListItem\",\"position\":2,\"name\":\"Nostra Signora di Montserrat. La Moreneta: Il Cuore di Pietra che Batte per il Mondo\"}]},{\"@type\":\"WebSite\",\"@id\":\"https:\\\/\\\/exaudi.org\\\/#website\",\"url\":\"https:\\\/\\\/exaudi.org\\\/\",\"name\":\"Exaudi\",\"description\":\"News\",\"potentialAction\":[{\"@type\":\"SearchAction\",\"target\":{\"@type\":\"EntryPoint\",\"urlTemplate\":\"https:\\\/\\\/exaudi.org\\\/?s={search_term_string}\"},\"query-input\":{\"@type\":\"PropertyValueSpecification\",\"valueRequired\":true,\"valueName\":\"search_term_string\"}}],\"inLanguage\":\"it-IT\"},{\"@type\":\"Person\",\"@id\":\"https:\\\/\\\/exaudi.org\\\/#\\\/schema\\\/person\\\/e1ab6ed07c01774724dd96f925f3a5f0\",\"name\":\"Exaudi Redazione\",\"image\":{\"@type\":\"ImageObject\",\"inLanguage\":\"it-IT\",\"@id\":\"https:\\\/\\\/secure.gravatar.com\\\/avatar\\\/ad6774b3ada023bf5b939d64f45c94b3adf91502dd883507d469b4308a943bb3?s=96&d=mm&r=g\",\"url\":\"https:\\\/\\\/secure.gravatar.com\\\/avatar\\\/ad6774b3ada023bf5b939d64f45c94b3adf91502dd883507d469b4308a943bb3?s=96&d=mm&r=g\",\"contentUrl\":\"https:\\\/\\\/secure.gravatar.com\\\/avatar\\\/ad6774b3ada023bf5b939d64f45c94b3adf91502dd883507d469b4308a943bb3?s=96&d=mm&r=g\",\"caption\":\"Exaudi Redazione\"},\"description\":\"Che cosa \u00e8 Exaudi News? Exaudi News \u00e8 un agenzia cattolica internazionale che informa, istruisce e trasforma quotidianamente in spagnolo, inglese e italiano. Attraverso notizie, articoli di analisi e trasmissioni in diretta degli eventi del Papa, Exaudi cerca di rafforzare l'unit\u00e0 dei cristiani e di contribuire all'evangelizzazione del mondo, sempre guidato dalla dottrina sociale della Chiesa. Lavoriamo per portare la verit\u00e0 e i valori cristiani in ogni angolo del pianeta. Aiutaci a trasformare il mondo con Exaudi! Noi di Exaudi crediamo che l'evangelizzazione e l'informazione di qualit\u00e0 possano cambiare la vita. Per continuare la nostra missione ed espandere la nostra portata, abbiamo bisogno del tuo aiuto. Stiamo anche cercando persone motivate che vogliano unirsi al nostro team. Grazie al vostro sostegno raggiungeremo pi\u00f9 persone, diffonderemo il messaggio di Cristo e rafforzeremo l'unit\u00e0 dei cristiani. Vuoi unirti alla nostra missione? Per maggiori informazioni su come contribuire, visita Exaudi.org\\\/it o contattaci direttamente: info@exaudi.org Exaudi: informa, forma e trasforma.\",\"sameAs\":[\"https:\\\/\\\/www.facebook.com\\\/ExaudiNotizie\\\/\",\"https:\\\/\\\/www.instagram.com\\\/Exaudi_notizie\\\/\",\"https:\\\/\\\/x.com\\\/Exaudi_Notizie\",\"https:\\\/\\\/www.youtube.com\\\/@exaudicatholicnews\"],\"url\":\"https:\\\/\\\/exaudi.org\\\/it\\\/author\\\/dlvedi-org\\\/\"}]}<\/script>\n<!-- \/ Yoast SEO plugin. -->","yoast_head_json":{"title":"Nostra Signora di Montserrat. La Moreneta: Il Cuore di Pietra che Batte per il Mondo &#8211; Exaudi","robots":{"index":"index","follow":"follow","max-snippet":"max-snippet:-1","max-image-preview":"max-image-preview:large","max-video-preview":"max-video-preview:-1"},"canonical":"https:\/\/exaudi.org\/it\/nostra-signora-di-montserrat-la-moreneta-il-cuore-di-pietra-che-batte-per-il-mondo\/","og_locale":"it_IT","og_type":"article","og_title":"Nostra Signora di Montserrat. La Moreneta: Il Cuore di Pietra che Batte per il Mondo &#8211; Exaudi","og_description":"Faro di Speranza nel XXI secolo","og_url":"https:\/\/exaudi.org\/it\/nostra-signora-di-montserrat-la-moreneta-il-cuore-di-pietra-che-batte-per-il-mondo\/","og_site_name":"Exaudi","article_publisher":"https:\/\/www.facebook.com\/ExaudiNews","article_author":"https:\/\/www.facebook.com\/ExaudiNotizie\/","article_published_time":"2026-04-27T17:01:47+00:00","og_image":[{"width":688,"height":300,"url":"https:\/\/exaudi.org\/wp-content\/uploads\/2026\/04\/Moreneta.png","type":"image\/png"}],"author":"Exaudi Redazione","twitter_card":"summary_large_image","twitter_creator":"@Exaudi_Notizie","twitter_site":"@Exaudi_News","twitter_misc":{"Scritto da":"Exaudi Redazione","Tempo di lettura stimato":"3 minuti"},"schema":{"@context":"https:\/\/schema.org","@graph":[{"@type":"Article","@id":"https:\/\/exaudi.org\/it\/nostra-signora-di-montserrat-la-moreneta-il-cuore-di-pietra-che-batte-per-il-mondo\/#article","isPartOf":{"@id":"https:\/\/exaudi.org\/it\/nostra-signora-di-montserrat-la-moreneta-il-cuore-di-pietra-che-batte-per-il-mondo\/"},"author":{"name":"Exaudi Redazione","@id":"https:\/\/exaudi.org\/#\/schema\/person\/e1ab6ed07c01774724dd96f925f3a5f0"},"headline":"Nostra Signora di Montserrat. La Moreneta: Il Cuore di Pietra che Batte per il Mondo","datePublished":"2026-04-27T17:01:47+00:00","mainEntityOfPage":{"@id":"https:\/\/exaudi.org\/it\/nostra-signora-di-montserrat-la-moreneta-il-cuore-di-pietra-che-batte-per-il-mondo\/"},"wordCount":697,"image":{"@id":"https:\/\/exaudi.org\/it\/nostra-signora-di-montserrat-la-moreneta-il-cuore-di-pietra-che-batte-per-il-mondo\/#primaryimage"},"thumbnailUrl":"https:\/\/exaudi.org\/wp-content\/uploads\/2026\/04\/Moreneta.png","keywords":["Abbazia di Montserrat","Arte romanica sacra","Cammino di Santiago in Catalogna","Devozioni mariane","FEDE E CULTURA","la moreneta","Madonna Nera","monastero benedettino","Montagna Sacra di Montserrat","Patrona della Catalogna","Preghiera a Nostra Signora di Montserrat","Santa Cova","Santuario di Montserrat","Scuola Corale di Montserrat","Simbolismo mariano","SPIRITUALIT\u00c0 CATTOLICA","Storia di La Moreneta","Trending","Turismo religioso in Spagna","Vergine di Montserrat","Virolai"],"articleSection":["Chiesa e Mondo","Santit\u00e0"],"inLanguage":"it-IT"},{"@type":"WebPage","@id":"https:\/\/exaudi.org\/it\/nostra-signora-di-montserrat-la-moreneta-il-cuore-di-pietra-che-batte-per-il-mondo\/","url":"https:\/\/exaudi.org\/it\/nostra-signora-di-montserrat-la-moreneta-il-cuore-di-pietra-che-batte-per-il-mondo\/","name":"Nostra Signora di Montserrat. La Moreneta: Il Cuore di Pietra che Batte per il Mondo &#8211; Exaudi","isPartOf":{"@id":"https:\/\/exaudi.org\/#website"},"primaryImageOfPage":{"@id":"https:\/\/exaudi.org\/it\/nostra-signora-di-montserrat-la-moreneta-il-cuore-di-pietra-che-batte-per-il-mondo\/#primaryimage"},"image":{"@id":"https:\/\/exaudi.org\/it\/nostra-signora-di-montserrat-la-moreneta-il-cuore-di-pietra-che-batte-per-il-mondo\/#primaryimage"},"thumbnailUrl":"https:\/\/exaudi.org\/wp-content\/uploads\/2026\/04\/Moreneta.png","datePublished":"2026-04-27T17:01:47+00:00","author":{"@id":"https:\/\/exaudi.org\/#\/schema\/person\/e1ab6ed07c01774724dd96f925f3a5f0"},"breadcrumb":{"@id":"https:\/\/exaudi.org\/it\/nostra-signora-di-montserrat-la-moreneta-il-cuore-di-pietra-che-batte-per-il-mondo\/#breadcrumb"},"inLanguage":"it-IT","potentialAction":[{"@type":"ReadAction","target":["https:\/\/exaudi.org\/it\/nostra-signora-di-montserrat-la-moreneta-il-cuore-di-pietra-che-batte-per-il-mondo\/"]}]},{"@type":"ImageObject","inLanguage":"it-IT","@id":"https:\/\/exaudi.org\/it\/nostra-signora-di-montserrat-la-moreneta-il-cuore-di-pietra-che-batte-per-il-mondo\/#primaryimage","url":"https:\/\/exaudi.org\/wp-content\/uploads\/2026\/04\/Moreneta.png","contentUrl":"https:\/\/exaudi.org\/wp-content\/uploads\/2026\/04\/Moreneta.png","width":688,"height":300},{"@type":"BreadcrumbList","@id":"https:\/\/exaudi.org\/it\/nostra-signora-di-montserrat-la-moreneta-il-cuore-di-pietra-che-batte-per-il-mondo\/#breadcrumb","itemListElement":[{"@type":"ListItem","position":1,"name":"Portada","item":"https:\/\/exaudi.org\/it\/"},{"@type":"ListItem","position":2,"name":"Nostra Signora di Montserrat. La Moreneta: Il Cuore di Pietra che Batte per il Mondo"}]},{"@type":"WebSite","@id":"https:\/\/exaudi.org\/#website","url":"https:\/\/exaudi.org\/","name":"Exaudi","description":"News","potentialAction":[{"@type":"SearchAction","target":{"@type":"EntryPoint","urlTemplate":"https:\/\/exaudi.org\/?s={search_term_string}"},"query-input":{"@type":"PropertyValueSpecification","valueRequired":true,"valueName":"search_term_string"}}],"inLanguage":"it-IT"},{"@type":"Person","@id":"https:\/\/exaudi.org\/#\/schema\/person\/e1ab6ed07c01774724dd96f925f3a5f0","name":"Exaudi Redazione","image":{"@type":"ImageObject","inLanguage":"it-IT","@id":"https:\/\/secure.gravatar.com\/avatar\/ad6774b3ada023bf5b939d64f45c94b3adf91502dd883507d469b4308a943bb3?s=96&d=mm&r=g","url":"https:\/\/secure.gravatar.com\/avatar\/ad6774b3ada023bf5b939d64f45c94b3adf91502dd883507d469b4308a943bb3?s=96&d=mm&r=g","contentUrl":"https:\/\/secure.gravatar.com\/avatar\/ad6774b3ada023bf5b939d64f45c94b3adf91502dd883507d469b4308a943bb3?s=96&d=mm&r=g","caption":"Exaudi Redazione"},"description":"Che cosa \u00e8 Exaudi News? Exaudi News \u00e8 un agenzia cattolica internazionale che informa, istruisce e trasforma quotidianamente in spagnolo, inglese e italiano. Attraverso notizie, articoli di analisi e trasmissioni in diretta degli eventi del Papa, Exaudi cerca di rafforzare l'unit\u00e0 dei cristiani e di contribuire all'evangelizzazione del mondo, sempre guidato dalla dottrina sociale della Chiesa. Lavoriamo per portare la verit\u00e0 e i valori cristiani in ogni angolo del pianeta. Aiutaci a trasformare il mondo con Exaudi! Noi di Exaudi crediamo che l'evangelizzazione e l'informazione di qualit\u00e0 possano cambiare la vita. Per continuare la nostra missione ed espandere la nostra portata, abbiamo bisogno del tuo aiuto. Stiamo anche cercando persone motivate che vogliano unirsi al nostro team. Grazie al vostro sostegno raggiungeremo pi\u00f9 persone, diffonderemo il messaggio di Cristo e rafforzeremo l'unit\u00e0 dei cristiani. Vuoi unirti alla nostra missione? Per maggiori informazioni su come contribuire, visita Exaudi.org\/it o contattaci direttamente: info@exaudi.org Exaudi: informa, forma e trasforma.","sameAs":["https:\/\/www.facebook.com\/ExaudiNotizie\/","https:\/\/www.instagram.com\/Exaudi_notizie\/","https:\/\/x.com\/Exaudi_Notizie","https:\/\/www.youtube.com\/@exaudicatholicnews"],"url":"https:\/\/exaudi.org\/it\/author\/dlvedi-org\/"}]}},"jetpack_featured_media_url":"https:\/\/exaudi.org\/wp-content\/uploads\/2026\/04\/Moreneta.png","jetpack_shortlink":"https:\/\/wp.me\/pgKjF2-HQP","_links":{"self":[{"href":"https:\/\/exaudi.org\/it\/wp-json\/wp\/v2\/posts\/168567","targetHints":{"allow":["GET"]}}],"collection":[{"href":"https:\/\/exaudi.org\/it\/wp-json\/wp\/v2\/posts"}],"about":[{"href":"https:\/\/exaudi.org\/it\/wp-json\/wp\/v2\/types\/post"}],"author":[{"embeddable":true,"href":"https:\/\/exaudi.org\/it\/wp-json\/wp\/v2\/users\/17"}],"replies":[{"embeddable":true,"href":"https:\/\/exaudi.org\/it\/wp-json\/wp\/v2\/comments?post=168567"}],"version-history":[{"count":3,"href":"https:\/\/exaudi.org\/it\/wp-json\/wp\/v2\/posts\/168567\/revisions"}],"predecessor-version":[{"id":168570,"href":"https:\/\/exaudi.org\/it\/wp-json\/wp\/v2\/posts\/168567\/revisions\/168570"}],"wp:featuredmedia":[{"embeddable":true,"href":"https:\/\/exaudi.org\/it\/wp-json\/wp\/v2\/media\/168352"}],"wp:attachment":[{"href":"https:\/\/exaudi.org\/it\/wp-json\/wp\/v2\/media?parent=168567"}],"wp:term":[{"taxonomy":"category","embeddable":true,"href":"https:\/\/exaudi.org\/it\/wp-json\/wp\/v2\/categories?post=168567"},{"taxonomy":"post_tag","embeddable":true,"href":"https:\/\/exaudi.org\/it\/wp-json\/wp\/v2\/tags?post=168567"}],"curies":[{"name":"wp","href":"https:\/\/api.w.org\/{rel}","templated":true}]}}