{"id":168424,"date":"2026-04-27T11:28:41","date_gmt":"2026-04-27T09:28:41","guid":{"rendered":"https:\/\/exaudi.org\/?p=168424"},"modified":"2026-04-27T11:28:41","modified_gmt":"2026-04-27T09:28:41","slug":"salvare-il-conservatorismo-dalle-uscite-del-presidente-trump","status":"publish","type":"post","link":"https:\/\/exaudi.org\/it\/salvare-il-conservatorismo-dalle-uscite-del-presidente-trump\/","title":{"rendered":"Salvare il conservatorismo dalle \u201cuscite\u201d del Presidente Trump"},"content":{"rendered":"<p>In questi giorni si \u00e8 svolto a Roma un convegno sul conservatorismo organizzato da Alleanza Cattolica. Nella prestigiosa sede della biblioteca del Senato italiano si discuteva sul tema: \u201cTra populismi, nuovi nazionalismi e contro-rivoluzione\u201d. Hanno partecipato, tra gli altri il reggente di Alleanza Cattolica Marco Invernizzi, Giovanni Orsina, politologo e storico, Gudrun Kugler, parlamentare austriaca e portavoce parlamentare per i Diritti Umani e lo Sviluppo Internazionale, Nicola Procaccini, co-presidente del gruppo ECR del Parlamento Europeo.<\/p>\n<p>Sul convegno hanno pesato i recenti attacchi del Presidente Trump a Papa Leone XIV che hanno provocato sgomento nel mondo cattolico e conservatore. Le inopportune \u201cuscite\u201d di Trump vengono percepite come una specie di \u201cautogol\u201d che peser\u00e0 in futuro. Ne ho parlato con il reggente di Alleanza Cattolica, Marco Invernizzi.<\/p>\n<p><em><strong>&#8211; Perch\u00e9 dobbiamo preoccuparci di questo breve intervento del Presidente Trump?<\/strong><\/em><\/p>\n<p>&#8211; Perch\u00e9 Il Presidente americano \u00e8 riuscito con questo suo breve intervento a creare un disagio universale destinato a rimanere nel tempo; uno di quei pochi episodi che non si dimenticheranno facilmente e rimarranno nella storia, anche nella nostra societ\u00e0 fluida e superficiale.<\/p>\n<p>La gravit\u00e0 risiede nel fatto che ha attaccato Leone XIV non per dissentire da un aspetto della diplomazia pontificia o soltanto per una presa di posizione del Pontefice sgradita. Attaccando Leone XIV ha sbagliato bersaglio, perch\u00e9 i Papi chiedono la pace per definizione, e in pi\u00f9 Trump lo ha fatto \u201cmale\u201d, lasciando cio\u00e8 trasparire un rancore indegno di un Capo di Stato, ma anche di un uomo ragionevole.<\/p>\n<p><em><strong>&#8211; Si pu\u00f2 chiudere facilmente questo \u201cincidente\u201d?<\/strong><\/em><\/p>\n<p>&#8211; Purtroppo, \u00e8 una faccenda di quelle che, purtroppo, non si possono chiudere facilmente e velocemente. Il mondo anti-occidentale si \u00e8 avventato come un toro assetato di sangue contro gli Stati Uniti guidati da un Presidente \u201cconservatore\u201d: fa una certa impressione leggere i titoli dei giornaloni laicisti italiani in difesa del Papa \u201caggredito\u201d e \u201coltraggiato\u201d da parte di un Presidente americano. Ma fa ancora pi\u00f9 impressione valutare le conseguenze politiche di un gesto sconsiderato: oggi il mondo appare diviso fra le peggiori dittature, comuniste o islamiste, comunque fondamentaliste, che sembrano stare accanto al Papa, e dall\u2019altra parte l\u2019unica democrazia fra le superpotenze, che \u00e8 in rotta di collisione con il capo della Chiesa universale, vescovo di Roma e Patriarca d\u2019Occidente.<\/p>\n<p><em><strong>&#8211; Donald Trump non \u00e8 soltanto il Presidente Usa, ma \u00e8 a capo di MAGA, cio\u00e8 il movimento nazionalista che usa lo slogan\u00a0America first\u2026<\/strong><\/em><\/p>\n<p>&#8211; Questo fatto ha fatto s\u00ec che \u00e8 cambiato il volto del Partito repubblicano americano e in qualche modo del movimento conservatore in tutto il mondo. Il conservatorismo dell\u2019epoca del Presidente Reagan, quello di Russell Kirk (1918-1994) per intenderci, sembra ridotto a occupare posizioni marginali nel conservatorismo americano. Gli effetti dei cambiamenti del conservatorismo americano in chiave MAGA sul conservatorismo mondiale sembrano essere micidiali per la sua sopravvivenza.<\/p>\n<p>Trump non \u00e8 cattolico e non si pu\u00f2 forse pretendere da lui ragionamenti troppo sofisticati che riguardino la teologia della Chiesa. Tuttavia, \u00e8 una figura decisamente centrale per il conservatorismo mondiale, anche se probabilmente non si ritiene tale e certamente non \u00e8 un conservatore nel senso classico del termine.<\/p>\n<p><em><strong>&#8211; Allora per chi si ritiene conservatore e vuole agire come tale, i tempi sono diventati difficili?<\/strong><\/em><\/p>\n<p>&#8211; Purtroppo, s\u00ec. Confesso che mi preoccupano soprattutto le conseguenze culturali, di medio e lungo termine, di quanto accaduto con le dichiarazioni del Presidente Trump. Voglio ricordare in questa situazione ragionevoli le parole del presidente del consiglio italiano Giorgia Meloni che sottolineava che bisogna rimanere \u201ctestardamente occidentali\u201d; queste parole servivano a non rovinare l\u2019alleanza fra Italia e Usa, nonostante la difficolt\u00e0 del momento, anche se non sono apparse sufficienti a impedire una critica di Trump anche a lei e al governo italiano.<\/p>\n<p><em><strong>&#8211; Trump ci ha abituato ad agire in modo impulsivo, raddrizzando dopo il tiro\u2026<\/strong><\/em><\/p>\n<p>&#8211; Bisogna aspettare che l\u2019emotivit\u00e0 si riduca e, cos\u00ec, a mente fredda, affrontare alcuni dei nodi esposti dal presidente americano, che ha utilizzato uno stile violento e irragionevole, veramente inaccettabile, nodi che tuttavia rimangono ben visibili.<\/p>\n<p><em><strong>&#8211; Il nodo dell\u2019Iran e la sua aspirazione ad avere la bomba atomica?<\/strong><\/em><\/p>\n<p>&#8211; Appunto. La bomba atomica nelle mani di un regime che sostiene il terrorismo come la Repubblica islamica, ad esempio, \u00e8 un problema per tutto il mondo. Il desiderio di libert\u00e0 del popolo iraniano va sostenuto in ogni modo, anche se il Presidente Trump dovrebbe accordarsi con se stesso, quando incita gli iraniani a ribellarsi e poi minaccia di fare scomparire una civilt\u00e0 millenaria, che \u00e8 stata la vittima principale del regime fondamentalista inaugurato a Teheran 47 anni fa. La sicurezza di Israele \u00e8 un tema altrettanto importante quanto la libert\u00e0 e la sopravvivenza del popolo palestinese. E infine la guerra, soprattutto oggi, va scongiurata in ogni modo per i motivi che la Chiesa ricorda almeno dall\u2019enciclica\u00a0<em>Pacem<\/em>\u00a0<em>in Terris<\/em>\u00a0(1963) di san Giovanni XXIII, ma non si pu\u00f2 negare, a chi possiede la forza, il diritto e il dovere di perseguire una \u201cpace giusta\u201d. Per esempio, non si pu\u00f2 impedire a uno Stato, come quello ucraino, di difendersi.<\/p>\n<p><em><strong>&#8211; E allora?\u00a0<\/strong><\/em><\/p>\n<p>&#8211; <em>Mala tempora currunt<\/em>. Le esternazioni del Presidente Usa sono il segno di quanto la rivoluzione antropologica abbia intaccato le relazioni fra gli uomini, anche quelle diplomatiche, che pur dovrebbero essere pi\u00f9 garantite. Il mondo, anche il mondo occidentale nel quale viviamo, vive una profonda crisi, antropologica anzitutto. Ritrovare i valori di sempre, legati al diritto naturale, incarnarli nella vita delle persone e poi delle nazioni, pu\u00f2 essere la via della rinascita sociale.<\/p>\n<p>Il conservatorismo non \u00e8 l\u2019ideologia di un momento, neppure di una persona, per quanto potente ella sia. Il conservatorismo del futuro potr\u00e0 sopravvivere ai capricci e agli errori degli uomini solo se sapr\u00e0 guardare all\u2019eterno e l\u00ec trovare il senso della sua proposta.<\/p>\n","protected":false},"excerpt":{"rendered":"<p>Parla Marco Invernizzi, reggente di Alleanza Cattolica<\/p>\n","protected":false},"author":85,"featured_media":168422,"comment_status":"closed","ping_status":"closed","sticky":false,"template":"","format":"standard","meta":{"_acf_changed":false,"_crdt_document":"","inline_featured_image":false,"footnotes":""},"categories":[107],"tags":[110479,28183,22308,13610,17921,110477,7627,1809,110481,110480,75076,90264,58164,1957,8477,110478],"class_list":["post-168424","post","type-post","status-publish","format-standard","has-post-thumbnail","hentry","category-interviste","tag-alleanza-cattolica-2","tag-cattolicesimo","tag-crisi-antropologica","tag-diritto-naturale","tag-donald-trump-2","tag-ecco-le-parole-chiave-seo-per-i-meta-tag","tag-italia-it-2","tag-liberta-religiosa","tag-maga-2","tag-marco-invernizzi-2","tag-occidente-2","tag-pace-giusta","tag-papa-leone-xiv","tag-politica-it","tag-relazioni-diplomatiche","tag-separate-da-virgole-conservatorismo"],"acf":[],"yoast_head":"<!-- This site is optimized with the Yoast SEO plugin v27.5 - https:\/\/yoast.com\/product\/yoast-seo-wordpress\/ -->\n<title>Salvare il conservatorismo dalle \u201cuscite\u201d del Presidente Trump &#8211; Exaudi<\/title>\n<meta name=\"robots\" content=\"index, follow, max-snippet:-1, max-image-preview:large, max-video-preview:-1\" \/>\n<link rel=\"canonical\" href=\"https:\/\/exaudi.org\/it\/salvare-il-conservatorismo-dalle-uscite-del-presidente-trump\/\" \/>\n<meta property=\"og:locale\" content=\"it_IT\" \/>\n<meta property=\"og:type\" content=\"article\" \/>\n<meta property=\"og:title\" content=\"Salvare il conservatorismo dalle \u201cuscite\u201d del Presidente Trump &#8211; Exaudi\" \/>\n<meta property=\"og:description\" content=\"Parla Marco Invernizzi, reggente di Alleanza Cattolica\" \/>\n<meta property=\"og:url\" content=\"https:\/\/exaudi.org\/it\/salvare-il-conservatorismo-dalle-uscite-del-presidente-trump\/\" \/>\n<meta property=\"og:site_name\" content=\"Exaudi\" \/>\n<meta property=\"article:publisher\" content=\"https:\/\/www.facebook.com\/ExaudiNews\" \/>\n<meta property=\"article:published_time\" content=\"2026-04-27T09:28:41+00:00\" \/>\n<meta property=\"og:image\" content=\"https:\/\/exaudi.org\/wp-content\/uploads\/2026\/04\/500a3af0-d5b7-41af-a8fb-65b5cea244f7-1.jpg\" \/>\n\t<meta property=\"og:image:width\" content=\"1920\" \/>\n\t<meta property=\"og:image:height\" content=\"1440\" \/>\n\t<meta property=\"og:image:type\" content=\"image\/jpeg\" \/>\n<meta name=\"author\" content=\"Wlodzimierz Redzioch\" \/>\n<meta name=\"twitter:card\" content=\"summary_large_image\" \/>\n<meta name=\"twitter:creator\" content=\"@Exaudi_News\" \/>\n<meta name=\"twitter:site\" content=\"@Exaudi_News\" \/>\n<meta name=\"twitter:label1\" content=\"Scritto da\" \/>\n\t<meta name=\"twitter:data1\" content=\"Wlodzimierz Redzioch\" \/>\n\t<meta name=\"twitter:label2\" content=\"Tempo di lettura stimato\" \/>\n\t<meta name=\"twitter:data2\" content=\"5 minuti\" \/>\n<script type=\"application\/ld+json\" class=\"yoast-schema-graph\">{\"@context\":\"https:\\\/\\\/schema.org\",\"@graph\":[{\"@type\":\"Article\",\"@id\":\"https:\\\/\\\/exaudi.org\\\/it\\\/salvare-il-conservatorismo-dalle-uscite-del-presidente-trump\\\/#article\",\"isPartOf\":{\"@id\":\"https:\\\/\\\/exaudi.org\\\/it\\\/salvare-il-conservatorismo-dalle-uscite-del-presidente-trump\\\/\"},\"author\":{\"name\":\"Wlodzimierz Redzioch\",\"@id\":\"https:\\\/\\\/exaudi.org\\\/#\\\/schema\\\/person\\\/558b6cc7524c4488c69704f46c2578e0\"},\"headline\":\"Salvare il conservatorismo dalle \u201cuscite\u201d del Presidente Trump\",\"datePublished\":\"2026-04-27T09:28:41+00:00\",\"mainEntityOfPage\":{\"@id\":\"https:\\\/\\\/exaudi.org\\\/it\\\/salvare-il-conservatorismo-dalle-uscite-del-presidente-trump\\\/\"},\"wordCount\":957,\"image\":{\"@id\":\"https:\\\/\\\/exaudi.org\\\/it\\\/salvare-il-conservatorismo-dalle-uscite-del-presidente-trump\\\/#primaryimage\"},\"thumbnailUrl\":\"https:\\\/\\\/exaudi.org\\\/wp-content\\\/uploads\\\/2026\\\/04\\\/500a3af0-d5b7-41af-a8fb-65b5cea244f7-1.jpg\",\"keywords\":[\"Alleanza Cattolica\",\"Cattolicesimo\",\"crisi antropologica\",\"DIRITTO NATURALE\",\"DONALD TRUMP\",\"Ecco le parole chiave SEO per i meta tag\",\"Italia\",\"libert\u00e0 religiosa\",\"MAGA\",\"Marco Invernizzi\",\"Occidente\",\"pace giusta\",\"Papa Leone XIV\",\"Pol\u00edtica\",\"Relazioni diplomatiche\",\"separate da virgole: conservatorismo\"],\"articleSection\":[\"Interviste\"],\"inLanguage\":\"it-IT\"},{\"@type\":\"WebPage\",\"@id\":\"https:\\\/\\\/exaudi.org\\\/it\\\/salvare-il-conservatorismo-dalle-uscite-del-presidente-trump\\\/\",\"url\":\"https:\\\/\\\/exaudi.org\\\/it\\\/salvare-il-conservatorismo-dalle-uscite-del-presidente-trump\\\/\",\"name\":\"Salvare il conservatorismo dalle \u201cuscite\u201d del Presidente Trump &#8211; Exaudi\",\"isPartOf\":{\"@id\":\"https:\\\/\\\/exaudi.org\\\/#website\"},\"primaryImageOfPage\":{\"@id\":\"https:\\\/\\\/exaudi.org\\\/it\\\/salvare-il-conservatorismo-dalle-uscite-del-presidente-trump\\\/#primaryimage\"},\"image\":{\"@id\":\"https:\\\/\\\/exaudi.org\\\/it\\\/salvare-il-conservatorismo-dalle-uscite-del-presidente-trump\\\/#primaryimage\"},\"thumbnailUrl\":\"https:\\\/\\\/exaudi.org\\\/wp-content\\\/uploads\\\/2026\\\/04\\\/500a3af0-d5b7-41af-a8fb-65b5cea244f7-1.jpg\",\"datePublished\":\"2026-04-27T09:28:41+00:00\",\"author\":{\"@id\":\"https:\\\/\\\/exaudi.org\\\/#\\\/schema\\\/person\\\/558b6cc7524c4488c69704f46c2578e0\"},\"breadcrumb\":{\"@id\":\"https:\\\/\\\/exaudi.org\\\/it\\\/salvare-il-conservatorismo-dalle-uscite-del-presidente-trump\\\/#breadcrumb\"},\"inLanguage\":\"it-IT\",\"potentialAction\":[{\"@type\":\"ReadAction\",\"target\":[\"https:\\\/\\\/exaudi.org\\\/it\\\/salvare-il-conservatorismo-dalle-uscite-del-presidente-trump\\\/\"]}]},{\"@type\":\"ImageObject\",\"inLanguage\":\"it-IT\",\"@id\":\"https:\\\/\\\/exaudi.org\\\/it\\\/salvare-il-conservatorismo-dalle-uscite-del-presidente-trump\\\/#primaryimage\",\"url\":\"https:\\\/\\\/exaudi.org\\\/wp-content\\\/uploads\\\/2026\\\/04\\\/500a3af0-d5b7-41af-a8fb-65b5cea244f7-1.jpg\",\"contentUrl\":\"https:\\\/\\\/exaudi.org\\\/wp-content\\\/uploads\\\/2026\\\/04\\\/500a3af0-d5b7-41af-a8fb-65b5cea244f7-1.jpg\",\"width\":1920,\"height\":1440,\"caption\":\"Wlodzimierz Redzioch\"},{\"@type\":\"BreadcrumbList\",\"@id\":\"https:\\\/\\\/exaudi.org\\\/it\\\/salvare-il-conservatorismo-dalle-uscite-del-presidente-trump\\\/#breadcrumb\",\"itemListElement\":[{\"@type\":\"ListItem\",\"position\":1,\"name\":\"Portada\",\"item\":\"https:\\\/\\\/exaudi.org\\\/it\\\/\"},{\"@type\":\"ListItem\",\"position\":2,\"name\":\"Salvare il conservatorismo dalle \u201cuscite\u201d del Presidente Trump\"}]},{\"@type\":\"WebSite\",\"@id\":\"https:\\\/\\\/exaudi.org\\\/#website\",\"url\":\"https:\\\/\\\/exaudi.org\\\/\",\"name\":\"Exaudi\",\"description\":\"News\",\"potentialAction\":[{\"@type\":\"SearchAction\",\"target\":{\"@type\":\"EntryPoint\",\"urlTemplate\":\"https:\\\/\\\/exaudi.org\\\/?s={search_term_string}\"},\"query-input\":{\"@type\":\"PropertyValueSpecification\",\"valueRequired\":true,\"valueName\":\"search_term_string\"}}],\"inLanguage\":\"it-IT\"},{\"@type\":\"Person\",\"@id\":\"https:\\\/\\\/exaudi.org\\\/#\\\/schema\\\/person\\\/558b6cc7524c4488c69704f46c2578e0\",\"name\":\"Wlodzimierz Redzioch\",\"image\":{\"@type\":\"ImageObject\",\"inLanguage\":\"it-IT\",\"@id\":\"https:\\\/\\\/secure.gravatar.com\\\/avatar\\\/6d24a03e044ad402c01b933d454ac413e287e5a6d92238dd5d98c5c6073d9b49?s=96&d=mm&r=g\",\"url\":\"https:\\\/\\\/secure.gravatar.com\\\/avatar\\\/6d24a03e044ad402c01b933d454ac413e287e5a6d92238dd5d98c5c6073d9b49?s=96&d=mm&r=g\",\"contentUrl\":\"https:\\\/\\\/secure.gravatar.com\\\/avatar\\\/6d24a03e044ad402c01b933d454ac413e287e5a6d92238dd5d98c5c6073d9b49?s=96&d=mm&r=g\",\"caption\":\"Wlodzimierz Redzioch\"},\"description\":\"Wlodzimierz Redzioch \u00e8 nato a Czestochowa (Polonia), si \u00e8 laureato in Ingegneria nel Politecnico. Dopo aver continuato gli studi nell\u2019Universit\u00e0 di Varsavia, presso l\u2019Istituto degli Studi africani, nel 1980 ha lavorato presso il Centro per i pellegrini polacchi a Roma. Dal 1981 al 2012 ha lavorato presso L\u2019Osservatore romano. Dal 1995 collabora con il settimanale cattolico polacco Niedziela come corrispondente dal Vaticano e dall\u2019Italia. Per la sua attivit\u00e0 di vaticanista il 23 settembre 2000 ha ricevuto in Polonia il premio cattolico per il giornalismo \u00abMater Verbi\u00bb; mentre il 14 luglio 2006 Sua Santit\u00e0 Benedetto XVI gli ha conferito il titolo di commendatore dell\u2019Ordine di San Silvestro papa. Autore prolifico, ha scritto diversi volumi sul Vaticano e guide ai due principali santuari mariani: Lourdes e Fatima. Promotore in Polonia del pellegrinaggio a Santiago de Compostela. In occasione della canonizzazione di Giovanni Paolo II ha pubblicato il libro \u201cAccanto a Giovanni Paolo II. Gli amici e i collaboratori raccontano\u201d (Edizioni Ares, Milano 2014), con 22 interviste, compresa la testimonianza d\u2019eccezione di Papa emerito Benedetto XVI. Nel 2024, per commemorare il 40mo anniversario dell\u2019assassinio di don Jerzy Popie\u0142uszko, ha pubblicato la sua biografia \u201cJerzy Popie\u0142uszko. Martire del comunismo\u201d (Edizioni Ares Milano 2024).\",\"url\":\"https:\\\/\\\/exaudi.org\\\/it\\\/author\\\/wlodzimierzredzioc\\\/\"}]}<\/script>\n<!-- \/ Yoast SEO plugin. -->","yoast_head_json":{"title":"Salvare il conservatorismo dalle \u201cuscite\u201d del Presidente Trump &#8211; Exaudi","robots":{"index":"index","follow":"follow","max-snippet":"max-snippet:-1","max-image-preview":"max-image-preview:large","max-video-preview":"max-video-preview:-1"},"canonical":"https:\/\/exaudi.org\/it\/salvare-il-conservatorismo-dalle-uscite-del-presidente-trump\/","og_locale":"it_IT","og_type":"article","og_title":"Salvare il conservatorismo dalle \u201cuscite\u201d del Presidente Trump &#8211; Exaudi","og_description":"Parla Marco Invernizzi, reggente di Alleanza Cattolica","og_url":"https:\/\/exaudi.org\/it\/salvare-il-conservatorismo-dalle-uscite-del-presidente-trump\/","og_site_name":"Exaudi","article_publisher":"https:\/\/www.facebook.com\/ExaudiNews","article_published_time":"2026-04-27T09:28:41+00:00","og_image":[{"width":1920,"height":1440,"url":"https:\/\/exaudi.org\/wp-content\/uploads\/2026\/04\/500a3af0-d5b7-41af-a8fb-65b5cea244f7-1.jpg","type":"image\/jpeg"}],"author":"Wlodzimierz Redzioch","twitter_card":"summary_large_image","twitter_creator":"@Exaudi_News","twitter_site":"@Exaudi_News","twitter_misc":{"Scritto da":"Wlodzimierz Redzioch","Tempo di lettura stimato":"5 minuti"},"schema":{"@context":"https:\/\/schema.org","@graph":[{"@type":"Article","@id":"https:\/\/exaudi.org\/it\/salvare-il-conservatorismo-dalle-uscite-del-presidente-trump\/#article","isPartOf":{"@id":"https:\/\/exaudi.org\/it\/salvare-il-conservatorismo-dalle-uscite-del-presidente-trump\/"},"author":{"name":"Wlodzimierz Redzioch","@id":"https:\/\/exaudi.org\/#\/schema\/person\/558b6cc7524c4488c69704f46c2578e0"},"headline":"Salvare il conservatorismo dalle \u201cuscite\u201d del Presidente Trump","datePublished":"2026-04-27T09:28:41+00:00","mainEntityOfPage":{"@id":"https:\/\/exaudi.org\/it\/salvare-il-conservatorismo-dalle-uscite-del-presidente-trump\/"},"wordCount":957,"image":{"@id":"https:\/\/exaudi.org\/it\/salvare-il-conservatorismo-dalle-uscite-del-presidente-trump\/#primaryimage"},"thumbnailUrl":"https:\/\/exaudi.org\/wp-content\/uploads\/2026\/04\/500a3af0-d5b7-41af-a8fb-65b5cea244f7-1.jpg","keywords":["Alleanza Cattolica","Cattolicesimo","crisi antropologica","DIRITTO NATURALE","DONALD TRUMP","Ecco le parole chiave SEO per i meta tag","Italia","libert\u00e0 religiosa","MAGA","Marco Invernizzi","Occidente","pace giusta","Papa Leone XIV","Pol\u00edtica","Relazioni diplomatiche","separate da virgole: conservatorismo"],"articleSection":["Interviste"],"inLanguage":"it-IT"},{"@type":"WebPage","@id":"https:\/\/exaudi.org\/it\/salvare-il-conservatorismo-dalle-uscite-del-presidente-trump\/","url":"https:\/\/exaudi.org\/it\/salvare-il-conservatorismo-dalle-uscite-del-presidente-trump\/","name":"Salvare il conservatorismo dalle \u201cuscite\u201d del Presidente Trump &#8211; Exaudi","isPartOf":{"@id":"https:\/\/exaudi.org\/#website"},"primaryImageOfPage":{"@id":"https:\/\/exaudi.org\/it\/salvare-il-conservatorismo-dalle-uscite-del-presidente-trump\/#primaryimage"},"image":{"@id":"https:\/\/exaudi.org\/it\/salvare-il-conservatorismo-dalle-uscite-del-presidente-trump\/#primaryimage"},"thumbnailUrl":"https:\/\/exaudi.org\/wp-content\/uploads\/2026\/04\/500a3af0-d5b7-41af-a8fb-65b5cea244f7-1.jpg","datePublished":"2026-04-27T09:28:41+00:00","author":{"@id":"https:\/\/exaudi.org\/#\/schema\/person\/558b6cc7524c4488c69704f46c2578e0"},"breadcrumb":{"@id":"https:\/\/exaudi.org\/it\/salvare-il-conservatorismo-dalle-uscite-del-presidente-trump\/#breadcrumb"},"inLanguage":"it-IT","potentialAction":[{"@type":"ReadAction","target":["https:\/\/exaudi.org\/it\/salvare-il-conservatorismo-dalle-uscite-del-presidente-trump\/"]}]},{"@type":"ImageObject","inLanguage":"it-IT","@id":"https:\/\/exaudi.org\/it\/salvare-il-conservatorismo-dalle-uscite-del-presidente-trump\/#primaryimage","url":"https:\/\/exaudi.org\/wp-content\/uploads\/2026\/04\/500a3af0-d5b7-41af-a8fb-65b5cea244f7-1.jpg","contentUrl":"https:\/\/exaudi.org\/wp-content\/uploads\/2026\/04\/500a3af0-d5b7-41af-a8fb-65b5cea244f7-1.jpg","width":1920,"height":1440,"caption":"Wlodzimierz Redzioch"},{"@type":"BreadcrumbList","@id":"https:\/\/exaudi.org\/it\/salvare-il-conservatorismo-dalle-uscite-del-presidente-trump\/#breadcrumb","itemListElement":[{"@type":"ListItem","position":1,"name":"Portada","item":"https:\/\/exaudi.org\/it\/"},{"@type":"ListItem","position":2,"name":"Salvare il conservatorismo dalle \u201cuscite\u201d del Presidente Trump"}]},{"@type":"WebSite","@id":"https:\/\/exaudi.org\/#website","url":"https:\/\/exaudi.org\/","name":"Exaudi","description":"News","potentialAction":[{"@type":"SearchAction","target":{"@type":"EntryPoint","urlTemplate":"https:\/\/exaudi.org\/?s={search_term_string}"},"query-input":{"@type":"PropertyValueSpecification","valueRequired":true,"valueName":"search_term_string"}}],"inLanguage":"it-IT"},{"@type":"Person","@id":"https:\/\/exaudi.org\/#\/schema\/person\/558b6cc7524c4488c69704f46c2578e0","name":"Wlodzimierz Redzioch","image":{"@type":"ImageObject","inLanguage":"it-IT","@id":"https:\/\/secure.gravatar.com\/avatar\/6d24a03e044ad402c01b933d454ac413e287e5a6d92238dd5d98c5c6073d9b49?s=96&d=mm&r=g","url":"https:\/\/secure.gravatar.com\/avatar\/6d24a03e044ad402c01b933d454ac413e287e5a6d92238dd5d98c5c6073d9b49?s=96&d=mm&r=g","contentUrl":"https:\/\/secure.gravatar.com\/avatar\/6d24a03e044ad402c01b933d454ac413e287e5a6d92238dd5d98c5c6073d9b49?s=96&d=mm&r=g","caption":"Wlodzimierz Redzioch"},"description":"Wlodzimierz Redzioch \u00e8 nato a Czestochowa (Polonia), si \u00e8 laureato in Ingegneria nel Politecnico. Dopo aver continuato gli studi nell\u2019Universit\u00e0 di Varsavia, presso l\u2019Istituto degli Studi africani, nel 1980 ha lavorato presso il Centro per i pellegrini polacchi a Roma. Dal 1981 al 2012 ha lavorato presso L\u2019Osservatore romano. Dal 1995 collabora con il settimanale cattolico polacco Niedziela come corrispondente dal Vaticano e dall\u2019Italia. Per la sua attivit\u00e0 di vaticanista il 23 settembre 2000 ha ricevuto in Polonia il premio cattolico per il giornalismo \u00abMater Verbi\u00bb; mentre il 14 luglio 2006 Sua Santit\u00e0 Benedetto XVI gli ha conferito il titolo di commendatore dell\u2019Ordine di San Silvestro papa. Autore prolifico, ha scritto diversi volumi sul Vaticano e guide ai due principali santuari mariani: Lourdes e Fatima. Promotore in Polonia del pellegrinaggio a Santiago de Compostela. In occasione della canonizzazione di Giovanni Paolo II ha pubblicato il libro \u201cAccanto a Giovanni Paolo II. Gli amici e i collaboratori raccontano\u201d (Edizioni Ares, Milano 2014), con 22 interviste, compresa la testimonianza d\u2019eccezione di Papa emerito Benedetto XVI. Nel 2024, per commemorare il 40mo anniversario dell\u2019assassinio di don Jerzy Popie\u0142uszko, ha pubblicato la sua biografia \u201cJerzy Popie\u0142uszko. Martire del comunismo\u201d (Edizioni Ares Milano 2024).","url":"https:\/\/exaudi.org\/it\/author\/wlodzimierzredzioc\/"}]}},"jetpack_featured_media_url":"https:\/\/exaudi.org\/wp-content\/uploads\/2026\/04\/500a3af0-d5b7-41af-a8fb-65b5cea244f7-1.jpg","jetpack_shortlink":"https:\/\/wp.me\/pgKjF2-HOw","_links":{"self":[{"href":"https:\/\/exaudi.org\/it\/wp-json\/wp\/v2\/posts\/168424","targetHints":{"allow":["GET"]}}],"collection":[{"href":"https:\/\/exaudi.org\/it\/wp-json\/wp\/v2\/posts"}],"about":[{"href":"https:\/\/exaudi.org\/it\/wp-json\/wp\/v2\/types\/post"}],"author":[{"embeddable":true,"href":"https:\/\/exaudi.org\/it\/wp-json\/wp\/v2\/users\/85"}],"replies":[{"embeddable":true,"href":"https:\/\/exaudi.org\/it\/wp-json\/wp\/v2\/comments?post=168424"}],"version-history":[{"count":2,"href":"https:\/\/exaudi.org\/it\/wp-json\/wp\/v2\/posts\/168424\/revisions"}],"predecessor-version":[{"id":168426,"href":"https:\/\/exaudi.org\/it\/wp-json\/wp\/v2\/posts\/168424\/revisions\/168426"}],"wp:featuredmedia":[{"embeddable":true,"href":"https:\/\/exaudi.org\/it\/wp-json\/wp\/v2\/media\/168422"}],"wp:attachment":[{"href":"https:\/\/exaudi.org\/it\/wp-json\/wp\/v2\/media?parent=168424"}],"wp:term":[{"taxonomy":"category","embeddable":true,"href":"https:\/\/exaudi.org\/it\/wp-json\/wp\/v2\/categories?post=168424"},{"taxonomy":"post_tag","embeddable":true,"href":"https:\/\/exaudi.org\/it\/wp-json\/wp\/v2\/tags?post=168424"}],"curies":[{"name":"wp","href":"https:\/\/api.w.org\/{rel}","templated":true}]}}