{"id":168328,"date":"2026-04-26T19:35:22","date_gmt":"2026-04-26T17:35:22","guid":{"rendered":"https:\/\/exaudi.org\/?p=168328"},"modified":"2026-04-26T19:35:22","modified_gmt":"2026-04-26T17:35:22","slug":"il-papa-il-buon-pastore-ci-chiama-per-nome-ci-guida-viene-a-cercarci-quando-siamo-smarriti-e-fascia-le-nostre-ferite","status":"publish","type":"post","link":"https:\/\/exaudi.org\/it\/il-papa-il-buon-pastore-ci-chiama-per-nome-ci-guida-viene-a-cercarci-quando-siamo-smarriti-e-fascia-le-nostre-ferite\/","title":{"rendered":"Il Papa: Il Buon Pastore ci chiama per nome, ci guida, viene a cercarci quando siamo smarriti e fascia le nostre ferite"},"content":{"rendered":"<p><span dir=\"auto\" style=\"vertical-align: inherit\"><span dir=\"auto\" style=\"vertical-align: inherit\">A mezzogiorno di questa Domenica del Buon Pastore, Papa Leone XIV si affacci\u00f2 alla finestra del suo studio nel Palazzo Apostolico Vaticano per recitare il\u00a0 <\/span><\/span><em><span dir=\"auto\" style=\"vertical-align: inherit\"><span dir=\"auto\" style=\"vertical-align: inherit\">Regina Coeli<\/span><\/span><\/em><span dir=\"auto\" style=\"vertical-align: inherit\"><span dir=\"auto\" style=\"vertical-align: inherit\"> \u00a0con i fedeli e\u00a0 <\/span><\/span><em><span dir=\"auto\" style=\"vertical-align: inherit\"><span dir=\"auto\" style=\"vertical-align: inherit\">i pellegrini<\/span><\/span><\/em><span dir=\"auto\" style=\"vertical-align: inherit\"><span dir=\"auto\" style=\"vertical-align: inherit\"> \u00a0riuniti in Piazza San Pietro.<\/span><\/span><\/p>\n<p><span dir=\"auto\" style=\"vertical-align: inherit\"><span dir=\"auto\" style=\"vertical-align: inherit\">Nella sua riflessione prima della preghiera mariana, il Papa ha ricordato che \u00abGes\u00f9, il Buon Pastore, ci conosce, ci chiama per nome, ci guida e, come un pastore con le sue pecore, viene a cercarci quando siamo smarriti e fascia le nostre ferite quando siamo malati\u00bb.<\/span><\/span><\/p>\n<p><span dir=\"auto\" style=\"vertical-align: inherit\"><span dir=\"auto\" style=\"vertical-align: inherit\">Queste sono le parole del Papa che introducono la preghiera mariana:<\/span><\/span><\/p>\n<p><span dir=\"auto\" style=\"vertical-align: inherit\"><span dir=\"auto\" style=\"vertical-align: inherit\">***<\/span><\/span><\/p>\n<h3><strong><span dir=\"auto\" style=\"vertical-align: inherit\"><span dir=\"auto\" style=\"vertical-align: inherit\">Parole del Papa<\/span><\/span><\/strong><\/h3>\n<p><i>Fratelli e sorelle, buongiorno e buona domenica!<\/i><\/p>\n<p>Mentre proseguiamo il nostro cammino nel tempo pasquale, il Vangelo ci riporta oggi le parole di Ges\u00f9 che paragona s\u00e9 stesso a un pastore e poi alla porta dell\u2019ovile (cfr\u00a0<i>Gv<\/i>\u00a010,1-10).<\/p>\n<p>Ges\u00f9 mette in contrapposizione il pastore e il ladro. Infatti, afferma: \u00abChi non entra nel recinto delle pecore dalla porta, ma vi sale da un&#8217;altra parte, \u00e8 un ladro e un brigante\u00bb (v. 1). E pi\u00f9 avanti, in modo ancora pi\u00f9 chiaro: \u00abIl ladro non viene se non per rubare, uccidere e distruggere; io sono venuto perch\u00e9 abbiano la vita e l\u2019abbiano in abbondanza\u00bb (v. 10). La differenza \u00e8 chiara: il pastore ha un legame speciale con le sue pecore e, perci\u00f2, pu\u00f2 entrare dalla porta dell\u2019ovile; se uno invece ha bisogno di scavalcare il recinto, allora \u00e8 certamente un ladro che vuole rubare le pecore.<\/p>\n<p>Ges\u00f9 ci sta dicendo di essere legato a noi da una relazione di amicizia: Egli ci conosce, ci chiama per nome, ci guida e, come fa il pastore con le sue pecore, ci viene a cercare quando ci perdiamo e fascia le nostre ferite quando siamo malati (cfr\u00a0<i>Ez<\/i>\u00a034,16). Ges\u00f9 non viene come un ladro a rubare la nostra vita e la nostra libert\u00e0, ma a condurci nei giusti sentieri. Non viene a sequestrare o ingannare la nostra coscienza, ma a illuminarla con la luce della sua sapienza. Non viene come a inquinare le nostre gioie terrene, ma le apre a una felicit\u00e0 pi\u00f9 piena e duratura. Chi si affida a Lui non ha nulla da temere: Egli non mortifica la nostra vita, ma viene per donarcela in abbondanza (cfr v. 10).<\/p>\n<p>Fratelli e sorelle, siamo invitati a riflettere e soprattutto a vigilare sul recinto del nostro cuore e della nostra vita, perch\u00e9 chi vi entra pu\u00f2 moltiplicare la gioia oppure, come un ladro, pu\u00f2 rubarcela. I \u201cladri\u201d possono assumere tanti volti: sono coloro che, nonostante le apparenze, soffocano la nostra libert\u00e0 o non ci rispettano nella nostra dignit\u00e0; sono convinzioni e pregiudizi che ci impediscono di avere uno sguardo sereno sugli altri e sulla vita; sono idee sbagliate che possono portarci a compiere scelte negative; sono stili di vita superficiali o improntati al consumismo, che ci svuotano interiormente e ci spingono a vivere sempre all\u2019esterno di noi stessi. E non dimentichiamo anche quei \u201cladri\u201d che, saccheggiando le risorse della terra, combattendo guerre sanguinose o alimentando il male in qualsiasi forma, non fanno altro che rubare a tutti noi la possibilit\u00e0 di un futuro di pace e di serenit\u00e0.<\/p>\n<p>Possiamo interrogarci: da chi vogliamo farci guidare nella nostra vita? Quali sono i \u201cladri\u201d che hanno provato a entrare nel nostro recinto? Ci sono riusciti, oppure siamo stati capaci di respingerli?<\/p>\n<p>Oggi il Vangelo ci invita a fidarci del Signore: Lui non viene a rubarci nulla, anzi, \u00e8 il Pastore buono, che moltiplica la vita e ce la offre in abbondanza. La Vergine Maria ci accompagni sempre nel nostro cammino e interceda per noi e per il mondo intero.<\/p>\n<p>_________________<\/p>\n<p><b>Dopo il Regina Caeli<\/b><\/p>\n<p><i>Cari fratelli e sorelle,<\/i><\/p>\n<p>oggi ricorre il 40\u00b0 anniversario del tragico incidente di Chernobyl, che ha segnato la coscienza dell\u2019umanit\u00e0. Esso rimane un monito sui rischi inerenti all\u2019uso di tecnologie sempre pi\u00f9 potenti. Affidiamo alla misericordia di Dio le vittime e quanti ne soffrono ancora le conseguenze. Auspico che, a tutti i livelli decisionali, prevalgano sempre discernimento e responsabilit\u00e0, perch\u00e9 ogni impiego dell\u2019energia atomica sia al servizio della vita e della pace.<\/p>\n<p>Ed ora mi rivolgo a voi, romani e pellegrini di vari Paesi: benvenuti!<\/p>\n<p>Saluto i Cavalieri e le Dame dell\u2019Ordine di San Giorgio, Ordine europeo della Casa Asburgo-Lorena. Saluto i bambini del gruppo di danza \u201cMalva\u201d, di Brovary, in Ucraina; il Coro\u00a0<i>Cantica Sacra<\/i>\u00a0dell\u2019Arcidiocesi di Trnava in Slovacchia; i fedeli di Vienna, di Madrid e delle Isole Canarie; i Dirigenti e i Professori della Scuola \u201cS\u00e3o Tom\u00e1s\u201d di Lisbona.<\/p>\n<p>Saluto il folto gruppo di ragazzi della Val Camonica (Diocesi di Brescia) e i piccoli ministranti di Biadene e Caonada; come pure i fedeli di Treviso, Vicenza, Crotone e Cariati, Oria e Lecce; e i partecipanti al convegno dell\u2019Associazione apostoli della Divina Misericordia.<\/p>\n<p>Un saluto speciale ai familiari e amici dei nuovi presbiteri della Diocesi di Roma,\u00a0<a href=\"https:\/\/www.vatican.va\/content\/leo-xiv\/it\/events\/event.dir.html\/content\/vaticanevents\/it\/2026\/4\/26\/ordinazioni-presbiterali.html\">che ho ordinato questa mattina nella Basilica di San Pietro<\/a>: accompagnate sempre con la preghiera questi giovani ministri del Vangelo.<\/p>\n<p>A tutti auguro una buona domenica.<\/p>\n","protected":false},"excerpt":{"rendered":"<p>Parole del Papa al Regina Coeli<\/p>\n","protected":false},"author":17,"featured_media":168343,"comment_status":"closed","ping_status":"closed","sticky":false,"template":"","format":"standard","meta":{"_acf_changed":false,"_crdt_document":"","inline_featured_image":false,"footnotes":""},"categories":[67,1386],"tags":[110422,7626,64910,1581,64787],"class_list":["post-168328","post","type-post","status-publish","format-standard","has-post-thumbnail","hentry","category-leone-xiv","category-regina-coeli-it","tag-domenica-del-buon-pastore","tag-featured-it","tag-leone-xiv-it","tag-regina-coeli-it","tag-trending-it-236"],"acf":[],"yoast_head":"<!-- This site is optimized with the Yoast SEO plugin v27.4 - https:\/\/yoast.com\/product\/yoast-seo-wordpress\/ -->\n<title>Il Papa: Il Buon Pastore ci chiama per nome, ci guida, viene a cercarci quando siamo smarriti e fascia le nostre ferite &#8211; Exaudi<\/title>\n<meta name=\"robots\" content=\"index, follow, max-snippet:-1, max-image-preview:large, max-video-preview:-1\" \/>\n<link rel=\"canonical\" href=\"https:\/\/exaudi.org\/it\/il-papa-il-buon-pastore-ci-chiama-per-nome-ci-guida-viene-a-cercarci-quando-siamo-smarriti-e-fascia-le-nostre-ferite\/\" \/>\n<meta property=\"og:locale\" content=\"it_IT\" \/>\n<meta property=\"og:type\" content=\"article\" \/>\n<meta property=\"og:title\" content=\"Il Papa: Il Buon Pastore ci chiama per nome, ci guida, viene a cercarci quando siamo smarriti e fascia le nostre ferite &#8211; Exaudi\" \/>\n<meta property=\"og:description\" content=\"Parole del Papa al Regina Coeli\" \/>\n<meta property=\"og:url\" content=\"https:\/\/exaudi.org\/it\/il-papa-il-buon-pastore-ci-chiama-per-nome-ci-guida-viene-a-cercarci-quando-siamo-smarriti-e-fascia-le-nostre-ferite\/\" \/>\n<meta property=\"og:site_name\" content=\"Exaudi\" \/>\n<meta property=\"article:publisher\" content=\"https:\/\/www.facebook.com\/ExaudiNews\" \/>\n<meta property=\"article:author\" content=\"https:\/\/www.facebook.com\/ExaudiNotizie\/\" \/>\n<meta property=\"article:published_time\" content=\"2026-04-26T17:35:22+00:00\" \/>\n<meta property=\"og:image\" content=\"https:\/\/exaudi.org\/wp-content\/uploads\/2026\/04\/Regina-Coeli.jpeg\" \/>\n\t<meta property=\"og:image:width\" content=\"800\" \/>\n\t<meta property=\"og:image:height\" content=\"533\" \/>\n\t<meta property=\"og:image:type\" content=\"image\/jpeg\" \/>\n<meta name=\"author\" content=\"Exaudi Redazione\" \/>\n<meta name=\"twitter:card\" content=\"summary_large_image\" \/>\n<meta name=\"twitter:creator\" content=\"@Exaudi_Notizie\" \/>\n<meta name=\"twitter:site\" content=\"@Exaudi_News\" \/>\n<meta name=\"twitter:label1\" content=\"Scritto da\" \/>\n\t<meta name=\"twitter:data1\" content=\"Exaudi Redazione\" \/>\n\t<meta name=\"twitter:label2\" content=\"Tempo di lettura stimato\" \/>\n\t<meta name=\"twitter:data2\" content=\"4 minuti\" \/>\n<script type=\"application\/ld+json\" class=\"yoast-schema-graph\">{\"@context\":\"https:\\\/\\\/schema.org\",\"@graph\":[{\"@type\":\"Article\",\"@id\":\"https:\\\/\\\/exaudi.org\\\/it\\\/il-papa-il-buon-pastore-ci-chiama-per-nome-ci-guida-viene-a-cercarci-quando-siamo-smarriti-e-fascia-le-nostre-ferite\\\/#article\",\"isPartOf\":{\"@id\":\"https:\\\/\\\/exaudi.org\\\/it\\\/il-papa-il-buon-pastore-ci-chiama-per-nome-ci-guida-viene-a-cercarci-quando-siamo-smarriti-e-fascia-le-nostre-ferite\\\/\"},\"author\":{\"name\":\"Exaudi Redazione\",\"@id\":\"https:\\\/\\\/exaudi.org\\\/#\\\/schema\\\/person\\\/e1ab6ed07c01774724dd96f925f3a5f0\"},\"headline\":\"Il Papa: Il Buon Pastore ci chiama per nome, ci guida, viene a cercarci quando siamo smarriti e fascia le nostre ferite\",\"datePublished\":\"2026-04-26T17:35:22+00:00\",\"mainEntityOfPage\":{\"@id\":\"https:\\\/\\\/exaudi.org\\\/it\\\/il-papa-il-buon-pastore-ci-chiama-per-nome-ci-guida-viene-a-cercarci-quando-siamo-smarriti-e-fascia-le-nostre-ferite\\\/\"},\"wordCount\":857,\"image\":{\"@id\":\"https:\\\/\\\/exaudi.org\\\/it\\\/il-papa-il-buon-pastore-ci-chiama-per-nome-ci-guida-viene-a-cercarci-quando-siamo-smarriti-e-fascia-le-nostre-ferite\\\/#primaryimage\"},\"thumbnailUrl\":\"https:\\\/\\\/exaudi.org\\\/wp-content\\\/uploads\\\/2026\\\/04\\\/FB_IMG_1777228849560.jpg\",\"keywords\":[\"Domenica del Buon Pastore\",\"Featured\",\"Leone XIV\",\"regina coeli\",\"Trending\"],\"articleSection\":[\"Leone XIV\",\"Regina Coeli\"],\"inLanguage\":\"it-IT\"},{\"@type\":\"WebPage\",\"@id\":\"https:\\\/\\\/exaudi.org\\\/it\\\/il-papa-il-buon-pastore-ci-chiama-per-nome-ci-guida-viene-a-cercarci-quando-siamo-smarriti-e-fascia-le-nostre-ferite\\\/\",\"url\":\"https:\\\/\\\/exaudi.org\\\/it\\\/il-papa-il-buon-pastore-ci-chiama-per-nome-ci-guida-viene-a-cercarci-quando-siamo-smarriti-e-fascia-le-nostre-ferite\\\/\",\"name\":\"Il Papa: Il Buon Pastore ci chiama per nome, ci guida, viene a cercarci quando siamo smarriti e fascia le nostre ferite &#8211; Exaudi\",\"isPartOf\":{\"@id\":\"https:\\\/\\\/exaudi.org\\\/#website\"},\"primaryImageOfPage\":{\"@id\":\"https:\\\/\\\/exaudi.org\\\/it\\\/il-papa-il-buon-pastore-ci-chiama-per-nome-ci-guida-viene-a-cercarci-quando-siamo-smarriti-e-fascia-le-nostre-ferite\\\/#primaryimage\"},\"image\":{\"@id\":\"https:\\\/\\\/exaudi.org\\\/it\\\/il-papa-il-buon-pastore-ci-chiama-per-nome-ci-guida-viene-a-cercarci-quando-siamo-smarriti-e-fascia-le-nostre-ferite\\\/#primaryimage\"},\"thumbnailUrl\":\"https:\\\/\\\/exaudi.org\\\/wp-content\\\/uploads\\\/2026\\\/04\\\/FB_IMG_1777228849560.jpg\",\"datePublished\":\"2026-04-26T17:35:22+00:00\",\"author\":{\"@id\":\"https:\\\/\\\/exaudi.org\\\/#\\\/schema\\\/person\\\/e1ab6ed07c01774724dd96f925f3a5f0\"},\"breadcrumb\":{\"@id\":\"https:\\\/\\\/exaudi.org\\\/it\\\/il-papa-il-buon-pastore-ci-chiama-per-nome-ci-guida-viene-a-cercarci-quando-siamo-smarriti-e-fascia-le-nostre-ferite\\\/#breadcrumb\"},\"inLanguage\":\"it-IT\",\"potentialAction\":[{\"@type\":\"ReadAction\",\"target\":[\"https:\\\/\\\/exaudi.org\\\/it\\\/il-papa-il-buon-pastore-ci-chiama-per-nome-ci-guida-viene-a-cercarci-quando-siamo-smarriti-e-fascia-le-nostre-ferite\\\/\"]}]},{\"@type\":\"ImageObject\",\"inLanguage\":\"it-IT\",\"@id\":\"https:\\\/\\\/exaudi.org\\\/it\\\/il-papa-il-buon-pastore-ci-chiama-per-nome-ci-guida-viene-a-cercarci-quando-siamo-smarriti-e-fascia-le-nostre-ferite\\\/#primaryimage\",\"url\":\"https:\\\/\\\/exaudi.org\\\/wp-content\\\/uploads\\\/2026\\\/04\\\/FB_IMG_1777228849560.jpg\",\"contentUrl\":\"https:\\\/\\\/exaudi.org\\\/wp-content\\\/uploads\\\/2026\\\/04\\\/FB_IMG_1777228849560.jpg\",\"width\":1248,\"height\":832},{\"@type\":\"BreadcrumbList\",\"@id\":\"https:\\\/\\\/exaudi.org\\\/it\\\/il-papa-il-buon-pastore-ci-chiama-per-nome-ci-guida-viene-a-cercarci-quando-siamo-smarriti-e-fascia-le-nostre-ferite\\\/#breadcrumb\",\"itemListElement\":[{\"@type\":\"ListItem\",\"position\":1,\"name\":\"Portada\",\"item\":\"https:\\\/\\\/exaudi.org\\\/it\\\/\"},{\"@type\":\"ListItem\",\"position\":2,\"name\":\"Il Papa: Il Buon Pastore ci chiama per nome, ci guida, viene a cercarci quando siamo smarriti e fascia le nostre ferite\"}]},{\"@type\":\"WebSite\",\"@id\":\"https:\\\/\\\/exaudi.org\\\/#website\",\"url\":\"https:\\\/\\\/exaudi.org\\\/\",\"name\":\"Exaudi\",\"description\":\"News\",\"potentialAction\":[{\"@type\":\"SearchAction\",\"target\":{\"@type\":\"EntryPoint\",\"urlTemplate\":\"https:\\\/\\\/exaudi.org\\\/?s={search_term_string}\"},\"query-input\":{\"@type\":\"PropertyValueSpecification\",\"valueRequired\":true,\"valueName\":\"search_term_string\"}}],\"inLanguage\":\"it-IT\"},{\"@type\":\"Person\",\"@id\":\"https:\\\/\\\/exaudi.org\\\/#\\\/schema\\\/person\\\/e1ab6ed07c01774724dd96f925f3a5f0\",\"name\":\"Exaudi Redazione\",\"image\":{\"@type\":\"ImageObject\",\"inLanguage\":\"it-IT\",\"@id\":\"https:\\\/\\\/secure.gravatar.com\\\/avatar\\\/ad6774b3ada023bf5b939d64f45c94b3adf91502dd883507d469b4308a943bb3?s=96&d=mm&r=g\",\"url\":\"https:\\\/\\\/secure.gravatar.com\\\/avatar\\\/ad6774b3ada023bf5b939d64f45c94b3adf91502dd883507d469b4308a943bb3?s=96&d=mm&r=g\",\"contentUrl\":\"https:\\\/\\\/secure.gravatar.com\\\/avatar\\\/ad6774b3ada023bf5b939d64f45c94b3adf91502dd883507d469b4308a943bb3?s=96&d=mm&r=g\",\"caption\":\"Exaudi Redazione\"},\"description\":\"Che cosa \u00e8 Exaudi News? Exaudi News \u00e8 un agenzia cattolica internazionale che informa, istruisce e trasforma quotidianamente in spagnolo, inglese e italiano. Attraverso notizie, articoli di analisi e trasmissioni in diretta degli eventi del Papa, Exaudi cerca di rafforzare l'unit\u00e0 dei cristiani e di contribuire all'evangelizzazione del mondo, sempre guidato dalla dottrina sociale della Chiesa. Lavoriamo per portare la verit\u00e0 e i valori cristiani in ogni angolo del pianeta. Aiutaci a trasformare il mondo con Exaudi! Noi di Exaudi crediamo che l'evangelizzazione e l'informazione di qualit\u00e0 possano cambiare la vita. Per continuare la nostra missione ed espandere la nostra portata, abbiamo bisogno del tuo aiuto. Stiamo anche cercando persone motivate che vogliano unirsi al nostro team. Grazie al vostro sostegno raggiungeremo pi\u00f9 persone, diffonderemo il messaggio di Cristo e rafforzeremo l'unit\u00e0 dei cristiani. Vuoi unirti alla nostra missione? Per maggiori informazioni su come contribuire, visita Exaudi.org\\\/it o contattaci direttamente: info@exaudi.org Exaudi: informa, forma e trasforma.\",\"sameAs\":[\"https:\\\/\\\/www.facebook.com\\\/ExaudiNotizie\\\/\",\"https:\\\/\\\/www.instagram.com\\\/Exaudi_notizie\\\/\",\"https:\\\/\\\/x.com\\\/Exaudi_Notizie\",\"https:\\\/\\\/www.youtube.com\\\/@exaudicatholicnews\"],\"url\":\"https:\\\/\\\/exaudi.org\\\/it\\\/author\\\/dlvedi-org\\\/\"}]}<\/script>\n<!-- \/ Yoast SEO plugin. -->","yoast_head_json":{"title":"Il Papa: Il Buon Pastore ci chiama per nome, ci guida, viene a cercarci quando siamo smarriti e fascia le nostre ferite &#8211; Exaudi","robots":{"index":"index","follow":"follow","max-snippet":"max-snippet:-1","max-image-preview":"max-image-preview:large","max-video-preview":"max-video-preview:-1"},"canonical":"https:\/\/exaudi.org\/it\/il-papa-il-buon-pastore-ci-chiama-per-nome-ci-guida-viene-a-cercarci-quando-siamo-smarriti-e-fascia-le-nostre-ferite\/","og_locale":"it_IT","og_type":"article","og_title":"Il Papa: Il Buon Pastore ci chiama per nome, ci guida, viene a cercarci quando siamo smarriti e fascia le nostre ferite &#8211; Exaudi","og_description":"Parole del Papa al Regina Coeli","og_url":"https:\/\/exaudi.org\/it\/il-papa-il-buon-pastore-ci-chiama-per-nome-ci-guida-viene-a-cercarci-quando-siamo-smarriti-e-fascia-le-nostre-ferite\/","og_site_name":"Exaudi","article_publisher":"https:\/\/www.facebook.com\/ExaudiNews","article_author":"https:\/\/www.facebook.com\/ExaudiNotizie\/","article_published_time":"2026-04-26T17:35:22+00:00","og_image":[{"width":800,"height":533,"url":"https:\/\/exaudi.org\/wp-content\/uploads\/2026\/04\/Regina-Coeli.jpeg","type":"image\/jpeg"}],"author":"Exaudi Redazione","twitter_card":"summary_large_image","twitter_creator":"@Exaudi_Notizie","twitter_site":"@Exaudi_News","twitter_misc":{"Scritto da":"Exaudi Redazione","Tempo di lettura stimato":"4 minuti"},"schema":{"@context":"https:\/\/schema.org","@graph":[{"@type":"Article","@id":"https:\/\/exaudi.org\/it\/il-papa-il-buon-pastore-ci-chiama-per-nome-ci-guida-viene-a-cercarci-quando-siamo-smarriti-e-fascia-le-nostre-ferite\/#article","isPartOf":{"@id":"https:\/\/exaudi.org\/it\/il-papa-il-buon-pastore-ci-chiama-per-nome-ci-guida-viene-a-cercarci-quando-siamo-smarriti-e-fascia-le-nostre-ferite\/"},"author":{"name":"Exaudi Redazione","@id":"https:\/\/exaudi.org\/#\/schema\/person\/e1ab6ed07c01774724dd96f925f3a5f0"},"headline":"Il Papa: Il Buon Pastore ci chiama per nome, ci guida, viene a cercarci quando siamo smarriti e fascia le nostre ferite","datePublished":"2026-04-26T17:35:22+00:00","mainEntityOfPage":{"@id":"https:\/\/exaudi.org\/it\/il-papa-il-buon-pastore-ci-chiama-per-nome-ci-guida-viene-a-cercarci-quando-siamo-smarriti-e-fascia-le-nostre-ferite\/"},"wordCount":857,"image":{"@id":"https:\/\/exaudi.org\/it\/il-papa-il-buon-pastore-ci-chiama-per-nome-ci-guida-viene-a-cercarci-quando-siamo-smarriti-e-fascia-le-nostre-ferite\/#primaryimage"},"thumbnailUrl":"https:\/\/exaudi.org\/wp-content\/uploads\/2026\/04\/FB_IMG_1777228849560.jpg","keywords":["Domenica del Buon Pastore","Featured","Leone XIV","regina coeli","Trending"],"articleSection":["Leone XIV","Regina Coeli"],"inLanguage":"it-IT"},{"@type":"WebPage","@id":"https:\/\/exaudi.org\/it\/il-papa-il-buon-pastore-ci-chiama-per-nome-ci-guida-viene-a-cercarci-quando-siamo-smarriti-e-fascia-le-nostre-ferite\/","url":"https:\/\/exaudi.org\/it\/il-papa-il-buon-pastore-ci-chiama-per-nome-ci-guida-viene-a-cercarci-quando-siamo-smarriti-e-fascia-le-nostre-ferite\/","name":"Il Papa: Il Buon Pastore ci chiama per nome, ci guida, viene a cercarci quando siamo smarriti e fascia le nostre ferite &#8211; Exaudi","isPartOf":{"@id":"https:\/\/exaudi.org\/#website"},"primaryImageOfPage":{"@id":"https:\/\/exaudi.org\/it\/il-papa-il-buon-pastore-ci-chiama-per-nome-ci-guida-viene-a-cercarci-quando-siamo-smarriti-e-fascia-le-nostre-ferite\/#primaryimage"},"image":{"@id":"https:\/\/exaudi.org\/it\/il-papa-il-buon-pastore-ci-chiama-per-nome-ci-guida-viene-a-cercarci-quando-siamo-smarriti-e-fascia-le-nostre-ferite\/#primaryimage"},"thumbnailUrl":"https:\/\/exaudi.org\/wp-content\/uploads\/2026\/04\/FB_IMG_1777228849560.jpg","datePublished":"2026-04-26T17:35:22+00:00","author":{"@id":"https:\/\/exaudi.org\/#\/schema\/person\/e1ab6ed07c01774724dd96f925f3a5f0"},"breadcrumb":{"@id":"https:\/\/exaudi.org\/it\/il-papa-il-buon-pastore-ci-chiama-per-nome-ci-guida-viene-a-cercarci-quando-siamo-smarriti-e-fascia-le-nostre-ferite\/#breadcrumb"},"inLanguage":"it-IT","potentialAction":[{"@type":"ReadAction","target":["https:\/\/exaudi.org\/it\/il-papa-il-buon-pastore-ci-chiama-per-nome-ci-guida-viene-a-cercarci-quando-siamo-smarriti-e-fascia-le-nostre-ferite\/"]}]},{"@type":"ImageObject","inLanguage":"it-IT","@id":"https:\/\/exaudi.org\/it\/il-papa-il-buon-pastore-ci-chiama-per-nome-ci-guida-viene-a-cercarci-quando-siamo-smarriti-e-fascia-le-nostre-ferite\/#primaryimage","url":"https:\/\/exaudi.org\/wp-content\/uploads\/2026\/04\/FB_IMG_1777228849560.jpg","contentUrl":"https:\/\/exaudi.org\/wp-content\/uploads\/2026\/04\/FB_IMG_1777228849560.jpg","width":1248,"height":832},{"@type":"BreadcrumbList","@id":"https:\/\/exaudi.org\/it\/il-papa-il-buon-pastore-ci-chiama-per-nome-ci-guida-viene-a-cercarci-quando-siamo-smarriti-e-fascia-le-nostre-ferite\/#breadcrumb","itemListElement":[{"@type":"ListItem","position":1,"name":"Portada","item":"https:\/\/exaudi.org\/it\/"},{"@type":"ListItem","position":2,"name":"Il Papa: Il Buon Pastore ci chiama per nome, ci guida, viene a cercarci quando siamo smarriti e fascia le nostre ferite"}]},{"@type":"WebSite","@id":"https:\/\/exaudi.org\/#website","url":"https:\/\/exaudi.org\/","name":"Exaudi","description":"News","potentialAction":[{"@type":"SearchAction","target":{"@type":"EntryPoint","urlTemplate":"https:\/\/exaudi.org\/?s={search_term_string}"},"query-input":{"@type":"PropertyValueSpecification","valueRequired":true,"valueName":"search_term_string"}}],"inLanguage":"it-IT"},{"@type":"Person","@id":"https:\/\/exaudi.org\/#\/schema\/person\/e1ab6ed07c01774724dd96f925f3a5f0","name":"Exaudi Redazione","image":{"@type":"ImageObject","inLanguage":"it-IT","@id":"https:\/\/secure.gravatar.com\/avatar\/ad6774b3ada023bf5b939d64f45c94b3adf91502dd883507d469b4308a943bb3?s=96&d=mm&r=g","url":"https:\/\/secure.gravatar.com\/avatar\/ad6774b3ada023bf5b939d64f45c94b3adf91502dd883507d469b4308a943bb3?s=96&d=mm&r=g","contentUrl":"https:\/\/secure.gravatar.com\/avatar\/ad6774b3ada023bf5b939d64f45c94b3adf91502dd883507d469b4308a943bb3?s=96&d=mm&r=g","caption":"Exaudi Redazione"},"description":"Che cosa \u00e8 Exaudi News? Exaudi News \u00e8 un agenzia cattolica internazionale che informa, istruisce e trasforma quotidianamente in spagnolo, inglese e italiano. Attraverso notizie, articoli di analisi e trasmissioni in diretta degli eventi del Papa, Exaudi cerca di rafforzare l'unit\u00e0 dei cristiani e di contribuire all'evangelizzazione del mondo, sempre guidato dalla dottrina sociale della Chiesa. Lavoriamo per portare la verit\u00e0 e i valori cristiani in ogni angolo del pianeta. Aiutaci a trasformare il mondo con Exaudi! Noi di Exaudi crediamo che l'evangelizzazione e l'informazione di qualit\u00e0 possano cambiare la vita. Per continuare la nostra missione ed espandere la nostra portata, abbiamo bisogno del tuo aiuto. Stiamo anche cercando persone motivate che vogliano unirsi al nostro team. Grazie al vostro sostegno raggiungeremo pi\u00f9 persone, diffonderemo il messaggio di Cristo e rafforzeremo l'unit\u00e0 dei cristiani. Vuoi unirti alla nostra missione? Per maggiori informazioni su come contribuire, visita Exaudi.org\/it o contattaci direttamente: info@exaudi.org Exaudi: informa, forma e trasforma.","sameAs":["https:\/\/www.facebook.com\/ExaudiNotizie\/","https:\/\/www.instagram.com\/Exaudi_notizie\/","https:\/\/x.com\/Exaudi_Notizie","https:\/\/www.youtube.com\/@exaudicatholicnews"],"url":"https:\/\/exaudi.org\/it\/author\/dlvedi-org\/"}]}},"jetpack_featured_media_url":"https:\/\/exaudi.org\/wp-content\/uploads\/2026\/04\/FB_IMG_1777228849560.jpg","jetpack_shortlink":"https:\/\/wp.me\/pgKjF2-HMY","_links":{"self":[{"href":"https:\/\/exaudi.org\/it\/wp-json\/wp\/v2\/posts\/168328","targetHints":{"allow":["GET"]}}],"collection":[{"href":"https:\/\/exaudi.org\/it\/wp-json\/wp\/v2\/posts"}],"about":[{"href":"https:\/\/exaudi.org\/it\/wp-json\/wp\/v2\/types\/post"}],"author":[{"embeddable":true,"href":"https:\/\/exaudi.org\/it\/wp-json\/wp\/v2\/users\/17"}],"replies":[{"embeddable":true,"href":"https:\/\/exaudi.org\/it\/wp-json\/wp\/v2\/comments?post=168328"}],"version-history":[{"count":3,"href":"https:\/\/exaudi.org\/it\/wp-json\/wp\/v2\/posts\/168328\/revisions"}],"predecessor-version":[{"id":168331,"href":"https:\/\/exaudi.org\/it\/wp-json\/wp\/v2\/posts\/168328\/revisions\/168331"}],"wp:featuredmedia":[{"embeddable":true,"href":"https:\/\/exaudi.org\/it\/wp-json\/wp\/v2\/media\/168343"}],"wp:attachment":[{"href":"https:\/\/exaudi.org\/it\/wp-json\/wp\/v2\/media?parent=168328"}],"wp:term":[{"taxonomy":"category","embeddable":true,"href":"https:\/\/exaudi.org\/it\/wp-json\/wp\/v2\/categories?post=168328"},{"taxonomy":"post_tag","embeddable":true,"href":"https:\/\/exaudi.org\/it\/wp-json\/wp\/v2\/tags?post=168328"}],"curies":[{"name":"wp","href":"https:\/\/api.w.org\/{rel}","templated":true}]}}