{"id":168318,"date":"2026-04-26T19:23:30","date_gmt":"2026-04-26T17:23:30","guid":{"rendered":"https:\/\/exaudi.org\/?p=168318"},"modified":"2026-04-26T19:23:30","modified_gmt":"2026-04-26T17:23:30","slug":"il-papa-essere-cristiani-in-politica-non-significa-professare-apertamente-la-propria-fede-significa-piuttosto-lasciare-che-il-vangelo-guidi-le-decisioni-da-prendere","status":"publish","type":"post","link":"https:\/\/exaudi.org\/it\/il-papa-essere-cristiani-in-politica-non-significa-professare-apertamente-la-propria-fede-significa-piuttosto-lasciare-che-il-vangelo-guidi-le-decisioni-da-prendere\/","title":{"rendered":"Il Papa: Essere cristiani in politica non significa professare apertamente la propria fede; significa piuttosto lasciare che il Vangelo guidi le decisioni da prendere"},"content":{"rendered":"<p><span dir=\"auto\" style=\"vertical-align: inherit\"><span dir=\"auto\" style=\"vertical-align: inherit\">Sabato 25 aprile 2006, nel Palazzo Apostolico in Vaticano, Papa Leone XIV ha ricevuto in udienza i membri del Partito Popolare Europeo al Parlamento Europeo. Il Papa ha esortato a un ritorno allo spirito fondante dell&#8217;Unione Europea, a un rafforzamento delle sue radici umanistiche e cristiane e a un ritorno al centro dell&#8217;azione politica per i cittadini, mettendo in guardia contro i rischi del populismo, dell&#8217;elitarismo e delle ideologie in un contesto di crescente disconnessione tra cittadini e istituzioni.<\/span><\/span><\/p>\n<p><span dir=\"auto\" style=\"vertical-align: inherit\"><span dir=\"auto\" style=\"vertical-align: inherit\">Di seguito pubblichiamo il discorso che il Papa ha rivolto ai presenti durante l&#8217;incontro:<\/span><\/span><\/p>\n<p><span dir=\"auto\" style=\"vertical-align: inherit\"><span dir=\"auto\" style=\"vertical-align: inherit\">***<\/span><\/span><\/p>\n<p><b><span dir=\"auto\" style=\"vertical-align: inherit\"><span dir=\"auto\" style=\"vertical-align: inherit\">Discorso del Santo Padre<\/span><\/span><\/b><\/p>\n<p>Illustri Parlamentari,<br \/>\nSignore e Signori,<\/p>\n<p>a tutti voi rivolgo un caloroso benvenuto a questo incontro salutando, in modo particolare, il vostro Chairman Sig. Manfred Weber e la Sig.ra Mairead McGuinness, Inviato Speciale dell\u2019Unione Europea responsabile per la promozione della libert\u00e0 di religione o fede fuori dall\u2019Unione Europea.<\/p>\n<p>Il nostro incontro si svolge sulla scia di quelli avvenuti con i miei predecessori\u00a0<a href=\"https:\/\/www.vatican.va\/content\/john-paul-ii\/it.html\">San Giovanni Paolo II<\/a>\u00a0e\u00a0<a href=\"https:\/\/www.vatican.va\/content\/benedict-xvi\/it.html\">Papa Benedetto XVI<\/a>, come pure del\u00a0<a href=\"https:\/\/www.vatican.va\/content\/francesco\/it\/messages\/pont-messages\/2023\/documents\/20230609-messaggio-gruppo-ppe.html\">messaggio che Papa Francesco<\/a>\u00a0vi ha inviato nel giugno 2023, non potendovi ricevere personalmente a causa di un ricovero. Sono perci\u00f2 lieto di riprendere il filo di questo dialogo con il Partito Popolare Europeo, il quale trae la propria ispirazione politica da personalit\u00e0 come Adenauer, De Gasperi e Schuman, unanimemente ritenuti i Padri fondatori dell\u2019Europa contemporanea.<\/p>\n<p><a href=\"https:\/\/www.vatican.va\/content\/benedict-xvi\/it\/speeches\/2006\/march\/documents\/hf_ben-xvi_spe_20060330_eu-parliamentarians.html\">Come Benedetto XVI vent\u2019anni fa<\/a>, anch\u2019io \u00abapprezzo il riconoscimento da parte del vostro gruppo dell&#8217;eredit\u00e0 cristiana dell&#8217;Europa\u00bb.\u00a0<a class=\" cleaner\" href=\"https:\/\/www.vatican.va\/content\/leo-xiv\/it\/speeches\/2026\/april\/documents\/20260425-ppe.html#_ftn1\" name=\"_ftnref1\">[1]<\/a>\u00a0Il progetto europeo, sorto dalle ceneri della seconda Guerra mondiale, nasce certamente da una necessit\u00e0 pratica \u2013 evitare che si ripeta un tale conflitto \u2013, ma \u00e8 altrettanto intriso di un orizzonte ideale, ossia della volont\u00e0 di dare vita a una collaborazione che ponesse fine a secoli di divisioni e consentisse ai popoli del continente di riscoprire il patrimonio umano, culturale e religioso che li accomuna. I Padri fondatori erano animati dalla loro fede personale e consideravano i principi cristiani un fattore comune e unificante, che poteva contribuire ad archiviare lo spirito revanscista e conflittuale che aveva portato alla Seconda Guerra Mondiale.<\/p>\n<p><a href=\"https:\/\/www.vatican.va\/content\/francesco\/it.html\">Papa Francesco<\/a>\u00a0ha coniato una bella e semplice espressione che riassume quest\u2019idea: \u00abl\u2019unit\u00e0 \u00e8 superiore al conflitto\u00bb,\u00a0<a class=\" cleaner\" href=\"https:\/\/www.vatican.va\/content\/leo-xiv\/it\/speeches\/2026\/april\/documents\/20260425-ppe.html#_ftn2\" name=\"_ftnref2\">[2]<\/a>\u00a0poich\u00e9 la ricerca dell\u2019unit\u00e0 ha il coraggio di andare oltre la superficie conflittuale e di apprezzare gli altri nella loro dignit\u00e0 pi\u00f9 profonda,\u00a0<a class=\" cleaner\" href=\"https:\/\/www.vatican.va\/content\/leo-xiv\/it\/speeches\/2026\/april\/documents\/20260425-ppe.html#_ftn3\" name=\"_ftnref3\">[3]<\/a>\u00a0consentendo cos\u00ec di dare vita a qualcosa di nuovo e costruttivo, mentre il conflitto esalta le divergenze, la ricerca e l\u2019affermazione del potere e porta alla distruzione.<\/p>\n<p>Il compito precipuo di ogni azione politica \u00e8 quello di offrire un orizzonte ideale, poich\u00e9 la politica richiede di avere uno sguardo ampio sul futuro senza il timore, quando \u00e8 necessario per il bene comune, di compiere scelte difficili e anche impopolari. In questo senso, essa \u00e8 la \u00abforma pi\u00f9 alta di carit\u00e0\u00bb,\u00a0<a class=\" cleaner\" href=\"https:\/\/www.vatican.va\/content\/leo-xiv\/it\/speeches\/2026\/april\/documents\/20260425-ppe.html#_ftn4\" name=\"_ftnref4\">[4]<\/a>\u00a0poich\u00e9 pu\u00f2 essere interamente dedicata all\u2019edificazione del bene comune.<\/p>\n<p>Perseguire un ideale non significa per\u00f2 esaltare un\u2019ideologia. Quest\u2019ultima infatti \u00e8 sempre il frutto di una mistificazione della realt\u00e0 e di una violenza su di essa. Qualunque ideologia distorce le idee e asservisce l\u2019uomo al proprio progetto, mortificandone le vere aspirazioni, il suo ambire alla libert\u00e0, alla felicit\u00e0 e al benessere personale e sociale. L\u2019Europa contemporanea sorge proprio dalla costatazione del fallimento dei progetti ideologici che l\u2019hanno distrutta e divisa.<\/p>\n<p>Perseguire un ideale vuol dire, richiamando De Gasperi, collocare la persona umana al centro \u00abcol suo fermento di fraternit\u00e0 evangelica, col suo culto del diritto ereditato dagli antichi, col suo culto della bellezza affinatosi attraverso i secoli, con la sua volont\u00e0 di verit\u00e0 e di giustizia acuita da un\u2019esperienza millenaria\u00bb.\u00a0<a class=\" cleaner\" href=\"https:\/\/www.vatican.va\/content\/leo-xiv\/it\/speeches\/2026\/april\/documents\/20260425-ppe.html#_ftn5\" name=\"_ftnref5\">[5]<\/a><\/p>\n<p>Questo \u00e8 l\u2019orizzonte entro il quale ancora oggi si pu\u00f2 fare politica ed al quale occorre ricondurre l\u2019attivit\u00e0 politica. Voi vi chiamate Partito Popolare Europeo. Il popolo \u00e8 il centro del vostro impegno e non potete prescindere da esso. Il popolo non \u00e8 soltanto un soggetto passivo, destinatario delle proposte e decisioni politiche. Esso \u00e8 anzitutto chiamato ad essere soggetto attivo, compartecipe di ogni azione politica. La presenza in mezzo alla gente e il suo coinvolgimento nel processo politico \u00e8 il migliore antidoto ai populismi che ricercano solo facile consenso e agli elitismi che tendono ad agire senza consenso: due tendenze diffuse nel panorama politico odierno. Una politica \u201cpopolare\u201d richiede tempo, condivisione di progetti e amore alla verit\u00e0.<\/p>\n<p>Uno dei problemi della politica negli ultimi anni \u00e8 la costante diminuzione di sintonia, collaborazione e coinvolgimento reciproco tra il popolo e i suoi rappresentanti. Occorre ricreare un tessuto di \u201cpopolo\u201d, un contatto personale fra il cittadino e il deputato, per poter rispondere efficacemente alla luce dell\u2019orizzonte ideale ai problemi concreti delle persone. Ricorrendo ad una metafora potremmo dire che nell\u2019era del \u201ctrionfo digitale\u201d, l\u2019azione politica autenticamente orientata al bene comune richiede un ritorno all\u2019\u201canalogico\u201d.<\/p>\n<p>\u00c8 forse questo il vero antidoto a una politica spesso urlata, fatta solo di slogan, incapace di rispondere ai bisogni reali delle persone. Per vincere una certa disaffezione alla politica occorre riconquistare le persone andando ad incontrarle personalmente e ricostruendo una rete di rapporti sul territorio, in modo che tutti si possano sentire parte di una comunit\u00e0 e partecipi del suo destino.<\/p>\n<p>Cosa significa concretamente questo per chi si richiama nella propria azione ai valori cristiano-democratici? Anzitutto riscoprire e fare propria l\u2019eredit\u00e0 cristiana dalla quale provenite, senza tuttavia far venire meno \u00abla necessaria linea di demarcazione fra la testimonianza religiosa di natura profetica \u2013 riservata alla comunit\u00e0 ecclesiale \u2013 e la testimonianza cristiana operante sul piano delle concrete opzioni politiche\u00bb.\u00a0<a class=\" cleaner\" href=\"https:\/\/www.vatican.va\/content\/leo-xiv\/it\/speeches\/2026\/april\/documents\/20260425-ppe.html#_ftn6\" name=\"_ftnref6\">[6]<\/a>\u00a0Essere cristiani in politica non significa essere confessionali, ma lasciare che il Vangelo illumini le decisioni che devono essere prese, anche quelle che non sembrano raccogliere un facile consenso. Significa lavorare perch\u00e9 non venga meno il nesso fra legge naturale e legge positiva, fra radici cristiane e azione politica.<\/p>\n<p>Essere cristiani impegnati in politica richiede di avere uno sguardo realistico, che parta dai problemi concreti delle persone, che anzitutto si preoccupi di favorire condizioni dignitose di lavoro che favorisca l\u2019ingegno e la creativit\u00e0 delle persone di fronte ad un mercato sempre pi\u00f9 spesso disumanizzante e poco appagante; che consenta di vincere la paura, apparentemente molto europea, di costituire una famiglia e di avere figli, di affrontare le cause profonde della migrazione, avendo cura per chi soffre, ma anche tenendo conto delle reali possibilit\u00e0 di accoglienza e integrazione nella societ\u00e0 dei migranti. Parimenti richiede di affrontare in modo non ideologico le altre grandi sfide che si pongono ai nostri giorni come la cura del creato e l\u2019intelligenza artificiale. Quest\u2019ultima offre grandi opportunit\u00e0 ma \u00e8 al contempo irta di pericoli.<\/p>\n<p>Essere cristiani impegnati in politica significa investire nella libert\u00e0, non in una libert\u00e0 banalizzata ridotta a piacere, ma in una libert\u00e0 ancorata nella verit\u00e0, che tuteli la libert\u00e0 religiosa, di pensiero e di coscienza in ogni luogo e condizione umana, evitando di alimentare \u00abun \u201ccorto circuito\u201d dei diritti umani\u00bb,\u00a0<a class=\" cleaner\" href=\"https:\/\/www.vatican.va\/content\/leo-xiv\/it\/speeches\/2026\/april\/documents\/20260425-ppe.html#_ftn7\" name=\"_ftnref7\">[7]<\/a>\u00a0che finisce per lasciare spazio alla forza e alla sopraffazione.<\/p>\n<p>Vi lascio questi brevi spunti, nella speranza che possano costituire una base di riflessione per il vostro impegno e, nel formularvi i migliori auguri per il vostro servizio ai popoli europei, volentieri imparto la Benedizione Apostolica. Grazie!<\/p>\n<p>____________________________<\/p>\n<p><a class=\" cleaner\" href=\"https:\/\/www.vatican.va\/content\/leo-xiv\/it\/speeches\/2026\/april\/documents\/20260425-ppe.html#_ftnref1\" name=\"_ftn1\">[1]<\/a>\u00a0Benedetto XVI,\u00a0<i><a href=\"https:\/\/www.vatican.va\/content\/benedict-xvi\/it\/speeches\/2006\/march\/documents\/hf_ben-xvi_spe_20060330_eu-parliamentarians.html\">Discorso ai partecipanti al Convegno promosso dal Partito Popolare Europeo<\/a><\/i>\u00a0(30 marzo 2006):\u00a0<i>AAS<\/i>\u00a098 (2006), 344.<\/p>\n<p><a class=\" cleaner\" href=\"https:\/\/www.vatican.va\/content\/leo-xiv\/it\/speeches\/2026\/april\/documents\/20260425-ppe.html#_ftnref2\" name=\"_ftn2\">[2]<\/a>\u00a0Francesco, Esort. ap.\u00a0<i><a href=\"https:\/\/www.vatican.va\/content\/francesco\/it\/apost_exhortations\/documents\/papa-francesco_esortazione-ap_20131124_evangelii-gaudium.html#L%E2%80%99unit%C3%A0_prevale_sul_conflitto\">Evangelii gaudium<\/a><\/i>, 228:\u00a0<i>AAS<\/i>\u00a0105 (2013), 1113.<\/p>\n<p><a class=\" cleaner\" href=\"https:\/\/www.vatican.va\/content\/leo-xiv\/it\/speeches\/2026\/april\/documents\/20260425-ppe.html#_ftnref3\" name=\"_ftn3\">[3]<\/a>\u00a0Cfr\u00a0<i><a href=\"https:\/\/www.vatican.va\/content\/francesco\/it\/apost_exhortations\/documents\/papa-francesco_esortazione-ap_20131124_evangelii-gaudium.html#L%E2%80%99unit%C3%A0_prevale_sul_conflitto\">ibid<\/a><\/i>.<\/p>\n<p><a class=\" cleaner\" href=\"https:\/\/www.vatican.va\/content\/leo-xiv\/it\/speeches\/2026\/april\/documents\/20260425-ppe.html#_ftnref4\" name=\"_ftn4\">[4]<\/a>\u00a0Pio XI,\u00a0<i>Udienza ai dirigenti della Federazione Universitaria Cattolica<\/i>\u00a0(18 dicembre 1927).<i><\/i><\/p>\n<p><a class=\" cleaner\" href=\"https:\/\/www.vatican.va\/content\/leo-xiv\/it\/speeches\/2026\/april\/documents\/20260425-ppe.html#_ftnref5\" name=\"_ftn5\">[5]<\/a>\u00a0A. De Gasperi,\u00a0\u00a0<i>La nostra patria Europa. Discorso alla Conferenza Parlamentare Europea<\/i>, 21 aprile 1954, in:\u00a0\u00a0<i>Alcide De Gasperi e la politica internazionale<\/i>, Roma 1990, vol. III, 437-440.<\/p>\n<p><a class=\" cleaner\" href=\"https:\/\/www.vatican.va\/content\/leo-xiv\/it\/speeches\/2026\/april\/documents\/20260425-ppe.html#_ftnref6\" name=\"_ftn6\">[6]<\/a>\u00a0Cfr Marialuisa L. Sergio in: Alcide De Gasperi,\u00a0<i>Diario<\/i>\u00a0<i>1930-1943<\/i>, Bologna 2018, 24.<\/p>\n<p><a class=\" cleaner\" href=\"https:\/\/www.vatican.va\/content\/leo-xiv\/it\/speeches\/2026\/april\/documents\/20260425-ppe.html#_ftnref7\" name=\"_ftn7\">[7]<\/a>\u00a0<i><a href=\"https:\/\/www.vatican.va\/content\/leo-xiv\/it\/speeches\/2026\/january\/documents\/20260109-corpo-diplomatico.html\">Discorso al Corpo Diplomatico accreditato presso la Santa Sede<\/a><\/i>\u00a0(9 gennaio 2026).<\/p>\n","protected":false},"excerpt":{"rendered":"<p>Udienza con i membri del Partito Popolare Europeo<\/p>\n","protected":false},"author":17,"featured_media":168287,"comment_status":"closed","ping_status":"closed","sticky":false,"template":"","format":"standard","meta":{"_acf_changed":false,"_crdt_document":"","inline_featured_image":false,"footnotes":""},"categories":[123,67],"tags":[42461,3255,9407,64787],"class_list":["post-168318","post","type-post","status-publish","format-standard","has-post-thumbnail","hentry","category-discorsi","category-leone-xiv","tag-discorso-del-papa","tag-parlamento-europeo-it","tag-partito-popolare-europeo","tag-trending-it-236"],"acf":[],"yoast_head":"<!-- This site is optimized with the Yoast SEO plugin v27.5 - https:\/\/yoast.com\/product\/yoast-seo-wordpress\/ -->\n<title>Il Papa: Essere cristiani in politica non significa professare apertamente la propria fede; significa piuttosto lasciare che il Vangelo guidi le decisioni da prendere &#8211; Exaudi<\/title>\n<meta name=\"robots\" content=\"index, follow, max-snippet:-1, max-image-preview:large, max-video-preview:-1\" \/>\n<link rel=\"canonical\" href=\"https:\/\/exaudi.org\/it\/il-papa-essere-cristiani-in-politica-non-significa-professare-apertamente-la-propria-fede-significa-piuttosto-lasciare-che-il-vangelo-guidi-le-decisioni-da-prendere\/\" \/>\n<meta property=\"og:locale\" content=\"it_IT\" \/>\n<meta property=\"og:type\" content=\"article\" \/>\n<meta property=\"og:title\" content=\"Il Papa: Essere cristiani in politica non significa professare apertamente la propria fede; significa piuttosto lasciare che il Vangelo guidi le decisioni da prendere &#8211; Exaudi\" \/>\n<meta property=\"og:description\" content=\"Udienza con i membri del Partito Popolare Europeo\" \/>\n<meta property=\"og:url\" content=\"https:\/\/exaudi.org\/it\/il-papa-essere-cristiani-in-politica-non-significa-professare-apertamente-la-propria-fede-significa-piuttosto-lasciare-che-il-vangelo-guidi-le-decisioni-da-prendere\/\" \/>\n<meta property=\"og:site_name\" content=\"Exaudi\" \/>\n<meta property=\"article:publisher\" content=\"https:\/\/www.facebook.com\/ExaudiNews\" \/>\n<meta property=\"article:author\" content=\"https:\/\/www.facebook.com\/ExaudiNotizie\/\" \/>\n<meta property=\"article:published_time\" content=\"2026-04-26T17:23:30+00:00\" \/>\n<meta property=\"og:image\" content=\"https:\/\/exaudi.org\/wp-content\/uploads\/2026\/04\/cq5dam.web_.800.800-15.jpeg\" \/>\n\t<meta property=\"og:image:width\" content=\"800\" \/>\n\t<meta property=\"og:image:height\" content=\"533\" \/>\n\t<meta property=\"og:image:type\" content=\"image\/jpeg\" \/>\n<meta name=\"author\" content=\"Exaudi Redazione\" \/>\n<meta name=\"twitter:card\" content=\"summary_large_image\" \/>\n<meta name=\"twitter:creator\" content=\"@Exaudi_Notizie\" \/>\n<meta name=\"twitter:site\" content=\"@Exaudi_News\" \/>\n<meta name=\"twitter:label1\" content=\"Scritto da\" \/>\n\t<meta name=\"twitter:data1\" content=\"Exaudi Redazione\" \/>\n\t<meta name=\"twitter:label2\" content=\"Tempo di lettura stimato\" \/>\n\t<meta name=\"twitter:data2\" content=\"6 minuti\" \/>\n<script type=\"application\/ld+json\" class=\"yoast-schema-graph\">{\"@context\":\"https:\\\/\\\/schema.org\",\"@graph\":[{\"@type\":\"Article\",\"@id\":\"https:\\\/\\\/exaudi.org\\\/it\\\/il-papa-essere-cristiani-in-politica-non-significa-professare-apertamente-la-propria-fede-significa-piuttosto-lasciare-che-il-vangelo-guidi-le-decisioni-da-prendere\\\/#article\",\"isPartOf\":{\"@id\":\"https:\\\/\\\/exaudi.org\\\/it\\\/il-papa-essere-cristiani-in-politica-non-significa-professare-apertamente-la-propria-fede-significa-piuttosto-lasciare-che-il-vangelo-guidi-le-decisioni-da-prendere\\\/\"},\"author\":{\"name\":\"Exaudi Redazione\",\"@id\":\"https:\\\/\\\/exaudi.org\\\/#\\\/schema\\\/person\\\/e1ab6ed07c01774724dd96f925f3a5f0\"},\"headline\":\"Il Papa: Essere cristiani in politica non significa professare apertamente la propria fede; significa piuttosto lasciare che il Vangelo guidi le decisioni da prendere\",\"datePublished\":\"2026-04-26T17:23:30+00:00\",\"mainEntityOfPage\":{\"@id\":\"https:\\\/\\\/exaudi.org\\\/it\\\/il-papa-essere-cristiani-in-politica-non-significa-professare-apertamente-la-propria-fede-significa-piuttosto-lasciare-che-il-vangelo-guidi-le-decisioni-da-prendere\\\/\"},\"wordCount\":1294,\"image\":{\"@id\":\"https:\\\/\\\/exaudi.org\\\/it\\\/il-papa-essere-cristiani-in-politica-non-significa-professare-apertamente-la-propria-fede-significa-piuttosto-lasciare-che-il-vangelo-guidi-le-decisioni-da-prendere\\\/#primaryimage\"},\"thumbnailUrl\":\"https:\\\/\\\/exaudi.org\\\/wp-content\\\/uploads\\\/2026\\\/04\\\/cq5dam.web_.800.800-15.jpeg\",\"keywords\":[\"Discorso del Papa\",\"Parlamento Europeo\",\"Partito Popolare Europeo\",\"Trending\"],\"articleSection\":[\"Discorsi\",\"Leone XIV\"],\"inLanguage\":\"it-IT\"},{\"@type\":\"WebPage\",\"@id\":\"https:\\\/\\\/exaudi.org\\\/it\\\/il-papa-essere-cristiani-in-politica-non-significa-professare-apertamente-la-propria-fede-significa-piuttosto-lasciare-che-il-vangelo-guidi-le-decisioni-da-prendere\\\/\",\"url\":\"https:\\\/\\\/exaudi.org\\\/it\\\/il-papa-essere-cristiani-in-politica-non-significa-professare-apertamente-la-propria-fede-significa-piuttosto-lasciare-che-il-vangelo-guidi-le-decisioni-da-prendere\\\/\",\"name\":\"Il Papa: Essere cristiani in politica non significa professare apertamente la propria fede; significa piuttosto lasciare che il Vangelo guidi le decisioni da prendere &#8211; Exaudi\",\"isPartOf\":{\"@id\":\"https:\\\/\\\/exaudi.org\\\/#website\"},\"primaryImageOfPage\":{\"@id\":\"https:\\\/\\\/exaudi.org\\\/it\\\/il-papa-essere-cristiani-in-politica-non-significa-professare-apertamente-la-propria-fede-significa-piuttosto-lasciare-che-il-vangelo-guidi-le-decisioni-da-prendere\\\/#primaryimage\"},\"image\":{\"@id\":\"https:\\\/\\\/exaudi.org\\\/it\\\/il-papa-essere-cristiani-in-politica-non-significa-professare-apertamente-la-propria-fede-significa-piuttosto-lasciare-che-il-vangelo-guidi-le-decisioni-da-prendere\\\/#primaryimage\"},\"thumbnailUrl\":\"https:\\\/\\\/exaudi.org\\\/wp-content\\\/uploads\\\/2026\\\/04\\\/cq5dam.web_.800.800-15.jpeg\",\"datePublished\":\"2026-04-26T17:23:30+00:00\",\"author\":{\"@id\":\"https:\\\/\\\/exaudi.org\\\/#\\\/schema\\\/person\\\/e1ab6ed07c01774724dd96f925f3a5f0\"},\"breadcrumb\":{\"@id\":\"https:\\\/\\\/exaudi.org\\\/it\\\/il-papa-essere-cristiani-in-politica-non-significa-professare-apertamente-la-propria-fede-significa-piuttosto-lasciare-che-il-vangelo-guidi-le-decisioni-da-prendere\\\/#breadcrumb\"},\"inLanguage\":\"it-IT\",\"potentialAction\":[{\"@type\":\"ReadAction\",\"target\":[\"https:\\\/\\\/exaudi.org\\\/it\\\/il-papa-essere-cristiani-in-politica-non-significa-professare-apertamente-la-propria-fede-significa-piuttosto-lasciare-che-il-vangelo-guidi-le-decisioni-da-prendere\\\/\"]}]},{\"@type\":\"ImageObject\",\"inLanguage\":\"it-IT\",\"@id\":\"https:\\\/\\\/exaudi.org\\\/it\\\/il-papa-essere-cristiani-in-politica-non-significa-professare-apertamente-la-propria-fede-significa-piuttosto-lasciare-che-il-vangelo-guidi-le-decisioni-da-prendere\\\/#primaryimage\",\"url\":\"https:\\\/\\\/exaudi.org\\\/wp-content\\\/uploads\\\/2026\\\/04\\\/cq5dam.web_.800.800-15.jpeg\",\"contentUrl\":\"https:\\\/\\\/exaudi.org\\\/wp-content\\\/uploads\\\/2026\\\/04\\\/cq5dam.web_.800.800-15.jpeg\",\"width\":800,\"height\":533},{\"@type\":\"BreadcrumbList\",\"@id\":\"https:\\\/\\\/exaudi.org\\\/it\\\/il-papa-essere-cristiani-in-politica-non-significa-professare-apertamente-la-propria-fede-significa-piuttosto-lasciare-che-il-vangelo-guidi-le-decisioni-da-prendere\\\/#breadcrumb\",\"itemListElement\":[{\"@type\":\"ListItem\",\"position\":1,\"name\":\"Portada\",\"item\":\"https:\\\/\\\/exaudi.org\\\/it\\\/\"},{\"@type\":\"ListItem\",\"position\":2,\"name\":\"Il Papa: Essere cristiani in politica non significa professare apertamente la propria fede; significa piuttosto lasciare che il Vangelo guidi le decisioni da prendere\"}]},{\"@type\":\"WebSite\",\"@id\":\"https:\\\/\\\/exaudi.org\\\/#website\",\"url\":\"https:\\\/\\\/exaudi.org\\\/\",\"name\":\"Exaudi\",\"description\":\"News\",\"potentialAction\":[{\"@type\":\"SearchAction\",\"target\":{\"@type\":\"EntryPoint\",\"urlTemplate\":\"https:\\\/\\\/exaudi.org\\\/?s={search_term_string}\"},\"query-input\":{\"@type\":\"PropertyValueSpecification\",\"valueRequired\":true,\"valueName\":\"search_term_string\"}}],\"inLanguage\":\"it-IT\"},{\"@type\":\"Person\",\"@id\":\"https:\\\/\\\/exaudi.org\\\/#\\\/schema\\\/person\\\/e1ab6ed07c01774724dd96f925f3a5f0\",\"name\":\"Exaudi Redazione\",\"image\":{\"@type\":\"ImageObject\",\"inLanguage\":\"it-IT\",\"@id\":\"https:\\\/\\\/secure.gravatar.com\\\/avatar\\\/ad6774b3ada023bf5b939d64f45c94b3adf91502dd883507d469b4308a943bb3?s=96&d=mm&r=g\",\"url\":\"https:\\\/\\\/secure.gravatar.com\\\/avatar\\\/ad6774b3ada023bf5b939d64f45c94b3adf91502dd883507d469b4308a943bb3?s=96&d=mm&r=g\",\"contentUrl\":\"https:\\\/\\\/secure.gravatar.com\\\/avatar\\\/ad6774b3ada023bf5b939d64f45c94b3adf91502dd883507d469b4308a943bb3?s=96&d=mm&r=g\",\"caption\":\"Exaudi Redazione\"},\"description\":\"Che cosa \u00e8 Exaudi News? Exaudi News \u00e8 un agenzia cattolica internazionale che informa, istruisce e trasforma quotidianamente in spagnolo, inglese e italiano. Attraverso notizie, articoli di analisi e trasmissioni in diretta degli eventi del Papa, Exaudi cerca di rafforzare l'unit\u00e0 dei cristiani e di contribuire all'evangelizzazione del mondo, sempre guidato dalla dottrina sociale della Chiesa. Lavoriamo per portare la verit\u00e0 e i valori cristiani in ogni angolo del pianeta. Aiutaci a trasformare il mondo con Exaudi! Noi di Exaudi crediamo che l'evangelizzazione e l'informazione di qualit\u00e0 possano cambiare la vita. Per continuare la nostra missione ed espandere la nostra portata, abbiamo bisogno del tuo aiuto. Stiamo anche cercando persone motivate che vogliano unirsi al nostro team. Grazie al vostro sostegno raggiungeremo pi\u00f9 persone, diffonderemo il messaggio di Cristo e rafforzeremo l'unit\u00e0 dei cristiani. Vuoi unirti alla nostra missione? Per maggiori informazioni su come contribuire, visita Exaudi.org\\\/it o contattaci direttamente: info@exaudi.org Exaudi: informa, forma e trasforma.\",\"sameAs\":[\"https:\\\/\\\/www.facebook.com\\\/ExaudiNotizie\\\/\",\"https:\\\/\\\/www.instagram.com\\\/Exaudi_notizie\\\/\",\"https:\\\/\\\/x.com\\\/Exaudi_Notizie\",\"https:\\\/\\\/www.youtube.com\\\/@exaudicatholicnews\"],\"url\":\"https:\\\/\\\/exaudi.org\\\/it\\\/author\\\/dlvedi-org\\\/\"}]}<\/script>\n<!-- \/ Yoast SEO plugin. -->","yoast_head_json":{"title":"Il Papa: Essere cristiani in politica non significa professare apertamente la propria fede; significa piuttosto lasciare che il Vangelo guidi le decisioni da prendere &#8211; Exaudi","robots":{"index":"index","follow":"follow","max-snippet":"max-snippet:-1","max-image-preview":"max-image-preview:large","max-video-preview":"max-video-preview:-1"},"canonical":"https:\/\/exaudi.org\/it\/il-papa-essere-cristiani-in-politica-non-significa-professare-apertamente-la-propria-fede-significa-piuttosto-lasciare-che-il-vangelo-guidi-le-decisioni-da-prendere\/","og_locale":"it_IT","og_type":"article","og_title":"Il Papa: Essere cristiani in politica non significa professare apertamente la propria fede; significa piuttosto lasciare che il Vangelo guidi le decisioni da prendere &#8211; Exaudi","og_description":"Udienza con i membri del Partito Popolare Europeo","og_url":"https:\/\/exaudi.org\/it\/il-papa-essere-cristiani-in-politica-non-significa-professare-apertamente-la-propria-fede-significa-piuttosto-lasciare-che-il-vangelo-guidi-le-decisioni-da-prendere\/","og_site_name":"Exaudi","article_publisher":"https:\/\/www.facebook.com\/ExaudiNews","article_author":"https:\/\/www.facebook.com\/ExaudiNotizie\/","article_published_time":"2026-04-26T17:23:30+00:00","og_image":[{"width":800,"height":533,"url":"https:\/\/exaudi.org\/wp-content\/uploads\/2026\/04\/cq5dam.web_.800.800-15.jpeg","type":"image\/jpeg"}],"author":"Exaudi Redazione","twitter_card":"summary_large_image","twitter_creator":"@Exaudi_Notizie","twitter_site":"@Exaudi_News","twitter_misc":{"Scritto da":"Exaudi Redazione","Tempo di lettura stimato":"6 minuti"},"schema":{"@context":"https:\/\/schema.org","@graph":[{"@type":"Article","@id":"https:\/\/exaudi.org\/it\/il-papa-essere-cristiani-in-politica-non-significa-professare-apertamente-la-propria-fede-significa-piuttosto-lasciare-che-il-vangelo-guidi-le-decisioni-da-prendere\/#article","isPartOf":{"@id":"https:\/\/exaudi.org\/it\/il-papa-essere-cristiani-in-politica-non-significa-professare-apertamente-la-propria-fede-significa-piuttosto-lasciare-che-il-vangelo-guidi-le-decisioni-da-prendere\/"},"author":{"name":"Exaudi Redazione","@id":"https:\/\/exaudi.org\/#\/schema\/person\/e1ab6ed07c01774724dd96f925f3a5f0"},"headline":"Il Papa: Essere cristiani in politica non significa professare apertamente la propria fede; significa piuttosto lasciare che il Vangelo guidi le decisioni da prendere","datePublished":"2026-04-26T17:23:30+00:00","mainEntityOfPage":{"@id":"https:\/\/exaudi.org\/it\/il-papa-essere-cristiani-in-politica-non-significa-professare-apertamente-la-propria-fede-significa-piuttosto-lasciare-che-il-vangelo-guidi-le-decisioni-da-prendere\/"},"wordCount":1294,"image":{"@id":"https:\/\/exaudi.org\/it\/il-papa-essere-cristiani-in-politica-non-significa-professare-apertamente-la-propria-fede-significa-piuttosto-lasciare-che-il-vangelo-guidi-le-decisioni-da-prendere\/#primaryimage"},"thumbnailUrl":"https:\/\/exaudi.org\/wp-content\/uploads\/2026\/04\/cq5dam.web_.800.800-15.jpeg","keywords":["Discorso del Papa","Parlamento Europeo","Partito Popolare Europeo","Trending"],"articleSection":["Discorsi","Leone XIV"],"inLanguage":"it-IT"},{"@type":"WebPage","@id":"https:\/\/exaudi.org\/it\/il-papa-essere-cristiani-in-politica-non-significa-professare-apertamente-la-propria-fede-significa-piuttosto-lasciare-che-il-vangelo-guidi-le-decisioni-da-prendere\/","url":"https:\/\/exaudi.org\/it\/il-papa-essere-cristiani-in-politica-non-significa-professare-apertamente-la-propria-fede-significa-piuttosto-lasciare-che-il-vangelo-guidi-le-decisioni-da-prendere\/","name":"Il Papa: Essere cristiani in politica non significa professare apertamente la propria fede; significa piuttosto lasciare che il Vangelo guidi le decisioni da prendere &#8211; Exaudi","isPartOf":{"@id":"https:\/\/exaudi.org\/#website"},"primaryImageOfPage":{"@id":"https:\/\/exaudi.org\/it\/il-papa-essere-cristiani-in-politica-non-significa-professare-apertamente-la-propria-fede-significa-piuttosto-lasciare-che-il-vangelo-guidi-le-decisioni-da-prendere\/#primaryimage"},"image":{"@id":"https:\/\/exaudi.org\/it\/il-papa-essere-cristiani-in-politica-non-significa-professare-apertamente-la-propria-fede-significa-piuttosto-lasciare-che-il-vangelo-guidi-le-decisioni-da-prendere\/#primaryimage"},"thumbnailUrl":"https:\/\/exaudi.org\/wp-content\/uploads\/2026\/04\/cq5dam.web_.800.800-15.jpeg","datePublished":"2026-04-26T17:23:30+00:00","author":{"@id":"https:\/\/exaudi.org\/#\/schema\/person\/e1ab6ed07c01774724dd96f925f3a5f0"},"breadcrumb":{"@id":"https:\/\/exaudi.org\/it\/il-papa-essere-cristiani-in-politica-non-significa-professare-apertamente-la-propria-fede-significa-piuttosto-lasciare-che-il-vangelo-guidi-le-decisioni-da-prendere\/#breadcrumb"},"inLanguage":"it-IT","potentialAction":[{"@type":"ReadAction","target":["https:\/\/exaudi.org\/it\/il-papa-essere-cristiani-in-politica-non-significa-professare-apertamente-la-propria-fede-significa-piuttosto-lasciare-che-il-vangelo-guidi-le-decisioni-da-prendere\/"]}]},{"@type":"ImageObject","inLanguage":"it-IT","@id":"https:\/\/exaudi.org\/it\/il-papa-essere-cristiani-in-politica-non-significa-professare-apertamente-la-propria-fede-significa-piuttosto-lasciare-che-il-vangelo-guidi-le-decisioni-da-prendere\/#primaryimage","url":"https:\/\/exaudi.org\/wp-content\/uploads\/2026\/04\/cq5dam.web_.800.800-15.jpeg","contentUrl":"https:\/\/exaudi.org\/wp-content\/uploads\/2026\/04\/cq5dam.web_.800.800-15.jpeg","width":800,"height":533},{"@type":"BreadcrumbList","@id":"https:\/\/exaudi.org\/it\/il-papa-essere-cristiani-in-politica-non-significa-professare-apertamente-la-propria-fede-significa-piuttosto-lasciare-che-il-vangelo-guidi-le-decisioni-da-prendere\/#breadcrumb","itemListElement":[{"@type":"ListItem","position":1,"name":"Portada","item":"https:\/\/exaudi.org\/it\/"},{"@type":"ListItem","position":2,"name":"Il Papa: Essere cristiani in politica non significa professare apertamente la propria fede; significa piuttosto lasciare che il Vangelo guidi le decisioni da prendere"}]},{"@type":"WebSite","@id":"https:\/\/exaudi.org\/#website","url":"https:\/\/exaudi.org\/","name":"Exaudi","description":"News","potentialAction":[{"@type":"SearchAction","target":{"@type":"EntryPoint","urlTemplate":"https:\/\/exaudi.org\/?s={search_term_string}"},"query-input":{"@type":"PropertyValueSpecification","valueRequired":true,"valueName":"search_term_string"}}],"inLanguage":"it-IT"},{"@type":"Person","@id":"https:\/\/exaudi.org\/#\/schema\/person\/e1ab6ed07c01774724dd96f925f3a5f0","name":"Exaudi Redazione","image":{"@type":"ImageObject","inLanguage":"it-IT","@id":"https:\/\/secure.gravatar.com\/avatar\/ad6774b3ada023bf5b939d64f45c94b3adf91502dd883507d469b4308a943bb3?s=96&d=mm&r=g","url":"https:\/\/secure.gravatar.com\/avatar\/ad6774b3ada023bf5b939d64f45c94b3adf91502dd883507d469b4308a943bb3?s=96&d=mm&r=g","contentUrl":"https:\/\/secure.gravatar.com\/avatar\/ad6774b3ada023bf5b939d64f45c94b3adf91502dd883507d469b4308a943bb3?s=96&d=mm&r=g","caption":"Exaudi Redazione"},"description":"Che cosa \u00e8 Exaudi News? Exaudi News \u00e8 un agenzia cattolica internazionale che informa, istruisce e trasforma quotidianamente in spagnolo, inglese e italiano. Attraverso notizie, articoli di analisi e trasmissioni in diretta degli eventi del Papa, Exaudi cerca di rafforzare l'unit\u00e0 dei cristiani e di contribuire all'evangelizzazione del mondo, sempre guidato dalla dottrina sociale della Chiesa. Lavoriamo per portare la verit\u00e0 e i valori cristiani in ogni angolo del pianeta. Aiutaci a trasformare il mondo con Exaudi! Noi di Exaudi crediamo che l'evangelizzazione e l'informazione di qualit\u00e0 possano cambiare la vita. Per continuare la nostra missione ed espandere la nostra portata, abbiamo bisogno del tuo aiuto. Stiamo anche cercando persone motivate che vogliano unirsi al nostro team. Grazie al vostro sostegno raggiungeremo pi\u00f9 persone, diffonderemo il messaggio di Cristo e rafforzeremo l'unit\u00e0 dei cristiani. Vuoi unirti alla nostra missione? Per maggiori informazioni su come contribuire, visita Exaudi.org\/it o contattaci direttamente: info@exaudi.org Exaudi: informa, forma e trasforma.","sameAs":["https:\/\/www.facebook.com\/ExaudiNotizie\/","https:\/\/www.instagram.com\/Exaudi_notizie\/","https:\/\/x.com\/Exaudi_Notizie","https:\/\/www.youtube.com\/@exaudicatholicnews"],"url":"https:\/\/exaudi.org\/it\/author\/dlvedi-org\/"}]}},"jetpack_featured_media_url":"https:\/\/exaudi.org\/wp-content\/uploads\/2026\/04\/cq5dam.web_.800.800-15.jpeg","jetpack_shortlink":"https:\/\/wp.me\/pgKjF2-HMO","_links":{"self":[{"href":"https:\/\/exaudi.org\/it\/wp-json\/wp\/v2\/posts\/168318","targetHints":{"allow":["GET"]}}],"collection":[{"href":"https:\/\/exaudi.org\/it\/wp-json\/wp\/v2\/posts"}],"about":[{"href":"https:\/\/exaudi.org\/it\/wp-json\/wp\/v2\/types\/post"}],"author":[{"embeddable":true,"href":"https:\/\/exaudi.org\/it\/wp-json\/wp\/v2\/users\/17"}],"replies":[{"embeddable":true,"href":"https:\/\/exaudi.org\/it\/wp-json\/wp\/v2\/comments?post=168318"}],"version-history":[{"count":5,"href":"https:\/\/exaudi.org\/it\/wp-json\/wp\/v2\/posts\/168318\/revisions"}],"predecessor-version":[{"id":168323,"href":"https:\/\/exaudi.org\/it\/wp-json\/wp\/v2\/posts\/168318\/revisions\/168323"}],"wp:featuredmedia":[{"embeddable":true,"href":"https:\/\/exaudi.org\/it\/wp-json\/wp\/v2\/media\/168287"}],"wp:attachment":[{"href":"https:\/\/exaudi.org\/it\/wp-json\/wp\/v2\/media?parent=168318"}],"wp:term":[{"taxonomy":"category","embeddable":true,"href":"https:\/\/exaudi.org\/it\/wp-json\/wp\/v2\/categories?post=168318"},{"taxonomy":"post_tag","embeddable":true,"href":"https:\/\/exaudi.org\/it\/wp-json\/wp\/v2\/tags?post=168318"}],"curies":[{"name":"wp","href":"https:\/\/api.w.org\/{rel}","templated":true}]}}