{"id":168299,"date":"2026-04-26T18:50:00","date_gmt":"2026-04-26T16:50:00","guid":{"rendered":"https:\/\/exaudi.org\/?p=168299"},"modified":"2026-04-26T18:50:00","modified_gmt":"2026-04-26T16:50:00","slug":"riflessione-del-vescovo-enrique-diaz-il-signore-e-il-mio-pastore-non-mi-manchera-nulla-alleluia","status":"publish","type":"post","link":"https:\/\/exaudi.org\/it\/riflessione-del-vescovo-enrique-diaz-il-signore-e-il-mio-pastore-non-mi-manchera-nulla-alleluia\/","title":{"rendered":"Riflessione del Vescovo Enrique D\u00edaz: Il Signore \u00e8 il mio pastore: non mi mancher\u00e0 nulla. Alleluia"},"content":{"rendered":"<p><span dir=\"auto\"><span dir=\"auto\" style=\"vertical-align: inherit\"><span dir=\"auto\" style=\"vertical-align: inherit\">Monsignor Enrique D\u00edaz D\u00edaz condivide con i lettori di Exaudi la sua riflessione sul\u00a0 <\/span><\/span><a href=\"https:\/\/www.dominicos.org\/predicacion\/homilia\/26-4-2026\/lecturas\/\" target=\"_blank\" rel=\"noopener\"><span dir=\"auto\" style=\"vertical-align: inherit\"><span dir=\"auto\" style=\"vertical-align: inherit\">Vangelo di questa domenica, 26 aprile 2026,<\/span><\/span><\/a>\u00a0\u00a0<\/span><span dir=\"auto\"><span dir=\"auto\" style=\"vertical-align: inherit\"><span dir=\"auto\" style=\"vertical-align: inherit\"> dal titolo:\u00a0 <\/span><\/span><\/span><em><span dir=\"auto\" style=\"vertical-align: inherit\"><span dir=\"auto\" style=\"vertical-align: inherit\">\u201c <\/span><\/span><\/em><em><span dir=\"auto\" style=\"vertical-align: inherit\"><span dir=\"auto\" style=\"vertical-align: inherit\">Il Signore \u00e8 il mio pastore, non mi mancher\u00e0 nulla. Alleluia <\/span><\/span><\/em><em><span dir=\"auto\" style=\"vertical-align: inherit\"><span dir=\"auto\" style=\"vertical-align: inherit\">\u201d.<\/span><\/span><\/em><\/p>\n<p><span dir=\"auto\" style=\"vertical-align: inherit\"><span dir=\"auto\" style=\"vertical-align: inherit\">***<\/span><\/span><\/p>\n<p><span dir=\"auto\" style=\"vertical-align: inherit\"><span dir=\"auto\" style=\"vertical-align: inherit\">Atti degli Apostoli 2, 14, 36-41:\u00a0 <\/span><\/span><em><span dir=\"auto\" style=\"vertical-align: inherit\"><span dir=\"auto\" style=\"vertical-align: inherit\">\u00abDio lo ha costituito Signore e Messia\u00bb.<\/span><\/span><\/em><\/p>\n<p><span dir=\"auto\" style=\"vertical-align: inherit\"><span dir=\"auto\" style=\"vertical-align: inherit\">Salmo 22:\u00a0 <\/span><\/span><em><span dir=\"auto\" style=\"vertical-align: inherit\"><span dir=\"auto\" style=\"vertical-align: inherit\">\u00abIl Signore \u00e8 il mio pastore: non mi mancher\u00e0 nulla. Alleluia!\u00bb<\/span><\/span><\/em><\/p>\n<p><span dir=\"auto\" style=\"vertical-align: inherit\"><span dir=\"auto\" style=\"vertical-align: inherit\">1 Pietro 2:20-25:\u00a0 <\/span><\/span><em><span dir=\"auto\" style=\"vertical-align: inherit\"><span dir=\"auto\" style=\"vertical-align: inherit\">\u00abSiete tornati al Pastore e Custode delle vostre anime\u00bb.<\/span><\/span><\/em><\/p>\n<p><span dir=\"auto\" style=\"vertical-align: inherit\"><span dir=\"auto\" style=\"vertical-align: inherit\">Giovanni 10:1-10:\u00a0 <\/span><\/span><em><span dir=\"auto\" style=\"vertical-align: inherit\"><span dir=\"auto\" style=\"vertical-align: inherit\">\u00abIo sono la porta delle pecore\u00bb.<\/span><\/span><\/em><\/p>\n<p><span dir=\"auto\" style=\"vertical-align: inherit\"><span dir=\"auto\" style=\"vertical-align: inherit\">Quando contempliamo le immense moltitudini che anelano alla pace e cercano giustizia, stanche e piene di rabbia per un mondo cos\u00ec corrotto, siamo spinti a ricordare le parole di Ges\u00f9, che si proclama Buon Pastore. Forse alcuni troveranno strano e persino protesteranno, perch\u00e9 l&#8217;immagine del Pastore \u00e8 cos\u00ec strettamente legata all&#8217;immagine della pecora, o come diciamo tra noi, all&#8217;immagine dell&#8217;agnello, che ha acquisito una connotazione peggiorativa di manipolazione, cieca obbedienza e massa inconsapevole. Le grandi masse vengono trascinate da leader corrotti o soggiogate dai mass media, apparendo inconsapevoli, letargiche e indifferenti alle gravi situazioni. Si notano sempre pi\u00f9 segnali di un risveglio in una parte della societ\u00e0, per quanto piccoli e sporadici. E oggi, Domenica del Buon Pastore, sembra un giorno opportuno per la nostra riflessione, che ci conduca alla consapevolezza di tutto ci\u00f2 che stiamo facendo e che ha portato questo mondo folle e squilibrato sull&#8217;orlo del collasso.<\/span><\/span><\/p>\n<p><span dir=\"auto\" style=\"vertical-align: inherit\"><span dir=\"auto\" style=\"vertical-align: inherit\">Cristo, il Buon Pastore, non vuole cullarci nel sonno n\u00e9 insabbiare le responsabilit\u00e0 di criminali o autorit\u00e0. Nulla potrebbe essere pi\u00f9 lontano dalle intenzioni di Cristo. Dopo aver discusso veemente con i capi e i farisei, ora lancia una dura critica alla loro leadership e autorit\u00e0. Si tratta quindi di un giudizio contro coloro che non vegliano sul proprio gregge, contro coloro che lo abbandonano trascinando con s\u00e9 anche gli altri, o contro coloro che non si avvicinano al gregge nel modo giusto. Richiama alla mente la dura imprecazione del profeta Ezechiele contro i cattivi pastori d&#8217;Israele; si applica ai capi del tempo di Ges\u00f9, ma \u00e8 anche una parola viva per oggi e si presenta come una dura e attuale critica contro i capi e i cattivi pastori che ignorano il popolo e si limitano ad approfittare dei propri privilegi e della propria posizione. \u00c8 un&#8217;accusa sia contro i lupi che contro i pastori, ma \u00e8 anche un avvertimento forte, energico e amorevole, affinch\u00e9 le pecore non si addormentino o si lascino ingannare da false sicurezze. Il male e l&#8217;ingiustizia sono responsabilit\u00e0 sia dei criminali che delle autorit\u00e0, ma lo sono anche il silenzio, l&#8217;indifferenza e la paura di un popolo che tace, che non si ribella e che non ha fatto il necessario per scrollarsi di dosso tanta corruzione e tante menzogne.<\/span><\/span><\/p>\n<p><span dir=\"auto\" style=\"vertical-align: inherit\"><span dir=\"auto\" style=\"vertical-align: inherit\">Quando Pietro accus\u00f2 la folla di essere responsabile della morte di Ges\u00f9, essi chiesero con angoscia:\u00a0 <\/span><\/span><em><span dir=\"auto\" style=\"vertical-align: inherit\"><span dir=\"auto\" style=\"vertical-align: inherit\">&#8220;Che cosa dobbiamo fare<\/span><\/span><\/em><span dir=\"auto\" style=\"vertical-align: inherit\"><span dir=\"auto\" style=\"vertical-align: inherit\"> ?&#8221;. E Pietro li invit\u00f2 a una vera conversione, non a un cambio di scenario o a cambiamenti superficiali. Sugger\u00ec una trasformazione in cui il peccato fosse definitivamente cancellato e fossero guidati dallo Spirito. Oggi, questa dovrebbe essere anche la nostra domanda e il nostro atteggiamento. Dobbiamo porre Cristo come nostro Buon Pastore, ma anche adottare gli atteggiamenti che si addicono a un popolo responsabile, consapevole dei propri obblighi e diritti. Perch\u00e9 siamo tutti d&#8217;accordo sul fatto che Cristo sia il vero pastore, l&#8217;opposto del mercenario, e l&#8217;unica guida sicura che precede le pecore e apre la strada; eppure non siamo disposti a sottoporci a un esame del nostro ruolo di pastori, custodi ed educatori di un popolo, di una comunit\u00e0 o di una famiglia. Applichiamo con facilit\u00e0 le parole esigenti di Ges\u00f9 riguardo a banditi, ladri e mercenari a coloro che sono al potere, a coloro che ricoprono posizioni di responsabilit\u00e0 e a coloro che hanno il dovere di vegliare sul nostro popolo. E abbiamo ragione, perch\u00e9 devono prendere a cuore l&#8217;esempio di Cristo, e ogni autorit\u00e0 o guida morale ha l&#8217;obbligo di prendersi cura del benessere dei cittadini e non di sfruttarli. Ma allo stesso tempo, queste parole di Cristo sono rivolte a ciascuno di noi che ha una qualche responsabilit\u00e0 verso gli altri: genitori, insegnanti, coordinatori, sacerdoti, catechisti, autorit\u00e0\u2026 tutti noi dobbiamo guardarci in questa immagine di Ges\u00f9 e vedere come stiamo svolgendo i nostri doveri.<\/span><\/span><\/p>\n<p><span dir=\"auto\" style=\"vertical-align: inherit\"><span dir=\"auto\" style=\"vertical-align: inherit\">Il brano di oggi sottolinea anche una netta differenza tra la voce del pastore e quella del mercenario. La voce del pastore ci tocca nel profondo e ci dona la vita. Ma sentiamo anche altre voci che ci cullano, ci ingannano e ci intimoriscono. La cosa pi\u00f9 triste \u00e8 che alcuni seguono queste voci e finiscono per morire. Dobbiamo discernere quale voce stiamo seguendo. Allo stesso tempo, Ges\u00f9 afferma:\u00a0 <\/span><\/span><em><span dir=\"auto\" style=\"vertical-align: inherit\"><span dir=\"auto\" style=\"vertical-align: inherit\">&#8220;Io sono la porta delle pecore&#8221;.<\/span><\/span><\/em><span dir=\"auto\" style=\"vertical-align: inherit\"><span dir=\"auto\" style=\"vertical-align: inherit\"> \u00a0Una porta ha una duplice funzione: aprire e chiudere; proteggere e far entrare. In questo caso, \u00e8 una porta di esclusione per i ladri e i malfattori, e una porta di accesso per i veri pastori. Una porta chiusa a coloro che cercano il proprio interesse e aperta a coloro che cercano di dare la vita. Una porta aperta alla libert\u00e0 e all&#8217;intimit\u00e0. E Cristo ci invita ad attraversare questa porta, che \u00e8 Lui stesso, per aprirci alla vera libert\u00e0. Allo stesso tempo, \u00e8 una porta chiusa alle menzogne, all&#8217;ingiustizia e al male. Ges\u00f9 ci offre un criterio per discernere chi lasciamo entrare da questa porta e a quali voci diamo ascolto:\u00a0 <\/span><\/span><em><span dir=\"auto\" style=\"vertical-align: inherit\"><span dir=\"auto\" style=\"vertical-align: inherit\">&#8220;affinch\u00e9 abbiano la vita e l&#8217;abbiano in abbondanza&#8221;.<\/span><\/span><\/em><span dir=\"auto\" style=\"vertical-align: inherit\"><span dir=\"auto\" style=\"vertical-align: inherit\"> \u00a0Ci\u00f2 che uccide le persone, ci\u00f2 che limita la vita, ci\u00f2 che la oscura, non possiamo lasciarlo entrare n\u00e9 permettere che ci manipoli.<\/span><\/span><\/p>\n<p><span dir=\"auto\" style=\"vertical-align: inherit\"><span dir=\"auto\" style=\"vertical-align: inherit\">Questa Domenica del Buon Pastore si presenta a noi come un potente invito al risveglio, che ci spinge all&#8217;azione. Il discepolo non pu\u00f2 rimanere passivo, perch\u00e9 l&#8217;indifferenza di fronte all&#8217;ingiustizia \u00e8 un grave peccato di omissione. E al tempo stesso, ci invita ad essere attenti, a discernere le voci che donano vita in abbondanza da quelle che conducono alla morte e alla corruzione. Cosa stiamo facendo? Siamo passivi di fronte all&#8217;ingiustizia, alla corruzione e al male? Qual \u00e8 la nostra responsabilit\u00e0 quando siamo al contempo pastori e pecore?<\/span><\/span><\/p>\n<p><em><span dir=\"auto\" style=\"vertical-align: inherit\"><span dir=\"auto\" style=\"vertical-align: inherit\">Ges\u00f9, Buon Pastore, insegnaci a dare la nostra vita per le pecore che ci sono state affidate, donaci la saggezza e il coraggio di proteggere la comunit\u00e0, i giovani e i bambini, e concedici di riconoscerti come nostra Porta e nostro Pastore. Amen.<\/span><\/span><\/em><\/p>\n","protected":false},"excerpt":{"rendered":"<p>Quarta Domenica di Pasqua<\/p>\n","protected":false},"author":25,"featured_media":168250,"comment_status":"closed","ping_status":"closed","sticky":false,"template":"","format":"standard","meta":{"_acf_changed":false,"_crdt_document":"","inline_featured_image":false,"footnotes":""},"categories":[73,95],"tags":[10963,110416,10964,64787,706],"class_list":["post-168299","post","type-post","status-publish","format-standard","has-post-thumbnail","hentry","category-chiesa-e-mondo","category-spiritualita","tag-enrique-diaz-2","tag-il-buon-pastore","tag-riflessione","tag-trending-it-236","tag-vangelo"],"acf":[],"yoast_head":"<!-- This site is optimized with the Yoast SEO plugin v27.5 - https:\/\/yoast.com\/product\/yoast-seo-wordpress\/ -->\n<title>Riflessione del Vescovo Enrique D\u00edaz: Il Signore \u00e8 il mio pastore: non mi mancher\u00e0 nulla. Alleluia &#8211; Exaudi<\/title>\n<meta name=\"robots\" content=\"index, follow, max-snippet:-1, max-image-preview:large, max-video-preview:-1\" \/>\n<link rel=\"canonical\" href=\"https:\/\/exaudi.org\/it\/riflessione-del-vescovo-enrique-diaz-il-signore-e-il-mio-pastore-non-mi-manchera-nulla-alleluia\/\" \/>\n<meta property=\"og:locale\" content=\"it_IT\" \/>\n<meta property=\"og:type\" content=\"article\" \/>\n<meta property=\"og:title\" content=\"Riflessione del Vescovo Enrique D\u00edaz: Il Signore \u00e8 il mio pastore: non mi mancher\u00e0 nulla. Alleluia &#8211; Exaudi\" \/>\n<meta property=\"og:description\" content=\"Quarta Domenica di Pasqua\" \/>\n<meta property=\"og:url\" content=\"https:\/\/exaudi.org\/it\/riflessione-del-vescovo-enrique-diaz-il-signore-e-il-mio-pastore-non-mi-manchera-nulla-alleluia\/\" \/>\n<meta property=\"og:site_name\" content=\"Exaudi\" \/>\n<meta property=\"article:publisher\" content=\"https:\/\/www.facebook.com\/ExaudiNews\" \/>\n<meta property=\"article:published_time\" content=\"2026-04-26T16:50:00+00:00\" \/>\n<meta property=\"og:image\" content=\"https:\/\/exaudi.org\/wp-content\/uploads\/2026\/04\/shepherd-5013441_1280.jpg\" \/>\n\t<meta property=\"og:image:width\" content=\"1280\" \/>\n\t<meta property=\"og:image:height\" content=\"960\" \/>\n\t<meta property=\"og:image:type\" content=\"image\/jpeg\" \/>\n<meta name=\"author\" content=\"Enrique D\u00edaz\" \/>\n<meta name=\"twitter:card\" content=\"summary_large_image\" \/>\n<meta name=\"twitter:creator\" content=\"@Exaudi_News\" \/>\n<meta name=\"twitter:site\" content=\"@Exaudi_News\" \/>\n<meta name=\"twitter:label1\" content=\"Scritto da\" \/>\n\t<meta name=\"twitter:data1\" content=\"Enrique D\u00edaz\" \/>\n\t<meta name=\"twitter:label2\" content=\"Tempo di lettura stimato\" \/>\n\t<meta name=\"twitter:data2\" content=\"5 minuti\" \/>\n<script type=\"application\/ld+json\" class=\"yoast-schema-graph\">{\"@context\":\"https:\\\/\\\/schema.org\",\"@graph\":[{\"@type\":\"Article\",\"@id\":\"https:\\\/\\\/exaudi.org\\\/it\\\/riflessione-del-vescovo-enrique-diaz-il-signore-e-il-mio-pastore-non-mi-manchera-nulla-alleluia\\\/#article\",\"isPartOf\":{\"@id\":\"https:\\\/\\\/exaudi.org\\\/it\\\/riflessione-del-vescovo-enrique-diaz-il-signore-e-il-mio-pastore-non-mi-manchera-nulla-alleluia\\\/\"},\"author\":{\"name\":\"Enrique D\u00edaz\",\"@id\":\"https:\\\/\\\/exaudi.org\\\/#\\\/schema\\\/person\\\/c02ffbd10830fa375f6882f7dcf1844d\"},\"headline\":\"Riflessione del Vescovo Enrique D\u00edaz: Il Signore \u00e8 il mio pastore: non mi mancher\u00e0 nulla. Alleluia\",\"datePublished\":\"2026-04-26T16:50:00+00:00\",\"mainEntityOfPage\":{\"@id\":\"https:\\\/\\\/exaudi.org\\\/it\\\/riflessione-del-vescovo-enrique-diaz-il-signore-e-il-mio-pastore-non-mi-manchera-nulla-alleluia\\\/\"},\"wordCount\":1081,\"image\":{\"@id\":\"https:\\\/\\\/exaudi.org\\\/it\\\/riflessione-del-vescovo-enrique-diaz-il-signore-e-il-mio-pastore-non-mi-manchera-nulla-alleluia\\\/#primaryimage\"},\"thumbnailUrl\":\"https:\\\/\\\/exaudi.org\\\/wp-content\\\/uploads\\\/2026\\\/04\\\/shepherd-5013441_1280.jpg\",\"keywords\":[\"ENRIQUE D\u00cdAZ\",\"Il Buon Pastore\",\"RIFLESSIONE\",\"Trending\",\"Vangelo\"],\"articleSection\":[\"Chiesa e Mondo\",\"Spiritualit\u00e0\"],\"inLanguage\":\"it-IT\"},{\"@type\":\"WebPage\",\"@id\":\"https:\\\/\\\/exaudi.org\\\/it\\\/riflessione-del-vescovo-enrique-diaz-il-signore-e-il-mio-pastore-non-mi-manchera-nulla-alleluia\\\/\",\"url\":\"https:\\\/\\\/exaudi.org\\\/it\\\/riflessione-del-vescovo-enrique-diaz-il-signore-e-il-mio-pastore-non-mi-manchera-nulla-alleluia\\\/\",\"name\":\"Riflessione del Vescovo Enrique D\u00edaz: Il Signore \u00e8 il mio pastore: non mi mancher\u00e0 nulla. Alleluia &#8211; Exaudi\",\"isPartOf\":{\"@id\":\"https:\\\/\\\/exaudi.org\\\/#website\"},\"primaryImageOfPage\":{\"@id\":\"https:\\\/\\\/exaudi.org\\\/it\\\/riflessione-del-vescovo-enrique-diaz-il-signore-e-il-mio-pastore-non-mi-manchera-nulla-alleluia\\\/#primaryimage\"},\"image\":{\"@id\":\"https:\\\/\\\/exaudi.org\\\/it\\\/riflessione-del-vescovo-enrique-diaz-il-signore-e-il-mio-pastore-non-mi-manchera-nulla-alleluia\\\/#primaryimage\"},\"thumbnailUrl\":\"https:\\\/\\\/exaudi.org\\\/wp-content\\\/uploads\\\/2026\\\/04\\\/shepherd-5013441_1280.jpg\",\"datePublished\":\"2026-04-26T16:50:00+00:00\",\"author\":{\"@id\":\"https:\\\/\\\/exaudi.org\\\/#\\\/schema\\\/person\\\/c02ffbd10830fa375f6882f7dcf1844d\"},\"breadcrumb\":{\"@id\":\"https:\\\/\\\/exaudi.org\\\/it\\\/riflessione-del-vescovo-enrique-diaz-il-signore-e-il-mio-pastore-non-mi-manchera-nulla-alleluia\\\/#breadcrumb\"},\"inLanguage\":\"it-IT\",\"potentialAction\":[{\"@type\":\"ReadAction\",\"target\":[\"https:\\\/\\\/exaudi.org\\\/it\\\/riflessione-del-vescovo-enrique-diaz-il-signore-e-il-mio-pastore-non-mi-manchera-nulla-alleluia\\\/\"]}]},{\"@type\":\"ImageObject\",\"inLanguage\":\"it-IT\",\"@id\":\"https:\\\/\\\/exaudi.org\\\/it\\\/riflessione-del-vescovo-enrique-diaz-il-signore-e-il-mio-pastore-non-mi-manchera-nulla-alleluia\\\/#primaryimage\",\"url\":\"https:\\\/\\\/exaudi.org\\\/wp-content\\\/uploads\\\/2026\\\/04\\\/shepherd-5013441_1280.jpg\",\"contentUrl\":\"https:\\\/\\\/exaudi.org\\\/wp-content\\\/uploads\\\/2026\\\/04\\\/shepherd-5013441_1280.jpg\",\"width\":1280,\"height\":960},{\"@type\":\"BreadcrumbList\",\"@id\":\"https:\\\/\\\/exaudi.org\\\/it\\\/riflessione-del-vescovo-enrique-diaz-il-signore-e-il-mio-pastore-non-mi-manchera-nulla-alleluia\\\/#breadcrumb\",\"itemListElement\":[{\"@type\":\"ListItem\",\"position\":1,\"name\":\"Portada\",\"item\":\"https:\\\/\\\/exaudi.org\\\/it\\\/\"},{\"@type\":\"ListItem\",\"position\":2,\"name\":\"Riflessione del Vescovo Enrique D\u00edaz: Il Signore \u00e8 il mio pastore: non mi mancher\u00e0 nulla. Alleluia\"}]},{\"@type\":\"WebSite\",\"@id\":\"https:\\\/\\\/exaudi.org\\\/#website\",\"url\":\"https:\\\/\\\/exaudi.org\\\/\",\"name\":\"Exaudi\",\"description\":\"News\",\"potentialAction\":[{\"@type\":\"SearchAction\",\"target\":{\"@type\":\"EntryPoint\",\"urlTemplate\":\"https:\\\/\\\/exaudi.org\\\/?s={search_term_string}\"},\"query-input\":{\"@type\":\"PropertyValueSpecification\",\"valueRequired\":true,\"valueName\":\"search_term_string\"}}],\"inLanguage\":\"it-IT\"},{\"@type\":\"Person\",\"@id\":\"https:\\\/\\\/exaudi.org\\\/#\\\/schema\\\/person\\\/c02ffbd10830fa375f6882f7dcf1844d\",\"name\":\"Enrique D\u00edaz\",\"image\":{\"@type\":\"ImageObject\",\"inLanguage\":\"it-IT\",\"@id\":\"https:\\\/\\\/secure.gravatar.com\\\/avatar\\\/7ca10be5325a95d04b74082d68ba605aa69611eb0f68f47096cb1bc349873284?s=96&d=mm&r=g\",\"url\":\"https:\\\/\\\/secure.gravatar.com\\\/avatar\\\/7ca10be5325a95d04b74082d68ba605aa69611eb0f68f47096cb1bc349873284?s=96&d=mm&r=g\",\"contentUrl\":\"https:\\\/\\\/secure.gravatar.com\\\/avatar\\\/7ca10be5325a95d04b74082d68ba605aa69611eb0f68f47096cb1bc349873284?s=96&d=mm&r=g\",\"caption\":\"Enrique D\u00edaz\"},\"description\":\"Naci\u00f3 en Huandacareo, Michoac\u00e1n, M\u00e9xico, en 1952. Realiz\u00f3 sus estudios de Filosof\u00eda y Teolog\u00eda en el Seminario de Morelia. Ordenado di\u00e1cono el 22 de mayo de 1977, y presb\u00edtero el 23 de octubre del mismo a\u00f1o. Obtuvo la Licenciatura en Sagrada Escritura en el Pontificio Instituto B\u00edblico en Roma. Ha desarrollado m\u00faltiples encargos pastorales como el de capell\u00e1n de la rector\u00eda de las Tres Aves Mar\u00edas; responsable de la Pastoral B\u00edblica Diocesana y director de la Escuela B\u00edblica en Morelia; maestro de Biblia en el Seminario Conciliar de Morelia, p\u00e1rroco de la Parroquia de Nuestra Se\u00f1ora de Guadalupe, Col. Guadalupe, Morelia; o vicario episcopal para la Zona de Nuestra Se\u00f1ora de la Luz, P\u00e1tzcuaro. Ordenado obispo auxiliar de san Crist\u00f3bal de las Casas en 2003. En la Conferencia Episcopal form\u00f3 parte de las Comisiones de Biblia, Diaconado y Ministerios Laicales. Fue responsable de las Dimensiones de Ministerios Laicales, de Educaci\u00f3n y Cultura. Ha participado en encuentros latinoamericanos y mundiales sobre el Diaconado Permanente. Actualmente es el responsable de la Dimensi\u00f3n de Pastoral de la Cultura. Particip\u00f3 como Miembro del S\u00ednodo de Obispos sobre la Palabra de Dios en la Vida y Misi\u00f3n de la Iglesia en Roma, en 2008. Recibi\u00f3 el nombramiento de obispo coadjutor de San Crist\u00f3bal de las Casas en 2014. Nombrado II obispo de Irapuato el d\u00eda 11 de marzo, tom\u00f3 posesi\u00f3n el 19 de Mayo. Colabora en varias revistas y publicaciones sobre todo con la reflexi\u00f3n diaria y dominical tanto en audio como escrita.\",\"url\":\"https:\\\/\\\/exaudi.org\\\/it\\\/author\\\/enriquediaz\\\/\"}]}<\/script>\n<!-- \/ Yoast SEO plugin. -->","yoast_head_json":{"title":"Riflessione del Vescovo Enrique D\u00edaz: Il Signore \u00e8 il mio pastore: non mi mancher\u00e0 nulla. Alleluia &#8211; Exaudi","robots":{"index":"index","follow":"follow","max-snippet":"max-snippet:-1","max-image-preview":"max-image-preview:large","max-video-preview":"max-video-preview:-1"},"canonical":"https:\/\/exaudi.org\/it\/riflessione-del-vescovo-enrique-diaz-il-signore-e-il-mio-pastore-non-mi-manchera-nulla-alleluia\/","og_locale":"it_IT","og_type":"article","og_title":"Riflessione del Vescovo Enrique D\u00edaz: Il Signore \u00e8 il mio pastore: non mi mancher\u00e0 nulla. Alleluia &#8211; Exaudi","og_description":"Quarta Domenica di Pasqua","og_url":"https:\/\/exaudi.org\/it\/riflessione-del-vescovo-enrique-diaz-il-signore-e-il-mio-pastore-non-mi-manchera-nulla-alleluia\/","og_site_name":"Exaudi","article_publisher":"https:\/\/www.facebook.com\/ExaudiNews","article_published_time":"2026-04-26T16:50:00+00:00","og_image":[{"width":1280,"height":960,"url":"https:\/\/exaudi.org\/wp-content\/uploads\/2026\/04\/shepherd-5013441_1280.jpg","type":"image\/jpeg"}],"author":"Enrique D\u00edaz","twitter_card":"summary_large_image","twitter_creator":"@Exaudi_News","twitter_site":"@Exaudi_News","twitter_misc":{"Scritto da":"Enrique D\u00edaz","Tempo di lettura stimato":"5 minuti"},"schema":{"@context":"https:\/\/schema.org","@graph":[{"@type":"Article","@id":"https:\/\/exaudi.org\/it\/riflessione-del-vescovo-enrique-diaz-il-signore-e-il-mio-pastore-non-mi-manchera-nulla-alleluia\/#article","isPartOf":{"@id":"https:\/\/exaudi.org\/it\/riflessione-del-vescovo-enrique-diaz-il-signore-e-il-mio-pastore-non-mi-manchera-nulla-alleluia\/"},"author":{"name":"Enrique D\u00edaz","@id":"https:\/\/exaudi.org\/#\/schema\/person\/c02ffbd10830fa375f6882f7dcf1844d"},"headline":"Riflessione del Vescovo Enrique D\u00edaz: Il Signore \u00e8 il mio pastore: non mi mancher\u00e0 nulla. Alleluia","datePublished":"2026-04-26T16:50:00+00:00","mainEntityOfPage":{"@id":"https:\/\/exaudi.org\/it\/riflessione-del-vescovo-enrique-diaz-il-signore-e-il-mio-pastore-non-mi-manchera-nulla-alleluia\/"},"wordCount":1081,"image":{"@id":"https:\/\/exaudi.org\/it\/riflessione-del-vescovo-enrique-diaz-il-signore-e-il-mio-pastore-non-mi-manchera-nulla-alleluia\/#primaryimage"},"thumbnailUrl":"https:\/\/exaudi.org\/wp-content\/uploads\/2026\/04\/shepherd-5013441_1280.jpg","keywords":["ENRIQUE D\u00cdAZ","Il Buon Pastore","RIFLESSIONE","Trending","Vangelo"],"articleSection":["Chiesa e Mondo","Spiritualit\u00e0"],"inLanguage":"it-IT"},{"@type":"WebPage","@id":"https:\/\/exaudi.org\/it\/riflessione-del-vescovo-enrique-diaz-il-signore-e-il-mio-pastore-non-mi-manchera-nulla-alleluia\/","url":"https:\/\/exaudi.org\/it\/riflessione-del-vescovo-enrique-diaz-il-signore-e-il-mio-pastore-non-mi-manchera-nulla-alleluia\/","name":"Riflessione del Vescovo Enrique D\u00edaz: Il Signore \u00e8 il mio pastore: non mi mancher\u00e0 nulla. Alleluia &#8211; Exaudi","isPartOf":{"@id":"https:\/\/exaudi.org\/#website"},"primaryImageOfPage":{"@id":"https:\/\/exaudi.org\/it\/riflessione-del-vescovo-enrique-diaz-il-signore-e-il-mio-pastore-non-mi-manchera-nulla-alleluia\/#primaryimage"},"image":{"@id":"https:\/\/exaudi.org\/it\/riflessione-del-vescovo-enrique-diaz-il-signore-e-il-mio-pastore-non-mi-manchera-nulla-alleluia\/#primaryimage"},"thumbnailUrl":"https:\/\/exaudi.org\/wp-content\/uploads\/2026\/04\/shepherd-5013441_1280.jpg","datePublished":"2026-04-26T16:50:00+00:00","author":{"@id":"https:\/\/exaudi.org\/#\/schema\/person\/c02ffbd10830fa375f6882f7dcf1844d"},"breadcrumb":{"@id":"https:\/\/exaudi.org\/it\/riflessione-del-vescovo-enrique-diaz-il-signore-e-il-mio-pastore-non-mi-manchera-nulla-alleluia\/#breadcrumb"},"inLanguage":"it-IT","potentialAction":[{"@type":"ReadAction","target":["https:\/\/exaudi.org\/it\/riflessione-del-vescovo-enrique-diaz-il-signore-e-il-mio-pastore-non-mi-manchera-nulla-alleluia\/"]}]},{"@type":"ImageObject","inLanguage":"it-IT","@id":"https:\/\/exaudi.org\/it\/riflessione-del-vescovo-enrique-diaz-il-signore-e-il-mio-pastore-non-mi-manchera-nulla-alleluia\/#primaryimage","url":"https:\/\/exaudi.org\/wp-content\/uploads\/2026\/04\/shepherd-5013441_1280.jpg","contentUrl":"https:\/\/exaudi.org\/wp-content\/uploads\/2026\/04\/shepherd-5013441_1280.jpg","width":1280,"height":960},{"@type":"BreadcrumbList","@id":"https:\/\/exaudi.org\/it\/riflessione-del-vescovo-enrique-diaz-il-signore-e-il-mio-pastore-non-mi-manchera-nulla-alleluia\/#breadcrumb","itemListElement":[{"@type":"ListItem","position":1,"name":"Portada","item":"https:\/\/exaudi.org\/it\/"},{"@type":"ListItem","position":2,"name":"Riflessione del Vescovo Enrique D\u00edaz: Il Signore \u00e8 il mio pastore: non mi mancher\u00e0 nulla. Alleluia"}]},{"@type":"WebSite","@id":"https:\/\/exaudi.org\/#website","url":"https:\/\/exaudi.org\/","name":"Exaudi","description":"News","potentialAction":[{"@type":"SearchAction","target":{"@type":"EntryPoint","urlTemplate":"https:\/\/exaudi.org\/?s={search_term_string}"},"query-input":{"@type":"PropertyValueSpecification","valueRequired":true,"valueName":"search_term_string"}}],"inLanguage":"it-IT"},{"@type":"Person","@id":"https:\/\/exaudi.org\/#\/schema\/person\/c02ffbd10830fa375f6882f7dcf1844d","name":"Enrique D\u00edaz","image":{"@type":"ImageObject","inLanguage":"it-IT","@id":"https:\/\/secure.gravatar.com\/avatar\/7ca10be5325a95d04b74082d68ba605aa69611eb0f68f47096cb1bc349873284?s=96&d=mm&r=g","url":"https:\/\/secure.gravatar.com\/avatar\/7ca10be5325a95d04b74082d68ba605aa69611eb0f68f47096cb1bc349873284?s=96&d=mm&r=g","contentUrl":"https:\/\/secure.gravatar.com\/avatar\/7ca10be5325a95d04b74082d68ba605aa69611eb0f68f47096cb1bc349873284?s=96&d=mm&r=g","caption":"Enrique D\u00edaz"},"description":"Naci\u00f3 en Huandacareo, Michoac\u00e1n, M\u00e9xico, en 1952. Realiz\u00f3 sus estudios de Filosof\u00eda y Teolog\u00eda en el Seminario de Morelia. Ordenado di\u00e1cono el 22 de mayo de 1977, y presb\u00edtero el 23 de octubre del mismo a\u00f1o. Obtuvo la Licenciatura en Sagrada Escritura en el Pontificio Instituto B\u00edblico en Roma. Ha desarrollado m\u00faltiples encargos pastorales como el de capell\u00e1n de la rector\u00eda de las Tres Aves Mar\u00edas; responsable de la Pastoral B\u00edblica Diocesana y director de la Escuela B\u00edblica en Morelia; maestro de Biblia en el Seminario Conciliar de Morelia, p\u00e1rroco de la Parroquia de Nuestra Se\u00f1ora de Guadalupe, Col. Guadalupe, Morelia; o vicario episcopal para la Zona de Nuestra Se\u00f1ora de la Luz, P\u00e1tzcuaro. Ordenado obispo auxiliar de san Crist\u00f3bal de las Casas en 2003. En la Conferencia Episcopal form\u00f3 parte de las Comisiones de Biblia, Diaconado y Ministerios Laicales. Fue responsable de las Dimensiones de Ministerios Laicales, de Educaci\u00f3n y Cultura. Ha participado en encuentros latinoamericanos y mundiales sobre el Diaconado Permanente. Actualmente es el responsable de la Dimensi\u00f3n de Pastoral de la Cultura. Particip\u00f3 como Miembro del S\u00ednodo de Obispos sobre la Palabra de Dios en la Vida y Misi\u00f3n de la Iglesia en Roma, en 2008. Recibi\u00f3 el nombramiento de obispo coadjutor de San Crist\u00f3bal de las Casas en 2014. Nombrado II obispo de Irapuato el d\u00eda 11 de marzo, tom\u00f3 posesi\u00f3n el 19 de Mayo. Colabora en varias revistas y publicaciones sobre todo con la reflexi\u00f3n diaria y dominical tanto en audio como escrita.","url":"https:\/\/exaudi.org\/it\/author\/enriquediaz\/"}]}},"jetpack_featured_media_url":"https:\/\/exaudi.org\/wp-content\/uploads\/2026\/04\/shepherd-5013441_1280.jpg","jetpack_shortlink":"https:\/\/wp.me\/pgKjF2-HMv","_links":{"self":[{"href":"https:\/\/exaudi.org\/it\/wp-json\/wp\/v2\/posts\/168299","targetHints":{"allow":["GET"]}}],"collection":[{"href":"https:\/\/exaudi.org\/it\/wp-json\/wp\/v2\/posts"}],"about":[{"href":"https:\/\/exaudi.org\/it\/wp-json\/wp\/v2\/types\/post"}],"author":[{"embeddable":true,"href":"https:\/\/exaudi.org\/it\/wp-json\/wp\/v2\/users\/25"}],"replies":[{"embeddable":true,"href":"https:\/\/exaudi.org\/it\/wp-json\/wp\/v2\/comments?post=168299"}],"version-history":[{"count":3,"href":"https:\/\/exaudi.org\/it\/wp-json\/wp\/v2\/posts\/168299\/revisions"}],"predecessor-version":[{"id":168302,"href":"https:\/\/exaudi.org\/it\/wp-json\/wp\/v2\/posts\/168299\/revisions\/168302"}],"wp:featuredmedia":[{"embeddable":true,"href":"https:\/\/exaudi.org\/it\/wp-json\/wp\/v2\/media\/168250"}],"wp:attachment":[{"href":"https:\/\/exaudi.org\/it\/wp-json\/wp\/v2\/media?parent=168299"}],"wp:term":[{"taxonomy":"category","embeddable":true,"href":"https:\/\/exaudi.org\/it\/wp-json\/wp\/v2\/categories?post=168299"},{"taxonomy":"post_tag","embeddable":true,"href":"https:\/\/exaudi.org\/it\/wp-json\/wp\/v2\/tags?post=168299"}],"curies":[{"name":"wp","href":"https:\/\/api.w.org\/{rel}","templated":true}]}}