{"id":168225,"date":"2026-04-24T19:16:12","date_gmt":"2026-04-24T17:16:12","guid":{"rendered":"https:\/\/exaudi.org\/?p=168225"},"modified":"2026-04-24T19:16:12","modified_gmt":"2026-04-24T17:16:12","slug":"il-leggendario-mondo-di-j-r-r-tolkien-fonte-di-ispirazione-e-guarigione","status":"publish","type":"post","link":"https:\/\/exaudi.org\/it\/il-leggendario-mondo-di-j-r-r-tolkien-fonte-di-ispirazione-e-guarigione\/","title":{"rendered":"Il leggendario mondo di J.R.R. Tolkien: fonte di ispirazione e guarigione"},"content":{"rendered":"<p><span dir=\"auto\" style=\"vertical-align: inherit\"><span dir=\"auto\" style=\"vertical-align: inherit\">Continuiamo con Tolkien\u2026 il grande linguista, scrittore, filologo, professore universitario e amante delle parole. Egli ha \u201ccreato\u201d un arazzo di storie commoventi, usando il potere delle parole, capaci di svelare il loro significato e di creare \u201cmondi possibili\u201d \u2013 mondi desiderabili e credibili che rallegrano il cuore.<\/span><\/span><\/p>\n<p><span dir=\"auto\" style=\"vertical-align: inherit\"><span dir=\"auto\" style=\"vertical-align: inherit\">Analizziamo alcune caratteristiche dei Racconti e delle Leggende del Professore di Oxford. Perch\u00e9, quando gli si chiede il significato di queste storie, Tolkien ci offre risposte incoraggianti.<\/span><\/span><\/p>\n<h3><strong><em><span dir=\"auto\" style=\"vertical-align: inherit\"><span dir=\"auto\" style=\"vertical-align: inherit\">Ispirare, commuovere e guarire<\/span><\/span><\/em><\/strong><\/h3>\n<p><span dir=\"auto\" style=\"vertical-align: inherit\"><span dir=\"auto\" style=\"vertical-align: inherit\">In una delle sue Lettere epistolari, la numero 181, pubblicata dalla casa editrice Minotauro, afferma che la sua opera \u00e8 una fiaba per adulti: \u00ab\u2026Credo che la fiaba abbia un suo modo di\u00a0 <\/span><\/span><strong><span dir=\"auto\" style=\"vertical-align: inherit\"><span dir=\"auto\" style=\"vertical-align: inherit\">riflettere la <\/span><\/span><\/strong><span dir=\"auto\" style=\"vertical-align: inherit\"><strong><span dir=\"auto\" style=\"vertical-align: inherit\">\u2018verit\u00e0\u2019,<\/span><\/strong><span dir=\"auto\" style=\"vertical-align: inherit\"> \u00a0diverso dall\u2019allegoria, dalla satira o dal \u2018realismo\u2019, e che sia, in un certo senso, pi\u00f9 potente. Ma soprattutto, deve riuscire come storia,\u00a0 <\/span><strong><span dir=\"auto\" style=\"vertical-align: inherit\">emozionare, piacere e talvolta anche commuovere\u00bb.<\/span><\/strong><\/span><strong>\u00a0<\/strong><\/p>\n<p><span dir=\"auto\" style=\"vertical-align: inherit\"><span dir=\"auto\" style=\"vertical-align: inherit\">Una storia che ispira, anche\u00a0 <\/span><\/span><strong><span dir=\"auto\" style=\"vertical-align: inherit\"><span dir=\"auto\" style=\"vertical-align: inherit\">&#8220;sublimata dal fascino della distanza <\/span><\/span><\/strong><strong><span dir=\"auto\" style=\"vertical-align: inherit\"><span dir=\"auto\" style=\"vertical-align: inherit\">nel <\/span><\/span><\/strong><strong><span dir=\"auto\" style=\"vertical-align: inherit\"><span dir=\"auto\" style=\"vertical-align: inherit\">tempo&#8230;&#8221;<\/span><\/span><\/strong><strong>\u00a0<\/strong><\/p>\n<p><span dir=\"auto\" style=\"vertical-align: inherit\"><span dir=\"auto\" style=\"vertical-align: inherit\">Le storie possiedono diverse sfaccettature: una magica, legata alla natura; una mistica, connessa alla spiritualit\u00e0 e ai desideri del cuore; ma fungono anche\u00a0 <\/span><\/span><strong><span dir=\"auto\" style=\"vertical-align: inherit\"><span dir=\"auto\" style=\"vertical-align: inherit\">da <\/span><\/span><\/strong><span dir=\"auto\" style=\"vertical-align: inherit\"><strong><span dir=\"auto\" style=\"vertical-align: inherit\">specchio<\/span><\/strong><span dir=\"auto\" style=\"vertical-align: inherit\"> \u00a0del comportamento umano, come ogni\u00a0 <\/span><strong><span dir=\"auto\" style=\"vertical-align: inherit\">buon <\/span><\/strong><strong><span dir=\"auto\" style=\"vertical-align: inherit\">mito<\/span><\/strong><span dir=\"auto\" style=\"vertical-align: inherit\"> in senso classico. Riflettono verit\u00e0 legate alla felicit\u00e0 o alla sfortuna nelle azioni che descrivono. Per questo sono\u00a0 <\/span><strong><span dir=\"auto\" style=\"vertical-align: inherit\">cos\u00ec fonte di ispirazione<\/span><\/strong><span dir=\"auto\" style=\"vertical-align: inherit\"> e contribuiscono a svelare il senso della vita.<\/span><\/span><strong>\u00a0<\/strong><strong>\u00a0<\/strong><strong>\u00a0<\/strong><\/p>\n<p><span dir=\"auto\" style=\"vertical-align: inherit\"><span dir=\"auto\" style=\"vertical-align: inherit\">Condivide questa filosofia delle fiabe con\u00a0 <\/span><\/span><strong><span dir=\"auto\" style=\"vertical-align: inherit\"><span dir=\"auto\" style=\"vertical-align: inherit\">G.K.\u00a0 <\/span><\/span><\/strong><strong><span dir=\"auto\" style=\"vertical-align: inherit\"><span dir=\"auto\" style=\"vertical-align: inherit\">Chesterton<\/span><\/span><\/strong><span dir=\"auto\" style=\"vertical-align: inherit\"><span dir=\"auto\" style=\"vertical-align: inherit\"> . Anche questo autore aveva precedentemente riflettuto e letto sulla narrativa, scrivendone in particolare nel suo libro &#8220;Ortodossia&#8221;, nel capitolo <\/span><strong><span dir=\"auto\" style=\"vertical-align: inherit\">&#8221;\u00a0 <\/span><\/strong><strong><span dir=\"auto\" style=\"vertical-align: inherit\">L&#8217;etica <\/span><\/strong><strong><span dir=\"auto\" style=\"vertical-align: inherit\">nella <\/span><\/strong><strong><span dir=\"auto\" style=\"vertical-align: inherit\">\u00a0terra <\/span><\/strong><strong><span dir=\"auto\" style=\"vertical-align: inherit\">dei folletti&#8221;.<\/span><\/strong><span dir=\"auto\" style=\"vertical-align: inherit\"> \u00a0Affermava che le fiabe possiedono un potere rigenerante e curativo per la mente, poich\u00e9 risvegliano una\u00a0 <\/span><strong><span dir=\"auto\" style=\"vertical-align: inherit\">nuova prospettiva<\/span><\/strong><span dir=\"auto\" style=\"vertical-align: inherit\"> sulle realt\u00e0 naturali del mondo, che sorprendentemente si ripetono con regolarit\u00e0, un fatto che sembra intenzionale&#8230; Questo lo port\u00f2 a credere, durante il suo periodo da ateo, che tutto fosse magico e che quindi dovesse esserci un &#8220;Mago&#8221; dietro ogni cosa.<\/span><\/span><strong>\u00a0<\/strong><strong>\u00a0<\/strong><\/p>\n<p><span dir=\"auto\" style=\"vertical-align: inherit\"><span dir=\"auto\" style=\"vertical-align: inherit\">La mitologia \u00e8 <\/span><strong><span dir=\"auto\" style=\"vertical-align: inherit\">una &#8221; <\/span><\/strong><strong><span dir=\"auto\" style=\"vertical-align: inherit\">ricerca <\/span><\/strong><strong><span dir=\"auto\" style=\"vertical-align: inherit\">&#8220;<\/span><\/strong><span dir=\"auto\" style=\"vertical-align: inherit\"> , sottolinea Chesterton&#8230; attraverso\u00a0 <\/span><strong><span dir=\"auto\" style=\"vertical-align: inherit\">l&#8217;immaginazione\u00a0 , come sapeva <\/span><\/strong><strong><span dir=\"auto\" style=\"vertical-align: inherit\">J.H.<\/span><\/strong><span dir=\"auto\" style=\"vertical-align: inherit\"> Newman, e attraverso la bellezza. Una ricerca della verit\u00e0. In particolare, afferma: <\/span><strong><span dir=\"auto\" style=\"vertical-align: inherit\">&#8221; <\/span><\/strong><strong><span dir=\"auto\" style=\"vertical-align: inherit\">Si cerca Dio attraverso <\/span><\/strong><strong><span dir=\"auto\" style=\"vertical-align: inherit\">l&#8217;immaginazione <\/span><\/strong><strong><span dir=\"auto\" style=\"vertical-align: inherit\">o si cerca la verit\u00e0 attraverso <\/span><\/strong><strong><span dir=\"auto\" style=\"vertical-align: inherit\">la bellezza <\/span><\/strong><strong><span dir=\"auto\" style=\"vertical-align: inherit\">&#8221; <\/span><\/strong><strong><span dir=\"auto\" style=\"vertical-align: inherit\">&#8230;<\/span><\/strong><span dir=\"auto\" style=\"vertical-align: inherit\"> E continua, pensando: &#8220;Perch\u00e9 non dovrebbe essere cos\u00ec?&#8221;.<\/span><\/span><strong>\u00a0<\/strong><strong>\u00a0<\/strong><\/p>\n<p><span dir=\"auto\" style=\"vertical-align: inherit\"><span dir=\"auto\" style=\"vertical-align: inherit\">Tolkien credeva anche nel potere delle fiabe di\u00a0 <\/span><\/span><strong><span dir=\"auto\" style=\"vertical-align: inherit\"><span dir=\"auto\" style=\"vertical-align: inherit\">ristorare e guarire la mente,<\/span><\/span><\/strong><span dir=\"auto\" style=\"vertical-align: inherit\"><span dir=\"auto\" style=\"vertical-align: inherit\"> \u00a0poich\u00e9 offrono una\u00a0 <\/span><\/span><strong><span dir=\"auto\" style=\"vertical-align: inherit\"><span dir=\"auto\" style=\"vertical-align: inherit\">sana evasione <\/span><\/span><\/strong><strong><span dir=\"auto\" style=\"vertical-align: inherit\"><span dir=\"auto\" style=\"vertical-align: inherit\">: a volte dalla monotonia, a volte dalla quotidianit\u00e0, e dalle difficolt\u00e0 e dai problemi della vita. Ma non si tratta di una fuga dalla realt\u00e0, bens\u00ec di un <\/span><\/span><\/strong><strong><span dir=\"auto\" style=\"vertical-align: inherit\"><span dir=\"auto\" style=\"vertical-align: inherit\">modo<\/span><\/span><\/strong><span dir=\"auto\" style=\"vertical-align: inherit\"><span dir=\"auto\" style=\"vertical-align: inherit\"> per trovare gioia e piacere in storie possibili e desiderabili.<\/span><\/span><\/p>\n<p><span dir=\"auto\" style=\"vertical-align: inherit\"><span dir=\"auto\" style=\"vertical-align: inherit\">Allo stesso modo, un&#8217;altra funzione delle storie \u00e8\u00a0 <\/span><\/span><strong><span dir=\"auto\" style=\"vertical-align: inherit\"><span dir=\"auto\" style=\"vertical-align: inherit\">quella di commuovere<\/span><\/span><\/strong><span dir=\"auto\" style=\"vertical-align: inherit\"><span dir=\"auto\" style=\"vertical-align: inherit\"> \u00a0e ispirare: qualcosa che tocca il cuore, perch\u00e9\u00a0 <\/span><\/span><strong><span dir=\"auto\" style=\"vertical-align: inherit\"><span dir=\"auto\" style=\"vertical-align: inherit\">&#8221; <\/span><\/span><\/strong><strong><span dir=\"auto\" style=\"vertical-align: inherit\"><span dir=\"auto\" style=\"vertical-align: inherit\">gioia <\/span><\/span><\/strong><span dir=\"auto\" style=\"vertical-align: inherit\"><strong><span dir=\"auto\" style=\"vertical-align: inherit\">e dolore sono taglienti come spade&#8221;. <\/span><\/strong><\/span><strong><span dir=\"auto\" style=\"vertical-align: inherit\"><span dir=\"auto\" style=\"vertical-align: inherit\">Inoltre<\/span><\/span><\/strong><span dir=\"auto\" style=\"vertical-align: inherit\"><span dir=\"auto\" style=\"vertical-align: inherit\"> \u00a0, e in particolare nell&#8217;opera di questo grande artista della Terra di Mezzo, esse offrono\u00a0 <\/span><strong><span dir=\"auto\" style=\"vertical-align: inherit\">conforto <\/span><\/strong><strong><span dir=\"auto\" style=\"vertical-align: inherit\">sotto forma di <\/span><\/strong><strong><span dir=\"auto\" style=\"vertical-align: inherit\">gioia <\/span><\/strong><strong><span dir=\"auto\" style=\"vertical-align: inherit\">:<\/span><\/strong><span dir=\"auto\" style=\"vertical-align: inherit\"> \u00a0una gioia, a volte inaspettata, per la &#8220;svolta&#8221; che apporta a una situazione, che pu\u00f2 commuovere fino alle lacrime. Questa gioia, egli sottolinea, \u00e8 un&#8217;eco\u00a0 <\/span><strong><span dir=\"auto\" style=\"vertical-align: inherit\">della Gioia <\/span><\/strong><strong><span dir=\"auto\" style=\"vertical-align: inherit\">del<\/span><\/strong><span dir=\"auto\" style=\"vertical-align: inherit\"> \u00a0mondo creato.<\/span><\/span><strong>\u00a0<\/strong><strong>\u00a0<\/strong><\/p>\n<p><img loading=\"lazy\" decoding=\"async\" class=\"size-full wp-image-167921 alignnone\" src=\"https:\/\/exaudi.org\/wp-content\/uploads\/2026\/04\/WhatsApp-Image-2026-04-23-at-20.49.19.jpeg\" alt=\"\" width=\"1280\" height=\"622\" srcset=\"https:\/\/exaudi.org\/wp-content\/uploads\/2026\/04\/WhatsApp-Image-2026-04-23-at-20.49.19.jpeg 1280w, https:\/\/exaudi.org\/wp-content\/uploads\/2026\/04\/WhatsApp-Image-2026-04-23-at-20.49.19-300x146.jpeg 300w, https:\/\/exaudi.org\/wp-content\/uploads\/2026\/04\/WhatsApp-Image-2026-04-23-at-20.49.19-1024x498.jpeg 1024w, https:\/\/exaudi.org\/wp-content\/uploads\/2026\/04\/WhatsApp-Image-2026-04-23-at-20.49.19-770x374.jpeg 770w, https:\/\/exaudi.org\/wp-content\/uploads\/2026\/04\/WhatsApp-Image-2026-04-23-at-20.49.19-500x243.jpeg 500w\" sizes=\"auto, (max-width: 1280px) 100vw, 1280px\" \/><\/p>\n<h3><strong><em><span dir=\"auto\" style=\"vertical-align: inherit\"><span dir=\"auto\" style=\"vertical-align: inherit\">Di cosa <\/span><\/span><\/em><\/strong><strong><em><span dir=\"auto\" style=\"vertical-align: inherit\"><span dir=\"auto\" style=\"vertical-align: inherit\">parlano\u00a0 <\/span><\/span><\/em><\/strong><strong><em><span dir=\"auto\" style=\"vertical-align: inherit\"><span dir=\"auto\" style=\"vertical-align: inherit\">queste storie?<\/span><\/span><\/em><\/strong><\/h3>\n<p><span dir=\"auto\" style=\"vertical-align: inherit\"><span dir=\"auto\" style=\"vertical-align: inherit\">A prima vista, Il Signore degli Anelli \u00e8 un&#8217;epopea incentrata sull&#8217;Unico Anello del Potere, che cerca di conquistare i cuori degli Uomini e di altre razze e personaggi. Ma\u00a0 <\/span><\/span><strong><span dir=\"auto\" style=\"vertical-align: inherit\"><span dir=\"auto\" style=\"vertical-align: inherit\">esso ha una volont\u00e0 propria,<\/span><\/span><\/strong><span dir=\"auto\" style=\"vertical-align: inherit\"><span dir=\"auto\" style=\"vertical-align: inherit\"> \u00a0e il suo scopo \u00e8 trovare il suo padrone: il Signore Oscuro.<\/span><\/span><\/p>\n<p><span dir=\"auto\" style=\"vertical-align: inherit\"><span dir=\"auto\" style=\"vertical-align: inherit\">Nel corso della sua leggendaria storia, la libert\u00e0 di ogni personaggio e la sua specifica missione sono di primaria importanza\u00a0 <\/span><strong><span dir=\"auto\" style=\"vertical-align: inherit\">, cos\u00ec come la preservazione della bellezza della Terra di Mezzo, come fanno gli Elfi, e l&#8217;arcana <\/span><\/strong><\/span><strong><span dir=\"auto\" style=\"vertical-align: inherit\"><span dir=\"auto\" style=\"vertical-align: inherit\">saggezza<\/span><\/span><\/strong><span dir=\"auto\" style=\"vertical-align: inherit\"><span dir=\"auto\" style=\"vertical-align: inherit\"> di\u00a0 <\/span><strong><span dir=\"auto\" style=\"vertical-align: inherit\">ogni <\/span><\/strong><\/span><strong><span dir=\"auto\" style=\"vertical-align: inherit\"><span dir=\"auto\" style=\"vertical-align: inherit\">popolo<\/span><\/span><\/strong><span dir=\"auto\" style=\"vertical-align: inherit\"><span dir=\"auto\" style=\"vertical-align: inherit\"> , con le loro antiche lingue che danno vita a storie avvincenti. Al centro della narrazione si trovano anche molti valori come\u00a0 <\/span><strong><span dir=\"auto\" style=\"vertical-align: inherit\">la lealt\u00e0<\/span><\/strong><span dir=\"auto\" style=\"vertical-align: inherit\"> e l&#8217;amicizia, l&#8217;onore e il sacrificio, i giuramenti, il vero amore e\u00a0 <\/span><strong><span dir=\"auto\" style=\"vertical-align: inherit\">,<\/span><\/strong><span dir=\"auto\" style=\"vertical-align: inherit\"> nonostante le difficolt\u00e0, i pericoli, le ombre incombenti e la sofferenza.<\/span><\/span><strong>\u00a0<\/strong><strong>\u00a0<\/strong><strong>\u00a0<\/strong><\/p>\n<p><span dir=\"auto\" style=\"vertical-align: inherit\"><span dir=\"auto\" style=\"vertical-align: inherit\">E l&#8217;\u00a0 <\/span><\/span><strong><span dir=\"auto\" style=\"vertical-align: inherit\"><span dir=\"auto\" style=\"vertical-align: inherit\">affascinante sfondo della sua opera risiede <\/span><\/span><\/strong><strong><span dir=\"auto\" style=\"vertical-align: inherit\"><span dir=\"auto\" style=\"vertical-align: inherit\">nella\u00a0 <\/span><\/span><\/strong><strong><span dir=\"auto\" style=\"vertical-align: inherit\"><span dir=\"auto\" style=\"vertical-align: inherit\">bellezza <\/span><\/span><\/strong><span dir=\"auto\" style=\"vertical-align: inherit\"><strong><span dir=\"auto\" style=\"vertical-align: inherit\">che crea e che risplende, non solo attraverso le storie e <\/span><\/strong><strong><span dir=\"auto\" style=\"vertical-align: inherit\">i<\/span><\/strong><span dir=\"auto\" style=\"vertical-align: inherit\"> \u00a0racconti che &#8220;sotto-crea&#8221;, ma anche attraverso le parole e i linguaggi, attraverso la poesia che &#8220;incanta&#8221; e introduce ogni elemento nella Storia della creazione, e attraverso la &#8220;magia&#8221; dell&#8217;aggettivo che dipinge mondi meravigliosi e singolari con la &#8220;potenza&#8221; di questo singolare Artista:\u00a0 <\/span><strong><span dir=\"auto\" style=\"vertical-align: inherit\">&#8220;il mago delle parole <\/span><\/strong><strong><span dir=\"auto\" style=\"vertical-align: inherit\">&#8220;&#8230;<\/span><\/strong><span dir=\"auto\" style=\"vertical-align: inherit\"> \u00a0Come dice il titolo di un piccolo libro che vi consiglio, dell&#8217;esperto Eduardo Segura.<\/span><\/span><strong>\u00a0<\/strong><strong>\u00a0<\/strong><\/p>\n<p><span dir=\"auto\" style=\"vertical-align: inherit\"><span dir=\"auto\" style=\"vertical-align: inherit\">Un mondo cos\u00ec bello da\u00a0 <\/span><\/span><strong><span dir=\"auto\" style=\"vertical-align: inherit\"><span dir=\"auto\" style=\"vertical-align: inherit\">parlare<\/span><\/span><\/strong><span dir=\"auto\" style=\"vertical-align: inherit\"><span dir=\"auto\" style=\"vertical-align: inherit\"> \u00a0a ognuno di noi, perch\u00e9 risuona con i\u00a0 <\/span><\/span><strong><span dir=\"auto\" style=\"vertical-align: inherit\"><span dir=\"auto\" style=\"vertical-align: inherit\">desideri pi\u00f9 nobili del cuore umano <\/span><\/span><\/strong><strong><span dir=\"auto\" style=\"vertical-align: inherit\"><span dir=\"auto\" style=\"vertical-align: inherit\">.\u00a0<\/span><\/span><\/strong><span dir=\"auto\" style=\"vertical-align: inherit\"><span dir=\"auto\" style=\"vertical-align: inherit\"> Anche se ci sono momenti difficili, profondi e tristi, persino terribili, proprio come nel mondo in cui viviamo. Ma si\u00a0 <\/span><\/span><strong><span dir=\"auto\" style=\"vertical-align: inherit\"><span dir=\"auto\" style=\"vertical-align: inherit\">connette sempre con la verit\u00e0<\/span><\/span><\/strong><span dir=\"auto\" style=\"vertical-align: inherit\"><span dir=\"auto\" style=\"vertical-align: inherit\"> \u00a0delle cose, con la verosimiglianza e con\u00a0 <\/span><\/span><strong><span dir=\"auto\" style=\"vertical-align: inherit\"><span dir=\"auto\" style=\"vertical-align: inherit\">la speranza<\/span><\/span><\/strong><strong>\u00a0<\/strong><span dir=\"auto\" style=\"vertical-align: inherit\"><span dir=\"auto\" style=\"vertical-align: inherit\"> , perch\u00e9 quell&#8217;imprevisto che cambia tutto e ci riempie di gioia pu\u00f2 sempre accadere.<\/span><\/span><\/p>\n<p><span dir=\"auto\" style=\"vertical-align: inherit\"><span dir=\"auto\" style=\"vertical-align: inherit\">Alcuni credono che si tratti di una lotta per il potere, o delle forze del bene e del male, che pure sono presenti, ma Tolkien ci dice che &#8220;il grande tema&#8221; e la preoccupazione principale della sua leggenda \u00e8\u00a0 <\/span><\/span><strong><span dir=\"auto\" style=\"vertical-align: inherit\"><span dir=\"auto\" style=\"vertical-align: inherit\">la morte <\/span><\/span><\/strong><span dir=\"auto\" style=\"vertical-align: inherit\"><strong><span dir=\"auto\" style=\"vertical-align: inherit\">dell&#8217;essere umano<\/span><\/strong><span dir=\"auto\" style=\"vertical-align: inherit\"> , insieme al\u00a0 <\/span><strong><span dir=\"auto\" style=\"vertical-align: inherit\">suo <\/span><\/strong><strong><span dir=\"auto\" style=\"vertical-align: inherit\">desiderio di rimanere,<\/span><\/strong><span dir=\"auto\" style=\"vertical-align: inherit\"> \u00a0di immortalit\u00e0 e di eternit\u00e0.<\/span><\/span><strong>\u00a0<\/strong><strong>\u00a0<\/strong><\/p>\n<p>&nbsp;<\/p>\n<p><img loading=\"lazy\" decoding=\"async\" class=\"size-full wp-image-167930 alignnone\" src=\"https:\/\/exaudi.org\/wp-content\/uploads\/2026\/04\/WhatsApp-Image-2026-04-23-at-20.49.50.jpeg\" alt=\"\" width=\"1440\" height=\"1082\" srcset=\"https:\/\/exaudi.org\/wp-content\/uploads\/2026\/04\/WhatsApp-Image-2026-04-23-at-20.49.50.jpeg 1440w, https:\/\/exaudi.org\/wp-content\/uploads\/2026\/04\/WhatsApp-Image-2026-04-23-at-20.49.50-300x225.jpeg 300w, https:\/\/exaudi.org\/wp-content\/uploads\/2026\/04\/WhatsApp-Image-2026-04-23-at-20.49.50-1024x769.jpeg 1024w, https:\/\/exaudi.org\/wp-content\/uploads\/2026\/04\/WhatsApp-Image-2026-04-23-at-20.49.50-770x579.jpeg 770w, https:\/\/exaudi.org\/wp-content\/uploads\/2026\/04\/WhatsApp-Image-2026-04-23-at-20.49.50-500x376.jpeg 500w\" sizes=\"auto, (max-width: 1440px) 100vw, 1440px\" \/><\/p>\n<p><span dir=\"auto\" style=\"vertical-align: inherit\"><span dir=\"auto\" style=\"vertical-align: inherit\">Nella Lettera 211, spiega che\u00a0 <\/span><\/span><strong><span dir=\"auto\" style=\"vertical-align: inherit\"><span dir=\"auto\" style=\"vertical-align: inherit\">la storia non &#8221; <\/span><\/span><\/strong><span dir=\"auto\" style=\"vertical-align: inherit\"><strong><span dir=\"auto\" style=\"vertical-align: inherit\">parla&#8221; di nulla se non di se stessa <\/span><\/strong><strong><span dir=\"auto\" style=\"vertical-align: inherit\">&#8230;\u00a0 <\/span><\/strong><strong><span dir=\"auto\" style=\"vertical-align: inherit\">E<\/span><\/strong><span dir=\"auto\" style=\"vertical-align: inherit\"> \u00a0se &#8220;parla&#8221; di qualcosa, non \u00e8 del &#8220;potere&#8221;.\u00a0 <\/span><strong><span dir=\"auto\" style=\"vertical-align: inherit\">&#8220;La <\/span><\/strong><strong><span dir=\"auto\" style=\"vertical-align: inherit\">ricerca <\/span><\/strong><strong><span dir=\"auto\" style=\"vertical-align: inherit\">del <\/span><\/strong><strong><span dir=\"auto\" style=\"vertical-align: inherit\">potere \u00e8 semplicemente il movente che mette in moto gli eventi<\/span><\/strong><span dir=\"auto\" style=\"vertical-align: inherit\"> \u00a0e credo che sia relativamente poco importante. Riguarda soprattutto la Morte e l&#8217;Immortalit\u00e0; e le &#8216;fughe&#8217;: la longevit\u00e0 e la custodia della memoria.&#8221;<\/span><\/span><strong>\u00a0<\/strong><strong>\u00a0<\/strong><\/p>\n<p><span dir=\"auto\" style=\"vertical-align: inherit\"><span dir=\"auto\" style=\"vertical-align: inherit\">Forse \u00e8 perch\u00e9 ha assistito alla morte fin dalla prima infanzia: suo padre, quando era molto piccolo, lontano e quasi senza ricordi, poi sua madre&#8230; quando aveva appena 12 anni, e suo fratello Hilary quando ne aveva 10. E la Grande Guerra. Il che lo porta a riconsiderare molte cose essenziali.<\/span><\/span><\/p>\n<p><span dir=\"auto\" style=\"vertical-align: inherit\"><span dir=\"auto\" style=\"vertical-align: inherit\">Le storie di Tolkien riflettono i grandi temi dell&#8217;umanit\u00e0,\u00a0 <\/span><\/span><strong><span dir=\"auto\" style=\"vertical-align: inherit\"><span dir=\"auto\" style=\"vertical-align: inherit\">le domande esistenziali<\/span><\/span><\/strong><span dir=\"auto\" style=\"vertical-align: inherit\"><span dir=\"auto\" style=\"vertical-align: inherit\"> \u00a0che tutti ci poniamo, domande che ci riguardano e ci danno un senso&#8230; In altre parole, quei\u00a0 <\/span><\/span><strong><span dir=\"auto\" style=\"vertical-align: inherit\"><span dir=\"auto\" style=\"vertical-align: inherit\">desideri primordiali<\/span><\/span><\/strong><span dir=\"auto\" style=\"vertical-align: inherit\"><span dir=\"auto\" style=\"vertical-align: inherit\"> \u00a0del genere umano, della natura creata e di Dio stesso. Ad esempio, il desiderio di\u00a0 <\/span><\/span><strong><span dir=\"auto\" style=\"vertical-align: inherit\"><span dir=\"auto\" style=\"vertical-align: inherit\">trascendere le barriere <\/span><\/span><\/strong><span dir=\"auto\" style=\"vertical-align: inherit\"><strong><span dir=\"auto\" style=\"vertical-align: inherit\">del tempo e dello spazio<\/span><\/strong><span dir=\"auto\" style=\"vertical-align: inherit\"> &#8230; come discusse con il suo amico C.S. Lewis; o\u00a0 <\/span><strong><span dir=\"auto\" style=\"vertical-align: inherit\">di comunicare con altri esseri viventi<\/span><\/strong><span dir=\"auto\" style=\"vertical-align: inherit\"> \u00a0comprendendone il linguaggio&#8230; E Tolkien sottolinea che \u00e8 questo che conferisce alle fiabe il loro &#8220;sapore&#8221;.<\/span><\/span><strong>\u00a0<\/strong><\/p>\n<p><span dir=\"auto\" style=\"vertical-align: inherit\"><span dir=\"auto\" style=\"vertical-align: inherit\">Ad esempio, ne Il Signore degli Anelli, c&#8217;\u00e8 il personaggio di\u00a0 <\/span><\/span><strong><span dir=\"auto\" style=\"vertical-align: inherit\"><span dir=\"auto\" style=\"vertical-align: inherit\">Tom Bombadil,<\/span><\/span><\/strong><span dir=\"auto\" style=\"vertical-align: inherit\"><span dir=\"auto\" style=\"vertical-align: inherit\"> \u00a0saggio, allegro, antico come la terra, che canticchia tra i boschi e si connette con la natura, o\u00a0 <\/span><\/span><strong><span dir=\"auto\" style=\"vertical-align: inherit\"><span dir=\"auto\" style=\"vertical-align: inherit\">Radagast il Bruno<\/span><\/span><\/strong><span dir=\"auto\" style=\"vertical-align: inherit\"><span dir=\"auto\" style=\"vertical-align: inherit\"> , che \u00e8 abbagliato da quella bellezza e comunica con le creature della foresta&#8230;<\/span><\/span><\/p>\n<p><span dir=\"auto\" style=\"vertical-align: inherit\"><span dir=\"auto\" style=\"vertical-align: inherit\">E\u00a0 <\/span><\/span><strong><span dir=\"auto\" style=\"vertical-align: inherit\"><span dir=\"auto\" style=\"vertical-align: inherit\">l&#8217;Arte<\/span><\/span><\/strong><span dir=\"auto\" style=\"vertical-align: inherit\"><span dir=\"auto\" style=\"vertical-align: inherit\"> , quel dono che gli \u00e8 stato dato&#8230; \u00c8 ben consapevole che, nonostante tanta sofferenza e morte, &#8220;al di l\u00e0 dei confini di questo mondo&#8221; c&#8217;\u00e8 qualcosa di bello, eterno, meraviglioso.<\/span><\/span><\/p>\n<p><span dir=\"auto\" style=\"vertical-align: inherit\"><span dir=\"auto\" style=\"vertical-align: inherit\">Continua\u2026<\/span><\/span><\/p>\n<p><em><strong><span dir=\"auto\" style=\"vertical-align: inherit\"><span dir=\"auto\" style=\"vertical-align: inherit\">Da non perdere:\u00a0 <\/span><\/span><a href=\"https:\/\/exaudi.org\/es\/j-r-r-tolkien-y-su-legendario\/\" target=\"_blank\" rel=\"noopener\"><span dir=\"auto\" style=\"vertical-align: inherit\"><span dir=\"auto\" style=\"vertical-align: inherit\">JRR Tolkien e il suo leggendario<\/span><\/span><\/a><\/strong><\/em><\/p>\n","protected":false},"excerpt":{"rendered":"<p>Il potere rigenerante del fantasy e il significato della morte nella Terra di Mezzo<\/p>\n","protected":false},"author":170,"featured_media":167911,"comment_status":"closed","ping_status":"closed","sticky":false,"template":"","format":"standard","meta":{"_acf_changed":false,"_crdt_document":"","inline_featured_image":false,"footnotes":""},"categories":[129],"tags":[3147,2476,6872,79250,30410,110374,52945,109310,14606,3371,110375,110376,110373,108378,31427,891,16532,79253,14782,21680,108379,38941,110378,15296,3120,110379,4749,110377,83483,22791,110380,11449,65168,483,108386,108387,110381,64787,10335],"class_list":["post-168225","post","type-post","status-publish","format-standard","has-post-thumbnail","hentry","category-voci","tag-amicizia","tag-arte","tag-bellezza","tag-c-s-lewis-4","tag-conforto","tag-eduardo-segura-2","tag-entusiasmo-2","tag-esistenzialismo","tag-eternita","tag-etica-it","tag-evasione","tag-fantasy","tag-fiabe","tag-filologia-2","tag-g-k-chesterton-2","tag-gioia","tag-guarigione","tag-il-signore-degli-anelli","tag-immaginazione","tag-immortalita","tag-j-r-r-tolkien-2","tag-legalita","tag-leggendario","tag-letteratura","tag-liberta","tag-mitologia-2","tag-morte","tag-onore","tag-ortodossia","tag-oxford-2","tag-radagast-2","tag-sacrificio","tag-significato-della-vita","tag-speranza","tag-subcreazione","tag-terra-di-mezzo","tag-tom-bombadil-2","tag-trending-it-236","tag-verita"],"acf":[],"yoast_head":"<!-- This site is optimized with the Yoast SEO plugin v27.5 - https:\/\/yoast.com\/product\/yoast-seo-wordpress\/ -->\n<title>Il leggendario mondo di J.R.R. Tolkien: fonte di ispirazione e guarigione &#8211; Exaudi<\/title>\n<meta name=\"robots\" content=\"index, follow, max-snippet:-1, max-image-preview:large, max-video-preview:-1\" \/>\n<link rel=\"canonical\" href=\"https:\/\/exaudi.org\/it\/il-leggendario-mondo-di-j-r-r-tolkien-fonte-di-ispirazione-e-guarigione\/\" \/>\n<meta property=\"og:locale\" content=\"it_IT\" \/>\n<meta property=\"og:type\" content=\"article\" \/>\n<meta property=\"og:title\" content=\"Il leggendario mondo di J.R.R. Tolkien: fonte di ispirazione e guarigione &#8211; Exaudi\" \/>\n<meta property=\"og:description\" content=\"Il potere rigenerante del fantasy e il significato della morte nella Terra di Mezzo\" \/>\n<meta property=\"og:url\" content=\"https:\/\/exaudi.org\/it\/il-leggendario-mondo-di-j-r-r-tolkien-fonte-di-ispirazione-e-guarigione\/\" \/>\n<meta property=\"og:site_name\" content=\"Exaudi\" \/>\n<meta property=\"article:publisher\" content=\"https:\/\/www.facebook.com\/ExaudiNews\" \/>\n<meta property=\"article:published_time\" content=\"2026-04-24T17:16:12+00:00\" \/>\n<meta property=\"og:image\" content=\"https:\/\/exaudi.org\/wp-content\/uploads\/2026\/04\/Gemini_Generated_Image_48yu7148yu7148yu-1024x559.png\" \/>\n\t<meta property=\"og:image:width\" content=\"1024\" \/>\n\t<meta property=\"og:image:height\" content=\"559\" \/>\n\t<meta property=\"og:image:type\" content=\"image\/png\" \/>\n<meta name=\"author\" content=\"Mar\u00eda Jos\u00e9 Calvo\" \/>\n<meta name=\"twitter:card\" content=\"summary_large_image\" \/>\n<meta name=\"twitter:creator\" content=\"@Exaudi_News\" \/>\n<meta name=\"twitter:site\" content=\"@Exaudi_News\" \/>\n<meta name=\"twitter:label1\" content=\"Scritto da\" \/>\n\t<meta name=\"twitter:data1\" content=\"Mar\u00eda Jos\u00e9 Calvo\" \/>\n\t<meta name=\"twitter:label2\" content=\"Tempo di lettura stimato\" \/>\n\t<meta name=\"twitter:data2\" content=\"5 minuti\" \/>\n<script type=\"application\/ld+json\" class=\"yoast-schema-graph\">{\"@context\":\"https:\\\/\\\/schema.org\",\"@graph\":[{\"@type\":\"Article\",\"@id\":\"https:\\\/\\\/exaudi.org\\\/it\\\/il-leggendario-mondo-di-j-r-r-tolkien-fonte-di-ispirazione-e-guarigione\\\/#article\",\"isPartOf\":{\"@id\":\"https:\\\/\\\/exaudi.org\\\/it\\\/il-leggendario-mondo-di-j-r-r-tolkien-fonte-di-ispirazione-e-guarigione\\\/\"},\"author\":{\"name\":\"Mar\u00eda Jos\u00e9 Calvo\",\"@id\":\"https:\\\/\\\/exaudi.org\\\/#\\\/schema\\\/person\\\/fd37060fab16c88ce87c85e001ec18d5\"},\"headline\":\"Il leggendario mondo di J.R.R. Tolkien: fonte di ispirazione e guarigione\",\"datePublished\":\"2026-04-24T17:16:12+00:00\",\"mainEntityOfPage\":{\"@id\":\"https:\\\/\\\/exaudi.org\\\/it\\\/il-leggendario-mondo-di-j-r-r-tolkien-fonte-di-ispirazione-e-guarigione\\\/\"},\"wordCount\":1129,\"image\":{\"@id\":\"https:\\\/\\\/exaudi.org\\\/it\\\/il-leggendario-mondo-di-j-r-r-tolkien-fonte-di-ispirazione-e-guarigione\\\/#primaryimage\"},\"thumbnailUrl\":\"https:\\\/\\\/exaudi.org\\\/wp-content\\\/uploads\\\/2026\\\/04\\\/Gemini_Generated_Image_48yu7148yu7148yu-e1776971504809.png\",\"keywords\":[\"amicizia\",\"arte\",\"bellezza\",\"C.S. Lewis\",\"conforto\",\"Eduardo Segura\",\"Entusiasmo\",\"Esistenzialismo\",\"ETERNIT\u00c0\",\"\u00c9tica\",\"Evasione\",\"Fantasy\",\"Fiabe\",\"filologia\",\"G.K. Chesterton\",\"gioia\",\"GUARIGIONE\",\"Il Signore degli Anelli\",\"IMMAGINAZIONE\",\"IMMORTALIT\u00c0\",\"J.R.R. Tolkien\",\"legalit\u00e0\",\"Leggendario\",\"LETTERATURA\",\"libert\u00e0\",\"Mitologia\",\"morte\",\"Onore\",\"Ortodossia\",\"Oxford\",\"Radagast\",\"sacrificio\",\"significato della vita\",\"speranza\",\"subcreazione\",\"Terra di Mezzo\",\"Tom Bombadil\",\"Trending\",\"VERIT\u00c0\"],\"articleSection\":[\"Voci\"],\"inLanguage\":\"it-IT\"},{\"@type\":\"WebPage\",\"@id\":\"https:\\\/\\\/exaudi.org\\\/it\\\/il-leggendario-mondo-di-j-r-r-tolkien-fonte-di-ispirazione-e-guarigione\\\/\",\"url\":\"https:\\\/\\\/exaudi.org\\\/it\\\/il-leggendario-mondo-di-j-r-r-tolkien-fonte-di-ispirazione-e-guarigione\\\/\",\"name\":\"Il leggendario mondo di J.R.R. Tolkien: fonte di ispirazione e guarigione &#8211; Exaudi\",\"isPartOf\":{\"@id\":\"https:\\\/\\\/exaudi.org\\\/#website\"},\"primaryImageOfPage\":{\"@id\":\"https:\\\/\\\/exaudi.org\\\/it\\\/il-leggendario-mondo-di-j-r-r-tolkien-fonte-di-ispirazione-e-guarigione\\\/#primaryimage\"},\"image\":{\"@id\":\"https:\\\/\\\/exaudi.org\\\/it\\\/il-leggendario-mondo-di-j-r-r-tolkien-fonte-di-ispirazione-e-guarigione\\\/#primaryimage\"},\"thumbnailUrl\":\"https:\\\/\\\/exaudi.org\\\/wp-content\\\/uploads\\\/2026\\\/04\\\/Gemini_Generated_Image_48yu7148yu7148yu-e1776971504809.png\",\"datePublished\":\"2026-04-24T17:16:12+00:00\",\"author\":{\"@id\":\"https:\\\/\\\/exaudi.org\\\/#\\\/schema\\\/person\\\/fd37060fab16c88ce87c85e001ec18d5\"},\"breadcrumb\":{\"@id\":\"https:\\\/\\\/exaudi.org\\\/it\\\/il-leggendario-mondo-di-j-r-r-tolkien-fonte-di-ispirazione-e-guarigione\\\/#breadcrumb\"},\"inLanguage\":\"it-IT\",\"potentialAction\":[{\"@type\":\"ReadAction\",\"target\":[\"https:\\\/\\\/exaudi.org\\\/it\\\/il-leggendario-mondo-di-j-r-r-tolkien-fonte-di-ispirazione-e-guarigione\\\/\"]}]},{\"@type\":\"ImageObject\",\"inLanguage\":\"it-IT\",\"@id\":\"https:\\\/\\\/exaudi.org\\\/it\\\/il-leggendario-mondo-di-j-r-r-tolkien-fonte-di-ispirazione-e-guarigione\\\/#primaryimage\",\"url\":\"https:\\\/\\\/exaudi.org\\\/wp-content\\\/uploads\\\/2026\\\/04\\\/Gemini_Generated_Image_48yu7148yu7148yu-e1776971504809.png\",\"contentUrl\":\"https:\\\/\\\/exaudi.org\\\/wp-content\\\/uploads\\\/2026\\\/04\\\/Gemini_Generated_Image_48yu7148yu7148yu-e1776971504809.png\",\"width\":1408,\"height\":768},{\"@type\":\"BreadcrumbList\",\"@id\":\"https:\\\/\\\/exaudi.org\\\/it\\\/il-leggendario-mondo-di-j-r-r-tolkien-fonte-di-ispirazione-e-guarigione\\\/#breadcrumb\",\"itemListElement\":[{\"@type\":\"ListItem\",\"position\":1,\"name\":\"Portada\",\"item\":\"https:\\\/\\\/exaudi.org\\\/it\\\/\"},{\"@type\":\"ListItem\",\"position\":2,\"name\":\"Il leggendario mondo di J.R.R. Tolkien: fonte di ispirazione e guarigione\"}]},{\"@type\":\"WebSite\",\"@id\":\"https:\\\/\\\/exaudi.org\\\/#website\",\"url\":\"https:\\\/\\\/exaudi.org\\\/\",\"name\":\"Exaudi\",\"description\":\"News\",\"potentialAction\":[{\"@type\":\"SearchAction\",\"target\":{\"@type\":\"EntryPoint\",\"urlTemplate\":\"https:\\\/\\\/exaudi.org\\\/?s={search_term_string}\"},\"query-input\":{\"@type\":\"PropertyValueSpecification\",\"valueRequired\":true,\"valueName\":\"search_term_string\"}}],\"inLanguage\":\"it-IT\"},{\"@type\":\"Person\",\"@id\":\"https:\\\/\\\/exaudi.org\\\/#\\\/schema\\\/person\\\/fd37060fab16c88ce87c85e001ec18d5\",\"name\":\"Mar\u00eda Jos\u00e9 Calvo\",\"image\":{\"@type\":\"ImageObject\",\"inLanguage\":\"it-IT\",\"@id\":\"https:\\\/\\\/secure.gravatar.com\\\/avatar\\\/73b6961814c942fd30afb64aa4ccbb8793af117007ab407cdbb779f4a3224ab4?s=96&d=mm&r=g\",\"url\":\"https:\\\/\\\/secure.gravatar.com\\\/avatar\\\/73b6961814c942fd30afb64aa4ccbb8793af117007ab407cdbb779f4a3224ab4?s=96&d=mm&r=g\",\"contentUrl\":\"https:\\\/\\\/secure.gravatar.com\\\/avatar\\\/73b6961814c942fd30afb64aa4ccbb8793af117007ab407cdbb779f4a3224ab4?s=96&d=mm&r=g\",\"caption\":\"Mar\u00eda Jos\u00e9 Calvo\"},\"description\":\"Soy M\u00aa Jos\u00e9, M\u00e9dico de familia. Estudi\u00e9 en la Universidad de Navarra, y all\u00ed conoc\u00ed a mi marido. Pronto la familia suscit\u00f3 un gran inter\u00e9s en mi. Tuve la suerte de conocer y formarme con grandes pedagogos, entre ellos el Profesor Oliveros F. Otero, uno de los fundadores del Instituto de Ciencias de la Educaci\u00f3n de la Universidad de Navarra. Tambi\u00e9n hice diplomados en Orientaci\u00f3n Familiar en Madrid, en IPAO, con grandes profesionales y amigos, y un Asesoramiento familiar con Edufamilia. Hace tiempo comenc\u00e9 la aventura de escribir para compartir tantas cosas que ten\u00eda en mi cabeza y en mi coraz\u00f3n, e iba haciendo vida en mi propia familia, a la vez que escrib\u00eda en la Revista Hacer Familia, de Palabra. Pinceladas sobre la familia, el amor de pareja, y el arte de educar, con una mirada antropol\u00f3gica human\u00edstica, basada en la ciencia, la biolog\u00eda, la medicina\u2026 Asimismo, colaboro con otras revistas y diversas webs. En familia creamos un ambiente de confianza y libertad, donde se construye y re-construye cada persona, y donde se quiere a los dem\u00e1s de forma natural. Y ese ambiente va humanizando nuestro entorno. Aqu\u00ed me tienes: optimistaseducando.blogspot.com.es\",\"sameAs\":[\"https:\\\/\\\/optimistaseducando.blogspot.com\\\/\"],\"url\":\"https:\\\/\\\/exaudi.org\\\/it\\\/author\\\/maria-jose-calvo\\\/\"}]}<\/script>\n<!-- \/ Yoast SEO plugin. -->","yoast_head_json":{"title":"Il leggendario mondo di J.R.R. Tolkien: fonte di ispirazione e guarigione &#8211; Exaudi","robots":{"index":"index","follow":"follow","max-snippet":"max-snippet:-1","max-image-preview":"max-image-preview:large","max-video-preview":"max-video-preview:-1"},"canonical":"https:\/\/exaudi.org\/it\/il-leggendario-mondo-di-j-r-r-tolkien-fonte-di-ispirazione-e-guarigione\/","og_locale":"it_IT","og_type":"article","og_title":"Il leggendario mondo di J.R.R. Tolkien: fonte di ispirazione e guarigione &#8211; Exaudi","og_description":"Il potere rigenerante del fantasy e il significato della morte nella Terra di Mezzo","og_url":"https:\/\/exaudi.org\/it\/il-leggendario-mondo-di-j-r-r-tolkien-fonte-di-ispirazione-e-guarigione\/","og_site_name":"Exaudi","article_publisher":"https:\/\/www.facebook.com\/ExaudiNews","article_published_time":"2026-04-24T17:16:12+00:00","og_image":[{"width":1024,"height":559,"url":"https:\/\/exaudi.org\/wp-content\/uploads\/2026\/04\/Gemini_Generated_Image_48yu7148yu7148yu-1024x559.png","type":"image\/png"}],"author":"Mar\u00eda Jos\u00e9 Calvo","twitter_card":"summary_large_image","twitter_creator":"@Exaudi_News","twitter_site":"@Exaudi_News","twitter_misc":{"Scritto da":"Mar\u00eda Jos\u00e9 Calvo","Tempo di lettura stimato":"5 minuti"},"schema":{"@context":"https:\/\/schema.org","@graph":[{"@type":"Article","@id":"https:\/\/exaudi.org\/it\/il-leggendario-mondo-di-j-r-r-tolkien-fonte-di-ispirazione-e-guarigione\/#article","isPartOf":{"@id":"https:\/\/exaudi.org\/it\/il-leggendario-mondo-di-j-r-r-tolkien-fonte-di-ispirazione-e-guarigione\/"},"author":{"name":"Mar\u00eda Jos\u00e9 Calvo","@id":"https:\/\/exaudi.org\/#\/schema\/person\/fd37060fab16c88ce87c85e001ec18d5"},"headline":"Il leggendario mondo di J.R.R. Tolkien: fonte di ispirazione e guarigione","datePublished":"2026-04-24T17:16:12+00:00","mainEntityOfPage":{"@id":"https:\/\/exaudi.org\/it\/il-leggendario-mondo-di-j-r-r-tolkien-fonte-di-ispirazione-e-guarigione\/"},"wordCount":1129,"image":{"@id":"https:\/\/exaudi.org\/it\/il-leggendario-mondo-di-j-r-r-tolkien-fonte-di-ispirazione-e-guarigione\/#primaryimage"},"thumbnailUrl":"https:\/\/exaudi.org\/wp-content\/uploads\/2026\/04\/Gemini_Generated_Image_48yu7148yu7148yu-e1776971504809.png","keywords":["amicizia","arte","bellezza","C.S. Lewis","conforto","Eduardo Segura","Entusiasmo","Esistenzialismo","ETERNIT\u00c0","\u00c9tica","Evasione","Fantasy","Fiabe","filologia","G.K. Chesterton","gioia","GUARIGIONE","Il Signore degli Anelli","IMMAGINAZIONE","IMMORTALIT\u00c0","J.R.R. Tolkien","legalit\u00e0","Leggendario","LETTERATURA","libert\u00e0","Mitologia","morte","Onore","Ortodossia","Oxford","Radagast","sacrificio","significato della vita","speranza","subcreazione","Terra di Mezzo","Tom Bombadil","Trending","VERIT\u00c0"],"articleSection":["Voci"],"inLanguage":"it-IT"},{"@type":"WebPage","@id":"https:\/\/exaudi.org\/it\/il-leggendario-mondo-di-j-r-r-tolkien-fonte-di-ispirazione-e-guarigione\/","url":"https:\/\/exaudi.org\/it\/il-leggendario-mondo-di-j-r-r-tolkien-fonte-di-ispirazione-e-guarigione\/","name":"Il leggendario mondo di J.R.R. Tolkien: fonte di ispirazione e guarigione &#8211; Exaudi","isPartOf":{"@id":"https:\/\/exaudi.org\/#website"},"primaryImageOfPage":{"@id":"https:\/\/exaudi.org\/it\/il-leggendario-mondo-di-j-r-r-tolkien-fonte-di-ispirazione-e-guarigione\/#primaryimage"},"image":{"@id":"https:\/\/exaudi.org\/it\/il-leggendario-mondo-di-j-r-r-tolkien-fonte-di-ispirazione-e-guarigione\/#primaryimage"},"thumbnailUrl":"https:\/\/exaudi.org\/wp-content\/uploads\/2026\/04\/Gemini_Generated_Image_48yu7148yu7148yu-e1776971504809.png","datePublished":"2026-04-24T17:16:12+00:00","author":{"@id":"https:\/\/exaudi.org\/#\/schema\/person\/fd37060fab16c88ce87c85e001ec18d5"},"breadcrumb":{"@id":"https:\/\/exaudi.org\/it\/il-leggendario-mondo-di-j-r-r-tolkien-fonte-di-ispirazione-e-guarigione\/#breadcrumb"},"inLanguage":"it-IT","potentialAction":[{"@type":"ReadAction","target":["https:\/\/exaudi.org\/it\/il-leggendario-mondo-di-j-r-r-tolkien-fonte-di-ispirazione-e-guarigione\/"]}]},{"@type":"ImageObject","inLanguage":"it-IT","@id":"https:\/\/exaudi.org\/it\/il-leggendario-mondo-di-j-r-r-tolkien-fonte-di-ispirazione-e-guarigione\/#primaryimage","url":"https:\/\/exaudi.org\/wp-content\/uploads\/2026\/04\/Gemini_Generated_Image_48yu7148yu7148yu-e1776971504809.png","contentUrl":"https:\/\/exaudi.org\/wp-content\/uploads\/2026\/04\/Gemini_Generated_Image_48yu7148yu7148yu-e1776971504809.png","width":1408,"height":768},{"@type":"BreadcrumbList","@id":"https:\/\/exaudi.org\/it\/il-leggendario-mondo-di-j-r-r-tolkien-fonte-di-ispirazione-e-guarigione\/#breadcrumb","itemListElement":[{"@type":"ListItem","position":1,"name":"Portada","item":"https:\/\/exaudi.org\/it\/"},{"@type":"ListItem","position":2,"name":"Il leggendario mondo di J.R.R. Tolkien: fonte di ispirazione e guarigione"}]},{"@type":"WebSite","@id":"https:\/\/exaudi.org\/#website","url":"https:\/\/exaudi.org\/","name":"Exaudi","description":"News","potentialAction":[{"@type":"SearchAction","target":{"@type":"EntryPoint","urlTemplate":"https:\/\/exaudi.org\/?s={search_term_string}"},"query-input":{"@type":"PropertyValueSpecification","valueRequired":true,"valueName":"search_term_string"}}],"inLanguage":"it-IT"},{"@type":"Person","@id":"https:\/\/exaudi.org\/#\/schema\/person\/fd37060fab16c88ce87c85e001ec18d5","name":"Mar\u00eda Jos\u00e9 Calvo","image":{"@type":"ImageObject","inLanguage":"it-IT","@id":"https:\/\/secure.gravatar.com\/avatar\/73b6961814c942fd30afb64aa4ccbb8793af117007ab407cdbb779f4a3224ab4?s=96&d=mm&r=g","url":"https:\/\/secure.gravatar.com\/avatar\/73b6961814c942fd30afb64aa4ccbb8793af117007ab407cdbb779f4a3224ab4?s=96&d=mm&r=g","contentUrl":"https:\/\/secure.gravatar.com\/avatar\/73b6961814c942fd30afb64aa4ccbb8793af117007ab407cdbb779f4a3224ab4?s=96&d=mm&r=g","caption":"Mar\u00eda Jos\u00e9 Calvo"},"description":"Soy M\u00aa Jos\u00e9, M\u00e9dico de familia. Estudi\u00e9 en la Universidad de Navarra, y all\u00ed conoc\u00ed a mi marido. Pronto la familia suscit\u00f3 un gran inter\u00e9s en mi. Tuve la suerte de conocer y formarme con grandes pedagogos, entre ellos el Profesor Oliveros F. Otero, uno de los fundadores del Instituto de Ciencias de la Educaci\u00f3n de la Universidad de Navarra. Tambi\u00e9n hice diplomados en Orientaci\u00f3n Familiar en Madrid, en IPAO, con grandes profesionales y amigos, y un Asesoramiento familiar con Edufamilia. Hace tiempo comenc\u00e9 la aventura de escribir para compartir tantas cosas que ten\u00eda en mi cabeza y en mi coraz\u00f3n, e iba haciendo vida en mi propia familia, a la vez que escrib\u00eda en la Revista Hacer Familia, de Palabra. Pinceladas sobre la familia, el amor de pareja, y el arte de educar, con una mirada antropol\u00f3gica human\u00edstica, basada en la ciencia, la biolog\u00eda, la medicina\u2026 Asimismo, colaboro con otras revistas y diversas webs. En familia creamos un ambiente de confianza y libertad, donde se construye y re-construye cada persona, y donde se quiere a los dem\u00e1s de forma natural. Y ese ambiente va humanizando nuestro entorno. Aqu\u00ed me tienes: optimistaseducando.blogspot.com.es","sameAs":["https:\/\/optimistaseducando.blogspot.com\/"],"url":"https:\/\/exaudi.org\/it\/author\/maria-jose-calvo\/"}]}},"jetpack_featured_media_url":"https:\/\/exaudi.org\/wp-content\/uploads\/2026\/04\/Gemini_Generated_Image_48yu7148yu7148yu-e1776971504809.png","jetpack_shortlink":"https:\/\/wp.me\/pgKjF2-HLj","_links":{"self":[{"href":"https:\/\/exaudi.org\/it\/wp-json\/wp\/v2\/posts\/168225","targetHints":{"allow":["GET"]}}],"collection":[{"href":"https:\/\/exaudi.org\/it\/wp-json\/wp\/v2\/posts"}],"about":[{"href":"https:\/\/exaudi.org\/it\/wp-json\/wp\/v2\/types\/post"}],"author":[{"embeddable":true,"href":"https:\/\/exaudi.org\/it\/wp-json\/wp\/v2\/users\/170"}],"replies":[{"embeddable":true,"href":"https:\/\/exaudi.org\/it\/wp-json\/wp\/v2\/comments?post=168225"}],"version-history":[{"count":3,"href":"https:\/\/exaudi.org\/it\/wp-json\/wp\/v2\/posts\/168225\/revisions"}],"predecessor-version":[{"id":168228,"href":"https:\/\/exaudi.org\/it\/wp-json\/wp\/v2\/posts\/168225\/revisions\/168228"}],"wp:featuredmedia":[{"embeddable":true,"href":"https:\/\/exaudi.org\/it\/wp-json\/wp\/v2\/media\/167911"}],"wp:attachment":[{"href":"https:\/\/exaudi.org\/it\/wp-json\/wp\/v2\/media?parent=168225"}],"wp:term":[{"taxonomy":"category","embeddable":true,"href":"https:\/\/exaudi.org\/it\/wp-json\/wp\/v2\/categories?post=168225"},{"taxonomy":"post_tag","embeddable":true,"href":"https:\/\/exaudi.org\/it\/wp-json\/wp\/v2\/tags?post=168225"}],"curies":[{"name":"wp","href":"https:\/\/api.w.org\/{rel}","templated":true}]}}