{"id":168190,"date":"2026-04-24T17:57:15","date_gmt":"2026-04-24T15:57:15","guid":{"rendered":"https:\/\/exaudi.org\/?p=168190"},"modified":"2026-04-24T17:57:15","modified_gmt":"2026-04-24T15:57:15","slug":"scienza-ed-etica-convergono-per-definire-il-futuro-dellumanita","status":"publish","type":"post","link":"https:\/\/exaudi.org\/it\/scienza-ed-etica-convergono-per-definire-il-futuro-dellumanita\/","title":{"rendered":"Scienza ed etica convergono per definire il futuro dell&#8217;umanit\u00e0"},"content":{"rendered":"<div id=\"postCongreso\" class=\"fusion-text fusion-text-1 postCongreso\">\n<p><span dir=\"auto\" style=\"vertical-align: inherit\"><span dir=\"auto\" style=\"vertical-align: inherit\">Esperti internazionali dell&#8217;Universit\u00e0 Cattolica di Valencia stanno analizzando i limiti della modifica genetica, la creazione di organoidi e le sfide poste dal transumanesimo nella prospettiva della dignit\u00e0 umana.<\/span><\/span><\/p>\n<\/div>\n<div class=\"fusion-image-carousel fusion-image-carousel-auto fusion-image-carousel-1\">\n<div class=\"awb-carousel awb-swiper awb-swiper-carousel awb-carousel--carousel awb-swiper-dots-position-bottom swiper-initialized swiper-horizontal swiper-autoheight\" data-layout=\"carousel\" data-autoplay=\"no\" data-autoplayspeed=\"2500\" data-autoplaypause=\"no\" data-columns=\"1.0\" data-columnsmedium=\"1\" data-columnssmall=\"1\" data-itemmargin=\"0\" data-itemwidth=\"180\" data-touchscroll=\"no\" data-freemode=\"no\" data-imagesize=\"auto\" data-scrollitems=\"0\" data-centeredslides=\"no\" data-rotationangle=\"50\" data-depth=\"100\" data-speed=\"500\" data-shadow=\"no\" data-pagination=\"bullets\">\n<div id=\"swiper-wrapper-ef033bc4ed4d9b7e\" class=\"swiper-wrapper awb-image-carousel-wrapper fusion-flex-align-items-center\" aria-live=\"polite\">\n<div class=\"swiper-slide swiper-slide-active\" role=\"group\" aria-label=\"1\/18\" data-swiper-slide-index=\"0\">\n<div class=\"fusion-carousel-item-wrapper\">\n<div class=\"fusion-image-wrapper hover-type-none\">\n<div class=\"fusion-content-tb fusion-content-tb-1\">\n<div id=\"postCongreso\" class=\"fusion-fullwidth fullwidth-box fusion-builder-row-3-1 fusion-flex-container has-pattern-background has-mask-background nonhundred-percent-fullwidth non-hundred-percent-height-scrolling postCongreso\">\n<div class=\"fusion-builder-row fusion-row fusion-flex-align-items-flex-start fusion-flex-content-wrap\">\n<div class=\"fusion-layout-column fusion_builder_column fusion-builder-column-3 fusion_builder_column_1_1 1_1 fusion-flex-column\">\n<div class=\"fusion-column-wrapper fusion-flex-justify-content-flex-start fusion-content-layout-column\">\n<div id=\"postCongreso\" class=\"fusion-text fusion-text-2 postCongreso\">\n<p><span dir=\"auto\" style=\"vertical-align: inherit\"><span dir=\"auto\" style=\"vertical-align: inherit\">Il 20 aprile, l&#8217;Osservatorio di Bioetica dell&#8217;Universit\u00e0\u00a0 <\/span><\/span><a href=\"https:\/\/www.ucv.es\/actualidad\/todaslasnoticias\/mejorar-a-una-persona-con-edicion-genetica-es-un-eufemismo-de-eugenesia-y-dedicar-recursos-a-ello-resulta-obsceno\" target=\"_blank\" rel=\"noopener\"><span dir=\"auto\" style=\"vertical-align: inherit\"><span dir=\"auto\" style=\"vertical-align: inherit\">Cattolica di Valencia<\/span><\/span><\/a><span dir=\"auto\" style=\"vertical-align: inherit\"><span dir=\"auto\" style=\"vertical-align: inherit\"> \u00a0(UCV) ha tenuto il suo congresso annuale dal titolo\u00a0 <\/span><\/span><strong><a href=\"https:\/\/www.youtube.com\/watch?v=r6DtmtwfAP4&amp;t=1301s\" target=\"_blank\" rel=\"noopener\"><em><span dir=\"auto\" style=\"vertical-align: inherit\"><span dir=\"auto\" style=\"vertical-align: inherit\">&#8220;Biologia sintetica e futuro dell&#8217;umanit\u00e0: possibilit\u00e0, limiti e sfide bioetiche<\/span><\/span><\/em><\/a><\/strong><span dir=\"auto\" style=\"vertical-align: inherit\"><span dir=\"auto\" style=\"vertical-align: inherit\"> &#8220;. Questo forum ha riunito scienziati, giuristi e filosofi di spicco per riflettere su una delle frontiere pi\u00f9 ambiziose della scienza moderna: la capacit\u00e0 di riprogettare e costruire sistemi biologici.<\/span><\/span><\/p>\n<p><span dir=\"auto\" style=\"vertical-align: inherit\"><span dir=\"auto\" style=\"vertical-align: inherit\">L&#8217;evento istituzionale \u00e8 stato inaugurato da\u00a0 <\/span><\/span><strong><span dir=\"auto\" style=\"vertical-align: inherit\"><span dir=\"auto\" style=\"vertical-align: inherit\">Jos\u00e9 Manuel Pag\u00e1n<\/span><\/span><\/strong><span dir=\"auto\" style=\"vertical-align: inherit\"><span dir=\"auto\" style=\"vertical-align: inherit\"> , rettore dell&#8217;UCV, e\u00a0 <\/span><\/span><strong><span dir=\"auto\" style=\"vertical-align: inherit\"><span dir=\"auto\" style=\"vertical-align: inherit\">Rafael Sebasti\u00e1n Aguilar<\/span><\/span><\/strong><span dir=\"auto\" style=\"vertical-align: inherit\"><span dir=\"auto\" style=\"vertical-align: inherit\"> , direttore generale della Scienza e della Ricerca del Governo Valenciano, insieme a\u00a0 <\/span><\/span><strong><span dir=\"auto\" style=\"vertical-align: inherit\"><span dir=\"auto\" style=\"vertical-align: inherit\">Julio Tudela<\/span><\/span><\/strong><span dir=\"auto\" style=\"vertical-align: inherit\"><span dir=\"auto\" style=\"vertical-align: inherit\"> , direttore dell&#8217;Osservatorio di Bioetica dell&#8217;UCV.<\/span><\/span><\/p>\n<div id=\"attachment_10008352\" class=\"wp-caption alignnone\">\n<p>&nbsp;<\/p>\n<figure class=\"wp-caption alignnone\"><img loading=\"lazy\" decoding=\"async\" src=\"https:\/\/www.observatoriobioetica.org\/wp-content\/uploads\/2026\/04\/Teresa1-1-scaled.jpg\" alt=\"\" width=\"4096\" height=\"804\" aria-describedby=\"caption-attachment-10008352\" \/><figcaption class=\"wp-caption-text\"><span dir=\"auto\" style=\"vertical-align: inherit\"><span dir=\"auto\" style=\"vertical-align: inherit\">Rafael Sebasti\u00e1n, Jos\u00e9 Manuel Pag\u00e1n e Julio Tudela<\/span><\/span><\/figcaption><\/figure>\n<\/div>\n<h3><strong><span dir=\"auto\" style=\"vertical-align: inherit\"><span dir=\"auto\" style=\"vertical-align: inherit\">Medicina rigenerativa e limiti della modifica genetica<\/span><\/span><\/strong><\/h3>\n<p><span dir=\"auto\" style=\"vertical-align: inherit\"><span dir=\"auto\" style=\"vertical-align: inherit\">La prima sessione del congresso, moderata da\u00a0 <\/span><\/span><strong><span dir=\"auto\" style=\"vertical-align: inherit\"><span dir=\"auto\" style=\"vertical-align: inherit\">Ana de Luis<\/span><\/span><\/strong><span dir=\"auto\" style=\"vertical-align: inherit\"><span dir=\"auto\" style=\"vertical-align: inherit\"> , professoressa di biotecnologie presso l&#8217;UCV, ha affrontato i pi\u00f9 recenti progressi tecnologici.\u00a0 <\/span><\/span><strong><span dir=\"auto\" style=\"vertical-align: inherit\"><span dir=\"auto\" style=\"vertical-align: inherit\">N\u00faria Montserrat<\/span><\/span><\/strong><span dir=\"auto\" style=\"vertical-align: inherit\"><span dir=\"auto\" style=\"vertical-align: inherit\"> , attuale Ministro delle Universit\u00e0 del Governo della Catalogna e ricercatrice principale presso l&#8217;Istituto di Bioingegneria della Catalogna (IBEC), ha partecipato da remoto, incentrando la sua presentazione sull&#8217;immenso potenziale della medicina rigenerativa. Ha spiegato come, attraverso la riprogrammazione cellulare, il suo laboratorio sia riuscito a creare organoidi, o &#8220;mini-organi&#8221;, come reni o cuori in miniatura, a partire da cellule staminali. Queste strutture aprono la strada alla sperimentazione di farmaci con una precisione senza precedenti e allo studio delle malattie umane senza la necessit\u00e0 di modelli animali.<\/span><\/span><\/p>\n<p><span dir=\"auto\" style=\"vertical-align: inherit\"><span dir=\"auto\" style=\"vertical-align: inherit\">Da parte sua,\u00a0 <\/span><\/span><strong><span dir=\"auto\" style=\"vertical-align: inherit\"><span dir=\"auto\" style=\"vertical-align: inherit\">Llu\u00eds Montoliu<\/span><\/span><\/strong><span dir=\"auto\" style=\"vertical-align: inherit\"><span dir=\"auto\" style=\"vertical-align: inherit\"> , ricercatore presso il Consiglio Nazionale delle Ricerche spagnolo (CSIC) e vicedirettore del Centro Nazionale di Biotecnologie (CNB), ha sottolineato il realismo tecnico in contrapposizione alle promesse della fantascienza. In qualit\u00e0 di esperto dello strumento CRISPR, Montoliu ha avvertito che, sebbene la tecnologia di editing sia potente, la creazione di esseri umani transgenici \u00e8 attualmente tecnicamente ed eticamente irrealizzabile. A sostegno della sua tesi, ha osservato che l&#8217;efficienza tecnica nei primati \u00e8 di appena lo 0,4%, il che negli esseri umani richiederebbe centinaia di embrioni e decine di madri surrogate per ottenere una singola nascita: qualcosa di insormontabile e inaccettabile. Ha denunciato i tentativi di potenziamento genetico e di eugenetica, citando la Convenzione di Oviedo, che vieta la modifica del genoma della prole, e ha sostenuto che gli sforzi scientifici dovrebbero concentrarsi esclusivamente sulla cura delle malattie e non sulla creazione di &#8220;superuomini&#8221;.<\/span><\/span><\/p>\n<div id=\"attachment_10008453\" class=\"wp-caption alignnone\">\n<p>&nbsp;<\/p>\n<figure class=\"wp-caption alignnone\"><img loading=\"lazy\" decoding=\"async\" src=\"https:\/\/www.observatoriobioetica.org\/wp-content\/uploads\/2026\/04\/banner-nuria-scaled.jpg\" alt=\"\" width=\"4096\" height=\"817\" aria-describedby=\"caption-attachment-10008453\" \/><figcaption class=\"wp-caption-text\"><span dir=\"auto\" style=\"vertical-align: inherit\"><span dir=\"auto\" style=\"vertical-align: inherit\">Lluis Montoli\u00fa, Andr\u00e9s Moya e Ana de Luis durante la presentazione di Nuria Montserrat<\/span><\/span><\/figcaption><\/figure>\n<\/div>\n<h3><strong><span dir=\"auto\" style=\"vertical-align: inherit\"><span dir=\"auto\" style=\"vertical-align: inherit\">La biologia come ingegneria e la necessit\u00e0 di &#8220;umanizzarla&#8221;<\/span><\/span><\/strong><\/h3>\n<p><strong><span dir=\"auto\" style=\"vertical-align: inherit\"><span dir=\"auto\" style=\"vertical-align: inherit\">Andr\u00e9s Moya<\/span><\/span><\/strong><span dir=\"auto\" style=\"vertical-align: inherit\"><span dir=\"auto\" style=\"vertical-align: inherit\"> , professore di genetica all&#8217;Universit\u00e0 di Valencia, ha analizzato come la biologia sintetica abbia trasformato la nostra visione degli esseri viventi in una sorta di ingegneria biologica. Ha inoltre riflettuto sul processo di &#8220;darwinizzazione&#8221; e ha avvertito che, sebbene la scienza attuale possa scomporre la vita nelle sue componenti fondamentali, ricostruirla non significa necessariamente comprenderne l&#8217;essenza o il significato ultimo. Moya ha sottolineato la tensione tra sintesi e analisi, rilevando che esiste un&#8217;ampia gamma di interpretazioni riguardo alle reali possibilit\u00e0 di questi progressi.<\/span><\/span><\/p>\n<p><span dir=\"auto\" style=\"vertical-align: inherit\"><span dir=\"auto\" style=\"vertical-align: inherit\">Sempre in quest&#8217;ottica,\u00a0 <\/span><\/span><strong><span dir=\"auto\" style=\"vertical-align: inherit\"><span dir=\"auto\" style=\"vertical-align: inherit\">Nicol\u00e1s Jouve<\/span><\/span><\/strong><span dir=\"auto\" style=\"vertical-align: inherit\"><span dir=\"auto\" style=\"vertical-align: inherit\"> , professore emerito di genetica all&#8217;Universit\u00e0 di Alcal\u00e1 de Henares, ha discusso le applicazioni pratiche della biologia sintetica in una tavola rotonda moderata da Ignacio Ventura, professore all&#8217;UCV. Jouve ha distinto tra approcci &#8220;top-down&#8221; (modifica di sistemi esistenti) e approcci &#8220;bottom-up&#8221; (progettazione di nuovi sistemi da zero). Ha evidenziato i benefici di questa disciplina, come la tutela dell&#8217;ambiente e la produzione di nuove risorse sostenibili, ma ha anche messo in guardia dai rischi ecologici derivanti dalla perturbazione degli equilibri naturali attraverso il rilascio di organismi geneticamente modificati o di tecniche di gene drive. Per Jouve, &#8220;umanizzare&#8221; la scienza non significa arrestarla, bens\u00ec guidarla secondo i principi essenziali di sicurezza, precauzione e giustizia, garantendo il rispetto del patrimonio genetico ed evitando interventi sulla linea germinale umana. &#8220;Riprogettare la vita \u00e8 una decisione morale che impegna il nostro rapporto con la natura e con le generazioni future&#8221;, ha concluso.<\/span><\/span><\/p>\n<div id=\"attachment_10008355\" class=\"wp-caption alignnone\">\n<figure id=\"attachment_10008355\" class=\"wp-caption alignnone\" aria-describedby=\"caption-attachment-10008355\"><a href=\"https:\/\/www.observatoriobioetica.org\/wp-content\/uploads\/2026\/04\/Teresa1-3-scaled.jpg\" data-caption=\"Nicol\u00e1s Jouve, Marta Bertolaso e Ignacio Ventura\"><img loading=\"lazy\" decoding=\"async\" class=\"wp-image-10008355 size-full\" src=\"https:\/\/www.observatoriobioetica.org\/wp-content\/uploads\/2026\/04\/Teresa1-3-scaled-e1776771415938.jpg\" alt=\"\" width=\"4090\" height=\"800\" aria-describedby=\"caption-attachment-10008355\" \/><\/a><figcaption id=\"caption-attachment-10008355\" class=\"wp-caption-text\"><span dir=\"auto\" style=\"vertical-align: inherit\"><span dir=\"auto\" style=\"vertical-align: inherit\">Nicol\u00e1s Jouve, Marta Bertolaso \u200b\u200be Ignacio Ventura<\/span><\/span><\/figcaption><\/figure>\n<\/div>\n<h3><strong><span dir=\"auto\" style=\"vertical-align: inherit\"><span dir=\"auto\" style=\"vertical-align: inherit\">Il contrappunto filosofico: contro il riduzionismo e il futurismo.<\/span><\/span><\/strong><\/h3>\n<div id=\"attachment_10008357\" class=\"wp-caption alignright\">\n<p>&nbsp;<\/p>\n<figure class=\"wp-caption alignright\"><img loading=\"lazy\" decoding=\"async\" src=\"https:\/\/www.observatoriobioetica.org\/wp-content\/uploads\/2026\/04\/AlfredoMarcos-214x300.jpg\" alt=\"\" width=\"237\" height=\"332\" aria-describedby=\"caption-attachment-10008357\" \/><figcaption class=\"wp-caption-text\"><span dir=\"auto\" style=\"vertical-align: inherit\"><span dir=\"auto\" style=\"vertical-align: inherit\">Alfredo Marcos<\/span><\/span><\/figcaption><\/figure>\n<\/div>\n<p><span dir=\"auto\" style=\"vertical-align: inherit\"><span dir=\"auto\" style=\"vertical-align: inherit\">Dal Campus Biomedico di Roma, la filosofa\u00a0 <\/span><\/span><strong><span dir=\"auto\" style=\"vertical-align: inherit\"><span dir=\"auto\" style=\"vertical-align: inherit\">Marta Bertolaso<\/span><\/span><\/strong><span dir=\"auto\" style=\"vertical-align: inherit\"><span dir=\"auto\" style=\"vertical-align: inherit\"> \u00a0\u200b\u200bha offerto una profonda riflessione epistemologica sul rischio che interessi economici o politici prendano il controllo dello sviluppo scientifico. Bertolaso \u200b\u200bha criticato aspramente la visione &#8220;meccanicistica&#8221; e riduzionista che paragona l&#8217;organismo a una macchina complessa da assemblare. Ha difeso un'&#8221;ontologia relazionale&#8221;, ricordandoci che la vita ha un&#8217;intrinseca indeterminatezza, \u00e8 storica e dinamica e non pu\u00f2 essere ridotta a semplici dati, geni o algoritmi. Pertanto, ha invitato gli scienziati a riscoprire la capacit\u00e0 di &#8220;meravigliarsi&#8221; dell&#8217;enorme complessit\u00e0 dell&#8217;organismo vivente. <\/span><\/span><br \/>\n<strong><span dir=\"auto\" style=\"vertical-align: inherit\"><span dir=\"auto\" style=\"vertical-align: inherit\">Alfredo Marcos<\/span><\/span><\/strong><span dir=\"auto\" style=\"vertical-align: inherit\"><span dir=\"auto\" style=\"vertical-align: inherit\"> , professore di Filosofia della Scienza all&#8217;Universit\u00e0 di Valladolid, ha criticato il &#8220;futurismo&#8221; che cerca di giustificare qualsiasi azione tecnica attuale nel perseguimento di un&#8217;utopia lontana. Marcos ha denunciato questo lungimiranza come strumentalizzante e degradante del presente, trasformandolo in un mero istante da cui fuggire. Richiamandosi a Sant&#8217;Agostino e ai suoi \u201ctre doni\u201d, ha proposto un \u201cumanesimo tecnologico\u201d orientato verso l\u2019\u201cantropotecnica\u201d, in cui la scienza serve a prendersi cura e a proteggere la dignit\u00e0 umana gi\u00e0 presente in ogni persona, e non a sostituirla con qualcosa di artificiale.<\/span><\/span><\/p>\n<h3><strong><span dir=\"auto\" style=\"vertical-align: inherit\"><span dir=\"auto\" style=\"vertical-align: inherit\">La legge di fronte all&#8217;\u201carroganza\u201d moderna<\/span><\/span><\/strong><\/h3>\n<p><span dir=\"auto\" style=\"vertical-align: inherit\"><span dir=\"auto\" style=\"vertical-align: inherit\">Infine,\u00a0 <\/span><\/span><strong><span dir=\"auto\" style=\"vertical-align: inherit\"><span dir=\"auto\" style=\"vertical-align: inherit\">Vicente Bellver<\/span><\/span><\/strong><span dir=\"auto\" style=\"vertical-align: inherit\"><span dir=\"auto\" style=\"vertical-align: inherit\"> , professore di filosofia del diritto all&#8217;Universit\u00e0 di Valencia, ha concluso le presentazioni analizzando l&#8217;\u201chybris\u201d o eccesso dell&#8217;uomo moderno nell&#8217;attuale era dell&#8217;Antropocene, in cui gli esseri umani esercitano un<\/span><\/span><\/p>\n<div id=\"attachment_10008361\" class=\"wp-caption alignleft\">\n<p>&nbsp;<\/p>\n<figure class=\"wp-caption alignleft\"><img loading=\"lazy\" decoding=\"async\" src=\"https:\/\/www.observatoriobioetica.org\/wp-content\/uploads\/2026\/04\/mesa3-scaled-e1776771982341.png\" alt=\"\" width=\"372\" height=\"183\" aria-describedby=\"caption-attachment-10008361\" \/><figcaption class=\"wp-caption-text\"><span dir=\"auto\" style=\"vertical-align: inherit\"><span dir=\"auto\" style=\"vertical-align: inherit\">Alfredo Marcos, Vicente Bellver e Julio Tudela<\/span><\/span><\/figcaption><\/figure>\n<\/div>\n<p><span dir=\"auto\" style=\"vertical-align: inherit\"><span dir=\"auto\" style=\"vertical-align: inherit\">influenza drastica sulla natura. Attingendo a miti come quelli di Prometeo e Cassandra, Bellver difese la necessit\u00e0 di prudenza ( <\/span><\/span><em><span dir=\"auto\" style=\"vertical-align: inherit\"><span dir=\"auto\" style=\"vertical-align: inherit\">phronesis<\/span><\/span><\/em><span dir=\"auto\" style=\"vertical-align: inherit\"><span dir=\"auto\" style=\"vertical-align: inherit\"> ) e di un atteggiamento di umilt\u00e0 da parte della scienza, riconoscendo che non tutte le conseguenze delle nostre azioni possono essere previste. Critic\u00f2 la visione &#8220;gnostica&#8221; che tratta gli esseri umani come artefatti difettosi che necessitano di essere riprogettati, e ricord\u00f2 a tutti che la vulnerabilit\u00e0 non \u00e8 un difetto, ma una parte costitutiva ed essenziale della nostra natura. Inoltre, sostenne il ruolo dei comitati etici come spazi autentici di formazione e prudenza di fronte alle pressioni dei mercati e delle aziende tecnologiche.<\/span><\/span><\/p>\n<p><span dir=\"auto\" style=\"vertical-align: inherit\"><span dir=\"auto\" style=\"vertical-align: inherit\">La giornata si \u00e8 conclusa con l&#8217;intervento di\u00a0 <\/span><\/span><strong><span dir=\"auto\" style=\"vertical-align: inherit\"><span dir=\"auto\" style=\"vertical-align: inherit\">Julio Tudela<\/span><\/span><\/strong><span dir=\"auto\" style=\"vertical-align: inherit\"><span dir=\"auto\" style=\"vertical-align: inherit\"> , direttore dell&#8217;Osservatorio di Bioetica, che ha lanciato un messaggio finale di speranza e cautela:\u00a0 <\/span><\/span><strong><a href=\"https:\/\/www.observatoriobioetica.org\/2026\/01\/biologia-sintetica-crear-vida-desde-cero\/10006882\" target=\"_blank\" rel=\"noopener\"><span dir=\"auto\" style=\"vertical-align: inherit\"><span dir=\"auto\" style=\"vertical-align: inherit\">la biologia sintetica<\/span><\/span><\/a><\/strong><span dir=\"auto\" style=\"vertical-align: inherit\"><span dir=\"auto\" style=\"vertical-align: inherit\"> \u00a0\u00e8 uno strumento straordinario per il benessere, a condizione che gli esseri umani e la loro inalienabile dignit\u00e0 rimangano sempre al centro di ogni ricerca. Il riconoscimento di questa dignit\u00e0 intrinseca \u00e8 emerso senza dubbio come tema centrale e conclusione principale di questo congresso, fungendo da guida essenziale contro future tentazioni interventiste.<\/span><\/span><\/p>\n<\/div>\n<\/div>\n<\/div>\n<\/div>\n<\/div>\n<\/div>\n<\/div>\n<\/div>\n<\/div>\n<\/div>\n<\/div>\n<\/div>\n","protected":false},"excerpt":{"rendered":"<p>Biologia sintetica sotto dibattito<\/p>\n","protected":false},"author":87,"featured_media":168187,"comment_status":"closed","ping_status":"closed","sticky":false,"template":"","format":"standard","meta":{"_acf_changed":false,"_crdt_document":"","inline_featured_image":false,"footnotes":""},"categories":[73],"tags":[6083,17890,3371,110283,1701,45197,110284,26710,3171,11786,2705,34114,3850,64787,13453,23125],"class_list":["post-168190","post","type-post","status-publish","format-standard","has-post-thumbnail","hentry","category-chiesa-e-mondo","tag-bioetica-it","tag-biotecnologie","tag-etica-it","tag-futuro-umano","tag-innovazione","tag-intelligenza-artificiale-it","tag-progresso-scientifico","tag-ricerca","tag-scienza","tag-societa","tag-sostenibilita","tag-sviluppo-tecnologico","tag-tecnologia","tag-trending-it-236","tag-umanita","tag-valori-umani"],"acf":[],"yoast_head":"<!-- This site is optimized with the Yoast SEO plugin v27.5 - https:\/\/yoast.com\/product\/yoast-seo-wordpress\/ -->\n<title>Scienza ed etica convergono per definire il futuro dell&#039;umanit\u00e0 &#8211; Exaudi<\/title>\n<meta name=\"robots\" content=\"index, follow, max-snippet:-1, max-image-preview:large, max-video-preview:-1\" \/>\n<link rel=\"canonical\" href=\"https:\/\/exaudi.org\/it\/scienza-ed-etica-convergono-per-definire-il-futuro-dellumanita\/\" \/>\n<meta property=\"og:locale\" content=\"it_IT\" \/>\n<meta property=\"og:type\" content=\"article\" \/>\n<meta property=\"og:title\" content=\"Scienza ed etica convergono per definire il futuro dell&#039;umanit\u00e0 &#8211; Exaudi\" \/>\n<meta property=\"og:description\" content=\"Biologia sintetica sotto dibattito\" \/>\n<meta property=\"og:url\" content=\"https:\/\/exaudi.org\/it\/scienza-ed-etica-convergono-per-definire-il-futuro-dellumanita\/\" \/>\n<meta property=\"og:site_name\" content=\"Exaudi\" \/>\n<meta property=\"article:publisher\" content=\"https:\/\/www.facebook.com\/ExaudiNews\" \/>\n<meta property=\"article:author\" content=\"https:\/\/www.facebook.com\/observatoriodebioetica\/\" \/>\n<meta property=\"article:published_time\" content=\"2026-04-24T15:57:15+00:00\" \/>\n<meta property=\"og:image\" content=\"https:\/\/exaudi.org\/wp-content\/uploads\/2026\/04\/DSC01145-scaled.jpg\" \/>\n\t<meta property=\"og:image:width\" content=\"2560\" \/>\n\t<meta property=\"og:image:height\" content=\"1707\" \/>\n\t<meta property=\"og:image:type\" content=\"image\/jpeg\" \/>\n<meta name=\"author\" content=\"Observatorio de Bio\u00e9tica UCV\" \/>\n<meta name=\"twitter:card\" content=\"summary_large_image\" \/>\n<meta name=\"twitter:creator\" content=\"@obioetica\" \/>\n<meta name=\"twitter:site\" content=\"@Exaudi_News\" \/>\n<meta name=\"twitter:label1\" content=\"Scritto da\" \/>\n\t<meta name=\"twitter:data1\" content=\"Observatorio de Bio\u00e9tica UCV\" \/>\n\t<meta name=\"twitter:label2\" content=\"Tempo di lettura stimato\" \/>\n\t<meta name=\"twitter:data2\" content=\"5 minuti\" \/>\n<script type=\"application\/ld+json\" class=\"yoast-schema-graph\">{\"@context\":\"https:\\\/\\\/schema.org\",\"@graph\":[{\"@type\":\"Article\",\"@id\":\"https:\\\/\\\/exaudi.org\\\/it\\\/scienza-ed-etica-convergono-per-definire-il-futuro-dellumanita\\\/#article\",\"isPartOf\":{\"@id\":\"https:\\\/\\\/exaudi.org\\\/it\\\/scienza-ed-etica-convergono-per-definire-il-futuro-dellumanita\\\/\"},\"author\":{\"name\":\"Observatorio de Bio\u00e9tica UCV\",\"@id\":\"https:\\\/\\\/exaudi.org\\\/#\\\/schema\\\/person\\\/05d1c06e56ecb5490e9bff0d27026595\"},\"headline\":\"Scienza ed etica convergono per definire il futuro dell&#8217;umanit\u00e0\",\"datePublished\":\"2026-04-24T15:57:15+00:00\",\"mainEntityOfPage\":{\"@id\":\"https:\\\/\\\/exaudi.org\\\/it\\\/scienza-ed-etica-convergono-per-definire-il-futuro-dellumanita\\\/\"},\"wordCount\":1118,\"image\":{\"@id\":\"https:\\\/\\\/exaudi.org\\\/it\\\/scienza-ed-etica-convergono-per-definire-il-futuro-dellumanita\\\/#primaryimage\"},\"thumbnailUrl\":\"https:\\\/\\\/exaudi.org\\\/wp-content\\\/uploads\\\/2026\\\/04\\\/DSC01145-scaled.jpg\",\"keywords\":[\"Bio\u00e9tica\",\"BIOTECNOLOGIE\",\"\u00c9tica\",\"futuro umano\",\"innovazione\",\"Intelligenza artificiale\",\"progresso scientifico\",\"ricerca\",\"scienza\",\"SOCIET\u00c0\",\"sostenibilit\u00e0\",\"Sviluppo tecnologico\",\"tecnologia\",\"Trending\",\"UMANIT\u00c0\",\"valori umani\"],\"articleSection\":[\"Chiesa e Mondo\"],\"inLanguage\":\"it-IT\"},{\"@type\":\"WebPage\",\"@id\":\"https:\\\/\\\/exaudi.org\\\/it\\\/scienza-ed-etica-convergono-per-definire-il-futuro-dellumanita\\\/\",\"url\":\"https:\\\/\\\/exaudi.org\\\/it\\\/scienza-ed-etica-convergono-per-definire-il-futuro-dellumanita\\\/\",\"name\":\"Scienza ed etica convergono per definire il futuro dell'umanit\u00e0 &#8211; Exaudi\",\"isPartOf\":{\"@id\":\"https:\\\/\\\/exaudi.org\\\/#website\"},\"primaryImageOfPage\":{\"@id\":\"https:\\\/\\\/exaudi.org\\\/it\\\/scienza-ed-etica-convergono-per-definire-il-futuro-dellumanita\\\/#primaryimage\"},\"image\":{\"@id\":\"https:\\\/\\\/exaudi.org\\\/it\\\/scienza-ed-etica-convergono-per-definire-il-futuro-dellumanita\\\/#primaryimage\"},\"thumbnailUrl\":\"https:\\\/\\\/exaudi.org\\\/wp-content\\\/uploads\\\/2026\\\/04\\\/DSC01145-scaled.jpg\",\"datePublished\":\"2026-04-24T15:57:15+00:00\",\"author\":{\"@id\":\"https:\\\/\\\/exaudi.org\\\/#\\\/schema\\\/person\\\/05d1c06e56ecb5490e9bff0d27026595\"},\"breadcrumb\":{\"@id\":\"https:\\\/\\\/exaudi.org\\\/it\\\/scienza-ed-etica-convergono-per-definire-il-futuro-dellumanita\\\/#breadcrumb\"},\"inLanguage\":\"it-IT\",\"potentialAction\":[{\"@type\":\"ReadAction\",\"target\":[\"https:\\\/\\\/exaudi.org\\\/it\\\/scienza-ed-etica-convergono-per-definire-il-futuro-dellumanita\\\/\"]}]},{\"@type\":\"ImageObject\",\"inLanguage\":\"it-IT\",\"@id\":\"https:\\\/\\\/exaudi.org\\\/it\\\/scienza-ed-etica-convergono-per-definire-il-futuro-dellumanita\\\/#primaryimage\",\"url\":\"https:\\\/\\\/exaudi.org\\\/wp-content\\\/uploads\\\/2026\\\/04\\\/DSC01145-scaled.jpg\",\"contentUrl\":\"https:\\\/\\\/exaudi.org\\\/wp-content\\\/uploads\\\/2026\\\/04\\\/DSC01145-scaled.jpg\",\"width\":2560,\"height\":1707},{\"@type\":\"BreadcrumbList\",\"@id\":\"https:\\\/\\\/exaudi.org\\\/it\\\/scienza-ed-etica-convergono-per-definire-il-futuro-dellumanita\\\/#breadcrumb\",\"itemListElement\":[{\"@type\":\"ListItem\",\"position\":1,\"name\":\"Portada\",\"item\":\"https:\\\/\\\/exaudi.org\\\/it\\\/\"},{\"@type\":\"ListItem\",\"position\":2,\"name\":\"Scienza ed etica convergono per definire il futuro dell&#8217;umanit\u00e0\"}]},{\"@type\":\"WebSite\",\"@id\":\"https:\\\/\\\/exaudi.org\\\/#website\",\"url\":\"https:\\\/\\\/exaudi.org\\\/\",\"name\":\"Exaudi\",\"description\":\"News\",\"potentialAction\":[{\"@type\":\"SearchAction\",\"target\":{\"@type\":\"EntryPoint\",\"urlTemplate\":\"https:\\\/\\\/exaudi.org\\\/?s={search_term_string}\"},\"query-input\":{\"@type\":\"PropertyValueSpecification\",\"valueRequired\":true,\"valueName\":\"search_term_string\"}}],\"inLanguage\":\"it-IT\"},{\"@type\":\"Person\",\"@id\":\"https:\\\/\\\/exaudi.org\\\/#\\\/schema\\\/person\\\/05d1c06e56ecb5490e9bff0d27026595\",\"name\":\"Observatorio de Bio\u00e9tica UCV\",\"image\":{\"@type\":\"ImageObject\",\"inLanguage\":\"it-IT\",\"@id\":\"https:\\\/\\\/secure.gravatar.com\\\/avatar\\\/086563f59595a89fb0851de25d712a03657b1cdfa8af3c9cd0a1ee122fc5d596?s=96&d=mm&r=g\",\"url\":\"https:\\\/\\\/secure.gravatar.com\\\/avatar\\\/086563f59595a89fb0851de25d712a03657b1cdfa8af3c9cd0a1ee122fc5d596?s=96&d=mm&r=g\",\"contentUrl\":\"https:\\\/\\\/secure.gravatar.com\\\/avatar\\\/086563f59595a89fb0851de25d712a03657b1cdfa8af3c9cd0a1ee122fc5d596?s=96&d=mm&r=g\",\"caption\":\"Observatorio de Bio\u00e9tica UCV\"},\"description\":\"El Observatorio de Bio\u00e9tica se encuentra dentro del Instituto Ciencias de la vida de la Universidad Cat\u00f3lica de Valencia \u201cSan Vicente M\u00e1rtir\u201d . En el trasfondo de sus publicaciones, se defiende la vida humana desde la fecundaci\u00f3n a la muerte natural y la dignidad de la persona, teniendo como objetivo aunar esfuerzos para difundir la cultura de la vida como la define la Evangelium Vitae.\",\"sameAs\":[\"https:\\\/\\\/www.observatoriobioetica.org\\\/\",\"https:\\\/\\\/www.facebook.com\\\/observatoriodebioetica\\\/\",\"https:\\\/\\\/x.com\\\/obioetica\",\"https:\\\/\\\/www.youtube.com\\\/channel\\\/UC_Tr4WS5-TXoNo5e1MdQc7w\"],\"url\":\"https:\\\/\\\/exaudi.org\\\/it\\\/author\\\/observatoriodebioeticaucv\\\/\"}]}<\/script>\n<!-- \/ Yoast SEO plugin. -->","yoast_head_json":{"title":"Scienza ed etica convergono per definire il futuro dell'umanit\u00e0 &#8211; Exaudi","robots":{"index":"index","follow":"follow","max-snippet":"max-snippet:-1","max-image-preview":"max-image-preview:large","max-video-preview":"max-video-preview:-1"},"canonical":"https:\/\/exaudi.org\/it\/scienza-ed-etica-convergono-per-definire-il-futuro-dellumanita\/","og_locale":"it_IT","og_type":"article","og_title":"Scienza ed etica convergono per definire il futuro dell'umanit\u00e0 &#8211; Exaudi","og_description":"Biologia sintetica sotto dibattito","og_url":"https:\/\/exaudi.org\/it\/scienza-ed-etica-convergono-per-definire-il-futuro-dellumanita\/","og_site_name":"Exaudi","article_publisher":"https:\/\/www.facebook.com\/ExaudiNews","article_author":"https:\/\/www.facebook.com\/observatoriodebioetica\/","article_published_time":"2026-04-24T15:57:15+00:00","og_image":[{"width":2560,"height":1707,"url":"https:\/\/exaudi.org\/wp-content\/uploads\/2026\/04\/DSC01145-scaled.jpg","type":"image\/jpeg"}],"author":"Observatorio de Bio\u00e9tica UCV","twitter_card":"summary_large_image","twitter_creator":"@obioetica","twitter_site":"@Exaudi_News","twitter_misc":{"Scritto da":"Observatorio de Bio\u00e9tica UCV","Tempo di lettura stimato":"5 minuti"},"schema":{"@context":"https:\/\/schema.org","@graph":[{"@type":"Article","@id":"https:\/\/exaudi.org\/it\/scienza-ed-etica-convergono-per-definire-il-futuro-dellumanita\/#article","isPartOf":{"@id":"https:\/\/exaudi.org\/it\/scienza-ed-etica-convergono-per-definire-il-futuro-dellumanita\/"},"author":{"name":"Observatorio de Bio\u00e9tica UCV","@id":"https:\/\/exaudi.org\/#\/schema\/person\/05d1c06e56ecb5490e9bff0d27026595"},"headline":"Scienza ed etica convergono per definire il futuro dell&#8217;umanit\u00e0","datePublished":"2026-04-24T15:57:15+00:00","mainEntityOfPage":{"@id":"https:\/\/exaudi.org\/it\/scienza-ed-etica-convergono-per-definire-il-futuro-dellumanita\/"},"wordCount":1118,"image":{"@id":"https:\/\/exaudi.org\/it\/scienza-ed-etica-convergono-per-definire-il-futuro-dellumanita\/#primaryimage"},"thumbnailUrl":"https:\/\/exaudi.org\/wp-content\/uploads\/2026\/04\/DSC01145-scaled.jpg","keywords":["Bio\u00e9tica","BIOTECNOLOGIE","\u00c9tica","futuro umano","innovazione","Intelligenza artificiale","progresso scientifico","ricerca","scienza","SOCIET\u00c0","sostenibilit\u00e0","Sviluppo tecnologico","tecnologia","Trending","UMANIT\u00c0","valori umani"],"articleSection":["Chiesa e Mondo"],"inLanguage":"it-IT"},{"@type":"WebPage","@id":"https:\/\/exaudi.org\/it\/scienza-ed-etica-convergono-per-definire-il-futuro-dellumanita\/","url":"https:\/\/exaudi.org\/it\/scienza-ed-etica-convergono-per-definire-il-futuro-dellumanita\/","name":"Scienza ed etica convergono per definire il futuro dell'umanit\u00e0 &#8211; Exaudi","isPartOf":{"@id":"https:\/\/exaudi.org\/#website"},"primaryImageOfPage":{"@id":"https:\/\/exaudi.org\/it\/scienza-ed-etica-convergono-per-definire-il-futuro-dellumanita\/#primaryimage"},"image":{"@id":"https:\/\/exaudi.org\/it\/scienza-ed-etica-convergono-per-definire-il-futuro-dellumanita\/#primaryimage"},"thumbnailUrl":"https:\/\/exaudi.org\/wp-content\/uploads\/2026\/04\/DSC01145-scaled.jpg","datePublished":"2026-04-24T15:57:15+00:00","author":{"@id":"https:\/\/exaudi.org\/#\/schema\/person\/05d1c06e56ecb5490e9bff0d27026595"},"breadcrumb":{"@id":"https:\/\/exaudi.org\/it\/scienza-ed-etica-convergono-per-definire-il-futuro-dellumanita\/#breadcrumb"},"inLanguage":"it-IT","potentialAction":[{"@type":"ReadAction","target":["https:\/\/exaudi.org\/it\/scienza-ed-etica-convergono-per-definire-il-futuro-dellumanita\/"]}]},{"@type":"ImageObject","inLanguage":"it-IT","@id":"https:\/\/exaudi.org\/it\/scienza-ed-etica-convergono-per-definire-il-futuro-dellumanita\/#primaryimage","url":"https:\/\/exaudi.org\/wp-content\/uploads\/2026\/04\/DSC01145-scaled.jpg","contentUrl":"https:\/\/exaudi.org\/wp-content\/uploads\/2026\/04\/DSC01145-scaled.jpg","width":2560,"height":1707},{"@type":"BreadcrumbList","@id":"https:\/\/exaudi.org\/it\/scienza-ed-etica-convergono-per-definire-il-futuro-dellumanita\/#breadcrumb","itemListElement":[{"@type":"ListItem","position":1,"name":"Portada","item":"https:\/\/exaudi.org\/it\/"},{"@type":"ListItem","position":2,"name":"Scienza ed etica convergono per definire il futuro dell&#8217;umanit\u00e0"}]},{"@type":"WebSite","@id":"https:\/\/exaudi.org\/#website","url":"https:\/\/exaudi.org\/","name":"Exaudi","description":"News","potentialAction":[{"@type":"SearchAction","target":{"@type":"EntryPoint","urlTemplate":"https:\/\/exaudi.org\/?s={search_term_string}"},"query-input":{"@type":"PropertyValueSpecification","valueRequired":true,"valueName":"search_term_string"}}],"inLanguage":"it-IT"},{"@type":"Person","@id":"https:\/\/exaudi.org\/#\/schema\/person\/05d1c06e56ecb5490e9bff0d27026595","name":"Observatorio de Bio\u00e9tica UCV","image":{"@type":"ImageObject","inLanguage":"it-IT","@id":"https:\/\/secure.gravatar.com\/avatar\/086563f59595a89fb0851de25d712a03657b1cdfa8af3c9cd0a1ee122fc5d596?s=96&d=mm&r=g","url":"https:\/\/secure.gravatar.com\/avatar\/086563f59595a89fb0851de25d712a03657b1cdfa8af3c9cd0a1ee122fc5d596?s=96&d=mm&r=g","contentUrl":"https:\/\/secure.gravatar.com\/avatar\/086563f59595a89fb0851de25d712a03657b1cdfa8af3c9cd0a1ee122fc5d596?s=96&d=mm&r=g","caption":"Observatorio de Bio\u00e9tica UCV"},"description":"El Observatorio de Bio\u00e9tica se encuentra dentro del Instituto Ciencias de la vida de la Universidad Cat\u00f3lica de Valencia \u201cSan Vicente M\u00e1rtir\u201d . En el trasfondo de sus publicaciones, se defiende la vida humana desde la fecundaci\u00f3n a la muerte natural y la dignidad de la persona, teniendo como objetivo aunar esfuerzos para difundir la cultura de la vida como la define la Evangelium Vitae.","sameAs":["https:\/\/www.observatoriobioetica.org\/","https:\/\/www.facebook.com\/observatoriodebioetica\/","https:\/\/x.com\/obioetica","https:\/\/www.youtube.com\/channel\/UC_Tr4WS5-TXoNo5e1MdQc7w"],"url":"https:\/\/exaudi.org\/it\/author\/observatoriodebioeticaucv\/"}]}},"jetpack_featured_media_url":"https:\/\/exaudi.org\/wp-content\/uploads\/2026\/04\/DSC01145-scaled.jpg","jetpack_shortlink":"https:\/\/wp.me\/pgKjF2-HKK","_links":{"self":[{"href":"https:\/\/exaudi.org\/it\/wp-json\/wp\/v2\/posts\/168190","targetHints":{"allow":["GET"]}}],"collection":[{"href":"https:\/\/exaudi.org\/it\/wp-json\/wp\/v2\/posts"}],"about":[{"href":"https:\/\/exaudi.org\/it\/wp-json\/wp\/v2\/types\/post"}],"author":[{"embeddable":true,"href":"https:\/\/exaudi.org\/it\/wp-json\/wp\/v2\/users\/87"}],"replies":[{"embeddable":true,"href":"https:\/\/exaudi.org\/it\/wp-json\/wp\/v2\/comments?post=168190"}],"version-history":[{"count":4,"href":"https:\/\/exaudi.org\/it\/wp-json\/wp\/v2\/posts\/168190\/revisions"}],"predecessor-version":[{"id":168194,"href":"https:\/\/exaudi.org\/it\/wp-json\/wp\/v2\/posts\/168190\/revisions\/168194"}],"wp:featuredmedia":[{"embeddable":true,"href":"https:\/\/exaudi.org\/it\/wp-json\/wp\/v2\/media\/168187"}],"wp:attachment":[{"href":"https:\/\/exaudi.org\/it\/wp-json\/wp\/v2\/media?parent=168190"}],"wp:term":[{"taxonomy":"category","embeddable":true,"href":"https:\/\/exaudi.org\/it\/wp-json\/wp\/v2\/categories?post=168190"},{"taxonomy":"post_tag","embeddable":true,"href":"https:\/\/exaudi.org\/it\/wp-json\/wp\/v2\/tags?post=168190"}],"curies":[{"name":"wp","href":"https:\/\/api.w.org\/{rel}","templated":true}]}}