{"id":167896,"date":"2026-04-23T19:55:13","date_gmt":"2026-04-23T17:55:13","guid":{"rendered":"https:\/\/exaudi.org\/?p=167896"},"modified":"2026-04-23T19:55:13","modified_gmt":"2026-04-23T17:55:13","slug":"il-papa-tra-fango-e-speranza-cronaca-di-un-addio-sotto-lalluvione-africana","status":"publish","type":"post","link":"https:\/\/exaudi.org\/it\/il-papa-tra-fango-e-speranza-cronaca-di-un-addio-sotto-lalluvione-africana\/","title":{"rendered":"Il Papa tra fango e speranza: cronaca di un addio sotto l&#8217;alluvione africana"},"content":{"rendered":"<p data-path-to-node=\"4\"><span dir=\"auto\" style=\"vertical-align: inherit\"><span dir=\"auto\" style=\"vertical-align: inherit\">L&#8217;intensit\u00e0 dei viaggi di epoche passate sembra essere tornata in Vaticano. Dopo 11 giorni di viaggio e 14 voli, Papa Leone XIV ha concluso il suo tour in Africa con un&#8217;ultima giornata dai toni epici. Non si trattava solo della stanchezza accumulata da un itinerario frenetico; \u00e8 stato il crudo confronto con la realt\u00e0 della Guinea Equatoriale a segnare la fine di questo viaggio.<\/span><\/span><\/p>\n<h3 data-path-to-node=\"5\"><strong><span dir=\"auto\" style=\"vertical-align: inherit\"><span dir=\"auto\" style=\"vertical-align: inherit\">Una fede costruita in spagnolo<\/span><\/span><\/strong><\/h3>\n<p data-path-to-node=\"6\"><span dir=\"auto\" style=\"vertical-align: inherit\"><span dir=\"auto\" style=\"vertical-align: inherit\">Il momento culminante \u00e8 iniziato a Mongomo, citt\u00e0 natale del Presidente della Repubblica. Davanti a una folla di 100.000 fedeli, il Papa ha accantonato il protocollo per parlare nella sua lingua madre: lo spagnolo. Con una naturalezza non riscontrata nelle altre sue visite, ha benedetto la prima pietra della futura cattedrale nella &#8220;Citt\u00e0 della Pace&#8221;, la nuova capitale del Paese.<\/span><\/span><\/p>\n<p data-path-to-node=\"7\"><span dir=\"auto\" style=\"vertical-align: inherit\"><span dir=\"auto\" style=\"vertical-align: inherit\">In un&#8217;atmosfera festosa, adornata da ghirlande di palloncini e fumo colorato, il Papa non si \u00e8 sottratto ad affrontare questioni spinose. Rivolgendosi alle autorit\u00e0, Leone XIV \u00e8 stato categorico: il futuro della Guinea dipende dall&#8217;impegno per i diritti umani e dalla creazione di spazi di libert\u00e0. &#8220;Avete fame di speranza, di libert\u00e0 e di giustizia&#8221;, \u200b\u200bha dichiarato a una folla prevalentemente cattolica che lo ha acclamato.<\/span><\/span><\/p>\n<h3 data-path-to-node=\"8\"><strong><span dir=\"auto\" style=\"vertical-align: inherit\"><span dir=\"auto\" style=\"vertical-align: inherit\">Lo &#8220;spettacolo&#8221; carcerario e la benedizione del cielo<\/span><\/span><\/strong><\/h3>\n<p data-path-to-node=\"9\"><span dir=\"auto\" style=\"vertical-align: inherit\"><span dir=\"auto\" style=\"vertical-align: inherit\">Nel pomeriggio, la delegazione papale si \u00e8 recata a Bata, il motore economico del Paese, per visitare uno dei penitenziari pi\u00f9 duri del continente. La scena che si \u00e8 presentata era agrodolce: sebbene le pareti fossero state dipinte con colori vivaci e i prigionieri, in uniforme verde e arancione, fossero stati incaricati di cantare e ballare, la durezza del luogo era innegabile.<\/span><\/span><\/p>\n<p data-path-to-node=\"10\"><span dir=\"auto\" style=\"vertical-align: inherit\"><span dir=\"auto\" style=\"vertical-align: inherit\">Fu in quel momento che la natura si riappropri\u00f2 dei suoi riflettori. Un acquazzone tropicale si abbatt\u00e9 sul gruppo. Mentre i giornalisti cercavano riparo, il Papa, sotto un ombrello, trasform\u00f2 il caos in un messaggio: &#8220;In molti luoghi si dice che la pioggia sia segno di benedizione&#8221;. Le sue parole ai detenuti erano piene di empatia, ricordando loro che &#8220;nessuno \u00e8 escluso dall&#8217;amore di Dio&#8221; e che la vera giustizia deve cercare di ricostruire le vite, non solo di punire.<\/span><\/span><\/p>\n<h3 data-path-to-node=\"11\"><strong><span dir=\"auto\" style=\"vertical-align: inherit\"><span dir=\"auto\" style=\"vertical-align: inherit\">Uno spirito missionario rivelato<\/span><\/span><\/strong><\/h3>\n<p data-path-to-node=\"12\"><span dir=\"auto\" style=\"vertical-align: inherit\"><span dir=\"auto\" style=\"vertical-align: inherit\">La cerimonia di chiusura allo stadio ha rispecchiato il caos e l&#8217;energia dei giovani africani. Tra i cancelli che venivano spalancati dalla folla e un campo traboccante di entusiasmo, il Papa ha chiesto alle famiglie di essere &#8220;promotrici di una vita migliore&#8221;.<\/span><\/span><\/p>\n<p data-path-to-node=\"13\"><span dir=\"auto\" style=\"vertical-align: inherit\"><span dir=\"auto\" style=\"vertical-align: inherit\">Questo terzo viaggio internazionale, che Papa Leone XIV aveva auspicato essere il primo del suo pontificato quasi un anno fa, ne ha svelato la vera essenza. Al di l\u00e0 delle complicazioni logistiche e politiche, questi 11 giorni hanno rivelato un Papa la cui anima \u00e8 radicata nella missione e in contatto diretto con le sofferenze e le gioie delle periferie. Ora, di ritorno a Roma, il mondo attende le impressioni di un uomo che sembra aver trovato nel fango e nella pioggia dell&#8217;Africa il vero battito del suo pontificato.<\/span><\/span><\/p>\n","protected":false},"excerpt":{"rendered":"<p>Tra carceri di massima sicurezza, benedizioni improvvisate in spagnolo e un acquazzone tropicale, Leone XIV conclude il suo viaggio pi\u00f9 personale e missionario in Guinea Equatoriale<\/p>\n","protected":false},"author":176,"featured_media":167777,"comment_status":"closed","ping_status":"closed","sticky":false,"template":"","format":"standard","meta":{"_acf_changed":false,"_crdt_document":"","inline_featured_image":false,"footnotes":""},"categories":[129],"tags":[110238,110239,110240,110241,110243,110019,64787,24638,110242,104029,110244],"class_list":["post-167896","post","type-post","status-publish","format-standard","has-post-thumbnail","hentry","category-voci","tag-cattolicesimo-in-guinea-equatoriale","tag-cronaca-vaticana","tag-diritti-umani-in-africa","tag-discorso-del-papa-in-spagnolo","tag-missione-cattolica-in-africa","tag-mongomo-2","tag-trending-it-236","tag-vatican-news-3","tag-viaggio-papale-2026","tag-viaggio-papale-in-africa","tag-visita-alla-prigione-di-bata"],"acf":[],"yoast_head":"<!-- This site is optimized with the Yoast SEO plugin v27.5 - https:\/\/yoast.com\/product\/yoast-seo-wordpress\/ -->\n<title>Il Papa tra fango e speranza: cronaca di un addio sotto l&#039;alluvione africana &#8211; Exaudi<\/title>\n<meta name=\"robots\" content=\"index, follow, max-snippet:-1, max-image-preview:large, max-video-preview:-1\" \/>\n<link rel=\"canonical\" href=\"https:\/\/exaudi.org\/it\/il-papa-tra-fango-e-speranza-cronaca-di-un-addio-sotto-lalluvione-africana\/\" \/>\n<meta property=\"og:locale\" content=\"it_IT\" \/>\n<meta property=\"og:type\" content=\"article\" \/>\n<meta property=\"og:title\" content=\"Il Papa tra fango e speranza: cronaca di un addio sotto l&#039;alluvione africana &#8211; Exaudi\" \/>\n<meta property=\"og:description\" content=\"Tra carceri di massima sicurezza, benedizioni improvvisate in spagnolo e un acquazzone tropicale, Leone XIV conclude il suo viaggio pi\u00f9 personale e missionario in Guinea Equatoriale\" \/>\n<meta property=\"og:url\" content=\"https:\/\/exaudi.org\/it\/il-papa-tra-fango-e-speranza-cronaca-di-un-addio-sotto-lalluvione-africana\/\" \/>\n<meta property=\"og:site_name\" content=\"Exaudi\" \/>\n<meta property=\"article:publisher\" content=\"https:\/\/www.facebook.com\/ExaudiNews\" \/>\n<meta property=\"article:author\" content=\"https:\/\/www.facebook.com\/valentina.alazraki.mexico\/\" \/>\n<meta property=\"article:published_time\" content=\"2026-04-23T17:55:13+00:00\" \/>\n<meta property=\"og:image\" content=\"https:\/\/exaudi.org\/wp-content\/uploads\/2026\/04\/1776942536524-scaled.jpg\" \/>\n\t<meta property=\"og:image:width\" content=\"2560\" \/>\n\t<meta property=\"og:image:height\" content=\"1429\" \/>\n\t<meta property=\"og:image:type\" content=\"image\/jpeg\" \/>\n<meta name=\"author\" content=\"Valentina Alazraki\" \/>\n<meta name=\"twitter:card\" content=\"summary_large_image\" \/>\n<meta name=\"twitter:creator\" content=\"@valealazraki\" \/>\n<meta name=\"twitter:site\" content=\"@Exaudi_News\" \/>\n<meta name=\"twitter:label1\" content=\"Scritto da\" \/>\n\t<meta name=\"twitter:data1\" content=\"Valentina Alazraki\" \/>\n\t<meta name=\"twitter:label2\" content=\"Tempo di lettura stimato\" \/>\n\t<meta name=\"twitter:data2\" content=\"2 minuti\" \/>\n<script type=\"application\/ld+json\" class=\"yoast-schema-graph\">{\"@context\":\"https:\\\/\\\/schema.org\",\"@graph\":[{\"@type\":\"Article\",\"@id\":\"https:\\\/\\\/exaudi.org\\\/it\\\/il-papa-tra-fango-e-speranza-cronaca-di-un-addio-sotto-lalluvione-africana\\\/#article\",\"isPartOf\":{\"@id\":\"https:\\\/\\\/exaudi.org\\\/it\\\/il-papa-tra-fango-e-speranza-cronaca-di-un-addio-sotto-lalluvione-africana\\\/\"},\"author\":{\"name\":\"Valentina Alazraki\",\"@id\":\"https:\\\/\\\/exaudi.org\\\/#\\\/schema\\\/person\\\/9939d30cf0367d753632ec95a86ea63b\"},\"headline\":\"Il Papa tra fango e speranza: cronaca di un addio sotto l&#8217;alluvione africana\",\"datePublished\":\"2026-04-23T17:55:13+00:00\",\"mainEntityOfPage\":{\"@id\":\"https:\\\/\\\/exaudi.org\\\/it\\\/il-papa-tra-fango-e-speranza-cronaca-di-un-addio-sotto-lalluvione-africana\\\/\"},\"wordCount\":489,\"image\":{\"@id\":\"https:\\\/\\\/exaudi.org\\\/it\\\/il-papa-tra-fango-e-speranza-cronaca-di-un-addio-sotto-lalluvione-africana\\\/#primaryimage\"},\"thumbnailUrl\":\"https:\\\/\\\/exaudi.org\\\/wp-content\\\/uploads\\\/2026\\\/04\\\/1776942536524-scaled.jpg\",\"keywords\":[\"Cattolicesimo in Guinea Equatoriale\",\"Cronaca Vaticana\",\"Diritti umani in Africa\",\"Discorso del Papa in spagnolo\",\"Missione cattolica in Africa\",\"Mongomo\",\"Trending\",\"Vatican News\",\"Viaggio papale 2026\",\"viaggio papale in Africa\",\"Visita alla prigione di Bata\"],\"articleSection\":[\"Voci\"],\"inLanguage\":\"it-IT\"},{\"@type\":\"WebPage\",\"@id\":\"https:\\\/\\\/exaudi.org\\\/it\\\/il-papa-tra-fango-e-speranza-cronaca-di-un-addio-sotto-lalluvione-africana\\\/\",\"url\":\"https:\\\/\\\/exaudi.org\\\/it\\\/il-papa-tra-fango-e-speranza-cronaca-di-un-addio-sotto-lalluvione-africana\\\/\",\"name\":\"Il Papa tra fango e speranza: cronaca di un addio sotto l'alluvione africana &#8211; Exaudi\",\"isPartOf\":{\"@id\":\"https:\\\/\\\/exaudi.org\\\/#website\"},\"primaryImageOfPage\":{\"@id\":\"https:\\\/\\\/exaudi.org\\\/it\\\/il-papa-tra-fango-e-speranza-cronaca-di-un-addio-sotto-lalluvione-africana\\\/#primaryimage\"},\"image\":{\"@id\":\"https:\\\/\\\/exaudi.org\\\/it\\\/il-papa-tra-fango-e-speranza-cronaca-di-un-addio-sotto-lalluvione-africana\\\/#primaryimage\"},\"thumbnailUrl\":\"https:\\\/\\\/exaudi.org\\\/wp-content\\\/uploads\\\/2026\\\/04\\\/1776942536524-scaled.jpg\",\"datePublished\":\"2026-04-23T17:55:13+00:00\",\"author\":{\"@id\":\"https:\\\/\\\/exaudi.org\\\/#\\\/schema\\\/person\\\/9939d30cf0367d753632ec95a86ea63b\"},\"breadcrumb\":{\"@id\":\"https:\\\/\\\/exaudi.org\\\/it\\\/il-papa-tra-fango-e-speranza-cronaca-di-un-addio-sotto-lalluvione-africana\\\/#breadcrumb\"},\"inLanguage\":\"it-IT\",\"potentialAction\":[{\"@type\":\"ReadAction\",\"target\":[\"https:\\\/\\\/exaudi.org\\\/it\\\/il-papa-tra-fango-e-speranza-cronaca-di-un-addio-sotto-lalluvione-africana\\\/\"]}]},{\"@type\":\"ImageObject\",\"inLanguage\":\"it-IT\",\"@id\":\"https:\\\/\\\/exaudi.org\\\/it\\\/il-papa-tra-fango-e-speranza-cronaca-di-un-addio-sotto-lalluvione-africana\\\/#primaryimage\",\"url\":\"https:\\\/\\\/exaudi.org\\\/wp-content\\\/uploads\\\/2026\\\/04\\\/1776942536524-scaled.jpg\",\"contentUrl\":\"https:\\\/\\\/exaudi.org\\\/wp-content\\\/uploads\\\/2026\\\/04\\\/1776942536524-scaled.jpg\",\"width\":2560,\"height\":1429},{\"@type\":\"BreadcrumbList\",\"@id\":\"https:\\\/\\\/exaudi.org\\\/it\\\/il-papa-tra-fango-e-speranza-cronaca-di-un-addio-sotto-lalluvione-africana\\\/#breadcrumb\",\"itemListElement\":[{\"@type\":\"ListItem\",\"position\":1,\"name\":\"Portada\",\"item\":\"https:\\\/\\\/exaudi.org\\\/it\\\/\"},{\"@type\":\"ListItem\",\"position\":2,\"name\":\"Il Papa tra fango e speranza: cronaca di un addio sotto l&#8217;alluvione africana\"}]},{\"@type\":\"WebSite\",\"@id\":\"https:\\\/\\\/exaudi.org\\\/#website\",\"url\":\"https:\\\/\\\/exaudi.org\\\/\",\"name\":\"Exaudi\",\"description\":\"News\",\"potentialAction\":[{\"@type\":\"SearchAction\",\"target\":{\"@type\":\"EntryPoint\",\"urlTemplate\":\"https:\\\/\\\/exaudi.org\\\/?s={search_term_string}\"},\"query-input\":{\"@type\":\"PropertyValueSpecification\",\"valueRequired\":true,\"valueName\":\"search_term_string\"}}],\"inLanguage\":\"it-IT\"},{\"@type\":\"Person\",\"@id\":\"https:\\\/\\\/exaudi.org\\\/#\\\/schema\\\/person\\\/9939d30cf0367d753632ec95a86ea63b\",\"name\":\"Valentina Alazraki\",\"image\":{\"@type\":\"ImageObject\",\"inLanguage\":\"it-IT\",\"@id\":\"https:\\\/\\\/secure.gravatar.com\\\/avatar\\\/aaefba6efc65855cbc84faacd73503190554e9d572733426dcc7399133d4cebc?s=96&d=mm&r=g\",\"url\":\"https:\\\/\\\/secure.gravatar.com\\\/avatar\\\/aaefba6efc65855cbc84faacd73503190554e9d572733426dcc7399133d4cebc?s=96&d=mm&r=g\",\"contentUrl\":\"https:\\\/\\\/secure.gravatar.com\\\/avatar\\\/aaefba6efc65855cbc84faacd73503190554e9d572733426dcc7399133d4cebc?s=96&d=mm&r=g\",\"caption\":\"Valentina Alazraki\"},\"description\":\"Corresponsal de N+ en El Vaticano e Italia desde 1974. A lo largo de estos 50 a\u00f1os me ha tocado vivir experiencias, vivencias, an\u00e9cdotas impresionantes, que compartir\u00e9 en este canal. Tambi\u00e9n me gustar\u00eda de que me siguieran en mi vida diaria, para ver como vive una corresponsal fuera de M\u00e9xico y puesto que yo vivo en Roma les compartir\u00e9 los lugares m\u00e1s bonitos y tambi\u00e9n los menos conocidos de esa maravillosa ciudad, como si fuera su gu\u00eda. Adem\u00e1s, para los m\u00e1s golosos y los que se divierten en la cocina, me vendr\u00e1n en mi calidad de cocinera que compartir\u00e9 recetas t\u00edpicas italianas.\",\"sameAs\":[\"https:\\\/\\\/www.facebook.com\\\/valentina.alazraki.mexico\\\/\",\"https:\\\/\\\/www.instagram.com\\\/valealazraki\\\/\",\"https:\\\/\\\/x.com\\\/valealazraki\",\"@valentina_alazraki\"],\"url\":\"https:\\\/\\\/exaudi.org\\\/it\\\/author\\\/valentina-alazraki\\\/\"}]}<\/script>\n<!-- \/ Yoast SEO plugin. -->","yoast_head_json":{"title":"Il Papa tra fango e speranza: cronaca di un addio sotto l'alluvione africana &#8211; Exaudi","robots":{"index":"index","follow":"follow","max-snippet":"max-snippet:-1","max-image-preview":"max-image-preview:large","max-video-preview":"max-video-preview:-1"},"canonical":"https:\/\/exaudi.org\/it\/il-papa-tra-fango-e-speranza-cronaca-di-un-addio-sotto-lalluvione-africana\/","og_locale":"it_IT","og_type":"article","og_title":"Il Papa tra fango e speranza: cronaca di un addio sotto l'alluvione africana &#8211; Exaudi","og_description":"Tra carceri di massima sicurezza, benedizioni improvvisate in spagnolo e un acquazzone tropicale, Leone XIV conclude il suo viaggio pi\u00f9 personale e missionario in Guinea Equatoriale","og_url":"https:\/\/exaudi.org\/it\/il-papa-tra-fango-e-speranza-cronaca-di-un-addio-sotto-lalluvione-africana\/","og_site_name":"Exaudi","article_publisher":"https:\/\/www.facebook.com\/ExaudiNews","article_author":"https:\/\/www.facebook.com\/valentina.alazraki.mexico\/","article_published_time":"2026-04-23T17:55:13+00:00","og_image":[{"width":2560,"height":1429,"url":"https:\/\/exaudi.org\/wp-content\/uploads\/2026\/04\/1776942536524-scaled.jpg","type":"image\/jpeg"}],"author":"Valentina Alazraki","twitter_card":"summary_large_image","twitter_creator":"@valealazraki","twitter_site":"@Exaudi_News","twitter_misc":{"Scritto da":"Valentina Alazraki","Tempo di lettura stimato":"2 minuti"},"schema":{"@context":"https:\/\/schema.org","@graph":[{"@type":"Article","@id":"https:\/\/exaudi.org\/it\/il-papa-tra-fango-e-speranza-cronaca-di-un-addio-sotto-lalluvione-africana\/#article","isPartOf":{"@id":"https:\/\/exaudi.org\/it\/il-papa-tra-fango-e-speranza-cronaca-di-un-addio-sotto-lalluvione-africana\/"},"author":{"name":"Valentina Alazraki","@id":"https:\/\/exaudi.org\/#\/schema\/person\/9939d30cf0367d753632ec95a86ea63b"},"headline":"Il Papa tra fango e speranza: cronaca di un addio sotto l&#8217;alluvione africana","datePublished":"2026-04-23T17:55:13+00:00","mainEntityOfPage":{"@id":"https:\/\/exaudi.org\/it\/il-papa-tra-fango-e-speranza-cronaca-di-un-addio-sotto-lalluvione-africana\/"},"wordCount":489,"image":{"@id":"https:\/\/exaudi.org\/it\/il-papa-tra-fango-e-speranza-cronaca-di-un-addio-sotto-lalluvione-africana\/#primaryimage"},"thumbnailUrl":"https:\/\/exaudi.org\/wp-content\/uploads\/2026\/04\/1776942536524-scaled.jpg","keywords":["Cattolicesimo in Guinea Equatoriale","Cronaca Vaticana","Diritti umani in Africa","Discorso del Papa in spagnolo","Missione cattolica in Africa","Mongomo","Trending","Vatican News","Viaggio papale 2026","viaggio papale in Africa","Visita alla prigione di Bata"],"articleSection":["Voci"],"inLanguage":"it-IT"},{"@type":"WebPage","@id":"https:\/\/exaudi.org\/it\/il-papa-tra-fango-e-speranza-cronaca-di-un-addio-sotto-lalluvione-africana\/","url":"https:\/\/exaudi.org\/it\/il-papa-tra-fango-e-speranza-cronaca-di-un-addio-sotto-lalluvione-africana\/","name":"Il Papa tra fango e speranza: cronaca di un addio sotto l'alluvione africana &#8211; Exaudi","isPartOf":{"@id":"https:\/\/exaudi.org\/#website"},"primaryImageOfPage":{"@id":"https:\/\/exaudi.org\/it\/il-papa-tra-fango-e-speranza-cronaca-di-un-addio-sotto-lalluvione-africana\/#primaryimage"},"image":{"@id":"https:\/\/exaudi.org\/it\/il-papa-tra-fango-e-speranza-cronaca-di-un-addio-sotto-lalluvione-africana\/#primaryimage"},"thumbnailUrl":"https:\/\/exaudi.org\/wp-content\/uploads\/2026\/04\/1776942536524-scaled.jpg","datePublished":"2026-04-23T17:55:13+00:00","author":{"@id":"https:\/\/exaudi.org\/#\/schema\/person\/9939d30cf0367d753632ec95a86ea63b"},"breadcrumb":{"@id":"https:\/\/exaudi.org\/it\/il-papa-tra-fango-e-speranza-cronaca-di-un-addio-sotto-lalluvione-africana\/#breadcrumb"},"inLanguage":"it-IT","potentialAction":[{"@type":"ReadAction","target":["https:\/\/exaudi.org\/it\/il-papa-tra-fango-e-speranza-cronaca-di-un-addio-sotto-lalluvione-africana\/"]}]},{"@type":"ImageObject","inLanguage":"it-IT","@id":"https:\/\/exaudi.org\/it\/il-papa-tra-fango-e-speranza-cronaca-di-un-addio-sotto-lalluvione-africana\/#primaryimage","url":"https:\/\/exaudi.org\/wp-content\/uploads\/2026\/04\/1776942536524-scaled.jpg","contentUrl":"https:\/\/exaudi.org\/wp-content\/uploads\/2026\/04\/1776942536524-scaled.jpg","width":2560,"height":1429},{"@type":"BreadcrumbList","@id":"https:\/\/exaudi.org\/it\/il-papa-tra-fango-e-speranza-cronaca-di-un-addio-sotto-lalluvione-africana\/#breadcrumb","itemListElement":[{"@type":"ListItem","position":1,"name":"Portada","item":"https:\/\/exaudi.org\/it\/"},{"@type":"ListItem","position":2,"name":"Il Papa tra fango e speranza: cronaca di un addio sotto l&#8217;alluvione africana"}]},{"@type":"WebSite","@id":"https:\/\/exaudi.org\/#website","url":"https:\/\/exaudi.org\/","name":"Exaudi","description":"News","potentialAction":[{"@type":"SearchAction","target":{"@type":"EntryPoint","urlTemplate":"https:\/\/exaudi.org\/?s={search_term_string}"},"query-input":{"@type":"PropertyValueSpecification","valueRequired":true,"valueName":"search_term_string"}}],"inLanguage":"it-IT"},{"@type":"Person","@id":"https:\/\/exaudi.org\/#\/schema\/person\/9939d30cf0367d753632ec95a86ea63b","name":"Valentina Alazraki","image":{"@type":"ImageObject","inLanguage":"it-IT","@id":"https:\/\/secure.gravatar.com\/avatar\/aaefba6efc65855cbc84faacd73503190554e9d572733426dcc7399133d4cebc?s=96&d=mm&r=g","url":"https:\/\/secure.gravatar.com\/avatar\/aaefba6efc65855cbc84faacd73503190554e9d572733426dcc7399133d4cebc?s=96&d=mm&r=g","contentUrl":"https:\/\/secure.gravatar.com\/avatar\/aaefba6efc65855cbc84faacd73503190554e9d572733426dcc7399133d4cebc?s=96&d=mm&r=g","caption":"Valentina Alazraki"},"description":"Corresponsal de N+ en El Vaticano e Italia desde 1974. A lo largo de estos 50 a\u00f1os me ha tocado vivir experiencias, vivencias, an\u00e9cdotas impresionantes, que compartir\u00e9 en este canal. Tambi\u00e9n me gustar\u00eda de que me siguieran en mi vida diaria, para ver como vive una corresponsal fuera de M\u00e9xico y puesto que yo vivo en Roma les compartir\u00e9 los lugares m\u00e1s bonitos y tambi\u00e9n los menos conocidos de esa maravillosa ciudad, como si fuera su gu\u00eda. Adem\u00e1s, para los m\u00e1s golosos y los que se divierten en la cocina, me vendr\u00e1n en mi calidad de cocinera que compartir\u00e9 recetas t\u00edpicas italianas.","sameAs":["https:\/\/www.facebook.com\/valentina.alazraki.mexico\/","https:\/\/www.instagram.com\/valealazraki\/","https:\/\/x.com\/valealazraki","@valentina_alazraki"],"url":"https:\/\/exaudi.org\/it\/author\/valentina-alazraki\/"}]}},"jetpack_featured_media_url":"https:\/\/exaudi.org\/wp-content\/uploads\/2026\/04\/1776942536524-scaled.jpg","jetpack_shortlink":"https:\/\/wp.me\/pgKjF2-HG0","_links":{"self":[{"href":"https:\/\/exaudi.org\/it\/wp-json\/wp\/v2\/posts\/167896","targetHints":{"allow":["GET"]}}],"collection":[{"href":"https:\/\/exaudi.org\/it\/wp-json\/wp\/v2\/posts"}],"about":[{"href":"https:\/\/exaudi.org\/it\/wp-json\/wp\/v2\/types\/post"}],"author":[{"embeddable":true,"href":"https:\/\/exaudi.org\/it\/wp-json\/wp\/v2\/users\/176"}],"replies":[{"embeddable":true,"href":"https:\/\/exaudi.org\/it\/wp-json\/wp\/v2\/comments?post=167896"}],"version-history":[{"count":3,"href":"https:\/\/exaudi.org\/it\/wp-json\/wp\/v2\/posts\/167896\/revisions"}],"predecessor-version":[{"id":167898,"href":"https:\/\/exaudi.org\/it\/wp-json\/wp\/v2\/posts\/167896\/revisions\/167898"}],"wp:featuredmedia":[{"embeddable":true,"href":"https:\/\/exaudi.org\/it\/wp-json\/wp\/v2\/media\/167777"}],"wp:attachment":[{"href":"https:\/\/exaudi.org\/it\/wp-json\/wp\/v2\/media?parent=167896"}],"wp:term":[{"taxonomy":"category","embeddable":true,"href":"https:\/\/exaudi.org\/it\/wp-json\/wp\/v2\/categories?post=167896"},{"taxonomy":"post_tag","embeddable":true,"href":"https:\/\/exaudi.org\/it\/wp-json\/wp\/v2\/tags?post=167896"}],"curies":[{"name":"wp","href":"https:\/\/api.w.org\/{rel}","templated":true}]}}