{"id":167855,"date":"2026-04-23T18:28:50","date_gmt":"2026-04-23T16:28:50","guid":{"rendered":"https:\/\/exaudi.org\/?p=167855"},"modified":"2026-04-23T18:28:50","modified_gmt":"2026-04-23T16:28:50","slug":"la-metafisica-della-leadership-il-manager-come-custode-della-speranza","status":"publish","type":"post","link":"https:\/\/exaudi.org\/it\/la-metafisica-della-leadership-il-manager-come-custode-della-speranza\/","title":{"rendered":"La metafisica della leadership: il manager come custode della speranza"},"content":{"rendered":"<p><span dir=\"auto\" style=\"vertical-align: inherit\"><span dir=\"auto\" style=\"vertical-align: inherit\">La leadership nel mondo degli affari contemporaneo \u00e8 caduta vittima di una visione eccessivamente tecnica, in cui il manager viene ridotto a mero ottimizzatore di processi e risorse. Tuttavia, la tradizione cattolica e i moderni teorici del\u00a0 <\/span><\/span><em><span dir=\"auto\" style=\"vertical-align: inherit\"><span dir=\"auto\" style=\"vertical-align: inherit\">Management Umanistico<\/span><\/span><\/em><span dir=\"auto\" style=\"vertical-align: inherit\"><span dir=\"auto\" style=\"vertical-align: inherit\"> \u00a0sostengono che la leadership sia, essenzialmente, una\u00a0 <\/span><\/span><strong><span dir=\"auto\" style=\"vertical-align: inherit\"><span dir=\"auto\" style=\"vertical-align: inherit\">virt\u00f9 politica<\/span><\/span><\/strong><span dir=\"auto\" style=\"vertical-align: inherit\"><span dir=\"auto\" style=\"vertical-align: inherit\"> . Non si tratta semplicemente di gestire le risorse, ma di governare una comunit\u00e0 di individui liberi verso un obiettivo comune. Il leader cattolico deve comprendere che la sua autorit\u00e0 ( <\/span><\/span><em><span dir=\"auto\" style=\"vertical-align: inherit\"><span dir=\"auto\" style=\"vertical-align: inherit\">auctoritas<\/span><\/span><\/em><span dir=\"auto\" style=\"vertical-align: inherit\"><span dir=\"auto\" style=\"vertical-align: inherit\"> ) non deriva dall&#8217;organigramma aziendale, ma dalla sua capacit\u00e0 di coltivare la realt\u00e0 che gli \u00e8 stata affidata. Egli \u00e8 un &#8220;architetto della dignit\u00e0&#8221; che progetta spazi in cui gli errori non vengono puniti con l&#8217;esclusione, ma trasformati attraverso l&#8217;apprendimento e la responsabilizzazione.<\/span><\/span><\/p>\n<p><span dir=\"auto\" style=\"vertical-align: inherit\"><span dir=\"auto\" style=\"vertical-align: inherit\">Nei corsi di specializzazione post-laurea delle universit\u00e0 cattoliche, l&#8217;attuale crisi di impegno lavorativo viene analizzata fondamentalmente come una crisi di significato. I lavoratori non fuggono dalla fatica, ma dal vuoto esistenziale. Pertanto, la missione del leader \u00e8 quella di infondere alle attivit\u00e0 quotidiane uno\u00a0 <\/span><\/span><strong><span dir=\"auto\" style=\"vertical-align: inherit\"><span dir=\"auto\" style=\"vertical-align: inherit\">scopo trascendente<\/span><\/span><\/strong><span dir=\"auto\" style=\"vertical-align: inherit\"><span dir=\"auto\" style=\"vertical-align: inherit\"> \u00a0. Ci\u00f2 implica che la visione aziendale non pu\u00f2 limitarsi a &#8220;essere leader nel settore&#8221;, ma deve estendersi a &#8220;contribuire al miglioramento della societ\u00e0&#8221;. Quando un leader riesce a far comprendere a ciascun membro dell&#8217;organizzazione che il proprio lavoro \u00e8 parte essenziale del Bene Comune, compie un atto di giustizia antropologica che eleva il morale dell&#8217;intera societ\u00e0.<\/span><\/span><\/p>\n<p><span dir=\"auto\" style=\"vertical-align: inherit\"><span dir=\"auto\" style=\"vertical-align: inherit\">La prudenza \u00e8 la regina della leadership. Un manager veramente perspicace sa che le regole generali devono essere applicate ai casi specifici con estrema sensibilit\u00e0. Ci\u00f2 significa rompere con la rigidit\u00e0 burocratica per affrontare l&#8217;unicit\u00e0 di ogni dipendente: le sue crisi personali, le sue aspirazioni di crescita e i suoi limiti. L&#8217;azienda etica non \u00e8 una macchina di uniformit\u00e0, ma un&#8217;armonia di diversit\u00e0. La leadership si esercita attraverso\u00a0 <\/span><\/span><strong><span dir=\"auto\" style=\"vertical-align: inherit\"><span dir=\"auto\" style=\"vertical-align: inherit\">una presenza empatica<\/span><\/span><\/strong><span dir=\"auto\" style=\"vertical-align: inherit\"><span dir=\"auto\" style=\"vertical-align: inherit\"> , riconoscendo in ogni dipendente un essere con un destino eterno, la cui dignit\u00e0 \u00e8 irrinunciabile e indipendente dalla sua produttivit\u00e0 immediata.<\/span><\/span><\/p>\n<p><span dir=\"auto\" style=\"vertical-align: inherit\"><span dir=\"auto\" style=\"vertical-align: inherit\">Infine, questo modello di leadership richiede\u00a0 <\/span><\/span><strong><span dir=\"auto\" style=\"vertical-align: inherit\"><span dir=\"auto\" style=\"vertical-align: inherit\">autodisciplina personale<\/span><\/span><\/strong><span dir=\"auto\" style=\"vertical-align: inherit\"><span dir=\"auto\" style=\"vertical-align: inherit\"> . Non si pu\u00f2 guidare gli altri se manca l&#8217;autocontrollo. Il manager \u00e8 chiamato all&#8217;umilt\u00e0 di riconoscere di non possedere tutte le risposte e che il suo successo dipende dalla collaborazione collettiva. In definitiva, la leadership \u00e8 un peso di responsabilit\u00e0; il leader sar\u00e0 ritenuto responsabile di quante persone saranno &#8220;migliorate&#8221; dopo aver lavorato nella sua organizzazione. \u00c8 il passaggio definitivo dalla gestione del successo individuale alla gestione del significato collettivo.<\/span><\/span><\/p>\n<h3><strong><span dir=\"auto\" style=\"vertical-align: inherit\"><span dir=\"auto\" style=\"vertical-align: inherit\">Raccomandazioni<\/span><\/span><\/strong><\/h3>\n<ol>\n<li><strong><span dir=\"auto\" style=\"vertical-align: inherit\"><span dir=\"auto\" style=\"vertical-align: inherit\">Implementare la &#8220;Cattedra di sussidiariet\u00e0&#8221;:<\/span><\/span><\/strong><span dir=\"auto\" style=\"vertical-align: inherit\"><span dir=\"auto\" style=\"vertical-align: inherit\"> \u00a0garantire che le decisioni vengano prese al livello pi\u00f9 vicino al problema, responsabilizzando i team operativi.<\/span><\/span><\/li>\n<li><strong><span dir=\"auto\" style=\"vertical-align: inherit\"><span dir=\"auto\" style=\"vertical-align: inherit\">Protocollo di ascolto attivo strutturato:<\/span><\/span><\/strong><span dir=\"auto\" style=\"vertical-align: inherit\"><span dir=\"auto\" style=\"vertical-align: inherit\"> \u00a0riunioni mensili senza un ordine del giorno per individuare blocchi emotivi e operativi nel personale.<\/span><\/span><\/li>\n<li><strong><span dir=\"auto\" style=\"vertical-align: inherit\"><span dir=\"auto\" style=\"vertical-align: inherit\">Analisi dello stile di leadership:<\/span><\/span><\/strong><span dir=\"auto\" style=\"vertical-align: inherit\"><span dir=\"auto\" style=\"vertical-align: inherit\"> \u00a0Valuta i manager utilizzando sondaggi a 360\u00b0 che misurano la loro capacit\u00e0 di sviluppare il talento altrui.<\/span><\/span><\/li>\n<li><strong><span dir=\"auto\" style=\"vertical-align: inherit\"><span dir=\"auto\" style=\"vertical-align: inherit\">Trasparenza radicale nel &#8220;perch\u00e9&#8221;:<\/span><\/span><\/strong><span dir=\"auto\" style=\"vertical-align: inherit\"><span dir=\"auto\" style=\"vertical-align: inherit\"> \u00a0comunicate sempre le ragioni etiche e strategiche alla base dei cambiamenti, eliminando l&#8217;autoritarismo opaco.<\/span><\/span><\/li>\n<li><strong><span dir=\"auto\" style=\"vertical-align: inherit\"><span dir=\"auto\" style=\"vertical-align: inherit\">Programma di mentoring inverso:<\/span><\/span><\/strong><span dir=\"auto\" style=\"vertical-align: inherit\"><span dir=\"auto\" style=\"vertical-align: inherit\"> \u00a0incoraggiare i giovani dipendenti a condividere la propria visione con i manager per abbattere la rigidit\u00e0 gerarchica.<\/span><\/span><\/li>\n<\/ol>\n","protected":false},"excerpt":{"rendered":"<p>Dal potere come dominio all&#8217;autorit\u00e0 come architettura della fioritura umana<\/p>\n","protected":false},"author":149,"featured_media":167597,"comment_status":"closed","ping_status":"closed","sticky":false,"template":"","format":"standard","meta":{"_acf_changed":false,"_crdt_document":"","inline_featured_image":false,"footnotes":""},"categories":[71],"tags":[110190,110191,110192,110194,110196,26726,110198,110197,110199,110193,25656,21923,31505,87575,110200,22896,110201,110202,110195,64787,86507],"class_list":["post-167855","post","type-post","status-publish","format-standard","has-post-thumbnail","hentry","category-analisi","tag-antropologia-aziendale","tag-architettura-della-dignita","tag-autorita-e-potere","tag-cultura-della-fioritura","tag-dignita-umana-sul-lavoro","tag-etica-aziendale","tag-gestione-del-significato","tag-gestione-della-comunita","tag-gestione-umanistica","tag-il-bene-comune-nel-business","tag-javier-ferrer-garcia-2","tag-leadership-cattolica","tag-leadership-etica","tag-leadership-umanistica","tag-metafisica-della-leadership","tag-responsabilita-sociale","tag-scopo-trascendente","tag-sussidiarieta-aziendale","tag-sviluppo-del-talento","tag-trending-it-236","tag-virtu-della-leadership"],"acf":[],"yoast_head":"<!-- This site is optimized with the Yoast SEO plugin v27.5 - https:\/\/yoast.com\/product\/yoast-seo-wordpress\/ -->\n<title>La metafisica della leadership: il manager come custode della speranza &#8211; Exaudi<\/title>\n<meta name=\"robots\" content=\"index, follow, max-snippet:-1, max-image-preview:large, max-video-preview:-1\" \/>\n<link rel=\"canonical\" href=\"https:\/\/exaudi.org\/it\/la-metafisica-della-leadership-il-manager-come-custode-della-speranza\/\" \/>\n<meta property=\"og:locale\" content=\"it_IT\" \/>\n<meta property=\"og:type\" content=\"article\" \/>\n<meta property=\"og:title\" content=\"La metafisica della leadership: il manager come custode della speranza &#8211; Exaudi\" \/>\n<meta property=\"og:description\" content=\"Dal potere come dominio all&#039;autorit\u00e0 come architettura della fioritura umana\" \/>\n<meta property=\"og:url\" content=\"https:\/\/exaudi.org\/it\/la-metafisica-della-leadership-il-manager-come-custode-della-speranza\/\" \/>\n<meta property=\"og:site_name\" content=\"Exaudi\" \/>\n<meta property=\"article:publisher\" content=\"https:\/\/www.facebook.com\/ExaudiNews\" \/>\n<meta property=\"article:published_time\" content=\"2026-04-23T16:28:50+00:00\" \/>\n<meta property=\"og:image\" content=\"https:\/\/exaudi.org\/wp-content\/uploads\/2026\/04\/Gemini_Generated_Image_1ixlje1ixlje1ixl-e1776846580320.png\" \/>\n\t<meta property=\"og:image:width\" content=\"1376\" \/>\n\t<meta property=\"og:image:height\" content=\"768\" \/>\n\t<meta property=\"og:image:type\" content=\"image\/png\" \/>\n<meta name=\"author\" content=\"Javier Ferrer Garc\u00eda\" \/>\n<meta name=\"twitter:card\" content=\"summary_large_image\" \/>\n<meta name=\"twitter:creator\" content=\"@Exaudi_News\" \/>\n<meta name=\"twitter:site\" content=\"@Exaudi_News\" \/>\n<meta name=\"twitter:label1\" content=\"Scritto da\" \/>\n\t<meta name=\"twitter:data1\" content=\"Javier Ferrer Garc\u00eda\" \/>\n\t<meta name=\"twitter:label2\" content=\"Tempo di lettura stimato\" \/>\n\t<meta name=\"twitter:data2\" content=\"2 minuti\" \/>\n<script type=\"application\/ld+json\" class=\"yoast-schema-graph\">{\"@context\":\"https:\\\/\\\/schema.org\",\"@graph\":[{\"@type\":\"Article\",\"@id\":\"https:\\\/\\\/exaudi.org\\\/it\\\/la-metafisica-della-leadership-il-manager-come-custode-della-speranza\\\/#article\",\"isPartOf\":{\"@id\":\"https:\\\/\\\/exaudi.org\\\/it\\\/la-metafisica-della-leadership-il-manager-come-custode-della-speranza\\\/\"},\"author\":{\"name\":\"Javier Ferrer Garc\u00eda\",\"@id\":\"https:\\\/\\\/exaudi.org\\\/#\\\/schema\\\/person\\\/0428626ea256fe1d193098fe0ee2b91d\"},\"headline\":\"La metafisica della leadership: il manager come custode della speranza\",\"datePublished\":\"2026-04-23T16:28:50+00:00\",\"mainEntityOfPage\":{\"@id\":\"https:\\\/\\\/exaudi.org\\\/it\\\/la-metafisica-della-leadership-il-manager-come-custode-della-speranza\\\/\"},\"wordCount\":505,\"image\":{\"@id\":\"https:\\\/\\\/exaudi.org\\\/it\\\/la-metafisica-della-leadership-il-manager-come-custode-della-speranza\\\/#primaryimage\"},\"thumbnailUrl\":\"https:\\\/\\\/exaudi.org\\\/wp-content\\\/uploads\\\/2026\\\/04\\\/Gemini_Generated_Image_1ixlje1ixlje1ixl-e1776846580320.png\",\"keywords\":[\"Antropologia aziendale\",\"Architettura della dignit\u00e0\",\"Autorit\u00e0 e potere\",\"Cultura della fioritura\",\"Dignit\u00e0 umana sul lavoro\",\"etica aziendale\",\"Gestione del significato\",\"Gestione della comunit\u00e0\",\"Gestione umanistica\",\"Il bene comune nel business\",\"Javier Ferrer Garc\u00eda\",\"LEADERSHIP CATTOLICA\",\"leadership etica\",\"leadership umanistica\",\"Metafisica della leadership\",\"Responsabilit\u00e0 sociale\",\"Scopo trascendente\",\"Sussidiariet\u00e0 aziendale\",\"Sviluppo del talento\",\"Trending\",\"virt\u00f9 della leadership\"],\"articleSection\":[\"Analisi\"],\"inLanguage\":\"it-IT\"},{\"@type\":\"WebPage\",\"@id\":\"https:\\\/\\\/exaudi.org\\\/it\\\/la-metafisica-della-leadership-il-manager-come-custode-della-speranza\\\/\",\"url\":\"https:\\\/\\\/exaudi.org\\\/it\\\/la-metafisica-della-leadership-il-manager-come-custode-della-speranza\\\/\",\"name\":\"La metafisica della leadership: il manager come custode della speranza &#8211; Exaudi\",\"isPartOf\":{\"@id\":\"https:\\\/\\\/exaudi.org\\\/#website\"},\"primaryImageOfPage\":{\"@id\":\"https:\\\/\\\/exaudi.org\\\/it\\\/la-metafisica-della-leadership-il-manager-come-custode-della-speranza\\\/#primaryimage\"},\"image\":{\"@id\":\"https:\\\/\\\/exaudi.org\\\/it\\\/la-metafisica-della-leadership-il-manager-come-custode-della-speranza\\\/#primaryimage\"},\"thumbnailUrl\":\"https:\\\/\\\/exaudi.org\\\/wp-content\\\/uploads\\\/2026\\\/04\\\/Gemini_Generated_Image_1ixlje1ixlje1ixl-e1776846580320.png\",\"datePublished\":\"2026-04-23T16:28:50+00:00\",\"author\":{\"@id\":\"https:\\\/\\\/exaudi.org\\\/#\\\/schema\\\/person\\\/0428626ea256fe1d193098fe0ee2b91d\"},\"breadcrumb\":{\"@id\":\"https:\\\/\\\/exaudi.org\\\/it\\\/la-metafisica-della-leadership-il-manager-come-custode-della-speranza\\\/#breadcrumb\"},\"inLanguage\":\"it-IT\",\"potentialAction\":[{\"@type\":\"ReadAction\",\"target\":[\"https:\\\/\\\/exaudi.org\\\/it\\\/la-metafisica-della-leadership-il-manager-come-custode-della-speranza\\\/\"]}]},{\"@type\":\"ImageObject\",\"inLanguage\":\"it-IT\",\"@id\":\"https:\\\/\\\/exaudi.org\\\/it\\\/la-metafisica-della-leadership-il-manager-come-custode-della-speranza\\\/#primaryimage\",\"url\":\"https:\\\/\\\/exaudi.org\\\/wp-content\\\/uploads\\\/2026\\\/04\\\/Gemini_Generated_Image_1ixlje1ixlje1ixl-e1776846580320.png\",\"contentUrl\":\"https:\\\/\\\/exaudi.org\\\/wp-content\\\/uploads\\\/2026\\\/04\\\/Gemini_Generated_Image_1ixlje1ixlje1ixl-e1776846580320.png\",\"width\":1376,\"height\":768},{\"@type\":\"BreadcrumbList\",\"@id\":\"https:\\\/\\\/exaudi.org\\\/it\\\/la-metafisica-della-leadership-il-manager-come-custode-della-speranza\\\/#breadcrumb\",\"itemListElement\":[{\"@type\":\"ListItem\",\"position\":1,\"name\":\"Portada\",\"item\":\"https:\\\/\\\/exaudi.org\\\/it\\\/\"},{\"@type\":\"ListItem\",\"position\":2,\"name\":\"La metafisica della leadership: il manager come custode della speranza\"}]},{\"@type\":\"WebSite\",\"@id\":\"https:\\\/\\\/exaudi.org\\\/#website\",\"url\":\"https:\\\/\\\/exaudi.org\\\/\",\"name\":\"Exaudi\",\"description\":\"News\",\"potentialAction\":[{\"@type\":\"SearchAction\",\"target\":{\"@type\":\"EntryPoint\",\"urlTemplate\":\"https:\\\/\\\/exaudi.org\\\/?s={search_term_string}\"},\"query-input\":{\"@type\":\"PropertyValueSpecification\",\"valueRequired\":true,\"valueName\":\"search_term_string\"}}],\"inLanguage\":\"it-IT\"},{\"@type\":\"Person\",\"@id\":\"https:\\\/\\\/exaudi.org\\\/#\\\/schema\\\/person\\\/0428626ea256fe1d193098fe0ee2b91d\",\"name\":\"Javier Ferrer Garc\u00eda\",\"image\":{\"@type\":\"ImageObject\",\"inLanguage\":\"it-IT\",\"@id\":\"https:\\\/\\\/secure.gravatar.com\\\/avatar\\\/c7bc1aef05f4433794cef4a55499c99ae6c0d617e2aa24ba4876a5432af93b2d?s=96&d=mm&r=g\",\"url\":\"https:\\\/\\\/secure.gravatar.com\\\/avatar\\\/c7bc1aef05f4433794cef4a55499c99ae6c0d617e2aa24ba4876a5432af93b2d?s=96&d=mm&r=g\",\"contentUrl\":\"https:\\\/\\\/secure.gravatar.com\\\/avatar\\\/c7bc1aef05f4433794cef4a55499c99ae6c0d617e2aa24ba4876a5432af93b2d?s=96&d=mm&r=g\",\"caption\":\"Javier Ferrer Garc\u00eda\"},\"description\":\"Soy un apasionado de la vida. Fil\u00f3sofo y economista. Mi carrera profesional se ha enriquecido con el constante deseo de aprender y crecer tanto en el \u00e1mbito acad\u00e9mico como en el personal. Me considero un ferviente lector y amante del cine, lo cual me permite tener una perspectiva amplia y diversa sobre el mundo que nos rodea. Como cat\u00f3lico comprometido, busco integrar mis valores en cada aspecto de mi vida, desde mi carrera profesional hasta mi rol como esposo y padre de familia\",\"url\":\"https:\\\/\\\/exaudi.org\\\/it\\\/author\\\/javier-ferrer-garcia\\\/\"}]}<\/script>\n<!-- \/ Yoast SEO plugin. -->","yoast_head_json":{"title":"La metafisica della leadership: il manager come custode della speranza &#8211; Exaudi","robots":{"index":"index","follow":"follow","max-snippet":"max-snippet:-1","max-image-preview":"max-image-preview:large","max-video-preview":"max-video-preview:-1"},"canonical":"https:\/\/exaudi.org\/it\/la-metafisica-della-leadership-il-manager-come-custode-della-speranza\/","og_locale":"it_IT","og_type":"article","og_title":"La metafisica della leadership: il manager come custode della speranza &#8211; Exaudi","og_description":"Dal potere come dominio all'autorit\u00e0 come architettura della fioritura umana","og_url":"https:\/\/exaudi.org\/it\/la-metafisica-della-leadership-il-manager-come-custode-della-speranza\/","og_site_name":"Exaudi","article_publisher":"https:\/\/www.facebook.com\/ExaudiNews","article_published_time":"2026-04-23T16:28:50+00:00","og_image":[{"width":1376,"height":768,"url":"https:\/\/exaudi.org\/wp-content\/uploads\/2026\/04\/Gemini_Generated_Image_1ixlje1ixlje1ixl-e1776846580320.png","type":"image\/png"}],"author":"Javier Ferrer Garc\u00eda","twitter_card":"summary_large_image","twitter_creator":"@Exaudi_News","twitter_site":"@Exaudi_News","twitter_misc":{"Scritto da":"Javier Ferrer Garc\u00eda","Tempo di lettura stimato":"2 minuti"},"schema":{"@context":"https:\/\/schema.org","@graph":[{"@type":"Article","@id":"https:\/\/exaudi.org\/it\/la-metafisica-della-leadership-il-manager-come-custode-della-speranza\/#article","isPartOf":{"@id":"https:\/\/exaudi.org\/it\/la-metafisica-della-leadership-il-manager-come-custode-della-speranza\/"},"author":{"name":"Javier Ferrer Garc\u00eda","@id":"https:\/\/exaudi.org\/#\/schema\/person\/0428626ea256fe1d193098fe0ee2b91d"},"headline":"La metafisica della leadership: il manager come custode della speranza","datePublished":"2026-04-23T16:28:50+00:00","mainEntityOfPage":{"@id":"https:\/\/exaudi.org\/it\/la-metafisica-della-leadership-il-manager-come-custode-della-speranza\/"},"wordCount":505,"image":{"@id":"https:\/\/exaudi.org\/it\/la-metafisica-della-leadership-il-manager-come-custode-della-speranza\/#primaryimage"},"thumbnailUrl":"https:\/\/exaudi.org\/wp-content\/uploads\/2026\/04\/Gemini_Generated_Image_1ixlje1ixlje1ixl-e1776846580320.png","keywords":["Antropologia aziendale","Architettura della dignit\u00e0","Autorit\u00e0 e potere","Cultura della fioritura","Dignit\u00e0 umana sul lavoro","etica aziendale","Gestione del significato","Gestione della comunit\u00e0","Gestione umanistica","Il bene comune nel business","Javier Ferrer Garc\u00eda","LEADERSHIP CATTOLICA","leadership etica","leadership umanistica","Metafisica della leadership","Responsabilit\u00e0 sociale","Scopo trascendente","Sussidiariet\u00e0 aziendale","Sviluppo del talento","Trending","virt\u00f9 della leadership"],"articleSection":["Analisi"],"inLanguage":"it-IT"},{"@type":"WebPage","@id":"https:\/\/exaudi.org\/it\/la-metafisica-della-leadership-il-manager-come-custode-della-speranza\/","url":"https:\/\/exaudi.org\/it\/la-metafisica-della-leadership-il-manager-come-custode-della-speranza\/","name":"La metafisica della leadership: il manager come custode della speranza &#8211; Exaudi","isPartOf":{"@id":"https:\/\/exaudi.org\/#website"},"primaryImageOfPage":{"@id":"https:\/\/exaudi.org\/it\/la-metafisica-della-leadership-il-manager-come-custode-della-speranza\/#primaryimage"},"image":{"@id":"https:\/\/exaudi.org\/it\/la-metafisica-della-leadership-il-manager-come-custode-della-speranza\/#primaryimage"},"thumbnailUrl":"https:\/\/exaudi.org\/wp-content\/uploads\/2026\/04\/Gemini_Generated_Image_1ixlje1ixlje1ixl-e1776846580320.png","datePublished":"2026-04-23T16:28:50+00:00","author":{"@id":"https:\/\/exaudi.org\/#\/schema\/person\/0428626ea256fe1d193098fe0ee2b91d"},"breadcrumb":{"@id":"https:\/\/exaudi.org\/it\/la-metafisica-della-leadership-il-manager-come-custode-della-speranza\/#breadcrumb"},"inLanguage":"it-IT","potentialAction":[{"@type":"ReadAction","target":["https:\/\/exaudi.org\/it\/la-metafisica-della-leadership-il-manager-come-custode-della-speranza\/"]}]},{"@type":"ImageObject","inLanguage":"it-IT","@id":"https:\/\/exaudi.org\/it\/la-metafisica-della-leadership-il-manager-come-custode-della-speranza\/#primaryimage","url":"https:\/\/exaudi.org\/wp-content\/uploads\/2026\/04\/Gemini_Generated_Image_1ixlje1ixlje1ixl-e1776846580320.png","contentUrl":"https:\/\/exaudi.org\/wp-content\/uploads\/2026\/04\/Gemini_Generated_Image_1ixlje1ixlje1ixl-e1776846580320.png","width":1376,"height":768},{"@type":"BreadcrumbList","@id":"https:\/\/exaudi.org\/it\/la-metafisica-della-leadership-il-manager-come-custode-della-speranza\/#breadcrumb","itemListElement":[{"@type":"ListItem","position":1,"name":"Portada","item":"https:\/\/exaudi.org\/it\/"},{"@type":"ListItem","position":2,"name":"La metafisica della leadership: il manager come custode della speranza"}]},{"@type":"WebSite","@id":"https:\/\/exaudi.org\/#website","url":"https:\/\/exaudi.org\/","name":"Exaudi","description":"News","potentialAction":[{"@type":"SearchAction","target":{"@type":"EntryPoint","urlTemplate":"https:\/\/exaudi.org\/?s={search_term_string}"},"query-input":{"@type":"PropertyValueSpecification","valueRequired":true,"valueName":"search_term_string"}}],"inLanguage":"it-IT"},{"@type":"Person","@id":"https:\/\/exaudi.org\/#\/schema\/person\/0428626ea256fe1d193098fe0ee2b91d","name":"Javier Ferrer Garc\u00eda","image":{"@type":"ImageObject","inLanguage":"it-IT","@id":"https:\/\/secure.gravatar.com\/avatar\/c7bc1aef05f4433794cef4a55499c99ae6c0d617e2aa24ba4876a5432af93b2d?s=96&d=mm&r=g","url":"https:\/\/secure.gravatar.com\/avatar\/c7bc1aef05f4433794cef4a55499c99ae6c0d617e2aa24ba4876a5432af93b2d?s=96&d=mm&r=g","contentUrl":"https:\/\/secure.gravatar.com\/avatar\/c7bc1aef05f4433794cef4a55499c99ae6c0d617e2aa24ba4876a5432af93b2d?s=96&d=mm&r=g","caption":"Javier Ferrer Garc\u00eda"},"description":"Soy un apasionado de la vida. Fil\u00f3sofo y economista. Mi carrera profesional se ha enriquecido con el constante deseo de aprender y crecer tanto en el \u00e1mbito acad\u00e9mico como en el personal. Me considero un ferviente lector y amante del cine, lo cual me permite tener una perspectiva amplia y diversa sobre el mundo que nos rodea. Como cat\u00f3lico comprometido, busco integrar mis valores en cada aspecto de mi vida, desde mi carrera profesional hasta mi rol como esposo y padre de familia","url":"https:\/\/exaudi.org\/it\/author\/javier-ferrer-garcia\/"}]}},"jetpack_featured_media_url":"https:\/\/exaudi.org\/wp-content\/uploads\/2026\/04\/Gemini_Generated_Image_1ixlje1ixlje1ixl-e1776846580320.png","jetpack_shortlink":"https:\/\/wp.me\/pgKjF2-HFl","_links":{"self":[{"href":"https:\/\/exaudi.org\/it\/wp-json\/wp\/v2\/posts\/167855","targetHints":{"allow":["GET"]}}],"collection":[{"href":"https:\/\/exaudi.org\/it\/wp-json\/wp\/v2\/posts"}],"about":[{"href":"https:\/\/exaudi.org\/it\/wp-json\/wp\/v2\/types\/post"}],"author":[{"embeddable":true,"href":"https:\/\/exaudi.org\/it\/wp-json\/wp\/v2\/users\/149"}],"replies":[{"embeddable":true,"href":"https:\/\/exaudi.org\/it\/wp-json\/wp\/v2\/comments?post=167855"}],"version-history":[{"count":3,"href":"https:\/\/exaudi.org\/it\/wp-json\/wp\/v2\/posts\/167855\/revisions"}],"predecessor-version":[{"id":167858,"href":"https:\/\/exaudi.org\/it\/wp-json\/wp\/v2\/posts\/167855\/revisions\/167858"}],"wp:featuredmedia":[{"embeddable":true,"href":"https:\/\/exaudi.org\/it\/wp-json\/wp\/v2\/media\/167597"}],"wp:attachment":[{"href":"https:\/\/exaudi.org\/it\/wp-json\/wp\/v2\/media?parent=167855"}],"wp:term":[{"taxonomy":"category","embeddable":true,"href":"https:\/\/exaudi.org\/it\/wp-json\/wp\/v2\/categories?post=167855"},{"taxonomy":"post_tag","embeddable":true,"href":"https:\/\/exaudi.org\/it\/wp-json\/wp\/v2\/tags?post=167855"}],"curies":[{"name":"wp","href":"https:\/\/api.w.org\/{rel}","templated":true}]}}