{"id":167831,"date":"2026-04-23T18:00:55","date_gmt":"2026-04-23T16:00:55","guid":{"rendered":"https:\/\/exaudi.org\/?p=167831"},"modified":"2026-04-23T18:00:55","modified_gmt":"2026-04-23T16:00:55","slug":"il-trittico-della-grazia-e-della-caduta","status":"publish","type":"post","link":"https:\/\/exaudi.org\/it\/il-trittico-della-grazia-e-della-caduta\/","title":{"rendered":"Il Trittico della Grazia e della Caduta"},"content":{"rendered":"<p data-path-to-node=\"2\"><span dir=\"auto\" style=\"vertical-align: inherit\"><span dir=\"auto\" style=\"vertical-align: inherit\">L&#8217;opera di Jheronimus van Aken, universalmente noto come\u00a0 <\/span><\/span><b data-path-to-node=\"2\" data-index-in-node=\"61\"><span dir=\"auto\" style=\"vertical-align: inherit\"><span dir=\"auto\" style=\"vertical-align: inherit\">Hieronymus Bosch<\/span><\/span><\/b><span dir=\"auto\" style=\"vertical-align: inherit\"><span dir=\"auto\" style=\"vertical-align: inherit\"> , non \u00e8 solo un apice dell&#8217;arte fiamminga; \u00e8, agli occhi del credente, un esame di coscienza dispiegato su legno di quercia. Sotto il titolo popolare de\u00a0 <\/span><\/span><i data-path-to-node=\"2\" data-index-in-node=\"223\"><span dir=\"auto\" style=\"vertical-align: inherit\"><span dir=\"auto\" style=\"vertical-align: inherit\">Il Giardino delle Delizie Terrene<\/span><\/span><\/i><span dir=\"auto\" style=\"vertical-align: inherit\"><span dir=\"auto\" style=\"vertical-align: inherit\"> \u00a0\u2013 o\u00a0 <\/span><\/span><i data-path-to-node=\"2\" data-index-in-node=\"252\"><span dir=\"auto\" style=\"vertical-align: inherit\"><span dir=\"auto\" style=\"vertical-align: inherit\">Il dipinto del corbezzolo<\/span><\/span><\/i><span dir=\"auto\" style=\"vertical-align: inherit\"><span dir=\"auto\" style=\"vertical-align: inherit\"> , come era noto nelle collezioni reali spagnole \u2013 si cela una mappa teologica di una profondit\u00e0 mozzafiato.<\/span><\/span><\/p>\n<p data-path-to-node=\"3\"><span dir=\"auto\" style=\"vertical-align: inherit\"><span dir=\"auto\" style=\"vertical-align: inherit\">Per il cattolico contemporaneo, quest&#8217;opera non dovrebbe essere letta come una fantasia surreale, bens\u00ec come una\u00a0 <\/span><\/span><b data-path-to-node=\"3\" data-index-in-node=\"102\"><span dir=\"auto\" style=\"vertical-align: inherit\"><span dir=\"auto\" style=\"vertical-align: inherit\">catechesi visiva<\/span><\/span><\/b><span dir=\"auto\" style=\"vertical-align: inherit\"><span dir=\"auto\" style=\"vertical-align: inherit\"> \u00a0sull&#8217;uso della libert\u00e0 umana, sulla fragilit\u00e0 della grazia e sulla vittoria finale della giustizia divina.<\/span><\/span><\/p>\n<h3 data-path-to-node=\"5\"><strong><span dir=\"auto\" style=\"vertical-align: inherit\"><span dir=\"auto\" style=\"vertical-align: inherit\">Genesi: Il fondamento dell&#8217;esistenza<\/span><\/span><\/strong><\/h3>\n<p data-path-to-node=\"6\"><span dir=\"auto\" style=\"vertical-align: inherit\"><span dir=\"auto\" style=\"vertical-align: inherit\">Il pannello di sinistra ci colloca nel\u00a0 <\/span><\/span><b data-path-to-node=\"6\" data-index-in-node=\"35\"><span dir=\"auto\" style=\"vertical-align: inherit\"><span dir=\"auto\" style=\"vertical-align: inherit\">Giardino dell&#8217;Eden<\/span><\/span><\/b><span dir=\"auto\" style=\"vertical-align: inherit\"><span dir=\"auto\" style=\"vertical-align: inherit\"> . Qui, l&#8217;analisi trascendentale inizia con la figura centrale: un giovane Dio, incarnato in Cristo (il Logos), che presenta Eva ad Adamo.<\/span><\/span><\/p>\n<ul>\n<li data-path-to-node=\"7,0,0\"><b data-path-to-node=\"7,0,0\" data-index-in-node=\"0\"><span dir=\"auto\" style=\"vertical-align: inherit\"><span dir=\"auto\" style=\"vertical-align: inherit\">L&#8217;armonia originale:<\/span><\/span><\/b><span dir=\"auto\" style=\"vertical-align: inherit\"><span dir=\"auto\" style=\"vertical-align: inherit\"> \u00a0non c&#8217;\u00e8 conflitto. Il colore \u00e8 vibrante, l&#8217;acqua della vita sgorga da una raffinata fontana gotica.<\/span><\/span><\/li>\n<li data-path-to-node=\"7,1,0\"><b data-path-to-node=\"7,1,0\" data-index-in-node=\"0\"><span dir=\"auto\" style=\"vertical-align: inherit\"><span dir=\"auto\" style=\"vertical-align: inherit\">L&#8217;avvertimento sottile:<\/span><\/span><\/b><span dir=\"auto\" style=\"vertical-align: inherit\"><span dir=\"auto\" style=\"vertical-align: inherit\"> \u00a0nonostante la pace, Bosch introduce animali predatori ai margini della scena. \u00c8 un monito che il Creato, sebbene buono per sua natura, \u00e8 il campo di battaglia in cui la volont\u00e0 di ognuno viene messa alla prova.<\/span><\/span><\/li>\n<\/ul>\n<p data-path-to-node=\"8\"><span dir=\"auto\" style=\"vertical-align: inherit\"><span dir=\"auto\" style=\"vertical-align: inherit\">Per il cristiano, questo pannello \u00e8 un promemoria del\u00a0 <\/span><\/span><b data-path-to-node=\"8\" data-index-in-node=\"53\"><span dir=\"auto\" style=\"vertical-align: inherit\"><span dir=\"auto\" style=\"vertical-align: inherit\">disegno originale<\/span><\/span><\/b><span dir=\"auto\" style=\"vertical-align: inherit\"><span dir=\"auto\" style=\"vertical-align: inherit\"> : siamo fatti per la comunione, per provare timore reverenziale di fronte all&#8217;opera di Dio e per una relazione ordinata con il Creatore.<\/span><\/span><\/p>\n<h3 data-path-to-node=\"10\"><strong><span dir=\"auto\" style=\"vertical-align: inherit\"><span dir=\"auto\" style=\"vertical-align: inherit\">Il pannello centrale: il miraggio dell&#8217;autonomia<\/span><\/span><\/strong><\/h3>\n<p data-path-to-node=\"11\"><span dir=\"auto\" style=\"vertical-align: inherit\"><span dir=\"auto\" style=\"vertical-align: inherit\">Il pannello centrale \u00e8 quello che d\u00e0 il nome all&#8217;opera ed \u00e8 anche quello che pi\u00f9 spesso disorienta lo spettatore moderno. Lungi dall&#8217;essere un&#8217;apologia dell&#8217;edonismo, \u00e8 una\u00a0 <\/span><\/span><b data-path-to-node=\"11\" data-index-in-node=\"147\"><span dir=\"auto\" style=\"vertical-align: inherit\"><span dir=\"auto\" style=\"vertical-align: inherit\">parabola del peccato di presunzione<\/span><\/span><\/b><span dir=\"auto\" style=\"vertical-align: inherit\"><span dir=\"auto\" style=\"vertical-align: inherit\"> .<\/span><\/span><\/p>\n<ul>\n<li data-path-to-node=\"12,0,0\"><b data-path-to-node=\"12,0,0\" data-index-in-node=\"0\"><span dir=\"auto\" style=\"vertical-align: inherit\"><span dir=\"auto\" style=\"vertical-align: inherit\">Il corbezzolo e la fragilit\u00e0:<\/span><\/span><\/b><span dir=\"auto\" style=\"vertical-align: inherit\"><span dir=\"auto\" style=\"vertical-align: inherit\"> \u00a0la presenza ricorrente di corbezzoli e frutti di bosco non \u00e8 casuale. Sono frutti dolci che fermentano rapidamente; rappresentano il piacere effimero che lascia un retrogusto amaro.<\/span><\/span><\/li>\n<li data-path-to-node=\"12,1,0\"><b data-path-to-node=\"12,1,0\" data-index-in-node=\"0\"><span dir=\"auto\" style=\"vertical-align: inherit\"><span dir=\"auto\" style=\"vertical-align: inherit\">La Moltitudine Anonima:<\/span><\/span><\/b><span dir=\"auto\" style=\"vertical-align: inherit\"><span dir=\"auto\" style=\"vertical-align: inherit\"> \u00a0In questo giardino, le figure sembrano aver dimenticato il Paradiso. Sono assorte in se stesse, in futili giochi erotici e nel consumo di frutti giganti. \u00c8 l&#8217;immagine di un&#8217;umanit\u00e0 che cerca la felicit\u00e0 al di fuori di Dio, trasformando i beni creati in idoli.<\/span><\/span><\/li>\n<li data-path-to-node=\"12,2,0\"><b data-path-to-node=\"12,2,0\" data-index-in-node=\"0\"><span dir=\"auto\" style=\"vertical-align: inherit\"><span dir=\"auto\" style=\"vertical-align: inherit\">Analisi artistica:<\/span><\/span><\/b><span dir=\"auto\" style=\"vertical-align: inherit\"><span dir=\"auto\" style=\"vertical-align: inherit\"> \u00a0La tecnica di Bosch \u00e8 meticolosa, quasi miniaturistica, e costringe lo spettatore ad avvicinarsi. Questa vicinanza ci rende complici del dettaglio, per poi farci indietreggiare e scorgere il caos del tutto: un&#8217;umanit\u00e0 che gira in tondo (letteralmente, nella processione intorno allo stagno) senza una bussola spirituale.<\/span><\/span><\/li>\n<\/ul>\n<p data-path-to-node=\"13\"><span dir=\"auto\" style=\"vertical-align: inherit\"><span dir=\"auto\" style=\"vertical-align: inherit\">Dal punto di vista cattolico, \u00e8 una rappresentazione della\u00a0 <\/span><\/span><b data-path-to-node=\"13\" data-index-in-node=\"59\"><span dir=\"auto\" style=\"vertical-align: inherit\"><span dir=\"auto\" style=\"vertical-align: inherit\">concupiscenza<\/span><\/span><\/b><span dir=\"auto\" style=\"vertical-align: inherit\"><span dir=\"auto\" style=\"vertical-align: inherit\"> . Non \u00e8 un giudizio di odio verso il mondo, ma un monito caritatevole: &#8220;Dove \u00e8 il tuo tesoro, l\u00e0 sar\u00e0 anche il tuo cuore&#8221;.<\/span><\/span><\/p>\n<h3 data-path-to-node=\"15\"><strong><span dir=\"auto\" style=\"vertical-align: inherit\"><span dir=\"auto\" style=\"vertical-align: inherit\">L&#8217;inferno musicale: l&#8217;assenza di Dio<\/span><\/span><\/strong><\/h3>\n<p data-path-to-node=\"16\"><span dir=\"auto\" style=\"vertical-align: inherit\"><span dir=\"auto\" style=\"vertical-align: inherit\">Il pannello di destra \u00e8 la logica conseguenza di una libert\u00e0 mal utilizzata. Bosch dipinge un &#8220;inferno musicale&#8221; dove gli strumenti di gioia si trasformano in strumenti di tortura.<\/span><\/span><\/p>\n<ul>\n<li data-path-to-node=\"17,0,0\"><b data-path-to-node=\"17,0,0\" data-index-in-node=\"0\"><span dir=\"auto\" style=\"vertical-align: inherit\"><span dir=\"auto\" style=\"vertical-align: inherit\">La notte dell&#8217;anima:<\/span><\/span><\/b><span dir=\"auto\" style=\"vertical-align: inherit\"><span dir=\"auto\" style=\"vertical-align: inherit\"> \u00a0il contrasto di luce \u00e8 assoluto. Dal sole di mezzogiorno nel giardino, ci spostiamo nell&#8217;oscurit\u00e0 illuminata dai fuochi.<\/span><\/span><\/li>\n<li data-path-to-node=\"17,1,0\"><b data-path-to-node=\"17,1,0\" data-index-in-node=\"0\"><span dir=\"auto\" style=\"vertical-align: inherit\"><span dir=\"auto\" style=\"vertical-align: inherit\">L&#8217;Uomo Albero:<\/span><\/span><\/b><span dir=\"auto\" style=\"vertical-align: inherit\"><span dir=\"auto\" style=\"vertical-align: inherit\"> \u00a0Nel mezzo di questo caos, una figura pallida con un corpo rotto simile a un uovo e uno sguardo malinconico ci osserva. Molti vi scorgono un autoritratto di Bosch. Il suo sguardo non \u00e8 di odio, ma di\u00a0 <\/span><\/span><b data-path-to-node=\"17,1,0\" data-index-in-node=\"201\"><span dir=\"auto\" style=\"vertical-align: inherit\"><span dir=\"auto\" style=\"vertical-align: inherit\">infinita tristezza<\/span><\/span><\/b><span dir=\"auto\" style=\"vertical-align: inherit\"><span dir=\"auto\" style=\"vertical-align: inherit\"> . \u00c8 l&#8217;anima che comprende, troppo tardi, ci\u00f2 che ha perduto.<\/span><\/span><\/li>\n<li data-path-to-node=\"17,2,0\"><b data-path-to-node=\"17,2,0\" data-index-in-node=\"0\"><span dir=\"auto\" style=\"vertical-align: inherit\"><span dir=\"auto\" style=\"vertical-align: inherit\">Giustizia poetica:<\/span><\/span><\/b><span dir=\"auto\" style=\"vertical-align: inherit\"><span dir=\"auto\" style=\"vertical-align: inherit\"> \u00a0Bosch punisce ogni senso. Chi viveva solo per il piacere dell&#8217;udito soffre il rumore; chi viveva per la gola viene divorato.<\/span><\/span><\/li>\n<li data-path-to-node=\"19\"><strong><span dir=\"auto\" style=\"vertical-align: inherit\"><span dir=\"auto\" style=\"vertical-align: inherit\">La bellezza come invito alla conversione<\/span><\/span><\/strong><\/li>\n<\/ul>\n<p data-path-to-node=\"20\"><span dir=\"auto\" style=\"vertical-align: inherit\"><span dir=\"auto\" style=\"vertical-align: inherit\">L&#8217;analisi artistica di quest&#8217;opera non pu\u00f2 prescindere dalla sua chiusura. Quando il trittico \u00e8 ripiegato, vediamo il\u00a0 <\/span><\/span><b data-path-to-node=\"20\" data-index-in-node=\"101\"><span dir=\"auto\" style=\"vertical-align: inherit\"><span dir=\"auto\" style=\"vertical-align: inherit\">Mondo nel terzo giorno della Creazione<\/span><\/span><\/b><span dir=\"auto\" style=\"vertical-align: inherit\"><span dir=\"auto\" style=\"vertical-align: inherit\"> , racchiuso in una sfera di cristallo sotto lo sguardo di Dio Padre. \u00c8 un&#8217;immagine di assoluta fragilit\u00e0.<\/span><\/span><\/p>\n<p data-path-to-node=\"21\"><span dir=\"auto\" style=\"vertical-align: inherit\"><span dir=\"auto\" style=\"vertical-align: inherit\">Per un cattolico,\u00a0 <\/span><\/span><i data-path-to-node=\"21\" data-index-in-node=\"18\"><span dir=\"auto\" style=\"vertical-align: inherit\"><span dir=\"auto\" style=\"vertical-align: inherit\">Il Giardino delle Delizie Terrene<\/span><\/span><\/i><span dir=\"auto\" style=\"vertical-align: inherit\"><span dir=\"auto\" style=\"vertical-align: inherit\"> \u00a0\u00e8 un\u00a0 <\/span><\/span><b data-path-to-node=\"21\" data-index-in-node=\"50\"><span dir=\"auto\" style=\"vertical-align: inherit\"><span dir=\"auto\" style=\"vertical-align: inherit\">esercizio di speranza<\/span><\/span><\/b><span dir=\"auto\" style=\"vertical-align: inherit\"><span dir=\"auto\" style=\"vertical-align: inherit\"> . Perch\u00e9? Perch\u00e9, mostrandoci la bruttezza del peccato e il vuoto di una vita senza Dio, riafferma la bellezza della Redenzione. Bosch non dipinge l&#8217;inferno per terrorizzarci, ma perch\u00e9 possiamo apprezzare il Giardino che non appassisce mai.<\/span><\/span><\/p>\n<p data-path-to-node=\"22\"><span dir=\"auto\" style=\"vertical-align: inherit\"><span dir=\"auto\" style=\"vertical-align: inherit\">L&#8217;opera ci invita a vivere con i piedi per terra ma con il cuore nel pannello di sinistra (Grazia), evitando l&#8217;illusione del pannello centrale per non dover mai abitare quello di destra. \u00c8, in definitiva, un inno alla\u00a0 <\/span><\/span><b data-path-to-node=\"22\" data-index-in-node=\"218\"><span dir=\"auto\" style=\"vertical-align: inherit\"><span dir=\"auto\" style=\"vertical-align: inherit\">Misericordia<\/span><\/span><\/b><span dir=\"auto\" style=\"vertical-align: inherit\"><span dir=\"auto\" style=\"vertical-align: inherit\"> , che ci attende sempre prima che il trittico delle nostre vite si chiuda per sempre.<\/span><\/span><\/p>\n<blockquote data-path-to-node=\"23\">\n<p data-path-to-node=\"23,0\"><span dir=\"auto\" style=\"vertical-align: inherit\"><span dir=\"auto\" style=\"vertical-align: inherit\">&#8220;Signore, non lasciarmi perdere nella dolcezza del corbezzolo, ma fa&#8217; che trovi sempre riposo nella fonte del tuo Paradiso.&#8221;<\/span><\/span><\/p>\n<\/blockquote>\n","protected":false},"excerpt":{"rendered":"<p>&#8220;Il Giardino delle Delizie Terrene&#8221;: Dall&#8217;Eden al Giudizio: Lo Specchio dell&#8217;Anima Dipinto da Hieronymus Bosch per l&#8217;Eternit\u00e0<\/p>\n","protected":false},"author":179,"featured_media":167587,"comment_status":"closed","ping_status":"closed","sticky":false,"template":"","format":"standard","meta":{"_acf_changed":false,"_crdt_document":"","inline_featured_image":false,"footnotes":""},"categories":[71],"tags":[110124,110125,41934,1953,110127,110126,108241,110130,37536,110129,110128,48318,52618,110131,110132,110133,110134,41939,36786,64787,110135],"class_list":["post-167831","post","type-post","status-publish","format-standard","has-post-thumbnail","hentry","category-analisi","tag-analisi-artistica","tag-analisi-trascendentale","tag-arte-e-fede","tag-arte-sacra","tag-bosch","tag-catechesi-visiva","tag-cristianesimo-e-arte","tag-dipinto-del-frassino","tag-estetica-cristiana-2","tag-il-giardino-delle-delizie-terrene","tag-interpretazione-cattolica","tag-meditazione-spirituale","tag-museo-del-prado-2","tag-pittura-fiamminga","tag-rinascimento-nordico","tag-salvezza-e-peccato","tag-simbolismo-medievale","tag-storia-dellarte","tag-teologia-cattolica","tag-trending-it-236","tag-trittico-di-bosch"],"acf":[],"yoast_head":"<!-- This site is optimized with the Yoast SEO plugin v27.5 - https:\/\/yoast.com\/product\/yoast-seo-wordpress\/ -->\n<title>Il Trittico della Grazia e della Caduta &#8211; Exaudi<\/title>\n<meta name=\"robots\" content=\"index, follow, max-snippet:-1, max-image-preview:large, max-video-preview:-1\" \/>\n<link rel=\"canonical\" href=\"https:\/\/exaudi.org\/it\/il-trittico-della-grazia-e-della-caduta\/\" \/>\n<meta property=\"og:locale\" content=\"it_IT\" \/>\n<meta property=\"og:type\" content=\"article\" \/>\n<meta property=\"og:title\" content=\"Il Trittico della Grazia e della Caduta &#8211; Exaudi\" \/>\n<meta property=\"og:description\" content=\"&quot;Il Giardino delle Delizie Terrene&quot;: Dall&#039;Eden al Giudizio: Lo Specchio dell&#039;Anima Dipinto da Hieronymus Bosch per l&#039;Eternit\u00e0\" \/>\n<meta property=\"og:url\" content=\"https:\/\/exaudi.org\/it\/il-trittico-della-grazia-e-della-caduta\/\" \/>\n<meta property=\"og:site_name\" content=\"Exaudi\" \/>\n<meta property=\"article:publisher\" content=\"https:\/\/www.facebook.com\/ExaudiNews\" \/>\n<meta property=\"article:published_time\" content=\"2026-04-23T16:00:55+00:00\" \/>\n<meta property=\"og:image\" content=\"https:\/\/exaudi.org\/wp-content\/uploads\/2026\/04\/Triptico-del-Jardin-de-las-delicias.jpg\" \/>\n\t<meta property=\"og:image:width\" content=\"1920\" \/>\n\t<meta property=\"og:image:height\" content=\"1030\" \/>\n\t<meta property=\"og:image:type\" content=\"image\/jpeg\" \/>\n<meta name=\"author\" content=\"Sonia Clara del Campo\" \/>\n<meta name=\"twitter:card\" content=\"summary_large_image\" \/>\n<meta name=\"twitter:creator\" content=\"@Exaudi_News\" \/>\n<meta name=\"twitter:site\" content=\"@Exaudi_News\" \/>\n<meta name=\"twitter:label1\" content=\"Scritto da\" \/>\n\t<meta name=\"twitter:data1\" content=\"Sonia Clara del Campo\" \/>\n\t<meta name=\"twitter:label2\" content=\"Tempo di lettura stimato\" \/>\n\t<meta name=\"twitter:data2\" content=\"3 minuti\" \/>\n<script type=\"application\/ld+json\" class=\"yoast-schema-graph\">{\"@context\":\"https:\\\/\\\/schema.org\",\"@graph\":[{\"@type\":\"Article\",\"@id\":\"https:\\\/\\\/exaudi.org\\\/it\\\/il-trittico-della-grazia-e-della-caduta\\\/#article\",\"isPartOf\":{\"@id\":\"https:\\\/\\\/exaudi.org\\\/it\\\/il-trittico-della-grazia-e-della-caduta\\\/\"},\"author\":{\"name\":\"Sonia Clara del Campo\",\"@id\":\"https:\\\/\\\/exaudi.org\\\/#\\\/schema\\\/person\\\/9c612b7129b856dad9c2f9aca1d69f8e\"},\"headline\":\"Il Trittico della Grazia e della Caduta\",\"datePublished\":\"2026-04-23T16:00:55+00:00\",\"mainEntityOfPage\":{\"@id\":\"https:\\\/\\\/exaudi.org\\\/it\\\/il-trittico-della-grazia-e-della-caduta\\\/\"},\"wordCount\":732,\"image\":{\"@id\":\"https:\\\/\\\/exaudi.org\\\/it\\\/il-trittico-della-grazia-e-della-caduta\\\/#primaryimage\"},\"thumbnailUrl\":\"https:\\\/\\\/exaudi.org\\\/wp-content\\\/uploads\\\/2026\\\/04\\\/Triptico-del-Jardin-de-las-delicias.jpg\",\"keywords\":[\"analisi artistica\",\"analisi trascendentale\",\"Arte e fede\",\"arte sacra\",\"Bosch\",\"catechesi visiva\",\"cristianesimo e arte\",\"Dipinto del Frassino\",\"Estetica cristiana\",\"Il Giardino delle Delizie Terrene\",\"interpretazione cattolica\",\"meditazione spirituale\",\"Museo del Prado\",\"Pittura fiamminga\",\"Rinascimento nordico\",\"salvezza e peccato\",\"simbolismo medievale\",\"storia dell'arte\",\"teologia cattolica\",\"Trending\",\"Trittico di Bosch\"],\"articleSection\":[\"Analisi\"],\"inLanguage\":\"it-IT\"},{\"@type\":\"WebPage\",\"@id\":\"https:\\\/\\\/exaudi.org\\\/it\\\/il-trittico-della-grazia-e-della-caduta\\\/\",\"url\":\"https:\\\/\\\/exaudi.org\\\/it\\\/il-trittico-della-grazia-e-della-caduta\\\/\",\"name\":\"Il Trittico della Grazia e della Caduta &#8211; Exaudi\",\"isPartOf\":{\"@id\":\"https:\\\/\\\/exaudi.org\\\/#website\"},\"primaryImageOfPage\":{\"@id\":\"https:\\\/\\\/exaudi.org\\\/it\\\/il-trittico-della-grazia-e-della-caduta\\\/#primaryimage\"},\"image\":{\"@id\":\"https:\\\/\\\/exaudi.org\\\/it\\\/il-trittico-della-grazia-e-della-caduta\\\/#primaryimage\"},\"thumbnailUrl\":\"https:\\\/\\\/exaudi.org\\\/wp-content\\\/uploads\\\/2026\\\/04\\\/Triptico-del-Jardin-de-las-delicias.jpg\",\"datePublished\":\"2026-04-23T16:00:55+00:00\",\"author\":{\"@id\":\"https:\\\/\\\/exaudi.org\\\/#\\\/schema\\\/person\\\/9c612b7129b856dad9c2f9aca1d69f8e\"},\"breadcrumb\":{\"@id\":\"https:\\\/\\\/exaudi.org\\\/it\\\/il-trittico-della-grazia-e-della-caduta\\\/#breadcrumb\"},\"inLanguage\":\"it-IT\",\"potentialAction\":[{\"@type\":\"ReadAction\",\"target\":[\"https:\\\/\\\/exaudi.org\\\/it\\\/il-trittico-della-grazia-e-della-caduta\\\/\"]}]},{\"@type\":\"ImageObject\",\"inLanguage\":\"it-IT\",\"@id\":\"https:\\\/\\\/exaudi.org\\\/it\\\/il-trittico-della-grazia-e-della-caduta\\\/#primaryimage\",\"url\":\"https:\\\/\\\/exaudi.org\\\/wp-content\\\/uploads\\\/2026\\\/04\\\/Triptico-del-Jardin-de-las-delicias.jpg\",\"contentUrl\":\"https:\\\/\\\/exaudi.org\\\/wp-content\\\/uploads\\\/2026\\\/04\\\/Triptico-del-Jardin-de-las-delicias.jpg\",\"width\":1920,\"height\":1030,\"caption\":\"Il Giardino delle Delizie Terrene o Il Dipinto del Frassino, Bosch. @Museo del Prado\"},{\"@type\":\"BreadcrumbList\",\"@id\":\"https:\\\/\\\/exaudi.org\\\/it\\\/il-trittico-della-grazia-e-della-caduta\\\/#breadcrumb\",\"itemListElement\":[{\"@type\":\"ListItem\",\"position\":1,\"name\":\"Portada\",\"item\":\"https:\\\/\\\/exaudi.org\\\/it\\\/\"},{\"@type\":\"ListItem\",\"position\":2,\"name\":\"Il Trittico della Grazia e della Caduta\"}]},{\"@type\":\"WebSite\",\"@id\":\"https:\\\/\\\/exaudi.org\\\/#website\",\"url\":\"https:\\\/\\\/exaudi.org\\\/\",\"name\":\"Exaudi\",\"description\":\"News\",\"potentialAction\":[{\"@type\":\"SearchAction\",\"target\":{\"@type\":\"EntryPoint\",\"urlTemplate\":\"https:\\\/\\\/exaudi.org\\\/?s={search_term_string}\"},\"query-input\":{\"@type\":\"PropertyValueSpecification\",\"valueRequired\":true,\"valueName\":\"search_term_string\"}}],\"inLanguage\":\"it-IT\"},{\"@type\":\"Person\",\"@id\":\"https:\\\/\\\/exaudi.org\\\/#\\\/schema\\\/person\\\/9c612b7129b856dad9c2f9aca1d69f8e\",\"name\":\"Sonia Clara del Campo\",\"image\":{\"@type\":\"ImageObject\",\"inLanguage\":\"it-IT\",\"@id\":\"https:\\\/\\\/secure.gravatar.com\\\/avatar\\\/ce0229a69d9f3385234a47a959940c8437023df4a527b6779c05478dfe6606e1?s=96&d=mm&r=g\",\"url\":\"https:\\\/\\\/secure.gravatar.com\\\/avatar\\\/ce0229a69d9f3385234a47a959940c8437023df4a527b6779c05478dfe6606e1?s=96&d=mm&r=g\",\"contentUrl\":\"https:\\\/\\\/secure.gravatar.com\\\/avatar\\\/ce0229a69d9f3385234a47a959940c8437023df4a527b6779c05478dfe6606e1?s=96&d=mm&r=g\",\"caption\":\"Sonia Clara del Campo\"},\"description\":\"Sonia Clara del Campo es historiadora del arte y te\u00f3loga. Se ha dedicado al estudio de la belleza como v\u00eda privilegiada de encuentro con Dios. Apasionada de la m\u00fasica sacra y el arte religioso, escribe desde la convicci\u00f3n de que la Iglesia ha sido la mayor protectora y promotora de las artes en la historia de la humanidad, y que hoy m\u00e1s que nunca necesitamos redescubrir ese tesoro espiritual y cultural.\",\"url\":\"https:\\\/\\\/exaudi.org\\\/it\\\/author\\\/sonia-clara-del-campo\\\/\"}]}<\/script>\n<!-- \/ Yoast SEO plugin. -->","yoast_head_json":{"title":"Il Trittico della Grazia e della Caduta &#8211; Exaudi","robots":{"index":"index","follow":"follow","max-snippet":"max-snippet:-1","max-image-preview":"max-image-preview:large","max-video-preview":"max-video-preview:-1"},"canonical":"https:\/\/exaudi.org\/it\/il-trittico-della-grazia-e-della-caduta\/","og_locale":"it_IT","og_type":"article","og_title":"Il Trittico della Grazia e della Caduta &#8211; Exaudi","og_description":"\"Il Giardino delle Delizie Terrene\": Dall'Eden al Giudizio: Lo Specchio dell'Anima Dipinto da Hieronymus Bosch per l'Eternit\u00e0","og_url":"https:\/\/exaudi.org\/it\/il-trittico-della-grazia-e-della-caduta\/","og_site_name":"Exaudi","article_publisher":"https:\/\/www.facebook.com\/ExaudiNews","article_published_time":"2026-04-23T16:00:55+00:00","og_image":[{"width":1920,"height":1030,"url":"https:\/\/exaudi.org\/wp-content\/uploads\/2026\/04\/Triptico-del-Jardin-de-las-delicias.jpg","type":"image\/jpeg"}],"author":"Sonia Clara del Campo","twitter_card":"summary_large_image","twitter_creator":"@Exaudi_News","twitter_site":"@Exaudi_News","twitter_misc":{"Scritto da":"Sonia Clara del Campo","Tempo di lettura stimato":"3 minuti"},"schema":{"@context":"https:\/\/schema.org","@graph":[{"@type":"Article","@id":"https:\/\/exaudi.org\/it\/il-trittico-della-grazia-e-della-caduta\/#article","isPartOf":{"@id":"https:\/\/exaudi.org\/it\/il-trittico-della-grazia-e-della-caduta\/"},"author":{"name":"Sonia Clara del Campo","@id":"https:\/\/exaudi.org\/#\/schema\/person\/9c612b7129b856dad9c2f9aca1d69f8e"},"headline":"Il Trittico della Grazia e della Caduta","datePublished":"2026-04-23T16:00:55+00:00","mainEntityOfPage":{"@id":"https:\/\/exaudi.org\/it\/il-trittico-della-grazia-e-della-caduta\/"},"wordCount":732,"image":{"@id":"https:\/\/exaudi.org\/it\/il-trittico-della-grazia-e-della-caduta\/#primaryimage"},"thumbnailUrl":"https:\/\/exaudi.org\/wp-content\/uploads\/2026\/04\/Triptico-del-Jardin-de-las-delicias.jpg","keywords":["analisi artistica","analisi trascendentale","Arte e fede","arte sacra","Bosch","catechesi visiva","cristianesimo e arte","Dipinto del Frassino","Estetica cristiana","Il Giardino delle Delizie Terrene","interpretazione cattolica","meditazione spirituale","Museo del Prado","Pittura fiamminga","Rinascimento nordico","salvezza e peccato","simbolismo medievale","storia dell'arte","teologia cattolica","Trending","Trittico di Bosch"],"articleSection":["Analisi"],"inLanguage":"it-IT"},{"@type":"WebPage","@id":"https:\/\/exaudi.org\/it\/il-trittico-della-grazia-e-della-caduta\/","url":"https:\/\/exaudi.org\/it\/il-trittico-della-grazia-e-della-caduta\/","name":"Il Trittico della Grazia e della Caduta &#8211; Exaudi","isPartOf":{"@id":"https:\/\/exaudi.org\/#website"},"primaryImageOfPage":{"@id":"https:\/\/exaudi.org\/it\/il-trittico-della-grazia-e-della-caduta\/#primaryimage"},"image":{"@id":"https:\/\/exaudi.org\/it\/il-trittico-della-grazia-e-della-caduta\/#primaryimage"},"thumbnailUrl":"https:\/\/exaudi.org\/wp-content\/uploads\/2026\/04\/Triptico-del-Jardin-de-las-delicias.jpg","datePublished":"2026-04-23T16:00:55+00:00","author":{"@id":"https:\/\/exaudi.org\/#\/schema\/person\/9c612b7129b856dad9c2f9aca1d69f8e"},"breadcrumb":{"@id":"https:\/\/exaudi.org\/it\/il-trittico-della-grazia-e-della-caduta\/#breadcrumb"},"inLanguage":"it-IT","potentialAction":[{"@type":"ReadAction","target":["https:\/\/exaudi.org\/it\/il-trittico-della-grazia-e-della-caduta\/"]}]},{"@type":"ImageObject","inLanguage":"it-IT","@id":"https:\/\/exaudi.org\/it\/il-trittico-della-grazia-e-della-caduta\/#primaryimage","url":"https:\/\/exaudi.org\/wp-content\/uploads\/2026\/04\/Triptico-del-Jardin-de-las-delicias.jpg","contentUrl":"https:\/\/exaudi.org\/wp-content\/uploads\/2026\/04\/Triptico-del-Jardin-de-las-delicias.jpg","width":1920,"height":1030,"caption":"Il Giardino delle Delizie Terrene o Il Dipinto del Frassino, Bosch. @Museo del Prado"},{"@type":"BreadcrumbList","@id":"https:\/\/exaudi.org\/it\/il-trittico-della-grazia-e-della-caduta\/#breadcrumb","itemListElement":[{"@type":"ListItem","position":1,"name":"Portada","item":"https:\/\/exaudi.org\/it\/"},{"@type":"ListItem","position":2,"name":"Il Trittico della Grazia e della Caduta"}]},{"@type":"WebSite","@id":"https:\/\/exaudi.org\/#website","url":"https:\/\/exaudi.org\/","name":"Exaudi","description":"News","potentialAction":[{"@type":"SearchAction","target":{"@type":"EntryPoint","urlTemplate":"https:\/\/exaudi.org\/?s={search_term_string}"},"query-input":{"@type":"PropertyValueSpecification","valueRequired":true,"valueName":"search_term_string"}}],"inLanguage":"it-IT"},{"@type":"Person","@id":"https:\/\/exaudi.org\/#\/schema\/person\/9c612b7129b856dad9c2f9aca1d69f8e","name":"Sonia Clara del Campo","image":{"@type":"ImageObject","inLanguage":"it-IT","@id":"https:\/\/secure.gravatar.com\/avatar\/ce0229a69d9f3385234a47a959940c8437023df4a527b6779c05478dfe6606e1?s=96&d=mm&r=g","url":"https:\/\/secure.gravatar.com\/avatar\/ce0229a69d9f3385234a47a959940c8437023df4a527b6779c05478dfe6606e1?s=96&d=mm&r=g","contentUrl":"https:\/\/secure.gravatar.com\/avatar\/ce0229a69d9f3385234a47a959940c8437023df4a527b6779c05478dfe6606e1?s=96&d=mm&r=g","caption":"Sonia Clara del Campo"},"description":"Sonia Clara del Campo es historiadora del arte y te\u00f3loga. Se ha dedicado al estudio de la belleza como v\u00eda privilegiada de encuentro con Dios. Apasionada de la m\u00fasica sacra y el arte religioso, escribe desde la convicci\u00f3n de que la Iglesia ha sido la mayor protectora y promotora de las artes en la historia de la humanidad, y que hoy m\u00e1s que nunca necesitamos redescubrir ese tesoro espiritual y cultural.","url":"https:\/\/exaudi.org\/it\/author\/sonia-clara-del-campo\/"}]}},"jetpack_featured_media_url":"https:\/\/exaudi.org\/wp-content\/uploads\/2026\/04\/Triptico-del-Jardin-de-las-delicias.jpg","jetpack_shortlink":"https:\/\/wp.me\/pgKjF2-HEX","_links":{"self":[{"href":"https:\/\/exaudi.org\/it\/wp-json\/wp\/v2\/posts\/167831","targetHints":{"allow":["GET"]}}],"collection":[{"href":"https:\/\/exaudi.org\/it\/wp-json\/wp\/v2\/posts"}],"about":[{"href":"https:\/\/exaudi.org\/it\/wp-json\/wp\/v2\/types\/post"}],"author":[{"embeddable":true,"href":"https:\/\/exaudi.org\/it\/wp-json\/wp\/v2\/users\/179"}],"replies":[{"embeddable":true,"href":"https:\/\/exaudi.org\/it\/wp-json\/wp\/v2\/comments?post=167831"}],"version-history":[{"count":3,"href":"https:\/\/exaudi.org\/it\/wp-json\/wp\/v2\/posts\/167831\/revisions"}],"predecessor-version":[{"id":167835,"href":"https:\/\/exaudi.org\/it\/wp-json\/wp\/v2\/posts\/167831\/revisions\/167835"}],"wp:featuredmedia":[{"embeddable":true,"href":"https:\/\/exaudi.org\/it\/wp-json\/wp\/v2\/media\/167587"}],"wp:attachment":[{"href":"https:\/\/exaudi.org\/it\/wp-json\/wp\/v2\/media?parent=167831"}],"wp:term":[{"taxonomy":"category","embeddable":true,"href":"https:\/\/exaudi.org\/it\/wp-json\/wp\/v2\/categories?post=167831"},{"taxonomy":"post_tag","embeddable":true,"href":"https:\/\/exaudi.org\/it\/wp-json\/wp\/v2\/tags?post=167831"}],"curies":[{"name":"wp","href":"https:\/\/api.w.org\/{rel}","templated":true}]}}