{"id":167539,"date":"2026-04-21T22:23:23","date_gmt":"2026-04-21T20:23:23","guid":{"rendered":"https:\/\/exaudi.org\/?p=167539"},"modified":"2026-04-21T22:23:23","modified_gmt":"2026-04-21T20:23:23","slug":"il-cuore-dellafrica-parla-spagnolo-leone-xiv-e-la-rinascita-culturale-a-malabo","status":"publish","type":"post","link":"https:\/\/exaudi.org\/it\/il-cuore-dellafrica-parla-spagnolo-leone-xiv-e-la-rinascita-culturale-a-malabo\/","title":{"rendered":"Il cuore dell&#8217;Africa parla spagnolo: Leone XIV e la rinascita culturale a Malabo"},"content":{"rendered":"<p id=\"p-rc_f7b1fb35a86a2f2b-19\" data-path-to-node=\"4\"><span class=\"citation-12 citation-end-12\"><span dir=\"auto\" style=\"vertical-align: inherit\"><span dir=\"auto\" style=\"vertical-align: inherit\">Sotto il sole equatoriale e accolto da un popolo di lingua spagnola, Papa Leone XIV ha segnato una tappa fondamentale nella sua terza visita apostolica in Africa.<\/span><\/span><\/span><span dir=\"auto\" style=\"vertical-align: inherit\"><span dir=\"auto\" style=\"vertical-align: inherit\"> \u00a0Il suo arrivo a Malabo non \u00e8 un mero gesto diplomatico; \u00e8 il ricongiungimento della Santa Sede con l&#8217;unica nazione ispanofona del continente, in un momento in cui fede e cultura cercano un terreno comune per il progresso umano e sociale.<\/span><\/span><\/p>\n<h3 data-path-to-node=\"5\"><strong><span dir=\"auto\" style=\"vertical-align: inherit\"><span dir=\"auto\" style=\"vertical-align: inherit\">Un ponte tra tradizione e modernit\u00e0<\/span><\/span><\/strong><\/h3>\n<p id=\"p-rc_f7b1fb35a86a2f2b-20\" data-path-to-node=\"6\"><span dir=\"auto\" style=\"vertical-align: inherit\"><span dir=\"auto\" style=\"vertical-align: inherit\">Durante l&#8217;incontro con i rappresentanti del mondo culturale, il Papa ha sottolineato che l&#8217;identit\u00e0 di un popolo non \u00e8 un museo statico, ma un organismo vivente.\u00a0 <\/span><\/span><span class=\"citation-11 citation-end-11\"><span dir=\"auto\" style=\"vertical-align: inherit\"><span dir=\"auto\" style=\"vertical-align: inherit\">Leone XIV ha elogiato la capacit\u00e0 della Guinea Equatoriale di integrare le proprie radici ancestrali con la fede cattolica, professata da quasi l&#8217;80% della popolazione.<\/span><\/span><\/span><span dir=\"auto\" style=\"vertical-align: inherit\"><span dir=\"auto\" style=\"vertical-align: inherit\"> \u00a0Per il Papa, la cultura \u00e8 il &#8220;polmone&#8221; che permette a una societ\u00e0 di respirare libert\u00e0 e dignit\u00e0, soprattutto in contesti in cui le sfide economiche e sociali richiedono una solida base etica.<\/span><\/span><\/p>\n<p id=\"p-rc_f7b1fb35a86a2f2b-21\" data-path-to-node=\"7\"><span class=\"citation-10 citation-end-10\"><span dir=\"auto\" style=\"vertical-align: inherit\"><span dir=\"auto\" style=\"vertical-align: inherit\">Nei suoi discorsi, pronunciati in uno spagnolo fluente che ha subito trovato riscontro tra i fedeli, il Papa ha sottolineato che l&#8217;istruzione e la sanit\u00e0 non sono semplici servizi, ma pilastri dello sviluppo culturale.<\/span><\/span><\/span><span dir=\"auto\" style=\"vertical-align: inherit\"><span dir=\"auto\" style=\"vertical-align: inherit\"> \u00a0&#8220;La Chiesa non \u00e8 qui per imporre, ma per proporre un cammino di accompagnamento che valorizzi ci\u00f2 che ogni guineano \u00e8 nella sua essenza&#8221;, ha ribadito rivolgendosi agli intellettuali e agli artisti locali.<\/span><\/span><\/p>\n<p data-path-to-node=\"7\"><img loading=\"lazy\" decoding=\"async\" class=\"size-full wp-image-167460 alignnone\" src=\"https:\/\/exaudi.org\/wp-content\/uploads\/2026\/04\/cq5dam.thumbnail.cropped.750.422-4-5.jpeg\" alt=\"\" width=\"750\" height=\"422\" srcset=\"https:\/\/exaudi.org\/wp-content\/uploads\/2026\/04\/cq5dam.thumbnail.cropped.750.422-4-5.jpeg 750w, https:\/\/exaudi.org\/wp-content\/uploads\/2026\/04\/cq5dam.thumbnail.cropped.750.422-4-5-300x169.jpeg 300w, https:\/\/exaudi.org\/wp-content\/uploads\/2026\/04\/cq5dam.thumbnail.cropped.750.422-4-5-500x281.jpeg 500w\" sizes=\"auto, (max-width: 750px) 100vw, 750px\" \/><\/p>\n<h3 data-path-to-node=\"8\"><strong><span dir=\"auto\" style=\"vertical-align: inherit\"><span dir=\"auto\" style=\"vertical-align: inherit\">La rete invisibile che sostiene la missione<\/span><\/span><\/strong><\/h3>\n<p data-path-to-node=\"9\"><span dir=\"auto\" style=\"vertical-align: inherit\"><span dir=\"auto\" style=\"vertical-align: inherit\">Questo viaggio \u00e8 servito anche a mettere in luce il lavoro silenzioso ma vitale delle\u00a0 <\/span><\/span><b data-path-to-node=\"9\" data-index-in-node=\"90\"><span dir=\"auto\" style=\"vertical-align: inherit\"><span dir=\"auto\" style=\"vertical-align: inherit\">Pontificie Opere Missionarie (PMS)<\/span><\/span><\/b><span dir=\"auto\" style=\"vertical-align: inherit\"><span dir=\"auto\" style=\"vertical-align: inherit\"> . Durante questo tour africano, \u00e8 stato sottolineato come questa rete globale agisca da sistema circolatorio che sostiene la missione nel continente.<\/span><\/span><\/p>\n<p id=\"p-rc_f7b1fb35a86a2f2b-22\" data-path-to-node=\"10\"><span dir=\"auto\" style=\"vertical-align: inherit\"><span dir=\"auto\" style=\"vertical-align: inherit\">Non si tratta solo di assistenza spirituale; le Pontificie Opere Missionarie (PMS) forniscono il sostegno materiale che permette a parrocchie, scuole e centri sanitari nelle regioni remote di continuare a operare.\u00a0 <\/span><\/span><span class=\"citation-9 citation-end-9\"><span dir=\"auto\" style=\"vertical-align: inherit\"><span dir=\"auto\" style=\"vertical-align: inherit\">In Guinea Equatoriale, questa struttura \u00e8 stata fondamentale per la transizione verso una Chiesa con una leadership locale, dove sacerdoti e laici indigeni hanno preso il posto dei precedenti missionari, dimostrando una maturit\u00e0 ecclesiale che il Papa ha riconosciuto personalmente.<\/span><\/span><\/span><\/p>\n<h3 data-path-to-node=\"11\"><span dir=\"auto\" style=\"vertical-align: inherit\"><span dir=\"auto\" style=\"vertical-align: inherit\">Un messaggio di speranza e riconciliazione<\/span><\/span><\/h3>\n<p id=\"p-rc_f7b1fb35a86a2f2b-23\" data-path-to-node=\"12\"><span class=\"citation-8 citation-end-8\"><span dir=\"auto\" style=\"vertical-align: inherit\"><span dir=\"auto\" style=\"vertical-align: inherit\">La visita del Successore di Pietro, la prima di un Papa nel Paese dai tempi di San Giovanni Paolo II nel 1982, lascia un messaggio chiaro: l&#8217;Africa \u00e8 il futuro della Chiesa. <\/span><\/span><\/span>\u00a0<span class=\"citation-7 citation-end-7\"><span dir=\"auto\" style=\"vertical-align: inherit\"><span dir=\"auto\" style=\"vertical-align: inherit\">Al termine di questa tappa del suo viaggio, che lo ha portato anche in Algeria, Camerun e Angola, Leone XIV saluta Malabo, auspicando che la ricchezza culturale della nazione si traduca in una &#8220;cultura dell&#8217;incontro&#8221;, dove giustizia e pace siano i veri protagonisti della storia guineana.<\/span><\/span><\/span><\/p>\n<p data-path-to-node=\"13\"><span dir=\"auto\" style=\"vertical-align: inherit\"><span dir=\"auto\" style=\"vertical-align: inherit\">Con questo incontro, Malabo non solo si conferma come epicentro del cattolicesimo ispano-africano, ma anche come testimonianza del fatto che, attraverso la cultura e la solidariet\u00e0 missionaria, \u00e8 possibile costruire ponti che superano qualsiasi confine.<\/span><\/span><\/p>\n","protected":false},"excerpt":{"rendered":"<p>Il Papa incontra il mondo culturale della Guinea Equatoriale, sottolineando il ruolo della Chiesa come forza trainante dello sviluppo e custode dell&#8217;identit\u00e0 locale<\/p>\n","protected":false},"author":17,"featured_media":167455,"comment_status":"closed","ping_status":"closed","sticky":false,"template":"","format":"standard","meta":{"_acf_changed":false,"_crdt_document":"","inline_featured_image":false,"footnotes":""},"categories":[67,119],"tags":[107390,54248,109816,109819,64851,104021,53003,109818,64910,109786,33548,109820,109823,109822,109821,109817,4952,109824],"class_list":["post-167539","post","type-post","status-publish","format-standard","has-post-thumbnail","hentry","category-leone-xiv","category-viaggi","tag-africa-2026-2","tag-chiesa-cattolica-in-africa","tag-cristianesimo-in-spagnolo","tag-evangelizzazione-in-guinea-equatoriale","tag-featured-it-2","tag-guinea-equatoriale","tag-identita-culturale","tag-incontro-culturale","tag-leone-xiv-it","tag-malabo-2","tag-missione-cattolica","tag-mondo-culturale","tag-papa-a-malabo","tag-pms-2","tag-pontificie-missionarie","tag-sviluppo-sociale","tag-trending-it","tag-visita-apostolica-in-africa-2026"],"acf":[],"yoast_head":"<!-- This site is optimized with the Yoast SEO plugin v27.4 - https:\/\/yoast.com\/product\/yoast-seo-wordpress\/ -->\n<title>Il cuore dell&#039;Africa parla spagnolo: Leone XIV e la rinascita culturale a Malabo &#8211; Exaudi<\/title>\n<meta name=\"robots\" content=\"index, follow, max-snippet:-1, max-image-preview:large, max-video-preview:-1\" \/>\n<link rel=\"canonical\" href=\"https:\/\/exaudi.org\/it\/il-cuore-dellafrica-parla-spagnolo-leone-xiv-e-la-rinascita-culturale-a-malabo\/\" \/>\n<meta property=\"og:locale\" content=\"it_IT\" \/>\n<meta property=\"og:type\" content=\"article\" \/>\n<meta property=\"og:title\" content=\"Il cuore dell&#039;Africa parla spagnolo: Leone XIV e la rinascita culturale a Malabo &#8211; Exaudi\" \/>\n<meta property=\"og:description\" content=\"Il Papa incontra il mondo culturale della Guinea Equatoriale, sottolineando il ruolo della Chiesa come forza trainante dello sviluppo e custode dell&#039;identit\u00e0 locale\" \/>\n<meta property=\"og:url\" content=\"https:\/\/exaudi.org\/it\/il-cuore-dellafrica-parla-spagnolo-leone-xiv-e-la-rinascita-culturale-a-malabo\/\" \/>\n<meta property=\"og:site_name\" content=\"Exaudi\" \/>\n<meta property=\"article:publisher\" content=\"https:\/\/www.facebook.com\/ExaudiNews\" \/>\n<meta property=\"article:author\" content=\"https:\/\/www.facebook.com\/ExaudiNotizie\/\" \/>\n<meta property=\"article:published_time\" content=\"2026-04-21T20:23:23+00:00\" \/>\n<meta property=\"og:image\" content=\"https:\/\/exaudi.org\/wp-content\/uploads\/2026\/04\/cq5dam.thumbnail.cropped.750.422-5-2.jpeg\" \/>\n\t<meta property=\"og:image:width\" content=\"750\" \/>\n\t<meta property=\"og:image:height\" content=\"422\" \/>\n\t<meta property=\"og:image:type\" content=\"image\/jpeg\" \/>\n<meta name=\"author\" content=\"Exaudi Redazione\" \/>\n<meta name=\"twitter:card\" content=\"summary_large_image\" \/>\n<meta name=\"twitter:creator\" content=\"@Exaudi_Notizie\" \/>\n<meta name=\"twitter:site\" content=\"@Exaudi_News\" \/>\n<meta name=\"twitter:label1\" content=\"Scritto da\" \/>\n\t<meta name=\"twitter:data1\" content=\"Exaudi Redazione\" \/>\n\t<meta name=\"twitter:label2\" content=\"Tempo di lettura stimato\" \/>\n\t<meta name=\"twitter:data2\" content=\"2 minuti\" \/>\n<script type=\"application\/ld+json\" class=\"yoast-schema-graph\">{\"@context\":\"https:\\\/\\\/schema.org\",\"@graph\":[{\"@type\":\"Article\",\"@id\":\"https:\\\/\\\/exaudi.org\\\/it\\\/il-cuore-dellafrica-parla-spagnolo-leone-xiv-e-la-rinascita-culturale-a-malabo\\\/#article\",\"isPartOf\":{\"@id\":\"https:\\\/\\\/exaudi.org\\\/it\\\/il-cuore-dellafrica-parla-spagnolo-leone-xiv-e-la-rinascita-culturale-a-malabo\\\/\"},\"author\":{\"name\":\"Exaudi Redazione\",\"@id\":\"https:\\\/\\\/exaudi.org\\\/#\\\/schema\\\/person\\\/e1ab6ed07c01774724dd96f925f3a5f0\"},\"headline\":\"Il cuore dell&#8217;Africa parla spagnolo: Leone XIV e la rinascita culturale a Malabo\",\"datePublished\":\"2026-04-21T20:23:23+00:00\",\"mainEntityOfPage\":{\"@id\":\"https:\\\/\\\/exaudi.org\\\/it\\\/il-cuore-dellafrica-parla-spagnolo-leone-xiv-e-la-rinascita-culturale-a-malabo\\\/\"},\"wordCount\":470,\"image\":{\"@id\":\"https:\\\/\\\/exaudi.org\\\/it\\\/il-cuore-dellafrica-parla-spagnolo-leone-xiv-e-la-rinascita-culturale-a-malabo\\\/#primaryimage\"},\"thumbnailUrl\":\"https:\\\/\\\/exaudi.org\\\/wp-content\\\/uploads\\\/2026\\\/04\\\/cq5dam.thumbnail.cropped.750.422-5-2.jpeg\",\"keywords\":[\"Africa 2026\",\"Chiesa cattolica in Africa\",\"Cristianesimo in spagnolo\",\"evangelizzazione in Guinea Equatoriale\",\"Featured\",\"Guinea Equatoriale\",\"identit\u00e0 culturale\",\"incontro culturale\",\"Leone XIV\",\"Malabo\",\"Missione Cattolica\",\"mondo culturale\",\"Papa a Malabo\",\"PMS\",\"Pontificie Missionarie\",\"sviluppo sociale\",\"Trending\",\"Visita apostolica in Africa 2026\"],\"articleSection\":[\"Leone XIV\",\"Viaggi\"],\"inLanguage\":\"it-IT\"},{\"@type\":\"WebPage\",\"@id\":\"https:\\\/\\\/exaudi.org\\\/it\\\/il-cuore-dellafrica-parla-spagnolo-leone-xiv-e-la-rinascita-culturale-a-malabo\\\/\",\"url\":\"https:\\\/\\\/exaudi.org\\\/it\\\/il-cuore-dellafrica-parla-spagnolo-leone-xiv-e-la-rinascita-culturale-a-malabo\\\/\",\"name\":\"Il cuore dell'Africa parla spagnolo: Leone XIV e la rinascita culturale a Malabo &#8211; Exaudi\",\"isPartOf\":{\"@id\":\"https:\\\/\\\/exaudi.org\\\/#website\"},\"primaryImageOfPage\":{\"@id\":\"https:\\\/\\\/exaudi.org\\\/it\\\/il-cuore-dellafrica-parla-spagnolo-leone-xiv-e-la-rinascita-culturale-a-malabo\\\/#primaryimage\"},\"image\":{\"@id\":\"https:\\\/\\\/exaudi.org\\\/it\\\/il-cuore-dellafrica-parla-spagnolo-leone-xiv-e-la-rinascita-culturale-a-malabo\\\/#primaryimage\"},\"thumbnailUrl\":\"https:\\\/\\\/exaudi.org\\\/wp-content\\\/uploads\\\/2026\\\/04\\\/cq5dam.thumbnail.cropped.750.422-5-2.jpeg\",\"datePublished\":\"2026-04-21T20:23:23+00:00\",\"author\":{\"@id\":\"https:\\\/\\\/exaudi.org\\\/#\\\/schema\\\/person\\\/e1ab6ed07c01774724dd96f925f3a5f0\"},\"breadcrumb\":{\"@id\":\"https:\\\/\\\/exaudi.org\\\/it\\\/il-cuore-dellafrica-parla-spagnolo-leone-xiv-e-la-rinascita-culturale-a-malabo\\\/#breadcrumb\"},\"inLanguage\":\"it-IT\",\"potentialAction\":[{\"@type\":\"ReadAction\",\"target\":[\"https:\\\/\\\/exaudi.org\\\/it\\\/il-cuore-dellafrica-parla-spagnolo-leone-xiv-e-la-rinascita-culturale-a-malabo\\\/\"]}]},{\"@type\":\"ImageObject\",\"inLanguage\":\"it-IT\",\"@id\":\"https:\\\/\\\/exaudi.org\\\/it\\\/il-cuore-dellafrica-parla-spagnolo-leone-xiv-e-la-rinascita-culturale-a-malabo\\\/#primaryimage\",\"url\":\"https:\\\/\\\/exaudi.org\\\/wp-content\\\/uploads\\\/2026\\\/04\\\/cq5dam.thumbnail.cropped.750.422-5-2.jpeg\",\"contentUrl\":\"https:\\\/\\\/exaudi.org\\\/wp-content\\\/uploads\\\/2026\\\/04\\\/cq5dam.thumbnail.cropped.750.422-5-2.jpeg\",\"width\":750,\"height\":422},{\"@type\":\"BreadcrumbList\",\"@id\":\"https:\\\/\\\/exaudi.org\\\/it\\\/il-cuore-dellafrica-parla-spagnolo-leone-xiv-e-la-rinascita-culturale-a-malabo\\\/#breadcrumb\",\"itemListElement\":[{\"@type\":\"ListItem\",\"position\":1,\"name\":\"Portada\",\"item\":\"https:\\\/\\\/exaudi.org\\\/it\\\/\"},{\"@type\":\"ListItem\",\"position\":2,\"name\":\"Il cuore dell&#8217;Africa parla spagnolo: Leone XIV e la rinascita culturale a Malabo\"}]},{\"@type\":\"WebSite\",\"@id\":\"https:\\\/\\\/exaudi.org\\\/#website\",\"url\":\"https:\\\/\\\/exaudi.org\\\/\",\"name\":\"Exaudi\",\"description\":\"News\",\"potentialAction\":[{\"@type\":\"SearchAction\",\"target\":{\"@type\":\"EntryPoint\",\"urlTemplate\":\"https:\\\/\\\/exaudi.org\\\/?s={search_term_string}\"},\"query-input\":{\"@type\":\"PropertyValueSpecification\",\"valueRequired\":true,\"valueName\":\"search_term_string\"}}],\"inLanguage\":\"it-IT\"},{\"@type\":\"Person\",\"@id\":\"https:\\\/\\\/exaudi.org\\\/#\\\/schema\\\/person\\\/e1ab6ed07c01774724dd96f925f3a5f0\",\"name\":\"Exaudi Redazione\",\"image\":{\"@type\":\"ImageObject\",\"inLanguage\":\"it-IT\",\"@id\":\"https:\\\/\\\/secure.gravatar.com\\\/avatar\\\/ad6774b3ada023bf5b939d64f45c94b3adf91502dd883507d469b4308a943bb3?s=96&d=mm&r=g\",\"url\":\"https:\\\/\\\/secure.gravatar.com\\\/avatar\\\/ad6774b3ada023bf5b939d64f45c94b3adf91502dd883507d469b4308a943bb3?s=96&d=mm&r=g\",\"contentUrl\":\"https:\\\/\\\/secure.gravatar.com\\\/avatar\\\/ad6774b3ada023bf5b939d64f45c94b3adf91502dd883507d469b4308a943bb3?s=96&d=mm&r=g\",\"caption\":\"Exaudi Redazione\"},\"description\":\"Che cosa \u00e8 Exaudi News? Exaudi News \u00e8 un agenzia cattolica internazionale che informa, istruisce e trasforma quotidianamente in spagnolo, inglese e italiano. Attraverso notizie, articoli di analisi e trasmissioni in diretta degli eventi del Papa, Exaudi cerca di rafforzare l'unit\u00e0 dei cristiani e di contribuire all'evangelizzazione del mondo, sempre guidato dalla dottrina sociale della Chiesa. Lavoriamo per portare la verit\u00e0 e i valori cristiani in ogni angolo del pianeta. Aiutaci a trasformare il mondo con Exaudi! Noi di Exaudi crediamo che l'evangelizzazione e l'informazione di qualit\u00e0 possano cambiare la vita. Per continuare la nostra missione ed espandere la nostra portata, abbiamo bisogno del tuo aiuto. Stiamo anche cercando persone motivate che vogliano unirsi al nostro team. Grazie al vostro sostegno raggiungeremo pi\u00f9 persone, diffonderemo il messaggio di Cristo e rafforzeremo l'unit\u00e0 dei cristiani. Vuoi unirti alla nostra missione? Per maggiori informazioni su come contribuire, visita Exaudi.org\\\/it o contattaci direttamente: info@exaudi.org Exaudi: informa, forma e trasforma.\",\"sameAs\":[\"https:\\\/\\\/www.facebook.com\\\/ExaudiNotizie\\\/\",\"https:\\\/\\\/www.instagram.com\\\/Exaudi_notizie\\\/\",\"https:\\\/\\\/x.com\\\/Exaudi_Notizie\",\"https:\\\/\\\/www.youtube.com\\\/@exaudicatholicnews\"],\"url\":\"https:\\\/\\\/exaudi.org\\\/it\\\/author\\\/dlvedi-org\\\/\"}]}<\/script>\n<!-- \/ Yoast SEO plugin. -->","yoast_head_json":{"title":"Il cuore dell'Africa parla spagnolo: Leone XIV e la rinascita culturale a Malabo &#8211; Exaudi","robots":{"index":"index","follow":"follow","max-snippet":"max-snippet:-1","max-image-preview":"max-image-preview:large","max-video-preview":"max-video-preview:-1"},"canonical":"https:\/\/exaudi.org\/it\/il-cuore-dellafrica-parla-spagnolo-leone-xiv-e-la-rinascita-culturale-a-malabo\/","og_locale":"it_IT","og_type":"article","og_title":"Il cuore dell'Africa parla spagnolo: Leone XIV e la rinascita culturale a Malabo &#8211; Exaudi","og_description":"Il Papa incontra il mondo culturale della Guinea Equatoriale, sottolineando il ruolo della Chiesa come forza trainante dello sviluppo e custode dell'identit\u00e0 locale","og_url":"https:\/\/exaudi.org\/it\/il-cuore-dellafrica-parla-spagnolo-leone-xiv-e-la-rinascita-culturale-a-malabo\/","og_site_name":"Exaudi","article_publisher":"https:\/\/www.facebook.com\/ExaudiNews","article_author":"https:\/\/www.facebook.com\/ExaudiNotizie\/","article_published_time":"2026-04-21T20:23:23+00:00","og_image":[{"width":750,"height":422,"url":"https:\/\/exaudi.org\/wp-content\/uploads\/2026\/04\/cq5dam.thumbnail.cropped.750.422-5-2.jpeg","type":"image\/jpeg"}],"author":"Exaudi Redazione","twitter_card":"summary_large_image","twitter_creator":"@Exaudi_Notizie","twitter_site":"@Exaudi_News","twitter_misc":{"Scritto da":"Exaudi Redazione","Tempo di lettura stimato":"2 minuti"},"schema":{"@context":"https:\/\/schema.org","@graph":[{"@type":"Article","@id":"https:\/\/exaudi.org\/it\/il-cuore-dellafrica-parla-spagnolo-leone-xiv-e-la-rinascita-culturale-a-malabo\/#article","isPartOf":{"@id":"https:\/\/exaudi.org\/it\/il-cuore-dellafrica-parla-spagnolo-leone-xiv-e-la-rinascita-culturale-a-malabo\/"},"author":{"name":"Exaudi Redazione","@id":"https:\/\/exaudi.org\/#\/schema\/person\/e1ab6ed07c01774724dd96f925f3a5f0"},"headline":"Il cuore dell&#8217;Africa parla spagnolo: Leone XIV e la rinascita culturale a Malabo","datePublished":"2026-04-21T20:23:23+00:00","mainEntityOfPage":{"@id":"https:\/\/exaudi.org\/it\/il-cuore-dellafrica-parla-spagnolo-leone-xiv-e-la-rinascita-culturale-a-malabo\/"},"wordCount":470,"image":{"@id":"https:\/\/exaudi.org\/it\/il-cuore-dellafrica-parla-spagnolo-leone-xiv-e-la-rinascita-culturale-a-malabo\/#primaryimage"},"thumbnailUrl":"https:\/\/exaudi.org\/wp-content\/uploads\/2026\/04\/cq5dam.thumbnail.cropped.750.422-5-2.jpeg","keywords":["Africa 2026","Chiesa cattolica in Africa","Cristianesimo in spagnolo","evangelizzazione in Guinea Equatoriale","Featured","Guinea Equatoriale","identit\u00e0 culturale","incontro culturale","Leone XIV","Malabo","Missione Cattolica","mondo culturale","Papa a Malabo","PMS","Pontificie Missionarie","sviluppo sociale","Trending","Visita apostolica in Africa 2026"],"articleSection":["Leone XIV","Viaggi"],"inLanguage":"it-IT"},{"@type":"WebPage","@id":"https:\/\/exaudi.org\/it\/il-cuore-dellafrica-parla-spagnolo-leone-xiv-e-la-rinascita-culturale-a-malabo\/","url":"https:\/\/exaudi.org\/it\/il-cuore-dellafrica-parla-spagnolo-leone-xiv-e-la-rinascita-culturale-a-malabo\/","name":"Il cuore dell'Africa parla spagnolo: Leone XIV e la rinascita culturale a Malabo &#8211; Exaudi","isPartOf":{"@id":"https:\/\/exaudi.org\/#website"},"primaryImageOfPage":{"@id":"https:\/\/exaudi.org\/it\/il-cuore-dellafrica-parla-spagnolo-leone-xiv-e-la-rinascita-culturale-a-malabo\/#primaryimage"},"image":{"@id":"https:\/\/exaudi.org\/it\/il-cuore-dellafrica-parla-spagnolo-leone-xiv-e-la-rinascita-culturale-a-malabo\/#primaryimage"},"thumbnailUrl":"https:\/\/exaudi.org\/wp-content\/uploads\/2026\/04\/cq5dam.thumbnail.cropped.750.422-5-2.jpeg","datePublished":"2026-04-21T20:23:23+00:00","author":{"@id":"https:\/\/exaudi.org\/#\/schema\/person\/e1ab6ed07c01774724dd96f925f3a5f0"},"breadcrumb":{"@id":"https:\/\/exaudi.org\/it\/il-cuore-dellafrica-parla-spagnolo-leone-xiv-e-la-rinascita-culturale-a-malabo\/#breadcrumb"},"inLanguage":"it-IT","potentialAction":[{"@type":"ReadAction","target":["https:\/\/exaudi.org\/it\/il-cuore-dellafrica-parla-spagnolo-leone-xiv-e-la-rinascita-culturale-a-malabo\/"]}]},{"@type":"ImageObject","inLanguage":"it-IT","@id":"https:\/\/exaudi.org\/it\/il-cuore-dellafrica-parla-spagnolo-leone-xiv-e-la-rinascita-culturale-a-malabo\/#primaryimage","url":"https:\/\/exaudi.org\/wp-content\/uploads\/2026\/04\/cq5dam.thumbnail.cropped.750.422-5-2.jpeg","contentUrl":"https:\/\/exaudi.org\/wp-content\/uploads\/2026\/04\/cq5dam.thumbnail.cropped.750.422-5-2.jpeg","width":750,"height":422},{"@type":"BreadcrumbList","@id":"https:\/\/exaudi.org\/it\/il-cuore-dellafrica-parla-spagnolo-leone-xiv-e-la-rinascita-culturale-a-malabo\/#breadcrumb","itemListElement":[{"@type":"ListItem","position":1,"name":"Portada","item":"https:\/\/exaudi.org\/it\/"},{"@type":"ListItem","position":2,"name":"Il cuore dell&#8217;Africa parla spagnolo: Leone XIV e la rinascita culturale a Malabo"}]},{"@type":"WebSite","@id":"https:\/\/exaudi.org\/#website","url":"https:\/\/exaudi.org\/","name":"Exaudi","description":"News","potentialAction":[{"@type":"SearchAction","target":{"@type":"EntryPoint","urlTemplate":"https:\/\/exaudi.org\/?s={search_term_string}"},"query-input":{"@type":"PropertyValueSpecification","valueRequired":true,"valueName":"search_term_string"}}],"inLanguage":"it-IT"},{"@type":"Person","@id":"https:\/\/exaudi.org\/#\/schema\/person\/e1ab6ed07c01774724dd96f925f3a5f0","name":"Exaudi Redazione","image":{"@type":"ImageObject","inLanguage":"it-IT","@id":"https:\/\/secure.gravatar.com\/avatar\/ad6774b3ada023bf5b939d64f45c94b3adf91502dd883507d469b4308a943bb3?s=96&d=mm&r=g","url":"https:\/\/secure.gravatar.com\/avatar\/ad6774b3ada023bf5b939d64f45c94b3adf91502dd883507d469b4308a943bb3?s=96&d=mm&r=g","contentUrl":"https:\/\/secure.gravatar.com\/avatar\/ad6774b3ada023bf5b939d64f45c94b3adf91502dd883507d469b4308a943bb3?s=96&d=mm&r=g","caption":"Exaudi Redazione"},"description":"Che cosa \u00e8 Exaudi News? Exaudi News \u00e8 un agenzia cattolica internazionale che informa, istruisce e trasforma quotidianamente in spagnolo, inglese e italiano. Attraverso notizie, articoli di analisi e trasmissioni in diretta degli eventi del Papa, Exaudi cerca di rafforzare l'unit\u00e0 dei cristiani e di contribuire all'evangelizzazione del mondo, sempre guidato dalla dottrina sociale della Chiesa. Lavoriamo per portare la verit\u00e0 e i valori cristiani in ogni angolo del pianeta. Aiutaci a trasformare il mondo con Exaudi! Noi di Exaudi crediamo che l'evangelizzazione e l'informazione di qualit\u00e0 possano cambiare la vita. Per continuare la nostra missione ed espandere la nostra portata, abbiamo bisogno del tuo aiuto. Stiamo anche cercando persone motivate che vogliano unirsi al nostro team. Grazie al vostro sostegno raggiungeremo pi\u00f9 persone, diffonderemo il messaggio di Cristo e rafforzeremo l'unit\u00e0 dei cristiani. Vuoi unirti alla nostra missione? Per maggiori informazioni su come contribuire, visita Exaudi.org\/it o contattaci direttamente: info@exaudi.org Exaudi: informa, forma e trasforma.","sameAs":["https:\/\/www.facebook.com\/ExaudiNotizie\/","https:\/\/www.instagram.com\/Exaudi_notizie\/","https:\/\/x.com\/Exaudi_Notizie","https:\/\/www.youtube.com\/@exaudicatholicnews"],"url":"https:\/\/exaudi.org\/it\/author\/dlvedi-org\/"}]}},"jetpack_featured_media_url":"https:\/\/exaudi.org\/wp-content\/uploads\/2026\/04\/cq5dam.thumbnail.cropped.750.422-5-2.jpeg","jetpack_shortlink":"https:\/\/wp.me\/pgKjF2-HAf","_links":{"self":[{"href":"https:\/\/exaudi.org\/it\/wp-json\/wp\/v2\/posts\/167539","targetHints":{"allow":["GET"]}}],"collection":[{"href":"https:\/\/exaudi.org\/it\/wp-json\/wp\/v2\/posts"}],"about":[{"href":"https:\/\/exaudi.org\/it\/wp-json\/wp\/v2\/types\/post"}],"author":[{"embeddable":true,"href":"https:\/\/exaudi.org\/it\/wp-json\/wp\/v2\/users\/17"}],"replies":[{"embeddable":true,"href":"https:\/\/exaudi.org\/it\/wp-json\/wp\/v2\/comments?post=167539"}],"version-history":[{"count":3,"href":"https:\/\/exaudi.org\/it\/wp-json\/wp\/v2\/posts\/167539\/revisions"}],"predecessor-version":[{"id":167542,"href":"https:\/\/exaudi.org\/it\/wp-json\/wp\/v2\/posts\/167539\/revisions\/167542"}],"wp:featuredmedia":[{"embeddable":true,"href":"https:\/\/exaudi.org\/it\/wp-json\/wp\/v2\/media\/167455"}],"wp:attachment":[{"href":"https:\/\/exaudi.org\/it\/wp-json\/wp\/v2\/media?parent=167539"}],"wp:term":[{"taxonomy":"category","embeddable":true,"href":"https:\/\/exaudi.org\/it\/wp-json\/wp\/v2\/categories?post=167539"},{"taxonomy":"post_tag","embeddable":true,"href":"https:\/\/exaudi.org\/it\/wp-json\/wp\/v2\/tags?post=167539"}],"curies":[{"name":"wp","href":"https:\/\/api.w.org\/{rel}","templated":true}]}}