{"id":167511,"date":"2026-04-21T21:27:52","date_gmt":"2026-04-21T19:27:52","guid":{"rendered":"https:\/\/exaudi.org\/?p=167511"},"modified":"2026-04-21T21:27:52","modified_gmt":"2026-04-21T19:27:52","slug":"tra-luanda-e-malabo-papa-leone-xiv-traccia-il-futuro-dellangola-e-rende-omaggio-al-suo-predecessore","status":"publish","type":"post","link":"https:\/\/exaudi.org\/it\/tra-luanda-e-malabo-papa-leone-xiv-traccia-il-futuro-dellangola-e-rende-omaggio-al-suo-predecessore\/","title":{"rendered":"Tra Luanda e Malabo: Papa Leone XIV traccia il futuro dell&#8217;Angola e rende omaggio al suo predecessore"},"content":{"rendered":"<p data-path-to-node=\"5\"><span dir=\"auto\" style=\"vertical-align: inherit\"><span dir=\"auto\" style=\"vertical-align: inherit\">Durante il volo tra Luanda e Malabo a bordo dell&#8217;aereo papale, Leone XIV ha avuto un incontro privato con i media, tra cui tre giornalisti angolani, per riflettere sul suo soggiorno in Angola prima dell&#8217;atterraggio in Guinea Equatoriale. Con un tono fiducioso ma fermo, il Papa ha approfondito le sfide sociali del continente e il ruolo chiave che la Chiesa dovr\u00e0 svolgere nei prossimi anni.<\/span><\/span><\/p>\n<h3 data-path-to-node=\"6\"><strong><span dir=\"auto\" style=\"vertical-align: inherit\"><span dir=\"auto\" style=\"vertical-align: inherit\">Un&#8217;alleanza strategica: Salute e Istruzione<\/span><\/span><\/strong><\/h3>\n<p data-path-to-node=\"7\"><span dir=\"auto\" style=\"vertical-align: inherit\"><span dir=\"auto\" style=\"vertical-align: inherit\">Uno dei momenti salienti della conversazione \u00e8 stata la rivelazione degli argomenti discussi durante l&#8217;udienza privata con il Presidente dell&#8217;Angola. Il Santo Padre ha confermato di aver parlato della necessit\u00e0 di rafforzare la stretta collaborazione tra Chiesa e Stato.<\/span><\/span><\/p>\n<p data-path-to-node=\"8\"><span dir=\"auto\" style=\"vertical-align: inherit\"><span dir=\"auto\" style=\"vertical-align: inherit\">Secondo il Papa, questa cooperazione dovrebbe concentrarsi su due pilastri fondamentali:\u00a0 <\/span><\/span><b data-path-to-node=\"8\" data-index-in-node=\"90\"><span dir=\"auto\" style=\"vertical-align: inherit\"><span dir=\"auto\" style=\"vertical-align: inherit\">la salute e l&#8217;istruzione<\/span><\/span><\/b><span dir=\"auto\" style=\"vertical-align: inherit\"><span dir=\"auto\" style=\"vertical-align: inherit\"> . &#8220;La Chiesa in Angola sta crescendo e ha la capacit\u00e0 di contribuire al progresso del Paese&#8221;, ha osservato. Leone XIV ha sottolineato che le istituzioni cattoliche svolgono gi\u00e0 un lavoro essenziale in questi ambiti, ma che \u00e8 fondamentale formalizzare questo sostegno affinch\u00e9 raggiunga le zone pi\u00f9 vulnerabili del Paese, dove le infrastrutture statali sono ancora limitate.<\/span><\/span><\/p>\n<p data-path-to-node=\"8\"><img loading=\"lazy\" decoding=\"async\" class=\"size-full wp-image-167417 alignnone\" src=\"https:\/\/exaudi.org\/wp-content\/uploads\/2026\/04\/cq5dam.thumbnail.cropped.750.422-6-4.jpeg\" alt=\"\" width=\"750\" height=\"422\" srcset=\"https:\/\/exaudi.org\/wp-content\/uploads\/2026\/04\/cq5dam.thumbnail.cropped.750.422-6-4.jpeg 750w, https:\/\/exaudi.org\/wp-content\/uploads\/2026\/04\/cq5dam.thumbnail.cropped.750.422-6-4-300x169.jpeg 300w, https:\/\/exaudi.org\/wp-content\/uploads\/2026\/04\/cq5dam.thumbnail.cropped.750.422-6-4-500x281.jpeg 500w\" sizes=\"auto, (max-width: 750px) 100vw, 750px\" \/><\/p>\n<h3 data-path-to-node=\"9\"><strong><span dir=\"auto\" style=\"vertical-align: inherit\"><span dir=\"auto\" style=\"vertical-align: inherit\">La memoria vivente del suo predecessore<\/span><\/span><\/strong><\/h3>\n<p data-path-to-node=\"10\"><span dir=\"auto\" style=\"vertical-align: inherit\"><span dir=\"auto\" style=\"vertical-align: inherit\">Il volo coincise con una data di grande significato emotivo per la Chiesa universale: il primo anniversario della morte del precedente Papa. Leone XIV volle dedicare un momento di silenzio e parole di profondo affetto al suo predecessore, ricordandolo come una guida la cui influenza rimane presente negli insegnamenti attuali.<\/span><\/span><\/p>\n<p data-path-to-node=\"11\"><span dir=\"auto\" style=\"vertical-align: inherit\"><span dir=\"auto\" style=\"vertical-align: inherit\">&#8220;Il suo esempio di dedizione continua a illuminare il mio cammino&#8221;, ha detto ai giornalisti, sottolineando l&#8217;eredit\u00e0 spirituale che ha ricevuto e che cerca di applicare nei suoi viaggi attraverso le &#8220;periferie del mondo&#8221;, come nel caso di questo tour africano.<\/span><\/span><\/p>\n<p data-path-to-node=\"11\"><img loading=\"lazy\" decoding=\"async\" class=\"size-full wp-image-167414 alignnone\" src=\"https:\/\/exaudi.org\/wp-content\/uploads\/2026\/04\/cq5dam.thumbnail.cropped.750.422-5-1.jpeg\" alt=\"\" width=\"750\" height=\"422\" srcset=\"https:\/\/exaudi.org\/wp-content\/uploads\/2026\/04\/cq5dam.thumbnail.cropped.750.422-5-1.jpeg 750w, https:\/\/exaudi.org\/wp-content\/uploads\/2026\/04\/cq5dam.thumbnail.cropped.750.422-5-1-300x169.jpeg 300w, https:\/\/exaudi.org\/wp-content\/uploads\/2026\/04\/cq5dam.thumbnail.cropped.750.422-5-1-500x281.jpeg 500w\" sizes=\"auto, (max-width: 750px) 100vw, 750px\" \/><\/p>\n<h3 data-path-to-node=\"12\"><strong><span dir=\"auto\" style=\"vertical-align: inherit\"><span dir=\"auto\" style=\"vertical-align: inherit\">Una Chiesa che cresce con la propria identit\u00e0<\/span><\/span><\/strong><\/h3>\n<p data-path-to-node=\"13\"><span dir=\"auto\" style=\"vertical-align: inherit\"><span dir=\"auto\" style=\"vertical-align: inherit\">Interrogato dai giornalisti locali sullo stato della fede in Angola, il Papa ha espresso la sua ammirazione per la vitalit\u00e0 delle comunit\u00e0. Ha tuttavia ribadito l&#8217;importanza di un&#8217;evangelizzazione che rispetti la cultura locale pur rimanendo salda nei valori del Vangelo, evitando di cadere nel settarismo o in pratiche che distorcano il messaggio di pace.<\/span><\/span><\/p>\n<p data-path-to-node=\"14\"><span dir=\"auto\" style=\"vertical-align: inherit\"><span dir=\"auto\" style=\"vertical-align: inherit\">Per il Papa, la crescita della Chiesa in Angola non \u00e8 solo numerica, ma anche qualitativa, e pu\u00f2 servire da modello per altre nazioni africane che cercano di conciliare tradizione, modernit\u00e0 e giustizia sociale.<\/span><\/span><\/p>\n<p data-path-to-node=\"15\"><span dir=\"auto\" style=\"vertical-align: inherit\"><span dir=\"auto\" style=\"vertical-align: inherit\">Con lo sguardo fisso su Malabo, Papa Leone XIV ha concluso il discorso riaffermando il suo impegno per l&#8217;Africa, un continente che, a suo dire, non chiede carit\u00e0, ma dignit\u00e0 e strumenti per costruire il proprio destino.<\/span><\/span><\/p>\n","protected":false},"excerpt":{"rendered":"<p>In un colloquio con i giornalisti a bordo dell&#8217;aereo papale, il Pontefice ha rivelato i dettagli del suo incontro con il presidente angolano e ha reso un commovente omaggio al suo predecessore nell&#8217;anniversario della sua scomparsa<\/p>\n","protected":false},"author":17,"featured_media":167421,"comment_status":"closed","ping_status":"closed","sticky":false,"template":"","format":"standard","meta":{"_acf_changed":false,"_crdt_document":"","inline_featured_image":false,"footnotes":""},"categories":[67,67,119,119],"tags":[107390,64330,109784,107791,101445,61750,109788,104021,109785,109786,109787,41159,72651,109789,4952,266],"class_list":{"0":"post-167511","1":"post","2":"type-post","3":"status-publish","4":"format-standard","5":"has-post-thumbnail","6":"hentry","7":"category-leone-xiv","9":"category-viaggi","11":"tag-africa-2026-2","12":"tag-angola-3","13":"tag-anniversario-del-papa-emerito","14":"tag-cammino-apostolico-2026","15":"tag-chiesa-cattolica-africa","16":"tag-collaborazione-chiesa-stato","17":"tag-conferenza-stampa-sul-volo-papale","18":"tag-guinea-equatoriale","19":"tag-luanda-2","20":"tag-malabo-2","21":"tag-missioni-africane","22":"tag-notizie-religiose","23":"tag-riconciliazione-sociale","24":"tag-salute-e-istruzione-in-angola","25":"tag-trending-it","26":"tag-vaticano"},"acf":[],"yoast_head":"<!-- This site is optimized with the Yoast SEO plugin v27.5 - https:\/\/yoast.com\/product\/yoast-seo-wordpress\/ -->\n<title>Tra Luanda e Malabo: Papa Leone XIV traccia il futuro dell&#039;Angola e rende omaggio al suo predecessore &#8211; Exaudi<\/title>\n<meta name=\"robots\" content=\"index, follow, max-snippet:-1, max-image-preview:large, max-video-preview:-1\" \/>\n<link rel=\"canonical\" href=\"https:\/\/exaudi.org\/it\/tra-luanda-e-malabo-papa-leone-xiv-traccia-il-futuro-dellangola-e-rende-omaggio-al-suo-predecessore\/\" \/>\n<meta property=\"og:locale\" content=\"it_IT\" \/>\n<meta property=\"og:type\" content=\"article\" \/>\n<meta property=\"og:title\" content=\"Tra Luanda e Malabo: Papa Leone XIV traccia il futuro dell&#039;Angola e rende omaggio al suo predecessore &#8211; Exaudi\" \/>\n<meta property=\"og:description\" content=\"In un colloquio con i giornalisti a bordo dell&#039;aereo papale, il Pontefice ha rivelato i dettagli del suo incontro con il presidente angolano e ha reso un commovente omaggio al suo predecessore nell&#039;anniversario della sua scomparsa\" \/>\n<meta property=\"og:url\" content=\"https:\/\/exaudi.org\/it\/tra-luanda-e-malabo-papa-leone-xiv-traccia-il-futuro-dellangola-e-rende-omaggio-al-suo-predecessore\/\" \/>\n<meta property=\"og:site_name\" content=\"Exaudi\" \/>\n<meta property=\"article:publisher\" content=\"https:\/\/www.facebook.com\/ExaudiNews\" \/>\n<meta property=\"article:author\" content=\"https:\/\/www.facebook.com\/ExaudiNotizie\/\" \/>\n<meta property=\"article:published_time\" content=\"2026-04-21T19:27:52+00:00\" \/>\n<meta property=\"og:image\" content=\"https:\/\/exaudi.org\/wp-content\/uploads\/2026\/04\/cq5dam.thumbnail.cropped.750.4224.jpg\" \/>\n\t<meta property=\"og:image:width\" content=\"1360\" \/>\n\t<meta property=\"og:image:height\" content=\"768\" \/>\n\t<meta property=\"og:image:type\" content=\"image\/jpeg\" \/>\n<meta name=\"author\" content=\"Exaudi Redazione\" \/>\n<meta name=\"twitter:card\" content=\"summary_large_image\" \/>\n<meta name=\"twitter:creator\" content=\"@Exaudi_Notizie\" \/>\n<meta name=\"twitter:site\" content=\"@Exaudi_News\" \/>\n<meta name=\"twitter:label1\" content=\"Scritto da\" \/>\n\t<meta name=\"twitter:data1\" content=\"Exaudi Redazione\" \/>\n\t<meta name=\"twitter:label2\" content=\"Tempo di lettura stimato\" \/>\n\t<meta name=\"twitter:data2\" content=\"2 minuti\" \/>\n<script type=\"application\/ld+json\" class=\"yoast-schema-graph\">{\"@context\":\"https:\\\/\\\/schema.org\",\"@graph\":[{\"@type\":\"Article\",\"@id\":\"https:\\\/\\\/exaudi.org\\\/it\\\/tra-luanda-e-malabo-papa-leone-xiv-traccia-il-futuro-dellangola-e-rende-omaggio-al-suo-predecessore\\\/#article\",\"isPartOf\":{\"@id\":\"https:\\\/\\\/exaudi.org\\\/it\\\/tra-luanda-e-malabo-papa-leone-xiv-traccia-il-futuro-dellangola-e-rende-omaggio-al-suo-predecessore\\\/\"},\"author\":{\"name\":\"Exaudi Redazione\",\"@id\":\"https:\\\/\\\/exaudi.org\\\/#\\\/schema\\\/person\\\/e1ab6ed07c01774724dd96f925f3a5f0\"},\"headline\":\"Tra Luanda e Malabo: Papa Leone XIV traccia il futuro dell&#8217;Angola e rende omaggio al suo predecessore\",\"datePublished\":\"2026-04-21T19:27:52+00:00\",\"mainEntityOfPage\":{\"@id\":\"https:\\\/\\\/exaudi.org\\\/it\\\/tra-luanda-e-malabo-papa-leone-xiv-traccia-il-futuro-dellangola-e-rende-omaggio-al-suo-predecessore\\\/\"},\"wordCount\":435,\"image\":{\"@id\":\"https:\\\/\\\/exaudi.org\\\/it\\\/tra-luanda-e-malabo-papa-leone-xiv-traccia-il-futuro-dellangola-e-rende-omaggio-al-suo-predecessore\\\/#primaryimage\"},\"thumbnailUrl\":\"https:\\\/\\\/exaudi.org\\\/wp-content\\\/uploads\\\/2026\\\/04\\\/cq5dam.thumbnail.cropped.750.4224.jpg\",\"keywords\":[\"Africa 2026\",\"Angola\",\"anniversario del Papa emerito\",\"Cammino apostolico 2026\",\"chiesa cattolica africa\",\"Collaborazione Chiesa-Stato\",\"conferenza stampa sul volo papale\",\"Guinea Equatoriale\",\"Luanda\",\"Malabo\",\"Missioni africane\",\"notizie religiose\",\"riconciliazione sociale\",\"salute e istruzione in Angola\",\"Trending\",\"Vaticano\"],\"articleSection\":[\"Leone XIV\",\"Leone XIV\",\"Viaggi\",\"Viaggi\"],\"inLanguage\":\"it-IT\"},{\"@type\":\"WebPage\",\"@id\":\"https:\\\/\\\/exaudi.org\\\/it\\\/tra-luanda-e-malabo-papa-leone-xiv-traccia-il-futuro-dellangola-e-rende-omaggio-al-suo-predecessore\\\/\",\"url\":\"https:\\\/\\\/exaudi.org\\\/it\\\/tra-luanda-e-malabo-papa-leone-xiv-traccia-il-futuro-dellangola-e-rende-omaggio-al-suo-predecessore\\\/\",\"name\":\"Tra Luanda e Malabo: Papa Leone XIV traccia il futuro dell'Angola e rende omaggio al suo predecessore &#8211; Exaudi\",\"isPartOf\":{\"@id\":\"https:\\\/\\\/exaudi.org\\\/#website\"},\"primaryImageOfPage\":{\"@id\":\"https:\\\/\\\/exaudi.org\\\/it\\\/tra-luanda-e-malabo-papa-leone-xiv-traccia-il-futuro-dellangola-e-rende-omaggio-al-suo-predecessore\\\/#primaryimage\"},\"image\":{\"@id\":\"https:\\\/\\\/exaudi.org\\\/it\\\/tra-luanda-e-malabo-papa-leone-xiv-traccia-il-futuro-dellangola-e-rende-omaggio-al-suo-predecessore\\\/#primaryimage\"},\"thumbnailUrl\":\"https:\\\/\\\/exaudi.org\\\/wp-content\\\/uploads\\\/2026\\\/04\\\/cq5dam.thumbnail.cropped.750.4224.jpg\",\"datePublished\":\"2026-04-21T19:27:52+00:00\",\"author\":{\"@id\":\"https:\\\/\\\/exaudi.org\\\/#\\\/schema\\\/person\\\/e1ab6ed07c01774724dd96f925f3a5f0\"},\"breadcrumb\":{\"@id\":\"https:\\\/\\\/exaudi.org\\\/it\\\/tra-luanda-e-malabo-papa-leone-xiv-traccia-il-futuro-dellangola-e-rende-omaggio-al-suo-predecessore\\\/#breadcrumb\"},\"inLanguage\":\"it-IT\",\"potentialAction\":[{\"@type\":\"ReadAction\",\"target\":[\"https:\\\/\\\/exaudi.org\\\/it\\\/tra-luanda-e-malabo-papa-leone-xiv-traccia-il-futuro-dellangola-e-rende-omaggio-al-suo-predecessore\\\/\"]}]},{\"@type\":\"ImageObject\",\"inLanguage\":\"it-IT\",\"@id\":\"https:\\\/\\\/exaudi.org\\\/it\\\/tra-luanda-e-malabo-papa-leone-xiv-traccia-il-futuro-dellangola-e-rende-omaggio-al-suo-predecessore\\\/#primaryimage\",\"url\":\"https:\\\/\\\/exaudi.org\\\/wp-content\\\/uploads\\\/2026\\\/04\\\/cq5dam.thumbnail.cropped.750.4224.jpg\",\"contentUrl\":\"https:\\\/\\\/exaudi.org\\\/wp-content\\\/uploads\\\/2026\\\/04\\\/cq5dam.thumbnail.cropped.750.4224.jpg\",\"width\":1360,\"height\":768},{\"@type\":\"BreadcrumbList\",\"@id\":\"https:\\\/\\\/exaudi.org\\\/it\\\/tra-luanda-e-malabo-papa-leone-xiv-traccia-il-futuro-dellangola-e-rende-omaggio-al-suo-predecessore\\\/#breadcrumb\",\"itemListElement\":[{\"@type\":\"ListItem\",\"position\":1,\"name\":\"Portada\",\"item\":\"https:\\\/\\\/exaudi.org\\\/it\\\/\"},{\"@type\":\"ListItem\",\"position\":2,\"name\":\"Tra Luanda e Malabo: Papa Leone XIV traccia il futuro dell&#8217;Angola e rende omaggio al suo predecessore\"}]},{\"@type\":\"WebSite\",\"@id\":\"https:\\\/\\\/exaudi.org\\\/#website\",\"url\":\"https:\\\/\\\/exaudi.org\\\/\",\"name\":\"Exaudi\",\"description\":\"News\",\"potentialAction\":[{\"@type\":\"SearchAction\",\"target\":{\"@type\":\"EntryPoint\",\"urlTemplate\":\"https:\\\/\\\/exaudi.org\\\/?s={search_term_string}\"},\"query-input\":{\"@type\":\"PropertyValueSpecification\",\"valueRequired\":true,\"valueName\":\"search_term_string\"}}],\"inLanguage\":\"it-IT\"},{\"@type\":\"Person\",\"@id\":\"https:\\\/\\\/exaudi.org\\\/#\\\/schema\\\/person\\\/e1ab6ed07c01774724dd96f925f3a5f0\",\"name\":\"Exaudi Redazione\",\"image\":{\"@type\":\"ImageObject\",\"inLanguage\":\"it-IT\",\"@id\":\"https:\\\/\\\/secure.gravatar.com\\\/avatar\\\/ad6774b3ada023bf5b939d64f45c94b3adf91502dd883507d469b4308a943bb3?s=96&d=mm&r=g\",\"url\":\"https:\\\/\\\/secure.gravatar.com\\\/avatar\\\/ad6774b3ada023bf5b939d64f45c94b3adf91502dd883507d469b4308a943bb3?s=96&d=mm&r=g\",\"contentUrl\":\"https:\\\/\\\/secure.gravatar.com\\\/avatar\\\/ad6774b3ada023bf5b939d64f45c94b3adf91502dd883507d469b4308a943bb3?s=96&d=mm&r=g\",\"caption\":\"Exaudi Redazione\"},\"description\":\"Che cosa \u00e8 Exaudi News? Exaudi News \u00e8 un agenzia cattolica internazionale che informa, istruisce e trasforma quotidianamente in spagnolo, inglese e italiano. Attraverso notizie, articoli di analisi e trasmissioni in diretta degli eventi del Papa, Exaudi cerca di rafforzare l'unit\u00e0 dei cristiani e di contribuire all'evangelizzazione del mondo, sempre guidato dalla dottrina sociale della Chiesa. Lavoriamo per portare la verit\u00e0 e i valori cristiani in ogni angolo del pianeta. Aiutaci a trasformare il mondo con Exaudi! Noi di Exaudi crediamo che l'evangelizzazione e l'informazione di qualit\u00e0 possano cambiare la vita. Per continuare la nostra missione ed espandere la nostra portata, abbiamo bisogno del tuo aiuto. Stiamo anche cercando persone motivate che vogliano unirsi al nostro team. Grazie al vostro sostegno raggiungeremo pi\u00f9 persone, diffonderemo il messaggio di Cristo e rafforzeremo l'unit\u00e0 dei cristiani. Vuoi unirti alla nostra missione? Per maggiori informazioni su come contribuire, visita Exaudi.org\\\/it o contattaci direttamente: info@exaudi.org Exaudi: informa, forma e trasforma.\",\"sameAs\":[\"https:\\\/\\\/www.facebook.com\\\/ExaudiNotizie\\\/\",\"https:\\\/\\\/www.instagram.com\\\/Exaudi_notizie\\\/\",\"https:\\\/\\\/x.com\\\/Exaudi_Notizie\",\"https:\\\/\\\/www.youtube.com\\\/@exaudicatholicnews\"],\"url\":\"https:\\\/\\\/exaudi.org\\\/it\\\/author\\\/dlvedi-org\\\/\"}]}<\/script>\n<!-- \/ Yoast SEO plugin. -->","yoast_head_json":{"title":"Tra Luanda e Malabo: Papa Leone XIV traccia il futuro dell'Angola e rende omaggio al suo predecessore &#8211; Exaudi","robots":{"index":"index","follow":"follow","max-snippet":"max-snippet:-1","max-image-preview":"max-image-preview:large","max-video-preview":"max-video-preview:-1"},"canonical":"https:\/\/exaudi.org\/it\/tra-luanda-e-malabo-papa-leone-xiv-traccia-il-futuro-dellangola-e-rende-omaggio-al-suo-predecessore\/","og_locale":"it_IT","og_type":"article","og_title":"Tra Luanda e Malabo: Papa Leone XIV traccia il futuro dell'Angola e rende omaggio al suo predecessore &#8211; Exaudi","og_description":"In un colloquio con i giornalisti a bordo dell'aereo papale, il Pontefice ha rivelato i dettagli del suo incontro con il presidente angolano e ha reso un commovente omaggio al suo predecessore nell'anniversario della sua scomparsa","og_url":"https:\/\/exaudi.org\/it\/tra-luanda-e-malabo-papa-leone-xiv-traccia-il-futuro-dellangola-e-rende-omaggio-al-suo-predecessore\/","og_site_name":"Exaudi","article_publisher":"https:\/\/www.facebook.com\/ExaudiNews","article_author":"https:\/\/www.facebook.com\/ExaudiNotizie\/","article_published_time":"2026-04-21T19:27:52+00:00","og_image":[{"width":1360,"height":768,"url":"https:\/\/exaudi.org\/wp-content\/uploads\/2026\/04\/cq5dam.thumbnail.cropped.750.4224.jpg","type":"image\/jpeg"}],"author":"Exaudi Redazione","twitter_card":"summary_large_image","twitter_creator":"@Exaudi_Notizie","twitter_site":"@Exaudi_News","twitter_misc":{"Scritto da":"Exaudi Redazione","Tempo di lettura stimato":"2 minuti"},"schema":{"@context":"https:\/\/schema.org","@graph":[{"@type":"Article","@id":"https:\/\/exaudi.org\/it\/tra-luanda-e-malabo-papa-leone-xiv-traccia-il-futuro-dellangola-e-rende-omaggio-al-suo-predecessore\/#article","isPartOf":{"@id":"https:\/\/exaudi.org\/it\/tra-luanda-e-malabo-papa-leone-xiv-traccia-il-futuro-dellangola-e-rende-omaggio-al-suo-predecessore\/"},"author":{"name":"Exaudi Redazione","@id":"https:\/\/exaudi.org\/#\/schema\/person\/e1ab6ed07c01774724dd96f925f3a5f0"},"headline":"Tra Luanda e Malabo: Papa Leone XIV traccia il futuro dell&#8217;Angola e rende omaggio al suo predecessore","datePublished":"2026-04-21T19:27:52+00:00","mainEntityOfPage":{"@id":"https:\/\/exaudi.org\/it\/tra-luanda-e-malabo-papa-leone-xiv-traccia-il-futuro-dellangola-e-rende-omaggio-al-suo-predecessore\/"},"wordCount":435,"image":{"@id":"https:\/\/exaudi.org\/it\/tra-luanda-e-malabo-papa-leone-xiv-traccia-il-futuro-dellangola-e-rende-omaggio-al-suo-predecessore\/#primaryimage"},"thumbnailUrl":"https:\/\/exaudi.org\/wp-content\/uploads\/2026\/04\/cq5dam.thumbnail.cropped.750.4224.jpg","keywords":["Africa 2026","Angola","anniversario del Papa emerito","Cammino apostolico 2026","chiesa cattolica africa","Collaborazione Chiesa-Stato","conferenza stampa sul volo papale","Guinea Equatoriale","Luanda","Malabo","Missioni africane","notizie religiose","riconciliazione sociale","salute e istruzione in Angola","Trending","Vaticano"],"articleSection":["Leone XIV","Leone XIV","Viaggi","Viaggi"],"inLanguage":"it-IT"},{"@type":"WebPage","@id":"https:\/\/exaudi.org\/it\/tra-luanda-e-malabo-papa-leone-xiv-traccia-il-futuro-dellangola-e-rende-omaggio-al-suo-predecessore\/","url":"https:\/\/exaudi.org\/it\/tra-luanda-e-malabo-papa-leone-xiv-traccia-il-futuro-dellangola-e-rende-omaggio-al-suo-predecessore\/","name":"Tra Luanda e Malabo: Papa Leone XIV traccia il futuro dell'Angola e rende omaggio al suo predecessore &#8211; Exaudi","isPartOf":{"@id":"https:\/\/exaudi.org\/#website"},"primaryImageOfPage":{"@id":"https:\/\/exaudi.org\/it\/tra-luanda-e-malabo-papa-leone-xiv-traccia-il-futuro-dellangola-e-rende-omaggio-al-suo-predecessore\/#primaryimage"},"image":{"@id":"https:\/\/exaudi.org\/it\/tra-luanda-e-malabo-papa-leone-xiv-traccia-il-futuro-dellangola-e-rende-omaggio-al-suo-predecessore\/#primaryimage"},"thumbnailUrl":"https:\/\/exaudi.org\/wp-content\/uploads\/2026\/04\/cq5dam.thumbnail.cropped.750.4224.jpg","datePublished":"2026-04-21T19:27:52+00:00","author":{"@id":"https:\/\/exaudi.org\/#\/schema\/person\/e1ab6ed07c01774724dd96f925f3a5f0"},"breadcrumb":{"@id":"https:\/\/exaudi.org\/it\/tra-luanda-e-malabo-papa-leone-xiv-traccia-il-futuro-dellangola-e-rende-omaggio-al-suo-predecessore\/#breadcrumb"},"inLanguage":"it-IT","potentialAction":[{"@type":"ReadAction","target":["https:\/\/exaudi.org\/it\/tra-luanda-e-malabo-papa-leone-xiv-traccia-il-futuro-dellangola-e-rende-omaggio-al-suo-predecessore\/"]}]},{"@type":"ImageObject","inLanguage":"it-IT","@id":"https:\/\/exaudi.org\/it\/tra-luanda-e-malabo-papa-leone-xiv-traccia-il-futuro-dellangola-e-rende-omaggio-al-suo-predecessore\/#primaryimage","url":"https:\/\/exaudi.org\/wp-content\/uploads\/2026\/04\/cq5dam.thumbnail.cropped.750.4224.jpg","contentUrl":"https:\/\/exaudi.org\/wp-content\/uploads\/2026\/04\/cq5dam.thumbnail.cropped.750.4224.jpg","width":1360,"height":768},{"@type":"BreadcrumbList","@id":"https:\/\/exaudi.org\/it\/tra-luanda-e-malabo-papa-leone-xiv-traccia-il-futuro-dellangola-e-rende-omaggio-al-suo-predecessore\/#breadcrumb","itemListElement":[{"@type":"ListItem","position":1,"name":"Portada","item":"https:\/\/exaudi.org\/it\/"},{"@type":"ListItem","position":2,"name":"Tra Luanda e Malabo: Papa Leone XIV traccia il futuro dell&#8217;Angola e rende omaggio al suo predecessore"}]},{"@type":"WebSite","@id":"https:\/\/exaudi.org\/#website","url":"https:\/\/exaudi.org\/","name":"Exaudi","description":"News","potentialAction":[{"@type":"SearchAction","target":{"@type":"EntryPoint","urlTemplate":"https:\/\/exaudi.org\/?s={search_term_string}"},"query-input":{"@type":"PropertyValueSpecification","valueRequired":true,"valueName":"search_term_string"}}],"inLanguage":"it-IT"},{"@type":"Person","@id":"https:\/\/exaudi.org\/#\/schema\/person\/e1ab6ed07c01774724dd96f925f3a5f0","name":"Exaudi Redazione","image":{"@type":"ImageObject","inLanguage":"it-IT","@id":"https:\/\/secure.gravatar.com\/avatar\/ad6774b3ada023bf5b939d64f45c94b3adf91502dd883507d469b4308a943bb3?s=96&d=mm&r=g","url":"https:\/\/secure.gravatar.com\/avatar\/ad6774b3ada023bf5b939d64f45c94b3adf91502dd883507d469b4308a943bb3?s=96&d=mm&r=g","contentUrl":"https:\/\/secure.gravatar.com\/avatar\/ad6774b3ada023bf5b939d64f45c94b3adf91502dd883507d469b4308a943bb3?s=96&d=mm&r=g","caption":"Exaudi Redazione"},"description":"Che cosa \u00e8 Exaudi News? Exaudi News \u00e8 un agenzia cattolica internazionale che informa, istruisce e trasforma quotidianamente in spagnolo, inglese e italiano. Attraverso notizie, articoli di analisi e trasmissioni in diretta degli eventi del Papa, Exaudi cerca di rafforzare l'unit\u00e0 dei cristiani e di contribuire all'evangelizzazione del mondo, sempre guidato dalla dottrina sociale della Chiesa. Lavoriamo per portare la verit\u00e0 e i valori cristiani in ogni angolo del pianeta. Aiutaci a trasformare il mondo con Exaudi! Noi di Exaudi crediamo che l'evangelizzazione e l'informazione di qualit\u00e0 possano cambiare la vita. Per continuare la nostra missione ed espandere la nostra portata, abbiamo bisogno del tuo aiuto. Stiamo anche cercando persone motivate che vogliano unirsi al nostro team. Grazie al vostro sostegno raggiungeremo pi\u00f9 persone, diffonderemo il messaggio di Cristo e rafforzeremo l'unit\u00e0 dei cristiani. Vuoi unirti alla nostra missione? Per maggiori informazioni su come contribuire, visita Exaudi.org\/it o contattaci direttamente: info@exaudi.org Exaudi: informa, forma e trasforma.","sameAs":["https:\/\/www.facebook.com\/ExaudiNotizie\/","https:\/\/www.instagram.com\/Exaudi_notizie\/","https:\/\/x.com\/Exaudi_Notizie","https:\/\/www.youtube.com\/@exaudicatholicnews"],"url":"https:\/\/exaudi.org\/it\/author\/dlvedi-org\/"}]}},"jetpack_featured_media_url":"https:\/\/exaudi.org\/wp-content\/uploads\/2026\/04\/cq5dam.thumbnail.cropped.750.4224.jpg","jetpack_shortlink":"https:\/\/wp.me\/pgKjF2-HzN","_links":{"self":[{"href":"https:\/\/exaudi.org\/it\/wp-json\/wp\/v2\/posts\/167511","targetHints":{"allow":["GET"]}}],"collection":[{"href":"https:\/\/exaudi.org\/it\/wp-json\/wp\/v2\/posts"}],"about":[{"href":"https:\/\/exaudi.org\/it\/wp-json\/wp\/v2\/types\/post"}],"author":[{"embeddable":true,"href":"https:\/\/exaudi.org\/it\/wp-json\/wp\/v2\/users\/17"}],"replies":[{"embeddable":true,"href":"https:\/\/exaudi.org\/it\/wp-json\/wp\/v2\/comments?post=167511"}],"version-history":[{"count":3,"href":"https:\/\/exaudi.org\/it\/wp-json\/wp\/v2\/posts\/167511\/revisions"}],"predecessor-version":[{"id":167514,"href":"https:\/\/exaudi.org\/it\/wp-json\/wp\/v2\/posts\/167511\/revisions\/167514"}],"wp:featuredmedia":[{"embeddable":true,"href":"https:\/\/exaudi.org\/it\/wp-json\/wp\/v2\/media\/167421"}],"wp:attachment":[{"href":"https:\/\/exaudi.org\/it\/wp-json\/wp\/v2\/media?parent=167511"}],"wp:term":[{"taxonomy":"category","embeddable":true,"href":"https:\/\/exaudi.org\/it\/wp-json\/wp\/v2\/categories?post=167511"},{"taxonomy":"post_tag","embeddable":true,"href":"https:\/\/exaudi.org\/it\/wp-json\/wp\/v2\/tags?post=167511"}],"curies":[{"name":"wp","href":"https:\/\/api.w.org\/{rel}","templated":true}]}}