{"id":167203,"date":"2026-04-20T18:44:21","date_gmt":"2026-04-20T16:44:21","guid":{"rendered":"https:\/\/exaudi.org\/?p=167203"},"modified":"2026-04-20T18:44:21","modified_gmt":"2026-04-20T16:44:21","slug":"papa-leone-xiv-a-saurimo-cristo-ascolta-il-grido-del-popolo-e-rinnova-la-storia","status":"publish","type":"post","link":"https:\/\/exaudi.org\/it\/papa-leone-xiv-a-saurimo-cristo-ascolta-il-grido-del-popolo-e-rinnova-la-storia\/","title":{"rendered":"Papa Leone XIV a Saurimo: \u201cCristo ascolta il grido del popolo e rinnova la storia\u201d"},"content":{"rendered":"<p dir=\"auto\"><span dir=\"auto\" style=\"vertical-align: inherit\"><span dir=\"auto\" style=\"vertical-align: inherit\">Luned\u00ec 20 aprile 2026, Papa Leone XIV \u00e8 arrivato di buon mattino a Saurimo, capoluogo della provincia di Lunda Sul, proveniente da Luanda. La giornata \u00e8 iniziata con una visita a una casa di riposo statale, affettuosamente chiamata &#8220;Lar&#8221; (casa), che ospita 62 anziani: 26 uomini e 36 donne. In seguito, ha celebrato la Santa Messa in un ampio spazio aperto davanti a circa 60.000 fedeli, molti dei quali lo hanno accolto con gioia al suo passaggio sulla papamobile. Prima dell&#8217;Eucaristia, il Santo Padre ha trascorso un momento in preghiera e adorazione del Santissimo Sacramento nella Cattedrale di Nostra Signora dell&#8217;Assunzione.<\/span><\/span><\/p>\n<h3 dir=\"auto\"><span dir=\"auto\" style=\"vertical-align: inherit\"><span dir=\"auto\" style=\"vertical-align: inherit\">Una casa dove Ges\u00f9 dimora nel perdono e nella cura reciproca.<\/span><\/span><\/h3>\n<p dir=\"auto\"><span dir=\"auto\" style=\"vertical-align: inherit\"><span dir=\"auto\" style=\"vertical-align: inherit\">Presso il Lar, il Papa ha espresso la sua gioia per la &#8220;fedele accoglienza&#8221; dei residenti e ha auspicato che il luogo diventi davvero una casa di famiglia. Ha ricordato che Ges\u00f9 amava visitare le case dei suoi amici, come quelle di Pietro, Maria, Marta e Lazzaro, e ha affermato che anche Lui dimora in esse: &#8220;Egli vive in mezzo a voi ogni volta che cercate di amarvi e aiutarvi gli uni gli altri come fratelli e sorelle. Ogni volta che, dopo un malinteso o una piccola offesa, sapete perdonare e riconciliarvi&#8221;.<\/span><\/span><\/p>\n<p dir=\"auto\"><span dir=\"auto\" style=\"vertical-align: inherit\"><span dir=\"auto\" style=\"vertical-align: inherit\">Leone XIV ringrazi\u00f2 le autorit\u00e0 angolane per iniziative come questa e sottoline\u00f2 che \u201cla cura degli anziani \u00e8 un indicatore molto importante della qualit\u00e0 della vita sociale di un Paese\u201d. Aggiunse: \u201cNon dimentichiamo che gli anziani non solo devono essere aiutati, ma soprattutto ascoltati, perch\u00e9 sono i custodi della saggezza di un popolo. E dobbiamo loro gratitudine, perch\u00e9 hanno affrontato grandi difficolt\u00e0 per il bene della comunit\u00e0\u201d. Concluse affidandoli alla Vergine Maria.<\/span><\/span><\/p>\n<p dir=\"auto\"><span dir=\"auto\" style=\"vertical-align: inherit\"><span dir=\"auto\" style=\"vertical-align: inherit\">La direttrice del centro, Georgina Mwandumba, ha sottolineato la stretta collaborazione con la chiesa locale, che offre guida spirituale e sostegno finanziario. Molti residenti coltivano piccoli orti e partecipano insieme alla Messa, anche se non sono cattolici. Ha espresso il desiderio di contrastare pratiche come la stregoneria, che inducono alcune famiglie ad abbandonare i propri parenti anziani.<\/span><\/span><\/p>\n<p dir=\"auto\"><img loading=\"lazy\" decoding=\"async\" class=\"size-full wp-image-167193 alignnone\" src=\"https:\/\/exaudi.org\/wp-content\/uploads\/2026\/04\/cq5dam.thumbnail.cropped.750.422-9-1.jpeg\" alt=\"\" width=\"750\" height=\"422\" srcset=\"https:\/\/exaudi.org\/wp-content\/uploads\/2026\/04\/cq5dam.thumbnail.cropped.750.422-9-1.jpeg 750w, https:\/\/exaudi.org\/wp-content\/uploads\/2026\/04\/cq5dam.thumbnail.cropped.750.422-9-1-300x169.jpeg 300w, https:\/\/exaudi.org\/wp-content\/uploads\/2026\/04\/cq5dam.thumbnail.cropped.750.422-9-1-500x281.jpeg 500w\" sizes=\"auto, (max-width: 750px) 100vw, 750px\" \/><\/p>\n<h3 dir=\"auto\"><span dir=\"auto\" style=\"vertical-align: inherit\"><span dir=\"auto\" style=\"vertical-align: inherit\">A Messa: il Pane che non perisce di fronte all&#8217;ingiustizia che corrompe<\/span><\/span><\/h3>\n<p dir=\"auto\"><span dir=\"auto\" style=\"vertical-align: inherit\"><span dir=\"auto\" style=\"vertical-align: inherit\">Durante l&#8217;omelia, commentando il Vangelo di Giovanni in cui Ges\u00f9 rimprovera la folla che lo cerca perch\u00e9 ha mangiato alcuni dei pani moltiplicati, il Papa ha messo in guardia contro una fede egoistica o superstiziosa che tratta Dio come un &#8220;portafortuna&#8221;. Ges\u00f9, ha detto, non respinge coloro che lo cercano per motivi sbagliati, ma li invita a esaminare i propri cuori e a convertirsi: &#8220;Egli non lavora per il cibo che perisce, ma per il cibo che dura per la vita eterna&#8221;.<\/span><\/span><\/p>\n<p dir=\"auto\"><span dir=\"auto\" style=\"vertical-align: inherit\"><span dir=\"auto\" style=\"vertical-align: inherit\">Con chiarezza ed empatia, Leone XIV denunci\u00f2 le realt\u00e0 che frustrano la speranza: \u00abOggi vediamo che i desideri di molti sono frustrati dai violenti, sfruttati dai potenti e ingannati dalla ricchezza. Quando l&#8217;ingiustizia corrompe i cuori, il pane di tutti diventa propriet\u00e0 di pochi\u00bb. Ma subito aggiunse una parola di consolazione e di forza: \u00abDi fronte a questi mali,\u00a0 <\/span><\/span><strong><span dir=\"auto\" style=\"vertical-align: inherit\"><span dir=\"auto\" style=\"vertical-align: inherit\">Cristo ascolta il grido del popolo e rinnova la nostra storia<\/span><\/span><\/strong><span dir=\"auto\" style=\"vertical-align: inherit\"><span dir=\"auto\" style=\"vertical-align: inherit\"> : da ogni caduta ci rialza, in ogni sofferenza ci consola e nella nostra missione ci incoraggia\u00bb.<\/span><\/span><\/p>\n<p dir=\"auto\"><span dir=\"auto\" style=\"vertical-align: inherit\"><span dir=\"auto\" style=\"vertical-align: inherit\">Egli insistette sul fatto che \u201cogni forma di oppressione, violenza, sfruttamento e menzogna nega la risurrezione di Cristo, il dono supremo della nostra libert\u00e0\u201d. Non siamo venuti al mondo per morire, n\u00e9 per essere schiavi della corruzione, n\u00e9 della carne n\u00e9 dell&#8217;anima. La liberazione portata dal Risorto si realizza ogni giorno, nella storia concreta. Pertanto, \u201c\u00e8 il Signore che traccia il percorso di questo cammino, non i nostri bisogni urgenti o le tendenze del momento\u201d.<\/span><\/span><\/p>\n<p dir=\"auto\"><span dir=\"auto\" style=\"vertical-align: inherit\"><span dir=\"auto\" style=\"vertical-align: inherit\">Richiamando le parole di San Giovanni Paolo II nell&#8217;enciclica\u00a0 <\/span><\/span><em><span dir=\"auto\" style=\"vertical-align: inherit\"><span dir=\"auto\" style=\"vertical-align: inherit\">Ecclesia in Africa<\/span><\/span><\/em><span dir=\"auto\" style=\"vertical-align: inherit\"><span dir=\"auto\" style=\"vertical-align: inherit\"> , ha invitato la Chiesa in Angola a vivere come un \u201csinodo di risurrezione e di speranza\u201d. \u201cCon il Vangelo nei vostri cuori, avrete coraggio di fronte alle difficolt\u00e0 e alle delusioni; la via che Dio ci ha aperto non fallisce mai\u201d, ha affermato. Condividere l&#8217;Eucaristia significa servire il popolo con una dedizione che lo solleva dalle cadute, ricostruisce ci\u00f2 che la violenza distrugge e condivide con gioia i legami fraterni.<\/span><\/span><\/p>\n<p dir=\"auto\"><img loading=\"lazy\" decoding=\"async\" class=\"size-full wp-image-167187 alignnone\" src=\"https:\/\/exaudi.org\/wp-content\/uploads\/2026\/04\/cq5dam.thumbnail.cropped.750.422-6-3.jpeg\" alt=\"\" width=\"750\" height=\"422\" srcset=\"https:\/\/exaudi.org\/wp-content\/uploads\/2026\/04\/cq5dam.thumbnail.cropped.750.422-6-3.jpeg 750w, https:\/\/exaudi.org\/wp-content\/uploads\/2026\/04\/cq5dam.thumbnail.cropped.750.422-6-3-300x169.jpeg 300w, https:\/\/exaudi.org\/wp-content\/uploads\/2026\/04\/cq5dam.thumbnail.cropped.750.422-6-3-500x281.jpeg 500w\" sizes=\"auto, (max-width: 750px) 100vw, 750px\" \/><\/p>\n<p dir=\"auto\"><span dir=\"auto\" style=\"vertical-align: inherit\"><span dir=\"auto\" style=\"vertical-align: inherit\">La testimonianza dei martiri e dei santi, ha concluso, \u201cci incoraggia e ci spinge verso un cammino di speranza, riconciliazione e pace\u201d. Al termine della celebrazione, il Papa ha ringraziato i vescovi, i sacerdoti, i consacrati, i laici e le autorit\u00e0 civili per il loro impegno organizzativo e ha chiesto all&#8217;Angola di rimanere fedele alle proprie radici cristiane per continuare a contribuire alla giustizia e alla pace in Africa e nel mondo.<\/span><\/span><\/p>\n<p dir=\"auto\"><span dir=\"auto\" style=\"vertical-align: inherit\"><span dir=\"auto\" style=\"vertical-align: inherit\">Una giornata intensa che coniuga il rispetto per i pi\u00f9 vulnerabili con la coraggiosa proclamazione di un Cristo che ascolta, solleva e rinnova. Un messaggio che, nella terra di Saurimo, risuona con forza tra coloro che cercano il pane che non perisce e una speranza che non delude.<\/span><\/span><\/p>\n<div class=\"abstract text parbase vaticanrichtext\">\n<p><span class=\"color-text\"><a href=\"https:\/\/www.vatican.va\/content\/leo-xiv\/it\/travels\/2026\/documents\/africa-13-23aprile2026.html\">VIAGGIO APOSTOLICO DI SUA SANTIT\u00c0 PAPA LEONE XIV<br \/>\nIN ALGERIA, CAMERUN,\u00a0<b>ANGOLA\u00a0<\/b>E GUINEA EQUATORIALE<br \/>\n<\/a>(13-23 APRILE 2026)<\/span><\/p>\n<p><span class=\"color-text\"><b><a href=\"https:\/\/www.vatican.va\/content\/dam\/liturgy\/pdf\/2026\/20260413-23-messale-africa.pdf\">SANTA MESSA<\/a><\/b><\/span><\/p>\n<p><b><i><span class=\"title-1-color\">OMELIA DEL SANTO PADRE<\/span><\/i><\/b><\/p>\n<p><span class=\"color-text\"><i>Spianata di Saurimo (Saurimo)<br \/>\nLuned\u00ec, 20 aprile 2026<\/i><\/span><\/p>\n<p>&nbsp;<\/p>\n<p>_____________________________<\/p>\n<div class=\"clearfix\"><\/div>\n<\/div>\n<div class=\"text parbase vaticanrichtext\">\n<p><i>Cari fratelli e sorelle<\/i>,<\/p>\n<p>in ogni parte del mondo, la Chiesa vive come popolo che cammina alla sequela di Cristo, nostro fratello e Redentore: Egli, il Risorto, ci illumina la via verso il Padre e con la forza dello Spirito ci santifica, affinch\u00e9 trasformiamo il nostro stile di vita secondo il suo amore. Questa \u00e8 la Buona Notizia, il Vangelo che scorre come sangue nelle vene, sostenendoci lungo la strada. Una strada che oggi mi ha portato qui, con voi! Nella gioia e nella bellezza della nostra assemblea, riunita nel nome di Ges\u00f9, ascoltiamo con cuore aperto la sua Parola di salvezza, perch\u00e9 ci fa riflettere sul motivo e sul fine per i quali seguiamo il Signore.<\/p>\n<p>Quando il Figlio di Dio si fa uomo, infatti, compie gesti eloquenti per manifestare la volont\u00e0 del Padre: fa luce nelle tenebre donando la vista ai ciechi, d\u00e0 voce agli oppressi sciogliendo la lingua dei muti, sazia la nostra fame di giustizia moltiplicando il pane per i poveri e i deboli. Chi sente parlare di queste opere, si mette alla ricerca di Ges\u00f9. Al contempo, il Signore vede nel nostro cuore e ci chiede se lo cerchiamo per gratitudine o per interesse, per calcolo o per amore. Dice infatti alla gente che lo seguiva: \u00abVoi mi cercate non perch\u00e9 avete visto dei segni, ma perch\u00e9 avete mangiato di quei pani e vi siete saziati\u00bb (<i>Gv\u00a0<\/i>6,26). Le sue parole rivelano i progetti di chi non desidera l\u2019incontro con una persona, ma il consumo di oggetti. La folla vede Ges\u00f9 come uno strumento per altro, un erogatore di servizi. Se Egli non desse loro qualcosa da mangiare, i suoi gesti e i suoi insegnamenti non interesserebbero.<\/p>\n<p>Questo accade quando alla fede autentica si sostituisce un commercio superstizioso, nel quale Dio diventa un idolo che si cerca solo quando ci serve, finch\u00e9 ci serve. Persino i pi\u00f9 bei doni del Signore, che sempre si prende cura del suo popolo, diventano allora una pretesa, un premio o un ricatto, e vengono fraintesi proprio da chi li riceve. Il racconto evangelico ci fa dunque capire che esistono motivi sbagliati per cercare Cristo, anzitutto quando viene considerato un santone [<i>gur\u00f9<\/i>] o un portafortuna. Anche il fine che quella folla si propone \u00e8 inadeguato: non cercano infatti un maestro cui volere bene, ma un\u00a0<i>leader<\/i>\u00a0da riverire per tornaconto.<\/p>\n<p>Ben diverso \u00e8 l\u2019atteggiamento di Ges\u00f9 verso di noi: Egli, infatti, non respinge questa ricerca insincera, ma la sprona a convertirsi. Non caccia via la folla, ma invita tutti a esaminare cosa palpita nel nostro cuore. Cristo ci chiama a libert\u00e0: non vuole servi o clienti, ma cerca fratelli e sorelle cui dedicarsi con tutto s\u00e9 stesso. Per corrispondere con fede a questo amore, non basta sentir parlare di Ges\u00f9: occorre accogliere il senso delle sue parole. Non basta nemmeno vedere quello che Ges\u00f9 fa: occorre seguire e imitare la sua iniziativa. Quando nel segno del pane condiviso vediamo la volont\u00e0 del Salvatore, che d\u00e0 s\u00e9 stesso per noi, allora ci avviciniamo all\u2019incontro vero con Ges\u00f9, che diventa sequela, missione e vita.<\/p>\n<p>Il monito che il Signore rivolge alla folla si trasforma cos\u00ec in un invito: \u00abDatevi da fare non per il cibo che non dura, ma per il cibo che rimane per la vita eterna\u00bb (<i>Gv<\/i>\u00a06,27). Con queste parole, Cristo indica il suo vero dono per noi: non ci chiama al disinteresse per il pane quotidiano, che anzi moltiplica in abbondanza e insegna a chiedere nella preghiera. Ci educa al modo giusto di cercare il pane della vita, cibo che ci sostiene per sempre. Il desiderio della folla trova cos\u00ec una risposta ancor pi\u00f9 grande e sorprendente: Ges\u00f9 non ci d\u00e0 un cibo che finisce, ma un pane che non ci fa finire, perch\u00e9 \u00e8 cibo di vita eterna.<\/p>\n<p>Il suo dono fa luce sul nostro presente: oggi vediamo, infatti, che molti desideri della gente sono frustrati dai violenti, sfruttati dai prepotenti e ingannati dalla ricchezza. Quando l\u2019ingiustizia corrompe i cuori, il pane di tutti diventa possesso di pochi. Davanti a questi mali, Cristo ascolta il grido dei popoli e rinnova la nostra storia: da ogni caduta ci rialza, in ogni sofferenza ci conforta, nella missione ci incoraggia. Come il pane vivo che sempre ci d\u00e0, l\u2019Eucaristia, cos\u00ec la sua storia non conosce fine, e perci\u00f2 toglie la fine, cio\u00e8 la morte, dalla nostra storia, che il Risorto apre con la forza del suo Spirito. Cristo vive! Egli \u00e8 il nostro Redentore. Questo \u00e8 il Vangelo che condividiamo, rendendo fratelli tutti i popoli della terra. Questo \u00e8 l\u2019annuncio che trasforma il peccato in perdono. Questa \u00e8 la fede che salva la vita!<\/p>\n<p>La testimonianza pasquale, dunque, riguarda certamente Cristo, il crocifisso che \u00e8 risorto, ma proprio perci\u00f2 riguarda anche noi: in Lui prende voce l\u2019annuncio della nostra risurrezione. Noi non siamo venuti al mondo per morire. Noi non siamo nati per diventare schiavi n\u00e9 della corruzione della carne, n\u00e9 di quella dell\u2019anima: ogni forma di oppressione, violenza, sfruttamento e menzogna nega la risurrezione di Cristo, dono supremo della nostra libert\u00e0. Questa liberazione dal male e dalla morte, infatti, non accade soltanto alla fine dei giorni, ma nella storia di tutti i giorni. Cosa dobbiamo fare per accogliere tale dono? Il Vangelo stesso ce lo insegna: \u00abQuesta \u00e8 l\u2019opera di Dio: che crediate in colui che egli ha mandato\u00bb (<i>Gv\u00a0<\/i>6,29). S\u00ec, crediamo! Oggi, insieme lo diciamo con forza e con gratitudine verso di Te, Signore Ges\u00f9. Vogliamo seguirti e servirti nel nostro prossimo: la tua parola \u00e8 per noi regola di vita, criterio di verit\u00e0.<\/p>\n<p>\u00abBeato chi cammina nella legge del Signore\u00bb (cfr\u00a0<i>Sal<\/i>\u00a0119\/118,1): cos\u00ec abbiamo cantato con il Salmo. Carissimi, \u00e8 il Signore a tracciare la via per questo cammino, non le nostre urgenze, n\u00e9 le mode del momento. Perci\u00f2, alla sequela di Ges\u00f9, il cammino ecclesiale \u00e8 sempre un\u00a0\u00absinodo della risurrezione e della speranza\u00bb (Esort. ap.\u00a0<i><a href=\"https:\/\/www.vatican.va\/content\/john-paul-ii\/it\/apost_exhortations\/documents\/hf_jp-ii_exh_14091995_ecclesia-in-africa.html\">Ecclesia in Africa<\/a><\/i>,\u00a013), come affermava san Giovanni Paolo II nella sua Esortazione apostolica per l\u2019Africa: proseguiamo in questa sapiente direzione! Col Vangelo nel cuore, avrete coraggio davanti alle difficolt\u00e0 e alle delusioni: la via, che Dio ha aperto per noi, non viene mai meno. Il Signore, infatti, va sempre al nostro passo, affinch\u00e9 possiamo proseguire sulla sua strada: Cristo stesso d\u00e0 orientamento e forza al cammino, un cammino\u00a0 che vogliamo imparare a vivere sempre pi\u00f9 come dev\u2019essere, cio\u00e8 sinodale.<\/p>\n<p>In particolare, \u00abla Chiesa annuncia la Buona Novella non solamente attraverso\u00a0la proclamazione della parola\u00a0che ha ricevuto dal Signore, ma anche mediante\u00a0la testimonianza della vita,\u00a0grazie alla quale i discepoli di Cristo rendono ragione della fede, della speranza e dell\u2019amore che sono in essi\u00bb (<i><a href=\"https:\/\/www.vatican.va\/content\/john-paul-ii\/it\/apost_exhortations\/documents\/hf_jp-ii_exh_14091995_ecclesia-in-africa.html\">ibid<\/a>.<\/i>, 55). Condividendo l\u2019Eucaristia, pane di vita eterna, siamo\u00a0chiamati a servire il nostro popolo con una dedizione che solleva da ogni caduta, che ricostruisce quanto la violenza rovina e condivide con gioia i legami fraterni. Attraverso di noi, l\u2019intraprendenza della grazia divina porta buoni frutti soprattutto nelle avversit\u00e0, come mostra l\u2019esempio del protomartire Stefano (cfr\u00a0<i>At<\/i>\u00a06,8-15).<\/p>\n<p>Carissimi, la testimonianza dei martiri e dei santi ci incoraggia e ci sprona a un cammino di speranza, di riconciliazione e di pace, lungo il quale il dono di Dio diventa l\u2019impegno dell\u2019uomo nella famiglia, nella comunit\u00e0 cristiana, nella societ\u00e0 civile. Percorrendolo insieme, alla luce del Vangelo, la Chiesa in Angola cresce secondo quella fecondit\u00e0 spirituale che inizia dall\u2019Eucaristia e prosegue nella cura integrale di ciascuna persona e di tutto il popolo. In particolare, la vitalit\u00e0 delle vocazioni che sperimentate \u00e8 segno della corrispondenza al dono del Signore, sempre abbondante per chi lo accoglie con cuore puro. Grazie al Pane di vita nuova, che oggi condividiamo, possiamo proseguire nel cammino di tutta la Chiesa, che ha per meta il Regno di Dio, per luce la fede e per anima la carit\u00e0.<\/p>\n<p>___________________________<\/p>\n<p><b>Ringraziamento finale al termine della Messa<\/b><\/p>\n<p><i>Carissimi fratelli e sorelle<\/i>,<\/p>\n<p>oggi pomeriggio avremo\u00a0<a href=\"https:\/\/www.vatican.va\/content\/leo-xiv\/it\/events\/event.dir.html\/content\/vaticanevents\/it\/2026\/4\/20\/angola-incontro-vescovi.html\">l\u2019ultimo incontro con la Comunit\u00e0 cattolica in Angola<\/a>, ma in questo momento desidero rivolgere a tutti il mio saluto pieno di gratitudine.<\/p>\n<p>Grazie ai Vescovi che hanno preparato la mia visita, e con loro ai presbiteri e ai diaconi, come pure ai consacrati e ai fedeli laici.<\/p>\n<p>Viva riconoscenza esprimo alle Autorit\u00e0 civili angolane per il grande impegno organizzativo.<\/p>\n<p>Angola, rimani fedele alle tue radici cristiane! Cos\u00ec potrai continuare, sempre meglio, a dare il tuo apporto per la costruzione della giustizia e della pace in Africa e nel mondo intero. Grazie mille!<\/p>\n<\/div>\n<p>&nbsp;<\/p>\n<div class=\"abstract text parbase vaticanrichtext\">\n<p><span class=\"color-text\"><b>VISITA AD UNA CASA DI ACCOGLIENZA PER ANZIANI<\/b><\/span><\/p>\n<p><b><i><span class=\"title-1-color\">SALUTO DEL SANTO PADRE<\/span><\/i><\/b><\/p>\n<p><i><span class=\"color-text\">Casa di accoglienza per anziani (Saurimo)<br \/>\nLuned\u00ec, 20 aprile 2026<\/span><\/i><\/p>\n<p>&nbsp;<\/p>\n<p>_____________________________<\/p>\n<div class=\"clearfix\"><\/div>\n<\/div>\n<div class=\"text parbase vaticanrichtext\">\n<p><i>Signora Direttrice,<br \/>\ncarissimi fratelli e sorelle,<br \/>\npace a questa Casa e a quanti vi abitano!<\/i><\/p>\n<p>Vi ringrazio tanto per la vostra accoglienza, cos\u00ec piena di fede che mi tocca il cuore, ed \u00e8 di grande conforto per la mia missione. Grazie!<\/p>\n<p>Mi ha colpito sentire che voi chiamate questo luogo \u201c<i>lar<\/i>\u201d, che parla di famiglia. Ringrazio Dio per questo, e spero che tutti voi possiate davvero vivere qui in un ambiente familiare, per quanto possibile.<\/p>\n<p>Ges\u00f9 amava stare a casa dei suoi amici. Il Vangelo ci dice che andava nella casa di Pietro, a Cafarnao, dove un giorno guar\u00ec la sua suocera. Ci ricorda la sua amicizia con Maria, Marta e Lazzaro: nella loro casa, a Betania, era accolto come Maestro e Signore e nello stesso tempo con familiarit\u00e0.<\/p>\n<p>Allora, carissimi, mi piace pensare che Ges\u00f9 abita anche qui, in questa casa. S\u00ec, Lui dimora in mezzo a voi ogni volta che cercate di volervi bene e di aiutarvi a vicenda come fratelli e sorelle. Ogni volta che, dopo un\u2019incomprensione o una piccola offesa, sapete perdonarvi e riconciliarvi. Ogni volta che, alcuni di voi o tutti insieme, pregate con semplicit\u00e0 e umilt\u00e0.<\/p>\n<p>Esprimo il mio apprezzamento alle Autorit\u00e0 angolane per le iniziative in favore degli anziani pi\u00f9 bisognosi, come pure a tutti i collaboratori e ai volontari. La cura delle persone fragili \u00e8 un segno molto importante della qualit\u00e0 della vita sociale di un Paese. E non dimentichiamo: le persone anziane non vanno solo assistite, vanno prima di tutto ascoltate, perch\u00e9 custodiscono la saggezza di un popolo. E dobbiamo loro riconoscenza, perch\u00e9 hanno affrontato grandi difficolt\u00e0 per il bene della comunit\u00e0.<\/p>\n<p>Care sorelle e cari fratelli, porter\u00f2 nel cuore il ricordo di questo incontro con voi. La Vergine Maria, che riempiva di fede e d\u2019amore la Casa di Nazaret, vegli sempre su questa comunit\u00e0. E vi accompagni anche la mia benedizione. Grazie!<\/p>\n<\/div>\n","protected":false},"excerpt":{"rendered":"<p>Nel terzo giorno del suo viaggio apostolico in Angola, il Papa ha celebrato una Messa per una grande folla e ha visitato una casa di riposo, dove ha sottolineato il valore della saggezza degli anziani e il potere del perdono<\/p>\n","protected":false},"author":17,"featured_media":167190,"comment_status":"closed","ping_status":"closed","sticky":false,"template":"","format":"standard","meta":{"_acf_changed":false,"_crdt_document":"","inline_featured_image":false,"footnotes":""},"categories":[],"tags":[107390,109384,109394,109383,109386,7626,64851,109387,109391,109388,109390,109389,109392,109393,109395,109385,109396,109397],"class_list":["post-167203","post","type-post","status-publish","format-standard","has-post-thumbnail","hentry","tag-africa-2026-2","tag-assistenza-agli-anziani-in-angola","tag-casa-di-riposo-a-saurimo","tag-cristo-rinnova-la-storia","tag-eucaristia-a-saurimo","tag-featured-it","tag-featured-it-2","tag-giustizia-sociale-in-angola","tag-il-papa-ascolta-il-grido-del-popolo","tag-leone-xiv-africa-2026","tag-messa-a-saurimo-2026","tag-omelia-di-leone-xiv-a-saurimo","tag-papa-leone-xiv-saurimo-angola","tag-perdono-degli-anziani-da-parte-del-papa","tag-saggezza-degli-anziani-in-angola","tag-speranza-di-risurrezione-in-africa","tag-viaggio-apostolico-del-papa-in-angola-2026","tag-visita-del-papa-agli-anziani-a-saurimo"],"acf":[],"yoast_head":"<!-- This site is optimized with the Yoast SEO plugin v27.4 - https:\/\/yoast.com\/product\/yoast-seo-wordpress\/ -->\n<title>Papa Leone XIV a Saurimo: \u201cCristo ascolta il grido del popolo e rinnova la storia\u201d &#8211; Exaudi<\/title>\n<meta name=\"robots\" content=\"index, follow, max-snippet:-1, max-image-preview:large, max-video-preview:-1\" \/>\n<link rel=\"canonical\" href=\"https:\/\/exaudi.org\/it\/papa-leone-xiv-a-saurimo-cristo-ascolta-il-grido-del-popolo-e-rinnova-la-storia\/\" \/>\n<meta property=\"og:locale\" content=\"it_IT\" \/>\n<meta property=\"og:type\" content=\"article\" \/>\n<meta property=\"og:title\" content=\"Papa Leone XIV a Saurimo: \u201cCristo ascolta il grido del popolo e rinnova la storia\u201d &#8211; Exaudi\" \/>\n<meta property=\"og:description\" content=\"Nel terzo giorno del suo viaggio apostolico in Angola, il Papa ha celebrato una Messa per una grande folla e ha visitato una casa di riposo, dove ha sottolineato il valore della saggezza degli anziani e il potere del perdono\" \/>\n<meta property=\"og:url\" content=\"https:\/\/exaudi.org\/it\/papa-leone-xiv-a-saurimo-cristo-ascolta-il-grido-del-popolo-e-rinnova-la-storia\/\" \/>\n<meta property=\"og:site_name\" content=\"Exaudi\" \/>\n<meta property=\"article:publisher\" content=\"https:\/\/www.facebook.com\/ExaudiNews\" \/>\n<meta property=\"article:author\" content=\"https:\/\/www.facebook.com\/ExaudiNotizie\/\" \/>\n<meta property=\"article:published_time\" content=\"2026-04-20T16:44:21+00:00\" \/>\n<meta property=\"og:image\" content=\"https:\/\/exaudi.org\/wp-content\/uploads\/2026\/04\/cq5dam.thumbnail.cropped.750.422-8-3.jpeg\" \/>\n\t<meta property=\"og:image:width\" content=\"750\" \/>\n\t<meta property=\"og:image:height\" content=\"422\" \/>\n\t<meta property=\"og:image:type\" content=\"image\/jpeg\" \/>\n<meta name=\"author\" content=\"Exaudi Redazione\" \/>\n<meta name=\"twitter:card\" content=\"summary_large_image\" \/>\n<meta name=\"twitter:creator\" content=\"@Exaudi_Notizie\" \/>\n<meta name=\"twitter:site\" content=\"@Exaudi_News\" \/>\n<meta name=\"twitter:label1\" content=\"Scritto da\" \/>\n\t<meta name=\"twitter:data1\" content=\"Exaudi Redazione\" \/>\n\t<meta name=\"twitter:label2\" content=\"Tempo di lettura stimato\" \/>\n\t<meta name=\"twitter:data2\" content=\"13 minuti\" \/>\n<script type=\"application\/ld+json\" class=\"yoast-schema-graph\">{\"@context\":\"https:\\\/\\\/schema.org\",\"@graph\":[{\"@type\":\"Article\",\"@id\":\"https:\\\/\\\/exaudi.org\\\/it\\\/papa-leone-xiv-a-saurimo-cristo-ascolta-il-grido-del-popolo-e-rinnova-la-storia\\\/#article\",\"isPartOf\":{\"@id\":\"https:\\\/\\\/exaudi.org\\\/it\\\/papa-leone-xiv-a-saurimo-cristo-ascolta-il-grido-del-popolo-e-rinnova-la-storia\\\/\"},\"author\":{\"name\":\"Exaudi Redazione\",\"@id\":\"https:\\\/\\\/exaudi.org\\\/#\\\/schema\\\/person\\\/e1ab6ed07c01774724dd96f925f3a5f0\"},\"headline\":\"Papa Leone XIV a Saurimo: \u201cCristo ascolta il grido del popolo e rinnova la storia\u201d\",\"datePublished\":\"2026-04-20T16:44:21+00:00\",\"mainEntityOfPage\":{\"@id\":\"https:\\\/\\\/exaudi.org\\\/it\\\/papa-leone-xiv-a-saurimo-cristo-ascolta-il-grido-del-popolo-e-rinnova-la-storia\\\/\"},\"wordCount\":2569,\"image\":{\"@id\":\"https:\\\/\\\/exaudi.org\\\/it\\\/papa-leone-xiv-a-saurimo-cristo-ascolta-il-grido-del-popolo-e-rinnova-la-storia\\\/#primaryimage\"},\"thumbnailUrl\":\"https:\\\/\\\/exaudi.org\\\/wp-content\\\/uploads\\\/2026\\\/04\\\/cq5dam.thumbnail.cropped.750.422-8-3.jpeg\",\"keywords\":[\"Africa 2026\",\"assistenza agli anziani in Angola\",\"casa di riposo a Saurimo\",\"Cristo rinnova la storia\",\"Eucaristia a Saurimo\",\"Featured\",\"Featured\",\"giustizia sociale in Angola\",\"Il Papa ascolta il grido del popolo\",\"Leone XIV Africa 2026\",\"Messa a Saurimo 2026\",\"Omelia di Leone XIV a Saurimo\",\"Papa Leone XIV Saurimo Angola\",\"Perdono degli anziani da parte del Papa\",\"saggezza degli anziani in Angola\",\"speranza di risurrezione in Africa\",\"viaggio apostolico del Papa in Angola 2026\",\"visita del Papa agli anziani a Saurimo\"],\"inLanguage\":\"it-IT\"},{\"@type\":\"WebPage\",\"@id\":\"https:\\\/\\\/exaudi.org\\\/it\\\/papa-leone-xiv-a-saurimo-cristo-ascolta-il-grido-del-popolo-e-rinnova-la-storia\\\/\",\"url\":\"https:\\\/\\\/exaudi.org\\\/it\\\/papa-leone-xiv-a-saurimo-cristo-ascolta-il-grido-del-popolo-e-rinnova-la-storia\\\/\",\"name\":\"Papa Leone XIV a Saurimo: \u201cCristo ascolta il grido del popolo e rinnova la storia\u201d &#8211; Exaudi\",\"isPartOf\":{\"@id\":\"https:\\\/\\\/exaudi.org\\\/#website\"},\"primaryImageOfPage\":{\"@id\":\"https:\\\/\\\/exaudi.org\\\/it\\\/papa-leone-xiv-a-saurimo-cristo-ascolta-il-grido-del-popolo-e-rinnova-la-storia\\\/#primaryimage\"},\"image\":{\"@id\":\"https:\\\/\\\/exaudi.org\\\/it\\\/papa-leone-xiv-a-saurimo-cristo-ascolta-il-grido-del-popolo-e-rinnova-la-storia\\\/#primaryimage\"},\"thumbnailUrl\":\"https:\\\/\\\/exaudi.org\\\/wp-content\\\/uploads\\\/2026\\\/04\\\/cq5dam.thumbnail.cropped.750.422-8-3.jpeg\",\"datePublished\":\"2026-04-20T16:44:21+00:00\",\"author\":{\"@id\":\"https:\\\/\\\/exaudi.org\\\/#\\\/schema\\\/person\\\/e1ab6ed07c01774724dd96f925f3a5f0\"},\"breadcrumb\":{\"@id\":\"https:\\\/\\\/exaudi.org\\\/it\\\/papa-leone-xiv-a-saurimo-cristo-ascolta-il-grido-del-popolo-e-rinnova-la-storia\\\/#breadcrumb\"},\"inLanguage\":\"it-IT\",\"potentialAction\":[{\"@type\":\"ReadAction\",\"target\":[\"https:\\\/\\\/exaudi.org\\\/it\\\/papa-leone-xiv-a-saurimo-cristo-ascolta-il-grido-del-popolo-e-rinnova-la-storia\\\/\"]}]},{\"@type\":\"ImageObject\",\"inLanguage\":\"it-IT\",\"@id\":\"https:\\\/\\\/exaudi.org\\\/it\\\/papa-leone-xiv-a-saurimo-cristo-ascolta-il-grido-del-popolo-e-rinnova-la-storia\\\/#primaryimage\",\"url\":\"https:\\\/\\\/exaudi.org\\\/wp-content\\\/uploads\\\/2026\\\/04\\\/cq5dam.thumbnail.cropped.750.422-8-3.jpeg\",\"contentUrl\":\"https:\\\/\\\/exaudi.org\\\/wp-content\\\/uploads\\\/2026\\\/04\\\/cq5dam.thumbnail.cropped.750.422-8-3.jpeg\",\"width\":750,\"height\":422},{\"@type\":\"BreadcrumbList\",\"@id\":\"https:\\\/\\\/exaudi.org\\\/it\\\/papa-leone-xiv-a-saurimo-cristo-ascolta-il-grido-del-popolo-e-rinnova-la-storia\\\/#breadcrumb\",\"itemListElement\":[{\"@type\":\"ListItem\",\"position\":1,\"name\":\"Portada\",\"item\":\"https:\\\/\\\/exaudi.org\\\/it\\\/\"},{\"@type\":\"ListItem\",\"position\":2,\"name\":\"Papa Leone XIV a Saurimo: \u201cCristo ascolta il grido del popolo e rinnova la storia\u201d\"}]},{\"@type\":\"WebSite\",\"@id\":\"https:\\\/\\\/exaudi.org\\\/#website\",\"url\":\"https:\\\/\\\/exaudi.org\\\/\",\"name\":\"Exaudi\",\"description\":\"News\",\"potentialAction\":[{\"@type\":\"SearchAction\",\"target\":{\"@type\":\"EntryPoint\",\"urlTemplate\":\"https:\\\/\\\/exaudi.org\\\/?s={search_term_string}\"},\"query-input\":{\"@type\":\"PropertyValueSpecification\",\"valueRequired\":true,\"valueName\":\"search_term_string\"}}],\"inLanguage\":\"it-IT\"},{\"@type\":\"Person\",\"@id\":\"https:\\\/\\\/exaudi.org\\\/#\\\/schema\\\/person\\\/e1ab6ed07c01774724dd96f925f3a5f0\",\"name\":\"Exaudi Redazione\",\"image\":{\"@type\":\"ImageObject\",\"inLanguage\":\"it-IT\",\"@id\":\"https:\\\/\\\/secure.gravatar.com\\\/avatar\\\/ad6774b3ada023bf5b939d64f45c94b3adf91502dd883507d469b4308a943bb3?s=96&d=mm&r=g\",\"url\":\"https:\\\/\\\/secure.gravatar.com\\\/avatar\\\/ad6774b3ada023bf5b939d64f45c94b3adf91502dd883507d469b4308a943bb3?s=96&d=mm&r=g\",\"contentUrl\":\"https:\\\/\\\/secure.gravatar.com\\\/avatar\\\/ad6774b3ada023bf5b939d64f45c94b3adf91502dd883507d469b4308a943bb3?s=96&d=mm&r=g\",\"caption\":\"Exaudi Redazione\"},\"description\":\"Che cosa \u00e8 Exaudi News? Exaudi News \u00e8 un agenzia cattolica internazionale che informa, istruisce e trasforma quotidianamente in spagnolo, inglese e italiano. Attraverso notizie, articoli di analisi e trasmissioni in diretta degli eventi del Papa, Exaudi cerca di rafforzare l'unit\u00e0 dei cristiani e di contribuire all'evangelizzazione del mondo, sempre guidato dalla dottrina sociale della Chiesa. Lavoriamo per portare la verit\u00e0 e i valori cristiani in ogni angolo del pianeta. Aiutaci a trasformare il mondo con Exaudi! Noi di Exaudi crediamo che l'evangelizzazione e l'informazione di qualit\u00e0 possano cambiare la vita. Per continuare la nostra missione ed espandere la nostra portata, abbiamo bisogno del tuo aiuto. Stiamo anche cercando persone motivate che vogliano unirsi al nostro team. Grazie al vostro sostegno raggiungeremo pi\u00f9 persone, diffonderemo il messaggio di Cristo e rafforzeremo l'unit\u00e0 dei cristiani. Vuoi unirti alla nostra missione? Per maggiori informazioni su come contribuire, visita Exaudi.org\\\/it o contattaci direttamente: info@exaudi.org Exaudi: informa, forma e trasforma.\",\"sameAs\":[\"https:\\\/\\\/www.facebook.com\\\/ExaudiNotizie\\\/\",\"https:\\\/\\\/www.instagram.com\\\/Exaudi_notizie\\\/\",\"https:\\\/\\\/x.com\\\/Exaudi_Notizie\",\"https:\\\/\\\/www.youtube.com\\\/@exaudicatholicnews\"],\"url\":\"https:\\\/\\\/exaudi.org\\\/it\\\/author\\\/dlvedi-org\\\/\"}]}<\/script>\n<!-- \/ Yoast SEO plugin. -->","yoast_head_json":{"title":"Papa Leone XIV a Saurimo: \u201cCristo ascolta il grido del popolo e rinnova la storia\u201d &#8211; Exaudi","robots":{"index":"index","follow":"follow","max-snippet":"max-snippet:-1","max-image-preview":"max-image-preview:large","max-video-preview":"max-video-preview:-1"},"canonical":"https:\/\/exaudi.org\/it\/papa-leone-xiv-a-saurimo-cristo-ascolta-il-grido-del-popolo-e-rinnova-la-storia\/","og_locale":"it_IT","og_type":"article","og_title":"Papa Leone XIV a Saurimo: \u201cCristo ascolta il grido del popolo e rinnova la storia\u201d &#8211; Exaudi","og_description":"Nel terzo giorno del suo viaggio apostolico in Angola, il Papa ha celebrato una Messa per una grande folla e ha visitato una casa di riposo, dove ha sottolineato il valore della saggezza degli anziani e il potere del perdono","og_url":"https:\/\/exaudi.org\/it\/papa-leone-xiv-a-saurimo-cristo-ascolta-il-grido-del-popolo-e-rinnova-la-storia\/","og_site_name":"Exaudi","article_publisher":"https:\/\/www.facebook.com\/ExaudiNews","article_author":"https:\/\/www.facebook.com\/ExaudiNotizie\/","article_published_time":"2026-04-20T16:44:21+00:00","og_image":[{"width":750,"height":422,"url":"https:\/\/exaudi.org\/wp-content\/uploads\/2026\/04\/cq5dam.thumbnail.cropped.750.422-8-3.jpeg","type":"image\/jpeg"}],"author":"Exaudi Redazione","twitter_card":"summary_large_image","twitter_creator":"@Exaudi_Notizie","twitter_site":"@Exaudi_News","twitter_misc":{"Scritto da":"Exaudi Redazione","Tempo di lettura stimato":"13 minuti"},"schema":{"@context":"https:\/\/schema.org","@graph":[{"@type":"Article","@id":"https:\/\/exaudi.org\/it\/papa-leone-xiv-a-saurimo-cristo-ascolta-il-grido-del-popolo-e-rinnova-la-storia\/#article","isPartOf":{"@id":"https:\/\/exaudi.org\/it\/papa-leone-xiv-a-saurimo-cristo-ascolta-il-grido-del-popolo-e-rinnova-la-storia\/"},"author":{"name":"Exaudi Redazione","@id":"https:\/\/exaudi.org\/#\/schema\/person\/e1ab6ed07c01774724dd96f925f3a5f0"},"headline":"Papa Leone XIV a Saurimo: \u201cCristo ascolta il grido del popolo e rinnova la storia\u201d","datePublished":"2026-04-20T16:44:21+00:00","mainEntityOfPage":{"@id":"https:\/\/exaudi.org\/it\/papa-leone-xiv-a-saurimo-cristo-ascolta-il-grido-del-popolo-e-rinnova-la-storia\/"},"wordCount":2569,"image":{"@id":"https:\/\/exaudi.org\/it\/papa-leone-xiv-a-saurimo-cristo-ascolta-il-grido-del-popolo-e-rinnova-la-storia\/#primaryimage"},"thumbnailUrl":"https:\/\/exaudi.org\/wp-content\/uploads\/2026\/04\/cq5dam.thumbnail.cropped.750.422-8-3.jpeg","keywords":["Africa 2026","assistenza agli anziani in Angola","casa di riposo a Saurimo","Cristo rinnova la storia","Eucaristia a Saurimo","Featured","Featured","giustizia sociale in Angola","Il Papa ascolta il grido del popolo","Leone XIV Africa 2026","Messa a Saurimo 2026","Omelia di Leone XIV a Saurimo","Papa Leone XIV Saurimo Angola","Perdono degli anziani da parte del Papa","saggezza degli anziani in Angola","speranza di risurrezione in Africa","viaggio apostolico del Papa in Angola 2026","visita del Papa agli anziani a Saurimo"],"inLanguage":"it-IT"},{"@type":"WebPage","@id":"https:\/\/exaudi.org\/it\/papa-leone-xiv-a-saurimo-cristo-ascolta-il-grido-del-popolo-e-rinnova-la-storia\/","url":"https:\/\/exaudi.org\/it\/papa-leone-xiv-a-saurimo-cristo-ascolta-il-grido-del-popolo-e-rinnova-la-storia\/","name":"Papa Leone XIV a Saurimo: \u201cCristo ascolta il grido del popolo e rinnova la storia\u201d &#8211; Exaudi","isPartOf":{"@id":"https:\/\/exaudi.org\/#website"},"primaryImageOfPage":{"@id":"https:\/\/exaudi.org\/it\/papa-leone-xiv-a-saurimo-cristo-ascolta-il-grido-del-popolo-e-rinnova-la-storia\/#primaryimage"},"image":{"@id":"https:\/\/exaudi.org\/it\/papa-leone-xiv-a-saurimo-cristo-ascolta-il-grido-del-popolo-e-rinnova-la-storia\/#primaryimage"},"thumbnailUrl":"https:\/\/exaudi.org\/wp-content\/uploads\/2026\/04\/cq5dam.thumbnail.cropped.750.422-8-3.jpeg","datePublished":"2026-04-20T16:44:21+00:00","author":{"@id":"https:\/\/exaudi.org\/#\/schema\/person\/e1ab6ed07c01774724dd96f925f3a5f0"},"breadcrumb":{"@id":"https:\/\/exaudi.org\/it\/papa-leone-xiv-a-saurimo-cristo-ascolta-il-grido-del-popolo-e-rinnova-la-storia\/#breadcrumb"},"inLanguage":"it-IT","potentialAction":[{"@type":"ReadAction","target":["https:\/\/exaudi.org\/it\/papa-leone-xiv-a-saurimo-cristo-ascolta-il-grido-del-popolo-e-rinnova-la-storia\/"]}]},{"@type":"ImageObject","inLanguage":"it-IT","@id":"https:\/\/exaudi.org\/it\/papa-leone-xiv-a-saurimo-cristo-ascolta-il-grido-del-popolo-e-rinnova-la-storia\/#primaryimage","url":"https:\/\/exaudi.org\/wp-content\/uploads\/2026\/04\/cq5dam.thumbnail.cropped.750.422-8-3.jpeg","contentUrl":"https:\/\/exaudi.org\/wp-content\/uploads\/2026\/04\/cq5dam.thumbnail.cropped.750.422-8-3.jpeg","width":750,"height":422},{"@type":"BreadcrumbList","@id":"https:\/\/exaudi.org\/it\/papa-leone-xiv-a-saurimo-cristo-ascolta-il-grido-del-popolo-e-rinnova-la-storia\/#breadcrumb","itemListElement":[{"@type":"ListItem","position":1,"name":"Portada","item":"https:\/\/exaudi.org\/it\/"},{"@type":"ListItem","position":2,"name":"Papa Leone XIV a Saurimo: \u201cCristo ascolta il grido del popolo e rinnova la storia\u201d"}]},{"@type":"WebSite","@id":"https:\/\/exaudi.org\/#website","url":"https:\/\/exaudi.org\/","name":"Exaudi","description":"News","potentialAction":[{"@type":"SearchAction","target":{"@type":"EntryPoint","urlTemplate":"https:\/\/exaudi.org\/?s={search_term_string}"},"query-input":{"@type":"PropertyValueSpecification","valueRequired":true,"valueName":"search_term_string"}}],"inLanguage":"it-IT"},{"@type":"Person","@id":"https:\/\/exaudi.org\/#\/schema\/person\/e1ab6ed07c01774724dd96f925f3a5f0","name":"Exaudi Redazione","image":{"@type":"ImageObject","inLanguage":"it-IT","@id":"https:\/\/secure.gravatar.com\/avatar\/ad6774b3ada023bf5b939d64f45c94b3adf91502dd883507d469b4308a943bb3?s=96&d=mm&r=g","url":"https:\/\/secure.gravatar.com\/avatar\/ad6774b3ada023bf5b939d64f45c94b3adf91502dd883507d469b4308a943bb3?s=96&d=mm&r=g","contentUrl":"https:\/\/secure.gravatar.com\/avatar\/ad6774b3ada023bf5b939d64f45c94b3adf91502dd883507d469b4308a943bb3?s=96&d=mm&r=g","caption":"Exaudi Redazione"},"description":"Che cosa \u00e8 Exaudi News? Exaudi News \u00e8 un agenzia cattolica internazionale che informa, istruisce e trasforma quotidianamente in spagnolo, inglese e italiano. Attraverso notizie, articoli di analisi e trasmissioni in diretta degli eventi del Papa, Exaudi cerca di rafforzare l'unit\u00e0 dei cristiani e di contribuire all'evangelizzazione del mondo, sempre guidato dalla dottrina sociale della Chiesa. Lavoriamo per portare la verit\u00e0 e i valori cristiani in ogni angolo del pianeta. Aiutaci a trasformare il mondo con Exaudi! Noi di Exaudi crediamo che l'evangelizzazione e l'informazione di qualit\u00e0 possano cambiare la vita. Per continuare la nostra missione ed espandere la nostra portata, abbiamo bisogno del tuo aiuto. Stiamo anche cercando persone motivate che vogliano unirsi al nostro team. Grazie al vostro sostegno raggiungeremo pi\u00f9 persone, diffonderemo il messaggio di Cristo e rafforzeremo l'unit\u00e0 dei cristiani. Vuoi unirti alla nostra missione? Per maggiori informazioni su come contribuire, visita Exaudi.org\/it o contattaci direttamente: info@exaudi.org Exaudi: informa, forma e trasforma.","sameAs":["https:\/\/www.facebook.com\/ExaudiNotizie\/","https:\/\/www.instagram.com\/Exaudi_notizie\/","https:\/\/x.com\/Exaudi_Notizie","https:\/\/www.youtube.com\/@exaudicatholicnews"],"url":"https:\/\/exaudi.org\/it\/author\/dlvedi-org\/"}]}},"jetpack_featured_media_url":"https:\/\/exaudi.org\/wp-content\/uploads\/2026\/04\/cq5dam.thumbnail.cropped.750.422-8-3.jpeg","jetpack_shortlink":"https:\/\/wp.me\/pgKjF2-HuP","_links":{"self":[{"href":"https:\/\/exaudi.org\/it\/wp-json\/wp\/v2\/posts\/167203","targetHints":{"allow":["GET"]}}],"collection":[{"href":"https:\/\/exaudi.org\/it\/wp-json\/wp\/v2\/posts"}],"about":[{"href":"https:\/\/exaudi.org\/it\/wp-json\/wp\/v2\/types\/post"}],"author":[{"embeddable":true,"href":"https:\/\/exaudi.org\/it\/wp-json\/wp\/v2\/users\/17"}],"replies":[{"embeddable":true,"href":"https:\/\/exaudi.org\/it\/wp-json\/wp\/v2\/comments?post=167203"}],"version-history":[{"count":5,"href":"https:\/\/exaudi.org\/it\/wp-json\/wp\/v2\/posts\/167203\/revisions"}],"predecessor-version":[{"id":167208,"href":"https:\/\/exaudi.org\/it\/wp-json\/wp\/v2\/posts\/167203\/revisions\/167208"}],"wp:featuredmedia":[{"embeddable":true,"href":"https:\/\/exaudi.org\/it\/wp-json\/wp\/v2\/media\/167190"}],"wp:attachment":[{"href":"https:\/\/exaudi.org\/it\/wp-json\/wp\/v2\/media?parent=167203"}],"wp:term":[{"taxonomy":"category","embeddable":true,"href":"https:\/\/exaudi.org\/it\/wp-json\/wp\/v2\/categories?post=167203"},{"taxonomy":"post_tag","embeddable":true,"href":"https:\/\/exaudi.org\/it\/wp-json\/wp\/v2\/tags?post=167203"}],"curies":[{"name":"wp","href":"https:\/\/api.w.org\/{rel}","templated":true}]}}