{"id":166991,"date":"2026-04-19T19:12:29","date_gmt":"2026-04-19T17:12:29","guid":{"rendered":"https:\/\/exaudi.org\/?p=166991"},"modified":"2026-04-19T19:12:29","modified_gmt":"2026-04-19T17:12:29","slug":"il-prete-dj-e-la-fede-in-tensione-tra-mistero-e-algoritmo","status":"publish","type":"post","link":"https:\/\/exaudi.org\/it\/il-prete-dj-e-la-fede-in-tensione-tra-mistero-e-algoritmo\/","title":{"rendered":"Il \u201cprete DJ\u201d e \u200b\u200bla fede in tensione: tra mistero e algoritmo"},"content":{"rendered":"<p><span dir=\"auto\" style=\"vertical-align: inherit\"><span dir=\"auto\" style=\"vertical-align: inherit\">Oggigiorno, il fenomeno del cosiddetto &#8220;DJ-prete&#8221;, padre Guilherme Peixoto, ha riacceso un dibattito che, in realt\u00e0, non \u00e8 nuovo. I formati cambiano, le piattaforme cambiano, le lingue cambiano. Ma la questione fondamentale rimane intatta, quasi inquietante, trascendendo le generazioni: cosa facciamo della fede quando entra in contatto con il mondo reale?<\/span><\/span><\/p>\n<p><span dir=\"auto\" style=\"vertical-align: inherit\"><span dir=\"auto\" style=\"vertical-align: inherit\">Perch\u00e9 la fede, se \u00e8 autentica, non prospera negli estremi. \u00c8 tensione. \u00c8 ricerca. \u00c8 un equilibrio perennemente instabile tra ci\u00f2 che si vuole proteggere e ci\u00f2 che si ha bisogno di comunicare.<\/span><\/span><\/p>\n<p><span dir=\"auto\" style=\"vertical-align: inherit\"><span dir=\"auto\" style=\"vertical-align: inherit\">Da un lato, c&#8217;\u00e8 il desiderio legittimo e necessario di proteggere il sacro. Di evitare di banalizzarlo. Di evitare di ridurre il mistero a mero spettacolo. La Chiesa, con la sua storia millenaria, sa che ci sono dimensioni dell&#8217;esperienza di Dio che richiedono silenzio, profondit\u00e0 e un ritmo lento e ponderato. C&#8217;\u00e8 qualcosa nel sacro che non pu\u00f2 essere pienamente catturato in un breve video o nel ritmo incalzante di un brano elettronico. E questa intuizione non \u00e8 nostalgia: \u00e8 saggezza.<\/span><\/span><\/p>\n<p><span dir=\"auto\" style=\"vertical-align: inherit\"><span dir=\"auto\" style=\"vertical-align: inherit\">Ma c&#8217;\u00e8 anche una scomoda verit\u00e0 dall&#8217;altro lato. Il Vangelo non \u00e8 mai stato un messaggio per pochi. Ges\u00f9 Cristo non predicava in circoli chiusi n\u00e9 parlava con codici incomprensibili. Si immergeva nella vita concreta: su strade polverose, in mezzo al rumore, tra la gente comune. Parlava con parabole semplici, in scene di vita quotidiana. Se fosse vivo oggi, la domanda \u00e8 significativa: resterebbe solo sul pulpito&#8230; o cercherebbe nuovi modi di comunicare?<\/span><\/span><\/p>\n<p><span dir=\"auto\" style=\"vertical-align: inherit\"><span dir=\"auto\" style=\"vertical-align: inherit\">\u00c8 qui che la discussione si fa pi\u00f9 profonda e onesta. Perch\u00e9 spesso ci\u00f2 che \u00e8 scomodo non \u00e8 il contenuto, ma la forma. E la forma, in quest&#8217;epoca, \u00e8 diventata un vero e proprio campo di battaglia.<\/span><\/span><\/p>\n<p><span dir=\"auto\" style=\"vertical-align: inherit\"><span dir=\"auto\" style=\"vertical-align: inherit\">Alcuni ritengono che se la fede diventa &#8220;alla moda&#8221;, perda la sua profondit\u00e0. Altri percepiscono che se non diventa &#8220;comprensibile&#8221;, semplicemente cessa di esistere per un&#8217;intera generazione. Nel mezzo, emergono espressioni come &#8220;prete DJ&#8221;, che turbano, creano scalpore e abbattono le barriere.<\/span><\/span><\/p>\n<p><span dir=\"auto\" style=\"vertical-align: inherit\"><span dir=\"auto\" style=\"vertical-align: inherit\">Ma forse il problema non risiede n\u00e9 nel prete che mixa la musica n\u00e9 in coloro che lo criticano. Forse il problema risiede in questo bisogno quasi ansioso di emettere un verdetto immediato, di decidere in fretta cosa \u00e8 giusto e cosa \u00e8 sbagliato, come se la fede potesse essere risolta in una sola frase, come se Dio avesse bisogno dei nostri fallimenti per affermarsi nel mondo.<\/span><\/span><\/p>\n<p><span dir=\"auto\" style=\"vertical-align: inherit\"><span dir=\"auto\" style=\"vertical-align: inherit\">Perch\u00e9 s\u00ec: c&#8217;\u00e8 qualcosa che pu\u00f2 sembrare contraddittorio, persino inquietante, nel vedere un prete dietro una console per videogiochi. Cos\u00ec come \u00e8 incoerente criticare piattaforme che operano secondo la stessa logica di visibilit\u00e0, impatto e spettacolarit\u00e0, seppur con un tono diverso.<\/span><\/span><\/p>\n<p><span dir=\"auto\" style=\"vertical-align: inherit\"><span dir=\"auto\" style=\"vertical-align: inherit\">La domanda, quindi, cambia prospettiva. Non \u00e8 pi\u00f9 &#8220;\u00e8 giusto o sbagliato?&#8221;, ma diventa pi\u00f9 esigente: cosa accade nel cuore di chi compie quell&#8217;azione&#8230; e cosa accade nel cuore di chi la giudica?<\/span><\/span><\/p>\n<p><span dir=\"auto\" style=\"vertical-align: inherit\"><span dir=\"auto\" style=\"vertical-align: inherit\">L\u00ec, la fede cessa di essere teoria e diventa esperienza.<\/span><\/span><\/p>\n<p><span dir=\"auto\" style=\"vertical-align: inherit\"><span dir=\"auto\" style=\"vertical-align: inherit\">Perch\u00e9 la fede non si misura solo in base ai formati. Si misura in base alla verit\u00e0 che si cela dietro di essi. E quella verit\u00e0 non \u00e8 sempre visibile. Non pu\u00f2 essere ridotta a un algoritmo, a un&#8217;estetica o a una scena. \u00c8 pi\u00f9 silenziosa. Pi\u00f9 profonda. Pi\u00f9 sfuggente.<\/span><\/span><\/p>\n<p><span dir=\"auto\" style=\"vertical-align: inherit\"><span dir=\"auto\" style=\"vertical-align: inherit\">Forse il pericolo maggiore per i cristiani non \u00e8 commettere errori, ma adagiarsi nella comoda convinzione di avere ragione. E c&#8217;\u00e8 qualcosa di questo in questa discussione: una lotta silenziosa per definire chi rappresenta meglio Dio, chi comunica meglio, chi ha l&#8217;approccio giusto.<\/span><\/span><\/p>\n<p><span dir=\"auto\" style=\"vertical-align: inherit\"><span dir=\"auto\" style=\"vertical-align: inherit\">Ma Dio, se si osa pensare a lui senza addomesticarlo, di solito non si muove all&#8217;interno di queste categorie.<\/span><\/span><\/p>\n<p><span dir=\"auto\" style=\"vertical-align: inherit\"><span dir=\"auto\" style=\"vertical-align: inherit\">Dio si insinua nella vita in qualsiasi modo, ovunque e attraverso chiunque Egli possa. A volte nel silenzio di una cappella. A volte in un canto. A volte in un gesto goffo ma sincero.<\/span><\/span><\/p>\n<p><span dir=\"auto\" style=\"vertical-align: inherit\"><span dir=\"auto\" style=\"vertical-align: inherit\">Quindi, \u00e8 giusto o sbagliato?<\/span><\/span><\/p>\n<p><span dir=\"auto\" style=\"vertical-align: inherit\"><span dir=\"auto\" style=\"vertical-align: inherit\">Dipende.<\/span><\/span><\/p>\n<p><span dir=\"auto\" style=\"vertical-align: inherit\"><span dir=\"auto\" style=\"vertical-align: inherit\">Dipende se avvicina le persone o le allontana. <\/span><\/span><br \/>\n<span dir=\"auto\" style=\"vertical-align: inherit\"><span dir=\"auto\" style=\"vertical-align: inherit\">Dipende se le edifica o le distrae. <\/span><\/span><br \/>\n<span dir=\"auto\" style=\"vertical-align: inherit\"><span dir=\"auto\" style=\"vertical-align: inherit\">Dipende se \u00e8 una ricerca di Dio&#8230; o una ricerca dei riflettori.<\/span><\/span><\/p>\n<p><span dir=\"auto\" style=\"vertical-align: inherit\"><span dir=\"auto\" style=\"vertical-align: inherit\">E questo non sempre si pu\u00f2 misurare dall&#8217;esterno.<\/span><\/span><\/p>\n<p><span dir=\"auto\" style=\"vertical-align: inherit\"><span dir=\"auto\" style=\"vertical-align: inherit\">Perch\u00e9 c&#8217;\u00e8 una cosa che non dovremmo dimenticare: la tentazione di &#8220;spettacolarizzare&#8221; la fede non \u00e8 prerogativa esclusiva del prete-DJ. \u00c8 una tentazione del nostro tempo. Siamo tutti \u2013 in misura maggiore o minore \u2013 inclini a trasformare la spiritualit\u00e0 in contenuto. A modificarla, ottimizzarla, metterla in mostra.<\/span><\/span><\/p>\n<p><span dir=\"auto\" style=\"vertical-align: inherit\"><span dir=\"auto\" style=\"vertical-align: inherit\">A quel punto, il &#8220;DJ prete&#8221; e il suo critico si assomigliano pi\u00f9 di quanto vorrebbero ammettere.<\/span><\/span><\/p>\n<p><span dir=\"auto\" style=\"vertical-align: inherit\"><span dir=\"auto\" style=\"vertical-align: inherit\">Ecco perch\u00e9 \u00e8 cos\u00ec inquietante. Perch\u00e9 ci costringe ad allontanarci dai giudizi facili e a guardarci dentro. A chiederci come viviamo la nostra fede in un mondo che ci spinge costantemente a renderla visibile, attraente, consumabile.<\/span><\/span><\/p>\n<p><span dir=\"auto\" style=\"vertical-align: inherit\"><span dir=\"auto\" style=\"vertical-align: inherit\">\u00c8 proprio qui che sta la vera sfida: non perdere la propria anima nel tentativo di comunicarla.<\/span><\/span><\/p>\n<p><span dir=\"auto\" style=\"vertical-align: inherit\"><span dir=\"auto\" style=\"vertical-align: inherit\">La fede pu\u00f2 assumere molte forme. Pu\u00f2 avere un suono diverso in ogni epoca. Pu\u00f2 persino danzare \u2013 perch\u00e9 no? \u2013 in mezzo alla folla.<\/span><\/span><\/p>\n<p><span dir=\"auto\" style=\"vertical-align: inherit\"><span dir=\"auto\" style=\"vertical-align: inherit\">Ma se cessa di essere un incontro, se cessa di essere verit\u00e0, se cessa di trasformare dall&#8217;interno\u2026 allora non importa pi\u00f9 se viene suonato in una chiesa o su una console.<\/span><\/span><\/p>\n<p><span dir=\"auto\" style=\"vertical-align: inherit\"><span dir=\"auto\" style=\"vertical-align: inherit\">In tal caso, il problema non \u00e8 il formato.<\/span><\/span><\/p>\n<p><span dir=\"auto\" style=\"vertical-align: inherit\"><span dir=\"auto\" style=\"vertical-align: inherit\">\u00c8 il vuoto.<\/span><\/span><\/p>\n","protected":false},"excerpt":{"rendered":"<p>Fedelt\u00e0 al sacro o bisogno di nuovi linguaggi? Il dilemma della comunicazione del Vangelo nell&#8217;era dello spettacolo<\/p>\n","protected":false},"author":161,"featured_media":166927,"comment_status":"closed","ping_status":"closed","sticky":false,"template":"","format":"standard","meta":{"_acf_changed":false,"_crdt_document":"","inline_featured_image":false,"footnotes":""},"categories":[71],"tags":[109118,109119,109128,109129,109122,17464,109124,109125,109126,46053,109127,109130,109131,109132,109134,109120,109121,109133,109135,64787,109123],"class_list":["post-166991","post","type-post","status-publish","format-standard","has-post-thumbnail","hentry","category-analisi","tag-banalizzazione-della-fede","tag-cattolicesimo-contemporaneo","tag-chiesa-cattolica-e-algoritmi","tag-chiesa-e-social-media","tag-dibattito-su-fede-e-modernita","tag-evangelizzazione-digitale","tag-evangelizzazione-giovanile","tag-fede-autentica-contro-autopromozione","tag-fede-cattolica-moderna","tag-fede-e-tecnologia","tag-fede-nellera-digitale","tag-musica-elettronica-e-fede","tag-padre-guilherme-peixoto-2","tag-predicazione-moderna","tag-prete-che-mixa-musica","tag-prete-dj","tag-prete-dj-brasile","tag-prete-influencer","tag-tensione-tra-fede-e-spettacolo-enviar-comentarios","tag-trending-it-236","tag-vangelo-nellera-digitale"],"acf":[],"yoast_head":"<!-- This site is optimized with the Yoast SEO plugin v27.4 - https:\/\/yoast.com\/product\/yoast-seo-wordpress\/ -->\n<title>Il \u201cprete DJ\u201d e \u200b\u200bla fede in tensione: tra mistero e algoritmo &#8211; Exaudi<\/title>\n<meta name=\"robots\" content=\"index, follow, max-snippet:-1, max-image-preview:large, max-video-preview:-1\" \/>\n<link rel=\"canonical\" href=\"https:\/\/exaudi.org\/it\/il-prete-dj-e-la-fede-in-tensione-tra-mistero-e-algoritmo\/\" \/>\n<meta property=\"og:locale\" content=\"it_IT\" \/>\n<meta property=\"og:type\" content=\"article\" \/>\n<meta property=\"og:title\" content=\"Il \u201cprete DJ\u201d e \u200b\u200bla fede in tensione: tra mistero e algoritmo &#8211; Exaudi\" \/>\n<meta property=\"og:description\" content=\"Fedelt\u00e0 al sacro o bisogno di nuovi linguaggi? Il dilemma della comunicazione del Vangelo nell&#039;era dello spettacolo\" \/>\n<meta property=\"og:url\" content=\"https:\/\/exaudi.org\/it\/il-prete-dj-e-la-fede-in-tensione-tra-mistero-e-algoritmo\/\" \/>\n<meta property=\"og:site_name\" content=\"Exaudi\" \/>\n<meta property=\"article:publisher\" content=\"https:\/\/www.facebook.com\/ExaudiNews\" \/>\n<meta property=\"article:published_time\" content=\"2026-04-19T17:12:29+00:00\" \/>\n<meta property=\"og:image\" content=\"https:\/\/exaudi.org\/wp-content\/uploads\/2026\/04\/1776606150729-scaled.jpg\" \/>\n\t<meta property=\"og:image:width\" content=\"2560\" \/>\n\t<meta property=\"og:image:height\" content=\"1429\" \/>\n\t<meta property=\"og:image:type\" content=\"image\/jpeg\" \/>\n<meta name=\"author\" content=\"Juan Francisco Miguel\" \/>\n<meta name=\"twitter:card\" content=\"summary_large_image\" \/>\n<meta name=\"twitter:creator\" content=\"@juanfmiguel\" \/>\n<meta name=\"twitter:site\" content=\"@Exaudi_News\" \/>\n<meta name=\"twitter:label1\" content=\"Scritto da\" \/>\n\t<meta name=\"twitter:data1\" content=\"Juan Francisco Miguel\" \/>\n\t<meta name=\"twitter:label2\" content=\"Tempo di lettura stimato\" \/>\n\t<meta name=\"twitter:data2\" content=\"4 minuti\" \/>\n<script type=\"application\/ld+json\" class=\"yoast-schema-graph\">{\"@context\":\"https:\\\/\\\/schema.org\",\"@graph\":[{\"@type\":\"Article\",\"@id\":\"https:\\\/\\\/exaudi.org\\\/it\\\/il-prete-dj-e-la-fede-in-tensione-tra-mistero-e-algoritmo\\\/#article\",\"isPartOf\":{\"@id\":\"https:\\\/\\\/exaudi.org\\\/it\\\/il-prete-dj-e-la-fede-in-tensione-tra-mistero-e-algoritmo\\\/\"},\"author\":{\"name\":\"Juan Francisco Miguel\",\"@id\":\"https:\\\/\\\/exaudi.org\\\/#\\\/schema\\\/person\\\/4fba1f5152780e8e00d625c6754575b0\"},\"headline\":\"Il \u201cprete DJ\u201d e \u200b\u200bla fede in tensione: tra mistero e algoritmo\",\"datePublished\":\"2026-04-19T17:12:29+00:00\",\"mainEntityOfPage\":{\"@id\":\"https:\\\/\\\/exaudi.org\\\/it\\\/il-prete-dj-e-la-fede-in-tensione-tra-mistero-e-algoritmo\\\/\"},\"wordCount\":831,\"image\":{\"@id\":\"https:\\\/\\\/exaudi.org\\\/it\\\/il-prete-dj-e-la-fede-in-tensione-tra-mistero-e-algoritmo\\\/#primaryimage\"},\"thumbnailUrl\":\"https:\\\/\\\/exaudi.org\\\/wp-content\\\/uploads\\\/2026\\\/04\\\/1776606150729-scaled.jpg\",\"keywords\":[\"banalizzazione della fede\",\"cattolicesimo contemporaneo\",\"Chiesa cattolica e algoritmi\",\"Chiesa e social media\",\"dibattito su fede e modernit\u00e0\",\"EVANGELIZZAZIONE DIGITALE\",\"evangelizzazione giovanile\",\"fede autentica contro autopromozione\",\"fede cattolica moderna\",\"fede e tecnologia\",\"fede nell'era digitale\",\"musica elettronica e fede\",\"Padre Guilherme Peixoto\",\"predicazione moderna\",\"prete che mixa musica\",\"prete DJ\",\"prete DJ Brasile\",\"prete influencer\",\"tensione tra fede e spettacolo Enviar comentarios\",\"Trending\",\"Vangelo nell'era digitale\"],\"articleSection\":[\"Analisi\"],\"inLanguage\":\"it-IT\"},{\"@type\":\"WebPage\",\"@id\":\"https:\\\/\\\/exaudi.org\\\/it\\\/il-prete-dj-e-la-fede-in-tensione-tra-mistero-e-algoritmo\\\/\",\"url\":\"https:\\\/\\\/exaudi.org\\\/it\\\/il-prete-dj-e-la-fede-in-tensione-tra-mistero-e-algoritmo\\\/\",\"name\":\"Il \u201cprete DJ\u201d e \u200b\u200bla fede in tensione: tra mistero e algoritmo &#8211; Exaudi\",\"isPartOf\":{\"@id\":\"https:\\\/\\\/exaudi.org\\\/#website\"},\"primaryImageOfPage\":{\"@id\":\"https:\\\/\\\/exaudi.org\\\/it\\\/il-prete-dj-e-la-fede-in-tensione-tra-mistero-e-algoritmo\\\/#primaryimage\"},\"image\":{\"@id\":\"https:\\\/\\\/exaudi.org\\\/it\\\/il-prete-dj-e-la-fede-in-tensione-tra-mistero-e-algoritmo\\\/#primaryimage\"},\"thumbnailUrl\":\"https:\\\/\\\/exaudi.org\\\/wp-content\\\/uploads\\\/2026\\\/04\\\/1776606150729-scaled.jpg\",\"datePublished\":\"2026-04-19T17:12:29+00:00\",\"author\":{\"@id\":\"https:\\\/\\\/exaudi.org\\\/#\\\/schema\\\/person\\\/4fba1f5152780e8e00d625c6754575b0\"},\"breadcrumb\":{\"@id\":\"https:\\\/\\\/exaudi.org\\\/it\\\/il-prete-dj-e-la-fede-in-tensione-tra-mistero-e-algoritmo\\\/#breadcrumb\"},\"inLanguage\":\"it-IT\",\"potentialAction\":[{\"@type\":\"ReadAction\",\"target\":[\"https:\\\/\\\/exaudi.org\\\/it\\\/il-prete-dj-e-la-fede-in-tensione-tra-mistero-e-algoritmo\\\/\"]}]},{\"@type\":\"ImageObject\",\"inLanguage\":\"it-IT\",\"@id\":\"https:\\\/\\\/exaudi.org\\\/it\\\/il-prete-dj-e-la-fede-in-tensione-tra-mistero-e-algoritmo\\\/#primaryimage\",\"url\":\"https:\\\/\\\/exaudi.org\\\/wp-content\\\/uploads\\\/2026\\\/04\\\/1776606150729-scaled.jpg\",\"contentUrl\":\"https:\\\/\\\/exaudi.org\\\/wp-content\\\/uploads\\\/2026\\\/04\\\/1776606150729-scaled.jpg\",\"width\":2560,\"height\":1429},{\"@type\":\"BreadcrumbList\",\"@id\":\"https:\\\/\\\/exaudi.org\\\/it\\\/il-prete-dj-e-la-fede-in-tensione-tra-mistero-e-algoritmo\\\/#breadcrumb\",\"itemListElement\":[{\"@type\":\"ListItem\",\"position\":1,\"name\":\"Portada\",\"item\":\"https:\\\/\\\/exaudi.org\\\/it\\\/\"},{\"@type\":\"ListItem\",\"position\":2,\"name\":\"Il \u201cprete DJ\u201d e \u200b\u200bla fede in tensione: tra mistero e algoritmo\"}]},{\"@type\":\"WebSite\",\"@id\":\"https:\\\/\\\/exaudi.org\\\/#website\",\"url\":\"https:\\\/\\\/exaudi.org\\\/\",\"name\":\"Exaudi\",\"description\":\"News\",\"potentialAction\":[{\"@type\":\"SearchAction\",\"target\":{\"@type\":\"EntryPoint\",\"urlTemplate\":\"https:\\\/\\\/exaudi.org\\\/?s={search_term_string}\"},\"query-input\":{\"@type\":\"PropertyValueSpecification\",\"valueRequired\":true,\"valueName\":\"search_term_string\"}}],\"inLanguage\":\"it-IT\"},{\"@type\":\"Person\",\"@id\":\"https:\\\/\\\/exaudi.org\\\/#\\\/schema\\\/person\\\/4fba1f5152780e8e00d625c6754575b0\",\"name\":\"Juan Francisco Miguel\",\"image\":{\"@type\":\"ImageObject\",\"inLanguage\":\"it-IT\",\"@id\":\"https:\\\/\\\/secure.gravatar.com\\\/avatar\\\/6e6a357854073b8d548a107953fdaa109731b3308815d0c6dcc5175981b2e3c3?s=96&d=mm&r=g\",\"url\":\"https:\\\/\\\/secure.gravatar.com\\\/avatar\\\/6e6a357854073b8d548a107953fdaa109731b3308815d0c6dcc5175981b2e3c3?s=96&d=mm&r=g\",\"contentUrl\":\"https:\\\/\\\/secure.gravatar.com\\\/avatar\\\/6e6a357854073b8d548a107953fdaa109731b3308815d0c6dcc5175981b2e3c3?s=96&d=mm&r=g\",\"caption\":\"Juan Francisco Miguel\"},\"description\":\"Juan Francisco Miguel es comunicador social, escritor y coach. Se especializa en liderazgo, narrativa y espiritualidad, y colabora con proyectos que promueven el desarrollo humano y la fe desde una mirada integral\",\"sameAs\":[\"https:\\\/\\\/www.instagram.com\\\/juanfrimiguel?igsh=bWcxcmZla2Zmc2dx\",\"juanfmiguel\",\"https:\\\/\\\/x.com\\\/juanfmiguel\"],\"url\":\"https:\\\/\\\/exaudi.org\\\/it\\\/author\\\/juan-francisco-miguel\\\/\"}]}<\/script>\n<!-- \/ Yoast SEO plugin. -->","yoast_head_json":{"title":"Il \u201cprete DJ\u201d e \u200b\u200bla fede in tensione: tra mistero e algoritmo &#8211; Exaudi","robots":{"index":"index","follow":"follow","max-snippet":"max-snippet:-1","max-image-preview":"max-image-preview:large","max-video-preview":"max-video-preview:-1"},"canonical":"https:\/\/exaudi.org\/it\/il-prete-dj-e-la-fede-in-tensione-tra-mistero-e-algoritmo\/","og_locale":"it_IT","og_type":"article","og_title":"Il \u201cprete DJ\u201d e \u200b\u200bla fede in tensione: tra mistero e algoritmo &#8211; Exaudi","og_description":"Fedelt\u00e0 al sacro o bisogno di nuovi linguaggi? Il dilemma della comunicazione del Vangelo nell'era dello spettacolo","og_url":"https:\/\/exaudi.org\/it\/il-prete-dj-e-la-fede-in-tensione-tra-mistero-e-algoritmo\/","og_site_name":"Exaudi","article_publisher":"https:\/\/www.facebook.com\/ExaudiNews","article_published_time":"2026-04-19T17:12:29+00:00","og_image":[{"width":2560,"height":1429,"url":"https:\/\/exaudi.org\/wp-content\/uploads\/2026\/04\/1776606150729-scaled.jpg","type":"image\/jpeg"}],"author":"Juan Francisco Miguel","twitter_card":"summary_large_image","twitter_creator":"@juanfmiguel","twitter_site":"@Exaudi_News","twitter_misc":{"Scritto da":"Juan Francisco Miguel","Tempo di lettura stimato":"4 minuti"},"schema":{"@context":"https:\/\/schema.org","@graph":[{"@type":"Article","@id":"https:\/\/exaudi.org\/it\/il-prete-dj-e-la-fede-in-tensione-tra-mistero-e-algoritmo\/#article","isPartOf":{"@id":"https:\/\/exaudi.org\/it\/il-prete-dj-e-la-fede-in-tensione-tra-mistero-e-algoritmo\/"},"author":{"name":"Juan Francisco Miguel","@id":"https:\/\/exaudi.org\/#\/schema\/person\/4fba1f5152780e8e00d625c6754575b0"},"headline":"Il \u201cprete DJ\u201d e \u200b\u200bla fede in tensione: tra mistero e algoritmo","datePublished":"2026-04-19T17:12:29+00:00","mainEntityOfPage":{"@id":"https:\/\/exaudi.org\/it\/il-prete-dj-e-la-fede-in-tensione-tra-mistero-e-algoritmo\/"},"wordCount":831,"image":{"@id":"https:\/\/exaudi.org\/it\/il-prete-dj-e-la-fede-in-tensione-tra-mistero-e-algoritmo\/#primaryimage"},"thumbnailUrl":"https:\/\/exaudi.org\/wp-content\/uploads\/2026\/04\/1776606150729-scaled.jpg","keywords":["banalizzazione della fede","cattolicesimo contemporaneo","Chiesa cattolica e algoritmi","Chiesa e social media","dibattito su fede e modernit\u00e0","EVANGELIZZAZIONE DIGITALE","evangelizzazione giovanile","fede autentica contro autopromozione","fede cattolica moderna","fede e tecnologia","fede nell'era digitale","musica elettronica e fede","Padre Guilherme Peixoto","predicazione moderna","prete che mixa musica","prete DJ","prete DJ Brasile","prete influencer","tensione tra fede e spettacolo Enviar comentarios","Trending","Vangelo nell'era digitale"],"articleSection":["Analisi"],"inLanguage":"it-IT"},{"@type":"WebPage","@id":"https:\/\/exaudi.org\/it\/il-prete-dj-e-la-fede-in-tensione-tra-mistero-e-algoritmo\/","url":"https:\/\/exaudi.org\/it\/il-prete-dj-e-la-fede-in-tensione-tra-mistero-e-algoritmo\/","name":"Il \u201cprete DJ\u201d e \u200b\u200bla fede in tensione: tra mistero e algoritmo &#8211; Exaudi","isPartOf":{"@id":"https:\/\/exaudi.org\/#website"},"primaryImageOfPage":{"@id":"https:\/\/exaudi.org\/it\/il-prete-dj-e-la-fede-in-tensione-tra-mistero-e-algoritmo\/#primaryimage"},"image":{"@id":"https:\/\/exaudi.org\/it\/il-prete-dj-e-la-fede-in-tensione-tra-mistero-e-algoritmo\/#primaryimage"},"thumbnailUrl":"https:\/\/exaudi.org\/wp-content\/uploads\/2026\/04\/1776606150729-scaled.jpg","datePublished":"2026-04-19T17:12:29+00:00","author":{"@id":"https:\/\/exaudi.org\/#\/schema\/person\/4fba1f5152780e8e00d625c6754575b0"},"breadcrumb":{"@id":"https:\/\/exaudi.org\/it\/il-prete-dj-e-la-fede-in-tensione-tra-mistero-e-algoritmo\/#breadcrumb"},"inLanguage":"it-IT","potentialAction":[{"@type":"ReadAction","target":["https:\/\/exaudi.org\/it\/il-prete-dj-e-la-fede-in-tensione-tra-mistero-e-algoritmo\/"]}]},{"@type":"ImageObject","inLanguage":"it-IT","@id":"https:\/\/exaudi.org\/it\/il-prete-dj-e-la-fede-in-tensione-tra-mistero-e-algoritmo\/#primaryimage","url":"https:\/\/exaudi.org\/wp-content\/uploads\/2026\/04\/1776606150729-scaled.jpg","contentUrl":"https:\/\/exaudi.org\/wp-content\/uploads\/2026\/04\/1776606150729-scaled.jpg","width":2560,"height":1429},{"@type":"BreadcrumbList","@id":"https:\/\/exaudi.org\/it\/il-prete-dj-e-la-fede-in-tensione-tra-mistero-e-algoritmo\/#breadcrumb","itemListElement":[{"@type":"ListItem","position":1,"name":"Portada","item":"https:\/\/exaudi.org\/it\/"},{"@type":"ListItem","position":2,"name":"Il \u201cprete DJ\u201d e \u200b\u200bla fede in tensione: tra mistero e algoritmo"}]},{"@type":"WebSite","@id":"https:\/\/exaudi.org\/#website","url":"https:\/\/exaudi.org\/","name":"Exaudi","description":"News","potentialAction":[{"@type":"SearchAction","target":{"@type":"EntryPoint","urlTemplate":"https:\/\/exaudi.org\/?s={search_term_string}"},"query-input":{"@type":"PropertyValueSpecification","valueRequired":true,"valueName":"search_term_string"}}],"inLanguage":"it-IT"},{"@type":"Person","@id":"https:\/\/exaudi.org\/#\/schema\/person\/4fba1f5152780e8e00d625c6754575b0","name":"Juan Francisco Miguel","image":{"@type":"ImageObject","inLanguage":"it-IT","@id":"https:\/\/secure.gravatar.com\/avatar\/6e6a357854073b8d548a107953fdaa109731b3308815d0c6dcc5175981b2e3c3?s=96&d=mm&r=g","url":"https:\/\/secure.gravatar.com\/avatar\/6e6a357854073b8d548a107953fdaa109731b3308815d0c6dcc5175981b2e3c3?s=96&d=mm&r=g","contentUrl":"https:\/\/secure.gravatar.com\/avatar\/6e6a357854073b8d548a107953fdaa109731b3308815d0c6dcc5175981b2e3c3?s=96&d=mm&r=g","caption":"Juan Francisco Miguel"},"description":"Juan Francisco Miguel es comunicador social, escritor y coach. Se especializa en liderazgo, narrativa y espiritualidad, y colabora con proyectos que promueven el desarrollo humano y la fe desde una mirada integral","sameAs":["https:\/\/www.instagram.com\/juanfrimiguel?igsh=bWcxcmZla2Zmc2dx","juanfmiguel","https:\/\/x.com\/juanfmiguel"],"url":"https:\/\/exaudi.org\/it\/author\/juan-francisco-miguel\/"}]}},"jetpack_featured_media_url":"https:\/\/exaudi.org\/wp-content\/uploads\/2026\/04\/1776606150729-scaled.jpg","jetpack_shortlink":"https:\/\/wp.me\/pgKjF2-Hrp","_links":{"self":[{"href":"https:\/\/exaudi.org\/it\/wp-json\/wp\/v2\/posts\/166991","targetHints":{"allow":["GET"]}}],"collection":[{"href":"https:\/\/exaudi.org\/it\/wp-json\/wp\/v2\/posts"}],"about":[{"href":"https:\/\/exaudi.org\/it\/wp-json\/wp\/v2\/types\/post"}],"author":[{"embeddable":true,"href":"https:\/\/exaudi.org\/it\/wp-json\/wp\/v2\/users\/161"}],"replies":[{"embeddable":true,"href":"https:\/\/exaudi.org\/it\/wp-json\/wp\/v2\/comments?post=166991"}],"version-history":[{"count":3,"href":"https:\/\/exaudi.org\/it\/wp-json\/wp\/v2\/posts\/166991\/revisions"}],"predecessor-version":[{"id":166995,"href":"https:\/\/exaudi.org\/it\/wp-json\/wp\/v2\/posts\/166991\/revisions\/166995"}],"wp:featuredmedia":[{"embeddable":true,"href":"https:\/\/exaudi.org\/it\/wp-json\/wp\/v2\/media\/166927"}],"wp:attachment":[{"href":"https:\/\/exaudi.org\/it\/wp-json\/wp\/v2\/media?parent=166991"}],"wp:term":[{"taxonomy":"category","embeddable":true,"href":"https:\/\/exaudi.org\/it\/wp-json\/wp\/v2\/categories?post=166991"},{"taxonomy":"post_tag","embeddable":true,"href":"https:\/\/exaudi.org\/it\/wp-json\/wp\/v2\/tags?post=166991"}],"curies":[{"name":"wp","href":"https:\/\/api.w.org\/{rel}","templated":true}]}}