{"id":166839,"date":"2026-04-18T20:19:11","date_gmt":"2026-04-18T18:19:11","guid":{"rendered":"https:\/\/exaudi.org\/?p=166839"},"modified":"2026-04-18T20:19:11","modified_gmt":"2026-04-18T18:19:11","slug":"lo-riconobbero-nello-spezzare-il-pane-commento-di-padre-jorge-miro","status":"publish","type":"post","link":"https:\/\/exaudi.org\/it\/lo-riconobbero-nello-spezzare-il-pane-commento-di-padre-jorge-miro\/","title":{"rendered":"Lo riconobbero nello spezzare il pane: Commento di Padre Jorge Mir\u00f3"},"content":{"rendered":"<div class=\"nt_content\">\n<p><span dir=\"auto\" style=\"vertical-align: inherit\"><span dir=\"auto\" style=\"vertical-align: inherit\">Padre Jorge Mir\u00f3 condivide con i lettori di Exaudi il suo commento al\u00a0 <\/span><\/span><a href=\"https:\/\/www.dominicos.org\/predicacion\/homilia\/19-4-2026\/lecturas\/\" target=\"_blank\" rel=\"noopener\"><span dir=\"auto\" style=\"vertical-align: inherit\"><span dir=\"auto\" style=\"vertical-align: inherit\">Vangelo di domenica 19 aprile 2026,<\/span><\/span><\/a><span dir=\"auto\" style=\"vertical-align: inherit\"><span dir=\"auto\" style=\"vertical-align: inherit\"> \u00a0intitolato &#8220;Lo riconobbero nello spezzare il pane&#8221;.<\/span><\/span><\/p>\n<p><span dir=\"auto\" style=\"vertical-align: inherit\"><span dir=\"auto\" style=\"vertical-align: inherit\">***<\/span><\/span><\/p>\n<p><span dir=\"auto\" style=\"vertical-align: inherit\"><span dir=\"auto\" style=\"vertical-align: inherit\">Il Vangelo di oggi ci invita a\u00a0 <\/span><\/span><strong><span dir=\"auto\" style=\"vertical-align: inherit\"><span dir=\"auto\" style=\"vertical-align: inherit\">contemplare la bellissima storia dei\u00a0 <\/span><\/span><em><span dir=\"auto\" style=\"vertical-align: inherit\"><span dir=\"auto\" style=\"vertical-align: inherit\">discepoli di Emmaus<\/span><\/span><\/em><\/strong><span dir=\"auto\" style=\"vertical-align: inherit\"><span dir=\"auto\" style=\"vertical-align: inherit\"> , una\u00a0 <\/span><\/span><em><span dir=\"auto\" style=\"vertical-align: inherit\"><span dir=\"auto\" style=\"vertical-align: inherit\">preziosa catechesi per imparare a\u00a0 <\/span><\/span><strong><span dir=\"auto\" style=\"vertical-align: inherit\"><span dir=\"auto\" style=\"vertical-align: inherit\">credere che il Signore vive ed \u00e8 presente in mezzo a noi<\/span><\/span><\/strong><\/em><span dir=\"auto\" style=\"vertical-align: inherit\"><span dir=\"auto\" style=\"vertical-align: inherit\"> , \u00e8 presente\u00a0 <\/span><\/span><strong><span dir=\"auto\" style=\"vertical-align: inherit\"><span dir=\"auto\" style=\"vertical-align: inherit\">nel cuore della nostra vita.<\/span><\/span><\/strong><\/p>\n<p><strong><span dir=\"auto\" style=\"vertical-align: inherit\"><span dir=\"auto\" style=\"vertical-align: inherit\">I discepoli sono\u00a0 <\/span><\/span><em><span dir=\"auto\" style=\"vertical-align: inherit\"><span dir=\"auto\" style=\"vertical-align: inherit\">delusi<\/span><\/span><\/em><\/strong><span dir=\"auto\" style=\"vertical-align: inherit\"><span dir=\"auto\" style=\"vertical-align: inherit\"> : stanno vivendo una\u00a0 <\/span><\/span><em><span dir=\"auto\" style=\"vertical-align: inherit\"><span dir=\"auto\" style=\"vertical-align: inherit\">crisi di fede a causa dello scandalo della croce; una crisi perch\u00e9 le loro aspettative, <\/span><\/span><\/em><em><span dir=\"auto\" style=\"vertical-align: inherit\"><span dir=\"auto\" style=\"vertical-align: inherit\">il loro progetto<\/span><\/span><\/em><span dir=\"auto\" style=\"vertical-align: inherit\"><span dir=\"auto\" style=\"vertical-align: inherit\"> \u00a0, non si sono realizzati\u00a0 <\/span><span dir=\"auto\" style=\"vertical-align: inherit\">. Camminano tristi, cupi, senza speranza, pensando che tutto sia fallito con la morte di Ges\u00f9 Cristo sulla croce.<\/span><\/span><\/p>\n<p><span dir=\"auto\" style=\"vertical-align: inherit\"><span dir=\"auto\" style=\"vertical-align: inherit\">E il fatto \u00e8 che\u00a0 <\/span><\/span><strong><span dir=\"auto\" style=\"vertical-align: inherit\"><span dir=\"auto\" style=\"vertical-align: inherit\">non hanno ancora incontrato il Risorto<\/span><\/span><\/strong><span dir=\"auto\" style=\"vertical-align: inherit\"><span dir=\"auto\" style=\"vertical-align: inherit\"> . E, logicamente, solo l&#8217;incontro con il Risorto pu\u00f2 dare un senso allo scandalo della croce.<\/span><\/span><\/p>\n<p><span dir=\"auto\" style=\"vertical-align: inherit\"><span dir=\"auto\" style=\"vertical-align: inherit\">Papa Leone ci dice che esiste un ostacolo che spesso ci impedisce di riconoscere la presenza di Cristo nella vita quotidiana: la convinzione che la gioia debba essere senza sofferenza.\u00a0 <\/span><\/span><strong><span dir=\"auto\" style=\"vertical-align: inherit\"><span dir=\"auto\" style=\"vertical-align: inherit\">I discepoli sulla via di Emmaus camminavano tristi perch\u00e9 si aspettavano un finale diverso,<\/span><\/span><\/strong><span dir=\"auto\" style=\"vertical-align: inherit\"><span dir=\"auto\" style=\"vertical-align: inherit\"> \u00a0un Messia che non avesse conosciuto la croce. Pur avendo saputo che il sepolcro era vuoto, non riuscivano a sorridere.\u00a0 <\/span><\/span><strong><span dir=\"auto\" style=\"vertical-align: inherit\"><span dir=\"auto\" style=\"vertical-align: inherit\">Ma Ges\u00f9 era al loro fianco<\/span><\/span><\/strong><span dir=\"auto\" style=\"vertical-align: inherit\"><span dir=\"auto\" style=\"vertical-align: inherit\"> \u00a0e, con pazienza, li aiut\u00f2 a comprendere che la sofferenza non era una negazione della promessa, bens\u00ec il modo in cui Dio aveva rivelato la misura del suo amore (cfr.\u00a0 <\/span><\/span><em><span dir=\"auto\" style=\"vertical-align: inherit\"><span dir=\"auto\" style=\"vertical-align: inherit\">Udienza generale\u00a0<\/span><\/span><\/em><span dir=\"auto\" style=\"vertical-align: inherit\"><span dir=\"auto\" style=\"vertical-align: inherit\"> , 8 ottobre 2025).<\/span><\/span><\/p>\n<p><span dir=\"auto\" style=\"vertical-align: inherit\"><span dir=\"auto\" style=\"vertical-align: inherit\">E il Vangelo vuole aiutarci\u00a0 <\/span><\/span><strong><span dir=\"auto\" style=\"vertical-align: inherit\"><span dir=\"auto\" style=\"vertical-align: inherit\">a scoprire alcune cose importanti<\/span><\/span><\/strong><span dir=\"auto\" style=\"vertical-align: inherit\"><span dir=\"auto\" style=\"vertical-align: inherit\"> :<\/span><\/span><\/p>\n<p><strong><span dir=\"auto\" style=\"vertical-align: inherit\"><span dir=\"auto\" style=\"vertical-align: inherit\">Attenti alle <\/span><\/span><em><span dir=\"auto\" style=\"vertical-align: inherit\"><span dir=\"auto\" style=\"vertical-align: inherit\">\u00a0delusioni.\u00a0<\/span><\/span><\/em><\/strong><span dir=\"auto\" style=\"vertical-align: inherit\"><span dir=\"auto\" style=\"vertical-align: inherit\"> Attenti a non rimanere intrappolati dai vostri progetti, dalle vostre aspettative che, quando non vengono soddisfatte, spesso ci portano a vivere frustrati, tristi e disillusi. Lasciatevi sorprendere dal Signore:\u00a0 <\/span><\/span><em><span dir=\"auto\" style=\"vertical-align: inherit\"><span dir=\"auto\" style=\"vertical-align: inherit\">le mie vie non sono le vostre vie\u2026\u00a0<\/span><\/span><\/em><span dir=\"auto\" style=\"vertical-align: inherit\"><span dir=\"auto\" style=\"vertical-align: inherit\"> (cfr.\u00a0 <\/span><\/span><em><span dir=\"auto\" style=\"vertical-align: inherit\"><span dir=\"auto\" style=\"vertical-align: inherit\">Is\u00a0<\/span><\/span><\/em><span dir=\"auto\" style=\"vertical-align: inherit\"><span dir=\"auto\" style=\"vertical-align: inherit\"> 55).<\/span><\/span><\/p>\n<p><strong><em><span dir=\"auto\" style=\"vertical-align: inherit\"><span dir=\"auto\" style=\"vertical-align: inherit\">Non puoi allontanarti da Gerusalemme<\/span><\/span><\/em><\/strong><span dir=\"auto\" style=\"vertical-align: inherit\"><span dir=\"auto\" style=\"vertical-align: inherit\"> , cio\u00e8 dalla Chiesa, dalla comunit\u00e0 cristiana. E ancor meno nei momenti di\u00a0<\/span><\/span><em><span dir=\"auto\" style=\"vertical-align: inherit\"><span dir=\"auto\" style=\"vertical-align: inherit\"> crisi<\/span><\/span><\/em><span dir=\"auto\" style=\"vertical-align: inherit\"><span dir=\"auto\" style=\"vertical-align: inherit\"> . \u00c8 soprattutto nei momenti di difficolt\u00e0 che hai pi\u00f9 bisogno della vicinanza dei tuoi fratelli e sorelle. Dio non ti ha creato per la solitudine, ma per\u00a0<\/span><\/span><em><span dir=\"auto\" style=\"vertical-align: inherit\"><span dir=\"auto\" style=\"vertical-align: inherit\"> la relazione<\/span><\/span><\/em><span dir=\"auto\" style=\"vertical-align: inherit\"><span dir=\"auto\" style=\"vertical-align: inherit\"> ,\u00a0<\/span><\/span><em><span dir=\"auto\" style=\"vertical-align: inherit\"><span dir=\"auto\" style=\"vertical-align: inherit\"> la comunione<\/span><\/span><\/em><span dir=\"auto\" style=\"vertical-align: inherit\"><span dir=\"auto\" style=\"vertical-align: inherit\"> \u00a0e\u00a0<\/span><\/span><em><span dir=\"auto\" style=\"vertical-align: inherit\"><span dir=\"auto\" style=\"vertical-align: inherit\"> il dono di te stesso<\/span><\/span><\/em><span dir=\"auto\" style=\"vertical-align: inherit\"><span dir=\"auto\" style=\"vertical-align: inherit\"> .\u00a0<\/span><\/span><em><span dir=\"auto\" style=\"vertical-align: inherit\"><span dir=\"auto\" style=\"vertical-align: inherit\"> Non possiamo avere Dio come Padre se non abbiamo <\/span><\/span><\/em>\u00a0<em><span dir=\"auto\" style=\"vertical-align: inherit\"><span dir=\"auto\" style=\"vertical-align: inherit\">la Chiesa come Madre<\/span><\/span><\/em><span dir=\"auto\" style=\"vertical-align: inherit\"><span dir=\"auto\" style=\"vertical-align: inherit\"> \u00a0(San Cipriano).\u00a0<\/span><\/span><strong><em><span dir=\"auto\" style=\"vertical-align: inherit\"><span dir=\"auto\" style=\"vertical-align: inherit\"> Dove due o tre sono riuniti nel mio nome<\/span><\/span><\/em><\/strong><span dir=\"auto\" style=\"vertical-align: inherit\"><span dir=\"auto\" style=\"vertical-align: inherit\"> \u2026<\/span><\/span><\/p>\n<p><strong><em><span dir=\"auto\" style=\"vertical-align: inherit\"><span dir=\"auto\" style=\"vertical-align: inherit\">Non ci ardeva forse il cuore dentro mentre ci parlava lungo la via e ci spiegava le Scritture?<\/span><\/span><\/em><\/strong><span dir=\"auto\" style=\"vertical-align: inherit\"><span dir=\"auto\" style=\"vertical-align: inherit\"> \u00a0Non siete soli. Il Signore cammina con voi. \u00c8 in mezzo alla vostra vita, alla vostra croce, alle vostre sofferenze. Se non lo vedete, invocatelo! Chiedetelo! Ditegli: Signore, voglio vederti! Chiedete lo Spirito Santo.<\/span><\/span><\/p>\n<p><strong><em><span dir=\"auto\" style=\"vertical-align: inherit\"><span dir=\"auto\" style=\"vertical-align: inherit\">Lo riconobbero nello spezzare il pane<\/span><\/span><\/em><\/strong><span dir=\"auto\" style=\"vertical-align: inherit\"><span dir=\"auto\" style=\"vertical-align: inherit\"> . La Chiesa si nutre nel suo pellegrinaggio verso il cielo ascoltando con fiducia la Parola di Dio e nell&#8217;Eucaristia. Accogliere con fiducia la Parola apre gli occhi per\u00a0<\/span><\/span><em><span dir=\"auto\" style=\"vertical-align: inherit\"><span dir=\"auto\" style=\"vertical-align: inherit\"> vedere<\/span><\/span><\/em><span dir=\"auto\" style=\"vertical-align: inherit\"><span dir=\"auto\" style=\"vertical-align: inherit\"> \u00a0il Risorto.<\/span><\/span><\/p>\n<p><strong><em><span dir=\"auto\" style=\"vertical-align: inherit\"><span dir=\"auto\" style=\"vertical-align: inherit\">Che tipo di conversazione stai avendo mentre cammini?<\/span><\/span><\/em><\/strong><span dir=\"auto\" style=\"vertical-align: inherit\"><span dir=\"auto\" style=\"vertical-align: inherit\"> \u00a0Che tipo di conversazione c&#8217;\u00e8 nel tuo cuore oggi?<\/span><\/span><\/p>\n<p><strong><span dir=\"auto\" style=\"vertical-align: inherit\"><span dir=\"auto\" style=\"vertical-align: inherit\">Se il Risorto dimora in te e accogli il dono del suo Spirito, vivrai come l&#8217;uomo del Salmo<\/span><\/span><\/strong><span dir=\"auto\" style=\"vertical-align: inherit\"><span dir=\"auto\" style=\"vertical-align: inherit\"> :\u00a0 <\/span><\/span><em><span dir=\"auto\" style=\"vertical-align: inherit\"><span dir=\"auto\" style=\"vertical-align: inherit\">Benedir\u00f2 il Signore che mi consiglia; anche di notte il mio cuore mi ammaestra\u2026 perci\u00f2 il mio cuore si rallegra\u2026 e la mia carne riposa al sicuro.\u00a0 <\/span><\/span><strong><span dir=\"auto\" style=\"vertical-align: inherit\"><span dir=\"auto\" style=\"vertical-align: inherit\">Tu mi riempirai di gioia alla tua presenza,\u00a0<\/span><\/span><\/strong><span dir=\"auto\" style=\"vertical-align: inherit\"><span dir=\"auto\" style=\"vertical-align: inherit\"> di delizie eterne alla tua destra.<\/span><\/span><\/em><\/p>\n<p><span dir=\"auto\" style=\"vertical-align: inherit\"><span dir=\"auto\" style=\"vertical-align: inherit\">Altrimenti, sapete cosa fare:\u00a0 <\/span><\/span><strong><span dir=\"auto\" style=\"vertical-align: inherit\"><span dir=\"auto\" style=\"vertical-align: inherit\">tornate a Gerusalemme! Ascoltate la Parola! Invocate il Signore! Vivete l&#8217;Eucaristia!<\/span><\/span><\/strong><span dir=\"auto\" style=\"vertical-align: inherit\"><span dir=\"auto\" style=\"vertical-align: inherit\"> \u00a0Se credete, vedrete la gloria di Dio!<\/span><\/span><\/p>\n<p><span dir=\"auto\" style=\"vertical-align: inherit\"><span dir=\"auto\" style=\"vertical-align: inherit\">Vieni, Spirito Santo!<\/span><\/span><\/p>\n<\/div>\n<div class=\"author_bio \"><\/div>\n","protected":false},"excerpt":{"rendered":"<p>Domenica 19 aprile 2026<\/p>\n","protected":false},"author":20,"featured_media":166651,"comment_status":"closed","ping_status":"closed","sticky":false,"template":"","format":"standard","meta":{"_acf_changed":false,"_crdt_document":"","inline_featured_image":false,"footnotes":""},"categories":[73,95],"tags":[102348,28317,10007,64787,706],"class_list":["post-166839","post","type-post","status-publish","format-standard","has-post-thumbnail","hentry","category-chiesa-e-mondo","category-spiritualita","tag-commentario","tag-discepoli-di-emmaus","tag-jorge-miro-2","tag-trending-it-236","tag-vangelo"],"acf":[],"yoast_head":"<!-- This site is optimized with the Yoast SEO plugin v27.4 - https:\/\/yoast.com\/product\/yoast-seo-wordpress\/ -->\n<title>Lo riconobbero nello spezzare il pane: Commento di Padre Jorge Mir\u00f3 &#8211; Exaudi<\/title>\n<meta name=\"robots\" content=\"index, follow, max-snippet:-1, max-image-preview:large, max-video-preview:-1\" \/>\n<link rel=\"canonical\" href=\"https:\/\/exaudi.org\/it\/lo-riconobbero-nello-spezzare-il-pane-commento-di-padre-jorge-miro\/\" \/>\n<meta property=\"og:locale\" content=\"it_IT\" \/>\n<meta property=\"og:type\" content=\"article\" \/>\n<meta property=\"og:title\" content=\"Lo riconobbero nello spezzare il pane: Commento di Padre Jorge Mir\u00f3 &#8211; Exaudi\" \/>\n<meta property=\"og:description\" content=\"Domenica 19 aprile 2026\" \/>\n<meta property=\"og:url\" content=\"https:\/\/exaudi.org\/it\/lo-riconobbero-nello-spezzare-il-pane-commento-di-padre-jorge-miro\/\" \/>\n<meta property=\"og:site_name\" content=\"Exaudi\" \/>\n<meta property=\"article:publisher\" content=\"https:\/\/www.facebook.com\/ExaudiNews\" \/>\n<meta property=\"article:published_time\" content=\"2026-04-18T18:19:11+00:00\" \/>\n<meta property=\"og:image\" content=\"https:\/\/exaudi.org\/wp-content\/uploads\/2026\/04\/ai-generated-8648611_1280.jpg\" \/>\n\t<meta property=\"og:image:width\" content=\"1280\" \/>\n\t<meta property=\"og:image:height\" content=\"731\" \/>\n\t<meta property=\"og:image:type\" content=\"image\/jpeg\" \/>\n<meta name=\"author\" content=\"Jorge Mir\u00f3\" \/>\n<meta name=\"twitter:card\" content=\"summary_large_image\" \/>\n<meta name=\"twitter:creator\" content=\"@Exaudi_News\" \/>\n<meta name=\"twitter:site\" content=\"@Exaudi_News\" \/>\n<meta name=\"twitter:label1\" content=\"Scritto da\" \/>\n\t<meta name=\"twitter:data1\" content=\"Jorge Mir\u00f3\" \/>\n\t<meta name=\"twitter:label2\" content=\"Tempo di lettura stimato\" \/>\n\t<meta name=\"twitter:data2\" content=\"3 minuti\" \/>\n<script type=\"application\/ld+json\" class=\"yoast-schema-graph\">{\"@context\":\"https:\\\/\\\/schema.org\",\"@graph\":[{\"@type\":\"Article\",\"@id\":\"https:\\\/\\\/exaudi.org\\\/it\\\/lo-riconobbero-nello-spezzare-il-pane-commento-di-padre-jorge-miro\\\/#article\",\"isPartOf\":{\"@id\":\"https:\\\/\\\/exaudi.org\\\/it\\\/lo-riconobbero-nello-spezzare-il-pane-commento-di-padre-jorge-miro\\\/\"},\"author\":{\"name\":\"Jorge Mir\u00f3\",\"@id\":\"https:\\\/\\\/exaudi.org\\\/#\\\/schema\\\/person\\\/a258c56b05e63b2b367bdca29e0ed3e3\"},\"headline\":\"Lo riconobbero nello spezzare il pane: Commento di Padre Jorge Mir\u00f3\",\"datePublished\":\"2026-04-18T18:19:11+00:00\",\"mainEntityOfPage\":{\"@id\":\"https:\\\/\\\/exaudi.org\\\/it\\\/lo-riconobbero-nello-spezzare-il-pane-commento-di-padre-jorge-miro\\\/\"},\"wordCount\":571,\"image\":{\"@id\":\"https:\\\/\\\/exaudi.org\\\/it\\\/lo-riconobbero-nello-spezzare-il-pane-commento-di-padre-jorge-miro\\\/#primaryimage\"},\"thumbnailUrl\":\"https:\\\/\\\/exaudi.org\\\/wp-content\\\/uploads\\\/2026\\\/04\\\/ai-generated-8648611_1280.jpg\",\"keywords\":[\"Commentario\",\"Discepoli di Emmaus\",\"Jorge Mir\u00f3\",\"Trending\",\"Vangelo\"],\"articleSection\":[\"Chiesa e Mondo\",\"Spiritualit\u00e0\"],\"inLanguage\":\"it-IT\"},{\"@type\":\"WebPage\",\"@id\":\"https:\\\/\\\/exaudi.org\\\/it\\\/lo-riconobbero-nello-spezzare-il-pane-commento-di-padre-jorge-miro\\\/\",\"url\":\"https:\\\/\\\/exaudi.org\\\/it\\\/lo-riconobbero-nello-spezzare-il-pane-commento-di-padre-jorge-miro\\\/\",\"name\":\"Lo riconobbero nello spezzare il pane: Commento di Padre Jorge Mir\u00f3 &#8211; Exaudi\",\"isPartOf\":{\"@id\":\"https:\\\/\\\/exaudi.org\\\/#website\"},\"primaryImageOfPage\":{\"@id\":\"https:\\\/\\\/exaudi.org\\\/it\\\/lo-riconobbero-nello-spezzare-il-pane-commento-di-padre-jorge-miro\\\/#primaryimage\"},\"image\":{\"@id\":\"https:\\\/\\\/exaudi.org\\\/it\\\/lo-riconobbero-nello-spezzare-il-pane-commento-di-padre-jorge-miro\\\/#primaryimage\"},\"thumbnailUrl\":\"https:\\\/\\\/exaudi.org\\\/wp-content\\\/uploads\\\/2026\\\/04\\\/ai-generated-8648611_1280.jpg\",\"datePublished\":\"2026-04-18T18:19:11+00:00\",\"author\":{\"@id\":\"https:\\\/\\\/exaudi.org\\\/#\\\/schema\\\/person\\\/a258c56b05e63b2b367bdca29e0ed3e3\"},\"breadcrumb\":{\"@id\":\"https:\\\/\\\/exaudi.org\\\/it\\\/lo-riconobbero-nello-spezzare-il-pane-commento-di-padre-jorge-miro\\\/#breadcrumb\"},\"inLanguage\":\"it-IT\",\"potentialAction\":[{\"@type\":\"ReadAction\",\"target\":[\"https:\\\/\\\/exaudi.org\\\/it\\\/lo-riconobbero-nello-spezzare-il-pane-commento-di-padre-jorge-miro\\\/\"]}]},{\"@type\":\"ImageObject\",\"inLanguage\":\"it-IT\",\"@id\":\"https:\\\/\\\/exaudi.org\\\/it\\\/lo-riconobbero-nello-spezzare-il-pane-commento-di-padre-jorge-miro\\\/#primaryimage\",\"url\":\"https:\\\/\\\/exaudi.org\\\/wp-content\\\/uploads\\\/2026\\\/04\\\/ai-generated-8648611_1280.jpg\",\"contentUrl\":\"https:\\\/\\\/exaudi.org\\\/wp-content\\\/uploads\\\/2026\\\/04\\\/ai-generated-8648611_1280.jpg\",\"width\":1280,\"height\":731},{\"@type\":\"BreadcrumbList\",\"@id\":\"https:\\\/\\\/exaudi.org\\\/it\\\/lo-riconobbero-nello-spezzare-il-pane-commento-di-padre-jorge-miro\\\/#breadcrumb\",\"itemListElement\":[{\"@type\":\"ListItem\",\"position\":1,\"name\":\"Portada\",\"item\":\"https:\\\/\\\/exaudi.org\\\/it\\\/\"},{\"@type\":\"ListItem\",\"position\":2,\"name\":\"Lo riconobbero nello spezzare il pane: Commento di Padre Jorge Mir\u00f3\"}]},{\"@type\":\"WebSite\",\"@id\":\"https:\\\/\\\/exaudi.org\\\/#website\",\"url\":\"https:\\\/\\\/exaudi.org\\\/\",\"name\":\"Exaudi\",\"description\":\"News\",\"potentialAction\":[{\"@type\":\"SearchAction\",\"target\":{\"@type\":\"EntryPoint\",\"urlTemplate\":\"https:\\\/\\\/exaudi.org\\\/?s={search_term_string}\"},\"query-input\":{\"@type\":\"PropertyValueSpecification\",\"valueRequired\":true,\"valueName\":\"search_term_string\"}}],\"inLanguage\":\"it-IT\"},{\"@type\":\"Person\",\"@id\":\"https:\\\/\\\/exaudi.org\\\/#\\\/schema\\\/person\\\/a258c56b05e63b2b367bdca29e0ed3e3\",\"name\":\"Jorge Mir\u00f3\",\"image\":{\"@type\":\"ImageObject\",\"inLanguage\":\"it-IT\",\"@id\":\"https:\\\/\\\/secure.gravatar.com\\\/avatar\\\/f5ea26c436669b01b7b02124bf13596df002525d6f392707d301543be365bd44?s=96&d=mm&r=g\",\"url\":\"https:\\\/\\\/secure.gravatar.com\\\/avatar\\\/f5ea26c436669b01b7b02124bf13596df002525d6f392707d301543be365bd44?s=96&d=mm&r=g\",\"contentUrl\":\"https:\\\/\\\/secure.gravatar.com\\\/avatar\\\/f5ea26c436669b01b7b02124bf13596df002525d6f392707d301543be365bd44?s=96&d=mm&r=g\",\"caption\":\"Jorge Mir\u00f3\"},\"description\":\"Sacerdote de la archidi\u00f3cesis de Valencia y profesor en la Facultad de Ciencias Jur\u00eddicas, Econ\u00f3micas y Sociales de la Universidad Cat\u00f3lica de Valencia\",\"url\":\"https:\\\/\\\/exaudi.org\\\/it\\\/author\\\/jorgemiro\\\/\"}]}<\/script>\n<!-- \/ Yoast SEO plugin. -->","yoast_head_json":{"title":"Lo riconobbero nello spezzare il pane: Commento di Padre Jorge Mir\u00f3 &#8211; Exaudi","robots":{"index":"index","follow":"follow","max-snippet":"max-snippet:-1","max-image-preview":"max-image-preview:large","max-video-preview":"max-video-preview:-1"},"canonical":"https:\/\/exaudi.org\/it\/lo-riconobbero-nello-spezzare-il-pane-commento-di-padre-jorge-miro\/","og_locale":"it_IT","og_type":"article","og_title":"Lo riconobbero nello spezzare il pane: Commento di Padre Jorge Mir\u00f3 &#8211; Exaudi","og_description":"Domenica 19 aprile 2026","og_url":"https:\/\/exaudi.org\/it\/lo-riconobbero-nello-spezzare-il-pane-commento-di-padre-jorge-miro\/","og_site_name":"Exaudi","article_publisher":"https:\/\/www.facebook.com\/ExaudiNews","article_published_time":"2026-04-18T18:19:11+00:00","og_image":[{"width":1280,"height":731,"url":"https:\/\/exaudi.org\/wp-content\/uploads\/2026\/04\/ai-generated-8648611_1280.jpg","type":"image\/jpeg"}],"author":"Jorge Mir\u00f3","twitter_card":"summary_large_image","twitter_creator":"@Exaudi_News","twitter_site":"@Exaudi_News","twitter_misc":{"Scritto da":"Jorge Mir\u00f3","Tempo di lettura stimato":"3 minuti"},"schema":{"@context":"https:\/\/schema.org","@graph":[{"@type":"Article","@id":"https:\/\/exaudi.org\/it\/lo-riconobbero-nello-spezzare-il-pane-commento-di-padre-jorge-miro\/#article","isPartOf":{"@id":"https:\/\/exaudi.org\/it\/lo-riconobbero-nello-spezzare-il-pane-commento-di-padre-jorge-miro\/"},"author":{"name":"Jorge Mir\u00f3","@id":"https:\/\/exaudi.org\/#\/schema\/person\/a258c56b05e63b2b367bdca29e0ed3e3"},"headline":"Lo riconobbero nello spezzare il pane: Commento di Padre Jorge Mir\u00f3","datePublished":"2026-04-18T18:19:11+00:00","mainEntityOfPage":{"@id":"https:\/\/exaudi.org\/it\/lo-riconobbero-nello-spezzare-il-pane-commento-di-padre-jorge-miro\/"},"wordCount":571,"image":{"@id":"https:\/\/exaudi.org\/it\/lo-riconobbero-nello-spezzare-il-pane-commento-di-padre-jorge-miro\/#primaryimage"},"thumbnailUrl":"https:\/\/exaudi.org\/wp-content\/uploads\/2026\/04\/ai-generated-8648611_1280.jpg","keywords":["Commentario","Discepoli di Emmaus","Jorge Mir\u00f3","Trending","Vangelo"],"articleSection":["Chiesa e Mondo","Spiritualit\u00e0"],"inLanguage":"it-IT"},{"@type":"WebPage","@id":"https:\/\/exaudi.org\/it\/lo-riconobbero-nello-spezzare-il-pane-commento-di-padre-jorge-miro\/","url":"https:\/\/exaudi.org\/it\/lo-riconobbero-nello-spezzare-il-pane-commento-di-padre-jorge-miro\/","name":"Lo riconobbero nello spezzare il pane: Commento di Padre Jorge Mir\u00f3 &#8211; Exaudi","isPartOf":{"@id":"https:\/\/exaudi.org\/#website"},"primaryImageOfPage":{"@id":"https:\/\/exaudi.org\/it\/lo-riconobbero-nello-spezzare-il-pane-commento-di-padre-jorge-miro\/#primaryimage"},"image":{"@id":"https:\/\/exaudi.org\/it\/lo-riconobbero-nello-spezzare-il-pane-commento-di-padre-jorge-miro\/#primaryimage"},"thumbnailUrl":"https:\/\/exaudi.org\/wp-content\/uploads\/2026\/04\/ai-generated-8648611_1280.jpg","datePublished":"2026-04-18T18:19:11+00:00","author":{"@id":"https:\/\/exaudi.org\/#\/schema\/person\/a258c56b05e63b2b367bdca29e0ed3e3"},"breadcrumb":{"@id":"https:\/\/exaudi.org\/it\/lo-riconobbero-nello-spezzare-il-pane-commento-di-padre-jorge-miro\/#breadcrumb"},"inLanguage":"it-IT","potentialAction":[{"@type":"ReadAction","target":["https:\/\/exaudi.org\/it\/lo-riconobbero-nello-spezzare-il-pane-commento-di-padre-jorge-miro\/"]}]},{"@type":"ImageObject","inLanguage":"it-IT","@id":"https:\/\/exaudi.org\/it\/lo-riconobbero-nello-spezzare-il-pane-commento-di-padre-jorge-miro\/#primaryimage","url":"https:\/\/exaudi.org\/wp-content\/uploads\/2026\/04\/ai-generated-8648611_1280.jpg","contentUrl":"https:\/\/exaudi.org\/wp-content\/uploads\/2026\/04\/ai-generated-8648611_1280.jpg","width":1280,"height":731},{"@type":"BreadcrumbList","@id":"https:\/\/exaudi.org\/it\/lo-riconobbero-nello-spezzare-il-pane-commento-di-padre-jorge-miro\/#breadcrumb","itemListElement":[{"@type":"ListItem","position":1,"name":"Portada","item":"https:\/\/exaudi.org\/it\/"},{"@type":"ListItem","position":2,"name":"Lo riconobbero nello spezzare il pane: Commento di Padre Jorge Mir\u00f3"}]},{"@type":"WebSite","@id":"https:\/\/exaudi.org\/#website","url":"https:\/\/exaudi.org\/","name":"Exaudi","description":"News","potentialAction":[{"@type":"SearchAction","target":{"@type":"EntryPoint","urlTemplate":"https:\/\/exaudi.org\/?s={search_term_string}"},"query-input":{"@type":"PropertyValueSpecification","valueRequired":true,"valueName":"search_term_string"}}],"inLanguage":"it-IT"},{"@type":"Person","@id":"https:\/\/exaudi.org\/#\/schema\/person\/a258c56b05e63b2b367bdca29e0ed3e3","name":"Jorge Mir\u00f3","image":{"@type":"ImageObject","inLanguage":"it-IT","@id":"https:\/\/secure.gravatar.com\/avatar\/f5ea26c436669b01b7b02124bf13596df002525d6f392707d301543be365bd44?s=96&d=mm&r=g","url":"https:\/\/secure.gravatar.com\/avatar\/f5ea26c436669b01b7b02124bf13596df002525d6f392707d301543be365bd44?s=96&d=mm&r=g","contentUrl":"https:\/\/secure.gravatar.com\/avatar\/f5ea26c436669b01b7b02124bf13596df002525d6f392707d301543be365bd44?s=96&d=mm&r=g","caption":"Jorge Mir\u00f3"},"description":"Sacerdote de la archidi\u00f3cesis de Valencia y profesor en la Facultad de Ciencias Jur\u00eddicas, Econ\u00f3micas y Sociales de la Universidad Cat\u00f3lica de Valencia","url":"https:\/\/exaudi.org\/it\/author\/jorgemiro\/"}]}},"jetpack_featured_media_url":"https:\/\/exaudi.org\/wp-content\/uploads\/2026\/04\/ai-generated-8648611_1280.jpg","jetpack_shortlink":"https:\/\/wp.me\/pgKjF2-HoX","_links":{"self":[{"href":"https:\/\/exaudi.org\/it\/wp-json\/wp\/v2\/posts\/166839","targetHints":{"allow":["GET"]}}],"collection":[{"href":"https:\/\/exaudi.org\/it\/wp-json\/wp\/v2\/posts"}],"about":[{"href":"https:\/\/exaudi.org\/it\/wp-json\/wp\/v2\/types\/post"}],"author":[{"embeddable":true,"href":"https:\/\/exaudi.org\/it\/wp-json\/wp\/v2\/users\/20"}],"replies":[{"embeddable":true,"href":"https:\/\/exaudi.org\/it\/wp-json\/wp\/v2\/comments?post=166839"}],"version-history":[{"count":3,"href":"https:\/\/exaudi.org\/it\/wp-json\/wp\/v2\/posts\/166839\/revisions"}],"predecessor-version":[{"id":166851,"href":"https:\/\/exaudi.org\/it\/wp-json\/wp\/v2\/posts\/166839\/revisions\/166851"}],"wp:featuredmedia":[{"embeddable":true,"href":"https:\/\/exaudi.org\/it\/wp-json\/wp\/v2\/media\/166651"}],"wp:attachment":[{"href":"https:\/\/exaudi.org\/it\/wp-json\/wp\/v2\/media?parent=166839"}],"wp:term":[{"taxonomy":"category","embeddable":true,"href":"https:\/\/exaudi.org\/it\/wp-json\/wp\/v2\/categories?post=166839"},{"taxonomy":"post_tag","embeddable":true,"href":"https:\/\/exaudi.org\/it\/wp-json\/wp\/v2\/tags?post=166839"}],"curies":[{"name":"wp","href":"https:\/\/api.w.org\/{rel}","templated":true}]}}