{"id":166489,"date":"2026-04-16T21:59:42","date_gmt":"2026-04-16T19:59:42","guid":{"rendered":"https:\/\/exaudi.org\/?p=166489"},"modified":"2026-04-16T22:06:13","modified_gmt":"2026-04-16T20:06:13","slug":"alza-gli-occhi-linno-che-unira-1700-voci-a-papa-leone-xiv","status":"publish","type":"post","link":"https:\/\/exaudi.org\/it\/alza-gli-occhi-linno-che-unira-1700-voci-a-papa-leone-xiv\/","title":{"rendered":"Alza gli occhi: l&#8217;inno che unir\u00e0 1700 voci a Papa Leone XIV"},"content":{"rendered":"<p><span dir=\"auto\" style=\"vertical-align: inherit\"><span dir=\"auto\" style=\"vertical-align: inherit\">Non \u00e8 solo una canzone, \u00e8 un movimento. Se qualcuno si aspettava il solito inno istituzionale, la premi\u00e8re di &#8221; <\/span><\/span><a href=\"https:\/\/youtu.be\/6QT0oJvxq6k?feature=shared\" target=\"_blank\" rel=\"noopener\"><strong><span dir=\"auto\" style=\"vertical-align: inherit\"><span dir=\"auto\" style=\"vertical-align: inherit\">Alza la Mirada<\/span><\/span><\/strong><\/a><span dir=\"auto\" style=\"vertical-align: inherit\"><span dir=\"auto\" style=\"vertical-align: inherit\"> &#8221; ha appena infranto ogni aspettativa. La colonna sonora ufficiale della visita di Papa Leone XIV in Spagna \u00e8 arrivata e suona come il presente, come la forza e, soprattutto, come l&#8217;unit\u00e0.<\/span><\/span><\/p>\n<p><span dir=\"auto\" style=\"vertical-align: inherit\"><span dir=\"auto\" style=\"vertical-align: inherit\">Ci\u00f2 che rende speciale questa canzone non \u00e8 solo la sua melodia orecchiabile, ma anche lo sforzo umano che c&#8217;\u00e8 dietro:\u00a0 <\/span><\/span><strong><span dir=\"auto\" style=\"vertical-align: inherit\"><span dir=\"auto\" style=\"vertical-align: inherit\">pi\u00f9 di 1.700 voci<\/span><\/span><\/strong><span dir=\"auto\" style=\"vertical-align: inherit\"><span dir=\"auto\" style=\"vertical-align: inherit\"> \u00a0provenienti da Madrid, Barcellona e altre parti della Spagna si sono unite in un&#8217;unica registrazione per dare il benvenuto al Papa.<\/span><\/span><\/p>\n<p><img loading=\"lazy\" decoding=\"async\" class=\"size-full wp-image-166436 alignnone\" src=\"https:\/\/exaudi.org\/wp-content\/uploads\/2026\/04\/5084ca98-bf36-430b-8eae-d6a02a0b44cb.webp\" alt=\"\" width=\"1920\" height=\"1080\" srcset=\"https:\/\/exaudi.org\/wp-content\/uploads\/2026\/04\/5084ca98-bf36-430b-8eae-d6a02a0b44cb.webp 1920w, https:\/\/exaudi.org\/wp-content\/uploads\/2026\/04\/5084ca98-bf36-430b-8eae-d6a02a0b44cb-300x169.webp 300w, https:\/\/exaudi.org\/wp-content\/uploads\/2026\/04\/5084ca98-bf36-430b-8eae-d6a02a0b44cb-1024x576.webp 1024w, https:\/\/exaudi.org\/wp-content\/uploads\/2026\/04\/5084ca98-bf36-430b-8eae-d6a02a0b44cb-770x433.webp 770w, https:\/\/exaudi.org\/wp-content\/uploads\/2026\/04\/5084ca98-bf36-430b-8eae-d6a02a0b44cb-1536x864.webp 1536w, https:\/\/exaudi.org\/wp-content\/uploads\/2026\/04\/5084ca98-bf36-430b-8eae-d6a02a0b44cb-500x281.webp 500w\" sizes=\"auto, (max-width: 1920px) 100vw, 1920px\" \/><\/p>\n<h3><strong><span dir=\"auto\" style=\"vertical-align: inherit\"><span dir=\"auto\" style=\"vertical-align: inherit\">Pi\u00f9 che musica, una dichiarazione d&#8217;intenti<\/span><\/span><\/strong><\/h3>\n<p><span dir=\"auto\" style=\"vertical-align: inherit\"><span dir=\"auto\" style=\"vertical-align: inherit\">Il titolo dice tutto. In un mondo che spesso ci costringe a guardare in basso, l&#8217;inno \u00e8 un invito diretto ad alzare la testa. La composizione rifugge dai ritmi piatti a favore di una produzione moderna che cerca di entrare in contatto con le strade e con i giovani che saranno al centro della visita.<\/span><\/span><\/p>\n<p><em><strong><span dir=\"auto\" style=\"vertical-align: inherit\"><span dir=\"auto\" style=\"vertical-align: inherit\">&#8220;Non \u00e8 musica da ascoltare seduti; \u00e8 musica da ascoltare camminando, uscendo e incontrando gente, e per festeggiare l&#8217;arrivo di qualcosa di grande.&#8221;<\/span><\/span><\/strong><\/em><\/p>\n<h3><strong><span dir=\"auto\" style=\"vertical-align: inherit\"><span dir=\"auto\" style=\"vertical-align: inherit\">Premi play!<\/span><\/span><\/strong><\/h3>\n<p><span dir=\"auto\" style=\"vertical-align: inherit\"><span dir=\"auto\" style=\"vertical-align: inherit\">Il videoclip ufficiale, gi\u00e0 in circolazione online, cattura l&#8217;essenza di questo progetto: persone vere, un&#8217;interpretazione corale potente e da brividi, e un&#8217;emozione che sprigiona dallo schermo. \u00c8 la prima grande tappa di un percorso che promette di lasciare il segno in ogni angolo del paese.<\/span><\/span><\/p>\n<p><a href=\"https:\/\/youtu.be\/6QT0oJvxq6k?feature=shared\" target=\"_blank\" rel=\"noopener\"><span dir=\"auto\" style=\"vertical-align: inherit\"><span dir=\"auto\" style=\"vertical-align: inherit\">Puoi guardare il video ufficiale qui.<\/span><\/span><\/a><\/p>\n<p><span dir=\"auto\" style=\"vertical-align: inherit\"><span dir=\"auto\" style=\"vertical-align: inherit\">Tutte le informazioni aggiornate, i dettagli del percorso e il materiale ufficiale sono disponibili sul\u00a0 <\/span><\/span><a href=\"http:\/\/www.conelpapa.es\/\" target=\"_blank\" rel=\"noopener\"><span dir=\"auto\" style=\"vertical-align: inherit\"><span dir=\"auto\" style=\"vertical-align: inherit\">sito www.conelpapa.es<\/span><\/span><\/a><\/p>\n","protected":false},"excerpt":{"rendered":"<p>La Spagna ora ha una colonna sonora per la visita apostolica: un inno rivoluzionario che abbraccia l&#8217;energia delle nuove generazioni<\/p>\n","protected":false},"author":17,"featured_media":166431,"comment_status":"closed","ping_status":"closed","sticky":false,"template":"","format":"standard","meta":{"_acf_changed":false,"_crdt_document":"","inline_featured_image":false,"footnotes":""},"categories":[73,67,119],"tags":[108509,108510,108512,108515,108511,108508,108513,108514,108516,41056,108507,108517,64787,108519,108520,108518],"class_list":["post-166489","post","type-post","status-publish","format-standard","has-post-thumbnail","hentry","category-chiesa-e-mondo","category-leone-xiv","category-viaggi","tag-canto-ufficiale-di-papa-leone-xiv","tag-coro-di-1700-voci-per-il-papa","tag-evento-cattolico-madrid-barcellona","tag-giovani-con-il-papa","tag-incontro-tra-il-papa-e-i-giovani-in-spagna","tag-inno-alza-gli-occhi","tag-inno-cristiano-contemporaneo","tag-inno-di-papa-leone-xiv-per-la-spagna","tag-musica-cattolica-moderna","tag-notizie-dal-papa","tag-notizie-dalla-chiesa-in-spagna","tag-preparativi-per-la-visita-papale","tag-trending-it-236","tag-video-musicale-ufficiale-per-il-papa-in-spagna","tag-visita-apostolica-del-papa-in-spagna","tag-visita-di-papa-leone-xiv-2026"],"acf":[],"yoast_head":"<!-- This site is optimized with the Yoast SEO plugin v27.4 - https:\/\/yoast.com\/product\/yoast-seo-wordpress\/ -->\n<title>Alza gli occhi: l&#039;inno che unir\u00e0 1700 voci a Papa Leone XIV &#8211; Exaudi<\/title>\n<meta name=\"robots\" content=\"index, follow, max-snippet:-1, max-image-preview:large, max-video-preview:-1\" \/>\n<link rel=\"canonical\" href=\"https:\/\/exaudi.org\/it\/alza-gli-occhi-linno-che-unira-1700-voci-a-papa-leone-xiv\/\" \/>\n<meta property=\"og:locale\" content=\"it_IT\" \/>\n<meta property=\"og:type\" content=\"article\" \/>\n<meta property=\"og:title\" content=\"Alza gli occhi: l&#039;inno che unir\u00e0 1700 voci a Papa Leone XIV &#8211; Exaudi\" \/>\n<meta property=\"og:description\" content=\"La Spagna ora ha una colonna sonora per la visita apostolica: un inno rivoluzionario che abbraccia l&#039;energia delle nuove generazioni\" \/>\n<meta property=\"og:url\" content=\"https:\/\/exaudi.org\/it\/alza-gli-occhi-linno-che-unira-1700-voci-a-papa-leone-xiv\/\" \/>\n<meta property=\"og:site_name\" content=\"Exaudi\" \/>\n<meta property=\"article:publisher\" content=\"https:\/\/www.facebook.com\/ExaudiNews\" \/>\n<meta property=\"article:author\" content=\"https:\/\/www.facebook.com\/ExaudiNotizie\/\" \/>\n<meta property=\"article:published_time\" content=\"2026-04-16T19:59:42+00:00\" \/>\n<meta property=\"article:modified_time\" content=\"2026-04-16T20:06:13+00:00\" \/>\n<meta property=\"og:image\" content=\"https:\/\/exaudi.org\/wp-content\/uploads\/2026\/04\/EuropaPress_7337384_march_2026_vatican_city_vatican_pope_leo_xiv_waves_during_his_weekly-1024x683-1.jpg\" \/>\n\t<meta property=\"og:image:width\" content=\"1024\" \/>\n\t<meta property=\"og:image:height\" content=\"683\" \/>\n\t<meta property=\"og:image:type\" content=\"image\/jpeg\" \/>\n<meta name=\"author\" content=\"Exaudi Redazione\" \/>\n<meta name=\"twitter:card\" content=\"summary_large_image\" \/>\n<meta name=\"twitter:creator\" content=\"@Exaudi_Notizie\" \/>\n<meta name=\"twitter:site\" content=\"@Exaudi_News\" \/>\n<meta name=\"twitter:label1\" content=\"Scritto da\" \/>\n\t<meta name=\"twitter:data1\" content=\"Exaudi Redazione\" \/>\n\t<meta name=\"twitter:label2\" content=\"Tempo di lettura stimato\" \/>\n\t<meta name=\"twitter:data2\" content=\"1 minuto\" \/>\n<script type=\"application\/ld+json\" class=\"yoast-schema-graph\">{\"@context\":\"https:\\\/\\\/schema.org\",\"@graph\":[{\"@type\":\"Article\",\"@id\":\"https:\\\/\\\/exaudi.org\\\/it\\\/alza-gli-occhi-linno-che-unira-1700-voci-a-papa-leone-xiv\\\/#article\",\"isPartOf\":{\"@id\":\"https:\\\/\\\/exaudi.org\\\/it\\\/alza-gli-occhi-linno-che-unira-1700-voci-a-papa-leone-xiv\\\/\"},\"author\":{\"name\":\"Exaudi Redazione\",\"@id\":\"https:\\\/\\\/exaudi.org\\\/#\\\/schema\\\/person\\\/e1ab6ed07c01774724dd96f925f3a5f0\"},\"headline\":\"Alza gli occhi: l&#8217;inno che unir\u00e0 1700 voci a Papa Leone XIV\",\"datePublished\":\"2026-04-16T19:59:42+00:00\",\"dateModified\":\"2026-04-16T20:06:13+00:00\",\"mainEntityOfPage\":{\"@id\":\"https:\\\/\\\/exaudi.org\\\/it\\\/alza-gli-occhi-linno-che-unira-1700-voci-a-papa-leone-xiv\\\/\"},\"wordCount\":267,\"image\":{\"@id\":\"https:\\\/\\\/exaudi.org\\\/it\\\/alza-gli-occhi-linno-che-unira-1700-voci-a-papa-leone-xiv\\\/#primaryimage\"},\"thumbnailUrl\":\"https:\\\/\\\/exaudi.org\\\/wp-content\\\/uploads\\\/2026\\\/04\\\/EuropaPress_7337384_march_2026_vatican_city_vatican_pope_leo_xiv_waves_during_his_weekly-1024x683-1.jpg\",\"keywords\":[\"Canto ufficiale di Papa Leone XIV\",\"Coro di 1700 voci per il Papa\",\"Evento cattolico Madrid Barcellona\",\"Giovani con il Papa\",\"Incontro tra il Papa e i giovani in Spagna\",\"Inno \\\"Alza gli occhi\\\"\",\"Inno cristiano contemporaneo\",\"Inno di Papa Leone XIV per la Spagna\",\"Musica cattolica moderna\",\"Notizie dal Papa\",\"Notizie dalla Chiesa in Spagna\",\"Preparativi per la visita papale\",\"Trending\",\"Video musicale ufficiale per il Papa in Spagna\",\"Visita apostolica del Papa in Spagna\",\"Visita di Papa Leone XIV 2026\"],\"articleSection\":[\"Chiesa e Mondo\",\"Leone XIV\",\"Viaggi\"],\"inLanguage\":\"it-IT\"},{\"@type\":\"WebPage\",\"@id\":\"https:\\\/\\\/exaudi.org\\\/it\\\/alza-gli-occhi-linno-che-unira-1700-voci-a-papa-leone-xiv\\\/\",\"url\":\"https:\\\/\\\/exaudi.org\\\/it\\\/alza-gli-occhi-linno-che-unira-1700-voci-a-papa-leone-xiv\\\/\",\"name\":\"Alza gli occhi: l'inno che unir\u00e0 1700 voci a Papa Leone XIV &#8211; Exaudi\",\"isPartOf\":{\"@id\":\"https:\\\/\\\/exaudi.org\\\/#website\"},\"primaryImageOfPage\":{\"@id\":\"https:\\\/\\\/exaudi.org\\\/it\\\/alza-gli-occhi-linno-che-unira-1700-voci-a-papa-leone-xiv\\\/#primaryimage\"},\"image\":{\"@id\":\"https:\\\/\\\/exaudi.org\\\/it\\\/alza-gli-occhi-linno-che-unira-1700-voci-a-papa-leone-xiv\\\/#primaryimage\"},\"thumbnailUrl\":\"https:\\\/\\\/exaudi.org\\\/wp-content\\\/uploads\\\/2026\\\/04\\\/EuropaPress_7337384_march_2026_vatican_city_vatican_pope_leo_xiv_waves_during_his_weekly-1024x683-1.jpg\",\"datePublished\":\"2026-04-16T19:59:42+00:00\",\"dateModified\":\"2026-04-16T20:06:13+00:00\",\"author\":{\"@id\":\"https:\\\/\\\/exaudi.org\\\/#\\\/schema\\\/person\\\/e1ab6ed07c01774724dd96f925f3a5f0\"},\"breadcrumb\":{\"@id\":\"https:\\\/\\\/exaudi.org\\\/it\\\/alza-gli-occhi-linno-che-unira-1700-voci-a-papa-leone-xiv\\\/#breadcrumb\"},\"inLanguage\":\"it-IT\",\"potentialAction\":[{\"@type\":\"ReadAction\",\"target\":[\"https:\\\/\\\/exaudi.org\\\/it\\\/alza-gli-occhi-linno-che-unira-1700-voci-a-papa-leone-xiv\\\/\"]}]},{\"@type\":\"ImageObject\",\"inLanguage\":\"it-IT\",\"@id\":\"https:\\\/\\\/exaudi.org\\\/it\\\/alza-gli-occhi-linno-che-unira-1700-voci-a-papa-leone-xiv\\\/#primaryimage\",\"url\":\"https:\\\/\\\/exaudi.org\\\/wp-content\\\/uploads\\\/2026\\\/04\\\/EuropaPress_7337384_march_2026_vatican_city_vatican_pope_leo_xiv_waves_during_his_weekly-1024x683-1.jpg\",\"contentUrl\":\"https:\\\/\\\/exaudi.org\\\/wp-content\\\/uploads\\\/2026\\\/04\\\/EuropaPress_7337384_march_2026_vatican_city_vatican_pope_leo_xiv_waves_during_his_weekly-1024x683-1.jpg\",\"width\":1024,\"height\":683,\"caption\":\"ANSA\\\/FABIO FRUSTACI\"},{\"@type\":\"BreadcrumbList\",\"@id\":\"https:\\\/\\\/exaudi.org\\\/it\\\/alza-gli-occhi-linno-che-unira-1700-voci-a-papa-leone-xiv\\\/#breadcrumb\",\"itemListElement\":[{\"@type\":\"ListItem\",\"position\":1,\"name\":\"Portada\",\"item\":\"https:\\\/\\\/exaudi.org\\\/it\\\/\"},{\"@type\":\"ListItem\",\"position\":2,\"name\":\"Alza gli occhi: l&#8217;inno che unir\u00e0 1700 voci a Papa Leone XIV\"}]},{\"@type\":\"WebSite\",\"@id\":\"https:\\\/\\\/exaudi.org\\\/#website\",\"url\":\"https:\\\/\\\/exaudi.org\\\/\",\"name\":\"Exaudi\",\"description\":\"News\",\"potentialAction\":[{\"@type\":\"SearchAction\",\"target\":{\"@type\":\"EntryPoint\",\"urlTemplate\":\"https:\\\/\\\/exaudi.org\\\/?s={search_term_string}\"},\"query-input\":{\"@type\":\"PropertyValueSpecification\",\"valueRequired\":true,\"valueName\":\"search_term_string\"}}],\"inLanguage\":\"it-IT\"},{\"@type\":\"Person\",\"@id\":\"https:\\\/\\\/exaudi.org\\\/#\\\/schema\\\/person\\\/e1ab6ed07c01774724dd96f925f3a5f0\",\"name\":\"Exaudi Redazione\",\"image\":{\"@type\":\"ImageObject\",\"inLanguage\":\"it-IT\",\"@id\":\"https:\\\/\\\/secure.gravatar.com\\\/avatar\\\/ad6774b3ada023bf5b939d64f45c94b3adf91502dd883507d469b4308a943bb3?s=96&d=mm&r=g\",\"url\":\"https:\\\/\\\/secure.gravatar.com\\\/avatar\\\/ad6774b3ada023bf5b939d64f45c94b3adf91502dd883507d469b4308a943bb3?s=96&d=mm&r=g\",\"contentUrl\":\"https:\\\/\\\/secure.gravatar.com\\\/avatar\\\/ad6774b3ada023bf5b939d64f45c94b3adf91502dd883507d469b4308a943bb3?s=96&d=mm&r=g\",\"caption\":\"Exaudi Redazione\"},\"description\":\"Che cosa \u00e8 Exaudi News? Exaudi News \u00e8 un agenzia cattolica internazionale che informa, istruisce e trasforma quotidianamente in spagnolo, inglese e italiano. Attraverso notizie, articoli di analisi e trasmissioni in diretta degli eventi del Papa, Exaudi cerca di rafforzare l'unit\u00e0 dei cristiani e di contribuire all'evangelizzazione del mondo, sempre guidato dalla dottrina sociale della Chiesa. Lavoriamo per portare la verit\u00e0 e i valori cristiani in ogni angolo del pianeta. Aiutaci a trasformare il mondo con Exaudi! Noi di Exaudi crediamo che l'evangelizzazione e l'informazione di qualit\u00e0 possano cambiare la vita. Per continuare la nostra missione ed espandere la nostra portata, abbiamo bisogno del tuo aiuto. Stiamo anche cercando persone motivate che vogliano unirsi al nostro team. Grazie al vostro sostegno raggiungeremo pi\u00f9 persone, diffonderemo il messaggio di Cristo e rafforzeremo l'unit\u00e0 dei cristiani. Vuoi unirti alla nostra missione? Per maggiori informazioni su come contribuire, visita Exaudi.org\\\/it o contattaci direttamente: info@exaudi.org Exaudi: informa, forma e trasforma.\",\"sameAs\":[\"https:\\\/\\\/www.facebook.com\\\/ExaudiNotizie\\\/\",\"https:\\\/\\\/www.instagram.com\\\/Exaudi_notizie\\\/\",\"https:\\\/\\\/x.com\\\/Exaudi_Notizie\",\"https:\\\/\\\/www.youtube.com\\\/@exaudicatholicnews\"],\"url\":\"https:\\\/\\\/exaudi.org\\\/it\\\/author\\\/dlvedi-org\\\/\"}]}<\/script>\n<!-- \/ Yoast SEO plugin. -->","yoast_head_json":{"title":"Alza gli occhi: l'inno che unir\u00e0 1700 voci a Papa Leone XIV &#8211; Exaudi","robots":{"index":"index","follow":"follow","max-snippet":"max-snippet:-1","max-image-preview":"max-image-preview:large","max-video-preview":"max-video-preview:-1"},"canonical":"https:\/\/exaudi.org\/it\/alza-gli-occhi-linno-che-unira-1700-voci-a-papa-leone-xiv\/","og_locale":"it_IT","og_type":"article","og_title":"Alza gli occhi: l'inno che unir\u00e0 1700 voci a Papa Leone XIV &#8211; Exaudi","og_description":"La Spagna ora ha una colonna sonora per la visita apostolica: un inno rivoluzionario che abbraccia l'energia delle nuove generazioni","og_url":"https:\/\/exaudi.org\/it\/alza-gli-occhi-linno-che-unira-1700-voci-a-papa-leone-xiv\/","og_site_name":"Exaudi","article_publisher":"https:\/\/www.facebook.com\/ExaudiNews","article_author":"https:\/\/www.facebook.com\/ExaudiNotizie\/","article_published_time":"2026-04-16T19:59:42+00:00","article_modified_time":"2026-04-16T20:06:13+00:00","og_image":[{"width":1024,"height":683,"url":"https:\/\/exaudi.org\/wp-content\/uploads\/2026\/04\/EuropaPress_7337384_march_2026_vatican_city_vatican_pope_leo_xiv_waves_during_his_weekly-1024x683-1.jpg","type":"image\/jpeg"}],"author":"Exaudi Redazione","twitter_card":"summary_large_image","twitter_creator":"@Exaudi_Notizie","twitter_site":"@Exaudi_News","twitter_misc":{"Scritto da":"Exaudi Redazione","Tempo di lettura stimato":"1 minuto"},"schema":{"@context":"https:\/\/schema.org","@graph":[{"@type":"Article","@id":"https:\/\/exaudi.org\/it\/alza-gli-occhi-linno-che-unira-1700-voci-a-papa-leone-xiv\/#article","isPartOf":{"@id":"https:\/\/exaudi.org\/it\/alza-gli-occhi-linno-che-unira-1700-voci-a-papa-leone-xiv\/"},"author":{"name":"Exaudi Redazione","@id":"https:\/\/exaudi.org\/#\/schema\/person\/e1ab6ed07c01774724dd96f925f3a5f0"},"headline":"Alza gli occhi: l&#8217;inno che unir\u00e0 1700 voci a Papa Leone XIV","datePublished":"2026-04-16T19:59:42+00:00","dateModified":"2026-04-16T20:06:13+00:00","mainEntityOfPage":{"@id":"https:\/\/exaudi.org\/it\/alza-gli-occhi-linno-che-unira-1700-voci-a-papa-leone-xiv\/"},"wordCount":267,"image":{"@id":"https:\/\/exaudi.org\/it\/alza-gli-occhi-linno-che-unira-1700-voci-a-papa-leone-xiv\/#primaryimage"},"thumbnailUrl":"https:\/\/exaudi.org\/wp-content\/uploads\/2026\/04\/EuropaPress_7337384_march_2026_vatican_city_vatican_pope_leo_xiv_waves_during_his_weekly-1024x683-1.jpg","keywords":["Canto ufficiale di Papa Leone XIV","Coro di 1700 voci per il Papa","Evento cattolico Madrid Barcellona","Giovani con il Papa","Incontro tra il Papa e i giovani in Spagna","Inno \"Alza gli occhi\"","Inno cristiano contemporaneo","Inno di Papa Leone XIV per la Spagna","Musica cattolica moderna","Notizie dal Papa","Notizie dalla Chiesa in Spagna","Preparativi per la visita papale","Trending","Video musicale ufficiale per il Papa in Spagna","Visita apostolica del Papa in Spagna","Visita di Papa Leone XIV 2026"],"articleSection":["Chiesa e Mondo","Leone XIV","Viaggi"],"inLanguage":"it-IT"},{"@type":"WebPage","@id":"https:\/\/exaudi.org\/it\/alza-gli-occhi-linno-che-unira-1700-voci-a-papa-leone-xiv\/","url":"https:\/\/exaudi.org\/it\/alza-gli-occhi-linno-che-unira-1700-voci-a-papa-leone-xiv\/","name":"Alza gli occhi: l'inno che unir\u00e0 1700 voci a Papa Leone XIV &#8211; Exaudi","isPartOf":{"@id":"https:\/\/exaudi.org\/#website"},"primaryImageOfPage":{"@id":"https:\/\/exaudi.org\/it\/alza-gli-occhi-linno-che-unira-1700-voci-a-papa-leone-xiv\/#primaryimage"},"image":{"@id":"https:\/\/exaudi.org\/it\/alza-gli-occhi-linno-che-unira-1700-voci-a-papa-leone-xiv\/#primaryimage"},"thumbnailUrl":"https:\/\/exaudi.org\/wp-content\/uploads\/2026\/04\/EuropaPress_7337384_march_2026_vatican_city_vatican_pope_leo_xiv_waves_during_his_weekly-1024x683-1.jpg","datePublished":"2026-04-16T19:59:42+00:00","dateModified":"2026-04-16T20:06:13+00:00","author":{"@id":"https:\/\/exaudi.org\/#\/schema\/person\/e1ab6ed07c01774724dd96f925f3a5f0"},"breadcrumb":{"@id":"https:\/\/exaudi.org\/it\/alza-gli-occhi-linno-che-unira-1700-voci-a-papa-leone-xiv\/#breadcrumb"},"inLanguage":"it-IT","potentialAction":[{"@type":"ReadAction","target":["https:\/\/exaudi.org\/it\/alza-gli-occhi-linno-che-unira-1700-voci-a-papa-leone-xiv\/"]}]},{"@type":"ImageObject","inLanguage":"it-IT","@id":"https:\/\/exaudi.org\/it\/alza-gli-occhi-linno-che-unira-1700-voci-a-papa-leone-xiv\/#primaryimage","url":"https:\/\/exaudi.org\/wp-content\/uploads\/2026\/04\/EuropaPress_7337384_march_2026_vatican_city_vatican_pope_leo_xiv_waves_during_his_weekly-1024x683-1.jpg","contentUrl":"https:\/\/exaudi.org\/wp-content\/uploads\/2026\/04\/EuropaPress_7337384_march_2026_vatican_city_vatican_pope_leo_xiv_waves_during_his_weekly-1024x683-1.jpg","width":1024,"height":683,"caption":"ANSA\/FABIO FRUSTACI"},{"@type":"BreadcrumbList","@id":"https:\/\/exaudi.org\/it\/alza-gli-occhi-linno-che-unira-1700-voci-a-papa-leone-xiv\/#breadcrumb","itemListElement":[{"@type":"ListItem","position":1,"name":"Portada","item":"https:\/\/exaudi.org\/it\/"},{"@type":"ListItem","position":2,"name":"Alza gli occhi: l&#8217;inno che unir\u00e0 1700 voci a Papa Leone XIV"}]},{"@type":"WebSite","@id":"https:\/\/exaudi.org\/#website","url":"https:\/\/exaudi.org\/","name":"Exaudi","description":"News","potentialAction":[{"@type":"SearchAction","target":{"@type":"EntryPoint","urlTemplate":"https:\/\/exaudi.org\/?s={search_term_string}"},"query-input":{"@type":"PropertyValueSpecification","valueRequired":true,"valueName":"search_term_string"}}],"inLanguage":"it-IT"},{"@type":"Person","@id":"https:\/\/exaudi.org\/#\/schema\/person\/e1ab6ed07c01774724dd96f925f3a5f0","name":"Exaudi Redazione","image":{"@type":"ImageObject","inLanguage":"it-IT","@id":"https:\/\/secure.gravatar.com\/avatar\/ad6774b3ada023bf5b939d64f45c94b3adf91502dd883507d469b4308a943bb3?s=96&d=mm&r=g","url":"https:\/\/secure.gravatar.com\/avatar\/ad6774b3ada023bf5b939d64f45c94b3adf91502dd883507d469b4308a943bb3?s=96&d=mm&r=g","contentUrl":"https:\/\/secure.gravatar.com\/avatar\/ad6774b3ada023bf5b939d64f45c94b3adf91502dd883507d469b4308a943bb3?s=96&d=mm&r=g","caption":"Exaudi Redazione"},"description":"Che cosa \u00e8 Exaudi News? Exaudi News \u00e8 un agenzia cattolica internazionale che informa, istruisce e trasforma quotidianamente in spagnolo, inglese e italiano. Attraverso notizie, articoli di analisi e trasmissioni in diretta degli eventi del Papa, Exaudi cerca di rafforzare l'unit\u00e0 dei cristiani e di contribuire all'evangelizzazione del mondo, sempre guidato dalla dottrina sociale della Chiesa. Lavoriamo per portare la verit\u00e0 e i valori cristiani in ogni angolo del pianeta. Aiutaci a trasformare il mondo con Exaudi! Noi di Exaudi crediamo che l'evangelizzazione e l'informazione di qualit\u00e0 possano cambiare la vita. Per continuare la nostra missione ed espandere la nostra portata, abbiamo bisogno del tuo aiuto. Stiamo anche cercando persone motivate che vogliano unirsi al nostro team. Grazie al vostro sostegno raggiungeremo pi\u00f9 persone, diffonderemo il messaggio di Cristo e rafforzeremo l'unit\u00e0 dei cristiani. Vuoi unirti alla nostra missione? Per maggiori informazioni su come contribuire, visita Exaudi.org\/it o contattaci direttamente: info@exaudi.org Exaudi: informa, forma e trasforma.","sameAs":["https:\/\/www.facebook.com\/ExaudiNotizie\/","https:\/\/www.instagram.com\/Exaudi_notizie\/","https:\/\/x.com\/Exaudi_Notizie","https:\/\/www.youtube.com\/@exaudicatholicnews"],"url":"https:\/\/exaudi.org\/it\/author\/dlvedi-org\/"}]}},"jetpack_featured_media_url":"https:\/\/exaudi.org\/wp-content\/uploads\/2026\/04\/EuropaPress_7337384_march_2026_vatican_city_vatican_pope_leo_xiv_waves_during_his_weekly-1024x683-1.jpg","jetpack_shortlink":"https:\/\/wp.me\/pgKjF2-Hjj","_links":{"self":[{"href":"https:\/\/exaudi.org\/it\/wp-json\/wp\/v2\/posts\/166489","targetHints":{"allow":["GET"]}}],"collection":[{"href":"https:\/\/exaudi.org\/it\/wp-json\/wp\/v2\/posts"}],"about":[{"href":"https:\/\/exaudi.org\/it\/wp-json\/wp\/v2\/types\/post"}],"author":[{"embeddable":true,"href":"https:\/\/exaudi.org\/it\/wp-json\/wp\/v2\/users\/17"}],"replies":[{"embeddable":true,"href":"https:\/\/exaudi.org\/it\/wp-json\/wp\/v2\/comments?post=166489"}],"version-history":[{"count":3,"href":"https:\/\/exaudi.org\/it\/wp-json\/wp\/v2\/posts\/166489\/revisions"}],"predecessor-version":[{"id":166492,"href":"https:\/\/exaudi.org\/it\/wp-json\/wp\/v2\/posts\/166489\/revisions\/166492"}],"wp:featuredmedia":[{"embeddable":true,"href":"https:\/\/exaudi.org\/it\/wp-json\/wp\/v2\/media\/166431"}],"wp:attachment":[{"href":"https:\/\/exaudi.org\/it\/wp-json\/wp\/v2\/media?parent=166489"}],"wp:term":[{"taxonomy":"category","embeddable":true,"href":"https:\/\/exaudi.org\/it\/wp-json\/wp\/v2\/categories?post=166489"},{"taxonomy":"post_tag","embeddable":true,"href":"https:\/\/exaudi.org\/it\/wp-json\/wp\/v2\/tags?post=166489"}],"curies":[{"name":"wp","href":"https:\/\/api.w.org\/{rel}","templated":true}]}}