{"id":16590,"date":"2021-05-13T09:05:22","date_gmt":"2021-05-13T07:05:22","guid":{"rendered":"https:\/\/exaudi.org\/?p=16590"},"modified":"2021-05-13T09:05:22","modified_gmt":"2021-05-13T07:05:22","slug":"la-mano-materna-che-salvo-giovanni-paolo-ii","status":"publish","type":"post","link":"https:\/\/exaudi.org\/it\/la-mano-materna-che-salvo-giovanni-paolo-ii\/","title":{"rendered":"La mano materna che salv\u00f2 Giovanni Paolo II"},"content":{"rendered":"<p>In 27 anni indimenticabili di pontificato, Giovanni Paolo II ha battuto un&#8217;infinit\u00e0 di record, quanto a numeri di viaggi, udienze, incontri e via dicendo. Ma c&#8217;\u00e8 un altro record che papa Wojtyla, potendo, forse si sarebbe risparmiato; le quindici aggressioni subite, pi\u00f9 o meno gravi, molte quasi ignote, ancora oggi, ai fedeli e ai giornalisti.<\/p>\n<p>L&#8217;episodio pi\u00f9 grave e famoso rimane l&#8217;attentato del 13 maggio 1981 in piazza san Pietro, durante il giro per salutare da vicino la gente, a bordo dell&#8217;auto scoperta, prima dell&#8217;udienza generale. Alle 5.17 del pomeriggio il ventitreenne turco Al\u00ec Agca, appostato tra la folla, spar\u00f2 al Papa due colpi di pistola, da una distanza di appena 3 o 4 metri. Uno dei due proiettili fer\u00ec gravemente all&#8217;addome Giovanni Paolo II, causandogli gravissime lesioni all&#8217;intestino.<\/p>\n<h4>La corsa per salvare il Pontefice<\/h4>\n<p>Il Papa ferito e sanguinante fu portato in ambulanza all&#8217;ospedale Gemelli di Roma in una corsa contro il tempo. Le sue funzioni vitali si andavano affievolendo minuto dopo minuto. Nella sala operatoria dell&#8217;ospedale, il segretario personale Stanislaw Dziwisz, futuro arcivescovo di Cracovia, su consiglio dei medici amministr\u00f2 piangendo al Pontefice il sacramento dell&#8217;estrema unzione.<\/p>\n<p>I chirurghi del Gemelli scoprirono di l\u00ec a poco con sollievo che la pallottola di Al\u00ec Agca, pur avendo devastato vari organi, aveva mancato l&#8217;aorta per pochi millimetri. In caso contrario, il Papa sarebbe morto in pochi minuti. Passata la mezzanotte, il mondo intero apprese dal bollettino diramato dal Gemelli la notizia tanto attesa: il Papa era salvo!<\/p>\n<h4>Il &#8220;mistero&#8221; Al\u00ec Agca<\/h4>\n<p>Intanto l&#8217;attentatore era stato subito fermato dalla polizia, con l&#8217;aiuto di due suore: una, rimasta ignota, che stratton\u00f2 il braccio di Al\u00ec Agca impedendogli di sparare altri colpi; l&#8217;altra, suor Letizia Giudici, francescana, il cui intervento fu decisivo per impedire che Agca si facesse largo tra la folla e fuggisse. Un ritratto del \u201cpersonaggio\u201d Al\u00ec Agca \u00e8 difficile ancor oggi da delineare. Certo \u00e8 che era un killer esperto, e lui stesso rimase sorpreso nel non essere riuscito ad uccidere il Papa (anche se una volta disse che non era questo il suo intento). Raccont\u00f2 anche che non aveva agito da solo, ma col supporto di mandanti e fiancheggiatori, di cui nulla di chiaro si sa ancora oggi, 40 anni dopo. E la sua collaborazione nel dipanare il groviglio delle indagini si \u00e8 sempre rivelata contraddittoria e quindi inutile.<\/p>\n<h4>Il perdono<\/h4>\n<p>Papa Giovanni Paolo II, pur non sapendone ancora il nome, gi\u00e0 dentro l&#8217;ambulanza verso il Gemelli ebbe parole di perdono per lui. E il 27 dicembre 1983 gli fece addirittura visita al carcere di Rebibbia, a Roma, per un fitto colloquio di 10 minuti, faccia a faccia, di cui il Papa non rifer\u00ec ad altri quasi nulla.<\/p>\n<h4>La mano di Maria<\/h4>\n<p>Scampato il pericolo della morte, le radiografie dei medici rivelarono che il proiettile era entrato nel corpo del Papa accanto all&#8217;ombelico e uscito dalla schiena; non aveva seguito una traiettoria lineare, schivando tutti gli organi vitali. Fu cos\u00ec che meditando sull&#8217;accaduto, nei giorni di ricovero al Gemelli, Giovanni Paolo II matur\u00f2 presto la convinzione che \u201cuna mano ha sparato, un\u2019altra ha deviato la traiettoria\u201d. E la mano che lo salv\u00f2 non poteva che essere quella della Vergine di Fatima, festeggiata proprio quel giorno, il 13 maggio, la data della prima delle sei apparizioni \u2013 nell&#8217;ormai lontano 1917\u2013 a Francesco, Giacinta e Lucia, tre pastorelli della localit\u00e0 del Portogallo divenuta poi uno dei pi\u00f9 frequentati santuari mariani del mondo.<\/p>\n<h4>Il secondo ricovero<\/h4>\n<p>Le cure del papa ferito e debilitato richiesero pi\u00f9 tempo del previsto, fino al 3 giugno, quando Karol Wojtyla lasci\u00f2 l&#8217;ospedale. Ma presto si rese necessario un secondo ricovero, molto pi\u00f9 lungo del primo, fino al 14 agosto, per curare un&#8217;infezione da Citomegalovirus contratta durante l&#8217;operazione disperata poche ore dopo l&#8217;attentato.<\/p>\n<p>Fu cos\u00ec ad inizio agosto del 1981 che, riflettendo sui fatti del 13 maggio, papa Wojtyla chiese al segretario don Stanislao di leggere il testo del terzo segreto di Fatima, scritto nel \u201944 da Lucia, l\u2019unica veggente dei tre ancora in vita, e letto fino a quel momento solo dai suoi predecessori Giovanni XXIII e Paolo VI.<\/p>\n<h4>Pellegrino a Fatima<\/h4>\n<p>Un anno dopo, il 13 maggio 1982, Giovanni Paolo II vol\u00f2 in Portogallo per farsi pellegrino a Fatima e quindi ringraziare di persona la Madonna che l&#8217;anno prima gli aveva salvato la vita. Pochi ricordano che il giorno prima, la sera del 12 maggio, anche un sacerdote spagnolo, Juan Maria Fernandez y Krohn, oppositore delle riforme del Concilio vaticano II, tent\u00f2 di aggredire il Papa con un coltello, riuscendo anche a raggiungere al fianco Giovanni Paolo II con la lama. Ma quella volta la ferita, abbastanza lieve, non richiese cure immediate. I giornalisti al seguito invece ricordano ancora bene l&#8217;intensa preghiera del papa in silenzio, in diretta TV, di fronte alla statua della Vergine.<\/p>\n<h4>La consacrazione<\/h4>\n<p>Quella stessa statua fu portata poi a Roma nel 1984, per volont\u00e0 di papa Wojtyla, per celebrare un solenne \u201catto di consacrazione del mondo\u201d al cuore immacolato di Maria, come richiesto a Fatima dalla Vergine nella seconda parte del segreto. Nel frattempo, il proiettile che quasi uccise il Pontefice nel 1981 era stato consegnato al vescovo portoghese di Leiria-Fatima, che lo fece incastonare nella corona della statua, dove ancora oggi si trova.<\/p>\n<p>Il Papa viaggiatore torn\u00f2 ancora in quel santuario nel 91 e poi nel 2000, durante il giubileo. E quel terzo viaggio del pontificato a Fatima fu il pi\u00f9 denso di significati e suggestioni. Nel 1981, durante il primo ricovero al Gemelli, il papa ricevette dalla Polonia la triste notizia della morte del cardinale polacco Stefan Wyszynski, arcivescovo di Varsavia e Primate di Polonia, amico fraterno di Karol Wojtyla, a cui aveva profetizzato, nel conclave che elesse Giovanni Paolo II: \u201cTu introdurrai la chiesa nel terzo millennio\u201d. Parole che sicuramente tornarono spesso in mente a papa Wojtyla, in quel drammatico 1981 e poi anche celebrando il solenne giubileo del 2000.<\/p>\n<h4>Il terzo segreto<\/h4>\n<p>A Fatima, il 13 maggio 2000, Giovanni Paolo II non solo beatific\u00f2 i pastorelli Giacinta e Francesco, morti in tenera et\u00e0 gi\u00e0 poco dopo le apparizioni di Fatima. Il viaggio in Portogallo fu anche l&#8217;occasione per fare annunciare dal segretario di Stato cardinal Sodano, sulla spianata del santuario, che Giovanni Paolo II aveva deciso di rendere pubblica quella terza parte del segreto di Fatima da lui letta 19 anni prima, e su cui si erano moltiplicate nel corso dei decenni letture surreali e apocalittiche. La pubblicazione avvenne il 26 giugno 2000 in sala stampa vaticana, affollata di cronisti da tutto il mondo.<\/p>\n<p>\u201cLa visione di Fatima\u201d, era stato anticipato dal cardinal Sodano, \u201criguarda soprattutto la lotta dei sistemi atei contro la Chiesa e i cristiani e descrive l&#8217;immane sofferenza dei testimoni della fede dell&#8217;ultimo secolo del secondo millennio. \u00c8 una interminabile Via Crucis guidata dai Papi del ventesimo secolo\u201d.<\/p>\n<h4>La Chiesa martire<\/h4>\n<p>E&#8217; quella terza parte del segreto quella che contiene la visione famosa del \u201cvescovo vestito di bianco\u201d che camminando tra rovine e cadaveri arriva in cima ad un\u2019altura sormontata da una croce, e l\u00ec cade morto, trafitto da frecce e colpi di arma da fuoco, insieme a molti altri vescovi, sacerdoti, religiosi, uomini e donne che erano con lui. Questa visione, comment\u00f2 di nuovo l&#8217;allora prefetto della Congregazione per la dottrina della fede cardinale Ratzinger, futuro papa Benedetto XVI, richiama il martirio della Chiesa nel \u2018900; il secolo delle guerre mondiali, dei totalitarismi, delle pulizie etniche, delle persecuzioni.<\/p>\n<p>In quello scritto papa Wojtyla aveva visto da subito il segno della speciale protezione ricevuta da Dio, per intercessione della Madonna di Fatima, quando lui stesso rischi\u00f2 la morte. \u201cFu una mano materna a guidare la traiettoria della pallottola e il Papa agonizzante si ferm\u00f2 sulla soglia della morte\u201d, aveva affermato Giovanni Paolo II in un altro 13 maggio, nel 1994.<\/p>\n<h4>&#8220;La preghiera \u00e8 pi\u00f9 forte dei proiettili&#8221;<\/h4>\n<p>Il cardinale Ratzinger, il 26 giugno 2000, spieg\u00f2 ancora: \u201cChe qui una &#8216;mano materna&#8217; abbia deviato la pallottola mortale, mostra solo ancora una volta che non esiste un destino immutabile, che fede e preghiera sono potenze, che possono influire nella storia e che alla fine la preghiera \u00e8 pi\u00f9 forte dei proiettili, la fede pi\u00f9 potente delle divisioni\u201d.<\/p>\n<p>Il terzo segreto di Fatima, in definitiva, non conteneva nessun mistero, n\u00e9 rivelava nulla sul corso futuro della storia. \u201cCi\u00f2 che rimane\u201d, concluse Ratzinger, \u00e8 \u201cl\u2019esortazione alla preghiera per la salvezza delle anime e nello stesso senso il richiamo alla penitenza e alla conversione\u201d.<\/p>\n<p>Suor Lucia mor\u00ec nel 2005, accompagnata da voci ed illazioni su un presunto quarto segreto di Fatima mai rivelato. Dall&#8217;attentato al Papa del 13 maggio 1981 sono passati 40 anni, e i suoi retroscena rimangono tanti ed oscuri. Ma una certezza non abbandon\u00f2 mai papa Wojtyla, come disse lui stesso ai fedeli riuniti in piazza san Pietro, al primo incontro di persona dopo i lunghi ricoveri in ospedale di quell&#8217;anno: \u201cPotrei dimenticare che l&#8217;evento in piazza san Pietro (l&#8217;attentato, NDR) ha avuto luogo nel giorno e nell&#8217;ora nei quali, da pi\u00f9 di 60 anni, si ricorda a Fatima, in Portogallo, la prima apparizione della madre di Cristo ai poveri pastorelli? In tutto ci\u00f2 che mi \u00e8 successo quel giorno ho avvertito una straordinaria protezione e premura materna. Essa si \u00e8 dimostrata pi\u00f9 forte del proiettile micidiale\u201d.<\/p>\n<p>In Piazza san Pietro, dal 2006, un anno dopo la scomparsa di Giovanni Paolo II, una lapide posta sul punto esatto dell\u2019attentato fa memoria di questa storia.<\/p>\n","protected":false},"excerpt":{"rendered":"<p>40 anni fa l&#8217;attentato a Giovanni Paolo II in piazza San Pietro<\/p>\n","protected":false},"author":3,"featured_media":16592,"comment_status":"closed","ping_status":"closed","sticky":false,"template":"","format":"standard","meta":{"_acf_changed":false,"_crdt_document":"","inline_featured_image":false,"footnotes":""},"categories":[58],"tags":[2287,2288,2273,1671],"class_list":["post-16590","post","type-post","status-publish","format-standard","has-post-thumbnail","hentry","category-featured-news","tag-ali-agca","tag-attentato","tag-fatima-it","tag-giovanni-paolo-ii"],"acf":[],"yoast_head":"<!-- This site is optimized with the Yoast SEO plugin v27.5 - https:\/\/yoast.com\/product\/yoast-seo-wordpress\/ -->\n<title>La mano materna che salv\u00f2 Giovanni Paolo II &#8211; Exaudi<\/title>\n<meta name=\"description\" content=\"Il 13 maggio di 40 anni fa l&#039;attentato di Al\u00ec Agca contro Giovanni Paolo II in piazza San Pietro: la mano materna che salv\u00f2 il Papa\" \/>\n<meta name=\"robots\" content=\"index, follow, max-snippet:-1, max-image-preview:large, max-video-preview:-1\" \/>\n<link rel=\"canonical\" href=\"https:\/\/exaudi.org\/it\/la-mano-materna-che-salvo-giovanni-paolo-ii\/\" \/>\n<meta property=\"og:locale\" content=\"it_IT\" \/>\n<meta property=\"og:type\" content=\"article\" \/>\n<meta property=\"og:title\" content=\"La mano materna che salv\u00f2 Giovanni Paolo II &#8211; Exaudi\" \/>\n<meta property=\"og:description\" content=\"Il 13 maggio di 40 anni fa l&#039;attentato di Al\u00ec Agca contro Giovanni Paolo II in piazza San Pietro: la mano materna che salv\u00f2 il Papa\" \/>\n<meta property=\"og:url\" content=\"https:\/\/exaudi.org\/it\/la-mano-materna-che-salvo-giovanni-paolo-ii\/\" \/>\n<meta property=\"og:site_name\" content=\"Exaudi\" \/>\n<meta property=\"article:publisher\" content=\"https:\/\/www.facebook.com\/ExaudiNews\" \/>\n<meta property=\"article:published_time\" content=\"2021-05-13T07:05:22+00:00\" \/>\n<meta property=\"og:image\" content=\"https:\/\/exaudi.org\/wp-content\/uploads\/2021\/05\/GPII.jpeg\" \/>\n\t<meta property=\"og:image:width\" content=\"1036\" \/>\n\t<meta property=\"og:image:height\" content=\"756\" \/>\n\t<meta property=\"og:image:type\" content=\"image\/jpeg\" \/>\n<meta name=\"author\" content=\"Deborah Castellano Lubov\" \/>\n<meta name=\"twitter:card\" content=\"summary_large_image\" \/>\n<meta name=\"twitter:creator\" content=\"@Exaudi_News\" \/>\n<meta name=\"twitter:site\" content=\"@Exaudi_News\" \/>\n<meta name=\"twitter:label1\" content=\"Scritto da\" \/>\n\t<meta name=\"twitter:data1\" content=\"Deborah Castellano Lubov\" \/>\n\t<meta name=\"twitter:label2\" content=\"Tempo di lettura stimato\" \/>\n\t<meta name=\"twitter:data2\" content=\"7 minuti\" \/>\n<script type=\"application\/ld+json\" class=\"yoast-schema-graph\">{\"@context\":\"https:\\\/\\\/schema.org\",\"@graph\":[{\"@type\":\"Article\",\"@id\":\"https:\\\/\\\/exaudi.org\\\/it\\\/la-mano-materna-che-salvo-giovanni-paolo-ii\\\/#article\",\"isPartOf\":{\"@id\":\"https:\\\/\\\/exaudi.org\\\/it\\\/la-mano-materna-che-salvo-giovanni-paolo-ii\\\/\"},\"author\":{\"name\":\"Deborah Castellano Lubov\",\"@id\":\"https:\\\/\\\/exaudi.org\\\/#\\\/schema\\\/person\\\/ca36230f63b85cb8badafaa15f06d602\"},\"headline\":\"La mano materna che salv\u00f2 Giovanni Paolo II\",\"datePublished\":\"2021-05-13T07:05:22+00:00\",\"mainEntityOfPage\":{\"@id\":\"https:\\\/\\\/exaudi.org\\\/it\\\/la-mano-materna-che-salvo-giovanni-paolo-ii\\\/\"},\"wordCount\":1561,\"image\":{\"@id\":\"https:\\\/\\\/exaudi.org\\\/it\\\/la-mano-materna-che-salvo-giovanni-paolo-ii\\\/#primaryimage\"},\"thumbnailUrl\":\"https:\\\/\\\/exaudi.org\\\/wp-content\\\/uploads\\\/2021\\\/05\\\/GPII.jpeg\",\"keywords\":[\"Al\u00ec Agca\",\"attentato\",\"fatima\",\"Giovanni Paolo II\"],\"articleSection\":[\"Featured News\"],\"inLanguage\":\"it-IT\"},{\"@type\":\"WebPage\",\"@id\":\"https:\\\/\\\/exaudi.org\\\/it\\\/la-mano-materna-che-salvo-giovanni-paolo-ii\\\/\",\"url\":\"https:\\\/\\\/exaudi.org\\\/it\\\/la-mano-materna-che-salvo-giovanni-paolo-ii\\\/\",\"name\":\"La mano materna che salv\u00f2 Giovanni Paolo II &#8211; Exaudi\",\"isPartOf\":{\"@id\":\"https:\\\/\\\/exaudi.org\\\/#website\"},\"primaryImageOfPage\":{\"@id\":\"https:\\\/\\\/exaudi.org\\\/it\\\/la-mano-materna-che-salvo-giovanni-paolo-ii\\\/#primaryimage\"},\"image\":{\"@id\":\"https:\\\/\\\/exaudi.org\\\/it\\\/la-mano-materna-che-salvo-giovanni-paolo-ii\\\/#primaryimage\"},\"thumbnailUrl\":\"https:\\\/\\\/exaudi.org\\\/wp-content\\\/uploads\\\/2021\\\/05\\\/GPII.jpeg\",\"datePublished\":\"2021-05-13T07:05:22+00:00\",\"author\":{\"@id\":\"https:\\\/\\\/exaudi.org\\\/#\\\/schema\\\/person\\\/ca36230f63b85cb8badafaa15f06d602\"},\"description\":\"Il 13 maggio di 40 anni fa l'attentato di Al\u00ec Agca contro Giovanni Paolo II in piazza San Pietro: la mano materna che salv\u00f2 il Papa\",\"breadcrumb\":{\"@id\":\"https:\\\/\\\/exaudi.org\\\/it\\\/la-mano-materna-che-salvo-giovanni-paolo-ii\\\/#breadcrumb\"},\"inLanguage\":\"it-IT\",\"potentialAction\":[{\"@type\":\"ReadAction\",\"target\":[\"https:\\\/\\\/exaudi.org\\\/it\\\/la-mano-materna-che-salvo-giovanni-paolo-ii\\\/\"]}]},{\"@type\":\"ImageObject\",\"inLanguage\":\"it-IT\",\"@id\":\"https:\\\/\\\/exaudi.org\\\/it\\\/la-mano-materna-che-salvo-giovanni-paolo-ii\\\/#primaryimage\",\"url\":\"https:\\\/\\\/exaudi.org\\\/wp-content\\\/uploads\\\/2021\\\/05\\\/GPII.jpeg\",\"contentUrl\":\"https:\\\/\\\/exaudi.org\\\/wp-content\\\/uploads\\\/2021\\\/05\\\/GPII.jpeg\",\"width\":1036,\"height\":756,\"caption\":\"Giovanni Paolo II dopo l'attentato \u00a9\ufe0f polskifr.fr\u00a0\\\/ Exaudi Staff\"},{\"@type\":\"BreadcrumbList\",\"@id\":\"https:\\\/\\\/exaudi.org\\\/it\\\/la-mano-materna-che-salvo-giovanni-paolo-ii\\\/#breadcrumb\",\"itemListElement\":[{\"@type\":\"ListItem\",\"position\":1,\"name\":\"Portada\",\"item\":\"https:\\\/\\\/exaudi.org\\\/it\\\/\"},{\"@type\":\"ListItem\",\"position\":2,\"name\":\"La mano materna che salv\u00f2 Giovanni Paolo II\"}]},{\"@type\":\"WebSite\",\"@id\":\"https:\\\/\\\/exaudi.org\\\/#website\",\"url\":\"https:\\\/\\\/exaudi.org\\\/\",\"name\":\"Exaudi\",\"description\":\"News\",\"potentialAction\":[{\"@type\":\"SearchAction\",\"target\":{\"@type\":\"EntryPoint\",\"urlTemplate\":\"https:\\\/\\\/exaudi.org\\\/?s={search_term_string}\"},\"query-input\":{\"@type\":\"PropertyValueSpecification\",\"valueRequired\":true,\"valueName\":\"search_term_string\"}}],\"inLanguage\":\"it-IT\"},{\"@type\":\"Person\",\"@id\":\"https:\\\/\\\/exaudi.org\\\/#\\\/schema\\\/person\\\/ca36230f63b85cb8badafaa15f06d602\",\"name\":\"Deborah Castellano Lubov\",\"image\":{\"@type\":\"ImageObject\",\"inLanguage\":\"it-IT\",\"@id\":\"https:\\\/\\\/secure.gravatar.com\\\/avatar\\\/1634e49afca8a60560a6701011a51b43f0e7362f22afa1fa6c37dfb70bd8d6a8?s=96&d=mm&r=g\",\"url\":\"https:\\\/\\\/secure.gravatar.com\\\/avatar\\\/1634e49afca8a60560a6701011a51b43f0e7362f22afa1fa6c37dfb70bd8d6a8?s=96&d=mm&r=g\",\"contentUrl\":\"https:\\\/\\\/secure.gravatar.com\\\/avatar\\\/1634e49afca8a60560a6701011a51b43f0e7362f22afa1fa6c37dfb70bd8d6a8?s=96&d=mm&r=g\",\"caption\":\"Deborah Castellano Lubov\"},\"description\":\"Deborah Castellano Lubov is Editorial Director &amp; Senior Vatican &amp; Rome Correspondent for EXAUDI (&amp; Prior, for ZENIT); Author of 'The Other Francis' ('L'Altro Francesco') featuring interviews with those closest to the Pope and preface by Vatican Secretary of State Cardinal Parolin (currently published in 5 languages); Deborah is also NBC &amp; MSNBC Vatican Analyst. She often covers the Pope's travels abroad, often from the Papal Flight (including for historic trips such as to Abu Dhabi and Japan &amp; Thailand), and has also asked him questions on the return-flight press conference on behalf of the English-speaking press present. Lubov has done much TV &amp; radio commentary, including for NBC, Sky, EWTN, BBC, Vatican Radio, AP, Reuters and more. She also has contributed to various books on the Pope and has written for various Catholic publications. For 'The Other Francis': http:\\\/\\\/www.gracewing.co.uk\\\/page219.html or https:\\\/\\\/www.amazon.com\\\/Other-Francis-Everything-They-about\\\/dp\\\/0852449348\\\/\",\"url\":\"https:\\\/\\\/exaudi.org\\\/it\\\/author\\\/dlubovexaudi-org\\\/\"}]}<\/script>\n<!-- \/ Yoast SEO plugin. -->","yoast_head_json":{"title":"La mano materna che salv\u00f2 Giovanni Paolo II &#8211; Exaudi","description":"Il 13 maggio di 40 anni fa l'attentato di Al\u00ec Agca contro Giovanni Paolo II in piazza San Pietro: la mano materna che salv\u00f2 il Papa","robots":{"index":"index","follow":"follow","max-snippet":"max-snippet:-1","max-image-preview":"max-image-preview:large","max-video-preview":"max-video-preview:-1"},"canonical":"https:\/\/exaudi.org\/it\/la-mano-materna-che-salvo-giovanni-paolo-ii\/","og_locale":"it_IT","og_type":"article","og_title":"La mano materna che salv\u00f2 Giovanni Paolo II &#8211; Exaudi","og_description":"Il 13 maggio di 40 anni fa l'attentato di Al\u00ec Agca contro Giovanni Paolo II in piazza San Pietro: la mano materna che salv\u00f2 il Papa","og_url":"https:\/\/exaudi.org\/it\/la-mano-materna-che-salvo-giovanni-paolo-ii\/","og_site_name":"Exaudi","article_publisher":"https:\/\/www.facebook.com\/ExaudiNews","article_published_time":"2021-05-13T07:05:22+00:00","og_image":[{"width":1036,"height":756,"url":"https:\/\/exaudi.org\/wp-content\/uploads\/2021\/05\/GPII.jpeg","type":"image\/jpeg"}],"author":"Deborah Castellano Lubov","twitter_card":"summary_large_image","twitter_creator":"@Exaudi_News","twitter_site":"@Exaudi_News","twitter_misc":{"Scritto da":"Deborah Castellano Lubov","Tempo di lettura stimato":"7 minuti"},"schema":{"@context":"https:\/\/schema.org","@graph":[{"@type":"Article","@id":"https:\/\/exaudi.org\/it\/la-mano-materna-che-salvo-giovanni-paolo-ii\/#article","isPartOf":{"@id":"https:\/\/exaudi.org\/it\/la-mano-materna-che-salvo-giovanni-paolo-ii\/"},"author":{"name":"Deborah Castellano Lubov","@id":"https:\/\/exaudi.org\/#\/schema\/person\/ca36230f63b85cb8badafaa15f06d602"},"headline":"La mano materna che salv\u00f2 Giovanni Paolo II","datePublished":"2021-05-13T07:05:22+00:00","mainEntityOfPage":{"@id":"https:\/\/exaudi.org\/it\/la-mano-materna-che-salvo-giovanni-paolo-ii\/"},"wordCount":1561,"image":{"@id":"https:\/\/exaudi.org\/it\/la-mano-materna-che-salvo-giovanni-paolo-ii\/#primaryimage"},"thumbnailUrl":"https:\/\/exaudi.org\/wp-content\/uploads\/2021\/05\/GPII.jpeg","keywords":["Al\u00ec Agca","attentato","fatima","Giovanni Paolo II"],"articleSection":["Featured News"],"inLanguage":"it-IT"},{"@type":"WebPage","@id":"https:\/\/exaudi.org\/it\/la-mano-materna-che-salvo-giovanni-paolo-ii\/","url":"https:\/\/exaudi.org\/it\/la-mano-materna-che-salvo-giovanni-paolo-ii\/","name":"La mano materna che salv\u00f2 Giovanni Paolo II &#8211; Exaudi","isPartOf":{"@id":"https:\/\/exaudi.org\/#website"},"primaryImageOfPage":{"@id":"https:\/\/exaudi.org\/it\/la-mano-materna-che-salvo-giovanni-paolo-ii\/#primaryimage"},"image":{"@id":"https:\/\/exaudi.org\/it\/la-mano-materna-che-salvo-giovanni-paolo-ii\/#primaryimage"},"thumbnailUrl":"https:\/\/exaudi.org\/wp-content\/uploads\/2021\/05\/GPII.jpeg","datePublished":"2021-05-13T07:05:22+00:00","author":{"@id":"https:\/\/exaudi.org\/#\/schema\/person\/ca36230f63b85cb8badafaa15f06d602"},"description":"Il 13 maggio di 40 anni fa l'attentato di Al\u00ec Agca contro Giovanni Paolo II in piazza San Pietro: la mano materna che salv\u00f2 il Papa","breadcrumb":{"@id":"https:\/\/exaudi.org\/it\/la-mano-materna-che-salvo-giovanni-paolo-ii\/#breadcrumb"},"inLanguage":"it-IT","potentialAction":[{"@type":"ReadAction","target":["https:\/\/exaudi.org\/it\/la-mano-materna-che-salvo-giovanni-paolo-ii\/"]}]},{"@type":"ImageObject","inLanguage":"it-IT","@id":"https:\/\/exaudi.org\/it\/la-mano-materna-che-salvo-giovanni-paolo-ii\/#primaryimage","url":"https:\/\/exaudi.org\/wp-content\/uploads\/2021\/05\/GPII.jpeg","contentUrl":"https:\/\/exaudi.org\/wp-content\/uploads\/2021\/05\/GPII.jpeg","width":1036,"height":756,"caption":"Giovanni Paolo II dopo l'attentato \u00a9\ufe0f polskifr.fr\u00a0\/ Exaudi Staff"},{"@type":"BreadcrumbList","@id":"https:\/\/exaudi.org\/it\/la-mano-materna-che-salvo-giovanni-paolo-ii\/#breadcrumb","itemListElement":[{"@type":"ListItem","position":1,"name":"Portada","item":"https:\/\/exaudi.org\/it\/"},{"@type":"ListItem","position":2,"name":"La mano materna che salv\u00f2 Giovanni Paolo II"}]},{"@type":"WebSite","@id":"https:\/\/exaudi.org\/#website","url":"https:\/\/exaudi.org\/","name":"Exaudi","description":"News","potentialAction":[{"@type":"SearchAction","target":{"@type":"EntryPoint","urlTemplate":"https:\/\/exaudi.org\/?s={search_term_string}"},"query-input":{"@type":"PropertyValueSpecification","valueRequired":true,"valueName":"search_term_string"}}],"inLanguage":"it-IT"},{"@type":"Person","@id":"https:\/\/exaudi.org\/#\/schema\/person\/ca36230f63b85cb8badafaa15f06d602","name":"Deborah Castellano Lubov","image":{"@type":"ImageObject","inLanguage":"it-IT","@id":"https:\/\/secure.gravatar.com\/avatar\/1634e49afca8a60560a6701011a51b43f0e7362f22afa1fa6c37dfb70bd8d6a8?s=96&d=mm&r=g","url":"https:\/\/secure.gravatar.com\/avatar\/1634e49afca8a60560a6701011a51b43f0e7362f22afa1fa6c37dfb70bd8d6a8?s=96&d=mm&r=g","contentUrl":"https:\/\/secure.gravatar.com\/avatar\/1634e49afca8a60560a6701011a51b43f0e7362f22afa1fa6c37dfb70bd8d6a8?s=96&d=mm&r=g","caption":"Deborah Castellano Lubov"},"description":"Deborah Castellano Lubov is Editorial Director &amp; Senior Vatican &amp; Rome Correspondent for EXAUDI (&amp; Prior, for ZENIT); Author of 'The Other Francis' ('L'Altro Francesco') featuring interviews with those closest to the Pope and preface by Vatican Secretary of State Cardinal Parolin (currently published in 5 languages); Deborah is also NBC &amp; MSNBC Vatican Analyst. She often covers the Pope's travels abroad, often from the Papal Flight (including for historic trips such as to Abu Dhabi and Japan &amp; Thailand), and has also asked him questions on the return-flight press conference on behalf of the English-speaking press present. Lubov has done much TV &amp; radio commentary, including for NBC, Sky, EWTN, BBC, Vatican Radio, AP, Reuters and more. She also has contributed to various books on the Pope and has written for various Catholic publications. For 'The Other Francis': http:\/\/www.gracewing.co.uk\/page219.html or https:\/\/www.amazon.com\/Other-Francis-Everything-They-about\/dp\/0852449348\/","url":"https:\/\/exaudi.org\/it\/author\/dlubovexaudi-org\/"}]}},"jetpack_featured_media_url":"https:\/\/exaudi.org\/wp-content\/uploads\/2021\/05\/GPII.jpeg","jetpack_shortlink":"https:\/\/wp.me\/pgKjF2-4jA","_links":{"self":[{"href":"https:\/\/exaudi.org\/it\/wp-json\/wp\/v2\/posts\/16590","targetHints":{"allow":["GET"]}}],"collection":[{"href":"https:\/\/exaudi.org\/it\/wp-json\/wp\/v2\/posts"}],"about":[{"href":"https:\/\/exaudi.org\/it\/wp-json\/wp\/v2\/types\/post"}],"author":[{"embeddable":true,"href":"https:\/\/exaudi.org\/it\/wp-json\/wp\/v2\/users\/3"}],"replies":[{"embeddable":true,"href":"https:\/\/exaudi.org\/it\/wp-json\/wp\/v2\/comments?post=16590"}],"version-history":[{"count":0,"href":"https:\/\/exaudi.org\/it\/wp-json\/wp\/v2\/posts\/16590\/revisions"}],"wp:featuredmedia":[{"embeddable":true,"href":"https:\/\/exaudi.org\/it\/wp-json\/wp\/v2\/media\/16592"}],"wp:attachment":[{"href":"https:\/\/exaudi.org\/it\/wp-json\/wp\/v2\/media?parent=16590"}],"wp:term":[{"taxonomy":"category","embeddable":true,"href":"https:\/\/exaudi.org\/it\/wp-json\/wp\/v2\/categories?post=16590"},{"taxonomy":"post_tag","embeddable":true,"href":"https:\/\/exaudi.org\/it\/wp-json\/wp\/v2\/tags?post=16590"}],"curies":[{"name":"wp","href":"https:\/\/api.w.org\/{rel}","templated":true}]}}