{"id":165692,"date":"2026-04-13T20:19:25","date_gmt":"2026-04-13T18:19:25","guid":{"rendered":"https:\/\/exaudi.org\/?p=165692"},"modified":"2026-04-13T20:19:25","modified_gmt":"2026-04-13T18:19:25","slug":"papa-leone-xiv-in-algeria-memoria-perdono-e-pace","status":"publish","type":"post","link":"https:\/\/exaudi.org\/it\/papa-leone-xiv-in-algeria-memoria-perdono-e-pace\/","title":{"rendered":"Papa Leone XIV in Algeria: Memoria, Perdono e Pace"},"content":{"rendered":"<p data-start=\"160\" data-end=\"578\"><span dir=\"auto\" style=\"vertical-align: inherit\"><span dir=\"auto\" style=\"vertical-align: inherit\">All&#8217;inizio del suo primo viaggio apostolico in Africa,\u00a0 <\/span><\/span><span class=\"hover:entity-accent entity-underline inline cursor-pointer align-baseline\"><span class=\"whitespace-normal\"><span dir=\"auto\" style=\"vertical-align: inherit\"><span dir=\"auto\" style=\"vertical-align: inherit\">Papa Leone XIV<\/span><\/span><\/span><\/span><span dir=\"auto\" style=\"vertical-align: inherit\"><span dir=\"auto\" style=\"vertical-align: inherit\"> \u00a0scelse l&#8217;Algeria come luogo simbolo di uno dei momenti pi\u00f9 significativi: la visita al memoriale dei martiri, dove rese omaggio a coloro che persero la vita in mezzo alla violenza e all&#8217;incomprensione. L\u00ec, il suo messaggio fu chiaro e profondamente spirituale: ricordare il passato non deve alimentare l&#8217;odio, ma piuttosto aprire la strada alla riconciliazione.<\/span><\/span><\/p>\n<p data-start=\"580\" data-end=\"997\"><span dir=\"auto\" style=\"vertical-align: inherit\"><span dir=\"auto\" style=\"vertical-align: inherit\">Nel suo discorso, il Papa ha sottolineato che il ricordo dei martiri non \u00e8 un esercizio di nostalgia, ma un appello vivo a costruire un presente diverso. Quegli uomini e quelle donne, uccisi nel contesto delle violenze degli anni &#8217;90, scelsero di stare al fianco del popolo algerino, anche di fronte al pericolo, in testimonianza di fedelt\u00e0 e fraternit\u00e0.<\/span><\/span><\/p>\n<p data-start=\"999\" data-end=\"1315\"><span dir=\"auto\" style=\"vertical-align: inherit\"><span dir=\"auto\" style=\"vertical-align: inherit\">Leone XIV sottoline\u00f2 che il suo esempio rimane rilevante perch\u00e9 dimostra che la fede autentica non si impone, ma si dona, anche fino al sacrificio. In questo senso, insistette affinch\u00e9 la sua eredit\u00e0 ispirasse una convivenza basata sul rispetto reciproco, soprattutto in contesti caratterizzati da diversit\u00e0 religiosa.<\/span><\/span><\/p>\n<p data-start=\"1317\" data-end=\"1638\"><span dir=\"auto\" style=\"vertical-align: inherit\"><span dir=\"auto\" style=\"vertical-align: inherit\">Il Papa ha anche rivolto un appello diretto a superare le ferite del passato. Di fronte alla tentazione della vendetta o del risentimento, ha proposto il perdono come forza trasformatrice capace di spezzare i cicli di violenza. Non si tratta di dimenticare ci\u00f2 che \u00e8 accaduto, ha spiegato, ma di impedire che il dolore continui a condizionare il futuro.<\/span><\/span><\/p>\n<p data-start=\"1640\" data-end=\"1963\"><span dir=\"auto\" style=\"vertical-align: inherit\"><span dir=\"auto\" style=\"vertical-align: inherit\">Questo messaggio si inserisce in un viaggio dalla forte dimensione interreligiosa, in cui l&#8217;Algeria riveste un ruolo chiave come luogo d&#8217;incontro tra cristiani e musulmani. La visita mira a rafforzare questo dialogo, considerato essenziale per la stabilit\u00e0 e la pace nella regione.<\/span><\/span><\/p>\n<p data-start=\"1965\" data-end=\"2209\"><span dir=\"auto\" style=\"vertical-align: inherit\"><span dir=\"auto\" style=\"vertical-align: inherit\">Inoltre, il Papa ha ricordato che i martiri sono simbolo di quella che ha definito una \u201csperanza disarmata\u201d: una fede che non risponde alla violenza con altra violenza, ma con la testimonianza, la vicinanza e la dedizione.<\/span><\/span><\/p>\n<p data-start=\"2211\" data-end=\"2527\"><span dir=\"auto\" style=\"vertical-align: inherit\"><span dir=\"auto\" style=\"vertical-align: inherit\">In un mondo lacerato da conflitti e tensioni, Leone XIV cerc\u00f2 di trasformare la memoria in impegno. Dall&#8217;Algeria, la sua voce si lev\u00f2 non solo per onorare i caduti, ma anche per implorare che il loro sacrificio non fosse vano: per costruire una societ\u00e0 in cui la pace, il dialogo e il perdono siano pi\u00f9 forti dell&#8217;odio.<\/span><\/span><\/p>\n<p data-start=\"2211\" data-end=\"2527\"><em><strong><span dir=\"auto\" style=\"vertical-align: inherit\"><span dir=\"auto\" style=\"vertical-align: inherit\">Testo integrale del saluto:<\/span><\/span><\/strong><\/em><\/p>\n<div class=\"abstract text parbase vaticanrichtext\">\n<p><span class=\"color-text\">VIAGGIO APOSTOLICO DI SUA SANTIT\u00c0 PAPA LEONE XIV<br \/>\nIN\u00a0<b>ALGERIA<\/b>, CAMERUN, ANGOLA E GUINEA EQUATORIALE<br \/>\n(13-23 APRILE 2026)<\/span><\/p>\n<p><span class=\"color-text\"><b>VISITA AL MONUMENTO DEI MARTIRI<\/b>\u00a0<b>MAQAM ECHAHID<\/b><\/span><\/p>\n<p><i><b><span class=\"title-1-color\">SALUTO DEL SANTO PADRE<br \/>\nAL POPOLO ALGERINO<\/span><\/b><\/i><\/p>\n<p><span class=\"color-text\">Monumento dei martiri\u00a0<\/span><i><span class=\"color-text\">Maqam Echahid\u00a0<\/span><\/i><span class=\"color-text\">(Algeri)<br \/>\n<\/span><i><span class=\"color-text\">Luned\u00ec, 13 aprile 2026<\/span><\/i><\/p>\n<p>&nbsp;<\/p>\n<p>_____________________________<\/p>\n<div class=\"clearfix\"><\/div>\n<\/div>\n<div class=\"text parbase vaticanrichtext\">\n<p><i>Cari fratelli e sorelle d&#8217;Algeria<\/i>,<\/p>\n<p>la pace sia con tutti voi!\u00a0<i>As-salamu alaykom!<\/i><\/p>\n<p>Rendo grazie a Dio che mi d\u00e0 la possibilit\u00e0 di visitare il vostro Paese come successore dell\u2019apostolo Pietro, dopo averlo fatto gi\u00e0 due volte in passato, come religioso agostiniano. \u00c8 per\u00f2 soprattutto un fratello che si presenta davanti a voi, lieto di poter rinnovare, in questo incontro, i legami di affetto che avvicinano i nostri cuori.<\/p>\n<p>Guardando a tutti voi, vedo il volto di un popolo forte e giovane, di cui gi\u00e0 ho avuto modo di sperimentare ripetutamente l\u2019ospitalit\u00e0 e la fraternit\u00e0. Nel cuore algerino l\u2019amicizia, la fiducia, la solidariet\u00e0 non sono semplicemente parole, ma valori che contano e danno calore e solidit\u00e0 al vivere insieme.<\/p>\n<p>L\u2019Algeria \u00e8 un Paese grande, dalla storia lunga e ricca di tradizioni, fin dai tempi di sant\u2019Agostino e ben prima. Una storia dolorosa, anche, segnata da periodi di violenza, che per\u00f2, proprio grazie alla nobilt\u00e0 di spirito che vi caratterizza, e che sento viva anche adesso, qui, avete saputo superare, con coraggio e onest\u00e0.<\/p>\n<p>Sostare presso questo Monumento \u00e8 un omaggio a questa storia, e all\u2019anima di un popolo che ha lottato per l\u2019indipendenza, la dignit\u00e0 e la sovranit\u00e0 di questa Nazione.<\/p>\n<p>In questo luogo ricordiamo che Dio desidera per ogni Nazione la pace: una pace che non \u00e8 solo assenza di conflitto, ma espressione di giustizia e di dignit\u00e0. E questa pace, che permette di andare incontro al futuro con animo riconciliato, \u00e8 possibile solo nel perdono. La vera lotta di liberazione sar\u00e0 definitivamente vinta solo quando si sar\u00e0 finalmente conquistata la pace dei cuori. So quanto sia difficile perdonare, tuttavia, mentre i conflitti continuano a moltiplicarsi in tutto il mondo, non si pu\u00f2 aggiungere risentimento a risentimento, di generazione in generazione.<\/p>\n<p>Il futuro appartiene agli uomini e alle donne di pace. Alla fine la giustizia trionfer\u00e0 sempre sull\u2019ingiustizia, cos\u00ec come la violenza, al di l\u00e0 di ogni apparenza, non avr\u00e0 mai l\u2019ultima parola.<\/p>\n<p>In questa terra, crocevia di culture e religioni, il rispetto reciproco rappresenta la via perch\u00e9 i popoli possano camminare insieme. Possa l\u2019Algeria, forte delle sue radici e della speranza dei suoi giovani, continuare a offrire un contributo di stabilit\u00e0 e di dialogo nella comunit\u00e0 delle nazioni e sulle sponde del Mediterraneo.<\/p>\n<p>Ogni popolo custodisce un patrimonio unico di storia, cultura e fede. Anche l\u2019Algeria possiede questa ricchezza, che ha sostenuto il suo cammino nei momenti difficili e continua a orientarne il futuro. In questo patrimonio, la fede in Dio occupa un posto centrale: essa illumina la vita delle persone, sostiene le famiglie e ispira il senso della fraternit\u00e0. Un popolo che ama Dio possiede la ricchezza pi\u00f9 vera, e il popolo algerino custodisce questa gemma nel suo tesoro. Il nostro mondo ha bisogno di credenti cos\u00ec, di uomini e donne di fede, assetati di giustizia e di unit\u00e0. Per questo, di fronte a una umanit\u00e0 desiderosa di fratellanza e di riconciliazione, \u00e8 un grande dono e un impegno benedetto il nostro dichiararci con forza ed essere sempre, insieme, fratelli tra noi e figli di Dio!<\/p>\n<p>A chi va in cerca di ricchezze che svaniscono, che illudono e deludono, e spesso purtroppo finiscono per corrompere il cuore umano e generare invidie, rivalit\u00e0, conflitti, Ges\u00f9 ancora ripete la domanda che ha posto duemila anni fa: \u00abQuale vantaggio avr\u00e0 un uomo se guadagner\u00e0 il mondo intero, ma perder\u00e0 la propria vita?\u00bb (<i>Mt<\/i>\u00a016,26). \u00c8 una domanda fondamentale per tutti, a cui i morti che qui si onorano hanno dato la loro risposta: hanno perso la vita, ma in un altro senso, donandola per amore del proprio popolo. La loro storia sostenga il popolo algerino e tutti noi nel nostro cammino: perch\u00e9 la vera libert\u00e0 non si eredita soltanto, si sceglie ogni giorno.<\/p>\n<p>Permettetemi, perci\u00f2, di concludere ripetendo le parole di Ges\u00f9 ai suoi discepoli, quelle che chiamiamo il Discorso della montagna o Beatitudini:<\/p>\n<p>\u00abBeati i poveri in spirito,<br \/>\nperch\u00e9 di essi \u00e8 il regno dei cieli.<br \/>\nBeati quelli che sono nel pianto,<br \/>\nperch\u00e9 saranno consolati.<br \/>\nBeati i miti,<br \/>\nperch\u00e9 avranno in eredit\u00e0 la terra.<br \/>\nBeati quelli che hanno fame e sete della giustizia,<br \/>\nperch\u00e9 saranno saziati.<br \/>\nBeati i misericordiosi,<br \/>\nperch\u00e9 troveranno misericordia.<br \/>\nBeati i puri di cuore,<br \/>\nperch\u00e9 vedranno Dio.<br \/>\nBeati gli operatori di pace,<br \/>\nperch\u00e9 saranno chiamati figli di Dio.<br \/>\nBeati i perseguitati per la giustizia,<br \/>\nperch\u00e9 di essi \u00e8 il regno dei cieli\u00bb (<i>Mt<\/i>\u00a05,3-10).<\/p>\n<p>Grazie della vostra accoglienza! Dio vi benedica!<\/p>\n<\/div>\n<p><iframe loading=\"lazy\" title=\"Algeria, Visit to the \u201cMaqam Echadid\u201d Martyrs\u2019 Monument, 13 April 2026\u2013Pope Leo XIV\" width=\"500\" height=\"281\" src=\"https:\/\/www.youtube.com\/embed\/Tz-V9_QDyVY?feature=oembed\" frameborder=\"0\" allow=\"accelerometer; autoplay; clipboard-write; encrypted-media; gyroscope; picture-in-picture; web-share\" referrerpolicy=\"strict-origin-when-cross-origin\" allowfullscreen><\/iframe><\/p>\n","protected":false},"excerpt":{"rendered":"<p>Il Papa onora i martiri e propone la riconciliazione come via per il futuro<\/p>\n","protected":false},"author":17,"featured_media":165582,"comment_status":"closed","ping_status":"closed","sticky":false,"template":"","format":"standard","meta":{"_acf_changed":false,"_crdt_document":"","inline_featured_image":false,"footnotes":""},"categories":[67,119,119],"tags":[107390,8301,54248,83815,57665,107466,107470,107463,107467,107468,107445,107472,40066,107469,107471,58164,58164,53979,107464,107465,107473],"class_list":{"0":"post-165692","1":"post","2":"type-post","3":"status-publish","4":"format-standard","5":"has-post-thumbnail","6":"hentry","7":"category-leone-xiv","8":"category-viaggi","10":"tag-africa-2026-2","11":"tag-algeria","12":"tag-chiesa-cattolica-in-africa","13":"tag-coesistenza-religiosa","14":"tag-cristiani-e-musulmani","15":"tag-discorso-di-leone-xiv-in-algeria","16":"tag-discorso-integrale-di-papa-leone-xiv","17":"tag-fede-e-martirio","18":"tag-martiri-dalgeria","19":"tag-memoriale-dei-martiri-di-algeri","20":"tag-messaggio-di-pace-del-papa","21":"tag-notizie-dal-papa-del-vaticano","22":"tag-notizie-dal-vaticano","23":"tag-notizie-sul-papa-nel-2026","24":"tag-pace-e-dialogo-religioso","25":"tag-papa-leone-xiv","27":"tag-perdono-e-riconciliazione","28":"tag-storia-dei-martiri-algerini","29":"tag-viaggio-di-leone-xiv-in-africa","30":"tag-viaggio-papale-in-africa-2026"},"acf":[],"yoast_head":"<!-- This site is optimized with the Yoast SEO plugin v27.5 - https:\/\/yoast.com\/product\/yoast-seo-wordpress\/ -->\n<title>Papa Leone XIV in Algeria: Memoria, Perdono e Pace &#8211; Exaudi<\/title>\n<meta name=\"robots\" content=\"index, follow, max-snippet:-1, max-image-preview:large, max-video-preview:-1\" \/>\n<link rel=\"canonical\" href=\"https:\/\/exaudi.org\/it\/papa-leone-xiv-in-algeria-memoria-perdono-e-pace\/\" \/>\n<meta property=\"og:locale\" content=\"it_IT\" \/>\n<meta property=\"og:type\" content=\"article\" \/>\n<meta property=\"og:title\" content=\"Papa Leone XIV in Algeria: Memoria, Perdono e Pace &#8211; Exaudi\" \/>\n<meta property=\"og:description\" content=\"Il Papa onora i martiri e propone la riconciliazione come via per il futuro\" \/>\n<meta property=\"og:url\" content=\"https:\/\/exaudi.org\/it\/papa-leone-xiv-in-algeria-memoria-perdono-e-pace\/\" \/>\n<meta property=\"og:site_name\" content=\"Exaudi\" \/>\n<meta property=\"article:publisher\" content=\"https:\/\/www.facebook.com\/ExaudiNews\" \/>\n<meta property=\"article:author\" content=\"https:\/\/www.facebook.com\/ExaudiNotizie\/\" \/>\n<meta property=\"article:published_time\" content=\"2026-04-13T18:19:25+00:00\" \/>\n<meta property=\"og:image\" content=\"https:\/\/exaudi.org\/wp-content\/uploads\/2026\/04\/cq5dam.thumbnail.cropped.750.42214.jpg\" \/>\n\t<meta property=\"og:image:width\" content=\"1360\" \/>\n\t<meta property=\"og:image:height\" content=\"768\" \/>\n\t<meta property=\"og:image:type\" content=\"image\/jpeg\" \/>\n<meta name=\"author\" content=\"Exaudi Redazione\" \/>\n<meta name=\"twitter:card\" content=\"summary_large_image\" \/>\n<meta name=\"twitter:creator\" content=\"@Exaudi_Notizie\" \/>\n<meta name=\"twitter:site\" content=\"@Exaudi_News\" \/>\n<meta name=\"twitter:label1\" content=\"Scritto da\" \/>\n\t<meta name=\"twitter:data1\" content=\"Exaudi Redazione\" \/>\n\t<meta name=\"twitter:label2\" content=\"Tempo di lettura stimato\" \/>\n\t<meta name=\"twitter:data2\" content=\"6 minuti\" \/>\n<script type=\"application\/ld+json\" class=\"yoast-schema-graph\">{\"@context\":\"https:\\\/\\\/schema.org\",\"@graph\":[{\"@type\":\"Article\",\"@id\":\"https:\\\/\\\/exaudi.org\\\/it\\\/papa-leone-xiv-in-algeria-memoria-perdono-e-pace\\\/#article\",\"isPartOf\":{\"@id\":\"https:\\\/\\\/exaudi.org\\\/it\\\/papa-leone-xiv-in-algeria-memoria-perdono-e-pace\\\/\"},\"author\":{\"name\":\"Exaudi Redazione\",\"@id\":\"https:\\\/\\\/exaudi.org\\\/#\\\/schema\\\/person\\\/e1ab6ed07c01774724dd96f925f3a5f0\"},\"headline\":\"Papa Leone XIV in Algeria: Memoria, Perdono e Pace\",\"datePublished\":\"2026-04-13T18:19:25+00:00\",\"mainEntityOfPage\":{\"@id\":\"https:\\\/\\\/exaudi.org\\\/it\\\/papa-leone-xiv-in-algeria-memoria-perdono-e-pace\\\/\"},\"wordCount\":1167,\"image\":{\"@id\":\"https:\\\/\\\/exaudi.org\\\/it\\\/papa-leone-xiv-in-algeria-memoria-perdono-e-pace\\\/#primaryimage\"},\"thumbnailUrl\":\"https:\\\/\\\/exaudi.org\\\/wp-content\\\/uploads\\\/2026\\\/04\\\/cq5dam.thumbnail.cropped.750.42214.jpg\",\"keywords\":[\"Africa 2026\",\"Algeria\",\"Chiesa cattolica in Africa\",\"coesistenza religiosa\",\"Cristiani e musulmani\",\"Discorso di Leone XIV in Algeria\",\"Discorso integrale di Papa Leone XIV\",\"fede e martirio\",\"martiri d'Algeria\",\"Memoriale dei Martiri di Algeri\",\"Messaggio di pace del Papa\",\"Notizie dal Papa del Vaticano\",\"Notizie dal Vaticano\",\"Notizie sul Papa nel 2026\",\"pace e dialogo religioso\",\"Papa Leone XIV\",\"Papa Leone XIV\",\"perdono e riconciliazione\",\"storia dei martiri algerini\",\"Viaggio di Leone XIV in Africa\",\"Viaggio papale in Africa 2026\"],\"articleSection\":[\"Leone XIV\",\"Viaggi\",\"Viaggi\"],\"inLanguage\":\"it-IT\"},{\"@type\":\"WebPage\",\"@id\":\"https:\\\/\\\/exaudi.org\\\/it\\\/papa-leone-xiv-in-algeria-memoria-perdono-e-pace\\\/\",\"url\":\"https:\\\/\\\/exaudi.org\\\/it\\\/papa-leone-xiv-in-algeria-memoria-perdono-e-pace\\\/\",\"name\":\"Papa Leone XIV in Algeria: Memoria, Perdono e Pace &#8211; Exaudi\",\"isPartOf\":{\"@id\":\"https:\\\/\\\/exaudi.org\\\/#website\"},\"primaryImageOfPage\":{\"@id\":\"https:\\\/\\\/exaudi.org\\\/it\\\/papa-leone-xiv-in-algeria-memoria-perdono-e-pace\\\/#primaryimage\"},\"image\":{\"@id\":\"https:\\\/\\\/exaudi.org\\\/it\\\/papa-leone-xiv-in-algeria-memoria-perdono-e-pace\\\/#primaryimage\"},\"thumbnailUrl\":\"https:\\\/\\\/exaudi.org\\\/wp-content\\\/uploads\\\/2026\\\/04\\\/cq5dam.thumbnail.cropped.750.42214.jpg\",\"datePublished\":\"2026-04-13T18:19:25+00:00\",\"author\":{\"@id\":\"https:\\\/\\\/exaudi.org\\\/#\\\/schema\\\/person\\\/e1ab6ed07c01774724dd96f925f3a5f0\"},\"breadcrumb\":{\"@id\":\"https:\\\/\\\/exaudi.org\\\/it\\\/papa-leone-xiv-in-algeria-memoria-perdono-e-pace\\\/#breadcrumb\"},\"inLanguage\":\"it-IT\",\"potentialAction\":[{\"@type\":\"ReadAction\",\"target\":[\"https:\\\/\\\/exaudi.org\\\/it\\\/papa-leone-xiv-in-algeria-memoria-perdono-e-pace\\\/\"]}]},{\"@type\":\"ImageObject\",\"inLanguage\":\"it-IT\",\"@id\":\"https:\\\/\\\/exaudi.org\\\/it\\\/papa-leone-xiv-in-algeria-memoria-perdono-e-pace\\\/#primaryimage\",\"url\":\"https:\\\/\\\/exaudi.org\\\/wp-content\\\/uploads\\\/2026\\\/04\\\/cq5dam.thumbnail.cropped.750.42214.jpg\",\"contentUrl\":\"https:\\\/\\\/exaudi.org\\\/wp-content\\\/uploads\\\/2026\\\/04\\\/cq5dam.thumbnail.cropped.750.42214.jpg\",\"width\":1360,\"height\":768},{\"@type\":\"BreadcrumbList\",\"@id\":\"https:\\\/\\\/exaudi.org\\\/it\\\/papa-leone-xiv-in-algeria-memoria-perdono-e-pace\\\/#breadcrumb\",\"itemListElement\":[{\"@type\":\"ListItem\",\"position\":1,\"name\":\"Portada\",\"item\":\"https:\\\/\\\/exaudi.org\\\/it\\\/\"},{\"@type\":\"ListItem\",\"position\":2,\"name\":\"Papa Leone XIV in Algeria: Memoria, Perdono e Pace\"}]},{\"@type\":\"WebSite\",\"@id\":\"https:\\\/\\\/exaudi.org\\\/#website\",\"url\":\"https:\\\/\\\/exaudi.org\\\/\",\"name\":\"Exaudi\",\"description\":\"News\",\"potentialAction\":[{\"@type\":\"SearchAction\",\"target\":{\"@type\":\"EntryPoint\",\"urlTemplate\":\"https:\\\/\\\/exaudi.org\\\/?s={search_term_string}\"},\"query-input\":{\"@type\":\"PropertyValueSpecification\",\"valueRequired\":true,\"valueName\":\"search_term_string\"}}],\"inLanguage\":\"it-IT\"},{\"@type\":\"Person\",\"@id\":\"https:\\\/\\\/exaudi.org\\\/#\\\/schema\\\/person\\\/e1ab6ed07c01774724dd96f925f3a5f0\",\"name\":\"Exaudi Redazione\",\"image\":{\"@type\":\"ImageObject\",\"inLanguage\":\"it-IT\",\"@id\":\"https:\\\/\\\/secure.gravatar.com\\\/avatar\\\/ad6774b3ada023bf5b939d64f45c94b3adf91502dd883507d469b4308a943bb3?s=96&d=mm&r=g\",\"url\":\"https:\\\/\\\/secure.gravatar.com\\\/avatar\\\/ad6774b3ada023bf5b939d64f45c94b3adf91502dd883507d469b4308a943bb3?s=96&d=mm&r=g\",\"contentUrl\":\"https:\\\/\\\/secure.gravatar.com\\\/avatar\\\/ad6774b3ada023bf5b939d64f45c94b3adf91502dd883507d469b4308a943bb3?s=96&d=mm&r=g\",\"caption\":\"Exaudi Redazione\"},\"description\":\"Che cosa \u00e8 Exaudi News? Exaudi News \u00e8 un agenzia cattolica internazionale che informa, istruisce e trasforma quotidianamente in spagnolo, inglese e italiano. Attraverso notizie, articoli di analisi e trasmissioni in diretta degli eventi del Papa, Exaudi cerca di rafforzare l'unit\u00e0 dei cristiani e di contribuire all'evangelizzazione del mondo, sempre guidato dalla dottrina sociale della Chiesa. Lavoriamo per portare la verit\u00e0 e i valori cristiani in ogni angolo del pianeta. Aiutaci a trasformare il mondo con Exaudi! Noi di Exaudi crediamo che l'evangelizzazione e l'informazione di qualit\u00e0 possano cambiare la vita. Per continuare la nostra missione ed espandere la nostra portata, abbiamo bisogno del tuo aiuto. Stiamo anche cercando persone motivate che vogliano unirsi al nostro team. Grazie al vostro sostegno raggiungeremo pi\u00f9 persone, diffonderemo il messaggio di Cristo e rafforzeremo l'unit\u00e0 dei cristiani. Vuoi unirti alla nostra missione? Per maggiori informazioni su come contribuire, visita Exaudi.org\\\/it o contattaci direttamente: info@exaudi.org Exaudi: informa, forma e trasforma.\",\"sameAs\":[\"https:\\\/\\\/www.facebook.com\\\/ExaudiNotizie\\\/\",\"https:\\\/\\\/www.instagram.com\\\/Exaudi_notizie\\\/\",\"https:\\\/\\\/x.com\\\/Exaudi_Notizie\",\"https:\\\/\\\/www.youtube.com\\\/@exaudicatholicnews\"],\"url\":\"https:\\\/\\\/exaudi.org\\\/it\\\/author\\\/dlvedi-org\\\/\"}]}<\/script>\n<!-- \/ Yoast SEO plugin. -->","yoast_head_json":{"title":"Papa Leone XIV in Algeria: Memoria, Perdono e Pace &#8211; Exaudi","robots":{"index":"index","follow":"follow","max-snippet":"max-snippet:-1","max-image-preview":"max-image-preview:large","max-video-preview":"max-video-preview:-1"},"canonical":"https:\/\/exaudi.org\/it\/papa-leone-xiv-in-algeria-memoria-perdono-e-pace\/","og_locale":"it_IT","og_type":"article","og_title":"Papa Leone XIV in Algeria: Memoria, Perdono e Pace &#8211; Exaudi","og_description":"Il Papa onora i martiri e propone la riconciliazione come via per il futuro","og_url":"https:\/\/exaudi.org\/it\/papa-leone-xiv-in-algeria-memoria-perdono-e-pace\/","og_site_name":"Exaudi","article_publisher":"https:\/\/www.facebook.com\/ExaudiNews","article_author":"https:\/\/www.facebook.com\/ExaudiNotizie\/","article_published_time":"2026-04-13T18:19:25+00:00","og_image":[{"width":1360,"height":768,"url":"https:\/\/exaudi.org\/wp-content\/uploads\/2026\/04\/cq5dam.thumbnail.cropped.750.42214.jpg","type":"image\/jpeg"}],"author":"Exaudi Redazione","twitter_card":"summary_large_image","twitter_creator":"@Exaudi_Notizie","twitter_site":"@Exaudi_News","twitter_misc":{"Scritto da":"Exaudi Redazione","Tempo di lettura stimato":"6 minuti"},"schema":{"@context":"https:\/\/schema.org","@graph":[{"@type":"Article","@id":"https:\/\/exaudi.org\/it\/papa-leone-xiv-in-algeria-memoria-perdono-e-pace\/#article","isPartOf":{"@id":"https:\/\/exaudi.org\/it\/papa-leone-xiv-in-algeria-memoria-perdono-e-pace\/"},"author":{"name":"Exaudi Redazione","@id":"https:\/\/exaudi.org\/#\/schema\/person\/e1ab6ed07c01774724dd96f925f3a5f0"},"headline":"Papa Leone XIV in Algeria: Memoria, Perdono e Pace","datePublished":"2026-04-13T18:19:25+00:00","mainEntityOfPage":{"@id":"https:\/\/exaudi.org\/it\/papa-leone-xiv-in-algeria-memoria-perdono-e-pace\/"},"wordCount":1167,"image":{"@id":"https:\/\/exaudi.org\/it\/papa-leone-xiv-in-algeria-memoria-perdono-e-pace\/#primaryimage"},"thumbnailUrl":"https:\/\/exaudi.org\/wp-content\/uploads\/2026\/04\/cq5dam.thumbnail.cropped.750.42214.jpg","keywords":["Africa 2026","Algeria","Chiesa cattolica in Africa","coesistenza religiosa","Cristiani e musulmani","Discorso di Leone XIV in Algeria","Discorso integrale di Papa Leone XIV","fede e martirio","martiri d'Algeria","Memoriale dei Martiri di Algeri","Messaggio di pace del Papa","Notizie dal Papa del Vaticano","Notizie dal Vaticano","Notizie sul Papa nel 2026","pace e dialogo religioso","Papa Leone XIV","Papa Leone XIV","perdono e riconciliazione","storia dei martiri algerini","Viaggio di Leone XIV in Africa","Viaggio papale in Africa 2026"],"articleSection":["Leone XIV","Viaggi","Viaggi"],"inLanguage":"it-IT"},{"@type":"WebPage","@id":"https:\/\/exaudi.org\/it\/papa-leone-xiv-in-algeria-memoria-perdono-e-pace\/","url":"https:\/\/exaudi.org\/it\/papa-leone-xiv-in-algeria-memoria-perdono-e-pace\/","name":"Papa Leone XIV in Algeria: Memoria, Perdono e Pace &#8211; Exaudi","isPartOf":{"@id":"https:\/\/exaudi.org\/#website"},"primaryImageOfPage":{"@id":"https:\/\/exaudi.org\/it\/papa-leone-xiv-in-algeria-memoria-perdono-e-pace\/#primaryimage"},"image":{"@id":"https:\/\/exaudi.org\/it\/papa-leone-xiv-in-algeria-memoria-perdono-e-pace\/#primaryimage"},"thumbnailUrl":"https:\/\/exaudi.org\/wp-content\/uploads\/2026\/04\/cq5dam.thumbnail.cropped.750.42214.jpg","datePublished":"2026-04-13T18:19:25+00:00","author":{"@id":"https:\/\/exaudi.org\/#\/schema\/person\/e1ab6ed07c01774724dd96f925f3a5f0"},"breadcrumb":{"@id":"https:\/\/exaudi.org\/it\/papa-leone-xiv-in-algeria-memoria-perdono-e-pace\/#breadcrumb"},"inLanguage":"it-IT","potentialAction":[{"@type":"ReadAction","target":["https:\/\/exaudi.org\/it\/papa-leone-xiv-in-algeria-memoria-perdono-e-pace\/"]}]},{"@type":"ImageObject","inLanguage":"it-IT","@id":"https:\/\/exaudi.org\/it\/papa-leone-xiv-in-algeria-memoria-perdono-e-pace\/#primaryimage","url":"https:\/\/exaudi.org\/wp-content\/uploads\/2026\/04\/cq5dam.thumbnail.cropped.750.42214.jpg","contentUrl":"https:\/\/exaudi.org\/wp-content\/uploads\/2026\/04\/cq5dam.thumbnail.cropped.750.42214.jpg","width":1360,"height":768},{"@type":"BreadcrumbList","@id":"https:\/\/exaudi.org\/it\/papa-leone-xiv-in-algeria-memoria-perdono-e-pace\/#breadcrumb","itemListElement":[{"@type":"ListItem","position":1,"name":"Portada","item":"https:\/\/exaudi.org\/it\/"},{"@type":"ListItem","position":2,"name":"Papa Leone XIV in Algeria: Memoria, Perdono e Pace"}]},{"@type":"WebSite","@id":"https:\/\/exaudi.org\/#website","url":"https:\/\/exaudi.org\/","name":"Exaudi","description":"News","potentialAction":[{"@type":"SearchAction","target":{"@type":"EntryPoint","urlTemplate":"https:\/\/exaudi.org\/?s={search_term_string}"},"query-input":{"@type":"PropertyValueSpecification","valueRequired":true,"valueName":"search_term_string"}}],"inLanguage":"it-IT"},{"@type":"Person","@id":"https:\/\/exaudi.org\/#\/schema\/person\/e1ab6ed07c01774724dd96f925f3a5f0","name":"Exaudi Redazione","image":{"@type":"ImageObject","inLanguage":"it-IT","@id":"https:\/\/secure.gravatar.com\/avatar\/ad6774b3ada023bf5b939d64f45c94b3adf91502dd883507d469b4308a943bb3?s=96&d=mm&r=g","url":"https:\/\/secure.gravatar.com\/avatar\/ad6774b3ada023bf5b939d64f45c94b3adf91502dd883507d469b4308a943bb3?s=96&d=mm&r=g","contentUrl":"https:\/\/secure.gravatar.com\/avatar\/ad6774b3ada023bf5b939d64f45c94b3adf91502dd883507d469b4308a943bb3?s=96&d=mm&r=g","caption":"Exaudi Redazione"},"description":"Che cosa \u00e8 Exaudi News? Exaudi News \u00e8 un agenzia cattolica internazionale che informa, istruisce e trasforma quotidianamente in spagnolo, inglese e italiano. Attraverso notizie, articoli di analisi e trasmissioni in diretta degli eventi del Papa, Exaudi cerca di rafforzare l'unit\u00e0 dei cristiani e di contribuire all'evangelizzazione del mondo, sempre guidato dalla dottrina sociale della Chiesa. Lavoriamo per portare la verit\u00e0 e i valori cristiani in ogni angolo del pianeta. Aiutaci a trasformare il mondo con Exaudi! Noi di Exaudi crediamo che l'evangelizzazione e l'informazione di qualit\u00e0 possano cambiare la vita. Per continuare la nostra missione ed espandere la nostra portata, abbiamo bisogno del tuo aiuto. Stiamo anche cercando persone motivate che vogliano unirsi al nostro team. Grazie al vostro sostegno raggiungeremo pi\u00f9 persone, diffonderemo il messaggio di Cristo e rafforzeremo l'unit\u00e0 dei cristiani. Vuoi unirti alla nostra missione? Per maggiori informazioni su come contribuire, visita Exaudi.org\/it o contattaci direttamente: info@exaudi.org Exaudi: informa, forma e trasforma.","sameAs":["https:\/\/www.facebook.com\/ExaudiNotizie\/","https:\/\/www.instagram.com\/Exaudi_notizie\/","https:\/\/x.com\/Exaudi_Notizie","https:\/\/www.youtube.com\/@exaudicatholicnews"],"url":"https:\/\/exaudi.org\/it\/author\/dlvedi-org\/"}]}},"jetpack_featured_media_url":"https:\/\/exaudi.org\/wp-content\/uploads\/2026\/04\/cq5dam.thumbnail.cropped.750.42214.jpg","jetpack_shortlink":"https:\/\/wp.me\/pgKjF2-H6s","_links":{"self":[{"href":"https:\/\/exaudi.org\/it\/wp-json\/wp\/v2\/posts\/165692","targetHints":{"allow":["GET"]}}],"collection":[{"href":"https:\/\/exaudi.org\/it\/wp-json\/wp\/v2\/posts"}],"about":[{"href":"https:\/\/exaudi.org\/it\/wp-json\/wp\/v2\/types\/post"}],"author":[{"embeddable":true,"href":"https:\/\/exaudi.org\/it\/wp-json\/wp\/v2\/users\/17"}],"replies":[{"embeddable":true,"href":"https:\/\/exaudi.org\/it\/wp-json\/wp\/v2\/comments?post=165692"}],"version-history":[{"count":4,"href":"https:\/\/exaudi.org\/it\/wp-json\/wp\/v2\/posts\/165692\/revisions"}],"predecessor-version":[{"id":165696,"href":"https:\/\/exaudi.org\/it\/wp-json\/wp\/v2\/posts\/165692\/revisions\/165696"}],"wp:featuredmedia":[{"embeddable":true,"href":"https:\/\/exaudi.org\/it\/wp-json\/wp\/v2\/media\/165582"}],"wp:attachment":[{"href":"https:\/\/exaudi.org\/it\/wp-json\/wp\/v2\/media?parent=165692"}],"wp:term":[{"taxonomy":"category","embeddable":true,"href":"https:\/\/exaudi.org\/it\/wp-json\/wp\/v2\/categories?post=165692"},{"taxonomy":"post_tag","embeddable":true,"href":"https:\/\/exaudi.org\/it\/wp-json\/wp\/v2\/tags?post=165692"}],"curies":[{"name":"wp","href":"https:\/\/api.w.org\/{rel}","templated":true}]}}