{"id":165158,"date":"2026-04-10T04:05:18","date_gmt":"2026-04-10T02:05:18","guid":{"rendered":"https:\/\/exaudi.org\/?p=165158"},"modified":"2026-04-10T04:05:18","modified_gmt":"2026-04-10T02:05:18","slug":"papa-leone-xiv-in-africa-pellegrino-tra-popoli-e-mondi-diversi","status":"publish","type":"post","link":"https:\/\/exaudi.org\/it\/papa-leone-xiv-in-africa-pellegrino-tra-popoli-e-mondi-diversi\/","title":{"rendered":"Papa Leone XIV in Africa: pellegrino tra \u201cpopoli e mondi diversi\u201d"},"content":{"rendered":"<p dir=\"auto\"><span dir=\"auto\" style=\"vertical-align: inherit\"><span dir=\"auto\" style=\"vertical-align: inherit\">Dal 13 al 23 aprile 2026, il Papa visiter\u00e0 Algeria, Camerun, Angola e Guinea Equatoriale. Lo ha annunciato Matteo Bruni, Direttore della Sala Stampa della Santa Sede, durante una conferenza stampa tenutasi il 9 aprile in Vaticano. Si tratta di un itinerario ambizioso che porter\u00e0 Leone XIV in territori che, in molti casi, non venivano visitati da un Pontefice da decenni.<\/span><\/span><\/p>\n<p dir=\"auto\"><span dir=\"auto\" style=\"vertical-align: inherit\"><span dir=\"auto\" style=\"vertical-align: inherit\">L&#8217;Algeria non \u00e8 mai stata visitata da un Papa. Il Camerun non ne ospita uno dal 1985 (Giovanni Paolo II), l&#8217;Angola dal 2009 (Benedetto XVI) e la Guinea Equatoriale dal 1982. Nessuno di questi Paesi \u00e8 stato incluso nei viaggi africani di Papa Francesco, sebbene abbia visitato dieci regioni del continente. &#8220;\u00c8 un viaggio attraverso la ricchezza di questo grande continente, popolato da popoli e mondi diversi&#8221;, ha sottolineato Bruni.<\/span><\/span><\/p>\n<p dir=\"auto\"><span dir=\"auto\" style=\"vertical-align: inherit\"><span dir=\"auto\" style=\"vertical-align: inherit\">Il Papa parler\u00e0 in inglese, francese, portoghese e spagnolo durante tutto il tour. I temi centrali che affronter\u00e0 includono la pace, l&#8217;ambiente, le migrazioni, la famiglia, i giovani e l&#8217;eredit\u00e0 del colonialismo. \u00c8 un continente segnato dai contrasti: violenza e fondamentalismo, ma anche l&#8217;entusiasmo delle nuove generazioni e il ruolo delle religioni nella ricerca della convivenza.<\/span><\/span><\/p>\n<h3 dir=\"auto\"><strong><span dir=\"auto\" style=\"vertical-align: inherit\"><span dir=\"auto\" style=\"vertical-align: inherit\">Algeria, terra di Sant&#8217;Agostino e di testimonianza cristiana<\/span><\/span><\/strong><\/h3>\n<p dir=\"auto\"><span dir=\"auto\" style=\"vertical-align: inherit\"><span dir=\"auto\" style=\"vertical-align: inherit\">La prima tappa sar\u00e0 l&#8217;Algeria, un Paese profondamente legato alla figura di Sant&#8217;Agostino, padre dell&#8217;ordine agostiniano a cui Robert Francis Prevost appartenne prima di diventare Leone XIV. Lo stesso Papa aveva espresso il desiderio di visitare i luoghi sacri del santo durante il volo di ritorno da Beirut.<\/span><\/span><\/p>\n<p dir=\"auto\"><span dir=\"auto\" style=\"vertical-align: inherit\"><span dir=\"auto\" style=\"vertical-align: inherit\">L&#8217;Algeria rappresenta &#8220;una terra di testimonianza cristiana antica e moderna&#8221;: dai cristiani del Nord Africa in epoca romana alla presenza di Charles de Foucauld tra i Tuareg, dai sette monaci trappisti assassinati negli anni &#8217;90 alle 19 figure religiose beatificate da Francesco nel 2018. Situata tra il deserto e il Mediterraneo, il viaggio ci permetter\u00e0 di parlare di migrazione e del rischio di sfruttamento delle risorse.<\/span><\/span><\/p>\n<h3 dir=\"auto\"><strong><span dir=\"auto\" style=\"vertical-align: inherit\"><span dir=\"auto\" style=\"vertical-align: inherit\">Camerun, \u201cL\u2019Africa in miniatura\u201d<\/span><\/span><\/strong><\/h3>\n<p dir=\"auto\"><span dir=\"auto\" style=\"vertical-align: inherit\"><span dir=\"auto\" style=\"vertical-align: inherit\">Dall&#8217;Algeria, il Papa si recher\u00e0 in Camerun, descritto come un microcosmo del continente per la sua diversit\u00e0 territoriale, culturale, linguistica e di risorse. L\u00ec, verranno richiamate le parole di Giovanni Paolo II sulla speranza e quelle di Benedetto XVI sulla riconciliazione, la giustizia e la pace.<\/span><\/span><\/p>\n<p dir=\"auto\"><span dir=\"auto\" style=\"vertical-align: inherit\"><span dir=\"auto\" style=\"vertical-align: inherit\">Il Paese si trova ad affrontare sfide quali le crisi in diverse regioni e l&#8217;ascesa del fondamentalismo, soprattutto tra i giovani. Leone XIV si concentrer\u00e0 sul ruolo delle religioni nella costruzione della pace, sull&#8217;impegno dei governi, della societ\u00e0 civile e delle donne, e sulla cura dell&#8217;ambiente, in concomitanza con il decimo anniversario dell&#8217;enciclica\u00a0 <\/span><\/span><em><span dir=\"auto\" style=\"vertical-align: inherit\"><span dir=\"auto\" style=\"vertical-align: inherit\">Laudato Si&#8217;<\/span><\/span><\/em><span dir=\"auto\" style=\"vertical-align: inherit\"><span dir=\"auto\" style=\"vertical-align: inherit\"> .<\/span><\/span><\/p>\n<h3 dir=\"auto\"><strong><span dir=\"auto\" style=\"vertical-align: inherit\"><span dir=\"auto\" style=\"vertical-align: inherit\">Angola e Guinea Equatoriale: giovani, risorse e speranza<\/span><\/span><\/strong><\/h3>\n<p dir=\"auto\"><span dir=\"auto\" style=\"vertical-align: inherit\"><span dir=\"auto\" style=\"vertical-align: inherit\">In Angola, l&#8217;attenzione si concentrer\u00e0 sulla pace, sulle risorse naturali e umane, sui giovani e sulle ferite lasciate dalla corruzione, dallo sfruttamento e dal colonialismo. \u00c8 un paese giovane, pieno di speranza e gioia, sebbene anche segnato dalla tentazione dello scoraggiamento. La fede viene presentata come &#8220;il cuore del cristianesimo africano&#8221;.<\/span><\/span><\/p>\n<p dir=\"auto\"><span dir=\"auto\" style=\"vertical-align: inherit\"><span dir=\"auto\" style=\"vertical-align: inherit\">Il viaggio si concluder\u00e0 in Guinea Equatoriale, una nazione ricca di risorse minerarie, caratterizzata da una grande diversit\u00e0 culturale e da una significativa presenza cristiana. L\u00ec, verr\u00e0 messo in evidenza l&#8217;impegno della Chiesa nella costruzione di una cultura di pace, nonch\u00e9 il ruolo della cultura e delle universit\u00e0 sostenute dalla Chiesa locale.<\/span><\/span><\/p>\n<h3 dir=\"auto\"><strong><span dir=\"auto\" style=\"vertical-align: inherit\"><span dir=\"auto\" style=\"vertical-align: inherit\">Un seguito con una forte presenza africana e agostiniana.<\/span><\/span><\/strong><\/h3>\n<p dir=\"auto\"><span dir=\"auto\" style=\"vertical-align: inherit\"><span dir=\"auto\" style=\"vertical-align: inherit\">Il Papa sar\u00e0 accompagnato dal Cardinale Luis Antonio Tagle, dal Cardinale George Koovakad e da due prefetti emeriti africani: Peter Appiah Turkson e Robert Sarah. Anche diversi agostiniani faranno parte del seguito, soprattutto durante la tappa algerina del viaggio. Il Papa si sposter\u00e0 spesso in un&#8217;auto scoperta durante le celebrazioni. Le misure di sicurezza saranno quelle standard, senza disposizioni particolari.<\/span><\/span><\/p>\n<p dir=\"auto\"><em><strong><span dir=\"auto\" style=\"vertical-align: inherit\"><span dir=\"auto\" style=\"vertical-align: inherit\">Durante il viaggio, verr\u00e0 fatto un cenno speciale a Papa Francesco, la cui ricorrenza della morte coincide con il 21 aprile.<\/span><\/span><\/strong><\/em><\/p>\n<p dir=\"auto\"><span dir=\"auto\" style=\"vertical-align: inherit\"><span dir=\"auto\" style=\"vertical-align: inherit\">Un pellegrino che, come ha detto lui stesso, si avventura in \u201cpopoli e mondi diversi\u201d. Un continente spesso dimenticato che, secondo il Vaticano, \u201cha bisogno di essere ascoltato\u201d. Undici giorni per ascoltare, dialogare e costruire ponti in una delle regioni pi\u00f9 vitali e complesse del pianeta.<\/span><\/span><\/p>\n<p dir=\"auto\"><span dir=\"auto\" style=\"vertical-align: inherit\"><span dir=\"auto\" style=\"vertical-align: inherit\">Pronti a proseguire questo viaggio? L&#8217;Africa attende il successore di Peter.<\/span><\/span><\/p>\n","protected":false},"excerpt":{"rendered":"<p>Un viaggio di undici giorni attraverso quattro paesi, dodici citt\u00e0 e quattro lingue. Il terzo viaggio apostolico di Papa Leone XIV promette di essere un&#8217;immersione nella ricchezza e nella complessit\u00e0 del continente africano<\/p>\n","protected":false},"author":17,"featured_media":165104,"comment_status":"closed","ping_status":"closed","sticky":false,"template":"","format":"standard","meta":{"_acf_changed":false,"_crdt_document":"","inline_featured_image":false,"footnotes":""},"categories":[67,119],"tags":[948,106721,106724,106722,64851,12082,106725,106734,106729,106730,106731,106732,106727,483,106723,106733,4952,106726,84109,106728,106735],"class_list":["post-165158","post","type-post","status-publish","format-standard","has-post-thumbnail","hentry","category-leone-xiv","category-viaggi","tag-africa","tag-camerun-angola-guinea-equatoriale","tag-decimo-anniversario-della-laudato-si","tag-dialogo-interreligioso-pace","tag-featured-it-2","tag-gioventu","tag-leone-xiv-in-africa","tag-notizie-dal-vaticano-leone-xiv","tag-pace-ambiente-migrazione-africa","tag-pellegrino-in-africa","tag-primo-viaggio-africano-di-leone-xiv","tag-programma-del-viaggio-del-papa-aprile-2026","tag-quattro-paesi","tag-speranza","tag-sulle-orme-di-santagostino-algeria","tag-testimonianza-cristiana-africa","tag-trending-it","tag-undici-giorni","tag-viaggio-apostolico-di-leone-xiv","tag-viaggio-di-papa-leone-xiv-in-africa-2026","tag-visita-del-papa-in-algeria"],"acf":[],"yoast_head":"<!-- This site is optimized with the Yoast SEO plugin v27.4 - https:\/\/yoast.com\/product\/yoast-seo-wordpress\/ -->\n<title>Papa Leone XIV in Africa: pellegrino tra \u201cpopoli e mondi diversi\u201d &#8211; Exaudi<\/title>\n<meta name=\"robots\" content=\"index, follow, max-snippet:-1, max-image-preview:large, max-video-preview:-1\" \/>\n<link rel=\"canonical\" href=\"https:\/\/exaudi.org\/it\/papa-leone-xiv-in-africa-pellegrino-tra-popoli-e-mondi-diversi\/\" \/>\n<meta property=\"og:locale\" content=\"it_IT\" \/>\n<meta property=\"og:type\" content=\"article\" \/>\n<meta property=\"og:title\" content=\"Papa Leone XIV in Africa: pellegrino tra \u201cpopoli e mondi diversi\u201d &#8211; Exaudi\" \/>\n<meta property=\"og:description\" content=\"Un viaggio di undici giorni attraverso quattro paesi, dodici citt\u00e0 e quattro lingue. Il terzo viaggio apostolico di Papa Leone XIV promette di essere un&#039;immersione nella ricchezza e nella complessit\u00e0 del continente africano\" \/>\n<meta property=\"og:url\" content=\"https:\/\/exaudi.org\/it\/papa-leone-xiv-in-africa-pellegrino-tra-popoli-e-mondi-diversi\/\" \/>\n<meta property=\"og:site_name\" content=\"Exaudi\" \/>\n<meta property=\"article:publisher\" content=\"https:\/\/www.facebook.com\/ExaudiNews\" \/>\n<meta property=\"article:author\" content=\"https:\/\/www.facebook.com\/ExaudiNotizie\/\" \/>\n<meta property=\"article:published_time\" content=\"2026-04-10T02:05:18+00:00\" \/>\n<meta property=\"og:image\" content=\"https:\/\/exaudi.org\/wp-content\/uploads\/2026\/04\/cq5dam.thumbnail.cropped.750.422-2.jpg\" \/>\n\t<meta property=\"og:image:width\" content=\"1360\" \/>\n\t<meta property=\"og:image:height\" content=\"768\" \/>\n\t<meta property=\"og:image:type\" content=\"image\/jpeg\" \/>\n<meta name=\"author\" content=\"Exaudi Redazione\" \/>\n<meta name=\"twitter:card\" content=\"summary_large_image\" \/>\n<meta name=\"twitter:creator\" content=\"@Exaudi_Notizie\" \/>\n<meta name=\"twitter:site\" content=\"@Exaudi_News\" \/>\n<meta name=\"twitter:label1\" content=\"Scritto da\" \/>\n\t<meta name=\"twitter:data1\" content=\"Exaudi Redazione\" \/>\n\t<meta name=\"twitter:label2\" content=\"Tempo di lettura stimato\" \/>\n\t<meta name=\"twitter:data2\" content=\"3 minuti\" \/>\n<script type=\"application\/ld+json\" class=\"yoast-schema-graph\">{\"@context\":\"https:\\\/\\\/schema.org\",\"@graph\":[{\"@type\":\"Article\",\"@id\":\"https:\\\/\\\/exaudi.org\\\/it\\\/papa-leone-xiv-in-africa-pellegrino-tra-popoli-e-mondi-diversi\\\/#article\",\"isPartOf\":{\"@id\":\"https:\\\/\\\/exaudi.org\\\/it\\\/papa-leone-xiv-in-africa-pellegrino-tra-popoli-e-mondi-diversi\\\/\"},\"author\":{\"name\":\"Exaudi Redazione\",\"@id\":\"https:\\\/\\\/exaudi.org\\\/#\\\/schema\\\/person\\\/e1ab6ed07c01774724dd96f925f3a5f0\"},\"headline\":\"Papa Leone XIV in Africa: pellegrino tra \u201cpopoli e mondi diversi\u201d\",\"datePublished\":\"2026-04-10T02:05:18+00:00\",\"mainEntityOfPage\":{\"@id\":\"https:\\\/\\\/exaudi.org\\\/it\\\/papa-leone-xiv-in-africa-pellegrino-tra-popoli-e-mondi-diversi\\\/\"},\"wordCount\":687,\"image\":{\"@id\":\"https:\\\/\\\/exaudi.org\\\/it\\\/papa-leone-xiv-in-africa-pellegrino-tra-popoli-e-mondi-diversi\\\/#primaryimage\"},\"thumbnailUrl\":\"https:\\\/\\\/exaudi.org\\\/wp-content\\\/uploads\\\/2026\\\/04\\\/cq5dam.thumbnail.cropped.750.422-2.jpg\",\"keywords\":[\"Africa\",\"Camerun Angola Guinea Equatoriale\",\"decimo anniversario della Laudato Si'\",\"dialogo interreligioso pace\",\"Featured\",\"Giovent\u00f9\",\"Leone XIV in Africa\",\"Notizie dal Vaticano Leone XIV\",\"pace ambiente migrazione Africa\",\"pellegrino in Africa\",\"Primo viaggio africano di Leone XIV\",\"Programma del viaggio del Papa aprile 2026\",\"quattro paesi\",\"speranza\",\"sulle orme di Sant'Agostino Algeria\",\"testimonianza cristiana Africa\",\"Trending\",\"undici giorni\",\"Viaggio apostolico di Leone XIV\",\"Viaggio di Papa Leone XIV in Africa 2026\",\"Visita del Papa in Algeria\"],\"articleSection\":[\"Leone XIV\",\"Viaggi\"],\"inLanguage\":\"it-IT\"},{\"@type\":\"WebPage\",\"@id\":\"https:\\\/\\\/exaudi.org\\\/it\\\/papa-leone-xiv-in-africa-pellegrino-tra-popoli-e-mondi-diversi\\\/\",\"url\":\"https:\\\/\\\/exaudi.org\\\/it\\\/papa-leone-xiv-in-africa-pellegrino-tra-popoli-e-mondi-diversi\\\/\",\"name\":\"Papa Leone XIV in Africa: pellegrino tra \u201cpopoli e mondi diversi\u201d &#8211; Exaudi\",\"isPartOf\":{\"@id\":\"https:\\\/\\\/exaudi.org\\\/#website\"},\"primaryImageOfPage\":{\"@id\":\"https:\\\/\\\/exaudi.org\\\/it\\\/papa-leone-xiv-in-africa-pellegrino-tra-popoli-e-mondi-diversi\\\/#primaryimage\"},\"image\":{\"@id\":\"https:\\\/\\\/exaudi.org\\\/it\\\/papa-leone-xiv-in-africa-pellegrino-tra-popoli-e-mondi-diversi\\\/#primaryimage\"},\"thumbnailUrl\":\"https:\\\/\\\/exaudi.org\\\/wp-content\\\/uploads\\\/2026\\\/04\\\/cq5dam.thumbnail.cropped.750.422-2.jpg\",\"datePublished\":\"2026-04-10T02:05:18+00:00\",\"author\":{\"@id\":\"https:\\\/\\\/exaudi.org\\\/#\\\/schema\\\/person\\\/e1ab6ed07c01774724dd96f925f3a5f0\"},\"breadcrumb\":{\"@id\":\"https:\\\/\\\/exaudi.org\\\/it\\\/papa-leone-xiv-in-africa-pellegrino-tra-popoli-e-mondi-diversi\\\/#breadcrumb\"},\"inLanguage\":\"it-IT\",\"potentialAction\":[{\"@type\":\"ReadAction\",\"target\":[\"https:\\\/\\\/exaudi.org\\\/it\\\/papa-leone-xiv-in-africa-pellegrino-tra-popoli-e-mondi-diversi\\\/\"]}]},{\"@type\":\"ImageObject\",\"inLanguage\":\"it-IT\",\"@id\":\"https:\\\/\\\/exaudi.org\\\/it\\\/papa-leone-xiv-in-africa-pellegrino-tra-popoli-e-mondi-diversi\\\/#primaryimage\",\"url\":\"https:\\\/\\\/exaudi.org\\\/wp-content\\\/uploads\\\/2026\\\/04\\\/cq5dam.thumbnail.cropped.750.422-2.jpg\",\"contentUrl\":\"https:\\\/\\\/exaudi.org\\\/wp-content\\\/uploads\\\/2026\\\/04\\\/cq5dam.thumbnail.cropped.750.422-2.jpg\",\"width\":1360,\"height\":768},{\"@type\":\"BreadcrumbList\",\"@id\":\"https:\\\/\\\/exaudi.org\\\/it\\\/papa-leone-xiv-in-africa-pellegrino-tra-popoli-e-mondi-diversi\\\/#breadcrumb\",\"itemListElement\":[{\"@type\":\"ListItem\",\"position\":1,\"name\":\"Portada\",\"item\":\"https:\\\/\\\/exaudi.org\\\/it\\\/\"},{\"@type\":\"ListItem\",\"position\":2,\"name\":\"Papa Leone XIV in Africa: pellegrino tra \u201cpopoli e mondi diversi\u201d\"}]},{\"@type\":\"WebSite\",\"@id\":\"https:\\\/\\\/exaudi.org\\\/#website\",\"url\":\"https:\\\/\\\/exaudi.org\\\/\",\"name\":\"Exaudi\",\"description\":\"News\",\"potentialAction\":[{\"@type\":\"SearchAction\",\"target\":{\"@type\":\"EntryPoint\",\"urlTemplate\":\"https:\\\/\\\/exaudi.org\\\/?s={search_term_string}\"},\"query-input\":{\"@type\":\"PropertyValueSpecification\",\"valueRequired\":true,\"valueName\":\"search_term_string\"}}],\"inLanguage\":\"it-IT\"},{\"@type\":\"Person\",\"@id\":\"https:\\\/\\\/exaudi.org\\\/#\\\/schema\\\/person\\\/e1ab6ed07c01774724dd96f925f3a5f0\",\"name\":\"Exaudi Redazione\",\"image\":{\"@type\":\"ImageObject\",\"inLanguage\":\"it-IT\",\"@id\":\"https:\\\/\\\/secure.gravatar.com\\\/avatar\\\/ad6774b3ada023bf5b939d64f45c94b3adf91502dd883507d469b4308a943bb3?s=96&d=mm&r=g\",\"url\":\"https:\\\/\\\/secure.gravatar.com\\\/avatar\\\/ad6774b3ada023bf5b939d64f45c94b3adf91502dd883507d469b4308a943bb3?s=96&d=mm&r=g\",\"contentUrl\":\"https:\\\/\\\/secure.gravatar.com\\\/avatar\\\/ad6774b3ada023bf5b939d64f45c94b3adf91502dd883507d469b4308a943bb3?s=96&d=mm&r=g\",\"caption\":\"Exaudi Redazione\"},\"description\":\"Che cosa \u00e8 Exaudi News? Exaudi News \u00e8 un agenzia cattolica internazionale che informa, istruisce e trasforma quotidianamente in spagnolo, inglese e italiano. Attraverso notizie, articoli di analisi e trasmissioni in diretta degli eventi del Papa, Exaudi cerca di rafforzare l'unit\u00e0 dei cristiani e di contribuire all'evangelizzazione del mondo, sempre guidato dalla dottrina sociale della Chiesa. Lavoriamo per portare la verit\u00e0 e i valori cristiani in ogni angolo del pianeta. Aiutaci a trasformare il mondo con Exaudi! Noi di Exaudi crediamo che l'evangelizzazione e l'informazione di qualit\u00e0 possano cambiare la vita. Per continuare la nostra missione ed espandere la nostra portata, abbiamo bisogno del tuo aiuto. Stiamo anche cercando persone motivate che vogliano unirsi al nostro team. Grazie al vostro sostegno raggiungeremo pi\u00f9 persone, diffonderemo il messaggio di Cristo e rafforzeremo l'unit\u00e0 dei cristiani. Vuoi unirti alla nostra missione? Per maggiori informazioni su come contribuire, visita Exaudi.org\\\/it o contattaci direttamente: info@exaudi.org Exaudi: informa, forma e trasforma.\",\"sameAs\":[\"https:\\\/\\\/www.facebook.com\\\/ExaudiNotizie\\\/\",\"https:\\\/\\\/www.instagram.com\\\/Exaudi_notizie\\\/\",\"https:\\\/\\\/x.com\\\/Exaudi_Notizie\",\"https:\\\/\\\/www.youtube.com\\\/@exaudicatholicnews\"],\"url\":\"https:\\\/\\\/exaudi.org\\\/it\\\/author\\\/dlvedi-org\\\/\"}]}<\/script>\n<!-- \/ Yoast SEO plugin. -->","yoast_head_json":{"title":"Papa Leone XIV in Africa: pellegrino tra \u201cpopoli e mondi diversi\u201d &#8211; Exaudi","robots":{"index":"index","follow":"follow","max-snippet":"max-snippet:-1","max-image-preview":"max-image-preview:large","max-video-preview":"max-video-preview:-1"},"canonical":"https:\/\/exaudi.org\/it\/papa-leone-xiv-in-africa-pellegrino-tra-popoli-e-mondi-diversi\/","og_locale":"it_IT","og_type":"article","og_title":"Papa Leone XIV in Africa: pellegrino tra \u201cpopoli e mondi diversi\u201d &#8211; Exaudi","og_description":"Un viaggio di undici giorni attraverso quattro paesi, dodici citt\u00e0 e quattro lingue. Il terzo viaggio apostolico di Papa Leone XIV promette di essere un'immersione nella ricchezza e nella complessit\u00e0 del continente africano","og_url":"https:\/\/exaudi.org\/it\/papa-leone-xiv-in-africa-pellegrino-tra-popoli-e-mondi-diversi\/","og_site_name":"Exaudi","article_publisher":"https:\/\/www.facebook.com\/ExaudiNews","article_author":"https:\/\/www.facebook.com\/ExaudiNotizie\/","article_published_time":"2026-04-10T02:05:18+00:00","og_image":[{"width":1360,"height":768,"url":"https:\/\/exaudi.org\/wp-content\/uploads\/2026\/04\/cq5dam.thumbnail.cropped.750.422-2.jpg","type":"image\/jpeg"}],"author":"Exaudi Redazione","twitter_card":"summary_large_image","twitter_creator":"@Exaudi_Notizie","twitter_site":"@Exaudi_News","twitter_misc":{"Scritto da":"Exaudi Redazione","Tempo di lettura stimato":"3 minuti"},"schema":{"@context":"https:\/\/schema.org","@graph":[{"@type":"Article","@id":"https:\/\/exaudi.org\/it\/papa-leone-xiv-in-africa-pellegrino-tra-popoli-e-mondi-diversi\/#article","isPartOf":{"@id":"https:\/\/exaudi.org\/it\/papa-leone-xiv-in-africa-pellegrino-tra-popoli-e-mondi-diversi\/"},"author":{"name":"Exaudi Redazione","@id":"https:\/\/exaudi.org\/#\/schema\/person\/e1ab6ed07c01774724dd96f925f3a5f0"},"headline":"Papa Leone XIV in Africa: pellegrino tra \u201cpopoli e mondi diversi\u201d","datePublished":"2026-04-10T02:05:18+00:00","mainEntityOfPage":{"@id":"https:\/\/exaudi.org\/it\/papa-leone-xiv-in-africa-pellegrino-tra-popoli-e-mondi-diversi\/"},"wordCount":687,"image":{"@id":"https:\/\/exaudi.org\/it\/papa-leone-xiv-in-africa-pellegrino-tra-popoli-e-mondi-diversi\/#primaryimage"},"thumbnailUrl":"https:\/\/exaudi.org\/wp-content\/uploads\/2026\/04\/cq5dam.thumbnail.cropped.750.422-2.jpg","keywords":["Africa","Camerun Angola Guinea Equatoriale","decimo anniversario della Laudato Si'","dialogo interreligioso pace","Featured","Giovent\u00f9","Leone XIV in Africa","Notizie dal Vaticano Leone XIV","pace ambiente migrazione Africa","pellegrino in Africa","Primo viaggio africano di Leone XIV","Programma del viaggio del Papa aprile 2026","quattro paesi","speranza","sulle orme di Sant'Agostino Algeria","testimonianza cristiana Africa","Trending","undici giorni","Viaggio apostolico di Leone XIV","Viaggio di Papa Leone XIV in Africa 2026","Visita del Papa in Algeria"],"articleSection":["Leone XIV","Viaggi"],"inLanguage":"it-IT"},{"@type":"WebPage","@id":"https:\/\/exaudi.org\/it\/papa-leone-xiv-in-africa-pellegrino-tra-popoli-e-mondi-diversi\/","url":"https:\/\/exaudi.org\/it\/papa-leone-xiv-in-africa-pellegrino-tra-popoli-e-mondi-diversi\/","name":"Papa Leone XIV in Africa: pellegrino tra \u201cpopoli e mondi diversi\u201d &#8211; Exaudi","isPartOf":{"@id":"https:\/\/exaudi.org\/#website"},"primaryImageOfPage":{"@id":"https:\/\/exaudi.org\/it\/papa-leone-xiv-in-africa-pellegrino-tra-popoli-e-mondi-diversi\/#primaryimage"},"image":{"@id":"https:\/\/exaudi.org\/it\/papa-leone-xiv-in-africa-pellegrino-tra-popoli-e-mondi-diversi\/#primaryimage"},"thumbnailUrl":"https:\/\/exaudi.org\/wp-content\/uploads\/2026\/04\/cq5dam.thumbnail.cropped.750.422-2.jpg","datePublished":"2026-04-10T02:05:18+00:00","author":{"@id":"https:\/\/exaudi.org\/#\/schema\/person\/e1ab6ed07c01774724dd96f925f3a5f0"},"breadcrumb":{"@id":"https:\/\/exaudi.org\/it\/papa-leone-xiv-in-africa-pellegrino-tra-popoli-e-mondi-diversi\/#breadcrumb"},"inLanguage":"it-IT","potentialAction":[{"@type":"ReadAction","target":["https:\/\/exaudi.org\/it\/papa-leone-xiv-in-africa-pellegrino-tra-popoli-e-mondi-diversi\/"]}]},{"@type":"ImageObject","inLanguage":"it-IT","@id":"https:\/\/exaudi.org\/it\/papa-leone-xiv-in-africa-pellegrino-tra-popoli-e-mondi-diversi\/#primaryimage","url":"https:\/\/exaudi.org\/wp-content\/uploads\/2026\/04\/cq5dam.thumbnail.cropped.750.422-2.jpg","contentUrl":"https:\/\/exaudi.org\/wp-content\/uploads\/2026\/04\/cq5dam.thumbnail.cropped.750.422-2.jpg","width":1360,"height":768},{"@type":"BreadcrumbList","@id":"https:\/\/exaudi.org\/it\/papa-leone-xiv-in-africa-pellegrino-tra-popoli-e-mondi-diversi\/#breadcrumb","itemListElement":[{"@type":"ListItem","position":1,"name":"Portada","item":"https:\/\/exaudi.org\/it\/"},{"@type":"ListItem","position":2,"name":"Papa Leone XIV in Africa: pellegrino tra \u201cpopoli e mondi diversi\u201d"}]},{"@type":"WebSite","@id":"https:\/\/exaudi.org\/#website","url":"https:\/\/exaudi.org\/","name":"Exaudi","description":"News","potentialAction":[{"@type":"SearchAction","target":{"@type":"EntryPoint","urlTemplate":"https:\/\/exaudi.org\/?s={search_term_string}"},"query-input":{"@type":"PropertyValueSpecification","valueRequired":true,"valueName":"search_term_string"}}],"inLanguage":"it-IT"},{"@type":"Person","@id":"https:\/\/exaudi.org\/#\/schema\/person\/e1ab6ed07c01774724dd96f925f3a5f0","name":"Exaudi Redazione","image":{"@type":"ImageObject","inLanguage":"it-IT","@id":"https:\/\/secure.gravatar.com\/avatar\/ad6774b3ada023bf5b939d64f45c94b3adf91502dd883507d469b4308a943bb3?s=96&d=mm&r=g","url":"https:\/\/secure.gravatar.com\/avatar\/ad6774b3ada023bf5b939d64f45c94b3adf91502dd883507d469b4308a943bb3?s=96&d=mm&r=g","contentUrl":"https:\/\/secure.gravatar.com\/avatar\/ad6774b3ada023bf5b939d64f45c94b3adf91502dd883507d469b4308a943bb3?s=96&d=mm&r=g","caption":"Exaudi Redazione"},"description":"Che cosa \u00e8 Exaudi News? Exaudi News \u00e8 un agenzia cattolica internazionale che informa, istruisce e trasforma quotidianamente in spagnolo, inglese e italiano. Attraverso notizie, articoli di analisi e trasmissioni in diretta degli eventi del Papa, Exaudi cerca di rafforzare l'unit\u00e0 dei cristiani e di contribuire all'evangelizzazione del mondo, sempre guidato dalla dottrina sociale della Chiesa. Lavoriamo per portare la verit\u00e0 e i valori cristiani in ogni angolo del pianeta. Aiutaci a trasformare il mondo con Exaudi! Noi di Exaudi crediamo che l'evangelizzazione e l'informazione di qualit\u00e0 possano cambiare la vita. Per continuare la nostra missione ed espandere la nostra portata, abbiamo bisogno del tuo aiuto. Stiamo anche cercando persone motivate che vogliano unirsi al nostro team. Grazie al vostro sostegno raggiungeremo pi\u00f9 persone, diffonderemo il messaggio di Cristo e rafforzeremo l'unit\u00e0 dei cristiani. Vuoi unirti alla nostra missione? Per maggiori informazioni su come contribuire, visita Exaudi.org\/it o contattaci direttamente: info@exaudi.org Exaudi: informa, forma e trasforma.","sameAs":["https:\/\/www.facebook.com\/ExaudiNotizie\/","https:\/\/www.instagram.com\/Exaudi_notizie\/","https:\/\/x.com\/Exaudi_Notizie","https:\/\/www.youtube.com\/@exaudicatholicnews"],"url":"https:\/\/exaudi.org\/it\/author\/dlvedi-org\/"}]}},"jetpack_featured_media_url":"https:\/\/exaudi.org\/wp-content\/uploads\/2026\/04\/cq5dam.thumbnail.cropped.750.422-2.jpg","jetpack_shortlink":"https:\/\/wp.me\/pgKjF2-GXQ","_links":{"self":[{"href":"https:\/\/exaudi.org\/it\/wp-json\/wp\/v2\/posts\/165158","targetHints":{"allow":["GET"]}}],"collection":[{"href":"https:\/\/exaudi.org\/it\/wp-json\/wp\/v2\/posts"}],"about":[{"href":"https:\/\/exaudi.org\/it\/wp-json\/wp\/v2\/types\/post"}],"author":[{"embeddable":true,"href":"https:\/\/exaudi.org\/it\/wp-json\/wp\/v2\/users\/17"}],"replies":[{"embeddable":true,"href":"https:\/\/exaudi.org\/it\/wp-json\/wp\/v2\/comments?post=165158"}],"version-history":[{"count":3,"href":"https:\/\/exaudi.org\/it\/wp-json\/wp\/v2\/posts\/165158\/revisions"}],"predecessor-version":[{"id":165161,"href":"https:\/\/exaudi.org\/it\/wp-json\/wp\/v2\/posts\/165158\/revisions\/165161"}],"wp:featuredmedia":[{"embeddable":true,"href":"https:\/\/exaudi.org\/it\/wp-json\/wp\/v2\/media\/165104"}],"wp:attachment":[{"href":"https:\/\/exaudi.org\/it\/wp-json\/wp\/v2\/media?parent=165158"}],"wp:term":[{"taxonomy":"category","embeddable":true,"href":"https:\/\/exaudi.org\/it\/wp-json\/wp\/v2\/categories?post=165158"},{"taxonomy":"post_tag","embeddable":true,"href":"https:\/\/exaudi.org\/it\/wp-json\/wp\/v2\/tags?post=165158"}],"curies":[{"name":"wp","href":"https:\/\/api.w.org\/{rel}","templated":true}]}}