{"id":163994,"date":"2026-04-02T18:50:20","date_gmt":"2026-04-02T16:50:20","guid":{"rendered":"https:\/\/exaudi.org\/?p=163994"},"modified":"2026-04-02T18:50:20","modified_gmt":"2026-04-02T16:50:20","slug":"come-affrontare-il-dolore","status":"publish","type":"post","link":"https:\/\/exaudi.org\/it\/come-affrontare-il-dolore\/","title":{"rendered":"Come affrontare il dolore?"},"content":{"rendered":"<p><span dir=\"auto\" style=\"vertical-align: inherit\"><span dir=\"auto\" style=\"vertical-align: inherit\">La Settimana Santa si avvicina, offrendoci l&#8217;opportunit\u00e0 di fermarci e riflettere pi\u00f9 profondamente su alcuni eventi significativi, se coltiviamo il silenzio e la quiete interiore. Il mistero della sofferenza\u2026<\/span><\/span><\/p>\n<p><span dir=\"auto\" style=\"vertical-align: inherit\"><span dir=\"auto\" style=\"vertical-align: inherit\">Nella vita, la sofferenza si manifesta sempre in una forma o nell&#8217;altra. Nei momenti difficili, riflettere su questo tema potrebbe esserci d&#8217;aiuto\u2026 Qual \u00e8 il suo significato, come affrontarla e come imparare dalle situazioni dolorose? E ancora, come gestirla in famiglia affinch\u00e9 non ci destabilizzi. \u00c8 il problema del dolore, con il mistero che lo avvolge.<\/span><\/span><strong><em>\u00a0 \u00a0 \u00a0 \u00a0\u00a0<\/em><\/strong><\/p>\n<p><span dir=\"auto\" style=\"vertical-align: inherit\"><span dir=\"auto\" style=\"vertical-align: inherit\">A volte le situazioni traumatiche creano fratture nelle famiglie o nelle relazioni, altre volte avvicinano le persone. Dipende da come vengono affrontate. Se ci aiutiamo e ci sosteniamo a vicenda, con generosit\u00e0, diventa un&#8217;opportunit\u00e0 per maturare e crescere. Forse \u00e8 un modo per fermarsi\u00a0 , guardarsi <\/span><\/span><strong><span dir=\"auto\" style=\"vertical-align: inherit\"><span dir=\"auto\" style=\"vertical-align: inherit\">dentro<\/span><\/span><\/strong><span dir=\"auto\" style=\"vertical-align: inherit\"><span dir=\"auto\" style=\"vertical-align: inherit\"> \u00a0e dedicare tempo ed energie a riflettere su ci\u00f2 che \u00e8 veramente importante nella vita, cose che a volte passano inosservate.<\/span><\/span><\/p>\n<p><span dir=\"auto\" style=\"vertical-align: inherit\"><span dir=\"auto\" style=\"vertical-align: inherit\">\u00c8 una grande benedizione che l&#8217;amore cresca non solo nei momenti belli, ma anche in quelli meno belli,\u00a0 <\/span><\/span><strong><span dir=\"auto\" style=\"vertical-align: inherit\"><span dir=\"auto\" style=\"vertical-align: inherit\">purch\u00e9 si affrontino<\/span><\/span><\/strong><span dir=\"auto\" style=\"vertical-align: inherit\"><span dir=\"auto\" style=\"vertical-align: inherit\"> \u00a0insieme gli imprevisti della vita. Tutto alimenta l&#8217;amore: un viaggio, una sorpresa, un pasto, un regalo, ma anche una brutta giornata, una visita medica, prendersi cura dei figli, una malattia, un periodo difficile o un &#8220;fallimento&#8221; di qualsiasi tipo&#8230;<\/span><\/span><\/p>\n<p><span dir=\"auto\" style=\"vertical-align: inherit\"><span dir=\"auto\" style=\"vertical-align: inherit\">Il dolore\u00a0 <\/span><\/span><strong><span dir=\"auto\" style=\"vertical-align: inherit\"><span dir=\"auto\" style=\"vertical-align: inherit\">\u00e8 un mistero\u00a0<\/span><\/span><\/strong><span dir=\"auto\" style=\"vertical-align: inherit\"><span dir=\"auto\" style=\"vertical-align: inherit\"> e ci predispone alla riflessione. Siamo pi\u00f9 abituati a pensare alla risoluzione dei problemi, ma non tanto ai misteri. Pertanto, fermandoci,\u00a0 <\/span><\/span><strong><span dir=\"auto\" style=\"vertical-align: inherit\"><span dir=\"auto\" style=\"vertical-align: inherit\">ci\u00f2 che \u00e8 banale lascia il posto a ci\u00f2 che \u00e8 importante<\/span><\/span><\/strong><span dir=\"auto\" style=\"vertical-align: inherit\"><span dir=\"auto\" style=\"vertical-align: inherit\"> , e questo pu\u00f2 aiutarci a stabilire le priorit\u00e0.<\/span><\/span><\/p>\n<p><span dir=\"auto\" style=\"vertical-align: inherit\"><span dir=\"auto\" style=\"vertical-align: inherit\">Inoltre,\u00a0 <\/span><\/span><strong><span dir=\"auto\" style=\"vertical-align: inherit\"><span dir=\"auto\" style=\"vertical-align: inherit\">il dolore \u00e8 sempre intrecciato all&#8217;amore,\u00a0<\/span><\/span><\/strong><span dir=\"auto\" style=\"vertical-align: inherit\"><span dir=\"auto\" style=\"vertical-align: inherit\"> perch\u00e9 l&#8217;amore richiede sacrifici, rinunce, assenze&#8230; e la vita implica sofferenza. Ma quando il dolore si integra con l&#8217;amore, lo eleva, lo rinvigorisce e aiuta a superarlo.<\/span><\/span><\/p>\n<p><strong><span dir=\"auto\" style=\"vertical-align: inherit\"><span dir=\"auto\" style=\"vertical-align: inherit\">L&#8217;amore aiuta ad alleviare il dolore:<\/span><\/span><\/strong><span dir=\"auto\" style=\"vertical-align: inherit\"><span dir=\"auto\" style=\"vertical-align: inherit\"> \u00a0gli d\u00e0 forza e significato, perch\u00e9 entrambi fanno parte della stessa realt\u00e0. Questa dualit\u00e0 di amore e dolore. Pi\u00f9 amiamo, pi\u00f9 diventiamo vulnerabili e pi\u00f9 ci esponiamo alla sofferenza per amore, ma amare vale sempre la pena. \u00c8 qualcosa che ci trascende\u2026 L&#8217;amore \u00e8 una realt\u00e0 cos\u00ec ricca che cresce e si espande quando lo offriamo.<\/span><\/span><\/p>\n<p><span dir=\"auto\" style=\"vertical-align: inherit\"><span dir=\"auto\" style=\"vertical-align: inherit\">Un grande scrittore,\u00a0 <\/span><\/span><strong><span dir=\"auto\" style=\"vertical-align: inherit\"><span dir=\"auto\" style=\"vertical-align: inherit\">C.S. Lewis,<\/span><\/span><\/strong><span dir=\"auto\" style=\"vertical-align: inherit\"><span dir=\"auto\" style=\"vertical-align: inherit\"> \u00a0ha riflettuto a lungo sul tema del dolore, che ha segnato la sua infanzia. E pi\u00f9 tardi, la Grande Guerra\u2026 Come accadde ai suoi amici degli Inklings, che si incontrarono per gli incontri letterari e si sostennero e si &#8220;salvarono&#8221; a vicenda da tanta sofferenza, dall&#8217;insensatezza della guerra e dalla costante minaccia della morte.<\/span><\/span><\/p>\n<p><span dir=\"auto\" style=\"vertical-align: inherit\"><span dir=\"auto\" style=\"vertical-align: inherit\">A proposito di questi amici, ne\u00a0 <\/span><\/span><strong><span dir=\"auto\" style=\"vertical-align: inherit\"><span dir=\"auto\" style=\"vertical-align: inherit\">&#8220;Il mago delle parole&#8221;,<\/span><\/span><\/strong><span dir=\"auto\" style=\"vertical-align: inherit\"><span dir=\"auto\" style=\"vertical-align: inherit\"> \u00a0una biografia per ragazzi di J.R.R. Tolkien pubblicata da Magisterio Casals, l&#8217;esperto Eduardo Segura scrive: &#8220;Si trattava di\u00a0 <\/span><\/span><strong><span dir=\"auto\" style=\"vertical-align: inherit\"><span dir=\"auto\" style=\"vertical-align: inherit\">ritrovarsi attorno a un bel fuoco e scambiarsi opinioni sui pi\u00f9 <\/span><\/span><\/strong><strong><span dir=\"auto\" style=\"vertical-align: inherit\"><span dir=\"auto\" style=\"vertical-align: inherit\">svariati argomenti<\/span><\/span><\/strong><span dir=\"auto\" style=\"vertical-align: inherit\"><span dir=\"auto\" style=\"vertical-align: inherit\"> \u00a0in incontri che duravano fino a notte fonda, molto divertenti e ricchi di idee brillanti e ingegnose&#8221;.<\/span><\/span><\/p>\n<p><span dir=\"auto\" style=\"vertical-align: inherit\"><span dir=\"auto\" style=\"vertical-align: inherit\">Nelle sue lezioni, Lewis utilizzava una metafora molto efficace riguardo al dolore: diceva che siamo come &#8220;blocchi di pietra&#8221; dai quali lo &#8220;scultore&#8221; cerca di estrarre un capolavoro, un essere umano concreto. &#8221; <\/span><\/span><strong><span dir=\"auto\" style=\"vertical-align: inherit\"><span dir=\"auto\" style=\"vertical-align: inherit\">I colpi dello scalpello, che ci fanno tanto male, ci <\/span><\/span><\/strong><strong><span dir=\"auto\" style=\"vertical-align: inherit\"><span dir=\"auto\" style=\"vertical-align: inherit\">permettono anche <\/span><\/span><\/strong><strong><span dir=\"auto\" style=\"vertical-align: inherit\"><span dir=\"auto\" style=\"vertical-align: inherit\">di diventare pi\u00f9 perfetti.&#8221;\u00a0<\/span><\/span><\/strong><\/p>\n<p><span dir=\"auto\" style=\"vertical-align: inherit\"><span dir=\"auto\" style=\"vertical-align: inherit\">Da bambino ha sofferto moltissimo: i suoi genitori sono morti di cancro, e questo lo ha segnato profondamente. Tutta la gioia e la sicurezza dell&#8217;ambiente familiare sono svanite con la morte della madre, avvenuta quando aveva nove anni.<\/span><\/span><\/p>\n<p><span dir=\"auto\" style=\"vertical-align: inherit\"><span dir=\"auto\" style=\"vertical-align: inherit\">Nutriva da sempre un profondo desiderio di bellezza&#8230; un desiderio rimasto inappagato. Pi\u00f9 tardi, nella vita, incontr\u00f2 Joy Gresham, una giovane scrittrice americana sensibile e perspicace che lesse le sue opere, e tra loro sbocci\u00f2 l&#8217;amore. Si sposarono, ma poco dopo a lei fu diagnosticato un cancro in stadio avanzato.<\/span><\/span><\/p>\n<p><span dir=\"auto\" style=\"vertical-align: inherit\"><span dir=\"auto\" style=\"vertical-align: inherit\">Questo aspetto \u00e8 splendidamente rappresentato nel film di Robert Attenborough <\/span><\/span><strong>\u00a0<\/strong><span dir=\"auto\" style=\"vertical-align: inherit\"><span dir=\"auto\" style=\"vertical-align: inherit\">&#8221; <\/span><\/span><strong><span dir=\"auto\" style=\"vertical-align: inherit\"><span dir=\"auto\" style=\"vertical-align: inherit\">Shadowlands<\/span><\/span><\/strong><span dir=\"auto\" style=\"vertical-align: inherit\"><span dir=\"auto\" style=\"vertical-align: inherit\"> \u00a0&#8220;. Mostra come Gioia, fin dall&#8217;inizio, metta in discussione le sue argomentazioni, lo spinga a riflettere e gli insegni ad amare.\u00a0 <\/span><\/span><strong><span dir=\"auto\" style=\"vertical-align: inherit\"><span dir=\"auto\" style=\"vertical-align: inherit\">Lo aiuta a permettersi di essere amato<\/span><\/span><\/strong><span dir=\"auto\" style=\"vertical-align: inherit\"><span dir=\"auto\" style=\"vertical-align: inherit\"> , poich\u00e9 lui aveva costruito una &#8220;maschera&#8221; protettiva intorno a s\u00e9 a causa del dolore della sua infanzia. Fin da piccolo, aveva scelto la &#8220;sicurezza&#8221;, proteggendo il suo cuore, piuttosto che l&#8217;amore stesso.<\/span><\/span><\/p>\n<p><span dir=\"auto\" style=\"vertical-align: inherit\"><span dir=\"auto\" style=\"vertical-align: inherit\">Di fronte alla diagnosi inaspettata, trascorrono molto tempo insieme e lei gli parla di tante cose, compresa\u00a0 <\/span><\/span><strong><span dir=\"auto\" style=\"vertical-align: inherit\"><span dir=\"auto\" style=\"vertical-align: inherit\">la sua morte<\/span><\/span><\/strong><span dir=\"auto\" style=\"vertical-align: inherit\"><span dir=\"auto\" style=\"vertical-align: inherit\"> : gli dice che non gli toglier\u00e0 la felicit\u00e0, ma la render\u00e0\u00a0 <\/span><\/span><strong><span dir=\"auto\" style=\"vertical-align: inherit\"><span dir=\"auto\" style=\"vertical-align: inherit\">pi\u00f9\u00a0<\/span><\/span><\/strong><span dir=\"auto\" style=\"vertical-align: inherit\"><span dir=\"auto\" style=\"vertical-align: inherit\"> &#8221; <\/span><\/span><strong><span dir=\"auto\" style=\"vertical-align: inherit\"><span dir=\"auto\" style=\"vertical-align: inherit\">reale <\/span><\/span><\/strong><strong><span dir=\"auto\" style=\"vertical-align: inherit\"><span dir=\"auto\" style=\"vertical-align: inherit\">&#8220;<\/span><\/span><\/strong><span dir=\"auto\" style=\"vertical-align: inherit\"><span dir=\"auto\" style=\"vertical-align: inherit\"> . Gli spiega che il dolore che arriver\u00e0 far\u00e0 parte della felicit\u00e0 di quel momento. Che entrambe le realt\u00e0 sono intrecciate: &#8220;questo \u00e8 il patto&#8221;.<\/span><\/span><\/p>\n<p><span dir=\"auto\" style=\"vertical-align: inherit\"><span dir=\"auto\" style=\"vertical-align: inherit\">La vide e non pot\u00e9 sopportare di vedere la persona che amava cos\u00ec tanto soffrire in quel modo. Perci\u00f2\u00a0 <\/span><\/span><strong><span dir=\"auto\" style=\"vertical-align: inherit\"><span dir=\"auto\" style=\"vertical-align: inherit\">scelse <\/span><\/span><\/strong><strong><span dir=\"auto\" style=\"vertical-align: inherit\"><span dir=\"auto\" style=\"vertical-align: inherit\">la sofferenza<\/span><\/span><\/strong><span dir=\"auto\" style=\"vertical-align: inherit\"><span dir=\"auto\" style=\"vertical-align: inherit\"> \u00a0al posto della sicurezza. Sa che\u00a0 <\/span><strong><span dir=\"auto\" style=\"vertical-align: inherit\">\u00a0l&#8217;amore vale la pena, <\/span><\/strong><\/span><strong><span dir=\"auto\" style=\"vertical-align: inherit\"><span dir=\"auto\" style=\"vertical-align: inherit\">donare <\/span><\/span><\/strong><span dir=\"auto\" style=\"vertical-align: inherit\"><strong><span dir=\"auto\" style=\"vertical-align: inherit\">\u00a0tutto il suo cuore\u00a0<\/span><\/strong><span dir=\"auto\" style=\"vertical-align: inherit\"> senza indurirlo, anche se ci\u00f2 significa affrontare l&#8217;inimmaginabile.<\/span><\/span><\/p>\n<p><span dir=\"auto\" style=\"vertical-align: inherit\"><span dir=\"auto\" style=\"vertical-align: inherit\">Poco dopo, lei mor\u00ec, e lui rimase con ancora pi\u00f9 domande: perch\u00e9 perdere l&#8217;amore fa cos\u00ec male? Non aveva risposte, nessuna\u00a0 <\/span><\/span><strong><span dir=\"auto\" style=\"vertical-align: inherit\"><span dir=\"auto\" style=\"vertical-align: inherit\">idea gli era d&#8217;aiuto<\/span><\/span><\/strong><span dir=\"auto\" style=\"vertical-align: inherit\"><span dir=\"auto\" style=\"vertical-align: inherit\"> ; ci\u00f2 che restava era la domanda cruciale sul\u00a0 <\/span><\/span><strong><span dir=\"auto\" style=\"vertical-align: inherit\"><span dir=\"auto\" style=\"vertical-align: inherit\">senso della vita<\/span><\/span><\/strong><span dir=\"auto\" style=\"vertical-align: inherit\"><span dir=\"auto\" style=\"vertical-align: inherit\"> . Tutto ci\u00f2 che aveva erano le esperienze: qualcosa che sembrava pi\u00f9 importante per lei. E l&#8217;esperienza \u00e8 una maestra severa\u2026<\/span><\/span><\/p>\n<p><span dir=\"auto\" style=\"vertical-align: inherit\"><span dir=\"auto\" style=\"vertical-align: inherit\">In seguito, riflettendo su questo, scrive: &#8220;In realt\u00e0 non si incontra mai il cancro, la guerra o l&#8217;infelicit\u00e0. Si incontra solo\u00a0 <\/span><\/span><strong><span dir=\"auto\" style=\"vertical-align: inherit\"><span dir=\"auto\" style=\"vertical-align: inherit\">ogni ora o ogni momento che arriva.<\/span><\/span><\/strong><span dir=\"auto\" style=\"vertical-align: inherit\"><span dir=\"auto\" style=\"vertical-align: inherit\"> \u00a0Con tutti i suoi alti e bassi: innumerevoli brutti momenti nei nostri momenti migliori e bellissimi momenti nei nostri peggiori. Non cogliamo mai appieno l&#8217;impatto di ci\u00f2 che chiamiamo &#8216;la cosa in s\u00e9&#8217;. Ma sbagliamo a chiamarla cos\u00ec.&#8221;<\/span><\/span><\/p>\n<p><span dir=\"auto\" style=\"vertical-align: inherit\"><span dir=\"auto\" style=\"vertical-align: inherit\">\u00c8 incredibile\u00a0 <\/span><\/span><strong><span dir=\"auto\" style=\"vertical-align: inherit\"><span dir=\"auto\" style=\"vertical-align: inherit\">quanta <\/span><\/span><\/strong><strong><span dir=\"auto\" style=\"vertical-align: inherit\"><span dir=\"auto\" style=\"vertical-align: inherit\">felicit\u00e0 e persino quanto <\/span><\/span><\/strong><strong><span dir=\"auto\" style=\"vertical-align: inherit\"><span dir=\"auto\" style=\"vertical-align: inherit\">divertimento <\/span><\/span><\/strong><strong><span dir=\"auto\" style=\"vertical-align: inherit\"><span dir=\"auto\" style=\"vertical-align: inherit\">abbiamo a volte condiviso insieme\u2026\u00a0<\/span><\/span><\/strong><span dir=\"auto\" style=\"vertical-align: inherit\"><span dir=\"auto\" style=\"vertical-align: inherit\"> Quanto a lungo, con quanta serenit\u00e0 e profitto abbiamo parlato quella notte, cos\u00ec uniti.<\/span><\/span><\/p>\n<p><span dir=\"auto\" style=\"vertical-align: inherit\"><span dir=\"auto\" style=\"vertical-align: inherit\">Rappresentano\u00a0 <\/span><\/span><strong><span dir=\"auto\" style=\"vertical-align: inherit\"><span dir=\"auto\" style=\"vertical-align: inherit\">i\u00a0<\/span><\/span><\/strong><span dir=\"auto\" style=\"vertical-align: inherit\"><span dir=\"auto\" style=\"vertical-align: inherit\"> &#8221; <\/span><\/span><strong><span dir=\"auto\" style=\"vertical-align: inherit\"><span dir=\"auto\" style=\"vertical-align: inherit\">due lati <\/span><\/span><\/strong><strong><span dir=\"auto\" style=\"vertical-align: inherit\"><span dir=\"auto\" style=\"vertical-align: inherit\">&#8221; dell&#8217;amore<\/span><\/span><\/strong><span dir=\"auto\" style=\"vertical-align: inherit\"><span dir=\"auto\" style=\"vertical-align: inherit\"> : la &#8220;dicotomia amore-dolore&#8221;. Non si pu\u00f2 amare veramente senza soffrire, ma d&#8217;altra parte, l&#8217;amore si manifesta e cresce nei momenti di sofferenza. Per questo si dice che il dolore sia la &#8220;pietra di paragone dell&#8217;amore&#8221;, il momento in cui l&#8217;amore si percepisce veramente.<\/span><\/span><\/p>\n<p><span dir=\"auto\" style=\"vertical-align: inherit\"><span dir=\"auto\" style=\"vertical-align: inherit\">Dobbiamo imparare\u00a0 <\/span><\/span><strong><span dir=\"auto\" style=\"vertical-align: inherit\"><span dir=\"auto\" style=\"vertical-align: inherit\">a unire queste due realt\u00e0 affinch\u00e9 il dolore possa avere un significato\u00a0<\/span><\/span><\/strong><span dir=\"auto\" style=\"vertical-align: inherit\"><span dir=\"auto\" style=\"vertical-align: inherit\"> e non distruggerci; affinch\u00e9 l&#8217;amore possa contribuire con la sua energia e la sua delicatezza. <\/span><\/span><strong>\u00a0<\/strong><span dir=\"auto\" style=\"vertical-align: inherit\"><span dir=\"auto\" style=\"vertical-align: inherit\">Dobbiamo ricoprire il dolore con l&#8217;amore per guarire le ferite e affrontarlo meglio.<\/span><\/span><\/p>\n<p><span dir=\"auto\" style=\"vertical-align: inherit\"><span dir=\"auto\" style=\"vertical-align: inherit\">Questo autore ha affermato che le difficolt\u00e0 della vita preparano le persone comuni a raggiungere obiettivi straordinari\u2026<\/span><\/span><\/p>\n<p><span dir=\"auto\" style=\"vertical-align: inherit\"><span dir=\"auto\" style=\"vertical-align: inherit\">Pertanto, un dolore inaspettato pu\u00f2 alimentare l&#8217;amore: in una relazione, all&#8217;interno di una famiglia, e pu\u00f2 avvicinare le persone.\u00a0 <\/span><\/span><strong><span dir=\"auto\" style=\"vertical-align: inherit\"><span dir=\"auto\" style=\"vertical-align: inherit\">Il segreto sta nell&#8217;amarsi reciprocamente, nel condividere il dolore e nel sopportarlo insieme.\u00a0<\/span><\/span><\/strong><span dir=\"auto\" style=\"vertical-align: inherit\"><span dir=\"auto\" style=\"vertical-align: inherit\"> Inoltre, quando c&#8217;\u00e8 armonia emotiva, le gioie si amplificano, risuonando l&#8217;una con l&#8217;altra e crescendo; mentre i dolori diminuiscono: si attenuano e si addolciscono.<\/span><\/span><\/p>\n<p style=\"text-align: center\"><em><span dir=\"auto\" style=\"vertical-align: inherit\"><span dir=\"auto\" style=\"vertical-align: inherit\">La vita \u00e8 la grande opportunit\u00e0 per\u00a0 <\/span><\/span><\/em><strong><em><span dir=\"auto\" style=\"vertical-align: inherit\"><span dir=\"auto\" style=\"vertical-align: inherit\">imparare ad amare,<\/span><\/span><\/em><\/strong><strong><em>\u00a0<\/em><\/strong><\/p>\n<p style=\"text-align: center\"><em><span dir=\"auto\" style=\"vertical-align: inherit\"><span dir=\"auto\" style=\"vertical-align: inherit\">per ingrandire il cuore,\u00a0<\/span><\/span><\/em><\/p>\n<p style=\"text-align: center\"><em><span dir=\"auto\" style=\"vertical-align: inherit\"><span dir=\"auto\" style=\"vertical-align: inherit\">e ben focalizzato,\u00a0<\/span><\/span><\/em><\/p>\n<p style=\"text-align: center\"><em><span dir=\"auto\" style=\"vertical-align: inherit\"><span dir=\"auto\" style=\"vertical-align: inherit\">Anche il dolore pu\u00f2 aiutarci\u2026<\/span><\/span><\/em><\/p>\n","protected":false},"excerpt":{"rendered":"<p>La dualit\u00e0 dell&#8217;amore e del dolore: come trasformare la sofferenza in un&#8217;opportunit\u00e0 di crescita e di amore migliore<\/p>\n","protected":false},"author":170,"featured_media":163913,"comment_status":"closed","ping_status":"closed","sticky":false,"template":"","format":"standard","meta":{"_acf_changed":false,"_crdt_document":"","inline_featured_image":false,"footnotes":""},"categories":[129],"tags":[105391,63855,24230,87764,79250,105393,105392,3313,105394,34157,60899,105395,105396,83874,54221,354,73587,4134,105397,105398,4952,64787,105399],"class_list":["post-163994","post","type-post","status-publish","format-standard","has-post-thumbnail","hentry","category-voci","tag-affrontare-il-dolore","tag-amore-e-dolore","tag-amore-e-sacrificio","tag-amore-e-sofferenza","tag-c-s-lewis-4","tag-c-s-lewis-e-il-dolore","tag-crescere-attraverso-il-dolore","tag-dolore","tag-dolore-in-famiglia","tag-lezioni-di-vita","tag-maria-jose-calvo-2","tag-maturare-con-il-dolore","tag-mistero-del-dolore","tag-resilienza-emotiva","tag-riflessione-sulla-settimana-santa","tag-settimana-santa","tag-significato-della-sofferenza","tag-sofferenza","tag-superare-la-sofferenza","tag-terre-dombra","tag-trending-it","tag-trending-it-236","tag-unire-la-famiglia"],"acf":[],"yoast_head":"<!-- This site is optimized with the Yoast SEO plugin v27.5 - https:\/\/yoast.com\/product\/yoast-seo-wordpress\/ -->\n<title>Come affrontare il dolore? &#8211; Exaudi<\/title>\n<meta name=\"robots\" content=\"index, follow, max-snippet:-1, max-image-preview:large, max-video-preview:-1\" \/>\n<link rel=\"canonical\" href=\"https:\/\/exaudi.org\/it\/come-affrontare-il-dolore\/\" \/>\n<meta property=\"og:locale\" content=\"it_IT\" \/>\n<meta property=\"og:type\" content=\"article\" \/>\n<meta property=\"og:title\" content=\"Come affrontare il dolore? &#8211; Exaudi\" \/>\n<meta property=\"og:description\" content=\"La dualit\u00e0 dell&#039;amore e del dolore: come trasformare la sofferenza in un&#039;opportunit\u00e0 di crescita e di amore migliore\" \/>\n<meta property=\"og:url\" content=\"https:\/\/exaudi.org\/it\/come-affrontare-il-dolore\/\" \/>\n<meta property=\"og:site_name\" content=\"Exaudi\" \/>\n<meta property=\"article:publisher\" content=\"https:\/\/www.facebook.com\/ExaudiNews\" \/>\n<meta property=\"article:published_time\" content=\"2026-04-02T16:50:20+00:00\" \/>\n<meta property=\"og:image\" content=\"https:\/\/exaudi.org\/wp-content\/uploads\/2026\/04\/1775084074026-scaled.jpeg\" \/>\n\t<meta property=\"og:image:width\" content=\"2560\" \/>\n\t<meta property=\"og:image:height\" content=\"1429\" \/>\n\t<meta property=\"og:image:type\" content=\"image\/jpeg\" \/>\n<meta name=\"author\" content=\"Mar\u00eda Jos\u00e9 Calvo\" \/>\n<meta name=\"twitter:card\" content=\"summary_large_image\" \/>\n<meta name=\"twitter:creator\" content=\"@Exaudi_News\" \/>\n<meta name=\"twitter:site\" content=\"@Exaudi_News\" \/>\n<meta name=\"twitter:label1\" content=\"Scritto da\" \/>\n\t<meta name=\"twitter:data1\" content=\"Mar\u00eda Jos\u00e9 Calvo\" \/>\n\t<meta name=\"twitter:label2\" content=\"Tempo di lettura stimato\" \/>\n\t<meta name=\"twitter:data2\" content=\"6 minuti\" \/>\n<script type=\"application\/ld+json\" class=\"yoast-schema-graph\">{\"@context\":\"https:\\\/\\\/schema.org\",\"@graph\":[{\"@type\":\"Article\",\"@id\":\"https:\\\/\\\/exaudi.org\\\/it\\\/come-affrontare-il-dolore\\\/#article\",\"isPartOf\":{\"@id\":\"https:\\\/\\\/exaudi.org\\\/it\\\/come-affrontare-il-dolore\\\/\"},\"author\":{\"name\":\"Mar\u00eda Jos\u00e9 Calvo\",\"@id\":\"https:\\\/\\\/exaudi.org\\\/#\\\/schema\\\/person\\\/fd37060fab16c88ce87c85e001ec18d5\"},\"headline\":\"Come affrontare il dolore?\",\"datePublished\":\"2026-04-02T16:50:20+00:00\",\"mainEntityOfPage\":{\"@id\":\"https:\\\/\\\/exaudi.org\\\/it\\\/come-affrontare-il-dolore\\\/\"},\"wordCount\":1140,\"image\":{\"@id\":\"https:\\\/\\\/exaudi.org\\\/it\\\/come-affrontare-il-dolore\\\/#primaryimage\"},\"thumbnailUrl\":\"https:\\\/\\\/exaudi.org\\\/wp-content\\\/uploads\\\/2026\\\/04\\\/1775084074026-scaled.jpeg\",\"keywords\":[\"affrontare il dolore\",\"amore e dolore\",\"amore e sacrificio\",\"Amore e Sofferenza\",\"C.S. Lewis\",\"C.S. Lewis e il dolore\",\"crescere attraverso il dolore\",\"dolore\",\"dolore in famiglia\",\"lezioni di vita\",\"Mar\u00eda Jos\u00e9 Calvo\",\"maturare con il dolore\",\"mistero del dolore\",\"Resilienza emotiva\",\"Riflessione sulla Settimana Santa\",\"Settimana Santa\",\"significato della sofferenza\",\"sofferenza\",\"superare la sofferenza\",\"terre d'ombra\",\"Trending\",\"Trending\",\"unire la famiglia\"],\"articleSection\":[\"Voci\"],\"inLanguage\":\"it-IT\"},{\"@type\":\"WebPage\",\"@id\":\"https:\\\/\\\/exaudi.org\\\/it\\\/come-affrontare-il-dolore\\\/\",\"url\":\"https:\\\/\\\/exaudi.org\\\/it\\\/come-affrontare-il-dolore\\\/\",\"name\":\"Come affrontare il dolore? &#8211; Exaudi\",\"isPartOf\":{\"@id\":\"https:\\\/\\\/exaudi.org\\\/#website\"},\"primaryImageOfPage\":{\"@id\":\"https:\\\/\\\/exaudi.org\\\/it\\\/come-affrontare-il-dolore\\\/#primaryimage\"},\"image\":{\"@id\":\"https:\\\/\\\/exaudi.org\\\/it\\\/come-affrontare-il-dolore\\\/#primaryimage\"},\"thumbnailUrl\":\"https:\\\/\\\/exaudi.org\\\/wp-content\\\/uploads\\\/2026\\\/04\\\/1775084074026-scaled.jpeg\",\"datePublished\":\"2026-04-02T16:50:20+00:00\",\"author\":{\"@id\":\"https:\\\/\\\/exaudi.org\\\/#\\\/schema\\\/person\\\/fd37060fab16c88ce87c85e001ec18d5\"},\"breadcrumb\":{\"@id\":\"https:\\\/\\\/exaudi.org\\\/it\\\/come-affrontare-il-dolore\\\/#breadcrumb\"},\"inLanguage\":\"it-IT\",\"potentialAction\":[{\"@type\":\"ReadAction\",\"target\":[\"https:\\\/\\\/exaudi.org\\\/it\\\/come-affrontare-il-dolore\\\/\"]}]},{\"@type\":\"ImageObject\",\"inLanguage\":\"it-IT\",\"@id\":\"https:\\\/\\\/exaudi.org\\\/it\\\/come-affrontare-il-dolore\\\/#primaryimage\",\"url\":\"https:\\\/\\\/exaudi.org\\\/wp-content\\\/uploads\\\/2026\\\/04\\\/1775084074026-scaled.jpeg\",\"contentUrl\":\"https:\\\/\\\/exaudi.org\\\/wp-content\\\/uploads\\\/2026\\\/04\\\/1775084074026-scaled.jpeg\",\"width\":2560,\"height\":1429},{\"@type\":\"BreadcrumbList\",\"@id\":\"https:\\\/\\\/exaudi.org\\\/it\\\/come-affrontare-il-dolore\\\/#breadcrumb\",\"itemListElement\":[{\"@type\":\"ListItem\",\"position\":1,\"name\":\"Portada\",\"item\":\"https:\\\/\\\/exaudi.org\\\/it\\\/\"},{\"@type\":\"ListItem\",\"position\":2,\"name\":\"Come affrontare il dolore?\"}]},{\"@type\":\"WebSite\",\"@id\":\"https:\\\/\\\/exaudi.org\\\/#website\",\"url\":\"https:\\\/\\\/exaudi.org\\\/\",\"name\":\"Exaudi\",\"description\":\"News\",\"potentialAction\":[{\"@type\":\"SearchAction\",\"target\":{\"@type\":\"EntryPoint\",\"urlTemplate\":\"https:\\\/\\\/exaudi.org\\\/?s={search_term_string}\"},\"query-input\":{\"@type\":\"PropertyValueSpecification\",\"valueRequired\":true,\"valueName\":\"search_term_string\"}}],\"inLanguage\":\"it-IT\"},{\"@type\":\"Person\",\"@id\":\"https:\\\/\\\/exaudi.org\\\/#\\\/schema\\\/person\\\/fd37060fab16c88ce87c85e001ec18d5\",\"name\":\"Mar\u00eda Jos\u00e9 Calvo\",\"image\":{\"@type\":\"ImageObject\",\"inLanguage\":\"it-IT\",\"@id\":\"https:\\\/\\\/secure.gravatar.com\\\/avatar\\\/73b6961814c942fd30afb64aa4ccbb8793af117007ab407cdbb779f4a3224ab4?s=96&d=mm&r=g\",\"url\":\"https:\\\/\\\/secure.gravatar.com\\\/avatar\\\/73b6961814c942fd30afb64aa4ccbb8793af117007ab407cdbb779f4a3224ab4?s=96&d=mm&r=g\",\"contentUrl\":\"https:\\\/\\\/secure.gravatar.com\\\/avatar\\\/73b6961814c942fd30afb64aa4ccbb8793af117007ab407cdbb779f4a3224ab4?s=96&d=mm&r=g\",\"caption\":\"Mar\u00eda Jos\u00e9 Calvo\"},\"description\":\"Soy M\u00aa Jos\u00e9, M\u00e9dico de familia. Estudi\u00e9 en la Universidad de Navarra, y all\u00ed conoc\u00ed a mi marido. Pronto la familia suscit\u00f3 un gran inter\u00e9s en mi. Tuve la suerte de conocer y formarme con grandes pedagogos, entre ellos el Profesor Oliveros F. Otero, uno de los fundadores del Instituto de Ciencias de la Educaci\u00f3n de la Universidad de Navarra. Tambi\u00e9n hice diplomados en Orientaci\u00f3n Familiar en Madrid, en IPAO, con grandes profesionales y amigos, y un Asesoramiento familiar con Edufamilia. Hace tiempo comenc\u00e9 la aventura de escribir para compartir tantas cosas que ten\u00eda en mi cabeza y en mi coraz\u00f3n, e iba haciendo vida en mi propia familia, a la vez que escrib\u00eda en la Revista Hacer Familia, de Palabra. Pinceladas sobre la familia, el amor de pareja, y el arte de educar, con una mirada antropol\u00f3gica human\u00edstica, basada en la ciencia, la biolog\u00eda, la medicina\u2026 Asimismo, colaboro con otras revistas y diversas webs. En familia creamos un ambiente de confianza y libertad, donde se construye y re-construye cada persona, y donde se quiere a los dem\u00e1s de forma natural. Y ese ambiente va humanizando nuestro entorno. Aqu\u00ed me tienes: optimistaseducando.blogspot.com.es\",\"sameAs\":[\"https:\\\/\\\/optimistaseducando.blogspot.com\\\/\"],\"url\":\"https:\\\/\\\/exaudi.org\\\/it\\\/author\\\/maria-jose-calvo\\\/\"}]}<\/script>\n<!-- \/ Yoast SEO plugin. -->","yoast_head_json":{"title":"Come affrontare il dolore? &#8211; Exaudi","robots":{"index":"index","follow":"follow","max-snippet":"max-snippet:-1","max-image-preview":"max-image-preview:large","max-video-preview":"max-video-preview:-1"},"canonical":"https:\/\/exaudi.org\/it\/come-affrontare-il-dolore\/","og_locale":"it_IT","og_type":"article","og_title":"Come affrontare il dolore? &#8211; Exaudi","og_description":"La dualit\u00e0 dell'amore e del dolore: come trasformare la sofferenza in un'opportunit\u00e0 di crescita e di amore migliore","og_url":"https:\/\/exaudi.org\/it\/come-affrontare-il-dolore\/","og_site_name":"Exaudi","article_publisher":"https:\/\/www.facebook.com\/ExaudiNews","article_published_time":"2026-04-02T16:50:20+00:00","og_image":[{"width":2560,"height":1429,"url":"https:\/\/exaudi.org\/wp-content\/uploads\/2026\/04\/1775084074026-scaled.jpeg","type":"image\/jpeg"}],"author":"Mar\u00eda Jos\u00e9 Calvo","twitter_card":"summary_large_image","twitter_creator":"@Exaudi_News","twitter_site":"@Exaudi_News","twitter_misc":{"Scritto da":"Mar\u00eda Jos\u00e9 Calvo","Tempo di lettura stimato":"6 minuti"},"schema":{"@context":"https:\/\/schema.org","@graph":[{"@type":"Article","@id":"https:\/\/exaudi.org\/it\/come-affrontare-il-dolore\/#article","isPartOf":{"@id":"https:\/\/exaudi.org\/it\/come-affrontare-il-dolore\/"},"author":{"name":"Mar\u00eda Jos\u00e9 Calvo","@id":"https:\/\/exaudi.org\/#\/schema\/person\/fd37060fab16c88ce87c85e001ec18d5"},"headline":"Come affrontare il dolore?","datePublished":"2026-04-02T16:50:20+00:00","mainEntityOfPage":{"@id":"https:\/\/exaudi.org\/it\/come-affrontare-il-dolore\/"},"wordCount":1140,"image":{"@id":"https:\/\/exaudi.org\/it\/come-affrontare-il-dolore\/#primaryimage"},"thumbnailUrl":"https:\/\/exaudi.org\/wp-content\/uploads\/2026\/04\/1775084074026-scaled.jpeg","keywords":["affrontare il dolore","amore e dolore","amore e sacrificio","Amore e Sofferenza","C.S. Lewis","C.S. Lewis e il dolore","crescere attraverso il dolore","dolore","dolore in famiglia","lezioni di vita","Mar\u00eda Jos\u00e9 Calvo","maturare con il dolore","mistero del dolore","Resilienza emotiva","Riflessione sulla Settimana Santa","Settimana Santa","significato della sofferenza","sofferenza","superare la sofferenza","terre d'ombra","Trending","Trending","unire la famiglia"],"articleSection":["Voci"],"inLanguage":"it-IT"},{"@type":"WebPage","@id":"https:\/\/exaudi.org\/it\/come-affrontare-il-dolore\/","url":"https:\/\/exaudi.org\/it\/come-affrontare-il-dolore\/","name":"Come affrontare il dolore? &#8211; Exaudi","isPartOf":{"@id":"https:\/\/exaudi.org\/#website"},"primaryImageOfPage":{"@id":"https:\/\/exaudi.org\/it\/come-affrontare-il-dolore\/#primaryimage"},"image":{"@id":"https:\/\/exaudi.org\/it\/come-affrontare-il-dolore\/#primaryimage"},"thumbnailUrl":"https:\/\/exaudi.org\/wp-content\/uploads\/2026\/04\/1775084074026-scaled.jpeg","datePublished":"2026-04-02T16:50:20+00:00","author":{"@id":"https:\/\/exaudi.org\/#\/schema\/person\/fd37060fab16c88ce87c85e001ec18d5"},"breadcrumb":{"@id":"https:\/\/exaudi.org\/it\/come-affrontare-il-dolore\/#breadcrumb"},"inLanguage":"it-IT","potentialAction":[{"@type":"ReadAction","target":["https:\/\/exaudi.org\/it\/come-affrontare-il-dolore\/"]}]},{"@type":"ImageObject","inLanguage":"it-IT","@id":"https:\/\/exaudi.org\/it\/come-affrontare-il-dolore\/#primaryimage","url":"https:\/\/exaudi.org\/wp-content\/uploads\/2026\/04\/1775084074026-scaled.jpeg","contentUrl":"https:\/\/exaudi.org\/wp-content\/uploads\/2026\/04\/1775084074026-scaled.jpeg","width":2560,"height":1429},{"@type":"BreadcrumbList","@id":"https:\/\/exaudi.org\/it\/come-affrontare-il-dolore\/#breadcrumb","itemListElement":[{"@type":"ListItem","position":1,"name":"Portada","item":"https:\/\/exaudi.org\/it\/"},{"@type":"ListItem","position":2,"name":"Come affrontare il dolore?"}]},{"@type":"WebSite","@id":"https:\/\/exaudi.org\/#website","url":"https:\/\/exaudi.org\/","name":"Exaudi","description":"News","potentialAction":[{"@type":"SearchAction","target":{"@type":"EntryPoint","urlTemplate":"https:\/\/exaudi.org\/?s={search_term_string}"},"query-input":{"@type":"PropertyValueSpecification","valueRequired":true,"valueName":"search_term_string"}}],"inLanguage":"it-IT"},{"@type":"Person","@id":"https:\/\/exaudi.org\/#\/schema\/person\/fd37060fab16c88ce87c85e001ec18d5","name":"Mar\u00eda Jos\u00e9 Calvo","image":{"@type":"ImageObject","inLanguage":"it-IT","@id":"https:\/\/secure.gravatar.com\/avatar\/73b6961814c942fd30afb64aa4ccbb8793af117007ab407cdbb779f4a3224ab4?s=96&d=mm&r=g","url":"https:\/\/secure.gravatar.com\/avatar\/73b6961814c942fd30afb64aa4ccbb8793af117007ab407cdbb779f4a3224ab4?s=96&d=mm&r=g","contentUrl":"https:\/\/secure.gravatar.com\/avatar\/73b6961814c942fd30afb64aa4ccbb8793af117007ab407cdbb779f4a3224ab4?s=96&d=mm&r=g","caption":"Mar\u00eda Jos\u00e9 Calvo"},"description":"Soy M\u00aa Jos\u00e9, M\u00e9dico de familia. Estudi\u00e9 en la Universidad de Navarra, y all\u00ed conoc\u00ed a mi marido. Pronto la familia suscit\u00f3 un gran inter\u00e9s en mi. Tuve la suerte de conocer y formarme con grandes pedagogos, entre ellos el Profesor Oliveros F. Otero, uno de los fundadores del Instituto de Ciencias de la Educaci\u00f3n de la Universidad de Navarra. Tambi\u00e9n hice diplomados en Orientaci\u00f3n Familiar en Madrid, en IPAO, con grandes profesionales y amigos, y un Asesoramiento familiar con Edufamilia. Hace tiempo comenc\u00e9 la aventura de escribir para compartir tantas cosas que ten\u00eda en mi cabeza y en mi coraz\u00f3n, e iba haciendo vida en mi propia familia, a la vez que escrib\u00eda en la Revista Hacer Familia, de Palabra. Pinceladas sobre la familia, el amor de pareja, y el arte de educar, con una mirada antropol\u00f3gica human\u00edstica, basada en la ciencia, la biolog\u00eda, la medicina\u2026 Asimismo, colaboro con otras revistas y diversas webs. En familia creamos un ambiente de confianza y libertad, donde se construye y re-construye cada persona, y donde se quiere a los dem\u00e1s de forma natural. Y ese ambiente va humanizando nuestro entorno. Aqu\u00ed me tienes: optimistaseducando.blogspot.com.es","sameAs":["https:\/\/optimistaseducando.blogspot.com\/"],"url":"https:\/\/exaudi.org\/it\/author\/maria-jose-calvo\/"}]}},"jetpack_featured_media_url":"https:\/\/exaudi.org\/wp-content\/uploads\/2026\/04\/1775084074026-scaled.jpeg","jetpack_shortlink":"https:\/\/wp.me\/pgKjF2-GF4","_links":{"self":[{"href":"https:\/\/exaudi.org\/it\/wp-json\/wp\/v2\/posts\/163994","targetHints":{"allow":["GET"]}}],"collection":[{"href":"https:\/\/exaudi.org\/it\/wp-json\/wp\/v2\/posts"}],"about":[{"href":"https:\/\/exaudi.org\/it\/wp-json\/wp\/v2\/types\/post"}],"author":[{"embeddable":true,"href":"https:\/\/exaudi.org\/it\/wp-json\/wp\/v2\/users\/170"}],"replies":[{"embeddable":true,"href":"https:\/\/exaudi.org\/it\/wp-json\/wp\/v2\/comments?post=163994"}],"version-history":[{"count":4,"href":"https:\/\/exaudi.org\/it\/wp-json\/wp\/v2\/posts\/163994\/revisions"}],"predecessor-version":[{"id":163998,"href":"https:\/\/exaudi.org\/it\/wp-json\/wp\/v2\/posts\/163994\/revisions\/163998"}],"wp:featuredmedia":[{"embeddable":true,"href":"https:\/\/exaudi.org\/it\/wp-json\/wp\/v2\/media\/163913"}],"wp:attachment":[{"href":"https:\/\/exaudi.org\/it\/wp-json\/wp\/v2\/media?parent=163994"}],"wp:term":[{"taxonomy":"category","embeddable":true,"href":"https:\/\/exaudi.org\/it\/wp-json\/wp\/v2\/categories?post=163994"},{"taxonomy":"post_tag","embeddable":true,"href":"https:\/\/exaudi.org\/it\/wp-json\/wp\/v2\/tags?post=163994"}],"curies":[{"name":"wp","href":"https:\/\/api.w.org\/{rel}","templated":true}]}}