{"id":163701,"date":"2026-03-30T18:30:56","date_gmt":"2026-03-30T16:30:56","guid":{"rendered":"https:\/\/exaudi.org\/?p=163701"},"modified":"2026-03-30T18:30:56","modified_gmt":"2026-03-30T16:30:56","slug":"il-cardinale-pizzaballa-e-la-custodia-di-terra-santa-sono-stati-impediti-di-entrare-nel-santo-sepolcro-per-celebrare-la-messa-della-domenica-delle-palme","status":"publish","type":"post","link":"https:\/\/exaudi.org\/it\/il-cardinale-pizzaballa-e-la-custodia-di-terra-santa-sono-stati-impediti-di-entrare-nel-santo-sepolcro-per-celebrare-la-messa-della-domenica-delle-palme\/","title":{"rendered":"Il cardinale Pizzaballa e la Custodia di Terra Santa sono stati impediti di entrare nel Santo Sepolcro per celebrare la Messa della Domenica delle Palme"},"content":{"rendered":"<p><span dir=\"auto\" style=\"vertical-align: inherit\"><span dir=\"auto\" style=\"vertical-align: inherit\">Questa mattina la polizia israeliana ha impedito al cardinale\u00a0 <\/span><\/span><strong><span dir=\"auto\" style=\"vertical-align: inherit\"><span dir=\"auto\" style=\"vertical-align: inherit\">Pierbattista Pizzaballa<\/span><\/span><\/strong><span dir=\"auto\" style=\"vertical-align: inherit\"><span dir=\"auto\" style=\"vertical-align: inherit\"> , Patriarca latino di Gerusalemme, e a padre\u00a0 <\/span><\/span><strong><span dir=\"auto\" style=\"vertical-align: inherit\"><span dir=\"auto\" style=\"vertical-align: inherit\">Francesco Ielpo<\/span><\/span><\/strong><span dir=\"auto\" style=\"vertical-align: inherit\"><span dir=\"auto\" style=\"vertical-align: inherit\"> , Custode di Terra Santa, di entrare nella Basilica del Santo Sepolcro mentre si recavano a celebrare la Messa della Domenica delle Palme.<\/span><\/span><\/p>\n<p><span dir=\"auto\" style=\"vertical-align: inherit\"><span dir=\"auto\" style=\"vertical-align: inherit\">Secondo una dichiarazione congiunta rilasciata dal Patriarcato latino di Gerusalemme e dalla Custodia di Terra Santa, entrambi i leader religiosi viaggiavano privatamente, senza alcuna processione o cerimonia. Ciononostante, sono stati fermati lungo il percorso e costretti a tornare indietro.<\/span><\/span><\/p>\n<p><span dir=\"auto\" style=\"vertical-align: inherit\"><span dir=\"auto\" style=\"vertical-align: inherit\">Le autorit\u00e0 ecclesiastiche descrivono il provvedimento come &#8220;manifestamente irragionevole e gravemente sproporzionato&#8221;, nonch\u00e9 &#8220;affrettato e fondamentalmente errato, viziato da considerazioni improprie&#8221;. La dichiarazione sottolinea che questa \u00e8 &#8220;la prima volta in secoli&#8221; che ai pi\u00f9 alti prelati della Chiesa cattolica in Terra Santa \u00e8 stato impedito di celebrare la Messa della Domenica delle Palme nella basilica che ospita il luogo della crocifissione e resurrezione di Ges\u00f9 Cristo.<\/span><\/span><\/p>\n<p><span dir=\"auto\" style=\"vertical-align: inherit\"><span dir=\"auto\" style=\"vertical-align: inherit\">\u00abQuesta decisione rappresenta un grave allontanamento dai principi fondamentali di ragionevolezza, libert\u00e0 di culto e rispetto dello\u00a0 <\/span><\/span><strong><span dir=\"auto\" style=\"vertical-align: inherit\"><span dir=\"auto\" style=\"vertical-align: inherit\">status quo<\/span><\/span><\/strong><span dir=\"auto\" style=\"vertical-align: inherit\"><span dir=\"auto\" style=\"vertical-align: inherit\"> \u00bb, si legge nella dichiarazione. I firmatari considerano il divieto \u00abun pericoloso precedente\u00bb che ignora \u00abi sentimenti di miliardi di persone in tutto il mondo che, durante questa Settimana Santa, guardano a Gerusalemme\u00bb.<\/span><\/span><\/p>\n<p><span dir=\"auto\" style=\"vertical-align: inherit\"><span dir=\"auto\" style=\"vertical-align: inherit\">La dichiarazione ricorda che, durante tutto il conflitto in Medio Oriente, i leader della Chiesa hanno agito con &#8220;piena responsabilit\u00e0&#8221;, rispettando tutte le norme e le restrizioni imposte dalle autorit\u00e0. Gli assembramenti pubblici sono stati annullati, la partecipazione in presenza \u00e8 stata limitata e le funzioni religiose sono state trasmesse in streaming per raggiungere centinaia di milioni di fedeli.<\/span><\/span><\/p>\n<p><span dir=\"auto\" style=\"vertical-align: inherit\"><span dir=\"auto\" style=\"vertical-align: inherit\">\u00abI capi delle Chiese esprimono il loro profondo rammarico ai fedeli cristiani in Terra Santa e in tutto il mondo per il fatto che la preghiera in uno dei giorni pi\u00f9 sacri del calendario cristiano sia stata cos\u00ec impedita\u00bb, aggiunge il testo.<\/span><\/span><\/p>\n<p><span dir=\"auto\" style=\"vertical-align: inherit\"><span dir=\"auto\" style=\"vertical-align: inherit\">In una precedente dichiarazione del Patriarcato, il Cardinale Pizzaballa aveva osservato che \u00aballa sofferenza di questo tempo di guerra, che ci colpisce tutti, si aggiunge oggi l&#8217;impossibilit\u00e0 di celebrare la Pasqua insieme in modo dignitoso. Una ferita\u00bb che si aggiunge \u00aballe tante altre inflitte dal conflitto\u00bb. Tuttavia, ha sottolineato che \u00abnessuna oscurit\u00e0, neanche quella della guerra, pu\u00f2 avere l&#8217;ultima parola\u00bb.<\/span><\/span><\/p>\n<p><span dir=\"auto\" style=\"vertical-align: inherit\"><span dir=\"auto\" style=\"vertical-align: inherit\">Nel pomeriggio della Domenica delle Palme, il Cardinale Pizzaballa guider\u00e0 una celebrazione di preghiera per la pace presso il Santuario di Dominus Flevit sul Monte degli Ulivi. Al termine della celebrazione, impartir\u00e0 la benedizione alla Citt\u00e0 Santa. A causa delle restrizioni imposte dalla guerra, la stampa non sar\u00e0 autorizzata a partecipare, sebbene una troupe di Reuters fornir\u00e0 una copertura dell&#8217;evento.<\/span><\/span><\/p>\n<p><span dir=\"auto\" style=\"vertical-align: inherit\"><span dir=\"auto\" style=\"vertical-align: inherit\">Alcuni giorni prima, la tradizionale processione della Domenica delle Palme dal Monte degli Ulivi a Gerusalemme era gi\u00e0 stata annullata a causa di problemi di sicurezza legati al conflitto.<\/span><\/span><\/p>\n","protected":false},"excerpt":{"rendered":"<p>Il Patriarcato latino di Gerusalemme e la Custodia di Terra Santa denunciano la decisione come &#8220;irragionevole e sproporzionata&#8221;, la prima del suo genere da secoli, e la descrivono come una violazione della libert\u00e0 di culto e del rispetto dello status quo<\/p>\n","protected":false},"author":17,"featured_media":163683,"comment_status":"closed","ping_status":"closed","sticky":false,"template":"","format":"standard","meta":{"_acf_changed":false,"_crdt_document":"","inline_featured_image":false,"footnotes":""},"categories":[73],"tags":[104961,67806,57710,104962,1265,821,104963,104964,104965,104966,104932,104967,104968,26284,104969,104971,104970,13076,826,354,26943,819,64787],"class_list":["post-163701","post","type-post","status-publish","format-standard","has-post-thumbnail","hentry","category-chiesa-e-mondo","tag-basilica-del-santo-sepolcro","tag-cardinale-pizzaballa","tag-conflitto-in-medio-oriente","tag-custode-di-terra-santa","tag-domenica-delle-palme","tag-gerusalemme","tag-guerra-israeliana","tag-impedito-lingresso-al-santo-sepolcro","tag-liberta-di-culto","tag-liberta-religiosa-in-terra-santa","tag-messa-della-domenica-delle-palme","tag-monte-degli-ulivi","tag-padre-francesco-ielpo-2","tag-patriarca-latino-di-gerusalemme","tag-patriarcato-latino-di-gerusalemme","tag-per-la-prima-volta-in-secoli","tag-polizia-israeliana","tag-preghiera-per-la-pace","tag-santo-sepolcro","tag-settimana-santa","tag-status-quo-2","tag-terra-santa","tag-trending-it-236"],"acf":[],"yoast_head":"<!-- This site is optimized with the Yoast SEO plugin v27.4 - https:\/\/yoast.com\/product\/yoast-seo-wordpress\/ -->\n<title>Il cardinale Pizzaballa e la Custodia di Terra Santa sono stati impediti di entrare nel Santo Sepolcro per celebrare la Messa della Domenica delle Palme &#8211; Exaudi<\/title>\n<meta name=\"robots\" content=\"index, follow, max-snippet:-1, max-image-preview:large, max-video-preview:-1\" \/>\n<link rel=\"canonical\" href=\"https:\/\/exaudi.org\/it\/il-cardinale-pizzaballa-e-la-custodia-di-terra-santa-sono-stati-impediti-di-entrare-nel-santo-sepolcro-per-celebrare-la-messa-della-domenica-delle-palme\/\" \/>\n<meta property=\"og:locale\" content=\"it_IT\" \/>\n<meta property=\"og:type\" content=\"article\" \/>\n<meta property=\"og:title\" content=\"Il cardinale Pizzaballa e la Custodia di Terra Santa sono stati impediti di entrare nel Santo Sepolcro per celebrare la Messa della Domenica delle Palme &#8211; Exaudi\" \/>\n<meta property=\"og:description\" content=\"Il Patriarcato latino di Gerusalemme e la Custodia di Terra Santa denunciano la decisione come &quot;irragionevole e sproporzionata&quot;, la prima del suo genere da secoli, e la descrivono come una violazione della libert\u00e0 di culto e del rispetto dello status quo\" \/>\n<meta property=\"og:url\" content=\"https:\/\/exaudi.org\/it\/il-cardinale-pizzaballa-e-la-custodia-di-terra-santa-sono-stati-impediti-di-entrare-nel-santo-sepolcro-per-celebrare-la-messa-della-domenica-delle-palme\/\" \/>\n<meta property=\"og:site_name\" content=\"Exaudi\" \/>\n<meta property=\"article:publisher\" content=\"https:\/\/www.facebook.com\/ExaudiNews\" \/>\n<meta property=\"article:author\" content=\"https:\/\/www.facebook.com\/ExaudiNotizie\/\" \/>\n<meta property=\"article:published_time\" content=\"2026-03-30T16:30:56+00:00\" \/>\n<meta property=\"og:image\" content=\"https:\/\/exaudi.org\/wp-content\/uploads\/2026\/03\/cq5dam.thumbnail.cropped.500.281-5.jpeg\" \/>\n\t<meta property=\"og:image:width\" content=\"500\" \/>\n\t<meta property=\"og:image:height\" content=\"280\" \/>\n\t<meta property=\"og:image:type\" content=\"image\/jpeg\" \/>\n<meta name=\"author\" content=\"Exaudi Redazione\" \/>\n<meta name=\"twitter:card\" content=\"summary_large_image\" \/>\n<meta name=\"twitter:creator\" content=\"@Exaudi_Notizie\" \/>\n<meta name=\"twitter:site\" content=\"@Exaudi_News\" \/>\n<meta name=\"twitter:label1\" content=\"Scritto da\" \/>\n\t<meta name=\"twitter:data1\" content=\"Exaudi Redazione\" \/>\n\t<meta name=\"twitter:label2\" content=\"Tempo di lettura stimato\" \/>\n\t<meta name=\"twitter:data2\" content=\"2 minuti\" \/>\n<script type=\"application\/ld+json\" class=\"yoast-schema-graph\">{\"@context\":\"https:\\\/\\\/schema.org\",\"@graph\":[{\"@type\":\"Article\",\"@id\":\"https:\\\/\\\/exaudi.org\\\/it\\\/il-cardinale-pizzaballa-e-la-custodia-di-terra-santa-sono-stati-impediti-di-entrare-nel-santo-sepolcro-per-celebrare-la-messa-della-domenica-delle-palme\\\/#article\",\"isPartOf\":{\"@id\":\"https:\\\/\\\/exaudi.org\\\/it\\\/il-cardinale-pizzaballa-e-la-custodia-di-terra-santa-sono-stati-impediti-di-entrare-nel-santo-sepolcro-per-celebrare-la-messa-della-domenica-delle-palme\\\/\"},\"author\":{\"name\":\"Exaudi Redazione\",\"@id\":\"https:\\\/\\\/exaudi.org\\\/#\\\/schema\\\/person\\\/e1ab6ed07c01774724dd96f925f3a5f0\"},\"headline\":\"Il cardinale Pizzaballa e la Custodia di Terra Santa sono stati impediti di entrare nel Santo Sepolcro per celebrare la Messa della Domenica delle Palme\",\"datePublished\":\"2026-03-30T16:30:56+00:00\",\"mainEntityOfPage\":{\"@id\":\"https:\\\/\\\/exaudi.org\\\/it\\\/il-cardinale-pizzaballa-e-la-custodia-di-terra-santa-sono-stati-impediti-di-entrare-nel-santo-sepolcro-per-celebrare-la-messa-della-domenica-delle-palme\\\/\"},\"wordCount\":474,\"image\":{\"@id\":\"https:\\\/\\\/exaudi.org\\\/it\\\/il-cardinale-pizzaballa-e-la-custodia-di-terra-santa-sono-stati-impediti-di-entrare-nel-santo-sepolcro-per-celebrare-la-messa-della-domenica-delle-palme\\\/#primaryimage\"},\"thumbnailUrl\":\"https:\\\/\\\/exaudi.org\\\/wp-content\\\/uploads\\\/2026\\\/03\\\/cq5dam.thumbnail.cropped.500.281-5.jpeg\",\"keywords\":[\"Basilica del Santo Sepolcro\",\"cardinale pizzaballa\",\"conflitto in Medio Oriente\",\"Custode di Terra Santa\",\"Domenica delle Palme\",\"Gerusalemme\",\"Guerra israeliana\",\"Impedito l'ingresso al Santo Sepolcro\",\"Libert\u00e0 di culto\",\"Libert\u00e0 religiosa in Terra Santa\",\"Messa della Domenica delle Palme\",\"Monte degli Ulivi\",\"Padre Francesco Ielpo\",\"Patriarca latino di Gerusalemme\",\"Patriarcato latino di Gerusalemme\",\"Per la prima volta in secoli\",\"Polizia israeliana\",\"PREGHIERA PER LA PACE\",\"Santo Sepolcro\",\"Settimana Santa\",\"Status Quo\",\"Terra Santa\",\"Trending\"],\"articleSection\":[\"Chiesa e Mondo\"],\"inLanguage\":\"it-IT\"},{\"@type\":\"WebPage\",\"@id\":\"https:\\\/\\\/exaudi.org\\\/it\\\/il-cardinale-pizzaballa-e-la-custodia-di-terra-santa-sono-stati-impediti-di-entrare-nel-santo-sepolcro-per-celebrare-la-messa-della-domenica-delle-palme\\\/\",\"url\":\"https:\\\/\\\/exaudi.org\\\/it\\\/il-cardinale-pizzaballa-e-la-custodia-di-terra-santa-sono-stati-impediti-di-entrare-nel-santo-sepolcro-per-celebrare-la-messa-della-domenica-delle-palme\\\/\",\"name\":\"Il cardinale Pizzaballa e la Custodia di Terra Santa sono stati impediti di entrare nel Santo Sepolcro per celebrare la Messa della Domenica delle Palme &#8211; Exaudi\",\"isPartOf\":{\"@id\":\"https:\\\/\\\/exaudi.org\\\/#website\"},\"primaryImageOfPage\":{\"@id\":\"https:\\\/\\\/exaudi.org\\\/it\\\/il-cardinale-pizzaballa-e-la-custodia-di-terra-santa-sono-stati-impediti-di-entrare-nel-santo-sepolcro-per-celebrare-la-messa-della-domenica-delle-palme\\\/#primaryimage\"},\"image\":{\"@id\":\"https:\\\/\\\/exaudi.org\\\/it\\\/il-cardinale-pizzaballa-e-la-custodia-di-terra-santa-sono-stati-impediti-di-entrare-nel-santo-sepolcro-per-celebrare-la-messa-della-domenica-delle-palme\\\/#primaryimage\"},\"thumbnailUrl\":\"https:\\\/\\\/exaudi.org\\\/wp-content\\\/uploads\\\/2026\\\/03\\\/cq5dam.thumbnail.cropped.500.281-5.jpeg\",\"datePublished\":\"2026-03-30T16:30:56+00:00\",\"author\":{\"@id\":\"https:\\\/\\\/exaudi.org\\\/#\\\/schema\\\/person\\\/e1ab6ed07c01774724dd96f925f3a5f0\"},\"breadcrumb\":{\"@id\":\"https:\\\/\\\/exaudi.org\\\/it\\\/il-cardinale-pizzaballa-e-la-custodia-di-terra-santa-sono-stati-impediti-di-entrare-nel-santo-sepolcro-per-celebrare-la-messa-della-domenica-delle-palme\\\/#breadcrumb\"},\"inLanguage\":\"it-IT\",\"potentialAction\":[{\"@type\":\"ReadAction\",\"target\":[\"https:\\\/\\\/exaudi.org\\\/it\\\/il-cardinale-pizzaballa-e-la-custodia-di-terra-santa-sono-stati-impediti-di-entrare-nel-santo-sepolcro-per-celebrare-la-messa-della-domenica-delle-palme\\\/\"]}]},{\"@type\":\"ImageObject\",\"inLanguage\":\"it-IT\",\"@id\":\"https:\\\/\\\/exaudi.org\\\/it\\\/il-cardinale-pizzaballa-e-la-custodia-di-terra-santa-sono-stati-impediti-di-entrare-nel-santo-sepolcro-per-celebrare-la-messa-della-domenica-delle-palme\\\/#primaryimage\",\"url\":\"https:\\\/\\\/exaudi.org\\\/wp-content\\\/uploads\\\/2026\\\/03\\\/cq5dam.thumbnail.cropped.500.281-5.jpeg\",\"contentUrl\":\"https:\\\/\\\/exaudi.org\\\/wp-content\\\/uploads\\\/2026\\\/03\\\/cq5dam.thumbnail.cropped.500.281-5.jpeg\",\"width\":500,\"height\":280},{\"@type\":\"BreadcrumbList\",\"@id\":\"https:\\\/\\\/exaudi.org\\\/it\\\/il-cardinale-pizzaballa-e-la-custodia-di-terra-santa-sono-stati-impediti-di-entrare-nel-santo-sepolcro-per-celebrare-la-messa-della-domenica-delle-palme\\\/#breadcrumb\",\"itemListElement\":[{\"@type\":\"ListItem\",\"position\":1,\"name\":\"Portada\",\"item\":\"https:\\\/\\\/exaudi.org\\\/it\\\/\"},{\"@type\":\"ListItem\",\"position\":2,\"name\":\"Il cardinale Pizzaballa e la Custodia di Terra Santa sono stati impediti di entrare nel Santo Sepolcro per celebrare la Messa della Domenica delle Palme\"}]},{\"@type\":\"WebSite\",\"@id\":\"https:\\\/\\\/exaudi.org\\\/#website\",\"url\":\"https:\\\/\\\/exaudi.org\\\/\",\"name\":\"Exaudi\",\"description\":\"News\",\"potentialAction\":[{\"@type\":\"SearchAction\",\"target\":{\"@type\":\"EntryPoint\",\"urlTemplate\":\"https:\\\/\\\/exaudi.org\\\/?s={search_term_string}\"},\"query-input\":{\"@type\":\"PropertyValueSpecification\",\"valueRequired\":true,\"valueName\":\"search_term_string\"}}],\"inLanguage\":\"it-IT\"},{\"@type\":\"Person\",\"@id\":\"https:\\\/\\\/exaudi.org\\\/#\\\/schema\\\/person\\\/e1ab6ed07c01774724dd96f925f3a5f0\",\"name\":\"Exaudi Redazione\",\"image\":{\"@type\":\"ImageObject\",\"inLanguage\":\"it-IT\",\"@id\":\"https:\\\/\\\/secure.gravatar.com\\\/avatar\\\/ad6774b3ada023bf5b939d64f45c94b3adf91502dd883507d469b4308a943bb3?s=96&d=mm&r=g\",\"url\":\"https:\\\/\\\/secure.gravatar.com\\\/avatar\\\/ad6774b3ada023bf5b939d64f45c94b3adf91502dd883507d469b4308a943bb3?s=96&d=mm&r=g\",\"contentUrl\":\"https:\\\/\\\/secure.gravatar.com\\\/avatar\\\/ad6774b3ada023bf5b939d64f45c94b3adf91502dd883507d469b4308a943bb3?s=96&d=mm&r=g\",\"caption\":\"Exaudi Redazione\"},\"description\":\"Che cosa \u00e8 Exaudi News? Exaudi News \u00e8 un agenzia cattolica internazionale che informa, istruisce e trasforma quotidianamente in spagnolo, inglese e italiano. Attraverso notizie, articoli di analisi e trasmissioni in diretta degli eventi del Papa, Exaudi cerca di rafforzare l'unit\u00e0 dei cristiani e di contribuire all'evangelizzazione del mondo, sempre guidato dalla dottrina sociale della Chiesa. Lavoriamo per portare la verit\u00e0 e i valori cristiani in ogni angolo del pianeta. Aiutaci a trasformare il mondo con Exaudi! Noi di Exaudi crediamo che l'evangelizzazione e l'informazione di qualit\u00e0 possano cambiare la vita. Per continuare la nostra missione ed espandere la nostra portata, abbiamo bisogno del tuo aiuto. Stiamo anche cercando persone motivate che vogliano unirsi al nostro team. Grazie al vostro sostegno raggiungeremo pi\u00f9 persone, diffonderemo il messaggio di Cristo e rafforzeremo l'unit\u00e0 dei cristiani. Vuoi unirti alla nostra missione? Per maggiori informazioni su come contribuire, visita Exaudi.org\\\/it o contattaci direttamente: info@exaudi.org Exaudi: informa, forma e trasforma.\",\"sameAs\":[\"https:\\\/\\\/www.facebook.com\\\/ExaudiNotizie\\\/\",\"https:\\\/\\\/www.instagram.com\\\/Exaudi_notizie\\\/\",\"https:\\\/\\\/x.com\\\/Exaudi_Notizie\",\"https:\\\/\\\/www.youtube.com\\\/@exaudicatholicnews\"],\"url\":\"https:\\\/\\\/exaudi.org\\\/it\\\/author\\\/dlvedi-org\\\/\"}]}<\/script>\n<!-- \/ Yoast SEO plugin. -->","yoast_head_json":{"title":"Il cardinale Pizzaballa e la Custodia di Terra Santa sono stati impediti di entrare nel Santo Sepolcro per celebrare la Messa della Domenica delle Palme &#8211; Exaudi","robots":{"index":"index","follow":"follow","max-snippet":"max-snippet:-1","max-image-preview":"max-image-preview:large","max-video-preview":"max-video-preview:-1"},"canonical":"https:\/\/exaudi.org\/it\/il-cardinale-pizzaballa-e-la-custodia-di-terra-santa-sono-stati-impediti-di-entrare-nel-santo-sepolcro-per-celebrare-la-messa-della-domenica-delle-palme\/","og_locale":"it_IT","og_type":"article","og_title":"Il cardinale Pizzaballa e la Custodia di Terra Santa sono stati impediti di entrare nel Santo Sepolcro per celebrare la Messa della Domenica delle Palme &#8211; Exaudi","og_description":"Il Patriarcato latino di Gerusalemme e la Custodia di Terra Santa denunciano la decisione come \"irragionevole e sproporzionata\", la prima del suo genere da secoli, e la descrivono come una violazione della libert\u00e0 di culto e del rispetto dello status quo","og_url":"https:\/\/exaudi.org\/it\/il-cardinale-pizzaballa-e-la-custodia-di-terra-santa-sono-stati-impediti-di-entrare-nel-santo-sepolcro-per-celebrare-la-messa-della-domenica-delle-palme\/","og_site_name":"Exaudi","article_publisher":"https:\/\/www.facebook.com\/ExaudiNews","article_author":"https:\/\/www.facebook.com\/ExaudiNotizie\/","article_published_time":"2026-03-30T16:30:56+00:00","og_image":[{"width":500,"height":280,"url":"https:\/\/exaudi.org\/wp-content\/uploads\/2026\/03\/cq5dam.thumbnail.cropped.500.281-5.jpeg","type":"image\/jpeg"}],"author":"Exaudi Redazione","twitter_card":"summary_large_image","twitter_creator":"@Exaudi_Notizie","twitter_site":"@Exaudi_News","twitter_misc":{"Scritto da":"Exaudi Redazione","Tempo di lettura stimato":"2 minuti"},"schema":{"@context":"https:\/\/schema.org","@graph":[{"@type":"Article","@id":"https:\/\/exaudi.org\/it\/il-cardinale-pizzaballa-e-la-custodia-di-terra-santa-sono-stati-impediti-di-entrare-nel-santo-sepolcro-per-celebrare-la-messa-della-domenica-delle-palme\/#article","isPartOf":{"@id":"https:\/\/exaudi.org\/it\/il-cardinale-pizzaballa-e-la-custodia-di-terra-santa-sono-stati-impediti-di-entrare-nel-santo-sepolcro-per-celebrare-la-messa-della-domenica-delle-palme\/"},"author":{"name":"Exaudi Redazione","@id":"https:\/\/exaudi.org\/#\/schema\/person\/e1ab6ed07c01774724dd96f925f3a5f0"},"headline":"Il cardinale Pizzaballa e la Custodia di Terra Santa sono stati impediti di entrare nel Santo Sepolcro per celebrare la Messa della Domenica delle Palme","datePublished":"2026-03-30T16:30:56+00:00","mainEntityOfPage":{"@id":"https:\/\/exaudi.org\/it\/il-cardinale-pizzaballa-e-la-custodia-di-terra-santa-sono-stati-impediti-di-entrare-nel-santo-sepolcro-per-celebrare-la-messa-della-domenica-delle-palme\/"},"wordCount":474,"image":{"@id":"https:\/\/exaudi.org\/it\/il-cardinale-pizzaballa-e-la-custodia-di-terra-santa-sono-stati-impediti-di-entrare-nel-santo-sepolcro-per-celebrare-la-messa-della-domenica-delle-palme\/#primaryimage"},"thumbnailUrl":"https:\/\/exaudi.org\/wp-content\/uploads\/2026\/03\/cq5dam.thumbnail.cropped.500.281-5.jpeg","keywords":["Basilica del Santo Sepolcro","cardinale pizzaballa","conflitto in Medio Oriente","Custode di Terra Santa","Domenica delle Palme","Gerusalemme","Guerra israeliana","Impedito l'ingresso al Santo Sepolcro","Libert\u00e0 di culto","Libert\u00e0 religiosa in Terra Santa","Messa della Domenica delle Palme","Monte degli Ulivi","Padre Francesco Ielpo","Patriarca latino di Gerusalemme","Patriarcato latino di Gerusalemme","Per la prima volta in secoli","Polizia israeliana","PREGHIERA PER LA PACE","Santo Sepolcro","Settimana Santa","Status Quo","Terra Santa","Trending"],"articleSection":["Chiesa e Mondo"],"inLanguage":"it-IT"},{"@type":"WebPage","@id":"https:\/\/exaudi.org\/it\/il-cardinale-pizzaballa-e-la-custodia-di-terra-santa-sono-stati-impediti-di-entrare-nel-santo-sepolcro-per-celebrare-la-messa-della-domenica-delle-palme\/","url":"https:\/\/exaudi.org\/it\/il-cardinale-pizzaballa-e-la-custodia-di-terra-santa-sono-stati-impediti-di-entrare-nel-santo-sepolcro-per-celebrare-la-messa-della-domenica-delle-palme\/","name":"Il cardinale Pizzaballa e la Custodia di Terra Santa sono stati impediti di entrare nel Santo Sepolcro per celebrare la Messa della Domenica delle Palme &#8211; Exaudi","isPartOf":{"@id":"https:\/\/exaudi.org\/#website"},"primaryImageOfPage":{"@id":"https:\/\/exaudi.org\/it\/il-cardinale-pizzaballa-e-la-custodia-di-terra-santa-sono-stati-impediti-di-entrare-nel-santo-sepolcro-per-celebrare-la-messa-della-domenica-delle-palme\/#primaryimage"},"image":{"@id":"https:\/\/exaudi.org\/it\/il-cardinale-pizzaballa-e-la-custodia-di-terra-santa-sono-stati-impediti-di-entrare-nel-santo-sepolcro-per-celebrare-la-messa-della-domenica-delle-palme\/#primaryimage"},"thumbnailUrl":"https:\/\/exaudi.org\/wp-content\/uploads\/2026\/03\/cq5dam.thumbnail.cropped.500.281-5.jpeg","datePublished":"2026-03-30T16:30:56+00:00","author":{"@id":"https:\/\/exaudi.org\/#\/schema\/person\/e1ab6ed07c01774724dd96f925f3a5f0"},"breadcrumb":{"@id":"https:\/\/exaudi.org\/it\/il-cardinale-pizzaballa-e-la-custodia-di-terra-santa-sono-stati-impediti-di-entrare-nel-santo-sepolcro-per-celebrare-la-messa-della-domenica-delle-palme\/#breadcrumb"},"inLanguage":"it-IT","potentialAction":[{"@type":"ReadAction","target":["https:\/\/exaudi.org\/it\/il-cardinale-pizzaballa-e-la-custodia-di-terra-santa-sono-stati-impediti-di-entrare-nel-santo-sepolcro-per-celebrare-la-messa-della-domenica-delle-palme\/"]}]},{"@type":"ImageObject","inLanguage":"it-IT","@id":"https:\/\/exaudi.org\/it\/il-cardinale-pizzaballa-e-la-custodia-di-terra-santa-sono-stati-impediti-di-entrare-nel-santo-sepolcro-per-celebrare-la-messa-della-domenica-delle-palme\/#primaryimage","url":"https:\/\/exaudi.org\/wp-content\/uploads\/2026\/03\/cq5dam.thumbnail.cropped.500.281-5.jpeg","contentUrl":"https:\/\/exaudi.org\/wp-content\/uploads\/2026\/03\/cq5dam.thumbnail.cropped.500.281-5.jpeg","width":500,"height":280},{"@type":"BreadcrumbList","@id":"https:\/\/exaudi.org\/it\/il-cardinale-pizzaballa-e-la-custodia-di-terra-santa-sono-stati-impediti-di-entrare-nel-santo-sepolcro-per-celebrare-la-messa-della-domenica-delle-palme\/#breadcrumb","itemListElement":[{"@type":"ListItem","position":1,"name":"Portada","item":"https:\/\/exaudi.org\/it\/"},{"@type":"ListItem","position":2,"name":"Il cardinale Pizzaballa e la Custodia di Terra Santa sono stati impediti di entrare nel Santo Sepolcro per celebrare la Messa della Domenica delle Palme"}]},{"@type":"WebSite","@id":"https:\/\/exaudi.org\/#website","url":"https:\/\/exaudi.org\/","name":"Exaudi","description":"News","potentialAction":[{"@type":"SearchAction","target":{"@type":"EntryPoint","urlTemplate":"https:\/\/exaudi.org\/?s={search_term_string}"},"query-input":{"@type":"PropertyValueSpecification","valueRequired":true,"valueName":"search_term_string"}}],"inLanguage":"it-IT"},{"@type":"Person","@id":"https:\/\/exaudi.org\/#\/schema\/person\/e1ab6ed07c01774724dd96f925f3a5f0","name":"Exaudi Redazione","image":{"@type":"ImageObject","inLanguage":"it-IT","@id":"https:\/\/secure.gravatar.com\/avatar\/ad6774b3ada023bf5b939d64f45c94b3adf91502dd883507d469b4308a943bb3?s=96&d=mm&r=g","url":"https:\/\/secure.gravatar.com\/avatar\/ad6774b3ada023bf5b939d64f45c94b3adf91502dd883507d469b4308a943bb3?s=96&d=mm&r=g","contentUrl":"https:\/\/secure.gravatar.com\/avatar\/ad6774b3ada023bf5b939d64f45c94b3adf91502dd883507d469b4308a943bb3?s=96&d=mm&r=g","caption":"Exaudi Redazione"},"description":"Che cosa \u00e8 Exaudi News? Exaudi News \u00e8 un agenzia cattolica internazionale che informa, istruisce e trasforma quotidianamente in spagnolo, inglese e italiano. Attraverso notizie, articoli di analisi e trasmissioni in diretta degli eventi del Papa, Exaudi cerca di rafforzare l'unit\u00e0 dei cristiani e di contribuire all'evangelizzazione del mondo, sempre guidato dalla dottrina sociale della Chiesa. Lavoriamo per portare la verit\u00e0 e i valori cristiani in ogni angolo del pianeta. Aiutaci a trasformare il mondo con Exaudi! Noi di Exaudi crediamo che l'evangelizzazione e l'informazione di qualit\u00e0 possano cambiare la vita. Per continuare la nostra missione ed espandere la nostra portata, abbiamo bisogno del tuo aiuto. Stiamo anche cercando persone motivate che vogliano unirsi al nostro team. Grazie al vostro sostegno raggiungeremo pi\u00f9 persone, diffonderemo il messaggio di Cristo e rafforzeremo l'unit\u00e0 dei cristiani. Vuoi unirti alla nostra missione? Per maggiori informazioni su come contribuire, visita Exaudi.org\/it o contattaci direttamente: info@exaudi.org Exaudi: informa, forma e trasforma.","sameAs":["https:\/\/www.facebook.com\/ExaudiNotizie\/","https:\/\/www.instagram.com\/Exaudi_notizie\/","https:\/\/x.com\/Exaudi_Notizie","https:\/\/www.youtube.com\/@exaudicatholicnews"],"url":"https:\/\/exaudi.org\/it\/author\/dlvedi-org\/"}]}},"jetpack_featured_media_url":"https:\/\/exaudi.org\/wp-content\/uploads\/2026\/03\/cq5dam.thumbnail.cropped.500.281-5.jpeg","jetpack_shortlink":"https:\/\/wp.me\/pgKjF2-GAl","_links":{"self":[{"href":"https:\/\/exaudi.org\/it\/wp-json\/wp\/v2\/posts\/163701","targetHints":{"allow":["GET"]}}],"collection":[{"href":"https:\/\/exaudi.org\/it\/wp-json\/wp\/v2\/posts"}],"about":[{"href":"https:\/\/exaudi.org\/it\/wp-json\/wp\/v2\/types\/post"}],"author":[{"embeddable":true,"href":"https:\/\/exaudi.org\/it\/wp-json\/wp\/v2\/users\/17"}],"replies":[{"embeddable":true,"href":"https:\/\/exaudi.org\/it\/wp-json\/wp\/v2\/comments?post=163701"}],"version-history":[{"count":3,"href":"https:\/\/exaudi.org\/it\/wp-json\/wp\/v2\/posts\/163701\/revisions"}],"predecessor-version":[{"id":163704,"href":"https:\/\/exaudi.org\/it\/wp-json\/wp\/v2\/posts\/163701\/revisions\/163704"}],"wp:featuredmedia":[{"embeddable":true,"href":"https:\/\/exaudi.org\/it\/wp-json\/wp\/v2\/media\/163683"}],"wp:attachment":[{"href":"https:\/\/exaudi.org\/it\/wp-json\/wp\/v2\/media?parent=163701"}],"wp:term":[{"taxonomy":"category","embeddable":true,"href":"https:\/\/exaudi.org\/it\/wp-json\/wp\/v2\/categories?post=163701"},{"taxonomy":"post_tag","embeddable":true,"href":"https:\/\/exaudi.org\/it\/wp-json\/wp\/v2\/tags?post=163701"}],"curies":[{"name":"wp","href":"https:\/\/api.w.org\/{rel}","templated":true}]}}