{"id":163647,"date":"2026-03-29T19:03:09","date_gmt":"2026-03-29T17:03:09","guid":{"rendered":"https:\/\/exaudi.org\/?p=163647"},"modified":"2026-03-29T19:03:09","modified_gmt":"2026-03-29T17:03:09","slug":"leone-xiv-cristo-re-della-pace-continua-a-gridare-dalla-croce-dio-e-amore-abbi-pieta","status":"publish","type":"post","link":"https:\/\/exaudi.org\/it\/leone-xiv-cristo-re-della-pace-continua-a-gridare-dalla-croce-dio-e-amore-abbi-pieta\/","title":{"rendered":"Leone XIV: Cristo, Re della Pace, continua a gridare dalla croce: Dio \u00e8 amore! Abbi piet\u00e0!"},"content":{"rendered":"<p><span dir=\"auto\" style=\"vertical-align: inherit\"><span dir=\"auto\" style=\"vertical-align: inherit\">Alle 10 di questa mattina, in Piazza San Pietro, il Santo Padre Leone XIV ha presieduto la solenne celebrazione liturgica della Domenica delle Palme e della Passione del Signore.<\/span><\/span><\/p>\n<p><span dir=\"auto\" style=\"vertical-align: inherit\"><span dir=\"auto\" style=\"vertical-align: inherit\">Papa Leone XIV present\u00f2 Ges\u00f9 Cristo come il \u201cRe della Pace\u201d e lanci\u00f2 un fermo appello a porre fine alla violenza e alle guerre, affermando che Dio non pu\u00f2 essere usato per giustificare il confronto e ricordando che le ferite di Cristo riflettono oggi la sofferenza delle vittime dei conflitti, della povert\u00e0 e della disperazione.<\/span><\/span><\/p>\n<p><span dir=\"auto\" style=\"vertical-align: inherit\"><span dir=\"auto\" style=\"vertical-align: inherit\">Di seguito pubblichiamo l&#8217;omelia pronunciata dal Santo Padre dopo la proclamazione della Passione del Signore:<\/span><\/span><\/p>\n<p><span dir=\"auto\" style=\"vertical-align: inherit\"><span dir=\"auto\" style=\"vertical-align: inherit\">***<\/span><\/span><\/p>\n<div class=\"abstract text parbase vaticanrichtext\">\n<p><span class=\"color-text\">DOMENICA DELLE PALME: PASSIONE DEL SIGNORE \u2013<br \/>\nCOMMEMORAZIONE DELL\u2019INGRESSO DEL SIGNORE IN GERUSALEMME<br \/>\nE SANTA MESSA<\/span><\/p>\n<p><b><span class=\"color-text\">CAPPELLA PAPALE<\/span><\/b><\/p>\n<p><i><b><span class=\"title-1-color\">OMELIA DEL SANTO PADRE LEONE XIV<\/span><\/b><\/i><\/p>\n<p><i><span class=\"color-text\">Piazza San Pietro<br \/>\nDomenica, 29 marzo 2026<\/span><\/i><\/p>\n<p>&nbsp;<\/p>\n<p>_____________________<\/p>\n<div class=\"clearfix\"><\/div>\n<\/div>\n<div class=\"text parbase vaticanrichtext\">\n<p><i>Cari fratelli e sorelle<\/i>,<\/p>\n<p>mentre Ges\u00f9 percorre la via della croce, ci mettiamo dietro di Lui, seguiamo i suoi passi. E camminando con Lui, contempliamo la sua passione per l\u2019umanit\u00e0, il suo cuore che si spezza, la sua vita che si fa dono d\u2019amore.<\/p>\n<p>Guardiamo a Ges\u00f9, che si presenta come\u00a0<i>Re della pace<\/i>, mentre attorno a Lui si sta preparando la guerra. Lui, che rimane fermo nella mitezza, mentre gli altri si agitano nella violenza. Lui, che si offre come una carezza per l\u2019umanit\u00e0, mentre altri impugnano spade e bastoni. Lui, che \u00e8 la luce del mondo, mentre le tenebre stanno per ricoprire la terra. Lui, che \u00e8 venuto a portare la vita, mentre si compie il piano per condannarlo a morte.<\/p>\n<p>Come\u00a0<i>Re della pace<\/i>, Ges\u00f9 vuole riconciliare il mondo nell\u2019abbraccio del Padre e abbattere ogni muro che ci separa da Dio e dal prossimo, perch\u00e9 \u00abEgli \u00e8 la nostra pace\u00bb (<i>Ef\u00a0<\/i>2,14).<\/p>\n<p>Come\u00a0<i>Re della pace<\/i>, entra in Gerusalemme in groppa a un asino, non a un cavallo, realizzando l\u2019antica profezia che invitava a esultare per l\u2019arrivo del Messia: \u00abEcco, a te viene il tuo re.\u00a0\/ Egli \u00e8 giusto e vittorioso, \/ umile, cavalca un asino, \/ un puledro figlio d\u2019asina. \/ Far\u00e0 sparire il carro da guerra da Efraim \/ e il cavallo da Gerusalemme, \/ l\u2019arco di guerra sar\u00e0 spezzato, \/ annuncer\u00e0 la pace alle nazioni\u00bb (<i>Zc<\/i>\u00a09,9-10).<\/p>\n<p>Come\u00a0<i>Re della pace<\/i>, quando uno dei suoi discepoli estrae la spada per difenderlo e colpisce il servo del sommo sacerdote, Egli subito lo ferma dicendo: \u00abRimetti la tua spada al suo posto, perch\u00e9 tutti quelli che prendono la spada, di spada moriranno\u00bb (<i>Mt<\/i>\u00a026,52).<\/p>\n<p>Come\u00a0<i>Re della pace<\/i>, mentre veniva caricato delle nostre sofferenze e trafitto per le nostre colpe, Egli \u00abnon apr\u00ec la sua bocca;<br \/>\nera come agnello condotto al macello, come pecora muta di fronte ai suoi tosatori\u00bb (<i>Is<\/i>\u00a053,7). Non si \u00e8 armato, non si \u00e8 difeso, non ha combattuto nessuna guerra. Ha manifestato il volto mite di Dio, che sempre rifiuta la violenza, e invece di salvare s\u00e9 stesso si \u00e8 lasciato inchiodare alla croce, per abbracciare tutte le croci piantate in ogni tempo e luogo nella storia dell\u2019umanit\u00e0.<\/p>\n<p>Fratelli, sorelle, questo \u00e8 il nostro Dio:\u00a0<i>Ges\u00f9, Re della pace<\/i>. Un Dio che rifiuta la guerra, che nessuno pu\u00f2 usare per giustificare la guerra, che non ascolta la preghiera di chi fa la guerra e la rigetta dicendo: \u00abAnche se moltiplicaste le preghiere, io non ascolterei: le vostre mani grondano sangue\u00bb (<i>Is<\/i>\u00a01,15).<\/p>\n<p>Guardando a Lui, che \u00e8 stato crocifisso per noi, vediamo i crocifissi dell\u2019umanit\u00e0. Nelle sue piaghe vediamo le ferite di tante donne e uomini di oggi. Nel suo ultimo grido rivolto al Padre sentiamo il pianto di chi \u00e8 abbattuto, di chi \u00e8 senza speranza, di chi \u00e8 malato, di chi \u00e8 solo. E soprattutto sentiamo il gemito di dolore di tutti coloro che sono oppressi dalla violenza e di tutte le vittime della guerra.<\/p>\n<p>Cristo, Re della pace, grida ancora dalla sua croce: Dio \u00e8 amore! Abbiate piet\u00e0! Deponete le armi, ricordatevi che siete fratelli!<\/p>\n<p>Con le parole del Servo di Dio, il vescovo Tonino Bello, vorrei affidare questo grido a Maria Santissima, che sta sotto la croce del Figlio, e piange anche ai piedi dei crocifissi di oggi:<\/p>\n<p>\u00abSanta Maria, donna del terzo giorno, donaci la certezza che, nonostante tutto, la morte non avr\u00e0 pi\u00f9 presa su di noi. Che le ingiustizie dei popoli hanno i giorni contati. Che i bagliori delle guerre si stanno riducendo a luci crepuscolari. Che le sofferenze dei poveri sono giunte agli ultimi rantoli. [\u2026] E che, finalmente, le lacrime di tutte le vittime delle violenze e del dolore saranno presto prosciugate, come la brina dal sole della primavera\u00bb (<i>Maria, donna dei nostri giorni<\/i>).<\/p>\n<\/div>\n<p>&nbsp;<\/p>\n<p><iframe loading=\"lazy\" title=\"29 March 2026 Celebration of Palm Sunday, Angelus prayer -  Pope Leo XIV\" width=\"500\" height=\"281\" src=\"https:\/\/www.youtube.com\/embed\/Lz3pBZpP_c4?feature=oembed\" frameborder=\"0\" allow=\"accelerometer; autoplay; clipboard-write; encrypted-media; gyroscope; picture-in-picture; web-share\" referrerpolicy=\"strict-origin-when-cross-origin\" allowfullscreen><\/iframe><\/p>\n<p>&nbsp;<\/p>\n","protected":false},"excerpt":{"rendered":"<p>Omelia per la Domenica delle Palme<\/p>\n","protected":false},"author":17,"featured_media":163619,"comment_status":"closed","ping_status":"closed","sticky":false,"template":"","format":"standard","meta":{"_acf_changed":false,"_crdt_document":"","inline_featured_image":false,"footnotes":""},"categories":[],"tags":[882,64851,104932,6372,104933],"class_list":["post-163647","post","type-post","status-publish","format-standard","has-post-thumbnail","hentry","tag-cristo","tag-featured-it-2","tag-messa-della-domenica-delle-palme","tag-omelia","tag-re-della-pace"],"acf":[],"yoast_head":"<!-- This site is optimized with the Yoast SEO plugin v27.5 - https:\/\/yoast.com\/product\/yoast-seo-wordpress\/ -->\n<title>Leone XIV: Cristo, Re della Pace, continua a gridare dalla croce: Dio \u00e8 amore! Abbi piet\u00e0! &#8211; Exaudi<\/title>\n<meta name=\"robots\" content=\"index, follow, max-snippet:-1, max-image-preview:large, max-video-preview:-1\" \/>\n<link rel=\"canonical\" href=\"https:\/\/exaudi.org\/it\/leone-xiv-cristo-re-della-pace-continua-a-gridare-dalla-croce-dio-e-amore-abbi-pieta\/\" \/>\n<meta property=\"og:locale\" content=\"it_IT\" \/>\n<meta property=\"og:type\" content=\"article\" \/>\n<meta property=\"og:title\" content=\"Leone XIV: Cristo, Re della Pace, continua a gridare dalla croce: Dio \u00e8 amore! Abbi piet\u00e0! &#8211; Exaudi\" \/>\n<meta property=\"og:description\" content=\"Omelia per la Domenica delle Palme\" \/>\n<meta property=\"og:url\" content=\"https:\/\/exaudi.org\/it\/leone-xiv-cristo-re-della-pace-continua-a-gridare-dalla-croce-dio-e-amore-abbi-pieta\/\" \/>\n<meta property=\"og:site_name\" content=\"Exaudi\" \/>\n<meta property=\"article:publisher\" content=\"https:\/\/www.facebook.com\/ExaudiNews\" \/>\n<meta property=\"article:author\" content=\"https:\/\/www.facebook.com\/ExaudiNotizie\/\" \/>\n<meta property=\"article:published_time\" content=\"2026-03-29T17:03:09+00:00\" \/>\n<meta property=\"og:image\" content=\"https:\/\/exaudi.org\/wp-content\/uploads\/2026\/03\/cq5dam.web_.800.800-5.jpeg\" \/>\n\t<meta property=\"og:image:width\" content=\"800\" \/>\n\t<meta property=\"og:image:height\" content=\"533\" \/>\n\t<meta property=\"og:image:type\" content=\"image\/jpeg\" \/>\n<meta name=\"author\" content=\"Exaudi Redazione\" \/>\n<meta name=\"twitter:card\" content=\"summary_large_image\" \/>\n<meta name=\"twitter:creator\" content=\"@Exaudi_Notizie\" \/>\n<meta name=\"twitter:site\" content=\"@Exaudi_News\" \/>\n<meta name=\"twitter:label1\" content=\"Scritto da\" \/>\n\t<meta name=\"twitter:data1\" content=\"Exaudi Redazione\" \/>\n\t<meta name=\"twitter:label2\" content=\"Tempo di lettura stimato\" \/>\n\t<meta name=\"twitter:data2\" content=\"4 minuti\" \/>\n<script type=\"application\/ld+json\" class=\"yoast-schema-graph\">{\"@context\":\"https:\\\/\\\/schema.org\",\"@graph\":[{\"@type\":\"Article\",\"@id\":\"https:\\\/\\\/exaudi.org\\\/it\\\/leone-xiv-cristo-re-della-pace-continua-a-gridare-dalla-croce-dio-e-amore-abbi-pieta\\\/#article\",\"isPartOf\":{\"@id\":\"https:\\\/\\\/exaudi.org\\\/it\\\/leone-xiv-cristo-re-della-pace-continua-a-gridare-dalla-croce-dio-e-amore-abbi-pieta\\\/\"},\"author\":{\"name\":\"Exaudi Redazione\",\"@id\":\"https:\\\/\\\/exaudi.org\\\/#\\\/schema\\\/person\\\/e1ab6ed07c01774724dd96f925f3a5f0\"},\"headline\":\"Leone XIV: Cristo, Re della Pace, continua a gridare dalla croce: Dio \u00e8 amore! Abbi piet\u00e0!\",\"datePublished\":\"2026-03-29T17:03:09+00:00\",\"mainEntityOfPage\":{\"@id\":\"https:\\\/\\\/exaudi.org\\\/it\\\/leone-xiv-cristo-re-della-pace-continua-a-gridare-dalla-croce-dio-e-amore-abbi-pieta\\\/\"},\"wordCount\":771,\"image\":{\"@id\":\"https:\\\/\\\/exaudi.org\\\/it\\\/leone-xiv-cristo-re-della-pace-continua-a-gridare-dalla-croce-dio-e-amore-abbi-pieta\\\/#primaryimage\"},\"thumbnailUrl\":\"https:\\\/\\\/exaudi.org\\\/wp-content\\\/uploads\\\/2026\\\/03\\\/cq5dam.web_.800.800-5.jpeg\",\"keywords\":[\"Cristo\",\"Featured\",\"Messa della Domenica delle Palme\",\"Omelia\",\"Re della Pace\"],\"inLanguage\":\"it-IT\"},{\"@type\":\"WebPage\",\"@id\":\"https:\\\/\\\/exaudi.org\\\/it\\\/leone-xiv-cristo-re-della-pace-continua-a-gridare-dalla-croce-dio-e-amore-abbi-pieta\\\/\",\"url\":\"https:\\\/\\\/exaudi.org\\\/it\\\/leone-xiv-cristo-re-della-pace-continua-a-gridare-dalla-croce-dio-e-amore-abbi-pieta\\\/\",\"name\":\"Leone XIV: Cristo, Re della Pace, continua a gridare dalla croce: Dio \u00e8 amore! Abbi piet\u00e0! &#8211; Exaudi\",\"isPartOf\":{\"@id\":\"https:\\\/\\\/exaudi.org\\\/#website\"},\"primaryImageOfPage\":{\"@id\":\"https:\\\/\\\/exaudi.org\\\/it\\\/leone-xiv-cristo-re-della-pace-continua-a-gridare-dalla-croce-dio-e-amore-abbi-pieta\\\/#primaryimage\"},\"image\":{\"@id\":\"https:\\\/\\\/exaudi.org\\\/it\\\/leone-xiv-cristo-re-della-pace-continua-a-gridare-dalla-croce-dio-e-amore-abbi-pieta\\\/#primaryimage\"},\"thumbnailUrl\":\"https:\\\/\\\/exaudi.org\\\/wp-content\\\/uploads\\\/2026\\\/03\\\/cq5dam.web_.800.800-5.jpeg\",\"datePublished\":\"2026-03-29T17:03:09+00:00\",\"author\":{\"@id\":\"https:\\\/\\\/exaudi.org\\\/#\\\/schema\\\/person\\\/e1ab6ed07c01774724dd96f925f3a5f0\"},\"breadcrumb\":{\"@id\":\"https:\\\/\\\/exaudi.org\\\/it\\\/leone-xiv-cristo-re-della-pace-continua-a-gridare-dalla-croce-dio-e-amore-abbi-pieta\\\/#breadcrumb\"},\"inLanguage\":\"it-IT\",\"potentialAction\":[{\"@type\":\"ReadAction\",\"target\":[\"https:\\\/\\\/exaudi.org\\\/it\\\/leone-xiv-cristo-re-della-pace-continua-a-gridare-dalla-croce-dio-e-amore-abbi-pieta\\\/\"]}]},{\"@type\":\"ImageObject\",\"inLanguage\":\"it-IT\",\"@id\":\"https:\\\/\\\/exaudi.org\\\/it\\\/leone-xiv-cristo-re-della-pace-continua-a-gridare-dalla-croce-dio-e-amore-abbi-pieta\\\/#primaryimage\",\"url\":\"https:\\\/\\\/exaudi.org\\\/wp-content\\\/uploads\\\/2026\\\/03\\\/cq5dam.web_.800.800-5.jpeg\",\"contentUrl\":\"https:\\\/\\\/exaudi.org\\\/wp-content\\\/uploads\\\/2026\\\/03\\\/cq5dam.web_.800.800-5.jpeg\",\"width\":800,\"height\":533},{\"@type\":\"BreadcrumbList\",\"@id\":\"https:\\\/\\\/exaudi.org\\\/it\\\/leone-xiv-cristo-re-della-pace-continua-a-gridare-dalla-croce-dio-e-amore-abbi-pieta\\\/#breadcrumb\",\"itemListElement\":[{\"@type\":\"ListItem\",\"position\":1,\"name\":\"Portada\",\"item\":\"https:\\\/\\\/exaudi.org\\\/it\\\/\"},{\"@type\":\"ListItem\",\"position\":2,\"name\":\"Leone XIV: Cristo, Re della Pace, continua a gridare dalla croce: Dio \u00e8 amore! Abbi piet\u00e0!\"}]},{\"@type\":\"WebSite\",\"@id\":\"https:\\\/\\\/exaudi.org\\\/#website\",\"url\":\"https:\\\/\\\/exaudi.org\\\/\",\"name\":\"Exaudi\",\"description\":\"News\",\"potentialAction\":[{\"@type\":\"SearchAction\",\"target\":{\"@type\":\"EntryPoint\",\"urlTemplate\":\"https:\\\/\\\/exaudi.org\\\/?s={search_term_string}\"},\"query-input\":{\"@type\":\"PropertyValueSpecification\",\"valueRequired\":true,\"valueName\":\"search_term_string\"}}],\"inLanguage\":\"it-IT\"},{\"@type\":\"Person\",\"@id\":\"https:\\\/\\\/exaudi.org\\\/#\\\/schema\\\/person\\\/e1ab6ed07c01774724dd96f925f3a5f0\",\"name\":\"Exaudi Redazione\",\"image\":{\"@type\":\"ImageObject\",\"inLanguage\":\"it-IT\",\"@id\":\"https:\\\/\\\/secure.gravatar.com\\\/avatar\\\/ad6774b3ada023bf5b939d64f45c94b3adf91502dd883507d469b4308a943bb3?s=96&d=mm&r=g\",\"url\":\"https:\\\/\\\/secure.gravatar.com\\\/avatar\\\/ad6774b3ada023bf5b939d64f45c94b3adf91502dd883507d469b4308a943bb3?s=96&d=mm&r=g\",\"contentUrl\":\"https:\\\/\\\/secure.gravatar.com\\\/avatar\\\/ad6774b3ada023bf5b939d64f45c94b3adf91502dd883507d469b4308a943bb3?s=96&d=mm&r=g\",\"caption\":\"Exaudi Redazione\"},\"description\":\"Che cosa \u00e8 Exaudi News? Exaudi News \u00e8 un agenzia cattolica internazionale che informa, istruisce e trasforma quotidianamente in spagnolo, inglese e italiano. Attraverso notizie, articoli di analisi e trasmissioni in diretta degli eventi del Papa, Exaudi cerca di rafforzare l'unit\u00e0 dei cristiani e di contribuire all'evangelizzazione del mondo, sempre guidato dalla dottrina sociale della Chiesa. Lavoriamo per portare la verit\u00e0 e i valori cristiani in ogni angolo del pianeta. Aiutaci a trasformare il mondo con Exaudi! Noi di Exaudi crediamo che l'evangelizzazione e l'informazione di qualit\u00e0 possano cambiare la vita. Per continuare la nostra missione ed espandere la nostra portata, abbiamo bisogno del tuo aiuto. Stiamo anche cercando persone motivate che vogliano unirsi al nostro team. Grazie al vostro sostegno raggiungeremo pi\u00f9 persone, diffonderemo il messaggio di Cristo e rafforzeremo l'unit\u00e0 dei cristiani. Vuoi unirti alla nostra missione? Per maggiori informazioni su come contribuire, visita Exaudi.org\\\/it o contattaci direttamente: info@exaudi.org Exaudi: informa, forma e trasforma.\",\"sameAs\":[\"https:\\\/\\\/www.facebook.com\\\/ExaudiNotizie\\\/\",\"https:\\\/\\\/www.instagram.com\\\/Exaudi_notizie\\\/\",\"https:\\\/\\\/x.com\\\/Exaudi_Notizie\",\"https:\\\/\\\/www.youtube.com\\\/@exaudicatholicnews\"],\"url\":\"https:\\\/\\\/exaudi.org\\\/it\\\/author\\\/dlvedi-org\\\/\"}]}<\/script>\n<!-- \/ Yoast SEO plugin. -->","yoast_head_json":{"title":"Leone XIV: Cristo, Re della Pace, continua a gridare dalla croce: Dio \u00e8 amore! Abbi piet\u00e0! &#8211; Exaudi","robots":{"index":"index","follow":"follow","max-snippet":"max-snippet:-1","max-image-preview":"max-image-preview:large","max-video-preview":"max-video-preview:-1"},"canonical":"https:\/\/exaudi.org\/it\/leone-xiv-cristo-re-della-pace-continua-a-gridare-dalla-croce-dio-e-amore-abbi-pieta\/","og_locale":"it_IT","og_type":"article","og_title":"Leone XIV: Cristo, Re della Pace, continua a gridare dalla croce: Dio \u00e8 amore! Abbi piet\u00e0! &#8211; Exaudi","og_description":"Omelia per la Domenica delle Palme","og_url":"https:\/\/exaudi.org\/it\/leone-xiv-cristo-re-della-pace-continua-a-gridare-dalla-croce-dio-e-amore-abbi-pieta\/","og_site_name":"Exaudi","article_publisher":"https:\/\/www.facebook.com\/ExaudiNews","article_author":"https:\/\/www.facebook.com\/ExaudiNotizie\/","article_published_time":"2026-03-29T17:03:09+00:00","og_image":[{"width":800,"height":533,"url":"https:\/\/exaudi.org\/wp-content\/uploads\/2026\/03\/cq5dam.web_.800.800-5.jpeg","type":"image\/jpeg"}],"author":"Exaudi Redazione","twitter_card":"summary_large_image","twitter_creator":"@Exaudi_Notizie","twitter_site":"@Exaudi_News","twitter_misc":{"Scritto da":"Exaudi Redazione","Tempo di lettura stimato":"4 minuti"},"schema":{"@context":"https:\/\/schema.org","@graph":[{"@type":"Article","@id":"https:\/\/exaudi.org\/it\/leone-xiv-cristo-re-della-pace-continua-a-gridare-dalla-croce-dio-e-amore-abbi-pieta\/#article","isPartOf":{"@id":"https:\/\/exaudi.org\/it\/leone-xiv-cristo-re-della-pace-continua-a-gridare-dalla-croce-dio-e-amore-abbi-pieta\/"},"author":{"name":"Exaudi Redazione","@id":"https:\/\/exaudi.org\/#\/schema\/person\/e1ab6ed07c01774724dd96f925f3a5f0"},"headline":"Leone XIV: Cristo, Re della Pace, continua a gridare dalla croce: Dio \u00e8 amore! Abbi piet\u00e0!","datePublished":"2026-03-29T17:03:09+00:00","mainEntityOfPage":{"@id":"https:\/\/exaudi.org\/it\/leone-xiv-cristo-re-della-pace-continua-a-gridare-dalla-croce-dio-e-amore-abbi-pieta\/"},"wordCount":771,"image":{"@id":"https:\/\/exaudi.org\/it\/leone-xiv-cristo-re-della-pace-continua-a-gridare-dalla-croce-dio-e-amore-abbi-pieta\/#primaryimage"},"thumbnailUrl":"https:\/\/exaudi.org\/wp-content\/uploads\/2026\/03\/cq5dam.web_.800.800-5.jpeg","keywords":["Cristo","Featured","Messa della Domenica delle Palme","Omelia","Re della Pace"],"inLanguage":"it-IT"},{"@type":"WebPage","@id":"https:\/\/exaudi.org\/it\/leone-xiv-cristo-re-della-pace-continua-a-gridare-dalla-croce-dio-e-amore-abbi-pieta\/","url":"https:\/\/exaudi.org\/it\/leone-xiv-cristo-re-della-pace-continua-a-gridare-dalla-croce-dio-e-amore-abbi-pieta\/","name":"Leone XIV: Cristo, Re della Pace, continua a gridare dalla croce: Dio \u00e8 amore! Abbi piet\u00e0! &#8211; Exaudi","isPartOf":{"@id":"https:\/\/exaudi.org\/#website"},"primaryImageOfPage":{"@id":"https:\/\/exaudi.org\/it\/leone-xiv-cristo-re-della-pace-continua-a-gridare-dalla-croce-dio-e-amore-abbi-pieta\/#primaryimage"},"image":{"@id":"https:\/\/exaudi.org\/it\/leone-xiv-cristo-re-della-pace-continua-a-gridare-dalla-croce-dio-e-amore-abbi-pieta\/#primaryimage"},"thumbnailUrl":"https:\/\/exaudi.org\/wp-content\/uploads\/2026\/03\/cq5dam.web_.800.800-5.jpeg","datePublished":"2026-03-29T17:03:09+00:00","author":{"@id":"https:\/\/exaudi.org\/#\/schema\/person\/e1ab6ed07c01774724dd96f925f3a5f0"},"breadcrumb":{"@id":"https:\/\/exaudi.org\/it\/leone-xiv-cristo-re-della-pace-continua-a-gridare-dalla-croce-dio-e-amore-abbi-pieta\/#breadcrumb"},"inLanguage":"it-IT","potentialAction":[{"@type":"ReadAction","target":["https:\/\/exaudi.org\/it\/leone-xiv-cristo-re-della-pace-continua-a-gridare-dalla-croce-dio-e-amore-abbi-pieta\/"]}]},{"@type":"ImageObject","inLanguage":"it-IT","@id":"https:\/\/exaudi.org\/it\/leone-xiv-cristo-re-della-pace-continua-a-gridare-dalla-croce-dio-e-amore-abbi-pieta\/#primaryimage","url":"https:\/\/exaudi.org\/wp-content\/uploads\/2026\/03\/cq5dam.web_.800.800-5.jpeg","contentUrl":"https:\/\/exaudi.org\/wp-content\/uploads\/2026\/03\/cq5dam.web_.800.800-5.jpeg","width":800,"height":533},{"@type":"BreadcrumbList","@id":"https:\/\/exaudi.org\/it\/leone-xiv-cristo-re-della-pace-continua-a-gridare-dalla-croce-dio-e-amore-abbi-pieta\/#breadcrumb","itemListElement":[{"@type":"ListItem","position":1,"name":"Portada","item":"https:\/\/exaudi.org\/it\/"},{"@type":"ListItem","position":2,"name":"Leone XIV: Cristo, Re della Pace, continua a gridare dalla croce: Dio \u00e8 amore! Abbi piet\u00e0!"}]},{"@type":"WebSite","@id":"https:\/\/exaudi.org\/#website","url":"https:\/\/exaudi.org\/","name":"Exaudi","description":"News","potentialAction":[{"@type":"SearchAction","target":{"@type":"EntryPoint","urlTemplate":"https:\/\/exaudi.org\/?s={search_term_string}"},"query-input":{"@type":"PropertyValueSpecification","valueRequired":true,"valueName":"search_term_string"}}],"inLanguage":"it-IT"},{"@type":"Person","@id":"https:\/\/exaudi.org\/#\/schema\/person\/e1ab6ed07c01774724dd96f925f3a5f0","name":"Exaudi Redazione","image":{"@type":"ImageObject","inLanguage":"it-IT","@id":"https:\/\/secure.gravatar.com\/avatar\/ad6774b3ada023bf5b939d64f45c94b3adf91502dd883507d469b4308a943bb3?s=96&d=mm&r=g","url":"https:\/\/secure.gravatar.com\/avatar\/ad6774b3ada023bf5b939d64f45c94b3adf91502dd883507d469b4308a943bb3?s=96&d=mm&r=g","contentUrl":"https:\/\/secure.gravatar.com\/avatar\/ad6774b3ada023bf5b939d64f45c94b3adf91502dd883507d469b4308a943bb3?s=96&d=mm&r=g","caption":"Exaudi Redazione"},"description":"Che cosa \u00e8 Exaudi News? Exaudi News \u00e8 un agenzia cattolica internazionale che informa, istruisce e trasforma quotidianamente in spagnolo, inglese e italiano. Attraverso notizie, articoli di analisi e trasmissioni in diretta degli eventi del Papa, Exaudi cerca di rafforzare l'unit\u00e0 dei cristiani e di contribuire all'evangelizzazione del mondo, sempre guidato dalla dottrina sociale della Chiesa. Lavoriamo per portare la verit\u00e0 e i valori cristiani in ogni angolo del pianeta. Aiutaci a trasformare il mondo con Exaudi! Noi di Exaudi crediamo che l'evangelizzazione e l'informazione di qualit\u00e0 possano cambiare la vita. Per continuare la nostra missione ed espandere la nostra portata, abbiamo bisogno del tuo aiuto. Stiamo anche cercando persone motivate che vogliano unirsi al nostro team. Grazie al vostro sostegno raggiungeremo pi\u00f9 persone, diffonderemo il messaggio di Cristo e rafforzeremo l'unit\u00e0 dei cristiani. Vuoi unirti alla nostra missione? Per maggiori informazioni su come contribuire, visita Exaudi.org\/it o contattaci direttamente: info@exaudi.org Exaudi: informa, forma e trasforma.","sameAs":["https:\/\/www.facebook.com\/ExaudiNotizie\/","https:\/\/www.instagram.com\/Exaudi_notizie\/","https:\/\/x.com\/Exaudi_Notizie","https:\/\/www.youtube.com\/@exaudicatholicnews"],"url":"https:\/\/exaudi.org\/it\/author\/dlvedi-org\/"}]}},"jetpack_featured_media_url":"https:\/\/exaudi.org\/wp-content\/uploads\/2026\/03\/cq5dam.web_.800.800-5.jpeg","jetpack_shortlink":"https:\/\/wp.me\/pgKjF2-Gzt","_links":{"self":[{"href":"https:\/\/exaudi.org\/it\/wp-json\/wp\/v2\/posts\/163647","targetHints":{"allow":["GET"]}}],"collection":[{"href":"https:\/\/exaudi.org\/it\/wp-json\/wp\/v2\/posts"}],"about":[{"href":"https:\/\/exaudi.org\/it\/wp-json\/wp\/v2\/types\/post"}],"author":[{"embeddable":true,"href":"https:\/\/exaudi.org\/it\/wp-json\/wp\/v2\/users\/17"}],"replies":[{"embeddable":true,"href":"https:\/\/exaudi.org\/it\/wp-json\/wp\/v2\/comments?post=163647"}],"version-history":[{"count":4,"href":"https:\/\/exaudi.org\/it\/wp-json\/wp\/v2\/posts\/163647\/revisions"}],"predecessor-version":[{"id":163651,"href":"https:\/\/exaudi.org\/it\/wp-json\/wp\/v2\/posts\/163647\/revisions\/163651"}],"wp:featuredmedia":[{"embeddable":true,"href":"https:\/\/exaudi.org\/it\/wp-json\/wp\/v2\/media\/163619"}],"wp:attachment":[{"href":"https:\/\/exaudi.org\/it\/wp-json\/wp\/v2\/media?parent=163647"}],"wp:term":[{"taxonomy":"category","embeddable":true,"href":"https:\/\/exaudi.org\/it\/wp-json\/wp\/v2\/categories?post=163647"},{"taxonomy":"post_tag","embeddable":true,"href":"https:\/\/exaudi.org\/it\/wp-json\/wp\/v2\/tags?post=163647"}],"curies":[{"name":"wp","href":"https:\/\/api.w.org\/{rel}","templated":true}]}}