{"id":163639,"date":"2026-03-29T18:52:02","date_gmt":"2026-03-29T16:52:02","guid":{"rendered":"https:\/\/exaudi.org\/?p=163639"},"modified":"2026-03-29T18:52:02","modified_gmt":"2026-03-29T16:52:02","slug":"riflessione-del-vescovo-enrique-diaz-benedetto-colui-che-viene-nel-nome-del-signore","status":"publish","type":"post","link":"https:\/\/exaudi.org\/it\/riflessione-del-vescovo-enrique-diaz-benedetto-colui-che-viene-nel-nome-del-signore\/","title":{"rendered":"Riflessione del Vescovo Enrique D\u00edaz: Benedetto colui che viene nel nome del Signore"},"content":{"rendered":"<p><span dir=\"auto\"><span dir=\"auto\" style=\"vertical-align: inherit\"><span dir=\"auto\" style=\"vertical-align: inherit\">Monsignor Enrique D\u00edaz D\u00edaz condivide con i lettori di Exaudi la sua riflessione sul\u00a0 <\/span><\/span><a href=\"https:\/\/www.dominicos.org\/predicacion\/homilia\/29-3-2026\/lecturas\/\" target=\"_blank\" rel=\"noopener\"><span dir=\"auto\" style=\"vertical-align: inherit\"><span dir=\"auto\" style=\"vertical-align: inherit\">Vangelo di questa domenica, 29 marzo 2026,<\/span><\/span><\/a>\u00a0\u00a0<\/span><span dir=\"auto\"><span dir=\"auto\" style=\"vertical-align: inherit\"><span dir=\"auto\" style=\"vertical-align: inherit\"> dal titolo:\u00a0 <\/span><\/span><em><span dir=\"auto\" style=\"vertical-align: inherit\"><span dir=\"auto\" style=\"vertical-align: inherit\">\u201cBenedetto colui che viene nel nome del Signore<\/span><\/span><\/em><\/span><em><span dir=\"auto\" style=\"vertical-align: inherit\"><span dir=\"auto\" style=\"vertical-align: inherit\"> \u201d .<\/span><\/span><\/em><\/p>\n<p><span dir=\"auto\" style=\"vertical-align: inherit\"><span dir=\"auto\" style=\"vertical-align: inherit\">***<\/span><\/span><\/p>\n<p><span dir=\"auto\" style=\"vertical-align: inherit\"><span dir=\"auto\" style=\"vertical-align: inherit\">Matteo 21:1-11:\u00a0 <\/span><\/span><em><span dir=\"auto\" style=\"vertical-align: inherit\"><span dir=\"auto\" style=\"vertical-align: inherit\">\u00abBenedetto colui che viene nel nome del Signore\u00bb.<\/span><\/span><\/em><\/p>\n<p><span dir=\"auto\" style=\"vertical-align: inherit\"><span dir=\"auto\" style=\"vertical-align: inherit\">Isaia 50:4-7:\u00a0 <\/span><\/span><em><span dir=\"auto\" style=\"vertical-align: inherit\"><span dir=\"auto\" style=\"vertical-align: inherit\">\u00abNon ho distolto il mio volto dalle offese, e so che non sar\u00f2 svergognato\u00bb.<\/span><\/span><\/em><\/p>\n<p><span dir=\"auto\" style=\"vertical-align: inherit\"><span dir=\"auto\" style=\"vertical-align: inherit\">Salmo:\u00a0 <\/span><\/span><em><span dir=\"auto\" style=\"vertical-align: inherit\"><span dir=\"auto\" style=\"vertical-align: inherit\">\u00abDio mio, Dio mio, perch\u00e9 mi hai abbandonato?\u00bb<\/span><\/span><\/em><\/p>\n<p><span dir=\"auto\" style=\"vertical-align: inherit\"><span dir=\"auto\" style=\"vertical-align: inherit\">Filippesi 2:6-11:\u00a0 <\/span><\/span><em><span dir=\"auto\" style=\"vertical-align: inherit\"><span dir=\"auto\" style=\"vertical-align: inherit\">Cristo si \u00e8 umiliato, e per questo Dio lo ha esaltato.<\/span><\/span><\/em><\/p>\n<p><span dir=\"auto\" style=\"vertical-align: inherit\"><span dir=\"auto\" style=\"vertical-align: inherit\">Passione di Nostro Signore Ges\u00f9 Cristo secondo san Matteo (26, 14- 27, 66)<\/span><\/span><\/p>\n<p><span dir=\"auto\" style=\"vertical-align: inherit\"><span dir=\"auto\" style=\"vertical-align: inherit\">Che cosa dice l&#8217;immagine di Ges\u00f9, piccolo, umile, a cavallo di un asino, a un mondo di tecnologia, potere, ambizione, terrorismo e arroganza? I rami di palma colti al suo passaggio, i mantelli offerti generosamente e i cuori pronti ad accogliere Ges\u00f9 potrebbero essere i segni autentici di un mondo che, come Sion, cerca la pace, la verit\u00e0 e la giustizia.<\/span><\/span><\/p>\n<p><span dir=\"auto\" style=\"vertical-align: inherit\"><span dir=\"auto\" style=\"vertical-align: inherit\">Ges\u00f9 \u00e8 l&#8217;unico re che pu\u00f2 donarci la pace. San Matteo narra di una singola visita di Ges\u00f9 a Gerusalemme, ponendola al centro di tutta la sua attivit\u00e0 evangelizzatrice e come manifestazione della sua vera identit\u00e0 messianica. L&#8217;immagine di Ges\u00f9 a cavallo di un asino dovrebbe essere in netto contrasto con le grida di giubilo che lo proclamano Figlio di Davide. Tutte le aspettative che indicavano il Messia come un re potente e forte, che con spada e lancia avrebbe liberato Israele da tutti i suoi nemici, vengono quasi ridicolizzate quando Ges\u00f9 appare\u00a0 <\/span><\/span><em><span dir=\"auto\" style=\"vertical-align: inherit\"><span dir=\"auto\" style=\"vertical-align: inherit\">&#8220;a cavallo di un asino, un puledro, il figlio di un animale da tiro&#8221;.<\/span><\/span><\/em><span dir=\"auto\" style=\"vertical-align: inherit\"><span dir=\"auto\" style=\"vertical-align: inherit\"> \u00a0 E mentre da un lato Sion \u00e8 incoraggiata dall&#8217;annuncio della venuta del &#8220;suo re&#8221;, colui che le porter\u00e0 la vera pace, dall&#8217;altro tutta l&#8217;umilt\u00e0 e la semplicit\u00e0 con cui Ges\u00f9 entra a Gerusalemme ci rivelano la vera via per la pace. Ges\u00f9 offre una manifestazione del suo status di Re-Messia, non con l&#8217;aria trionfante dei vincitori, ma in uno spirito di pace, con la semplicit\u00e0 di chi viene a servire il suo popolo. L&#8217;ingresso di Ges\u00f9 a Gerusalemme e nelle nostre comunit\u00e0 solleva interrogativi sul significato della sua presenza e della sua missione in mezzo a noi: come stiamo costruendo la pace? Lo stiamo facendo attraverso la denigrazione, le minacce e la vendetta? Oppure lo stiamo facendo dall&#8217;interno, attraverso il servizio e restituendo valore a ogni persona?<\/span><\/span><\/p>\n<p><span dir=\"auto\" style=\"vertical-align: inherit\"><span dir=\"auto\" style=\"vertical-align: inherit\">Il Cristo delle Palme e gli Osanna sono contraddittori e paradossali. La Domenica delle Palme si presenta come un giorno pieno di contrasti, di luce e ombra, dal sapore agrodolce. Un attimo prima le nostre strade risuonano di grida di\u00a0 <\/span><\/span><em><span dir=\"auto\" style=\"vertical-align: inherit\"><span dir=\"auto\" style=\"vertical-align: inherit\">&#8220;Viva Cristo Re! Osanna al Figlio di Davide!&#8221;<\/span><\/span><\/em><span dir=\"auto\" style=\"vertical-align: inherit\"><span dir=\"auto\" style=\"vertical-align: inherit\"> e un attimo dopo le tragiche parole della Passione riecheggiano nelle nostre chiese, e gli eventi si susseguono passo dopo passo: il tradimento, il bacio del tradimento, il rinnegamento di Pietro, le derisioni dei soldati e le acclamazioni ironiche di\u00a0 <\/span><\/span><em><span dir=\"auto\" style=\"vertical-align: inherit\"><span dir=\"auto\" style=\"vertical-align: inherit\">&#8220;Viva il Re dei Giudei!&#8221;,\u00a0<\/span><\/span><\/em><span dir=\"auto\" style=\"vertical-align: inherit\"><span dir=\"auto\" style=\"vertical-align: inherit\"> le grida di\u00a0 <\/span><\/span><em><span dir=\"auto\" style=\"vertical-align: inherit\"><span dir=\"auto\" style=\"vertical-align: inherit\">&#8220;Crocifiggilo!&#8221;,<\/span><\/span><\/em><span dir=\"auto\" style=\"vertical-align: inherit\"><span dir=\"auto\" style=\"vertical-align: inherit\"> \u00a0fino all&#8217;ultimo grido sulla croce:\u00a0 <\/span><\/span><em><span dir=\"auto\" style=\"vertical-align: inherit\"><span dir=\"auto\" style=\"vertical-align: inherit\">&#8220;Dio mio, Dio mio, perch\u00e9 mi hai abbandonato?&#8221;,\u00a0<\/span><\/span><\/em><span dir=\"auto\" style=\"vertical-align: inherit\"><span dir=\"auto\" style=\"vertical-align: inherit\"> mentre Ges\u00f9, con un forte grido, esala l&#8217;ultimo respiro. \u00c8 la dolorosa realt\u00e0 che si manifesta quotidianamente nelle nostre vite. Da un lato, l&#8217;umanit\u00e0 \u00e8 esaltata e lodata, dall&#8217;altro, disprezzata, torturata e annientata. Sentiamo proclamazioni di diritti umani, esaltazioni di rispetto e uguaglianza per le donne, appassionate difese dei bambini e dei poveri, eppure i notiziari riportano abusi, droga, stupri, rapimenti e tratta di esseri umani. \u00c8 la passione di Ges\u00f9 che si manifesta ogni giorno nella persona di ogni uomo e di ogni donna.<\/span><\/span><\/p>\n<p><span dir=\"auto\" style=\"vertical-align: inherit\"><span dir=\"auto\" style=\"vertical-align: inherit\">La realt\u00e0 umana vissuta da Ges\u00f9 assume il volto e il dolore di ogni fratello e sorella, abbracciandola per salvarli, per dare loro un vero significato e per condurli alla vera libert\u00e0, al di l\u00e0 delle mere aspettative umane ed economiche. Gli eventi di quel giorno, ci\u00f2 che accadde in quella settimana, non sono storia del passato; sono una sorta di profezia e un&#8217;anticipazione di tutto ci\u00f2 che accade sempre nel mondo e nella nostra storia. Il contesto \u00e8 irrilevante. Tutte le situazioni della nostra vita riflettono la Passione: al centro, troveremo sempre un uomo, Cristo-oggi, vittima di ingiustizia, solitudine, tradimento, indifferenza e assenza d&#8217;amore. E gli attori saranno sempre gli stessi, forse con qualche lieve differenza: Erode che condanna, Pilato che si lava le mani, Pietro che rinnega l&#8217;amico per paura dell&#8217;impegno, la fuga, il bacio del tradimento&#8230; la folla che un momento loda ed esalta, e quello dopo deride, condanna e insulta. Gli attori della rappresentazione mi hanno suggerito una volta che potremmo scambiarci un po&#8217; i ruoli. Potremmo sperare di trovare un Pilato che non si lavi le mani della questione, o un Erode che cerchi veramente la giustizia; un Pietro che non fugga ma dichiari chiaramente: &#8220;S\u00ec, lo conosco, \u00e8 mio amico&#8221;; discepoli che, superando le proprie paure, non si allontanino vigliaccamente ma restino saldi nella lotta contro l&#8217;ingiustizia. E oggi abbiamo questa possibilit\u00e0: cambiare la storia&#8230; con le nostre vite!<\/span><\/span><\/p>\n<p><span dir=\"auto\" style=\"vertical-align: inherit\"><span dir=\"auto\" style=\"vertical-align: inherit\">Domenica delle Palme, Settimana Santa\u2026 \u00e8 la storia di Cristo incarnato nell&#8217;umanit\u00e0, con la possibilit\u00e0 per noi di cambiare le nostre circostanze e unirci a Ges\u00f9, Figlio di Davide, nella sua missione di pace e amore. Certo, dobbiamo cambiare il nostro atteggiamento e abbracciare l&#8217;esempio di Ges\u00f9, che si dona mentre altri fuggono; che dona la sua vita mentre altri prendono le armi; che perdona mentre altri sono pieni d&#8217;odio. La Settimana Santa va vissuta in quest&#8217;atmosfera del grande amore di Ges\u00f9, ma al tempo stesso deve essere vissuta come una potente protesta contro gli attacchi alla dignit\u00e0 umana. Non possiamo vivere la Settimana Santa senza impegno, senza prenderci cura dei nostri fratelli e sorelle. Possa ogni parola di Ges\u00f9 trovare eco nei nostri cuori. In questo giorno e in questa Settimana Santa, lasciamoci riempire dall&#8217;amore di Ges\u00f9, custodiamo nei nostri cuori le sue parole, le sue azioni e i suoi insegnamenti. Ci sar\u00e0 tempo per ascoltare Ges\u00f9? Ci sar\u00e0 tempo per accogliere la manifestazione del suo amore per noi? Saremo troppo occupati? Lo lasceremo morire solo, in prigione, di fame e di abbandono? Settimana Santa: tempo di Ges\u00f9 e tempo del vero uomo.<\/span><\/span><\/p>\n<p><em><span dir=\"auto\" style=\"vertical-align: inherit\"><span dir=\"auto\" style=\"vertical-align: inherit\">Buon Padre, che ci hai donato tuo Figlio, nostro Salvatore, come nostro modello, fattosi uomo, umiliato fino alla morte sulla croce, concedici che, partecipando pienamente alla sua Passione, possiamo manifestare e vivere la nostra fede nella sua Risurrezione. Amen.<\/span><\/span><\/em><\/p>\n","protected":false},"excerpt":{"rendered":"<p>Domenica delle Palme, 29 marzo 2026<\/p>\n","protected":false},"author":25,"featured_media":163611,"comment_status":"closed","ping_status":"closed","sticky":false,"template":"","format":"standard","meta":{"_acf_changed":false,"_crdt_document":"","inline_featured_image":false,"footnotes":""},"categories":[73,95],"tags":[1265,10963,10964,64787,706],"class_list":["post-163639","post","type-post","status-publish","format-standard","has-post-thumbnail","hentry","category-chiesa-e-mondo","category-spiritualita","tag-domenica-delle-palme","tag-enrique-diaz-2","tag-riflessione","tag-trending-it-236","tag-vangelo"],"acf":[],"yoast_head":"<!-- This site is optimized with the Yoast SEO plugin v27.5 - https:\/\/yoast.com\/product\/yoast-seo-wordpress\/ -->\n<title>Riflessione del Vescovo Enrique D\u00edaz: Benedetto colui che viene nel nome del Signore &#8211; Exaudi<\/title>\n<meta name=\"robots\" content=\"index, follow, max-snippet:-1, max-image-preview:large, max-video-preview:-1\" \/>\n<link rel=\"canonical\" href=\"https:\/\/exaudi.org\/it\/riflessione-del-vescovo-enrique-diaz-benedetto-colui-che-viene-nel-nome-del-signore\/\" \/>\n<meta property=\"og:locale\" content=\"it_IT\" \/>\n<meta property=\"og:type\" content=\"article\" \/>\n<meta property=\"og:title\" content=\"Riflessione del Vescovo Enrique D\u00edaz: Benedetto colui che viene nel nome del Signore &#8211; Exaudi\" \/>\n<meta property=\"og:description\" content=\"Domenica delle Palme, 29 marzo 2026\" \/>\n<meta property=\"og:url\" content=\"https:\/\/exaudi.org\/it\/riflessione-del-vescovo-enrique-diaz-benedetto-colui-che-viene-nel-nome-del-signore\/\" \/>\n<meta property=\"og:site_name\" content=\"Exaudi\" \/>\n<meta property=\"article:publisher\" content=\"https:\/\/www.facebook.com\/ExaudiNews\" \/>\n<meta property=\"article:published_time\" content=\"2026-03-29T16:52:02+00:00\" \/>\n<meta property=\"og:image\" content=\"https:\/\/exaudi.org\/wp-content\/uploads\/2026\/03\/palm-4934832_1280.jpg\" \/>\n\t<meta property=\"og:image:width\" content=\"1280\" \/>\n\t<meta property=\"og:image:height\" content=\"851\" \/>\n\t<meta property=\"og:image:type\" content=\"image\/jpeg\" \/>\n<meta name=\"author\" content=\"Enrique D\u00edaz\" \/>\n<meta name=\"twitter:card\" content=\"summary_large_image\" \/>\n<meta name=\"twitter:creator\" content=\"@Exaudi_News\" \/>\n<meta name=\"twitter:site\" content=\"@Exaudi_News\" \/>\n<meta name=\"twitter:label1\" content=\"Scritto da\" \/>\n\t<meta name=\"twitter:data1\" content=\"Enrique D\u00edaz\" \/>\n\t<meta name=\"twitter:label2\" content=\"Tempo di lettura stimato\" \/>\n\t<meta name=\"twitter:data2\" content=\"5 minuti\" \/>\n<script type=\"application\/ld+json\" class=\"yoast-schema-graph\">{\"@context\":\"https:\\\/\\\/schema.org\",\"@graph\":[{\"@type\":\"Article\",\"@id\":\"https:\\\/\\\/exaudi.org\\\/it\\\/riflessione-del-vescovo-enrique-diaz-benedetto-colui-che-viene-nel-nome-del-signore\\\/#article\",\"isPartOf\":{\"@id\":\"https:\\\/\\\/exaudi.org\\\/it\\\/riflessione-del-vescovo-enrique-diaz-benedetto-colui-che-viene-nel-nome-del-signore\\\/\"},\"author\":{\"name\":\"Enrique D\u00edaz\",\"@id\":\"https:\\\/\\\/exaudi.org\\\/#\\\/schema\\\/person\\\/c02ffbd10830fa375f6882f7dcf1844d\"},\"headline\":\"Riflessione del Vescovo Enrique D\u00edaz: Benedetto colui che viene nel nome del Signore\",\"datePublished\":\"2026-03-29T16:52:02+00:00\",\"mainEntityOfPage\":{\"@id\":\"https:\\\/\\\/exaudi.org\\\/it\\\/riflessione-del-vescovo-enrique-diaz-benedetto-colui-che-viene-nel-nome-del-signore\\\/\"},\"wordCount\":1075,\"image\":{\"@id\":\"https:\\\/\\\/exaudi.org\\\/it\\\/riflessione-del-vescovo-enrique-diaz-benedetto-colui-che-viene-nel-nome-del-signore\\\/#primaryimage\"},\"thumbnailUrl\":\"https:\\\/\\\/exaudi.org\\\/wp-content\\\/uploads\\\/2026\\\/03\\\/palm-4934832_1280.jpg\",\"keywords\":[\"Domenica delle Palme\",\"ENRIQUE D\u00cdAZ\",\"RIFLESSIONE\",\"Trending\",\"Vangelo\"],\"articleSection\":[\"Chiesa e Mondo\",\"Spiritualit\u00e0\"],\"inLanguage\":\"it-IT\"},{\"@type\":\"WebPage\",\"@id\":\"https:\\\/\\\/exaudi.org\\\/it\\\/riflessione-del-vescovo-enrique-diaz-benedetto-colui-che-viene-nel-nome-del-signore\\\/\",\"url\":\"https:\\\/\\\/exaudi.org\\\/it\\\/riflessione-del-vescovo-enrique-diaz-benedetto-colui-che-viene-nel-nome-del-signore\\\/\",\"name\":\"Riflessione del Vescovo Enrique D\u00edaz: Benedetto colui che viene nel nome del Signore &#8211; Exaudi\",\"isPartOf\":{\"@id\":\"https:\\\/\\\/exaudi.org\\\/#website\"},\"primaryImageOfPage\":{\"@id\":\"https:\\\/\\\/exaudi.org\\\/it\\\/riflessione-del-vescovo-enrique-diaz-benedetto-colui-che-viene-nel-nome-del-signore\\\/#primaryimage\"},\"image\":{\"@id\":\"https:\\\/\\\/exaudi.org\\\/it\\\/riflessione-del-vescovo-enrique-diaz-benedetto-colui-che-viene-nel-nome-del-signore\\\/#primaryimage\"},\"thumbnailUrl\":\"https:\\\/\\\/exaudi.org\\\/wp-content\\\/uploads\\\/2026\\\/03\\\/palm-4934832_1280.jpg\",\"datePublished\":\"2026-03-29T16:52:02+00:00\",\"author\":{\"@id\":\"https:\\\/\\\/exaudi.org\\\/#\\\/schema\\\/person\\\/c02ffbd10830fa375f6882f7dcf1844d\"},\"breadcrumb\":{\"@id\":\"https:\\\/\\\/exaudi.org\\\/it\\\/riflessione-del-vescovo-enrique-diaz-benedetto-colui-che-viene-nel-nome-del-signore\\\/#breadcrumb\"},\"inLanguage\":\"it-IT\",\"potentialAction\":[{\"@type\":\"ReadAction\",\"target\":[\"https:\\\/\\\/exaudi.org\\\/it\\\/riflessione-del-vescovo-enrique-diaz-benedetto-colui-che-viene-nel-nome-del-signore\\\/\"]}]},{\"@type\":\"ImageObject\",\"inLanguage\":\"it-IT\",\"@id\":\"https:\\\/\\\/exaudi.org\\\/it\\\/riflessione-del-vescovo-enrique-diaz-benedetto-colui-che-viene-nel-nome-del-signore\\\/#primaryimage\",\"url\":\"https:\\\/\\\/exaudi.org\\\/wp-content\\\/uploads\\\/2026\\\/03\\\/palm-4934832_1280.jpg\",\"contentUrl\":\"https:\\\/\\\/exaudi.org\\\/wp-content\\\/uploads\\\/2026\\\/03\\\/palm-4934832_1280.jpg\",\"width\":1280,\"height\":851},{\"@type\":\"BreadcrumbList\",\"@id\":\"https:\\\/\\\/exaudi.org\\\/it\\\/riflessione-del-vescovo-enrique-diaz-benedetto-colui-che-viene-nel-nome-del-signore\\\/#breadcrumb\",\"itemListElement\":[{\"@type\":\"ListItem\",\"position\":1,\"name\":\"Portada\",\"item\":\"https:\\\/\\\/exaudi.org\\\/it\\\/\"},{\"@type\":\"ListItem\",\"position\":2,\"name\":\"Riflessione del Vescovo Enrique D\u00edaz: Benedetto colui che viene nel nome del Signore\"}]},{\"@type\":\"WebSite\",\"@id\":\"https:\\\/\\\/exaudi.org\\\/#website\",\"url\":\"https:\\\/\\\/exaudi.org\\\/\",\"name\":\"Exaudi\",\"description\":\"News\",\"potentialAction\":[{\"@type\":\"SearchAction\",\"target\":{\"@type\":\"EntryPoint\",\"urlTemplate\":\"https:\\\/\\\/exaudi.org\\\/?s={search_term_string}\"},\"query-input\":{\"@type\":\"PropertyValueSpecification\",\"valueRequired\":true,\"valueName\":\"search_term_string\"}}],\"inLanguage\":\"it-IT\"},{\"@type\":\"Person\",\"@id\":\"https:\\\/\\\/exaudi.org\\\/#\\\/schema\\\/person\\\/c02ffbd10830fa375f6882f7dcf1844d\",\"name\":\"Enrique D\u00edaz\",\"image\":{\"@type\":\"ImageObject\",\"inLanguage\":\"it-IT\",\"@id\":\"https:\\\/\\\/secure.gravatar.com\\\/avatar\\\/7ca10be5325a95d04b74082d68ba605aa69611eb0f68f47096cb1bc349873284?s=96&d=mm&r=g\",\"url\":\"https:\\\/\\\/secure.gravatar.com\\\/avatar\\\/7ca10be5325a95d04b74082d68ba605aa69611eb0f68f47096cb1bc349873284?s=96&d=mm&r=g\",\"contentUrl\":\"https:\\\/\\\/secure.gravatar.com\\\/avatar\\\/7ca10be5325a95d04b74082d68ba605aa69611eb0f68f47096cb1bc349873284?s=96&d=mm&r=g\",\"caption\":\"Enrique D\u00edaz\"},\"description\":\"Naci\u00f3 en Huandacareo, Michoac\u00e1n, M\u00e9xico, en 1952. Realiz\u00f3 sus estudios de Filosof\u00eda y Teolog\u00eda en el Seminario de Morelia. Ordenado di\u00e1cono el 22 de mayo de 1977, y presb\u00edtero el 23 de octubre del mismo a\u00f1o. Obtuvo la Licenciatura en Sagrada Escritura en el Pontificio Instituto B\u00edblico en Roma. Ha desarrollado m\u00faltiples encargos pastorales como el de capell\u00e1n de la rector\u00eda de las Tres Aves Mar\u00edas; responsable de la Pastoral B\u00edblica Diocesana y director de la Escuela B\u00edblica en Morelia; maestro de Biblia en el Seminario Conciliar de Morelia, p\u00e1rroco de la Parroquia de Nuestra Se\u00f1ora de Guadalupe, Col. Guadalupe, Morelia; o vicario episcopal para la Zona de Nuestra Se\u00f1ora de la Luz, P\u00e1tzcuaro. Ordenado obispo auxiliar de san Crist\u00f3bal de las Casas en 2003. En la Conferencia Episcopal form\u00f3 parte de las Comisiones de Biblia, Diaconado y Ministerios Laicales. Fue responsable de las Dimensiones de Ministerios Laicales, de Educaci\u00f3n y Cultura. Ha participado en encuentros latinoamericanos y mundiales sobre el Diaconado Permanente. Actualmente es el responsable de la Dimensi\u00f3n de Pastoral de la Cultura. Particip\u00f3 como Miembro del S\u00ednodo de Obispos sobre la Palabra de Dios en la Vida y Misi\u00f3n de la Iglesia en Roma, en 2008. Recibi\u00f3 el nombramiento de obispo coadjutor de San Crist\u00f3bal de las Casas en 2014. Nombrado II obispo de Irapuato el d\u00eda 11 de marzo, tom\u00f3 posesi\u00f3n el 19 de Mayo. Colabora en varias revistas y publicaciones sobre todo con la reflexi\u00f3n diaria y dominical tanto en audio como escrita.\",\"url\":\"https:\\\/\\\/exaudi.org\\\/it\\\/author\\\/enriquediaz\\\/\"}]}<\/script>\n<!-- \/ Yoast SEO plugin. -->","yoast_head_json":{"title":"Riflessione del Vescovo Enrique D\u00edaz: Benedetto colui che viene nel nome del Signore &#8211; Exaudi","robots":{"index":"index","follow":"follow","max-snippet":"max-snippet:-1","max-image-preview":"max-image-preview:large","max-video-preview":"max-video-preview:-1"},"canonical":"https:\/\/exaudi.org\/it\/riflessione-del-vescovo-enrique-diaz-benedetto-colui-che-viene-nel-nome-del-signore\/","og_locale":"it_IT","og_type":"article","og_title":"Riflessione del Vescovo Enrique D\u00edaz: Benedetto colui che viene nel nome del Signore &#8211; Exaudi","og_description":"Domenica delle Palme, 29 marzo 2026","og_url":"https:\/\/exaudi.org\/it\/riflessione-del-vescovo-enrique-diaz-benedetto-colui-che-viene-nel-nome-del-signore\/","og_site_name":"Exaudi","article_publisher":"https:\/\/www.facebook.com\/ExaudiNews","article_published_time":"2026-03-29T16:52:02+00:00","og_image":[{"width":1280,"height":851,"url":"https:\/\/exaudi.org\/wp-content\/uploads\/2026\/03\/palm-4934832_1280.jpg","type":"image\/jpeg"}],"author":"Enrique D\u00edaz","twitter_card":"summary_large_image","twitter_creator":"@Exaudi_News","twitter_site":"@Exaudi_News","twitter_misc":{"Scritto da":"Enrique D\u00edaz","Tempo di lettura stimato":"5 minuti"},"schema":{"@context":"https:\/\/schema.org","@graph":[{"@type":"Article","@id":"https:\/\/exaudi.org\/it\/riflessione-del-vescovo-enrique-diaz-benedetto-colui-che-viene-nel-nome-del-signore\/#article","isPartOf":{"@id":"https:\/\/exaudi.org\/it\/riflessione-del-vescovo-enrique-diaz-benedetto-colui-che-viene-nel-nome-del-signore\/"},"author":{"name":"Enrique D\u00edaz","@id":"https:\/\/exaudi.org\/#\/schema\/person\/c02ffbd10830fa375f6882f7dcf1844d"},"headline":"Riflessione del Vescovo Enrique D\u00edaz: Benedetto colui che viene nel nome del Signore","datePublished":"2026-03-29T16:52:02+00:00","mainEntityOfPage":{"@id":"https:\/\/exaudi.org\/it\/riflessione-del-vescovo-enrique-diaz-benedetto-colui-che-viene-nel-nome-del-signore\/"},"wordCount":1075,"image":{"@id":"https:\/\/exaudi.org\/it\/riflessione-del-vescovo-enrique-diaz-benedetto-colui-che-viene-nel-nome-del-signore\/#primaryimage"},"thumbnailUrl":"https:\/\/exaudi.org\/wp-content\/uploads\/2026\/03\/palm-4934832_1280.jpg","keywords":["Domenica delle Palme","ENRIQUE D\u00cdAZ","RIFLESSIONE","Trending","Vangelo"],"articleSection":["Chiesa e Mondo","Spiritualit\u00e0"],"inLanguage":"it-IT"},{"@type":"WebPage","@id":"https:\/\/exaudi.org\/it\/riflessione-del-vescovo-enrique-diaz-benedetto-colui-che-viene-nel-nome-del-signore\/","url":"https:\/\/exaudi.org\/it\/riflessione-del-vescovo-enrique-diaz-benedetto-colui-che-viene-nel-nome-del-signore\/","name":"Riflessione del Vescovo Enrique D\u00edaz: Benedetto colui che viene nel nome del Signore &#8211; Exaudi","isPartOf":{"@id":"https:\/\/exaudi.org\/#website"},"primaryImageOfPage":{"@id":"https:\/\/exaudi.org\/it\/riflessione-del-vescovo-enrique-diaz-benedetto-colui-che-viene-nel-nome-del-signore\/#primaryimage"},"image":{"@id":"https:\/\/exaudi.org\/it\/riflessione-del-vescovo-enrique-diaz-benedetto-colui-che-viene-nel-nome-del-signore\/#primaryimage"},"thumbnailUrl":"https:\/\/exaudi.org\/wp-content\/uploads\/2026\/03\/palm-4934832_1280.jpg","datePublished":"2026-03-29T16:52:02+00:00","author":{"@id":"https:\/\/exaudi.org\/#\/schema\/person\/c02ffbd10830fa375f6882f7dcf1844d"},"breadcrumb":{"@id":"https:\/\/exaudi.org\/it\/riflessione-del-vescovo-enrique-diaz-benedetto-colui-che-viene-nel-nome-del-signore\/#breadcrumb"},"inLanguage":"it-IT","potentialAction":[{"@type":"ReadAction","target":["https:\/\/exaudi.org\/it\/riflessione-del-vescovo-enrique-diaz-benedetto-colui-che-viene-nel-nome-del-signore\/"]}]},{"@type":"ImageObject","inLanguage":"it-IT","@id":"https:\/\/exaudi.org\/it\/riflessione-del-vescovo-enrique-diaz-benedetto-colui-che-viene-nel-nome-del-signore\/#primaryimage","url":"https:\/\/exaudi.org\/wp-content\/uploads\/2026\/03\/palm-4934832_1280.jpg","contentUrl":"https:\/\/exaudi.org\/wp-content\/uploads\/2026\/03\/palm-4934832_1280.jpg","width":1280,"height":851},{"@type":"BreadcrumbList","@id":"https:\/\/exaudi.org\/it\/riflessione-del-vescovo-enrique-diaz-benedetto-colui-che-viene-nel-nome-del-signore\/#breadcrumb","itemListElement":[{"@type":"ListItem","position":1,"name":"Portada","item":"https:\/\/exaudi.org\/it\/"},{"@type":"ListItem","position":2,"name":"Riflessione del Vescovo Enrique D\u00edaz: Benedetto colui che viene nel nome del Signore"}]},{"@type":"WebSite","@id":"https:\/\/exaudi.org\/#website","url":"https:\/\/exaudi.org\/","name":"Exaudi","description":"News","potentialAction":[{"@type":"SearchAction","target":{"@type":"EntryPoint","urlTemplate":"https:\/\/exaudi.org\/?s={search_term_string}"},"query-input":{"@type":"PropertyValueSpecification","valueRequired":true,"valueName":"search_term_string"}}],"inLanguage":"it-IT"},{"@type":"Person","@id":"https:\/\/exaudi.org\/#\/schema\/person\/c02ffbd10830fa375f6882f7dcf1844d","name":"Enrique D\u00edaz","image":{"@type":"ImageObject","inLanguage":"it-IT","@id":"https:\/\/secure.gravatar.com\/avatar\/7ca10be5325a95d04b74082d68ba605aa69611eb0f68f47096cb1bc349873284?s=96&d=mm&r=g","url":"https:\/\/secure.gravatar.com\/avatar\/7ca10be5325a95d04b74082d68ba605aa69611eb0f68f47096cb1bc349873284?s=96&d=mm&r=g","contentUrl":"https:\/\/secure.gravatar.com\/avatar\/7ca10be5325a95d04b74082d68ba605aa69611eb0f68f47096cb1bc349873284?s=96&d=mm&r=g","caption":"Enrique D\u00edaz"},"description":"Naci\u00f3 en Huandacareo, Michoac\u00e1n, M\u00e9xico, en 1952. Realiz\u00f3 sus estudios de Filosof\u00eda y Teolog\u00eda en el Seminario de Morelia. Ordenado di\u00e1cono el 22 de mayo de 1977, y presb\u00edtero el 23 de octubre del mismo a\u00f1o. Obtuvo la Licenciatura en Sagrada Escritura en el Pontificio Instituto B\u00edblico en Roma. Ha desarrollado m\u00faltiples encargos pastorales como el de capell\u00e1n de la rector\u00eda de las Tres Aves Mar\u00edas; responsable de la Pastoral B\u00edblica Diocesana y director de la Escuela B\u00edblica en Morelia; maestro de Biblia en el Seminario Conciliar de Morelia, p\u00e1rroco de la Parroquia de Nuestra Se\u00f1ora de Guadalupe, Col. Guadalupe, Morelia; o vicario episcopal para la Zona de Nuestra Se\u00f1ora de la Luz, P\u00e1tzcuaro. Ordenado obispo auxiliar de san Crist\u00f3bal de las Casas en 2003. En la Conferencia Episcopal form\u00f3 parte de las Comisiones de Biblia, Diaconado y Ministerios Laicales. Fue responsable de las Dimensiones de Ministerios Laicales, de Educaci\u00f3n y Cultura. Ha participado en encuentros latinoamericanos y mundiales sobre el Diaconado Permanente. Actualmente es el responsable de la Dimensi\u00f3n de Pastoral de la Cultura. Particip\u00f3 como Miembro del S\u00ednodo de Obispos sobre la Palabra de Dios en la Vida y Misi\u00f3n de la Iglesia en Roma, en 2008. Recibi\u00f3 el nombramiento de obispo coadjutor de San Crist\u00f3bal de las Casas en 2014. Nombrado II obispo de Irapuato el d\u00eda 11 de marzo, tom\u00f3 posesi\u00f3n el 19 de Mayo. Colabora en varias revistas y publicaciones sobre todo con la reflexi\u00f3n diaria y dominical tanto en audio como escrita.","url":"https:\/\/exaudi.org\/it\/author\/enriquediaz\/"}]}},"jetpack_featured_media_url":"https:\/\/exaudi.org\/wp-content\/uploads\/2026\/03\/palm-4934832_1280.jpg","jetpack_shortlink":"https:\/\/wp.me\/pgKjF2-Gzl","_links":{"self":[{"href":"https:\/\/exaudi.org\/it\/wp-json\/wp\/v2\/posts\/163639","targetHints":{"allow":["GET"]}}],"collection":[{"href":"https:\/\/exaudi.org\/it\/wp-json\/wp\/v2\/posts"}],"about":[{"href":"https:\/\/exaudi.org\/it\/wp-json\/wp\/v2\/types\/post"}],"author":[{"embeddable":true,"href":"https:\/\/exaudi.org\/it\/wp-json\/wp\/v2\/users\/25"}],"replies":[{"embeddable":true,"href":"https:\/\/exaudi.org\/it\/wp-json\/wp\/v2\/comments?post=163639"}],"version-history":[{"count":3,"href":"https:\/\/exaudi.org\/it\/wp-json\/wp\/v2\/posts\/163639\/revisions"}],"predecessor-version":[{"id":163642,"href":"https:\/\/exaudi.org\/it\/wp-json\/wp\/v2\/posts\/163639\/revisions\/163642"}],"wp:featuredmedia":[{"embeddable":true,"href":"https:\/\/exaudi.org\/it\/wp-json\/wp\/v2\/media\/163611"}],"wp:attachment":[{"href":"https:\/\/exaudi.org\/it\/wp-json\/wp\/v2\/media?parent=163639"}],"wp:term":[{"taxonomy":"category","embeddable":true,"href":"https:\/\/exaudi.org\/it\/wp-json\/wp\/v2\/categories?post=163639"},{"taxonomy":"post_tag","embeddable":true,"href":"https:\/\/exaudi.org\/it\/wp-json\/wp\/v2\/tags?post=163639"}],"curies":[{"name":"wp","href":"https:\/\/api.w.org\/{rel}","templated":true}]}}