{"id":16356,"date":"2021-05-12T13:07:04","date_gmt":"2021-05-12T11:07:04","guid":{"rendered":"https:\/\/exaudi.org\/?p=16356"},"modified":"2021-05-12T13:10:43","modified_gmt":"2021-05-12T11:10:43","slug":"la-preghiera-cristiana-non-e-una-passeggiata","status":"publish","type":"post","link":"https:\/\/exaudi.org\/it\/la-preghiera-cristiana-non-e-una-passeggiata\/","title":{"rendered":"&#8220;La preghiera cristiana non \u00e8 una passeggiata&#8221;"},"content":{"rendered":"<p>Il Santo Padre \u00e8 tornato a tenere l&#8217;udienza generale del mercoled\u00ec con la partecipazione dei fedeli, sia pure in forma ridotta e distanziata. L&#8217;incontro, infatti, si \u00e8 svolto nel cortile di San Damaso del Palazzo Apostolico. Papa Francesco ha continuato il suo ciclo di catechesi soffermandosi sul &#8220;combattimento della preghiera&#8221;, in altre parole sulle difficolt\u00e0 e sugli ostacoli che incontra chi vuole pregare. Ecco il testo del discorso del S. Padre diffuso dalla Sala Stampa vaticana:<\/p>\n<h4>Di nuovo insieme: la gioia del Ponterfice<\/h4>\n<p>Cari fratelli e sorelle, buongiorno! Sono contento di riprendere questo incontro faccia a faccia, perch\u00e9 vi dico una cosa: non \u00e8 bello parlare davanti al niente, a una telecamera. Non \u00e8 bello. E adesso, dopo tanti mesi, grazie al coraggio di monsignor Sapienza &#8211; che ha detto: \u201cNo, la facciamo l\u00ec\u201d \u2013 siamo qui riuniti. E bravo monsignor Sapienza! E trovare la gente, e trovare voi, ognuno con la propria storia, gente che viene da tutte le parti, dall\u2019Italia, dagli Stati Uniti, dalla Colombia, poi quella piccola equipe di calcio di quattro fratellini svizzeri \u2013 credo \u2013 che sono l\u00ec \u2026 quattro. Manca la sorellina, speriamo che arriva \u2026 E vedere ognuno di voi a me fa piacere, perch\u00e9 siamo tutti fratelli nel Signore e guardarci ci aiuta a pregare l\u2019uno per l\u2019altro.<\/p>\n<p><img loading=\"lazy\" decoding=\"async\" class=\"size-medium wp-image-16428 alignleft\" src=\"https:\/\/exaudi.org\/wp-content\/uploads\/2021\/05\/8-300x200.jpeg\" alt=\"\" width=\"300\" height=\"200\" srcset=\"https:\/\/exaudi.org\/wp-content\/uploads\/2021\/05\/8-300x200.jpeg 300w, https:\/\/exaudi.org\/wp-content\/uploads\/2021\/05\/8-768x512.jpeg 768w, https:\/\/exaudi.org\/wp-content\/uploads\/2021\/05\/8-150x100.jpeg 150w, https:\/\/exaudi.org\/wp-content\/uploads\/2021\/05\/8-696x464.jpeg 696w, https:\/\/exaudi.org\/wp-content\/uploads\/2021\/05\/8-630x420.jpeg 630w, https:\/\/exaudi.org\/wp-content\/uploads\/2021\/05\/8.jpeg 800w\" sizes=\"auto, (max-width: 300px) 100vw, 300px\" \/>Anche la gente che \u00e8 lontana ma sempre si fa vicino. L\u2019immancabile s\u0153ur Genevi\u00e8ve che viene da Lunapark, gente che lavora: sono tanti e sono qui tutti. Grazie per la vostra presenza e la vostra visita. Portate il messaggio del Papa a tutti. Il messaggio del Papa \u00e8 che io prego per tutti, e chiedo di pregare per me uniti nella preghiera.<\/p>\n<h4>La preghiera non \u00e8 una passeggiata<\/h4>\n<p>E parlando della preghiera, la preghiera cristiana, come tutta la vita cristiana, non \u00e8 una \u201cpasseggiata\u201d. Nessuno dei grandi oranti che incontriamo nella Bibbia e nella storia della Chiesa ha avuto una preghiera \u201ccomoda\u201d. S\u00ec, si pu\u00f2 pregare come i pappagalli \u2013 bla, bla, bla, bla, bla \u2013 ma questa non \u00e8 preghiera. La preghiera certamente dona una grande pace, ma attraverso un combattimento interiore, a volte duro, che pu\u00f2 accompagnare periodi anche lunghi della vita.<\/p>\n<figure id=\"attachment_16463\" aria-describedby=\"caption-attachment-16463\" style=\"width: 300px\" class=\"wp-caption alignright\"><img loading=\"lazy\" decoding=\"async\" class=\"size-medium wp-image-16463\" src=\"https:\/\/exaudi.org\/wp-content\/uploads\/2021\/05\/San-Damaso-1-1-300x200.jpg\" alt=\"preghiera\" width=\"300\" height=\"200\" srcset=\"https:\/\/exaudi.org\/wp-content\/uploads\/2021\/05\/San-Damaso-1-1-300x200.jpg 300w, https:\/\/exaudi.org\/wp-content\/uploads\/2021\/05\/San-Damaso-1-1-1024x682.jpg 1024w, https:\/\/exaudi.org\/wp-content\/uploads\/2021\/05\/San-Damaso-1-1-768x511.jpg 768w, https:\/\/exaudi.org\/wp-content\/uploads\/2021\/05\/San-Damaso-1-1-1536x1022.jpg 1536w, https:\/\/exaudi.org\/wp-content\/uploads\/2021\/05\/San-Damaso-1-1-2048x1363.jpg 2048w, https:\/\/exaudi.org\/wp-content\/uploads\/2021\/05\/San-Damaso-1-1-150x100.jpg 150w, https:\/\/exaudi.org\/wp-content\/uploads\/2021\/05\/San-Damaso-1-1-696x463.jpg 696w, https:\/\/exaudi.org\/wp-content\/uploads\/2021\/05\/San-Damaso-1-1-1068x711.jpg 1068w, https:\/\/exaudi.org\/wp-content\/uploads\/2021\/05\/San-Damaso-1-1-1920x1278.jpg 1920w, https:\/\/exaudi.org\/wp-content\/uploads\/2021\/05\/San-Damaso-1-1-631x420.jpg 631w\" sizes=\"auto, (max-width: 300px) 100vw, 300px\" \/><figcaption id=\"caption-attachment-16463\" class=\"wp-caption-text\">\u00a9 Servizio Fotografico Vaticano<\/figcaption><\/figure>\n<p>Pregare non \u00e8 una cosa facile e per questo noi scappiamo dalla preghiera. Ogni volta che vogliamo farlo, subito ci vengono in mente tante altre attivit\u00e0, che in quel momento appaiono pi\u00f9 importanti e pi\u00f9 urgenti. Questo succede anche a me: vado a pregare un po\u2019 &#8230; E no, devo fare questo e l\u2019altro \u2026 Noi fuggiamo dalla preghiera, non so perch\u00e9, ma \u00e8 cos\u00ec. Quasi sempre, dopo aver rimandato la preghiera, ci accorgiamo che quelle cose non erano affatto essenziali, e che magari abbiamo sprecato del tempo. Il Nemico ci inganna cos\u00ec.<\/p>\n<h4>La fatica della preghiera<\/h4>\n<p>Tutti gli uomini e le donne di Dio riferiscono non solamente la gioia della preghiera, ma anche il fastidio e la fatica che essa pu\u00f2 procurare: in qualche momento \u00e8 una dura lotta tenere fede ai tempi e ai modi della preghiera. Qualche santo l\u2019ha portata avanti per anni senza provarne alcun gusto, senza percepirne l\u2019utilit\u00e0. Il silenzio, la preghiera, la concentrazione sono esercizi difficili, e qualche volta la natura umana si ribella. Preferiremmo stare in qualsiasi altra parte del mondo, ma non l\u00ec, su quella panca della chiesa a pregare.<\/p>\n<p>Chi vuole pregare deve ricordarsi che la fede non \u00e8 facile, e qualche volta procede in un\u2019oscurit\u00e0 quasi totale, senza punti di riferimento. Ci sono momenti della vita di fede che sono oscuri e per questo qualche Santo li chiama: \u201cLa notte oscura\u201d, perch\u00e9 non si sente nulla. Ma io continuo a pregare. Il Catechismo elenca una lunga serie di nemici della preghiera, quelli che rendono difficile pregare, che mettono delle difficolt\u00e0.<\/p>\n<h4>I nemici interiori<\/h4>\n<p>Qualcuno dubita che essa possa raggiungere veramente l\u2019Onnipotente: ma perch\u00e9 Dio sta in silenzio? Se Dio \u00e8 Onnipotente, potrebbe dire due parole e finire la storia. Davanti all\u2019inafferrabilit\u00e0 del divino, altri sospettano che la preghiera sia una mera operazione psicologica; qualcosa che magari \u00e8 utile, ma non vera n\u00e9 necessaria: e si potrebbe addirittura essere praticanti senza essere credenti. E cos\u00ec via, tante spiegazioni.<\/p>\n<p><img loading=\"lazy\" decoding=\"async\" class=\"size-medium wp-image-16432 alignleft\" src=\"https:\/\/exaudi.org\/wp-content\/uploads\/2021\/05\/14-300x200.jpeg\" alt=\"\" width=\"300\" height=\"200\" srcset=\"https:\/\/exaudi.org\/wp-content\/uploads\/2021\/05\/14-300x200.jpeg 300w, https:\/\/exaudi.org\/wp-content\/uploads\/2021\/05\/14-768x512.jpeg 768w, https:\/\/exaudi.org\/wp-content\/uploads\/2021\/05\/14-150x100.jpeg 150w, https:\/\/exaudi.org\/wp-content\/uploads\/2021\/05\/14-696x464.jpeg 696w, https:\/\/exaudi.org\/wp-content\/uploads\/2021\/05\/14-630x420.jpeg 630w, https:\/\/exaudi.org\/wp-content\/uploads\/2021\/05\/14.jpeg 800w\" sizes=\"auto, (max-width: 300px) 100vw, 300px\" \/>I nemici peggiori della preghiera sono per\u00f2 dentro di noi. Il Catechismo li chiama cos\u00ec: \u00abScoraggiamento dinanzi alle nostre aridit\u00e0, tristezza di non dare tutto al Signore, poich\u00e9 abbiamo \u201cmolti beni\u201d, delusione per non essere esauditi secondo la nostra volont\u00e0, ferimento del nostro orgoglio che si ostina sulla nostra indegnit\u00e0 di peccatori, allergia alla gratuit\u00e0 della preghiera\u00bb. Si tratta chiaramente di un elenco sommario, che potrebbe essere allungato. Cosa fare nel tempo della tentazione, quando tutto sembra vacillare? Se perlustriamo la storia della spiritualit\u00e0, notiamo subito come i maestri dell\u2019anima avessero ben chiara la situazione che abbiamo descritto. Per superarla, ognuno di essi ha offerto qualche contributo: una parola di sapienza, oppure un suggerimento per affrontare i tempi irti di difficolt\u00e0.<\/p>\n<h4>L\u2019importanza della perseveranza<\/h4>\n<p>Non si tratta di teorie elaborate a tavolino, no, quanto di consigli nati dall\u2019esperienza, che mostrano l\u2019importanza di resistere e di perseverare nella preghiera. Sarebbe interessante passare in rassegna almeno alcuni di questi consigli, perch\u00e9 ciascuno merita di essere approfondito. Ad esempio, gli Esercizi spirituali di Sant\u2019Ignazio di Loyola sono un libretto di grande sapienza, che insegna a mettere ordine nella propria vita. Fa capire che la vocazione cristiana \u00e8 militanza, \u00e8 decisione di stare sotto la bandiera di Ges\u00f9 Cristo e non sotto quella del diavolo, cercando di fare il bene anche quando ci\u00f2 diventa difficile.<\/p>\n<h4>Non siamo soli<\/h4>\n<p>Nei tempi di prova \u00e8 bene ricordarsi che non siamo soli, che qualcuno veglia al nostro fianco e ci protegge. Anche Sant\u2019Antonio abate, il fondatore del monachesimo cristiano, in Egitto, affront\u00f2 momenti terribili, in cui la preghiera si trasformava in dura lotta. Il suo biografo Sant\u2019Atanasio, Vescovo di Alessandria, narra che uno degli episodi peggiori capit\u00f2 al Santo eremita intorno ai trentacinque anni, et\u00e0 di mezzo che per molti comporta una crisi. Antonio fu turbato da quella prova, ma resistette. Quando finalmente torn\u00f2 il sereno, si rivolse al suo Signore con un tono quasi di rimprovero: \u00abDov\u2019eri? Perch\u00e9 non sei venuto subito a porre fine alle mie sofferenze?\u00bb. E Ges\u00f9 rispose: \u00abAntonio, io ero l\u00e0. Ma aspettavo di vederti combattere\u00bb (Vita di Antonio, 10).<\/p>\n<h4>La storia di un miracolo<\/h4>\n<p>Combattere nella preghiera. E tante volte la preghiera \u00e8 un combattimento. Mi viene alla memoria una cosa che ho vissuto da vicino, quando ero nell\u2019altra diocesi. C\u2019era una coppia che aveva una figlia di nove anni, con una malattia che i medici non sapevano cosa fosse. E alla fine, in ospedale, il medico disse alla mamma: \u201cSignora, chiami suo marito\u201d. E il marito era a lavoro; erano operai, lavoravano tutti i giorni. E disse al padre: \u201cLa bambina non passa la notte. \u00c8 un\u2019infezione, non possiamo fare nulla\u201d. Quell\u2019uomo, forse non andava tutte le domeniche a Messa, ma aveva una fede grande.<\/p>\n<h4>Ai piedi della Madonna<\/h4>\n<p>Usc\u00ec piangendo, lasci\u00f2 la moglie l\u00ec con la bambina nell\u2019ospedale, prese il treno e fece i settanta chilometri di distanza verso la Basilica della Madonna di Luj\u00e1n, la Patrona dell\u2019Argentina. E l\u00ec &#8211; la basilica era gi\u00e0 chiusa, erano quasi le dieci di notte, di sera \u2013 lui si aggrapp\u00f2 alle grate della Basilica e tutta la notte pregando la Madonna, combattendo per la salute della figlia. Questa non \u00e8 una fantasia; l\u2019ho visto io! L\u2019ho vissuto io. Combattendo quell\u2019uomo l\u00ec. Alla fine, alle sei del mattino, si apr\u00ec la chiesa e lui entr\u00f2 a salutare la Madonna: tutta la notte a \u201ccombattere\u201d, e poi torn\u00f2 a casa. Quando arriv\u00f2, cerc\u00f2 la moglie, ma non la trov\u00f2 e pens\u00f2: \u201cSe ne \u00e8 andata. No, la Madonna non pu\u00f2 farmi questo\u201d.<\/p>\n<p><img loading=\"lazy\" decoding=\"async\" class=\"size-medium wp-image-16412 alignright\" src=\"https:\/\/exaudi.org\/wp-content\/uploads\/2021\/05\/1-1-300x200.jpeg\" alt=\"\" width=\"300\" height=\"200\" srcset=\"https:\/\/exaudi.org\/wp-content\/uploads\/2021\/05\/1-1-300x200.jpeg 300w, https:\/\/exaudi.org\/wp-content\/uploads\/2021\/05\/1-1-768x512.jpeg 768w, https:\/\/exaudi.org\/wp-content\/uploads\/2021\/05\/1-1-150x100.jpeg 150w, https:\/\/exaudi.org\/wp-content\/uploads\/2021\/05\/1-1-696x464.jpeg 696w, https:\/\/exaudi.org\/wp-content\/uploads\/2021\/05\/1-1-630x420.jpeg 630w, https:\/\/exaudi.org\/wp-content\/uploads\/2021\/05\/1-1.jpeg 800w\" sizes=\"auto, (max-width: 300px) 100vw, 300px\" \/>Poi la trov\u00f2, sorridente che diceva: \u201cMa non so cosa \u00e8 successo; i medici dicono che \u00e8 cambiato cos\u00ec e che adesso \u00e8 guarita\u201d. Quell\u2019uomo lottando con la preghiera ha avuto la grazia della Madonna. La Madonna lo ha ascoltato. E questo l\u2019ho visto io: la preghiera fa dei miracoli, perch\u00e9 la preghiera va proprio al centro della tenerezza di Dio che ci ama come un padre. E quando non ci fa la grazia, ce ne far\u00e0 un\u2019altra che poi vedremo con il tempo. Ma sempre occorre il combattimento nella preghiera per chiedere la grazia.<\/p>\n<h4>Saper chiedere<\/h4>\n<p>S\u00ec, delle volte noi chiediamo una grazia di cui abbiamo bisogno, ma la chiediamo cos\u00ec, senza voglia, senza combattere, ma non si chiedono cos\u00ec le cose serie. La preghiera \u00e8 un combattimento e il Signore sempre \u00e8 con noi. Se in un momento di cecit\u00e0 non riusciamo a scorgere la sua presenza, ci riusciremo in futuro. Capiter\u00e0 anche a noi di ripetere la stessa frase che disse un giorno il patriarca Giacobbe: \u00abCerto, il Signore \u00e8 in questo luogo e io non lo sapevo\u00bb. Alla fine della nostra vita, volgendo all\u2019indietro lo sguardo, anche noi potremo dire: \u201cPensavo di essere solo, ma no, non lo ero: Ges\u00f9 era con me\u201d. Tutti potremo dire questo.<\/p>\n<h4>I saluti in italiano: rivolgetevi a Maria<\/h4>\n<p>Rivolgo un cordiale saluto ai fedeli di lingua italiana. Durante questo mese di maggio, dedicato alla Vergine Santa, invoco la celeste protezione della Madonna su ciascuno di voi e sulle vostre rispettive famiglie. Il mio pensiero va infine, come di consueto, agli anziani, ai giovani, ai malati e agli sposi novelli. Ricorrete spesso a Maria, Madre dei credenti! Le varie forme di devozione mariana, e specialmente la recita del Santo Rosario, vi aiuteranno a vivere il vostro cammino di fede e di testimonianza cristiana.<\/p>\n","protected":false},"excerpt":{"rendered":"<p>La catechesi del S. Padre durante l&#8217;udienza generale<\/p>\n","protected":false},"author":17,"featured_media":16459,"comment_status":"closed","ping_status":"closed","sticky":false,"template":"","format":"standard","meta":{"_acf_changed":false,"_crdt_document":"","inline_featured_image":false,"footnotes":""},"categories":[58,67,111],"tags":[2278,251,578,1843],"class_list":["post-16356","post","type-post","status-publish","format-standard","has-post-thumbnail","hentry","category-featured-news","category-leone-xiv","category-udienza-generale","tag-miracoli","tag-papa-francesco","tag-preghiera","tag-udienza"],"acf":[],"yoast_head":"<!-- This site is optimized with the Yoast SEO plugin v27.5 - https:\/\/yoast.com\/product\/yoast-seo-wordpress\/ -->\n<title>&quot;La preghiera cristiana non \u00e8 una passeggiata&quot; &#8211; Exaudi<\/title>\n<meta name=\"description\" content=\"La preghiera non \u00e8 una passeggiata: Papa Francesco nell&#039;udienza generale di nuovo con i fedeli ha parlato del &quot;combattimento&quot; della preghiera\" \/>\n<meta name=\"robots\" content=\"index, follow, max-snippet:-1, max-image-preview:large, max-video-preview:-1\" \/>\n<link rel=\"canonical\" href=\"https:\/\/exaudi.org\/it\/la-preghiera-cristiana-non-e-una-passeggiata\/\" \/>\n<meta property=\"og:locale\" content=\"it_IT\" \/>\n<meta property=\"og:type\" content=\"article\" \/>\n<meta property=\"og:title\" content=\"&quot;La preghiera cristiana non \u00e8 una passeggiata&quot; &#8211; Exaudi\" \/>\n<meta property=\"og:description\" content=\"La preghiera non \u00e8 una passeggiata: Papa Francesco nell&#039;udienza generale di nuovo con i fedeli ha parlato del &quot;combattimento&quot; della preghiera\" \/>\n<meta property=\"og:url\" content=\"https:\/\/exaudi.org\/it\/la-preghiera-cristiana-non-e-una-passeggiata\/\" \/>\n<meta property=\"og:site_name\" content=\"Exaudi\" \/>\n<meta property=\"article:publisher\" content=\"https:\/\/www.facebook.com\/ExaudiNews\" \/>\n<meta property=\"article:author\" content=\"https:\/\/www.facebook.com\/ExaudiNotizie\/\" \/>\n<meta property=\"article:published_time\" content=\"2021-05-12T11:07:04+00:00\" \/>\n<meta property=\"article:modified_time\" content=\"2021-05-12T11:10:43+00:00\" \/>\n<meta property=\"og:image\" content=\"https:\/\/exaudi.org\/wp-content\/uploads\/2021\/05\/San-Damaso-1-scaled.jpg\" \/>\n\t<meta property=\"og:image:width\" content=\"2560\" \/>\n\t<meta property=\"og:image:height\" content=\"1767\" \/>\n\t<meta property=\"og:image:type\" content=\"image\/jpeg\" \/>\n<meta name=\"author\" content=\"Exaudi Redazione\" \/>\n<meta name=\"twitter:card\" content=\"summary_large_image\" \/>\n<meta name=\"twitter:creator\" content=\"@Exaudi_Notizie\" \/>\n<meta name=\"twitter:site\" content=\"@Exaudi_News\" \/>\n<meta name=\"twitter:label1\" content=\"Scritto da\" \/>\n\t<meta name=\"twitter:data1\" content=\"Exaudi Redazione\" \/>\n\t<meta name=\"twitter:label2\" content=\"Tempo di lettura stimato\" \/>\n\t<meta name=\"twitter:data2\" content=\"8 minuti\" \/>\n<script type=\"application\/ld+json\" class=\"yoast-schema-graph\">{\"@context\":\"https:\\\/\\\/schema.org\",\"@graph\":[{\"@type\":\"Article\",\"@id\":\"https:\\\/\\\/exaudi.org\\\/it\\\/la-preghiera-cristiana-non-e-una-passeggiata\\\/#article\",\"isPartOf\":{\"@id\":\"https:\\\/\\\/exaudi.org\\\/it\\\/la-preghiera-cristiana-non-e-una-passeggiata\\\/\"},\"author\":{\"name\":\"Exaudi Redazione\",\"@id\":\"https:\\\/\\\/exaudi.org\\\/#\\\/schema\\\/person\\\/e1ab6ed07c01774724dd96f925f3a5f0\"},\"headline\":\"&#8220;La preghiera cristiana non \u00e8 una passeggiata&#8221;\",\"datePublished\":\"2021-05-12T11:07:04+00:00\",\"dateModified\":\"2021-05-12T11:10:43+00:00\",\"mainEntityOfPage\":{\"@id\":\"https:\\\/\\\/exaudi.org\\\/it\\\/la-preghiera-cristiana-non-e-una-passeggiata\\\/\"},\"wordCount\":1591,\"image\":{\"@id\":\"https:\\\/\\\/exaudi.org\\\/it\\\/la-preghiera-cristiana-non-e-una-passeggiata\\\/#primaryimage\"},\"thumbnailUrl\":\"https:\\\/\\\/exaudi.org\\\/wp-content\\\/uploads\\\/2021\\\/05\\\/San-Damaso-1-scaled.jpg\",\"keywords\":[\"miracoli\",\"Papa Francesco\",\"preghiera\",\"udienza\"],\"articleSection\":[\"Featured News\",\"Leone XIV\",\"Udienza generale\"],\"inLanguage\":\"it-IT\"},{\"@type\":\"WebPage\",\"@id\":\"https:\\\/\\\/exaudi.org\\\/it\\\/la-preghiera-cristiana-non-e-una-passeggiata\\\/\",\"url\":\"https:\\\/\\\/exaudi.org\\\/it\\\/la-preghiera-cristiana-non-e-una-passeggiata\\\/\",\"name\":\"\\\"La preghiera cristiana non \u00e8 una passeggiata\\\" &#8211; Exaudi\",\"isPartOf\":{\"@id\":\"https:\\\/\\\/exaudi.org\\\/#website\"},\"primaryImageOfPage\":{\"@id\":\"https:\\\/\\\/exaudi.org\\\/it\\\/la-preghiera-cristiana-non-e-una-passeggiata\\\/#primaryimage\"},\"image\":{\"@id\":\"https:\\\/\\\/exaudi.org\\\/it\\\/la-preghiera-cristiana-non-e-una-passeggiata\\\/#primaryimage\"},\"thumbnailUrl\":\"https:\\\/\\\/exaudi.org\\\/wp-content\\\/uploads\\\/2021\\\/05\\\/San-Damaso-1-scaled.jpg\",\"datePublished\":\"2021-05-12T11:07:04+00:00\",\"dateModified\":\"2021-05-12T11:10:43+00:00\",\"author\":{\"@id\":\"https:\\\/\\\/exaudi.org\\\/#\\\/schema\\\/person\\\/e1ab6ed07c01774724dd96f925f3a5f0\"},\"description\":\"La preghiera non \u00e8 una passeggiata: Papa Francesco nell'udienza generale di nuovo con i fedeli ha parlato del \\\"combattimento\\\" della preghiera\",\"breadcrumb\":{\"@id\":\"https:\\\/\\\/exaudi.org\\\/it\\\/la-preghiera-cristiana-non-e-una-passeggiata\\\/#breadcrumb\"},\"inLanguage\":\"it-IT\",\"potentialAction\":[{\"@type\":\"ReadAction\",\"target\":[\"https:\\\/\\\/exaudi.org\\\/it\\\/la-preghiera-cristiana-non-e-una-passeggiata\\\/\"]}]},{\"@type\":\"ImageObject\",\"inLanguage\":\"it-IT\",\"@id\":\"https:\\\/\\\/exaudi.org\\\/it\\\/la-preghiera-cristiana-non-e-una-passeggiata\\\/#primaryimage\",\"url\":\"https:\\\/\\\/exaudi.org\\\/wp-content\\\/uploads\\\/2021\\\/05\\\/San-Damaso-1-scaled.jpg\",\"contentUrl\":\"https:\\\/\\\/exaudi.org\\\/wp-content\\\/uploads\\\/2021\\\/05\\\/San-Damaso-1-scaled.jpg\",\"width\":2560,\"height\":1767,\"caption\":\"\u00a9 Servizio Fotografico Vaticano\"},{\"@type\":\"BreadcrumbList\",\"@id\":\"https:\\\/\\\/exaudi.org\\\/it\\\/la-preghiera-cristiana-non-e-una-passeggiata\\\/#breadcrumb\",\"itemListElement\":[{\"@type\":\"ListItem\",\"position\":1,\"name\":\"Portada\",\"item\":\"https:\\\/\\\/exaudi.org\\\/it\\\/\"},{\"@type\":\"ListItem\",\"position\":2,\"name\":\"&#8220;La preghiera cristiana non \u00e8 una passeggiata&#8221;\"}]},{\"@type\":\"WebSite\",\"@id\":\"https:\\\/\\\/exaudi.org\\\/#website\",\"url\":\"https:\\\/\\\/exaudi.org\\\/\",\"name\":\"Exaudi\",\"description\":\"News\",\"potentialAction\":[{\"@type\":\"SearchAction\",\"target\":{\"@type\":\"EntryPoint\",\"urlTemplate\":\"https:\\\/\\\/exaudi.org\\\/?s={search_term_string}\"},\"query-input\":{\"@type\":\"PropertyValueSpecification\",\"valueRequired\":true,\"valueName\":\"search_term_string\"}}],\"inLanguage\":\"it-IT\"},{\"@type\":\"Person\",\"@id\":\"https:\\\/\\\/exaudi.org\\\/#\\\/schema\\\/person\\\/e1ab6ed07c01774724dd96f925f3a5f0\",\"name\":\"Exaudi Redazione\",\"image\":{\"@type\":\"ImageObject\",\"inLanguage\":\"it-IT\",\"@id\":\"https:\\\/\\\/secure.gravatar.com\\\/avatar\\\/ad6774b3ada023bf5b939d64f45c94b3adf91502dd883507d469b4308a943bb3?s=96&d=mm&r=g\",\"url\":\"https:\\\/\\\/secure.gravatar.com\\\/avatar\\\/ad6774b3ada023bf5b939d64f45c94b3adf91502dd883507d469b4308a943bb3?s=96&d=mm&r=g\",\"contentUrl\":\"https:\\\/\\\/secure.gravatar.com\\\/avatar\\\/ad6774b3ada023bf5b939d64f45c94b3adf91502dd883507d469b4308a943bb3?s=96&d=mm&r=g\",\"caption\":\"Exaudi Redazione\"},\"description\":\"Che cosa \u00e8 Exaudi News? Exaudi News \u00e8 un agenzia cattolica internazionale che informa, istruisce e trasforma quotidianamente in spagnolo, inglese e italiano. Attraverso notizie, articoli di analisi e trasmissioni in diretta degli eventi del Papa, Exaudi cerca di rafforzare l'unit\u00e0 dei cristiani e di contribuire all'evangelizzazione del mondo, sempre guidato dalla dottrina sociale della Chiesa. Lavoriamo per portare la verit\u00e0 e i valori cristiani in ogni angolo del pianeta. Aiutaci a trasformare il mondo con Exaudi! Noi di Exaudi crediamo che l'evangelizzazione e l'informazione di qualit\u00e0 possano cambiare la vita. Per continuare la nostra missione ed espandere la nostra portata, abbiamo bisogno del tuo aiuto. Stiamo anche cercando persone motivate che vogliano unirsi al nostro team. Grazie al vostro sostegno raggiungeremo pi\u00f9 persone, diffonderemo il messaggio di Cristo e rafforzeremo l'unit\u00e0 dei cristiani. Vuoi unirti alla nostra missione? Per maggiori informazioni su come contribuire, visita Exaudi.org\\\/it o contattaci direttamente: info@exaudi.org Exaudi: informa, forma e trasforma.\",\"sameAs\":[\"https:\\\/\\\/www.facebook.com\\\/ExaudiNotizie\\\/\",\"https:\\\/\\\/www.instagram.com\\\/Exaudi_notizie\\\/\",\"https:\\\/\\\/x.com\\\/Exaudi_Notizie\",\"https:\\\/\\\/www.youtube.com\\\/@exaudicatholicnews\"],\"url\":\"https:\\\/\\\/exaudi.org\\\/it\\\/author\\\/dlvedi-org\\\/\"}]}<\/script>\n<!-- \/ Yoast SEO plugin. -->","yoast_head_json":{"title":"\"La preghiera cristiana non \u00e8 una passeggiata\" &#8211; Exaudi","description":"La preghiera non \u00e8 una passeggiata: Papa Francesco nell'udienza generale di nuovo con i fedeli ha parlato del \"combattimento\" della preghiera","robots":{"index":"index","follow":"follow","max-snippet":"max-snippet:-1","max-image-preview":"max-image-preview:large","max-video-preview":"max-video-preview:-1"},"canonical":"https:\/\/exaudi.org\/it\/la-preghiera-cristiana-non-e-una-passeggiata\/","og_locale":"it_IT","og_type":"article","og_title":"\"La preghiera cristiana non \u00e8 una passeggiata\" &#8211; Exaudi","og_description":"La preghiera non \u00e8 una passeggiata: Papa Francesco nell'udienza generale di nuovo con i fedeli ha parlato del \"combattimento\" della preghiera","og_url":"https:\/\/exaudi.org\/it\/la-preghiera-cristiana-non-e-una-passeggiata\/","og_site_name":"Exaudi","article_publisher":"https:\/\/www.facebook.com\/ExaudiNews","article_author":"https:\/\/www.facebook.com\/ExaudiNotizie\/","article_published_time":"2021-05-12T11:07:04+00:00","article_modified_time":"2021-05-12T11:10:43+00:00","og_image":[{"width":2560,"height":1767,"url":"https:\/\/exaudi.org\/wp-content\/uploads\/2021\/05\/San-Damaso-1-scaled.jpg","type":"image\/jpeg"}],"author":"Exaudi Redazione","twitter_card":"summary_large_image","twitter_creator":"@Exaudi_Notizie","twitter_site":"@Exaudi_News","twitter_misc":{"Scritto da":"Exaudi Redazione","Tempo di lettura stimato":"8 minuti"},"schema":{"@context":"https:\/\/schema.org","@graph":[{"@type":"Article","@id":"https:\/\/exaudi.org\/it\/la-preghiera-cristiana-non-e-una-passeggiata\/#article","isPartOf":{"@id":"https:\/\/exaudi.org\/it\/la-preghiera-cristiana-non-e-una-passeggiata\/"},"author":{"name":"Exaudi Redazione","@id":"https:\/\/exaudi.org\/#\/schema\/person\/e1ab6ed07c01774724dd96f925f3a5f0"},"headline":"&#8220;La preghiera cristiana non \u00e8 una passeggiata&#8221;","datePublished":"2021-05-12T11:07:04+00:00","dateModified":"2021-05-12T11:10:43+00:00","mainEntityOfPage":{"@id":"https:\/\/exaudi.org\/it\/la-preghiera-cristiana-non-e-una-passeggiata\/"},"wordCount":1591,"image":{"@id":"https:\/\/exaudi.org\/it\/la-preghiera-cristiana-non-e-una-passeggiata\/#primaryimage"},"thumbnailUrl":"https:\/\/exaudi.org\/wp-content\/uploads\/2021\/05\/San-Damaso-1-scaled.jpg","keywords":["miracoli","Papa Francesco","preghiera","udienza"],"articleSection":["Featured News","Leone XIV","Udienza generale"],"inLanguage":"it-IT"},{"@type":"WebPage","@id":"https:\/\/exaudi.org\/it\/la-preghiera-cristiana-non-e-una-passeggiata\/","url":"https:\/\/exaudi.org\/it\/la-preghiera-cristiana-non-e-una-passeggiata\/","name":"\"La preghiera cristiana non \u00e8 una passeggiata\" &#8211; Exaudi","isPartOf":{"@id":"https:\/\/exaudi.org\/#website"},"primaryImageOfPage":{"@id":"https:\/\/exaudi.org\/it\/la-preghiera-cristiana-non-e-una-passeggiata\/#primaryimage"},"image":{"@id":"https:\/\/exaudi.org\/it\/la-preghiera-cristiana-non-e-una-passeggiata\/#primaryimage"},"thumbnailUrl":"https:\/\/exaudi.org\/wp-content\/uploads\/2021\/05\/San-Damaso-1-scaled.jpg","datePublished":"2021-05-12T11:07:04+00:00","dateModified":"2021-05-12T11:10:43+00:00","author":{"@id":"https:\/\/exaudi.org\/#\/schema\/person\/e1ab6ed07c01774724dd96f925f3a5f0"},"description":"La preghiera non \u00e8 una passeggiata: Papa Francesco nell'udienza generale di nuovo con i fedeli ha parlato del \"combattimento\" della preghiera","breadcrumb":{"@id":"https:\/\/exaudi.org\/it\/la-preghiera-cristiana-non-e-una-passeggiata\/#breadcrumb"},"inLanguage":"it-IT","potentialAction":[{"@type":"ReadAction","target":["https:\/\/exaudi.org\/it\/la-preghiera-cristiana-non-e-una-passeggiata\/"]}]},{"@type":"ImageObject","inLanguage":"it-IT","@id":"https:\/\/exaudi.org\/it\/la-preghiera-cristiana-non-e-una-passeggiata\/#primaryimage","url":"https:\/\/exaudi.org\/wp-content\/uploads\/2021\/05\/San-Damaso-1-scaled.jpg","contentUrl":"https:\/\/exaudi.org\/wp-content\/uploads\/2021\/05\/San-Damaso-1-scaled.jpg","width":2560,"height":1767,"caption":"\u00a9 Servizio Fotografico Vaticano"},{"@type":"BreadcrumbList","@id":"https:\/\/exaudi.org\/it\/la-preghiera-cristiana-non-e-una-passeggiata\/#breadcrumb","itemListElement":[{"@type":"ListItem","position":1,"name":"Portada","item":"https:\/\/exaudi.org\/it\/"},{"@type":"ListItem","position":2,"name":"&#8220;La preghiera cristiana non \u00e8 una passeggiata&#8221;"}]},{"@type":"WebSite","@id":"https:\/\/exaudi.org\/#website","url":"https:\/\/exaudi.org\/","name":"Exaudi","description":"News","potentialAction":[{"@type":"SearchAction","target":{"@type":"EntryPoint","urlTemplate":"https:\/\/exaudi.org\/?s={search_term_string}"},"query-input":{"@type":"PropertyValueSpecification","valueRequired":true,"valueName":"search_term_string"}}],"inLanguage":"it-IT"},{"@type":"Person","@id":"https:\/\/exaudi.org\/#\/schema\/person\/e1ab6ed07c01774724dd96f925f3a5f0","name":"Exaudi Redazione","image":{"@type":"ImageObject","inLanguage":"it-IT","@id":"https:\/\/secure.gravatar.com\/avatar\/ad6774b3ada023bf5b939d64f45c94b3adf91502dd883507d469b4308a943bb3?s=96&d=mm&r=g","url":"https:\/\/secure.gravatar.com\/avatar\/ad6774b3ada023bf5b939d64f45c94b3adf91502dd883507d469b4308a943bb3?s=96&d=mm&r=g","contentUrl":"https:\/\/secure.gravatar.com\/avatar\/ad6774b3ada023bf5b939d64f45c94b3adf91502dd883507d469b4308a943bb3?s=96&d=mm&r=g","caption":"Exaudi Redazione"},"description":"Che cosa \u00e8 Exaudi News? Exaudi News \u00e8 un agenzia cattolica internazionale che informa, istruisce e trasforma quotidianamente in spagnolo, inglese e italiano. Attraverso notizie, articoli di analisi e trasmissioni in diretta degli eventi del Papa, Exaudi cerca di rafforzare l'unit\u00e0 dei cristiani e di contribuire all'evangelizzazione del mondo, sempre guidato dalla dottrina sociale della Chiesa. Lavoriamo per portare la verit\u00e0 e i valori cristiani in ogni angolo del pianeta. Aiutaci a trasformare il mondo con Exaudi! Noi di Exaudi crediamo che l'evangelizzazione e l'informazione di qualit\u00e0 possano cambiare la vita. Per continuare la nostra missione ed espandere la nostra portata, abbiamo bisogno del tuo aiuto. Stiamo anche cercando persone motivate che vogliano unirsi al nostro team. Grazie al vostro sostegno raggiungeremo pi\u00f9 persone, diffonderemo il messaggio di Cristo e rafforzeremo l'unit\u00e0 dei cristiani. Vuoi unirti alla nostra missione? Per maggiori informazioni su come contribuire, visita Exaudi.org\/it o contattaci direttamente: info@exaudi.org Exaudi: informa, forma e trasforma.","sameAs":["https:\/\/www.facebook.com\/ExaudiNotizie\/","https:\/\/www.instagram.com\/Exaudi_notizie\/","https:\/\/x.com\/Exaudi_Notizie","https:\/\/www.youtube.com\/@exaudicatholicnews"],"url":"https:\/\/exaudi.org\/it\/author\/dlvedi-org\/"}]}},"jetpack_featured_media_url":"https:\/\/exaudi.org\/wp-content\/uploads\/2021\/05\/San-Damaso-1-scaled.jpg","jetpack_shortlink":"https:\/\/wp.me\/pgKjF2-4fO","_links":{"self":[{"href":"https:\/\/exaudi.org\/it\/wp-json\/wp\/v2\/posts\/16356","targetHints":{"allow":["GET"]}}],"collection":[{"href":"https:\/\/exaudi.org\/it\/wp-json\/wp\/v2\/posts"}],"about":[{"href":"https:\/\/exaudi.org\/it\/wp-json\/wp\/v2\/types\/post"}],"author":[{"embeddable":true,"href":"https:\/\/exaudi.org\/it\/wp-json\/wp\/v2\/users\/17"}],"replies":[{"embeddable":true,"href":"https:\/\/exaudi.org\/it\/wp-json\/wp\/v2\/comments?post=16356"}],"version-history":[{"count":0,"href":"https:\/\/exaudi.org\/it\/wp-json\/wp\/v2\/posts\/16356\/revisions"}],"wp:featuredmedia":[{"embeddable":true,"href":"https:\/\/exaudi.org\/it\/wp-json\/wp\/v2\/media\/16459"}],"wp:attachment":[{"href":"https:\/\/exaudi.org\/it\/wp-json\/wp\/v2\/media?parent=16356"}],"wp:term":[{"taxonomy":"category","embeddable":true,"href":"https:\/\/exaudi.org\/it\/wp-json\/wp\/v2\/categories?post=16356"},{"taxonomy":"post_tag","embeddable":true,"href":"https:\/\/exaudi.org\/it\/wp-json\/wp\/v2\/tags?post=16356"}],"curies":[{"name":"wp","href":"https:\/\/api.w.org\/{rel}","templated":true}]}}