{"id":163420,"date":"2026-03-27T16:44:29","date_gmt":"2026-03-27T15:44:29","guid":{"rendered":"https:\/\/exaudi.org\/?p=163420"},"modified":"2026-03-27T16:52:43","modified_gmt":"2026-03-27T15:52:43","slug":"la-mente-contro-la-realta","status":"publish","type":"post","link":"https:\/\/exaudi.org\/it\/la-mente-contro-la-realta\/","title":{"rendered":"La mente contro la realt\u00e0"},"content":{"rendered":"<p><span dir=\"auto\" style=\"vertical-align: inherit\"><span dir=\"auto\" style=\"vertical-align: inherit\"><span dir=\"auto\" style=\"vertical-align: inherit\"><span dir=\"auto\" style=\"vertical-align: inherit\">Cos&#8217;\u00e8 veramente la realt\u00e0: cosa vediamo o cosa comprendiamo? Prendendo spunto dall&#8217;intuizione provocatoria di Stephen Hawking, questo articolo esplora la distanza \u2013 e l&#8217;eredit\u00e0 \u2013 dell&#8217;esperienza sensoriale e della struttura profonda che descrive l&#8217;universo. Dai limiti dei nostri sensi al potere rivelatore della matematica, scopriamo che ci\u00f2 che percepiamo \u00e8 solo un&#8217;interpretazione parziale, mentre la mente umana, capace di astrazione e di formulazione di leggi, diventa lo strumento pi\u00f9 sofisticato per accedere a una realt\u00e0 che rimane, in larga misura, invisibile.<\/span><\/span><\/span><\/span><\/p>\n<h3><strong><span dir=\"auto\" style=\"vertical-align: inherit\"><span dir=\"auto\" style=\"vertical-align: inherit\"><span dir=\"auto\" style=\"vertical-align: inherit\"><span dir=\"auto\" style=\"vertical-align: inherit\">Che cos&#8217;\u00e8 la realt\u00e0?<\/span><\/span><\/span><\/span><\/strong><\/h3>\n<p><span dir=\"auto\" style=\"vertical-align: inherit\"><span dir=\"auto\" style=\"vertical-align: inherit\"><span dir=\"auto\" style=\"vertical-align: inherit\"><span dir=\"auto\" style=\"vertical-align: inherit\">Stephen Hawking non \u00e8 stato solo un prim&#8217;ordine religioso, ma anche un divulgatore eccezionalmente popolare, capace di sintetizzare il suo percorso intellettuale in una frase che sfida la nostra intuizione:\u00a0 <\/span><\/span><\/span><\/span><em><span dir=\"auto\" style=\"vertical-align: inherit\"><span dir=\"auto\" style=\"vertical-align: inherit\"><span dir=\"auto\" style=\"vertical-align: inherit\"><span dir=\"auto\" style=\"vertical-align: inherit\">&#8220;Ho trascorso la mia vita viaggiando por l&#8217;universo inside my mind&#8221; <\/span><\/span><\/span><\/span><a href=\"https:\/\/www.observatoriobioetica.org\/2026\/03\/la-mente-frente-a-la-realidad\/10007558#_ftn1\" name=\"_ftnref1\"><strong><sup><span dir=\"auto\" style=\"vertical-align: inherit\"><span dir=\"auto\" style=\"vertical-align: inherit\"><span dir=\"auto\" style=\"vertical-align: inherit\"><span dir=\"auto\" style=\"vertical-align: inherit\">[1]<\/span><\/span><\/span><\/span><\/sup><\/strong><\/a><\/em><span dir=\"auto\" style=\"vertical-align: inherit\"><span dir=\"auto\" style=\"vertical-align: inherit\"><span dir=\"auto\" style=\"vertical-align: inherit\"><span dir=\"auto\" style=\"vertical-align: inherit\"> . \u00c8 paradossale che una persona la cui esistenza fisica \u00e8 stata per lo pi\u00f9 confinata su una sedia a rotelle possa vantare una tale ubiquit\u00e0. Qual \u00e8 la verit\u00e0 di questo discorso di Hawking? Qual \u00e8 la differenza tra la matematica che usiamo per descrivere la natura e la natura stessa? In fisica, il concetto reale si applica a tutto ci\u00f2 che riflette accuratamente le nostre osservazioni. Non possiamo vedere le parti elementari con i nostri occhi; dobbiamo comunque affermare l&#8217;essenza della struttura matematica che descrive accuratamente il comportamento della materia. Proprio cos\u00ec, la distinzione tra la natura e la matematica che la descrive comincia a svanire.<\/span><\/span><\/span><\/span><\/p>\n<p><a href=\"https:\/\/www.observatoriobioetica.org\/wp-content\/uploads\/2026\/03\/ribes3-scaled.jpg\" data-caption=\"\"><img loading=\"lazy\" decoding=\"async\" src=\"https:\/\/www.observatoriobioetica.org\/wp-content\/uploads\/2026\/03\/ribes3-1024x199.jpg\" alt=\"\" width=\"1328\" height=\"258\" \/><\/a><\/p>\n<h3><strong><span dir=\"auto\" style=\"vertical-align: inherit\"><span dir=\"auto\" style=\"vertical-align: inherit\"><span dir=\"auto\" style=\"vertical-align: inherit\"><span dir=\"auto\" style=\"vertical-align: inherit\">Percepiamo la realt\u00e0 attraverso i nostri cinque sensi.<\/span><\/span><\/span><\/span><\/strong><\/h3>\n<p><span dir=\"auto\" style=\"vertical-align: inherit\"><span dir=\"auto\" style=\"vertical-align: inherit\"><span dir=\"auto\" style=\"vertical-align: inherit\"><span dir=\"auto\" style=\"vertical-align: inherit\">Nel processo di percezione visiva \u00e8 fondamentale distinguere tra visione e percezione. Mentre l&#8217;atto di vedere \u00e8 un processo fisico di ricezione di stimoli luminosi, la percezione \u00e8 l&#8217;interpretazione cognitiva e soggettiva di tali informazioni. Il flusso di luce che colpisce la retina viene tradotto in segnali elettrici elaborati da diverse aree cerebrali, ciascuna specializzata in un attributo specifico: colore, orientamento, contrasto, movimento e frequenza spaziale. Il risultato: una pallina da tennis gialla in movimento, ad esempio, \u00e8 una costruzione mentale.<\/span><\/span><\/span><\/span><\/p>\n<p><span dir=\"auto\" style=\"vertical-align: inherit\"><span dir=\"auto\" style=\"vertical-align: inherit\"><span dir=\"auto\" style=\"vertical-align: inherit\"><span dir=\"auto\" style=\"vertical-align: inherit\">Nel nostro rapporto con l&#8217;ambiente, condividiamo cinque sensi principali: vista, udito, tatto, gusto e olfatto. In ogni senso, \u00e8 necessario distinguere tra significato e percezione. Questi sensi, se confrontati con la realt\u00e0 che conosciamo, si rivelano piuttosto limitati. Vediamo solo una frazione dello spettro elettromagnetico. Infrarossi, ultravioletti e innumerevoli sorgenti luminose sono legate alla nostra percezione, creando un mondo invisibile nella notte. I nostri orecchi captano l&#8217;uno l&#8217;altro da una gamma di frequenze, ma ci sono vibrazioni infrasoniche e ultrasoniche, mentre noi possiamo percepirle. Il nostro senso del tatto ha pressione, temperatura e consistenza, ma non contiene alcuna molecola ed energia abbastanza profonda da raggiungere la luce microscopica. L&#8217;evoluzione ha adattato i nostri sensi a percepire ci\u00f2 che \u00e8 necessario per la sopravvivenza e niente di pi\u00f9.<\/span><\/span><\/span><\/span><\/p>\n<p><span dir=\"auto\" style=\"vertical-align: inherit\"><span dir=\"auto\" style=\"vertical-align: inherit\"><span dir=\"auto\" style=\"vertical-align: inherit\"><span dir=\"auto\" style=\"vertical-align: inherit\">In questa risposta, il linguaggio agisce come un&#8217;estensione dei nostri sensi. Noam Chomsky definisce il linguaggio come una facolt\u00e0 biologica che consente l&#8217;accesso a livelli di realt\u00e0 invisibili ad altri animali: causalit\u00e0 complessa, tempo futuro e astrazione pura. Come affermava Bertrand Russell:\u00a0 <\/span><\/span><\/span><\/span><em><span dir=\"auto\" style=\"vertical-align: inherit\"><span dir=\"auto\" style=\"vertical-align: inherit\"><span dir=\"auto\" style=\"vertical-align: inherit\"><span dir=\"auto\" style=\"vertical-align: inherit\">&#8220;Il linguaggio non serve solo a dare un primo pensiero, ma anche a rendere possibili pensieri che non esistono senza significato&#8221; <\/span><\/span><\/span><\/span><a href=\"https:\/\/www.observatoriobioetica.org\/2026\/03\/la-mente-frente-a-la-realidad\/10007558#_ftn2\" name=\"_ftnref2\"><strong><sup><span dir=\"auto\" style=\"vertical-align: inherit\"><span dir=\"auto\" style=\"vertical-align: inherit\"><span dir=\"auto\" style=\"vertical-align: inherit\"><span dir=\"auto\" style=\"vertical-align: inherit\">[2]<\/span><\/span><\/span><\/span><\/sup><\/strong><\/a><\/em><span dir=\"auto\" style=\"vertical-align: inherit\"><span dir=\"auto\" style=\"vertical-align: inherit\"><span dir=\"auto\" style=\"vertical-align: inherit\"><span dir=\"auto\" style=\"vertical-align: inherit\"> .<\/span><\/span><\/span><\/span><\/p>\n<h3><strong><span dir=\"auto\" style=\"vertical-align: inherit\"><span dir=\"auto\" style=\"vertical-align: inherit\"><span dir=\"auto\" style=\"vertical-align: inherit\"><span dir=\"auto\" style=\"vertical-align: inherit\">La portata della realt\u00e0 attraverso la matematica<\/span><\/span><\/span><\/span><\/strong><\/h3>\n<p><span dir=\"auto\" style=\"vertical-align: inherit\"><span dir=\"auto\" style=\"vertical-align: inherit\"><span dir=\"auto\" style=\"vertical-align: inherit\"><span dir=\"auto\" style=\"vertical-align: inherit\">Il progresso scientifico ha rivelato che il nostro senso di percezione \u00e8 solo lo strato superficiale dell&#8217;universo. Se conosciamo i trilioni di neutrini che attraversano il nostro corpo in un secondo, la nostra intuizione ci abbandona quando immaginiamo la curvatura dello spazio nel tempo. Tuttavia, abbiamo sviluppato un &#8220;senso&#8221; capace di cogliere questa realt\u00e0 amplata: la matematica.<\/span><\/span><\/span><\/span><\/p>\n<figure id=\"attachment_163424\" aria-describedby=\"caption-attachment-163424\" style=\"width: 300px\" class=\"wp-caption alignleft\"><img loading=\"lazy\" decoding=\"async\" class=\"size-medium wp-image-163424\" src=\"https:\/\/exaudi.org\/wp-content\/uploads\/2026\/03\/1-300x169.webp\" alt=\"\" width=\"300\" height=\"169\" srcset=\"https:\/\/exaudi.org\/wp-content\/uploads\/2026\/03\/1-300x169.webp 300w, https:\/\/exaudi.org\/wp-content\/uploads\/2026\/03\/1-500x282.webp 500w, https:\/\/exaudi.org\/wp-content\/uploads\/2026\/03\/1.webp 600w\" sizes=\"auto, (max-width: 300px) 100vw, 300px\" \/><figcaption id=\"caption-attachment-163424\" class=\"wp-caption-text\"><em><span dir=\"auto\" style=\"vertical-align: inherit\"><span dir=\"auto\" style=\"vertical-align: inherit\">Oltre all&#8217;equazione, sulla lapide si legge: &#8220;Chi era il mortale di Stephen Hawking (1942-2018)&#8221;<\/span><\/span><\/em><\/p>\n<p><\/figcaption><\/figure>\n<p><span dir=\"auto\" style=\"vertical-align: inherit\"><span dir=\"auto\" style=\"vertical-align: inherit\"><span dir=\"auto\" style=\"vertical-align: inherit\"><span dir=\"auto\" style=\"vertical-align: inherit\">Mentre l&#8217;equazione di campo di Einstein descriveva la stessa struttura del testo cosmico, il principio di indeterminazione di Heisenberg tiene conto delle fluttuazioni dell&#8217;energia della vita. Tutto ci\u00f2 che sappiamo \u00e8 che abbiamo sull&#8217;infinitesimale e sull&#8217;incommensurabile lo dobbiamo a queste strutture logiche. Pertanto, la percezione sensoriale \u00e8 ancorata alla realt\u00e0 immediata e pratica, mentre la matematica rappresenta la verit\u00e0 reale e immutabile della gamba naturale.<\/span><\/span><\/span><\/span><\/p>\n<p><span dir=\"auto\" style=\"vertical-align: inherit\"><span dir=\"auto\" style=\"vertical-align: inherit\"><span dir=\"auto\" style=\"vertical-align: inherit\"><span dir=\"auto\" style=\"vertical-align: inherit\">Cosa significa, dunque, che Hawking &#8220;ha viaggiato attraverso l&#8217;universo&#8221;? L&#8217;affermazione di Hawking sui suoi viaggi mentali non \u00e8, quindi, una licenza poetica, bens\u00ec una dichiarazione sul potere della mente umana come organo sensoriale di superiore ordine. Attraverso la matematica, il pensatore scopre una forma di esplorazione.<\/span><\/span><\/span><\/span><\/p>\n<h3><\/h3>\n<h3><strong><span dir=\"auto\" style=\"vertical-align: inherit\"><span dir=\"auto\" style=\"vertical-align: inherit\"><span dir=\"auto\" style=\"vertical-align: inherit\"><span dir=\"auto\" style=\"vertical-align: inherit\">La percezione mentale della matematica<\/span><\/span><\/span><\/span><\/strong><\/h3>\n<p><span dir=\"auto\" style=\"vertical-align: inherit\"><span dir=\"auto\" style=\"vertical-align: inherit\"><span dir=\"auto\" style=\"vertical-align: inherit\"><span dir=\"auto\" style=\"vertical-align: inherit\">Le neuroscienze non ha dimostrato che il cervello non ha sviluppato nuove aree per la matematica \u2013 una pietra miliare culturale troppo recente sulla scala evolutiva \u2013 ma ha piuttosto &#8220;riciclato&#8221; circuiti neurali originariamente progettati per la percezione di forme e spazi fisici. Secondo Stanislas Dehaene, l&#8217;esperienza matematica di alto livello e il senso numerico basati su radici condivise in un circuito cerebrale non linguistico <\/span><\/span><\/span><\/span><a href=\"https:\/\/www.observatoriobioetica.org\/2026\/03\/la-mente-frente-a-la-realidad\/10007558#_ftn3\" name=\"_ftnref3\"><sup><span dir=\"auto\" style=\"vertical-align: inherit\"><span dir=\"auto\" style=\"vertical-align: inherit\"><span dir=\"auto\" style=\"vertical-align: inherit\"><span dir=\"auto\" style=\"vertical-align: inherit\">[3]<\/span><\/span><\/span><\/span><\/sup><\/a><span dir=\"auto\" style=\"vertical-align: inherit\"><span dir=\"auto\" style=\"vertical-align: inherit\"><span dir=\"auto\" style=\"vertical-align: inherit\"><span dir=\"auto\" style=\"vertical-align: inherit\"> . Questa architettura suggerisce che il cervello elabori strategie di struttura matematica seguendo rigorosamente lo stesso protocollo utilizzato per identificare un oggetto ordinario.<\/span><\/span><\/span><\/span><\/p>\n<p><span dir=\"auto\" style=\"vertical-align: inherit\"><span dir=\"auto\" style=\"vertical-align: inherit\"><span dir=\"auto\" style=\"vertical-align: inherit\"><span dir=\"auto\" style=\"vertical-align: inherit\">In fin dei conti, abbiamo meccanismi innati per individualizzare la dimensione e la grandezza; per il nostro sistema nervoso, il numero \u00e8 una dimensione di analisi fondamentale e intrinseca tanto quanto il colore o la forma. Comes Dehaene:\u00a0 <\/span><\/span><\/span><\/span><em><span dir=\"auto\" style=\"vertical-align: inherit\"><span dir=\"auto\" style=\"vertical-align: inherit\"><span dir=\"auto\" style=\"vertical-align: inherit\"><span dir=\"auto\" style=\"vertical-align: inherit\">\u201cCos\u00ec non possiamo evitare di vedere gli oggetti a colori\u2026 e in posizioni definite nello spazio\u2026 in questo modo, la quantit\u00e0 numerica ci viene imposta senza sforzo\u201d <\/span><\/span><\/span><\/span><\/em>\u00a0<sup><a href=\"https:\/\/www.observatoriobioetica.org\/2026\/03\/la-mente-frente-a-la-realidad\/10007558#_ftn4\" name=\"_ftnref4\"><span dir=\"auto\" style=\"vertical-align: inherit\"><span dir=\"auto\" style=\"vertical-align: inherit\"><span dir=\"auto\" style=\"vertical-align: inherit\"><span dir=\"auto\" style=\"vertical-align: inherit\">[4]<\/span><\/span><\/span><\/span><\/a><\/sup><\/p>\n<p><span dir=\"auto\" style=\"vertical-align: inherit\"><span dir=\"auto\" style=\"vertical-align: inherit\"><span dir=\"auto\" style=\"vertical-align: inherit\"><span dir=\"auto\" style=\"vertical-align: inherit\">Questa equivalenza funzionale \u00e8 perch\u00e9, per percepire un po&#8217;, il cervello analizza simmetrie, spirali e volumi, e perch\u00e9 impieghi il tesisso meccanismo visivo spaziale per rivelare come operazioni complesse. Il cervello non tratta la matematica come dati intellettuali, ma come entit\u00e0 geometriche. Infatti, la differenza cruciale tra un principiante e un esperto risiede proprio in questo: mentre il primo tentativo di decodificare un&#8217;equazione in modalit\u00e0 sequenziale, come un linguaggio \u00e8 fatto, l&#8217;esperto rischia di &#8220;vederla&#8221; e manipolarla mentalmente come una struttura geometrica tangibile, conferendo all&#8217;astrazione la stessa entit\u00e0 fisica e spaziale posseduta da un oggetto nel mondo tangibile.<\/span><\/span><\/span><\/span><\/p>\n<p><a href=\"https:\/\/www.observatoriobioetica.org\/wp-content\/uploads\/2026\/03\/ribes2-scaled.jpg\" data-caption=\"\"><img loading=\"lazy\" decoding=\"async\" src=\"https:\/\/www.observatoriobioetica.org\/wp-content\/uploads\/2026\/03\/ribes2-1024x199.jpg\" alt=\"\" width=\"1322\" height=\"257\" \/><\/a><\/p>\n<h3><strong><span dir=\"auto\" style=\"vertical-align: inherit\"><span dir=\"auto\" style=\"vertical-align: inherit\"><span dir=\"auto\" style=\"vertical-align: inherit\"><span dir=\"auto\" style=\"vertical-align: inherit\">Il viaggio di Hawking<\/span><\/span><\/span><\/span><\/strong><\/h3>\n<p><span dir=\"auto\" style=\"vertical-align: inherit\"><span dir=\"auto\" style=\"vertical-align: inherit\"><span dir=\"auto\" style=\"vertical-align: inherit\"><span dir=\"auto\" style=\"vertical-align: inherit\">In questa risposta si ha la sensazione che Hawking abbia viaggiato maturamente attraverso l&#8217;universo per altri quattro anni. Ha ripercorso l&#8217;origine degli eventi dei buchi neri invisibili ed \u00e8 rimasto l\u00ec, nel regno dell&#8217;astrozione pura, rivelando le connessioni tra relativit\u00e0, termodinamica e fisica quantistica. All this way, anni prima, un giovanissimo Einstein se si fondava in un esperimento simile quando, sedici anni, se gli veniva chiesto:\u00a0 <\/span><\/span><\/span><\/span><em><span dir=\"auto\" style=\"vertical-align: inherit\"><span dir=\"auto\" style=\"vertical-align: inherit\"><span dir=\"auto\" style=\"vertical-align: inherit\"><span dir=\"auto\" style=\"vertical-align: inherit\">cosa succede se troviamo un raggio di luz alla velocit\u00e0 della luz?<\/span><\/span><\/span><\/span><\/em><span dir=\"auto\" style=\"vertical-align: inherit\"><span dir=\"auto\" style=\"vertical-align: inherit\"><span dir=\"auto\" style=\"vertical-align: inherit\"><span dir=\"auto\" style=\"vertical-align: inherit\"> \u00a0Un&#8217;indagine interiore che condusse alla formulazione della relativit\u00e0 ristretta.<\/span><\/span><\/span><\/span><\/p>\n<p><span dir=\"auto\" style=\"vertical-align: inherit\"><span dir=\"auto\" style=\"vertical-align: inherit\"><span dir=\"auto\" style=\"vertical-align: inherit\"><span dir=\"auto\" style=\"vertical-align: inherit\">L&#8217;esperienza del viaggio di Hawking fu profondamente segnata dal fatto che l&#8217;avrebbe portata con s\u00e9 come uomo ricco, un uomo la cui vita fu particolarmente gloriosa. Pertanto, l&#8217;equazione che descrive la temperatura del buchi neri \u00e8 incisa sulla sua pietra nell&#8217;Abbazia di Westminster:<\/span><\/span><\/span><\/span><\/p>\n<p><a href=\"https:\/\/www.observatoriobioetica.org\/wp-content\/uploads\/2026\/03\/formula.png\" data-caption=\"\"><img loading=\"lazy\" decoding=\"async\" class=\"aligncenter\" src=\"https:\/\/www.observatoriobioetica.org\/wp-content\/uploads\/2026\/03\/formula.png\" alt=\"\" width=\"116\" height=\"52\" \/><\/a><\/p>\n<p><span dir=\"auto\" style=\"vertical-align: inherit\"><span dir=\"auto\" style=\"vertical-align: inherit\"><span dir=\"auto\" style=\"vertical-align: inherit\"><span dir=\"auto\" style=\"vertical-align: inherit\">Questa formula, che si riferisce ai cinque costi dei fondamenti della natura <\/span><\/span><\/span><\/span><a href=\"https:\/\/www.observatoriobioetica.org\/2026\/03\/la-mente-frente-a-la-realidad\/10007558#_ftnref5\" name=\"_ftnref1\"><sup><span dir=\"auto\" style=\"vertical-align: inherit\"><span dir=\"auto\" style=\"vertical-align: inherit\"><span dir=\"auto\" style=\"vertical-align: inherit\"><span dir=\"auto\" style=\"vertical-align: inherit\">[5]<\/span><\/span><\/span><\/span><\/sup><\/a><span dir=\"auto\" style=\"vertical-align: inherit\"><span dir=\"auto\" style=\"vertical-align: inherit\"><span dir=\"auto\" style=\"vertical-align: inherit\"><span dir=\"auto\" style=\"vertical-align: inherit\"> , \u00e8 la mappa della sua portata pi\u00f9 famosa: e i neri dell&#8217;universo non sono completamente neri, ma c&#8217;\u00e8 una nota chiara come la radiazione di Hawking.<\/span><\/span><\/span><\/span><\/p>\n<p><a href=\"https:\/\/www.observatoriobioetica.org\/2026\/03\/la-mente-frente-a-la-realidad\/10007558#_ftnref1\" name=\"_ftn1\"><\/a><\/p>\n<h3><strong><span dir=\"auto\" style=\"vertical-align: inherit\"><span dir=\"auto\" style=\"vertical-align: inherit\"><span dir=\"auto\" style=\"vertical-align: inherit\"><span dir=\"auto\" style=\"vertical-align: inherit\">La mente divora l&#8217;ultima frontiera<\/span><\/span><\/span><\/span><\/strong><\/h3>\n<p><span dir=\"auto\" style=\"vertical-align: inherit\"><span dir=\"auto\" style=\"vertical-align: inherit\"><span dir=\"auto\" style=\"vertical-align: inherit\"><span dir=\"auto\" style=\"vertical-align: inherit\">In breve, il viaggio di Stephen Hawking rivela una profonda verit\u00e0 sulla nostra specie: non seguiamo i principi della nostra biologia. C&#8217;\u00e8 la consapevolezza che l&#8217;evoluzione ci ha dotato di una sensibilit\u00e0 limitata, necessaria per garantire la nostra sopravvivenza nella savana, e che abbiamo anche dotato una mente della straordinaria capacit\u00e0 di ampliare la nostra comprensione del cosmo.<\/span><\/span><\/span><\/span><\/p>\n<p><em><strong><a href=\"https:\/\/www.observatoriobioetica.org\/?s=ribes&amp;post_type%5B%5D=any&amp;search_limit_to_post_titles=0&amp;live_min_character=4&amp;live_posts_per_page=100&amp;live_search_display_featured_image=1&amp;live_search_display_post_type=1&amp;fs=1\" data-wpel-link=\"internal\"><span dir=\"auto\" style=\"vertical-align: inherit\"><span dir=\"auto\" style=\"vertical-align: inherit\"><span dir=\"auto\" style=\"vertical-align: inherit\"><span dir=\"auto\" style=\"vertical-align: inherit\">Manuel Ribes<\/span><\/span><\/span><\/span><\/a><span dir=\"auto\" style=\"vertical-align: inherit\"><span dir=\"auto\" style=\"vertical-align: inherit\"><span dir=\"auto\" style=\"vertical-align: inherit\"><span dir=\"auto\" style=\"vertical-align: inherit\"> \u00a0. Istituto di Scienze della Vita. Osservatorio di Bioetica. Universit\u00e0 Cattolica di Valencia.<\/span><\/span><\/span><\/span><\/strong><\/em><\/p>\n<p>&nbsp;<\/p>\n<p><span dir=\"auto\" style=\"vertical-align: inherit\"><span dir=\"auto\" style=\"vertical-align: inherit\">***<\/span><\/span><\/p>\n<p><a href=\"https:\/\/www.observatoriobioetica.org\/2026\/03\/la-mente-frente-a-la-realidad\/10007558#_ftnref1\" name=\"_ftn1\"><span dir=\"auto\" style=\"vertical-align: inherit\"><span dir=\"auto\" style=\"vertical-align: inherit\">[1]<\/span><\/span><\/a><span dir=\"auto\" style=\"vertical-align: inherit\"><span dir=\"auto\" style=\"vertical-align: inherit\"> \u00a0Stephen Hawking\u00a0\u00a0 <\/span><\/span><em><span dir=\"auto\" style=\"vertical-align: inherit\"><span dir=\"auto\" style=\"vertical-align: inherit\">Brevi risposte alle grandi domande\u00a0<\/span><\/span><\/em><span dir=\"auto\" style=\"vertical-align: inherit\"><span dir=\"auto\" style=\"vertical-align: inherit\"> \u00a0Editorial Planeta SA, 2018 ISBN: 978-84-9199-058-1 (epub)<\/span><\/span><\/p>\n<p><a href=\"https:\/\/www.observatoriobioetica.org\/2026\/03\/la-mente-frente-a-la-realidad\/10007558#_ftnref2\" name=\"_ftn2\"><span dir=\"auto\" style=\"vertical-align: inherit\"><span dir=\"auto\" style=\"vertical-align: inherit\">[2]<\/span><\/span><\/a><span dir=\"auto\" style=\"vertical-align: inherit\"><span dir=\"auto\" style=\"vertical-align: inherit\"> \u00a0https:\/\/quoteinvestigator.com\/2016\/09\/09\/language\/#7b00d116-d3e2-4149-a739-f8913649a3d1-link<\/span><\/span><\/p>\n<p><a href=\"https:\/\/www.observatoriobioetica.org\/2026\/03\/la-mente-frente-a-la-realidad\/10007558#_ftnref3\" name=\"_ftn3\"><span dir=\"auto\" style=\"vertical-align: inherit\"><span dir=\"auto\" style=\"vertical-align: inherit\">[3]<\/span><\/span><\/a><span dir=\"auto\" style=\"vertical-align: inherit\"><span dir=\"auto\" style=\"vertical-align: inherit\"> \u00a0Marie Amalric e Stanislas Dehaene\u00a0 <\/span><\/span><em><span dir=\"auto\" style=\"vertical-align: inherit\"><span dir=\"auto\" style=\"vertical-align: inherit\">\u00a0Origini delle reti cerebrali per la matematica avanzata nei matematici esperti<\/span><\/span><\/em><span dir=\"auto\" style=\"vertical-align: inherit\"><span dir=\"auto\" style=\"vertical-align: inherit\"> \u00a0\u00a0 PNAS | 3 maggio 2016 | vol. 113 | n. 18 |<\/span><\/span><\/p>\n<p><a href=\"https:\/\/www.observatoriobioetica.org\/2026\/03\/la-mente-frente-a-la-realidad\/10007558#_ftnref4\" name=\"_ftn4\"><span dir=\"auto\" style=\"vertical-align: inherit\"><span dir=\"auto\" style=\"vertical-align: inherit\">[4]<\/span><\/span><\/a><span dir=\"auto\" style=\"vertical-align: inherit\"><span dir=\"auto\" style=\"vertical-align: inherit\"> \u00a0Stanislas Dehaene \u00a0\u00a0 <\/span><\/span><em><span dir=\"auto\" style=\"vertical-align: inherit\"><span dir=\"auto\" style=\"vertical-align: inherit\">\u00a0Il senso del numero Come la mente crea la matematica<\/span><\/span><\/em><span dir=\"auto\" style=\"vertical-align: inherit\"><span dir=\"auto\" style=\"vertical-align: inherit\"> \u00a0\u00a0 Oxford University Press 1997 ISBN 0-19-511004-8<\/span><\/span><\/p>\n<p><a href=\"https:\/\/www.observatoriobioetica.org\/2026\/03\/la-mente-frente-a-la-realidad\/10007558#_ftnref5\" name=\"_ftn5\"><span dir=\"auto\" style=\"vertical-align: inherit\"><span dir=\"auto\" style=\"vertical-align: inherit\">[5] <\/span><\/span><\/a>\u00a0<strong><span dir=\"auto\" style=\"vertical-align: inherit\"><span dir=\"auto\" style=\"vertical-align: inherit\">\u00a0T<\/span><\/span><\/strong><span dir=\"auto\" style=\"vertical-align: inherit\"><span dir=\"auto\" style=\"vertical-align: inherit\"> : Temperatura di Hawking.<\/span><\/span><\/p>\n<p><strong><span dir=\"auto\" style=\"vertical-align: inherit\"><span dir=\"auto\" style=\"vertical-align: inherit\">\u00a0\u00a0\u00a0\u00a0\u0127<\/span><\/span><\/strong><span dir=\"auto\" style=\"vertical-align: inherit\"><span dir=\"auto\" style=\"vertical-align: inherit\"> : Costante di Planck ridotta (il mondo quantistico).<\/span><\/span><\/p>\n<p><strong><span dir=\"auto\" style=\"vertical-align: inherit\"><span dir=\"auto\" style=\"vertical-align: inherit\">\u00a0\u00a0\u00a0\u00a0c<\/span><\/span><\/strong><span dir=\"auto\" style=\"vertical-align: inherit\"><span dir=\"auto\" style=\"vertical-align: inherit\"> : Velocit\u00e0 della luce (relativit\u00e0).<\/span><\/span><\/p>\n<p><strong><span dir=\"auto\" style=\"vertical-align: inherit\"><span dir=\"auto\" style=\"vertical-align: inherit\">\u00a0\u00a0\u00a0\u00a0\u03c0<\/span><\/span><\/strong><span dir=\"auto\" style=\"vertical-align: inherit\"><span dir=\"auto\" style=\"vertical-align: inherit\"> : Pi (geometria).<\/span><\/span><\/p>\n<p><strong><span dir=\"auto\" style=\"vertical-align: inherit\"><span dir=\"auto\" style=\"vertical-align: inherit\">\u00a0\u00a0\u00a0\u00a0G<\/span><\/span><\/strong><span dir=\"auto\" style=\"vertical-align: inherit\"><span dir=\"auto\" style=\"vertical-align: inherit\"> : Costante gravitazionale (gravit\u00e0).<\/span><\/span><\/p>\n<p><strong><span dir=\"auto\" style=\"vertical-align: inherit\"><span dir=\"auto\" style=\"vertical-align: inherit\">\u00a0\u00a0\u00a0\u00a0M<\/span><\/span><\/strong><span dir=\"auto\" style=\"vertical-align: inherit\"><span dir=\"auto\" style=\"vertical-align: inherit\"> : Massa del buco nero.<\/span><\/span><\/p>\n<p><strong><span dir=\"auto\" style=\"vertical-align: inherit\"><span dir=\"auto\" style=\"vertical-align: inherit\">\u00a0\u00a0\u00a0\u00a0k<\/span><\/span><\/strong><span dir=\"auto\" style=\"vertical-align: inherit\"><span dir=\"auto\" style=\"vertical-align: inherit\"> : costante di Boltzmann (termodinamica).<\/span><\/span><\/p>\n","protected":false},"excerpt":{"rendered":"<p>Tra ci\u00f2 che percepiamo e ci\u00f2 che comprendiamo<\/p>\n","protected":false},"author":87,"featured_media":163209,"comment_status":"closed","ping_status":"closed","sticky":false,"template":"","format":"standard","meta":{"_acf_changed":false,"_crdt_document":"","inline_featured_image":false,"footnotes":""},"categories":[71],"tags":[90543,48643,12225,104539,14434,36234,104540,104541,104542,104543,13859,104544,104545,48651,12870,48652,104546,18227,104547,104538,104548,64787,63054],"class_list":["post-163420","post","type-post","status-publish","format-standard","has-post-thumbnail","hentry","category-analisi","tag-astrazione","tag-cognizione","tag-conoscenza","tag-epistemologia-2","tag-filosofia-della-scienza","tag-fisica-quantistica","tag-fisica-teorica-2","tag-interpretazione-della-realta","tag-leggi-naturali","tag-limiti-dei-sensi","tag-manuel-ribes-2","tag-matematica","tag-mente-umana","tag-neuroscienze","tag-osservatorio-di-bioetica-delluniversita-cattolica-di-valencia","tag-percezione","tag-percezione-sensoriale","tag-realta","tag-relativita","tag-scienza-e-mente","tag-stephen-hawking-2","tag-trending-it-236","tag-universo-2"],"acf":[],"yoast_head":"<!-- This site is optimized with the Yoast SEO plugin v27.5 - https:\/\/yoast.com\/product\/yoast-seo-wordpress\/ -->\n<title>La mente contro la realt\u00e0 &#8211; Exaudi<\/title>\n<meta name=\"robots\" content=\"index, follow, max-snippet:-1, max-image-preview:large, max-video-preview:-1\" \/>\n<link rel=\"canonical\" href=\"https:\/\/exaudi.org\/it\/la-mente-contro-la-realta\/\" \/>\n<meta property=\"og:locale\" content=\"it_IT\" \/>\n<meta property=\"og:type\" content=\"article\" \/>\n<meta property=\"og:title\" content=\"La mente contro la realt\u00e0 &#8211; Exaudi\" \/>\n<meta property=\"og:description\" content=\"Tra ci\u00f2 che percepiamo e ci\u00f2 che comprendiamo\" \/>\n<meta property=\"og:url\" content=\"https:\/\/exaudi.org\/it\/la-mente-contro-la-realta\/\" \/>\n<meta property=\"og:site_name\" content=\"Exaudi\" \/>\n<meta property=\"article:publisher\" content=\"https:\/\/www.facebook.com\/ExaudiNews\" \/>\n<meta property=\"article:author\" content=\"https:\/\/www.facebook.com\/observatoriodebioetica\/\" \/>\n<meta property=\"article:published_time\" content=\"2026-03-27T15:44:29+00:00\" \/>\n<meta property=\"article:modified_time\" content=\"2026-03-27T15:52:43+00:00\" \/>\n<meta property=\"og:image\" content=\"https:\/\/exaudi.org\/wp-content\/uploads\/2026\/03\/ribes1-scaled.jpg-scaled.jpg\" \/>\n\t<meta property=\"og:image:width\" content=\"2560\" \/>\n\t<meta property=\"og:image:height\" content=\"994\" \/>\n\t<meta property=\"og:image:type\" content=\"image\/jpeg\" \/>\n<meta name=\"author\" content=\"Observatorio de Bio\u00e9tica UCV\" \/>\n<meta name=\"twitter:card\" content=\"summary_large_image\" \/>\n<meta name=\"twitter:creator\" content=\"@obioetica\" \/>\n<meta name=\"twitter:site\" content=\"@Exaudi_News\" \/>\n<meta name=\"twitter:label1\" content=\"Scritto da\" \/>\n\t<meta name=\"twitter:data1\" content=\"Observatorio de Bio\u00e9tica UCV\" \/>\n\t<meta name=\"twitter:label2\" content=\"Tempo di lettura stimato\" \/>\n\t<meta name=\"twitter:data2\" content=\"6 minuti\" \/>\n<script type=\"application\/ld+json\" class=\"yoast-schema-graph\">{\"@context\":\"https:\\\/\\\/schema.org\",\"@graph\":[{\"@type\":\"Article\",\"@id\":\"https:\\\/\\\/exaudi.org\\\/it\\\/la-mente-contro-la-realta\\\/#article\",\"isPartOf\":{\"@id\":\"https:\\\/\\\/exaudi.org\\\/it\\\/la-mente-contro-la-realta\\\/\"},\"author\":{\"name\":\"Observatorio de Bio\u00e9tica UCV\",\"@id\":\"https:\\\/\\\/exaudi.org\\\/#\\\/schema\\\/person\\\/05d1c06e56ecb5490e9bff0d27026595\"},\"headline\":\"La mente contro la realt\u00e0\",\"datePublished\":\"2026-03-27T15:44:29+00:00\",\"dateModified\":\"2026-03-27T15:52:43+00:00\",\"mainEntityOfPage\":{\"@id\":\"https:\\\/\\\/exaudi.org\\\/it\\\/la-mente-contro-la-realta\\\/\"},\"wordCount\":1332,\"image\":{\"@id\":\"https:\\\/\\\/exaudi.org\\\/it\\\/la-mente-contro-la-realta\\\/#primaryimage\"},\"thumbnailUrl\":\"https:\\\/\\\/exaudi.org\\\/wp-content\\\/uploads\\\/2026\\\/03\\\/ribes1-scaled.jpg-scaled.jpg\",\"keywords\":[\"astrazione\",\"cognizione\",\"CONOSCENZA\",\"epistemologia\",\"Filosofia della scienza\",\"Fisica Quantistica\",\"fisica teorica\",\"interpretazione della realt\u00e0\",\"leggi naturali\",\"limiti dei sensi\",\"MANUEL RIBES\",\"matematica\",\"mente umana\",\"Neuroscienze\",\"OSSERVATORIO DI BIOETICA DELL'UNIVERSIT\u00c0 CATTOLICA DI VALENCIA\",\"percezione\",\"percezione sensoriale\",\"REALT\u00c0\",\"relativit\u00e0\",\"scienza e mente\",\"Stephen Hawking\",\"Trending\",\"Universo\"],\"articleSection\":[\"Analisi\"],\"inLanguage\":\"it-IT\"},{\"@type\":\"WebPage\",\"@id\":\"https:\\\/\\\/exaudi.org\\\/it\\\/la-mente-contro-la-realta\\\/\",\"url\":\"https:\\\/\\\/exaudi.org\\\/it\\\/la-mente-contro-la-realta\\\/\",\"name\":\"La mente contro la realt\u00e0 &#8211; Exaudi\",\"isPartOf\":{\"@id\":\"https:\\\/\\\/exaudi.org\\\/#website\"},\"primaryImageOfPage\":{\"@id\":\"https:\\\/\\\/exaudi.org\\\/it\\\/la-mente-contro-la-realta\\\/#primaryimage\"},\"image\":{\"@id\":\"https:\\\/\\\/exaudi.org\\\/it\\\/la-mente-contro-la-realta\\\/#primaryimage\"},\"thumbnailUrl\":\"https:\\\/\\\/exaudi.org\\\/wp-content\\\/uploads\\\/2026\\\/03\\\/ribes1-scaled.jpg-scaled.jpg\",\"datePublished\":\"2026-03-27T15:44:29+00:00\",\"dateModified\":\"2026-03-27T15:52:43+00:00\",\"author\":{\"@id\":\"https:\\\/\\\/exaudi.org\\\/#\\\/schema\\\/person\\\/05d1c06e56ecb5490e9bff0d27026595\"},\"breadcrumb\":{\"@id\":\"https:\\\/\\\/exaudi.org\\\/it\\\/la-mente-contro-la-realta\\\/#breadcrumb\"},\"inLanguage\":\"it-IT\",\"potentialAction\":[{\"@type\":\"ReadAction\",\"target\":[\"https:\\\/\\\/exaudi.org\\\/it\\\/la-mente-contro-la-realta\\\/\"]}]},{\"@type\":\"ImageObject\",\"inLanguage\":\"it-IT\",\"@id\":\"https:\\\/\\\/exaudi.org\\\/it\\\/la-mente-contro-la-realta\\\/#primaryimage\",\"url\":\"https:\\\/\\\/exaudi.org\\\/wp-content\\\/uploads\\\/2026\\\/03\\\/ribes1-scaled.jpg-scaled.jpg\",\"contentUrl\":\"https:\\\/\\\/exaudi.org\\\/wp-content\\\/uploads\\\/2026\\\/03\\\/ribes1-scaled.jpg-scaled.jpg\",\"width\":2560,\"height\":994},{\"@type\":\"BreadcrumbList\",\"@id\":\"https:\\\/\\\/exaudi.org\\\/it\\\/la-mente-contro-la-realta\\\/#breadcrumb\",\"itemListElement\":[{\"@type\":\"ListItem\",\"position\":1,\"name\":\"Portada\",\"item\":\"https:\\\/\\\/exaudi.org\\\/it\\\/\"},{\"@type\":\"ListItem\",\"position\":2,\"name\":\"La mente contro la realt\u00e0\"}]},{\"@type\":\"WebSite\",\"@id\":\"https:\\\/\\\/exaudi.org\\\/#website\",\"url\":\"https:\\\/\\\/exaudi.org\\\/\",\"name\":\"Exaudi\",\"description\":\"News\",\"potentialAction\":[{\"@type\":\"SearchAction\",\"target\":{\"@type\":\"EntryPoint\",\"urlTemplate\":\"https:\\\/\\\/exaudi.org\\\/?s={search_term_string}\"},\"query-input\":{\"@type\":\"PropertyValueSpecification\",\"valueRequired\":true,\"valueName\":\"search_term_string\"}}],\"inLanguage\":\"it-IT\"},{\"@type\":\"Person\",\"@id\":\"https:\\\/\\\/exaudi.org\\\/#\\\/schema\\\/person\\\/05d1c06e56ecb5490e9bff0d27026595\",\"name\":\"Observatorio de Bio\u00e9tica UCV\",\"image\":{\"@type\":\"ImageObject\",\"inLanguage\":\"it-IT\",\"@id\":\"https:\\\/\\\/secure.gravatar.com\\\/avatar\\\/086563f59595a89fb0851de25d712a03657b1cdfa8af3c9cd0a1ee122fc5d596?s=96&d=mm&r=g\",\"url\":\"https:\\\/\\\/secure.gravatar.com\\\/avatar\\\/086563f59595a89fb0851de25d712a03657b1cdfa8af3c9cd0a1ee122fc5d596?s=96&d=mm&r=g\",\"contentUrl\":\"https:\\\/\\\/secure.gravatar.com\\\/avatar\\\/086563f59595a89fb0851de25d712a03657b1cdfa8af3c9cd0a1ee122fc5d596?s=96&d=mm&r=g\",\"caption\":\"Observatorio de Bio\u00e9tica UCV\"},\"description\":\"El Observatorio de Bio\u00e9tica se encuentra dentro del Instituto Ciencias de la vida de la Universidad Cat\u00f3lica de Valencia \u201cSan Vicente M\u00e1rtir\u201d . En el trasfondo de sus publicaciones, se defiende la vida humana desde la fecundaci\u00f3n a la muerte natural y la dignidad de la persona, teniendo como objetivo aunar esfuerzos para difundir la cultura de la vida como la define la Evangelium Vitae.\",\"sameAs\":[\"https:\\\/\\\/www.observatoriobioetica.org\\\/\",\"https:\\\/\\\/www.facebook.com\\\/observatoriodebioetica\\\/\",\"https:\\\/\\\/x.com\\\/obioetica\",\"https:\\\/\\\/www.youtube.com\\\/channel\\\/UC_Tr4WS5-TXoNo5e1MdQc7w\"],\"url\":\"https:\\\/\\\/exaudi.org\\\/it\\\/author\\\/observatoriodebioeticaucv\\\/\"}]}<\/script>\n<!-- \/ Yoast SEO plugin. -->","yoast_head_json":{"title":"La mente contro la realt\u00e0 &#8211; Exaudi","robots":{"index":"index","follow":"follow","max-snippet":"max-snippet:-1","max-image-preview":"max-image-preview:large","max-video-preview":"max-video-preview:-1"},"canonical":"https:\/\/exaudi.org\/it\/la-mente-contro-la-realta\/","og_locale":"it_IT","og_type":"article","og_title":"La mente contro la realt\u00e0 &#8211; Exaudi","og_description":"Tra ci\u00f2 che percepiamo e ci\u00f2 che comprendiamo","og_url":"https:\/\/exaudi.org\/it\/la-mente-contro-la-realta\/","og_site_name":"Exaudi","article_publisher":"https:\/\/www.facebook.com\/ExaudiNews","article_author":"https:\/\/www.facebook.com\/observatoriodebioetica\/","article_published_time":"2026-03-27T15:44:29+00:00","article_modified_time":"2026-03-27T15:52:43+00:00","og_image":[{"width":2560,"height":994,"url":"https:\/\/exaudi.org\/wp-content\/uploads\/2026\/03\/ribes1-scaled.jpg-scaled.jpg","type":"image\/jpeg"}],"author":"Observatorio de Bio\u00e9tica UCV","twitter_card":"summary_large_image","twitter_creator":"@obioetica","twitter_site":"@Exaudi_News","twitter_misc":{"Scritto da":"Observatorio de Bio\u00e9tica UCV","Tempo di lettura stimato":"6 minuti"},"schema":{"@context":"https:\/\/schema.org","@graph":[{"@type":"Article","@id":"https:\/\/exaudi.org\/it\/la-mente-contro-la-realta\/#article","isPartOf":{"@id":"https:\/\/exaudi.org\/it\/la-mente-contro-la-realta\/"},"author":{"name":"Observatorio de Bio\u00e9tica UCV","@id":"https:\/\/exaudi.org\/#\/schema\/person\/05d1c06e56ecb5490e9bff0d27026595"},"headline":"La mente contro la realt\u00e0","datePublished":"2026-03-27T15:44:29+00:00","dateModified":"2026-03-27T15:52:43+00:00","mainEntityOfPage":{"@id":"https:\/\/exaudi.org\/it\/la-mente-contro-la-realta\/"},"wordCount":1332,"image":{"@id":"https:\/\/exaudi.org\/it\/la-mente-contro-la-realta\/#primaryimage"},"thumbnailUrl":"https:\/\/exaudi.org\/wp-content\/uploads\/2026\/03\/ribes1-scaled.jpg-scaled.jpg","keywords":["astrazione","cognizione","CONOSCENZA","epistemologia","Filosofia della scienza","Fisica Quantistica","fisica teorica","interpretazione della realt\u00e0","leggi naturali","limiti dei sensi","MANUEL RIBES","matematica","mente umana","Neuroscienze","OSSERVATORIO DI BIOETICA DELL'UNIVERSIT\u00c0 CATTOLICA DI VALENCIA","percezione","percezione sensoriale","REALT\u00c0","relativit\u00e0","scienza e mente","Stephen Hawking","Trending","Universo"],"articleSection":["Analisi"],"inLanguage":"it-IT"},{"@type":"WebPage","@id":"https:\/\/exaudi.org\/it\/la-mente-contro-la-realta\/","url":"https:\/\/exaudi.org\/it\/la-mente-contro-la-realta\/","name":"La mente contro la realt\u00e0 &#8211; Exaudi","isPartOf":{"@id":"https:\/\/exaudi.org\/#website"},"primaryImageOfPage":{"@id":"https:\/\/exaudi.org\/it\/la-mente-contro-la-realta\/#primaryimage"},"image":{"@id":"https:\/\/exaudi.org\/it\/la-mente-contro-la-realta\/#primaryimage"},"thumbnailUrl":"https:\/\/exaudi.org\/wp-content\/uploads\/2026\/03\/ribes1-scaled.jpg-scaled.jpg","datePublished":"2026-03-27T15:44:29+00:00","dateModified":"2026-03-27T15:52:43+00:00","author":{"@id":"https:\/\/exaudi.org\/#\/schema\/person\/05d1c06e56ecb5490e9bff0d27026595"},"breadcrumb":{"@id":"https:\/\/exaudi.org\/it\/la-mente-contro-la-realta\/#breadcrumb"},"inLanguage":"it-IT","potentialAction":[{"@type":"ReadAction","target":["https:\/\/exaudi.org\/it\/la-mente-contro-la-realta\/"]}]},{"@type":"ImageObject","inLanguage":"it-IT","@id":"https:\/\/exaudi.org\/it\/la-mente-contro-la-realta\/#primaryimage","url":"https:\/\/exaudi.org\/wp-content\/uploads\/2026\/03\/ribes1-scaled.jpg-scaled.jpg","contentUrl":"https:\/\/exaudi.org\/wp-content\/uploads\/2026\/03\/ribes1-scaled.jpg-scaled.jpg","width":2560,"height":994},{"@type":"BreadcrumbList","@id":"https:\/\/exaudi.org\/it\/la-mente-contro-la-realta\/#breadcrumb","itemListElement":[{"@type":"ListItem","position":1,"name":"Portada","item":"https:\/\/exaudi.org\/it\/"},{"@type":"ListItem","position":2,"name":"La mente contro la realt\u00e0"}]},{"@type":"WebSite","@id":"https:\/\/exaudi.org\/#website","url":"https:\/\/exaudi.org\/","name":"Exaudi","description":"News","potentialAction":[{"@type":"SearchAction","target":{"@type":"EntryPoint","urlTemplate":"https:\/\/exaudi.org\/?s={search_term_string}"},"query-input":{"@type":"PropertyValueSpecification","valueRequired":true,"valueName":"search_term_string"}}],"inLanguage":"it-IT"},{"@type":"Person","@id":"https:\/\/exaudi.org\/#\/schema\/person\/05d1c06e56ecb5490e9bff0d27026595","name":"Observatorio de Bio\u00e9tica UCV","image":{"@type":"ImageObject","inLanguage":"it-IT","@id":"https:\/\/secure.gravatar.com\/avatar\/086563f59595a89fb0851de25d712a03657b1cdfa8af3c9cd0a1ee122fc5d596?s=96&d=mm&r=g","url":"https:\/\/secure.gravatar.com\/avatar\/086563f59595a89fb0851de25d712a03657b1cdfa8af3c9cd0a1ee122fc5d596?s=96&d=mm&r=g","contentUrl":"https:\/\/secure.gravatar.com\/avatar\/086563f59595a89fb0851de25d712a03657b1cdfa8af3c9cd0a1ee122fc5d596?s=96&d=mm&r=g","caption":"Observatorio de Bio\u00e9tica UCV"},"description":"El Observatorio de Bio\u00e9tica se encuentra dentro del Instituto Ciencias de la vida de la Universidad Cat\u00f3lica de Valencia \u201cSan Vicente M\u00e1rtir\u201d . En el trasfondo de sus publicaciones, se defiende la vida humana desde la fecundaci\u00f3n a la muerte natural y la dignidad de la persona, teniendo como objetivo aunar esfuerzos para difundir la cultura de la vida como la define la Evangelium Vitae.","sameAs":["https:\/\/www.observatoriobioetica.org\/","https:\/\/www.facebook.com\/observatoriodebioetica\/","https:\/\/x.com\/obioetica","https:\/\/www.youtube.com\/channel\/UC_Tr4WS5-TXoNo5e1MdQc7w"],"url":"https:\/\/exaudi.org\/it\/author\/observatoriodebioeticaucv\/"}]}},"jetpack_featured_media_url":"https:\/\/exaudi.org\/wp-content\/uploads\/2026\/03\/ribes1-scaled.jpg-scaled.jpg","jetpack_shortlink":"https:\/\/wp.me\/pgKjF2-GvO","_links":{"self":[{"href":"https:\/\/exaudi.org\/it\/wp-json\/wp\/v2\/posts\/163420","targetHints":{"allow":["GET"]}}],"collection":[{"href":"https:\/\/exaudi.org\/it\/wp-json\/wp\/v2\/posts"}],"about":[{"href":"https:\/\/exaudi.org\/it\/wp-json\/wp\/v2\/types\/post"}],"author":[{"embeddable":true,"href":"https:\/\/exaudi.org\/it\/wp-json\/wp\/v2\/users\/87"}],"replies":[{"embeddable":true,"href":"https:\/\/exaudi.org\/it\/wp-json\/wp\/v2\/comments?post=163420"}],"version-history":[{"count":7,"href":"https:\/\/exaudi.org\/it\/wp-json\/wp\/v2\/posts\/163420\/revisions"}],"predecessor-version":[{"id":163423,"href":"https:\/\/exaudi.org\/it\/wp-json\/wp\/v2\/posts\/163420\/revisions\/163423"}],"wp:featuredmedia":[{"embeddable":true,"href":"https:\/\/exaudi.org\/it\/wp-json\/wp\/v2\/media\/163209"}],"wp:attachment":[{"href":"https:\/\/exaudi.org\/it\/wp-json\/wp\/v2\/media?parent=163420"}],"wp:term":[{"taxonomy":"category","embeddable":true,"href":"https:\/\/exaudi.org\/it\/wp-json\/wp\/v2\/categories?post=163420"},{"taxonomy":"post_tag","embeddable":true,"href":"https:\/\/exaudi.org\/it\/wp-json\/wp\/v2\/tags?post=163420"}],"curies":[{"name":"wp","href":"https:\/\/api.w.org\/{rel}","templated":true}]}}