{"id":163412,"date":"2026-03-27T16:29:35","date_gmt":"2026-03-27T15:29:35","guid":{"rendered":"https:\/\/exaudi.org\/?p=163412"},"modified":"2026-03-27T16:29:35","modified_gmt":"2026-03-27T15:29:35","slug":"lorigine-del-mondo","status":"publish","type":"post","link":"https:\/\/exaudi.org\/it\/lorigine-del-mondo\/","title":{"rendered":"L&#8217;origine del &#8220;mondo&#8221;"},"content":{"rendered":"<p><span dir=\"auto\" style=\"vertical-align: inherit\"><span dir=\"auto\" style=\"vertical-align: inherit\">Lo sviluppo umano inizia molto prima che un bambino acquisisca consapevolezza di s\u00e9, in un dialogo costante e profondo con l&#8217;ambiente circostante che ne plasma non solo la biologia, ma anche il mondo interiore. Questo articolo esplora come, fin dalle primissime fasi della vita \u2013 persino prima della nascita \u2013 l&#8217;interazione tra il neonato e l&#8217;ambiente influenzi progressivamente il suo sistema nervoso, le sue emozioni e il suo modo di essere nel mondo. Attraverso il concetto di &#8220;struttura primaria&#8221;, viene rivelata l&#8217;importanza cruciale dei legami precoci e dell&#8217;ambiente familiare nella formazione dell&#8217;individuo, aprendo una riflessione che trascende la mera dimensione biologica per addentrarsi nella dimensione spirituale dello sviluppo umano.<\/span><\/span><\/p>\n<p><span dir=\"auto\" style=\"vertical-align: inherit\"><span dir=\"auto\" style=\"vertical-align: inherit\">Per instaurare un rapporto adeguato con il proprio ambiente, ogni animale necessita di una stimolazione sufficiente. Questa richiede una stimolazione tempestiva e diversificata, che permetta ai suoi sensi fisiologici, ai suoi schemi motori e alla sua capacit\u00e0 di percepire l&#8217;ambiente circostante di svilupparsi in modo appropriato. Tutto ci\u00f2 \u00e8 legato alla configurazione e al perfezionamento dei processi nervosi sottostanti. Lo stesso vale nel nostro caso: il neonato (anche nella sua primissima fase fetale, e successivamente come bambino) deve essere adeguatamente stimolato per un sano sviluppo, che gli permetta di raggiungere un comportamento ottimale. Tuttavia, nel nostro caso, la questione \u00e8 pi\u00f9 complessa, poich\u00e9 coinvolge fattori spirituali che vanno oltre la sfera strettamente biologica.<\/span><\/span><\/p>\n<p><span dir=\"auto\" style=\"vertical-align: inherit\"><span dir=\"auto\" style=\"vertical-align: inherit\">Nel suo rapporto con l&#8217;ambiente, il bambino non \u00e8 passivamente esposto a tutte le informazioni provenienti dall&#8217;esterno, ma piuttosto, in qualche modo, &#8220;reagisce&#8221; ad esse: si instaura un&#8217;interazione continua tra il bambino e l&#8217;ambiente secondo schemi di assimilazione e risposta che si stabiliscono gradualmente in base alle esperienze che vive; ognuna di queste esperienze avr\u00e0 il suo corrispondente corrispettivo nervoso. Come avviene questo processo? Nello sviluppo ontogenetico del nuovo individuo che viene al mondo, le sue strutture fisiologiche si generano sulla base delle informazioni genetiche. Queste strutture, per la loro costituzione, richiedono continuamente risorse dall&#8217;ambiente, che pu\u00f2 essere identificato con il corpo materno nel caso del feto, e con l&#8217;ambiente familiare nel caso del neonato e del bambino (indipendentemente dal fatto che l&#8217;ambiente familiare possa influenzare anche il feto). Si verifica qui un&#8217;interessante circolarit\u00e0, che sar\u00e0 particolarmente rilevante alla nascita del feto, soprattutto durante i primi mesi e anni di vita: da un lato, l&#8217;organismo in via di sviluppo ha bisogno di risorse, che provengono dall&#8217;ambiente; dall&#8217;altro, la costituzione di quello stesso organismo dipender\u00e0 da tali risorse ricevute. A poco a poco, le strutture del bambino si sviluppano geneticamente e prendono forma in base a tutto ci\u00f2 che ricevono; uno sviluppo che a sua volta influenzer\u00e0 il modo in cui verranno ricevute le risorse future, in modo che, alla luce della loro ricchezza e qualit\u00e0, le sue strutture nervose, e con esse la sua personalit\u00e0, si configurino progressivamente.<\/span><\/span><\/p>\n<p><span dir=\"auto\" style=\"vertical-align: inherit\"><span dir=\"auto\" style=\"vertical-align: inherit\">Di che tipo di risorse si ha bisogno? Prima di tutto, di risorse biologiche; ma non solo biologiche: con lo sviluppo dell&#8217;organismo, diventa possibile ricevere un altro tipo di informazione di natura spirituale, che inizialmente \u00e8 eminentemente affettiva. Ci\u00f2 \u00e8 giustificato dal fatto che le strutture cerebrali che si consolidano per prime sono il tronco encefalico e le strutture sottocorticali, intimamente legate alle dinamiche vegetative e affettive del neonato. Tutta questa configurazione neurofisiologica iniziale \u00e8 ci\u00f2 che Rof Carballo chiama\u00a0 <\/span><\/span><em><span dir=\"auto\" style=\"vertical-align: inherit\"><span dir=\"auto\" style=\"vertical-align: inherit\">ordito primario<\/span><\/span><\/em><span dir=\"auto\" style=\"vertical-align: inherit\"><span dir=\"auto\" style=\"vertical-align: inherit\"> . Non si tratta di una struttura gi\u00e0 configurata, un ordito, che viene poi configurata in un modo o nell&#8217;altro, ma piuttosto del fatto che, in virt\u00f9 dello sviluppo organico e del rapporto con l&#8217;ambiente, l&#8217;ordito si costituir\u00e0 in un modo o nell&#8217;altro, il che \u00e8 qualcosa di ben diverso. Da questa prospettiva \u2014 afferma Rof in\u00a0 <\/span><\/span><em><span dir=\"auto\" style=\"vertical-align: inherit\"><span dir=\"auto\" style=\"vertical-align: inherit\">Affective Weave and Illness<\/span><\/span><\/em><span dir=\"auto\" style=\"vertical-align: inherit\"><span dir=\"auto\" style=\"vertical-align: inherit\"> \u2014 \u00abla\u00a0 <\/span><\/span><em><span dir=\"auto\" style=\"vertical-align: inherit\"><span dir=\"auto\" style=\"vertical-align: inherit\">trama primaria<\/span><\/span><\/em><span dir=\"auto\" style=\"vertical-align: inherit\"><span dir=\"auto\" style=\"vertical-align: inherit\"> \u00a0ci viene ora mostrata, quindi, come\u00a0 <\/span><\/span><em><span dir=\"auto\" style=\"vertical-align: inherit\"><span dir=\"auto\" style=\"vertical-align: inherit\">un trasferimento di modelli recettivi<\/span><\/span><\/em><span dir=\"auto\" style=\"vertical-align: inherit\"><span dir=\"auto\" style=\"vertical-align: inherit\"> , di schemi di cattura del mondo eccessivamente ricco che ci circonda\u00bb (Rof Carballo, 1999: 313).<\/span><\/span><\/p>\n<p><a href=\"https:\/\/www.observatoriobioetica.org\/wp-content\/uploads\/2026\/03\/4.jpg\" data-caption=\"\"><img loading=\"lazy\" decoding=\"async\" src=\"https:\/\/www.observatoriobioetica.org\/wp-content\/uploads\/2026\/03\/4-1024x199.jpg\" alt=\"\" width=\"1209\" height=\"235\" \/><\/a><\/p>\n<p><span dir=\"auto\" style=\"vertical-align: inherit\"><span dir=\"auto\" style=\"vertical-align: inherit\">Le relazioni del bambino con l&#8217;ambiente contribuiscono quindi a plasmare la sua struttura primaria, e questa struttura primaria, consolidandosi, determiner\u00e0 a sua volta il modo in cui il bambino si relaziona con ci\u00f2 che lo circonda. Si instaura cos\u00ec un processo di feedback, per cui il bambino, crescendo, costruisce il suo\u00a0 <\/span><\/span><em><span dir=\"auto\" style=\"vertical-align: inherit\"><span dir=\"auto\" style=\"vertical-align: inherit\">mondo<\/span><\/span><\/em><span dir=\"auto\" style=\"vertical-align: inherit\"><span dir=\"auto\" style=\"vertical-align: inherit\"> . Un mondo che, in larga misura, sar\u00e0 analogo a quello dei suoi genitori, ma non del tutto, data la natura unica di ogni individuo. L&#8217;energia vitale che vibra nel profondo di ogni persona, l&#8217;impulso ad esistere e a svilupparsi, ha bisogno, anela a un mondo, ovvero a un certo ordine del proprio ambiente. Una persona non pu\u00f2 essere compresa senza il suo mondo. Se una persona nasce in gran parte incompleta, e questo completamento avviene grazie all&#8217;insieme delle relazioni transazionali con i genitori e con gli altri, costituendo cos\u00ec la sua struttura primaria, allora il mondo sarebbe l&#8217;altra faccia della medaglia, formando un&#8217;unit\u00e0 indissolubile nell&#8217;esistenza di ciascuno di noi.<\/span><\/span><\/p>\n<p><span dir=\"auto\" style=\"vertical-align: inherit\"><span dir=\"auto\" style=\"vertical-align: inherit\">Questo mondo non \u00e8 semplicemente una rappresentazione dell&#8217;ambiente: perch\u00e9 il bambino non solo impara a percepirlo e rappresentarlo, ma anche a collocarsi e a muoversi al suo interno; assimila un ordine che non \u00e8 solo cognitivo, ma anche affettivo e assiologico, che non \u00e8 altro che il precipitato della sua interazione personale con l&#8217;ordine che i genitori esprimono attraverso la struttura familiare, che il bambino incontra alla nascita. Tutto ci\u00f2 avviene con crescente complessit\u00e0, in parallelo con lo sviluppo fisiologico del corpo del bambino e, soprattutto, del suo sistema nervoso: se da un lato le diverse parti dell&#8217;organismo si sviluppano e si integrano in un tutto, dall&#8217;altro questo va di pari passo con la coordinazione nervosa e la configurazione cerebrale: insieme allo sviluppo delle sue strutture, si stabiliscono nuove reti di connessione, che integrano il somatico con l&#8217;emotivo, il cognitivo e il motorio, in un insieme di nuove vie che andranno di pari passo con le esperienze vissute dal bambino nel suo ambiente personale e fisico. Il mondo del bambino viene quindi plasmato dalle relazioni interpersonali favorite dai genitori o dalle figure genitoriali, ricevendo un modo, uno stile, non solo di percepire, ma anche di sentire, agire e dare valore \u2013 in breve, di collocarsi all&#8217;interno della propria esistenza. Tutto ci\u00f2 viene interiorizzato dal bambino, un&#8217;interiorizzazione ben pi\u00f9 profonda di quella che l&#8217;educazione convenzionale pu\u00f2 fornire in seguito, e che indubbiamente influenzer\u00e0 la sua personalit\u00e0 e il modo in cui si relaziona con l&#8217;ambiente, nonch\u00e9 il modo in cui recepisce tale educazione convenzionale.<\/span><\/span><\/p>\n<p><em><strong><span dir=\"auto\" style=\"vertical-align: inherit\"><span dir=\"auto\" style=\"vertical-align: inherit\">Alfredo Esteve Mart\u00edn. Gruppo di ricerca &#8216;Emozione, cognizione, azione&#8217;. Universit\u00e0 Cattolica di Valencia.<\/span><\/span><\/strong><\/em><\/p>\n","protected":false},"excerpt":{"rendered":"<p>Come la prima infanzia plasma la relazione tra la persona e il suo ambiente<\/p>\n","protected":false},"author":87,"featured_media":163197,"comment_status":"closed","ping_status":"closed","sticky":false,"template":"","format":"standard","meta":{"_acf_changed":false,"_crdt_document":"","inline_featured_image":false,"footnotes":""},"categories":[71],"tags":[104504,50742,104510,104505,104506,104507,26263,104512,13547,104513,104520,28154,82249,104514,74337,104515,104516,104517,104511,20964,73520,104509,47316,104508,104518,104519,64787],"class_list":["post-163412","post","type-post","status-publish","format-standard","has-post-thumbnail","hentry","category-analisi","tag-affettivita-infantile","tag-alfredo-esteve-martin-2","tag-ambiente-familiare","tag-attaccamento-infantile","tag-bambino-e-ambiente","tag-bioetica-infantile","tag-educazione-della-prima-infanzia","tag-formazione-della-personalita","tag-genitorialita","tag-interazione-bambino-ambiente","tag-legami-precoci","tag-mondo-interiore","tag-neurosviluppo","tag-psicologia-dello-sviluppo","tag-psicologia-infantile","tag-relazione-madre-feto","tag-rof-carballo-2","tag-sistema-nervoso-infantile","tag-stimolazione-precoce","tag-sviluppo-emotivo","tag-sviluppo-infantile","tag-sviluppo-ontogenetico","tag-sviluppo-prenatale","tag-sviluppo-umano-precoce","tag-tessuto-affettivo","tag-tessuto-primario","tag-trending-it-236"],"acf":[],"yoast_head":"<!-- This site is optimized with the Yoast SEO plugin v27.4 - https:\/\/yoast.com\/product\/yoast-seo-wordpress\/ -->\n<title>L&#039;origine del &quot;mondo&quot; &#8211; Exaudi<\/title>\n<meta name=\"robots\" content=\"index, follow, max-snippet:-1, max-image-preview:large, max-video-preview:-1\" \/>\n<link rel=\"canonical\" href=\"https:\/\/exaudi.org\/it\/lorigine-del-mondo\/\" \/>\n<meta property=\"og:locale\" content=\"it_IT\" \/>\n<meta property=\"og:type\" content=\"article\" \/>\n<meta property=\"og:title\" content=\"L&#039;origine del &quot;mondo&quot; &#8211; Exaudi\" \/>\n<meta property=\"og:description\" content=\"Come la prima infanzia plasma la relazione tra la persona e il suo ambiente\" \/>\n<meta property=\"og:url\" content=\"https:\/\/exaudi.org\/it\/lorigine-del-mondo\/\" \/>\n<meta property=\"og:site_name\" content=\"Exaudi\" \/>\n<meta property=\"article:publisher\" content=\"https:\/\/www.facebook.com\/ExaudiNews\" \/>\n<meta property=\"article:author\" content=\"https:\/\/www.facebook.com\/observatoriodebioetica\/\" \/>\n<meta property=\"article:published_time\" content=\"2026-03-27T15:29:35+00:00\" \/>\n<meta property=\"og:image\" content=\"https:\/\/exaudi.org\/wp-content\/uploads\/2026\/03\/3.jpg-scaled.jpg\" \/>\n\t<meta property=\"og:image:width\" content=\"2560\" \/>\n\t<meta property=\"og:image:height\" content=\"994\" \/>\n\t<meta property=\"og:image:type\" content=\"image\/jpeg\" \/>\n<meta name=\"author\" content=\"Observatorio de Bio\u00e9tica UCV\" \/>\n<meta name=\"twitter:card\" content=\"summary_large_image\" \/>\n<meta name=\"twitter:creator\" content=\"@obioetica\" \/>\n<meta name=\"twitter:site\" content=\"@Exaudi_News\" \/>\n<meta name=\"twitter:label1\" content=\"Scritto da\" \/>\n\t<meta name=\"twitter:data1\" content=\"Observatorio de Bio\u00e9tica UCV\" \/>\n\t<meta name=\"twitter:label2\" content=\"Tempo di lettura stimato\" \/>\n\t<meta name=\"twitter:data2\" content=\"5 minuti\" \/>\n<script type=\"application\/ld+json\" class=\"yoast-schema-graph\">{\"@context\":\"https:\\\/\\\/schema.org\",\"@graph\":[{\"@type\":\"Article\",\"@id\":\"https:\\\/\\\/exaudi.org\\\/it\\\/lorigine-del-mondo\\\/#article\",\"isPartOf\":{\"@id\":\"https:\\\/\\\/exaudi.org\\\/it\\\/lorigine-del-mondo\\\/\"},\"author\":{\"name\":\"Observatorio de Bio\u00e9tica UCV\",\"@id\":\"https:\\\/\\\/exaudi.org\\\/#\\\/schema\\\/person\\\/05d1c06e56ecb5490e9bff0d27026595\"},\"headline\":\"L&#8217;origine del &#8220;mondo&#8221;\",\"datePublished\":\"2026-03-27T15:29:35+00:00\",\"mainEntityOfPage\":{\"@id\":\"https:\\\/\\\/exaudi.org\\\/it\\\/lorigine-del-mondo\\\/\"},\"wordCount\":1086,\"image\":{\"@id\":\"https:\\\/\\\/exaudi.org\\\/it\\\/lorigine-del-mondo\\\/#primaryimage\"},\"thumbnailUrl\":\"https:\\\/\\\/exaudi.org\\\/wp-content\\\/uploads\\\/2026\\\/03\\\/3.jpg-scaled.jpg\",\"keywords\":[\"Affettivit\u00e0 infantile\",\"Alfredo Esteve Martin\",\"Ambiente familiare\",\"Attaccamento infantile\",\"Bambino e ambiente\",\"Bioetica infantile\",\"educazione della prima infanzia\",\"Formazione della personalit\u00e0\",\"GENITORIALIT\u00c0\",\"Interazione bambino-ambiente\",\"Legami precoci\",\"Mondo interiore\",\"Neurosviluppo\",\"Psicologia dello sviluppo\",\"psicologia infantile\",\"Relazione madre-feto\",\"Rof Carballo\",\"Sistema nervoso infantile\",\"Stimolazione precoce\",\"SVILUPPO EMOTIVO\",\"Sviluppo infantile\",\"Sviluppo ontogenetico\",\"sviluppo prenatale\",\"Sviluppo umano precoce\",\"Tessuto affettivo\",\"Tessuto primario\",\"Trending\"],\"articleSection\":[\"Analisi\"],\"inLanguage\":\"it-IT\"},{\"@type\":\"WebPage\",\"@id\":\"https:\\\/\\\/exaudi.org\\\/it\\\/lorigine-del-mondo\\\/\",\"url\":\"https:\\\/\\\/exaudi.org\\\/it\\\/lorigine-del-mondo\\\/\",\"name\":\"L'origine del \\\"mondo\\\" &#8211; Exaudi\",\"isPartOf\":{\"@id\":\"https:\\\/\\\/exaudi.org\\\/#website\"},\"primaryImageOfPage\":{\"@id\":\"https:\\\/\\\/exaudi.org\\\/it\\\/lorigine-del-mondo\\\/#primaryimage\"},\"image\":{\"@id\":\"https:\\\/\\\/exaudi.org\\\/it\\\/lorigine-del-mondo\\\/#primaryimage\"},\"thumbnailUrl\":\"https:\\\/\\\/exaudi.org\\\/wp-content\\\/uploads\\\/2026\\\/03\\\/3.jpg-scaled.jpg\",\"datePublished\":\"2026-03-27T15:29:35+00:00\",\"author\":{\"@id\":\"https:\\\/\\\/exaudi.org\\\/#\\\/schema\\\/person\\\/05d1c06e56ecb5490e9bff0d27026595\"},\"breadcrumb\":{\"@id\":\"https:\\\/\\\/exaudi.org\\\/it\\\/lorigine-del-mondo\\\/#breadcrumb\"},\"inLanguage\":\"it-IT\",\"potentialAction\":[{\"@type\":\"ReadAction\",\"target\":[\"https:\\\/\\\/exaudi.org\\\/it\\\/lorigine-del-mondo\\\/\"]}]},{\"@type\":\"ImageObject\",\"inLanguage\":\"it-IT\",\"@id\":\"https:\\\/\\\/exaudi.org\\\/it\\\/lorigine-del-mondo\\\/#primaryimage\",\"url\":\"https:\\\/\\\/exaudi.org\\\/wp-content\\\/uploads\\\/2026\\\/03\\\/3.jpg-scaled.jpg\",\"contentUrl\":\"https:\\\/\\\/exaudi.org\\\/wp-content\\\/uploads\\\/2026\\\/03\\\/3.jpg-scaled.jpg\",\"width\":2560,\"height\":994},{\"@type\":\"BreadcrumbList\",\"@id\":\"https:\\\/\\\/exaudi.org\\\/it\\\/lorigine-del-mondo\\\/#breadcrumb\",\"itemListElement\":[{\"@type\":\"ListItem\",\"position\":1,\"name\":\"Portada\",\"item\":\"https:\\\/\\\/exaudi.org\\\/it\\\/\"},{\"@type\":\"ListItem\",\"position\":2,\"name\":\"L&#8217;origine del \u00abmondo\u00bb\"}]},{\"@type\":\"WebSite\",\"@id\":\"https:\\\/\\\/exaudi.org\\\/#website\",\"url\":\"https:\\\/\\\/exaudi.org\\\/\",\"name\":\"Exaudi\",\"description\":\"News\",\"potentialAction\":[{\"@type\":\"SearchAction\",\"target\":{\"@type\":\"EntryPoint\",\"urlTemplate\":\"https:\\\/\\\/exaudi.org\\\/?s={search_term_string}\"},\"query-input\":{\"@type\":\"PropertyValueSpecification\",\"valueRequired\":true,\"valueName\":\"search_term_string\"}}],\"inLanguage\":\"it-IT\"},{\"@type\":\"Person\",\"@id\":\"https:\\\/\\\/exaudi.org\\\/#\\\/schema\\\/person\\\/05d1c06e56ecb5490e9bff0d27026595\",\"name\":\"Observatorio de Bio\u00e9tica UCV\",\"image\":{\"@type\":\"ImageObject\",\"inLanguage\":\"it-IT\",\"@id\":\"https:\\\/\\\/secure.gravatar.com\\\/avatar\\\/086563f59595a89fb0851de25d712a03657b1cdfa8af3c9cd0a1ee122fc5d596?s=96&d=mm&r=g\",\"url\":\"https:\\\/\\\/secure.gravatar.com\\\/avatar\\\/086563f59595a89fb0851de25d712a03657b1cdfa8af3c9cd0a1ee122fc5d596?s=96&d=mm&r=g\",\"contentUrl\":\"https:\\\/\\\/secure.gravatar.com\\\/avatar\\\/086563f59595a89fb0851de25d712a03657b1cdfa8af3c9cd0a1ee122fc5d596?s=96&d=mm&r=g\",\"caption\":\"Observatorio de Bio\u00e9tica UCV\"},\"description\":\"El Observatorio de Bio\u00e9tica se encuentra dentro del Instituto Ciencias de la vida de la Universidad Cat\u00f3lica de Valencia \u201cSan Vicente M\u00e1rtir\u201d . En el trasfondo de sus publicaciones, se defiende la vida humana desde la fecundaci\u00f3n a la muerte natural y la dignidad de la persona, teniendo como objetivo aunar esfuerzos para difundir la cultura de la vida como la define la Evangelium Vitae.\",\"sameAs\":[\"https:\\\/\\\/www.observatoriobioetica.org\\\/\",\"https:\\\/\\\/www.facebook.com\\\/observatoriodebioetica\\\/\",\"https:\\\/\\\/x.com\\\/obioetica\",\"https:\\\/\\\/www.youtube.com\\\/channel\\\/UC_Tr4WS5-TXoNo5e1MdQc7w\"],\"url\":\"https:\\\/\\\/exaudi.org\\\/it\\\/author\\\/observatoriodebioeticaucv\\\/\"}]}<\/script>\n<!-- \/ Yoast SEO plugin. -->","yoast_head_json":{"title":"L'origine del \"mondo\" &#8211; Exaudi","robots":{"index":"index","follow":"follow","max-snippet":"max-snippet:-1","max-image-preview":"max-image-preview:large","max-video-preview":"max-video-preview:-1"},"canonical":"https:\/\/exaudi.org\/it\/lorigine-del-mondo\/","og_locale":"it_IT","og_type":"article","og_title":"L'origine del \"mondo\" &#8211; Exaudi","og_description":"Come la prima infanzia plasma la relazione tra la persona e il suo ambiente","og_url":"https:\/\/exaudi.org\/it\/lorigine-del-mondo\/","og_site_name":"Exaudi","article_publisher":"https:\/\/www.facebook.com\/ExaudiNews","article_author":"https:\/\/www.facebook.com\/observatoriodebioetica\/","article_published_time":"2026-03-27T15:29:35+00:00","og_image":[{"width":2560,"height":994,"url":"https:\/\/exaudi.org\/wp-content\/uploads\/2026\/03\/3.jpg-scaled.jpg","type":"image\/jpeg"}],"author":"Observatorio de Bio\u00e9tica UCV","twitter_card":"summary_large_image","twitter_creator":"@obioetica","twitter_site":"@Exaudi_News","twitter_misc":{"Scritto da":"Observatorio de Bio\u00e9tica UCV","Tempo di lettura stimato":"5 minuti"},"schema":{"@context":"https:\/\/schema.org","@graph":[{"@type":"Article","@id":"https:\/\/exaudi.org\/it\/lorigine-del-mondo\/#article","isPartOf":{"@id":"https:\/\/exaudi.org\/it\/lorigine-del-mondo\/"},"author":{"name":"Observatorio de Bio\u00e9tica UCV","@id":"https:\/\/exaudi.org\/#\/schema\/person\/05d1c06e56ecb5490e9bff0d27026595"},"headline":"L&#8217;origine del &#8220;mondo&#8221;","datePublished":"2026-03-27T15:29:35+00:00","mainEntityOfPage":{"@id":"https:\/\/exaudi.org\/it\/lorigine-del-mondo\/"},"wordCount":1086,"image":{"@id":"https:\/\/exaudi.org\/it\/lorigine-del-mondo\/#primaryimage"},"thumbnailUrl":"https:\/\/exaudi.org\/wp-content\/uploads\/2026\/03\/3.jpg-scaled.jpg","keywords":["Affettivit\u00e0 infantile","Alfredo Esteve Martin","Ambiente familiare","Attaccamento infantile","Bambino e ambiente","Bioetica infantile","educazione della prima infanzia","Formazione della personalit\u00e0","GENITORIALIT\u00c0","Interazione bambino-ambiente","Legami precoci","Mondo interiore","Neurosviluppo","Psicologia dello sviluppo","psicologia infantile","Relazione madre-feto","Rof Carballo","Sistema nervoso infantile","Stimolazione precoce","SVILUPPO EMOTIVO","Sviluppo infantile","Sviluppo ontogenetico","sviluppo prenatale","Sviluppo umano precoce","Tessuto affettivo","Tessuto primario","Trending"],"articleSection":["Analisi"],"inLanguage":"it-IT"},{"@type":"WebPage","@id":"https:\/\/exaudi.org\/it\/lorigine-del-mondo\/","url":"https:\/\/exaudi.org\/it\/lorigine-del-mondo\/","name":"L'origine del \"mondo\" &#8211; Exaudi","isPartOf":{"@id":"https:\/\/exaudi.org\/#website"},"primaryImageOfPage":{"@id":"https:\/\/exaudi.org\/it\/lorigine-del-mondo\/#primaryimage"},"image":{"@id":"https:\/\/exaudi.org\/it\/lorigine-del-mondo\/#primaryimage"},"thumbnailUrl":"https:\/\/exaudi.org\/wp-content\/uploads\/2026\/03\/3.jpg-scaled.jpg","datePublished":"2026-03-27T15:29:35+00:00","author":{"@id":"https:\/\/exaudi.org\/#\/schema\/person\/05d1c06e56ecb5490e9bff0d27026595"},"breadcrumb":{"@id":"https:\/\/exaudi.org\/it\/lorigine-del-mondo\/#breadcrumb"},"inLanguage":"it-IT","potentialAction":[{"@type":"ReadAction","target":["https:\/\/exaudi.org\/it\/lorigine-del-mondo\/"]}]},{"@type":"ImageObject","inLanguage":"it-IT","@id":"https:\/\/exaudi.org\/it\/lorigine-del-mondo\/#primaryimage","url":"https:\/\/exaudi.org\/wp-content\/uploads\/2026\/03\/3.jpg-scaled.jpg","contentUrl":"https:\/\/exaudi.org\/wp-content\/uploads\/2026\/03\/3.jpg-scaled.jpg","width":2560,"height":994},{"@type":"BreadcrumbList","@id":"https:\/\/exaudi.org\/it\/lorigine-del-mondo\/#breadcrumb","itemListElement":[{"@type":"ListItem","position":1,"name":"Portada","item":"https:\/\/exaudi.org\/it\/"},{"@type":"ListItem","position":2,"name":"L&#8217;origine del \u00abmondo\u00bb"}]},{"@type":"WebSite","@id":"https:\/\/exaudi.org\/#website","url":"https:\/\/exaudi.org\/","name":"Exaudi","description":"News","potentialAction":[{"@type":"SearchAction","target":{"@type":"EntryPoint","urlTemplate":"https:\/\/exaudi.org\/?s={search_term_string}"},"query-input":{"@type":"PropertyValueSpecification","valueRequired":true,"valueName":"search_term_string"}}],"inLanguage":"it-IT"},{"@type":"Person","@id":"https:\/\/exaudi.org\/#\/schema\/person\/05d1c06e56ecb5490e9bff0d27026595","name":"Observatorio de Bio\u00e9tica UCV","image":{"@type":"ImageObject","inLanguage":"it-IT","@id":"https:\/\/secure.gravatar.com\/avatar\/086563f59595a89fb0851de25d712a03657b1cdfa8af3c9cd0a1ee122fc5d596?s=96&d=mm&r=g","url":"https:\/\/secure.gravatar.com\/avatar\/086563f59595a89fb0851de25d712a03657b1cdfa8af3c9cd0a1ee122fc5d596?s=96&d=mm&r=g","contentUrl":"https:\/\/secure.gravatar.com\/avatar\/086563f59595a89fb0851de25d712a03657b1cdfa8af3c9cd0a1ee122fc5d596?s=96&d=mm&r=g","caption":"Observatorio de Bio\u00e9tica UCV"},"description":"El Observatorio de Bio\u00e9tica se encuentra dentro del Instituto Ciencias de la vida de la Universidad Cat\u00f3lica de Valencia \u201cSan Vicente M\u00e1rtir\u201d . En el trasfondo de sus publicaciones, se defiende la vida humana desde la fecundaci\u00f3n a la muerte natural y la dignidad de la persona, teniendo como objetivo aunar esfuerzos para difundir la cultura de la vida como la define la Evangelium Vitae.","sameAs":["https:\/\/www.observatoriobioetica.org\/","https:\/\/www.facebook.com\/observatoriodebioetica\/","https:\/\/x.com\/obioetica","https:\/\/www.youtube.com\/channel\/UC_Tr4WS5-TXoNo5e1MdQc7w"],"url":"https:\/\/exaudi.org\/it\/author\/observatoriodebioeticaucv\/"}]}},"jetpack_featured_media_url":"https:\/\/exaudi.org\/wp-content\/uploads\/2026\/03\/3.jpg-scaled.jpg","jetpack_shortlink":"https:\/\/wp.me\/pgKjF2-GvG","_links":{"self":[{"href":"https:\/\/exaudi.org\/it\/wp-json\/wp\/v2\/posts\/163412","targetHints":{"allow":["GET"]}}],"collection":[{"href":"https:\/\/exaudi.org\/it\/wp-json\/wp\/v2\/posts"}],"about":[{"href":"https:\/\/exaudi.org\/it\/wp-json\/wp\/v2\/types\/post"}],"author":[{"embeddable":true,"href":"https:\/\/exaudi.org\/it\/wp-json\/wp\/v2\/users\/87"}],"replies":[{"embeddable":true,"href":"https:\/\/exaudi.org\/it\/wp-json\/wp\/v2\/comments?post=163412"}],"version-history":[{"count":3,"href":"https:\/\/exaudi.org\/it\/wp-json\/wp\/v2\/posts\/163412\/revisions"}],"predecessor-version":[{"id":163415,"href":"https:\/\/exaudi.org\/it\/wp-json\/wp\/v2\/posts\/163412\/revisions\/163415"}],"wp:featuredmedia":[{"embeddable":true,"href":"https:\/\/exaudi.org\/it\/wp-json\/wp\/v2\/media\/163197"}],"wp:attachment":[{"href":"https:\/\/exaudi.org\/it\/wp-json\/wp\/v2\/media?parent=163412"}],"wp:term":[{"taxonomy":"category","embeddable":true,"href":"https:\/\/exaudi.org\/it\/wp-json\/wp\/v2\/categories?post=163412"},{"taxonomy":"post_tag","embeddable":true,"href":"https:\/\/exaudi.org\/it\/wp-json\/wp\/v2\/tags?post=163412"}],"curies":[{"name":"wp","href":"https:\/\/api.w.org\/{rel}","templated":true}]}}