{"id":163321,"date":"2026-03-26T17:01:00","date_gmt":"2026-03-26T16:01:00","guid":{"rendered":"https:\/\/exaudi.org\/?p=163321"},"modified":"2026-03-26T17:01:00","modified_gmt":"2026-03-26T16:01:00","slug":"vivere-la-settimana-santa-un-cammino-di-amore-conversione-e-speranza-verso-la-risurrezione","status":"publish","type":"post","link":"https:\/\/exaudi.org\/it\/vivere-la-settimana-santa-un-cammino-di-amore-conversione-e-speranza-verso-la-risurrezione\/","title":{"rendered":"Vivere la Settimana Santa: un cammino di amore, conversione e speranza verso la Risurrezione"},"content":{"rendered":"<p dir=\"auto\"><span dir=\"auto\" style=\"vertical-align: inherit\"><span dir=\"auto\" style=\"vertical-align: inherit\">La Settimana Santa \u00e8 il cuore dell&#8217;anno liturgico cristiano, il tempo in cui la Chiesa commemora la Passione, Morte e Risurrezione di Ges\u00f9 Cristo, il Mistero Pasquale che \u00e8 il centro della nostra fede e la fonte di ogni grazia. Non \u00e8 semplicemente una rievocazione storica, ma un rinnovamento salvifico: in ogni celebrazione liturgica, Cristo stesso si rende presente e ci invita ad entrare nel suo mistero affinch\u00e9 le nostre vite siano trasformate. Come insegna la Conferenza Episcopale, questi giorni ci conducono in un pellegrinaggio dal dolore alla gioia, dalla sobriet\u00e0 della Croce alla luce radiosa della Risurrezione. Viverla profondamente significa aprire i nostri cuori alla conversione, praticare la carit\u00e0, la preghiera e il sacrificio, e lasciare che l&#8217;amore di Cristo plasmi la nostra vita quotidiana. \u00c8 un cammino costruttivo: non solo contempliamo, ma agiamo, rinnovando la nostra alleanza con Dio e con i nostri fratelli e sorelle. Accompagnati dalla liturgia ufficiale, dalle preghiere tradizionali e dalle parole dei santi e dei papi, percorriamo ogni giorno con fede viva, affinch\u00e9 la Pasqua non sia un evento, ma un&#8217;esperienza che rinnova tutta la nostra esistenza.<\/span><\/span><\/p>\n<h3 dir=\"auto\"><strong><span dir=\"auto\" style=\"vertical-align: inherit\"><span dir=\"auto\" style=\"vertical-align: inherit\">Domenica delle Palme: l&#8217;umile ingresso del Re che vince con amore<\/span><\/span><\/strong><\/h3>\n<p dir=\"auto\"><span dir=\"auto\" style=\"vertical-align: inherit\"><span dir=\"auto\" style=\"vertical-align: inherit\">Oggi iniziamo la Settimana Santa commemorando l&#8217;ingresso trionfale di Ges\u00f9 a Gerusalemme, dove il popolo lo acclam\u00f2 con palme e canti come Messia e Re (cfr. Mt 21,1-11). La liturgia benedice le palme e proclama la Passione secondo san Matteo, unendo trionfo e croce in un unico mistero. Analiticamente, ci insegna che il vero regno di Cristo non \u00e8 un regno di potere mondano, ma di servizio e di donazione di s\u00e9; le palme che portiamo a casa simboleggiano la nostra vittoria in lui, ma ci preparano anche al cammino verso il Calvario.<\/span><\/span><\/p>\n<p dir=\"auto\"><span dir=\"auto\" style=\"vertical-align: inherit\"><span dir=\"auto\" style=\"vertical-align: inherit\">Per vivere questa giornata in modo costruttivo, accogliamo Ges\u00f9 nella nostra vita quotidiana con lo stesso entusiasmo, ma con umilt\u00e0: nel mezzo dei successi e delle difficolt\u00e0, riconosciamo che solo Lui \u00e8 Re. Pratichiamo la lode in famiglia, portando a casa le palme benedette come segno di benedizione e impegno a seguirlo fino alla fine. \u00c8 una giornata per imparare a ricordare che ogni vero trionfo viene dalla Croce.<\/span><\/span><\/p>\n<p dir=\"auto\"><strong><span dir=\"auto\" style=\"vertical-align: inherit\"><span dir=\"auto\" style=\"vertical-align: inherit\">Risorse per la preghiera:<\/span><\/span><\/strong><span dir=\"auto\" style=\"vertical-align: inherit\"><span dir=\"auto\" style=\"vertical-align: inherit\"> \u00a0Partecipa alla Messa con la benedizione delle palme. Preghiera della Domenica delle Palme:\u00a0 <\/span><\/span><em><span dir=\"auto\" style=\"vertical-align: inherit\"><span dir=\"auto\" style=\"vertical-align: inherit\">Dio nostro, in questa Domenica delle Palme iniziamo a vivere la Settimana Santa. Abbiamo portato le nostre palme in chiesa, simbolo di lode a te, Re dell&#8217;Universo. Concedi che, collocandole nelle nostre case, possiamo sentire la tua benedizione sulle nostre famiglie. Concedi anche che questo gesto ci prepari a vivere con umilt\u00e0 e gratitudine i giorni santi, nei quali ricorderemo la tua Passione, Morte e Risurrezione. E che il tuo amore infinito rafforzi la nostra speranza nel nostro pellegrinaggio verso l&#8217;eterna Pasqua. Amen.<\/span><\/span><\/em><span dir=\"auto\" style=\"vertical-align: inherit\"><span dir=\"auto\" style=\"vertical-align: inherit\"> \u00a0Recita anche l&#8217;Osanna:\u00a0 <\/span><\/span><em><span dir=\"auto\" style=\"vertical-align: inherit\"><span dir=\"auto\" style=\"vertical-align: inherit\">Santo, Santo, Santo \u00e8 il Signore: Osanna nell&#8217;alto dei cieli. Benedetto colui che viene nel nome del Signore. Osanna nell&#8217;alto dei cieli.<\/span><\/span><\/em><\/p>\n<p dir=\"auto\"><em><strong><span dir=\"auto\" style=\"vertical-align: inherit\"><span dir=\"auto\" style=\"vertical-align: inherit\">\u00abLa Settimana Santa \u00e8 una buona occasione per confessarsi e ritrovare la retta via\u00bb (Papa Francesco). San Giovanni Paolo II ci ricorda che nell&#8217;umile ingresso di Cristo \u00abvediamo l&#8217;amore di Dio che si avvicina all&#8217;uomo per salvarlo\u00bb.<\/span><\/span><\/strong><\/em><\/p>\n<h3 dir=\"auto\"><strong><span dir=\"auto\" style=\"vertical-align: inherit\"><span dir=\"auto\" style=\"vertical-align: inherit\">Luned\u00ec Santo: la purificazione del tempio e la generosa unzione<\/span><\/span><\/strong><\/h3>\n<p dir=\"auto\"><span dir=\"auto\" style=\"vertical-align: inherit\"><span dir=\"auto\" style=\"vertical-align: inherit\">La liturgia presenta Ges\u00f9 che purifica il tempio (Gv 2,13-22) o che riceve l&#8217;unzione di Maria di Betania (Gv 12,1-11), gesti che denunciano l&#8217;ipocrisia ed esaltano il dono totale di s\u00e9. \u00c8 un giorno di Quaresima che ci prepara al Triduo, invitandoci alla purificazione interiore e al perdono sacramentale.<\/span><\/span><\/p>\n<p dir=\"auto\"><span dir=\"auto\" style=\"vertical-align: inherit\"><span dir=\"auto\" style=\"vertical-align: inherit\">Sperimentatelo esaminando il vostro &#8220;tempio interiore&#8221;: quali idoli o distrazioni hanno preso il posto di Dio? Offrite in modo costruttivo il meglio di voi stessi, come Maria con il profumo; in famiglia o sul lavoro, siate generosi senza limiti. \u00c8 istruttivo imparare che il vero amore \u00e8 costoso e purificatore.<\/span><\/span><\/p>\n<p dir=\"auto\"><strong><span dir=\"auto\" style=\"vertical-align: inherit\"><span dir=\"auto\" style=\"vertical-align: inherit\">Risorse per la preghiera:<\/span><\/span><\/strong><span dir=\"auto\" style=\"vertical-align: inherit\"><span dir=\"auto\" style=\"vertical-align: inherit\"> \u00a0Preghiera per il Luned\u00ec Santo:\u00a0 <\/span><\/span><em><span dir=\"auto\" style=\"vertical-align: inherit\"><span dir=\"auto\" style=\"vertical-align: inherit\">Signore Ges\u00f9, in questo Luned\u00ec Santo, aiutaci a imparare da Maria, sorella di Marta e Lazzaro, che unse i tuoi piedi con puro nardo e li asciug\u00f2 con i suoi capelli, affinch\u00e9 possiamo offrirti il \u200b\u200bmeglio di noi stessi e abbandonarci senza riserve al tuo amore incondizionato. Fa&#8217; che ti onoriamo e ti adoriamo sempre con le nostre azioni e riconosciamo la tua viva presenza in mezzo a noi. Fa&#8217; che le nostre azioni riflettano la generosit\u00e0 e l&#8217;amore che ci hai insegnato con la tua vita e che, come Maria, siamo pronti a offrirti le cose pi\u00f9 preziose dei nostri cuori. Amen.<\/span><\/span><\/em><span dir=\"auto\" style=\"vertical-align: inherit\"><span dir=\"auto\" style=\"vertical-align: inherit\"> \u00a0Esame di coscienza e confessione.<\/span><\/span><\/p>\n<p dir=\"auto\"><em><strong><span dir=\"auto\" style=\"vertical-align: inherit\"><span dir=\"auto\" style=\"vertical-align: inherit\">Sant&#8217;Agostino: \u00abIl tempo che trascorro davanti al Santissimo Sacramento \u00e8 il tempo meglio speso della mia vita\u00bb. Papa Francesco ci invita a \u00abcamminare insieme nella speranza\u00bb, purificando i nostri cuori in vista dell&#8217;incontro pasquale.<\/span><\/span><\/strong><\/em><\/p>\n<h3 dir=\"auto\"><strong><span dir=\"auto\" style=\"vertical-align: inherit\"><span dir=\"auto\" style=\"vertical-align: inherit\">Marted\u00ec Santo: la fedelt\u00e0 tra le polemiche<\/span><\/span><\/strong><\/h3>\n<p dir=\"auto\"><span dir=\"auto\" style=\"vertical-align: inherit\"><span dir=\"auto\" style=\"vertical-align: inherit\">Ges\u00f9 insegna nel tempio, annuncia la sua Passione e affronta gli intrighi (Mt 21,23-27; 24-25). La liturgia ci pone di fronte alla necessit\u00e0 di discernere e rimanere fedeli.<\/span><\/span><\/p>\n<p dir=\"auto\"><span dir=\"auto\" style=\"vertical-align: inherit\"><span dir=\"auto\" style=\"vertical-align: inherit\">Vivilo come un invito alla forza: nelle tentazioni e nei dubbi, abbi fiducia nella Parola. Rinforza la tua fede in modo costruttivo attraverso la preghiera in famiglia e decidi di seguire Cristo, anche quando \u00e8 difficile. Questa \u00e8 una risorsa utile per crescere nel discernimento vocazionale e personale.<\/span><\/span><\/p>\n<p dir=\"auto\"><strong><span dir=\"auto\" style=\"vertical-align: inherit\"><span dir=\"auto\" style=\"vertical-align: inherit\">Risorse per la preghiera:<\/span><\/span><\/strong><span dir=\"auto\" style=\"vertical-align: inherit\"><span dir=\"auto\" style=\"vertical-align: inherit\"> \u00a0Preghiera per il Marted\u00ec Santo:\u00a0 <\/span><\/span><em><span dir=\"auto\" style=\"vertical-align: inherit\"><span dir=\"auto\" style=\"vertical-align: inherit\">Signore Ges\u00f9, in questo Marted\u00ec Santo ti chiediamo di donarci la forza per affrontare le prove e le tentazioni della nostra vita. Fa&#8217; che impariamo dalla fedelt\u00e0 di coloro che sono rimasti con te, anche nei momenti pi\u00f9 bui, e che, come loro, manteniamo salda la nostra fede nella tua Parola. Aiutaci a discernere sempre la tua volont\u00e0, affinch\u00e9 le nostre azioni riflettano una completa fiducia nei tuoi piani, anche quando non li comprendiamo. Amen.<\/span><\/span><\/em><span dir=\"auto\" style=\"vertical-align: inherit\"><span dir=\"auto\" style=\"vertical-align: inherit\"> \u00a0Lettura in preghiera del Vangelo del giorno.<\/span><\/span><\/p>\n<p dir=\"auto\"><em><strong><span dir=\"auto\" style=\"vertical-align: inherit\"><span dir=\"auto\" style=\"vertical-align: inherit\">San Giovanni Paolo II: \u00abOgni persona \u00e8 chiamata a sperimentare la privazione e il digiuno, per forgiare il proprio carattere e dominare i propri istinti\u00bb. Papa Francesco: \u00abGes\u00f9 \u00e8 nostro amico\u2026 un amico esigente\u00bb.<\/span><\/span><\/strong><\/em><\/p>\n<h3 dir=\"auto\"><strong><span dir=\"auto\" style=\"vertical-align: inherit\"><span dir=\"auto\" style=\"vertical-align: inherit\">Mercoled\u00ec Santo: il tradimento e la preparazione alla Pasqua<\/span><\/span><\/strong><\/h3>\n<p dir=\"auto\"><span dir=\"auto\" style=\"vertical-align: inherit\"><span dir=\"auto\" style=\"vertical-align: inherit\">Si commemora la congiura di Giuda (Mt 26,14-16). \u00c8 un giorno di intensa penitenza e preparazione al Triduo; in molte diocesi si celebra la Messa Crismale.<\/span><\/span><\/p>\n<p dir=\"auto\"><span dir=\"auto\" style=\"vertical-align: inherit\"><span dir=\"auto\" style=\"vertical-align: inherit\">Sperimentatelo esaminando le vostre lealt\u00e0: tradiamo Cristo con l&#8217;indifferenza? Rinnovate in modo costruttivo il vostro &#8220;s\u00ec&#8221; al Signore, lasciando andare le distrazioni. Questo \u00e8 un modo utile per apprezzare il Sacramento della Riconciliazione come porta d&#8217;accesso al Triduo.<\/span><\/span><\/p>\n<p dir=\"auto\"><strong><span dir=\"auto\" style=\"vertical-align: inherit\"><span dir=\"auto\" style=\"vertical-align: inherit\">Risorse per la preghiera:<\/span><\/span><\/strong><span dir=\"auto\" style=\"vertical-align: inherit\"><span dir=\"auto\" style=\"vertical-align: inherit\"> \u00a0Preghiera per il Mercoled\u00ec Santo:\u00a0 <\/span><\/span><em><span dir=\"auto\" style=\"vertical-align: inherit\"><span dir=\"auto\" style=\"vertical-align: inherit\">Signore Ges\u00f9, in questo Mercoled\u00ec Santo ti chiediamo di donarci la disposizione di cuore per seguire i tuoi comandamenti prontamente e con amore. Come i discepoli obbedirono prontamente al tuo comando di andare a preparare la cena pasquale, cos\u00ec anche noi possiamo essere disposti a lasciare da parte le preoccupazioni e le distrazioni del mondo per seguirti pi\u00f9 da vicino. Possiamo oggi mettere da parte tutto ci\u00f2 che ci separa da te e concentrarci sulla celebrazione del tuo amore redentore. Rafforzaci, o Signore, per vivere con gioia e dedizione durante il Triduo Pasquale. Amen.<\/span><\/span><\/em><span dir=\"auto\" style=\"vertical-align: inherit\"><span dir=\"auto\" style=\"vertical-align: inherit\"> \u00a0Preghiera delle Sante Piaghe o Esame di Coscienza.<\/span><\/span><\/p>\n<p dir=\"auto\"><em><strong><span dir=\"auto\" style=\"vertical-align: inherit\"><span dir=\"auto\" style=\"vertical-align: inherit\">Papa Francesco: \u201cLa Settimana Santa \u00e8 una buona occasione per confessarsi e tornare sulla retta via\u201d.<\/span><\/span><\/strong><\/em><\/p>\n<h3 dir=\"auto\"><strong><span dir=\"auto\" style=\"vertical-align: inherit\"><span dir=\"auto\" style=\"vertical-align: inherit\">Gioved\u00ec Santo: la Cena dell&#8217;Amore e del Servizio<\/span><\/span><\/strong><\/h3>\n<p dir=\"auto\"><span dir=\"auto\" style=\"vertical-align: inherit\"><span dir=\"auto\" style=\"vertical-align: inherit\">Inizia il Triduo Pasquale. Si celebra l&#8217;Ultima Cena: l&#8217;istituzione dell&#8217;Eucaristia e del Sacerdozio, la lavanda dei piedi e il nuovo comandamento (Gv 13). La Messa della Cena del Signore culmina nell&#8217;adorazione del Santissimo Sacramento all&#8217;Altare della Reposizione.<\/span><\/span><\/p>\n<p dir=\"auto\"><span dir=\"auto\" style=\"vertical-align: inherit\"><span dir=\"auto\" style=\"vertical-align: inherit\">Vivetela come una scuola di amore e servizio eucaristico: l&#8217;Eucaristia ci rende un solo corpo. Servite gli altri in modo costruttivo (lavando i piedi a casa o nella comunit\u00e0). \u00c8 un modo prezioso per apprezzare il sacerdozio e la carit\u00e0.<\/span><\/span><\/p>\n<p dir=\"auto\"><strong><span dir=\"auto\" style=\"vertical-align: inherit\"><span dir=\"auto\" style=\"vertical-align: inherit\">Risorse per la preghiera:<\/span><\/span><\/strong><span dir=\"auto\" style=\"vertical-align: inherit\"><span dir=\"auto\" style=\"vertical-align: inherit\"> \u00a0Preghiera per il Gioved\u00ec Santo:\u00a0 <\/span><\/span><em><span dir=\"auto\" style=\"vertical-align: inherit\"><span dir=\"auto\" style=\"vertical-align: inherit\">Signore Ges\u00f9, in questo Gioved\u00ec Santo ti chiediamo di concederci la grazia di comprendere profondamente il mistero della tua presenza reale nell&#8217;Eucaristia. Fa&#8217; che, partecipando a questo Sacramento, possiamo sperimentare il tuo amore trasformatore e rinnovatore nelle nostre vite. A te affidiamo tutti i vescovi e i sacerdoti del mondo\u2026 Amen.<\/span><\/span><\/em><span dir=\"auto\" style=\"vertical-align: inherit\"><span dir=\"auto\" style=\"vertical-align: inherit\"> \u00a0Inno\u00a0 <\/span><\/span><em><span dir=\"auto\" style=\"vertical-align: inherit\"><span dir=\"auto\" style=\"vertical-align: inherit\">Pange lingua<\/span><\/span><\/em><span dir=\"auto\" style=\"vertical-align: inherit\"><span dir=\"auto\" style=\"vertical-align: inherit\"> \u00a0di San Tommaso d&#8217;Aquino.<\/span><\/span><\/p>\n<p dir=\"auto\"><strong><em><span dir=\"auto\" style=\"vertical-align: inherit\"><span dir=\"auto\" style=\"vertical-align: inherit\">\u00abLa lavanda dei piedi \u00e8 la pi\u00f9 umile e potente dimostrazione d&#8217;amore in azione\u00bb (San Giovanni Paolo II). Santa Faustina: \u00abNell&#8217;Eucaristia \u00e8 racchiusa tutta la potenza dell&#8217;amore di Dio in un pezzo <\/span><\/span><\/em><\/strong>\u00a0<em><strong><span dir=\"auto\" style=\"vertical-align: inherit\"><span dir=\"auto\" style=\"vertical-align: inherit\">di pane\u00bb.<\/span><\/span><\/strong><\/em><\/p>\n<h3 dir=\"auto\"><strong><span dir=\"auto\" style=\"vertical-align: inherit\"><span dir=\"auto\" style=\"vertical-align: inherit\">Venerd\u00ec Santo: La Croce, culmine dell&#8217;amore<\/span><\/span><\/strong><\/h3>\n<p dir=\"auto\"><span dir=\"auto\" style=\"vertical-align: inherit\"><span dir=\"auto\" style=\"vertical-align: inherit\">Giornata di digiuno e astinenza. Si celebra la Passione del Signore: proclamazione della Passione, venerazione della Croce e Comunione (senza Messa). Silenzio e contemplazione.<\/span><\/span><\/p>\n<p dir=\"auto\"><span dir=\"auto\" style=\"vertical-align: inherit\"><span dir=\"auto\" style=\"vertical-align: inherit\">Sperimentatelo contemplando l&#8217;amore che &#8220;dona tutto&#8221;. Analiticamente, la Croce rivela il prezzo del peccato e l&#8217;infinita misericordia. Costruttivamente, unite le vostre sofferenze a quelle di Cristo e praticate il distacco. Questo \u00e8 un modo istruttivo per imparare il perdono e la riparazione.<\/span><\/span><\/p>\n<p dir=\"auto\"><strong><span dir=\"auto\" style=\"vertical-align: inherit\"><span dir=\"auto\" style=\"vertical-align: inherit\">Risorse per la preghiera:<\/span><\/span><\/strong><span dir=\"auto\" style=\"vertical-align: inherit\"><span dir=\"auto\" style=\"vertical-align: inherit\"> \u00a0Preghiere a Ges\u00f9 Crocifisso:\u00a0 <\/span><\/span><em><span dir=\"auto\" style=\"vertical-align: inherit\"><span dir=\"auto\" style=\"vertical-align: inherit\">Ges\u00f9 Crocifisso, il tuo prezioso Sangue mi purifichi\u2026<\/span><\/span><\/em><span dir=\"auto\" style=\"vertical-align: inherit\"><span dir=\"auto\" style=\"vertical-align: inherit\"> \u00a0e\u00a0 <\/span><\/span><em><span dir=\"auto\" style=\"vertical-align: inherit\"><span dir=\"auto\" style=\"vertical-align: inherit\">Guarda a me, o mio amato e buono Ges\u00f9\u2026<\/span><\/span><\/em><span dir=\"auto\" style=\"vertical-align: inherit\"><span dir=\"auto\" style=\"vertical-align: inherit\"> \u00a0(da Sant&#8217;Ignazio). Coroncina della Divina Misericordia alle 15:00. Via Crucis.<\/span><\/span><\/p>\n<p dir=\"auto\"><em><strong><span dir=\"auto\" style=\"vertical-align: inherit\"><span dir=\"auto\" style=\"vertical-align: inherit\">\u00abSe nella tua vita non c&#8217;\u00e8 il Venerd\u00ec Santo, non pu\u00f2 esserci la Domenica di Pasqua\u00bb (facendo eco alla tradizione, ripresa dagli arcivescovi cattolici). Papa Francesco: sulla Croce, \u00abrende visibile quanto lontano pu\u00f2 arrivare il Suo amore per noi\u00bb.<\/span><\/span><\/strong><\/em><\/p>\n<h3 dir=\"auto\"><strong><span dir=\"auto\" style=\"vertical-align: inherit\"><span dir=\"auto\" style=\"vertical-align: inherit\">Sabato Santo: Il silenzio del sepolcro e l&#8217;attesa vigile<\/span><\/span><\/strong><\/h3>\n<p dir=\"auto\"><span dir=\"auto\" style=\"vertical-align: inherit\"><span dir=\"auto\" style=\"vertical-align: inherit\">Ges\u00f9 giace nel sepolcro. Una giornata di digiuno, preghiera e austerit\u00e0; sono in corso i preparativi per la Veglia Pasquale.<\/span><\/span><\/p>\n<p dir=\"auto\"><span dir=\"auto\" style=\"vertical-align: inherit\"><span dir=\"auto\" style=\"vertical-align: inherit\">Vivi questa esperienza nel silenzio interiore: accompagna Maria e la Chiesa nell&#8217;attesa. Rifletti in modo costruttivo sulla tua \u201cmorte\u201d al peccato. Una guida utile per coltivare la speranza nelle tenebre.<\/span><\/span><\/p>\n<p dir=\"auto\"><strong><span dir=\"auto\" style=\"vertical-align: inherit\"><span dir=\"auto\" style=\"vertical-align: inherit\">Risorse per la preghiera:<\/span><\/span><\/strong><span dir=\"auto\" style=\"vertical-align: inherit\"><span dir=\"auto\" style=\"vertical-align: inherit\"> \u00a0Preghiera del Sabato Santo:\u00a0 <\/span><\/span><em><span dir=\"auto\" style=\"vertical-align: inherit\"><span dir=\"auto\" style=\"vertical-align: inherit\">Signore Ges\u00f9, in questo Sabato Santo, giorno di silenzio e attesa, ci fermiamo a meditare sul mistero del tuo sacrificio\u2026 Amen.<\/span><\/span><\/em><span dir=\"auto\" style=\"vertical-align: inherit\"><span dir=\"auto\" style=\"vertical-align: inherit\"> \u00a0Liturgia delle Ore e visita all&#8217;Altare della Reposizione.<\/span><\/span><\/p>\n<p dir=\"auto\"><em><strong><span dir=\"auto\" style=\"vertical-align: inherit\"><span dir=\"auto\" style=\"vertical-align: inherit\">Sant&#8217;Agostino: \u00abLa fede sostituisce l&#8217;incapacit\u00e0 dei sensi\u00bb (nel Mistero Pasquale)<\/span><\/span><\/strong><\/em><\/p>\n<h3 dir=\"auto\"><strong><span dir=\"auto\" style=\"vertical-align: inherit\"><span dir=\"auto\" style=\"vertical-align: inherit\">Domenica di Pasqua: la vittoria della vita eterna<\/span><\/span><\/strong><\/h3>\n<p dir=\"auto\"><span dir=\"auto\" style=\"vertical-align: inherit\"><span dir=\"auto\" style=\"vertical-align: inherit\">Il culmine si raggiunge con la Veglia Pasquale (sabato sera) o con la Messa del giorno: accensione della Candela, proclamazione della Risurrezione e rinnovo delle promesse battesimali.<\/span><\/span><\/p>\n<p dir=\"auto\"><span dir=\"auto\" style=\"vertical-align: inherit\"><span dir=\"auto\" style=\"vertical-align: inherit\">Vivila come un&#8217;esplosione di gioia: Cristo ha trionfato, e noi con Lui. Integra la Pasqua nella tua vita quotidiana in modo costruttivo: sii testimone di speranza. Una lezione per vivere ogni giorno come chi \u00e8 risorto.<\/span><\/span><\/p>\n<p dir=\"auto\"><strong><span dir=\"auto\" style=\"vertical-align: inherit\"><span dir=\"auto\" style=\"vertical-align: inherit\">Risorse per la preghiera:<\/span><\/span><\/strong><span dir=\"auto\" style=\"vertical-align: inherit\"><span dir=\"auto\" style=\"vertical-align: inherit\"> \u00a0Preghiera della domenica di Pasqua:\u00a0 <\/span><\/span><em><span dir=\"auto\" style=\"vertical-align: inherit\"><span dir=\"auto\" style=\"vertical-align: inherit\">Signore Ges\u00f9, in questa domenica di Pasqua, ti ringraziamo per il tuo amore incondizionato e per la redenzione che ci hai donato\u2026 Possa il nostro cuore traboccare di gratitudine\u2026 Amen. <\/span><\/span><\/em>\u00a0<em><span dir=\"auto\" style=\"vertical-align: inherit\"><span dir=\"auto\" style=\"vertical-align: inherit\">Cristo \u00e8 risorto! \u00c8 veramente risorto!<\/span><\/span><\/em><\/p>\n<p dir=\"auto\"><em><strong><span dir=\"auto\" style=\"vertical-align: inherit\"><span dir=\"auto\" style=\"vertical-align: inherit\">Papa Francesco: \u201cTre giorni intensi che ci parlano della misericordia di Dio\u201d. San Giovanni Paolo II: \u201cNon abbiate paura! Cristo \u00e8 risorto!\u201d<\/span><\/span><\/strong><\/em><\/p>\n<p dir=\"auto\"><span dir=\"auto\" style=\"vertical-align: inherit\"><span dir=\"auto\" style=\"vertical-align: inherit\">Possa questa Settimana Santa essere per voi un vero incontro con il Signore vivente. Vivete ogni giorno con cuore aperto: pregate, amate, servite e risorgete. La Chiesa ci accompagna; possa la grazia pasquale trasformarvi per sempre. Buona Pasqua!<\/span><\/span><\/p>\n","protected":false},"excerpt":{"rendered":"<p>Una guida per accompagnare Cristo giorno dopo giorno<\/p>\n","protected":false},"author":172,"featured_media":162979,"comment_status":"closed","ping_status":"closed","sticky":false,"template":"","format":"standard","meta":{"_acf_changed":false,"_crdt_document":"","inline_featured_image":false,"footnotes":""},"categories":[71],"tags":[20601,37220,104326,34420,64850,104328,47586,32463,20205,1534,1265,13267,104327,15434,29394,104325,1369,104329,6250,104331,104330,13629,104332,104333,88130,104334,104336,104337,22392,104335,13793,104339,104340,104338,591,10333,104341,354,64903,17482,64787,1350,1422,823,1142,14223,104342],"class_list":["post-163321","post","type-post","status-publish","format-standard","has-post-thumbnail","hentry","category-analisi","tag-amore-di-dio","tag-cammino-spirituale","tag-catechesi-della-settimana-santa","tag-celebrazioni-liturgiche","tag-chiesa-cattolica-it","tag-citazioni-dei-santi-per-la-settimana-santa","tag-conversione-quaresimale","tag-croce-di-cristo","tag-devozione-cattolica","tag-divina-misericordia","tag-domenica-delle-palme","tag-domenica-di-pasqua","tag-eucaristia-del-giovedi-santo","tag-fede-cattolica","tag-fede-e-preghiera","tag-gioia-di-pasqua","tag-giovedi-santo","tag-guida-spirituale-per-la-settimana-santa","tag-lavanda-dei-piedi","tag-liturgia-della-settimana-santa","tag-liturgia-ufficiale","tag-lunedi-santo","tag-martedi-santo","tag-mercoledi-santo","tag-mistero-pasquale-2","tag-morte-e-risurrezione","tag-papa-francesco-sulla-settimana-santa","tag-passione-di-cristo-cristo","tag-preghiera-cattolica","tag-preghiere-per-la-settimana-santa","tag-redenzione","tag-riflessioni-sulla-settimana-santa","tag-rinnovamento-battesimale","tag-risorse-per-la-preghiera-cattolica","tag-sabato-santo","tag-san-giovanni-paolo-ii","tag-santi-e-papi","tag-settimana-santa","tag-speranza-cristiana-it","tag-tradizione-cattolica","tag-trending-it-236","tag-triduo-pasquale","tag-veglia-pasquale","tag-venerdi-santo","tag-via-crucis-it","tag-vita-cristiana","tag-vivere-la-pasqua"],"acf":[],"yoast_head":"<!-- This site is optimized with the Yoast SEO plugin v27.4 - https:\/\/yoast.com\/product\/yoast-seo-wordpress\/ -->\n<title>Vivere la Settimana Santa: un cammino di amore, conversione e speranza verso la Risurrezione &#8211; Exaudi<\/title>\n<meta name=\"robots\" content=\"index, follow, max-snippet:-1, max-image-preview:large, max-video-preview:-1\" \/>\n<link rel=\"canonical\" href=\"https:\/\/exaudi.org\/it\/vivere-la-settimana-santa-un-cammino-di-amore-conversione-e-speranza-verso-la-risurrezione\/\" \/>\n<meta property=\"og:locale\" content=\"it_IT\" \/>\n<meta property=\"og:type\" content=\"article\" \/>\n<meta property=\"og:title\" content=\"Vivere la Settimana Santa: un cammino di amore, conversione e speranza verso la Risurrezione &#8211; Exaudi\" \/>\n<meta property=\"og:description\" content=\"Una guida per accompagnare Cristo giorno dopo giorno\" \/>\n<meta property=\"og:url\" content=\"https:\/\/exaudi.org\/it\/vivere-la-settimana-santa-un-cammino-di-amore-conversione-e-speranza-verso-la-risurrezione\/\" \/>\n<meta property=\"og:site_name\" content=\"Exaudi\" \/>\n<meta property=\"article:publisher\" content=\"https:\/\/www.facebook.com\/ExaudiNews\" \/>\n<meta property=\"article:published_time\" content=\"2026-03-26T16:01:00+00:00\" \/>\n<meta property=\"og:image\" content=\"https:\/\/exaudi.org\/wp-content\/uploads\/2026\/03\/5ad3ee82-7f94-4ce4-8c45-b634355d1cb4.jpg\" \/>\n\t<meta property=\"og:image:width\" content=\"1280\" \/>\n\t<meta property=\"og:image:height\" content=\"720\" \/>\n\t<meta property=\"og:image:type\" content=\"image\/jpeg\" \/>\n<meta name=\"author\" content=\"Miguel Morales Gabriel\" \/>\n<meta name=\"twitter:card\" content=\"summary_large_image\" \/>\n<meta name=\"twitter:creator\" content=\"@Exaudi_News\" \/>\n<meta name=\"twitter:site\" content=\"@Exaudi_News\" \/>\n<meta name=\"twitter:label1\" content=\"Scritto da\" \/>\n\t<meta name=\"twitter:data1\" content=\"Miguel Morales Gabriel\" \/>\n\t<meta name=\"twitter:label2\" content=\"Tempo di lettura stimato\" \/>\n\t<meta name=\"twitter:data2\" content=\"9 minuti\" \/>\n<script type=\"application\/ld+json\" class=\"yoast-schema-graph\">{\"@context\":\"https:\\\/\\\/schema.org\",\"@graph\":[{\"@type\":\"Article\",\"@id\":\"https:\\\/\\\/exaudi.org\\\/it\\\/vivere-la-settimana-santa-un-cammino-di-amore-conversione-e-speranza-verso-la-risurrezione\\\/#article\",\"isPartOf\":{\"@id\":\"https:\\\/\\\/exaudi.org\\\/it\\\/vivere-la-settimana-santa-un-cammino-di-amore-conversione-e-speranza-verso-la-risurrezione\\\/\"},\"author\":{\"name\":\"Miguel Morales Gabriel\",\"@id\":\"https:\\\/\\\/exaudi.org\\\/#\\\/schema\\\/person\\\/e3aa4e56ecee909fa93b86ab62788ea5\"},\"headline\":\"Vivere la Settimana Santa: un cammino di amore, conversione e speranza verso la Risurrezione\",\"datePublished\":\"2026-03-26T16:01:00+00:00\",\"mainEntityOfPage\":{\"@id\":\"https:\\\/\\\/exaudi.org\\\/it\\\/vivere-la-settimana-santa-un-cammino-di-amore-conversione-e-speranza-verso-la-risurrezione\\\/\"},\"wordCount\":1828,\"image\":{\"@id\":\"https:\\\/\\\/exaudi.org\\\/it\\\/vivere-la-settimana-santa-un-cammino-di-amore-conversione-e-speranza-verso-la-risurrezione\\\/#primaryimage\"},\"thumbnailUrl\":\"https:\\\/\\\/exaudi.org\\\/wp-content\\\/uploads\\\/2026\\\/03\\\/5ad3ee82-7f94-4ce4-8c45-b634355d1cb4.jpg\",\"keywords\":[\"AMORE DI DIO\",\"cammino spirituale\",\"Catechesi della Settimana Santa\",\"Celebrazioni liturgiche\",\"CHIESA CATTOLICA\",\"Citazioni dei santi per la Settimana Santa\",\"conversione quaresimale\",\"Croce di Cristo\",\"DEVOZIONE CATTOLICA\",\"Divina misericordia\",\"Domenica delle Palme\",\"DOMENICA DI PASQUA\",\"Eucaristia del Gioved\u00ec Santo\",\"FEDE CATTOLICA\",\"fede e preghiera\",\"Gioia di Pasqua\",\"gioved\u00ec santo\",\"Guida spirituale per la Settimana Santa\",\"lavanda dei piedi\",\"Liturgia della Settimana Santa\",\"Liturgia ufficiale\",\"LUNEDI SANTO\",\"Marted\u00ec Santo\",\"Mercoled\u00ec Santo\",\"Mistero pasquale\",\"Morte e risurrezione\",\"Papa Francesco sulla Settimana Santa\",\"Passione di Cristo Cristo\",\"preghiera cattolica\",\"Preghiere per la Settimana Santa\",\"Redenzione\",\"Riflessioni sulla Settimana Santa\",\"Rinnovamento battesimale\",\"Risorse per la preghiera cattolica\",\"Sabato Santo\",\"SAN GIOVANNI PAOLO II\",\"Santi e papi\",\"Settimana Santa\",\"speranza cristiana\",\"TRADIZIONE CATTOLICA\",\"Trending\",\"triduo pasquale\",\"veglia pasquale\",\"Venerd\u00ec Santo\",\"Via Crucis\",\"VITA CRISTIANA\",\"Vivere la Pasqua\"],\"articleSection\":[\"Analisi\"],\"inLanguage\":\"it-IT\"},{\"@type\":\"WebPage\",\"@id\":\"https:\\\/\\\/exaudi.org\\\/it\\\/vivere-la-settimana-santa-un-cammino-di-amore-conversione-e-speranza-verso-la-risurrezione\\\/\",\"url\":\"https:\\\/\\\/exaudi.org\\\/it\\\/vivere-la-settimana-santa-un-cammino-di-amore-conversione-e-speranza-verso-la-risurrezione\\\/\",\"name\":\"Vivere la Settimana Santa: un cammino di amore, conversione e speranza verso la Risurrezione &#8211; Exaudi\",\"isPartOf\":{\"@id\":\"https:\\\/\\\/exaudi.org\\\/#website\"},\"primaryImageOfPage\":{\"@id\":\"https:\\\/\\\/exaudi.org\\\/it\\\/vivere-la-settimana-santa-un-cammino-di-amore-conversione-e-speranza-verso-la-risurrezione\\\/#primaryimage\"},\"image\":{\"@id\":\"https:\\\/\\\/exaudi.org\\\/it\\\/vivere-la-settimana-santa-un-cammino-di-amore-conversione-e-speranza-verso-la-risurrezione\\\/#primaryimage\"},\"thumbnailUrl\":\"https:\\\/\\\/exaudi.org\\\/wp-content\\\/uploads\\\/2026\\\/03\\\/5ad3ee82-7f94-4ce4-8c45-b634355d1cb4.jpg\",\"datePublished\":\"2026-03-26T16:01:00+00:00\",\"author\":{\"@id\":\"https:\\\/\\\/exaudi.org\\\/#\\\/schema\\\/person\\\/e3aa4e56ecee909fa93b86ab62788ea5\"},\"breadcrumb\":{\"@id\":\"https:\\\/\\\/exaudi.org\\\/it\\\/vivere-la-settimana-santa-un-cammino-di-amore-conversione-e-speranza-verso-la-risurrezione\\\/#breadcrumb\"},\"inLanguage\":\"it-IT\",\"potentialAction\":[{\"@type\":\"ReadAction\",\"target\":[\"https:\\\/\\\/exaudi.org\\\/it\\\/vivere-la-settimana-santa-un-cammino-di-amore-conversione-e-speranza-verso-la-risurrezione\\\/\"]}]},{\"@type\":\"ImageObject\",\"inLanguage\":\"it-IT\",\"@id\":\"https:\\\/\\\/exaudi.org\\\/it\\\/vivere-la-settimana-santa-un-cammino-di-amore-conversione-e-speranza-verso-la-risurrezione\\\/#primaryimage\",\"url\":\"https:\\\/\\\/exaudi.org\\\/wp-content\\\/uploads\\\/2026\\\/03\\\/5ad3ee82-7f94-4ce4-8c45-b634355d1cb4.jpg\",\"contentUrl\":\"https:\\\/\\\/exaudi.org\\\/wp-content\\\/uploads\\\/2026\\\/03\\\/5ad3ee82-7f94-4ce4-8c45-b634355d1cb4.jpg\",\"width\":1280,\"height\":720},{\"@type\":\"BreadcrumbList\",\"@id\":\"https:\\\/\\\/exaudi.org\\\/it\\\/vivere-la-settimana-santa-un-cammino-di-amore-conversione-e-speranza-verso-la-risurrezione\\\/#breadcrumb\",\"itemListElement\":[{\"@type\":\"ListItem\",\"position\":1,\"name\":\"Portada\",\"item\":\"https:\\\/\\\/exaudi.org\\\/it\\\/\"},{\"@type\":\"ListItem\",\"position\":2,\"name\":\"Vivere la Settimana Santa: un cammino di amore, conversione e speranza verso la Risurrezione\"}]},{\"@type\":\"WebSite\",\"@id\":\"https:\\\/\\\/exaudi.org\\\/#website\",\"url\":\"https:\\\/\\\/exaudi.org\\\/\",\"name\":\"Exaudi\",\"description\":\"News\",\"potentialAction\":[{\"@type\":\"SearchAction\",\"target\":{\"@type\":\"EntryPoint\",\"urlTemplate\":\"https:\\\/\\\/exaudi.org\\\/?s={search_term_string}\"},\"query-input\":{\"@type\":\"PropertyValueSpecification\",\"valueRequired\":true,\"valueName\":\"search_term_string\"}}],\"inLanguage\":\"it-IT\"},{\"@type\":\"Person\",\"@id\":\"https:\\\/\\\/exaudi.org\\\/#\\\/schema\\\/person\\\/e3aa4e56ecee909fa93b86ab62788ea5\",\"name\":\"Miguel Morales Gabriel\",\"image\":{\"@type\":\"ImageObject\",\"inLanguage\":\"it-IT\",\"@id\":\"https:\\\/\\\/secure.gravatar.com\\\/avatar\\\/ebf41cf87d1ad0ad22bb9835362c20595e2ea28aef545333e7b96251378f3aae?s=96&d=mm&r=g\",\"url\":\"https:\\\/\\\/secure.gravatar.com\\\/avatar\\\/ebf41cf87d1ad0ad22bb9835362c20595e2ea28aef545333e7b96251378f3aae?s=96&d=mm&r=g\",\"contentUrl\":\"https:\\\/\\\/secure.gravatar.com\\\/avatar\\\/ebf41cf87d1ad0ad22bb9835362c20595e2ea28aef545333e7b96251378f3aae?s=96&d=mm&r=g\",\"caption\":\"Miguel Morales Gabriel\"},\"description\":\"Soy un jubilado empresario cat\u00f3lico, esposo devoto, padre esforzado, abuelo cari\u00f1oso y amigo leal; fundador de su empresa familiar donde lider\u00f3 con integridad durante d\u00e9cadas generando empleo y desarrollo local, siempre guiado por su fe, la solidaridad comunitaria y el amor incondicional a su esposa, hijos y nietos, viviendo con el lema de servir con humildad.\",\"url\":\"https:\\\/\\\/exaudi.org\\\/it\\\/author\\\/miguel-morales-gabriel\\\/\"}]}<\/script>\n<!-- \/ Yoast SEO plugin. -->","yoast_head_json":{"title":"Vivere la Settimana Santa: un cammino di amore, conversione e speranza verso la Risurrezione &#8211; Exaudi","robots":{"index":"index","follow":"follow","max-snippet":"max-snippet:-1","max-image-preview":"max-image-preview:large","max-video-preview":"max-video-preview:-1"},"canonical":"https:\/\/exaudi.org\/it\/vivere-la-settimana-santa-un-cammino-di-amore-conversione-e-speranza-verso-la-risurrezione\/","og_locale":"it_IT","og_type":"article","og_title":"Vivere la Settimana Santa: un cammino di amore, conversione e speranza verso la Risurrezione &#8211; Exaudi","og_description":"Una guida per accompagnare Cristo giorno dopo giorno","og_url":"https:\/\/exaudi.org\/it\/vivere-la-settimana-santa-un-cammino-di-amore-conversione-e-speranza-verso-la-risurrezione\/","og_site_name":"Exaudi","article_publisher":"https:\/\/www.facebook.com\/ExaudiNews","article_published_time":"2026-03-26T16:01:00+00:00","og_image":[{"width":1280,"height":720,"url":"https:\/\/exaudi.org\/wp-content\/uploads\/2026\/03\/5ad3ee82-7f94-4ce4-8c45-b634355d1cb4.jpg","type":"image\/jpeg"}],"author":"Miguel Morales Gabriel","twitter_card":"summary_large_image","twitter_creator":"@Exaudi_News","twitter_site":"@Exaudi_News","twitter_misc":{"Scritto da":"Miguel Morales Gabriel","Tempo di lettura stimato":"9 minuti"},"schema":{"@context":"https:\/\/schema.org","@graph":[{"@type":"Article","@id":"https:\/\/exaudi.org\/it\/vivere-la-settimana-santa-un-cammino-di-amore-conversione-e-speranza-verso-la-risurrezione\/#article","isPartOf":{"@id":"https:\/\/exaudi.org\/it\/vivere-la-settimana-santa-un-cammino-di-amore-conversione-e-speranza-verso-la-risurrezione\/"},"author":{"name":"Miguel Morales Gabriel","@id":"https:\/\/exaudi.org\/#\/schema\/person\/e3aa4e56ecee909fa93b86ab62788ea5"},"headline":"Vivere la Settimana Santa: un cammino di amore, conversione e speranza verso la Risurrezione","datePublished":"2026-03-26T16:01:00+00:00","mainEntityOfPage":{"@id":"https:\/\/exaudi.org\/it\/vivere-la-settimana-santa-un-cammino-di-amore-conversione-e-speranza-verso-la-risurrezione\/"},"wordCount":1828,"image":{"@id":"https:\/\/exaudi.org\/it\/vivere-la-settimana-santa-un-cammino-di-amore-conversione-e-speranza-verso-la-risurrezione\/#primaryimage"},"thumbnailUrl":"https:\/\/exaudi.org\/wp-content\/uploads\/2026\/03\/5ad3ee82-7f94-4ce4-8c45-b634355d1cb4.jpg","keywords":["AMORE DI DIO","cammino spirituale","Catechesi della Settimana Santa","Celebrazioni liturgiche","CHIESA CATTOLICA","Citazioni dei santi per la Settimana Santa","conversione quaresimale","Croce di Cristo","DEVOZIONE CATTOLICA","Divina misericordia","Domenica delle Palme","DOMENICA DI PASQUA","Eucaristia del Gioved\u00ec Santo","FEDE CATTOLICA","fede e preghiera","Gioia di Pasqua","gioved\u00ec santo","Guida spirituale per la Settimana Santa","lavanda dei piedi","Liturgia della Settimana Santa","Liturgia ufficiale","LUNEDI SANTO","Marted\u00ec Santo","Mercoled\u00ec Santo","Mistero pasquale","Morte e risurrezione","Papa Francesco sulla Settimana Santa","Passione di Cristo Cristo","preghiera cattolica","Preghiere per la Settimana Santa","Redenzione","Riflessioni sulla Settimana Santa","Rinnovamento battesimale","Risorse per la preghiera cattolica","Sabato Santo","SAN GIOVANNI PAOLO II","Santi e papi","Settimana Santa","speranza cristiana","TRADIZIONE CATTOLICA","Trending","triduo pasquale","veglia pasquale","Venerd\u00ec Santo","Via Crucis","VITA CRISTIANA","Vivere la Pasqua"],"articleSection":["Analisi"],"inLanguage":"it-IT"},{"@type":"WebPage","@id":"https:\/\/exaudi.org\/it\/vivere-la-settimana-santa-un-cammino-di-amore-conversione-e-speranza-verso-la-risurrezione\/","url":"https:\/\/exaudi.org\/it\/vivere-la-settimana-santa-un-cammino-di-amore-conversione-e-speranza-verso-la-risurrezione\/","name":"Vivere la Settimana Santa: un cammino di amore, conversione e speranza verso la Risurrezione &#8211; Exaudi","isPartOf":{"@id":"https:\/\/exaudi.org\/#website"},"primaryImageOfPage":{"@id":"https:\/\/exaudi.org\/it\/vivere-la-settimana-santa-un-cammino-di-amore-conversione-e-speranza-verso-la-risurrezione\/#primaryimage"},"image":{"@id":"https:\/\/exaudi.org\/it\/vivere-la-settimana-santa-un-cammino-di-amore-conversione-e-speranza-verso-la-risurrezione\/#primaryimage"},"thumbnailUrl":"https:\/\/exaudi.org\/wp-content\/uploads\/2026\/03\/5ad3ee82-7f94-4ce4-8c45-b634355d1cb4.jpg","datePublished":"2026-03-26T16:01:00+00:00","author":{"@id":"https:\/\/exaudi.org\/#\/schema\/person\/e3aa4e56ecee909fa93b86ab62788ea5"},"breadcrumb":{"@id":"https:\/\/exaudi.org\/it\/vivere-la-settimana-santa-un-cammino-di-amore-conversione-e-speranza-verso-la-risurrezione\/#breadcrumb"},"inLanguage":"it-IT","potentialAction":[{"@type":"ReadAction","target":["https:\/\/exaudi.org\/it\/vivere-la-settimana-santa-un-cammino-di-amore-conversione-e-speranza-verso-la-risurrezione\/"]}]},{"@type":"ImageObject","inLanguage":"it-IT","@id":"https:\/\/exaudi.org\/it\/vivere-la-settimana-santa-un-cammino-di-amore-conversione-e-speranza-verso-la-risurrezione\/#primaryimage","url":"https:\/\/exaudi.org\/wp-content\/uploads\/2026\/03\/5ad3ee82-7f94-4ce4-8c45-b634355d1cb4.jpg","contentUrl":"https:\/\/exaudi.org\/wp-content\/uploads\/2026\/03\/5ad3ee82-7f94-4ce4-8c45-b634355d1cb4.jpg","width":1280,"height":720},{"@type":"BreadcrumbList","@id":"https:\/\/exaudi.org\/it\/vivere-la-settimana-santa-un-cammino-di-amore-conversione-e-speranza-verso-la-risurrezione\/#breadcrumb","itemListElement":[{"@type":"ListItem","position":1,"name":"Portada","item":"https:\/\/exaudi.org\/it\/"},{"@type":"ListItem","position":2,"name":"Vivere la Settimana Santa: un cammino di amore, conversione e speranza verso la Risurrezione"}]},{"@type":"WebSite","@id":"https:\/\/exaudi.org\/#website","url":"https:\/\/exaudi.org\/","name":"Exaudi","description":"News","potentialAction":[{"@type":"SearchAction","target":{"@type":"EntryPoint","urlTemplate":"https:\/\/exaudi.org\/?s={search_term_string}"},"query-input":{"@type":"PropertyValueSpecification","valueRequired":true,"valueName":"search_term_string"}}],"inLanguage":"it-IT"},{"@type":"Person","@id":"https:\/\/exaudi.org\/#\/schema\/person\/e3aa4e56ecee909fa93b86ab62788ea5","name":"Miguel Morales Gabriel","image":{"@type":"ImageObject","inLanguage":"it-IT","@id":"https:\/\/secure.gravatar.com\/avatar\/ebf41cf87d1ad0ad22bb9835362c20595e2ea28aef545333e7b96251378f3aae?s=96&d=mm&r=g","url":"https:\/\/secure.gravatar.com\/avatar\/ebf41cf87d1ad0ad22bb9835362c20595e2ea28aef545333e7b96251378f3aae?s=96&d=mm&r=g","contentUrl":"https:\/\/secure.gravatar.com\/avatar\/ebf41cf87d1ad0ad22bb9835362c20595e2ea28aef545333e7b96251378f3aae?s=96&d=mm&r=g","caption":"Miguel Morales Gabriel"},"description":"Soy un jubilado empresario cat\u00f3lico, esposo devoto, padre esforzado, abuelo cari\u00f1oso y amigo leal; fundador de su empresa familiar donde lider\u00f3 con integridad durante d\u00e9cadas generando empleo y desarrollo local, siempre guiado por su fe, la solidaridad comunitaria y el amor incondicional a su esposa, hijos y nietos, viviendo con el lema de servir con humildad.","url":"https:\/\/exaudi.org\/it\/author\/miguel-morales-gabriel\/"}]}},"jetpack_featured_media_url":"https:\/\/exaudi.org\/wp-content\/uploads\/2026\/03\/5ad3ee82-7f94-4ce4-8c45-b634355d1cb4.jpg","jetpack_shortlink":"https:\/\/wp.me\/pgKjF2-Gud","_links":{"self":[{"href":"https:\/\/exaudi.org\/it\/wp-json\/wp\/v2\/posts\/163321","targetHints":{"allow":["GET"]}}],"collection":[{"href":"https:\/\/exaudi.org\/it\/wp-json\/wp\/v2\/posts"}],"about":[{"href":"https:\/\/exaudi.org\/it\/wp-json\/wp\/v2\/types\/post"}],"author":[{"embeddable":true,"href":"https:\/\/exaudi.org\/it\/wp-json\/wp\/v2\/users\/172"}],"replies":[{"embeddable":true,"href":"https:\/\/exaudi.org\/it\/wp-json\/wp\/v2\/comments?post=163321"}],"version-history":[{"count":3,"href":"https:\/\/exaudi.org\/it\/wp-json\/wp\/v2\/posts\/163321\/revisions"}],"predecessor-version":[{"id":163324,"href":"https:\/\/exaudi.org\/it\/wp-json\/wp\/v2\/posts\/163321\/revisions\/163324"}],"wp:featuredmedia":[{"embeddable":true,"href":"https:\/\/exaudi.org\/it\/wp-json\/wp\/v2\/media\/162979"}],"wp:attachment":[{"href":"https:\/\/exaudi.org\/it\/wp-json\/wp\/v2\/media?parent=163321"}],"wp:term":[{"taxonomy":"category","embeddable":true,"href":"https:\/\/exaudi.org\/it\/wp-json\/wp\/v2\/categories?post=163321"},{"taxonomy":"post_tag","embeddable":true,"href":"https:\/\/exaudi.org\/it\/wp-json\/wp\/v2\/tags?post=163321"}],"curies":[{"name":"wp","href":"https:\/\/api.w.org\/{rel}","templated":true}]}}