{"id":163143,"date":"2026-03-25T18:15:13","date_gmt":"2026-03-25T17:15:13","guid":{"rendered":"https:\/\/exaudi.org\/?p=163143"},"modified":"2026-03-25T18:15:13","modified_gmt":"2026-03-25T17:15:13","slug":"lattesa-un-cortometraggio-che-celebra-il-valore-della-vita","status":"publish","type":"post","link":"https:\/\/exaudi.org\/it\/lattesa-un-cortometraggio-che-celebra-il-valore-della-vita\/","title":{"rendered":"L&#8217;attesa: un cortometraggio che celebra il valore della vita"},"content":{"rendered":"<p dir=\"auto\"><span dir=\"auto\" style=\"vertical-align: inherit\"><span dir=\"auto\" style=\"vertical-align: inherit\">In occasione della\u00a0 <\/span><\/span><strong><span dir=\"auto\" style=\"vertical-align: inherit\"><span dir=\"auto\" style=\"vertical-align: inherit\">Giornata Internazionale della Vita<\/span><\/span><\/strong><span dir=\"auto\" style=\"vertical-align: inherit\"><span dir=\"auto\" style=\"vertical-align: inherit\"> , celebrata il 25 marzo 2026, \u00e8 stato distribuito\u00a0 il cortometraggio <\/span><\/span><em><span dir=\"auto\" style=\"vertical-align: inherit\"><span dir=\"auto\" style=\"vertical-align: inherit\">&#8220;The Wait&#8221;<\/span><\/span><\/em><span dir=\"auto\" style=\"vertical-align: inherit\"><span dir=\"auto\" style=\"vertical-align: inherit\"> , una produzione che invita a una profonda riflessione sul valore sacro della vita umana. Diretto da Jos\u00e9 N\u00fa\u00f1ez, questo commovente e intimo cortometraggio ci immerge in un dialogo personale tra una figlia e il padre ricoverato in ospedale, in un momento di dubbio, spossatezza e disperazione.<\/span><\/span><\/p>\n<p dir=\"auto\"><span dir=\"auto\" style=\"vertical-align: inherit\"><span dir=\"auto\" style=\"vertical-align: inherit\">Nel corso dei suoi circa 3 minuti e 45 secondi, la storia si svolge in un contesto quotidiano: una donna sopraffatta dal lavoro, dalla solitudine e dalle pressioni esterne, che intrattiene una conversazione con il suo bambino non ancora nato mentre si trova ad affrontare la decisione pi\u00f9 difficile della sua vita.<\/span><\/span><\/p>\n<h3 dir=\"auto\"><strong><span dir=\"auto\" style=\"vertical-align: inherit\"><span dir=\"auto\" style=\"vertical-align: inherit\">Il dialogo che tocca il cuore<\/span><\/span><\/strong><\/h3>\n<p dir=\"auto\"><span dir=\"auto\" style=\"vertical-align: inherit\"><span dir=\"auto\" style=\"vertical-align: inherit\">\u00abChe senso ha tutta questa attesa?\u00bb si chiede la figlia, esausta, dopo aver parlato con il medico che le conferma che \u00abtutto \u00e8 uguale, immutato\u00bb. Si sente sola, senza tempo, senza forze e senza risorse. \u00abVoglio solo che finisca e che io possa andare avanti con la mia vita\u00bb, confessa in un momento di cruda onest\u00e0.<\/span><\/span><\/p>\n<p dir=\"auto\"><span dir=\"auto\" style=\"vertical-align: inherit\"><span dir=\"auto\" style=\"vertical-align: inherit\">Tuttavia, la voce del padre risponde con sorprendente tenerezza e maturit\u00e0:<\/span><\/span><\/p>\n<p dir=\"auto\"><em><strong><span dir=\"auto\" style=\"vertical-align: inherit\"><span dir=\"auto\" style=\"vertical-align: inherit\">&#8220;Ti sbagli. Certo che mi sbaglio. Sono qui con te&#8230; Sono parte di te tanto quanto tu sei parte di me.&#8221;<\/span><\/span><\/strong><\/em><\/p>\n<p dir=\"auto\"><span dir=\"auto\" style=\"vertical-align: inherit\"><span dir=\"auto\" style=\"vertical-align: inherit\">Suo padre gli ricorda le pressioni esterne (\u201cmi dicono tutto: di farlo, di non farlo, di pensarci su\u201d), ma anche le conseguenze che nessun altro considera: che potrebbe andare peggio per entrambi, che non lo farebbe bene o che alla fine \u201cnon ti vorrei al mio fianco\u201d.<\/span><\/span><\/p>\n<p dir=\"auto\"><span dir=\"auto\" style=\"vertical-align: inherit\"><span dir=\"auto\" style=\"vertical-align: inherit\">Con una speranza che trascende la sua condizione attuale, il padre gli dice:<\/span><\/span><\/p>\n<p dir=\"auto\"><em><strong><span dir=\"auto\" style=\"vertical-align: inherit\"><span dir=\"auto\" style=\"vertical-align: inherit\">\u201cAmore mio, capisco i tuoi dubbi, ma non devi arrenderti. Ricorda quella tua frase: &#8216;Le cose migliori si trovano al di l\u00e0 della paura&#8217;.\u201d<\/span><\/span><\/strong><\/em><\/p>\n<p dir=\"auto\"><span dir=\"auto\" style=\"vertical-align: inherit\"><span dir=\"auto\" style=\"vertical-align: inherit\">E continua a dipingere un futuro possibile: sentire il sole sul viso, respirare con le proprie forze, ridere con lei, camminare, intraprendere il proprio viaggio&#8230; &#8220;E tutto questo, tutto questo sarebbe grazie a te.&#8221;<\/span><\/span><\/p>\n<p dir=\"auto\"><span dir=\"auto\" style=\"vertical-align: inherit\"><span dir=\"auto\" style=\"vertical-align: inherit\">Il culmine emotivo si raggiunge quando il padre afferma con forza:<\/span><\/span><\/p>\n<p dir=\"auto\"><em><strong><span dir=\"auto\" style=\"vertical-align: inherit\"><span dir=\"auto\" style=\"vertical-align: inherit\">&#8220;Nonostante la situazione in cui mi trovo, c&#8217;\u00e8 una cosa che sento profondamente: che ne vale la pena.&#8221;<\/span><\/span><\/strong><\/em><\/p>\n<p dir=\"auto\"><span dir=\"auto\" style=\"vertical-align: inherit\"><span dir=\"auto\" style=\"vertical-align: inherit\">E si conclude con un invito pieno d&#8217;amore:<\/span><\/span><\/p>\n<p dir=\"auto\"><em><strong><span dir=\"auto\" style=\"vertical-align: inherit\"><span dir=\"auto\" style=\"vertical-align: inherit\">&#8220;Resisti e abbi fiducia, amore mio. Dammi una possibilit\u00e0. Sappiamo entrambi che la vita vale l&#8217;attesa.&#8221;<\/span><\/span><\/strong><\/em><\/p>\n<h3 dir=\"auto\"><strong><span dir=\"auto\" style=\"vertical-align: inherit\"><span dir=\"auto\" style=\"vertical-align: inherit\">Un messaggio universale per la Giornata internazionale della vita<\/span><\/span><\/strong><\/h3>\n<p dir=\"auto\"><em><span dir=\"auto\" style=\"vertical-align: inherit\"><span dir=\"auto\" style=\"vertical-align: inherit\">&#8220;The Wait&#8221;<\/span><\/span><\/em><span dir=\"auto\" style=\"vertical-align: inherit\"><span dir=\"auto\" style=\"vertical-align: inherit\"> \u00a0non \u00e8 solo un cortometraggio pro-vita; \u00e8 un invito a non perdere la speranza nemmeno nell&#8217;oscurit\u00e0 pi\u00f9 profonda. Mostra che, anche quando le circostanze sembrano insormontabili, la vita porta sempre con s\u00e9 la possibilit\u00e0 di miracoli, di luce e di un amore che giustifica qualsiasi sacrificio.<\/span><\/span><\/p>\n<p dir=\"auto\"><span dir=\"auto\" style=\"vertical-align: inherit\"><span dir=\"auto\" style=\"vertical-align: inherit\">La frase che permea l&#8217;intera opera \u2014&#8221;Le cose migliori si trovano al di l\u00e0 della paura&#8221;\u2014 diventa il fulcro del messaggio: arrendersi alla paura significa rinunciare al meglio che la vita pu\u00f2 offrire.<\/span><\/span><\/p>\n<p dir=\"auto\"><span dir=\"auto\" style=\"vertical-align: inherit\"><span dir=\"auto\" style=\"vertical-align: inherit\">Con un approccio semplice ma carico di emozione, Jos\u00e9 N\u00fa\u00f1ez riesce a far s\u00ec che lo spettatore si immedesimi nel conflitto interiore del protagonista e, allo stesso tempo, si commuova per la voce innocente e saggia del bambino non ancora nato.<\/span><\/span><\/p>\n<p dir=\"auto\"><span dir=\"auto\" style=\"vertical-align: inherit\"><span dir=\"auto\" style=\"vertical-align: inherit\">Questo cortometraggio \u00e8 uno strumento perfetto per riflettere, discutere e celebrare la vita in tutte le sue fasi. Perch\u00e9, come dice la voce del figlio:\u00a0 <\/span><\/span><strong><span dir=\"auto\" style=\"vertical-align: inherit\"><span dir=\"auto\" style=\"vertical-align: inherit\">la vita vale l&#8217;attesa<\/span><\/span><\/strong><span dir=\"auto\" style=\"vertical-align: inherit\"><span dir=\"auto\" style=\"vertical-align: inherit\"> .<\/span><\/span><\/p>\n<p dir=\"auto\"><span dir=\"auto\" style=\"vertical-align: inherit\"><span dir=\"auto\" style=\"vertical-align: inherit\">Avete gi\u00e0 visto\u00a0 <\/span><\/span><em><span dir=\"auto\" style=\"vertical-align: inherit\"><span dir=\"auto\" style=\"vertical-align: inherit\">The Wait<\/span><\/span><\/em><span dir=\"auto\" style=\"vertical-align: inherit\"><span dir=\"auto\" style=\"vertical-align: inherit\"> ? Vi invitiamo a condividere le vostre impressioni nei commenti. La speranza vale sempre la pena.<\/span><\/span><\/p>\n","protected":false},"excerpt":{"rendered":"<p>In occasione della Giornata Internazionale della Vita: una commovente storia di speranza, paura e amore incondizionato, diretta da Jos\u00e9 N\u00fa\u00f1ez, che ci ricorda che le cose migliori si trovano al di l\u00e0 della paura<\/p>\n","protected":false},"author":17,"featured_media":163074,"comment_status":"closed","ping_status":"closed","sticky":false,"template":"","format":"standard","meta":{"_acf_changed":false,"_crdt_document":"","inline_featured_image":false,"footnotes":""},"categories":[73],"tags":[34840,36062,104152,18687,104153,104154,11888,64787],"class_list":["post-163143","post","type-post","status-publish","format-standard","has-post-thumbnail","hentry","category-chiesa-e-mondo","tag-attesa","tag-ceu-2","tag-cortometraggio","tag-figlia","tag-giornata-internazionale-della-vita","tag-jose-nunez-2","tag-padre-2","tag-trending-it-236"],"acf":[],"yoast_head":"<!-- This site is optimized with the Yoast SEO plugin v27.5 - https:\/\/yoast.com\/product\/yoast-seo-wordpress\/ -->\n<title>L&#039;attesa: un cortometraggio che celebra il valore della vita &#8211; Exaudi<\/title>\n<meta name=\"robots\" content=\"index, follow, max-snippet:-1, max-image-preview:large, max-video-preview:-1\" \/>\n<link rel=\"canonical\" href=\"https:\/\/exaudi.org\/it\/lattesa-un-cortometraggio-che-celebra-il-valore-della-vita\/\" \/>\n<meta property=\"og:locale\" content=\"it_IT\" \/>\n<meta property=\"og:type\" content=\"article\" \/>\n<meta property=\"og:title\" content=\"L&#039;attesa: un cortometraggio che celebra il valore della vita &#8211; Exaudi\" \/>\n<meta property=\"og:description\" content=\"In occasione della Giornata Internazionale della Vita: una commovente storia di speranza, paura e amore incondizionato, diretta da Jos\u00e9 N\u00fa\u00f1ez, che ci ricorda che le cose migliori si trovano al di l\u00e0 della paura\" \/>\n<meta property=\"og:url\" content=\"https:\/\/exaudi.org\/it\/lattesa-un-cortometraggio-che-celebra-il-valore-della-vita\/\" \/>\n<meta property=\"og:site_name\" content=\"Exaudi\" \/>\n<meta property=\"article:publisher\" content=\"https:\/\/www.facebook.com\/ExaudiNews\" \/>\n<meta property=\"article:author\" content=\"https:\/\/www.facebook.com\/ExaudiNotizie\/\" \/>\n<meta property=\"article:published_time\" content=\"2026-03-25T17:15:13+00:00\" \/>\n<meta property=\"og:image\" content=\"https:\/\/exaudi.org\/wp-content\/uploads\/2026\/03\/hq720.jpg\" \/>\n\t<meta property=\"og:image:width\" content=\"686\" \/>\n\t<meta property=\"og:image:height\" content=\"386\" \/>\n\t<meta property=\"og:image:type\" content=\"image\/jpeg\" \/>\n<meta name=\"author\" content=\"Exaudi Redazione\" \/>\n<meta name=\"twitter:card\" content=\"summary_large_image\" \/>\n<meta name=\"twitter:creator\" content=\"@Exaudi_Notizie\" \/>\n<meta name=\"twitter:site\" content=\"@Exaudi_News\" \/>\n<meta name=\"twitter:label1\" content=\"Scritto da\" \/>\n\t<meta name=\"twitter:data1\" content=\"Exaudi Redazione\" \/>\n\t<meta name=\"twitter:label2\" content=\"Tempo di lettura stimato\" \/>\n\t<meta name=\"twitter:data2\" content=\"3 minuti\" \/>\n<script type=\"application\/ld+json\" class=\"yoast-schema-graph\">{\"@context\":\"https:\\\/\\\/schema.org\",\"@graph\":[{\"@type\":\"Article\",\"@id\":\"https:\\\/\\\/exaudi.org\\\/it\\\/lattesa-un-cortometraggio-che-celebra-il-valore-della-vita\\\/#article\",\"isPartOf\":{\"@id\":\"https:\\\/\\\/exaudi.org\\\/it\\\/lattesa-un-cortometraggio-che-celebra-il-valore-della-vita\\\/\"},\"author\":{\"name\":\"Exaudi Redazione\",\"@id\":\"https:\\\/\\\/exaudi.org\\\/#\\\/schema\\\/person\\\/e1ab6ed07c01774724dd96f925f3a5f0\"},\"headline\":\"L&#8217;attesa: un cortometraggio che celebra il valore della vita\",\"datePublished\":\"2026-03-25T17:15:13+00:00\",\"mainEntityOfPage\":{\"@id\":\"https:\\\/\\\/exaudi.org\\\/it\\\/lattesa-un-cortometraggio-che-celebra-il-valore-della-vita\\\/\"},\"wordCount\":570,\"image\":{\"@id\":\"https:\\\/\\\/exaudi.org\\\/it\\\/lattesa-un-cortometraggio-che-celebra-il-valore-della-vita\\\/#primaryimage\"},\"thumbnailUrl\":\"https:\\\/\\\/exaudi.org\\\/wp-content\\\/uploads\\\/2026\\\/03\\\/hq720.jpg\",\"keywords\":[\"attesa\",\"CEU\",\"Cortometraggio\",\"FIGLIA\",\"Giornata Internazionale della Vita\",\"Jos\u00e9 N\u00fa\u00f1ez\",\"PADRE\",\"Trending\"],\"articleSection\":[\"Chiesa e Mondo\"],\"inLanguage\":\"it-IT\"},{\"@type\":\"WebPage\",\"@id\":\"https:\\\/\\\/exaudi.org\\\/it\\\/lattesa-un-cortometraggio-che-celebra-il-valore-della-vita\\\/\",\"url\":\"https:\\\/\\\/exaudi.org\\\/it\\\/lattesa-un-cortometraggio-che-celebra-il-valore-della-vita\\\/\",\"name\":\"L'attesa: un cortometraggio che celebra il valore della vita &#8211; Exaudi\",\"isPartOf\":{\"@id\":\"https:\\\/\\\/exaudi.org\\\/#website\"},\"primaryImageOfPage\":{\"@id\":\"https:\\\/\\\/exaudi.org\\\/it\\\/lattesa-un-cortometraggio-che-celebra-il-valore-della-vita\\\/#primaryimage\"},\"image\":{\"@id\":\"https:\\\/\\\/exaudi.org\\\/it\\\/lattesa-un-cortometraggio-che-celebra-il-valore-della-vita\\\/#primaryimage\"},\"thumbnailUrl\":\"https:\\\/\\\/exaudi.org\\\/wp-content\\\/uploads\\\/2026\\\/03\\\/hq720.jpg\",\"datePublished\":\"2026-03-25T17:15:13+00:00\",\"author\":{\"@id\":\"https:\\\/\\\/exaudi.org\\\/#\\\/schema\\\/person\\\/e1ab6ed07c01774724dd96f925f3a5f0\"},\"breadcrumb\":{\"@id\":\"https:\\\/\\\/exaudi.org\\\/it\\\/lattesa-un-cortometraggio-che-celebra-il-valore-della-vita\\\/#breadcrumb\"},\"inLanguage\":\"it-IT\",\"potentialAction\":[{\"@type\":\"ReadAction\",\"target\":[\"https:\\\/\\\/exaudi.org\\\/it\\\/lattesa-un-cortometraggio-che-celebra-il-valore-della-vita\\\/\"]}]},{\"@type\":\"ImageObject\",\"inLanguage\":\"it-IT\",\"@id\":\"https:\\\/\\\/exaudi.org\\\/it\\\/lattesa-un-cortometraggio-che-celebra-il-valore-della-vita\\\/#primaryimage\",\"url\":\"https:\\\/\\\/exaudi.org\\\/wp-content\\\/uploads\\\/2026\\\/03\\\/hq720.jpg\",\"contentUrl\":\"https:\\\/\\\/exaudi.org\\\/wp-content\\\/uploads\\\/2026\\\/03\\\/hq720.jpg\",\"width\":686,\"height\":386},{\"@type\":\"BreadcrumbList\",\"@id\":\"https:\\\/\\\/exaudi.org\\\/it\\\/lattesa-un-cortometraggio-che-celebra-il-valore-della-vita\\\/#breadcrumb\",\"itemListElement\":[{\"@type\":\"ListItem\",\"position\":1,\"name\":\"Portada\",\"item\":\"https:\\\/\\\/exaudi.org\\\/it\\\/\"},{\"@type\":\"ListItem\",\"position\":2,\"name\":\"L&#8217;attesa: un cortometraggio che celebra il valore della vita\"}]},{\"@type\":\"WebSite\",\"@id\":\"https:\\\/\\\/exaudi.org\\\/#website\",\"url\":\"https:\\\/\\\/exaudi.org\\\/\",\"name\":\"Exaudi\",\"description\":\"News\",\"potentialAction\":[{\"@type\":\"SearchAction\",\"target\":{\"@type\":\"EntryPoint\",\"urlTemplate\":\"https:\\\/\\\/exaudi.org\\\/?s={search_term_string}\"},\"query-input\":{\"@type\":\"PropertyValueSpecification\",\"valueRequired\":true,\"valueName\":\"search_term_string\"}}],\"inLanguage\":\"it-IT\"},{\"@type\":\"Person\",\"@id\":\"https:\\\/\\\/exaudi.org\\\/#\\\/schema\\\/person\\\/e1ab6ed07c01774724dd96f925f3a5f0\",\"name\":\"Exaudi Redazione\",\"image\":{\"@type\":\"ImageObject\",\"inLanguage\":\"it-IT\",\"@id\":\"https:\\\/\\\/secure.gravatar.com\\\/avatar\\\/ad6774b3ada023bf5b939d64f45c94b3adf91502dd883507d469b4308a943bb3?s=96&d=mm&r=g\",\"url\":\"https:\\\/\\\/secure.gravatar.com\\\/avatar\\\/ad6774b3ada023bf5b939d64f45c94b3adf91502dd883507d469b4308a943bb3?s=96&d=mm&r=g\",\"contentUrl\":\"https:\\\/\\\/secure.gravatar.com\\\/avatar\\\/ad6774b3ada023bf5b939d64f45c94b3adf91502dd883507d469b4308a943bb3?s=96&d=mm&r=g\",\"caption\":\"Exaudi Redazione\"},\"description\":\"Che cosa \u00e8 Exaudi News? Exaudi News \u00e8 un agenzia cattolica internazionale che informa, istruisce e trasforma quotidianamente in spagnolo, inglese e italiano. Attraverso notizie, articoli di analisi e trasmissioni in diretta degli eventi del Papa, Exaudi cerca di rafforzare l'unit\u00e0 dei cristiani e di contribuire all'evangelizzazione del mondo, sempre guidato dalla dottrina sociale della Chiesa. Lavoriamo per portare la verit\u00e0 e i valori cristiani in ogni angolo del pianeta. Aiutaci a trasformare il mondo con Exaudi! Noi di Exaudi crediamo che l'evangelizzazione e l'informazione di qualit\u00e0 possano cambiare la vita. Per continuare la nostra missione ed espandere la nostra portata, abbiamo bisogno del tuo aiuto. Stiamo anche cercando persone motivate che vogliano unirsi al nostro team. Grazie al vostro sostegno raggiungeremo pi\u00f9 persone, diffonderemo il messaggio di Cristo e rafforzeremo l'unit\u00e0 dei cristiani. Vuoi unirti alla nostra missione? Per maggiori informazioni su come contribuire, visita Exaudi.org\\\/it o contattaci direttamente: info@exaudi.org Exaudi: informa, forma e trasforma.\",\"sameAs\":[\"https:\\\/\\\/www.facebook.com\\\/ExaudiNotizie\\\/\",\"https:\\\/\\\/www.instagram.com\\\/Exaudi_notizie\\\/\",\"https:\\\/\\\/x.com\\\/Exaudi_Notizie\",\"https:\\\/\\\/www.youtube.com\\\/@exaudicatholicnews\"],\"url\":\"https:\\\/\\\/exaudi.org\\\/it\\\/author\\\/dlvedi-org\\\/\"}]}<\/script>\n<!-- \/ Yoast SEO plugin. -->","yoast_head_json":{"title":"L'attesa: un cortometraggio che celebra il valore della vita &#8211; Exaudi","robots":{"index":"index","follow":"follow","max-snippet":"max-snippet:-1","max-image-preview":"max-image-preview:large","max-video-preview":"max-video-preview:-1"},"canonical":"https:\/\/exaudi.org\/it\/lattesa-un-cortometraggio-che-celebra-il-valore-della-vita\/","og_locale":"it_IT","og_type":"article","og_title":"L'attesa: un cortometraggio che celebra il valore della vita &#8211; Exaudi","og_description":"In occasione della Giornata Internazionale della Vita: una commovente storia di speranza, paura e amore incondizionato, diretta da Jos\u00e9 N\u00fa\u00f1ez, che ci ricorda che le cose migliori si trovano al di l\u00e0 della paura","og_url":"https:\/\/exaudi.org\/it\/lattesa-un-cortometraggio-che-celebra-il-valore-della-vita\/","og_site_name":"Exaudi","article_publisher":"https:\/\/www.facebook.com\/ExaudiNews","article_author":"https:\/\/www.facebook.com\/ExaudiNotizie\/","article_published_time":"2026-03-25T17:15:13+00:00","og_image":[{"width":686,"height":386,"url":"https:\/\/exaudi.org\/wp-content\/uploads\/2026\/03\/hq720.jpg","type":"image\/jpeg"}],"author":"Exaudi Redazione","twitter_card":"summary_large_image","twitter_creator":"@Exaudi_Notizie","twitter_site":"@Exaudi_News","twitter_misc":{"Scritto da":"Exaudi Redazione","Tempo di lettura stimato":"3 minuti"},"schema":{"@context":"https:\/\/schema.org","@graph":[{"@type":"Article","@id":"https:\/\/exaudi.org\/it\/lattesa-un-cortometraggio-che-celebra-il-valore-della-vita\/#article","isPartOf":{"@id":"https:\/\/exaudi.org\/it\/lattesa-un-cortometraggio-che-celebra-il-valore-della-vita\/"},"author":{"name":"Exaudi Redazione","@id":"https:\/\/exaudi.org\/#\/schema\/person\/e1ab6ed07c01774724dd96f925f3a5f0"},"headline":"L&#8217;attesa: un cortometraggio che celebra il valore della vita","datePublished":"2026-03-25T17:15:13+00:00","mainEntityOfPage":{"@id":"https:\/\/exaudi.org\/it\/lattesa-un-cortometraggio-che-celebra-il-valore-della-vita\/"},"wordCount":570,"image":{"@id":"https:\/\/exaudi.org\/it\/lattesa-un-cortometraggio-che-celebra-il-valore-della-vita\/#primaryimage"},"thumbnailUrl":"https:\/\/exaudi.org\/wp-content\/uploads\/2026\/03\/hq720.jpg","keywords":["attesa","CEU","Cortometraggio","FIGLIA","Giornata Internazionale della Vita","Jos\u00e9 N\u00fa\u00f1ez","PADRE","Trending"],"articleSection":["Chiesa e Mondo"],"inLanguage":"it-IT"},{"@type":"WebPage","@id":"https:\/\/exaudi.org\/it\/lattesa-un-cortometraggio-che-celebra-il-valore-della-vita\/","url":"https:\/\/exaudi.org\/it\/lattesa-un-cortometraggio-che-celebra-il-valore-della-vita\/","name":"L'attesa: un cortometraggio che celebra il valore della vita &#8211; Exaudi","isPartOf":{"@id":"https:\/\/exaudi.org\/#website"},"primaryImageOfPage":{"@id":"https:\/\/exaudi.org\/it\/lattesa-un-cortometraggio-che-celebra-il-valore-della-vita\/#primaryimage"},"image":{"@id":"https:\/\/exaudi.org\/it\/lattesa-un-cortometraggio-che-celebra-il-valore-della-vita\/#primaryimage"},"thumbnailUrl":"https:\/\/exaudi.org\/wp-content\/uploads\/2026\/03\/hq720.jpg","datePublished":"2026-03-25T17:15:13+00:00","author":{"@id":"https:\/\/exaudi.org\/#\/schema\/person\/e1ab6ed07c01774724dd96f925f3a5f0"},"breadcrumb":{"@id":"https:\/\/exaudi.org\/it\/lattesa-un-cortometraggio-che-celebra-il-valore-della-vita\/#breadcrumb"},"inLanguage":"it-IT","potentialAction":[{"@type":"ReadAction","target":["https:\/\/exaudi.org\/it\/lattesa-un-cortometraggio-che-celebra-il-valore-della-vita\/"]}]},{"@type":"ImageObject","inLanguage":"it-IT","@id":"https:\/\/exaudi.org\/it\/lattesa-un-cortometraggio-che-celebra-il-valore-della-vita\/#primaryimage","url":"https:\/\/exaudi.org\/wp-content\/uploads\/2026\/03\/hq720.jpg","contentUrl":"https:\/\/exaudi.org\/wp-content\/uploads\/2026\/03\/hq720.jpg","width":686,"height":386},{"@type":"BreadcrumbList","@id":"https:\/\/exaudi.org\/it\/lattesa-un-cortometraggio-che-celebra-il-valore-della-vita\/#breadcrumb","itemListElement":[{"@type":"ListItem","position":1,"name":"Portada","item":"https:\/\/exaudi.org\/it\/"},{"@type":"ListItem","position":2,"name":"L&#8217;attesa: un cortometraggio che celebra il valore della vita"}]},{"@type":"WebSite","@id":"https:\/\/exaudi.org\/#website","url":"https:\/\/exaudi.org\/","name":"Exaudi","description":"News","potentialAction":[{"@type":"SearchAction","target":{"@type":"EntryPoint","urlTemplate":"https:\/\/exaudi.org\/?s={search_term_string}"},"query-input":{"@type":"PropertyValueSpecification","valueRequired":true,"valueName":"search_term_string"}}],"inLanguage":"it-IT"},{"@type":"Person","@id":"https:\/\/exaudi.org\/#\/schema\/person\/e1ab6ed07c01774724dd96f925f3a5f0","name":"Exaudi Redazione","image":{"@type":"ImageObject","inLanguage":"it-IT","@id":"https:\/\/secure.gravatar.com\/avatar\/ad6774b3ada023bf5b939d64f45c94b3adf91502dd883507d469b4308a943bb3?s=96&d=mm&r=g","url":"https:\/\/secure.gravatar.com\/avatar\/ad6774b3ada023bf5b939d64f45c94b3adf91502dd883507d469b4308a943bb3?s=96&d=mm&r=g","contentUrl":"https:\/\/secure.gravatar.com\/avatar\/ad6774b3ada023bf5b939d64f45c94b3adf91502dd883507d469b4308a943bb3?s=96&d=mm&r=g","caption":"Exaudi Redazione"},"description":"Che cosa \u00e8 Exaudi News? Exaudi News \u00e8 un agenzia cattolica internazionale che informa, istruisce e trasforma quotidianamente in spagnolo, inglese e italiano. Attraverso notizie, articoli di analisi e trasmissioni in diretta degli eventi del Papa, Exaudi cerca di rafforzare l'unit\u00e0 dei cristiani e di contribuire all'evangelizzazione del mondo, sempre guidato dalla dottrina sociale della Chiesa. Lavoriamo per portare la verit\u00e0 e i valori cristiani in ogni angolo del pianeta. Aiutaci a trasformare il mondo con Exaudi! Noi di Exaudi crediamo che l'evangelizzazione e l'informazione di qualit\u00e0 possano cambiare la vita. Per continuare la nostra missione ed espandere la nostra portata, abbiamo bisogno del tuo aiuto. Stiamo anche cercando persone motivate che vogliano unirsi al nostro team. Grazie al vostro sostegno raggiungeremo pi\u00f9 persone, diffonderemo il messaggio di Cristo e rafforzeremo l'unit\u00e0 dei cristiani. Vuoi unirti alla nostra missione? Per maggiori informazioni su come contribuire, visita Exaudi.org\/it o contattaci direttamente: info@exaudi.org Exaudi: informa, forma e trasforma.","sameAs":["https:\/\/www.facebook.com\/ExaudiNotizie\/","https:\/\/www.instagram.com\/Exaudi_notizie\/","https:\/\/x.com\/Exaudi_Notizie","https:\/\/www.youtube.com\/@exaudicatholicnews"],"url":"https:\/\/exaudi.org\/it\/author\/dlvedi-org\/"}]}},"jetpack_featured_media_url":"https:\/\/exaudi.org\/wp-content\/uploads\/2026\/03\/hq720.jpg","jetpack_shortlink":"https:\/\/wp.me\/pgKjF2-Grl","_links":{"self":[{"href":"https:\/\/exaudi.org\/it\/wp-json\/wp\/v2\/posts\/163143","targetHints":{"allow":["GET"]}}],"collection":[{"href":"https:\/\/exaudi.org\/it\/wp-json\/wp\/v2\/posts"}],"about":[{"href":"https:\/\/exaudi.org\/it\/wp-json\/wp\/v2\/types\/post"}],"author":[{"embeddable":true,"href":"https:\/\/exaudi.org\/it\/wp-json\/wp\/v2\/users\/17"}],"replies":[{"embeddable":true,"href":"https:\/\/exaudi.org\/it\/wp-json\/wp\/v2\/comments?post=163143"}],"version-history":[{"count":3,"href":"https:\/\/exaudi.org\/it\/wp-json\/wp\/v2\/posts\/163143\/revisions"}],"predecessor-version":[{"id":163146,"href":"https:\/\/exaudi.org\/it\/wp-json\/wp\/v2\/posts\/163143\/revisions\/163146"}],"wp:featuredmedia":[{"embeddable":true,"href":"https:\/\/exaudi.org\/it\/wp-json\/wp\/v2\/media\/163074"}],"wp:attachment":[{"href":"https:\/\/exaudi.org\/it\/wp-json\/wp\/v2\/media?parent=163143"}],"wp:term":[{"taxonomy":"category","embeddable":true,"href":"https:\/\/exaudi.org\/it\/wp-json\/wp\/v2\/categories?post=163143"},{"taxonomy":"post_tag","embeddable":true,"href":"https:\/\/exaudi.org\/it\/wp-json\/wp\/v2\/tags?post=163143"}],"curies":[{"name":"wp","href":"https:\/\/api.w.org\/{rel}","templated":true}]}}