{"id":162872,"date":"2026-03-23T18:06:21","date_gmt":"2026-03-23T17:06:21","guid":{"rendered":"https:\/\/exaudi.org\/?p=162872"},"modified":"2026-03-23T18:06:21","modified_gmt":"2026-03-23T17:06:21","slug":"tra-don-chisciotte","status":"publish","type":"post","link":"https:\/\/exaudi.org\/it\/tra-don-chisciotte\/","title":{"rendered":"Tra Don Chisciotte"},"content":{"rendered":"<p class=\"wp-block-paragraph\"><span dir=\"auto\" style=\"vertical-align: inherit\"><span dir=\"auto\" style=\"vertical-align: inherit\">La natura problematica della Spagna come nazione non \u00e8 un fenomeno esclusivo dei nostri giorni. \u00c8 un fenomeno storico. Il suo ripetersi nei secoli \u00e8 stato fonte di preoccupazione e di azione per innumerevoli generazioni. Per Miguel de Unamuno (1864-1936), figura di spicco del panorama intellettuale del secolo scorso, la riflessione sulla difficile situazione della sua patria durante la sua vita rappresentava uno dei drammi pi\u00f9 angoscianti del suo animo. Questo disagio personale lo spinse a desiderare una riforma e, con i mezzi a sua disposizione, cerc\u00f2 di rivitalizzare i valori che storicamente avevano dato sostanza all&#8217;essenza dell&#8217;identit\u00e0 spagnola.<\/span><\/span><\/p>\n<p class=\"wp-block-paragraph\"><span dir=\"auto\" style=\"vertical-align: inherit\"><span dir=\"auto\" style=\"vertical-align: inherit\">Nell&#8217;indagine sui tratti distintivi di questo spirito nazionale, accanto all&#8217;analisi del chixotismo incarnato nel cavaliere della Mancia, lo studio dei mistici ha rivestito un ruolo chiave. Essi rappresentavano un altro segno distintivo della cultura ispanica \u2013 lo spiritualismo \u2013 e il rettore dell&#8217;Universit\u00e0 di Salamanca nutriva per loro una sincera affinit\u00e0. Questa combinazione di interessi lo spinse a intraprendere una lettura approfondita dei loro scritti, in particolare di quelli dedicati a Santa Teresa d&#8217;Avila, a cui Unamuno fa numerosi riferimenti nell&#8217;opera, soprattutto in tre dei suoi libri principali: *\u00a0 <\/span><\/span><em><span dir=\"auto\" style=\"vertical-align: inherit\"><span dir=\"auto\" style=\"vertical-align: inherit\">En torno al casticismo*, *Vida de Don Quijote y Sancho*\u00a0<\/span><\/span><\/em><span dir=\"auto\" style=\"vertical-align: inherit\"><span dir=\"auto\" style=\"vertical-align: inherit\"> e * <\/span><\/span><em><span dir=\"auto\" style=\"vertical-align: inherit\"><span dir=\"auto\" style=\"vertical-align: inherit\">\u00a0Del sentimiento tr\u00e1gico de la vida*<\/span><\/span><\/em><span dir=\"auto\" style=\"vertical-align: inherit\"><span dir=\"auto\" style=\"vertical-align: inherit\"> .<\/span><\/span><\/p>\n<p class=\"wp-block-paragraph\"><span dir=\"auto\" style=\"vertical-align: inherit\"><span dir=\"auto\" style=\"vertical-align: inherit\">Questi testi sostengono che l&#8217;anima spagnola si sia storicamente incarnata in due tipi di cavalleria errante: quella umana e quella divina. Entrambe aspiravano all&#8217;immortalit\u00e0: una nella fama, l&#8217;altra in Dio. Come i cavalieri erranti, i mistici castigliani combattevano per il divino (&#8220;lo zelo e il coraggio cavalleresco spinsero anime cos\u00ec elevate a cercare la santit\u00e0 in Spagna, e una vita di mortificazione era un&#8217;impresa cavalleresca&#8221;). Pertanto, il Dottore della Chiesa, insieme a Don Chisciotte, sarebbe un simbolo vivente o un archetipo di quest&#8217;anima (&#8220;una dama errante d&#8217;amore che, essendo cos\u00ec profondamente umana, trascende tutto ci\u00f2 che \u00e8 umano&#8221;).<\/span><\/span><\/p>\n<p class=\"wp-block-paragraph\"><span dir=\"auto\" style=\"vertical-align: inherit\"><span dir=\"auto\" style=\"vertical-align: inherit\">Come lui, anche lei amava leggere romanzi cavallereschi in giovent\u00f9, e la sua vita sarebbe quindi stata segnata da azioni eroiche ed estreme. Secondo Unamuno, \u00abattraverso il regno terreno dell&#8217;amore, [la monaca carmelitana di \u00c1vila] si incammin\u00f2 verso l&#8217;amore sostanziale e anel\u00f2 alla gloria eterna e ad essere assorbita in Ges\u00f9, l&#8217;ideale dell&#8217;umanit\u00e0. E soccombette a una follia eroica, arrivando persino a dire al suo confessore: &#8220;Vi prego di concederci la grazia di essere tutti folli, per amore di Colui che fu chiamato pazzo per noi&#8221;\u00bb. Inoltre, sia in Don Chisciotte che in Santa Teresa, quella ricerca dell&#8217;immortalit\u00e0 comport\u00f2 una lotta straziante, una lotta nata dal tragico senso della vita.<\/span><\/span><\/p>\n<p class=\"wp-block-paragraph\"><span dir=\"auto\" style=\"vertical-align: inherit\"><span dir=\"auto\" style=\"vertical-align: inherit\">In un sonetto dedicato alla Fondatrice Scalza, l&#8217;appassionato poeta basco, dopo averla definita una &#8220;divina Don Chisciotte&#8221;, dice di lei che &#8220;ha fondato\/ la nostra Spagna immortale, il cui obiettivo \u00e8:\/ &#8216;esiste solo l&#8217;eterno; Dio o niente!'&#8221;. Secondo la sua interpretazione, questo progetto \u00e8 alimentato da un tragico senso della vita (&#8220;che la vita lass\u00f9\/ \u00e8 la vera vita; \/&#8230;\/ che io muoio perch\u00e9 non muoio&#8221;) grazie al quale &#8220;l&#8217;umanit\u00e0 d\u00e0 alla luce il Dio vivente&#8221;. Questo sentimento spinge l&#8217;individuo a risvegliare gli animi e a instillare in essi forti desideri, come quelli cantati da Teresa d&#8217;Avila: &#8220;Portami via da questa morte,\/ mio Dio, e dammi la vita;\/ non tenermi legata\/ in questa forte trappola;\/ fa&#8217; che io muoia per vederti\/ e non posso vivere senza di te&#8221;.<\/span><\/span><\/p>\n<p class=\"wp-block-paragraph\"><span dir=\"auto\" style=\"vertical-align: inherit\"><span dir=\"auto\" style=\"vertical-align: inherit\">Queste sono le azioni e il temperamento che, nella visione di Unamuno, avrebbero fatto di Santa Teresa e Don Chisciotte l&#8217;incarnazione nazionale e universale degli archetipi della cultura spagnola. Tuttavia, a prescindere dalla veridicit\u00e0 o falsit\u00e0 di tale affermazione, \u00e8 indubbio che, oggi, questi prototipi non ci rappresentino affatto. Oggi, nel nostro Paese, possiamo trovare uomini alti, magri e persino dall&#8217;aspetto serio come l&#8217;eroe di Cervantes, o donne irrequiete, colte e attive come Teresa d&#8217;Ahumada, ma coloro che, oltre a questi attributi fisici, possiedono l&#8217;essenza del loro carattere sono rari. Dove possiamo trovare qualcuno che anteponga i propri ideali alla propria convenienza e agisca con altruismo e impegno in difesa di cause che ritiene giuste?<\/span><\/span><\/p>\n<p><a href=\"https:\/\/dametresminutos.wordpress.com\/2026\/03\/20\/entre-quijotes-por-pedro-paricio\/\" target=\"_blank\" rel=\"noopener\"><strong><em><span dir=\"auto\" style=\"vertical-align: inherit\"><span dir=\"auto\" style=\"vertical-align: inherit\">Pedro Paricio. Dammi tre minuti<\/span><\/span><\/em><\/strong><\/a><\/p>\n","protected":false},"excerpt":{"rendered":"<p>Unamuno Tra Don Chisciotte e Santa Teresa: L&#8217;anima spagnola morente<\/p>\n","protected":false},"author":17,"featured_media":162683,"comment_status":"closed","ping_status":"closed","sticky":false,"template":"","format":"standard","meta":{"_acf_changed":false,"_crdt_document":"","inline_featured_image":false,"footnotes":""},"categories":[129],"tags":[103761,103762,103773,103763,74691,103764,25597,103767,103768,103769,21680,103766,103770,103771,72485,103774,32993,103775,103765,64787,103772],"class_list":["post-162872","post","type-post","status-publish","format-standard","has-post-thumbnail","hentry","category-voci","tag-anima-spagnola","tag-cavalierato-errante","tag-chisciottesco","tag-crisi-didentita-spagnola","tag-dammi-tre-minuti","tag-dio-o-niente","tag-don-chisciotte","tag-generazione-del-98","tag-guadiana-storica","tag-idealismo-eroico","tag-immortalita","tag-la-spagna-come-nazione","tag-miguel-de-unamuno-2","tag-misticismo-spagnolo","tag-pedro-paricio-2","tag-rigenerazionismo","tag-santa-teresa-davila","tag-senso-tragico-della-vita","tag-spagna-contemporanea","tag-trending-it-236","tag-una-donna-chisciottesca-nel-divino"],"acf":[],"yoast_head":"<!-- This site is optimized with the Yoast SEO plugin v27.5 - https:\/\/yoast.com\/product\/yoast-seo-wordpress\/ -->\n<title>Tra Don Chisciotte &#8211; Exaudi<\/title>\n<meta name=\"robots\" content=\"index, follow, max-snippet:-1, max-image-preview:large, max-video-preview:-1\" \/>\n<link rel=\"canonical\" href=\"https:\/\/exaudi.org\/it\/tra-don-chisciotte\/\" \/>\n<meta property=\"og:locale\" content=\"it_IT\" \/>\n<meta property=\"og:type\" content=\"article\" \/>\n<meta property=\"og:title\" content=\"Tra Don Chisciotte &#8211; Exaudi\" \/>\n<meta property=\"og:description\" content=\"Unamuno Tra Don Chisciotte e Santa Teresa: L&#039;anima spagnola morente\" \/>\n<meta property=\"og:url\" content=\"https:\/\/exaudi.org\/it\/tra-don-chisciotte\/\" \/>\n<meta property=\"og:site_name\" content=\"Exaudi\" \/>\n<meta property=\"article:publisher\" content=\"https:\/\/www.facebook.com\/ExaudiNews\" \/>\n<meta property=\"article:author\" content=\"https:\/\/www.facebook.com\/ExaudiNotizie\/\" \/>\n<meta property=\"article:published_time\" content=\"2026-03-23T17:06:21+00:00\" \/>\n<meta property=\"og:image\" content=\"https:\/\/exaudi.org\/wp-content\/uploads\/2026\/03\/edited_image_05297cc5-d2f4-4477-ad8a-c86a26b9b56d_0.jpg\" \/>\n\t<meta property=\"og:image:width\" content=\"1536\" \/>\n\t<meta property=\"og:image:height\" content=\"1024\" \/>\n\t<meta property=\"og:image:type\" content=\"image\/jpeg\" \/>\n<meta name=\"author\" content=\"Exaudi Redazione\" \/>\n<meta name=\"twitter:card\" content=\"summary_large_image\" \/>\n<meta name=\"twitter:creator\" content=\"@Exaudi_Notizie\" \/>\n<meta name=\"twitter:site\" content=\"@Exaudi_News\" \/>\n<meta name=\"twitter:label1\" content=\"Scritto da\" \/>\n\t<meta name=\"twitter:data1\" content=\"Exaudi Redazione\" \/>\n\t<meta name=\"twitter:label2\" content=\"Tempo di lettura stimato\" \/>\n\t<meta name=\"twitter:data2\" content=\"3 minuti\" \/>\n<script type=\"application\/ld+json\" class=\"yoast-schema-graph\">{\"@context\":\"https:\\\/\\\/schema.org\",\"@graph\":[{\"@type\":\"Article\",\"@id\":\"https:\\\/\\\/exaudi.org\\\/it\\\/tra-don-chisciotte\\\/#article\",\"isPartOf\":{\"@id\":\"https:\\\/\\\/exaudi.org\\\/it\\\/tra-don-chisciotte\\\/\"},\"author\":{\"name\":\"Exaudi Redazione\",\"@id\":\"https:\\\/\\\/exaudi.org\\\/#\\\/schema\\\/person\\\/e1ab6ed07c01774724dd96f925f3a5f0\"},\"headline\":\"Tra Don Chisciotte\",\"datePublished\":\"2026-03-23T17:06:21+00:00\",\"mainEntityOfPage\":{\"@id\":\"https:\\\/\\\/exaudi.org\\\/it\\\/tra-don-chisciotte\\\/\"},\"wordCount\":681,\"image\":{\"@id\":\"https:\\\/\\\/exaudi.org\\\/it\\\/tra-don-chisciotte\\\/#primaryimage\"},\"thumbnailUrl\":\"https:\\\/\\\/exaudi.org\\\/wp-content\\\/uploads\\\/2026\\\/03\\\/edited_image_05297cc5-d2f4-4477-ad8a-c86a26b9b56d_0.jpg\",\"keywords\":[\"Anima spagnola\",\"cavalierato errante\",\"Chisciottesco\",\"crisi d'identit\u00e0 spagnola\",\"Dammi tre minuti\",\"Dio o niente\",\"Don Chisciotte\",\"Generazione del '98\",\"Guadiana storica\",\"idealismo eroico\",\"IMMORTALIT\u00c0\",\"La Spagna come nazione\",\"Miguel de Unamuno\",\"misticismo spagnolo\",\"Pedro Paricio\",\"Rigenerazionismo\",\"Santa Teresa d'Avila\",\"senso tragico della vita\",\"Spagna contemporanea\",\"Trending\",\"Una donna chisciottesca nel divino\"],\"articleSection\":[\"Voci\"],\"inLanguage\":\"it-IT\"},{\"@type\":\"WebPage\",\"@id\":\"https:\\\/\\\/exaudi.org\\\/it\\\/tra-don-chisciotte\\\/\",\"url\":\"https:\\\/\\\/exaudi.org\\\/it\\\/tra-don-chisciotte\\\/\",\"name\":\"Tra Don Chisciotte &#8211; Exaudi\",\"isPartOf\":{\"@id\":\"https:\\\/\\\/exaudi.org\\\/#website\"},\"primaryImageOfPage\":{\"@id\":\"https:\\\/\\\/exaudi.org\\\/it\\\/tra-don-chisciotte\\\/#primaryimage\"},\"image\":{\"@id\":\"https:\\\/\\\/exaudi.org\\\/it\\\/tra-don-chisciotte\\\/#primaryimage\"},\"thumbnailUrl\":\"https:\\\/\\\/exaudi.org\\\/wp-content\\\/uploads\\\/2026\\\/03\\\/edited_image_05297cc5-d2f4-4477-ad8a-c86a26b9b56d_0.jpg\",\"datePublished\":\"2026-03-23T17:06:21+00:00\",\"author\":{\"@id\":\"https:\\\/\\\/exaudi.org\\\/#\\\/schema\\\/person\\\/e1ab6ed07c01774724dd96f925f3a5f0\"},\"breadcrumb\":{\"@id\":\"https:\\\/\\\/exaudi.org\\\/it\\\/tra-don-chisciotte\\\/#breadcrumb\"},\"inLanguage\":\"it-IT\",\"potentialAction\":[{\"@type\":\"ReadAction\",\"target\":[\"https:\\\/\\\/exaudi.org\\\/it\\\/tra-don-chisciotte\\\/\"]}]},{\"@type\":\"ImageObject\",\"inLanguage\":\"it-IT\",\"@id\":\"https:\\\/\\\/exaudi.org\\\/it\\\/tra-don-chisciotte\\\/#primaryimage\",\"url\":\"https:\\\/\\\/exaudi.org\\\/wp-content\\\/uploads\\\/2026\\\/03\\\/edited_image_05297cc5-d2f4-4477-ad8a-c86a26b9b56d_0.jpg\",\"contentUrl\":\"https:\\\/\\\/exaudi.org\\\/wp-content\\\/uploads\\\/2026\\\/03\\\/edited_image_05297cc5-d2f4-4477-ad8a-c86a26b9b56d_0.jpg\",\"width\":1536,\"height\":1024},{\"@type\":\"BreadcrumbList\",\"@id\":\"https:\\\/\\\/exaudi.org\\\/it\\\/tra-don-chisciotte\\\/#breadcrumb\",\"itemListElement\":[{\"@type\":\"ListItem\",\"position\":1,\"name\":\"Portada\",\"item\":\"https:\\\/\\\/exaudi.org\\\/it\\\/\"},{\"@type\":\"ListItem\",\"position\":2,\"name\":\"Tra Don Chisciotte\"}]},{\"@type\":\"WebSite\",\"@id\":\"https:\\\/\\\/exaudi.org\\\/#website\",\"url\":\"https:\\\/\\\/exaudi.org\\\/\",\"name\":\"Exaudi\",\"description\":\"News\",\"potentialAction\":[{\"@type\":\"SearchAction\",\"target\":{\"@type\":\"EntryPoint\",\"urlTemplate\":\"https:\\\/\\\/exaudi.org\\\/?s={search_term_string}\"},\"query-input\":{\"@type\":\"PropertyValueSpecification\",\"valueRequired\":true,\"valueName\":\"search_term_string\"}}],\"inLanguage\":\"it-IT\"},{\"@type\":\"Person\",\"@id\":\"https:\\\/\\\/exaudi.org\\\/#\\\/schema\\\/person\\\/e1ab6ed07c01774724dd96f925f3a5f0\",\"name\":\"Exaudi Redazione\",\"image\":{\"@type\":\"ImageObject\",\"inLanguage\":\"it-IT\",\"@id\":\"https:\\\/\\\/secure.gravatar.com\\\/avatar\\\/ad6774b3ada023bf5b939d64f45c94b3adf91502dd883507d469b4308a943bb3?s=96&d=mm&r=g\",\"url\":\"https:\\\/\\\/secure.gravatar.com\\\/avatar\\\/ad6774b3ada023bf5b939d64f45c94b3adf91502dd883507d469b4308a943bb3?s=96&d=mm&r=g\",\"contentUrl\":\"https:\\\/\\\/secure.gravatar.com\\\/avatar\\\/ad6774b3ada023bf5b939d64f45c94b3adf91502dd883507d469b4308a943bb3?s=96&d=mm&r=g\",\"caption\":\"Exaudi Redazione\"},\"description\":\"Che cosa \u00e8 Exaudi News? Exaudi News \u00e8 un agenzia cattolica internazionale che informa, istruisce e trasforma quotidianamente in spagnolo, inglese e italiano. Attraverso notizie, articoli di analisi e trasmissioni in diretta degli eventi del Papa, Exaudi cerca di rafforzare l'unit\u00e0 dei cristiani e di contribuire all'evangelizzazione del mondo, sempre guidato dalla dottrina sociale della Chiesa. Lavoriamo per portare la verit\u00e0 e i valori cristiani in ogni angolo del pianeta. Aiutaci a trasformare il mondo con Exaudi! Noi di Exaudi crediamo che l'evangelizzazione e l'informazione di qualit\u00e0 possano cambiare la vita. Per continuare la nostra missione ed espandere la nostra portata, abbiamo bisogno del tuo aiuto. Stiamo anche cercando persone motivate che vogliano unirsi al nostro team. Grazie al vostro sostegno raggiungeremo pi\u00f9 persone, diffonderemo il messaggio di Cristo e rafforzeremo l'unit\u00e0 dei cristiani. Vuoi unirti alla nostra missione? Per maggiori informazioni su come contribuire, visita Exaudi.org\\\/it o contattaci direttamente: info@exaudi.org Exaudi: informa, forma e trasforma.\",\"sameAs\":[\"https:\\\/\\\/www.facebook.com\\\/ExaudiNotizie\\\/\",\"https:\\\/\\\/www.instagram.com\\\/Exaudi_notizie\\\/\",\"https:\\\/\\\/x.com\\\/Exaudi_Notizie\",\"https:\\\/\\\/www.youtube.com\\\/@exaudicatholicnews\"],\"url\":\"https:\\\/\\\/exaudi.org\\\/it\\\/author\\\/dlvedi-org\\\/\"}]}<\/script>\n<!-- \/ Yoast SEO plugin. -->","yoast_head_json":{"title":"Tra Don Chisciotte &#8211; Exaudi","robots":{"index":"index","follow":"follow","max-snippet":"max-snippet:-1","max-image-preview":"max-image-preview:large","max-video-preview":"max-video-preview:-1"},"canonical":"https:\/\/exaudi.org\/it\/tra-don-chisciotte\/","og_locale":"it_IT","og_type":"article","og_title":"Tra Don Chisciotte &#8211; Exaudi","og_description":"Unamuno Tra Don Chisciotte e Santa Teresa: L'anima spagnola morente","og_url":"https:\/\/exaudi.org\/it\/tra-don-chisciotte\/","og_site_name":"Exaudi","article_publisher":"https:\/\/www.facebook.com\/ExaudiNews","article_author":"https:\/\/www.facebook.com\/ExaudiNotizie\/","article_published_time":"2026-03-23T17:06:21+00:00","og_image":[{"width":1536,"height":1024,"url":"https:\/\/exaudi.org\/wp-content\/uploads\/2026\/03\/edited_image_05297cc5-d2f4-4477-ad8a-c86a26b9b56d_0.jpg","type":"image\/jpeg"}],"author":"Exaudi Redazione","twitter_card":"summary_large_image","twitter_creator":"@Exaudi_Notizie","twitter_site":"@Exaudi_News","twitter_misc":{"Scritto da":"Exaudi Redazione","Tempo di lettura stimato":"3 minuti"},"schema":{"@context":"https:\/\/schema.org","@graph":[{"@type":"Article","@id":"https:\/\/exaudi.org\/it\/tra-don-chisciotte\/#article","isPartOf":{"@id":"https:\/\/exaudi.org\/it\/tra-don-chisciotte\/"},"author":{"name":"Exaudi Redazione","@id":"https:\/\/exaudi.org\/#\/schema\/person\/e1ab6ed07c01774724dd96f925f3a5f0"},"headline":"Tra Don Chisciotte","datePublished":"2026-03-23T17:06:21+00:00","mainEntityOfPage":{"@id":"https:\/\/exaudi.org\/it\/tra-don-chisciotte\/"},"wordCount":681,"image":{"@id":"https:\/\/exaudi.org\/it\/tra-don-chisciotte\/#primaryimage"},"thumbnailUrl":"https:\/\/exaudi.org\/wp-content\/uploads\/2026\/03\/edited_image_05297cc5-d2f4-4477-ad8a-c86a26b9b56d_0.jpg","keywords":["Anima spagnola","cavalierato errante","Chisciottesco","crisi d'identit\u00e0 spagnola","Dammi tre minuti","Dio o niente","Don Chisciotte","Generazione del '98","Guadiana storica","idealismo eroico","IMMORTALIT\u00c0","La Spagna come nazione","Miguel de Unamuno","misticismo spagnolo","Pedro Paricio","Rigenerazionismo","Santa Teresa d'Avila","senso tragico della vita","Spagna contemporanea","Trending","Una donna chisciottesca nel divino"],"articleSection":["Voci"],"inLanguage":"it-IT"},{"@type":"WebPage","@id":"https:\/\/exaudi.org\/it\/tra-don-chisciotte\/","url":"https:\/\/exaudi.org\/it\/tra-don-chisciotte\/","name":"Tra Don Chisciotte &#8211; Exaudi","isPartOf":{"@id":"https:\/\/exaudi.org\/#website"},"primaryImageOfPage":{"@id":"https:\/\/exaudi.org\/it\/tra-don-chisciotte\/#primaryimage"},"image":{"@id":"https:\/\/exaudi.org\/it\/tra-don-chisciotte\/#primaryimage"},"thumbnailUrl":"https:\/\/exaudi.org\/wp-content\/uploads\/2026\/03\/edited_image_05297cc5-d2f4-4477-ad8a-c86a26b9b56d_0.jpg","datePublished":"2026-03-23T17:06:21+00:00","author":{"@id":"https:\/\/exaudi.org\/#\/schema\/person\/e1ab6ed07c01774724dd96f925f3a5f0"},"breadcrumb":{"@id":"https:\/\/exaudi.org\/it\/tra-don-chisciotte\/#breadcrumb"},"inLanguage":"it-IT","potentialAction":[{"@type":"ReadAction","target":["https:\/\/exaudi.org\/it\/tra-don-chisciotte\/"]}]},{"@type":"ImageObject","inLanguage":"it-IT","@id":"https:\/\/exaudi.org\/it\/tra-don-chisciotte\/#primaryimage","url":"https:\/\/exaudi.org\/wp-content\/uploads\/2026\/03\/edited_image_05297cc5-d2f4-4477-ad8a-c86a26b9b56d_0.jpg","contentUrl":"https:\/\/exaudi.org\/wp-content\/uploads\/2026\/03\/edited_image_05297cc5-d2f4-4477-ad8a-c86a26b9b56d_0.jpg","width":1536,"height":1024},{"@type":"BreadcrumbList","@id":"https:\/\/exaudi.org\/it\/tra-don-chisciotte\/#breadcrumb","itemListElement":[{"@type":"ListItem","position":1,"name":"Portada","item":"https:\/\/exaudi.org\/it\/"},{"@type":"ListItem","position":2,"name":"Tra Don Chisciotte"}]},{"@type":"WebSite","@id":"https:\/\/exaudi.org\/#website","url":"https:\/\/exaudi.org\/","name":"Exaudi","description":"News","potentialAction":[{"@type":"SearchAction","target":{"@type":"EntryPoint","urlTemplate":"https:\/\/exaudi.org\/?s={search_term_string}"},"query-input":{"@type":"PropertyValueSpecification","valueRequired":true,"valueName":"search_term_string"}}],"inLanguage":"it-IT"},{"@type":"Person","@id":"https:\/\/exaudi.org\/#\/schema\/person\/e1ab6ed07c01774724dd96f925f3a5f0","name":"Exaudi Redazione","image":{"@type":"ImageObject","inLanguage":"it-IT","@id":"https:\/\/secure.gravatar.com\/avatar\/ad6774b3ada023bf5b939d64f45c94b3adf91502dd883507d469b4308a943bb3?s=96&d=mm&r=g","url":"https:\/\/secure.gravatar.com\/avatar\/ad6774b3ada023bf5b939d64f45c94b3adf91502dd883507d469b4308a943bb3?s=96&d=mm&r=g","contentUrl":"https:\/\/secure.gravatar.com\/avatar\/ad6774b3ada023bf5b939d64f45c94b3adf91502dd883507d469b4308a943bb3?s=96&d=mm&r=g","caption":"Exaudi Redazione"},"description":"Che cosa \u00e8 Exaudi News? Exaudi News \u00e8 un agenzia cattolica internazionale che informa, istruisce e trasforma quotidianamente in spagnolo, inglese e italiano. Attraverso notizie, articoli di analisi e trasmissioni in diretta degli eventi del Papa, Exaudi cerca di rafforzare l'unit\u00e0 dei cristiani e di contribuire all'evangelizzazione del mondo, sempre guidato dalla dottrina sociale della Chiesa. Lavoriamo per portare la verit\u00e0 e i valori cristiani in ogni angolo del pianeta. Aiutaci a trasformare il mondo con Exaudi! Noi di Exaudi crediamo che l'evangelizzazione e l'informazione di qualit\u00e0 possano cambiare la vita. Per continuare la nostra missione ed espandere la nostra portata, abbiamo bisogno del tuo aiuto. Stiamo anche cercando persone motivate che vogliano unirsi al nostro team. Grazie al vostro sostegno raggiungeremo pi\u00f9 persone, diffonderemo il messaggio di Cristo e rafforzeremo l'unit\u00e0 dei cristiani. Vuoi unirti alla nostra missione? Per maggiori informazioni su come contribuire, visita Exaudi.org\/it o contattaci direttamente: info@exaudi.org Exaudi: informa, forma e trasforma.","sameAs":["https:\/\/www.facebook.com\/ExaudiNotizie\/","https:\/\/www.instagram.com\/Exaudi_notizie\/","https:\/\/x.com\/Exaudi_Notizie","https:\/\/www.youtube.com\/@exaudicatholicnews"],"url":"https:\/\/exaudi.org\/it\/author\/dlvedi-org\/"}]}},"jetpack_featured_media_url":"https:\/\/exaudi.org\/wp-content\/uploads\/2026\/03\/edited_image_05297cc5-d2f4-4477-ad8a-c86a26b9b56d_0.jpg","jetpack_shortlink":"https:\/\/wp.me\/pgKjF2-GmY","_links":{"self":[{"href":"https:\/\/exaudi.org\/it\/wp-json\/wp\/v2\/posts\/162872","targetHints":{"allow":["GET"]}}],"collection":[{"href":"https:\/\/exaudi.org\/it\/wp-json\/wp\/v2\/posts"}],"about":[{"href":"https:\/\/exaudi.org\/it\/wp-json\/wp\/v2\/types\/post"}],"author":[{"embeddable":true,"href":"https:\/\/exaudi.org\/it\/wp-json\/wp\/v2\/users\/17"}],"replies":[{"embeddable":true,"href":"https:\/\/exaudi.org\/it\/wp-json\/wp\/v2\/comments?post=162872"}],"version-history":[{"count":3,"href":"https:\/\/exaudi.org\/it\/wp-json\/wp\/v2\/posts\/162872\/revisions"}],"predecessor-version":[{"id":162875,"href":"https:\/\/exaudi.org\/it\/wp-json\/wp\/v2\/posts\/162872\/revisions\/162875"}],"wp:featuredmedia":[{"embeddable":true,"href":"https:\/\/exaudi.org\/it\/wp-json\/wp\/v2\/media\/162683"}],"wp:attachment":[{"href":"https:\/\/exaudi.org\/it\/wp-json\/wp\/v2\/media?parent=162872"}],"wp:term":[{"taxonomy":"category","embeddable":true,"href":"https:\/\/exaudi.org\/it\/wp-json\/wp\/v2\/categories?post=162872"},{"taxonomy":"post_tag","embeddable":true,"href":"https:\/\/exaudi.org\/it\/wp-json\/wp\/v2\/tags?post=162872"}],"curies":[{"name":"wp","href":"https:\/\/api.w.org\/{rel}","templated":true}]}}