{"id":162761,"date":"2026-03-22T16:32:29","date_gmt":"2026-03-22T15:32:29","guid":{"rendered":"https:\/\/exaudi.org\/?p=162761"},"modified":"2026-03-22T16:32:29","modified_gmt":"2026-03-22T15:32:29","slug":"lascia-i-tuoi-social-media-e-seguimi","status":"publish","type":"post","link":"https:\/\/exaudi.org\/it\/lascia-i-tuoi-social-media-e-seguimi\/","title":{"rendered":"Lascia i tuoi social media e seguimi!"},"content":{"rendered":"<p dir=\"auto\"><span dir=\"auto\" style=\"vertical-align: inherit\"><span dir=\"auto\" style=\"vertical-align: inherit\">Oggi, 22 marzo 2026, la Chiesa in Spagna celebra con gioia\u00a0 <\/span><\/span><strong><span dir=\"auto\" style=\"vertical-align: inherit\"><span dir=\"auto\" style=\"vertical-align: inherit\">la Giornata del Seminario<\/span><\/span><\/strong><span dir=\"auto\" style=\"vertical-align: inherit\"><span dir=\"auto\" style=\"vertical-align: inherit\"> \u00a0sotto il motto ufficiale della Conferenza Episcopale Spagnola:\u00a0 <\/span><\/span><strong><span dir=\"auto\" style=\"vertical-align: inherit\"><span dir=\"auto\" style=\"vertical-align: inherit\">&#8220;Lasciate le vostre reti e seguitemi&#8221;<\/span><\/span><\/strong><span dir=\"auto\" style=\"vertical-align: inherit\"><span dir=\"auto\" style=\"vertical-align: inherit\"> \u00a0(ispirato a Luca 5,11: &#8220;Essi, lasciato tutto, lo seguirono&#8221;). Questa \u00e8 una giornata di\u00a0 <\/span><\/span><strong><span dir=\"auto\" style=\"vertical-align: inherit\"><span dir=\"auto\" style=\"vertical-align: inherit\">profonda gratitudine<\/span><\/span><\/strong><span dir=\"auto\" style=\"vertical-align: inherit\"><span dir=\"auto\" style=\"vertical-align: inherit\"> , di gioioso riconoscimento e di urgente appello a tutta la comunit\u00e0 cristiana.<\/span><\/span><\/p>\n<h3 dir=\"auto\"><strong><span dir=\"auto\" style=\"vertical-align: inherit\"><span dir=\"auto\" style=\"vertical-align: inherit\">Rendiamo grazie a Dio per la dedizione radicale dei seminaristi.<\/span><\/span><\/strong><\/h3>\n<p dir=\"auto\"><span dir=\"auto\" style=\"vertical-align: inherit\"><span dir=\"auto\" style=\"vertical-align: inherit\">Ogni seminarista \u00e8 un\u00a0 <\/span><\/span><strong><span dir=\"auto\" style=\"vertical-align: inherit\"><span dir=\"auto\" style=\"vertical-align: inherit\">miracolo vivente<\/span><\/span><\/strong><span dir=\"auto\" style=\"vertical-align: inherit\"><span dir=\"auto\" style=\"vertical-align: inherit\"> \u00a0della grazia: un giovane che, come Pietro, Andrea, Giacomo e Giovanni in riva al lago, ha udito la voce di Ges\u00f9: \u00abLasciate le reti e seguitemi\u00bb. Hanno lasciato alle spalle carriere promettenti, relazioni affettuose, sicurezza economica e progetti per il futuro per rispondere alla\u00a0 <\/span><\/span><strong><span dir=\"auto\" style=\"vertical-align: inherit\"><span dir=\"auto\" style=\"vertical-align: inherit\">chiamata libera e amorevole<\/span><\/span><\/strong><span dir=\"auto\" style=\"vertical-align: inherit\"><span dir=\"auto\" style=\"vertical-align: inherit\"> del Signore \u00a0. Questo impegno non \u00e8 una perdita, ma\u00a0 <\/span><\/span><strong><span dir=\"auto\" style=\"vertical-align: inherit\"><span dir=\"auto\" style=\"vertical-align: inherit\">un guadagno infinito<\/span><\/span><\/strong><span dir=\"auto\" style=\"vertical-align: inherit\"><span dir=\"auto\" style=\"vertical-align: inherit\"> : diventano strumenti viventi della misericordia di Dio, dispensatori del suo perdono, portatori dell&#8217;Eucaristia che dona la vita eterna.<\/span><\/span><\/p>\n<p dir=\"auto\"><span dir=\"auto\" style=\"vertical-align: inherit\"><span dir=\"auto\" style=\"vertical-align: inherit\">Come affermava\u00a0 <\/span><\/span><strong><span dir=\"auto\" style=\"vertical-align: inherit\"><span dir=\"auto\" style=\"vertical-align: inherit\">san Giovanni Paolo II<\/span><\/span><\/strong><span dir=\"auto\" style=\"vertical-align: inherit\"><span dir=\"auto\" style=\"vertical-align: inherit\"> , \u00abIl sacerdozio \u00e8 l&#8217;amore del cuore di Ges\u00f9\u00bb. E\u00a0 <\/span><\/span><strong><span dir=\"auto\" style=\"vertical-align: inherit\"><span dir=\"auto\" style=\"vertical-align: inherit\">Papa Francesco<\/span><\/span><\/strong><span dir=\"auto\" style=\"vertical-align: inherit\"><span dir=\"auto\" style=\"vertical-align: inherit\"> \u00a0ci ricorda con insistenza: \u00abIl seminario \u00e8 sempre segno di speranza per la Chiesa\u00bb. In un mondo in cui i social media e le reti di interessi personali intrappolano cos\u00ec tante persone, questi giovani hanno avuto il coraggio di abbandonarli per seguire l&#8217;unico che d\u00e0 vero senso all&#8217;esistenza.<\/span><\/span><\/p>\n<h3 dir=\"auto\"><strong><span dir=\"auto\" style=\"vertical-align: inherit\"><span dir=\"auto\" style=\"vertical-align: inherit\">L&#8217;urgente bisogno di santi sacerdoti nella nostra Chiesa<\/span><\/span><\/strong><\/h3>\n<p dir=\"auto\"><span dir=\"auto\" style=\"vertical-align: inherit\"><span dir=\"auto\" style=\"vertical-align: inherit\">Oggi pi\u00f9 che mai, la Chiesa grida: abbiamo bisogno di sacerdoti! Senza di loro, le comunit\u00e0 sono private della fonte dell&#8217;Eucaristia, del sacramento della riconciliazione che ci libera dal peso del peccato, del pastore che conosce le sue pecore per nome e le conduce a pascoli verdi. In Spagna, pi\u00f9 di mille giovani (1.066 seminaristi nell&#8217;anno accademico 2025-2026, secondo i dati della Conferenza Episcopale Spagnola) si stanno preparando nei seminari, un lieve incremento che \u00e8 segno di speranza, ma ancora insufficiente a soddisfare le esigenze pastorali.<\/span><\/span><\/p>\n<p dir=\"auto\"><span dir=\"auto\" style=\"vertical-align: inherit\"><span dir=\"auto\" style=\"vertical-align: inherit\">Il Concilio Vaticano II insegna nell&#8217;enciclica\u00a0 <\/span><\/span><em><span dir=\"auto\" style=\"vertical-align: inherit\"><span dir=\"auto\" style=\"vertical-align: inherit\">Optatam totius<\/span><\/span><\/em><span dir=\"auto\" style=\"vertical-align: inherit\"><span dir=\"auto\" style=\"vertical-align: inherit\"> \u00a0che la formazione sacerdotale \u00e8\u00a0 <\/span><\/span><strong><span dir=\"auto\" style=\"vertical-align: inherit\"><span dir=\"auto\" style=\"vertical-align: inherit\">essenziale<\/span><\/span><\/strong><span dir=\"auto\" style=\"vertical-align: inherit\"><span dir=\"auto\" style=\"vertical-align: inherit\"> \u00a0per la vitalit\u00e0 di tutta la Chiesa. Un sacerdote santo irradia Cristo: perdona, consola, evangelizza, riunisce le famiglie spezzate e accompagna le persone nella malattia e nella morte. Quanto bene fanno! Senza nuove vocazioni, molte parrocchie rimarrebbero prive di questa presenza essenziale.<\/span><\/span><\/p>\n<h3 dir=\"auto\"><strong><span dir=\"auto\" style=\"vertical-align: inherit\"><span dir=\"auto\" style=\"vertical-align: inherit\">Come collaborare attivamente alla loro formazione: due percorsi alla portata di tutti<\/span><\/span><\/strong><\/h3>\n<p dir=\"auto\"><span dir=\"auto\" style=\"vertical-align: inherit\"><span dir=\"auto\" style=\"vertical-align: inherit\">La Chiesa propone due modalit\u00e0 concrete, accessibili ed efficaci per sostenere coloro che rispondono alla chiamata:<\/span><\/span><\/p>\n<ol dir=\"auto\">\n<li><strong><span dir=\"auto\" style=\"vertical-align: inherit\"><span dir=\"auto\" style=\"vertical-align: inherit\">Sostegno finanziario ai seminari:<\/span><\/span><\/strong><span dir=\"auto\" style=\"vertical-align: inherit\"><span dir=\"auto\" style=\"vertical-align: inherit\"> \u00a0la formazione integrale (teologica, spirituale, umana e pastorale) richiede risorse: studi universitari, alloggio, sostegno psicologico e spirituale, libri, corsi di lingua\u2026 Molti seminari dipendono dalla generosit\u00e0 dei fedeli. Un contributo mensile, per quanto piccolo, \u00e8 un\u00a0 <\/span><\/span><strong><span dir=\"auto\" style=\"vertical-align: inherit\"><span dir=\"auto\" style=\"vertical-align: inherit\">investimento duraturo<\/span><\/span><\/strong><span dir=\"auto\" style=\"vertical-align: inherit\"><span dir=\"auto\" style=\"vertical-align: inherit\"> : aiuta a formare il sacerdote che un giorno amministrer\u00e0 i sacramenti ai vostri figli, nipoti o vicini. \u00c8 un atto di misericordia che porta frutti abbondanti nel Regno.<\/span><\/span><\/li>\n<li><strong><span dir=\"auto\" style=\"vertical-align: inherit\"><span dir=\"auto\" style=\"vertical-align: inherit\">La preghiera costante e fiduciosa \u00e8 essenziale.<\/span><\/span><\/strong><span dir=\"auto\" style=\"vertical-align: inherit\"><span dir=\"auto\" style=\"vertical-align: inherit\"> \u00a0Ges\u00f9 stesso l&#8217;ha richiesta: \u00abLa messe \u00e8 abbondante, ma gli operai sono pochi; pregate dunque il padrone della messe perch\u00e9 mandi operai nella sua messe\u00bb (Mt 9,37-38). Pregare per i seminaristi \u2013 per la loro perseveranza, la loro santit\u00e0, la loro gioia \u2013 \u00e8 il\u00a0 <\/span><\/span><strong><span dir=\"auto\" style=\"vertical-align: inherit\"><span dir=\"auto\" style=\"vertical-align: inherit\">modo pi\u00f9 efficace per collaborare<\/span><\/span><\/strong><span dir=\"auto\" style=\"vertical-align: inherit\"><span dir=\"auto\" style=\"vertical-align: inherit\"> . Il rosario in famiglia, l&#8217;adorazione eucaristica, la celebrazione della Messa o un Padre Nostro quotidiano con questa intenzione: tutto conta. La preghiera commuove il cuore di Dio e sostiene coloro che sono in formazione nelle prove.<\/span><\/span><\/li>\n<\/ol>\n<h3 dir=\"auto\"><strong><span dir=\"auto\" style=\"vertical-align: inherit\"><span dir=\"auto\" style=\"vertical-align: inherit\">Testimonianze di vita: conversioni che hanno portato al seminario<\/span><\/span><\/strong><\/h3>\n<ul dir=\"auto\">\n<li><span dir=\"auto\" style=\"vertical-align: inherit\"><span dir=\"auto\" style=\"vertical-align: inherit\">Un giovane seminarista di Siviglia ha raccontato di come, in una vita apparentemente ricca di successi e progetti personali, sentisse un immenso vuoto. La gioiosa testimonianza di un altro seminarista della sua parrocchia lo aveva turbato: &#8220;Come pu\u00f2 qualcuno rinunciare a tutto ed essere pi\u00f9 felice di me?&#8221;. Dopo un ritiro spirituale e un incontro personale con Ges\u00f9 nell&#8217;Eucaristia, ha vissuto una profonda conversione: la preghiera \u00e8 diventata una necessit\u00e0 vitale, i sacramenti il \u200b\u200bnutrimento quotidiano. Oggi afferma: &#8220;Ho lasciato le mie reti e ho trovato in Cristo la pienezza che cercavo&#8221;.<\/span><\/span><\/li>\n<li><span dir=\"auto\" style=\"vertical-align: inherit\"><span dir=\"auto\" style=\"vertical-align: inherit\">Un altro sacerdote, un tempo immerso in un mondo di feste ed eccessi, ha vissuto un momento cruciale che lo ha portato a mettere tutto in discussione. Le testimonianze di giovani senza meta lo hanno profondamente commosso: &#8220;Ho capito che solo Cristo d\u00e0 un vero senso alla vita&#8221;. Ha interrotto una relazione sentimentale; la sua ragazza, sorprendentemente, gli ha detto: &#8220;Ultimamente ho notato che sei pi\u00f9 per Dio che per me&#8221;. \u00c8 entrato in seminario e oggi porta la luce di Cristo a molti che vivono nelle tenebre. La sua vita proclama: Seguire Ges\u00f9 \u00e8 la pi\u00f9 grande avventura!<\/span><\/span><\/li>\n<\/ul>\n<p dir=\"auto\"><span dir=\"auto\" style=\"vertical-align: inherit\"><span dir=\"auto\" style=\"vertical-align: inherit\">Queste testimonianze reali dimostrano che la vocazione nasce da un\u00a0 <\/span><\/span><strong><span dir=\"auto\" style=\"vertical-align: inherit\"><span dir=\"auto\" style=\"vertical-align: inherit\">incontro trasformativo<\/span><\/span><\/strong><span dir=\"auto\" style=\"vertical-align: inherit\"><span dir=\"auto\" style=\"vertical-align: inherit\"> \u00a0con Cristo, che libera dal vuoto e guida verso il dono totale di s\u00e9.<\/span><\/span><\/p>\n<h3 dir=\"auto\"><strong><span dir=\"auto\" style=\"vertical-align: inherit\"><span dir=\"auto\" style=\"vertical-align: inherit\">Citazioni di santi e papi per accendere il cuore<\/span><\/span><\/strong><\/h3>\n<ul dir=\"auto\">\n<li><strong><span dir=\"auto\" style=\"vertical-align: inherit\"><span dir=\"auto\" style=\"vertical-align: inherit\">San Giovanni Paolo II<\/span><\/span><\/strong><span dir=\"auto\" style=\"vertical-align: inherit\"><span dir=\"auto\" style=\"vertical-align: inherit\"> : &#8220;Avete mai pensato di dedicare la vostra vita interamente a Cristo? Credete che possa esserci qualcosa di pi\u00f9 grande che condurre uomini e donne a Cristo?&#8221;<\/span><\/span><\/li>\n<li><strong><span dir=\"auto\" style=\"vertical-align: inherit\"><span dir=\"auto\" style=\"vertical-align: inherit\">Papa Francesco<\/span><\/span><\/strong><span dir=\"auto\" style=\"vertical-align: inherit\"><span dir=\"auto\" style=\"vertical-align: inherit\"> : &#8220;Sentirsi amati da Dio, sentire che per lui non siamo numeri, ma persone; e sentire che \u00e8 lui che ci chiama. Diventare sacerdote significa scoprire che Ges\u00f9 ci ama e ci manda&#8221;.<\/span><\/span><\/li>\n<li><strong><span dir=\"auto\" style=\"vertical-align: inherit\"><span dir=\"auto\" style=\"vertical-align: inherit\">San Giovanni Maria Vianney<\/span><\/span><\/strong><span dir=\"auto\" style=\"vertical-align: inherit\"><span dir=\"auto\" style=\"vertical-align: inherit\"> : &#8220;Se capiste cosa significa essere un sacerdote sulla terra, non morireste di paura, ma di amore.&#8221;<\/span><\/span><\/li>\n<\/ul>\n<p dir=\"auto\"><span dir=\"auto\" style=\"vertical-align: inherit\"><span dir=\"auto\" style=\"vertical-align: inherit\">In questa Giornata del Seminario 2026,\u00a0 rendiamo <\/span><\/span><strong><span dir=\"auto\" style=\"vertical-align: inherit\"><span dir=\"auto\" style=\"vertical-align: inherit\">grazie<\/span><\/span><\/strong><span dir=\"auto\" style=\"vertical-align: inherit\"><span dir=\"auto\" style=\"vertical-align: inherit\"> \u00a0di cuore per ogni seminarista e sacerdote. Chiediamo con fervore al Signore della messe di continuare a mandarci operai generosi. Collaboriamo con la preghiera ardente e un sostegno concreto. In questo modo, contribuiamo a far s\u00ec che la chiamata &#8220;Lasciate le reti e seguitemi&#8221; continui a risuonare nei giovani cuori e a trasformare il mondo.<\/span><\/span><\/p>\n<p dir=\"auto\"><span dir=\"auto\" style=\"vertical-align: inherit\"><span dir=\"auto\" style=\"vertical-align: inherit\">Maria, Madre dei sacerdoti e Regina delle vocazioni, intercedi per loro e per noi! Il suo &#8220;sia fatto&#8221; ispiri il nostro generoso &#8220;s\u00ec&#8221;.<\/span><\/span><\/p>\n","protected":false},"excerpt":{"rendered":"<p>La chiamata radicale che trasforma le vite e salva le anime<\/p>\n","protected":false},"author":17,"featured_media":162727,"comment_status":"closed","ping_status":"closed","sticky":false,"template":"","format":"standard","meta":{"_acf_changed":false,"_crdt_document":"","inline_featured_image":false,"footnotes":""},"categories":[73],"tags":[103574,103576,103564,103565,12975,103566,103571,103570,103568,103569,65233,103572,103573,103567,103577,103575,50193,39698,22457,103578,103579,103580,103563,103581,64787,1023,15574],"class_list":["post-162761","post","type-post","status-publish","format-standard","has-post-thumbnail","hentry","category-chiesa-e-mondo","tag-abbondante-messe","tag-bisogno-di-sacerdoti-santi","tag-campagna-giornata-del-seminario-cee","tag-collaborazione-dei-fedeli-del-seminario","tag-conferenza-episcopale-spagnola","tag-conversione-e-vocazione","tag-formazione-seminaristica","tag-generosa-dedizione-dei-seminaristi","tag-giornata-del-seminario-2026","tag-giornata-del-seminario-in-spagna","tag-giovani-seminaristi","tag-gratitudine-per-i-sacerdoti","tag-la-chiamata-di-gesu-al-sacerdozio","tag-lascia-i-tuoi-social-media-e-seguimi","tag-papa-francesco-e-il-sacerdozio","tag-pochi-operai","tag-preghiera-per-le-vocazioni","tag-sacerdozio-cattolico","tag-san-giovanni-maria-vianney","tag-san-giovanni-paolo-ii-e-le-vocazioni","tag-seminario-cattolico-in-spagna","tag-seminario-speranza-per-la-chiesa","tag-sostegno-finanziario-ai-seminari","tag-testimonianze-di-conversione-in-seminario","tag-trending-it-236","tag-vocazioni","tag-vocazioni-sacerdotali"],"acf":[],"yoast_head":"<!-- This site is optimized with the Yoast SEO plugin v27.4 - https:\/\/yoast.com\/product\/yoast-seo-wordpress\/ -->\n<title>Lascia i tuoi social media e seguimi! &#8211; Exaudi<\/title>\n<meta name=\"robots\" content=\"index, follow, max-snippet:-1, max-image-preview:large, max-video-preview:-1\" \/>\n<link rel=\"canonical\" href=\"https:\/\/exaudi.org\/it\/lascia-i-tuoi-social-media-e-seguimi\/\" \/>\n<meta property=\"og:locale\" content=\"it_IT\" \/>\n<meta property=\"og:type\" content=\"article\" \/>\n<meta property=\"og:title\" content=\"Lascia i tuoi social media e seguimi! &#8211; Exaudi\" \/>\n<meta property=\"og:description\" content=\"La chiamata radicale che trasforma le vite e salva le anime\" \/>\n<meta property=\"og:url\" content=\"https:\/\/exaudi.org\/it\/lascia-i-tuoi-social-media-e-seguimi\/\" \/>\n<meta property=\"og:site_name\" content=\"Exaudi\" \/>\n<meta property=\"article:publisher\" content=\"https:\/\/www.facebook.com\/ExaudiNews\" \/>\n<meta property=\"article:author\" content=\"https:\/\/www.facebook.com\/ExaudiNotizie\/\" \/>\n<meta property=\"article:published_time\" content=\"2026-03-22T15:32:29+00:00\" \/>\n<meta property=\"og:image\" content=\"https:\/\/exaudi.org\/wp-content\/uploads\/2026\/03\/Gemini_Generated_Image_jw7n9ijw7n9ijw7n.jpg\" \/>\n\t<meta property=\"og:image:width\" content=\"1408\" \/>\n\t<meta property=\"og:image:height\" content=\"768\" \/>\n\t<meta property=\"og:image:type\" content=\"image\/jpeg\" \/>\n<meta name=\"author\" content=\"Exaudi Redazione\" \/>\n<meta name=\"twitter:card\" content=\"summary_large_image\" \/>\n<meta name=\"twitter:creator\" content=\"@Exaudi_Notizie\" \/>\n<meta name=\"twitter:site\" content=\"@Exaudi_News\" \/>\n<meta name=\"twitter:label1\" content=\"Scritto da\" \/>\n\t<meta name=\"twitter:data1\" content=\"Exaudi Redazione\" \/>\n\t<meta name=\"twitter:label2\" content=\"Tempo di lettura stimato\" \/>\n\t<meta name=\"twitter:data2\" content=\"5 minuti\" \/>\n<script type=\"application\/ld+json\" class=\"yoast-schema-graph\">{\"@context\":\"https:\\\/\\\/schema.org\",\"@graph\":[{\"@type\":\"Article\",\"@id\":\"https:\\\/\\\/exaudi.org\\\/it\\\/lascia-i-tuoi-social-media-e-seguimi\\\/#article\",\"isPartOf\":{\"@id\":\"https:\\\/\\\/exaudi.org\\\/it\\\/lascia-i-tuoi-social-media-e-seguimi\\\/\"},\"author\":{\"name\":\"Exaudi Redazione\",\"@id\":\"https:\\\/\\\/exaudi.org\\\/#\\\/schema\\\/person\\\/e1ab6ed07c01774724dd96f925f3a5f0\"},\"headline\":\"Lascia i tuoi social media e seguimi!\",\"datePublished\":\"2026-03-22T15:32:29+00:00\",\"mainEntityOfPage\":{\"@id\":\"https:\\\/\\\/exaudi.org\\\/it\\\/lascia-i-tuoi-social-media-e-seguimi\\\/\"},\"wordCount\":957,\"image\":{\"@id\":\"https:\\\/\\\/exaudi.org\\\/it\\\/lascia-i-tuoi-social-media-e-seguimi\\\/#primaryimage\"},\"thumbnailUrl\":\"https:\\\/\\\/exaudi.org\\\/wp-content\\\/uploads\\\/2026\\\/03\\\/Gemini_Generated_Image_jw7n9ijw7n9ijw7n.jpg\",\"keywords\":[\"Abbondante messe\",\"Bisogno di sacerdoti santi\",\"Campagna Giornata del Seminario CEE\",\"Collaborazione dei fedeli del seminario\",\"CONFERENZA EPISCOPALE SPAGNOLA\",\"Conversione e vocazione\",\"Formazione seminaristica\",\"Generosa dedizione dei seminaristi\",\"Giornata del Seminario 2026\",\"Giornata del Seminario in Spagna\",\"giovani seminaristi\",\"Gratitudine per i sacerdoti\",\"La chiamata di Ges\u00f9 al sacerdozio\",\"Lascia i tuoi social media e seguimi\",\"Papa Francesco e il sacerdozio\",\"pochi operai\",\"preghiera per le vocazioni\",\"Sacerdozio cattolico\",\"San Giovanni Maria Vianney\",\"San Giovanni Paolo II e le vocazioni\",\"Seminario cattolico in Spagna\",\"Seminario: speranza per la Chiesa\",\"Sostegno finanziario ai seminari\",\"Testimonianze di conversione in seminario\",\"Trending\",\"Vocazioni\",\"VOCAZIONI SACERDOTALI\"],\"articleSection\":[\"Chiesa e Mondo\"],\"inLanguage\":\"it-IT\"},{\"@type\":\"WebPage\",\"@id\":\"https:\\\/\\\/exaudi.org\\\/it\\\/lascia-i-tuoi-social-media-e-seguimi\\\/\",\"url\":\"https:\\\/\\\/exaudi.org\\\/it\\\/lascia-i-tuoi-social-media-e-seguimi\\\/\",\"name\":\"Lascia i tuoi social media e seguimi! &#8211; Exaudi\",\"isPartOf\":{\"@id\":\"https:\\\/\\\/exaudi.org\\\/#website\"},\"primaryImageOfPage\":{\"@id\":\"https:\\\/\\\/exaudi.org\\\/it\\\/lascia-i-tuoi-social-media-e-seguimi\\\/#primaryimage\"},\"image\":{\"@id\":\"https:\\\/\\\/exaudi.org\\\/it\\\/lascia-i-tuoi-social-media-e-seguimi\\\/#primaryimage\"},\"thumbnailUrl\":\"https:\\\/\\\/exaudi.org\\\/wp-content\\\/uploads\\\/2026\\\/03\\\/Gemini_Generated_Image_jw7n9ijw7n9ijw7n.jpg\",\"datePublished\":\"2026-03-22T15:32:29+00:00\",\"author\":{\"@id\":\"https:\\\/\\\/exaudi.org\\\/#\\\/schema\\\/person\\\/e1ab6ed07c01774724dd96f925f3a5f0\"},\"breadcrumb\":{\"@id\":\"https:\\\/\\\/exaudi.org\\\/it\\\/lascia-i-tuoi-social-media-e-seguimi\\\/#breadcrumb\"},\"inLanguage\":\"it-IT\",\"potentialAction\":[{\"@type\":\"ReadAction\",\"target\":[\"https:\\\/\\\/exaudi.org\\\/it\\\/lascia-i-tuoi-social-media-e-seguimi\\\/\"]}]},{\"@type\":\"ImageObject\",\"inLanguage\":\"it-IT\",\"@id\":\"https:\\\/\\\/exaudi.org\\\/it\\\/lascia-i-tuoi-social-media-e-seguimi\\\/#primaryimage\",\"url\":\"https:\\\/\\\/exaudi.org\\\/wp-content\\\/uploads\\\/2026\\\/03\\\/Gemini_Generated_Image_jw7n9ijw7n9ijw7n.jpg\",\"contentUrl\":\"https:\\\/\\\/exaudi.org\\\/wp-content\\\/uploads\\\/2026\\\/03\\\/Gemini_Generated_Image_jw7n9ijw7n9ijw7n.jpg\",\"width\":1408,\"height\":768},{\"@type\":\"BreadcrumbList\",\"@id\":\"https:\\\/\\\/exaudi.org\\\/it\\\/lascia-i-tuoi-social-media-e-seguimi\\\/#breadcrumb\",\"itemListElement\":[{\"@type\":\"ListItem\",\"position\":1,\"name\":\"Portada\",\"item\":\"https:\\\/\\\/exaudi.org\\\/it\\\/\"},{\"@type\":\"ListItem\",\"position\":2,\"name\":\"Lascia i tuoi social media e seguimi!\"}]},{\"@type\":\"WebSite\",\"@id\":\"https:\\\/\\\/exaudi.org\\\/#website\",\"url\":\"https:\\\/\\\/exaudi.org\\\/\",\"name\":\"Exaudi\",\"description\":\"News\",\"potentialAction\":[{\"@type\":\"SearchAction\",\"target\":{\"@type\":\"EntryPoint\",\"urlTemplate\":\"https:\\\/\\\/exaudi.org\\\/?s={search_term_string}\"},\"query-input\":{\"@type\":\"PropertyValueSpecification\",\"valueRequired\":true,\"valueName\":\"search_term_string\"}}],\"inLanguage\":\"it-IT\"},{\"@type\":\"Person\",\"@id\":\"https:\\\/\\\/exaudi.org\\\/#\\\/schema\\\/person\\\/e1ab6ed07c01774724dd96f925f3a5f0\",\"name\":\"Exaudi Redazione\",\"image\":{\"@type\":\"ImageObject\",\"inLanguage\":\"it-IT\",\"@id\":\"https:\\\/\\\/secure.gravatar.com\\\/avatar\\\/ad6774b3ada023bf5b939d64f45c94b3adf91502dd883507d469b4308a943bb3?s=96&d=mm&r=g\",\"url\":\"https:\\\/\\\/secure.gravatar.com\\\/avatar\\\/ad6774b3ada023bf5b939d64f45c94b3adf91502dd883507d469b4308a943bb3?s=96&d=mm&r=g\",\"contentUrl\":\"https:\\\/\\\/secure.gravatar.com\\\/avatar\\\/ad6774b3ada023bf5b939d64f45c94b3adf91502dd883507d469b4308a943bb3?s=96&d=mm&r=g\",\"caption\":\"Exaudi Redazione\"},\"description\":\"Che cosa \u00e8 Exaudi News? Exaudi News \u00e8 un agenzia cattolica internazionale che informa, istruisce e trasforma quotidianamente in spagnolo, inglese e italiano. Attraverso notizie, articoli di analisi e trasmissioni in diretta degli eventi del Papa, Exaudi cerca di rafforzare l'unit\u00e0 dei cristiani e di contribuire all'evangelizzazione del mondo, sempre guidato dalla dottrina sociale della Chiesa. Lavoriamo per portare la verit\u00e0 e i valori cristiani in ogni angolo del pianeta. Aiutaci a trasformare il mondo con Exaudi! Noi di Exaudi crediamo che l'evangelizzazione e l'informazione di qualit\u00e0 possano cambiare la vita. Per continuare la nostra missione ed espandere la nostra portata, abbiamo bisogno del tuo aiuto. Stiamo anche cercando persone motivate che vogliano unirsi al nostro team. Grazie al vostro sostegno raggiungeremo pi\u00f9 persone, diffonderemo il messaggio di Cristo e rafforzeremo l'unit\u00e0 dei cristiani. Vuoi unirti alla nostra missione? Per maggiori informazioni su come contribuire, visita Exaudi.org\\\/it o contattaci direttamente: info@exaudi.org Exaudi: informa, forma e trasforma.\",\"sameAs\":[\"https:\\\/\\\/www.facebook.com\\\/ExaudiNotizie\\\/\",\"https:\\\/\\\/www.instagram.com\\\/Exaudi_notizie\\\/\",\"https:\\\/\\\/x.com\\\/Exaudi_Notizie\",\"https:\\\/\\\/www.youtube.com\\\/@exaudicatholicnews\"],\"url\":\"https:\\\/\\\/exaudi.org\\\/it\\\/author\\\/dlvedi-org\\\/\"}]}<\/script>\n<!-- \/ Yoast SEO plugin. -->","yoast_head_json":{"title":"Lascia i tuoi social media e seguimi! &#8211; Exaudi","robots":{"index":"index","follow":"follow","max-snippet":"max-snippet:-1","max-image-preview":"max-image-preview:large","max-video-preview":"max-video-preview:-1"},"canonical":"https:\/\/exaudi.org\/it\/lascia-i-tuoi-social-media-e-seguimi\/","og_locale":"it_IT","og_type":"article","og_title":"Lascia i tuoi social media e seguimi! &#8211; Exaudi","og_description":"La chiamata radicale che trasforma le vite e salva le anime","og_url":"https:\/\/exaudi.org\/it\/lascia-i-tuoi-social-media-e-seguimi\/","og_site_name":"Exaudi","article_publisher":"https:\/\/www.facebook.com\/ExaudiNews","article_author":"https:\/\/www.facebook.com\/ExaudiNotizie\/","article_published_time":"2026-03-22T15:32:29+00:00","og_image":[{"width":1408,"height":768,"url":"https:\/\/exaudi.org\/wp-content\/uploads\/2026\/03\/Gemini_Generated_Image_jw7n9ijw7n9ijw7n.jpg","type":"image\/jpeg"}],"author":"Exaudi Redazione","twitter_card":"summary_large_image","twitter_creator":"@Exaudi_Notizie","twitter_site":"@Exaudi_News","twitter_misc":{"Scritto da":"Exaudi Redazione","Tempo di lettura stimato":"5 minuti"},"schema":{"@context":"https:\/\/schema.org","@graph":[{"@type":"Article","@id":"https:\/\/exaudi.org\/it\/lascia-i-tuoi-social-media-e-seguimi\/#article","isPartOf":{"@id":"https:\/\/exaudi.org\/it\/lascia-i-tuoi-social-media-e-seguimi\/"},"author":{"name":"Exaudi Redazione","@id":"https:\/\/exaudi.org\/#\/schema\/person\/e1ab6ed07c01774724dd96f925f3a5f0"},"headline":"Lascia i tuoi social media e seguimi!","datePublished":"2026-03-22T15:32:29+00:00","mainEntityOfPage":{"@id":"https:\/\/exaudi.org\/it\/lascia-i-tuoi-social-media-e-seguimi\/"},"wordCount":957,"image":{"@id":"https:\/\/exaudi.org\/it\/lascia-i-tuoi-social-media-e-seguimi\/#primaryimage"},"thumbnailUrl":"https:\/\/exaudi.org\/wp-content\/uploads\/2026\/03\/Gemini_Generated_Image_jw7n9ijw7n9ijw7n.jpg","keywords":["Abbondante messe","Bisogno di sacerdoti santi","Campagna Giornata del Seminario CEE","Collaborazione dei fedeli del seminario","CONFERENZA EPISCOPALE SPAGNOLA","Conversione e vocazione","Formazione seminaristica","Generosa dedizione dei seminaristi","Giornata del Seminario 2026","Giornata del Seminario in Spagna","giovani seminaristi","Gratitudine per i sacerdoti","La chiamata di Ges\u00f9 al sacerdozio","Lascia i tuoi social media e seguimi","Papa Francesco e il sacerdozio","pochi operai","preghiera per le vocazioni","Sacerdozio cattolico","San Giovanni Maria Vianney","San Giovanni Paolo II e le vocazioni","Seminario cattolico in Spagna","Seminario: speranza per la Chiesa","Sostegno finanziario ai seminari","Testimonianze di conversione in seminario","Trending","Vocazioni","VOCAZIONI SACERDOTALI"],"articleSection":["Chiesa e Mondo"],"inLanguage":"it-IT"},{"@type":"WebPage","@id":"https:\/\/exaudi.org\/it\/lascia-i-tuoi-social-media-e-seguimi\/","url":"https:\/\/exaudi.org\/it\/lascia-i-tuoi-social-media-e-seguimi\/","name":"Lascia i tuoi social media e seguimi! &#8211; Exaudi","isPartOf":{"@id":"https:\/\/exaudi.org\/#website"},"primaryImageOfPage":{"@id":"https:\/\/exaudi.org\/it\/lascia-i-tuoi-social-media-e-seguimi\/#primaryimage"},"image":{"@id":"https:\/\/exaudi.org\/it\/lascia-i-tuoi-social-media-e-seguimi\/#primaryimage"},"thumbnailUrl":"https:\/\/exaudi.org\/wp-content\/uploads\/2026\/03\/Gemini_Generated_Image_jw7n9ijw7n9ijw7n.jpg","datePublished":"2026-03-22T15:32:29+00:00","author":{"@id":"https:\/\/exaudi.org\/#\/schema\/person\/e1ab6ed07c01774724dd96f925f3a5f0"},"breadcrumb":{"@id":"https:\/\/exaudi.org\/it\/lascia-i-tuoi-social-media-e-seguimi\/#breadcrumb"},"inLanguage":"it-IT","potentialAction":[{"@type":"ReadAction","target":["https:\/\/exaudi.org\/it\/lascia-i-tuoi-social-media-e-seguimi\/"]}]},{"@type":"ImageObject","inLanguage":"it-IT","@id":"https:\/\/exaudi.org\/it\/lascia-i-tuoi-social-media-e-seguimi\/#primaryimage","url":"https:\/\/exaudi.org\/wp-content\/uploads\/2026\/03\/Gemini_Generated_Image_jw7n9ijw7n9ijw7n.jpg","contentUrl":"https:\/\/exaudi.org\/wp-content\/uploads\/2026\/03\/Gemini_Generated_Image_jw7n9ijw7n9ijw7n.jpg","width":1408,"height":768},{"@type":"BreadcrumbList","@id":"https:\/\/exaudi.org\/it\/lascia-i-tuoi-social-media-e-seguimi\/#breadcrumb","itemListElement":[{"@type":"ListItem","position":1,"name":"Portada","item":"https:\/\/exaudi.org\/it\/"},{"@type":"ListItem","position":2,"name":"Lascia i tuoi social media e seguimi!"}]},{"@type":"WebSite","@id":"https:\/\/exaudi.org\/#website","url":"https:\/\/exaudi.org\/","name":"Exaudi","description":"News","potentialAction":[{"@type":"SearchAction","target":{"@type":"EntryPoint","urlTemplate":"https:\/\/exaudi.org\/?s={search_term_string}"},"query-input":{"@type":"PropertyValueSpecification","valueRequired":true,"valueName":"search_term_string"}}],"inLanguage":"it-IT"},{"@type":"Person","@id":"https:\/\/exaudi.org\/#\/schema\/person\/e1ab6ed07c01774724dd96f925f3a5f0","name":"Exaudi Redazione","image":{"@type":"ImageObject","inLanguage":"it-IT","@id":"https:\/\/secure.gravatar.com\/avatar\/ad6774b3ada023bf5b939d64f45c94b3adf91502dd883507d469b4308a943bb3?s=96&d=mm&r=g","url":"https:\/\/secure.gravatar.com\/avatar\/ad6774b3ada023bf5b939d64f45c94b3adf91502dd883507d469b4308a943bb3?s=96&d=mm&r=g","contentUrl":"https:\/\/secure.gravatar.com\/avatar\/ad6774b3ada023bf5b939d64f45c94b3adf91502dd883507d469b4308a943bb3?s=96&d=mm&r=g","caption":"Exaudi Redazione"},"description":"Che cosa \u00e8 Exaudi News? Exaudi News \u00e8 un agenzia cattolica internazionale che informa, istruisce e trasforma quotidianamente in spagnolo, inglese e italiano. Attraverso notizie, articoli di analisi e trasmissioni in diretta degli eventi del Papa, Exaudi cerca di rafforzare l'unit\u00e0 dei cristiani e di contribuire all'evangelizzazione del mondo, sempre guidato dalla dottrina sociale della Chiesa. Lavoriamo per portare la verit\u00e0 e i valori cristiani in ogni angolo del pianeta. Aiutaci a trasformare il mondo con Exaudi! Noi di Exaudi crediamo che l'evangelizzazione e l'informazione di qualit\u00e0 possano cambiare la vita. Per continuare la nostra missione ed espandere la nostra portata, abbiamo bisogno del tuo aiuto. Stiamo anche cercando persone motivate che vogliano unirsi al nostro team. Grazie al vostro sostegno raggiungeremo pi\u00f9 persone, diffonderemo il messaggio di Cristo e rafforzeremo l'unit\u00e0 dei cristiani. Vuoi unirti alla nostra missione? Per maggiori informazioni su come contribuire, visita Exaudi.org\/it o contattaci direttamente: info@exaudi.org Exaudi: informa, forma e trasforma.","sameAs":["https:\/\/www.facebook.com\/ExaudiNotizie\/","https:\/\/www.instagram.com\/Exaudi_notizie\/","https:\/\/x.com\/Exaudi_Notizie","https:\/\/www.youtube.com\/@exaudicatholicnews"],"url":"https:\/\/exaudi.org\/it\/author\/dlvedi-org\/"}]}},"jetpack_featured_media_url":"https:\/\/exaudi.org\/wp-content\/uploads\/2026\/03\/Gemini_Generated_Image_jw7n9ijw7n9ijw7n.jpg","jetpack_shortlink":"https:\/\/wp.me\/pgKjF2-Glb","_links":{"self":[{"href":"https:\/\/exaudi.org\/it\/wp-json\/wp\/v2\/posts\/162761","targetHints":{"allow":["GET"]}}],"collection":[{"href":"https:\/\/exaudi.org\/it\/wp-json\/wp\/v2\/posts"}],"about":[{"href":"https:\/\/exaudi.org\/it\/wp-json\/wp\/v2\/types\/post"}],"author":[{"embeddable":true,"href":"https:\/\/exaudi.org\/it\/wp-json\/wp\/v2\/users\/17"}],"replies":[{"embeddable":true,"href":"https:\/\/exaudi.org\/it\/wp-json\/wp\/v2\/comments?post=162761"}],"version-history":[{"count":3,"href":"https:\/\/exaudi.org\/it\/wp-json\/wp\/v2\/posts\/162761\/revisions"}],"predecessor-version":[{"id":162764,"href":"https:\/\/exaudi.org\/it\/wp-json\/wp\/v2\/posts\/162761\/revisions\/162764"}],"wp:featuredmedia":[{"embeddable":true,"href":"https:\/\/exaudi.org\/it\/wp-json\/wp\/v2\/media\/162727"}],"wp:attachment":[{"href":"https:\/\/exaudi.org\/it\/wp-json\/wp\/v2\/media?parent=162761"}],"wp:term":[{"taxonomy":"category","embeddable":true,"href":"https:\/\/exaudi.org\/it\/wp-json\/wp\/v2\/categories?post=162761"},{"taxonomy":"post_tag","embeddable":true,"href":"https:\/\/exaudi.org\/it\/wp-json\/wp\/v2\/tags?post=162761"}],"curies":[{"name":"wp","href":"https:\/\/api.w.org\/{rel}","templated":true}]}}