{"id":162354,"date":"2026-03-18T16:32:18","date_gmt":"2026-03-18T15:32:18","guid":{"rendered":"https:\/\/exaudi.org\/?p=162354"},"modified":"2026-03-18T16:32:18","modified_gmt":"2026-03-18T15:32:18","slug":"bilbao-quando-le-minoranze-creative-seminano-speranza","status":"publish","type":"post","link":"https:\/\/exaudi.org\/it\/bilbao-quando-le-minoranze-creative-seminano-speranza\/","title":{"rendered":"Bilbao: Quando le minoranze creative seminano speranza"},"content":{"rendered":"<p><span dir=\"auto\" style=\"vertical-align: inherit\"><span dir=\"auto\" style=\"vertical-align: inherit\">Il convegno &#8220;Cattolici e vita pubblica&#8221;, svoltosi lo scorso fine settimana a Bilbao, \u00e8 iniziato con una domanda che ha permeato ogni presentazione e ogni conversazione informale: dove sta andando il mondo senza Dio? Non si tratta di una domanda teorica, bens\u00ec di una questione che risuona nella cultura, nella politica e nella vita di tutti i giorni. Ed \u00e8 stato anche il filo conduttore di alcuni giorni intensi, durante i quali i partecipanti sono stati invitati a guardare alla realt\u00e0 senza paura e con speranza.<\/span><\/span><\/p>\n<p><span dir=\"auto\" style=\"vertical-align: inherit\"><span dir=\"auto\" style=\"vertical-align: inherit\">Uno dei primi oratori ha ricordato un&#8217;idea tanto semplice quanto illuminante: l&#8217;ideologia consiste nel prendere una parte della realt\u00e0 e trasformarla nel tutto. Quando gli esseri umani assolutizzano una parte, finiscono per perdere di vista la verit\u00e0 completa. E, nel tentativo di placare la sete di Dio che alberga nel cuore umano, finiscono per accettare le menzogne \u200b\u200bcome se fossero una soluzione. Ma la sete rimane.<\/span><\/span><\/p>\n<p><span dir=\"auto\" style=\"vertical-align: inherit\"><span dir=\"auto\" style=\"vertical-align: inherit\">Da ci\u00f2 scaturisce una delle conseguenze pi\u00f9 drammatiche del nostro tempo: quando l&#8217;uomo decide di uccidere Dio, finisce per uccidere se stesso. La storia recente ne offre fin troppi esempi.<\/span><\/span><\/p>\n<p><span dir=\"auto\" style=\"vertical-align: inherit\"><span dir=\"auto\" style=\"vertical-align: inherit\">In tale contesto, il giornalista Jes\u00fas Colina \u00e8 intervenuto, ponendo ai presenti una chiara sfida: non possiamo semplicemente riprodurre ci\u00f2 che abbiamo vissuto finora. Ci troviamo di fronte a una nuova era e, pertanto, a una nuova sfida. Con un&#8217;immagine vivida e precisa, ha spiegato che il compito dell&#8217;evangelizzazione oggi non consiste nel conquistare una giovane donna, ma nel convincere una donna divorziata a tornare al suo precedente matrimonio. In altre parole, si tratta di parlare di nuovo agli uomini che un tempo conoscevano Dio e che ora si sono allontanati da Lui.<\/span><\/span><\/p>\n<p><span dir=\"auto\" style=\"vertical-align: inherit\"><span dir=\"auto\" style=\"vertical-align: inherit\">A questo proposito, ha anche ricordato un&#8217;affermazione di Benedetto XVI: le civilt\u00e0 non muoiono per omicidio, ma per suicidio. Si autodistruggono dall&#8217;interno quando perdono le convinzioni che le sostengono. Ma accanto a questo monito, emerge anche una speranza: esistono sempre minoranze creative capaci di rigenerare la vita sociale.<\/span><\/span><\/p>\n<p><span dir=\"auto\" style=\"vertical-align: inherit\"><span dir=\"auto\" style=\"vertical-align: inherit\">Una di queste minoranze creative \u00e8 senza dubbio l&#8217;Associazione Cattolica dei Propagandisti, la forza trainante di questi eventi. Minoranze che non cercano potere o notoriet\u00e0, ma piuttosto seminano.<\/span><\/span><\/p>\n<p><span dir=\"auto\" style=\"vertical-align: inherit\"><span dir=\"auto\" style=\"vertical-align: inherit\">Perch\u00e9, come Colina ci ha ricordato in diverse occasioni, il cristianesimo non \u00e8 un&#8217;ideologia o un insieme di regole: \u00e8 un incontro con una Persona vivente nell&#8217;intimit\u00e0 del cuore. E questa esperienza non si vive mai in isolamento. I cristiani sono chiamati a camminare insieme in comunit\u00e0.<\/span><\/span><\/p>\n<p><img loading=\"lazy\" decoding=\"async\" class=\"size-full wp-image-162298 alignnone\" src=\"https:\/\/exaudi.org\/wp-content\/uploads\/2026\/03\/IMG-20260316-WA0036.jpg\" alt=\"\" width=\"1600\" height=\"1066\" srcset=\"https:\/\/exaudi.org\/wp-content\/uploads\/2026\/03\/IMG-20260316-WA0036.jpg 1600w, https:\/\/exaudi.org\/wp-content\/uploads\/2026\/03\/IMG-20260316-WA0036-300x200.jpg 300w, https:\/\/exaudi.org\/wp-content\/uploads\/2026\/03\/IMG-20260316-WA0036-1024x682.jpg 1024w, https:\/\/exaudi.org\/wp-content\/uploads\/2026\/03\/IMG-20260316-WA0036-770x513.jpg 770w, https:\/\/exaudi.org\/wp-content\/uploads\/2026\/03\/IMG-20260316-WA0036-1536x1023.jpg 1536w, https:\/\/exaudi.org\/wp-content\/uploads\/2026\/03\/IMG-20260316-WA0036-360x240.jpg?crop=1 360w, https:\/\/exaudi.org\/wp-content\/uploads\/2026\/03\/IMG-20260316-WA0036-500x333.jpg 500w\" sizes=\"auto, (max-width: 1600px) 100vw, 1600px\" \/><\/p>\n<p><span dir=\"auto\" style=\"vertical-align: inherit\"><span dir=\"auto\" style=\"vertical-align: inherit\">Dopo l&#8217;intervento di Colina, si \u00e8 tenuta un&#8217;approfondita conferenza di Jos\u00e9 Mar\u00eda Alsina, rettore dell&#8217;Universit\u00e0 CEU di Abat Oliba, che ha offerto una riflessione densa e illuminante sulla missione culturale dei cristiani nel presente.<\/span><\/span><\/p>\n<p><span dir=\"auto\" style=\"vertical-align: inherit\"><span dir=\"auto\" style=\"vertical-align: inherit\">La sessione di sabato \u00e8 proseguita con una tavola rotonda presentata da Antonio Girbau, con la partecipazione di Juan Manuel Sinde, presidente della Fondazione Arizmendiarrieta, erede dello spirito di Jos\u00e9 Mar\u00eda Arizmendiarrieta, promotore dell&#8217;esperienza cooperativa della Mondrag\u00f3n Corporation, e di Ram\u00f3n J. Fonte, presidente di His Way at Work (HWAW).<\/span><\/span><\/p>\n<p><span dir=\"auto\" style=\"vertical-align: inherit\"><span dir=\"auto\" style=\"vertical-align: inherit\">Le presentazioni hanno dimostrato come la fede possa permeare anche il mondo degli affari e del lavoro.<\/span><\/span><\/p>\n<p><span dir=\"auto\" style=\"vertical-align: inherit\"><span dir=\"auto\" style=\"vertical-align: inherit\">Nel suo discorso, Fonte ha incoraggiato le aziende, grandi o piccole che siano, ovunque ci sia qualcuno che desideri introdurre Dio nella gestione aziendale, a conoscere e ad aderire a His Way at Work, un&#8217;iniziativa che si propone di accompagnare imprenditori e team dirigenziali in questo percorso di integrazione tra fede e lavoro.<\/span><\/span><\/p>\n<p><span dir=\"auto\" style=\"vertical-align: inherit\"><span dir=\"auto\" style=\"vertical-align: inherit\">L&#8217;evento ha offerto anche momenti di bellezza e di sollievo. Il soprano Sara Pardo ha tenuto un recital lirico che ha riempito la sala di bellezza.<\/span><\/span><\/p>\n<p><span dir=\"auto\" style=\"vertical-align: inherit\"><span dir=\"auto\" style=\"vertical-align: inherit\">Successivamente, uno dei momenti pi\u00f9 emozionanti \u00e8 stato l&#8217;intervento del frate domenicano Marcos, noto per la sua partecipazione a MasterChef. Il suo calore e il suo entusiasmo hanno commosso il pubblico, invitandolo a guarire le ferite e a vivere la propria fede con gioia.<\/span><\/span><\/p>\n<p><span dir=\"auto\" style=\"vertical-align: inherit\"><span dir=\"auto\" style=\"vertical-align: inherit\">La conversazione dopo cena \u00e8 stata caratterizzata dalla conferenza di Diego Blanco, in cui ha parlato dell&#8217;Apocalisse da una prospettiva profondamente fiduciosa. Ha introdotto il concetto di eucatastrofe, un&#8217;espressione coniata da J.R.R. Tolkien per descrivere quel momento nelle grandi storie in cui tutto sembra perduto&#8230; proprio prima che esploda il trionfo finale. Quest&#8217;idea, applicata alla storia della salvezza, ci ricorda che anche nei momenti pi\u00f9 bui, Dio continua a scrivere l&#8217;esito finale.<\/span><\/span><\/p>\n<p><img loading=\"lazy\" decoding=\"async\" class=\"size-full wp-image-162301 alignnone\" src=\"https:\/\/exaudi.org\/wp-content\/uploads\/2026\/03\/IMG-20260316-WA0055.jpg\" alt=\"\" width=\"1600\" height=\"1066\" srcset=\"https:\/\/exaudi.org\/wp-content\/uploads\/2026\/03\/IMG-20260316-WA0055.jpg 1600w, https:\/\/exaudi.org\/wp-content\/uploads\/2026\/03\/IMG-20260316-WA0055-300x200.jpg 300w, https:\/\/exaudi.org\/wp-content\/uploads\/2026\/03\/IMG-20260316-WA0055-1024x682.jpg 1024w, https:\/\/exaudi.org\/wp-content\/uploads\/2026\/03\/IMG-20260316-WA0055-770x513.jpg 770w, https:\/\/exaudi.org\/wp-content\/uploads\/2026\/03\/IMG-20260316-WA0055-1536x1023.jpg 1536w, https:\/\/exaudi.org\/wp-content\/uploads\/2026\/03\/IMG-20260316-WA0055-360x240.jpg?crop=1 360w, https:\/\/exaudi.org\/wp-content\/uploads\/2026\/03\/IMG-20260316-WA0055-500x333.jpg 500w\" sizes=\"auto, (max-width: 1600px) 100vw, 1600px\" \/><\/p>\n<p><span dir=\"auto\" style=\"vertical-align: inherit\"><span dir=\"auto\" style=\"vertical-align: inherit\">Poi \u00e8 arrivata la testimonianza di Mar Dorrio, che ha trasposto tutte queste riflessioni nella sfera del quotidiano, dove la fede si vive in prima persona: dalla casa, quando si chiude la porta d&#8217;ingresso e inizia la vita vera.<\/span><\/span><\/p>\n<p><span dir=\"auto\" style=\"vertical-align: inherit\"><span dir=\"auto\" style=\"vertical-align: inherit\">La conferenza si \u00e8 conclusa con uno sguardo al futuro. Antonio Perteguer Mu\u00f1oz ha presentato ChatLumen AI, una piattaforma di intelligenza artificiale sviluppata a partire dalla fede e dalla morale della Chiesa.<\/span><\/span><\/p>\n<p><span dir=\"auto\" style=\"vertical-align: inherit\"><span dir=\"auto\" style=\"vertical-align: inherit\">Forse \u00e8 proprio qui che risiede una delle chiavi di lettura di quanto accaduto a Bilbao. Le minoranze creative di cui parlava Colina sono oggi incarnate dall&#8217;Associazione Cattolica dei Propagandisti, che con ogni evento organizzato in una citt\u00e0 semina qualcosa di nuovo.<\/span><\/span><\/p>\n<p><span dir=\"auto\" style=\"vertical-align: inherit\"><span dir=\"auto\" style=\"vertical-align: inherit\">Funzionano come quella pioggerella costante e penetrante del nord: una pioggia fine che si infiltra a poco a poco.<\/span><\/span><\/p>\n<p><span dir=\"auto\" style=\"vertical-align: inherit\"><span dir=\"auto\" style=\"vertical-align: inherit\">Citt\u00e0 dopo citt\u00e0, incontro dopo incontro, il suo lavoro trasforma luoghi che, alla fine della giornata, non saranno mai pi\u00f9 esattamente gli stessi.<\/span><\/span><\/p>\n","protected":false},"excerpt":{"rendered":"<p>Incontrare Cristo nel lavoro, nella cultura e nella vita quotidiana: il potere rigenerativo delle minoranze creative<\/p>\n","protected":false},"author":148,"featured_media":162295,"comment_status":"closed","ping_status":"closed","sticky":false,"template":"","format":"standard","meta":{"_acf_changed":false,"_crdt_document":"","inline_featured_image":false,"footnotes":""},"categories":[73],"tags":[34173,1722,103011,103012,103013,103022,4671,103015,103016,103018,103017,103019,79710,103021,103014,103020,21978,103024,103023,98835,64903,16223,64787],"class_list":["post-162354","post","type-post","status-publish","format-standard","has-post-thumbnail","hentry","category-chiesa-e-mondo","tag-associazione-cattolica-dei-propagandisti","tag-benedetto-xvi","tag-bilbao-2","tag-cattolici-e-vita-pubblica","tag-chatlumen-ai-2","tag-conferenza-bilbao-2026","tag-cristianesimo","tag-eucatastrofe-2","tag-evangelizzare-gli-emarginati","tag-fede-ed-evangelizzazione","tag-fede-nella-quotidianita","tag-fondazione-arizmendiarrieta","tag-incontro-personale","tag-integrazione-tra-fede-e-lavoro","tag-la-speranza-non-delude","tag-la-sua-via-al-lavoro","tag-mar-dorrio-3","tag-minoranze-che-seminano","tag-minoranze-creative","tag-rigenerazione-sociale","tag-speranza-cristiana-it","tag-trasformazione-sociale","tag-trending-it-236"],"acf":[],"yoast_head":"<!-- This site is optimized with the Yoast SEO plugin v27.5 - https:\/\/yoast.com\/product\/yoast-seo-wordpress\/ -->\n<title>Bilbao: Quando le minoranze creative seminano speranza &#8211; Exaudi<\/title>\n<meta name=\"robots\" content=\"index, follow, max-snippet:-1, max-image-preview:large, max-video-preview:-1\" \/>\n<link rel=\"canonical\" href=\"https:\/\/exaudi.org\/it\/bilbao-quando-le-minoranze-creative-seminano-speranza\/\" \/>\n<meta property=\"og:locale\" content=\"it_IT\" \/>\n<meta property=\"og:type\" content=\"article\" \/>\n<meta property=\"og:title\" content=\"Bilbao: Quando le minoranze creative seminano speranza &#8211; Exaudi\" \/>\n<meta property=\"og:description\" content=\"Incontrare Cristo nel lavoro, nella cultura e nella vita quotidiana: il potere rigenerativo delle minoranze creative\" \/>\n<meta property=\"og:url\" content=\"https:\/\/exaudi.org\/it\/bilbao-quando-le-minoranze-creative-seminano-speranza\/\" \/>\n<meta property=\"og:site_name\" content=\"Exaudi\" \/>\n<meta property=\"article:publisher\" content=\"https:\/\/www.facebook.com\/ExaudiNews\" \/>\n<meta property=\"article:published_time\" content=\"2026-03-18T15:32:18+00:00\" \/>\n<meta property=\"og:image\" content=\"https:\/\/exaudi.org\/wp-content\/uploads\/2026\/03\/IMG-20260316-WA0049.jpg\" \/>\n\t<meta property=\"og:image:width\" content=\"1600\" \/>\n\t<meta property=\"og:image:height\" content=\"1066\" \/>\n\t<meta property=\"og:image:type\" content=\"image\/jpeg\" \/>\n<meta name=\"author\" content=\"Mar Dorrio\" \/>\n<meta name=\"twitter:card\" content=\"summary_large_image\" \/>\n<meta name=\"twitter:creator\" content=\"@Exaudi_News\" \/>\n<meta name=\"twitter:site\" content=\"@Exaudi_News\" \/>\n<meta name=\"twitter:label1\" content=\"Scritto da\" \/>\n\t<meta name=\"twitter:data1\" content=\"Mar Dorrio\" \/>\n\t<meta name=\"twitter:label2\" content=\"Tempo di lettura stimato\" \/>\n\t<meta name=\"twitter:data2\" content=\"4 minuti\" \/>\n<script type=\"application\/ld+json\" class=\"yoast-schema-graph\">{\"@context\":\"https:\\\/\\\/schema.org\",\"@graph\":[{\"@type\":\"Article\",\"@id\":\"https:\\\/\\\/exaudi.org\\\/it\\\/bilbao-quando-le-minoranze-creative-seminano-speranza\\\/#article\",\"isPartOf\":{\"@id\":\"https:\\\/\\\/exaudi.org\\\/it\\\/bilbao-quando-le-minoranze-creative-seminano-speranza\\\/\"},\"author\":{\"name\":\"Mar Dorrio\",\"@id\":\"https:\\\/\\\/exaudi.org\\\/#\\\/schema\\\/person\\\/190063d92b4c81e4169e81af30a8b9db\"},\"headline\":\"Bilbao: Quando le minoranze creative seminano speranza\",\"datePublished\":\"2026-03-18T15:32:18+00:00\",\"mainEntityOfPage\":{\"@id\":\"https:\\\/\\\/exaudi.org\\\/it\\\/bilbao-quando-le-minoranze-creative-seminano-speranza\\\/\"},\"wordCount\":874,\"image\":{\"@id\":\"https:\\\/\\\/exaudi.org\\\/it\\\/bilbao-quando-le-minoranze-creative-seminano-speranza\\\/#primaryimage\"},\"thumbnailUrl\":\"https:\\\/\\\/exaudi.org\\\/wp-content\\\/uploads\\\/2026\\\/03\\\/IMG-20260316-WA0049.jpg\",\"keywords\":[\"Associazione cattolica dei propagandisti\",\"Benedetto XVI\",\"Bilbao\",\"Cattolici e vita pubblica\",\"ChatLumen AI\",\"Conferenza Bilbao 2026\",\"cristianesimo\",\"Eucatastrofe\",\"evangelizzare gli emarginati\",\"fede ed evangelizzazione\",\"fede nella quotidianit\u00e0\",\"Fondazione Arizmendiarrieta\",\"incontro personale\",\"integrazione tra fede e lavoro\",\"la speranza non delude\",\"La Sua Via al Lavoro\",\"MAR DORRIO\",\"minoranze che seminano\",\"minoranze creative\",\"Rigenerazione sociale\",\"speranza cristiana\",\"TRASFORMAZIONE SOCIALE\",\"Trending\"],\"articleSection\":[\"Chiesa e Mondo\"],\"inLanguage\":\"it-IT\"},{\"@type\":\"WebPage\",\"@id\":\"https:\\\/\\\/exaudi.org\\\/it\\\/bilbao-quando-le-minoranze-creative-seminano-speranza\\\/\",\"url\":\"https:\\\/\\\/exaudi.org\\\/it\\\/bilbao-quando-le-minoranze-creative-seminano-speranza\\\/\",\"name\":\"Bilbao: Quando le minoranze creative seminano speranza &#8211; Exaudi\",\"isPartOf\":{\"@id\":\"https:\\\/\\\/exaudi.org\\\/#website\"},\"primaryImageOfPage\":{\"@id\":\"https:\\\/\\\/exaudi.org\\\/it\\\/bilbao-quando-le-minoranze-creative-seminano-speranza\\\/#primaryimage\"},\"image\":{\"@id\":\"https:\\\/\\\/exaudi.org\\\/it\\\/bilbao-quando-le-minoranze-creative-seminano-speranza\\\/#primaryimage\"},\"thumbnailUrl\":\"https:\\\/\\\/exaudi.org\\\/wp-content\\\/uploads\\\/2026\\\/03\\\/IMG-20260316-WA0049.jpg\",\"datePublished\":\"2026-03-18T15:32:18+00:00\",\"author\":{\"@id\":\"https:\\\/\\\/exaudi.org\\\/#\\\/schema\\\/person\\\/190063d92b4c81e4169e81af30a8b9db\"},\"breadcrumb\":{\"@id\":\"https:\\\/\\\/exaudi.org\\\/it\\\/bilbao-quando-le-minoranze-creative-seminano-speranza\\\/#breadcrumb\"},\"inLanguage\":\"it-IT\",\"potentialAction\":[{\"@type\":\"ReadAction\",\"target\":[\"https:\\\/\\\/exaudi.org\\\/it\\\/bilbao-quando-le-minoranze-creative-seminano-speranza\\\/\"]}]},{\"@type\":\"ImageObject\",\"inLanguage\":\"it-IT\",\"@id\":\"https:\\\/\\\/exaudi.org\\\/it\\\/bilbao-quando-le-minoranze-creative-seminano-speranza\\\/#primaryimage\",\"url\":\"https:\\\/\\\/exaudi.org\\\/wp-content\\\/uploads\\\/2026\\\/03\\\/IMG-20260316-WA0049.jpg\",\"contentUrl\":\"https:\\\/\\\/exaudi.org\\\/wp-content\\\/uploads\\\/2026\\\/03\\\/IMG-20260316-WA0049.jpg\",\"width\":1600,\"height\":1066},{\"@type\":\"BreadcrumbList\",\"@id\":\"https:\\\/\\\/exaudi.org\\\/it\\\/bilbao-quando-le-minoranze-creative-seminano-speranza\\\/#breadcrumb\",\"itemListElement\":[{\"@type\":\"ListItem\",\"position\":1,\"name\":\"Portada\",\"item\":\"https:\\\/\\\/exaudi.org\\\/it\\\/\"},{\"@type\":\"ListItem\",\"position\":2,\"name\":\"Bilbao: Quando le minoranze creative seminano speranza\"}]},{\"@type\":\"WebSite\",\"@id\":\"https:\\\/\\\/exaudi.org\\\/#website\",\"url\":\"https:\\\/\\\/exaudi.org\\\/\",\"name\":\"Exaudi\",\"description\":\"News\",\"potentialAction\":[{\"@type\":\"SearchAction\",\"target\":{\"@type\":\"EntryPoint\",\"urlTemplate\":\"https:\\\/\\\/exaudi.org\\\/?s={search_term_string}\"},\"query-input\":{\"@type\":\"PropertyValueSpecification\",\"valueRequired\":true,\"valueName\":\"search_term_string\"}}],\"inLanguage\":\"it-IT\"},{\"@type\":\"Person\",\"@id\":\"https:\\\/\\\/exaudi.org\\\/#\\\/schema\\\/person\\\/190063d92b4c81e4169e81af30a8b9db\",\"name\":\"Mar Dorrio\",\"image\":{\"@type\":\"ImageObject\",\"inLanguage\":\"it-IT\",\"@id\":\"https:\\\/\\\/secure.gravatar.com\\\/avatar\\\/e83dfcdce3efd6639efe212c38daa01e5377afde4390bfc27b30d803ee0b7fa5?s=96&d=mm&r=g\",\"url\":\"https:\\\/\\\/secure.gravatar.com\\\/avatar\\\/e83dfcdce3efd6639efe212c38daa01e5377afde4390bfc27b30d803ee0b7fa5?s=96&d=mm&r=g\",\"contentUrl\":\"https:\\\/\\\/secure.gravatar.com\\\/avatar\\\/e83dfcdce3efd6639efe212c38daa01e5377afde4390bfc27b30d803ee0b7fa5?s=96&d=mm&r=g\",\"caption\":\"Mar Dorrio\"},\"description\":\"Ser madre de 12 hijos hace que tenga experiencia en psicolog\u00eda, enfermer\u00eda, restauraci\u00f3n, decoraci\u00f3n, organizaci\u00f3n de eventos, coaching de superaci\u00f3n... Y todo regado con la capacidad de trabajo que te da estar disponible las 24 horas del d\u00eda durante 25 a\u00f1os. Con la ilusi\u00f3n de compartir tantas vivencias, cre\u00e9 la cuenta @whynottwelve, actualmente con m\u00e1s de 11.000 seguidores, y la actividad sin \u00e1nimo de lucro \\\"Caf\u00e9 de los Viernes\\\", que consiste en la organizaci\u00f3n de caf\u00e9s simult\u00e1neos en casas particulares de diversas ciudades del mundo, en los que se ofrece, a trav\u00e9s de internet, un testimonio que pretende ayudar a los participantes a acercarse a Dios y a mejorar sus vidas.\",\"sameAs\":[\"https:\\\/\\\/www.instagram.com\\\/whynottwelve\\\/?hl=es\",\"https:\\\/youtu.be\\\/_QDuXCRFK4\"],\"url\":\"https:\\\/\\\/exaudi.org\\\/it\\\/author\\\/mar-dorrio\\\/\"}]}<\/script>\n<!-- \/ Yoast SEO plugin. -->","yoast_head_json":{"title":"Bilbao: Quando le minoranze creative seminano speranza &#8211; Exaudi","robots":{"index":"index","follow":"follow","max-snippet":"max-snippet:-1","max-image-preview":"max-image-preview:large","max-video-preview":"max-video-preview:-1"},"canonical":"https:\/\/exaudi.org\/it\/bilbao-quando-le-minoranze-creative-seminano-speranza\/","og_locale":"it_IT","og_type":"article","og_title":"Bilbao: Quando le minoranze creative seminano speranza &#8211; Exaudi","og_description":"Incontrare Cristo nel lavoro, nella cultura e nella vita quotidiana: il potere rigenerativo delle minoranze creative","og_url":"https:\/\/exaudi.org\/it\/bilbao-quando-le-minoranze-creative-seminano-speranza\/","og_site_name":"Exaudi","article_publisher":"https:\/\/www.facebook.com\/ExaudiNews","article_published_time":"2026-03-18T15:32:18+00:00","og_image":[{"width":1600,"height":1066,"url":"https:\/\/exaudi.org\/wp-content\/uploads\/2026\/03\/IMG-20260316-WA0049.jpg","type":"image\/jpeg"}],"author":"Mar Dorrio","twitter_card":"summary_large_image","twitter_creator":"@Exaudi_News","twitter_site":"@Exaudi_News","twitter_misc":{"Scritto da":"Mar Dorrio","Tempo di lettura stimato":"4 minuti"},"schema":{"@context":"https:\/\/schema.org","@graph":[{"@type":"Article","@id":"https:\/\/exaudi.org\/it\/bilbao-quando-le-minoranze-creative-seminano-speranza\/#article","isPartOf":{"@id":"https:\/\/exaudi.org\/it\/bilbao-quando-le-minoranze-creative-seminano-speranza\/"},"author":{"name":"Mar Dorrio","@id":"https:\/\/exaudi.org\/#\/schema\/person\/190063d92b4c81e4169e81af30a8b9db"},"headline":"Bilbao: Quando le minoranze creative seminano speranza","datePublished":"2026-03-18T15:32:18+00:00","mainEntityOfPage":{"@id":"https:\/\/exaudi.org\/it\/bilbao-quando-le-minoranze-creative-seminano-speranza\/"},"wordCount":874,"image":{"@id":"https:\/\/exaudi.org\/it\/bilbao-quando-le-minoranze-creative-seminano-speranza\/#primaryimage"},"thumbnailUrl":"https:\/\/exaudi.org\/wp-content\/uploads\/2026\/03\/IMG-20260316-WA0049.jpg","keywords":["Associazione cattolica dei propagandisti","Benedetto XVI","Bilbao","Cattolici e vita pubblica","ChatLumen AI","Conferenza Bilbao 2026","cristianesimo","Eucatastrofe","evangelizzare gli emarginati","fede ed evangelizzazione","fede nella quotidianit\u00e0","Fondazione Arizmendiarrieta","incontro personale","integrazione tra fede e lavoro","la speranza non delude","La Sua Via al Lavoro","MAR DORRIO","minoranze che seminano","minoranze creative","Rigenerazione sociale","speranza cristiana","TRASFORMAZIONE SOCIALE","Trending"],"articleSection":["Chiesa e Mondo"],"inLanguage":"it-IT"},{"@type":"WebPage","@id":"https:\/\/exaudi.org\/it\/bilbao-quando-le-minoranze-creative-seminano-speranza\/","url":"https:\/\/exaudi.org\/it\/bilbao-quando-le-minoranze-creative-seminano-speranza\/","name":"Bilbao: Quando le minoranze creative seminano speranza &#8211; Exaudi","isPartOf":{"@id":"https:\/\/exaudi.org\/#website"},"primaryImageOfPage":{"@id":"https:\/\/exaudi.org\/it\/bilbao-quando-le-minoranze-creative-seminano-speranza\/#primaryimage"},"image":{"@id":"https:\/\/exaudi.org\/it\/bilbao-quando-le-minoranze-creative-seminano-speranza\/#primaryimage"},"thumbnailUrl":"https:\/\/exaudi.org\/wp-content\/uploads\/2026\/03\/IMG-20260316-WA0049.jpg","datePublished":"2026-03-18T15:32:18+00:00","author":{"@id":"https:\/\/exaudi.org\/#\/schema\/person\/190063d92b4c81e4169e81af30a8b9db"},"breadcrumb":{"@id":"https:\/\/exaudi.org\/it\/bilbao-quando-le-minoranze-creative-seminano-speranza\/#breadcrumb"},"inLanguage":"it-IT","potentialAction":[{"@type":"ReadAction","target":["https:\/\/exaudi.org\/it\/bilbao-quando-le-minoranze-creative-seminano-speranza\/"]}]},{"@type":"ImageObject","inLanguage":"it-IT","@id":"https:\/\/exaudi.org\/it\/bilbao-quando-le-minoranze-creative-seminano-speranza\/#primaryimage","url":"https:\/\/exaudi.org\/wp-content\/uploads\/2026\/03\/IMG-20260316-WA0049.jpg","contentUrl":"https:\/\/exaudi.org\/wp-content\/uploads\/2026\/03\/IMG-20260316-WA0049.jpg","width":1600,"height":1066},{"@type":"BreadcrumbList","@id":"https:\/\/exaudi.org\/it\/bilbao-quando-le-minoranze-creative-seminano-speranza\/#breadcrumb","itemListElement":[{"@type":"ListItem","position":1,"name":"Portada","item":"https:\/\/exaudi.org\/it\/"},{"@type":"ListItem","position":2,"name":"Bilbao: Quando le minoranze creative seminano speranza"}]},{"@type":"WebSite","@id":"https:\/\/exaudi.org\/#website","url":"https:\/\/exaudi.org\/","name":"Exaudi","description":"News","potentialAction":[{"@type":"SearchAction","target":{"@type":"EntryPoint","urlTemplate":"https:\/\/exaudi.org\/?s={search_term_string}"},"query-input":{"@type":"PropertyValueSpecification","valueRequired":true,"valueName":"search_term_string"}}],"inLanguage":"it-IT"},{"@type":"Person","@id":"https:\/\/exaudi.org\/#\/schema\/person\/190063d92b4c81e4169e81af30a8b9db","name":"Mar Dorrio","image":{"@type":"ImageObject","inLanguage":"it-IT","@id":"https:\/\/secure.gravatar.com\/avatar\/e83dfcdce3efd6639efe212c38daa01e5377afde4390bfc27b30d803ee0b7fa5?s=96&d=mm&r=g","url":"https:\/\/secure.gravatar.com\/avatar\/e83dfcdce3efd6639efe212c38daa01e5377afde4390bfc27b30d803ee0b7fa5?s=96&d=mm&r=g","contentUrl":"https:\/\/secure.gravatar.com\/avatar\/e83dfcdce3efd6639efe212c38daa01e5377afde4390bfc27b30d803ee0b7fa5?s=96&d=mm&r=g","caption":"Mar Dorrio"},"description":"Ser madre de 12 hijos hace que tenga experiencia en psicolog\u00eda, enfermer\u00eda, restauraci\u00f3n, decoraci\u00f3n, organizaci\u00f3n de eventos, coaching de superaci\u00f3n... Y todo regado con la capacidad de trabajo que te da estar disponible las 24 horas del d\u00eda durante 25 a\u00f1os. Con la ilusi\u00f3n de compartir tantas vivencias, cre\u00e9 la cuenta @whynottwelve, actualmente con m\u00e1s de 11.000 seguidores, y la actividad sin \u00e1nimo de lucro \"Caf\u00e9 de los Viernes\", que consiste en la organizaci\u00f3n de caf\u00e9s simult\u00e1neos en casas particulares de diversas ciudades del mundo, en los que se ofrece, a trav\u00e9s de internet, un testimonio que pretende ayudar a los participantes a acercarse a Dios y a mejorar sus vidas.","sameAs":["https:\/\/www.instagram.com\/whynottwelve\/?hl=es","https:\/youtu.be\/_QDuXCRFK4"],"url":"https:\/\/exaudi.org\/it\/author\/mar-dorrio\/"}]}},"jetpack_featured_media_url":"https:\/\/exaudi.org\/wp-content\/uploads\/2026\/03\/IMG-20260316-WA0049.jpg","jetpack_shortlink":"https:\/\/wp.me\/pgKjF2-GeC","_links":{"self":[{"href":"https:\/\/exaudi.org\/it\/wp-json\/wp\/v2\/posts\/162354","targetHints":{"allow":["GET"]}}],"collection":[{"href":"https:\/\/exaudi.org\/it\/wp-json\/wp\/v2\/posts"}],"about":[{"href":"https:\/\/exaudi.org\/it\/wp-json\/wp\/v2\/types\/post"}],"author":[{"embeddable":true,"href":"https:\/\/exaudi.org\/it\/wp-json\/wp\/v2\/users\/148"}],"replies":[{"embeddable":true,"href":"https:\/\/exaudi.org\/it\/wp-json\/wp\/v2\/comments?post=162354"}],"version-history":[{"count":3,"href":"https:\/\/exaudi.org\/it\/wp-json\/wp\/v2\/posts\/162354\/revisions"}],"predecessor-version":[{"id":162357,"href":"https:\/\/exaudi.org\/it\/wp-json\/wp\/v2\/posts\/162354\/revisions\/162357"}],"wp:featuredmedia":[{"embeddable":true,"href":"https:\/\/exaudi.org\/it\/wp-json\/wp\/v2\/media\/162295"}],"wp:attachment":[{"href":"https:\/\/exaudi.org\/it\/wp-json\/wp\/v2\/media?parent=162354"}],"wp:term":[{"taxonomy":"category","embeddable":true,"href":"https:\/\/exaudi.org\/it\/wp-json\/wp\/v2\/categories?post=162354"},{"taxonomy":"post_tag","embeddable":true,"href":"https:\/\/exaudi.org\/it\/wp-json\/wp\/v2\/tags?post=162354"}],"curies":[{"name":"wp","href":"https:\/\/api.w.org\/{rel}","templated":true}]}}