{"id":161808,"date":"2026-03-13T16:32:13","date_gmt":"2026-03-13T15:32:13","guid":{"rendered":"https:\/\/exaudi.org\/?p=161808"},"modified":"2026-03-13T16:32:13","modified_gmt":"2026-03-13T15:32:13","slug":"papa-leone-xiv-ascolta-in-un-mondo-di-guerre-la-fraternita-e-una-responsabilita-urgente-non-un-mero-ideale","status":"publish","type":"post","link":"https:\/\/exaudi.org\/it\/papa-leone-xiv-ascolta-in-un-mondo-di-guerre-la-fraternita-e-una-responsabilita-urgente-non-un-mero-ideale\/","title":{"rendered":"Papa Leone XIV ascolta: in un mondo di guerre, la fraternit\u00e0 \u00e8 una responsabilit\u00e0 urgente, non un mero ideale"},"content":{"rendered":"<p><span dir=\"auto\" style=\"vertical-align: inherit\"><span dir=\"auto\" style=\"vertical-align: inherit\">Il Predicatore della Casa Pontificia, padre Roberto Pasolini, ha offerto questa mattina nell&#8217;Aula Paolo VI la seconda meditazione quaresimale, alla presenza attenta di Papa Leone XIV. Sotto il tema generale \u201cSe uno \u00e8 in Cristo, \u00e8 una nuova creatura. La conversione al Vangelo secondo san Francesco\u201d, il frate cappuccino ha incentrato la sua riflessione sulla grazia e sulle esigenze della comunione fraterna come cammino concreto di trasformazione personale e collettiva.<\/span><\/span><\/p>\n<p><span dir=\"auto\" style=\"vertical-align: inherit\"><span dir=\"auto\" style=\"vertical-align: inherit\">Padre Pasolini ha sottolineato che la fraternit\u00e0 non \u00e8 un ideale astratto o un abbellimento spirituale, bens\u00ec lo spazio privilegiato in cui avviene un&#8217;autentica conversione evangelica. \u00abNon siamo soli e non siamo tutto\u00bb, ha affermato, ricordandoci che il rifiuto di questa realt\u00e0 di interdipendenza genera risentimento e pu\u00f2 rendere insopportabile la presenza degli altri. Traendo ispirazione dall&#8217;intuizione di San Francesco d&#8217;Assisi, ha presentato le relazioni interpersonali come un banco di prova per apprendere la logica misericordiosa del Vangelo, ben lontana dalle dinamiche di potere o di superiorit\u00e0 che caratterizzavano sia le prime comunit\u00e0 cristiane che quelle francescane.<\/span><\/span><\/p>\n<p><img loading=\"lazy\" decoding=\"async\" class=\"size-full wp-image-161784 alignnone\" src=\"https:\/\/exaudi.org\/wp-content\/uploads\/2026\/03\/cq5dam.thumbnail.cropped.750.422-4-1.jpeg\" alt=\"\" width=\"750\" height=\"422\" srcset=\"https:\/\/exaudi.org\/wp-content\/uploads\/2026\/03\/cq5dam.thumbnail.cropped.750.422-4-1.jpeg 750w, https:\/\/exaudi.org\/wp-content\/uploads\/2026\/03\/cq5dam.thumbnail.cropped.750.422-4-1-300x169.jpeg 300w, https:\/\/exaudi.org\/wp-content\/uploads\/2026\/03\/cq5dam.thumbnail.cropped.750.422-4-1-500x281.jpeg 500w\" sizes=\"auto, (max-width: 750px) 100vw, 750px\" \/><\/p>\n<p><span dir=\"auto\" style=\"vertical-align: inherit\"><span dir=\"auto\" style=\"vertical-align: inherit\">Un momento chiave della meditazione \u00e8 stata la rilettura della storia biblica di Caino e Abele. Il predicatore ha spiegato che Dio rifiuta l&#8217;offerta di Caino non per condannarlo, ma per spingerlo a offrire la propria vita come un vero dono: &#8220;Non \u00e8 tanto la qualit\u00e0 dell&#8217;offerta a fare la differenza, quanto il fatto che ci\u00f2 che viene offerto rappresenti veramente la propria vita&#8221;. Ha quindi invitato i partecipanti a identificare &#8220;chi \u00e8 Caino dentro di noi&#8221;, quel risentimento che lacera i rapporti e porta alla violenza e all&#8217;allontanamento.<\/span><\/span><\/p>\n<p><span dir=\"auto\" style=\"vertical-align: inherit\"><span dir=\"auto\" style=\"vertical-align: inherit\">In un mondo segnato da divisioni, guerre e conflitti, Pasolini insisteva sul fatto che la fraternit\u00e0 diventasse una responsabilit\u00e0 seria e urgente: \u00abNoi cristiani non possiamo limitarci a parlare di fraternit\u00e0 come di un ideale da raggiungere. Siamo chiamati ad accoglierla come un dono e, al tempo stesso, ad assumerla come una responsabilit\u00e0 serissima e urgente\u00bb. Sottolineava che la Pasqua di Cristo ci libera dal sospetto che gli sforzi relazionali siano vani, permettendoci di accogliere l&#8217;altro anche quando ferisce, delude o si comporta come un avversario.<\/span><\/span><\/p>\n<p><span dir=\"auto\" style=\"vertical-align: inherit\"><span dir=\"auto\" style=\"vertical-align: inherit\">La meditazione fa parte di un ciclo di quattro incontri che proseguiranno venerd\u00ec 20 e 27 marzo. Nel primo incontro, tenuto il 6 marzo, lo stesso predicatore ha affrontato il tema della conversione come umile sequela di Ges\u00f9, in una prospettiva francescana. La presenza costante di Papa Leone XIV a questi incontri sottolinea l&#8217;importanza che il Pontefice attribuisce a questo tempo di preparazione alla Pasqua, volto a ravvivare nella Chiesa la chiamata a un&#8217;umanit\u00e0 rinnovata attraverso l&#8217;incontro con Cristo.<\/span><\/span><\/p>\n<p><img loading=\"lazy\" decoding=\"async\" class=\"size-full wp-image-161781 alignnone\" src=\"https:\/\/exaudi.org\/wp-content\/uploads\/2026\/03\/cq5dam.thumbnail.cropped.750.422-5-1.jpeg\" alt=\"\" width=\"750\" height=\"422\" srcset=\"https:\/\/exaudi.org\/wp-content\/uploads\/2026\/03\/cq5dam.thumbnail.cropped.750.422-5-1.jpeg 750w, https:\/\/exaudi.org\/wp-content\/uploads\/2026\/03\/cq5dam.thumbnail.cropped.750.422-5-1-300x169.jpeg 300w, https:\/\/exaudi.org\/wp-content\/uploads\/2026\/03\/cq5dam.thumbnail.cropped.750.422-5-1-500x281.jpeg 500w\" sizes=\"auto, (max-width: 750px) 100vw, 750px\" \/><\/p>\n","protected":false},"excerpt":{"rendered":"<p>La seconda meditazione quaresimale del predicatore Roberto Pasolini per il Papa mette in luce la conversione attraverso le relazioni umane, ispirandosi a San Francesco, e mette in guardia contro il risentimento che divide<\/p>\n","protected":false},"author":17,"featured_media":161777,"comment_status":"closed","ping_status":"closed","sticky":false,"template":"","format":"standard","meta":{"_acf_changed":false,"_crdt_document":"","inline_featured_image":false,"footnotes":""},"categories":[131],"tags":[24231,60364,27178,102102,102103,102104,102110,29565,102106,64910,102108,99310,102109,91588,102111,58164,1278,100242,95521,71700,102112,1719,100243,102101,4201,64787,102107,102113,102105,24638],"class_list":["post-161808","post","type-post","status-publish","format-standard","has-post-thumbnail","hentry","category-vaticano","tag-caino-e-abele","tag-comunione-fraterna","tag-conflitti-globali","tag-conversione-ai-nostri-fratelli-e-sorelle","tag-conversione-evangelica","tag-dono-della-fraternita","tag-frate-cappuccino","tag-fraternita-cristiana","tag-fraternita-urgente","tag-leone-xiv-it","tag-meditazione-quaresimale","tag-meditazioni-quaresimali","tag-misericordia-relazionale","tag-nuova-creatura-in-cristo","tag-pace-in-tempo-di-guerra","tag-papa-leone-xiv","tag-pasqua","tag-predicatore-della-casa-pontificia","tag-quaresima-2026","tag-relazioni-fraterne","tag-responsabilita-fraterna","tag-risentimento","tag-roberto-pasolini-2","tag-sala-paolo-vi","tag-san-francesco-dassisi","tag-trending-it-236","tag-umanita-rinnovata","tag-umile-discepolato","tag-vangelo-secondo-francesco","tag-vatican-news-3"],"acf":[],"yoast_head":"<!-- This site is optimized with the Yoast SEO plugin v27.4 - https:\/\/yoast.com\/product\/yoast-seo-wordpress\/ -->\n<title>Papa Leone XIV ascolta: in un mondo di guerre, la fraternit\u00e0 \u00e8 una responsabilit\u00e0 urgente, non un mero ideale &#8211; Exaudi<\/title>\n<meta name=\"robots\" content=\"index, follow, max-snippet:-1, max-image-preview:large, max-video-preview:-1\" \/>\n<link rel=\"canonical\" href=\"https:\/\/exaudi.org\/it\/papa-leone-xiv-ascolta-in-un-mondo-di-guerre-la-fraternita-e-una-responsabilita-urgente-non-un-mero-ideale\/\" \/>\n<meta property=\"og:locale\" content=\"it_IT\" \/>\n<meta property=\"og:type\" content=\"article\" \/>\n<meta property=\"og:title\" content=\"Papa Leone XIV ascolta: in un mondo di guerre, la fraternit\u00e0 \u00e8 una responsabilit\u00e0 urgente, non un mero ideale &#8211; Exaudi\" \/>\n<meta property=\"og:description\" content=\"La seconda meditazione quaresimale del predicatore Roberto Pasolini per il Papa mette in luce la conversione attraverso le relazioni umane, ispirandosi a San Francesco, e mette in guardia contro il risentimento che divide\" \/>\n<meta property=\"og:url\" content=\"https:\/\/exaudi.org\/it\/papa-leone-xiv-ascolta-in-un-mondo-di-guerre-la-fraternita-e-una-responsabilita-urgente-non-un-mero-ideale\/\" \/>\n<meta property=\"og:site_name\" content=\"Exaudi\" \/>\n<meta property=\"article:publisher\" content=\"https:\/\/www.facebook.com\/ExaudiNews\" \/>\n<meta property=\"article:author\" content=\"https:\/\/www.facebook.com\/ExaudiNotizie\/\" \/>\n<meta property=\"article:published_time\" content=\"2026-03-13T15:32:13+00:00\" \/>\n<meta property=\"og:image\" content=\"https:\/\/exaudi.org\/wp-content\/uploads\/2026\/03\/cq5dam.thumbnail.cropped.1000.563-1.jpeg\" \/>\n\t<meta property=\"og:image:width\" content=\"1000\" \/>\n\t<meta property=\"og:image:height\" content=\"563\" \/>\n\t<meta property=\"og:image:type\" content=\"image\/jpeg\" \/>\n<meta name=\"author\" content=\"Exaudi Redazione\" \/>\n<meta name=\"twitter:card\" content=\"summary_large_image\" \/>\n<meta name=\"twitter:creator\" content=\"@Exaudi_Notizie\" \/>\n<meta name=\"twitter:site\" content=\"@Exaudi_News\" \/>\n<meta name=\"twitter:label1\" content=\"Scritto da\" \/>\n\t<meta name=\"twitter:data1\" content=\"Exaudi Redazione\" \/>\n\t<meta name=\"twitter:label2\" content=\"Tempo di lettura stimato\" \/>\n\t<meta name=\"twitter:data2\" content=\"2 minuti\" \/>\n<script type=\"application\/ld+json\" class=\"yoast-schema-graph\">{\"@context\":\"https:\\\/\\\/schema.org\",\"@graph\":[{\"@type\":\"Article\",\"@id\":\"https:\\\/\\\/exaudi.org\\\/it\\\/papa-leone-xiv-ascolta-in-un-mondo-di-guerre-la-fraternita-e-una-responsabilita-urgente-non-un-mero-ideale\\\/#article\",\"isPartOf\":{\"@id\":\"https:\\\/\\\/exaudi.org\\\/it\\\/papa-leone-xiv-ascolta-in-un-mondo-di-guerre-la-fraternita-e-una-responsabilita-urgente-non-un-mero-ideale\\\/\"},\"author\":{\"name\":\"Exaudi Redazione\",\"@id\":\"https:\\\/\\\/exaudi.org\\\/#\\\/schema\\\/person\\\/e1ab6ed07c01774724dd96f925f3a5f0\"},\"headline\":\"Papa Leone XIV ascolta: in un mondo di guerre, la fraternit\u00e0 \u00e8 una responsabilit\u00e0 urgente, non un mero ideale\",\"datePublished\":\"2026-03-13T15:32:13+00:00\",\"mainEntityOfPage\":{\"@id\":\"https:\\\/\\\/exaudi.org\\\/it\\\/papa-leone-xiv-ascolta-in-un-mondo-di-guerre-la-fraternita-e-una-responsabilita-urgente-non-un-mero-ideale\\\/\"},\"wordCount\":441,\"image\":{\"@id\":\"https:\\\/\\\/exaudi.org\\\/it\\\/papa-leone-xiv-ascolta-in-un-mondo-di-guerre-la-fraternita-e-una-responsabilita-urgente-non-un-mero-ideale\\\/#primaryimage\"},\"thumbnailUrl\":\"https:\\\/\\\/exaudi.org\\\/wp-content\\\/uploads\\\/2026\\\/03\\\/cq5dam.thumbnail.cropped.1000.563-1.jpeg\",\"keywords\":[\"Caino e Abele\",\"comunione fraterna\",\"Conflitti globali\",\"conversione ai nostri fratelli e sorelle\",\"conversione evangelica\",\"dono della fraternit\u00e0\",\"frate cappuccino\",\"Fraternit\u00e0 cristiana\",\"fraternit\u00e0 urgente\",\"Leone XIV\",\"meditazione quaresimale\",\"Meditazioni quaresimali\",\"misericordia relazionale\",\"nuova creatura in Cristo\",\"pace in tempo di guerra\",\"Papa Leone XIV\",\"Pasqua\",\"Predicatore della Casa Pontificia\",\"Quaresima 2026\",\"relazioni fraterne\",\"responsabilit\u00e0 fraterna\",\"risentimento\",\"Roberto Pasolini\",\"Sala Paolo VI\",\"San Francesco d'Assisi\",\"Trending\",\"umanit\u00e0 rinnovata\",\"umile discepolato\",\"Vangelo secondo Francesco\",\"Vatican News\"],\"articleSection\":[\"Vaticano\"],\"inLanguage\":\"it-IT\"},{\"@type\":\"WebPage\",\"@id\":\"https:\\\/\\\/exaudi.org\\\/it\\\/papa-leone-xiv-ascolta-in-un-mondo-di-guerre-la-fraternita-e-una-responsabilita-urgente-non-un-mero-ideale\\\/\",\"url\":\"https:\\\/\\\/exaudi.org\\\/it\\\/papa-leone-xiv-ascolta-in-un-mondo-di-guerre-la-fraternita-e-una-responsabilita-urgente-non-un-mero-ideale\\\/\",\"name\":\"Papa Leone XIV ascolta: in un mondo di guerre, la fraternit\u00e0 \u00e8 una responsabilit\u00e0 urgente, non un mero ideale &#8211; Exaudi\",\"isPartOf\":{\"@id\":\"https:\\\/\\\/exaudi.org\\\/#website\"},\"primaryImageOfPage\":{\"@id\":\"https:\\\/\\\/exaudi.org\\\/it\\\/papa-leone-xiv-ascolta-in-un-mondo-di-guerre-la-fraternita-e-una-responsabilita-urgente-non-un-mero-ideale\\\/#primaryimage\"},\"image\":{\"@id\":\"https:\\\/\\\/exaudi.org\\\/it\\\/papa-leone-xiv-ascolta-in-un-mondo-di-guerre-la-fraternita-e-una-responsabilita-urgente-non-un-mero-ideale\\\/#primaryimage\"},\"thumbnailUrl\":\"https:\\\/\\\/exaudi.org\\\/wp-content\\\/uploads\\\/2026\\\/03\\\/cq5dam.thumbnail.cropped.1000.563-1.jpeg\",\"datePublished\":\"2026-03-13T15:32:13+00:00\",\"author\":{\"@id\":\"https:\\\/\\\/exaudi.org\\\/#\\\/schema\\\/person\\\/e1ab6ed07c01774724dd96f925f3a5f0\"},\"breadcrumb\":{\"@id\":\"https:\\\/\\\/exaudi.org\\\/it\\\/papa-leone-xiv-ascolta-in-un-mondo-di-guerre-la-fraternita-e-una-responsabilita-urgente-non-un-mero-ideale\\\/#breadcrumb\"},\"inLanguage\":\"it-IT\",\"potentialAction\":[{\"@type\":\"ReadAction\",\"target\":[\"https:\\\/\\\/exaudi.org\\\/it\\\/papa-leone-xiv-ascolta-in-un-mondo-di-guerre-la-fraternita-e-una-responsabilita-urgente-non-un-mero-ideale\\\/\"]}]},{\"@type\":\"ImageObject\",\"inLanguage\":\"it-IT\",\"@id\":\"https:\\\/\\\/exaudi.org\\\/it\\\/papa-leone-xiv-ascolta-in-un-mondo-di-guerre-la-fraternita-e-una-responsabilita-urgente-non-un-mero-ideale\\\/#primaryimage\",\"url\":\"https:\\\/\\\/exaudi.org\\\/wp-content\\\/uploads\\\/2026\\\/03\\\/cq5dam.thumbnail.cropped.1000.563-1.jpeg\",\"contentUrl\":\"https:\\\/\\\/exaudi.org\\\/wp-content\\\/uploads\\\/2026\\\/03\\\/cq5dam.thumbnail.cropped.1000.563-1.jpeg\",\"width\":1000,\"height\":563},{\"@type\":\"BreadcrumbList\",\"@id\":\"https:\\\/\\\/exaudi.org\\\/it\\\/papa-leone-xiv-ascolta-in-un-mondo-di-guerre-la-fraternita-e-una-responsabilita-urgente-non-un-mero-ideale\\\/#breadcrumb\",\"itemListElement\":[{\"@type\":\"ListItem\",\"position\":1,\"name\":\"Portada\",\"item\":\"https:\\\/\\\/exaudi.org\\\/it\\\/\"},{\"@type\":\"ListItem\",\"position\":2,\"name\":\"Papa Leone XIV ascolta: in un mondo di guerre, la fraternit\u00e0 \u00e8 una responsabilit\u00e0 urgente, non un mero ideale\"}]},{\"@type\":\"WebSite\",\"@id\":\"https:\\\/\\\/exaudi.org\\\/#website\",\"url\":\"https:\\\/\\\/exaudi.org\\\/\",\"name\":\"Exaudi\",\"description\":\"News\",\"potentialAction\":[{\"@type\":\"SearchAction\",\"target\":{\"@type\":\"EntryPoint\",\"urlTemplate\":\"https:\\\/\\\/exaudi.org\\\/?s={search_term_string}\"},\"query-input\":{\"@type\":\"PropertyValueSpecification\",\"valueRequired\":true,\"valueName\":\"search_term_string\"}}],\"inLanguage\":\"it-IT\"},{\"@type\":\"Person\",\"@id\":\"https:\\\/\\\/exaudi.org\\\/#\\\/schema\\\/person\\\/e1ab6ed07c01774724dd96f925f3a5f0\",\"name\":\"Exaudi Redazione\",\"image\":{\"@type\":\"ImageObject\",\"inLanguage\":\"it-IT\",\"@id\":\"https:\\\/\\\/secure.gravatar.com\\\/avatar\\\/ad6774b3ada023bf5b939d64f45c94b3adf91502dd883507d469b4308a943bb3?s=96&d=mm&r=g\",\"url\":\"https:\\\/\\\/secure.gravatar.com\\\/avatar\\\/ad6774b3ada023bf5b939d64f45c94b3adf91502dd883507d469b4308a943bb3?s=96&d=mm&r=g\",\"contentUrl\":\"https:\\\/\\\/secure.gravatar.com\\\/avatar\\\/ad6774b3ada023bf5b939d64f45c94b3adf91502dd883507d469b4308a943bb3?s=96&d=mm&r=g\",\"caption\":\"Exaudi Redazione\"},\"description\":\"Che cosa \u00e8 Exaudi News? Exaudi News \u00e8 un agenzia cattolica internazionale che informa, istruisce e trasforma quotidianamente in spagnolo, inglese e italiano. Attraverso notizie, articoli di analisi e trasmissioni in diretta degli eventi del Papa, Exaudi cerca di rafforzare l'unit\u00e0 dei cristiani e di contribuire all'evangelizzazione del mondo, sempre guidato dalla dottrina sociale della Chiesa. Lavoriamo per portare la verit\u00e0 e i valori cristiani in ogni angolo del pianeta. Aiutaci a trasformare il mondo con Exaudi! Noi di Exaudi crediamo che l'evangelizzazione e l'informazione di qualit\u00e0 possano cambiare la vita. Per continuare la nostra missione ed espandere la nostra portata, abbiamo bisogno del tuo aiuto. Stiamo anche cercando persone motivate che vogliano unirsi al nostro team. Grazie al vostro sostegno raggiungeremo pi\u00f9 persone, diffonderemo il messaggio di Cristo e rafforzeremo l'unit\u00e0 dei cristiani. Vuoi unirti alla nostra missione? Per maggiori informazioni su come contribuire, visita Exaudi.org\\\/it o contattaci direttamente: info@exaudi.org Exaudi: informa, forma e trasforma.\",\"sameAs\":[\"https:\\\/\\\/www.facebook.com\\\/ExaudiNotizie\\\/\",\"https:\\\/\\\/www.instagram.com\\\/Exaudi_notizie\\\/\",\"https:\\\/\\\/x.com\\\/Exaudi_Notizie\",\"https:\\\/\\\/www.youtube.com\\\/@exaudicatholicnews\"],\"url\":\"https:\\\/\\\/exaudi.org\\\/it\\\/author\\\/dlvedi-org\\\/\"}]}<\/script>\n<!-- \/ Yoast SEO plugin. -->","yoast_head_json":{"title":"Papa Leone XIV ascolta: in un mondo di guerre, la fraternit\u00e0 \u00e8 una responsabilit\u00e0 urgente, non un mero ideale &#8211; Exaudi","robots":{"index":"index","follow":"follow","max-snippet":"max-snippet:-1","max-image-preview":"max-image-preview:large","max-video-preview":"max-video-preview:-1"},"canonical":"https:\/\/exaudi.org\/it\/papa-leone-xiv-ascolta-in-un-mondo-di-guerre-la-fraternita-e-una-responsabilita-urgente-non-un-mero-ideale\/","og_locale":"it_IT","og_type":"article","og_title":"Papa Leone XIV ascolta: in un mondo di guerre, la fraternit\u00e0 \u00e8 una responsabilit\u00e0 urgente, non un mero ideale &#8211; Exaudi","og_description":"La seconda meditazione quaresimale del predicatore Roberto Pasolini per il Papa mette in luce la conversione attraverso le relazioni umane, ispirandosi a San Francesco, e mette in guardia contro il risentimento che divide","og_url":"https:\/\/exaudi.org\/it\/papa-leone-xiv-ascolta-in-un-mondo-di-guerre-la-fraternita-e-una-responsabilita-urgente-non-un-mero-ideale\/","og_site_name":"Exaudi","article_publisher":"https:\/\/www.facebook.com\/ExaudiNews","article_author":"https:\/\/www.facebook.com\/ExaudiNotizie\/","article_published_time":"2026-03-13T15:32:13+00:00","og_image":[{"width":1000,"height":563,"url":"https:\/\/exaudi.org\/wp-content\/uploads\/2026\/03\/cq5dam.thumbnail.cropped.1000.563-1.jpeg","type":"image\/jpeg"}],"author":"Exaudi Redazione","twitter_card":"summary_large_image","twitter_creator":"@Exaudi_Notizie","twitter_site":"@Exaudi_News","twitter_misc":{"Scritto da":"Exaudi Redazione","Tempo di lettura stimato":"2 minuti"},"schema":{"@context":"https:\/\/schema.org","@graph":[{"@type":"Article","@id":"https:\/\/exaudi.org\/it\/papa-leone-xiv-ascolta-in-un-mondo-di-guerre-la-fraternita-e-una-responsabilita-urgente-non-un-mero-ideale\/#article","isPartOf":{"@id":"https:\/\/exaudi.org\/it\/papa-leone-xiv-ascolta-in-un-mondo-di-guerre-la-fraternita-e-una-responsabilita-urgente-non-un-mero-ideale\/"},"author":{"name":"Exaudi Redazione","@id":"https:\/\/exaudi.org\/#\/schema\/person\/e1ab6ed07c01774724dd96f925f3a5f0"},"headline":"Papa Leone XIV ascolta: in un mondo di guerre, la fraternit\u00e0 \u00e8 una responsabilit\u00e0 urgente, non un mero ideale","datePublished":"2026-03-13T15:32:13+00:00","mainEntityOfPage":{"@id":"https:\/\/exaudi.org\/it\/papa-leone-xiv-ascolta-in-un-mondo-di-guerre-la-fraternita-e-una-responsabilita-urgente-non-un-mero-ideale\/"},"wordCount":441,"image":{"@id":"https:\/\/exaudi.org\/it\/papa-leone-xiv-ascolta-in-un-mondo-di-guerre-la-fraternita-e-una-responsabilita-urgente-non-un-mero-ideale\/#primaryimage"},"thumbnailUrl":"https:\/\/exaudi.org\/wp-content\/uploads\/2026\/03\/cq5dam.thumbnail.cropped.1000.563-1.jpeg","keywords":["Caino e Abele","comunione fraterna","Conflitti globali","conversione ai nostri fratelli e sorelle","conversione evangelica","dono della fraternit\u00e0","frate cappuccino","Fraternit\u00e0 cristiana","fraternit\u00e0 urgente","Leone XIV","meditazione quaresimale","Meditazioni quaresimali","misericordia relazionale","nuova creatura in Cristo","pace in tempo di guerra","Papa Leone XIV","Pasqua","Predicatore della Casa Pontificia","Quaresima 2026","relazioni fraterne","responsabilit\u00e0 fraterna","risentimento","Roberto Pasolini","Sala Paolo VI","San Francesco d'Assisi","Trending","umanit\u00e0 rinnovata","umile discepolato","Vangelo secondo Francesco","Vatican News"],"articleSection":["Vaticano"],"inLanguage":"it-IT"},{"@type":"WebPage","@id":"https:\/\/exaudi.org\/it\/papa-leone-xiv-ascolta-in-un-mondo-di-guerre-la-fraternita-e-una-responsabilita-urgente-non-un-mero-ideale\/","url":"https:\/\/exaudi.org\/it\/papa-leone-xiv-ascolta-in-un-mondo-di-guerre-la-fraternita-e-una-responsabilita-urgente-non-un-mero-ideale\/","name":"Papa Leone XIV ascolta: in un mondo di guerre, la fraternit\u00e0 \u00e8 una responsabilit\u00e0 urgente, non un mero ideale &#8211; Exaudi","isPartOf":{"@id":"https:\/\/exaudi.org\/#website"},"primaryImageOfPage":{"@id":"https:\/\/exaudi.org\/it\/papa-leone-xiv-ascolta-in-un-mondo-di-guerre-la-fraternita-e-una-responsabilita-urgente-non-un-mero-ideale\/#primaryimage"},"image":{"@id":"https:\/\/exaudi.org\/it\/papa-leone-xiv-ascolta-in-un-mondo-di-guerre-la-fraternita-e-una-responsabilita-urgente-non-un-mero-ideale\/#primaryimage"},"thumbnailUrl":"https:\/\/exaudi.org\/wp-content\/uploads\/2026\/03\/cq5dam.thumbnail.cropped.1000.563-1.jpeg","datePublished":"2026-03-13T15:32:13+00:00","author":{"@id":"https:\/\/exaudi.org\/#\/schema\/person\/e1ab6ed07c01774724dd96f925f3a5f0"},"breadcrumb":{"@id":"https:\/\/exaudi.org\/it\/papa-leone-xiv-ascolta-in-un-mondo-di-guerre-la-fraternita-e-una-responsabilita-urgente-non-un-mero-ideale\/#breadcrumb"},"inLanguage":"it-IT","potentialAction":[{"@type":"ReadAction","target":["https:\/\/exaudi.org\/it\/papa-leone-xiv-ascolta-in-un-mondo-di-guerre-la-fraternita-e-una-responsabilita-urgente-non-un-mero-ideale\/"]}]},{"@type":"ImageObject","inLanguage":"it-IT","@id":"https:\/\/exaudi.org\/it\/papa-leone-xiv-ascolta-in-un-mondo-di-guerre-la-fraternita-e-una-responsabilita-urgente-non-un-mero-ideale\/#primaryimage","url":"https:\/\/exaudi.org\/wp-content\/uploads\/2026\/03\/cq5dam.thumbnail.cropped.1000.563-1.jpeg","contentUrl":"https:\/\/exaudi.org\/wp-content\/uploads\/2026\/03\/cq5dam.thumbnail.cropped.1000.563-1.jpeg","width":1000,"height":563},{"@type":"BreadcrumbList","@id":"https:\/\/exaudi.org\/it\/papa-leone-xiv-ascolta-in-un-mondo-di-guerre-la-fraternita-e-una-responsabilita-urgente-non-un-mero-ideale\/#breadcrumb","itemListElement":[{"@type":"ListItem","position":1,"name":"Portada","item":"https:\/\/exaudi.org\/it\/"},{"@type":"ListItem","position":2,"name":"Papa Leone XIV ascolta: in un mondo di guerre, la fraternit\u00e0 \u00e8 una responsabilit\u00e0 urgente, non un mero ideale"}]},{"@type":"WebSite","@id":"https:\/\/exaudi.org\/#website","url":"https:\/\/exaudi.org\/","name":"Exaudi","description":"News","potentialAction":[{"@type":"SearchAction","target":{"@type":"EntryPoint","urlTemplate":"https:\/\/exaudi.org\/?s={search_term_string}"},"query-input":{"@type":"PropertyValueSpecification","valueRequired":true,"valueName":"search_term_string"}}],"inLanguage":"it-IT"},{"@type":"Person","@id":"https:\/\/exaudi.org\/#\/schema\/person\/e1ab6ed07c01774724dd96f925f3a5f0","name":"Exaudi Redazione","image":{"@type":"ImageObject","inLanguage":"it-IT","@id":"https:\/\/secure.gravatar.com\/avatar\/ad6774b3ada023bf5b939d64f45c94b3adf91502dd883507d469b4308a943bb3?s=96&d=mm&r=g","url":"https:\/\/secure.gravatar.com\/avatar\/ad6774b3ada023bf5b939d64f45c94b3adf91502dd883507d469b4308a943bb3?s=96&d=mm&r=g","contentUrl":"https:\/\/secure.gravatar.com\/avatar\/ad6774b3ada023bf5b939d64f45c94b3adf91502dd883507d469b4308a943bb3?s=96&d=mm&r=g","caption":"Exaudi Redazione"},"description":"Che cosa \u00e8 Exaudi News? Exaudi News \u00e8 un agenzia cattolica internazionale che informa, istruisce e trasforma quotidianamente in spagnolo, inglese e italiano. Attraverso notizie, articoli di analisi e trasmissioni in diretta degli eventi del Papa, Exaudi cerca di rafforzare l'unit\u00e0 dei cristiani e di contribuire all'evangelizzazione del mondo, sempre guidato dalla dottrina sociale della Chiesa. Lavoriamo per portare la verit\u00e0 e i valori cristiani in ogni angolo del pianeta. Aiutaci a trasformare il mondo con Exaudi! Noi di Exaudi crediamo che l'evangelizzazione e l'informazione di qualit\u00e0 possano cambiare la vita. Per continuare la nostra missione ed espandere la nostra portata, abbiamo bisogno del tuo aiuto. Stiamo anche cercando persone motivate che vogliano unirsi al nostro team. Grazie al vostro sostegno raggiungeremo pi\u00f9 persone, diffonderemo il messaggio di Cristo e rafforzeremo l'unit\u00e0 dei cristiani. Vuoi unirti alla nostra missione? Per maggiori informazioni su come contribuire, visita Exaudi.org\/it o contattaci direttamente: info@exaudi.org Exaudi: informa, forma e trasforma.","sameAs":["https:\/\/www.facebook.com\/ExaudiNotizie\/","https:\/\/www.instagram.com\/Exaudi_notizie\/","https:\/\/x.com\/Exaudi_Notizie","https:\/\/www.youtube.com\/@exaudicatholicnews"],"url":"https:\/\/exaudi.org\/it\/author\/dlvedi-org\/"}]}},"jetpack_featured_media_url":"https:\/\/exaudi.org\/wp-content\/uploads\/2026\/03\/cq5dam.thumbnail.cropped.1000.563-1.jpeg","jetpack_shortlink":"https:\/\/wp.me\/pgKjF2-G5O","_links":{"self":[{"href":"https:\/\/exaudi.org\/it\/wp-json\/wp\/v2\/posts\/161808","targetHints":{"allow":["GET"]}}],"collection":[{"href":"https:\/\/exaudi.org\/it\/wp-json\/wp\/v2\/posts"}],"about":[{"href":"https:\/\/exaudi.org\/it\/wp-json\/wp\/v2\/types\/post"}],"author":[{"embeddable":true,"href":"https:\/\/exaudi.org\/it\/wp-json\/wp\/v2\/users\/17"}],"replies":[{"embeddable":true,"href":"https:\/\/exaudi.org\/it\/wp-json\/wp\/v2\/comments?post=161808"}],"version-history":[{"count":3,"href":"https:\/\/exaudi.org\/it\/wp-json\/wp\/v2\/posts\/161808\/revisions"}],"predecessor-version":[{"id":161811,"href":"https:\/\/exaudi.org\/it\/wp-json\/wp\/v2\/posts\/161808\/revisions\/161811"}],"wp:featuredmedia":[{"embeddable":true,"href":"https:\/\/exaudi.org\/it\/wp-json\/wp\/v2\/media\/161777"}],"wp:attachment":[{"href":"https:\/\/exaudi.org\/it\/wp-json\/wp\/v2\/media?parent=161808"}],"wp:term":[{"taxonomy":"category","embeddable":true,"href":"https:\/\/exaudi.org\/it\/wp-json\/wp\/v2\/categories?post=161808"},{"taxonomy":"post_tag","embeddable":true,"href":"https:\/\/exaudi.org\/it\/wp-json\/wp\/v2\/tags?post=161808"}],"curies":[{"name":"wp","href":"https:\/\/api.w.org\/{rel}","templated":true}]}}