{"id":160283,"date":"2026-03-02T17:14:21","date_gmt":"2026-03-02T16:14:21","guid":{"rendered":"https:\/\/exaudi.org\/?p=160283"},"modified":"2026-03-02T17:14:21","modified_gmt":"2026-03-02T16:14:21","slug":"pensare-con-la-propria-testa-quando-non-ci-si-sente-a-proprio-agio","status":"publish","type":"post","link":"https:\/\/exaudi.org\/it\/pensare-con-la-propria-testa-quando-non-ci-si-sente-a-proprio-agio\/","title":{"rendered":"Pensare con la propria testa quando non ci si sente a proprio agio"},"content":{"rendered":"<p data-start=\"408\" data-end=\"510\"><span dir=\"auto\" style=\"vertical-align: inherit\"><span dir=\"auto\" style=\"vertical-align: inherit\">Ci sono momenti in cui pensare diversamente non \u00e8 solo un&#8217;opinione. <\/span><\/span><br data-start=\"473\" data-end=\"476\" \/><span dir=\"auto\" style=\"vertical-align: inherit\"><span dir=\"auto\" style=\"vertical-align: inherit\">\u00c8 una decisione che ha delle conseguenze.<\/span><\/span><\/p>\n<p data-start=\"512\" data-end=\"704\"><span dir=\"auto\" style=\"vertical-align: inherit\"><span dir=\"auto\" style=\"vertical-align: inherit\">A\u00a0 <\/span><\/span><em data-start=\"515\" data-end=\"554\"><span class=\"hover:entity-accent entity-underline inline cursor-pointer align-baseline\"><span class=\"whitespace-normal\"><span dir=\"auto\" style=\"vertical-align: inherit\"><span dir=\"auto\" style=\"vertical-align: inherit\">Persepoli,<\/span><\/span><\/span><\/span><\/em><span dir=\"auto\" style=\"vertical-align: inherit\"><span dir=\"auto\" style=\"vertical-align: inherit\"> \u00a0non assistiamo solo alla crescita di una ragazza. Assistiamo alla formazione di una coscienza in un ambiente in cui la libert\u00e0 non \u00e8 sempre garantita.<\/span><\/span><\/p>\n<p data-start=\"706\" data-end=\"762\"><span dir=\"auto\" style=\"vertical-align: inherit\"><span dir=\"auto\" style=\"vertical-align: inherit\">E questo lo rende un film profondamente attuale.<\/span><\/span><\/p>\n<h3 data-start=\"769\" data-end=\"838\"><span dir=\"auto\" style=\"vertical-align: inherit\"><span dir=\"auto\" style=\"vertical-align: inherit\">Non \u00e8 una storia di politica. \u00c8 una storia di giudizio.<\/span><\/span><\/h3>\n<p data-start=\"840\" data-end=\"1038\"><span dir=\"auto\" style=\"vertical-align: inherit\"><span dir=\"auto\" style=\"vertical-align: inherit\">Marjane cresce in un paese in piena rivoluzione. Quello che inizia come un sogno collettivo si trasforma gradualmente in un sistema che detta cosa si pu\u00f2 dire, indossare, ascoltare o pensare.<\/span><\/span><\/p>\n<p data-start=\"1040\" data-end=\"1122\"><span dir=\"auto\" style=\"vertical-align: inherit\"><span dir=\"auto\" style=\"vertical-align: inherit\">Ma il film non si sofferma sulla geopolitica. Si concentra su qualcosa di pi\u00f9 delicato:<\/span><\/span><\/p>\n<p data-start=\"1124\" data-end=\"1218\"><img decoding=\"async\" class=\"emoji\" role=\"img\" src=\"https:\/\/s.w.org\/images\/core\/emoji\/17.0.2\/svg\/1f449.svg\" alt=\"\ud83d\udc49\" \/><span dir=\"auto\" style=\"vertical-align: inherit\"><span dir=\"auto\" style=\"vertical-align: inherit\">\u00a0Come sviluppi il tuo modo di pensare quando l&#8217;ambiente cerca di definire chi dovresti essere?<\/span><\/span><\/p>\n<p data-start=\"1220\" data-end=\"1287\"><span dir=\"auto\" style=\"vertical-align: inherit\"><span dir=\"auto\" style=\"vertical-align: inherit\">Non si tratta solo di obbedire o disobbedire. <\/span><\/span><br data-start=\"1263\" data-end=\"1266\" \/><span dir=\"auto\" style=\"vertical-align: inherit\"><span dir=\"auto\" style=\"vertical-align: inherit\">Si tratta di capire.<\/span><\/span><\/p>\n<h3 data-start=\"1294\" data-end=\"1330\"><strong><span dir=\"auto\" style=\"vertical-align: inherit\"><span dir=\"auto\" style=\"vertical-align: inherit\">Tradizione, autorit\u00e0 e coscienza<\/span><\/span><\/strong><\/h3>\n<p data-start=\"1332\" data-end=\"1510\"><span dir=\"auto\" style=\"vertical-align: inherit\"><span dir=\"auto\" style=\"vertical-align: inherit\">Dopo\u00a0 <\/span><\/span><a href=\"https:\/\/exaudi.org\/es\/la-vida-tambien-se-escribe-a-mano\/\" target=\"_blank\" rel=\"noopener\"><em data-start=\"1343\" data-end=\"1374\"><span dir=\"auto\" style=\"vertical-align: inherit\"><span dir=\"auto\" style=\"vertical-align: inherit\">The Secret of Kells<\/span><\/span><\/em><\/a><span dir=\"auto\" style=\"vertical-align: inherit\"><span dir=\"auto\" style=\"vertical-align: inherit\"> , in cui la tradizione era un&#8217;eredit\u00e0 vivente, e\u00a0 <\/span><\/span><a href=\"https:\/\/exaudi.org\/es\/cuando-lo-salvaje-no-es-el-problema-sino-el-miedo\/\" target=\"_blank\" rel=\"noopener\"><em data-start=\"1416\" data-end=\"1429\"><span dir=\"auto\" style=\"vertical-align: inherit\"><span dir=\"auto\" style=\"vertical-align: inherit\">Wolfwalkers<\/span><\/span><\/em><\/a><span dir=\"auto\" style=\"vertical-align: inherit\"><span dir=\"auto\" style=\"vertical-align: inherit\"> , in cui l&#8217;obbedienza si scontrava con la coscienza,\u00a0 <\/span><\/span><em data-start=\"1482\" data-end=\"1494\"><span dir=\"auto\" style=\"vertical-align: inherit\"><span dir=\"auto\" style=\"vertical-align: inherit\">Persepolis<\/span><\/span><\/em><span dir=\"auto\" style=\"vertical-align: inherit\"><span dir=\"auto\" style=\"vertical-align: inherit\"> \u00a0fa un ulteriore passo avanti:<\/span><\/span><\/p>\n<p data-start=\"1512\" data-end=\"1571\"><span dir=\"auto\" style=\"vertical-align: inherit\"><span dir=\"auto\" style=\"vertical-align: inherit\">Cosa succede quando la tradizione diventa imposizione?<\/span><\/span><\/p>\n<p data-start=\"1573\" data-end=\"1743\"><span dir=\"auto\" style=\"vertical-align: inherit\"><span dir=\"auto\" style=\"vertical-align: inherit\">Il film non \u00e8 una caricatura. Non semplifica. Mostra una tensione reale: tra famiglia e sistema, tra appartenenza e libert\u00e0, tra identit\u00e0 culturale e giudizio personale.<\/span><\/span><\/p>\n<p data-start=\"1745\" data-end=\"1773\"><span dir=\"auto\" style=\"vertical-align: inherit\"><span dir=\"auto\" style=\"vertical-align: inherit\">E pone domande scomode:<\/span><\/span><\/p>\n<ul data-start=\"1775\" data-end=\"1981\">\n<li data-start=\"1775\" data-end=\"1851\">\n<p data-start=\"1777\" data-end=\"1851\"><span dir=\"auto\" style=\"vertical-align: inherit\"><span dir=\"auto\" style=\"vertical-align: inherit\">Pensiamo quello che pensiamo perch\u00e9 ci crediamo&#8230; o perch\u00e9 lo abbiamo ereditato?<\/span><\/span><\/p>\n<\/li>\n<li data-start=\"1852\" data-end=\"1907\">\n<p data-start=\"1854\" data-end=\"1907\"><span dir=\"auto\" style=\"vertical-align: inherit\"><span dir=\"auto\" style=\"vertical-align: inherit\">Siamo cittadini attivi o spettatori passivi?<\/span><\/span><\/p>\n<\/li>\n<li data-start=\"1908\" data-end=\"1981\">\n<p data-start=\"1910\" data-end=\"1981\"><span dir=\"auto\" style=\"vertical-align: inherit\"><span dir=\"auto\" style=\"vertical-align: inherit\">Cosa facciamo quando la norma entra in conflitto con la nostra coscienza?<\/span><\/span><\/p>\n<\/li>\n<\/ul>\n<h3 data-start=\"1988\" data-end=\"2042\"><strong><span dir=\"auto\" style=\"vertical-align: inherit\"><span dir=\"auto\" style=\"vertical-align: inherit\">Per i giovani: la libert\u00e0 non \u00e8 solo scegliere, \u00e8 assumersi la responsabilit\u00e0<\/span><\/span><\/strong><\/h3>\n<p data-start=\"2044\" data-end=\"2175\"><span dir=\"auto\" style=\"vertical-align: inherit\"><span dir=\"auto\" style=\"vertical-align: inherit\">In una fase in cui molte decisioni sembrano di poco conto (come vestirsi, cosa ascoltare, cosa dire),\u00a0 <\/span><\/span><em data-start=\"2137\" data-end=\"2149\"><span dir=\"auto\" style=\"vertical-align: inherit\"><span dir=\"auto\" style=\"vertical-align: inherit\">Persepolis<\/span><\/span><\/em><span dir=\"auto\" style=\"vertical-align: inherit\"><span dir=\"auto\" style=\"vertical-align: inherit\"> \u00a0ci ricorda qualcosa di importante:<\/span><\/span><\/p>\n<p data-start=\"2177\" data-end=\"2243\"><span dir=\"auto\" style=\"vertical-align: inherit\"><span dir=\"auto\" style=\"vertical-align: inherit\">La libert\u00e0 non consiste solo nel poter scegliere. <\/span><\/span><br data-start=\"2213\" data-end=\"2216\" \/><span dir=\"auto\" style=\"vertical-align: inherit\"><span dir=\"auto\" style=\"vertical-align: inherit\">Si tratta di capire perch\u00e9 si sceglie.<\/span><\/span><\/p>\n<p data-start=\"2245\" data-end=\"2335\"><span dir=\"auto\" style=\"vertical-align: inherit\"><span dir=\"auto\" style=\"vertical-align: inherit\">Marjane commette errori, dubita, si ribella, scappa, torna. <\/span><\/span><br data-start=\"2296\" data-end=\"2299\" \/><span dir=\"auto\" style=\"vertical-align: inherit\"><span dir=\"auto\" style=\"vertical-align: inherit\">Non \u00e8 un modello perfetto. \u00c8 umana.<\/span><\/span><\/p>\n<p data-start=\"2337\" data-end=\"2422\"><span dir=\"auto\" style=\"vertical-align: inherit\"><span dir=\"auto\" style=\"vertical-align: inherit\">Ed \u00e8 questo il valore: pensare con la propria testa non \u00e8 comodo. <\/span><\/span><br data-start=\"2392\" data-end=\"2395\" \/><span dir=\"auto\" style=\"vertical-align: inherit\"><span dir=\"auto\" style=\"vertical-align: inherit\">Ma non \u00e8 nemmeno automatico.<\/span><\/span><\/p>\n<p data-start=\"2424\" data-end=\"2491\"><img decoding=\"async\" class=\"emoji\" role=\"img\" src=\"https:\/\/s.w.org\/images\/core\/emoji\/17.0.2\/svg\/1f449.svg\" alt=\"\ud83d\udc49\" \/><span dir=\"auto\" style=\"vertical-align: inherit\"><span dir=\"auto\" style=\"vertical-align: inherit\">\u00a0Ti sei mai chiesto da dove provengono le tue idee?<\/span><\/span><\/p>\n<h3 data-start=\"2498\" data-end=\"2546\"><strong><span dir=\"auto\" style=\"vertical-align: inherit\"><span dir=\"auto\" style=\"vertical-align: inherit\">Per le famiglie: educare non significa fare repliche<\/span><\/span><\/strong><\/h3>\n<p data-start=\"2548\" data-end=\"2633\"><span dir=\"auto\" style=\"vertical-align: inherit\"><span dir=\"auto\" style=\"vertical-align: inherit\">Il film mostra qualcosa di molto potente: la famiglia pu\u00f2 essere un rifugio dal sistema.<\/span><\/span><\/p>\n<p data-start=\"2635\" data-end=\"2739\"><span dir=\"auto\" style=\"vertical-align: inherit\"><span dir=\"auto\" style=\"vertical-align: inherit\">In mezzo alla pressione sociale, sono gli adulti a seminare pensiero critico, memoria e dignit\u00e0.<\/span><\/span><\/p>\n<p data-start=\"2741\" data-end=\"2790\"><span dir=\"auto\" style=\"vertical-align: inherit\"><span dir=\"auto\" style=\"vertical-align: inherit\">Ci\u00f2 solleva una domanda fondamentale per ogni famiglia:<\/span><\/span><\/p>\n<p data-start=\"2792\" data-end=\"2852\"><span dir=\"auto\" style=\"vertical-align: inherit\"><span dir=\"auto\" style=\"vertical-align: inherit\">Li stiamo educando a ripetere&#8230; <\/span><\/span><br data-start=\"2827\" data-end=\"2830\" \/><span dir=\"auto\" style=\"vertical-align: inherit\"><span dir=\"auto\" style=\"vertical-align: inherit\">o a capire?<\/span><\/span><\/p>\n<p data-start=\"2854\" data-end=\"2933\"><span dir=\"auto\" style=\"vertical-align: inherit\"><span dir=\"auto\" style=\"vertical-align: inherit\">Trasmettere valori non significa imporre risposte. <\/span><\/span><br data-start=\"2898\" data-end=\"2901\" \/><span dir=\"auto\" style=\"vertical-align: inherit\"><span dir=\"auto\" style=\"vertical-align: inherit\">Si tratta di insegnare alle persone a porre domande.<\/span><\/span><\/p>\n<h3 data-start=\"2940\" data-end=\"2981\"><strong><span dir=\"auto\" style=\"vertical-align: inherit\"><span dir=\"auto\" style=\"vertical-align: inherit\">Per gli educatori: la cittadinanza si impara<\/span><\/span><\/strong><\/h3>\n<p data-start=\"2983\" data-end=\"3044\"><em data-start=\"2983\" data-end=\"2995\"><span dir=\"auto\" style=\"vertical-align: inherit\"><span dir=\"auto\" style=\"vertical-align: inherit\">Persepolis<\/span><\/span><\/em><span dir=\"auto\" style=\"vertical-align: inherit\"><span dir=\"auto\" style=\"vertical-align: inherit\"> \u00a0\u00e8 uno strumento straordinario per lavorare:<\/span><\/span><\/p>\n<ul>\n<li data-start=\"3048\" data-end=\"3069\"><span dir=\"auto\" style=\"vertical-align: inherit\"><span dir=\"auto\" style=\"vertical-align: inherit\">pensiero critico<\/span><\/span><\/li>\n<li data-start=\"3072\" data-end=\"3095\"><span dir=\"auto\" style=\"vertical-align: inherit\"><span dir=\"auto\" style=\"vertical-align: inherit\">libert\u00e0 di espressione<\/span><\/span><\/li>\n<li data-start=\"3098\" data-end=\"3117\"><span dir=\"auto\" style=\"vertical-align: inherit\"><span dir=\"auto\" style=\"vertical-align: inherit\">memoria storica<\/span><\/span><\/li>\n<li data-start=\"3120\" data-end=\"3140\"><span dir=\"auto\" style=\"vertical-align: inherit\"><span dir=\"auto\" style=\"vertical-align: inherit\">identit\u00e0 culturale<\/span><\/span><\/li>\n<li data-start=\"3143\" data-end=\"3171\"><span dir=\"auto\" style=\"vertical-align: inherit\"><span dir=\"auto\" style=\"vertical-align: inherit\">responsabilit\u00e0 individuale<\/span><\/span><\/li>\n<\/ul>\n<p data-start=\"3173\" data-end=\"3306\"><span dir=\"auto\" style=\"vertical-align: inherit\"><span dir=\"auto\" style=\"vertical-align: inherit\">Ma soprattutto, ci permette di affrontare un aspetto essenziale: <\/span><\/span><br data-start=\"3220\" data-end=\"3223\" \/><span dir=\"auto\" style=\"vertical-align: inherit\"><span dir=\"auto\" style=\"vertical-align: inherit\">la cittadinanza non si limita a regole o diritti. <\/span><\/span><br data-start=\"3270\" data-end=\"3273\" \/><span dir=\"auto\" style=\"vertical-align: inherit\"><span dir=\"auto\" style=\"vertical-align: inherit\">Si costruisce a partire dalla consapevolezza.<\/span><\/span><\/p>\n<p data-start=\"3308\" data-end=\"3372\"><span dir=\"auto\" style=\"vertical-align: inherit\"><span dir=\"auto\" style=\"vertical-align: inherit\">Educare alla cittadinanza non significa politicizzare. <\/span><\/span><br data-start=\"3350\" data-end=\"3353\" \/><span dir=\"auto\" style=\"vertical-align: inherit\"><span dir=\"auto\" style=\"vertical-align: inherit\">Significa sviluppare capacit\u00e0 di pensiero critico.<\/span><\/span><\/p>\n<h3 data-start=\"3379\" data-end=\"3408\"><strong><span dir=\"auto\" style=\"vertical-align: inherit\"><span dir=\"auto\" style=\"vertical-align: inherit\">Libert\u00e0 con conseguenze<\/span><\/span><\/strong><\/h3>\n<p data-start=\"3410\" data-end=\"3488\"><span dir=\"auto\" style=\"vertical-align: inherit\"><span dir=\"auto\" style=\"vertical-align: inherit\">Il film non idealizza la ribellione. <\/span><\/span><br data-start=\"3446\" data-end=\"3449\" \/><span dir=\"auto\" style=\"vertical-align: inherit\"><span dir=\"auto\" style=\"vertical-align: inherit\">Non trasforma il dissenso in facili epiche.<\/span><\/span><\/p>\n<p data-start=\"3490\" data-end=\"3552\"><span dir=\"auto\" style=\"vertical-align: inherit\"><span dir=\"auto\" style=\"vertical-align: inherit\">Mostra qualcosa di pi\u00f9 onesto: <\/span><\/span><br data-start=\"3515\" data-end=\"3518\" \/><span dir=\"auto\" style=\"vertical-align: inherit\"><span dir=\"auto\" style=\"vertical-align: inherit\">pensare in modo diverso pu\u00f2 avere un costo.<\/span><\/span><\/p>\n<p data-start=\"3554\" data-end=\"3594\"><span dir=\"auto\" style=\"vertical-align: inherit\"><span dir=\"auto\" style=\"vertical-align: inherit\">Ed \u00e8 qui che risiede il vero fulcro del film.<\/span><\/span><\/p>\n<p data-start=\"3596\" data-end=\"3654\"><span dir=\"auto\" style=\"vertical-align: inherit\"><span dir=\"auto\" style=\"vertical-align: inherit\">Perch\u00e9 la libert\u00e0 senza rischi non \u00e8 libert\u00e0. <\/span><\/span><br data-start=\"3638\" data-end=\"3641\" \/><span dir=\"auto\" style=\"vertical-align: inherit\"><span dir=\"auto\" style=\"vertical-align: inherit\">\u00c8 comodit\u00e0.<\/span><\/span><\/p>\n<h3 data-start=\"3661\" data-end=\"3697\"><strong><span dir=\"auto\" style=\"vertical-align: inherit\"><span dir=\"auto\" style=\"vertical-align: inherit\">Una riflessione per il nostro tempo<\/span><\/span><\/strong><\/h3>\n<p data-start=\"3699\" data-end=\"3814\"><span dir=\"auto\" style=\"vertical-align: inherit\"><span dir=\"auto\" style=\"vertical-align: inherit\">Nelle societ\u00e0 in cui le informazioni sono costanti e le opinioni si moltiplicano,\u00a0 <\/span><\/span><em data-start=\"3779\" data-end=\"3791\"><span dir=\"auto\" style=\"vertical-align: inherit\"><span dir=\"auto\" style=\"vertical-align: inherit\">Persepolis<\/span><\/span><\/em><span dir=\"auto\" style=\"vertical-align: inherit\"><span dir=\"auto\" style=\"vertical-align: inherit\"> \u00a0solleva un problema essenziale:<\/span><\/span><\/p>\n<p data-start=\"3816\" data-end=\"3870\"><span dir=\"auto\" style=\"vertical-align: inherit\"><span dir=\"auto\" style=\"vertical-align: inherit\">Non basta avere un&#8217;opinione. <\/span><\/span><br data-start=\"3836\" data-end=\"3839\" \/><span dir=\"auto\" style=\"vertical-align: inherit\"><span dir=\"auto\" style=\"vertical-align: inherit\">Bisogna sapere perch\u00e9 la si ha.<\/span><\/span><\/p>\n<p data-start=\"3872\" data-end=\"3918\"><span dir=\"auto\" style=\"vertical-align: inherit\"><span dir=\"auto\" style=\"vertical-align: inherit\">Reagire non basta. <\/span><\/span><br data-start=\"3896\" data-end=\"3899\" \/><span dir=\"auto\" style=\"vertical-align: inherit\"><span dir=\"auto\" style=\"vertical-align: inherit\">Dobbiamo capire.<\/span><\/span><\/p>\n<p data-start=\"3920\" data-end=\"3981\"><span dir=\"auto\" style=\"vertical-align: inherit\"><span dir=\"auto\" style=\"vertical-align: inherit\">Non basta sentirsi parte di qualcosa. <\/span><\/span><br data-start=\"3944\" data-end=\"3947\" \/><span dir=\"auto\" style=\"vertical-align: inherit\"><span dir=\"auto\" style=\"vertical-align: inherit\">Bisogna decidere come sentirsi parte di qualcosa.<\/span><\/span><\/p>\n<h3 data-start=\"3988\" data-end=\"4015\"><strong><span dir=\"auto\" style=\"vertical-align: inherit\"><span dir=\"auto\" style=\"vertical-align: inherit\">La domanda che rimane<\/span><\/span><\/strong><\/h3>\n<p data-start=\"4017\" data-end=\"4119\"><strong data-start=\"4017\" data-end=\"4119\"><span dir=\"auto\" style=\"vertical-align: inherit\"><span dir=\"auto\" style=\"vertical-align: inherit\">Quando \u00e8 l&#8217;ambiente a definire cosa \u00e8 giusto, <\/span><\/span><br data-start=\"4063\" data-end=\"4066\" \/><span dir=\"auto\" style=\"vertical-align: inherit\"><span dir=\"auto\" style=\"vertical-align: inherit\">chi decide per cosa sei disposto a batterti?<\/span><\/span><\/strong><\/p>\n<p class=\"elementor-heading-title elementor-size-default\"><em><strong><a href=\"https:\/\/www.linkedin.com\/in\/jos%C3%A9mar%C3%ADas%C3%A1nchezvilla\/\" target=\"_blank\" rel=\"noopener\"><span dir=\"auto\" style=\"vertical-align: inherit\"><span dir=\"auto\" style=\"vertical-align: inherit\">Jos\u00e9 Mar\u00eda S\u00e1nchez Villa<\/span><\/span><\/a><\/strong><\/em><\/p>\n","protected":false},"excerpt":{"rendered":"<p>Persepolis<\/p>\n","protected":false},"author":157,"featured_media":159970,"comment_status":"closed","ping_status":"closed","sticky":false,"template":"","format":"standard","meta":{"_acf_changed":false,"_crdt_document":"","inline_featured_image":false,"footnotes":""},"categories":[71],"tags":[29202,99383,99384,21565,99386,37862,99385,53003,68752,20742,99387,17994,15074,99388,99389,99391,99390,99392,99393,64787],"class_list":["post-160283","post","type-post","status-publish","format-standard","has-post-thumbnail","hentry","category-analisi","tag-analisi","tag-cittadinanza-attiva","tag-consapevolezza-individuale","tag-educazione-ai-valori","tag-famiglia-come-rifugio","tag-film-per-famiglie","tag-giudizio-personale","tag-identita-culturale","tag-jose-maria-sanchez-villa-2","tag-liberta-di-espressione","tag-marjane-satrapi-2","tag-memoria-storica","tag-pensiero-critico","tag-pensiero-indipendente","tag-persepolis-film","tag-responsabilita-individuale","tag-ribellione-consapevole","tag-rivoluzione-iraniana","tag-tradizione-vs-liberta","tag-trending-it-236"],"acf":[],"yoast_head":"<!-- This site is optimized with the Yoast SEO plugin v27.5 - https:\/\/yoast.com\/product\/yoast-seo-wordpress\/ -->\n<title>Pensare con la propria testa quando non ci si sente a proprio agio &#8211; Exaudi<\/title>\n<meta name=\"robots\" content=\"index, follow, max-snippet:-1, max-image-preview:large, max-video-preview:-1\" \/>\n<link rel=\"canonical\" href=\"https:\/\/exaudi.org\/it\/pensare-con-la-propria-testa-quando-non-ci-si-sente-a-proprio-agio\/\" \/>\n<meta property=\"og:locale\" content=\"it_IT\" \/>\n<meta property=\"og:type\" content=\"article\" \/>\n<meta property=\"og:title\" content=\"Pensare con la propria testa quando non ci si sente a proprio agio &#8211; Exaudi\" \/>\n<meta property=\"og:description\" content=\"Persepolis\" \/>\n<meta property=\"og:url\" content=\"https:\/\/exaudi.org\/it\/pensare-con-la-propria-testa-quando-non-ci-si-sente-a-proprio-agio\/\" \/>\n<meta property=\"og:site_name\" content=\"Exaudi\" \/>\n<meta property=\"article:publisher\" content=\"https:\/\/www.facebook.com\/ExaudiNews\" \/>\n<meta property=\"article:author\" content=\"https:\/\/marketingyservicios.com\/\" \/>\n<meta property=\"article:published_time\" content=\"2026-03-02T16:14:21+00:00\" \/>\n<meta property=\"og:image\" content=\"https:\/\/exaudi.org\/wp-content\/uploads\/2026\/02\/persepolis-ficha-jpg.png\" \/>\n\t<meta property=\"og:image:width\" content=\"519\" \/>\n\t<meta property=\"og:image:height\" content=\"302\" \/>\n\t<meta property=\"og:image:type\" content=\"image\/png\" \/>\n<meta name=\"author\" content=\"Marketing y Servicios\" \/>\n<meta name=\"twitter:card\" content=\"summary_large_image\" \/>\n<meta name=\"twitter:creator\" content=\"@mentoring_sev\" \/>\n<meta name=\"twitter:site\" content=\"@Exaudi_News\" \/>\n<meta name=\"twitter:label1\" content=\"Scritto da\" \/>\n\t<meta name=\"twitter:data1\" content=\"Marketing y Servicios\" \/>\n\t<meta name=\"twitter:label2\" content=\"Tempo di lettura stimato\" \/>\n\t<meta name=\"twitter:data2\" content=\"3 minuti\" \/>\n<script type=\"application\/ld+json\" class=\"yoast-schema-graph\">{\"@context\":\"https:\\\/\\\/schema.org\",\"@graph\":[{\"@type\":\"Article\",\"@id\":\"https:\\\/\\\/exaudi.org\\\/it\\\/pensare-con-la-propria-testa-quando-non-ci-si-sente-a-proprio-agio\\\/#article\",\"isPartOf\":{\"@id\":\"https:\\\/\\\/exaudi.org\\\/it\\\/pensare-con-la-propria-testa-quando-non-ci-si-sente-a-proprio-agio\\\/\"},\"author\":{\"name\":\"Marketing y Servicios\",\"@id\":\"https:\\\/\\\/exaudi.org\\\/#\\\/schema\\\/person\\\/0ec39b1037553be7468a8044044a7283\"},\"headline\":\"Pensare con la propria testa quando non ci si sente a proprio agio\",\"datePublished\":\"2026-03-02T16:14:21+00:00\",\"mainEntityOfPage\":{\"@id\":\"https:\\\/\\\/exaudi.org\\\/it\\\/pensare-con-la-propria-testa-quando-non-ci-si-sente-a-proprio-agio\\\/\"},\"wordCount\":587,\"image\":{\"@id\":\"https:\\\/\\\/exaudi.org\\\/it\\\/pensare-con-la-propria-testa-quando-non-ci-si-sente-a-proprio-agio\\\/#primaryimage\"},\"thumbnailUrl\":\"https:\\\/\\\/exaudi.org\\\/wp-content\\\/uploads\\\/2026\\\/02\\\/persepolis-ficha-jpg.png\",\"keywords\":[\"Analisi\",\"Cittadinanza attiva\",\"Consapevolezza individuale\",\"EDUCAZIONE AI VALORI\",\"Famiglia come rifugio\",\"Film per famiglie\",\"Giudizio personale\",\"identit\u00e0 culturale\",\"Jos\u00e9 Mar\u00eda S\u00e1nchez Villa\",\"LIBERT\u00c0 DI ESPRESSIONE\",\"Marjane Satrapi\",\"MEMORIA STORICA\",\"PENSIERO CRITICO\",\"Pensiero indipendente\",\"Persepolis (Film)\",\"Responsabilit\u00e0 individuale\",\"Ribellione consapevole\",\"Rivoluzione iraniana\",\"Tradizione vs. Libert\u00e0\",\"Trending\"],\"articleSection\":[\"Analisi\"],\"inLanguage\":\"it-IT\"},{\"@type\":\"WebPage\",\"@id\":\"https:\\\/\\\/exaudi.org\\\/it\\\/pensare-con-la-propria-testa-quando-non-ci-si-sente-a-proprio-agio\\\/\",\"url\":\"https:\\\/\\\/exaudi.org\\\/it\\\/pensare-con-la-propria-testa-quando-non-ci-si-sente-a-proprio-agio\\\/\",\"name\":\"Pensare con la propria testa quando non ci si sente a proprio agio &#8211; Exaudi\",\"isPartOf\":{\"@id\":\"https:\\\/\\\/exaudi.org\\\/#website\"},\"primaryImageOfPage\":{\"@id\":\"https:\\\/\\\/exaudi.org\\\/it\\\/pensare-con-la-propria-testa-quando-non-ci-si-sente-a-proprio-agio\\\/#primaryimage\"},\"image\":{\"@id\":\"https:\\\/\\\/exaudi.org\\\/it\\\/pensare-con-la-propria-testa-quando-non-ci-si-sente-a-proprio-agio\\\/#primaryimage\"},\"thumbnailUrl\":\"https:\\\/\\\/exaudi.org\\\/wp-content\\\/uploads\\\/2026\\\/02\\\/persepolis-ficha-jpg.png\",\"datePublished\":\"2026-03-02T16:14:21+00:00\",\"author\":{\"@id\":\"https:\\\/\\\/exaudi.org\\\/#\\\/schema\\\/person\\\/0ec39b1037553be7468a8044044a7283\"},\"breadcrumb\":{\"@id\":\"https:\\\/\\\/exaudi.org\\\/it\\\/pensare-con-la-propria-testa-quando-non-ci-si-sente-a-proprio-agio\\\/#breadcrumb\"},\"inLanguage\":\"it-IT\",\"potentialAction\":[{\"@type\":\"ReadAction\",\"target\":[\"https:\\\/\\\/exaudi.org\\\/it\\\/pensare-con-la-propria-testa-quando-non-ci-si-sente-a-proprio-agio\\\/\"]}]},{\"@type\":\"ImageObject\",\"inLanguage\":\"it-IT\",\"@id\":\"https:\\\/\\\/exaudi.org\\\/it\\\/pensare-con-la-propria-testa-quando-non-ci-si-sente-a-proprio-agio\\\/#primaryimage\",\"url\":\"https:\\\/\\\/exaudi.org\\\/wp-content\\\/uploads\\\/2026\\\/02\\\/persepolis-ficha-jpg.png\",\"contentUrl\":\"https:\\\/\\\/exaudi.org\\\/wp-content\\\/uploads\\\/2026\\\/02\\\/persepolis-ficha-jpg.png\",\"width\":519,\"height\":302},{\"@type\":\"BreadcrumbList\",\"@id\":\"https:\\\/\\\/exaudi.org\\\/it\\\/pensare-con-la-propria-testa-quando-non-ci-si-sente-a-proprio-agio\\\/#breadcrumb\",\"itemListElement\":[{\"@type\":\"ListItem\",\"position\":1,\"name\":\"Portada\",\"item\":\"https:\\\/\\\/exaudi.org\\\/it\\\/\"},{\"@type\":\"ListItem\",\"position\":2,\"name\":\"Pensare con la propria testa quando non ci si sente a proprio agio\"}]},{\"@type\":\"WebSite\",\"@id\":\"https:\\\/\\\/exaudi.org\\\/#website\",\"url\":\"https:\\\/\\\/exaudi.org\\\/\",\"name\":\"Exaudi\",\"description\":\"News\",\"potentialAction\":[{\"@type\":\"SearchAction\",\"target\":{\"@type\":\"EntryPoint\",\"urlTemplate\":\"https:\\\/\\\/exaudi.org\\\/?s={search_term_string}\"},\"query-input\":{\"@type\":\"PropertyValueSpecification\",\"valueRequired\":true,\"valueName\":\"search_term_string\"}}],\"inLanguage\":\"it-IT\"},{\"@type\":\"Person\",\"@id\":\"https:\\\/\\\/exaudi.org\\\/#\\\/schema\\\/person\\\/0ec39b1037553be7468a8044044a7283\",\"name\":\"Marketing y Servicios\",\"image\":{\"@type\":\"ImageObject\",\"inLanguage\":\"it-IT\",\"@id\":\"https:\\\/\\\/secure.gravatar.com\\\/avatar\\\/887d69b0afc81051391a1aa8022a59db22c5ad6f2eecb945ce1b0d0613c61b5f?s=96&d=mm&r=g\",\"url\":\"https:\\\/\\\/secure.gravatar.com\\\/avatar\\\/887d69b0afc81051391a1aa8022a59db22c5ad6f2eecb945ce1b0d0613c61b5f?s=96&d=mm&r=g\",\"contentUrl\":\"https:\\\/\\\/secure.gravatar.com\\\/avatar\\\/887d69b0afc81051391a1aa8022a59db22c5ad6f2eecb945ce1b0d0613c61b5f?s=96&d=mm&r=g\",\"caption\":\"Marketing y Servicios\"},\"description\":\"Ideas para mejorar el mundo . Director: Jos\u00e9 Miguel Ponce . Profesor universitario e investigador en Marketing y Gesti\u00f3n de Servicios, con experiencia en cinco universidades p\u00fablicas y privadas. Sevillano de origen, ha vivido en varias ciudades de Espa\u00f1a y actualmente reside en Sevilla. Apasionado por la educaci\u00f3n, la comunicaci\u00f3n y las relaciones humanas, considera la amistad y la empat\u00eda clave en su vida y ense\u00f1anza. Ha publicado investigaciones sobre Marketing, Calidad de Servicio y organizaciones sin \u00e1nimo de lucro. Humanista y optimista, promueve el agradecimiento y la coherencia como valores fundamentales.\",\"sameAs\":[\"https:\\\/\\\/marketingyservicios.com\\\/\",\"https:\\\/\\\/www.instagram.com\\\/mentoringsevilla\\\/\",\"https:\\\/\\\/www.linkedin.com\\\/company\\\/marketing-y-servicios\\\/\",\"https:\\\/\\\/x.com\\\/mentoring_sev\",\"https:\\\/\\\/www.youtube.com\\\/@marketingyservicios649\"],\"url\":\"https:\\\/\\\/exaudi.org\\\/it\\\/author\\\/jose-miguel-ponce\\\/\"}]}<\/script>\n<!-- \/ Yoast SEO plugin. -->","yoast_head_json":{"title":"Pensare con la propria testa quando non ci si sente a proprio agio &#8211; Exaudi","robots":{"index":"index","follow":"follow","max-snippet":"max-snippet:-1","max-image-preview":"max-image-preview:large","max-video-preview":"max-video-preview:-1"},"canonical":"https:\/\/exaudi.org\/it\/pensare-con-la-propria-testa-quando-non-ci-si-sente-a-proprio-agio\/","og_locale":"it_IT","og_type":"article","og_title":"Pensare con la propria testa quando non ci si sente a proprio agio &#8211; Exaudi","og_description":"Persepolis","og_url":"https:\/\/exaudi.org\/it\/pensare-con-la-propria-testa-quando-non-ci-si-sente-a-proprio-agio\/","og_site_name":"Exaudi","article_publisher":"https:\/\/www.facebook.com\/ExaudiNews","article_author":"https:\/\/marketingyservicios.com\/","article_published_time":"2026-03-02T16:14:21+00:00","og_image":[{"width":519,"height":302,"url":"https:\/\/exaudi.org\/wp-content\/uploads\/2026\/02\/persepolis-ficha-jpg.png","type":"image\/png"}],"author":"Marketing y Servicios","twitter_card":"summary_large_image","twitter_creator":"@mentoring_sev","twitter_site":"@Exaudi_News","twitter_misc":{"Scritto da":"Marketing y Servicios","Tempo di lettura stimato":"3 minuti"},"schema":{"@context":"https:\/\/schema.org","@graph":[{"@type":"Article","@id":"https:\/\/exaudi.org\/it\/pensare-con-la-propria-testa-quando-non-ci-si-sente-a-proprio-agio\/#article","isPartOf":{"@id":"https:\/\/exaudi.org\/it\/pensare-con-la-propria-testa-quando-non-ci-si-sente-a-proprio-agio\/"},"author":{"name":"Marketing y Servicios","@id":"https:\/\/exaudi.org\/#\/schema\/person\/0ec39b1037553be7468a8044044a7283"},"headline":"Pensare con la propria testa quando non ci si sente a proprio agio","datePublished":"2026-03-02T16:14:21+00:00","mainEntityOfPage":{"@id":"https:\/\/exaudi.org\/it\/pensare-con-la-propria-testa-quando-non-ci-si-sente-a-proprio-agio\/"},"wordCount":587,"image":{"@id":"https:\/\/exaudi.org\/it\/pensare-con-la-propria-testa-quando-non-ci-si-sente-a-proprio-agio\/#primaryimage"},"thumbnailUrl":"https:\/\/exaudi.org\/wp-content\/uploads\/2026\/02\/persepolis-ficha-jpg.png","keywords":["Analisi","Cittadinanza attiva","Consapevolezza individuale","EDUCAZIONE AI VALORI","Famiglia come rifugio","Film per famiglie","Giudizio personale","identit\u00e0 culturale","Jos\u00e9 Mar\u00eda S\u00e1nchez Villa","LIBERT\u00c0 DI ESPRESSIONE","Marjane Satrapi","MEMORIA STORICA","PENSIERO CRITICO","Pensiero indipendente","Persepolis (Film)","Responsabilit\u00e0 individuale","Ribellione consapevole","Rivoluzione iraniana","Tradizione vs. Libert\u00e0","Trending"],"articleSection":["Analisi"],"inLanguage":"it-IT"},{"@type":"WebPage","@id":"https:\/\/exaudi.org\/it\/pensare-con-la-propria-testa-quando-non-ci-si-sente-a-proprio-agio\/","url":"https:\/\/exaudi.org\/it\/pensare-con-la-propria-testa-quando-non-ci-si-sente-a-proprio-agio\/","name":"Pensare con la propria testa quando non ci si sente a proprio agio &#8211; Exaudi","isPartOf":{"@id":"https:\/\/exaudi.org\/#website"},"primaryImageOfPage":{"@id":"https:\/\/exaudi.org\/it\/pensare-con-la-propria-testa-quando-non-ci-si-sente-a-proprio-agio\/#primaryimage"},"image":{"@id":"https:\/\/exaudi.org\/it\/pensare-con-la-propria-testa-quando-non-ci-si-sente-a-proprio-agio\/#primaryimage"},"thumbnailUrl":"https:\/\/exaudi.org\/wp-content\/uploads\/2026\/02\/persepolis-ficha-jpg.png","datePublished":"2026-03-02T16:14:21+00:00","author":{"@id":"https:\/\/exaudi.org\/#\/schema\/person\/0ec39b1037553be7468a8044044a7283"},"breadcrumb":{"@id":"https:\/\/exaudi.org\/it\/pensare-con-la-propria-testa-quando-non-ci-si-sente-a-proprio-agio\/#breadcrumb"},"inLanguage":"it-IT","potentialAction":[{"@type":"ReadAction","target":["https:\/\/exaudi.org\/it\/pensare-con-la-propria-testa-quando-non-ci-si-sente-a-proprio-agio\/"]}]},{"@type":"ImageObject","inLanguage":"it-IT","@id":"https:\/\/exaudi.org\/it\/pensare-con-la-propria-testa-quando-non-ci-si-sente-a-proprio-agio\/#primaryimage","url":"https:\/\/exaudi.org\/wp-content\/uploads\/2026\/02\/persepolis-ficha-jpg.png","contentUrl":"https:\/\/exaudi.org\/wp-content\/uploads\/2026\/02\/persepolis-ficha-jpg.png","width":519,"height":302},{"@type":"BreadcrumbList","@id":"https:\/\/exaudi.org\/it\/pensare-con-la-propria-testa-quando-non-ci-si-sente-a-proprio-agio\/#breadcrumb","itemListElement":[{"@type":"ListItem","position":1,"name":"Portada","item":"https:\/\/exaudi.org\/it\/"},{"@type":"ListItem","position":2,"name":"Pensare con la propria testa quando non ci si sente a proprio agio"}]},{"@type":"WebSite","@id":"https:\/\/exaudi.org\/#website","url":"https:\/\/exaudi.org\/","name":"Exaudi","description":"News","potentialAction":[{"@type":"SearchAction","target":{"@type":"EntryPoint","urlTemplate":"https:\/\/exaudi.org\/?s={search_term_string}"},"query-input":{"@type":"PropertyValueSpecification","valueRequired":true,"valueName":"search_term_string"}}],"inLanguage":"it-IT"},{"@type":"Person","@id":"https:\/\/exaudi.org\/#\/schema\/person\/0ec39b1037553be7468a8044044a7283","name":"Marketing y Servicios","image":{"@type":"ImageObject","inLanguage":"it-IT","@id":"https:\/\/secure.gravatar.com\/avatar\/887d69b0afc81051391a1aa8022a59db22c5ad6f2eecb945ce1b0d0613c61b5f?s=96&d=mm&r=g","url":"https:\/\/secure.gravatar.com\/avatar\/887d69b0afc81051391a1aa8022a59db22c5ad6f2eecb945ce1b0d0613c61b5f?s=96&d=mm&r=g","contentUrl":"https:\/\/secure.gravatar.com\/avatar\/887d69b0afc81051391a1aa8022a59db22c5ad6f2eecb945ce1b0d0613c61b5f?s=96&d=mm&r=g","caption":"Marketing y Servicios"},"description":"Ideas para mejorar el mundo . Director: Jos\u00e9 Miguel Ponce . Profesor universitario e investigador en Marketing y Gesti\u00f3n de Servicios, con experiencia en cinco universidades p\u00fablicas y privadas. Sevillano de origen, ha vivido en varias ciudades de Espa\u00f1a y actualmente reside en Sevilla. Apasionado por la educaci\u00f3n, la comunicaci\u00f3n y las relaciones humanas, considera la amistad y la empat\u00eda clave en su vida y ense\u00f1anza. Ha publicado investigaciones sobre Marketing, Calidad de Servicio y organizaciones sin \u00e1nimo de lucro. Humanista y optimista, promueve el agradecimiento y la coherencia como valores fundamentales.","sameAs":["https:\/\/marketingyservicios.com\/","https:\/\/www.instagram.com\/mentoringsevilla\/","https:\/\/www.linkedin.com\/company\/marketing-y-servicios\/","https:\/\/x.com\/mentoring_sev","https:\/\/www.youtube.com\/@marketingyservicios649"],"url":"https:\/\/exaudi.org\/it\/author\/jose-miguel-ponce\/"}]}},"jetpack_featured_media_url":"https:\/\/exaudi.org\/wp-content\/uploads\/2026\/02\/persepolis-ficha-jpg.png","jetpack_shortlink":"https:\/\/wp.me\/pgKjF2-FHd","_links":{"self":[{"href":"https:\/\/exaudi.org\/it\/wp-json\/wp\/v2\/posts\/160283","targetHints":{"allow":["GET"]}}],"collection":[{"href":"https:\/\/exaudi.org\/it\/wp-json\/wp\/v2\/posts"}],"about":[{"href":"https:\/\/exaudi.org\/it\/wp-json\/wp\/v2\/types\/post"}],"author":[{"embeddable":true,"href":"https:\/\/exaudi.org\/it\/wp-json\/wp\/v2\/users\/157"}],"replies":[{"embeddable":true,"href":"https:\/\/exaudi.org\/it\/wp-json\/wp\/v2\/comments?post=160283"}],"version-history":[{"count":3,"href":"https:\/\/exaudi.org\/it\/wp-json\/wp\/v2\/posts\/160283\/revisions"}],"predecessor-version":[{"id":160286,"href":"https:\/\/exaudi.org\/it\/wp-json\/wp\/v2\/posts\/160283\/revisions\/160286"}],"wp:featuredmedia":[{"embeddable":true,"href":"https:\/\/exaudi.org\/it\/wp-json\/wp\/v2\/media\/159970"}],"wp:attachment":[{"href":"https:\/\/exaudi.org\/it\/wp-json\/wp\/v2\/media?parent=160283"}],"wp:term":[{"taxonomy":"category","embeddable":true,"href":"https:\/\/exaudi.org\/it\/wp-json\/wp\/v2\/categories?post=160283"},{"taxonomy":"post_tag","embeddable":true,"href":"https:\/\/exaudi.org\/it\/wp-json\/wp\/v2\/tags?post=160283"}],"curies":[{"name":"wp","href":"https:\/\/api.w.org\/{rel}","templated":true}]}}