{"id":159956,"date":"2026-03-02T08:30:52","date_gmt":"2026-03-02T07:30:52","guid":{"rendered":"https:\/\/exaudi.org\/?p=159956"},"modified":"2026-02-27T11:28:33","modified_gmt":"2026-02-27T10:28:33","slug":"anche-dio-tace","status":"publish","type":"post","link":"https:\/\/exaudi.org\/it\/anche-dio-tace\/","title":{"rendered":"Anche Dio tace"},"content":{"rendered":"<p>Il telefono vibra.<br \/>\nUn messaggio.<br \/>\nBreve.<br \/>\nTroppo breve.<\/p>\n<p><iframe title=\"Spotify Embed: Anche Dio tace\" style=\"border-radius: 12px\" width=\"100%\" height=\"152\" frameborder=\"0\" allowfullscreen allow=\"autoplay; clipboard-write; encrypted-media; fullscreen; picture-in-picture\" loading=\"lazy\" src=\"https:\/\/open.spotify.com\/embed\/episode\/1cvavzVyhnLqMY0Kp64qWG?si=359c7aa1f0d74186&amp;utm_source=oembed\"><\/iframe><\/p>\n<p>\u201cMamma, mollo.<br \/>\nNon ce la faccio pi\u00f9.<br \/>\nNon chiamarmi\u2026\u201d.<\/p>\n<p>Lo schermo resta acceso.<br \/>\nMa qualcosa,<br \/>\ndentro,<br \/>\nsi ferma.<\/p>\n<p>Non mancano le parole.<br \/>\nManca la parola giusta.<br \/>\nE in quell\u2019istante<br \/>\nsi scopre una verit\u00e0 scomoda:<br \/>\nnon ogni parola aiuta.<\/p>\n<p>Ci sono parole che alleviano<br \/>\nchi le pronuncia<br \/>\ne lasciano solo<br \/>\nchi le riceve<br \/>\nsolo.<\/p>\n<p>E ci sono silenzi<br \/>\nche, senza dire nulla,<br \/>\ncustodiscono.<\/p>\n<p>Viviamo allenati<br \/>\na reagire.<br \/>\nA rispondere subito.<br \/>\nA chiudere ci\u00f2 che \u00e8 aperto.<br \/>\nA tappare il vuoto<br \/>\ncon spiegazioni,<br \/>\nconsigli,<br \/>\nsoluzioni.<\/p>\n<p>Il silenzio ci inquieta.<br \/>\nLo confondiamo con l\u2019assenza.<br \/>\nCon il disinteresse.<br \/>\nCon l\u2019indifferenza.<br \/>\nPer questo riempiamo tutto:<br \/>\nopinioni veloci,<br \/>\nmessaggi lunghi,<br \/>\naudio eterni,<br \/>\nfrasi benintenzionate<br \/>\nche, senza accorgercene,<br \/>\ninvadono.<\/p>\n<p>Qui conviene essere precisi:<br \/>\nla parola vera<br \/>\nnon nasce dal rumore,<br \/>\nma dal silenzio.<\/p>\n<p>La parola che non \u00e8 passata<br \/>\nattraverso il silenzio<br \/>\nirrompe come un\u2019occupazione.<br \/>\nSi precipita.<br \/>\nChiude.<br \/>\nAccelera.<br \/>\nVuole risolvere<br \/>\nci\u00f2 che deve ancora maturare.<\/p>\n<p>La parola che emerge<br \/>\ndal silenzio non invade: rivela.<br \/>\nNon spinge.<br \/>\nNon forza.<br \/>\nNon sostituisce.<br \/>\nServe.<\/p>\n<p>Il silenzio non \u00e8<br \/>\nl\u2019anticamera scomoda<br \/>\ndella parola.<br \/>\n\u00c8 la sua condizione.<\/p>\n<p>Solo chi ha imparato<br \/>\na tacere<br \/>\npu\u00f2 parlare<br \/>\nsenza violare la libert\u00e0 altrui.<\/p>\n<p>Ma questo silenzio<br \/>\ndi cui parliamo<br \/>\nnon \u00e8 vuoto.<br \/>\nE questa distinzione<br \/>\n\u00e8 decisiva.<\/p>\n<p>Il silenzio autentico<br \/>\n\u00e8 spazio abitato.<br \/>\nPresenza<br \/>\nsenza invasione.<br \/>\nUn luogo interiore<br \/>\ndove l\u2019altro pu\u00f2 esistere<br \/>\nsenza sentirsi obbligato<br \/>\n. a giustificarsi,<br \/>\n. a difendersi,<br \/>\n. a rispondere prima del tempo.<\/p>\n<p>Non ogni silenzio umanizza, \u00e8 vero.<br \/>\nEsiste il silenzio che punisce.<br \/>\nE il silenzio che abbandona.<\/p>\n<p>Ma il silenzio abitato<br \/>\npermane.<br \/>\nAccompagna.<br \/>\nAspetta.<br \/>\nConfida.<br \/>\nPer questo disturba.<br \/>\nPerch\u00e9 ci toglie il controllo.<br \/>\nCi obbliga a riconoscere<br \/>\nche l\u2019altro<br \/>\nnon \u00e8 un prolungamento<br \/>\ndelle mie aspettative.<br \/>\nNon \u00e8 un progetto<br \/>\nche deve riuscire bene.<br \/>\n\u00c8 soggetto.<br \/>\nEd \u00e8 libero.<\/p>\n<p>Qui si gioca<br \/>\nl\u2019antropologia della persona.<br \/>\nLa persona non si comprende<br \/>\nsenza libert\u00e0:<br \/>\ncapacit\u00e0 reale<br \/>\ndi rispondere o no,<br \/>\ndi amare o chiudersi,<br \/>\ndi scegliere anche male.<\/p>\n<p>Rispettare l\u2019altro<br \/>\nnon \u00e8 solo accettare le sue idee.<br \/>\n\u00c8 sostenere la sua dignit\u00e0<br \/>\nquando decide diversamente.<br \/>\nQuando la sua scelta<br \/>\nmi sconcerta.<br \/>\nQuando il suo cammino<br \/>\nmi fa male.<\/p>\n<p>Ecco apparire<br \/>\nil silenzio rispettoso:<br \/>\nrimanere,<br \/>\nsenza invadere<br \/>\nla coscienza dell\u2019altro.<br \/>\nRiconoscere i limiti.<br \/>\nAccettare i ritmi.<br \/>\nSapere che ci sono territori<br \/>\nche non mi appartengono:<br \/>\n. la decisione ultima,<br \/>\n. la risposta personale,<br \/>\n. il tempo interiore.<\/p>\n<p>Non si rinuncia alla verit\u00e0.<br \/>\nCambia il modo<br \/>\ndi proporla.<\/p>\n<p>E questo modo<br \/>\nha una radice pi\u00f9 profonda.<br \/>\nIl modo di Dio.<\/p>\n<p>Dio non compete<br \/>\ncon la libert\u00e0 umana.<br \/>\nNe \u00e8 la radice. La fonda.<br \/>\nChiama.<br \/>\nInvita.<br \/>\nPropone.<br \/>\nMa non sostituisce.<\/p>\n<p>Il suo silenzio<br \/>\nnei momenti decisivi<br \/>\n\u2014ricerca,<br \/>\ncrisi,<br \/>\ndecisioni,<br \/>\nesperienza del male\u2014<br \/>\nnon \u00e8 sempre assenza.<br \/>\n\u00c8 spazio aperto.<\/p>\n<p>Dio vuole amici,<br \/>\nnon servi.<br \/>\nE l\u2019amicizia<br \/>\nimplica rischio:<br \/>\nesporsi al \u201cno\u201d dell\u2019altro<br \/>\nrispettando la sua libert\u00e0.<\/p>\n<p>Lo mostra il giovane ricco. (Matteo 19,16-30)<br \/>\nGes\u00f9 guarda.<br \/>\nAma.<br \/>\nInvita.<br \/>\nE quando l\u2019altro<br \/>\nse ne va triste,<br \/>\nGes\u00f9 tace.<br \/>\nNon negozia.<br \/>\nNon insegue.<br \/>\nNon umilia.<br \/>\nRispetta fino alla fine.<\/p>\n<p>Se Dio,<br \/>\nche potrebbe imporsi,<br \/>\ntace davanti alla nostra libert\u00e0,<br \/>\nche cosa rivela questo<br \/>\nsulle nostre relazioni?<br \/>\nNella famiglia.<br \/>\nNell\u2019amicizia.<br \/>\nNel lavoro.<br \/>\nNella vita sociale.<\/p>\n<p>La risposta \u00e8 esigente:<br \/>\nsolo chi ha imparato<br \/>\nad abitare il proprio silenzio<br \/>\n\u00e8 capace di rispettare<br \/>\nquello dell\u2019altro.<\/p>\n<p>Chi non tollera<br \/>\nil proprio silenzio interiore<br \/>\ntende a invadere quello altrui.<\/p>\n<p>Il silenzio rispettoso<br \/>\nnon si improvvisa.<br \/>\nNon \u00e8 tecnica.<br \/>\nNon \u00e8 strategia.<br \/>\n\u00c8 posizione esistenziale.<br \/>\nUn modo di stare<br \/>\ndavanti all\u2019altro<br \/>\nche riconosce i limiti<br \/>\ne accetta<br \/>\ndi non avere l\u2019ultima parola.<\/p>\n<p>Questo si traduce<br \/>\nnel concreto.<\/p>\n<p>Nella famiglia:<br \/>\naccompagnare senza controllare.<br \/>\nMeno discorsi.<br \/>\nPi\u00f9 domande.<br \/>\nPi\u00f9 silenzi abitabili.<\/p>\n<p>Nell\u2019amicizia:<br \/>\naspettare senza esigere.<br \/>\nScegliere i tempi.<br \/>\nCurare i toni.<\/p>\n<p>Nel lavoro:<br \/>\nguidare senza monopolizzare.<br \/>\nLasciar pensare.<br \/>\nLasciar contribuire.<br \/>\nLasciar crescere.<\/p>\n<p>Serve discernimento.<br \/>\nNon ogni silenzio umanizza.<br \/>\nEsiste il silenzio codardo.<br \/>\nE il silenzio comodo.<\/p>\n<p>Il criterio \u00e8 chiaro:<br \/>\nil silenzio che rispetta<br \/>\nrimane disponibile.<\/p>\n<p>La parola vera<br \/>\nemerge dal silenzio.<br \/>\nIl silenzio autentico<br \/>\nnon \u00e8 vuoto,<br \/>\n\u00e8 presenza.<\/p>\n<p>E solo chi ha imparato<br \/>\nad abitare il proprio<br \/>\n\u00e8 capace di rispettare<br \/>\nquello dell\u2019altro.<\/p>\n<p>Anche Dio tace.<br \/>\nNon per mancanza di parola,<br \/>\nma per rispetto infinito.<\/p>\n<p>Forse la crescita dell\u2019altro<br \/>\ncomincia proprio l\u00ec:<br \/>\nquando io imparo<br \/>\na non occupare<br \/>\nil suo spazio interiore.<\/p>\n<p><iframe title=\"Spotify Embed: Il silenzio abitato e\u0300 il linguaggio di Dio Cardenal Sarah\" style=\"border-radius: 12px\" width=\"100%\" height=\"152\" frameborder=\"0\" allowfullscreen allow=\"autoplay; clipboard-write; encrypted-media; fullscreen; picture-in-picture\" loading=\"lazy\" src=\"https:\/\/open.spotify.com\/embed\/episode\/1BNI1G3kpXr0H58BE4k7RX?si=a681a8164de74b03&amp;utm_source=oembed\"><\/iframe><\/p>\n","protected":false},"excerpt":{"rendered":"<p>La parola \u00e8 generata nel silenzio<\/p>\n","protected":false},"author":164,"featured_media":159950,"comment_status":"closed","ping_status":"closed","sticky":false,"template":"","format":"standard","meta":{"_acf_changed":false,"_crdt_document":"","inline_featured_image":false,"footnotes":""},"categories":[129],"tags":[96567,28668,98955,17460,16531,98951,11198,98960,98969,98967,65113,98963,98968,98965,98961,98956,98966,98958,98962,98970,63863,63874,5216,98952,98959,98964,54225,98957,98971,98953,98954,64787,4952],"class_list":["post-159956","post","type-post","status-publish","format-standard","has-post-thumbnail","hentry","category-voci","tag-accompagnare-senza-controllare","tag-amicizia-vera","tag-anche-dio-tace","tag-antropologia-cristiana-2","tag-crescita-personale","tag-dio-2","tag-dio","tag-dio-e-liberta","tag-discernimento-silenzio","tag-giovane-ricco-gesu","tag-liberta-personale","tag-liberta-umana","tag-maturare-decisioni","tag-non-invadere","tag-parola-dal-silenzio","tag-parola-vera","tag-presenza-senza-invasione","tag-rispetto-dellaltro","tag-rispetto-in-famiglia","tag-rispetto-infinito","tag-rosa-montenegro-2","tag-rosa-montenegro-3","tag-silenzio","tag-silenzio-2","tag-silenzio-abitato","tag-silenzio-autentico","tag-silenzio-di-dio","tag-silenzio-rispettoso","tag-spazio-interiore","tag-tace","tag-tace-2","tag-trending-it-236","tag-trending-it"],"acf":[],"yoast_head":"<!-- This site is optimized with the Yoast SEO plugin v27.5 - https:\/\/yoast.com\/product\/yoast-seo-wordpress\/ -->\n<title>Anche Dio tace &#8211; Exaudi<\/title>\n<meta name=\"robots\" content=\"index, follow, max-snippet:-1, max-image-preview:large, max-video-preview:-1\" \/>\n<link rel=\"canonical\" href=\"https:\/\/exaudi.org\/it\/anche-dio-tace\/\" \/>\n<meta property=\"og:locale\" content=\"it_IT\" \/>\n<meta property=\"og:type\" content=\"article\" \/>\n<meta property=\"og:title\" content=\"Anche Dio tace &#8211; Exaudi\" \/>\n<meta property=\"og:description\" content=\"La parola \u00e8 generata nel silenzio\" \/>\n<meta property=\"og:url\" content=\"https:\/\/exaudi.org\/it\/anche-dio-tace\/\" \/>\n<meta property=\"og:site_name\" content=\"Exaudi\" \/>\n<meta property=\"article:publisher\" content=\"https:\/\/www.facebook.com\/ExaudiNews\" \/>\n<meta property=\"article:author\" content=\"https:\/\/www.facebook.com\/metaforasenrosa\/\" \/>\n<meta property=\"article:published_time\" content=\"2026-03-02T07:30:52+00:00\" \/>\n<meta property=\"og:image\" content=\"https:\/\/exaudi.org\/wp-content\/uploads\/2026\/02\/image0-copia.jpeg\" \/>\n\t<meta property=\"og:image:width\" content=\"1161\" \/>\n\t<meta property=\"og:image:height\" content=\"1349\" \/>\n\t<meta property=\"og:image:type\" content=\"image\/jpeg\" \/>\n<meta name=\"author\" content=\"Rosa Montenegro\" \/>\n<meta name=\"twitter:card\" content=\"summary_large_image\" \/>\n<meta name=\"twitter:creator\" content=\"@coachingalicia\" \/>\n<meta name=\"twitter:site\" content=\"@Exaudi_News\" \/>\n<meta name=\"twitter:label1\" content=\"Scritto da\" \/>\n\t<meta name=\"twitter:data1\" content=\"Rosa Montenegro\" \/>\n\t<meta name=\"twitter:label2\" content=\"Tempo di lettura stimato\" \/>\n\t<meta name=\"twitter:data2\" content=\"4 minuti\" \/>\n<script type=\"application\/ld+json\" class=\"yoast-schema-graph\">{\"@context\":\"https:\\\/\\\/schema.org\",\"@graph\":[{\"@type\":\"Article\",\"@id\":\"https:\\\/\\\/exaudi.org\\\/it\\\/anche-dio-tace\\\/#article\",\"isPartOf\":{\"@id\":\"https:\\\/\\\/exaudi.org\\\/it\\\/anche-dio-tace\\\/\"},\"author\":{\"name\":\"Rosa Montenegro\",\"@id\":\"https:\\\/\\\/exaudi.org\\\/#\\\/schema\\\/person\\\/85388ea135d433877a2634f921d5567c\"},\"headline\":\"Anche Dio tace\",\"datePublished\":\"2026-03-02T07:30:52+00:00\",\"mainEntityOfPage\":{\"@id\":\"https:\\\/\\\/exaudi.org\\\/it\\\/anche-dio-tace\\\/\"},\"wordCount\":732,\"image\":{\"@id\":\"https:\\\/\\\/exaudi.org\\\/it\\\/anche-dio-tace\\\/#primaryimage\"},\"thumbnailUrl\":\"https:\\\/\\\/exaudi.org\\\/wp-content\\\/uploads\\\/2026\\\/02\\\/image0-copia.jpeg\",\"keywords\":[\"accompagnare senza controllare\",\"amicizia vera\",\"anche dio tace\",\"ANTROPOLOGIA CRISTIANA\",\"CRESCITA PERSONALE\",\"DIO\",\"DIO\",\"dio e libert\u00e0\",\"discernimento silenzio\",\"giovane ricco ges\u00f9\",\"libert\u00e0 personale\",\"libert\u00e0 umana\",\"maturare decisioni\",\"non invadere\",\"parola dal silenzio\",\"parola vera\",\"presenza senza invasione\",\"rispetto dell'altro\",\"rispetto in famiglia\",\"rispetto infinito\",\"Rosa Montenegro\",\"Rosa Montenegro\",\"silenzio\",\"silenzio\",\"silenzio abitato\",\"silenzio autentico\",\"silenzio di Dio\",\"silenzio rispettoso\",\"spazio interiore\",\"tace\",\"tace\",\"Trending\",\"Trending\"],\"articleSection\":[\"Voci\"],\"inLanguage\":\"it-IT\"},{\"@type\":\"WebPage\",\"@id\":\"https:\\\/\\\/exaudi.org\\\/it\\\/anche-dio-tace\\\/\",\"url\":\"https:\\\/\\\/exaudi.org\\\/it\\\/anche-dio-tace\\\/\",\"name\":\"Anche Dio tace &#8211; Exaudi\",\"isPartOf\":{\"@id\":\"https:\\\/\\\/exaudi.org\\\/#website\"},\"primaryImageOfPage\":{\"@id\":\"https:\\\/\\\/exaudi.org\\\/it\\\/anche-dio-tace\\\/#primaryimage\"},\"image\":{\"@id\":\"https:\\\/\\\/exaudi.org\\\/it\\\/anche-dio-tace\\\/#primaryimage\"},\"thumbnailUrl\":\"https:\\\/\\\/exaudi.org\\\/wp-content\\\/uploads\\\/2026\\\/02\\\/image0-copia.jpeg\",\"datePublished\":\"2026-03-02T07:30:52+00:00\",\"author\":{\"@id\":\"https:\\\/\\\/exaudi.org\\\/#\\\/schema\\\/person\\\/85388ea135d433877a2634f921d5567c\"},\"breadcrumb\":{\"@id\":\"https:\\\/\\\/exaudi.org\\\/it\\\/anche-dio-tace\\\/#breadcrumb\"},\"inLanguage\":\"it-IT\",\"potentialAction\":[{\"@type\":\"ReadAction\",\"target\":[\"https:\\\/\\\/exaudi.org\\\/it\\\/anche-dio-tace\\\/\"]}]},{\"@type\":\"ImageObject\",\"inLanguage\":\"it-IT\",\"@id\":\"https:\\\/\\\/exaudi.org\\\/it\\\/anche-dio-tace\\\/#primaryimage\",\"url\":\"https:\\\/\\\/exaudi.org\\\/wp-content\\\/uploads\\\/2026\\\/02\\\/image0-copia.jpeg\",\"contentUrl\":\"https:\\\/\\\/exaudi.org\\\/wp-content\\\/uploads\\\/2026\\\/02\\\/image0-copia.jpeg\",\"width\":1161,\"height\":1349},{\"@type\":\"BreadcrumbList\",\"@id\":\"https:\\\/\\\/exaudi.org\\\/it\\\/anche-dio-tace\\\/#breadcrumb\",\"itemListElement\":[{\"@type\":\"ListItem\",\"position\":1,\"name\":\"Portada\",\"item\":\"https:\\\/\\\/exaudi.org\\\/it\\\/\"},{\"@type\":\"ListItem\",\"position\":2,\"name\":\"Anche Dio tace\"}]},{\"@type\":\"WebSite\",\"@id\":\"https:\\\/\\\/exaudi.org\\\/#website\",\"url\":\"https:\\\/\\\/exaudi.org\\\/\",\"name\":\"Exaudi\",\"description\":\"News\",\"potentialAction\":[{\"@type\":\"SearchAction\",\"target\":{\"@type\":\"EntryPoint\",\"urlTemplate\":\"https:\\\/\\\/exaudi.org\\\/?s={search_term_string}\"},\"query-input\":{\"@type\":\"PropertyValueSpecification\",\"valueRequired\":true,\"valueName\":\"search_term_string\"}}],\"inLanguage\":\"it-IT\"},{\"@type\":\"Person\",\"@id\":\"https:\\\/\\\/exaudi.org\\\/#\\\/schema\\\/person\\\/85388ea135d433877a2634f921d5567c\",\"name\":\"Rosa Montenegro\",\"image\":{\"@type\":\"ImageObject\",\"inLanguage\":\"it-IT\",\"@id\":\"https:\\\/\\\/secure.gravatar.com\\\/avatar\\\/0fc49e154ba2f960002488bc6c90128a74660ddaabe7e2096076c8659f3d49fa?s=96&d=mm&r=g\",\"url\":\"https:\\\/\\\/secure.gravatar.com\\\/avatar\\\/0fc49e154ba2f960002488bc6c90128a74660ddaabe7e2096076c8659f3d49fa?s=96&d=mm&r=g\",\"contentUrl\":\"https:\\\/\\\/secure.gravatar.com\\\/avatar\\\/0fc49e154ba2f960002488bc6c90128a74660ddaabe7e2096076c8659f3d49fa?s=96&d=mm&r=g\",\"caption\":\"Rosa Montenegro\"},\"description\":\"Pedagoga, orientadora familiar (UNAV) y autora del libro \u201cEl yo y sus met\u00e1foras\u201d libro de antropolog\u00eda para gente sencilla. Con una extensa experiencia internacional en asesoramiento, formaci\u00f3n y coaching, acompa\u00f1a procesos de reconstrucci\u00f3n personal y promueve el fortalecimiento de la identidad desde un enfoque humanista y transformador.\",\"sameAs\":[\"https:\\\/\\\/metaforasenrosa.com\\\/\",\"https:\\\/\\\/www.facebook.com\\\/metaforasenrosa\\\/\",\"https:\\\/\\\/www.instagram.com\\\/metaforasenrosa\\\/\",\"https:\\\/\\\/x.com\\\/coachingalicia\"],\"url\":\"https:\\\/\\\/exaudi.org\\\/it\\\/author\\\/rosa-montenegro\\\/\"}]}<\/script>\n<!-- \/ Yoast SEO plugin. -->","yoast_head_json":{"title":"Anche Dio tace &#8211; Exaudi","robots":{"index":"index","follow":"follow","max-snippet":"max-snippet:-1","max-image-preview":"max-image-preview:large","max-video-preview":"max-video-preview:-1"},"canonical":"https:\/\/exaudi.org\/it\/anche-dio-tace\/","og_locale":"it_IT","og_type":"article","og_title":"Anche Dio tace &#8211; Exaudi","og_description":"La parola \u00e8 generata nel silenzio","og_url":"https:\/\/exaudi.org\/it\/anche-dio-tace\/","og_site_name":"Exaudi","article_publisher":"https:\/\/www.facebook.com\/ExaudiNews","article_author":"https:\/\/www.facebook.com\/metaforasenrosa\/","article_published_time":"2026-03-02T07:30:52+00:00","og_image":[{"width":1161,"height":1349,"url":"https:\/\/exaudi.org\/wp-content\/uploads\/2026\/02\/image0-copia.jpeg","type":"image\/jpeg"}],"author":"Rosa Montenegro","twitter_card":"summary_large_image","twitter_creator":"@coachingalicia","twitter_site":"@Exaudi_News","twitter_misc":{"Scritto da":"Rosa Montenegro","Tempo di lettura stimato":"4 minuti"},"schema":{"@context":"https:\/\/schema.org","@graph":[{"@type":"Article","@id":"https:\/\/exaudi.org\/it\/anche-dio-tace\/#article","isPartOf":{"@id":"https:\/\/exaudi.org\/it\/anche-dio-tace\/"},"author":{"name":"Rosa Montenegro","@id":"https:\/\/exaudi.org\/#\/schema\/person\/85388ea135d433877a2634f921d5567c"},"headline":"Anche Dio tace","datePublished":"2026-03-02T07:30:52+00:00","mainEntityOfPage":{"@id":"https:\/\/exaudi.org\/it\/anche-dio-tace\/"},"wordCount":732,"image":{"@id":"https:\/\/exaudi.org\/it\/anche-dio-tace\/#primaryimage"},"thumbnailUrl":"https:\/\/exaudi.org\/wp-content\/uploads\/2026\/02\/image0-copia.jpeg","keywords":["accompagnare senza controllare","amicizia vera","anche dio tace","ANTROPOLOGIA CRISTIANA","CRESCITA PERSONALE","DIO","DIO","dio e libert\u00e0","discernimento silenzio","giovane ricco ges\u00f9","libert\u00e0 personale","libert\u00e0 umana","maturare decisioni","non invadere","parola dal silenzio","parola vera","presenza senza invasione","rispetto dell'altro","rispetto in famiglia","rispetto infinito","Rosa Montenegro","Rosa Montenegro","silenzio","silenzio","silenzio abitato","silenzio autentico","silenzio di Dio","silenzio rispettoso","spazio interiore","tace","tace","Trending","Trending"],"articleSection":["Voci"],"inLanguage":"it-IT"},{"@type":"WebPage","@id":"https:\/\/exaudi.org\/it\/anche-dio-tace\/","url":"https:\/\/exaudi.org\/it\/anche-dio-tace\/","name":"Anche Dio tace &#8211; Exaudi","isPartOf":{"@id":"https:\/\/exaudi.org\/#website"},"primaryImageOfPage":{"@id":"https:\/\/exaudi.org\/it\/anche-dio-tace\/#primaryimage"},"image":{"@id":"https:\/\/exaudi.org\/it\/anche-dio-tace\/#primaryimage"},"thumbnailUrl":"https:\/\/exaudi.org\/wp-content\/uploads\/2026\/02\/image0-copia.jpeg","datePublished":"2026-03-02T07:30:52+00:00","author":{"@id":"https:\/\/exaudi.org\/#\/schema\/person\/85388ea135d433877a2634f921d5567c"},"breadcrumb":{"@id":"https:\/\/exaudi.org\/it\/anche-dio-tace\/#breadcrumb"},"inLanguage":"it-IT","potentialAction":[{"@type":"ReadAction","target":["https:\/\/exaudi.org\/it\/anche-dio-tace\/"]}]},{"@type":"ImageObject","inLanguage":"it-IT","@id":"https:\/\/exaudi.org\/it\/anche-dio-tace\/#primaryimage","url":"https:\/\/exaudi.org\/wp-content\/uploads\/2026\/02\/image0-copia.jpeg","contentUrl":"https:\/\/exaudi.org\/wp-content\/uploads\/2026\/02\/image0-copia.jpeg","width":1161,"height":1349},{"@type":"BreadcrumbList","@id":"https:\/\/exaudi.org\/it\/anche-dio-tace\/#breadcrumb","itemListElement":[{"@type":"ListItem","position":1,"name":"Portada","item":"https:\/\/exaudi.org\/it\/"},{"@type":"ListItem","position":2,"name":"Anche Dio tace"}]},{"@type":"WebSite","@id":"https:\/\/exaudi.org\/#website","url":"https:\/\/exaudi.org\/","name":"Exaudi","description":"News","potentialAction":[{"@type":"SearchAction","target":{"@type":"EntryPoint","urlTemplate":"https:\/\/exaudi.org\/?s={search_term_string}"},"query-input":{"@type":"PropertyValueSpecification","valueRequired":true,"valueName":"search_term_string"}}],"inLanguage":"it-IT"},{"@type":"Person","@id":"https:\/\/exaudi.org\/#\/schema\/person\/85388ea135d433877a2634f921d5567c","name":"Rosa Montenegro","image":{"@type":"ImageObject","inLanguage":"it-IT","@id":"https:\/\/secure.gravatar.com\/avatar\/0fc49e154ba2f960002488bc6c90128a74660ddaabe7e2096076c8659f3d49fa?s=96&d=mm&r=g","url":"https:\/\/secure.gravatar.com\/avatar\/0fc49e154ba2f960002488bc6c90128a74660ddaabe7e2096076c8659f3d49fa?s=96&d=mm&r=g","contentUrl":"https:\/\/secure.gravatar.com\/avatar\/0fc49e154ba2f960002488bc6c90128a74660ddaabe7e2096076c8659f3d49fa?s=96&d=mm&r=g","caption":"Rosa Montenegro"},"description":"Pedagoga, orientadora familiar (UNAV) y autora del libro \u201cEl yo y sus met\u00e1foras\u201d libro de antropolog\u00eda para gente sencilla. Con una extensa experiencia internacional en asesoramiento, formaci\u00f3n y coaching, acompa\u00f1a procesos de reconstrucci\u00f3n personal y promueve el fortalecimiento de la identidad desde un enfoque humanista y transformador.","sameAs":["https:\/\/metaforasenrosa.com\/","https:\/\/www.facebook.com\/metaforasenrosa\/","https:\/\/www.instagram.com\/metaforasenrosa\/","https:\/\/x.com\/coachingalicia"],"url":"https:\/\/exaudi.org\/it\/author\/rosa-montenegro\/"}]}},"jetpack_featured_media_url":"https:\/\/exaudi.org\/wp-content\/uploads\/2026\/02\/image0-copia.jpeg","jetpack_shortlink":"https:\/\/wp.me\/pgKjF2-FBW","_links":{"self":[{"href":"https:\/\/exaudi.org\/it\/wp-json\/wp\/v2\/posts\/159956","targetHints":{"allow":["GET"]}}],"collection":[{"href":"https:\/\/exaudi.org\/it\/wp-json\/wp\/v2\/posts"}],"about":[{"href":"https:\/\/exaudi.org\/it\/wp-json\/wp\/v2\/types\/post"}],"author":[{"embeddable":true,"href":"https:\/\/exaudi.org\/it\/wp-json\/wp\/v2\/users\/164"}],"replies":[{"embeddable":true,"href":"https:\/\/exaudi.org\/it\/wp-json\/wp\/v2\/comments?post=159956"}],"version-history":[{"count":4,"href":"https:\/\/exaudi.org\/it\/wp-json\/wp\/v2\/posts\/159956\/revisions"}],"predecessor-version":[{"id":159964,"href":"https:\/\/exaudi.org\/it\/wp-json\/wp\/v2\/posts\/159956\/revisions\/159964"}],"wp:featuredmedia":[{"embeddable":true,"href":"https:\/\/exaudi.org\/it\/wp-json\/wp\/v2\/media\/159950"}],"wp:attachment":[{"href":"https:\/\/exaudi.org\/it\/wp-json\/wp\/v2\/media?parent=159956"}],"wp:term":[{"taxonomy":"category","embeddable":true,"href":"https:\/\/exaudi.org\/it\/wp-json\/wp\/v2\/categories?post=159956"},{"taxonomy":"post_tag","embeddable":true,"href":"https:\/\/exaudi.org\/it\/wp-json\/wp\/v2\/tags?post=159956"}],"curies":[{"name":"wp","href":"https:\/\/api.w.org\/{rel}","templated":true}]}}