{"id":159825,"date":"2026-02-26T16:00:50","date_gmt":"2026-02-26T15:00:50","guid":{"rendered":"https:\/\/exaudi.org\/?p=159825"},"modified":"2026-02-26T16:00:50","modified_gmt":"2026-02-26T15:00:50","slug":"un-incontro-angelico-e-sempre-personale","status":"publish","type":"post","link":"https:\/\/exaudi.org\/it\/un-incontro-angelico-e-sempre-personale\/","title":{"rendered":"Un incontro angelico \u00e8 sempre personale"},"content":{"rendered":"<p><span dir=\"auto\" style=\"vertical-align: inherit\"><span dir=\"auto\" style=\"vertical-align: inherit\"><span dir=\"auto\" style=\"vertical-align: inherit\"><span dir=\"auto\" style=\"vertical-align: inherit\">Durante i quattro giorni di ritiro di Cristo nel deserto, Satana lo avvert\u00ec citando il Salmo 90, in particolare a causa dei suoi angeli. &#8220;Il diavolo&#8221;, leggiamo in Matteo, &#8220;cacci\u00f2 nella citt\u00e0 santa e lo possedette nel punto pi\u00f9 alto del tempio&#8221;. Sfid\u00f2 Cristo a dimostrare di essere il Figlio di Dio gettandosi gi\u00f9, &#8220;poich\u00e9 sta scritto: &#8216;Egli dar\u00e0 ordini ai suoi angeli a tuo riguardo&#8217;, ed &#8216;Essi ti sosterranno sulle loro mani, perch\u00e9 il tuo piede non inciampi in una pietra&#8217;&#8221;.<\/span><\/span><\/span><\/span><\/p>\n<p><span dir=\"auto\" style=\"vertical-align: inherit\"><span dir=\"auto\" style=\"vertical-align: inherit\"><span dir=\"auto\" style=\"vertical-align: inherit\"><span dir=\"auto\" style=\"vertical-align: inherit\">Solo Dio poteva invitarmi a saltare in alto. Il mio ultimo invito \u00e8: &#8220;Salta tra le mie braccia&#8221;, non &#8220;Gettati nel vuoto&#8221;.<\/span><\/span><\/span><\/span><\/p>\n<p><span dir=\"auto\" style=\"vertical-align: inherit\"><span dir=\"auto\" style=\"vertical-align: inherit\"><span dir=\"auto\" style=\"vertical-align: inherit\"><span dir=\"auto\" style=\"vertical-align: inherit\">Gli interventi angelici non sono sempre razionali. Gli angeli non sono l\u00ec per assecondare e nostri capricci. In una preghiera popolare attribuita a Reginaldo di Canterbury, contemporaneo di San Bernardo, preghiamo il nostro angelo custode di &#8220;illuminare, proteggere, guidare e governare&#8221;. Sono verbi forti. L&#8217;angelo \u00e8 il custode della santit\u00e0.<\/span><\/span><\/span><\/span><\/p>\n<p><span dir=\"auto\" style=\"vertical-align: inherit\"><span dir=\"auto\" style=\"vertical-align: inherit\"><span dir=\"auto\" style=\"vertical-align: inherit\"><span dir=\"auto\" style=\"vertical-align: inherit\">La vita monastica \u00e8 stata compresa fin dall&#8217;inizio epresentata como angelica per il suo scopo di lode; Ma anche perch\u00e9 il monaco \u00e8 chiamato ad ardere dell&#8217;amore di Dio e ad essere un inviato che per quell&#8217;amore agli altri.<\/span><\/span><\/span><\/span><\/p>\n<p><span dir=\"auto\" style=\"vertical-align: inherit\"><span dir=\"auto\" style=\"vertical-align: inherit\"><span dir=\"auto\" style=\"vertical-align: inherit\"><span dir=\"auto\" style=\"vertical-align: inherit\">L&#8217;unico &#8220;canto&#8221; di Cristo, di cui\u00a0 <\/span><\/span><\/span><\/span><i><span dir=\"auto\" style=\"vertical-align: inherit\"><span dir=\"auto\" style=\"vertical-align: inherit\"><span dir=\"auto\" style=\"vertical-align: inherit\"><span dir=\"auto\" style=\"vertical-align: inherit\">Sacrosanctum Concilium<\/span><\/span><\/span><\/span><\/i><span dir=\"auto\" style=\"vertical-align: inherit\"><span dir=\"auto\" style=\"vertical-align: inherit\"><span dir=\"auto\" style=\"vertical-align: inherit\"><span dir=\"auto\" style=\"vertical-align: inherit\"> parla con passo bellissimo, ride i confini della terra fino a tutte le altezze del cielo attraverso una vibrante catena di mediazioni. Gli angeli sono essenziali in questa catena, come affermiamo nella parte finale di ogni prefazio all&#8217;interno del canone della Messa.<\/span><\/span><\/span><\/span><\/p>\n<p><span dir=\"auto\" style=\"vertical-align: inherit\"><span dir=\"auto\" style=\"vertical-align: inherit\"><span dir=\"auto\" style=\"vertical-align: inherit\"><span dir=\"auto\" style=\"vertical-align: inherit\">San Bernardo traccia qui sotto il cammino degli angeli come mediatori della prosperit\u00e0 di Dio. La mediazione non \u00e8 sempre necessaria: Dio pu\u00f2 giocare direttamente, ma se compiace permette a tutte le Sue creature di essere incanalate dalla grazia l&#8217;una verso l&#8217;altra.<\/span><\/span><\/span><\/span><\/p>\n<p><span dir=\"auto\" style=\"vertical-align: inherit\"><span dir=\"auto\" style=\"vertical-align: inherit\"><span dir=\"auto\" style=\"vertical-align: inherit\"><span dir=\"auto\" style=\"vertical-align: inherit\">Ci esorta ad osservare che fa un angelo ea fare lo stesso: &#8220;Elevate e mostrate misericordia al vostro prossimo; poi, in a secondo movimento, lasciando che lo stesso angelo elevi i vostri desideri, usate tutti i\u00a0 <\/span><\/span><\/span><\/span><i><span dir=\"auto\" style=\"vertical-align: inherit\"><span dir=\"auto\" style=\"vertical-align: inherit\"><span dir=\"auto\" style=\"vertical-align: inherit\"><span dir=\"auto\" style=\"vertical-align: inherit\">desideri di Cupido<\/span><\/span><\/span><\/span><\/i><span dir=\"auto\" style=\"vertical-align: inherit\"><span dir=\"auto\" style=\"vertical-align: inherit\"><span dir=\"auto\" style=\"vertical-align: inherit\"><span dir=\"auto\" style=\"vertical-align: inherit\"> \u00a0della vostra anima per elevavi alla verit\u00e0 pi\u00f9 alta ed eterna.&#8221; Oggi Cupido \u00e8 raramente menzionato in relazione alla \u201cverit\u00e0 pi\u00f9 alta ed siempre\u201d. La scelta delle parole di Bernardo \u00e8 significativa: egli dice che tutti i desideri umani naturali, anche quei corpi, sono destinati a trovare il loro compimento in Dio e, pertanto, devono essere diretti a Lui.<\/span><\/span><\/span><\/span><\/p>\n<p><span dir=\"auto\" style=\"vertical-align: inherit\"><span dir=\"auto\" style=\"vertical-align: inherit\"><span dir=\"auto\" style=\"vertical-align: inherit\"><span dir=\"auto\" style=\"vertical-align: inherit\">L&#8217;ultimo e decisivo atto della carit\u00e0 degli angeli avverr\u00e0 nell&#8217;ora della nostra morte, quando attraverseranno il velo di questo mondo per l&#8217;eternit\u00e0. Allora riveleranno la vera natura: &#8220;Non possono essere vinti n\u00e9 sedotti, molto meno sedotti&#8221;. In quel momento, tutto apparir\u00e0 crollato. La retorica si vedr\u00e0 di meno. Solo la verit\u00e0 risuoner\u00e0 e rider\u00e0, in armonia con la misericordia.<\/span><\/span><\/span><\/span><\/p>\n<p><span dir=\"auto\" style=\"vertical-align: inherit\"><span dir=\"auto\" style=\"vertical-align: inherit\"><span dir=\"auto\" style=\"vertical-align: inherit\"><span dir=\"auto\" style=\"vertical-align: inherit\">Bernardo predic\u00f2 prudentemente la sua quest cose nel 1139. Settecentoventisei anni dopo, un uomo dal temperamento molto diverso ma dall&#8217;intelligenza simile avrebbe reso esplicitamente le sue intuizioni in una squisita poesia sulla morte.<\/span><\/span><\/span><\/span><\/p>\n<p><span dir=\"auto\" style=\"vertical-align: inherit\"><span dir=\"auto\" style=\"vertical-align: inherit\"><span dir=\"auto\" style=\"vertical-align: inherit\"><span dir=\"auto\" style=\"vertical-align: inherit\">John Henry Newman riflett\u00e9 profondamente sugli angeli. Consider\u00f2 il ministero sacerdotale angelico. Il sacerdote dovrebbe sedersi a casa in questo mondo, senza paura di avventure in foreste oscure, mentre la ricerca di chi \u00e8 dovuto. Per tutto questo tempo, mantenga gli occhi della mente rivolti alla volont\u00e0 del Padre, permettendo al Suo splendore di illuminare tutta la realt\u00e0 presente. L&#8217;illuminazione \u00e8 sempre un doppio processo: intellettuale ed essenziale, sacramentale e pedagogico.<\/span><\/span><\/span><\/span><\/p>\n<p><span dir=\"auto\" style=\"vertical-align: inherit\"><span dir=\"auto\" style=\"vertical-align: inherit\"><span dir=\"auto\" style=\"vertical-align: inherit\"><span dir=\"auto\" style=\"vertical-align: inherit\">Newman, oggi Dottore della Chiesa, ti invita anche a riscoprire l&#8217;insegnante come un angelico illuminatore. Se si tratta di una sfida profetica, dato che gran parte di ci\u00f2 che oggi viene chiamato &#8220;educazione&#8221; \u00e8 delegata a mezzi digitali e artificiali, mentre i giovani sianelano a trovare insegnanti affidabili, capaci di trasmettere non solo competenze, ma saggezza.<\/span><\/span><\/span><\/span><\/p>\n<p><span dir=\"auto\" style=\"vertical-align: inherit\"><span dir=\"auto\" style=\"vertical-align: inherit\"><span dir=\"auto\" style=\"vertical-align: inherit\"><span dir=\"auto\" style=\"vertical-align: inherit\">Un incontro angelico \u00e8 sempre personale. Non pu\u00f2 essere sostituito da un download o da un chatbot.<\/span><\/span><\/span><\/span><\/p>\n<p><strong><i><span dir=\"auto\" style=\"vertical-align: inherit\"><span dir=\"auto\" style=\"vertical-align: inherit\"><span dir=\"auto\" style=\"vertical-align: inherit\"><span dir=\"auto\" style=\"vertical-align: inherit\">Il vescovo Erik Varden di Trondheim, Norvegia, \u00e8 invitato a predicare gli Esercizi Spirituali del 2026 da Papa Leone XIII.<\/span><\/span><\/span><\/span><\/i><\/strong><\/p>\n<ol>\n<li><em><strong><a href=\"https:\/\/exaudi.org\/es\/la-paz-cristiana-condicion-para-una-sociedad-transformada\/\" target=\"_blank\" rel=\"noopener\"><span dir=\"auto\" style=\"vertical-align: inherit\"><span dir=\"auto\" style=\"vertical-align: inherit\"><span dir=\"auto\" style=\"vertical-align: inherit\"><span dir=\"auto\" style=\"vertical-align: inherit\">Prima meditazione<\/span><\/span><\/span><\/span><\/a><\/strong><\/em><\/li>\n<li><em><strong><a href=\"https:\/\/exaudi.org\/es\/san-bernardo-como-guia-ideal-para-el-exodo-cuaresmal-del-ego-y-el-orgullo\/\" target=\"_blank\" rel=\"noopener\"><span dir=\"auto\" style=\"vertical-align: inherit\"><span dir=\"auto\" style=\"vertical-align: inherit\"><span dir=\"auto\" style=\"vertical-align: inherit\"><span dir=\"auto\" style=\"vertical-align: inherit\">Seconda meditazione<\/span><\/span><\/span><\/span><\/a><\/strong><\/em><\/li>\n<li><em><strong><a href=\"https:\/\/exaudi.org\/es\/como-vivir-con-la-ayuda-de-dios\/\" target=\"_blank\" rel=\"noopener\"><span dir=\"auto\" style=\"vertical-align: inherit\"><span dir=\"auto\" style=\"vertical-align: inherit\"><span dir=\"auto\" style=\"vertical-align: inherit\"><span dir=\"auto\" style=\"vertical-align: inherit\">Terza meditazione<\/span><\/span><\/span><\/span><\/a><\/strong><\/em><\/li>\n<li><em><strong><a href=\"https:\/\/exaudi.org\/es\/como-llegar-a-ser-libres\/\" target=\"_blank\" rel=\"noopener\"><span dir=\"auto\" style=\"vertical-align: inherit\"><span dir=\"auto\" style=\"vertical-align: inherit\"><span dir=\"auto\" style=\"vertical-align: inherit\"><span dir=\"auto\" style=\"vertical-align: inherit\">Quarta meditazione<\/span><\/span><\/span><\/span><\/a><\/strong><\/em><\/li>\n<li><em><strong><a href=\"https:\/\/exaudi.org\/es\/el-esplendor-de-la-verdad\/\" target=\"_blank\" rel=\"noopener\"><span dir=\"auto\" style=\"vertical-align: inherit\"><span dir=\"auto\" style=\"vertical-align: inherit\"><span dir=\"auto\" style=\"vertical-align: inherit\"><span dir=\"auto\" style=\"vertical-align: inherit\">Quinta meditazione<\/span><\/span><\/span><\/span><\/a><\/strong><\/em><\/li>\n<li><em><strong><a href=\"https:\/\/exaudi.org\/es\/las-caidas-que-purifican-y-llaman-a-la-integridad\/\" target=\"_blank\" rel=\"noopener\"><span dir=\"auto\" style=\"vertical-align: inherit\"><span dir=\"auto\" style=\"vertical-align: inherit\"><span dir=\"auto\" style=\"vertical-align: inherit\"><span dir=\"auto\" style=\"vertical-align: inherit\">Sesta meditazione<\/span><\/span><\/span><\/span><\/a><\/strong><\/em><\/li>\n<li><a href=\"https:\/\/exaudi.org\/es\/gracias-a-cristo-hay-una-gloria-oculta-que-vive-en-nosotros\/\" target=\"_blank\" rel=\"noopener\"><em><strong><span dir=\"auto\" style=\"vertical-align: inherit\"><span dir=\"auto\" style=\"vertical-align: inherit\"><span dir=\"auto\" style=\"vertical-align: inherit\"><span dir=\"auto\" style=\"vertical-align: inherit\">Settima meditazione<\/span><\/span><\/span><\/span><\/strong><\/em><\/a><\/li>\n<li><em><strong><a href=\"https:\/\/exaudi.org\/es\/un-encuentro-angelico-es-siempre-personal\/\" target=\"_blank\" rel=\"noopener\"><span dir=\"auto\" style=\"vertical-align: inherit\"><span dir=\"auto\" style=\"vertical-align: inherit\"><span dir=\"auto\" style=\"vertical-align: inherit\"><span dir=\"auto\" style=\"vertical-align: inherit\">Ottava meditazione<\/span><\/span><\/span><\/span><\/a><\/strong><\/em><\/li>\n<\/ol>\n","protected":false},"excerpt":{"rendered":"<p>Il vescovo Erik Varden offre la sua ottava riflessione questo gioved\u00ec mattina, 26 febbraio, durante gli Esercizi Spirituali in Vaticano per Papa Leone XIV, i Cardinali residenti a Roma e i Prefetti dei Dicasteri, concentrandosi sul tema &#8220;Gli angeli di Dio&#8221;<\/p>\n","protected":false},"author":17,"featured_media":159801,"comment_status":"closed","ping_status":"closed","sticky":false,"template":"","format":"standard","meta":{"_acf_changed":false,"_crdt_document":"","inline_featured_image":false,"footnotes":""},"categories":[131],"tags":[2233,98817,7626,64851,98812,98811,98814,98815,98813,98818,20612,98819,98816],"class_list":["post-159825","post","type-post","status-publish","format-standard","has-post-thumbnail","hentry","category-vaticano","tag-esercizi-spirituali","tag-esperienza-angelica","tag-featured-it","tag-featured-it-2","tag-gli-angeli-messaggeri","tag-gli-angeli-nella-vita-quotidiana","tag-incontro-con-il-divino","tag-incontro-personale-con-gli-angeli","tag-la-curia-e-papa-leone-xiv","tag-riflessione-teologica-sugli-angeli","tag-spiritualita-cattolica","tag-testimonianza-spirituale","tag-un-incontro-angelico"],"acf":[],"yoast_head":"<!-- This site is optimized with the Yoast SEO plugin v27.4 - https:\/\/yoast.com\/product\/yoast-seo-wordpress\/ -->\n<title>Un incontro angelico \u00e8 sempre personale &#8211; Exaudi<\/title>\n<meta name=\"robots\" content=\"index, follow, max-snippet:-1, max-image-preview:large, max-video-preview:-1\" \/>\n<link rel=\"canonical\" href=\"https:\/\/exaudi.org\/it\/un-incontro-angelico-e-sempre-personale\/\" \/>\n<meta property=\"og:locale\" content=\"it_IT\" \/>\n<meta property=\"og:type\" content=\"article\" \/>\n<meta property=\"og:title\" content=\"Un incontro angelico \u00e8 sempre personale &#8211; Exaudi\" \/>\n<meta property=\"og:description\" content=\"Il vescovo Erik Varden offre la sua ottava riflessione questo gioved\u00ec mattina, 26 febbraio, durante gli Esercizi Spirituali in Vaticano per Papa Leone XIV, i Cardinali residenti a Roma e i Prefetti dei Dicasteri, concentrandosi sul tema &quot;Gli angeli di Dio&quot;\" \/>\n<meta property=\"og:url\" content=\"https:\/\/exaudi.org\/it\/un-incontro-angelico-e-sempre-personale\/\" \/>\n<meta property=\"og:site_name\" content=\"Exaudi\" \/>\n<meta property=\"article:publisher\" content=\"https:\/\/www.facebook.com\/ExaudiNews\" \/>\n<meta property=\"article:author\" content=\"https:\/\/www.facebook.com\/ExaudiNotizie\/\" \/>\n<meta property=\"article:published_time\" content=\"2026-02-26T15:00:50+00:00\" \/>\n<meta property=\"og:image\" content=\"https:\/\/exaudi.org\/wp-content\/uploads\/2026\/02\/cq5dam.thumbnail.cropped.750.422-2-7.jpeg\" \/>\n\t<meta property=\"og:image:width\" content=\"750\" \/>\n\t<meta property=\"og:image:height\" content=\"422\" \/>\n\t<meta property=\"og:image:type\" content=\"image\/jpeg\" \/>\n<meta name=\"author\" content=\"Exaudi Redazione\" \/>\n<meta name=\"twitter:card\" content=\"summary_large_image\" \/>\n<meta name=\"twitter:creator\" content=\"@Exaudi_Notizie\" \/>\n<meta name=\"twitter:site\" content=\"@Exaudi_News\" \/>\n<meta name=\"twitter:label1\" content=\"Scritto da\" \/>\n\t<meta name=\"twitter:data1\" content=\"Exaudi Redazione\" \/>\n\t<meta name=\"twitter:label2\" content=\"Tempo di lettura stimato\" \/>\n\t<meta name=\"twitter:data2\" content=\"3 minuti\" \/>\n<script type=\"application\/ld+json\" class=\"yoast-schema-graph\">{\"@context\":\"https:\\\/\\\/schema.org\",\"@graph\":[{\"@type\":\"Article\",\"@id\":\"https:\\\/\\\/exaudi.org\\\/it\\\/un-incontro-angelico-e-sempre-personale\\\/#article\",\"isPartOf\":{\"@id\":\"https:\\\/\\\/exaudi.org\\\/it\\\/un-incontro-angelico-e-sempre-personale\\\/\"},\"author\":{\"name\":\"Exaudi Redazione\",\"@id\":\"https:\\\/\\\/exaudi.org\\\/#\\\/schema\\\/person\\\/e1ab6ed07c01774724dd96f925f3a5f0\"},\"headline\":\"Un incontro angelico \u00e8 sempre personale\",\"datePublished\":\"2026-02-26T15:00:50+00:00\",\"mainEntityOfPage\":{\"@id\":\"https:\\\/\\\/exaudi.org\\\/it\\\/un-incontro-angelico-e-sempre-personale\\\/\"},\"wordCount\":659,\"image\":{\"@id\":\"https:\\\/\\\/exaudi.org\\\/it\\\/un-incontro-angelico-e-sempre-personale\\\/#primaryimage\"},\"thumbnailUrl\":\"https:\\\/\\\/exaudi.org\\\/wp-content\\\/uploads\\\/2026\\\/02\\\/cq5dam.thumbnail.cropped.750.422-2-7.jpeg\",\"keywords\":[\"esercizi spirituali\",\"Esperienza angelica\",\"Featured\",\"Featured\",\"Gli angeli messaggeri\",\"Gli angeli nella vita quotidiana\",\"Incontro con il divino\",\"Incontro personale con gli angeli\",\"La Curia e Papa Leone XIV\",\"Riflessione teologica sugli angeli\",\"SPIRITUALIT\u00c0 CATTOLICA\",\"Testimonianza spirituale\",\"Un incontro angelico\"],\"articleSection\":[\"Vaticano\"],\"inLanguage\":\"it-IT\"},{\"@type\":\"WebPage\",\"@id\":\"https:\\\/\\\/exaudi.org\\\/it\\\/un-incontro-angelico-e-sempre-personale\\\/\",\"url\":\"https:\\\/\\\/exaudi.org\\\/it\\\/un-incontro-angelico-e-sempre-personale\\\/\",\"name\":\"Un incontro angelico \u00e8 sempre personale &#8211; Exaudi\",\"isPartOf\":{\"@id\":\"https:\\\/\\\/exaudi.org\\\/#website\"},\"primaryImageOfPage\":{\"@id\":\"https:\\\/\\\/exaudi.org\\\/it\\\/un-incontro-angelico-e-sempre-personale\\\/#primaryimage\"},\"image\":{\"@id\":\"https:\\\/\\\/exaudi.org\\\/it\\\/un-incontro-angelico-e-sempre-personale\\\/#primaryimage\"},\"thumbnailUrl\":\"https:\\\/\\\/exaudi.org\\\/wp-content\\\/uploads\\\/2026\\\/02\\\/cq5dam.thumbnail.cropped.750.422-2-7.jpeg\",\"datePublished\":\"2026-02-26T15:00:50+00:00\",\"author\":{\"@id\":\"https:\\\/\\\/exaudi.org\\\/#\\\/schema\\\/person\\\/e1ab6ed07c01774724dd96f925f3a5f0\"},\"breadcrumb\":{\"@id\":\"https:\\\/\\\/exaudi.org\\\/it\\\/un-incontro-angelico-e-sempre-personale\\\/#breadcrumb\"},\"inLanguage\":\"it-IT\",\"potentialAction\":[{\"@type\":\"ReadAction\",\"target\":[\"https:\\\/\\\/exaudi.org\\\/it\\\/un-incontro-angelico-e-sempre-personale\\\/\"]}]},{\"@type\":\"ImageObject\",\"inLanguage\":\"it-IT\",\"@id\":\"https:\\\/\\\/exaudi.org\\\/it\\\/un-incontro-angelico-e-sempre-personale\\\/#primaryimage\",\"url\":\"https:\\\/\\\/exaudi.org\\\/wp-content\\\/uploads\\\/2026\\\/02\\\/cq5dam.thumbnail.cropped.750.422-2-7.jpeg\",\"contentUrl\":\"https:\\\/\\\/exaudi.org\\\/wp-content\\\/uploads\\\/2026\\\/02\\\/cq5dam.thumbnail.cropped.750.422-2-7.jpeg\",\"width\":750,\"height\":422},{\"@type\":\"BreadcrumbList\",\"@id\":\"https:\\\/\\\/exaudi.org\\\/it\\\/un-incontro-angelico-e-sempre-personale\\\/#breadcrumb\",\"itemListElement\":[{\"@type\":\"ListItem\",\"position\":1,\"name\":\"Portada\",\"item\":\"https:\\\/\\\/exaudi.org\\\/it\\\/\"},{\"@type\":\"ListItem\",\"position\":2,\"name\":\"Un incontro angelico \u00e8 sempre personale\"}]},{\"@type\":\"WebSite\",\"@id\":\"https:\\\/\\\/exaudi.org\\\/#website\",\"url\":\"https:\\\/\\\/exaudi.org\\\/\",\"name\":\"Exaudi\",\"description\":\"News\",\"potentialAction\":[{\"@type\":\"SearchAction\",\"target\":{\"@type\":\"EntryPoint\",\"urlTemplate\":\"https:\\\/\\\/exaudi.org\\\/?s={search_term_string}\"},\"query-input\":{\"@type\":\"PropertyValueSpecification\",\"valueRequired\":true,\"valueName\":\"search_term_string\"}}],\"inLanguage\":\"it-IT\"},{\"@type\":\"Person\",\"@id\":\"https:\\\/\\\/exaudi.org\\\/#\\\/schema\\\/person\\\/e1ab6ed07c01774724dd96f925f3a5f0\",\"name\":\"Exaudi Redazione\",\"image\":{\"@type\":\"ImageObject\",\"inLanguage\":\"it-IT\",\"@id\":\"https:\\\/\\\/secure.gravatar.com\\\/avatar\\\/ad6774b3ada023bf5b939d64f45c94b3adf91502dd883507d469b4308a943bb3?s=96&d=mm&r=g\",\"url\":\"https:\\\/\\\/secure.gravatar.com\\\/avatar\\\/ad6774b3ada023bf5b939d64f45c94b3adf91502dd883507d469b4308a943bb3?s=96&d=mm&r=g\",\"contentUrl\":\"https:\\\/\\\/secure.gravatar.com\\\/avatar\\\/ad6774b3ada023bf5b939d64f45c94b3adf91502dd883507d469b4308a943bb3?s=96&d=mm&r=g\",\"caption\":\"Exaudi Redazione\"},\"description\":\"Che cosa \u00e8 Exaudi News? Exaudi News \u00e8 un agenzia cattolica internazionale che informa, istruisce e trasforma quotidianamente in spagnolo, inglese e italiano. Attraverso notizie, articoli di analisi e trasmissioni in diretta degli eventi del Papa, Exaudi cerca di rafforzare l'unit\u00e0 dei cristiani e di contribuire all'evangelizzazione del mondo, sempre guidato dalla dottrina sociale della Chiesa. Lavoriamo per portare la verit\u00e0 e i valori cristiani in ogni angolo del pianeta. Aiutaci a trasformare il mondo con Exaudi! Noi di Exaudi crediamo che l'evangelizzazione e l'informazione di qualit\u00e0 possano cambiare la vita. Per continuare la nostra missione ed espandere la nostra portata, abbiamo bisogno del tuo aiuto. Stiamo anche cercando persone motivate che vogliano unirsi al nostro team. Grazie al vostro sostegno raggiungeremo pi\u00f9 persone, diffonderemo il messaggio di Cristo e rafforzeremo l'unit\u00e0 dei cristiani. Vuoi unirti alla nostra missione? Per maggiori informazioni su come contribuire, visita Exaudi.org\\\/it o contattaci direttamente: info@exaudi.org Exaudi: informa, forma e trasforma.\",\"sameAs\":[\"https:\\\/\\\/www.facebook.com\\\/ExaudiNotizie\\\/\",\"https:\\\/\\\/www.instagram.com\\\/Exaudi_notizie\\\/\",\"https:\\\/\\\/x.com\\\/Exaudi_Notizie\",\"https:\\\/\\\/www.youtube.com\\\/@exaudicatholicnews\"],\"url\":\"https:\\\/\\\/exaudi.org\\\/it\\\/author\\\/dlvedi-org\\\/\"}]}<\/script>\n<!-- \/ Yoast SEO plugin. -->","yoast_head_json":{"title":"Un incontro angelico \u00e8 sempre personale &#8211; Exaudi","robots":{"index":"index","follow":"follow","max-snippet":"max-snippet:-1","max-image-preview":"max-image-preview:large","max-video-preview":"max-video-preview:-1"},"canonical":"https:\/\/exaudi.org\/it\/un-incontro-angelico-e-sempre-personale\/","og_locale":"it_IT","og_type":"article","og_title":"Un incontro angelico \u00e8 sempre personale &#8211; Exaudi","og_description":"Il vescovo Erik Varden offre la sua ottava riflessione questo gioved\u00ec mattina, 26 febbraio, durante gli Esercizi Spirituali in Vaticano per Papa Leone XIV, i Cardinali residenti a Roma e i Prefetti dei Dicasteri, concentrandosi sul tema \"Gli angeli di Dio\"","og_url":"https:\/\/exaudi.org\/it\/un-incontro-angelico-e-sempre-personale\/","og_site_name":"Exaudi","article_publisher":"https:\/\/www.facebook.com\/ExaudiNews","article_author":"https:\/\/www.facebook.com\/ExaudiNotizie\/","article_published_time":"2026-02-26T15:00:50+00:00","og_image":[{"width":750,"height":422,"url":"https:\/\/exaudi.org\/wp-content\/uploads\/2026\/02\/cq5dam.thumbnail.cropped.750.422-2-7.jpeg","type":"image\/jpeg"}],"author":"Exaudi Redazione","twitter_card":"summary_large_image","twitter_creator":"@Exaudi_Notizie","twitter_site":"@Exaudi_News","twitter_misc":{"Scritto da":"Exaudi Redazione","Tempo di lettura stimato":"3 minuti"},"schema":{"@context":"https:\/\/schema.org","@graph":[{"@type":"Article","@id":"https:\/\/exaudi.org\/it\/un-incontro-angelico-e-sempre-personale\/#article","isPartOf":{"@id":"https:\/\/exaudi.org\/it\/un-incontro-angelico-e-sempre-personale\/"},"author":{"name":"Exaudi Redazione","@id":"https:\/\/exaudi.org\/#\/schema\/person\/e1ab6ed07c01774724dd96f925f3a5f0"},"headline":"Un incontro angelico \u00e8 sempre personale","datePublished":"2026-02-26T15:00:50+00:00","mainEntityOfPage":{"@id":"https:\/\/exaudi.org\/it\/un-incontro-angelico-e-sempre-personale\/"},"wordCount":659,"image":{"@id":"https:\/\/exaudi.org\/it\/un-incontro-angelico-e-sempre-personale\/#primaryimage"},"thumbnailUrl":"https:\/\/exaudi.org\/wp-content\/uploads\/2026\/02\/cq5dam.thumbnail.cropped.750.422-2-7.jpeg","keywords":["esercizi spirituali","Esperienza angelica","Featured","Featured","Gli angeli messaggeri","Gli angeli nella vita quotidiana","Incontro con il divino","Incontro personale con gli angeli","La Curia e Papa Leone XIV","Riflessione teologica sugli angeli","SPIRITUALIT\u00c0 CATTOLICA","Testimonianza spirituale","Un incontro angelico"],"articleSection":["Vaticano"],"inLanguage":"it-IT"},{"@type":"WebPage","@id":"https:\/\/exaudi.org\/it\/un-incontro-angelico-e-sempre-personale\/","url":"https:\/\/exaudi.org\/it\/un-incontro-angelico-e-sempre-personale\/","name":"Un incontro angelico \u00e8 sempre personale &#8211; Exaudi","isPartOf":{"@id":"https:\/\/exaudi.org\/#website"},"primaryImageOfPage":{"@id":"https:\/\/exaudi.org\/it\/un-incontro-angelico-e-sempre-personale\/#primaryimage"},"image":{"@id":"https:\/\/exaudi.org\/it\/un-incontro-angelico-e-sempre-personale\/#primaryimage"},"thumbnailUrl":"https:\/\/exaudi.org\/wp-content\/uploads\/2026\/02\/cq5dam.thumbnail.cropped.750.422-2-7.jpeg","datePublished":"2026-02-26T15:00:50+00:00","author":{"@id":"https:\/\/exaudi.org\/#\/schema\/person\/e1ab6ed07c01774724dd96f925f3a5f0"},"breadcrumb":{"@id":"https:\/\/exaudi.org\/it\/un-incontro-angelico-e-sempre-personale\/#breadcrumb"},"inLanguage":"it-IT","potentialAction":[{"@type":"ReadAction","target":["https:\/\/exaudi.org\/it\/un-incontro-angelico-e-sempre-personale\/"]}]},{"@type":"ImageObject","inLanguage":"it-IT","@id":"https:\/\/exaudi.org\/it\/un-incontro-angelico-e-sempre-personale\/#primaryimage","url":"https:\/\/exaudi.org\/wp-content\/uploads\/2026\/02\/cq5dam.thumbnail.cropped.750.422-2-7.jpeg","contentUrl":"https:\/\/exaudi.org\/wp-content\/uploads\/2026\/02\/cq5dam.thumbnail.cropped.750.422-2-7.jpeg","width":750,"height":422},{"@type":"BreadcrumbList","@id":"https:\/\/exaudi.org\/it\/un-incontro-angelico-e-sempre-personale\/#breadcrumb","itemListElement":[{"@type":"ListItem","position":1,"name":"Portada","item":"https:\/\/exaudi.org\/it\/"},{"@type":"ListItem","position":2,"name":"Un incontro angelico \u00e8 sempre personale"}]},{"@type":"WebSite","@id":"https:\/\/exaudi.org\/#website","url":"https:\/\/exaudi.org\/","name":"Exaudi","description":"News","potentialAction":[{"@type":"SearchAction","target":{"@type":"EntryPoint","urlTemplate":"https:\/\/exaudi.org\/?s={search_term_string}"},"query-input":{"@type":"PropertyValueSpecification","valueRequired":true,"valueName":"search_term_string"}}],"inLanguage":"it-IT"},{"@type":"Person","@id":"https:\/\/exaudi.org\/#\/schema\/person\/e1ab6ed07c01774724dd96f925f3a5f0","name":"Exaudi Redazione","image":{"@type":"ImageObject","inLanguage":"it-IT","@id":"https:\/\/secure.gravatar.com\/avatar\/ad6774b3ada023bf5b939d64f45c94b3adf91502dd883507d469b4308a943bb3?s=96&d=mm&r=g","url":"https:\/\/secure.gravatar.com\/avatar\/ad6774b3ada023bf5b939d64f45c94b3adf91502dd883507d469b4308a943bb3?s=96&d=mm&r=g","contentUrl":"https:\/\/secure.gravatar.com\/avatar\/ad6774b3ada023bf5b939d64f45c94b3adf91502dd883507d469b4308a943bb3?s=96&d=mm&r=g","caption":"Exaudi Redazione"},"description":"Che cosa \u00e8 Exaudi News? Exaudi News \u00e8 un agenzia cattolica internazionale che informa, istruisce e trasforma quotidianamente in spagnolo, inglese e italiano. Attraverso notizie, articoli di analisi e trasmissioni in diretta degli eventi del Papa, Exaudi cerca di rafforzare l'unit\u00e0 dei cristiani e di contribuire all'evangelizzazione del mondo, sempre guidato dalla dottrina sociale della Chiesa. Lavoriamo per portare la verit\u00e0 e i valori cristiani in ogni angolo del pianeta. Aiutaci a trasformare il mondo con Exaudi! Noi di Exaudi crediamo che l'evangelizzazione e l'informazione di qualit\u00e0 possano cambiare la vita. Per continuare la nostra missione ed espandere la nostra portata, abbiamo bisogno del tuo aiuto. Stiamo anche cercando persone motivate che vogliano unirsi al nostro team. Grazie al vostro sostegno raggiungeremo pi\u00f9 persone, diffonderemo il messaggio di Cristo e rafforzeremo l'unit\u00e0 dei cristiani. Vuoi unirti alla nostra missione? Per maggiori informazioni su come contribuire, visita Exaudi.org\/it o contattaci direttamente: info@exaudi.org Exaudi: informa, forma e trasforma.","sameAs":["https:\/\/www.facebook.com\/ExaudiNotizie\/","https:\/\/www.instagram.com\/Exaudi_notizie\/","https:\/\/x.com\/Exaudi_Notizie","https:\/\/www.youtube.com\/@exaudicatholicnews"],"url":"https:\/\/exaudi.org\/it\/author\/dlvedi-org\/"}]}},"jetpack_featured_media_url":"https:\/\/exaudi.org\/wp-content\/uploads\/2026\/02\/cq5dam.thumbnail.cropped.750.422-2-7.jpeg","jetpack_shortlink":"https:\/\/wp.me\/pgKjF2-FzP","_links":{"self":[{"href":"https:\/\/exaudi.org\/it\/wp-json\/wp\/v2\/posts\/159825","targetHints":{"allow":["GET"]}}],"collection":[{"href":"https:\/\/exaudi.org\/it\/wp-json\/wp\/v2\/posts"}],"about":[{"href":"https:\/\/exaudi.org\/it\/wp-json\/wp\/v2\/types\/post"}],"author":[{"embeddable":true,"href":"https:\/\/exaudi.org\/it\/wp-json\/wp\/v2\/users\/17"}],"replies":[{"embeddable":true,"href":"https:\/\/exaudi.org\/it\/wp-json\/wp\/v2\/comments?post=159825"}],"version-history":[{"count":7,"href":"https:\/\/exaudi.org\/it\/wp-json\/wp\/v2\/posts\/159825\/revisions"}],"predecessor-version":[{"id":159832,"href":"https:\/\/exaudi.org\/it\/wp-json\/wp\/v2\/posts\/159825\/revisions\/159832"}],"wp:featuredmedia":[{"embeddable":true,"href":"https:\/\/exaudi.org\/it\/wp-json\/wp\/v2\/media\/159801"}],"wp:attachment":[{"href":"https:\/\/exaudi.org\/it\/wp-json\/wp\/v2\/media?parent=159825"}],"wp:term":[{"taxonomy":"category","embeddable":true,"href":"https:\/\/exaudi.org\/it\/wp-json\/wp\/v2\/categories?post=159825"},{"taxonomy":"post_tag","embeddable":true,"href":"https:\/\/exaudi.org\/it\/wp-json\/wp\/v2\/tags?post=159825"}],"curies":[{"name":"wp","href":"https:\/\/api.w.org\/{rel}","templated":true}]}}