{"id":159236,"date":"2026-02-23T17:01:19","date_gmt":"2026-02-23T16:01:19","guid":{"rendered":"https:\/\/exaudi.org\/?p=159236"},"modified":"2026-02-23T17:01:19","modified_gmt":"2026-02-23T16:01:19","slug":"quando-il-ritiro-diventa-creazione","status":"publish","type":"post","link":"https:\/\/exaudi.org\/it\/quando-il-ritiro-diventa-creazione\/","title":{"rendered":"Quando il ritiro diventa creazione"},"content":{"rendered":"<p class=\"wp-block-paragraph\"><span dir=\"auto\" style=\"vertical-align: inherit\"><span dir=\"auto\" style=\"vertical-align: inherit\">Nei primi anni Settanta, lo scrittore Juan Gil-Albert (1904-1994) pubblicava regolarmente rubriche domenicali sul quotidiano valenciano\u00a0 <\/span><\/span><em><span dir=\"auto\" style=\"vertical-align: inherit\"><span dir=\"auto\" style=\"vertical-align: inherit\">Las Provincias<\/span><\/span><\/em><span dir=\"auto\" style=\"vertical-align: inherit\"><span dir=\"auto\" style=\"vertical-align: inherit\"> . In questi articoli, l&#8217;autore, originario di Alcoy, intrecciava meticolosamente la sua storia strettamente personale con quella collettiva, in una sorta di meditazione autobiografica: descrizioni dettagliate della sua vita familiare, del paesaggio della sua terra natale, riferimenti letterari, eventi, spettacoli, avvenimenti artistici, culturali e storici, viaggi&#8230;<\/span><\/span><\/p>\n<p><span dir=\"auto\" style=\"vertical-align: inherit\"><span dir=\"auto\" style=\"vertical-align: inherit\">Queste accattivanti memorie furono pubblicate in un libro nel 1995 con il titolo &#8221; <\/span><\/span><em><span dir=\"auto\" style=\"vertical-align: inherit\"><span dir=\"auto\" style=\"vertical-align: inherit\">Cronaca Generale&#8221;<\/span><\/span><\/em><span dir=\"auto\" style=\"vertical-align: inherit\"><span dir=\"auto\" style=\"vertical-align: inherit\"> . Con un&#8217;aria di aristocratica intimit\u00e0, parlano di un&#8217;epoca passata, ma recuperata con la forza di chi conosce il destino di una vita controcorrente. La sua prosa \u2013 brillante, mediterranea e profondamente intrecciata con la poesia \u2013 ricrea con delicata sensibilit\u00e0 il fascino dell&#8217;esperienza vissuta e racchiude la sua estetica della vita, fondata su una posizione etica contraria a tutto ci\u00f2 che limita la libert\u00e0.<\/span><\/span><\/p>\n<div class=\"wordads-ad-wrapper wordads-ad-wrapper--inline\">\n<div class=\"wordads-ad wordads-ad-responsive\">\n<div class=\"wordads-ad-title\">\n<p class=\"wp-block-paragraph\"><span dir=\"auto\" style=\"vertical-align: inherit\"><span dir=\"auto\" style=\"vertical-align: inherit\">Furono questi atteggiamenti a spingerlo a partire, prima per il Messico e poi per Buenos Aires, prima di tornare definitivamente a Valencia nel 1947. L\u00ec si immerse in un periodo di ritiro personale, un periodo di prolifica creativit\u00e0: il suo esilio interiore. Tuttavia, la copertura giornalistica della sua opera negli anni Settanta lo port\u00f2 a un pubblico pi\u00f9 ampio. Prestigiosi editori promossero la sua scrittura e la sua consacrazione letteraria arriv\u00f2 nel 1982 con l&#8217;assegnazione del Premio Valenciano di Lettere. Da quel momento in poi, inizi\u00f2 anche un periodo di riconoscimenti sociali: la Medaglia al Merito delle Belle Arti, un dottorato honoris causa, la presidenza del Consiglio Valenciano della Cultura\u2026<\/span><\/span><\/p>\n<p class=\"wp-block-paragraph\"><span dir=\"auto\" style=\"vertical-align: inherit\"><span dir=\"auto\" style=\"vertical-align: inherit\">Tra tutti gli aspetti della sua vita, mi ha particolarmente colpito il suddetto &#8220;esilio interiore&#8221;, che non \u00e8 semplicemente una fase letteraria con una data di scadenza, ma rappresenta piuttosto il suo spirito vitale pi\u00f9 genuino. La personalit\u00e0 introspettiva di questo creatore nato ad Alicante lo ha portato a un atteggiamento militantemente contemplativo: &#8220;La mia casa era il mio mondo, il Mondo. Da esso ho tratto tutto: una casa con pareti di vetro aperte sull&#8217;orizzonte. Una specie di serra? Ma con tempeste&#8221;. In virt\u00f9 di questa disposizione, ha vissuto l&#8217;evocazione indelebile della sua infanzia, in cui &#8220;tutto vive in perpetuo: la luce, l&#8217;estate, il profumo, il passaggio dei treni, il bruciore dei ricordi&#8230;&#8221;<\/span><\/span><\/p>\n<p class=\"wp-block-paragraph\"><span dir=\"auto\" style=\"vertical-align: inherit\"><span dir=\"auto\" style=\"vertical-align: inherit\">Da questa prospettiva, possiamo comprendere la sua affermazione in\u00a0 <\/span><\/span><em><span dir=\"auto\" style=\"vertical-align: inherit\"><span dir=\"auto\" style=\"vertical-align: inherit\">Breviarium vitae<\/span><\/span><\/em><span dir=\"auto\" style=\"vertical-align: inherit\"><span dir=\"auto\" style=\"vertical-align: inherit\"> : &#8220;Avere un destino \u00e8 sentirsi improvvisamente impegnati in un&#8217;impresa interiore&#8221;. In questo libro, che raccoglie oltre trent&#8217;anni di appunti, acquisiamo una profonda comprensione del suo autore, dell&#8217;impatto del suo pensiero sulla sua evoluzione personale e della narrazione della condizione umana. La sua conoscenza di questa condizione lo port\u00f2 ad affermare: &#8220;La vera spiritualit\u00e0 non consiste nell'&#8221;occuparsi&#8221; di cose spirituali, ma nell&#8217;essere spirito, nell&#8217;accogliere dentro di noi quella fiamma imminente, che si accende e cresce nei nostri corpi con fervore sempre crescente mentre moriamo gradualmente&#8221;.<\/span><\/span><\/p>\n<p class=\"wp-block-paragraph\"><span dir=\"auto\" style=\"vertical-align: inherit\"><span dir=\"auto\" style=\"vertical-align: inherit\">Gil-Albert comprese la natura dell&#8217;amore (&#8220;amare veramente significa concentrare l&#8217;attrazione del cosmo su qualcuno&#8221;) e il suo carattere nutriente (&#8220;l&#8217;amato risveglia nell&#8217;amante la totalit\u00e0 che porta dentro&#8221;), ma anche l&#8217;impotenza della sua assenza (&#8220;se la persona amata ci viene negata, siamo divisi da una dolorosa sensazione di qualcosa di incompleto&#8221;), il significato della solitudine (&#8220;quando ci rendiamo conto di trovarci in una solitudine assoluta, improvvisamente apprezziamo la natura insolita del nostro destino&#8221;) e la sua utilit\u00e0 per la sopravvivenza (&#8220;il brivido che accompagna questo tipo di scoperta fatale ci tempra&#8221;).<\/span><\/span><\/p>\n<p class=\"wp-block-paragraph\"><span dir=\"auto\" style=\"vertical-align: inherit\"><span dir=\"auto\" style=\"vertical-align: inherit\">Con questa saggezza, il suo mestiere di scrivere la vita e di vivere attraverso la scrittura era inevitabile: &#8220;Scrivere quotidianamente \u00e8 stata la mia realizzazione. Un modo per comprendere gradualmente, giorno dopo giorno, le indole di quest&#8217;uomo che mi era, in larga misura, sconosciuto. Ma accade anche che ci\u00f2 che viene annotato un giorno nella pi\u00f9 stretta riservatezza possa diventare, in altre mani, qualcosa di visto dall&#8217;esterno e che, quindi, acquisisce il tocco personale di uno stile&#8230; Scrivo per chiarire le cose a me stesso e condivido ci\u00f2 che scrivo nel caso in cui questo percorso che sto intraprendendo possa, in qualche modo, aiutare altri&#8221;. Rendo testimonianza e ringrazio per l&#8217;efficacia di quest&#8217;ultimo scopo. La sua dedizione valeva ampiamente l&#8217;esilio interiore!<\/span><\/span><\/p>\n<p><a href=\"https:\/\/dametresminutos.wordpress.com\/2026\/02\/20\/exilio-interior-por-pedro-paricio-aucejo\/\" target=\"_blank\" rel=\"noopener\"><em><strong><span dir=\"auto\" style=\"vertical-align: inherit\"><span dir=\"auto\" style=\"vertical-align: inherit\">Pedro Paricio. Dammi tre minuti<\/span><\/span><\/strong><\/em><\/a><\/p>\n<\/div>\n<\/div>\n<\/div>\n","protected":false},"excerpt":{"rendered":"<p>Esilio interiore<\/p>\n","protected":false},"author":17,"featured_media":158854,"comment_status":"closed","ping_status":"closed","sticky":false,"template":"","format":"standard","meta":{"_acf_changed":false,"_crdt_document":"","inline_featured_image":false,"footnotes":""},"categories":[129],"tags":[98068,98069,19982,98070,98071,74691,98076,98077,98075,98078,98079,98080,98081,98082,98083,72485,98084,98085,98086,98072,98073,98074,64787,98087],"class_list":["post-159236","post","type-post","status-publish","format-standard","has-post-thumbnail","hentry","category-voci","tag-amore-e-solitudine","tag-breviarium-vitae-2","tag-buenos-aires-2","tag-consell-valencia-de-cultura-2","tag-cronaca-generale","tag-dammi-tre-minuti","tag-esilio-interiore","tag-esilio-messicano","tag-etica-della-liberta","tag-introspezione-letteraria","tag-juan-gil-albert-2","tag-letteratura-spagnola-del-xx-secolo","tag-letteratura-valenciana","tag-meditazione-autobiografica","tag-memoria-personale-e-collettiva","tag-pedro-paricio-2","tag-premio-di-lettere-valenciane","tag-prosa-poetica-2","tag-ritiro-creativo","tag-scrittore-di-alcoy","tag-scrivere-come-realizzazione-personale","tag-spiritualita-mediterranea","tag-trending-it-236","tag-valencia-del-dopoguerra"],"acf":[],"yoast_head":"<!-- This site is optimized with the Yoast SEO plugin v27.4 - https:\/\/yoast.com\/product\/yoast-seo-wordpress\/ -->\n<title>Quando il ritiro diventa creazione &#8211; Exaudi<\/title>\n<meta name=\"robots\" content=\"index, follow, max-snippet:-1, max-image-preview:large, max-video-preview:-1\" \/>\n<link rel=\"canonical\" href=\"https:\/\/exaudi.org\/it\/quando-il-ritiro-diventa-creazione\/\" \/>\n<meta property=\"og:locale\" content=\"it_IT\" \/>\n<meta property=\"og:type\" content=\"article\" \/>\n<meta property=\"og:title\" content=\"Quando il ritiro diventa creazione &#8211; Exaudi\" \/>\n<meta property=\"og:description\" content=\"Esilio interiore\" \/>\n<meta property=\"og:url\" content=\"https:\/\/exaudi.org\/it\/quando-il-ritiro-diventa-creazione\/\" \/>\n<meta property=\"og:site_name\" content=\"Exaudi\" \/>\n<meta property=\"article:publisher\" content=\"https:\/\/www.facebook.com\/ExaudiNews\" \/>\n<meta property=\"article:author\" content=\"https:\/\/www.facebook.com\/ExaudiNotizie\/\" \/>\n<meta property=\"article:published_time\" content=\"2026-02-23T16:01:19+00:00\" \/>\n<meta property=\"og:image\" content=\"https:\/\/exaudi.org\/wp-content\/uploads\/2026\/02\/foto-exilio-interior.jpg\" \/>\n\t<meta property=\"og:image:width\" content=\"844\" \/>\n\t<meta property=\"og:image:height\" content=\"507\" \/>\n\t<meta property=\"og:image:type\" content=\"image\/jpeg\" \/>\n<meta name=\"author\" content=\"Exaudi Redazione\" \/>\n<meta name=\"twitter:card\" content=\"summary_large_image\" \/>\n<meta name=\"twitter:creator\" content=\"@Exaudi_Notizie\" \/>\n<meta name=\"twitter:site\" content=\"@Exaudi_News\" \/>\n<meta name=\"twitter:label1\" content=\"Scritto da\" \/>\n\t<meta name=\"twitter:data1\" content=\"Exaudi Redazione\" \/>\n\t<meta name=\"twitter:label2\" content=\"Tempo di lettura stimato\" \/>\n\t<meta name=\"twitter:data2\" content=\"3 minuti\" \/>\n<script type=\"application\/ld+json\" class=\"yoast-schema-graph\">{\"@context\":\"https:\\\/\\\/schema.org\",\"@graph\":[{\"@type\":\"Article\",\"@id\":\"https:\\\/\\\/exaudi.org\\\/it\\\/quando-il-ritiro-diventa-creazione\\\/#article\",\"isPartOf\":{\"@id\":\"https:\\\/\\\/exaudi.org\\\/it\\\/quando-il-ritiro-diventa-creazione\\\/\"},\"author\":{\"name\":\"Exaudi Redazione\",\"@id\":\"https:\\\/\\\/exaudi.org\\\/#\\\/schema\\\/person\\\/e1ab6ed07c01774724dd96f925f3a5f0\"},\"headline\":\"Quando il ritiro diventa creazione\",\"datePublished\":\"2026-02-23T16:01:19+00:00\",\"mainEntityOfPage\":{\"@id\":\"https:\\\/\\\/exaudi.org\\\/it\\\/quando-il-ritiro-diventa-creazione\\\/\"},\"wordCount\":697,\"image\":{\"@id\":\"https:\\\/\\\/exaudi.org\\\/it\\\/quando-il-ritiro-diventa-creazione\\\/#primaryimage\"},\"thumbnailUrl\":\"https:\\\/\\\/exaudi.org\\\/wp-content\\\/uploads\\\/2026\\\/02\\\/foto-exilio-interior.jpg\",\"keywords\":[\"Amore e solitudine\",\"Breviarium Vitae\",\"BUENOS AIRES\",\"Consell Valenci\u00e0 de Cultura\",\"Cronaca generale\",\"Dammi tre minuti\",\"Esilio interiore\",\"Esilio messicano\",\"Etica della libert\u00e0\",\"Introspezione letteraria\",\"Juan Gil-Albert\",\"Letteratura spagnola del XX secolo\",\"Letteratura valenciana\",\"Meditazione autobiografica\",\"Memoria personale e collettiva\",\"Pedro Paricio\",\"Premio di lettere valenciane\",\"Prosa poetica\",\"Ritiro creativo\",\"Scrittore di Alcoy\",\"Scrivere come realizzazione personale\",\"Spiritualit\u00e0 mediterranea\",\"Trending\",\"Valencia del dopoguerra\"],\"articleSection\":[\"Voci\"],\"inLanguage\":\"it-IT\"},{\"@type\":\"WebPage\",\"@id\":\"https:\\\/\\\/exaudi.org\\\/it\\\/quando-il-ritiro-diventa-creazione\\\/\",\"url\":\"https:\\\/\\\/exaudi.org\\\/it\\\/quando-il-ritiro-diventa-creazione\\\/\",\"name\":\"Quando il ritiro diventa creazione &#8211; Exaudi\",\"isPartOf\":{\"@id\":\"https:\\\/\\\/exaudi.org\\\/#website\"},\"primaryImageOfPage\":{\"@id\":\"https:\\\/\\\/exaudi.org\\\/it\\\/quando-il-ritiro-diventa-creazione\\\/#primaryimage\"},\"image\":{\"@id\":\"https:\\\/\\\/exaudi.org\\\/it\\\/quando-il-ritiro-diventa-creazione\\\/#primaryimage\"},\"thumbnailUrl\":\"https:\\\/\\\/exaudi.org\\\/wp-content\\\/uploads\\\/2026\\\/02\\\/foto-exilio-interior.jpg\",\"datePublished\":\"2026-02-23T16:01:19+00:00\",\"author\":{\"@id\":\"https:\\\/\\\/exaudi.org\\\/#\\\/schema\\\/person\\\/e1ab6ed07c01774724dd96f925f3a5f0\"},\"breadcrumb\":{\"@id\":\"https:\\\/\\\/exaudi.org\\\/it\\\/quando-il-ritiro-diventa-creazione\\\/#breadcrumb\"},\"inLanguage\":\"it-IT\",\"potentialAction\":[{\"@type\":\"ReadAction\",\"target\":[\"https:\\\/\\\/exaudi.org\\\/it\\\/quando-il-ritiro-diventa-creazione\\\/\"]}]},{\"@type\":\"ImageObject\",\"inLanguage\":\"it-IT\",\"@id\":\"https:\\\/\\\/exaudi.org\\\/it\\\/quando-il-ritiro-diventa-creazione\\\/#primaryimage\",\"url\":\"https:\\\/\\\/exaudi.org\\\/wp-content\\\/uploads\\\/2026\\\/02\\\/foto-exilio-interior.jpg\",\"contentUrl\":\"https:\\\/\\\/exaudi.org\\\/wp-content\\\/uploads\\\/2026\\\/02\\\/foto-exilio-interior.jpg\",\"width\":844,\"height\":507},{\"@type\":\"BreadcrumbList\",\"@id\":\"https:\\\/\\\/exaudi.org\\\/it\\\/quando-il-ritiro-diventa-creazione\\\/#breadcrumb\",\"itemListElement\":[{\"@type\":\"ListItem\",\"position\":1,\"name\":\"Portada\",\"item\":\"https:\\\/\\\/exaudi.org\\\/it\\\/\"},{\"@type\":\"ListItem\",\"position\":2,\"name\":\"Quando il ritiro diventa creazione\"}]},{\"@type\":\"WebSite\",\"@id\":\"https:\\\/\\\/exaudi.org\\\/#website\",\"url\":\"https:\\\/\\\/exaudi.org\\\/\",\"name\":\"Exaudi\",\"description\":\"News\",\"potentialAction\":[{\"@type\":\"SearchAction\",\"target\":{\"@type\":\"EntryPoint\",\"urlTemplate\":\"https:\\\/\\\/exaudi.org\\\/?s={search_term_string}\"},\"query-input\":{\"@type\":\"PropertyValueSpecification\",\"valueRequired\":true,\"valueName\":\"search_term_string\"}}],\"inLanguage\":\"it-IT\"},{\"@type\":\"Person\",\"@id\":\"https:\\\/\\\/exaudi.org\\\/#\\\/schema\\\/person\\\/e1ab6ed07c01774724dd96f925f3a5f0\",\"name\":\"Exaudi Redazione\",\"image\":{\"@type\":\"ImageObject\",\"inLanguage\":\"it-IT\",\"@id\":\"https:\\\/\\\/secure.gravatar.com\\\/avatar\\\/ad6774b3ada023bf5b939d64f45c94b3adf91502dd883507d469b4308a943bb3?s=96&d=mm&r=g\",\"url\":\"https:\\\/\\\/secure.gravatar.com\\\/avatar\\\/ad6774b3ada023bf5b939d64f45c94b3adf91502dd883507d469b4308a943bb3?s=96&d=mm&r=g\",\"contentUrl\":\"https:\\\/\\\/secure.gravatar.com\\\/avatar\\\/ad6774b3ada023bf5b939d64f45c94b3adf91502dd883507d469b4308a943bb3?s=96&d=mm&r=g\",\"caption\":\"Exaudi Redazione\"},\"description\":\"Che cosa \u00e8 Exaudi News? Exaudi News \u00e8 un agenzia cattolica internazionale che informa, istruisce e trasforma quotidianamente in spagnolo, inglese e italiano. Attraverso notizie, articoli di analisi e trasmissioni in diretta degli eventi del Papa, Exaudi cerca di rafforzare l'unit\u00e0 dei cristiani e di contribuire all'evangelizzazione del mondo, sempre guidato dalla dottrina sociale della Chiesa. Lavoriamo per portare la verit\u00e0 e i valori cristiani in ogni angolo del pianeta. Aiutaci a trasformare il mondo con Exaudi! Noi di Exaudi crediamo che l'evangelizzazione e l'informazione di qualit\u00e0 possano cambiare la vita. Per continuare la nostra missione ed espandere la nostra portata, abbiamo bisogno del tuo aiuto. Stiamo anche cercando persone motivate che vogliano unirsi al nostro team. Grazie al vostro sostegno raggiungeremo pi\u00f9 persone, diffonderemo il messaggio di Cristo e rafforzeremo l'unit\u00e0 dei cristiani. Vuoi unirti alla nostra missione? Per maggiori informazioni su come contribuire, visita Exaudi.org\\\/it o contattaci direttamente: info@exaudi.org Exaudi: informa, forma e trasforma.\",\"sameAs\":[\"https:\\\/\\\/www.facebook.com\\\/ExaudiNotizie\\\/\",\"https:\\\/\\\/www.instagram.com\\\/Exaudi_notizie\\\/\",\"https:\\\/\\\/x.com\\\/Exaudi_Notizie\",\"https:\\\/\\\/www.youtube.com\\\/@exaudicatholicnews\"],\"url\":\"https:\\\/\\\/exaudi.org\\\/it\\\/author\\\/dlvedi-org\\\/\"}]}<\/script>\n<!-- \/ Yoast SEO plugin. -->","yoast_head_json":{"title":"Quando il ritiro diventa creazione &#8211; Exaudi","robots":{"index":"index","follow":"follow","max-snippet":"max-snippet:-1","max-image-preview":"max-image-preview:large","max-video-preview":"max-video-preview:-1"},"canonical":"https:\/\/exaudi.org\/it\/quando-il-ritiro-diventa-creazione\/","og_locale":"it_IT","og_type":"article","og_title":"Quando il ritiro diventa creazione &#8211; Exaudi","og_description":"Esilio interiore","og_url":"https:\/\/exaudi.org\/it\/quando-il-ritiro-diventa-creazione\/","og_site_name":"Exaudi","article_publisher":"https:\/\/www.facebook.com\/ExaudiNews","article_author":"https:\/\/www.facebook.com\/ExaudiNotizie\/","article_published_time":"2026-02-23T16:01:19+00:00","og_image":[{"width":844,"height":507,"url":"https:\/\/exaudi.org\/wp-content\/uploads\/2026\/02\/foto-exilio-interior.jpg","type":"image\/jpeg"}],"author":"Exaudi Redazione","twitter_card":"summary_large_image","twitter_creator":"@Exaudi_Notizie","twitter_site":"@Exaudi_News","twitter_misc":{"Scritto da":"Exaudi Redazione","Tempo di lettura stimato":"3 minuti"},"schema":{"@context":"https:\/\/schema.org","@graph":[{"@type":"Article","@id":"https:\/\/exaudi.org\/it\/quando-il-ritiro-diventa-creazione\/#article","isPartOf":{"@id":"https:\/\/exaudi.org\/it\/quando-il-ritiro-diventa-creazione\/"},"author":{"name":"Exaudi Redazione","@id":"https:\/\/exaudi.org\/#\/schema\/person\/e1ab6ed07c01774724dd96f925f3a5f0"},"headline":"Quando il ritiro diventa creazione","datePublished":"2026-02-23T16:01:19+00:00","mainEntityOfPage":{"@id":"https:\/\/exaudi.org\/it\/quando-il-ritiro-diventa-creazione\/"},"wordCount":697,"image":{"@id":"https:\/\/exaudi.org\/it\/quando-il-ritiro-diventa-creazione\/#primaryimage"},"thumbnailUrl":"https:\/\/exaudi.org\/wp-content\/uploads\/2026\/02\/foto-exilio-interior.jpg","keywords":["Amore e solitudine","Breviarium Vitae","BUENOS AIRES","Consell Valenci\u00e0 de Cultura","Cronaca generale","Dammi tre minuti","Esilio interiore","Esilio messicano","Etica della libert\u00e0","Introspezione letteraria","Juan Gil-Albert","Letteratura spagnola del XX secolo","Letteratura valenciana","Meditazione autobiografica","Memoria personale e collettiva","Pedro Paricio","Premio di lettere valenciane","Prosa poetica","Ritiro creativo","Scrittore di Alcoy","Scrivere come realizzazione personale","Spiritualit\u00e0 mediterranea","Trending","Valencia del dopoguerra"],"articleSection":["Voci"],"inLanguage":"it-IT"},{"@type":"WebPage","@id":"https:\/\/exaudi.org\/it\/quando-il-ritiro-diventa-creazione\/","url":"https:\/\/exaudi.org\/it\/quando-il-ritiro-diventa-creazione\/","name":"Quando il ritiro diventa creazione &#8211; Exaudi","isPartOf":{"@id":"https:\/\/exaudi.org\/#website"},"primaryImageOfPage":{"@id":"https:\/\/exaudi.org\/it\/quando-il-ritiro-diventa-creazione\/#primaryimage"},"image":{"@id":"https:\/\/exaudi.org\/it\/quando-il-ritiro-diventa-creazione\/#primaryimage"},"thumbnailUrl":"https:\/\/exaudi.org\/wp-content\/uploads\/2026\/02\/foto-exilio-interior.jpg","datePublished":"2026-02-23T16:01:19+00:00","author":{"@id":"https:\/\/exaudi.org\/#\/schema\/person\/e1ab6ed07c01774724dd96f925f3a5f0"},"breadcrumb":{"@id":"https:\/\/exaudi.org\/it\/quando-il-ritiro-diventa-creazione\/#breadcrumb"},"inLanguage":"it-IT","potentialAction":[{"@type":"ReadAction","target":["https:\/\/exaudi.org\/it\/quando-il-ritiro-diventa-creazione\/"]}]},{"@type":"ImageObject","inLanguage":"it-IT","@id":"https:\/\/exaudi.org\/it\/quando-il-ritiro-diventa-creazione\/#primaryimage","url":"https:\/\/exaudi.org\/wp-content\/uploads\/2026\/02\/foto-exilio-interior.jpg","contentUrl":"https:\/\/exaudi.org\/wp-content\/uploads\/2026\/02\/foto-exilio-interior.jpg","width":844,"height":507},{"@type":"BreadcrumbList","@id":"https:\/\/exaudi.org\/it\/quando-il-ritiro-diventa-creazione\/#breadcrumb","itemListElement":[{"@type":"ListItem","position":1,"name":"Portada","item":"https:\/\/exaudi.org\/it\/"},{"@type":"ListItem","position":2,"name":"Quando il ritiro diventa creazione"}]},{"@type":"WebSite","@id":"https:\/\/exaudi.org\/#website","url":"https:\/\/exaudi.org\/","name":"Exaudi","description":"News","potentialAction":[{"@type":"SearchAction","target":{"@type":"EntryPoint","urlTemplate":"https:\/\/exaudi.org\/?s={search_term_string}"},"query-input":{"@type":"PropertyValueSpecification","valueRequired":true,"valueName":"search_term_string"}}],"inLanguage":"it-IT"},{"@type":"Person","@id":"https:\/\/exaudi.org\/#\/schema\/person\/e1ab6ed07c01774724dd96f925f3a5f0","name":"Exaudi Redazione","image":{"@type":"ImageObject","inLanguage":"it-IT","@id":"https:\/\/secure.gravatar.com\/avatar\/ad6774b3ada023bf5b939d64f45c94b3adf91502dd883507d469b4308a943bb3?s=96&d=mm&r=g","url":"https:\/\/secure.gravatar.com\/avatar\/ad6774b3ada023bf5b939d64f45c94b3adf91502dd883507d469b4308a943bb3?s=96&d=mm&r=g","contentUrl":"https:\/\/secure.gravatar.com\/avatar\/ad6774b3ada023bf5b939d64f45c94b3adf91502dd883507d469b4308a943bb3?s=96&d=mm&r=g","caption":"Exaudi Redazione"},"description":"Che cosa \u00e8 Exaudi News? Exaudi News \u00e8 un agenzia cattolica internazionale che informa, istruisce e trasforma quotidianamente in spagnolo, inglese e italiano. Attraverso notizie, articoli di analisi e trasmissioni in diretta degli eventi del Papa, Exaudi cerca di rafforzare l'unit\u00e0 dei cristiani e di contribuire all'evangelizzazione del mondo, sempre guidato dalla dottrina sociale della Chiesa. Lavoriamo per portare la verit\u00e0 e i valori cristiani in ogni angolo del pianeta. Aiutaci a trasformare il mondo con Exaudi! Noi di Exaudi crediamo che l'evangelizzazione e l'informazione di qualit\u00e0 possano cambiare la vita. Per continuare la nostra missione ed espandere la nostra portata, abbiamo bisogno del tuo aiuto. Stiamo anche cercando persone motivate che vogliano unirsi al nostro team. Grazie al vostro sostegno raggiungeremo pi\u00f9 persone, diffonderemo il messaggio di Cristo e rafforzeremo l'unit\u00e0 dei cristiani. Vuoi unirti alla nostra missione? Per maggiori informazioni su come contribuire, visita Exaudi.org\/it o contattaci direttamente: info@exaudi.org Exaudi: informa, forma e trasforma.","sameAs":["https:\/\/www.facebook.com\/ExaudiNotizie\/","https:\/\/www.instagram.com\/Exaudi_notizie\/","https:\/\/x.com\/Exaudi_Notizie","https:\/\/www.youtube.com\/@exaudicatholicnews"],"url":"https:\/\/exaudi.org\/it\/author\/dlvedi-org\/"}]}},"jetpack_featured_media_url":"https:\/\/exaudi.org\/wp-content\/uploads\/2026\/02\/foto-exilio-interior.jpg","jetpack_shortlink":"https:\/\/wp.me\/pgKjF2-Fqk","_links":{"self":[{"href":"https:\/\/exaudi.org\/it\/wp-json\/wp\/v2\/posts\/159236","targetHints":{"allow":["GET"]}}],"collection":[{"href":"https:\/\/exaudi.org\/it\/wp-json\/wp\/v2\/posts"}],"about":[{"href":"https:\/\/exaudi.org\/it\/wp-json\/wp\/v2\/types\/post"}],"author":[{"embeddable":true,"href":"https:\/\/exaudi.org\/it\/wp-json\/wp\/v2\/users\/17"}],"replies":[{"embeddable":true,"href":"https:\/\/exaudi.org\/it\/wp-json\/wp\/v2\/comments?post=159236"}],"version-history":[{"count":3,"href":"https:\/\/exaudi.org\/it\/wp-json\/wp\/v2\/posts\/159236\/revisions"}],"predecessor-version":[{"id":159247,"href":"https:\/\/exaudi.org\/it\/wp-json\/wp\/v2\/posts\/159236\/revisions\/159247"}],"wp:featuredmedia":[{"embeddable":true,"href":"https:\/\/exaudi.org\/it\/wp-json\/wp\/v2\/media\/158854"}],"wp:attachment":[{"href":"https:\/\/exaudi.org\/it\/wp-json\/wp\/v2\/media?parent=159236"}],"wp:term":[{"taxonomy":"category","embeddable":true,"href":"https:\/\/exaudi.org\/it\/wp-json\/wp\/v2\/categories?post=159236"},{"taxonomy":"post_tag","embeddable":true,"href":"https:\/\/exaudi.org\/it\/wp-json\/wp\/v2\/tags?post=159236"}],"curies":[{"name":"wp","href":"https:\/\/api.w.org\/{rel}","templated":true}]}}