{"id":158698,"date":"2026-02-19T17:14:22","date_gmt":"2026-02-19T16:14:22","guid":{"rendered":"https:\/\/exaudi.org\/?p=158698"},"modified":"2026-02-19T17:14:22","modified_gmt":"2026-02-19T16:14:22","slug":"lautorita-non-e-dominio-ma-servizio-spirituale-e-fraterno","status":"publish","type":"post","link":"https:\/\/exaudi.org\/it\/lautorita-non-e-dominio-ma-servizio-spirituale-e-fraterno\/","title":{"rendered":"&#8220;L&#8217;autorit\u00e0 non \u00e8 dominio, ma servizio spirituale e fraterno&#8221;"},"content":{"rendered":"<p dir=\"auto\"><span dir=\"auto\" style=\"vertical-align: inherit\"><span dir=\"auto\" style=\"vertical-align: inherit\">Papa\u00a0 <\/span><\/span><strong><span dir=\"auto\" style=\"vertical-align: inherit\"><span dir=\"auto\" style=\"vertical-align: inherit\">Leone XIV<\/span><\/span><\/strong><span dir=\"auto\" style=\"vertical-align: inherit\"><span dir=\"auto\" style=\"vertical-align: inherit\"> \u00a0ha ricevuto in udienza questa mattina i partecipanti al Capitolo Generale dei Legionari di Cristo, una congregazione che sta attraversando un periodo cruciale di rinnovamento e discernimento dopo anni di sfide e riforme interne. L&#8217;incontro, tenutosi nella Sala del Concistoro del Palazzo Apostolico in Vaticano, ha avuto luogo gioved\u00ec 19 febbraio 2026.<\/span><\/span><\/p>\n<h3 dir=\"auto\"><strong><span dir=\"auto\" style=\"vertical-align: inherit\"><span dir=\"auto\" style=\"vertical-align: inherit\">Il pontefice sottolinea l&#8217;autorit\u00e0 come servizio e la sinodalit\u00e0 nella vita religiosa<\/span><\/span><\/strong><\/h3>\n<p dir=\"auto\"><span dir=\"auto\" style=\"vertical-align: inherit\"><span dir=\"auto\" style=\"vertical-align: inherit\">In un discorso ricco di riferimenti al Vangelo, a documenti magisteriali come\u00a0 <\/span><\/span><em><span dir=\"auto\" style=\"vertical-align: inherit\"><span dir=\"auto\" style=\"vertical-align: inherit\">l&#8217;Evangelii Gaudium<\/span><\/span><\/em><span dir=\"auto\" style=\"vertical-align: inherit\"><span dir=\"auto\" style=\"vertical-align: inherit\"> di Papa Francesco \u00a0e alla tradizione paolina sui carismi, Leone XIV \u2013 il primo papa americano, eletto nel maggio 2025 \u2013 ha offerto parole di incoraggiamento e guida ai Legionari. Il Santo Padre ha sottolineato che il Capitolo Generale rappresenta &#8220;un tempo di grazia&#8221; per il discernimento comunitario e l&#8217;ascolto dello Spirito Santo, che continua a guidare la storia della congregazione.<\/span><\/span><\/p>\n<p dir=\"auto\"><span dir=\"auto\" style=\"vertical-align: inherit\"><span dir=\"auto\" style=\"vertical-align: inherit\">Il Papa ha sottolineato l&#8217;importanza di riconoscere il carisma legionario come dono divino, non come propriet\u00e0 esclusiva, ma come qualcosa da custodire e utilizzare in fedelt\u00e0 creativa al Vangelo. Ha citato il concetto di &#8220;poliedro&#8221; tratto dall&#8217;esortazione apostolica del suo predecessore per affermare che la diversit\u00e0 di forme e accenti nel vivere il carisma non indebolisce l&#8217;unit\u00e0, ma anzi la arricchisce, a condizione che sia discernuta con apertura.<\/span><\/span><\/p>\n<p dir=\"auto\"><span dir=\"auto\" style=\"vertical-align: inherit\"><span dir=\"auto\" style=\"vertical-align: inherit\">Uno dei temi centrali del messaggio era l\u2019esercizio dell\u2019autorit\u00e0 nella vita religiosa. Leone XIV insisteva sul fatto che questa non dovesse essere intesa come dominio, ma come\u00a0 <\/span><\/span><strong><span dir=\"auto\" style=\"vertical-align: inherit\"><span dir=\"auto\" style=\"vertical-align: inherit\">servizio spirituale e fraterno<\/span><\/span><\/strong><span dir=\"auto\" style=\"vertical-align: inherit\"><span dir=\"auto\" style=\"vertical-align: inherit\"> , ispirato all\u2019\u201carte dell\u2019accompagnamento\u201d che consiste nel togliersi i sandali davanti alla \u201cterra sacra dell\u2019altro\u201d (citazione da\u00a0 <\/span><\/span><em><span dir=\"auto\" style=\"vertical-align: inherit\"><span dir=\"auto\" style=\"vertical-align: inherit\">Evangelii gaudium<\/span><\/span><\/em><span dir=\"auto\" style=\"vertical-align: inherit\"><span dir=\"auto\" style=\"vertical-align: inherit\"> , 169). Rifiutava ogni forma di controllo che violasse la dignit\u00e0 e la libert\u00e0 delle persone e promuoveva uno stile di governo basato sull\u2019ascolto reciproco, sulla corresponsabilit\u00e0, sulla trasparenza, sulla vicinanza fraterna e sul discernimento comunitario.<\/span><\/span><\/p>\n<p dir=\"auto\"><span dir=\"auto\" style=\"vertical-align: inherit\"><span dir=\"auto\" style=\"vertical-align: inherit\">Il Papa ha invitato a promuovere la sussidiariet\u00e0 e la partecipazione responsabile di tutti i membri, ricordando che la vita consacrata deve essere &#8220;esperta di comunione&#8221; e creare spazi in cui il Vangelo si traduca in fraternit\u00e0 concreta. In questo senso, ha collegato il Capitolo all&#8217;attuale chiamata della Chiesa alla\u00a0 <\/span><\/span><strong><span dir=\"auto\" style=\"vertical-align: inherit\"><span dir=\"auto\" style=\"vertical-align: inherit\">sinodalit\u00e0<\/span><\/span><\/strong><span dir=\"auto\" style=\"vertical-align: inherit\"><span dir=\"auto\" style=\"vertical-align: inherit\"> : camminare, ascoltare e discernere insieme.<\/span><\/span><\/p>\n<p dir=\"auto\"><img loading=\"lazy\" decoding=\"async\" class=\"size-full wp-image-158590 alignnone\" src=\"https:\/\/exaudi.org\/wp-content\/uploads\/2026\/02\/cq5dam.web_.800.800-2.jpg\" alt=\"\" width=\"1248\" height=\"832\" srcset=\"https:\/\/exaudi.org\/wp-content\/uploads\/2026\/02\/cq5dam.web_.800.800-2.jpg 1248w, https:\/\/exaudi.org\/wp-content\/uploads\/2026\/02\/cq5dam.web_.800.800-2-300x200.jpg 300w, https:\/\/exaudi.org\/wp-content\/uploads\/2026\/02\/cq5dam.web_.800.800-2-1024x683.jpg 1024w, https:\/\/exaudi.org\/wp-content\/uploads\/2026\/02\/cq5dam.web_.800.800-2-770x513.jpg 770w, https:\/\/exaudi.org\/wp-content\/uploads\/2026\/02\/cq5dam.web_.800.800-2-360x240.jpg?crop=1 360w, https:\/\/exaudi.org\/wp-content\/uploads\/2026\/02\/cq5dam.web_.800.800-2-500x333.jpg 500w\" sizes=\"auto, (max-width: 1248px) 100vw, 1248px\" \/><\/p>\n<h3 dir=\"auto\"><strong><span dir=\"auto\" style=\"vertical-align: inherit\"><span dir=\"auto\" style=\"vertical-align: inherit\">Un invito alla speranza e alla protezione della Madonna di Guadalupe<\/span><\/span><\/strong><\/h3>\n<p dir=\"auto\"><span dir=\"auto\" style=\"vertical-align: inherit\"><span dir=\"auto\" style=\"vertical-align: inherit\">Leone XIV esort\u00f2 i capitolari a vivere in un atteggiamento di preghiera, umilt\u00e0 e libert\u00e0 interiore, evitando interessi personali o regionali e cercando soprattutto la volont\u00e0 di Dio. \u00abPossa questo Capitolo aprirvi a un tempo di speranza\u00bb, afferm\u00f2, confidando che il Signore continua a chiamare, a mandare, a guarire e a purificare.<\/span><\/span><\/p>\n<p dir=\"auto\"><span dir=\"auto\" style=\"vertical-align: inherit\"><span dir=\"auto\" style=\"vertical-align: inherit\">Il discorso si \u00e8 concluso con l&#8217;invocazione alla materna protezione della\u00a0 <\/span><\/span><strong><span dir=\"auto\" style=\"vertical-align: inherit\"><span dir=\"auto\" style=\"vertical-align: inherit\">Madonna di Guadalupe<\/span><\/span><\/strong><span dir=\"auto\" style=\"vertical-align: inherit\"><span dir=\"auto\" style=\"vertical-align: inherit\"> \u00a0e con l&#8217;imposizione della Benedizione Apostolica ai presenti e a tutta la famiglia spirituale del Regnum Christi.<\/span><\/span><\/p>\n<p dir=\"auto\"><span dir=\"auto\" style=\"vertical-align: inherit\"><span dir=\"auto\" style=\"vertical-align: inherit\">Il testo integrale del discorso \u00e8 stato immediatamente pubblicato sul sito ufficiale del Vaticano, dove ne viene evidenziata l&#8217;attualit\u00e0 nel contesto del Capitolo generale iniziato a Roma nel gennaio 2026, che sta valutando governo, autorit\u00e0 e fedelt\u00e0 al carisma dopo le riforme attuate negli ultimi anni.<\/span><\/span><\/p>\n<p dir=\"auto\"><span dir=\"auto\" style=\"vertical-align: inherit\"><span dir=\"auto\" style=\"vertical-align: inherit\">Questo incontro riflette la vicinanza di Papa Leone XIV alle realt\u00e0 della vita consacrata, in linea con i suoi recenti interventi sui temi della conversione, della sinodalit\u00e0 e del servizio ecclesiale, come il suo messaggio quaresimale su &#8220;Ascolto e digiuno&#8221; pubblicato giorni prima.<\/span><\/span><\/p>\n<p dir=\"auto\"><em><strong><span dir=\"auto\" style=\"vertical-align: inherit\"><span dir=\"auto\" style=\"vertical-align: inherit\">Testo completo del discorso:<\/span><\/span><\/strong><\/em><\/p>\n<div class=\"abstract text parbase vaticanrichtext\">\n<p><i><b><span class=\"title-1-color\">DISCORSO DEL SANTO PADRE LEONE XIV<br \/>\nAI PARTECIPANTI AL CAPITOLO GENERALE<br \/>\nDEI LEGIONARI DI CRISTO<\/span><\/b><\/i><\/p>\n<p><i><span class=\"color-text\">Sala del Concistoro<br \/>\nGioved\u00ec, 19 febbraio 2026<\/span><\/i><\/p>\n<p>&nbsp;<\/p>\n<p>_________________________________<\/p>\n<div class=\"clearfix\"><\/div>\n<\/div>\n<div class=\"text parbase vaticanrichtext\">\n<p>Nel nome del Padre, del Figlio<br \/>\ne dello Spirito Santo.<br \/>\nLa pace sia con voi.<\/p>\n<p><i>Eminenza, Eccellenza, cari fratelli,<\/i><\/p>\n<p>Sono lieto di ricevervi nella fase finale del vostro Capitolo Generale. Come nella vita di ogni istituto religioso, questo \u00e8 un tempo di grazia, poich\u00e9 costituisce un momento privilegiato di discernimento comunitario e di ascolto dello Spirito Santo, che continua a guidare la vostra storia e a sostenere la missione affidata alla vostra congregazione, nella fedelt\u00e0 al carisma ricevuto come un dono di Dio per tutta la Chiesa.<\/p>\n<p>\u00c8, inoltre, l\u2019occasione per voi di riconoscervi eredi di un carisma che, attraverso diversi cammini ed espressioni storiche \u2014 a volte dolorose e non esenti da crisi \u2014 ha dato origine alla congregazione dei Legionari di Cristo, unita da una stessa radice spirituale e da una passione apostolica comune. Questa memoria condivisa non guarda solo al passato, ma spinge anche a un rinnovamento costante nel presente, fedeli al Vangelo.<\/p>\n<p>Il carisma \u00e8 un dono dello Spirito Santo. Ogni istituto e ognuno dei suoi membri sono chiamati a incarnarlo personalmente e in comunit\u00e0, in un continuo processo di approfondimento della propria identit\u00e0 che li colloca e li definisce all\u2019interno della Chiesa e della societ\u00e0. Questo cammino costituisce, a sua volta, un contributo prezioso per la Chiesa nel suo insieme e, in modo particolare, per la famiglia spirituale del\u00a0<i>Regnum Christi<\/i>.<\/p>\n<p>La diversit\u00e0 di forme, stili e accenti nel vivere il carisma ricevuto non indebolisce l\u2019unit\u00e0, ma la arricchisce, come nel \u00abpoliedro che riflette la confluenza di tutte le parzialit\u00e0 che in esso mantengono la loro originalit\u00e0\u00bb (Esortazione apostolica\u00a0<i><a href=\"https:\/\/www.vatican.va\/content\/francesco\/it\/apost_exhortations\/documents\/papa-francesco_esortazione-ap_20131124_evangelii-gaudium.html#Il_tutto_%C3%A8_superiore_alla_parte\">Evangelii gaudium<\/a><\/i>, n. 236). Per questo motivo, non si deve temere la pluralit\u00e0, bens\u00ec accoglierla e discernerla, e permettere che si esprima per rispondere con maggiore trasparenza e fedelt\u00e0 alla chiamata di Dio. Come in una famiglia ogni membro possiede la propria identit\u00e0 e missione, cos\u00ec anche tra voi la pluralit\u00e0 di doni manifesta la fecondit\u00e0 dello Spirito e rafforza la missione comune.<\/p>\n<p>Come \u00e8 stato ricordato, il carisma \u00e8 un dono dello Spirito Santo; \u00e8 Lui che distribuisce i suoi doni (cfr.\u00a0<i>1 Cor<\/i>\u00a012, 11), e lo fa per il rinnovamento e l\u2019edificazione della Chiesa. Come dice san Paolo: \u00aba ciascuno \u00e8 data una manifestazione particolare dello Spirito per l\u2019utilit\u00e0 comune\u00bb (<i>1 Cor<\/i>\u00a012, 7). Per questo il carisma va accolto con gratitudine e consolazione (cfr. Costituzione dogmatica\u00a0<i><a href=\"https:\/\/www.vatican.va\/archive\/hist_councils\/ii_vatican_council\/documents\/vat-ii_const_19641121_lumen-gentium_it.html\">Lumen gentium<\/a><\/i>, 12). Ricordate, pertanto, che non siete padroni del carisma, ma suoi custodi e servitori. Siete chiamati a donare la vostra vita affinch\u00e9 questo dono continui a essere fecondo nella Chiesa e nel mondo. Perci\u00f2, questo Capitolo vi invita a continuare a chiedervi come vivere oggi, con fedelt\u00e0 creativa, l\u2019intuizione carismatica che ha dato origine alla vostra famiglia religiosa.<\/p>\n<p>Un Capitolo generale \u00e8 anche il momento per valutare il cammino percorso e discernere, con l\u2019aiuto dello Spirito Santo, il cammino da percorrere. Per questo avete considerato l\u2019esercizio del governo e dell\u2019autorit\u00e0 nell\u2019istituto come uno dei temi centrali. L\u2019autorit\u00e0, nella vita religiosa, non si intende come dominio, ma come servizio spirituale e fraterno a quanti condividono la stessa vocazione. Il suo esercizio deve manifestarsi nell\u2019\u00ab\u201carte dell\u2019accompagnamento\u201d, perch\u00e9 tutti imparino sempre a togliersi i sandali davanti alla terra sacra dell\u2019altro (cfr.\u00a0<i>Es<\/i>\u00a03, 5). Dobbiamo dare al nostro cammino il ritmo salutare della prossimit\u00e0, con uno sguardo rispettoso e pieno di compassione ma che nel medesimo tempo sani, liberi e incoraggi a maturare nella vita cristiana\u00bb (Esortazione apostolica\u00a0<i><a href=\"https:\/\/www.vatican.va\/content\/francesco\/it\/apost_exhortations\/documents\/papa-francesco_esortazione-ap_20131124_evangelii-gaudium.html#L%E2%80%99accompagnamento_personale_dei_processi_di_crescita\">Evangelii gaudium<\/a><\/i>, n. 169). L\u2019autorit\u00e0 nella vita religiosa \u00e8 anche al servizio dell\u2019animazione della vita comune, incentrandola su Cristo e orientandola verso la pienezza della vita in Lui, evitando ogni forma di controllo che non rispetti la dignit\u00e0 e la libert\u00e0 delle persone.<\/p>\n<p>Tra i compiti fondamentali del governo religioso c\u2019\u00e8, allo stesso modo, quello di promuovere la fedelt\u00e0 al carisma. Perci\u00f2 \u00e8 necessario rafforzare uno stile di governo caratterizzato dall\u2019ascolto reciproco, dalla corresponsabilit\u00e0, dalla trasparenza, dalla vicinanza fraterna e dal discernimento comunitario. Un buon governo, invece di concentrare tutto su s\u00e9 stesso, promuove la sussidiariet\u00e0 e la partecipazione responsabile di tutti i membri della comunit\u00e0.<\/p>\n<p>La vita consacrata, chiamata a essere esperta di comunione, crea spazi dove il Vangelo si traduce in fraternit\u00e0 concreta. In questi giorni, senza dubbio, avete vissuto un\u2019esperienza concreta di comunione tra fratelli di diverse culture e realt\u00e0, di generazioni differenti, e tra quanti esercitano responsabilit\u00e0 di governo e quanti servono quotidianamente in comunit\u00e0 e missioni.<\/p>\n<p>La vostra missione consiste nell\u2019offrire questa testimonianza visibile di ascolto reciproco e di ricerca comune della volont\u00e0 di Dio, sia per le vostre comunit\u00e0 sia per coloro che incontrate nel cammino mentre compite la vostra missione.<\/p>\n<p>\u00abL\u2019unit\u00e0 missionaria, ovviamente, non va intesa come uniformit\u00e0\u00bb (<i><a href=\"https:\/\/www.vatican.va\/content\/leo-xiv\/it\/messages\/mission\/documents\/20260125-giornata-missionaria.html\">Messaggio per la 100\u00aa Giornata Missionaria Mondiale<\/a><\/i>, 8 gennaio 2026). Non si tratta di eliminare le differenze, ma di avere la capacit\u00e0 di armonizzare la diversit\u00e0 a beneficio di tutti, accettando le divergenze come una ricchezza e discernendo insieme i cammini che il Signore ci propone.<\/p>\n<p>Questo processo richiede umilt\u00e0 per ascoltare, libert\u00e0 interiore per esprimersi con sincerit\u00e0 e apertura per accettare il discernimento comune. Si tratta di un\u2019esigenza inerente a ogni vocazione che si vive in comunit\u00e0.<\/p>\n<p>La Chiesa vive oggi un\u2019intensa chiamata alla sinodalit\u00e0, ossia a camminare, ascoltare e discernere insieme. Il Capitolo generale \u00e8, per sua stessa natura, un esercizio sinodale nel quale tutti sono chiamati a offrire la propria esperienza e la propria sensibilit\u00e0 per costruire insieme il futuro dell\u2019istituto.<\/p>\n<p>Cari fratelli, vi esorto a continuare a vivere in atteggiamento di preghiera, umilt\u00e0 e libert\u00e0 interiore. Non seguite interessi particolari o regionali, n\u00e9 cercate mere soluzioni organizzative, ma anzitutto la volont\u00e0 di Dio per la vostra famiglia religiosa e per la missione che la Chiesa vi ha affidato.<\/p>\n<p>Che questo Capitolo vi apra a un tempo di speranza. Il Signore continua a chiamare e a inviare, a guarire e a purificare; perci\u00f2 il vostro compito consiste nel discernere come rispondere con fedelt\u00e0 al presente che Dio pone nelle vostre mani.<\/p>\n<p>Affidando questa nuova tappa della vostra congregazione alla protezione materna di Nostra Signora di Guadalupe, vi imparto di cuore la Benedizione Apostolica. Grazie.<\/p>\n<p>__________________________________<\/p>\n<p><i><a href=\"https:\/\/www.osservatoreromano.va\/it\/news\/2026-02\/quo-041\/l-autorita-non-e-dominio-ma-servizio-spirituale-e-fraterno.html\">L&#8217;Osservatore Romano<\/a><\/i>, Edizione Quotidiana, Anno\u00a0CLXVI n. 41, gioved\u00ec 19 febbraio 2026, p. 4.<\/p>\n<\/div>\n","protected":false},"excerpt":{"rendered":"<p>Papa Leone XIV esorta i Legionari di Cristo a vivere il loro carisma con fedelt\u00e0 creativa, ad accogliere la pluralit\u00e0 come ricchezza e a esercitare un governo sinodale basato sull&#8217;ascolto, la trasparenza e l&#8217;accompagnamento rispettoso<\/p>\n","protected":false},"author":17,"featured_media":158593,"comment_status":"closed","ping_status":"closed","sticky":false,"template":"","format":"standard","meta":{"_acf_changed":false,"_crdt_document":"","inline_featured_image":false,"footnotes":""},"categories":[67],"tags":[97448,97449,61682,7156,97450,38785,25733,11104,97451,97452,40083,11563,58164,29154,97453,39648,59721,66288,64787,2366],"class_list":["post-158698","post","type-post","status-publish","format-standard","has-post-thumbnail","hentry","category-leone-xiv","tag-accompagnamento-fraterno","tag-autorita-come-servizio","tag-benedizione-apostolica","tag-capitolo-generale","tag-carisma-legionario-2","tag-discernimento-comunitario","tag-discorso-papale","tag-evangelii-gaudium-2","tag-fedelta-al-carisma","tag-governo-religioso","tag-legionari-di-cristo","tag-nostra-signora-di-guadalupe","tag-papa-leone-xiv","tag-regnum-christi-2","tag-rinnovamento-congregazionale","tag-sinodalita-ecclesiale","tag-speranza-religiosa","tag-trasparenza-ecclesiale","tag-trending-it-236","tag-vita-consacrata"],"acf":[],"yoast_head":"<!-- This site is optimized with the Yoast SEO plugin v27.5 - https:\/\/yoast.com\/product\/yoast-seo-wordpress\/ -->\n<title>&quot;L&#039;autorit\u00e0 non \u00e8 dominio, ma servizio spirituale e fraterno&quot; &#8211; Exaudi<\/title>\n<meta name=\"robots\" content=\"index, follow, max-snippet:-1, max-image-preview:large, max-video-preview:-1\" \/>\n<link rel=\"canonical\" href=\"https:\/\/exaudi.org\/it\/lautorita-non-e-dominio-ma-servizio-spirituale-e-fraterno\/\" \/>\n<meta property=\"og:locale\" content=\"it_IT\" \/>\n<meta property=\"og:type\" content=\"article\" \/>\n<meta property=\"og:title\" content=\"&quot;L&#039;autorit\u00e0 non \u00e8 dominio, ma servizio spirituale e fraterno&quot; &#8211; Exaudi\" \/>\n<meta property=\"og:description\" content=\"Papa Leone XIV esorta i Legionari di Cristo a vivere il loro carisma con fedelt\u00e0 creativa, ad accogliere la pluralit\u00e0 come ricchezza e a esercitare un governo sinodale basato sull&#039;ascolto, la trasparenza e l&#039;accompagnamento rispettoso\" \/>\n<meta property=\"og:url\" content=\"https:\/\/exaudi.org\/it\/lautorita-non-e-dominio-ma-servizio-spirituale-e-fraterno\/\" \/>\n<meta property=\"og:site_name\" content=\"Exaudi\" \/>\n<meta property=\"article:publisher\" content=\"https:\/\/www.facebook.com\/ExaudiNews\" \/>\n<meta property=\"article:author\" content=\"https:\/\/www.facebook.com\/ExaudiNotizie\/\" \/>\n<meta property=\"article:published_time\" content=\"2026-02-19T16:14:22+00:00\" \/>\n<meta property=\"og:image\" content=\"https:\/\/exaudi.org\/wp-content\/uploads\/2026\/02\/cq5dam.web_.800.800-1.jpg\" \/>\n\t<meta property=\"og:image:width\" content=\"1248\" \/>\n\t<meta property=\"og:image:height\" content=\"832\" \/>\n\t<meta property=\"og:image:type\" content=\"image\/jpeg\" \/>\n<meta name=\"author\" content=\"Exaudi Redazione\" \/>\n<meta name=\"twitter:card\" content=\"summary_large_image\" \/>\n<meta name=\"twitter:creator\" content=\"@Exaudi_Notizie\" \/>\n<meta name=\"twitter:site\" content=\"@Exaudi_News\" \/>\n<meta name=\"twitter:label1\" content=\"Scritto da\" \/>\n\t<meta name=\"twitter:data1\" content=\"Exaudi Redazione\" \/>\n\t<meta name=\"twitter:label2\" content=\"Tempo di lettura stimato\" \/>\n\t<meta name=\"twitter:data2\" content=\"8 minuti\" \/>\n<script type=\"application\/ld+json\" class=\"yoast-schema-graph\">{\"@context\":\"https:\\\/\\\/schema.org\",\"@graph\":[{\"@type\":\"Article\",\"@id\":\"https:\\\/\\\/exaudi.org\\\/it\\\/lautorita-non-e-dominio-ma-servizio-spirituale-e-fraterno\\\/#article\",\"isPartOf\":{\"@id\":\"https:\\\/\\\/exaudi.org\\\/it\\\/lautorita-non-e-dominio-ma-servizio-spirituale-e-fraterno\\\/\"},\"author\":{\"name\":\"Exaudi Redazione\",\"@id\":\"https:\\\/\\\/exaudi.org\\\/#\\\/schema\\\/person\\\/e1ab6ed07c01774724dd96f925f3a5f0\"},\"headline\":\"&#8220;L&#8217;autorit\u00e0 non \u00e8 dominio, ma servizio spirituale e fraterno&#8221;\",\"datePublished\":\"2026-02-19T16:14:22+00:00\",\"mainEntityOfPage\":{\"@id\":\"https:\\\/\\\/exaudi.org\\\/it\\\/lautorita-non-e-dominio-ma-servizio-spirituale-e-fraterno\\\/\"},\"wordCount\":1595,\"image\":{\"@id\":\"https:\\\/\\\/exaudi.org\\\/it\\\/lautorita-non-e-dominio-ma-servizio-spirituale-e-fraterno\\\/#primaryimage\"},\"thumbnailUrl\":\"https:\\\/\\\/exaudi.org\\\/wp-content\\\/uploads\\\/2026\\\/02\\\/cq5dam.web_.800.800-1.jpg\",\"keywords\":[\"Accompagnamento fraterno\",\"autorit\u00e0 come servizio\",\"Benedizione apostolica\",\"Capitolo Generale\",\"carisma legionario\",\"discernimento comunitario\",\"Discorso papale\",\"Evangelii Gaudium\",\"fedelt\u00e0 al carisma\",\"governo religioso\",\"Legionari di Cristo\",\"Nostra Signora di Guadalupe\",\"Papa Leone XIV\",\"Regnum Christi\",\"rinnovamento congregazionale\",\"sinodalit\u00e0 ecclesiale\",\"speranza religiosa\",\"Trasparenza ecclesiale\",\"Trending\",\"vita consacrata\"],\"articleSection\":[\"Leone XIV\"],\"inLanguage\":\"it-IT\"},{\"@type\":\"WebPage\",\"@id\":\"https:\\\/\\\/exaudi.org\\\/it\\\/lautorita-non-e-dominio-ma-servizio-spirituale-e-fraterno\\\/\",\"url\":\"https:\\\/\\\/exaudi.org\\\/it\\\/lautorita-non-e-dominio-ma-servizio-spirituale-e-fraterno\\\/\",\"name\":\"\\\"L'autorit\u00e0 non \u00e8 dominio, ma servizio spirituale e fraterno\\\" &#8211; Exaudi\",\"isPartOf\":{\"@id\":\"https:\\\/\\\/exaudi.org\\\/#website\"},\"primaryImageOfPage\":{\"@id\":\"https:\\\/\\\/exaudi.org\\\/it\\\/lautorita-non-e-dominio-ma-servizio-spirituale-e-fraterno\\\/#primaryimage\"},\"image\":{\"@id\":\"https:\\\/\\\/exaudi.org\\\/it\\\/lautorita-non-e-dominio-ma-servizio-spirituale-e-fraterno\\\/#primaryimage\"},\"thumbnailUrl\":\"https:\\\/\\\/exaudi.org\\\/wp-content\\\/uploads\\\/2026\\\/02\\\/cq5dam.web_.800.800-1.jpg\",\"datePublished\":\"2026-02-19T16:14:22+00:00\",\"author\":{\"@id\":\"https:\\\/\\\/exaudi.org\\\/#\\\/schema\\\/person\\\/e1ab6ed07c01774724dd96f925f3a5f0\"},\"breadcrumb\":{\"@id\":\"https:\\\/\\\/exaudi.org\\\/it\\\/lautorita-non-e-dominio-ma-servizio-spirituale-e-fraterno\\\/#breadcrumb\"},\"inLanguage\":\"it-IT\",\"potentialAction\":[{\"@type\":\"ReadAction\",\"target\":[\"https:\\\/\\\/exaudi.org\\\/it\\\/lautorita-non-e-dominio-ma-servizio-spirituale-e-fraterno\\\/\"]}]},{\"@type\":\"ImageObject\",\"inLanguage\":\"it-IT\",\"@id\":\"https:\\\/\\\/exaudi.org\\\/it\\\/lautorita-non-e-dominio-ma-servizio-spirituale-e-fraterno\\\/#primaryimage\",\"url\":\"https:\\\/\\\/exaudi.org\\\/wp-content\\\/uploads\\\/2026\\\/02\\\/cq5dam.web_.800.800-1.jpg\",\"contentUrl\":\"https:\\\/\\\/exaudi.org\\\/wp-content\\\/uploads\\\/2026\\\/02\\\/cq5dam.web_.800.800-1.jpg\",\"width\":1248,\"height\":832},{\"@type\":\"BreadcrumbList\",\"@id\":\"https:\\\/\\\/exaudi.org\\\/it\\\/lautorita-non-e-dominio-ma-servizio-spirituale-e-fraterno\\\/#breadcrumb\",\"itemListElement\":[{\"@type\":\"ListItem\",\"position\":1,\"name\":\"Portada\",\"item\":\"https:\\\/\\\/exaudi.org\\\/it\\\/\"},{\"@type\":\"ListItem\",\"position\":2,\"name\":\"\u00abL&#8217;autorit\u00e0 non \u00e8 dominio, ma servizio spirituale e fraterno\u00bb\"}]},{\"@type\":\"WebSite\",\"@id\":\"https:\\\/\\\/exaudi.org\\\/#website\",\"url\":\"https:\\\/\\\/exaudi.org\\\/\",\"name\":\"Exaudi\",\"description\":\"News\",\"potentialAction\":[{\"@type\":\"SearchAction\",\"target\":{\"@type\":\"EntryPoint\",\"urlTemplate\":\"https:\\\/\\\/exaudi.org\\\/?s={search_term_string}\"},\"query-input\":{\"@type\":\"PropertyValueSpecification\",\"valueRequired\":true,\"valueName\":\"search_term_string\"}}],\"inLanguage\":\"it-IT\"},{\"@type\":\"Person\",\"@id\":\"https:\\\/\\\/exaudi.org\\\/#\\\/schema\\\/person\\\/e1ab6ed07c01774724dd96f925f3a5f0\",\"name\":\"Exaudi Redazione\",\"image\":{\"@type\":\"ImageObject\",\"inLanguage\":\"it-IT\",\"@id\":\"https:\\\/\\\/secure.gravatar.com\\\/avatar\\\/ad6774b3ada023bf5b939d64f45c94b3adf91502dd883507d469b4308a943bb3?s=96&d=mm&r=g\",\"url\":\"https:\\\/\\\/secure.gravatar.com\\\/avatar\\\/ad6774b3ada023bf5b939d64f45c94b3adf91502dd883507d469b4308a943bb3?s=96&d=mm&r=g\",\"contentUrl\":\"https:\\\/\\\/secure.gravatar.com\\\/avatar\\\/ad6774b3ada023bf5b939d64f45c94b3adf91502dd883507d469b4308a943bb3?s=96&d=mm&r=g\",\"caption\":\"Exaudi Redazione\"},\"description\":\"Che cosa \u00e8 Exaudi News? Exaudi News \u00e8 un agenzia cattolica internazionale che informa, istruisce e trasforma quotidianamente in spagnolo, inglese e italiano. Attraverso notizie, articoli di analisi e trasmissioni in diretta degli eventi del Papa, Exaudi cerca di rafforzare l'unit\u00e0 dei cristiani e di contribuire all'evangelizzazione del mondo, sempre guidato dalla dottrina sociale della Chiesa. Lavoriamo per portare la verit\u00e0 e i valori cristiani in ogni angolo del pianeta. Aiutaci a trasformare il mondo con Exaudi! Noi di Exaudi crediamo che l'evangelizzazione e l'informazione di qualit\u00e0 possano cambiare la vita. Per continuare la nostra missione ed espandere la nostra portata, abbiamo bisogno del tuo aiuto. Stiamo anche cercando persone motivate che vogliano unirsi al nostro team. Grazie al vostro sostegno raggiungeremo pi\u00f9 persone, diffonderemo il messaggio di Cristo e rafforzeremo l'unit\u00e0 dei cristiani. Vuoi unirti alla nostra missione? Per maggiori informazioni su come contribuire, visita Exaudi.org\\\/it o contattaci direttamente: info@exaudi.org Exaudi: informa, forma e trasforma.\",\"sameAs\":[\"https:\\\/\\\/www.facebook.com\\\/ExaudiNotizie\\\/\",\"https:\\\/\\\/www.instagram.com\\\/Exaudi_notizie\\\/\",\"https:\\\/\\\/x.com\\\/Exaudi_Notizie\",\"https:\\\/\\\/www.youtube.com\\\/@exaudicatholicnews\"],\"url\":\"https:\\\/\\\/exaudi.org\\\/it\\\/author\\\/dlvedi-org\\\/\"}]}<\/script>\n<!-- \/ Yoast SEO plugin. -->","yoast_head_json":{"title":"\"L'autorit\u00e0 non \u00e8 dominio, ma servizio spirituale e fraterno\" &#8211; Exaudi","robots":{"index":"index","follow":"follow","max-snippet":"max-snippet:-1","max-image-preview":"max-image-preview:large","max-video-preview":"max-video-preview:-1"},"canonical":"https:\/\/exaudi.org\/it\/lautorita-non-e-dominio-ma-servizio-spirituale-e-fraterno\/","og_locale":"it_IT","og_type":"article","og_title":"\"L'autorit\u00e0 non \u00e8 dominio, ma servizio spirituale e fraterno\" &#8211; Exaudi","og_description":"Papa Leone XIV esorta i Legionari di Cristo a vivere il loro carisma con fedelt\u00e0 creativa, ad accogliere la pluralit\u00e0 come ricchezza e a esercitare un governo sinodale basato sull'ascolto, la trasparenza e l'accompagnamento rispettoso","og_url":"https:\/\/exaudi.org\/it\/lautorita-non-e-dominio-ma-servizio-spirituale-e-fraterno\/","og_site_name":"Exaudi","article_publisher":"https:\/\/www.facebook.com\/ExaudiNews","article_author":"https:\/\/www.facebook.com\/ExaudiNotizie\/","article_published_time":"2026-02-19T16:14:22+00:00","og_image":[{"width":1248,"height":832,"url":"https:\/\/exaudi.org\/wp-content\/uploads\/2026\/02\/cq5dam.web_.800.800-1.jpg","type":"image\/jpeg"}],"author":"Exaudi Redazione","twitter_card":"summary_large_image","twitter_creator":"@Exaudi_Notizie","twitter_site":"@Exaudi_News","twitter_misc":{"Scritto da":"Exaudi Redazione","Tempo di lettura stimato":"8 minuti"},"schema":{"@context":"https:\/\/schema.org","@graph":[{"@type":"Article","@id":"https:\/\/exaudi.org\/it\/lautorita-non-e-dominio-ma-servizio-spirituale-e-fraterno\/#article","isPartOf":{"@id":"https:\/\/exaudi.org\/it\/lautorita-non-e-dominio-ma-servizio-spirituale-e-fraterno\/"},"author":{"name":"Exaudi Redazione","@id":"https:\/\/exaudi.org\/#\/schema\/person\/e1ab6ed07c01774724dd96f925f3a5f0"},"headline":"&#8220;L&#8217;autorit\u00e0 non \u00e8 dominio, ma servizio spirituale e fraterno&#8221;","datePublished":"2026-02-19T16:14:22+00:00","mainEntityOfPage":{"@id":"https:\/\/exaudi.org\/it\/lautorita-non-e-dominio-ma-servizio-spirituale-e-fraterno\/"},"wordCount":1595,"image":{"@id":"https:\/\/exaudi.org\/it\/lautorita-non-e-dominio-ma-servizio-spirituale-e-fraterno\/#primaryimage"},"thumbnailUrl":"https:\/\/exaudi.org\/wp-content\/uploads\/2026\/02\/cq5dam.web_.800.800-1.jpg","keywords":["Accompagnamento fraterno","autorit\u00e0 come servizio","Benedizione apostolica","Capitolo Generale","carisma legionario","discernimento comunitario","Discorso papale","Evangelii Gaudium","fedelt\u00e0 al carisma","governo religioso","Legionari di Cristo","Nostra Signora di Guadalupe","Papa Leone XIV","Regnum Christi","rinnovamento congregazionale","sinodalit\u00e0 ecclesiale","speranza religiosa","Trasparenza ecclesiale","Trending","vita consacrata"],"articleSection":["Leone XIV"],"inLanguage":"it-IT"},{"@type":"WebPage","@id":"https:\/\/exaudi.org\/it\/lautorita-non-e-dominio-ma-servizio-spirituale-e-fraterno\/","url":"https:\/\/exaudi.org\/it\/lautorita-non-e-dominio-ma-servizio-spirituale-e-fraterno\/","name":"\"L'autorit\u00e0 non \u00e8 dominio, ma servizio spirituale e fraterno\" &#8211; Exaudi","isPartOf":{"@id":"https:\/\/exaudi.org\/#website"},"primaryImageOfPage":{"@id":"https:\/\/exaudi.org\/it\/lautorita-non-e-dominio-ma-servizio-spirituale-e-fraterno\/#primaryimage"},"image":{"@id":"https:\/\/exaudi.org\/it\/lautorita-non-e-dominio-ma-servizio-spirituale-e-fraterno\/#primaryimage"},"thumbnailUrl":"https:\/\/exaudi.org\/wp-content\/uploads\/2026\/02\/cq5dam.web_.800.800-1.jpg","datePublished":"2026-02-19T16:14:22+00:00","author":{"@id":"https:\/\/exaudi.org\/#\/schema\/person\/e1ab6ed07c01774724dd96f925f3a5f0"},"breadcrumb":{"@id":"https:\/\/exaudi.org\/it\/lautorita-non-e-dominio-ma-servizio-spirituale-e-fraterno\/#breadcrumb"},"inLanguage":"it-IT","potentialAction":[{"@type":"ReadAction","target":["https:\/\/exaudi.org\/it\/lautorita-non-e-dominio-ma-servizio-spirituale-e-fraterno\/"]}]},{"@type":"ImageObject","inLanguage":"it-IT","@id":"https:\/\/exaudi.org\/it\/lautorita-non-e-dominio-ma-servizio-spirituale-e-fraterno\/#primaryimage","url":"https:\/\/exaudi.org\/wp-content\/uploads\/2026\/02\/cq5dam.web_.800.800-1.jpg","contentUrl":"https:\/\/exaudi.org\/wp-content\/uploads\/2026\/02\/cq5dam.web_.800.800-1.jpg","width":1248,"height":832},{"@type":"BreadcrumbList","@id":"https:\/\/exaudi.org\/it\/lautorita-non-e-dominio-ma-servizio-spirituale-e-fraterno\/#breadcrumb","itemListElement":[{"@type":"ListItem","position":1,"name":"Portada","item":"https:\/\/exaudi.org\/it\/"},{"@type":"ListItem","position":2,"name":"\u00abL&#8217;autorit\u00e0 non \u00e8 dominio, ma servizio spirituale e fraterno\u00bb"}]},{"@type":"WebSite","@id":"https:\/\/exaudi.org\/#website","url":"https:\/\/exaudi.org\/","name":"Exaudi","description":"News","potentialAction":[{"@type":"SearchAction","target":{"@type":"EntryPoint","urlTemplate":"https:\/\/exaudi.org\/?s={search_term_string}"},"query-input":{"@type":"PropertyValueSpecification","valueRequired":true,"valueName":"search_term_string"}}],"inLanguage":"it-IT"},{"@type":"Person","@id":"https:\/\/exaudi.org\/#\/schema\/person\/e1ab6ed07c01774724dd96f925f3a5f0","name":"Exaudi Redazione","image":{"@type":"ImageObject","inLanguage":"it-IT","@id":"https:\/\/secure.gravatar.com\/avatar\/ad6774b3ada023bf5b939d64f45c94b3adf91502dd883507d469b4308a943bb3?s=96&d=mm&r=g","url":"https:\/\/secure.gravatar.com\/avatar\/ad6774b3ada023bf5b939d64f45c94b3adf91502dd883507d469b4308a943bb3?s=96&d=mm&r=g","contentUrl":"https:\/\/secure.gravatar.com\/avatar\/ad6774b3ada023bf5b939d64f45c94b3adf91502dd883507d469b4308a943bb3?s=96&d=mm&r=g","caption":"Exaudi Redazione"},"description":"Che cosa \u00e8 Exaudi News? Exaudi News \u00e8 un agenzia cattolica internazionale che informa, istruisce e trasforma quotidianamente in spagnolo, inglese e italiano. Attraverso notizie, articoli di analisi e trasmissioni in diretta degli eventi del Papa, Exaudi cerca di rafforzare l'unit\u00e0 dei cristiani e di contribuire all'evangelizzazione del mondo, sempre guidato dalla dottrina sociale della Chiesa. Lavoriamo per portare la verit\u00e0 e i valori cristiani in ogni angolo del pianeta. Aiutaci a trasformare il mondo con Exaudi! Noi di Exaudi crediamo che l'evangelizzazione e l'informazione di qualit\u00e0 possano cambiare la vita. Per continuare la nostra missione ed espandere la nostra portata, abbiamo bisogno del tuo aiuto. Stiamo anche cercando persone motivate che vogliano unirsi al nostro team. Grazie al vostro sostegno raggiungeremo pi\u00f9 persone, diffonderemo il messaggio di Cristo e rafforzeremo l'unit\u00e0 dei cristiani. Vuoi unirti alla nostra missione? Per maggiori informazioni su come contribuire, visita Exaudi.org\/it o contattaci direttamente: info@exaudi.org Exaudi: informa, forma e trasforma.","sameAs":["https:\/\/www.facebook.com\/ExaudiNotizie\/","https:\/\/www.instagram.com\/Exaudi_notizie\/","https:\/\/x.com\/Exaudi_Notizie","https:\/\/www.youtube.com\/@exaudicatholicnews"],"url":"https:\/\/exaudi.org\/it\/author\/dlvedi-org\/"}]}},"jetpack_featured_media_url":"https:\/\/exaudi.org\/wp-content\/uploads\/2026\/02\/cq5dam.web_.800.800-1.jpg","jetpack_shortlink":"https:\/\/wp.me\/pgKjF2-FhE","_links":{"self":[{"href":"https:\/\/exaudi.org\/it\/wp-json\/wp\/v2\/posts\/158698","targetHints":{"allow":["GET"]}}],"collection":[{"href":"https:\/\/exaudi.org\/it\/wp-json\/wp\/v2\/posts"}],"about":[{"href":"https:\/\/exaudi.org\/it\/wp-json\/wp\/v2\/types\/post"}],"author":[{"embeddable":true,"href":"https:\/\/exaudi.org\/it\/wp-json\/wp\/v2\/users\/17"}],"replies":[{"embeddable":true,"href":"https:\/\/exaudi.org\/it\/wp-json\/wp\/v2\/comments?post=158698"}],"version-history":[{"count":4,"href":"https:\/\/exaudi.org\/it\/wp-json\/wp\/v2\/posts\/158698\/revisions"}],"predecessor-version":[{"id":158702,"href":"https:\/\/exaudi.org\/it\/wp-json\/wp\/v2\/posts\/158698\/revisions\/158702"}],"wp:featuredmedia":[{"embeddable":true,"href":"https:\/\/exaudi.org\/it\/wp-json\/wp\/v2\/media\/158593"}],"wp:attachment":[{"href":"https:\/\/exaudi.org\/it\/wp-json\/wp\/v2\/media?parent=158698"}],"wp:term":[{"taxonomy":"category","embeddable":true,"href":"https:\/\/exaudi.org\/it\/wp-json\/wp\/v2\/categories?post=158698"},{"taxonomy":"post_tag","embeddable":true,"href":"https:\/\/exaudi.org\/it\/wp-json\/wp\/v2\/tags?post=158698"}],"curies":[{"name":"wp","href":"https:\/\/api.w.org\/{rel}","templated":true}]}}