{"id":158300,"date":"2026-02-17T17:09:51","date_gmt":"2026-02-17T16:09:51","guid":{"rendered":"https:\/\/exaudi.org\/?p=158300"},"modified":"2026-02-17T17:09:51","modified_gmt":"2026-02-17T16:09:51","slug":"cosa-voglio-fare-della-mia-vita-personale-e-professionale","status":"publish","type":"post","link":"https:\/\/exaudi.org\/it\/cosa-voglio-fare-della-mia-vita-personale-e-professionale\/","title":{"rendered":"Cosa voglio fare della mia vita personale e professionale?"},"content":{"rendered":"<p><a href=\"https:\/\/marketingyservicios.com\/muchas-gracias\/\" target=\"_blank\" rel=\"noopener noreferrer\"><strong><span dir=\"auto\" style=\"vertical-align: inherit\"><span dir=\"auto\" style=\"vertical-align: inherit\">Grazie mille!<\/span><\/span><\/strong><\/a><span dir=\"auto\" style=\"vertical-align: inherit\"><span dir=\"auto\" style=\"vertical-align: inherit\"> \u00a0Cos\u00ec ho iniziato il mio discorso, che ho tenuto come padrino il 5 aprile 2019, agli studenti del\u00a0<\/span><\/span><strong><span dir=\"auto\" style=\"vertical-align: inherit\"><span dir=\"auto\" style=\"vertical-align: inherit\"> corso di laurea in Amministrazione e Gestione Aziendale della mia Facolt\u00e0 presso l&#8217;Universit\u00e0 di Alcal\u00e1.<\/span><\/span><\/strong><\/p>\n<p><strong><span dir=\"auto\" style=\"vertical-align: inherit\"><span dir=\"auto\" style=\"vertical-align: inherit\">Oggi \u00e8 un giorno molto speciale<\/span><\/span><\/strong><span dir=\"auto\" style=\"vertical-align: inherit\"><span dir=\"auto\" style=\"vertical-align: inherit\"> . La classe dei laureandi mi ha scelto come patrono, proprio nel mio ultimo giorno da professore universitario.\u00a0 <\/span><\/span><strong><span dir=\"auto\" style=\"vertical-align: inherit\"><span dir=\"auto\" style=\"vertical-align: inherit\">Andr\u00f2 in pensione alla fine dell&#8217;anno accademico.<\/span><\/span><\/strong><\/p>\n<p><strong><span dir=\"auto\" style=\"vertical-align: inherit\"><span dir=\"auto\" style=\"vertical-align: inherit\">Vorrei condividere alcuni paragrafi del mio discorso<\/span><\/span><\/strong><span dir=\"auto\" style=\"vertical-align: inherit\"><span dir=\"auto\" style=\"vertical-align: inherit\"> . Ci ho pensato molto e ho cercato di esprimere i sentimenti e i pensieri che i miei studenti mi hanno trasmesso durante la mia vita da professore universitario.<\/span><\/span><\/p>\n<p><span dir=\"auto\" style=\"vertical-align: inherit\"><span dir=\"auto\" style=\"vertical-align: inherit\">\u201c <\/span><\/span><strong><span dir=\"auto\" style=\"vertical-align: inherit\"><span dir=\"auto\" style=\"vertical-align: inherit\">Ora sto affrontando una nuova fase della mia vita<\/span><\/span><\/strong><span dir=\"auto\" style=\"vertical-align: inherit\"><span dir=\"auto\" style=\"vertical-align: inherit\"> . Lascio il mio incarico di insegnante all&#8217;Universit\u00e0 e nella nostra amata Facolt\u00e0. Ma non pensate che rester\u00f2 con le mani in mano. Sono pieno di progetti entusiasmanti, alcuni dei quali gi\u00e0 conoscete. Mi sono &#8220;reinventato&#8221;, o in altre parole,\u00a0 <\/span><\/span><strong><span dir=\"auto\" style=\"vertical-align: inherit\"><span dir=\"auto\" style=\"vertical-align: inherit\">ho cambiato il mio atteggiamento e i miei progetti professionali\u2026\u201d<\/span><\/span><\/strong><\/p>\n<p><strong><span dir=\"auto\" style=\"vertical-align: inherit\"><span dir=\"auto\" style=\"vertical-align: inherit\">Nel corso della mia vita ho dovuto apportare diversi cambiamenti di carriera&#8230;<\/span><\/span><\/strong><\/p>\n<p><strong><span dir=\"auto\" style=\"vertical-align: inherit\"><span dir=\"auto\" style=\"vertical-align: inherit\">Siete destinati a cambiare nel prossimo futuro.<\/span><\/span><\/strong><span dir=\"auto\" style=\"vertical-align: inherit\"><span dir=\"auto\" style=\"vertical-align: inherit\"> \u00a0Non siete pi\u00f9 studenti. Dovrete cercare lavoro e trovare una professione che vi entusiasmi, e chiaramente desiderate essere felici. Desiderate intraprendere una carriera professionale che vi aiuti a realizzare i vostri obiettivi di vita personali. Avete delle aspirazioni e sicuramente sognate di sviluppare un progetto professionale che vi aiuti a migliorare sia personalmente che professionalmente&#8230;<\/span><\/span><\/p>\n<p><span dir=\"auto\" style=\"vertical-align: inherit\"><span dir=\"auto\" style=\"vertical-align: inherit\">La prima lezione che voglio condividere con voi \u00e8 l&#8217;\u00a0 <\/span><\/span><strong><span dir=\"auto\" style=\"vertical-align: inherit\"><span dir=\"auto\" style=\"vertical-align: inherit\">importanza di avere un piano di carriera in linea con i vostri obiettivi di vita<\/span><\/span><\/strong><span dir=\"auto\" style=\"vertical-align: inherit\"><span dir=\"auto\" style=\"vertical-align: inherit\"> . Dovete rispondere a molte domande: cosa voglio fare della mia vita? Che tipo di lavoro mi piacerebbe fare? Come cercher\u00f2 un lavoro e quanto tempo dedicher\u00f2 a questa ricerca? Dato che dopo la laurea mi sento come se non ne sapessi abbastanza, avr\u00f2 bisogno di ulteriore formazione per trovare lavoro pi\u00f9 facilmente. Come posso ottenere la formazione di cui ho bisogno? Dovrei fare un master? Che tipo di master?<\/span><\/span><\/p>\n<p><span dir=\"auto\" style=\"vertical-align: inherit\"><span dir=\"auto\" style=\"vertical-align: inherit\">Si potrebbe dire molto sulla progettazione di un progetto professionale.\u00a0 <\/span><\/span><strong><span dir=\"auto\" style=\"vertical-align: inherit\"><span dir=\"auto\" style=\"vertical-align: inherit\">L&#8217;importante \u00e8 definire una strategia<\/span><\/span><\/strong><span dir=\"auto\" style=\"vertical-align: inherit\"><span dir=\"auto\" style=\"vertical-align: inherit\"> : innanzitutto, analizzare la mia situazione attuale: come sono? Quali sono i miei valori e i principi che guidano le mie decisioni? Quali conoscenze ho? Quali sono le mie competenze e capacit\u00e0? Conosco i miei punti di forza e di debolezza?<\/span><\/span><\/p>\n<p><span dir=\"auto\" style=\"vertical-align: inherit\"><span dir=\"auto\" style=\"vertical-align: inherit\">Dopo aver analizzato me stesso, devo\u00a0 <\/span><\/span><strong><span dir=\"auto\" style=\"vertical-align: inherit\"><span dir=\"auto\" style=\"vertical-align: inherit\">stabilire degli obiettivi realistici e raggiungibili<\/span><\/span><\/strong><span dir=\"auto\" style=\"vertical-align: inherit\"><span dir=\"auto\" style=\"vertical-align: inherit\"> . Obiettivi che mi ispirino e mi motivino a impegnarmi e impegnarmi per raggiungerli, a essere paziente e a diventare una persona migliore.<\/span><\/span><\/p>\n<p><span dir=\"auto\" style=\"vertical-align: inherit\"><span dir=\"auto\" style=\"vertical-align: inherit\">Una volta che ho chiaro chi sono e cosa voglio realizzare, devo\u00a0 <\/span><\/span><strong><span dir=\"auto\" style=\"vertical-align: inherit\"><span dir=\"auto\" style=\"vertical-align: inherit\">scegliere il percorso pi\u00f9 adatto per raggiungere gli obiettivi che mi sono prefissato<\/span><\/span><\/strong><span dir=\"auto\" style=\"vertical-align: inherit\"><span dir=\"auto\" style=\"vertical-align: inherit\"> . Bisogna prendere delle decisioni.\u00a0 <\/span><\/span><strong><span dir=\"auto\" style=\"vertical-align: inherit\"><span dir=\"auto\" style=\"vertical-align: inherit\">Scegliere significa assumersi il rischio di sbagliare, di fallire.<\/span><\/span><\/strong><span dir=\"auto\" style=\"vertical-align: inherit\"><span dir=\"auto\" style=\"vertical-align: inherit\"> \u00a0Non prendere una decisione \u00e8 di per s\u00e9 una decisione.<\/span><\/span><\/p>\n<p><span dir=\"auto\" style=\"vertical-align: inherit\"><span dir=\"auto\" style=\"vertical-align: inherit\">Per trovare lavoro e sviluppare la tua carriera,\u00a0 <\/span><\/span><strong><span dir=\"auto\" style=\"vertical-align: inherit\"><span dir=\"auto\" style=\"vertical-align: inherit\">hai bisogno di amici<\/span><\/span><\/strong><span dir=\"auto\" style=\"vertical-align: inherit\"><span dir=\"auto\" style=\"vertical-align: inherit\"> . Avere un amico \u00e8 come avere un tesoro. Avere persone con cui condividere speranze e paure. Gli amici sono persone di cui ti fidi.\u00a0 <\/span><\/span><strong><span dir=\"auto\" style=\"vertical-align: inherit\"><span dir=\"auto\" style=\"vertical-align: inherit\">Ho bisogno di avere molti amici, non solo conoscenti<\/span><\/span><\/strong><span dir=\"auto\" style=\"vertical-align: inherit\"><span dir=\"auto\" style=\"vertical-align: inherit\"> . Questo richiede tempo. Senza dedicare tempo agli amici, non puoi costruire un&#8217;amicizia duratura.\u00a0 <\/span><\/span><strong><span dir=\"auto\" style=\"vertical-align: inherit\"><span dir=\"auto\" style=\"vertical-align: inherit\">Devi amare e sentirti amato; altrimenti, non sarai mai felice<\/span><\/span><\/strong><span dir=\"auto\" style=\"vertical-align: inherit\"><span dir=\"auto\" style=\"vertical-align: inherit\"> . Questo richiede tempo e affetto. Lo stesso vale per i nostri genitori, nonni, fidanzato o fidanzata <\/span><\/span><strong><span dir=\"auto\" style=\"vertical-align: inherit\"><span dir=\"auto\" style=\"vertical-align: inherit\">. Il segreto \u00e8 &#8220;tempo e affetto&#8221;.<\/span><\/span><\/strong><\/p>\n<p><span dir=\"auto\" style=\"vertical-align: inherit\"><span dir=\"auto\" style=\"vertical-align: inherit\">Personalmente, prendermi cura degli altri mi ha aiutato molto.\u00a0 <\/span><\/span><strong><span dir=\"auto\" style=\"vertical-align: inherit\"><span dir=\"auto\" style=\"vertical-align: inherit\">Avere una passione per aiutare gli altri<\/span><\/span><\/strong><span dir=\"auto\" style=\"vertical-align: inherit\"><span dir=\"auto\" style=\"vertical-align: inherit\"> &#8230; L&#8217;esperienza di tutti \u00e8 che aiutare gli altri ci rende persone migliori e ci fa sentire felici.<\/span><\/span><\/p>\n<p><span dir=\"auto\" style=\"vertical-align: inherit\"><span dir=\"auto\" style=\"vertical-align: inherit\">Oltre ad aiutare gli altri,\u00a0 <\/span><\/span><strong><span dir=\"auto\" style=\"vertical-align: inherit\"><span dir=\"auto\" style=\"vertical-align: inherit\">dobbiamo essere gentili e grati verso chiunque incontriamo nella nostra vita<\/span><\/span><\/strong><span dir=\"auto\" style=\"vertical-align: inherit\"><span dir=\"auto\" style=\"vertical-align: inherit\"> : i nostri colleghi, i nostri superiori e chiunque ci fornisca un servizio. Persino l&#8217;agente di polizia che ci fa una multa. Perch\u00e9\u00a0 <\/span><\/span><strong><span dir=\"auto\" style=\"vertical-align: inherit\"><span dir=\"auto\" style=\"vertical-align: inherit\">le persone sono ci\u00f2 che conta davvero<\/span><\/span><\/strong><span dir=\"auto\" style=\"vertical-align: inherit\"><span dir=\"auto\" style=\"vertical-align: inherit\"> . Tutti meritano rispetto e un trattamento gentile e riconoscente.<\/span><\/span><\/p>\n<p><strong><span dir=\"auto\" style=\"vertical-align: inherit\"><span dir=\"auto\" style=\"vertical-align: inherit\">Dobbiamo essere molto chiari sul fatto che incontreremo delle difficolt\u00e0<\/span><\/span><\/strong><span dir=\"auto\" style=\"vertical-align: inherit\"><span dir=\"auto\" style=\"vertical-align: inherit\"> . A volte sembreranno insormontabili.\u00a0 <\/span><\/span><strong><span dir=\"auto\" style=\"vertical-align: inherit\"><span dir=\"auto\" style=\"vertical-align: inherit\">Dobbiamo anche prepararci a soffrire e sopportare le ingiustizie<\/span><\/span><\/strong><span dir=\"auto\" style=\"vertical-align: inherit\"><span dir=\"auto\" style=\"vertical-align: inherit\"> , spesso senza capirle. Perch\u00e9 mi stanno succedendo queste cose?&#8230; Ma non \u00e8 tutto sacrificio e sofferenza.\u00a0 <\/span><\/span><strong><span dir=\"auto\" style=\"vertical-align: inherit\"><span dir=\"auto\" style=\"vertical-align: inherit\">Ci sono molte gioie e momenti di felicit\u00e0.<\/span><\/span><\/strong><\/p>\n<p><span dir=\"auto\" style=\"vertical-align: inherit\"><span dir=\"auto\" style=\"vertical-align: inherit\">Dobbiamo\u00a0 <\/span><\/span><strong><span dir=\"auto\" style=\"vertical-align: inherit\"><span dir=\"auto\" style=\"vertical-align: inherit\">essere felici, allegri, avere un buon senso dell&#8217;umorismo e una visione positiva<\/span><\/span><\/strong><span dir=\"auto\" style=\"vertical-align: inherit\"><span dir=\"auto\" style=\"vertical-align: inherit\"> . Siate ottimisti! Le difficolt\u00e0 possono sempre essere superate se abbiamo l&#8217;amore della nostra famiglia e dei nostri amici.<\/span><\/span><\/p>\n<p><strong><span dir=\"auto\" style=\"vertical-align: inherit\"><span dir=\"auto\" style=\"vertical-align: inherit\">\u00c8 molto importante sapere quando chiedere consiglio<\/span><\/span><\/strong><span dir=\"auto\" style=\"vertical-align: inherit\"><span dir=\"auto\" style=\"vertical-align: inherit\"> \u00a0a chi ci conosce e ci vuole bene,\u00a0 <\/span><\/span><strong><span dir=\"auto\" style=\"vertical-align: inherit\"><span dir=\"auto\" style=\"vertical-align: inherit\">anche se non necessariamente \u00e8 d&#8217;accordo con noi<\/span><\/span><\/strong><span dir=\"auto\" style=\"vertical-align: inherit\"><span dir=\"auto\" style=\"vertical-align: inherit\"> . A volte i consigli migliori non provengono da esperti o professionisti di alto livello. Prima di prendere una decisione,\u00a0 <\/span><\/span><strong><span dir=\"auto\" style=\"vertical-align: inherit\"><span dir=\"auto\" style=\"vertical-align: inherit\">rivolgiti alle persone pi\u00f9 vicine a te<\/span><\/span><\/strong><span dir=\"auto\" style=\"vertical-align: inherit\"><span dir=\"auto\" style=\"vertical-align: inherit\"> : i tuoi genitori, il tuo ragazzo o la tua ragazza, quell&#8217;insegnante con cui avevi un buon rapporto.<\/span><\/span><\/p>\n<p><span dir=\"auto\" style=\"vertical-align: inherit\"><span dir=\"auto\" style=\"vertical-align: inherit\">Devo concludere. Voglio farlo con\u00a0 <\/span><\/span><strong><span dir=\"auto\" style=\"vertical-align: inherit\"><span dir=\"auto\" style=\"vertical-align: inherit\">poche frasi brevi<\/span><\/span><\/strong><span dir=\"auto\" style=\"vertical-align: inherit\"><span dir=\"auto\" style=\"vertical-align: inherit\"> , cos\u00ec che possiate ricordarle facilmente:<\/span><\/span><\/p>\n<p><strong><span dir=\"auto\" style=\"vertical-align: inherit\"><span dir=\"auto\" style=\"vertical-align: inherit\">Imparare a leggere significa imparare a pensare, imparare a scrivere e imparare a parlare.<\/span><\/span><\/strong><\/p>\n<p><strong><span dir=\"auto\" style=\"vertical-align: inherit\"><span dir=\"auto\" style=\"vertical-align: inherit\">Il primo lavoro non \u00e8 quasi mai quello definitivo.<\/span><\/span><\/strong><\/p>\n<p><strong><span dir=\"auto\" style=\"vertical-align: inherit\"><span dir=\"auto\" style=\"vertical-align: inherit\">Chi non vive per servire, non \u00e8 adatto a vivere.<\/span><\/span><\/strong><\/p>\n<p><strong><span dir=\"auto\" style=\"vertical-align: inherit\"><span dir=\"auto\" style=\"vertical-align: inherit\">Quando hai un perch\u00e9, puoi quasi sempre trovare un come.<\/span><\/span><\/strong><\/p>\n<p><strong><span dir=\"auto\" style=\"vertical-align: inherit\"><span dir=\"auto\" style=\"vertical-align: inherit\">Il regalo pi\u00f9 bello: un sorriso.<\/span><\/span><\/strong><\/p>\n<p><strong><span dir=\"auto\" style=\"vertical-align: inherit\"><span dir=\"auto\" style=\"vertical-align: inherit\">Con chi lavori \u00e8 pi\u00f9 importante di cosa lavori.<\/span><\/span><\/strong><\/p>\n<p><strong><span dir=\"auto\" style=\"vertical-align: inherit\"><span dir=\"auto\" style=\"vertical-align: inherit\">Il tuo carattere e il tuo comportamento sono pi\u00f9 importanti del tuo curriculum.<\/span><\/span><\/strong><\/p>\n<p><strong><span dir=\"auto\" style=\"vertical-align: inherit\"><span dir=\"auto\" style=\"vertical-align: inherit\">Un amico \u00e8 un tesoro. Cerca di averne molti.<\/span><\/span><\/strong><\/p>\n<p><strong><span dir=\"auto\" style=\"vertical-align: inherit\"><span dir=\"auto\" style=\"vertical-align: inherit\">L&#8217;importante \u00e8 lavorare bene, prestare attenzione ai dettagli e avere un atteggiamento orientato al servizio.<\/span><\/span><\/strong><\/p>\n<p><strong><span dir=\"auto\" style=\"vertical-align: inherit\"><span dir=\"auto\" style=\"vertical-align: inherit\">Non sono ammesse lamentele!<\/span><\/span><\/strong><\/p>\n<p><strong><span dir=\"auto\" style=\"vertical-align: inherit\"><span dir=\"auto\" style=\"vertical-align: inherit\">Ci\u00f2 che si guadagna o si perde \u00e8 la fiducia.<\/span><\/span><\/strong><\/p>\n<p><strong><span dir=\"auto\" style=\"vertical-align: inherit\"><span dir=\"auto\" style=\"vertical-align: inherit\">La fiducia \u00e8 ispirata, non imposta.<\/span><\/span><\/strong><\/p>\n<p><strong><span dir=\"auto\" style=\"vertical-align: inherit\"><span dir=\"auto\" style=\"vertical-align: inherit\">Il perfezionismo \u00e8 un ostacolo sul nostro cammino, che ci impedisce di progredire come vorremmo.<\/span><\/span><\/strong><\/p>\n<p><strong><span dir=\"auto\" style=\"vertical-align: inherit\"><span dir=\"auto\" style=\"vertical-align: inherit\">Essere grati \u00e8 segno di buona educazione.<\/span><\/span><\/strong><\/p>\n<p><strong><span dir=\"auto\" style=\"vertical-align: inherit\"><span dir=\"auto\" style=\"vertical-align: inherit\">La memoria del cuore \u00e8 gratitudine.<\/span><\/span><\/strong><\/p>\n<p><strong><span dir=\"auto\" style=\"vertical-align: inherit\"><span dir=\"auto\" style=\"vertical-align: inherit\">La cosa pi\u00f9 importante nella vita \u00e8 che ci\u00f2 che \u00e8 pi\u00f9 importante sia davvero ci\u00f2 che \u00e8 pi\u00f9 importante.<\/span><\/span><\/strong><\/p>\n<p><strong><span dir=\"auto\" style=\"vertical-align: inherit\"><span dir=\"auto\" style=\"vertical-align: inherit\">E un ultimo pensiero.<\/span><\/span><\/strong><\/p>\n<p><strong><span dir=\"auto\" style=\"vertical-align: inherit\"><span dir=\"auto\" style=\"vertical-align: inherit\">Di fronte ai vari bivi della vita, consiglio la Preghiera della Serenit\u00e0, nota anche come Preghiera della Serenit\u00e0. \u00c8 l&#8217;inizio di una preghiera attribuita al teologo, filosofo e scrittore americano di origine tedesca\u00a0 <\/span><\/span><\/strong><a href=\"https:\/\/es.m.wikipedia.org\/wiki\/Reinhold_Niebuhr\" target=\"_blank\" rel=\"noopener noreferrer\"><strong><span dir=\"auto\" style=\"vertical-align: inherit\"><span dir=\"auto\" style=\"vertical-align: inherit\">Reinhold Niebuhr<\/span><\/span><\/strong><\/a><strong><span dir=\"auto\" style=\"vertical-align: inherit\"><span dir=\"auto\" style=\"vertical-align: inherit\"> \u00a0, e la sua versione pi\u00f9 citata recita cos\u00ec:<\/span><\/span><\/strong><\/p>\n<p><strong><span dir=\"auto\" style=\"vertical-align: inherit\"><span dir=\"auto\" style=\"vertical-align: inherit\">Signore, dammi la serenit\u00e0 di accettare tutto ci\u00f2 che non posso cambiare,<\/span><\/span><\/strong><\/p>\n<p><strong><span dir=\"auto\" style=\"vertical-align: inherit\"><span dir=\"auto\" style=\"vertical-align: inherit\">la forza di cambiare ci\u00f2 che sono capace di cambiare<\/span><\/span><\/strong><\/p>\n<p><strong><span dir=\"auto\" style=\"vertical-align: inherit\"><span dir=\"auto\" style=\"vertical-align: inherit\">e saggezza per comprendere la differenza.<\/span><\/span><\/strong><\/p>\n<p><em><strong><span dir=\"auto\" style=\"vertical-align: inherit\"><span dir=\"auto\" style=\"vertical-align: inherit\">Jos\u00e9 Miguel Ponce<\/span><\/span><\/strong><\/em><\/p>\n","protected":false},"excerpt":{"rendered":"<p>Costruire un percorso di carriera in linea con i miei valori e i miei sogni<\/p>\n","protected":false},"author":157,"featured_media":158041,"comment_status":"closed","ping_status":"closed","sticky":false,"template":"","format":"standard","meta":{"_acf_changed":false,"_crdt_document":"","inline_featured_image":false,"footnotes":""},"categories":[129],"tags":[33903,96771,96772,96777,73450,16531,96773,1720,15961,50973,96774,96775,96776,15970,96779,96778,66583,53499,96780,18951,37522,31499,64787,96781,96782],"class_list":["post-158300","post","type-post","status-publish","format-standard","has-post-thumbnail","hentry","category-voci","tag-aiutare-gli-altri","tag-amicizie-e-relazioni","tag-autoanalisi","tag-chiedere-consigli","tag-cosa-voglio-fare-della-mia-vita","tag-crescita-personale","tag-discorso-di-laurea","tag-felicita","tag-gentilezza","tag-motivazione-personale","tag-obiettivi-personali","tag-obiettivi-realistici","tag-orientamento-alla-vita","tag-ottimismo","tag-piano-di-carriera-coerente","tag-piano-personale-e-professionale","tag-processo-decisionale","tag-progetto-di-vita","tag-reinvenzione-professionale","tag-serenita","tag-superare-le-difficolta","tag-sviluppo-professionale","tag-trending-it-236","tag-valori-personali","tag-vivere-una-vita-appagante"],"acf":[],"yoast_head":"<!-- This site is optimized with the Yoast SEO plugin v27.5 - https:\/\/yoast.com\/product\/yoast-seo-wordpress\/ -->\n<title>Cosa voglio fare della mia vita personale e professionale? &#8211; Exaudi<\/title>\n<meta name=\"robots\" content=\"index, follow, max-snippet:-1, max-image-preview:large, max-video-preview:-1\" \/>\n<link rel=\"canonical\" href=\"https:\/\/exaudi.org\/it\/cosa-voglio-fare-della-mia-vita-personale-e-professionale\/\" \/>\n<meta property=\"og:locale\" content=\"it_IT\" \/>\n<meta property=\"og:type\" content=\"article\" \/>\n<meta property=\"og:title\" content=\"Cosa voglio fare della mia vita personale e professionale? &#8211; Exaudi\" \/>\n<meta property=\"og:description\" content=\"Costruire un percorso di carriera in linea con i miei valori e i miei sogni\" \/>\n<meta property=\"og:url\" content=\"https:\/\/exaudi.org\/it\/cosa-voglio-fare-della-mia-vita-personale-e-professionale\/\" \/>\n<meta property=\"og:site_name\" content=\"Exaudi\" \/>\n<meta property=\"article:publisher\" content=\"https:\/\/www.facebook.com\/ExaudiNews\" \/>\n<meta property=\"article:author\" content=\"https:\/\/marketingyservicios.com\/\" \/>\n<meta property=\"article:published_time\" content=\"2026-02-17T16:09:51+00:00\" \/>\n<meta property=\"og:image\" content=\"https:\/\/exaudi.org\/wp-content\/uploads\/2026\/02\/pexels-alexeydemidov-11572450-scaled.jpg\" \/>\n\t<meta property=\"og:image:width\" content=\"2560\" \/>\n\t<meta property=\"og:image:height\" content=\"1708\" \/>\n\t<meta property=\"og:image:type\" content=\"image\/jpeg\" \/>\n<meta name=\"author\" content=\"Marketing y Servicios\" \/>\n<meta name=\"twitter:card\" content=\"summary_large_image\" \/>\n<meta name=\"twitter:creator\" content=\"@mentoring_sev\" \/>\n<meta name=\"twitter:site\" content=\"@Exaudi_News\" \/>\n<meta name=\"twitter:label1\" content=\"Scritto da\" \/>\n\t<meta name=\"twitter:data1\" content=\"Marketing y Servicios\" \/>\n\t<meta name=\"twitter:label2\" content=\"Tempo di lettura stimato\" \/>\n\t<meta name=\"twitter:data2\" content=\"5 minuti\" \/>\n<script type=\"application\/ld+json\" class=\"yoast-schema-graph\">{\"@context\":\"https:\\\/\\\/schema.org\",\"@graph\":[{\"@type\":\"Article\",\"@id\":\"https:\\\/\\\/exaudi.org\\\/it\\\/cosa-voglio-fare-della-mia-vita-personale-e-professionale\\\/#article\",\"isPartOf\":{\"@id\":\"https:\\\/\\\/exaudi.org\\\/it\\\/cosa-voglio-fare-della-mia-vita-personale-e-professionale\\\/\"},\"author\":{\"name\":\"Marketing y Servicios\",\"@id\":\"https:\\\/\\\/exaudi.org\\\/#\\\/schema\\\/person\\\/0ec39b1037553be7468a8044044a7283\"},\"headline\":\"Cosa voglio fare della mia vita personale e professionale?\",\"datePublished\":\"2026-02-17T16:09:51+00:00\",\"mainEntityOfPage\":{\"@id\":\"https:\\\/\\\/exaudi.org\\\/it\\\/cosa-voglio-fare-della-mia-vita-personale-e-professionale\\\/\"},\"wordCount\":1034,\"image\":{\"@id\":\"https:\\\/\\\/exaudi.org\\\/it\\\/cosa-voglio-fare-della-mia-vita-personale-e-professionale\\\/#primaryimage\"},\"thumbnailUrl\":\"https:\\\/\\\/exaudi.org\\\/wp-content\\\/uploads\\\/2026\\\/02\\\/pexels-alexeydemidov-11572450-scaled.jpg\",\"keywords\":[\"aiutare gli altri\",\"amicizie e relazioni\",\"autoanalisi\",\"chiedere consigli\",\"Cosa voglio fare della mia vita\",\"CRESCITA PERSONALE\",\"discorso di laurea\",\"felicit\u00e0\",\"GENTILEZZA\",\"motivazione personale\",\"obiettivi personali\",\"obiettivi realistici\",\"orientamento alla vita\",\"OTTIMISMO\",\"piano di carriera coerente\",\"piano personale e professionale\",\"processo decisionale\",\"progetto di vita\",\"reinvenzione professionale\",\"SERENIT\u00c0\",\"superare le difficolt\u00e0\",\"sviluppo professionale\",\"Trending\",\"valori personali\",\"vivere una vita appagante\"],\"articleSection\":[\"Voci\"],\"inLanguage\":\"it-IT\"},{\"@type\":\"WebPage\",\"@id\":\"https:\\\/\\\/exaudi.org\\\/it\\\/cosa-voglio-fare-della-mia-vita-personale-e-professionale\\\/\",\"url\":\"https:\\\/\\\/exaudi.org\\\/it\\\/cosa-voglio-fare-della-mia-vita-personale-e-professionale\\\/\",\"name\":\"Cosa voglio fare della mia vita personale e professionale? &#8211; Exaudi\",\"isPartOf\":{\"@id\":\"https:\\\/\\\/exaudi.org\\\/#website\"},\"primaryImageOfPage\":{\"@id\":\"https:\\\/\\\/exaudi.org\\\/it\\\/cosa-voglio-fare-della-mia-vita-personale-e-professionale\\\/#primaryimage\"},\"image\":{\"@id\":\"https:\\\/\\\/exaudi.org\\\/it\\\/cosa-voglio-fare-della-mia-vita-personale-e-professionale\\\/#primaryimage\"},\"thumbnailUrl\":\"https:\\\/\\\/exaudi.org\\\/wp-content\\\/uploads\\\/2026\\\/02\\\/pexels-alexeydemidov-11572450-scaled.jpg\",\"datePublished\":\"2026-02-17T16:09:51+00:00\",\"author\":{\"@id\":\"https:\\\/\\\/exaudi.org\\\/#\\\/schema\\\/person\\\/0ec39b1037553be7468a8044044a7283\"},\"breadcrumb\":{\"@id\":\"https:\\\/\\\/exaudi.org\\\/it\\\/cosa-voglio-fare-della-mia-vita-personale-e-professionale\\\/#breadcrumb\"},\"inLanguage\":\"it-IT\",\"potentialAction\":[{\"@type\":\"ReadAction\",\"target\":[\"https:\\\/\\\/exaudi.org\\\/it\\\/cosa-voglio-fare-della-mia-vita-personale-e-professionale\\\/\"]}]},{\"@type\":\"ImageObject\",\"inLanguage\":\"it-IT\",\"@id\":\"https:\\\/\\\/exaudi.org\\\/it\\\/cosa-voglio-fare-della-mia-vita-personale-e-professionale\\\/#primaryimage\",\"url\":\"https:\\\/\\\/exaudi.org\\\/wp-content\\\/uploads\\\/2026\\\/02\\\/pexels-alexeydemidov-11572450-scaled.jpg\",\"contentUrl\":\"https:\\\/\\\/exaudi.org\\\/wp-content\\\/uploads\\\/2026\\\/02\\\/pexels-alexeydemidov-11572450-scaled.jpg\",\"width\":2560,\"height\":1708},{\"@type\":\"BreadcrumbList\",\"@id\":\"https:\\\/\\\/exaudi.org\\\/it\\\/cosa-voglio-fare-della-mia-vita-personale-e-professionale\\\/#breadcrumb\",\"itemListElement\":[{\"@type\":\"ListItem\",\"position\":1,\"name\":\"Portada\",\"item\":\"https:\\\/\\\/exaudi.org\\\/it\\\/\"},{\"@type\":\"ListItem\",\"position\":2,\"name\":\"Cosa voglio fare della mia vita personale e professionale?\"}]},{\"@type\":\"WebSite\",\"@id\":\"https:\\\/\\\/exaudi.org\\\/#website\",\"url\":\"https:\\\/\\\/exaudi.org\\\/\",\"name\":\"Exaudi\",\"description\":\"News\",\"potentialAction\":[{\"@type\":\"SearchAction\",\"target\":{\"@type\":\"EntryPoint\",\"urlTemplate\":\"https:\\\/\\\/exaudi.org\\\/?s={search_term_string}\"},\"query-input\":{\"@type\":\"PropertyValueSpecification\",\"valueRequired\":true,\"valueName\":\"search_term_string\"}}],\"inLanguage\":\"it-IT\"},{\"@type\":\"Person\",\"@id\":\"https:\\\/\\\/exaudi.org\\\/#\\\/schema\\\/person\\\/0ec39b1037553be7468a8044044a7283\",\"name\":\"Marketing y Servicios\",\"image\":{\"@type\":\"ImageObject\",\"inLanguage\":\"it-IT\",\"@id\":\"https:\\\/\\\/secure.gravatar.com\\\/avatar\\\/887d69b0afc81051391a1aa8022a59db22c5ad6f2eecb945ce1b0d0613c61b5f?s=96&d=mm&r=g\",\"url\":\"https:\\\/\\\/secure.gravatar.com\\\/avatar\\\/887d69b0afc81051391a1aa8022a59db22c5ad6f2eecb945ce1b0d0613c61b5f?s=96&d=mm&r=g\",\"contentUrl\":\"https:\\\/\\\/secure.gravatar.com\\\/avatar\\\/887d69b0afc81051391a1aa8022a59db22c5ad6f2eecb945ce1b0d0613c61b5f?s=96&d=mm&r=g\",\"caption\":\"Marketing y Servicios\"},\"description\":\"Ideas para mejorar el mundo . Director: Jos\u00e9 Miguel Ponce . Profesor universitario e investigador en Marketing y Gesti\u00f3n de Servicios, con experiencia en cinco universidades p\u00fablicas y privadas. Sevillano de origen, ha vivido en varias ciudades de Espa\u00f1a y actualmente reside en Sevilla. Apasionado por la educaci\u00f3n, la comunicaci\u00f3n y las relaciones humanas, considera la amistad y la empat\u00eda clave en su vida y ense\u00f1anza. Ha publicado investigaciones sobre Marketing, Calidad de Servicio y organizaciones sin \u00e1nimo de lucro. Humanista y optimista, promueve el agradecimiento y la coherencia como valores fundamentales.\",\"sameAs\":[\"https:\\\/\\\/marketingyservicios.com\\\/\",\"https:\\\/\\\/www.instagram.com\\\/mentoringsevilla\\\/\",\"https:\\\/\\\/www.linkedin.com\\\/company\\\/marketing-y-servicios\\\/\",\"https:\\\/\\\/x.com\\\/mentoring_sev\",\"https:\\\/\\\/www.youtube.com\\\/@marketingyservicios649\"],\"url\":\"https:\\\/\\\/exaudi.org\\\/it\\\/author\\\/jose-miguel-ponce\\\/\"}]}<\/script>\n<!-- \/ Yoast SEO plugin. -->","yoast_head_json":{"title":"Cosa voglio fare della mia vita personale e professionale? &#8211; Exaudi","robots":{"index":"index","follow":"follow","max-snippet":"max-snippet:-1","max-image-preview":"max-image-preview:large","max-video-preview":"max-video-preview:-1"},"canonical":"https:\/\/exaudi.org\/it\/cosa-voglio-fare-della-mia-vita-personale-e-professionale\/","og_locale":"it_IT","og_type":"article","og_title":"Cosa voglio fare della mia vita personale e professionale? &#8211; Exaudi","og_description":"Costruire un percorso di carriera in linea con i miei valori e i miei sogni","og_url":"https:\/\/exaudi.org\/it\/cosa-voglio-fare-della-mia-vita-personale-e-professionale\/","og_site_name":"Exaudi","article_publisher":"https:\/\/www.facebook.com\/ExaudiNews","article_author":"https:\/\/marketingyservicios.com\/","article_published_time":"2026-02-17T16:09:51+00:00","og_image":[{"width":2560,"height":1708,"url":"https:\/\/exaudi.org\/wp-content\/uploads\/2026\/02\/pexels-alexeydemidov-11572450-scaled.jpg","type":"image\/jpeg"}],"author":"Marketing y Servicios","twitter_card":"summary_large_image","twitter_creator":"@mentoring_sev","twitter_site":"@Exaudi_News","twitter_misc":{"Scritto da":"Marketing y Servicios","Tempo di lettura stimato":"5 minuti"},"schema":{"@context":"https:\/\/schema.org","@graph":[{"@type":"Article","@id":"https:\/\/exaudi.org\/it\/cosa-voglio-fare-della-mia-vita-personale-e-professionale\/#article","isPartOf":{"@id":"https:\/\/exaudi.org\/it\/cosa-voglio-fare-della-mia-vita-personale-e-professionale\/"},"author":{"name":"Marketing y Servicios","@id":"https:\/\/exaudi.org\/#\/schema\/person\/0ec39b1037553be7468a8044044a7283"},"headline":"Cosa voglio fare della mia vita personale e professionale?","datePublished":"2026-02-17T16:09:51+00:00","mainEntityOfPage":{"@id":"https:\/\/exaudi.org\/it\/cosa-voglio-fare-della-mia-vita-personale-e-professionale\/"},"wordCount":1034,"image":{"@id":"https:\/\/exaudi.org\/it\/cosa-voglio-fare-della-mia-vita-personale-e-professionale\/#primaryimage"},"thumbnailUrl":"https:\/\/exaudi.org\/wp-content\/uploads\/2026\/02\/pexels-alexeydemidov-11572450-scaled.jpg","keywords":["aiutare gli altri","amicizie e relazioni","autoanalisi","chiedere consigli","Cosa voglio fare della mia vita","CRESCITA PERSONALE","discorso di laurea","felicit\u00e0","GENTILEZZA","motivazione personale","obiettivi personali","obiettivi realistici","orientamento alla vita","OTTIMISMO","piano di carriera coerente","piano personale e professionale","processo decisionale","progetto di vita","reinvenzione professionale","SERENIT\u00c0","superare le difficolt\u00e0","sviluppo professionale","Trending","valori personali","vivere una vita appagante"],"articleSection":["Voci"],"inLanguage":"it-IT"},{"@type":"WebPage","@id":"https:\/\/exaudi.org\/it\/cosa-voglio-fare-della-mia-vita-personale-e-professionale\/","url":"https:\/\/exaudi.org\/it\/cosa-voglio-fare-della-mia-vita-personale-e-professionale\/","name":"Cosa voglio fare della mia vita personale e professionale? &#8211; Exaudi","isPartOf":{"@id":"https:\/\/exaudi.org\/#website"},"primaryImageOfPage":{"@id":"https:\/\/exaudi.org\/it\/cosa-voglio-fare-della-mia-vita-personale-e-professionale\/#primaryimage"},"image":{"@id":"https:\/\/exaudi.org\/it\/cosa-voglio-fare-della-mia-vita-personale-e-professionale\/#primaryimage"},"thumbnailUrl":"https:\/\/exaudi.org\/wp-content\/uploads\/2026\/02\/pexels-alexeydemidov-11572450-scaled.jpg","datePublished":"2026-02-17T16:09:51+00:00","author":{"@id":"https:\/\/exaudi.org\/#\/schema\/person\/0ec39b1037553be7468a8044044a7283"},"breadcrumb":{"@id":"https:\/\/exaudi.org\/it\/cosa-voglio-fare-della-mia-vita-personale-e-professionale\/#breadcrumb"},"inLanguage":"it-IT","potentialAction":[{"@type":"ReadAction","target":["https:\/\/exaudi.org\/it\/cosa-voglio-fare-della-mia-vita-personale-e-professionale\/"]}]},{"@type":"ImageObject","inLanguage":"it-IT","@id":"https:\/\/exaudi.org\/it\/cosa-voglio-fare-della-mia-vita-personale-e-professionale\/#primaryimage","url":"https:\/\/exaudi.org\/wp-content\/uploads\/2026\/02\/pexels-alexeydemidov-11572450-scaled.jpg","contentUrl":"https:\/\/exaudi.org\/wp-content\/uploads\/2026\/02\/pexels-alexeydemidov-11572450-scaled.jpg","width":2560,"height":1708},{"@type":"BreadcrumbList","@id":"https:\/\/exaudi.org\/it\/cosa-voglio-fare-della-mia-vita-personale-e-professionale\/#breadcrumb","itemListElement":[{"@type":"ListItem","position":1,"name":"Portada","item":"https:\/\/exaudi.org\/it\/"},{"@type":"ListItem","position":2,"name":"Cosa voglio fare della mia vita personale e professionale?"}]},{"@type":"WebSite","@id":"https:\/\/exaudi.org\/#website","url":"https:\/\/exaudi.org\/","name":"Exaudi","description":"News","potentialAction":[{"@type":"SearchAction","target":{"@type":"EntryPoint","urlTemplate":"https:\/\/exaudi.org\/?s={search_term_string}"},"query-input":{"@type":"PropertyValueSpecification","valueRequired":true,"valueName":"search_term_string"}}],"inLanguage":"it-IT"},{"@type":"Person","@id":"https:\/\/exaudi.org\/#\/schema\/person\/0ec39b1037553be7468a8044044a7283","name":"Marketing y Servicios","image":{"@type":"ImageObject","inLanguage":"it-IT","@id":"https:\/\/secure.gravatar.com\/avatar\/887d69b0afc81051391a1aa8022a59db22c5ad6f2eecb945ce1b0d0613c61b5f?s=96&d=mm&r=g","url":"https:\/\/secure.gravatar.com\/avatar\/887d69b0afc81051391a1aa8022a59db22c5ad6f2eecb945ce1b0d0613c61b5f?s=96&d=mm&r=g","contentUrl":"https:\/\/secure.gravatar.com\/avatar\/887d69b0afc81051391a1aa8022a59db22c5ad6f2eecb945ce1b0d0613c61b5f?s=96&d=mm&r=g","caption":"Marketing y Servicios"},"description":"Ideas para mejorar el mundo . Director: Jos\u00e9 Miguel Ponce . Profesor universitario e investigador en Marketing y Gesti\u00f3n de Servicios, con experiencia en cinco universidades p\u00fablicas y privadas. Sevillano de origen, ha vivido en varias ciudades de Espa\u00f1a y actualmente reside en Sevilla. Apasionado por la educaci\u00f3n, la comunicaci\u00f3n y las relaciones humanas, considera la amistad y la empat\u00eda clave en su vida y ense\u00f1anza. Ha publicado investigaciones sobre Marketing, Calidad de Servicio y organizaciones sin \u00e1nimo de lucro. Humanista y optimista, promueve el agradecimiento y la coherencia como valores fundamentales.","sameAs":["https:\/\/marketingyservicios.com\/","https:\/\/www.instagram.com\/mentoringsevilla\/","https:\/\/www.linkedin.com\/company\/marketing-y-servicios\/","https:\/\/x.com\/mentoring_sev","https:\/\/www.youtube.com\/@marketingyservicios649"],"url":"https:\/\/exaudi.org\/it\/author\/jose-miguel-ponce\/"}]}},"jetpack_featured_media_url":"https:\/\/exaudi.org\/wp-content\/uploads\/2026\/02\/pexels-alexeydemidov-11572450-scaled.jpg","jetpack_shortlink":"https:\/\/wp.me\/pgKjF2-Fbe","_links":{"self":[{"href":"https:\/\/exaudi.org\/it\/wp-json\/wp\/v2\/posts\/158300","targetHints":{"allow":["GET"]}}],"collection":[{"href":"https:\/\/exaudi.org\/it\/wp-json\/wp\/v2\/posts"}],"about":[{"href":"https:\/\/exaudi.org\/it\/wp-json\/wp\/v2\/types\/post"}],"author":[{"embeddable":true,"href":"https:\/\/exaudi.org\/it\/wp-json\/wp\/v2\/users\/157"}],"replies":[{"embeddable":true,"href":"https:\/\/exaudi.org\/it\/wp-json\/wp\/v2\/comments?post=158300"}],"version-history":[{"count":3,"href":"https:\/\/exaudi.org\/it\/wp-json\/wp\/v2\/posts\/158300\/revisions"}],"predecessor-version":[{"id":158303,"href":"https:\/\/exaudi.org\/it\/wp-json\/wp\/v2\/posts\/158300\/revisions\/158303"}],"wp:featuredmedia":[{"embeddable":true,"href":"https:\/\/exaudi.org\/it\/wp-json\/wp\/v2\/media\/158041"}],"wp:attachment":[{"href":"https:\/\/exaudi.org\/it\/wp-json\/wp\/v2\/media?parent=158300"}],"wp:term":[{"taxonomy":"category","embeddable":true,"href":"https:\/\/exaudi.org\/it\/wp-json\/wp\/v2\/categories?post=158300"},{"taxonomy":"post_tag","embeddable":true,"href":"https:\/\/exaudi.org\/it\/wp-json\/wp\/v2\/tags?post=158300"}],"curies":[{"name":"wp","href":"https:\/\/api.w.org\/{rel}","templated":true}]}}