{"id":158140,"date":"2025-03-19T10:47:23","date_gmt":"2025-03-19T09:47:23","guid":{"rendered":"https:\/\/exaudi.org\/?p=158140"},"modified":"2026-04-07T10:47:56","modified_gmt":"2026-04-07T08:47:56","slug":"treintena-a-san-jose-2","status":"publish","type":"post","link":"https:\/\/exaudi.org\/it\/treintena-a-san-jose-2\/","title":{"rendered":"Treintena a San Jos\u00e9"},"content":{"rendered":"<p>Una delle devozioni pi\u00f9 significative del popolo cristiano a San Giuseppe \u00e8 la \u201cTreintena\u201d, che onora i trent&#8217;anni vissuti sulla terra con Ges\u00f9 e la Vergine Maria. Questa pratica riflette la profonda venerazione e fiducia nel potere e nella bont\u00e0 di San Giuseppe.<\/p>\n<p>I miracoli attribuiti all&#8217;intercessione di San Giuseppe sono innumerevoli. Molti santi sono stati testimoni dei grandi favori e dei miracoli compiuti dal Santo Patriarca. Un esempio notevole \u00e8 la storia di San Giovanni Bosco di un uomo che, acquistando il sapone, trov\u00f2 sulla carta che lo avvolgeva informazioni sull&#8217;aiuto che San Giuseppe fornisce a coloro che gli chiedono una morte buona e santa. Da quel momento in poi l&#8217;uomo cominci\u00f2 a pregare con fervore il Santo Patriarca. Divenuto gravemente malato, chiam\u00f2 san Giovanni Bosco a confessarsi con grande devozione, ricevendo con profonda fede la Comunione e l&#8217;unzione degli infermi. Sul letto di morte, ha espresso con gratitudine: &#8220;Quanto \u00e8 buono San Giuseppe, \u00e8 venuto a consolarmi e ad aiutarmi in quest&#8217;ultima ora. Sia benedetto. Amen&#8221;. \u00c8 morto in pace.<\/p>\n<p>Santa Teresa d&#8217;Avila, un&#8217;altra devota notevole, affermava: &#8220;Sembra che il Signore abbia dato ad altri santi la grazia di aiutare in un [unico] bisogno, ho esperienza con questa Santa gloriosa che aiuta in tutto e che il Signore vuole che comprendiamo che cos\u00ec &#8220;Come gli \u00e8 stato sottoposto sulla terra, cos\u00ec in cielo fa tutto ci\u00f2 che gli viene chiesto&#8230;&#8221; La sua testimonianza mette in luce l&#8217;universalit\u00e0 dell&#8217;intercessione di san Giuseppe, mostrando che il suo aiuto \u00e8 efficace in ogni circostanza.<\/p>\n<h3><strong>***<\/strong><\/h3>\n<h3><strong>Preghiera a San Giuseppe<\/strong><\/h3>\n<p>Amato San Giuseppe! Dalla mia piccolezza e dolore e ansia, ti contemplo con commozione e gioia nel cielo, dove risiedi insieme ai Beati, ma anche come padre degli orfani sulla terra, gioia dei tristi, protezione degli indifesi, gioia e amore dei tuoi i propri cari devoti davanti al trono di Dio.<\/p>\n<p>Per questo io, povero, indifeso, fragile e bisognoso, ti rivolgo oggi e sempre la mia tristezza e la mia gioia, le mie preghiere e suppliche, i miei rimpianti e le mie speranze; e oggi soprattutto porto davanti alla tua immagine una sofferenza da consolare, un male da rimediare, una sventura da prevenire, un&#8217;esigenza da risolvere, una grazia da ottenere per me e per i miei cari.<\/p>\n<p>E per incoraggiarti ancora di pi\u00f9 ad ascoltarmi e a ottenermelo, ti chieder\u00f2 in questi trenta giorni, con urgenza e fiducia, di ricordare le tappe fondamentali che nella tua vita hanno segnato la tua fedelt\u00e0 a ogni prova, e quali sono le ragioni per cui ho sperare che non tarderai a rispondere al nostro bisogno.<\/p>\n<p>1.- Ti chiedo la bont\u00e0 divina che mosse il Verbo Eterno a incarnarsi e nascere nella povera natura umana, Dio, Uomo, il Signore Ges\u00f9.<\/p>\n<p>2.- Ti chiedo la prontezza con cui hai risposto alla chiamata a essere Padre adottivo del Signore Ges\u00f9 e sposo casto e custode della nostra Santa Madre.<\/p>\n<p>3.- Te lo chiedo per la tua forza discreta e silenziosa con la quale hai cercato una stalla per la culla di Dio, nato tra gli uomini, che lo costringono a nascere tra gli animali.<\/p>\n<p>4.- Ti imploro per la pronta obbedienza con la quale hai imposto al Riconciliatore il Santo Nome di Ges\u00f9, per ordine dell&#8217;Eterno, per la nostra consolazione, amore e speranza.<\/p>\n<p>5.- Ti prego per il dolore accettato eroicamente all&#8217;ascolto dell&#8217;Angelo, per la morte decretata contro il tuo Figlio Dio, e per la tua coraggiosa fuga in Egitto, per le sofferenze del cammino, per la povert\u00e0 dell&#8217;esilio e per le insicurezze del ritorno a Nazareth.<\/p>\n<p>6.- Ti chiedo la tua dolorosa afflizione di tre giorni per la perdita del tuo Figlio, e la tua gioia intensa e discreta nel ritrovarlo nel tempio; per l&#8217;ineffabile gioia dei trent&#8217;anni che hai vissuto a Nazaret con Ges\u00f9 e Maria sotto la tua autorit\u00e0 e provvidenza.<\/p>\n<p>7.- Ti prego per il sacrificio eroico con cui hai accettato la missione del Signore Ges\u00f9: la croce e la morte per la nostra riconciliazione.<\/p>\n<p>8.- Ti imploro per l&#8217;eroico distacco con cui ogni giorno contemplavi quelle mani infantili che un giorno sarebbero state forate sulla Croce; quella testa adagiata sul tuo petto che sarebbe stata coronata di spine; quel corpo divino che tenevi vicino al cuore, che sarebbe stato disteso sulla Croce.<\/p>\n<p>9.- Ti chiedo il tuo passaggio da questa vita e il tuo ingresso in Cielo, dove hai il tuo trono di potere.<\/p>\n<p>10.- Ti prego per la tua gioia quando hai contemplato la Risurrezione del Signore Ges\u00f9, la sua ascensione al Cielo e il suo trono di Re immortale per secoli.<\/p>\n<p>11.- Questo te lo chiedo per la gioia con cui hai contemplato la tua santissima Sposa ascesa al Cielo dagli angeli e incoronata dall&#8217;Eterno come Regina e Signora di tutta la creazione.<\/p>\n<p>12.- Ti prego e spero con fiducia nel tuo lavoro, dolori e sacrifici sulla terra, e nei tuoi trionfi e nella tua beatitudine in Cielo, con il tuo Figlio Ges\u00f9 e con Santa Maria.<\/p>\n<p>Oh mio buon San Giuseppe! Io, ispirato dalla fede della Santa Chiesa e in comunione con il sentimento universale del popolo cristiano, sento in me la forza fiduciosa che mi incoraggia a chiedervi, supplicarvi e sperare che otteniate da Dio la grazia che mi reco da porre davanti a questa immagine sulla terra e davanti al tuo trono nel Cielo: ti aspetto, Santo Patriarca.<\/p>\n<p><em><strong>Qui, elevando il cuore, si chiede al Santo la grazia che si desidera.<\/strong><\/em><\/p>\n","protected":false},"excerpt":{"rendered":"<p>Una delle devozioni pi\u00f9 significative del popolo cristiano a San Giuseppe \u00e8 la \u201cTreintena\u201d, che onora i trent&#8217;anni vissuti sulla terra con Ges\u00f9 e la Vergine Maria. Questa pratica riflette la profonda venerazione e fiducia nel potere e nella bont\u00e0 di San Giuseppe. I miracoli attribuiti all&#8217;intercessione di San Giuseppe sono innumerevoli. Molti santi sono [&hellip;]<\/p>\n","protected":false},"author":17,"featured_media":60114,"comment_status":"closed","ping_status":"closed","sticky":false,"template":"","format":"standard","meta":{"_acf_changed":false,"_crdt_document":"","inline_featured_image":false,"footnotes":""},"categories":[71,95],"tags":[35002,578,961,96494,64787,22406,96495],"class_list":["post-158140","post","type-post","status-publish","format-standard","has-post-thumbnail","hentry","category-analisi","category-spiritualita","tag-preghiera-es","tag-preghiera","tag-san-giuseppe","tag-san-giuseppe-3","tag-trending-it-236","tag-trenta","tag-trenta-2"],"acf":[],"yoast_head":"<!-- This site is optimized with the Yoast SEO plugin v27.5 - https:\/\/yoast.com\/product\/yoast-seo-wordpress\/ -->\n<title>Treintena a San Jos\u00e9 &#8211; Exaudi<\/title>\n<meta name=\"robots\" content=\"index, follow, max-snippet:-1, max-image-preview:large, max-video-preview:-1\" \/>\n<link rel=\"canonical\" href=\"https:\/\/exaudi.org\/it\/treintena-a-san-jose-2\/\" \/>\n<meta property=\"og:locale\" content=\"it_IT\" \/>\n<meta property=\"og:type\" content=\"article\" \/>\n<meta property=\"og:title\" content=\"Treintena a San Jos\u00e9 &#8211; Exaudi\" \/>\n<meta property=\"og:description\" content=\"Una delle devozioni pi\u00f9 significative del popolo cristiano a San Giuseppe \u00e8 la \u201cTreintena\u201d, che onora i trent&#8217;anni vissuti sulla terra con Ges\u00f9 e la Vergine Maria. Questa pratica riflette la profonda venerazione e fiducia nel potere e nella bont\u00e0 di San Giuseppe. I miracoli attribuiti all&#8217;intercessione di San Giuseppe sono innumerevoli. Molti santi sono [&hellip;]\" \/>\n<meta property=\"og:url\" content=\"https:\/\/exaudi.org\/it\/treintena-a-san-jose-2\/\" \/>\n<meta property=\"og:site_name\" content=\"Exaudi\" \/>\n<meta property=\"article:publisher\" content=\"https:\/\/www.facebook.com\/ExaudiNews\" \/>\n<meta property=\"article:author\" content=\"https:\/\/www.facebook.com\/ExaudiNotizie\/\" \/>\n<meta property=\"article:published_time\" content=\"2025-03-19T09:47:23+00:00\" \/>\n<meta property=\"article:modified_time\" content=\"2026-04-07T08:47:56+00:00\" \/>\n<meta property=\"og:image\" content=\"https:\/\/exaudi.org\/wp-content\/uploads\/2022\/07\/San-Jose-CARF-Fundacion.jpg\" \/>\n\t<meta property=\"og:image:width\" content=\"1000\" \/>\n\t<meta property=\"og:image:height\" content=\"668\" \/>\n\t<meta property=\"og:image:type\" content=\"image\/jpeg\" \/>\n<meta name=\"author\" content=\"Exaudi Redazione\" \/>\n<meta name=\"twitter:card\" content=\"summary_large_image\" \/>\n<meta name=\"twitter:creator\" content=\"@Exaudi_Notizie\" \/>\n<meta name=\"twitter:site\" content=\"@Exaudi_News\" \/>\n<meta name=\"twitter:label1\" content=\"Scritto da\" \/>\n\t<meta name=\"twitter:data1\" content=\"Exaudi Redazione\" \/>\n\t<meta name=\"twitter:label2\" content=\"Tempo di lettura stimato\" \/>\n\t<meta name=\"twitter:data2\" content=\"4 minuti\" \/>\n<script type=\"application\/ld+json\" class=\"yoast-schema-graph\">{\"@context\":\"https:\\\/\\\/schema.org\",\"@graph\":[{\"@type\":\"Article\",\"@id\":\"https:\\\/\\\/exaudi.org\\\/it\\\/treintena-a-san-jose-2\\\/#article\",\"isPartOf\":{\"@id\":\"https:\\\/\\\/exaudi.org\\\/it\\\/treintena-a-san-jose-2\\\/\"},\"author\":{\"name\":\"Exaudi Redazione\",\"@id\":\"https:\\\/\\\/exaudi.org\\\/#\\\/schema\\\/person\\\/e1ab6ed07c01774724dd96f925f3a5f0\"},\"headline\":\"Treintena a San Jos\u00e9\",\"datePublished\":\"2025-03-19T09:47:23+00:00\",\"dateModified\":\"2026-04-07T08:47:56+00:00\",\"mainEntityOfPage\":{\"@id\":\"https:\\\/\\\/exaudi.org\\\/it\\\/treintena-a-san-jose-2\\\/\"},\"wordCount\":918,\"image\":{\"@id\":\"https:\\\/\\\/exaudi.org\\\/it\\\/treintena-a-san-jose-2\\\/#primaryimage\"},\"thumbnailUrl\":\"https:\\\/\\\/exaudi.org\\\/wp-content\\\/uploads\\\/2022\\\/07\\\/San-Jose-CARF-Fundacion.jpg\",\"keywords\":[\"preghiera\",\"preghiera\",\"San Giuseppe\",\"san-giuseppe\",\"Trending\",\"Trenta\",\"trenta\"],\"articleSection\":[\"Analisi\",\"Spiritualit\u00e0\"],\"inLanguage\":\"it-IT\"},{\"@type\":\"WebPage\",\"@id\":\"https:\\\/\\\/exaudi.org\\\/it\\\/treintena-a-san-jose-2\\\/\",\"url\":\"https:\\\/\\\/exaudi.org\\\/it\\\/treintena-a-san-jose-2\\\/\",\"name\":\"Treintena a San Jos\u00e9 &#8211; Exaudi\",\"isPartOf\":{\"@id\":\"https:\\\/\\\/exaudi.org\\\/#website\"},\"primaryImageOfPage\":{\"@id\":\"https:\\\/\\\/exaudi.org\\\/it\\\/treintena-a-san-jose-2\\\/#primaryimage\"},\"image\":{\"@id\":\"https:\\\/\\\/exaudi.org\\\/it\\\/treintena-a-san-jose-2\\\/#primaryimage\"},\"thumbnailUrl\":\"https:\\\/\\\/exaudi.org\\\/wp-content\\\/uploads\\\/2022\\\/07\\\/San-Jose-CARF-Fundacion.jpg\",\"datePublished\":\"2025-03-19T09:47:23+00:00\",\"dateModified\":\"2026-04-07T08:47:56+00:00\",\"author\":{\"@id\":\"https:\\\/\\\/exaudi.org\\\/#\\\/schema\\\/person\\\/e1ab6ed07c01774724dd96f925f3a5f0\"},\"breadcrumb\":{\"@id\":\"https:\\\/\\\/exaudi.org\\\/it\\\/treintena-a-san-jose-2\\\/#breadcrumb\"},\"inLanguage\":\"it-IT\",\"potentialAction\":[{\"@type\":\"ReadAction\",\"target\":[\"https:\\\/\\\/exaudi.org\\\/it\\\/treintena-a-san-jose-2\\\/\"]}]},{\"@type\":\"ImageObject\",\"inLanguage\":\"it-IT\",\"@id\":\"https:\\\/\\\/exaudi.org\\\/it\\\/treintena-a-san-jose-2\\\/#primaryimage\",\"url\":\"https:\\\/\\\/exaudi.org\\\/wp-content\\\/uploads\\\/2022\\\/07\\\/San-Jose-CARF-Fundacion.jpg\",\"contentUrl\":\"https:\\\/\\\/exaudi.org\\\/wp-content\\\/uploads\\\/2022\\\/07\\\/San-Jose-CARF-Fundacion.jpg\",\"width\":1000,\"height\":668,\"caption\":\"San-Jose-CARF-Fundacio\"},{\"@type\":\"BreadcrumbList\",\"@id\":\"https:\\\/\\\/exaudi.org\\\/it\\\/treintena-a-san-jose-2\\\/#breadcrumb\",\"itemListElement\":[{\"@type\":\"ListItem\",\"position\":1,\"name\":\"Portada\",\"item\":\"https:\\\/\\\/exaudi.org\\\/it\\\/\"},{\"@type\":\"ListItem\",\"position\":2,\"name\":\"Treintena a San Jos\u00e9\"}]},{\"@type\":\"WebSite\",\"@id\":\"https:\\\/\\\/exaudi.org\\\/#website\",\"url\":\"https:\\\/\\\/exaudi.org\\\/\",\"name\":\"Exaudi\",\"description\":\"News\",\"potentialAction\":[{\"@type\":\"SearchAction\",\"target\":{\"@type\":\"EntryPoint\",\"urlTemplate\":\"https:\\\/\\\/exaudi.org\\\/?s={search_term_string}\"},\"query-input\":{\"@type\":\"PropertyValueSpecification\",\"valueRequired\":true,\"valueName\":\"search_term_string\"}}],\"inLanguage\":\"it-IT\"},{\"@type\":\"Person\",\"@id\":\"https:\\\/\\\/exaudi.org\\\/#\\\/schema\\\/person\\\/e1ab6ed07c01774724dd96f925f3a5f0\",\"name\":\"Exaudi Redazione\",\"image\":{\"@type\":\"ImageObject\",\"inLanguage\":\"it-IT\",\"@id\":\"https:\\\/\\\/secure.gravatar.com\\\/avatar\\\/ad6774b3ada023bf5b939d64f45c94b3adf91502dd883507d469b4308a943bb3?s=96&d=mm&r=g\",\"url\":\"https:\\\/\\\/secure.gravatar.com\\\/avatar\\\/ad6774b3ada023bf5b939d64f45c94b3adf91502dd883507d469b4308a943bb3?s=96&d=mm&r=g\",\"contentUrl\":\"https:\\\/\\\/secure.gravatar.com\\\/avatar\\\/ad6774b3ada023bf5b939d64f45c94b3adf91502dd883507d469b4308a943bb3?s=96&d=mm&r=g\",\"caption\":\"Exaudi Redazione\"},\"description\":\"Che cosa \u00e8 Exaudi News? Exaudi News \u00e8 un agenzia cattolica internazionale che informa, istruisce e trasforma quotidianamente in spagnolo, inglese e italiano. Attraverso notizie, articoli di analisi e trasmissioni in diretta degli eventi del Papa, Exaudi cerca di rafforzare l'unit\u00e0 dei cristiani e di contribuire all'evangelizzazione del mondo, sempre guidato dalla dottrina sociale della Chiesa. Lavoriamo per portare la verit\u00e0 e i valori cristiani in ogni angolo del pianeta. Aiutaci a trasformare il mondo con Exaudi! Noi di Exaudi crediamo che l'evangelizzazione e l'informazione di qualit\u00e0 possano cambiare la vita. Per continuare la nostra missione ed espandere la nostra portata, abbiamo bisogno del tuo aiuto. Stiamo anche cercando persone motivate che vogliano unirsi al nostro team. Grazie al vostro sostegno raggiungeremo pi\u00f9 persone, diffonderemo il messaggio di Cristo e rafforzeremo l'unit\u00e0 dei cristiani. Vuoi unirti alla nostra missione? Per maggiori informazioni su come contribuire, visita Exaudi.org\\\/it o contattaci direttamente: info@exaudi.org Exaudi: informa, forma e trasforma.\",\"sameAs\":[\"https:\\\/\\\/www.facebook.com\\\/ExaudiNotizie\\\/\",\"https:\\\/\\\/www.instagram.com\\\/Exaudi_notizie\\\/\",\"https:\\\/\\\/x.com\\\/Exaudi_Notizie\",\"https:\\\/\\\/www.youtube.com\\\/@exaudicatholicnews\"],\"url\":\"https:\\\/\\\/exaudi.org\\\/it\\\/author\\\/dlvedi-org\\\/\"}]}<\/script>\n<!-- \/ Yoast SEO plugin. -->","yoast_head_json":{"title":"Treintena a San Jos\u00e9 &#8211; Exaudi","robots":{"index":"index","follow":"follow","max-snippet":"max-snippet:-1","max-image-preview":"max-image-preview:large","max-video-preview":"max-video-preview:-1"},"canonical":"https:\/\/exaudi.org\/it\/treintena-a-san-jose-2\/","og_locale":"it_IT","og_type":"article","og_title":"Treintena a San Jos\u00e9 &#8211; Exaudi","og_description":"Una delle devozioni pi\u00f9 significative del popolo cristiano a San Giuseppe \u00e8 la \u201cTreintena\u201d, che onora i trent&#8217;anni vissuti sulla terra con Ges\u00f9 e la Vergine Maria. Questa pratica riflette la profonda venerazione e fiducia nel potere e nella bont\u00e0 di San Giuseppe. I miracoli attribuiti all&#8217;intercessione di San Giuseppe sono innumerevoli. Molti santi sono [&hellip;]","og_url":"https:\/\/exaudi.org\/it\/treintena-a-san-jose-2\/","og_site_name":"Exaudi","article_publisher":"https:\/\/www.facebook.com\/ExaudiNews","article_author":"https:\/\/www.facebook.com\/ExaudiNotizie\/","article_published_time":"2025-03-19T09:47:23+00:00","article_modified_time":"2026-04-07T08:47:56+00:00","og_image":[{"width":1000,"height":668,"url":"https:\/\/exaudi.org\/wp-content\/uploads\/2022\/07\/San-Jose-CARF-Fundacion.jpg","type":"image\/jpeg"}],"author":"Exaudi Redazione","twitter_card":"summary_large_image","twitter_creator":"@Exaudi_Notizie","twitter_site":"@Exaudi_News","twitter_misc":{"Scritto da":"Exaudi Redazione","Tempo di lettura stimato":"4 minuti"},"schema":{"@context":"https:\/\/schema.org","@graph":[{"@type":"Article","@id":"https:\/\/exaudi.org\/it\/treintena-a-san-jose-2\/#article","isPartOf":{"@id":"https:\/\/exaudi.org\/it\/treintena-a-san-jose-2\/"},"author":{"name":"Exaudi Redazione","@id":"https:\/\/exaudi.org\/#\/schema\/person\/e1ab6ed07c01774724dd96f925f3a5f0"},"headline":"Treintena a San Jos\u00e9","datePublished":"2025-03-19T09:47:23+00:00","dateModified":"2026-04-07T08:47:56+00:00","mainEntityOfPage":{"@id":"https:\/\/exaudi.org\/it\/treintena-a-san-jose-2\/"},"wordCount":918,"image":{"@id":"https:\/\/exaudi.org\/it\/treintena-a-san-jose-2\/#primaryimage"},"thumbnailUrl":"https:\/\/exaudi.org\/wp-content\/uploads\/2022\/07\/San-Jose-CARF-Fundacion.jpg","keywords":["preghiera","preghiera","San Giuseppe","san-giuseppe","Trending","Trenta","trenta"],"articleSection":["Analisi","Spiritualit\u00e0"],"inLanguage":"it-IT"},{"@type":"WebPage","@id":"https:\/\/exaudi.org\/it\/treintena-a-san-jose-2\/","url":"https:\/\/exaudi.org\/it\/treintena-a-san-jose-2\/","name":"Treintena a San Jos\u00e9 &#8211; Exaudi","isPartOf":{"@id":"https:\/\/exaudi.org\/#website"},"primaryImageOfPage":{"@id":"https:\/\/exaudi.org\/it\/treintena-a-san-jose-2\/#primaryimage"},"image":{"@id":"https:\/\/exaudi.org\/it\/treintena-a-san-jose-2\/#primaryimage"},"thumbnailUrl":"https:\/\/exaudi.org\/wp-content\/uploads\/2022\/07\/San-Jose-CARF-Fundacion.jpg","datePublished":"2025-03-19T09:47:23+00:00","dateModified":"2026-04-07T08:47:56+00:00","author":{"@id":"https:\/\/exaudi.org\/#\/schema\/person\/e1ab6ed07c01774724dd96f925f3a5f0"},"breadcrumb":{"@id":"https:\/\/exaudi.org\/it\/treintena-a-san-jose-2\/#breadcrumb"},"inLanguage":"it-IT","potentialAction":[{"@type":"ReadAction","target":["https:\/\/exaudi.org\/it\/treintena-a-san-jose-2\/"]}]},{"@type":"ImageObject","inLanguage":"it-IT","@id":"https:\/\/exaudi.org\/it\/treintena-a-san-jose-2\/#primaryimage","url":"https:\/\/exaudi.org\/wp-content\/uploads\/2022\/07\/San-Jose-CARF-Fundacion.jpg","contentUrl":"https:\/\/exaudi.org\/wp-content\/uploads\/2022\/07\/San-Jose-CARF-Fundacion.jpg","width":1000,"height":668,"caption":"San-Jose-CARF-Fundacio"},{"@type":"BreadcrumbList","@id":"https:\/\/exaudi.org\/it\/treintena-a-san-jose-2\/#breadcrumb","itemListElement":[{"@type":"ListItem","position":1,"name":"Portada","item":"https:\/\/exaudi.org\/it\/"},{"@type":"ListItem","position":2,"name":"Treintena a San Jos\u00e9"}]},{"@type":"WebSite","@id":"https:\/\/exaudi.org\/#website","url":"https:\/\/exaudi.org\/","name":"Exaudi","description":"News","potentialAction":[{"@type":"SearchAction","target":{"@type":"EntryPoint","urlTemplate":"https:\/\/exaudi.org\/?s={search_term_string}"},"query-input":{"@type":"PropertyValueSpecification","valueRequired":true,"valueName":"search_term_string"}}],"inLanguage":"it-IT"},{"@type":"Person","@id":"https:\/\/exaudi.org\/#\/schema\/person\/e1ab6ed07c01774724dd96f925f3a5f0","name":"Exaudi Redazione","image":{"@type":"ImageObject","inLanguage":"it-IT","@id":"https:\/\/secure.gravatar.com\/avatar\/ad6774b3ada023bf5b939d64f45c94b3adf91502dd883507d469b4308a943bb3?s=96&d=mm&r=g","url":"https:\/\/secure.gravatar.com\/avatar\/ad6774b3ada023bf5b939d64f45c94b3adf91502dd883507d469b4308a943bb3?s=96&d=mm&r=g","contentUrl":"https:\/\/secure.gravatar.com\/avatar\/ad6774b3ada023bf5b939d64f45c94b3adf91502dd883507d469b4308a943bb3?s=96&d=mm&r=g","caption":"Exaudi Redazione"},"description":"Che cosa \u00e8 Exaudi News? Exaudi News \u00e8 un agenzia cattolica internazionale che informa, istruisce e trasforma quotidianamente in spagnolo, inglese e italiano. Attraverso notizie, articoli di analisi e trasmissioni in diretta degli eventi del Papa, Exaudi cerca di rafforzare l'unit\u00e0 dei cristiani e di contribuire all'evangelizzazione del mondo, sempre guidato dalla dottrina sociale della Chiesa. Lavoriamo per portare la verit\u00e0 e i valori cristiani in ogni angolo del pianeta. Aiutaci a trasformare il mondo con Exaudi! Noi di Exaudi crediamo che l'evangelizzazione e l'informazione di qualit\u00e0 possano cambiare la vita. Per continuare la nostra missione ed espandere la nostra portata, abbiamo bisogno del tuo aiuto. Stiamo anche cercando persone motivate che vogliano unirsi al nostro team. Grazie al vostro sostegno raggiungeremo pi\u00f9 persone, diffonderemo il messaggio di Cristo e rafforzeremo l'unit\u00e0 dei cristiani. Vuoi unirti alla nostra missione? Per maggiori informazioni su come contribuire, visita Exaudi.org\/it o contattaci direttamente: info@exaudi.org Exaudi: informa, forma e trasforma.","sameAs":["https:\/\/www.facebook.com\/ExaudiNotizie\/","https:\/\/www.instagram.com\/Exaudi_notizie\/","https:\/\/x.com\/Exaudi_Notizie","https:\/\/www.youtube.com\/@exaudicatholicnews"],"url":"https:\/\/exaudi.org\/it\/author\/dlvedi-org\/"}]}},"jetpack_featured_media_url":"https:\/\/exaudi.org\/wp-content\/uploads\/2022\/07\/San-Jose-CARF-Fundacion.jpg","jetpack_shortlink":"https:\/\/wp.me\/pgKjF2-F8E","_links":{"self":[{"href":"https:\/\/exaudi.org\/it\/wp-json\/wp\/v2\/posts\/158140","targetHints":{"allow":["GET"]}}],"collection":[{"href":"https:\/\/exaudi.org\/it\/wp-json\/wp\/v2\/posts"}],"about":[{"href":"https:\/\/exaudi.org\/it\/wp-json\/wp\/v2\/types\/post"}],"author":[{"embeddable":true,"href":"https:\/\/exaudi.org\/it\/wp-json\/wp\/v2\/users\/17"}],"replies":[{"embeddable":true,"href":"https:\/\/exaudi.org\/it\/wp-json\/wp\/v2\/comments?post=158140"}],"version-history":[{"count":1,"href":"https:\/\/exaudi.org\/it\/wp-json\/wp\/v2\/posts\/158140\/revisions"}],"predecessor-version":[{"id":164581,"href":"https:\/\/exaudi.org\/it\/wp-json\/wp\/v2\/posts\/158140\/revisions\/164581"}],"wp:featuredmedia":[{"embeddable":true,"href":"https:\/\/exaudi.org\/it\/wp-json\/wp\/v2\/media\/60114"}],"wp:attachment":[{"href":"https:\/\/exaudi.org\/it\/wp-json\/wp\/v2\/media?parent=158140"}],"wp:term":[{"taxonomy":"category","embeddable":true,"href":"https:\/\/exaudi.org\/it\/wp-json\/wp\/v2\/categories?post=158140"},{"taxonomy":"post_tag","embeddable":true,"href":"https:\/\/exaudi.org\/it\/wp-json\/wp\/v2\/tags?post=158140"}],"curies":[{"name":"wp","href":"https:\/\/api.w.org\/{rel}","templated":true}]}}