{"id":157654,"date":"2026-02-13T15:31:48","date_gmt":"2026-02-13T14:31:48","guid":{"rendered":"https:\/\/exaudi.org\/?p=157654"},"modified":"2026-02-13T15:31:48","modified_gmt":"2026-02-13T14:31:48","slug":"astenersi-da-parole-dure-e-giudizi-affrettati","status":"publish","type":"post","link":"https:\/\/exaudi.org\/it\/astenersi-da-parole-dure-e-giudizi-affrettati\/","title":{"rendered":"Astenersi da parole dure e giudizi affrettati"},"content":{"rendered":"<p dir=\"auto\"><span dir=\"auto\" style=\"vertical-align: inherit\"><span dir=\"auto\" style=\"vertical-align: inherit\">Alla vigilia del Mercoled\u00ec delle Ceneri \u2013 che quest&#8217;anno segna l&#8217;inizio della Quaresima il 18 febbraio \u2013 Papa Leone XIV ha pubblicato il suo messaggio annuale per questo tempo liturgico di preparazione alla Pasqua. Con il tema &#8220;Ascoltare e digiunare: la Quaresima come tempo di conversione&#8221;, il pontefice americano \u2013 il primo nella storia della Chiesa \u2013 propone un itinerario spirituale che unisce l&#8217;accoglienza docile della Parola di Dio a pratiche concrete di austerit\u00e0 e solidariet\u00e0.<\/span><\/span><\/p>\n<p dir=\"auto\"><span dir=\"auto\" style=\"vertical-align: inherit\"><span dir=\"auto\" style=\"vertical-align: inherit\">Il Santo Padre ci ricorda che \u00abla Quaresima \u00e8 il tempo in cui la Chiesa, con materna sollecitudine, ci invita a rimettere al centro della nostra vita il mistero di Dio\u00bb. Egli sottolinea che ogni cammino di autentica conversione inizia dall\u2019ascolto: \u00abC\u2019\u00e8 un legame tra il dono della Parola di Dio, lo spazio di ospitalit\u00e0 che le offriamo e la trasformazione che essa opera\u00bb.<\/span><\/span><\/p>\n<p dir=\"auto\"><span dir=\"auto\" style=\"vertical-align: inherit\"><span dir=\"auto\" style=\"vertical-align: inherit\">Leone XIV dedica una sezione speciale all\u2019ascolto\u00a0 <\/span><\/span><strong><span dir=\"auto\" style=\"vertical-align: inherit\"><span dir=\"auto\" style=\"vertical-align: inherit\">,<\/span><\/span><\/strong><span dir=\"auto\" style=\"vertical-align: inherit\"><span dir=\"auto\" style=\"vertical-align: inherit\"> presentandolo come primo segno della relazione con gli altri e con Dio. Citando l\u2019episodio del roveto ardente, sottolinea che Dio \u00abha visto l\u2019oppressione del mio popolo [\u2026] e ha udito il suo grido di angoscia\u00bb (Es 3,7). Questo ascolto divino si traduce oggi nell\u2019attenzione alla sofferenza e all\u2019ingiustizia: tra le tante voci che ci circondano, le Scritture ci insegnano a riconoscere \u00abla voce che grida dalla sofferenza e dall\u2019ingiustizia\u00bb. Il Papa cita testualmente una frase che riassume il nucleo profetico del messaggio:\u00a0 <\/span><\/span><strong><span dir=\"auto\" style=\"vertical-align: inherit\"><span dir=\"auto\" style=\"vertical-align: inherit\">\u00abLa condizione del povero rappresenta un grido che, nella storia dell\u2019umanit\u00e0, interpella costantemente la nostra vita, le nostre societ\u00e0, i nostri sistemi politici ed economici, e in modo speciale la Chiesa<\/span><\/span><\/strong><span dir=\"auto\" style=\"vertical-align: inherit\"><span dir=\"auto\" style=\"vertical-align: inherit\"> \u00bb .<\/span><\/span><\/p>\n<p dir=\"auto\"><span dir=\"auto\" style=\"vertical-align: inherit\"><span dir=\"auto\" style=\"vertical-align: inherit\">Nella sezione dedicata al\u00a0 <\/span><\/span><strong><span dir=\"auto\" style=\"vertical-align: inherit\"><span dir=\"auto\" style=\"vertical-align: inherit\">digiuno<\/span><\/span><\/strong><span dir=\"auto\" style=\"vertical-align: inherit\"><span dir=\"auto\" style=\"vertical-align: inherit\"> , il Papa lo presenta come un esercizio ascetico che impegna il corpo a discernere i veri \u201cappetiti\u201d e a mantenere vive \u201cla fame e la sete di giustizia\u201d. Riprendendo Sant\u2019Agostino, spiega che il digiuno purifica e accresce il desiderio di Dio e del bene del prossimo. Tuttavia, mette in guardia dall\u2019orgoglio e ricorda che \u201cnon digiuna veramente chi non sa nutrirsi della Parola di Dio\u201d.<\/span><\/span><\/p>\n<p dir=\"auto\"><span dir=\"auto\" style=\"vertical-align: inherit\"><span dir=\"auto\" style=\"vertical-align: inherit\">Una delle proposte pi\u00f9 innovative e concrete \u00e8 quella di estendere il digiuno al linguaggio: \u00abVorrei invitarvi a una forma molto concreta di astinenza [\u2026]: astenersi dall\u2019usare parole che colpiscono e feriscono il prossimo\u00bb. Il Papa ci esorta a \u00abdisarmare il linguaggio\u00bb, rinunciando ai giudizi immediati, al pettegolezzo, alla calunnia e alle parole offensive \u2013 soprattutto sui social media, nei dibattiti politici e nelle comunit\u00e0 cristiane \u2013 per far posto a \u00abparole di speranza e di pace\u00bb.<\/span><\/span><\/p>\n<p dir=\"auto\"><span dir=\"auto\" style=\"vertical-align: inherit\"><span dir=\"auto\" style=\"vertical-align: inherit\">Infine, Leone XIV sottolinea la\u00a0 dimensione <\/span><\/span><strong><span dir=\"auto\" style=\"vertical-align: inherit\"><span dir=\"auto\" style=\"vertical-align: inherit\">comunitaria<\/span><\/span><\/strong><span dir=\"auto\" style=\"vertical-align: inherit\"><span dir=\"auto\" style=\"vertical-align: inherit\"> \u00a0della Quaresima, richiamando l&#8217;esempio del popolo del Libro di Neemia che ascolta la Legge e digiuna insieme per rinnovare l&#8217;alleanza. Invita parrocchie, famiglie e gruppi ecclesiali a condividere questo cammino, facendo dell&#8217;ascolto del grido dei poveri e della terra uno stile di vita comune.<\/span><\/span><\/p>\n<p dir=\"auto\"><span dir=\"auto\" style=\"vertical-align: inherit\"><span dir=\"auto\" style=\"vertical-align: inherit\">Il messaggio si conclude con una preghiera e una benedizione: \u00abChiediamo la grazia di vivere una Quaresima che renda il nostro orecchio pi\u00f9 attento a Dio e ai pi\u00f9 bisognosi. Chiediamo la forza di un digiuno che si estenda anche alla nostra lingua [\u2026]. E impegniamoci a fare delle nostre comunit\u00e0 luoghi in cui il grido di chi soffre trovi accoglienza [\u2026], rendendoci pi\u00f9 disponibili e operosi nel contribuire a costruire la civilt\u00e0 dell\u2019amore\u00bb.<\/span><\/span><\/p>\n<p dir=\"auto\"><em><strong><span dir=\"auto\" style=\"vertical-align: inherit\"><span dir=\"auto\" style=\"vertical-align: inherit\">Messaggio completo:<\/span><\/span><\/strong><\/em><\/p>\n<div class=\"abstract text parbase vaticanrichtext\">\n<p><b><i><span class=\"title-1-color\">MESSAGGIO DEL SANTO PADRE LEONE XIV<br \/>\nPER LA QUARESIMA 2026<\/span><\/i><\/b><\/p>\n<p>&nbsp;<\/p>\n<p>_________________________<\/p>\n<div class=\"clearfix\"><\/div>\n<\/div>\n<div class=\"text parbase vaticanrichtext\">\n<p><b><i>Ascoltare e digiunare.<br \/>\nLa Quaresima come tempo di conversione<\/i><\/b><\/p>\n<p>&nbsp;<\/p>\n<p><i>Cari fratelli e sorelle!<\/i><\/p>\n<p>La Quaresima \u00e8 il tempo in cui la Chiesa, con sollecitudine materna, ci invita a rimettere il mistero di Dio al centro della nostra vita, perch\u00e9 la nostra fede ritrovi slancio e il cuore non si disperda tra le inquietudini e le distrazioni di ogni giorno.<\/p>\n<p>Ogni cammino di conversione inizia quando ci lasciamo raggiungere dalla Parola e la accogliamo con docilit\u00e0 di spirito. Vi \u00e8 un legame, dunque, tra il dono della Parola di Dio, lo spazio di ospitalit\u00e0 che le offriamo e la trasformazione che essa opera. Per questo, l\u2019itinerario quaresimale diventa un\u2019occasione propizia per prestare l\u2019orecchio alla voce del Signore e rinnovare la decisione di seguire Cristo, percorrendo con Lui la via che sale a Gerusalemme, dove si compie il mistero della sua passione, morte e risurrezione.<\/p>\n<p><i>Ascoltare<\/i><\/p>\n<p>Quest\u2019anno vorrei richiamare l\u2019attenzione, in primo luogo, sull\u2019importanza di dare spazio alla Parola attraverso l\u2019<i>ascolto<\/i>, poich\u00e9 la disponibilit\u00e0 ad ascoltare \u00e8 il primo segno con cui si manifesta il desiderio di entrare in relazione con l\u2019altro.<\/p>\n<p>Dio stesso, rivelandosi a Mos\u00e8 dal roveto ardente, mostra che l\u2019ascolto \u00e8 un tratto distintivo del suo essere: \u00abHo osservato la miseria del mio popolo in Egitto e ho udito il suo grido\u00bb (<i>Es<\/i>\u00a03,7). L\u2019ascolto del grido dell\u2019oppresso \u00e8 l\u2019inizio di una storia di liberazione, nella quale il Signore coinvolge anche Mos\u00e8, inviandolo ad aprire una via di salvezza ai suoi figli ridotti in schiavit\u00f9.<\/p>\n<p>\u00c8 un Dio coinvolgente, che oggi raggiunge anche noi coi pensieri che fanno vibrare il suo cuore. Per questo, l\u2019ascolto della Parola nella liturgia ci educa a un ascolto pi\u00f9 vero della realt\u00e0: tra le molte voci che attraversano la nostra vita personale e sociale, le Sacre Scritture ci rendono capaci di riconoscere quella che sale dalla sofferenza e dall\u2019ingiustizia, perch\u00e9 non resti senza risposta. Entrare in questa disposizione interiore di recettivit\u00e0 significa lasciarsi istruire oggi da Dio ad ascoltare\u00a0<i>come\u00a0<\/i>Lui, fino a riconoscere che \u00abla condizione dei poveri rappresenta un grido che, nella storia dell\u2019umanit\u00e0, interpella costantemente la nostra vita, le nostre societ\u00e0, i sistemi politici ed economici e, non da ultimo, anche la Chiesa\u00bb.\u00a0<a class=\" cleaner\" href=\"https:\/\/www.vatican.va\/content\/leo-xiv\/it\/messages\/lent\/documents\/20260205-messaggio-quaresima.html#_ftn1\" name=\"_ftnref1\">[1]<\/a><\/p>\n<p><i>Digiunare<\/i><\/p>\n<p>Se la Quaresima \u00e8 tempo di ascolto, il\u00a0<i>digiuno<\/i>\u00a0costituisce una pratica concreta che dispone all\u2019accoglienza della Parola di Dio. L\u2019astensione dal cibo, infatti, \u00e8 un esercizio ascetico antichissimo e insostituibile nel cammino di conversione. Proprio perch\u00e9 coinvolge il corpo, rende pi\u00f9 evidente ci\u00f2 di cui abbiamo \u201cfame\u201d e ci\u00f2 che riteniamo essenziale per il nostro sostentamento. Serve quindi a discernere e ordinare gli \u201cappetiti\u201d, a mantenere vigile la fame e la sete di giustizia, sottraendola alla rassegnazione, istruendola perch\u00e9 si faccia preghiera e responsabilit\u00e0 verso il prossimo.<\/p>\n<p>Sant\u2019Agostino, con finezza spirituale, lascia intravedere la tensione tra il tempo presente e il compimento futuro che attraversa questa custodia del cuore, quando osserva che: \u00abNel corso della vita terrena compete agli uomini aver fame e sete di giustizia, ma esserne appagati appartiene all\u2019altra vita. Gli angeli si saziano di questo pane, di questo cibo. Gli uomini invece ne hanno fame, sono tutti protesi nel desiderio di esso. Questo protendersi nel desiderio dilata l\u2019anima, ne aumenta la capacit\u00e0\u00bb.\u00a0<a class=\" cleaner\" href=\"https:\/\/www.vatican.va\/content\/leo-xiv\/it\/messages\/lent\/documents\/20260205-messaggio-quaresima.html#_ftn2\" name=\"_ftnref2\">[2]<\/a>\u00a0Il digiuno, compreso in questo senso, ci consente non soltanto di disciplinare il desiderio, di purificarlo e renderlo pi\u00f9 libero, ma anche di espanderlo, in modo tale che si rivolga a Dio e si orienti ad agire nel bene.<\/p>\n<p>Tuttavia, affinch\u00e9 il digiuno conservi la sua verit\u00e0 evangelica e rifugga dalla tentazione di inorgoglire il cuore, dev\u2019essere sempre vissuto nella fede e nell\u2019umilt\u00e0. Esso domanda di restare radicato nella comunione con il Signore, perch\u00e9 \u00abnon digiuna veramente chi non sa nutrirsi della Parola di Dio\u00bb.\u00a0<a class=\" cleaner\" href=\"https:\/\/www.vatican.va\/content\/leo-xiv\/it\/messages\/lent\/documents\/20260205-messaggio-quaresima.html#_ftn3\" name=\"_ftnref3\">[3]<\/a>\u00a0In quanto segno visibile del nostro impegno interiore di sottrarci, con il sostegno della grazia, al peccato e al male, il digiuno deve includere anche altre forme di privazione volte a farci acquisire uno stile di vita pi\u00f9 sobrio, poich\u00e9 \u00absolo l\u2019austerit\u00e0 rende forte e autentica la vita cristiana\u00bb.\u00a0<a class=\" cleaner\" href=\"https:\/\/www.vatican.va\/content\/leo-xiv\/it\/messages\/lent\/documents\/20260205-messaggio-quaresima.html#_ftn4\" name=\"_ftnref4\">[4]<\/a><\/p>\n<p>Vorrei per questo invitarvi a una forma di astensione molto concreta e spesso poco apprezzata, cio\u00e8 quella dalle parole che percuotono e feriscono il nostro prossimo. Cominciamo a disarmare il linguaggio, rinunciando alle parole taglienti, al giudizio immediato, al parlar male di chi \u00e8 assente e non pu\u00f2 difendersi, alle calunnie. Sforziamoci invece di imparare a misurare le parole e a coltivare la gentilezza: in famiglia, tra gli amici, nei luoghi di lavoro, nei\u00a0<i>social media<\/i>, nei dibattiti politici, nei mezzi di comunicazione, nelle comunit\u00e0 cristiane. Allora tante parole di odio lasceranno il posto a parole di speranza e di pace.<\/p>\n<p><i>Insieme<\/i><\/p>\n<p>Infine, la Quaresima mette in evidenza la dimensione comunitaria dell\u2019ascolto della Parola e della pratica del digiuno. Anche la Scrittura sottolinea questo aspetto in molti modi. Ad esempio, quando narra, nel libro di Neemia, che il popolo si radun\u00f2 per ascoltare la lettura pubblica del libro della Legge e, praticando il digiuno, si dispose alla confessione di fede e all\u2019adorazione, in modo da rinnovare l\u2019alleanza con Dio (cfr\u00a0<i>Ne<\/i>\u00a09,1-3).<\/p>\n<p>Allo stesso modo, le nostre parrocchie, le famiglie, i gruppi ecclesiali e le comunit\u00e0 religiose sono chiamati a compiere in Quaresima un cammino condiviso, nel quale l\u2019ascolto della Parola di Dio, come pure del grido dei poveri e della terra, diventi forma della vita comune e il digiuno sostenga un pentimento reale. In questo orizzonte, la conversione riguarda, oltre alla coscienza del singolo, anche lo stile delle relazioni, la qualit\u00e0 del dialogo, la capacit\u00e0 di lasciarsi interrogare dalla realt\u00e0 e di riconoscere ci\u00f2 che orienta davvero il desiderio, sia nelle nostre comunit\u00e0 ecclesiali, sia nell\u2019umanit\u00e0 assetata di giustizia e riconciliazione.<\/p>\n<p>Carissimi, chiediamo la grazia di una Quaresima che renda pi\u00f9 attento il nostro orecchio a Dio e agli ultimi. Chiediamo la forza di un digiuno che attraversi anche la lingua, perch\u00e9 diminuiscano le parole che feriscono e cresca lo spazio per la voce dell\u2019altro. E impegniamoci affinch\u00e9 le nostre comunit\u00e0 diventino luoghi in cui il grido di chi soffre trovi accoglienza e l\u2019ascolto generi cammini di liberazione, rendendoci pi\u00f9 pronti e solerti nel contribuire a edificare la civilt\u00e0 dell\u2019amore.<\/p>\n<p>Di cuore benedico tutti voi e il vostro cammino quaresimale.<\/p>\n<p><i>Dal Vaticano, 5 febbraio 2026, memoria di Sant\u2019Agata, vergine e martire.<\/i><\/p>\n<p>&nbsp;<\/p>\n<p>LEONE PP. XIV<\/p>\n<div>\n<hr align=\"left\" size=\"1\" width=\"33%\" \/>\n<div><a class=\" cleaner\" href=\"https:\/\/www.vatican.va\/content\/leo-xiv\/it\/messages\/lent\/documents\/20260205-messaggio-quaresima.html#_ftnref1\" name=\"_ftn1\">[1]<\/a>\u00a0Esort. ap.\u00a0<i><a href=\"https:\/\/www.vatican.va\/content\/leo-xiv\/it\/apost_exhortations\/documents\/20251004-dilexi-te.html\">Dilexi te<\/a><\/i>\u00a0(4 ottobre 2025), 9.<a class=\" cleaner\" href=\"https:\/\/www.vatican.va\/content\/leo-xiv\/it\/messages\/lent\/documents\/20260205-messaggio-quaresima.html#_ftnref2\" name=\"_ftn2\">[2]<\/a>\u00a0S. Agostino,\u00a0<i>L\u2019utilit\u00e0 del digiuno<\/i>, 1, 1.<\/p>\n<p><a class=\" cleaner\" href=\"https:\/\/www.vatican.va\/content\/leo-xiv\/it\/messages\/lent\/documents\/20260205-messaggio-quaresima.html#_ftnref3\" name=\"_ftn3\">[3]<\/a>\u00a0Benedetto XVI,\u00a0<i><a href=\"https:\/\/www.vatican.va\/content\/benedict-xvi\/it\/audiences\/2011\/documents\/hf_ben-xvi_aud_20110309.html\">Catechesi<\/a><\/i>\u00a0(9 marzo 2011).<\/p>\n<p><a class=\" cleaner\" href=\"https:\/\/www.vatican.va\/content\/leo-xiv\/it\/messages\/lent\/documents\/20260205-messaggio-quaresima.html#_ftnref4\" name=\"_ftn4\">[4]<\/a>\u00a0S. Paolo VI,\u00a0<i><a href=\"https:\/\/www.vatican.va\/content\/paul-vi\/it\/audiences\/1978\/documents\/hf_p-vi_aud_19780208.html\">Catechesi<\/a><\/i>\u00a0(8 febbraio 1978).<\/p>\n<\/div>\n<\/div>\n<\/div>\n","protected":false},"excerpt":{"rendered":"<p>Messaggio del Papa per la Quaresima 2026<\/p>\n","protected":false},"author":17,"featured_media":157619,"comment_status":"closed","ping_status":"closed","sticky":false,"template":"","format":"standard","meta":{"_acf_changed":false,"_crdt_document":"","inline_featured_image":false,"footnotes":""},"categories":[67,117],"tags":[95947,95950,95951,64850,95945,48246,482,95944,95943,12985,7626,64851,64540,95946,64910,95949,95954,95953,95952,58164,95955,578,59347,59347,59347,249,95948,95956,95957,266],"class_list":{"0":"post-157654","1":"post","2":"type-post","3":"status-publish","4":"format-standard","5":"has-post-thumbnail","6":"hentry","7":"category-leone-xiv","8":"category-messaggi","9":"tag-18-febbraio","10":"tag-ascolto-della-parola-di-dio","11":"tag-ascolto-e-digiuno","12":"tag-chiesa-cattolica-it","13":"tag-civilta-e-amore","14":"tag-conversione-personale","15":"tag-digiuno","16":"tag-digiuno-dalle-parole-offensive","17":"tag-digiuno-fisico-e-verbale","18":"tag-elemosina","19":"tag-featured-it","20":"tag-featured-it-2","21":"tag-giustizia-sociale-it","22":"tag-grido-per-i-poveri","23":"tag-leone-xiv-it","24":"tag-linguaggio-disarmante","25":"tag-mercoledi-delle-ceneri-2026","26":"tag-messaggio-papale-per-la-quaresima","27":"tag-messaggio-per-la-quaresima-2026","28":"tag-papa-leone-xiv","29":"tag-poverta-e-ingiustizia","30":"tag-preghiera","31":"tag-primo-papa-americano","34":"tag-quaresima","35":"tag-quaresima-come-tempo-di-conversione","36":"tag-social-media-e-odio","37":"tag-solidarieta-con-chi-e-nel-bisogno","38":"tag-vaticano"},"acf":[],"yoast_head":"<!-- This site is optimized with the Yoast SEO plugin v27.4 - https:\/\/yoast.com\/product\/yoast-seo-wordpress\/ -->\n<title>Astenersi da parole dure e giudizi affrettati &#8211; Exaudi<\/title>\n<meta name=\"robots\" content=\"index, follow, max-snippet:-1, max-image-preview:large, max-video-preview:-1\" \/>\n<link rel=\"canonical\" href=\"https:\/\/exaudi.org\/it\/astenersi-da-parole-dure-e-giudizi-affrettati\/\" \/>\n<meta property=\"og:locale\" content=\"it_IT\" \/>\n<meta property=\"og:type\" content=\"article\" \/>\n<meta property=\"og:title\" content=\"Astenersi da parole dure e giudizi affrettati &#8211; Exaudi\" \/>\n<meta property=\"og:description\" content=\"Messaggio del Papa per la Quaresima 2026\" \/>\n<meta property=\"og:url\" content=\"https:\/\/exaudi.org\/it\/astenersi-da-parole-dure-e-giudizi-affrettati\/\" \/>\n<meta property=\"og:site_name\" content=\"Exaudi\" \/>\n<meta property=\"article:publisher\" content=\"https:\/\/www.facebook.com\/ExaudiNews\" \/>\n<meta property=\"article:author\" content=\"https:\/\/www.facebook.com\/ExaudiNotizie\/\" \/>\n<meta property=\"article:published_time\" content=\"2026-02-13T14:31:48+00:00\" \/>\n<meta property=\"og:image\" content=\"https:\/\/exaudi.org\/wp-content\/uploads\/2026\/02\/cq5dam.thumbnail.cropped.750.422-11-e1770982219144.jpeg\" \/>\n\t<meta property=\"og:image:width\" content=\"750\" \/>\n\t<meta property=\"og:image:height\" content=\"422\" \/>\n\t<meta property=\"og:image:type\" content=\"image\/jpeg\" \/>\n<meta name=\"author\" content=\"Exaudi Redazione\" \/>\n<meta name=\"twitter:card\" content=\"summary_large_image\" \/>\n<meta name=\"twitter:creator\" content=\"@Exaudi_Notizie\" \/>\n<meta name=\"twitter:site\" content=\"@Exaudi_News\" \/>\n<meta name=\"twitter:label1\" content=\"Scritto da\" \/>\n\t<meta name=\"twitter:data1\" content=\"Exaudi Redazione\" \/>\n\t<meta name=\"twitter:label2\" content=\"Tempo di lettura stimato\" \/>\n\t<meta name=\"twitter:data2\" content=\"8 minuti\" \/>\n<script type=\"application\/ld+json\" class=\"yoast-schema-graph\">{\"@context\":\"https:\\\/\\\/schema.org\",\"@graph\":[{\"@type\":\"Article\",\"@id\":\"https:\\\/\\\/exaudi.org\\\/it\\\/astenersi-da-parole-dure-e-giudizi-affrettati\\\/#article\",\"isPartOf\":{\"@id\":\"https:\\\/\\\/exaudi.org\\\/it\\\/astenersi-da-parole-dure-e-giudizi-affrettati\\\/\"},\"author\":{\"name\":\"Exaudi Redazione\",\"@id\":\"https:\\\/\\\/exaudi.org\\\/#\\\/schema\\\/person\\\/e1ab6ed07c01774724dd96f925f3a5f0\"},\"headline\":\"Astenersi da parole dure e giudizi affrettati\",\"datePublished\":\"2026-02-13T14:31:48+00:00\",\"mainEntityOfPage\":{\"@id\":\"https:\\\/\\\/exaudi.org\\\/it\\\/astenersi-da-parole-dure-e-giudizi-affrettati\\\/\"},\"wordCount\":1636,\"image\":{\"@id\":\"https:\\\/\\\/exaudi.org\\\/it\\\/astenersi-da-parole-dure-e-giudizi-affrettati\\\/#primaryimage\"},\"thumbnailUrl\":\"https:\\\/\\\/exaudi.org\\\/wp-content\\\/uploads\\\/2026\\\/02\\\/cq5dam.thumbnail.cropped.750.422-11-e1770982219144.jpeg\",\"keywords\":[\"18 febbraio\",\"Ascolto della Parola di Dio\",\"Ascolto e digiuno\",\"CHIESA CATTOLICA\",\"Civilt\u00e0 e amore\",\"conversione personale\",\"digiuno\",\"Digiuno dalle parole offensive\",\"Digiuno fisico e verbale\",\"Elemosina\",\"Featured\",\"Featured\",\"giustizia sociale\",\"Grido per i poveri\",\"Leone XIV\",\"Linguaggio disarmante\",\"Mercoled\u00ec delle Ceneri 2026\",\"Messaggio papale per la Quaresima\",\"Messaggio per la Quaresima 2026\",\"Papa Leone XIV\",\"Povert\u00e0 e ingiustizia\",\"preghiera\",\"Primo Papa americano\",\"Primo Papa americano\",\"Primo Papa americano\",\"quaresima\",\"Quaresima come tempo di conversione\",\"Social media e odio\",\"Solidariet\u00e0 con chi \u00e8 nel bisogno\",\"Vaticano\"],\"articleSection\":[\"Leone XIV\",\"Messaggi\"],\"inLanguage\":\"it-IT\"},{\"@type\":\"WebPage\",\"@id\":\"https:\\\/\\\/exaudi.org\\\/it\\\/astenersi-da-parole-dure-e-giudizi-affrettati\\\/\",\"url\":\"https:\\\/\\\/exaudi.org\\\/it\\\/astenersi-da-parole-dure-e-giudizi-affrettati\\\/\",\"name\":\"Astenersi da parole dure e giudizi affrettati &#8211; Exaudi\",\"isPartOf\":{\"@id\":\"https:\\\/\\\/exaudi.org\\\/#website\"},\"primaryImageOfPage\":{\"@id\":\"https:\\\/\\\/exaudi.org\\\/it\\\/astenersi-da-parole-dure-e-giudizi-affrettati\\\/#primaryimage\"},\"image\":{\"@id\":\"https:\\\/\\\/exaudi.org\\\/it\\\/astenersi-da-parole-dure-e-giudizi-affrettati\\\/#primaryimage\"},\"thumbnailUrl\":\"https:\\\/\\\/exaudi.org\\\/wp-content\\\/uploads\\\/2026\\\/02\\\/cq5dam.thumbnail.cropped.750.422-11-e1770982219144.jpeg\",\"datePublished\":\"2026-02-13T14:31:48+00:00\",\"author\":{\"@id\":\"https:\\\/\\\/exaudi.org\\\/#\\\/schema\\\/person\\\/e1ab6ed07c01774724dd96f925f3a5f0\"},\"breadcrumb\":{\"@id\":\"https:\\\/\\\/exaudi.org\\\/it\\\/astenersi-da-parole-dure-e-giudizi-affrettati\\\/#breadcrumb\"},\"inLanguage\":\"it-IT\",\"potentialAction\":[{\"@type\":\"ReadAction\",\"target\":[\"https:\\\/\\\/exaudi.org\\\/it\\\/astenersi-da-parole-dure-e-giudizi-affrettati\\\/\"]}]},{\"@type\":\"ImageObject\",\"inLanguage\":\"it-IT\",\"@id\":\"https:\\\/\\\/exaudi.org\\\/it\\\/astenersi-da-parole-dure-e-giudizi-affrettati\\\/#primaryimage\",\"url\":\"https:\\\/\\\/exaudi.org\\\/wp-content\\\/uploads\\\/2026\\\/02\\\/cq5dam.thumbnail.cropped.750.422-11-e1770982219144.jpeg\",\"contentUrl\":\"https:\\\/\\\/exaudi.org\\\/wp-content\\\/uploads\\\/2026\\\/02\\\/cq5dam.thumbnail.cropped.750.422-11-e1770982219144.jpeg\",\"width\":750,\"height\":422},{\"@type\":\"BreadcrumbList\",\"@id\":\"https:\\\/\\\/exaudi.org\\\/it\\\/astenersi-da-parole-dure-e-giudizi-affrettati\\\/#breadcrumb\",\"itemListElement\":[{\"@type\":\"ListItem\",\"position\":1,\"name\":\"Portada\",\"item\":\"https:\\\/\\\/exaudi.org\\\/it\\\/\"},{\"@type\":\"ListItem\",\"position\":2,\"name\":\"Astenersi da parole dure e giudizi affrettati\"}]},{\"@type\":\"WebSite\",\"@id\":\"https:\\\/\\\/exaudi.org\\\/#website\",\"url\":\"https:\\\/\\\/exaudi.org\\\/\",\"name\":\"Exaudi\",\"description\":\"News\",\"potentialAction\":[{\"@type\":\"SearchAction\",\"target\":{\"@type\":\"EntryPoint\",\"urlTemplate\":\"https:\\\/\\\/exaudi.org\\\/?s={search_term_string}\"},\"query-input\":{\"@type\":\"PropertyValueSpecification\",\"valueRequired\":true,\"valueName\":\"search_term_string\"}}],\"inLanguage\":\"it-IT\"},{\"@type\":\"Person\",\"@id\":\"https:\\\/\\\/exaudi.org\\\/#\\\/schema\\\/person\\\/e1ab6ed07c01774724dd96f925f3a5f0\",\"name\":\"Exaudi Redazione\",\"image\":{\"@type\":\"ImageObject\",\"inLanguage\":\"it-IT\",\"@id\":\"https:\\\/\\\/secure.gravatar.com\\\/avatar\\\/ad6774b3ada023bf5b939d64f45c94b3adf91502dd883507d469b4308a943bb3?s=96&d=mm&r=g\",\"url\":\"https:\\\/\\\/secure.gravatar.com\\\/avatar\\\/ad6774b3ada023bf5b939d64f45c94b3adf91502dd883507d469b4308a943bb3?s=96&d=mm&r=g\",\"contentUrl\":\"https:\\\/\\\/secure.gravatar.com\\\/avatar\\\/ad6774b3ada023bf5b939d64f45c94b3adf91502dd883507d469b4308a943bb3?s=96&d=mm&r=g\",\"caption\":\"Exaudi Redazione\"},\"description\":\"Che cosa \u00e8 Exaudi News? Exaudi News \u00e8 un agenzia cattolica internazionale che informa, istruisce e trasforma quotidianamente in spagnolo, inglese e italiano. Attraverso notizie, articoli di analisi e trasmissioni in diretta degli eventi del Papa, Exaudi cerca di rafforzare l'unit\u00e0 dei cristiani e di contribuire all'evangelizzazione del mondo, sempre guidato dalla dottrina sociale della Chiesa. Lavoriamo per portare la verit\u00e0 e i valori cristiani in ogni angolo del pianeta. Aiutaci a trasformare il mondo con Exaudi! Noi di Exaudi crediamo che l'evangelizzazione e l'informazione di qualit\u00e0 possano cambiare la vita. Per continuare la nostra missione ed espandere la nostra portata, abbiamo bisogno del tuo aiuto. Stiamo anche cercando persone motivate che vogliano unirsi al nostro team. Grazie al vostro sostegno raggiungeremo pi\u00f9 persone, diffonderemo il messaggio di Cristo e rafforzeremo l'unit\u00e0 dei cristiani. Vuoi unirti alla nostra missione? Per maggiori informazioni su come contribuire, visita Exaudi.org\\\/it o contattaci direttamente: info@exaudi.org Exaudi: informa, forma e trasforma.\",\"sameAs\":[\"https:\\\/\\\/www.facebook.com\\\/ExaudiNotizie\\\/\",\"https:\\\/\\\/www.instagram.com\\\/Exaudi_notizie\\\/\",\"https:\\\/\\\/x.com\\\/Exaudi_Notizie\",\"https:\\\/\\\/www.youtube.com\\\/@exaudicatholicnews\"],\"url\":\"https:\\\/\\\/exaudi.org\\\/it\\\/author\\\/dlvedi-org\\\/\"}]}<\/script>\n<!-- \/ Yoast SEO plugin. -->","yoast_head_json":{"title":"Astenersi da parole dure e giudizi affrettati &#8211; Exaudi","robots":{"index":"index","follow":"follow","max-snippet":"max-snippet:-1","max-image-preview":"max-image-preview:large","max-video-preview":"max-video-preview:-1"},"canonical":"https:\/\/exaudi.org\/it\/astenersi-da-parole-dure-e-giudizi-affrettati\/","og_locale":"it_IT","og_type":"article","og_title":"Astenersi da parole dure e giudizi affrettati &#8211; Exaudi","og_description":"Messaggio del Papa per la Quaresima 2026","og_url":"https:\/\/exaudi.org\/it\/astenersi-da-parole-dure-e-giudizi-affrettati\/","og_site_name":"Exaudi","article_publisher":"https:\/\/www.facebook.com\/ExaudiNews","article_author":"https:\/\/www.facebook.com\/ExaudiNotizie\/","article_published_time":"2026-02-13T14:31:48+00:00","og_image":[{"width":750,"height":422,"url":"https:\/\/exaudi.org\/wp-content\/uploads\/2026\/02\/cq5dam.thumbnail.cropped.750.422-11-e1770982219144.jpeg","type":"image\/jpeg"}],"author":"Exaudi Redazione","twitter_card":"summary_large_image","twitter_creator":"@Exaudi_Notizie","twitter_site":"@Exaudi_News","twitter_misc":{"Scritto da":"Exaudi Redazione","Tempo di lettura stimato":"8 minuti"},"schema":{"@context":"https:\/\/schema.org","@graph":[{"@type":"Article","@id":"https:\/\/exaudi.org\/it\/astenersi-da-parole-dure-e-giudizi-affrettati\/#article","isPartOf":{"@id":"https:\/\/exaudi.org\/it\/astenersi-da-parole-dure-e-giudizi-affrettati\/"},"author":{"name":"Exaudi Redazione","@id":"https:\/\/exaudi.org\/#\/schema\/person\/e1ab6ed07c01774724dd96f925f3a5f0"},"headline":"Astenersi da parole dure e giudizi affrettati","datePublished":"2026-02-13T14:31:48+00:00","mainEntityOfPage":{"@id":"https:\/\/exaudi.org\/it\/astenersi-da-parole-dure-e-giudizi-affrettati\/"},"wordCount":1636,"image":{"@id":"https:\/\/exaudi.org\/it\/astenersi-da-parole-dure-e-giudizi-affrettati\/#primaryimage"},"thumbnailUrl":"https:\/\/exaudi.org\/wp-content\/uploads\/2026\/02\/cq5dam.thumbnail.cropped.750.422-11-e1770982219144.jpeg","keywords":["18 febbraio","Ascolto della Parola di Dio","Ascolto e digiuno","CHIESA CATTOLICA","Civilt\u00e0 e amore","conversione personale","digiuno","Digiuno dalle parole offensive","Digiuno fisico e verbale","Elemosina","Featured","Featured","giustizia sociale","Grido per i poveri","Leone XIV","Linguaggio disarmante","Mercoled\u00ec delle Ceneri 2026","Messaggio papale per la Quaresima","Messaggio per la Quaresima 2026","Papa Leone XIV","Povert\u00e0 e ingiustizia","preghiera","Primo Papa americano","Primo Papa americano","Primo Papa americano","quaresima","Quaresima come tempo di conversione","Social media e odio","Solidariet\u00e0 con chi \u00e8 nel bisogno","Vaticano"],"articleSection":["Leone XIV","Messaggi"],"inLanguage":"it-IT"},{"@type":"WebPage","@id":"https:\/\/exaudi.org\/it\/astenersi-da-parole-dure-e-giudizi-affrettati\/","url":"https:\/\/exaudi.org\/it\/astenersi-da-parole-dure-e-giudizi-affrettati\/","name":"Astenersi da parole dure e giudizi affrettati &#8211; Exaudi","isPartOf":{"@id":"https:\/\/exaudi.org\/#website"},"primaryImageOfPage":{"@id":"https:\/\/exaudi.org\/it\/astenersi-da-parole-dure-e-giudizi-affrettati\/#primaryimage"},"image":{"@id":"https:\/\/exaudi.org\/it\/astenersi-da-parole-dure-e-giudizi-affrettati\/#primaryimage"},"thumbnailUrl":"https:\/\/exaudi.org\/wp-content\/uploads\/2026\/02\/cq5dam.thumbnail.cropped.750.422-11-e1770982219144.jpeg","datePublished":"2026-02-13T14:31:48+00:00","author":{"@id":"https:\/\/exaudi.org\/#\/schema\/person\/e1ab6ed07c01774724dd96f925f3a5f0"},"breadcrumb":{"@id":"https:\/\/exaudi.org\/it\/astenersi-da-parole-dure-e-giudizi-affrettati\/#breadcrumb"},"inLanguage":"it-IT","potentialAction":[{"@type":"ReadAction","target":["https:\/\/exaudi.org\/it\/astenersi-da-parole-dure-e-giudizi-affrettati\/"]}]},{"@type":"ImageObject","inLanguage":"it-IT","@id":"https:\/\/exaudi.org\/it\/astenersi-da-parole-dure-e-giudizi-affrettati\/#primaryimage","url":"https:\/\/exaudi.org\/wp-content\/uploads\/2026\/02\/cq5dam.thumbnail.cropped.750.422-11-e1770982219144.jpeg","contentUrl":"https:\/\/exaudi.org\/wp-content\/uploads\/2026\/02\/cq5dam.thumbnail.cropped.750.422-11-e1770982219144.jpeg","width":750,"height":422},{"@type":"BreadcrumbList","@id":"https:\/\/exaudi.org\/it\/astenersi-da-parole-dure-e-giudizi-affrettati\/#breadcrumb","itemListElement":[{"@type":"ListItem","position":1,"name":"Portada","item":"https:\/\/exaudi.org\/it\/"},{"@type":"ListItem","position":2,"name":"Astenersi da parole dure e giudizi affrettati"}]},{"@type":"WebSite","@id":"https:\/\/exaudi.org\/#website","url":"https:\/\/exaudi.org\/","name":"Exaudi","description":"News","potentialAction":[{"@type":"SearchAction","target":{"@type":"EntryPoint","urlTemplate":"https:\/\/exaudi.org\/?s={search_term_string}"},"query-input":{"@type":"PropertyValueSpecification","valueRequired":true,"valueName":"search_term_string"}}],"inLanguage":"it-IT"},{"@type":"Person","@id":"https:\/\/exaudi.org\/#\/schema\/person\/e1ab6ed07c01774724dd96f925f3a5f0","name":"Exaudi Redazione","image":{"@type":"ImageObject","inLanguage":"it-IT","@id":"https:\/\/secure.gravatar.com\/avatar\/ad6774b3ada023bf5b939d64f45c94b3adf91502dd883507d469b4308a943bb3?s=96&d=mm&r=g","url":"https:\/\/secure.gravatar.com\/avatar\/ad6774b3ada023bf5b939d64f45c94b3adf91502dd883507d469b4308a943bb3?s=96&d=mm&r=g","contentUrl":"https:\/\/secure.gravatar.com\/avatar\/ad6774b3ada023bf5b939d64f45c94b3adf91502dd883507d469b4308a943bb3?s=96&d=mm&r=g","caption":"Exaudi Redazione"},"description":"Che cosa \u00e8 Exaudi News? Exaudi News \u00e8 un agenzia cattolica internazionale che informa, istruisce e trasforma quotidianamente in spagnolo, inglese e italiano. Attraverso notizie, articoli di analisi e trasmissioni in diretta degli eventi del Papa, Exaudi cerca di rafforzare l'unit\u00e0 dei cristiani e di contribuire all'evangelizzazione del mondo, sempre guidato dalla dottrina sociale della Chiesa. Lavoriamo per portare la verit\u00e0 e i valori cristiani in ogni angolo del pianeta. Aiutaci a trasformare il mondo con Exaudi! Noi di Exaudi crediamo che l'evangelizzazione e l'informazione di qualit\u00e0 possano cambiare la vita. Per continuare la nostra missione ed espandere la nostra portata, abbiamo bisogno del tuo aiuto. Stiamo anche cercando persone motivate che vogliano unirsi al nostro team. Grazie al vostro sostegno raggiungeremo pi\u00f9 persone, diffonderemo il messaggio di Cristo e rafforzeremo l'unit\u00e0 dei cristiani. Vuoi unirti alla nostra missione? Per maggiori informazioni su come contribuire, visita Exaudi.org\/it o contattaci direttamente: info@exaudi.org Exaudi: informa, forma e trasforma.","sameAs":["https:\/\/www.facebook.com\/ExaudiNotizie\/","https:\/\/www.instagram.com\/Exaudi_notizie\/","https:\/\/x.com\/Exaudi_Notizie","https:\/\/www.youtube.com\/@exaudicatholicnews"],"url":"https:\/\/exaudi.org\/it\/author\/dlvedi-org\/"}]}},"jetpack_featured_media_url":"https:\/\/exaudi.org\/wp-content\/uploads\/2026\/02\/cq5dam.thumbnail.cropped.750.422-11-e1770982219144.jpeg","jetpack_shortlink":"https:\/\/wp.me\/pgKjF2-F0O","_links":{"self":[{"href":"https:\/\/exaudi.org\/it\/wp-json\/wp\/v2\/posts\/157654","targetHints":{"allow":["GET"]}}],"collection":[{"href":"https:\/\/exaudi.org\/it\/wp-json\/wp\/v2\/posts"}],"about":[{"href":"https:\/\/exaudi.org\/it\/wp-json\/wp\/v2\/types\/post"}],"author":[{"embeddable":true,"href":"https:\/\/exaudi.org\/it\/wp-json\/wp\/v2\/users\/17"}],"replies":[{"embeddable":true,"href":"https:\/\/exaudi.org\/it\/wp-json\/wp\/v2\/comments?post=157654"}],"version-history":[{"count":5,"href":"https:\/\/exaudi.org\/it\/wp-json\/wp\/v2\/posts\/157654\/revisions"}],"predecessor-version":[{"id":157659,"href":"https:\/\/exaudi.org\/it\/wp-json\/wp\/v2\/posts\/157654\/revisions\/157659"}],"wp:featuredmedia":[{"embeddable":true,"href":"https:\/\/exaudi.org\/it\/wp-json\/wp\/v2\/media\/157619"}],"wp:attachment":[{"href":"https:\/\/exaudi.org\/it\/wp-json\/wp\/v2\/media?parent=157654"}],"wp:term":[{"taxonomy":"category","embeddable":true,"href":"https:\/\/exaudi.org\/it\/wp-json\/wp\/v2\/categories?post=157654"},{"taxonomy":"post_tag","embeddable":true,"href":"https:\/\/exaudi.org\/it\/wp-json\/wp\/v2\/tags?post=157654"}],"curies":[{"name":"wp","href":"https:\/\/api.w.org\/{rel}","templated":true}]}}