{"id":157525,"date":"2026-02-12T12:23:01","date_gmt":"2026-02-12T11:23:01","guid":{"rendered":"https:\/\/exaudi.org\/?p=157525"},"modified":"2026-02-12T12:23:01","modified_gmt":"2026-02-12T11:23:01","slug":"il-cammino-verso-la-beatificazione-del-venerabile-fulton-sheen","status":"publish","type":"post","link":"https:\/\/exaudi.org\/it\/il-cammino-verso-la-beatificazione-del-venerabile-fulton-sheen\/","title":{"rendered":"Il cammino verso la beatificazione del Venerabile Fulton Sheen"},"content":{"rendered":"<p><span dir=\"auto\" style=\"vertical-align: inherit\"><span dir=\"auto\" style=\"vertical-align: inherit\">Il Venerabile Fulton J. Sheen, uno dei pi\u00f9 influenti comunicatori cattolici del XX secolo, \u00e8 stato un faro di fede per milioni di persone attraverso le sue trasmissioni radiofoniche e televisive. La sua vita, segnata da un&#8217;incrollabile devozione al Santissimo Sacramento e alla Vergine Maria, lo rende un modello di santit\u00e0 accessibile e attuale per i cattolici contemporanei. In un mondo sempre pi\u00f9 secolarizzato, Sheen ha dimostrato come i media possano essere un potente strumento di evangelizzazione, un messaggio che risuona con particolare forza nel 2026, mentre la Chiesa si trova ad affrontare sfide come la digitalizzazione e la perdita di giovani fedeli. Questo articolo esamina la sua biografia, il suo impatto duraturo e i recenti sviluppi della sua causa di canonizzazione, basandosi esclusivamente su fonti cattoliche affidabili.<\/span><\/span><\/p>\n<h3><strong><span dir=\"auto\" style=\"vertical-align: inherit\"><span dir=\"auto\" style=\"vertical-align: inherit\">Da ragazzo dell&#8217;Illinois a vescovo televisivo<\/span><\/span><\/strong><\/h3>\n<p><span dir=\"auto\" style=\"vertical-align: inherit\"><span dir=\"auto\" style=\"vertical-align: inherit\">Fulton John Sheen nacque l&#8217;8 maggio 1895 a El Paso, Illinois, in una devota famiglia cattolica. Battezzato Peter John, adott\u00f2 il nome &#8220;Fulton&#8221; dal cognome da nubile della madre. Fu ordinato sacerdote nella diocesi di Peoria il 20 settembre 1919, dando inizio a una carriera caratterizzata da eccellenza accademica e impegno nel servizio alla Chiesa. Insegn\u00f2 teologia e filosofia alla Catholic University of America per 25 anni, formando generazioni di cattolici e futuri studiosi. La sua consacrazione a vescovo ausiliare dell&#8217;arcidiocesi di New York nel 1951 lo spinse a ricoprire ruoli pi\u00f9 importanti, ricoprendo la carica fino al 1966 e poi quella di vescovo di Rochester fino al suo pensionamento nel 1969.<\/span><\/span><\/p>\n<p><span dir=\"auto\" style=\"vertical-align: inherit\"><span dir=\"auto\" style=\"vertical-align: inherit\">Sheen affront\u00f2 sfide personali, tra cui problemi di salute e lotte interiori con orgoglio, vanit\u00e0 e ambizione clericale, ma le super\u00f2 attraverso una rigorosa disciplina spirituale. Per 60 anni, osserv\u00f2 un&#8217;ora santa quotidiana davanti al Santissimo Sacramento, una pratica che attribuiva alla fonte della sua forza apostolica. La sua autobiografia, *Treasure in Clay*, rivela un uomo umile che considerava la sua vita come un vaso di argilla plasmato da Dio. Mor\u00ec il 9 dicembre 1979, festa di San Juan Diego, per una malattia cardiaca, lasciando un&#8217;eredit\u00e0 di conversione e servizio.<\/span><\/span><\/p>\n<h3><strong><span dir=\"auto\" style=\"vertical-align: inherit\"><span dir=\"auto\" style=\"vertical-align: inherit\">Un apostolo dei media e della missione<\/span><\/span><\/strong><\/h3>\n<p><span dir=\"auto\" style=\"vertical-align: inherit\"><span dir=\"auto\" style=\"vertical-align: inherit\">L&#8217;impatto di Sheen trascende la sua epoca, incarnando santit\u00e0 e missione, due pilastri fondamentali della vita cristiana. Come direttore nazionale della Societ\u00e0 per la Propagazione della Fede per 16 anni, ha raccolto 200 milioni di dollari per le missioni, ha fondato riviste come *Mission* e *WorldMission* e ha contribuito al decreto *Ad Gentes* del Concilio Vaticano II. La sua denuncia profetica del comunismo, della licenziosit\u00e0 e delle false filosofie, come testimoniato dai suoi programmi televisivi, ha anticipato i problemi che la Chiesa affronta oggi, come la secolarizzazione e le crisi morali.<\/span><\/span><\/p>\n<p><span dir=\"auto\" style=\"vertical-align: inherit\"><span dir=\"auto\" style=\"vertical-align: inherit\">Sheen rivoluzion\u00f2 l&#8217;evangelizzazione attraverso i media. Il suo programma radiofonico raggiunse 4 milioni di ascoltatori per 20 anni, mentre *La vita vale la pena di essere vissuta* (1952-1957) attir\u00f2 30 milioni di spettatori settimanali, vincendo un Emmy e abbattendo i pregiudizi anticattolici. Autore di 66 libri e migliaia di articoli, facilit\u00f2 decine di migliaia di conversioni attraverso l&#8217;istruzione personale e sermoni che riempivano chiese e stadi. La sua devozione all&#8217;Eucaristia e a Maria lo pone come modello per sacerdoti e laici, sottolineando che la santit\u00e0 scaturisce dall&#8217;intimit\u00e0 con Cristo, non solo dall&#8217;attivit\u00e0 apostolica.<\/span><\/span><\/p>\n<p><span dir=\"auto\" style=\"vertical-align: inherit\"><span dir=\"auto\" style=\"vertical-align: inherit\">Nel mondo di oggi, la sua eredit\u00e0 continua a vivere attraverso le trasmissioni su EWTN, le ristampe dei suoi libri e le registrazioni audio digitalizzate. Sheen ci ricorda che la Chiesa \u00e8 missionaria per natura, chiamata a servire i bisognosi e ad annunciare il Vangelo in ogni angolo del mondo. La sua attenzione alla preghiera e ai sacramenti offre un antidoto al vuoto attivismo, invitando i cattolici di oggi a dare priorit\u00e0 a un rapporto personale con Ges\u00f9.<\/span><\/span><\/p>\n<h3><strong><span dir=\"auto\" style=\"vertical-align: inherit\"><span dir=\"auto\" style=\"vertical-align: inherit\">Progressi verso la beatificazione<\/span><\/span><\/strong><\/h3>\n<p><span dir=\"auto\" style=\"vertical-align: inherit\"><span dir=\"auto\" style=\"vertical-align: inherit\">Il 9 febbraio 2026, il Santo Padre ha autorizzato la causa di canonizzazione di Sheen a procedere verso la beatificazione, dichiarandolo Beato in una cerimonia da concordare tra la Diocesi di Peoria e il Dicastero per le Cause dei Santi. Questa notizia, descritta come una &#8220;benedizione per la Chiesa negli Stati Uniti&#8221;, arriva dopo anni di ostacoli.<\/span><\/span><\/p>\n<p><span dir=\"auto\" style=\"vertical-align: inherit\"><span dir=\"auto\" style=\"vertical-align: inherit\">La causa fu aperta nel 2002 e fu dichiarato Venerabile nel 2012 da Papa Benedetto XVI. Un miracolo \u2013 il recupero di un bambino nato morto \u2013 fu approvato nel 2014 e confermato da Papa Francesco nel 2019. Tuttavia, le controversie sui suoi resti (sospesi nel 2014 a causa del rifiuto di trasferirli da New York a Peoria) e le preoccupazioni sollevate dal Vescovo di Rochester nel 2019 hanno ritardato il processo. A seguito di un contenzioso e di un trasferimento nel giugno 2019, e di chiarimenti che confermavano la sua condotta esemplare, la causa \u00e8 stata ripresa.<\/span><\/span><\/p>\n<p><span dir=\"auto\" style=\"vertical-align: inherit\"><span dir=\"auto\" style=\"vertical-align: inherit\">Il vescovo Louis Tylka di Peoria ha elogiato Sheen come una &#8220;grande voce di evangelizzazione&#8221;, sottolineando il suo impegno per la Beata Vergine e l&#8217;Eucaristia, e la sua visione missionaria inclusiva. Mons. Jason Gray, direttore della Fulton Sheen Foundation, ha affermato nel 2023 che &#8220;Sheen \u00e8 puro&#8221;, riferendosi all&#8217;assenza di qualsiasi dubbio sulla sua virt\u00f9. Inoltre, nel novembre 2025, la diocesi di Peoria ha inaugurato il Fulton J. Sheen Center, uno spazio per ispirare le generazioni future.<\/span><\/span><\/p>\n<h3><strong><span dir=\"auto\" style=\"vertical-align: inherit\"><span dir=\"auto\" style=\"vertical-align: inherit\">La rilevanza di Sheen nella Chiesa del XXI secolo<\/span><\/span><\/strong><\/h3>\n<p><span dir=\"auto\" style=\"vertical-align: inherit\"><span dir=\"auto\" style=\"vertical-align: inherit\">L&#8217;imminente beatificazione di Sheen non solo celebra la sua santit\u00e0 personale, ma rivitalizza anche il suo messaggio in un momento critico per la Chiesa. Nel 2026, con la proliferazione dei social media e la crisi di fede post-pandemica, Sheen emerge come modello per la nuova evangelizzazione digitale. La sua capacit\u00e0 di entrare in contatto con le persone e trasformare vite attraverso il Vangelo ha anticipato l&#8217;era degli influencer cattolici. Mons. Roger Landry, in un recente commento, sottolinea che Sheen incarnava la santit\u00e0 come amicizia grata con Ges\u00f9, un modello da imitare ben oltre le sue capacit\u00e0 oratorie.<\/span><\/span><\/p>\n<p><span dir=\"auto\" style=\"vertical-align: inherit\"><span dir=\"auto\" style=\"vertical-align: inherit\">Dal punto di vista analitico, la sua eredit\u00e0 sfida la Chiesa a dare priorit\u00e0 alla sua missione universale, servendo gli emarginati e combattendo le ideologie contrarie alla fede, come fece contro il comunismo. La sua enfasi sull&#8217;Ora Santa quotidiana invita a un rinnovamento eucaristico, in linea con iniziative come l&#8217;Anno Eucaristico Nazionale negli Stati Uniti. Infine, la sua beatificazione intensificher\u00e0 la sua influenza, promuovendo conversioni e vocazioni in un mondo che ha bisogno di testimoni credibili di Cristo. Fulton Sheen non era solo una personalit\u00e0 televisiva; era un apostolo che ha trasformato la Chiesa, e la sua elevazione alla santit\u00e0 garantisce che la sua luce continuer\u00e0 a brillare.<\/span><\/span><\/p>\n","protected":false},"excerpt":{"rendered":"<p>Un evangelizzatore visionario nell&#8217;era moderna: eredit\u00e0 e rilevanza nella Chiesa cattolica<\/p>\n","protected":false},"author":151,"featured_media":157476,"comment_status":"closed","ping_status":"closed","sticky":false,"template":"","format":"standard","meta":{"_acf_changed":false,"_crdt_document":"","inline_featured_image":false,"footnotes":""},"categories":[71],"tags":[95641,95650,95651,95643,95652,95644,95653,95645,95654,93614,95646,95655,95657,95647,95648,64373,95656,95662,85468,95649,95663,95642,95658,95664,95665,95659,1561,95668,95660,95670,95669,70554,95661,95671,64787,95672,95673,95666,95667],"class_list":["post-157525","post","type-post","status-publish","format-standard","has-post-thumbnail","hentry","category-analisi","tag-ad-gentes-vaticano-ii-2","tag-anti-comunismo-di-fulton-sheen","tag-autobiografia-di-fulton-sheen","tag-beatificazione-2026","tag-beatificazione-di-fulton-sheen","tag-beato-fulton-sheen-2","tag-canonizzazione-di-fulton-sheen","tag-causa-di-canonizzazione-di-sheen","tag-centro-fulton-sheen-di-peoria","tag-conversione-cattolica","tag-devozione-eucaristica-di-sheen","tag-diocesi-di-fulton-sheen-di-peoria","tag-eredita-di-fulton-sheen","tag-eucaristia-e-preghiera","tag-evangelizzatore-moderno","tag-evangelizzazione-cattolica","tag-ewtn-di-fulton-sheen","tag-fulton-ora-santa-di-sheen","tag-fulton-sheen","tag-fulton-sheen-2026-2","tag-la-vita-vale-la-pena-di-essere-vissuta","tag-media-cattolici-apostolici","tag-miracolo-di-fulton-sheen","tag-missioni-cattoliche-di-sheen","tag-modello-sacerdotale","tag-notizie-cattoliche-di-fulton-sheen","tag-nuova-evangelizzazione","tag-predicatore-cattolico-del-xx-secolo","tag-radio-e-televisione-di-fulton-sheen","tag-santi-cattolici-americani","tag-santita-accessibile","tag-santita-cattolica","tag-televisione-di-fulton-sheen","tag-tesoro-nellargilla","tag-trending-it-236","tag-venerabile-fulton-sheen","tag-vergine-maria-fulton-sheen","tag-vescovo-fulton-sheen","tag-vescovo-louis-tylka"],"acf":[],"yoast_head":"<!-- This site is optimized with the Yoast SEO plugin v27.5 - https:\/\/yoast.com\/product\/yoast-seo-wordpress\/ -->\n<title>Il cammino verso la beatificazione del Venerabile Fulton Sheen &#8211; Exaudi<\/title>\n<meta name=\"robots\" content=\"index, follow, max-snippet:-1, max-image-preview:large, max-video-preview:-1\" \/>\n<link rel=\"canonical\" href=\"https:\/\/exaudi.org\/it\/il-cammino-verso-la-beatificazione-del-venerabile-fulton-sheen\/\" \/>\n<meta property=\"og:locale\" content=\"it_IT\" \/>\n<meta property=\"og:type\" content=\"article\" \/>\n<meta property=\"og:title\" content=\"Il cammino verso la beatificazione del Venerabile Fulton Sheen &#8211; Exaudi\" \/>\n<meta property=\"og:description\" content=\"Un evangelizzatore visionario nell&#039;era moderna: eredit\u00e0 e rilevanza nella Chiesa cattolica\" \/>\n<meta property=\"og:url\" content=\"https:\/\/exaudi.org\/it\/il-cammino-verso-la-beatificazione-del-venerabile-fulton-sheen\/\" \/>\n<meta property=\"og:site_name\" content=\"Exaudi\" \/>\n<meta property=\"article:publisher\" content=\"https:\/\/www.facebook.com\/ExaudiNews\" \/>\n<meta property=\"article:published_time\" content=\"2026-02-12T11:23:01+00:00\" \/>\n<meta property=\"og:image\" content=\"https:\/\/exaudi.org\/wp-content\/uploads\/2026\/02\/SheenPic.jpeg\" \/>\n\t<meta property=\"og:image:width\" content=\"740\" \/>\n\t<meta property=\"og:image:height\" content=\"399\" \/>\n\t<meta property=\"og:image:type\" content=\"image\/jpeg\" \/>\n<meta name=\"author\" content=\"Patricia Jim\u00e9nez Ram\u00edrez\" \/>\n<meta name=\"twitter:card\" content=\"summary_large_image\" \/>\n<meta name=\"twitter:creator\" content=\"@Exaudi_News\" \/>\n<meta name=\"twitter:site\" content=\"@Exaudi_News\" \/>\n<meta name=\"twitter:label1\" content=\"Scritto da\" \/>\n\t<meta name=\"twitter:data1\" content=\"Patricia Jim\u00e9nez Ram\u00edrez\" \/>\n\t<meta name=\"twitter:label2\" content=\"Tempo di lettura stimato\" \/>\n\t<meta name=\"twitter:data2\" content=\"5 minuti\" \/>\n<script type=\"application\/ld+json\" class=\"yoast-schema-graph\">{\"@context\":\"https:\\\/\\\/schema.org\",\"@graph\":[{\"@type\":\"Article\",\"@id\":\"https:\\\/\\\/exaudi.org\\\/it\\\/il-cammino-verso-la-beatificazione-del-venerabile-fulton-sheen\\\/#article\",\"isPartOf\":{\"@id\":\"https:\\\/\\\/exaudi.org\\\/it\\\/il-cammino-verso-la-beatificazione-del-venerabile-fulton-sheen\\\/\"},\"author\":{\"name\":\"Patricia Jim\u00e9nez Ram\u00edrez\",\"@id\":\"https:\\\/\\\/exaudi.org\\\/#\\\/schema\\\/person\\\/e7ff749045cafab5d7b926bb4edeaa51\"},\"headline\":\"Il cammino verso la beatificazione del Venerabile Fulton Sheen\",\"datePublished\":\"2026-02-12T11:23:01+00:00\",\"mainEntityOfPage\":{\"@id\":\"https:\\\/\\\/exaudi.org\\\/it\\\/il-cammino-verso-la-beatificazione-del-venerabile-fulton-sheen\\\/\"},\"wordCount\":1046,\"image\":{\"@id\":\"https:\\\/\\\/exaudi.org\\\/it\\\/il-cammino-verso-la-beatificazione-del-venerabile-fulton-sheen\\\/#primaryimage\"},\"thumbnailUrl\":\"https:\\\/\\\/exaudi.org\\\/wp-content\\\/uploads\\\/2026\\\/02\\\/SheenPic.jpeg\",\"keywords\":[\"Ad Gentes Vaticano II\",\"Anti-comunismo di Fulton Sheen\",\"Autobiografia di Fulton Sheen\",\"beatificazione 2026\",\"Beatificazione di Fulton Sheen\",\"Beato Fulton Sheen\",\"Canonizzazione di Fulton Sheen\",\"Causa di canonizzazione di Sheen\",\"Centro Fulton Sheen di Peoria\",\"Conversione cattolica\",\"Devozione eucaristica di Sheen\",\"Diocesi di Fulton Sheen di Peoria\",\"Eredit\u00e0 di Fulton Sheen\",\"Eucaristia e preghiera\",\"evangelizzatore moderno\",\"Evangelizzazione cattolica\",\"EWTN di Fulton Sheen\",\"Fulton Ora Santa di Sheen\",\"Fulton Sheen\",\"Fulton Sheen 2026\",\"La vita vale la pena di essere vissuta\",\"media cattolici apostolici\",\"Miracolo di Fulton Sheen\",\"Missioni Cattoliche di Sheen\",\"Modello sacerdotale\",\"Notizie cattoliche di Fulton Sheen\",\"nuova evangelizzazione\",\"Predicatore cattolico del XX secolo\",\"Radio e televisione di Fulton Sheen\",\"Santi cattolici americani\",\"Santit\u00e0 accessibile\",\"santit\u00e0 cattolica\",\"Televisione di Fulton Sheen\",\"Tesoro nell'argilla\",\"Trending\",\"Venerabile Fulton Sheen\",\"Vergine Maria Fulton Sheen\",\"Vescovo Fulton Sheen\",\"Vescovo Louis Tylka\"],\"articleSection\":[\"Analisi\"],\"inLanguage\":\"it-IT\"},{\"@type\":\"WebPage\",\"@id\":\"https:\\\/\\\/exaudi.org\\\/it\\\/il-cammino-verso-la-beatificazione-del-venerabile-fulton-sheen\\\/\",\"url\":\"https:\\\/\\\/exaudi.org\\\/it\\\/il-cammino-verso-la-beatificazione-del-venerabile-fulton-sheen\\\/\",\"name\":\"Il cammino verso la beatificazione del Venerabile Fulton Sheen &#8211; Exaudi\",\"isPartOf\":{\"@id\":\"https:\\\/\\\/exaudi.org\\\/#website\"},\"primaryImageOfPage\":{\"@id\":\"https:\\\/\\\/exaudi.org\\\/it\\\/il-cammino-verso-la-beatificazione-del-venerabile-fulton-sheen\\\/#primaryimage\"},\"image\":{\"@id\":\"https:\\\/\\\/exaudi.org\\\/it\\\/il-cammino-verso-la-beatificazione-del-venerabile-fulton-sheen\\\/#primaryimage\"},\"thumbnailUrl\":\"https:\\\/\\\/exaudi.org\\\/wp-content\\\/uploads\\\/2026\\\/02\\\/SheenPic.jpeg\",\"datePublished\":\"2026-02-12T11:23:01+00:00\",\"author\":{\"@id\":\"https:\\\/\\\/exaudi.org\\\/#\\\/schema\\\/person\\\/e7ff749045cafab5d7b926bb4edeaa51\"},\"breadcrumb\":{\"@id\":\"https:\\\/\\\/exaudi.org\\\/it\\\/il-cammino-verso-la-beatificazione-del-venerabile-fulton-sheen\\\/#breadcrumb\"},\"inLanguage\":\"it-IT\",\"potentialAction\":[{\"@type\":\"ReadAction\",\"target\":[\"https:\\\/\\\/exaudi.org\\\/it\\\/il-cammino-verso-la-beatificazione-del-venerabile-fulton-sheen\\\/\"]}]},{\"@type\":\"ImageObject\",\"inLanguage\":\"it-IT\",\"@id\":\"https:\\\/\\\/exaudi.org\\\/it\\\/il-cammino-verso-la-beatificazione-del-venerabile-fulton-sheen\\\/#primaryimage\",\"url\":\"https:\\\/\\\/exaudi.org\\\/wp-content\\\/uploads\\\/2026\\\/02\\\/SheenPic.jpeg\",\"contentUrl\":\"https:\\\/\\\/exaudi.org\\\/wp-content\\\/uploads\\\/2026\\\/02\\\/SheenPic.jpeg\",\"width\":740,\"height\":399},{\"@type\":\"BreadcrumbList\",\"@id\":\"https:\\\/\\\/exaudi.org\\\/it\\\/il-cammino-verso-la-beatificazione-del-venerabile-fulton-sheen\\\/#breadcrumb\",\"itemListElement\":[{\"@type\":\"ListItem\",\"position\":1,\"name\":\"Portada\",\"item\":\"https:\\\/\\\/exaudi.org\\\/it\\\/\"},{\"@type\":\"ListItem\",\"position\":2,\"name\":\"Il cammino verso la beatificazione del Venerabile Fulton Sheen\"}]},{\"@type\":\"WebSite\",\"@id\":\"https:\\\/\\\/exaudi.org\\\/#website\",\"url\":\"https:\\\/\\\/exaudi.org\\\/\",\"name\":\"Exaudi\",\"description\":\"News\",\"potentialAction\":[{\"@type\":\"SearchAction\",\"target\":{\"@type\":\"EntryPoint\",\"urlTemplate\":\"https:\\\/\\\/exaudi.org\\\/?s={search_term_string}\"},\"query-input\":{\"@type\":\"PropertyValueSpecification\",\"valueRequired\":true,\"valueName\":\"search_term_string\"}}],\"inLanguage\":\"it-IT\"},{\"@type\":\"Person\",\"@id\":\"https:\\\/\\\/exaudi.org\\\/#\\\/schema\\\/person\\\/e7ff749045cafab5d7b926bb4edeaa51\",\"name\":\"Patricia Jim\u00e9nez Ram\u00edrez\",\"image\":{\"@type\":\"ImageObject\",\"inLanguage\":\"it-IT\",\"@id\":\"https:\\\/\\\/secure.gravatar.com\\\/avatar\\\/c1f016f3010698237250f552cc424d09fd3f545baa3b0e2f5008eae3181ed438?s=96&d=mm&r=g\",\"url\":\"https:\\\/\\\/secure.gravatar.com\\\/avatar\\\/c1f016f3010698237250f552cc424d09fd3f545baa3b0e2f5008eae3181ed438?s=96&d=mm&r=g\",\"contentUrl\":\"https:\\\/\\\/secure.gravatar.com\\\/avatar\\\/c1f016f3010698237250f552cc424d09fd3f545baa3b0e2f5008eae3181ed438?s=96&d=mm&r=g\",\"caption\":\"Patricia Jim\u00e9nez Ram\u00edrez\"},\"description\":\"Soy una mujer comprometida con mi familia, con una s\u00f3lida experiencia empresarial y una profunda dedicaci\u00f3n al hogar. Durante a\u00f1os trabaj\u00e9 en diversos entornos empresariales, liderando equipos y gestionando proyectos de impacto. Sin embargo, en los \u00faltimos a\u00f1os he tomado la decisi\u00f3n de centrarme en mi hogar y dedicar m\u00e1s tiempo a mi marido e hijos, quienes son mi mayor prioridad. Mi experiencia en el \u00e1mbito empresarial me ha brindado valiosas habilidades en gesti\u00f3n del tiempo, organizaci\u00f3n, liderazgo y resoluci\u00f3n de problemas, que ahora aplico en mi vida familiar para fomentar un ambiente armonioso y saludable para todos\",\"url\":\"https:\\\/\\\/exaudi.org\\\/it\\\/author\\\/patricia-jimenez-ramirez\\\/\"}]}<\/script>\n<!-- \/ Yoast SEO plugin. -->","yoast_head_json":{"title":"Il cammino verso la beatificazione del Venerabile Fulton Sheen &#8211; Exaudi","robots":{"index":"index","follow":"follow","max-snippet":"max-snippet:-1","max-image-preview":"max-image-preview:large","max-video-preview":"max-video-preview:-1"},"canonical":"https:\/\/exaudi.org\/it\/il-cammino-verso-la-beatificazione-del-venerabile-fulton-sheen\/","og_locale":"it_IT","og_type":"article","og_title":"Il cammino verso la beatificazione del Venerabile Fulton Sheen &#8211; Exaudi","og_description":"Un evangelizzatore visionario nell'era moderna: eredit\u00e0 e rilevanza nella Chiesa cattolica","og_url":"https:\/\/exaudi.org\/it\/il-cammino-verso-la-beatificazione-del-venerabile-fulton-sheen\/","og_site_name":"Exaudi","article_publisher":"https:\/\/www.facebook.com\/ExaudiNews","article_published_time":"2026-02-12T11:23:01+00:00","og_image":[{"width":740,"height":399,"url":"https:\/\/exaudi.org\/wp-content\/uploads\/2026\/02\/SheenPic.jpeg","type":"image\/jpeg"}],"author":"Patricia Jim\u00e9nez Ram\u00edrez","twitter_card":"summary_large_image","twitter_creator":"@Exaudi_News","twitter_site":"@Exaudi_News","twitter_misc":{"Scritto da":"Patricia Jim\u00e9nez Ram\u00edrez","Tempo di lettura stimato":"5 minuti"},"schema":{"@context":"https:\/\/schema.org","@graph":[{"@type":"Article","@id":"https:\/\/exaudi.org\/it\/il-cammino-verso-la-beatificazione-del-venerabile-fulton-sheen\/#article","isPartOf":{"@id":"https:\/\/exaudi.org\/it\/il-cammino-verso-la-beatificazione-del-venerabile-fulton-sheen\/"},"author":{"name":"Patricia Jim\u00e9nez Ram\u00edrez","@id":"https:\/\/exaudi.org\/#\/schema\/person\/e7ff749045cafab5d7b926bb4edeaa51"},"headline":"Il cammino verso la beatificazione del Venerabile Fulton Sheen","datePublished":"2026-02-12T11:23:01+00:00","mainEntityOfPage":{"@id":"https:\/\/exaudi.org\/it\/il-cammino-verso-la-beatificazione-del-venerabile-fulton-sheen\/"},"wordCount":1046,"image":{"@id":"https:\/\/exaudi.org\/it\/il-cammino-verso-la-beatificazione-del-venerabile-fulton-sheen\/#primaryimage"},"thumbnailUrl":"https:\/\/exaudi.org\/wp-content\/uploads\/2026\/02\/SheenPic.jpeg","keywords":["Ad Gentes Vaticano II","Anti-comunismo di Fulton Sheen","Autobiografia di Fulton Sheen","beatificazione 2026","Beatificazione di Fulton Sheen","Beato Fulton Sheen","Canonizzazione di Fulton Sheen","Causa di canonizzazione di Sheen","Centro Fulton Sheen di Peoria","Conversione cattolica","Devozione eucaristica di Sheen","Diocesi di Fulton Sheen di Peoria","Eredit\u00e0 di Fulton Sheen","Eucaristia e preghiera","evangelizzatore moderno","Evangelizzazione cattolica","EWTN di Fulton Sheen","Fulton Ora Santa di Sheen","Fulton Sheen","Fulton Sheen 2026","La vita vale la pena di essere vissuta","media cattolici apostolici","Miracolo di Fulton Sheen","Missioni Cattoliche di Sheen","Modello sacerdotale","Notizie cattoliche di Fulton Sheen","nuova evangelizzazione","Predicatore cattolico del XX secolo","Radio e televisione di Fulton Sheen","Santi cattolici americani","Santit\u00e0 accessibile","santit\u00e0 cattolica","Televisione di Fulton Sheen","Tesoro nell'argilla","Trending","Venerabile Fulton Sheen","Vergine Maria Fulton Sheen","Vescovo Fulton Sheen","Vescovo Louis Tylka"],"articleSection":["Analisi"],"inLanguage":"it-IT"},{"@type":"WebPage","@id":"https:\/\/exaudi.org\/it\/il-cammino-verso-la-beatificazione-del-venerabile-fulton-sheen\/","url":"https:\/\/exaudi.org\/it\/il-cammino-verso-la-beatificazione-del-venerabile-fulton-sheen\/","name":"Il cammino verso la beatificazione del Venerabile Fulton Sheen &#8211; Exaudi","isPartOf":{"@id":"https:\/\/exaudi.org\/#website"},"primaryImageOfPage":{"@id":"https:\/\/exaudi.org\/it\/il-cammino-verso-la-beatificazione-del-venerabile-fulton-sheen\/#primaryimage"},"image":{"@id":"https:\/\/exaudi.org\/it\/il-cammino-verso-la-beatificazione-del-venerabile-fulton-sheen\/#primaryimage"},"thumbnailUrl":"https:\/\/exaudi.org\/wp-content\/uploads\/2026\/02\/SheenPic.jpeg","datePublished":"2026-02-12T11:23:01+00:00","author":{"@id":"https:\/\/exaudi.org\/#\/schema\/person\/e7ff749045cafab5d7b926bb4edeaa51"},"breadcrumb":{"@id":"https:\/\/exaudi.org\/it\/il-cammino-verso-la-beatificazione-del-venerabile-fulton-sheen\/#breadcrumb"},"inLanguage":"it-IT","potentialAction":[{"@type":"ReadAction","target":["https:\/\/exaudi.org\/it\/il-cammino-verso-la-beatificazione-del-venerabile-fulton-sheen\/"]}]},{"@type":"ImageObject","inLanguage":"it-IT","@id":"https:\/\/exaudi.org\/it\/il-cammino-verso-la-beatificazione-del-venerabile-fulton-sheen\/#primaryimage","url":"https:\/\/exaudi.org\/wp-content\/uploads\/2026\/02\/SheenPic.jpeg","contentUrl":"https:\/\/exaudi.org\/wp-content\/uploads\/2026\/02\/SheenPic.jpeg","width":740,"height":399},{"@type":"BreadcrumbList","@id":"https:\/\/exaudi.org\/it\/il-cammino-verso-la-beatificazione-del-venerabile-fulton-sheen\/#breadcrumb","itemListElement":[{"@type":"ListItem","position":1,"name":"Portada","item":"https:\/\/exaudi.org\/it\/"},{"@type":"ListItem","position":2,"name":"Il cammino verso la beatificazione del Venerabile Fulton Sheen"}]},{"@type":"WebSite","@id":"https:\/\/exaudi.org\/#website","url":"https:\/\/exaudi.org\/","name":"Exaudi","description":"News","potentialAction":[{"@type":"SearchAction","target":{"@type":"EntryPoint","urlTemplate":"https:\/\/exaudi.org\/?s={search_term_string}"},"query-input":{"@type":"PropertyValueSpecification","valueRequired":true,"valueName":"search_term_string"}}],"inLanguage":"it-IT"},{"@type":"Person","@id":"https:\/\/exaudi.org\/#\/schema\/person\/e7ff749045cafab5d7b926bb4edeaa51","name":"Patricia Jim\u00e9nez Ram\u00edrez","image":{"@type":"ImageObject","inLanguage":"it-IT","@id":"https:\/\/secure.gravatar.com\/avatar\/c1f016f3010698237250f552cc424d09fd3f545baa3b0e2f5008eae3181ed438?s=96&d=mm&r=g","url":"https:\/\/secure.gravatar.com\/avatar\/c1f016f3010698237250f552cc424d09fd3f545baa3b0e2f5008eae3181ed438?s=96&d=mm&r=g","contentUrl":"https:\/\/secure.gravatar.com\/avatar\/c1f016f3010698237250f552cc424d09fd3f545baa3b0e2f5008eae3181ed438?s=96&d=mm&r=g","caption":"Patricia Jim\u00e9nez Ram\u00edrez"},"description":"Soy una mujer comprometida con mi familia, con una s\u00f3lida experiencia empresarial y una profunda dedicaci\u00f3n al hogar. Durante a\u00f1os trabaj\u00e9 en diversos entornos empresariales, liderando equipos y gestionando proyectos de impacto. Sin embargo, en los \u00faltimos a\u00f1os he tomado la decisi\u00f3n de centrarme en mi hogar y dedicar m\u00e1s tiempo a mi marido e hijos, quienes son mi mayor prioridad. Mi experiencia en el \u00e1mbito empresarial me ha brindado valiosas habilidades en gesti\u00f3n del tiempo, organizaci\u00f3n, liderazgo y resoluci\u00f3n de problemas, que ahora aplico en mi vida familiar para fomentar un ambiente armonioso y saludable para todos","url":"https:\/\/exaudi.org\/it\/author\/patricia-jimenez-ramirez\/"}]}},"jetpack_featured_media_url":"https:\/\/exaudi.org\/wp-content\/uploads\/2026\/02\/SheenPic.jpeg","jetpack_shortlink":"https:\/\/wp.me\/pgKjF2-EYJ","_links":{"self":[{"href":"https:\/\/exaudi.org\/it\/wp-json\/wp\/v2\/posts\/157525","targetHints":{"allow":["GET"]}}],"collection":[{"href":"https:\/\/exaudi.org\/it\/wp-json\/wp\/v2\/posts"}],"about":[{"href":"https:\/\/exaudi.org\/it\/wp-json\/wp\/v2\/types\/post"}],"author":[{"embeddable":true,"href":"https:\/\/exaudi.org\/it\/wp-json\/wp\/v2\/users\/151"}],"replies":[{"embeddable":true,"href":"https:\/\/exaudi.org\/it\/wp-json\/wp\/v2\/comments?post=157525"}],"version-history":[{"count":3,"href":"https:\/\/exaudi.org\/it\/wp-json\/wp\/v2\/posts\/157525\/revisions"}],"predecessor-version":[{"id":157528,"href":"https:\/\/exaudi.org\/it\/wp-json\/wp\/v2\/posts\/157525\/revisions\/157528"}],"wp:featuredmedia":[{"embeddable":true,"href":"https:\/\/exaudi.org\/it\/wp-json\/wp\/v2\/media\/157476"}],"wp:attachment":[{"href":"https:\/\/exaudi.org\/it\/wp-json\/wp\/v2\/media?parent=157525"}],"wp:term":[{"taxonomy":"category","embeddable":true,"href":"https:\/\/exaudi.org\/it\/wp-json\/wp\/v2\/categories?post=157525"},{"taxonomy":"post_tag","embeddable":true,"href":"https:\/\/exaudi.org\/it\/wp-json\/wp\/v2\/tags?post=157525"}],"curies":[{"name":"wp","href":"https:\/\/api.w.org\/{rel}","templated":true}]}}