{"id":155664,"date":"2026-01-29T16:10:06","date_gmt":"2026-01-29T15:10:06","guid":{"rendered":"https:\/\/exaudi.org\/?p=155664"},"modified":"2026-01-29T16:10:06","modified_gmt":"2026-01-29T15:10:06","slug":"cardinale-arizmendi-armi-e-denaro-cercano-di-dominare","status":"publish","type":"post","link":"https:\/\/exaudi.org\/it\/cardinale-arizmendi-armi-e-denaro-cercano-di-dominare\/","title":{"rendered":"Cardinale Arizmendi: Armi e denaro cercano di dominare"},"content":{"rendered":"<p><span dir=\"auto\" style=\"vertical-align: inherit\"><span dir=\"auto\" style=\"vertical-align: inherit\">Il cardinale\u00a0 <\/span><\/span><a href=\"https:\/\/exaudi.org\/es\/author\/felipearizmendi\/\" target=\"_blank\" rel=\"noopener\"><span dir=\"auto\" style=\"vertical-align: inherit\"><span dir=\"auto\" style=\"vertical-align: inherit\">Felipe Arizmendi<\/span><\/span><\/a><span dir=\"auto\" style=\"vertical-align: inherit\"><span dir=\"auto\" style=\"vertical-align: inherit\">, vescovo emerito di San Crist\u00f3bal de Las Casas e responsabile della Dottrina della fede presso la\u00a0 <\/span><\/span><a href=\"https:\/\/www.cem.org.mx\/\" target=\"_blank\" rel=\"noopener\"><span dir=\"auto\" style=\"vertical-align: inherit\"><span dir=\"auto\" style=\"vertical-align: inherit\">Conferenza episcopale messicana (CEM)<\/span><\/span><\/a><span dir=\"auto\" style=\"vertical-align: inherit\"><span dir=\"auto\" style=\"vertical-align: inherit\">, offre ai lettori di Exaudi il suo articolo settimanale.<\/span><\/span><\/p>\n<h3><strong><span dir=\"auto\" style=\"vertical-align: inherit\"><span dir=\"auto\" style=\"vertical-align: inherit\">FATTI<\/span><\/span><\/strong><\/h3>\n<p><span dir=\"auto\" style=\"vertical-align: inherit\"><span dir=\"auto\" style=\"vertical-align: inherit\">Quando ho incontrato il leader locale del gruppo armato che, insieme ad altri due, controlla ed estorce tutti nella nostra regione, portava una pistola alla cintura e gli ho chiesto perch\u00e9. Mi ha semplicemente risposto che era sua abitudine. Gli ho detto che dovrebbe essere apprezzato per quello che \u00e8, per quello che \u00e8 come persona, non per la sua pistola. La realt\u00e0 \u00e8 che senza le armi lunghe che lui e il suo gruppo portano, non sarebbero in grado di imporre la loro volont\u00e0 all&#8217;intera comunit\u00e0. N\u00e9 otterrebbero il denaro che ricavano dall&#8217;estorsione, poich\u00e9 agricoltori e commercianti pagano le tasse che richiedono perch\u00e9 le loro armi danno loro il potere di arricchirsi. E quel denaro permette loro di acquistare altre armi. Spero che arrivi presto il giorno in cui le autorit\u00e0 federali faranno ci\u00f2 che devono, perch\u00e9 tutti conoscono questi leader e sanno dove vivono e come operano. Sembra proprio che abbiano deciso di abbandonare quella nefasta politica di\u00a0 <\/span><\/span><em><span dir=\"auto\" style=\"vertical-align: inherit\"><span dir=\"auto\" style=\"vertical-align: inherit\">coccole\u00a0<\/span><\/span><\/em><span dir=\"auto\" style=\"vertical-align: inherit\"><span dir=\"auto\" style=\"vertical-align: inherit\"> , ma il potere della criminalit\u00e0 organizzata \u00e8 enorme.<\/span><\/span><\/p>\n<p><span dir=\"auto\" style=\"vertical-align: inherit\"><span dir=\"auto\" style=\"vertical-align: inherit\">Donald Trump, poich\u00e9 il suo Paese \u00e8 molto ricco e ha un enorme potere militare, si sente autorizzato a intervenire in altri Paesi e a imporre le sue leggi e tariffe. Con la sua potenza economica e militare, vuole controllare tutto. Non c&#8217;\u00e8 nessuno negli Stati Uniti che possa tenerlo sotto controllo? Il nostro Paese deve soddisfare molte delle sue richieste, perch\u00e9 altrimenti impone ulteriori tariffe e la nostra economia ne soffre. Anche se qui si parla di cooperazione, in realt\u00e0 sembra tutto sottomissione.<\/span><\/span><\/p>\n<p><span dir=\"auto\" style=\"vertical-align: inherit\"><span dir=\"auto\" style=\"vertical-align: inherit\">La stessa cosa accade ad altri livelli. Ci sono genitori che comprano l&#8217;affetto e il rispetto dei figli con il denaro. Gli abusatori di minori e donne comprano il silenzio delle loro vittime con denaro e minacce di morte. Le mogli maltrattate sopportano tutto perch\u00e9 i mariti non le lascino nell&#8217;indigenza. Denaro e armi prevalgono, come se la verit\u00e0 e la giustizia potessero essere comprate. Persino il sostegno governativo agli anziani, che \u00e8 un atto di giustizia, pu\u00f2 essere usato per comprare voti. Il denaro pu\u00f2 corrompere.<\/span><\/span><\/p>\n<h3><strong><span dir=\"auto\" style=\"vertical-align: inherit\"><span dir=\"auto\" style=\"vertical-align: inherit\">FULMINE<\/span><\/span><\/strong><\/h3>\n<p><span dir=\"auto\" style=\"vertical-align: inherit\"><span dir=\"auto\" style=\"vertical-align: inherit\">Papa Francesco, nella sua esortazione\u00a0 <\/span><\/span><em><span dir=\"auto\" style=\"vertical-align: inherit\"><span dir=\"auto\" style=\"vertical-align: inherit\">Evangelii gaudium,\u00a0<\/span><\/span><\/em><span dir=\"auto\" style=\"vertical-align: inherit\"><span dir=\"auto\" style=\"vertical-align: inherit\"> avverte:<\/span><\/span><\/p>\n<p><em><span dir=\"auto\" style=\"vertical-align: inherit\"><span dir=\"auto\" style=\"vertical-align: inherit\">\u00abAbbiamo creato nuovi idoli. L\u2019adorazione dell\u2019antico vitello d\u2019oro ha trovato una nuova e spietata versione nel feticismo del denaro e nella dittatura di un\u2019economia senza volto e senza uno scopo veramente umano\u00bb\u00a0<\/span><\/span><\/em><span dir=\"auto\" style=\"vertical-align: inherit\"><span dir=\"auto\" style=\"vertical-align: inherit\"> (55).\u00a0 <\/span><\/span><em><span dir=\"auto\" style=\"vertical-align: inherit\"><span dir=\"auto\" style=\"vertical-align: inherit\">\u00abSi instaura una nuova tirannia invisibile, a volte virtuale, che impone unilateralmente e implacabilmente le sue leggi e le sue regole. Il desiderio di potere e di possesso non conosce limiti\u00bb\u00a0<\/span><\/span><\/em><span dir=\"auto\" style=\"vertical-align: inherit\"><span dir=\"auto\" style=\"vertical-align: inherit\"> (56).<\/span><\/span><\/p>\n<p><em><span dir=\"auto\" style=\"vertical-align: inherit\"><span dir=\"auto\" style=\"vertical-align: inherit\">\u00ab <\/span><\/span><\/em><em><span dir=\"auto\" style=\"vertical-align: inherit\"><span dir=\"auto\" style=\"vertical-align: inherit\">Dietro questo atteggiamento si nasconde il rifiuto dell\u2019etica e il rifiuto di Dio. L\u2019etica \u00e8 spesso guardata con un certo disprezzo beffardo. \u00c8 considerata controproducente, troppo umana, perch\u00e9 relativizza il denaro e il potere. \u00c8 sentita come una minaccia, perch\u00e9 condanna la manipolazione e la degradazione della persona. L\u2019etica \u2013 un\u2019etica non ideologizzata \u2013 permette di creare un equilibrio e un ordine sociale pi\u00f9 umani\u00bb\u00a0<\/span><\/span><\/em><span dir=\"auto\" style=\"vertical-align: inherit\"><span dir=\"auto\" style=\"vertical-align: inherit\"> (57).<\/span><\/span><\/p>\n<p><em><span dir=\"auto\" style=\"vertical-align: inherit\"><span dir=\"auto\" style=\"vertical-align: inherit\">\u00abUna riforma finanziaria che non ignori l\u2019etica richiederebbe un vigoroso cambiamento di atteggiamento da parte dei leader politici, che esorto ad affrontare questa sfida con determinazione e visione del futuro. Il denaro deve servire e non governare! Il Papa ama tutti, ricchi e poveri, ma ha l\u2019obbligo, in nome di Cristo, di ricordare a tutti che i ricchi devono aiutare i poveri, rispettarli e promuoverli. Vi esorto alla solidariet\u00e0 disinteressata e al ritorno dell\u2019economia e della finanza a un\u2019etica a favore dell\u2019essere umano\u00bb\u00a0<\/span><\/span><\/em><span dir=\"auto\" style=\"vertical-align: inherit\"><span dir=\"auto\" style=\"vertical-align: inherit\"> (58).<\/span><\/span><\/p>\n<h3><strong><span dir=\"auto\" style=\"vertical-align: inherit\"><span dir=\"auto\" style=\"vertical-align: inherit\">AZIONI<\/span><\/span><\/strong><\/h3>\n<p><span dir=\"auto\" style=\"vertical-align: inherit\"><span dir=\"auto\" style=\"vertical-align: inherit\">Diamo al denaro l&#8217;importanza che merita, ma non di pi\u00f9. Non lasciamo che il denaro ci domini o ci dia il potere di imporre la nostra volont\u00e0 sugli altri; non lasciamo che venga usato per comprare o controllare i nostri figli o il nostro coniuge. Non lasciamo che il nostro valore dipenda dalle armi e dal denaro, n\u00e9 dalle minacce, ma dall&#8217;amore e dal rispetto che diamo agli altri.<\/span><\/span><\/p>\n","protected":false},"excerpt":{"rendered":"<p>Restituire il valore della persona<\/p>\n","protected":false},"author":24,"featured_media":155540,"comment_status":"closed","ping_status":"closed","sticky":false,"template":"","format":"standard","meta":{"_acf_changed":false,"_crdt_document":"","inline_featured_image":false,"footnotes":""},"categories":[129],"tags":[23076,91952,91951,11088,15413,64833,34560,91953,91956,91954,64538,91955,91958,11104,70612,64540,67028,91959,64788,91960,13328,91961,91962,70624,64787,91957,72778,91963],"class_list":["post-155664","post","type-post","status-publish","format-standard","has-post-thumbnail","hentry","category-voci","tag-abuso-di-potere","tag-acquisto-di-voti","tag-armi-e-denaro","tag-cardinale-felipe-arizmendi","tag-cardinale-felipe-arizmendi-esquivel","tag-chiesa-cattolica-in-messico","tag-conferenza-episcopale-messicana","tag-crimine-organizzato-in-chiapas","tag-dazi-di-donald-trump","tag-denaro-e-minacce","tag-dignita-umana-it-3","tag-dottrina-della-fede-del-cem","tag-estorsione-in-chiapas","tag-evangelii-gaudium-2","tag-feticismo-del-denaro","tag-giustizia-sociale-it","tag-gruppi-armati-in-messico","tag-intervento-degli-stati-uniti","tag-papa-francesco-it-5","tag-potere-del-denaro","tag-san-cristobal-de-las-casas-2","tag-solidarieta-disinteressata","tag-sottomissione-economica","tag-tirannia-invisibile","tag-trending-it-236","tag-uneconomia-senza-etica","tag-valore-della-persona","tag-violenza-ed-estorsione"],"acf":[],"yoast_head":"<!-- This site is optimized with the Yoast SEO plugin v27.5 - https:\/\/yoast.com\/product\/yoast-seo-wordpress\/ -->\n<title>Cardinale Arizmendi: Armi e denaro cercano di dominare &#8211; Exaudi<\/title>\n<meta name=\"robots\" content=\"index, follow, max-snippet:-1, max-image-preview:large, max-video-preview:-1\" \/>\n<link rel=\"canonical\" href=\"https:\/\/exaudi.org\/it\/cardinale-arizmendi-armi-e-denaro-cercano-di-dominare\/\" \/>\n<meta property=\"og:locale\" content=\"it_IT\" \/>\n<meta property=\"og:type\" content=\"article\" \/>\n<meta property=\"og:title\" content=\"Cardinale Arizmendi: Armi e denaro cercano di dominare &#8211; Exaudi\" \/>\n<meta property=\"og:description\" content=\"Restituire il valore della persona\" \/>\n<meta property=\"og:url\" content=\"https:\/\/exaudi.org\/it\/cardinale-arizmendi-armi-e-denaro-cercano-di-dominare\/\" \/>\n<meta property=\"og:site_name\" content=\"Exaudi\" \/>\n<meta property=\"article:publisher\" content=\"https:\/\/www.facebook.com\/ExaudiNews\" \/>\n<meta property=\"article:published_time\" content=\"2026-01-29T15:10:06+00:00\" \/>\n<meta property=\"og:image\" content=\"https:\/\/exaudi.org\/wp-content\/uploads\/2026\/01\/gio-bartlett-roQ068oUIYk-unsplash-compressed-scaled.jpg\" \/>\n\t<meta property=\"og:image:width\" content=\"2560\" \/>\n\t<meta property=\"og:image:height\" content=\"1920\" \/>\n\t<meta property=\"og:image:type\" content=\"image\/jpeg\" \/>\n<meta name=\"author\" content=\"Cardenal Felipe Arizmendi\" \/>\n<meta name=\"twitter:card\" content=\"summary_large_image\" \/>\n<meta name=\"twitter:creator\" content=\"@Exaudi_News\" \/>\n<meta name=\"twitter:site\" content=\"@Exaudi_News\" \/>\n<meta name=\"twitter:label1\" content=\"Scritto da\" \/>\n\t<meta name=\"twitter:data1\" content=\"Cardenal Felipe Arizmendi\" \/>\n\t<meta name=\"twitter:label2\" content=\"Tempo di lettura stimato\" \/>\n\t<meta name=\"twitter:data2\" content=\"3 minuti\" \/>\n<script type=\"application\/ld+json\" class=\"yoast-schema-graph\">{\"@context\":\"https:\\\/\\\/schema.org\",\"@graph\":[{\"@type\":\"Article\",\"@id\":\"https:\\\/\\\/exaudi.org\\\/it\\\/cardinale-arizmendi-armi-e-denaro-cercano-di-dominare\\\/#article\",\"isPartOf\":{\"@id\":\"https:\\\/\\\/exaudi.org\\\/it\\\/cardinale-arizmendi-armi-e-denaro-cercano-di-dominare\\\/\"},\"author\":{\"name\":\"Cardenal Felipe Arizmendi\",\"@id\":\"https:\\\/\\\/exaudi.org\\\/#\\\/schema\\\/person\\\/c7d223f87e58f1105d044d8da1439102\"},\"headline\":\"Cardinale Arizmendi: Armi e denaro cercano di dominare\",\"datePublished\":\"2026-01-29T15:10:06+00:00\",\"mainEntityOfPage\":{\"@id\":\"https:\\\/\\\/exaudi.org\\\/it\\\/cardinale-arizmendi-armi-e-denaro-cercano-di-dominare\\\/\"},\"wordCount\":681,\"image\":{\"@id\":\"https:\\\/\\\/exaudi.org\\\/it\\\/cardinale-arizmendi-armi-e-denaro-cercano-di-dominare\\\/#primaryimage\"},\"thumbnailUrl\":\"https:\\\/\\\/exaudi.org\\\/wp-content\\\/uploads\\\/2026\\\/01\\\/gio-bartlett-roQ068oUIYk-unsplash-compressed-scaled.jpg\",\"keywords\":[\"abuso di potere\",\"acquisto di voti\",\"armi e denaro\",\"CARDINALE FELIPE ARIZMENDI\",\"CARDINALE FELIPE ARIZMENDI ESQUIVEL\",\"Chiesa cattolica in Messico\",\"Conferenza Episcopale Messicana\",\"crimine organizzato in Chiapas\",\"dazi di Donald Trump\",\"denaro e minacce\",\"Dignit\u00e0 umana\",\"dottrina della fede del CEM\",\"estorsione in Chiapas\",\"Evangelii Gaudium\",\"Feticismo del denaro\",\"giustizia sociale\",\"gruppi armati in Messico\",\"intervento degli Stati Uniti\",\"Papa Francesco\",\"potere del denaro\",\"SAN CRIST\u00d3BAL DE LAS CASAS\",\"solidariet\u00e0 disinteressata\",\"sottomissione economica\",\"Tirannia invisibile\",\"Trending\",\"un'economia senza etica\",\"valore della persona\",\"violenza ed estorsione\"],\"articleSection\":[\"Voci\"],\"inLanguage\":\"it-IT\"},{\"@type\":\"WebPage\",\"@id\":\"https:\\\/\\\/exaudi.org\\\/it\\\/cardinale-arizmendi-armi-e-denaro-cercano-di-dominare\\\/\",\"url\":\"https:\\\/\\\/exaudi.org\\\/it\\\/cardinale-arizmendi-armi-e-denaro-cercano-di-dominare\\\/\",\"name\":\"Cardinale Arizmendi: Armi e denaro cercano di dominare &#8211; Exaudi\",\"isPartOf\":{\"@id\":\"https:\\\/\\\/exaudi.org\\\/#website\"},\"primaryImageOfPage\":{\"@id\":\"https:\\\/\\\/exaudi.org\\\/it\\\/cardinale-arizmendi-armi-e-denaro-cercano-di-dominare\\\/#primaryimage\"},\"image\":{\"@id\":\"https:\\\/\\\/exaudi.org\\\/it\\\/cardinale-arizmendi-armi-e-denaro-cercano-di-dominare\\\/#primaryimage\"},\"thumbnailUrl\":\"https:\\\/\\\/exaudi.org\\\/wp-content\\\/uploads\\\/2026\\\/01\\\/gio-bartlett-roQ068oUIYk-unsplash-compressed-scaled.jpg\",\"datePublished\":\"2026-01-29T15:10:06+00:00\",\"author\":{\"@id\":\"https:\\\/\\\/exaudi.org\\\/#\\\/schema\\\/person\\\/c7d223f87e58f1105d044d8da1439102\"},\"breadcrumb\":{\"@id\":\"https:\\\/\\\/exaudi.org\\\/it\\\/cardinale-arizmendi-armi-e-denaro-cercano-di-dominare\\\/#breadcrumb\"},\"inLanguage\":\"it-IT\",\"potentialAction\":[{\"@type\":\"ReadAction\",\"target\":[\"https:\\\/\\\/exaudi.org\\\/it\\\/cardinale-arizmendi-armi-e-denaro-cercano-di-dominare\\\/\"]}]},{\"@type\":\"ImageObject\",\"inLanguage\":\"it-IT\",\"@id\":\"https:\\\/\\\/exaudi.org\\\/it\\\/cardinale-arizmendi-armi-e-denaro-cercano-di-dominare\\\/#primaryimage\",\"url\":\"https:\\\/\\\/exaudi.org\\\/wp-content\\\/uploads\\\/2026\\\/01\\\/gio-bartlett-roQ068oUIYk-unsplash-compressed-scaled.jpg\",\"contentUrl\":\"https:\\\/\\\/exaudi.org\\\/wp-content\\\/uploads\\\/2026\\\/01\\\/gio-bartlett-roQ068oUIYk-unsplash-compressed-scaled.jpg\",\"width\":2560,\"height\":1920,\"caption\":\"Gio Bartlett . Unsplash\"},{\"@type\":\"BreadcrumbList\",\"@id\":\"https:\\\/\\\/exaudi.org\\\/it\\\/cardinale-arizmendi-armi-e-denaro-cercano-di-dominare\\\/#breadcrumb\",\"itemListElement\":[{\"@type\":\"ListItem\",\"position\":1,\"name\":\"Portada\",\"item\":\"https:\\\/\\\/exaudi.org\\\/it\\\/\"},{\"@type\":\"ListItem\",\"position\":2,\"name\":\"Cardinale Arizmendi: Armi e denaro cercano di dominare\"}]},{\"@type\":\"WebSite\",\"@id\":\"https:\\\/\\\/exaudi.org\\\/#website\",\"url\":\"https:\\\/\\\/exaudi.org\\\/\",\"name\":\"Exaudi\",\"description\":\"News\",\"potentialAction\":[{\"@type\":\"SearchAction\",\"target\":{\"@type\":\"EntryPoint\",\"urlTemplate\":\"https:\\\/\\\/exaudi.org\\\/?s={search_term_string}\"},\"query-input\":{\"@type\":\"PropertyValueSpecification\",\"valueRequired\":true,\"valueName\":\"search_term_string\"}}],\"inLanguage\":\"it-IT\"},{\"@type\":\"Person\",\"@id\":\"https:\\\/\\\/exaudi.org\\\/#\\\/schema\\\/person\\\/c7d223f87e58f1105d044d8da1439102\",\"name\":\"Cardenal Felipe Arizmendi\",\"image\":{\"@type\":\"ImageObject\",\"inLanguage\":\"it-IT\",\"@id\":\"https:\\\/\\\/secure.gravatar.com\\\/avatar\\\/4ffc5520d896b86d39346168903de33a17ef0f23d16de0ff45062c1ff422ed2f?s=96&d=mm&r=g\",\"url\":\"https:\\\/\\\/secure.gravatar.com\\\/avatar\\\/4ffc5520d896b86d39346168903de33a17ef0f23d16de0ff45062c1ff422ed2f?s=96&d=mm&r=g\",\"contentUrl\":\"https:\\\/\\\/secure.gravatar.com\\\/avatar\\\/4ffc5520d896b86d39346168903de33a17ef0f23d16de0ff45062c1ff422ed2f?s=96&d=mm&r=g\",\"caption\":\"Cardenal Felipe Arizmendi\"},\"description\":\"Nacido en Chiltepec el 1 de mayo de 1940. Estudi\u00f3 Humanidades y Filosof\u00eda en el Seminario de Toluca, de 1952 a 1959. Curs\u00f3 la Teolog\u00eda en la Universidad Pontificia de Salamanca, Espa\u00f1a, de 1959 a 1963, obteniendo la licenciatura en Teolog\u00eda Dogm\u00e1tica. Por su cuenta, se especializ\u00f3 en Liturgia. Fue ordenado sacerdote el 25 de agosto de 1963 en Toluca. Sirvi\u00f3 como Vicario Parroquial en tres parroquias por tres a\u00f1os y medio y fue p\u00e1rroco de una comunidad ind\u00edgena otom\u00ed, de 1967 a 1970. Fue Director Espiritual del Seminario de Toluca por diez a\u00f1os, y Rector del mismo de 1981 a 1991. El 7 de marzo de 1991, fue ordenado obispo de la di\u00f3cesis de Tapachula, donde estuvo hasta el 30 de abril del a\u00f1o 2000. El 1 de mayo del 2000, inici\u00f3 su ministerio episcopal como XLVI obispo de la di\u00f3cesis de San Crist\u00f3bal de las Casas, Chiapas, una de las di\u00f3cesis m\u00e1s antiguas de M\u00e9xico, erigida en 1539; all\u00ed sirvi\u00f3 por casi 18 a\u00f1os. Ha ocupado diversos cargos en la Conferencia del Episcopado Mexicano y en el CELAM. El 3 de noviembre de 2017, el Papa Francisco le acept\u00f3, por edad, su renuncia al servicio episcopal en esta di\u00f3cesis, que entreg\u00f3 a su sucesor el 3 de enero de 2018. Desde entonces, reside en la ciudad de Toluca. Desde 1979, escribe art\u00edculos de actualidad en varios medios religiosos y civiles. Es autor de varias publicaciones.\",\"url\":\"https:\\\/\\\/exaudi.org\\\/it\\\/author\\\/felipearizmendi\\\/\"}]}<\/script>\n<!-- \/ Yoast SEO plugin. -->","yoast_head_json":{"title":"Cardinale Arizmendi: Armi e denaro cercano di dominare &#8211; Exaudi","robots":{"index":"index","follow":"follow","max-snippet":"max-snippet:-1","max-image-preview":"max-image-preview:large","max-video-preview":"max-video-preview:-1"},"canonical":"https:\/\/exaudi.org\/it\/cardinale-arizmendi-armi-e-denaro-cercano-di-dominare\/","og_locale":"it_IT","og_type":"article","og_title":"Cardinale Arizmendi: Armi e denaro cercano di dominare &#8211; Exaudi","og_description":"Restituire il valore della persona","og_url":"https:\/\/exaudi.org\/it\/cardinale-arizmendi-armi-e-denaro-cercano-di-dominare\/","og_site_name":"Exaudi","article_publisher":"https:\/\/www.facebook.com\/ExaudiNews","article_published_time":"2026-01-29T15:10:06+00:00","og_image":[{"width":2560,"height":1920,"url":"https:\/\/exaudi.org\/wp-content\/uploads\/2026\/01\/gio-bartlett-roQ068oUIYk-unsplash-compressed-scaled.jpg","type":"image\/jpeg"}],"author":"Cardenal Felipe Arizmendi","twitter_card":"summary_large_image","twitter_creator":"@Exaudi_News","twitter_site":"@Exaudi_News","twitter_misc":{"Scritto da":"Cardenal Felipe Arizmendi","Tempo di lettura stimato":"3 minuti"},"schema":{"@context":"https:\/\/schema.org","@graph":[{"@type":"Article","@id":"https:\/\/exaudi.org\/it\/cardinale-arizmendi-armi-e-denaro-cercano-di-dominare\/#article","isPartOf":{"@id":"https:\/\/exaudi.org\/it\/cardinale-arizmendi-armi-e-denaro-cercano-di-dominare\/"},"author":{"name":"Cardenal Felipe Arizmendi","@id":"https:\/\/exaudi.org\/#\/schema\/person\/c7d223f87e58f1105d044d8da1439102"},"headline":"Cardinale Arizmendi: Armi e denaro cercano di dominare","datePublished":"2026-01-29T15:10:06+00:00","mainEntityOfPage":{"@id":"https:\/\/exaudi.org\/it\/cardinale-arizmendi-armi-e-denaro-cercano-di-dominare\/"},"wordCount":681,"image":{"@id":"https:\/\/exaudi.org\/it\/cardinale-arizmendi-armi-e-denaro-cercano-di-dominare\/#primaryimage"},"thumbnailUrl":"https:\/\/exaudi.org\/wp-content\/uploads\/2026\/01\/gio-bartlett-roQ068oUIYk-unsplash-compressed-scaled.jpg","keywords":["abuso di potere","acquisto di voti","armi e denaro","CARDINALE FELIPE ARIZMENDI","CARDINALE FELIPE ARIZMENDI ESQUIVEL","Chiesa cattolica in Messico","Conferenza Episcopale Messicana","crimine organizzato in Chiapas","dazi di Donald Trump","denaro e minacce","Dignit\u00e0 umana","dottrina della fede del CEM","estorsione in Chiapas","Evangelii Gaudium","Feticismo del denaro","giustizia sociale","gruppi armati in Messico","intervento degli Stati Uniti","Papa Francesco","potere del denaro","SAN CRIST\u00d3BAL DE LAS CASAS","solidariet\u00e0 disinteressata","sottomissione economica","Tirannia invisibile","Trending","un'economia senza etica","valore della persona","violenza ed estorsione"],"articleSection":["Voci"],"inLanguage":"it-IT"},{"@type":"WebPage","@id":"https:\/\/exaudi.org\/it\/cardinale-arizmendi-armi-e-denaro-cercano-di-dominare\/","url":"https:\/\/exaudi.org\/it\/cardinale-arizmendi-armi-e-denaro-cercano-di-dominare\/","name":"Cardinale Arizmendi: Armi e denaro cercano di dominare &#8211; Exaudi","isPartOf":{"@id":"https:\/\/exaudi.org\/#website"},"primaryImageOfPage":{"@id":"https:\/\/exaudi.org\/it\/cardinale-arizmendi-armi-e-denaro-cercano-di-dominare\/#primaryimage"},"image":{"@id":"https:\/\/exaudi.org\/it\/cardinale-arizmendi-armi-e-denaro-cercano-di-dominare\/#primaryimage"},"thumbnailUrl":"https:\/\/exaudi.org\/wp-content\/uploads\/2026\/01\/gio-bartlett-roQ068oUIYk-unsplash-compressed-scaled.jpg","datePublished":"2026-01-29T15:10:06+00:00","author":{"@id":"https:\/\/exaudi.org\/#\/schema\/person\/c7d223f87e58f1105d044d8da1439102"},"breadcrumb":{"@id":"https:\/\/exaudi.org\/it\/cardinale-arizmendi-armi-e-denaro-cercano-di-dominare\/#breadcrumb"},"inLanguage":"it-IT","potentialAction":[{"@type":"ReadAction","target":["https:\/\/exaudi.org\/it\/cardinale-arizmendi-armi-e-denaro-cercano-di-dominare\/"]}]},{"@type":"ImageObject","inLanguage":"it-IT","@id":"https:\/\/exaudi.org\/it\/cardinale-arizmendi-armi-e-denaro-cercano-di-dominare\/#primaryimage","url":"https:\/\/exaudi.org\/wp-content\/uploads\/2026\/01\/gio-bartlett-roQ068oUIYk-unsplash-compressed-scaled.jpg","contentUrl":"https:\/\/exaudi.org\/wp-content\/uploads\/2026\/01\/gio-bartlett-roQ068oUIYk-unsplash-compressed-scaled.jpg","width":2560,"height":1920,"caption":"Gio Bartlett . Unsplash"},{"@type":"BreadcrumbList","@id":"https:\/\/exaudi.org\/it\/cardinale-arizmendi-armi-e-denaro-cercano-di-dominare\/#breadcrumb","itemListElement":[{"@type":"ListItem","position":1,"name":"Portada","item":"https:\/\/exaudi.org\/it\/"},{"@type":"ListItem","position":2,"name":"Cardinale Arizmendi: Armi e denaro cercano di dominare"}]},{"@type":"WebSite","@id":"https:\/\/exaudi.org\/#website","url":"https:\/\/exaudi.org\/","name":"Exaudi","description":"News","potentialAction":[{"@type":"SearchAction","target":{"@type":"EntryPoint","urlTemplate":"https:\/\/exaudi.org\/?s={search_term_string}"},"query-input":{"@type":"PropertyValueSpecification","valueRequired":true,"valueName":"search_term_string"}}],"inLanguage":"it-IT"},{"@type":"Person","@id":"https:\/\/exaudi.org\/#\/schema\/person\/c7d223f87e58f1105d044d8da1439102","name":"Cardenal Felipe Arizmendi","image":{"@type":"ImageObject","inLanguage":"it-IT","@id":"https:\/\/secure.gravatar.com\/avatar\/4ffc5520d896b86d39346168903de33a17ef0f23d16de0ff45062c1ff422ed2f?s=96&d=mm&r=g","url":"https:\/\/secure.gravatar.com\/avatar\/4ffc5520d896b86d39346168903de33a17ef0f23d16de0ff45062c1ff422ed2f?s=96&d=mm&r=g","contentUrl":"https:\/\/secure.gravatar.com\/avatar\/4ffc5520d896b86d39346168903de33a17ef0f23d16de0ff45062c1ff422ed2f?s=96&d=mm&r=g","caption":"Cardenal Felipe Arizmendi"},"description":"Nacido en Chiltepec el 1 de mayo de 1940. Estudi\u00f3 Humanidades y Filosof\u00eda en el Seminario de Toluca, de 1952 a 1959. Curs\u00f3 la Teolog\u00eda en la Universidad Pontificia de Salamanca, Espa\u00f1a, de 1959 a 1963, obteniendo la licenciatura en Teolog\u00eda Dogm\u00e1tica. Por su cuenta, se especializ\u00f3 en Liturgia. Fue ordenado sacerdote el 25 de agosto de 1963 en Toluca. Sirvi\u00f3 como Vicario Parroquial en tres parroquias por tres a\u00f1os y medio y fue p\u00e1rroco de una comunidad ind\u00edgena otom\u00ed, de 1967 a 1970. Fue Director Espiritual del Seminario de Toluca por diez a\u00f1os, y Rector del mismo de 1981 a 1991. El 7 de marzo de 1991, fue ordenado obispo de la di\u00f3cesis de Tapachula, donde estuvo hasta el 30 de abril del a\u00f1o 2000. El 1 de mayo del 2000, inici\u00f3 su ministerio episcopal como XLVI obispo de la di\u00f3cesis de San Crist\u00f3bal de las Casas, Chiapas, una de las di\u00f3cesis m\u00e1s antiguas de M\u00e9xico, erigida en 1539; all\u00ed sirvi\u00f3 por casi 18 a\u00f1os. Ha ocupado diversos cargos en la Conferencia del Episcopado Mexicano y en el CELAM. El 3 de noviembre de 2017, el Papa Francisco le acept\u00f3, por edad, su renuncia al servicio episcopal en esta di\u00f3cesis, que entreg\u00f3 a su sucesor el 3 de enero de 2018. Desde entonces, reside en la ciudad de Toluca. Desde 1979, escribe art\u00edculos de actualidad en varios medios religiosos y civiles. Es autor de varias publicaciones.","url":"https:\/\/exaudi.org\/it\/author\/felipearizmendi\/"}]}},"jetpack_featured_media_url":"https:\/\/exaudi.org\/wp-content\/uploads\/2026\/01\/gio-bartlett-roQ068oUIYk-unsplash-compressed-scaled.jpg","jetpack_shortlink":"https:\/\/wp.me\/pgKjF2-EuI","_links":{"self":[{"href":"https:\/\/exaudi.org\/it\/wp-json\/wp\/v2\/posts\/155664","targetHints":{"allow":["GET"]}}],"collection":[{"href":"https:\/\/exaudi.org\/it\/wp-json\/wp\/v2\/posts"}],"about":[{"href":"https:\/\/exaudi.org\/it\/wp-json\/wp\/v2\/types\/post"}],"author":[{"embeddable":true,"href":"https:\/\/exaudi.org\/it\/wp-json\/wp\/v2\/users\/24"}],"replies":[{"embeddable":true,"href":"https:\/\/exaudi.org\/it\/wp-json\/wp\/v2\/comments?post=155664"}],"version-history":[{"count":3,"href":"https:\/\/exaudi.org\/it\/wp-json\/wp\/v2\/posts\/155664\/revisions"}],"predecessor-version":[{"id":155667,"href":"https:\/\/exaudi.org\/it\/wp-json\/wp\/v2\/posts\/155664\/revisions\/155667"}],"wp:featuredmedia":[{"embeddable":true,"href":"https:\/\/exaudi.org\/it\/wp-json\/wp\/v2\/media\/155540"}],"wp:attachment":[{"href":"https:\/\/exaudi.org\/it\/wp-json\/wp\/v2\/media?parent=155664"}],"wp:term":[{"taxonomy":"category","embeddable":true,"href":"https:\/\/exaudi.org\/it\/wp-json\/wp\/v2\/categories?post=155664"},{"taxonomy":"post_tag","embeddable":true,"href":"https:\/\/exaudi.org\/it\/wp-json\/wp\/v2\/tags?post=155664"}],"curies":[{"name":"wp","href":"https:\/\/api.w.org\/{rel}","templated":true}]}}